{"id":1493,"date":"2019-09-01T19:40:13","date_gmt":"2019-09-01T16:40:13","guid":{"rendered":"https:\/\/hotnewsinworld.com\/hu\/nagy-valtozasokat-jelentett-be-a-bkk\/"},"modified":"2019-09-01T19:40:15","modified_gmt":"2019-09-01T16:40:15","slug":"nagy-valtozasokat-jelentett-be-a-bkk","status":"publish","type":"post","link":"https:\/\/hotnewsinworld.com\/hu\/nagy-valtozasokat-jelentett-be-a-bkk\/","title":{"rendered":"Nagy v\u00e1ltoz\u00e1sokat jelentett be a BKK"},"content":{"rendered":"<p> [ad_1]<br \/>\n<\/p>\n<div>\n<p>A Budapesti K\u00f6zleked\u00e9si K\u00f6zpont (BKK) k\u00f6zl\u00e9se szerint h\u00e9tf\u0151t\u0151l a tan\u00edt\u00e1si id\u0151szakban \u00e9rv\u00e9nyes menetrend szerint indulnak a j\u00e1ratok, ami a legt\u00f6bb vonalon a tansz\u00fcneti menetrendn\u00e9l l\u00e9nyegesen gyakoribb j\u00e1ratindul\u00e1st jelent. A nagyobb forgalom miatt a g\u00e9pj\u00e1rm\u0171vel k\u00f6zleked\u0151knek \u00e9s a BKK j\u00e1ratait v\u00e1laszt\u00f3knak egyar\u00e1nt hosszabb utaz\u00e1si id\u0151re kell sz\u00e1m\u00edtaniuk &#8211; h\u00edvta fel a figyelmet a k\u00f6zleked\u00e9si t\u00e1rsas\u00e1g.<\/p>\n<p>K\u00f6z\u00f6lt\u00e9k azt is, hogy folytat\u00f3dik az 3-as metr\u00f3 d\u00e9li szakasz\u00e1nak fel\u00faj\u00edt\u00e1sa, \u00e9s a tan\u00e9v kezdet\u00e9t\u0151l a legforgalmasabb id\u0151szakokban \u00e1tlagosan 45 m\u00e1sodpercenk\u00e9nt indulnak az M3-as \u00e9s az M3E p\u00f3tl\u00f3buszok.<\/p>\n<p>A Hat\u00e1r \u00fatt\u00f3l indul\u00f3 M3E p\u00f3tl\u00f3busz a reggeli id\u0151szakban a Nagyv\u00e1rad t\u00e9r fel\u00e9 \u2013 a cs\u00facsidei eljut\u00e1st meggyors\u00edtva \u2013 tov\u00e1bbra is a N\u00e9pliget meg\u00e1ll\u00f3hely \u00e9rint\u00e9se n\u00e9lk\u00fcl, az \u00dcll\u0151i \u00fati fel\u00fclj\u00e1r\u00f3n \u00e1t k\u00f6zlekedik, ugyanakkor a k\u00e9nyelmesebb eljut\u00e1s \u00e9rdek\u00e9ben m\u00e1r h\u00e9tk\u00f6znap d\u00e9lut\u00e1n is j\u00e1r a Hat\u00e1r \u00fat fel\u00e9, ekkor viszont az M3 p\u00f3tl\u00f3buszhoz hasonl\u00f3an meg\u00e1ll a N\u00e9pligetn\u00e9l is.<\/p>\n<h3 class=\"subtitle\">V\u00e9ge a k\u00f6r\u00fati \u00e1tsz\u00e1ll\u00e1snak<\/h3>\n<p>H\u00e9tf\u0151t\u0151l a nagyk\u00f6r\u00fati villamosok k\u00f6zleked\u00e9se is vissza\u00e1ll az eredeti rendbe: a szerelv\u00e9nyek a k\u00e9t h\u00f3napon kereszt\u00fcl zajl\u00f3 p\u00e1lyafel\u00faj\u00edt\u00e1s ut\u00e1n teljes vonalukon j\u00e1rnak. A ny\u00e1ri iskolai sz\u00fcnetben a BKV a Sz\u00e9na t\u00e9r \u00e9s a Margit utca, valamint a Pr\u00e1ter utca \u00e9s a Goldmann Gy\u00f6rgy t\u00e9r k\u00f6z\u00f6tt, \u00f6sszesen t\u00f6bb mint k\u00e9t kilom\u00e9ternyi szakaszon \u00faj\u00edtotta fel id\u00e9n a villamosp\u00e1ly\u00e1t.<\/p>\n<p>A nagyk\u00f6r\u00fati villamosvonal idei ny\u00e1ri fel\u00faj\u00edt\u00e1sban \u00e9rintett r\u00e9szein t\u00f6bbs\u00e9g\u00e9ben 2010 el\u0151tt \u2013 van, ahol k\u00f6zel 20 \u00e9ve \u2013 v\u00e9geztek utolj\u00e1ra nagyfel\u00faj\u00edt\u00e1st, ez\u00e9rt id\u00e9n ny\u00e1ron a kor\u00e1bbin\u00e1l korszer\u0171bb, k\u00f6nnyebben karbantarthat\u00f3 v\u00e1g\u00e1nyokra cser\u00e9lt\u00e9k a nagy terhel\u00e9s\u0171 j\u00e1rm\u0171vek s\u0171r\u0171 k\u00f6vet\u00e9se miatt elhaszn\u00e1l\u00f3dott s\u00ednp\u00e1ly\u00e1t. Ennek k\u00f6sz\u00f6nhet\u0151en a j\u00f6v\u0151ben sz\u00fcks\u00e9ges beavatkoz\u00e1sok gyorsabban elv\u00e9gezhet\u0151k lesznek. A Margit k\u00f6r\u00fat Sz\u00e9na t\u00e9r \u00e9s Margit utca k\u00f6z\u00f6tti szakasz\u00e1n t\u00f6bb mint 800 m\u00e9ter hosszon \u00e9p\u00edtett\u00e9k \u00e1t szakaszosan mindk\u00e9t villamosv\u00e1g\u00e1nyt, a Pr\u00e1ter utca \u00e9s a Goldmann Gy\u00f6rgy t\u00e9r k\u00f6z\u00f6tt pedig mintegy 1000 m\u00e9teren cser\u00e9lt\u00e9k a k\u00e9tv\u00e1g\u00e1ny\u00fa villamos vas\u00fati p\u00e1ly\u00e1t, a kit\u00e9r\u0151ket, tov\u00e1bb\u00e1 a Pet\u0151fi h\u00eddon 500 m\u00e9ter hosszon cser\u00e9lt\u00e9k ki a s\u00edneket \u00e9s a dilat\u00e1ci\u00f3s szerkezeteket is. Kisebb, villamos- \u00e9s utasforgalmat nem zavar\u00f3 ut\u00f3munk\u00e1k m\u00e9g v\u00e1rhat\u00f3k szeptember h\u00f3napban.<\/p>\n<aside class=\"frame-center\">\n<p>\u00c1tadj\u00e1k a meg\u00fajult belv\u00e1rosi J\u00f3zsef n\u00e1dor teret<\/p>\n<p>&#13;<\/p>\n<div class=\"frame-content\">H\u00e9tf\u0151t\u0151l a BKK j\u00e1rm\u0171vei \u00e9s a behajt\u00e1si enged\u00e9llyel rendelkez\u0151k r\u00e9sz\u00e9re ism\u00e9t \u00e1tj\u00e1rhat\u00f3v\u00e1 v\u00e1lik a meg\u00fajult, belv\u00e1rosi J\u00f3zsef n\u00e1dor t\u00e9r, illetve haszn\u00e1lhat\u00f3 lesz a J\u00f3zsef Attila utc\u00e1n kialak\u00edtott aut\u00f3buszmeg\u00e1ll\u00f3 is.<\/p>\n<p>A 15-\u00f6s \u00e9s a 115-\u00f6s aut\u00f3busz, valamint a CITY trolibusz a Bor\u00e1ros t\u00e9r illetve a F\u0151v\u00e1m t\u00e9r fel\u00e9 ism\u00e9t meg\u00e1ll a Dorottya utca (V\u00f6r\u00f6smarty t\u00e9r M) meg\u00e1ll\u00f3helyen, a Wekerle S\u00e1ndor utc\u00e1ban a Dorottya utc\u00e1n\u00e1l, de a Sz\u00e9chenyi t\u00e9ri \u00e9s V\u00edgad\u00f3 t\u00e9ri meg\u00e1ll\u00f3kat a tov\u00e1bbiakban nem \u00e9rintik.<\/p>\n<p>A De\u00e1k Ferenc t\u00e9r fel\u00e9 tart\u00f3 16-os, 16B, 105-\u00f6s, 916-os \u00e9s 990-es aut\u00f3buszok J\u00f3zsef n\u00e1dor t\u00e9r meg\u00e1ll\u00f3hely\u00e9t pedig visszahelyezik eredeti hely\u00e9re, a N\u00e1dor utc\u00e1hoz.<\/p>\n<\/div>\n<p>&#13;<br \/>\n<\/aside>\n<p>Nyit\u00f3k\u00e9p: Villamosp\u00f3tl\u00f3 aut\u00f3busz halad a 4-es \u00e9s 6-os villamos fel\u00faj\u00edt\u00e1s alatt \u00e1ll\u00f3 meg\u00e1ll\u00f3j\u00e1n\u00e1l a Corvin-negyedn\u00e9l 2019. j\u00fanius 17-\u00e9n. J\u00fanius 15-\u00e9n kezd\u0151d\u00f6tt a p\u00e1lyafel\u00faj\u00edt\u00e1s. MTI\/Balogh Zolt\u00e1n<\/p>\n<\/p><\/div>\n<p><script>\n(function(d, s, id) {\n\tvar js, fjs = d.getElementsByTagName(s)[0];\n\tif (d.getElementById(id)) return;\n\tjs = d.createElement(s); js.id = id;\n\tjs.src = \"http:\/\/connect.facebook.net\/hu_HU\/sdk.js#version=v2.0&xfbml=1&appId=\";\n\tfjs.parentNode.insertBefore(js, fjs);\n}(document, 'script', 'facebook-jssdk'));\n<\/script><br \/>\n<br \/>[ad_2]<br \/>\n<br \/><a href=\"https:\/\/hirek.oldal.info\/rssclick\/14361061\">Source link <\/a><\/p>\n","protected":false},"excerpt":{"rendered":"<p>[ad_1] A Budapesti K\u00f6zleked\u00e9si K\u00f6zpont (BKK) k\u00f6zl\u00e9se szerint h\u00e9tf\u0151t\u0151l a tan\u00edt\u00e1si id\u0151szakban \u00e9rv\u00e9nyes menetrend szerint indulnak a j\u00e1ratok, ami a legt\u00f6bb vonalon a tansz\u00fcneti menetrendn\u00e9l l\u00e9nyegesen gyakoribb j\u00e1ratindul\u00e1st jelent. A nagyobb forgalom miatt a g\u00e9pj\u00e1rm\u0171vel k\u00f6zleked\u0151knek \u00e9s a BKK j\u00e1ratait v\u00e1laszt\u00f3knak egyar\u00e1nt hosszabb utaz\u00e1si id\u0151re kell sz\u00e1m\u00edtaniuk &#8211; h\u00edvta fel a figyelmet a k\u00f6zleked\u00e9si t\u00e1rsas\u00e1g. [&hellip;]<\/p>\n","protected":false},"author":2,"featured_media":1494,"comment_status":"open","ping_status":"open","sticky":false,"template":"","format":"standard","meta":{"footnotes":""},"categories":[1],"tags":[],"class_list":["post-1493","post","type-post","status-publish","format-standard","has-post-thumbnail","hentry","category-legujabb-penzugyi-hirek"],"yoast_head":"<!-- This site is optimized with the Yoast SEO plugin v27.4 - https:\/\/yoast.com\/product\/yoast-seo-wordpress\/ -->\n<title>Nagy v\u00e1ltoz\u00e1sokat jelentett be a BKK - Hot News in World<\/title>\n<meta name=\"robots\" content=\"index, follow, max-snippet:-1, max-image-preview:large, max-video-preview:-1\" \/>\n<link rel=\"canonical\" href=\"https:\/\/hotnewsinworld.com\/hu\/nagy-valtozasokat-jelentett-be-a-bkk\/\" \/>\n<meta property=\"og:locale\" content=\"hu_HU\" \/>\n<meta property=\"og:type\" content=\"article\" \/>\n<meta property=\"og:title\" content=\"Nagy v\u00e1ltoz\u00e1sokat jelentett be a BKK - Hot News in World\" \/>\n<meta property=\"og:description\" content=\"[ad_1] A Budapesti K\u00f6zleked\u00e9si K\u00f6zpont (BKK) k\u00f6zl\u00e9se szerint h\u00e9tf\u0151t\u0151l a tan\u00edt\u00e1si id\u0151szakban \u00e9rv\u00e9nyes menetrend szerint indulnak a j\u00e1ratok, ami a legt\u00f6bb vonalon a tansz\u00fcneti menetrendn\u00e9l l\u00e9nyegesen gyakoribb j\u00e1ratindul\u00e1st jelent. A nagyobb forgalom miatt a g\u00e9pj\u00e1rm\u0171vel k\u00f6zleked\u0151knek \u00e9s a BKK j\u00e1ratait v\u00e1laszt\u00f3knak egyar\u00e1nt hosszabb utaz\u00e1si id\u0151re kell sz\u00e1m\u00edtaniuk &#8211; h\u00edvta fel a figyelmet a k\u00f6zleked\u00e9si t\u00e1rsas\u00e1g. [&hellip;]\" \/>\n<meta property=\"og:url\" content=\"https:\/\/hotnewsinworld.com\/hu\/nagy-valtozasokat-jelentett-be-a-bkk\/\" \/>\n<meta property=\"og:site_name\" content=\"Hot News in World\" \/>\n<meta property=\"article:published_time\" content=\"2019-09-01T16:40:13+00:00\" \/>\n<meta property=\"article:modified_time\" content=\"2019-09-01T16:40:15+00:00\" \/>\n<meta property=\"og:image\" content=\"https:\/\/hotnewsinworld.com\/hu\/wp-content\/uploads\/sites\/3\/2019\/09\/Nagy-v\u00e1ltoz\u00e1sokat-jelentett-be-a-BKK.jpg\" \/>\n\t<meta property=\"og:image:width\" content=\"1200\" \/>\n\t<meta property=\"og:image:height\" content=\"675\" \/>\n\t<meta property=\"og:image:type\" content=\"image\/jpeg\" \/>\n<meta name=\"author\" content=\"hotnewsinworld\" \/>\n<meta name=\"twitter:card\" content=\"summary_large_image\" \/>\n<meta name=\"twitter:label1\" content=\"Szerz\u0151:\" \/>\n\t<meta name=\"twitter:data1\" content=\"hotnewsinworld\" \/>\n\t<meta name=\"twitter:label2\" content=\"Becs\u00fclt olvas\u00e1si id\u0151\" \/>\n\t<meta name=\"twitter:data2\" content=\"4 perc\" \/>\n<script type=\"application\/ld+json\" class=\"yoast-schema-graph\">{\"@context\":\"https:\\\/\\\/schema.org\",\"@graph\":[{\"@type\":\"Article\",\"@id\":\"https:\\\/\\\/hotnewsinworld.com\\\/hu\\\/nagy-valtozasokat-jelentett-be-a-bkk\\\/#article\",\"isPartOf\":{\"@id\":\"https:\\\/\\\/hotnewsinworld.com\\\/hu\\\/nagy-valtozasokat-jelentett-be-a-bkk\\\/\"},\"author\":{\"name\":\"hotnewsinworld\",\"@id\":\"https:\\\/\\\/hotnewsinworld.com\\\/hu\\\/#\\\/schema\\\/person\\\/fe61448b21c0d59086e75fcc1f9d8f6b\"},\"headline\":\"Nagy v\u00e1ltoz\u00e1sokat jelentett be a BKK\",\"datePublished\":\"2019-09-01T16:40:13+00:00\",\"dateModified\":\"2019-09-01T16:40:15+00:00\",\"mainEntityOfPage\":{\"@id\":\"https:\\\/\\\/hotnewsinworld.com\\\/hu\\\/nagy-valtozasokat-jelentett-be-a-bkk\\\/\"},\"wordCount\":768,\"commentCount\":0,\"image\":{\"@id\":\"https:\\\/\\\/hotnewsinworld.com\\\/hu\\\/nagy-valtozasokat-jelentett-be-a-bkk\\\/#primaryimage\"},\"thumbnailUrl\":\"https:\\\/\\\/hotnewsinworld.com\\\/hu\\\/wp-content\\\/uploads\\\/sites\\\/3\\\/2019\\\/09\\\/Nagy-v\u00e1ltoz\u00e1sokat-jelentett-be-a-BKK.jpg\",\"articleSection\":[\"LEG\u00daJABB P\u00c9NZ\u00dcGYI H\u00cdREK\"],\"inLanguage\":\"hu\",\"potentialAction\":[{\"@type\":\"CommentAction\",\"name\":\"Comment\",\"target\":[\"https:\\\/\\\/hotnewsinworld.com\\\/hu\\\/nagy-valtozasokat-jelentett-be-a-bkk\\\/#respond\"]}]},{\"@type\":\"WebPage\",\"@id\":\"https:\\\/\\\/hotnewsinworld.com\\\/hu\\\/nagy-valtozasokat-jelentett-be-a-bkk\\\/\",\"url\":\"https:\\\/\\\/hotnewsinworld.com\\\/hu\\\/nagy-valtozasokat-jelentett-be-a-bkk\\\/\",\"name\":\"Nagy v\u00e1ltoz\u00e1sokat jelentett be a BKK - Hot News in World\",\"isPartOf\":{\"@id\":\"https:\\\/\\\/hotnewsinworld.com\\\/hu\\\/#website\"},\"primaryImageOfPage\":{\"@id\":\"https:\\\/\\\/hotnewsinworld.com\\\/hu\\\/nagy-valtozasokat-jelentett-be-a-bkk\\\/#primaryimage\"},\"image\":{\"@id\":\"https:\\\/\\\/hotnewsinworld.com\\\/hu\\\/nagy-valtozasokat-jelentett-be-a-bkk\\\/#primaryimage\"},\"thumbnailUrl\":\"https:\\\/\\\/hotnewsinworld.com\\\/hu\\\/wp-content\\\/uploads\\\/sites\\\/3\\\/2019\\\/09\\\/Nagy-v\u00e1ltoz\u00e1sokat-jelentett-be-a-BKK.jpg\",\"datePublished\":\"2019-09-01T16:40:13+00:00\",\"dateModified\":\"2019-09-01T16:40:15+00:00\",\"author\":{\"@id\":\"https:\\\/\\\/hotnewsinworld.com\\\/hu\\\/#\\\/schema\\\/person\\\/fe61448b21c0d59086e75fcc1f9d8f6b\"},\"breadcrumb\":{\"@id\":\"https:\\\/\\\/hotnewsinworld.com\\\/hu\\\/nagy-valtozasokat-jelentett-be-a-bkk\\\/#breadcrumb\"},\"inLanguage\":\"hu\",\"potentialAction\":[{\"@type\":\"ReadAction\",\"target\":[\"https:\\\/\\\/hotnewsinworld.com\\\/hu\\\/nagy-valtozasokat-jelentett-be-a-bkk\\\/\"]}]},{\"@type\":\"ImageObject\",\"inLanguage\":\"hu\",\"@id\":\"https:\\\/\\\/hotnewsinworld.com\\\/hu\\\/nagy-valtozasokat-jelentett-be-a-bkk\\\/#primaryimage\",\"url\":\"https:\\\/\\\/hotnewsinworld.com\\\/hu\\\/wp-content\\\/uploads\\\/sites\\\/3\\\/2019\\\/09\\\/Nagy-v\u00e1ltoz\u00e1sokat-jelentett-be-a-BKK.jpg\",\"contentUrl\":\"https:\\\/\\\/hotnewsinworld.com\\\/hu\\\/wp-content\\\/uploads\\\/sites\\\/3\\\/2019\\\/09\\\/Nagy-v\u00e1ltoz\u00e1sokat-jelentett-be-a-BKK.jpg\",\"width\":1200,\"height\":675,\"caption\":\"Nagy v\u00e1ltoz\u00e1sokat jelentett be a BKK\"},{\"@type\":\"BreadcrumbList\",\"@id\":\"https:\\\/\\\/hotnewsinworld.com\\\/hu\\\/nagy-valtozasokat-jelentett-be-a-bkk\\\/#breadcrumb\",\"itemListElement\":[{\"@type\":\"ListItem\",\"position\":1,\"name\":\"\u0413\u043b\u0430\u0432\u043d\u0430\u044f \u0441\u0442\u0440\u0430\u043d\u0438\u0446\u0430\",\"item\":\"https:\\\/\\\/hotnewsinworld.com\\\/hu\\\/\"},{\"@type\":\"ListItem\",\"position\":2,\"name\":\"Nagy v\u00e1ltoz\u00e1sokat jelentett be a BKK\"}]},{\"@type\":\"WebSite\",\"@id\":\"https:\\\/\\\/hotnewsinworld.com\\\/hu\\\/#website\",\"url\":\"https:\\\/\\\/hotnewsinworld.com\\\/hu\\\/\",\"name\":\"Hot News in World\",\"description\":\"Hot News in World from Hungary\",\"potentialAction\":[{\"@type\":\"SearchAction\",\"target\":{\"@type\":\"EntryPoint\",\"urlTemplate\":\"https:\\\/\\\/hotnewsinworld.com\\\/hu\\\/?s={search_term_string}\"},\"query-input\":{\"@type\":\"PropertyValueSpecification\",\"valueRequired\":true,\"valueName\":\"search_term_string\"}}],\"inLanguage\":\"hu\"},{\"@type\":\"Person\",\"@id\":\"https:\\\/\\\/hotnewsinworld.com\\\/hu\\\/#\\\/schema\\\/person\\\/fe61448b21c0d59086e75fcc1f9d8f6b\",\"name\":\"hotnewsinworld\",\"image\":{\"@type\":\"ImageObject\",\"inLanguage\":\"hu\",\"@id\":\"https:\\\/\\\/secure.gravatar.com\\\/avatar\\\/8a09ac165600ce2e1c38fe593c63928eb1e6e7ba5c5a907d67787c41b3d00c14?s=96&d=mm&r=g\",\"url\":\"https:\\\/\\\/secure.gravatar.com\\\/avatar\\\/8a09ac165600ce2e1c38fe593c63928eb1e6e7ba5c5a907d67787c41b3d00c14?s=96&d=mm&r=g\",\"contentUrl\":\"https:\\\/\\\/secure.gravatar.com\\\/avatar\\\/8a09ac165600ce2e1c38fe593c63928eb1e6e7ba5c5a907d67787c41b3d00c14?s=96&d=mm&r=g\",\"caption\":\"hotnewsinworld\"},\"url\":\"https:\\\/\\\/hotnewsinworld.com\\\/hu\\\/author\\\/pt\\\/\"}]}<\/script>\n<!-- \/ Yoast SEO plugin. -->","yoast_head_json":{"title":"Nagy v\u00e1ltoz\u00e1sokat jelentett be a BKK - Hot News in World","robots":{"index":"index","follow":"follow","max-snippet":"max-snippet:-1","max-image-preview":"max-image-preview:large","max-video-preview":"max-video-preview:-1"},"canonical":"https:\/\/hotnewsinworld.com\/hu\/nagy-valtozasokat-jelentett-be-a-bkk\/","og_locale":"hu_HU","og_type":"article","og_title":"Nagy v\u00e1ltoz\u00e1sokat jelentett be a BKK - Hot News in World","og_description":"[ad_1] A Budapesti K\u00f6zleked\u00e9si K\u00f6zpont (BKK) k\u00f6zl\u00e9se szerint h\u00e9tf\u0151t\u0151l a tan\u00edt\u00e1si id\u0151szakban \u00e9rv\u00e9nyes menetrend szerint indulnak a j\u00e1ratok, ami a legt\u00f6bb vonalon a tansz\u00fcneti menetrendn\u00e9l l\u00e9nyegesen gyakoribb j\u00e1ratindul\u00e1st jelent. A nagyobb forgalom miatt a g\u00e9pj\u00e1rm\u0171vel k\u00f6zleked\u0151knek \u00e9s a BKK j\u00e1ratait v\u00e1laszt\u00f3knak egyar\u00e1nt hosszabb utaz\u00e1si id\u0151re kell sz\u00e1m\u00edtaniuk &#8211; h\u00edvta fel a figyelmet a k\u00f6zleked\u00e9si t\u00e1rsas\u00e1g. [&hellip;]","og_url":"https:\/\/hotnewsinworld.com\/hu\/nagy-valtozasokat-jelentett-be-a-bkk\/","og_site_name":"Hot News in World","article_published_time":"2019-09-01T16:40:13+00:00","article_modified_time":"2019-09-01T16:40:15+00:00","og_image":[{"width":1200,"height":675,"url":"https:\/\/hotnewsinworld.com\/hu\/wp-content\/uploads\/sites\/3\/2019\/09\/Nagy-v\u00e1ltoz\u00e1sokat-jelentett-be-a-BKK.jpg","type":"image\/jpeg"}],"author":"hotnewsinworld","twitter_card":"summary_large_image","twitter_misc":{"Szerz\u0151:":"hotnewsinworld","Becs\u00fclt olvas\u00e1si id\u0151":"4 perc"},"schema":{"@context":"https:\/\/schema.org","@graph":[{"@type":"Article","@id":"https:\/\/hotnewsinworld.com\/hu\/nagy-valtozasokat-jelentett-be-a-bkk\/#article","isPartOf":{"@id":"https:\/\/hotnewsinworld.com\/hu\/nagy-valtozasokat-jelentett-be-a-bkk\/"},"author":{"name":"hotnewsinworld","@id":"https:\/\/hotnewsinworld.com\/hu\/#\/schema\/person\/fe61448b21c0d59086e75fcc1f9d8f6b"},"headline":"Nagy v\u00e1ltoz\u00e1sokat jelentett be a BKK","datePublished":"2019-09-01T16:40:13+00:00","dateModified":"2019-09-01T16:40:15+00:00","mainEntityOfPage":{"@id":"https:\/\/hotnewsinworld.com\/hu\/nagy-valtozasokat-jelentett-be-a-bkk\/"},"wordCount":768,"commentCount":0,"image":{"@id":"https:\/\/hotnewsinworld.com\/hu\/nagy-valtozasokat-jelentett-be-a-bkk\/#primaryimage"},"thumbnailUrl":"https:\/\/hotnewsinworld.com\/hu\/wp-content\/uploads\/sites\/3\/2019\/09\/Nagy-v\u00e1ltoz\u00e1sokat-jelentett-be-a-BKK.jpg","articleSection":["LEG\u00daJABB P\u00c9NZ\u00dcGYI H\u00cdREK"],"inLanguage":"hu","potentialAction":[{"@type":"CommentAction","name":"Comment","target":["https:\/\/hotnewsinworld.com\/hu\/nagy-valtozasokat-jelentett-be-a-bkk\/#respond"]}]},{"@type":"WebPage","@id":"https:\/\/hotnewsinworld.com\/hu\/nagy-valtozasokat-jelentett-be-a-bkk\/","url":"https:\/\/hotnewsinworld.com\/hu\/nagy-valtozasokat-jelentett-be-a-bkk\/","name":"Nagy v\u00e1ltoz\u00e1sokat jelentett be a BKK - Hot News in World","isPartOf":{"@id":"https:\/\/hotnewsinworld.com\/hu\/#website"},"primaryImageOfPage":{"@id":"https:\/\/hotnewsinworld.com\/hu\/nagy-valtozasokat-jelentett-be-a-bkk\/#primaryimage"},"image":{"@id":"https:\/\/hotnewsinworld.com\/hu\/nagy-valtozasokat-jelentett-be-a-bkk\/#primaryimage"},"thumbnailUrl":"https:\/\/hotnewsinworld.com\/hu\/wp-content\/uploads\/sites\/3\/2019\/09\/Nagy-v\u00e1ltoz\u00e1sokat-jelentett-be-a-BKK.jpg","datePublished":"2019-09-01T16:40:13+00:00","dateModified":"2019-09-01T16:40:15+00:00","author":{"@id":"https:\/\/hotnewsinworld.com\/hu\/#\/schema\/person\/fe61448b21c0d59086e75fcc1f9d8f6b"},"breadcrumb":{"@id":"https:\/\/hotnewsinworld.com\/hu\/nagy-valtozasokat-jelentett-be-a-bkk\/#breadcrumb"},"inLanguage":"hu","potentialAction":[{"@type":"ReadAction","target":["https:\/\/hotnewsinworld.com\/hu\/nagy-valtozasokat-jelentett-be-a-bkk\/"]}]},{"@type":"ImageObject","inLanguage":"hu","@id":"https:\/\/hotnewsinworld.com\/hu\/nagy-valtozasokat-jelentett-be-a-bkk\/#primaryimage","url":"https:\/\/hotnewsinworld.com\/hu\/wp-content\/uploads\/sites\/3\/2019\/09\/Nagy-v\u00e1ltoz\u00e1sokat-jelentett-be-a-BKK.jpg","contentUrl":"https:\/\/hotnewsinworld.com\/hu\/wp-content\/uploads\/sites\/3\/2019\/09\/Nagy-v\u00e1ltoz\u00e1sokat-jelentett-be-a-BKK.jpg","width":1200,"height":675,"caption":"Nagy v\u00e1ltoz\u00e1sokat jelentett be a BKK"},{"@type":"BreadcrumbList","@id":"https:\/\/hotnewsinworld.com\/hu\/nagy-valtozasokat-jelentett-be-a-bkk\/#breadcrumb","itemListElement":[{"@type":"ListItem","position":1,"name":"\u0413\u043b\u0430\u0432\u043d\u0430\u044f \u0441\u0442\u0440\u0430\u043d\u0438\u0446\u0430","item":"https:\/\/hotnewsinworld.com\/hu\/"},{"@type":"ListItem","position":2,"name":"Nagy v\u00e1ltoz\u00e1sokat jelentett be a BKK"}]},{"@type":"WebSite","@id":"https:\/\/hotnewsinworld.com\/hu\/#website","url":"https:\/\/hotnewsinworld.com\/hu\/","name":"Hot News in World","description":"Hot News in World from Hungary","potentialAction":[{"@type":"SearchAction","target":{"@type":"EntryPoint","urlTemplate":"https:\/\/hotnewsinworld.com\/hu\/?s={search_term_string}"},"query-input":{"@type":"PropertyValueSpecification","valueRequired":true,"valueName":"search_term_string"}}],"inLanguage":"hu"},{"@type":"Person","@id":"https:\/\/hotnewsinworld.com\/hu\/#\/schema\/person\/fe61448b21c0d59086e75fcc1f9d8f6b","name":"hotnewsinworld","image":{"@type":"ImageObject","inLanguage":"hu","@id":"https:\/\/secure.gravatar.com\/avatar\/8a09ac165600ce2e1c38fe593c63928eb1e6e7ba5c5a907d67787c41b3d00c14?s=96&d=mm&r=g","url":"https:\/\/secure.gravatar.com\/avatar\/8a09ac165600ce2e1c38fe593c63928eb1e6e7ba5c5a907d67787c41b3d00c14?s=96&d=mm&r=g","contentUrl":"https:\/\/secure.gravatar.com\/avatar\/8a09ac165600ce2e1c38fe593c63928eb1e6e7ba5c5a907d67787c41b3d00c14?s=96&d=mm&r=g","caption":"hotnewsinworld"},"url":"https:\/\/hotnewsinworld.com\/hu\/author\/pt\/"}]}},"_links":{"self":[{"href":"https:\/\/hotnewsinworld.com\/hu\/wp-json\/wp\/v2\/posts\/1493","targetHints":{"allow":["GET"]}}],"collection":[{"href":"https:\/\/hotnewsinworld.com\/hu\/wp-json\/wp\/v2\/posts"}],"about":[{"href":"https:\/\/hotnewsinworld.com\/hu\/wp-json\/wp\/v2\/types\/post"}],"author":[{"embeddable":true,"href":"https:\/\/hotnewsinworld.com\/hu\/wp-json\/wp\/v2\/users\/2"}],"replies":[{"embeddable":true,"href":"https:\/\/hotnewsinworld.com\/hu\/wp-json\/wp\/v2\/comments?post=1493"}],"version-history":[{"count":1,"href":"https:\/\/hotnewsinworld.com\/hu\/wp-json\/wp\/v2\/posts\/1493\/revisions"}],"predecessor-version":[{"id":1495,"href":"https:\/\/hotnewsinworld.com\/hu\/wp-json\/wp\/v2\/posts\/1493\/revisions\/1495"}],"wp:featuredmedia":[{"embeddable":true,"href":"https:\/\/hotnewsinworld.com\/hu\/wp-json\/wp\/v2\/media\/1494"}],"wp:attachment":[{"href":"https:\/\/hotnewsinworld.com\/hu\/wp-json\/wp\/v2\/media?parent=1493"}],"wp:term":[{"taxonomy":"category","embeddable":true,"href":"https:\/\/hotnewsinworld.com\/hu\/wp-json\/wp\/v2\/categories?post=1493"},{"taxonomy":"post_tag","embeddable":true,"href":"https:\/\/hotnewsinworld.com\/hu\/wp-json\/wp\/v2\/tags?post=1493"}],"curies":[{"name":"wp","href":"https:\/\/api.w.org\/{rel}","templated":true}]}}