{"id":1499,"date":"2019-09-01T23:09:04","date_gmt":"2019-09-01T20:09:04","guid":{"rendered":"https:\/\/hotnewsinworld.com\/hu\/a-budafok-tetenyi-fidesz-hallani-sem-akar-a-79-eves-beteg-ferfi-kilakoltatasi-ugyerol-a-jogvedok-nyeremenyjatekon-gyoztek-hogy-talalkozhassanak-a-polgarmesterrel\/"},"modified":"2019-09-01T23:09:04","modified_gmt":"2019-09-01T20:09:04","slug":"a-budafok-tetenyi-fidesz-hallani-sem-akar-a-79-eves-beteg-ferfi-kilakoltatasi-ugyerol-a-jogvedok-nyeremenyjatekon-gyoztek-hogy-talalkozhassanak-a-polgarmesterrel","status":"publish","type":"post","link":"https:\/\/hotnewsinworld.com\/hu\/a-budafok-tetenyi-fidesz-hallani-sem-akar-a-79-eves-beteg-ferfi-kilakoltatasi-ugyerol-a-jogvedok-nyeremenyjatekon-gyoztek-hogy-talalkozhassanak-a-polgarmesterrel\/","title":{"rendered":"A budafok-t\u00e9t\u00e9nyi Fidesz hallani sem akar a 79 \u00e9ves beteg f\u00e9rfi kilakoltat\u00e1si \u00fcgy\u00e9r\u0151l, a jogv\u00e9d\u0151k nyerem\u00e9nyj\u00e1t\u00e9kon gy\u0151ztek, hogy tal\u00e1lkozhassanak a polg\u00e1rmesterrel"},"content":{"rendered":"<p> [ad_1]<br \/>\n<\/p>\n<div id=\"article-holder\">\n<div class=\"article-header\">\n<p>\n                    2019. szeptember 1. 21:40  &#8211; <span>szerz\u0151:<\/span> \u00c1goston Zolt\u00e1n                <\/p>\n<\/p><\/div>\n<div class=\"adv-holder\">\n                <!-- iBILLBOARD Ad Server one2many Position: go.eu.bbelements.com 168ora_2016(24172) \/ cikkoldalak(3) \/ cikkoldalak_lead_alatt_640x360(5) \/ horizontal(2)--><br \/>\n    <!-- HowTo: Place this code into the html page where the ad should appear. --><\/p>\n<div id=\"bmone2n-24172.3.5.2\">\n    <noscript><\/p>\n<div style=\"display:inline\"><\/div>\n<p><\/noscript>\n    <\/div>\n<\/p><\/div>\n<div id=\"article-content\">\n<p>J\u00falius v\u00e9ge \u00f3ta h\u00faz\u00f3dik annak az\u00a0eg\u00e9szs\u00e9g\u00fcgyi probl\u00e9m\u00e1kkal k\u00fczd\u0151 79 \u00e9ves f\u00e9rfinak az \u00fcgye, akit Budapest XXII. ker\u00fclet\u00e9nek, Budafok-T\u00e9t\u00e9ny \u00f6nkorm\u00e1nyzata lakoltatott ki. \u00dcgy\u00e9t A V\u00e1ros Mindenki\u00e9 karolta fel, de a civil szervezetnek egy h\u00f3nap alatt sem siker\u00fclt el\u00e9rnie, hogy az munkat\u00e1rsai t\u00e1rgyalhassanak Karsay Ferenc fideszes polg\u00e1rmesterrel, a f\u00e9rfit pedig hagyj\u00e1k visszat\u00e9rni az otthon\u00e1ba. Emiatt \u2013 der\u00fcl ki\u00a0a M\u00e9rce a cikk\u00e9b\u0151l \u2013 az AVM-esek gondoltak egy mer\u00e9szet, \u00e9s indultak\u00a0a\u00a0a Budafoki Pezsg\u0151- \u00e9s Borfesztiv\u00e1l nyerem\u00e9nyj\u00e1t\u00e9k\u00e1n. amelynek a f\u0151d\u00edja egy k\u00f6z\u00f6s f\u00e9nyk\u00e9p volt a fesztiv\u00e1l szt\u00e1rfell\u00e9p\u0151j\u00e9vel, az Animal Cannibals zenekarral \u00e9s mag\u00e1val Karsay Ferenccel. A nyerem\u00e9nyj\u00e1t\u00e9kon az AVM-esek gy\u0151ztek, arr\u00f3l pedig, ami ezut\u00e1n t\u00f6rt\u00e9nt vide\u00f3 k\u00e9sz\u00fclt.<\/p>\n<p>A 79 \u00e9ves f\u00e9rfinak a budafok-t\u00e9t\u00e9nyi \u00f6nkorm\u00e1nyzat m\u00e9g janu\u00e1r 25-\u00e9n mondta fel a b\u00e9rleti szerz\u0151d\u00e9s\u00e9t, egy mind\u00f6ssze 40 ezer forintos tartoz\u00e1s miatt kellett mennie. Egyel\u0151re nem vil\u00e1gos, hogy mi\u00e9rt, de a XXII. ker\u00fcleti rendk\u00edv\u00fcli ellenszenvvel viseltetik mindenki ir\u00e1nt, aki ak\u00e1r csak t\u00e1j\u00e9koz\u00f3dni akar az \u00fcgyben. Nemr\u00e9g Csisz\u00e1r Zsuzsanna fideszes \u00f6nkorm\u00e1nyzati k\u00e9pvisel\u0151, a k\u00e9pvisel\u0151test\u00fclet szoci\u00e1lis bizotts\u00e1g\u00e1nak az eln\u00f6ke megpr\u00f3b\u00e1lta kicsavarni a telefont a M\u00e9rce munkat\u00e1rs\u00e1nak a kez\u00e9b\u0151l csak az\u00e9rt, mert \u00fajs\u00e1g\u00edr\u00f3k\u00e9nt felv\u00e9telt akart k\u00e9sz\u00edteni az \u00fcggyel foglalkoz\u00f3 bizotts\u00e1gi \u00fcl\u00e9sr\u0151l.\u00a0<\/p>\n<p>\u00a0<\/p>\n<\/p><\/div>\n<\/p><\/div>\n<p><script>(function(d, s, id) {\n                var js, fjs = d.getElementsByTagName(s)[0];\n                if (d.getElementById(id)) return;\n                js = d.createElement(s); js.id = id;\n                js.src = \"http:\/\/connect.facebook.net\/hu_HU\/sdk.js#xfbml=1&version=v2.10&appId=508836559497521\";\n                fjs.parentNode.insertBefore(js, fjs);\n                }(document, 'script', 'facebook-jssdk'));<\/script><br \/>\n<br \/>[ad_2]<br \/>\n<br \/><a href=\"https:\/\/hirek.oldal.info\/rssclick\/14361393\">Source link <\/a><\/p>\n","protected":false},"excerpt":{"rendered":"<p>[ad_1] 2019. szeptember 1. 21:40 &#8211; szerz\u0151: \u00c1goston Zolt\u00e1n J\u00falius v\u00e9ge \u00f3ta h\u00faz\u00f3dik annak az\u00a0eg\u00e9szs\u00e9g\u00fcgyi probl\u00e9m\u00e1kkal k\u00fczd\u0151 79 \u00e9ves f\u00e9rfinak az \u00fcgye, akit Budapest XXII. ker\u00fclet\u00e9nek, Budafok-T\u00e9t\u00e9ny \u00f6nkorm\u00e1nyzata lakoltatott ki. \u00dcgy\u00e9t A V\u00e1ros Mindenki\u00e9 karolta fel, de a civil szervezetnek egy h\u00f3nap alatt sem siker\u00fclt el\u00e9rnie, hogy az munkat\u00e1rsai t\u00e1rgyalhassanak Karsay Ferenc fideszes polg\u00e1rmesterrel, a [&hellip;]<\/p>\n","protected":false},"author":2,"featured_media":1500,"comment_status":"open","ping_status":"open","sticky":false,"template":"","format":"standard","meta":{"footnotes":""},"categories":[1],"tags":[],"class_list":["post-1499","post","type-post","status-publish","format-standard","has-post-thumbnail","hentry","category-legujabb-penzugyi-hirek"],"yoast_head":"<!-- This site is optimized with the Yoast SEO plugin v27.4 - https:\/\/yoast.com\/product\/yoast-seo-wordpress\/ -->\n<title>A budafok-t\u00e9t\u00e9nyi Fidesz hallani sem akar a 79 \u00e9ves beteg f\u00e9rfi kilakoltat\u00e1si \u00fcgy\u00e9r\u0151l, a jogv\u00e9d\u0151k nyerem\u00e9nyj\u00e1t\u00e9kon gy\u0151ztek, hogy tal\u00e1lkozhassanak a polg\u00e1rmesterrel - Hot News in World<\/title>\n<meta name=\"robots\" content=\"index, follow, max-snippet:-1, max-image-preview:large, max-video-preview:-1\" \/>\n<link rel=\"canonical\" href=\"https:\/\/hotnewsinworld.com\/hu\/a-budafok-tetenyi-fidesz-hallani-sem-akar-a-79-eves-beteg-ferfi-kilakoltatasi-ugyerol-a-jogvedok-nyeremenyjatekon-gyoztek-hogy-talalkozhassanak-a-polgarmesterrel\/\" \/>\n<meta property=\"og:locale\" content=\"hu_HU\" \/>\n<meta property=\"og:type\" content=\"article\" \/>\n<meta property=\"og:title\" content=\"A budafok-t\u00e9t\u00e9nyi Fidesz hallani sem akar a 79 \u00e9ves beteg f\u00e9rfi kilakoltat\u00e1si \u00fcgy\u00e9r\u0151l, a jogv\u00e9d\u0151k nyerem\u00e9nyj\u00e1t\u00e9kon gy\u0151ztek, hogy tal\u00e1lkozhassanak a polg\u00e1rmesterrel - Hot News in World\" \/>\n<meta property=\"og:description\" content=\"[ad_1] 2019. szeptember 1. 21:40 &#8211; szerz\u0151: \u00c1goston Zolt\u00e1n J\u00falius v\u00e9ge \u00f3ta h\u00faz\u00f3dik annak az\u00a0eg\u00e9szs\u00e9g\u00fcgyi probl\u00e9m\u00e1kkal k\u00fczd\u0151 79 \u00e9ves f\u00e9rfinak az \u00fcgye, akit Budapest XXII. ker\u00fclet\u00e9nek, Budafok-T\u00e9t\u00e9ny \u00f6nkorm\u00e1nyzata lakoltatott ki. \u00dcgy\u00e9t A V\u00e1ros Mindenki\u00e9 karolta fel, de a civil szervezetnek egy h\u00f3nap alatt sem siker\u00fclt el\u00e9rnie, hogy az munkat\u00e1rsai t\u00e1rgyalhassanak Karsay Ferenc fideszes polg\u00e1rmesterrel, a [&hellip;]\" \/>\n<meta property=\"og:url\" content=\"https:\/\/hotnewsinworld.com\/hu\/a-budafok-tetenyi-fidesz-hallani-sem-akar-a-79-eves-beteg-ferfi-kilakoltatasi-ugyerol-a-jogvedok-nyeremenyjatekon-gyoztek-hogy-talalkozhassanak-a-polgarmesterrel\/\" \/>\n<meta property=\"og:site_name\" content=\"Hot News in World\" \/>\n<meta property=\"article:published_time\" content=\"2019-09-01T20:09:04+00:00\" \/>\n<meta property=\"og:image\" content=\"https:\/\/hotnewsinworld.com\/hu\/wp-content\/uploads\/sites\/3\/2019\/09\/A-budafok-t\u00e9t\u00e9nyi-Fidesz-hallani-sem-akar-a-79-\u00e9ves-beteg.gif\" \/>\n\t<meta property=\"og:image:width\" content=\"1\" \/>\n\t<meta property=\"og:image:height\" content=\"1\" \/>\n\t<meta property=\"og:image:type\" content=\"image\/gif\" \/>\n<meta name=\"author\" content=\"hotnewsinworld\" \/>\n<meta name=\"twitter:card\" content=\"summary_large_image\" \/>\n<meta name=\"twitter:label1\" content=\"Szerz\u0151:\" \/>\n\t<meta name=\"twitter:data1\" content=\"hotnewsinworld\" \/>\n\t<meta name=\"twitter:label2\" content=\"Becs\u00fclt olvas\u00e1si id\u0151\" \/>\n\t<meta name=\"twitter:data2\" content=\"2 perc\" \/>\n<script type=\"application\/ld+json\" class=\"yoast-schema-graph\">{\"@context\":\"https:\\\/\\\/schema.org\",\"@graph\":[{\"@type\":\"Article\",\"@id\":\"https:\\\/\\\/hotnewsinworld.com\\\/hu\\\/a-budafok-tetenyi-fidesz-hallani-sem-akar-a-79-eves-beteg-ferfi-kilakoltatasi-ugyerol-a-jogvedok-nyeremenyjatekon-gyoztek-hogy-talalkozhassanak-a-polgarmesterrel\\\/#article\",\"isPartOf\":{\"@id\":\"https:\\\/\\\/hotnewsinworld.com\\\/hu\\\/a-budafok-tetenyi-fidesz-hallani-sem-akar-a-79-eves-beteg-ferfi-kilakoltatasi-ugyerol-a-jogvedok-nyeremenyjatekon-gyoztek-hogy-talalkozhassanak-a-polgarmesterrel\\\/\"},\"author\":{\"name\":\"hotnewsinworld\",\"@id\":\"https:\\\/\\\/hotnewsinworld.com\\\/hu\\\/#\\\/schema\\\/person\\\/fe61448b21c0d59086e75fcc1f9d8f6b\"},\"headline\":\"A budafok-t\u00e9t\u00e9nyi Fidesz hallani sem akar a 79 \u00e9ves beteg f\u00e9rfi kilakoltat\u00e1si \u00fcgy\u00e9r\u0151l, a jogv\u00e9d\u0151k nyerem\u00e9nyj\u00e1t\u00e9kon gy\u0151ztek, hogy tal\u00e1lkozhassanak a polg\u00e1rmesterrel\",\"datePublished\":\"2019-09-01T20:09:04+00:00\",\"mainEntityOfPage\":{\"@id\":\"https:\\\/\\\/hotnewsinworld.com\\\/hu\\\/a-budafok-tetenyi-fidesz-hallani-sem-akar-a-79-eves-beteg-ferfi-kilakoltatasi-ugyerol-a-jogvedok-nyeremenyjatekon-gyoztek-hogy-talalkozhassanak-a-polgarmesterrel\\\/\"},\"wordCount\":337,\"commentCount\":0,\"image\":{\"@id\":\"https:\\\/\\\/hotnewsinworld.com\\\/hu\\\/a-budafok-tetenyi-fidesz-hallani-sem-akar-a-79-eves-beteg-ferfi-kilakoltatasi-ugyerol-a-jogvedok-nyeremenyjatekon-gyoztek-hogy-talalkozhassanak-a-polgarmesterrel\\\/#primaryimage\"},\"thumbnailUrl\":\"https:\\\/\\\/hotnewsinworld.com\\\/hu\\\/wp-content\\\/uploads\\\/sites\\\/3\\\/2019\\\/09\\\/A-budafok-t\u00e9t\u00e9nyi-Fidesz-hallani-sem-akar-a-79-\u00e9ves-beteg.gif\",\"articleSection\":[\"LEG\u00daJABB P\u00c9NZ\u00dcGYI H\u00cdREK\"],\"inLanguage\":\"hu\",\"potentialAction\":[{\"@type\":\"CommentAction\",\"name\":\"Comment\",\"target\":[\"https:\\\/\\\/hotnewsinworld.com\\\/hu\\\/a-budafok-tetenyi-fidesz-hallani-sem-akar-a-79-eves-beteg-ferfi-kilakoltatasi-ugyerol-a-jogvedok-nyeremenyjatekon-gyoztek-hogy-talalkozhassanak-a-polgarmesterrel\\\/#respond\"]}]},{\"@type\":\"WebPage\",\"@id\":\"https:\\\/\\\/hotnewsinworld.com\\\/hu\\\/a-budafok-tetenyi-fidesz-hallani-sem-akar-a-79-eves-beteg-ferfi-kilakoltatasi-ugyerol-a-jogvedok-nyeremenyjatekon-gyoztek-hogy-talalkozhassanak-a-polgarmesterrel\\\/\",\"url\":\"https:\\\/\\\/hotnewsinworld.com\\\/hu\\\/a-budafok-tetenyi-fidesz-hallani-sem-akar-a-79-eves-beteg-ferfi-kilakoltatasi-ugyerol-a-jogvedok-nyeremenyjatekon-gyoztek-hogy-talalkozhassanak-a-polgarmesterrel\\\/\",\"name\":\"A budafok-t\u00e9t\u00e9nyi Fidesz hallani sem akar a 79 \u00e9ves beteg f\u00e9rfi kilakoltat\u00e1si \u00fcgy\u00e9r\u0151l, a jogv\u00e9d\u0151k nyerem\u00e9nyj\u00e1t\u00e9kon gy\u0151ztek, hogy tal\u00e1lkozhassanak a polg\u00e1rmesterrel - Hot News in World\",\"isPartOf\":{\"@id\":\"https:\\\/\\\/hotnewsinworld.com\\\/hu\\\/#website\"},\"primaryImageOfPage\":{\"@id\":\"https:\\\/\\\/hotnewsinworld.com\\\/hu\\\/a-budafok-tetenyi-fidesz-hallani-sem-akar-a-79-eves-beteg-ferfi-kilakoltatasi-ugyerol-a-jogvedok-nyeremenyjatekon-gyoztek-hogy-talalkozhassanak-a-polgarmesterrel\\\/#primaryimage\"},\"image\":{\"@id\":\"https:\\\/\\\/hotnewsinworld.com\\\/hu\\\/a-budafok-tetenyi-fidesz-hallani-sem-akar-a-79-eves-beteg-ferfi-kilakoltatasi-ugyerol-a-jogvedok-nyeremenyjatekon-gyoztek-hogy-talalkozhassanak-a-polgarmesterrel\\\/#primaryimage\"},\"thumbnailUrl\":\"https:\\\/\\\/hotnewsinworld.com\\\/hu\\\/wp-content\\\/uploads\\\/sites\\\/3\\\/2019\\\/09\\\/A-budafok-t\u00e9t\u00e9nyi-Fidesz-hallani-sem-akar-a-79-\u00e9ves-beteg.gif\",\"datePublished\":\"2019-09-01T20:09:04+00:00\",\"author\":{\"@id\":\"https:\\\/\\\/hotnewsinworld.com\\\/hu\\\/#\\\/schema\\\/person\\\/fe61448b21c0d59086e75fcc1f9d8f6b\"},\"breadcrumb\":{\"@id\":\"https:\\\/\\\/hotnewsinworld.com\\\/hu\\\/a-budafok-tetenyi-fidesz-hallani-sem-akar-a-79-eves-beteg-ferfi-kilakoltatasi-ugyerol-a-jogvedok-nyeremenyjatekon-gyoztek-hogy-talalkozhassanak-a-polgarmesterrel\\\/#breadcrumb\"},\"inLanguage\":\"hu\",\"potentialAction\":[{\"@type\":\"ReadAction\",\"target\":[\"https:\\\/\\\/hotnewsinworld.com\\\/hu\\\/a-budafok-tetenyi-fidesz-hallani-sem-akar-a-79-eves-beteg-ferfi-kilakoltatasi-ugyerol-a-jogvedok-nyeremenyjatekon-gyoztek-hogy-talalkozhassanak-a-polgarmesterrel\\\/\"]}]},{\"@type\":\"ImageObject\",\"inLanguage\":\"hu\",\"@id\":\"https:\\\/\\\/hotnewsinworld.com\\\/hu\\\/a-budafok-tetenyi-fidesz-hallani-sem-akar-a-79-eves-beteg-ferfi-kilakoltatasi-ugyerol-a-jogvedok-nyeremenyjatekon-gyoztek-hogy-talalkozhassanak-a-polgarmesterrel\\\/#primaryimage\",\"url\":\"https:\\\/\\\/hotnewsinworld.com\\\/hu\\\/wp-content\\\/uploads\\\/sites\\\/3\\\/2019\\\/09\\\/A-budafok-t\u00e9t\u00e9nyi-Fidesz-hallani-sem-akar-a-79-\u00e9ves-beteg.gif\",\"contentUrl\":\"https:\\\/\\\/hotnewsinworld.com\\\/hu\\\/wp-content\\\/uploads\\\/sites\\\/3\\\/2019\\\/09\\\/A-budafok-t\u00e9t\u00e9nyi-Fidesz-hallani-sem-akar-a-79-\u00e9ves-beteg.gif\",\"width\":1,\"height\":1,\"caption\":\"A budafok-t\u00e9t\u00e9nyi Fidesz hallani sem akar a 79 \u00e9ves beteg f\u00e9rfi kilakoltat\u00e1si \u00fcgy\u00e9r\u0151l, a jogv\u00e9d\u0151k nyerem\u00e9nyj\u00e1t\u00e9kon gy\u0151ztek, hogy tal\u00e1lkozhassanak a polg\u00e1rmesterrel\"},{\"@type\":\"BreadcrumbList\",\"@id\":\"https:\\\/\\\/hotnewsinworld.com\\\/hu\\\/a-budafok-tetenyi-fidesz-hallani-sem-akar-a-79-eves-beteg-ferfi-kilakoltatasi-ugyerol-a-jogvedok-nyeremenyjatekon-gyoztek-hogy-talalkozhassanak-a-polgarmesterrel\\\/#breadcrumb\",\"itemListElement\":[{\"@type\":\"ListItem\",\"position\":1,\"name\":\"\u0413\u043b\u0430\u0432\u043d\u0430\u044f \u0441\u0442\u0440\u0430\u043d\u0438\u0446\u0430\",\"item\":\"https:\\\/\\\/hotnewsinworld.com\\\/hu\\\/\"},{\"@type\":\"ListItem\",\"position\":2,\"name\":\"A budafok-t\u00e9t\u00e9nyi Fidesz hallani sem akar a 79 \u00e9ves beteg f\u00e9rfi kilakoltat\u00e1si \u00fcgy\u00e9r\u0151l, a jogv\u00e9d\u0151k nyerem\u00e9nyj\u00e1t\u00e9kon gy\u0151ztek, hogy tal\u00e1lkozhassanak a polg\u00e1rmesterrel\"}]},{\"@type\":\"WebSite\",\"@id\":\"https:\\\/\\\/hotnewsinworld.com\\\/hu\\\/#website\",\"url\":\"https:\\\/\\\/hotnewsinworld.com\\\/hu\\\/\",\"name\":\"Hot News in World\",\"description\":\"Hot News in World from Hungary\",\"potentialAction\":[{\"@type\":\"SearchAction\",\"target\":{\"@type\":\"EntryPoint\",\"urlTemplate\":\"https:\\\/\\\/hotnewsinworld.com\\\/hu\\\/?s={search_term_string}\"},\"query-input\":{\"@type\":\"PropertyValueSpecification\",\"valueRequired\":true,\"valueName\":\"search_term_string\"}}],\"inLanguage\":\"hu\"},{\"@type\":\"Person\",\"@id\":\"https:\\\/\\\/hotnewsinworld.com\\\/hu\\\/#\\\/schema\\\/person\\\/fe61448b21c0d59086e75fcc1f9d8f6b\",\"name\":\"hotnewsinworld\",\"image\":{\"@type\":\"ImageObject\",\"inLanguage\":\"hu\",\"@id\":\"https:\\\/\\\/secure.gravatar.com\\\/avatar\\\/8a09ac165600ce2e1c38fe593c63928eb1e6e7ba5c5a907d67787c41b3d00c14?s=96&d=mm&r=g\",\"url\":\"https:\\\/\\\/secure.gravatar.com\\\/avatar\\\/8a09ac165600ce2e1c38fe593c63928eb1e6e7ba5c5a907d67787c41b3d00c14?s=96&d=mm&r=g\",\"contentUrl\":\"https:\\\/\\\/secure.gravatar.com\\\/avatar\\\/8a09ac165600ce2e1c38fe593c63928eb1e6e7ba5c5a907d67787c41b3d00c14?s=96&d=mm&r=g\",\"caption\":\"hotnewsinworld\"},\"url\":\"https:\\\/\\\/hotnewsinworld.com\\\/hu\\\/author\\\/pt\\\/\"}]}<\/script>\n<!-- \/ Yoast SEO plugin. -->","yoast_head_json":{"title":"A budafok-t\u00e9t\u00e9nyi Fidesz hallani sem akar a 79 \u00e9ves beteg f\u00e9rfi kilakoltat\u00e1si \u00fcgy\u00e9r\u0151l, a jogv\u00e9d\u0151k nyerem\u00e9nyj\u00e1t\u00e9kon gy\u0151ztek, hogy tal\u00e1lkozhassanak a polg\u00e1rmesterrel - Hot News in World","robots":{"index":"index","follow":"follow","max-snippet":"max-snippet:-1","max-image-preview":"max-image-preview:large","max-video-preview":"max-video-preview:-1"},"canonical":"https:\/\/hotnewsinworld.com\/hu\/a-budafok-tetenyi-fidesz-hallani-sem-akar-a-79-eves-beteg-ferfi-kilakoltatasi-ugyerol-a-jogvedok-nyeremenyjatekon-gyoztek-hogy-talalkozhassanak-a-polgarmesterrel\/","og_locale":"hu_HU","og_type":"article","og_title":"A budafok-t\u00e9t\u00e9nyi Fidesz hallani sem akar a 79 \u00e9ves beteg f\u00e9rfi kilakoltat\u00e1si \u00fcgy\u00e9r\u0151l, a jogv\u00e9d\u0151k nyerem\u00e9nyj\u00e1t\u00e9kon gy\u0151ztek, hogy tal\u00e1lkozhassanak a polg\u00e1rmesterrel - Hot News in World","og_description":"[ad_1] 2019. szeptember 1. 21:40 &#8211; szerz\u0151: \u00c1goston Zolt\u00e1n J\u00falius v\u00e9ge \u00f3ta h\u00faz\u00f3dik annak az\u00a0eg\u00e9szs\u00e9g\u00fcgyi probl\u00e9m\u00e1kkal k\u00fczd\u0151 79 \u00e9ves f\u00e9rfinak az \u00fcgye, akit Budapest XXII. ker\u00fclet\u00e9nek, Budafok-T\u00e9t\u00e9ny \u00f6nkorm\u00e1nyzata lakoltatott ki. \u00dcgy\u00e9t A V\u00e1ros Mindenki\u00e9 karolta fel, de a civil szervezetnek egy h\u00f3nap alatt sem siker\u00fclt el\u00e9rnie, hogy az munkat\u00e1rsai t\u00e1rgyalhassanak Karsay Ferenc fideszes polg\u00e1rmesterrel, a [&hellip;]","og_url":"https:\/\/hotnewsinworld.com\/hu\/a-budafok-tetenyi-fidesz-hallani-sem-akar-a-79-eves-beteg-ferfi-kilakoltatasi-ugyerol-a-jogvedok-nyeremenyjatekon-gyoztek-hogy-talalkozhassanak-a-polgarmesterrel\/","og_site_name":"Hot News in World","article_published_time":"2019-09-01T20:09:04+00:00","og_image":[{"width":1,"height":1,"url":"https:\/\/hotnewsinworld.com\/hu\/wp-content\/uploads\/sites\/3\/2019\/09\/A-budafok-t\u00e9t\u00e9nyi-Fidesz-hallani-sem-akar-a-79-\u00e9ves-beteg.gif","type":"image\/gif"}],"author":"hotnewsinworld","twitter_card":"summary_large_image","twitter_misc":{"Szerz\u0151:":"hotnewsinworld","Becs\u00fclt olvas\u00e1si id\u0151":"2 perc"},"schema":{"@context":"https:\/\/schema.org","@graph":[{"@type":"Article","@id":"https:\/\/hotnewsinworld.com\/hu\/a-budafok-tetenyi-fidesz-hallani-sem-akar-a-79-eves-beteg-ferfi-kilakoltatasi-ugyerol-a-jogvedok-nyeremenyjatekon-gyoztek-hogy-talalkozhassanak-a-polgarmesterrel\/#article","isPartOf":{"@id":"https:\/\/hotnewsinworld.com\/hu\/a-budafok-tetenyi-fidesz-hallani-sem-akar-a-79-eves-beteg-ferfi-kilakoltatasi-ugyerol-a-jogvedok-nyeremenyjatekon-gyoztek-hogy-talalkozhassanak-a-polgarmesterrel\/"},"author":{"name":"hotnewsinworld","@id":"https:\/\/hotnewsinworld.com\/hu\/#\/schema\/person\/fe61448b21c0d59086e75fcc1f9d8f6b"},"headline":"A budafok-t\u00e9t\u00e9nyi Fidesz hallani sem akar a 79 \u00e9ves beteg f\u00e9rfi kilakoltat\u00e1si \u00fcgy\u00e9r\u0151l, a jogv\u00e9d\u0151k nyerem\u00e9nyj\u00e1t\u00e9kon gy\u0151ztek, hogy tal\u00e1lkozhassanak a polg\u00e1rmesterrel","datePublished":"2019-09-01T20:09:04+00:00","mainEntityOfPage":{"@id":"https:\/\/hotnewsinworld.com\/hu\/a-budafok-tetenyi-fidesz-hallani-sem-akar-a-79-eves-beteg-ferfi-kilakoltatasi-ugyerol-a-jogvedok-nyeremenyjatekon-gyoztek-hogy-talalkozhassanak-a-polgarmesterrel\/"},"wordCount":337,"commentCount":0,"image":{"@id":"https:\/\/hotnewsinworld.com\/hu\/a-budafok-tetenyi-fidesz-hallani-sem-akar-a-79-eves-beteg-ferfi-kilakoltatasi-ugyerol-a-jogvedok-nyeremenyjatekon-gyoztek-hogy-talalkozhassanak-a-polgarmesterrel\/#primaryimage"},"thumbnailUrl":"https:\/\/hotnewsinworld.com\/hu\/wp-content\/uploads\/sites\/3\/2019\/09\/A-budafok-t\u00e9t\u00e9nyi-Fidesz-hallani-sem-akar-a-79-\u00e9ves-beteg.gif","articleSection":["LEG\u00daJABB P\u00c9NZ\u00dcGYI H\u00cdREK"],"inLanguage":"hu","potentialAction":[{"@type":"CommentAction","name":"Comment","target":["https:\/\/hotnewsinworld.com\/hu\/a-budafok-tetenyi-fidesz-hallani-sem-akar-a-79-eves-beteg-ferfi-kilakoltatasi-ugyerol-a-jogvedok-nyeremenyjatekon-gyoztek-hogy-talalkozhassanak-a-polgarmesterrel\/#respond"]}]},{"@type":"WebPage","@id":"https:\/\/hotnewsinworld.com\/hu\/a-budafok-tetenyi-fidesz-hallani-sem-akar-a-79-eves-beteg-ferfi-kilakoltatasi-ugyerol-a-jogvedok-nyeremenyjatekon-gyoztek-hogy-talalkozhassanak-a-polgarmesterrel\/","url":"https:\/\/hotnewsinworld.com\/hu\/a-budafok-tetenyi-fidesz-hallani-sem-akar-a-79-eves-beteg-ferfi-kilakoltatasi-ugyerol-a-jogvedok-nyeremenyjatekon-gyoztek-hogy-talalkozhassanak-a-polgarmesterrel\/","name":"A budafok-t\u00e9t\u00e9nyi Fidesz hallani sem akar a 79 \u00e9ves beteg f\u00e9rfi kilakoltat\u00e1si \u00fcgy\u00e9r\u0151l, a jogv\u00e9d\u0151k nyerem\u00e9nyj\u00e1t\u00e9kon gy\u0151ztek, hogy tal\u00e1lkozhassanak a polg\u00e1rmesterrel - Hot News in World","isPartOf":{"@id":"https:\/\/hotnewsinworld.com\/hu\/#website"},"primaryImageOfPage":{"@id":"https:\/\/hotnewsinworld.com\/hu\/a-budafok-tetenyi-fidesz-hallani-sem-akar-a-79-eves-beteg-ferfi-kilakoltatasi-ugyerol-a-jogvedok-nyeremenyjatekon-gyoztek-hogy-talalkozhassanak-a-polgarmesterrel\/#primaryimage"},"image":{"@id":"https:\/\/hotnewsinworld.com\/hu\/a-budafok-tetenyi-fidesz-hallani-sem-akar-a-79-eves-beteg-ferfi-kilakoltatasi-ugyerol-a-jogvedok-nyeremenyjatekon-gyoztek-hogy-talalkozhassanak-a-polgarmesterrel\/#primaryimage"},"thumbnailUrl":"https:\/\/hotnewsinworld.com\/hu\/wp-content\/uploads\/sites\/3\/2019\/09\/A-budafok-t\u00e9t\u00e9nyi-Fidesz-hallani-sem-akar-a-79-\u00e9ves-beteg.gif","datePublished":"2019-09-01T20:09:04+00:00","author":{"@id":"https:\/\/hotnewsinworld.com\/hu\/#\/schema\/person\/fe61448b21c0d59086e75fcc1f9d8f6b"},"breadcrumb":{"@id":"https:\/\/hotnewsinworld.com\/hu\/a-budafok-tetenyi-fidesz-hallani-sem-akar-a-79-eves-beteg-ferfi-kilakoltatasi-ugyerol-a-jogvedok-nyeremenyjatekon-gyoztek-hogy-talalkozhassanak-a-polgarmesterrel\/#breadcrumb"},"inLanguage":"hu","potentialAction":[{"@type":"ReadAction","target":["https:\/\/hotnewsinworld.com\/hu\/a-budafok-tetenyi-fidesz-hallani-sem-akar-a-79-eves-beteg-ferfi-kilakoltatasi-ugyerol-a-jogvedok-nyeremenyjatekon-gyoztek-hogy-talalkozhassanak-a-polgarmesterrel\/"]}]},{"@type":"ImageObject","inLanguage":"hu","@id":"https:\/\/hotnewsinworld.com\/hu\/a-budafok-tetenyi-fidesz-hallani-sem-akar-a-79-eves-beteg-ferfi-kilakoltatasi-ugyerol-a-jogvedok-nyeremenyjatekon-gyoztek-hogy-talalkozhassanak-a-polgarmesterrel\/#primaryimage","url":"https:\/\/hotnewsinworld.com\/hu\/wp-content\/uploads\/sites\/3\/2019\/09\/A-budafok-t\u00e9t\u00e9nyi-Fidesz-hallani-sem-akar-a-79-\u00e9ves-beteg.gif","contentUrl":"https:\/\/hotnewsinworld.com\/hu\/wp-content\/uploads\/sites\/3\/2019\/09\/A-budafok-t\u00e9t\u00e9nyi-Fidesz-hallani-sem-akar-a-79-\u00e9ves-beteg.gif","width":1,"height":1,"caption":"A budafok-t\u00e9t\u00e9nyi Fidesz hallani sem akar a 79 \u00e9ves beteg f\u00e9rfi kilakoltat\u00e1si \u00fcgy\u00e9r\u0151l, a jogv\u00e9d\u0151k nyerem\u00e9nyj\u00e1t\u00e9kon gy\u0151ztek, hogy tal\u00e1lkozhassanak a polg\u00e1rmesterrel"},{"@type":"BreadcrumbList","@id":"https:\/\/hotnewsinworld.com\/hu\/a-budafok-tetenyi-fidesz-hallani-sem-akar-a-79-eves-beteg-ferfi-kilakoltatasi-ugyerol-a-jogvedok-nyeremenyjatekon-gyoztek-hogy-talalkozhassanak-a-polgarmesterrel\/#breadcrumb","itemListElement":[{"@type":"ListItem","position":1,"name":"\u0413\u043b\u0430\u0432\u043d\u0430\u044f \u0441\u0442\u0440\u0430\u043d\u0438\u0446\u0430","item":"https:\/\/hotnewsinworld.com\/hu\/"},{"@type":"ListItem","position":2,"name":"A budafok-t\u00e9t\u00e9nyi Fidesz hallani sem akar a 79 \u00e9ves beteg f\u00e9rfi kilakoltat\u00e1si \u00fcgy\u00e9r\u0151l, a jogv\u00e9d\u0151k nyerem\u00e9nyj\u00e1t\u00e9kon gy\u0151ztek, hogy tal\u00e1lkozhassanak a polg\u00e1rmesterrel"}]},{"@type":"WebSite","@id":"https:\/\/hotnewsinworld.com\/hu\/#website","url":"https:\/\/hotnewsinworld.com\/hu\/","name":"Hot News in World","description":"Hot News in World from Hungary","potentialAction":[{"@type":"SearchAction","target":{"@type":"EntryPoint","urlTemplate":"https:\/\/hotnewsinworld.com\/hu\/?s={search_term_string}"},"query-input":{"@type":"PropertyValueSpecification","valueRequired":true,"valueName":"search_term_string"}}],"inLanguage":"hu"},{"@type":"Person","@id":"https:\/\/hotnewsinworld.com\/hu\/#\/schema\/person\/fe61448b21c0d59086e75fcc1f9d8f6b","name":"hotnewsinworld","image":{"@type":"ImageObject","inLanguage":"hu","@id":"https:\/\/secure.gravatar.com\/avatar\/8a09ac165600ce2e1c38fe593c63928eb1e6e7ba5c5a907d67787c41b3d00c14?s=96&d=mm&r=g","url":"https:\/\/secure.gravatar.com\/avatar\/8a09ac165600ce2e1c38fe593c63928eb1e6e7ba5c5a907d67787c41b3d00c14?s=96&d=mm&r=g","contentUrl":"https:\/\/secure.gravatar.com\/avatar\/8a09ac165600ce2e1c38fe593c63928eb1e6e7ba5c5a907d67787c41b3d00c14?s=96&d=mm&r=g","caption":"hotnewsinworld"},"url":"https:\/\/hotnewsinworld.com\/hu\/author\/pt\/"}]}},"_links":{"self":[{"href":"https:\/\/hotnewsinworld.com\/hu\/wp-json\/wp\/v2\/posts\/1499","targetHints":{"allow":["GET"]}}],"collection":[{"href":"https:\/\/hotnewsinworld.com\/hu\/wp-json\/wp\/v2\/posts"}],"about":[{"href":"https:\/\/hotnewsinworld.com\/hu\/wp-json\/wp\/v2\/types\/post"}],"author":[{"embeddable":true,"href":"https:\/\/hotnewsinworld.com\/hu\/wp-json\/wp\/v2\/users\/2"}],"replies":[{"embeddable":true,"href":"https:\/\/hotnewsinworld.com\/hu\/wp-json\/wp\/v2\/comments?post=1499"}],"version-history":[{"count":1,"href":"https:\/\/hotnewsinworld.com\/hu\/wp-json\/wp\/v2\/posts\/1499\/revisions"}],"predecessor-version":[{"id":1501,"href":"https:\/\/hotnewsinworld.com\/hu\/wp-json\/wp\/v2\/posts\/1499\/revisions\/1501"}],"wp:featuredmedia":[{"embeddable":true,"href":"https:\/\/hotnewsinworld.com\/hu\/wp-json\/wp\/v2\/media\/1500"}],"wp:attachment":[{"href":"https:\/\/hotnewsinworld.com\/hu\/wp-json\/wp\/v2\/media?parent=1499"}],"wp:term":[{"taxonomy":"category","embeddable":true,"href":"https:\/\/hotnewsinworld.com\/hu\/wp-json\/wp\/v2\/categories?post=1499"},{"taxonomy":"post_tag","embeddable":true,"href":"https:\/\/hotnewsinworld.com\/hu\/wp-json\/wp\/v2\/tags?post=1499"}],"curies":[{"name":"wp","href":"https:\/\/api.w.org\/{rel}","templated":true}]}}