{"id":1511,"date":"2019-09-02T07:24:26","date_gmt":"2019-09-02T04:24:26","guid":{"rendered":"https:\/\/hotnewsinworld.com\/hu\/a-kozos-gondolkodas-a-politikai-siker-titka\/"},"modified":"2019-09-16T16:31:18","modified_gmt":"2019-09-16T13:31:18","slug":"a-kozos-gondolkodas-a-politikai-siker-titka","status":"publish","type":"post","link":"https:\/\/hotnewsinworld.com\/hu\/a-kozos-gondolkodas-a-politikai-siker-titka\/","title":{"rendered":"A k\u00f6z\u00f6s gondolkod\u00e1s a politikai siker titka"},"content":{"rendered":"<p>[ad_1]<\/p>\n<div>A cikk emailben t\u00f6rt\u00e9n\u0151 elk\u00fcld\u00e9s\u00e9hez kattintson ide, vagy m\u00e1solja le \u00e9s k\u00fcldje el ezt a linket: <strong>https:\/\/magyarnemzet.hu\/belfold\/a-kozos-gondolkodas-a-politikai-siker-titka-7260044\/<\/strong><\/div>\n<p><span class=\"en-article-dates-main\">2019. szeptember 2. h\u00e9tf\u0151 06:14<\/span><\/p>\n<div>\n<p>Az ellenz\u00e9k olcs\u00f3 propagandafog\u00e1snak, Kov\u00e1cs P\u00e9ter, a f\u0151v\u00e1ros XVI. ker\u00fclet\u00e9nek polg\u00e1rmestere viszont a j\u00f3 korm\u00e1nyz\u00e1s, a j\u00f3 telep\u00fcl\u00e9svezet\u00e9s egyik alapelem\u00e9nek tartja a nemzeti \u00e9s a helyi szint\u0171 konzult\u00e1ci\u00f3kat. Szerinte a Fidesz-KDNP kih\u00edv\u00f3i az\u00e9rt halmoznak kudarcot kudarcra, mert a v\u00e1laszt\u00f3k eg\u00e9szen m\u00e1sk\u00e9nt gondolkodnak, mint \u0151k. A Kertv\u00e1ros harmadik ciklus\u00e1t t\u00f6lt\u0151 polg\u00e1rmestere okt\u00f3ber 13-\u00e1n ism\u00e9t megm\u00e9reti mag\u00e1t.<\/p>\n<p>A Fidesz\u2013KDNP arra t\u00f6rekszik, hogy meghallja \u00e9s meg\u00e9rtse, mit szeretn\u00e9nek a v\u00e1laszt\u00f3k, teh\u00e1t a t\u00e1rsadalmi ig\u00e9nyek figyelembev\u00e9tel\u00e9vel hat\u00e1rozza meg politik\u00e1j\u00e1t \u2013 jelentette ki a Magyar Nemzetnek Kov\u00e1cs P\u00e9ter, a f\u0151v\u00e1ros XVI. ker\u00fclet\u00e9nek harmadik ciklus\u00e1t t\u00f6lt\u0151, az \u0151szi \u00f6nkorm\u00e1nyzati v\u00e1laszt\u00e1son ism\u00e9t rajthoz \u00e1ll\u00f3 polg\u00e1rmestere. Szerinte az emberek v\u00e9lem\u00e9ny\u00e9nek kik\u00e9rdez\u00e9se, ak\u00e1r orsz\u00e1gosan, a nemzeti konzult\u00e1ci\u00f3k \u00fatj\u00e1n, ak\u00e1r helyi, telep\u00fcl\u00e9si szinten nem \u201eolcs\u00f3 propagandafog\u00e1s\u201d, hanem a j\u00f3 korm\u00e1nyz\u00e1s egyik felt\u00e9tele.<\/p>\n<p>\u2013 Arra vagyok a legb\u00fcszk\u00e9bb, hogy az elm\u00falt 13 \u00e9v alatt egy \u00faj politikai kult\u00far\u00e1t siker\u00fclt meghonos\u00edtanunk a Kertv\u00e1rosban. Ennek az alapja a k\u00f6z\u00f6s gondolkod\u00e1s: n\u00e1lunk nem val\u00f3sulhat meg nagyobb beruh\u00e1z\u00e1s az \u00e9rintettek megk\u00e9rdez\u00e9se n\u00e9lk\u00fcl. Most p\u00e9ld\u00e1ul a J\u00f3kai-lak\u00f3telep k\u00f6zter\u00fcleteinek meg\u00faj\u00edt\u00e1s\u00e1n dolgozunk. A munka azzal kezd\u0151d\u00f6tt, hogy minden postal\u00e1d\u00e1ba bedobtunk egy k\u00e9rd\u0151\u00edvet, mert tudni akartuk, ki mit tart meg\u0151rzend\u0151 \u00e9rt\u00e9knek, \u00e9s mi az, amin mindenk\u00e9ppen v\u00e1ltoztatni szeretne a k\u00f6rnyezet\u00e9ben. A v\u00e9lem\u00e9nyek \u00f6sszegz\u00e9se ut\u00e1n k\u00e9sz\u00fcltek el a projekt el\u0151zetes tervei, amelyeket egy lakoss\u00e1gi f\u00f3rumon bemutattunk, \u00e9s az ottani hozz\u00e1sz\u00f3l\u00e1sok alapj\u00e1n m\u00e9g v\u00e1ltoztattunk n\u00e9h\u00e1ny dolgon \u2013 magyar\u00e1zta a polg\u00e1rmester, majd r\u00e1mutatott: a k\u00f6z\u00f6ss\u00e9gi tervez\u00e9s eredm\u00e9nye, hogy a v\u00e9g\u00e9n mindenki a saj\u00e1tj\u00e1nak \u00e9rezheti azt, amit \u00edgy l\u00e9trehoztak.<\/p>\n<p>Kov\u00e1cs P\u00e9ter hangs\u00falyozta: polg\u00e1rmesteri programj\u00e1nak minden ciklusban r\u00e9sz\u00e9t k\u00e9pezik hasonl\u00f3 m\u00f3don \u00f6sszegy\u0171jt\u00f6tt elemek, az \u00fagynevezett k\u00e9tszer tizenhat pont. Ezeket szerinte, ha valaki n\u00e9gy \u2013 illetve 2014 \u00f3ta imm\u00e1r \u00f6t \u2013 \u00e9v ut\u00e1n \u00fajra el\u0151veszi, a ker\u00fclet fejl\u0151d\u00e9se is j\u00f3l lem\u00e9rhet\u0151. \u2013 A v\u00e1llal\u00e1saink t\u00falnyom\u00f3 t\u00f6bbs\u00e9g\u00e9t ciklusr\u00f3l ciklusra teljes\u00edtj\u00fck, ami persze \u00f6sszef\u00fcgg azzal, hogy nem bonyol\u00f3dunk \u00edg\u00e9rget\u00e9sversenybe az ellenz\u00e9kkel. Nem fogok \u0171rkik\u00f6t\u0151t \u00edg\u00e9rni a Szilas-patak mell\u00e9 csak az\u00e9rt, hogy nagyobbat mondjak n\u00e1luk \u2013 fogalmazott a polg\u00e1rmester, utalva arra, hogy az emberek val\u00f3s ig\u00e9nyei j\u00f3val szer\u00e9nyebbek \u00e9s a helyi konzult\u00e1ci\u00f3kb\u00f3l vil\u00e1gosan megismerhet\u0151ek.<\/p>\n<p>\u2013 Az ellenz\u00e9k az\u00e9rt halmoz kudarcot kudarcra, mert az emberek fej\u00e9ben nem az van, amit \u0151k \u00e1ll\u00edtanak. A v\u00e1laszt\u00f3k t\u00f6bbs\u00e9ge egy\u00e1ltal\u00e1n nem \u00e9rzi \u00fagy, hogy a korm\u00e1ny vagy a ker\u00fclet\u00fcnkn\u00e9l maradva az \u00f6nkorm\u00e1nyzat nem t\u00f6r\u0151dik vel\u00fck, nem hallgatja meg a v\u00e9lem\u00e9ny\u00fcket, s\u0151t mindent jobban akar tudni n\u00e1luk \u2013 f\u0171zte hozz\u00e1.<\/p>\n<div id=\"attachment_7262201\" class=\"wp-caption alignnone\" style=\"width: 790px;\">\n<p class=\"wp-caption-text\">A XVI. ker\u00fcleti polg\u00e1rmester nem bonyol\u00f3dik \u00edg\u00e9rget\u00e9sversenybe<br \/>\nFot\u00f3: MTI\/Balogh Zolt\u00e1n<\/p>\n<\/div>\n<p>Szerinte egy\u00e9bk\u00e9nt a k\u00fcl\u00f6nbs\u00e9g a k\u00e9t politikai oldal hozz\u00e1\u00e1ll\u00e1sa k\u00f6z\u00f6tt m\u00e1s ter\u00fcleten is szembet\u0171n\u0151: \u2013 Amikor \u00c1der J\u00e1nos k\u00f6zt\u00e1rsas\u00e1gi eln\u00f6k csatlakozott Al Gore \u00c9l\u0151 bolyg\u00f3nk kamp\u00e1ny\u00e1hoz, k\u00f6vett\u00fck a p\u00e9ld\u00e1j\u00e1t, egy\u00fattal viszont t\u00f6bbletc\u00e9lokat fogalmaztunk meg. Ilyen volt p\u00e9ld\u00e1ul az, hogy att\u00f3l fogva a nagyobb int\u00e9zm\u00e9nyfel\u00faj\u00edt\u00e1sokn\u00e1l r\u00e9szben vagy eg\u00e9sz\u00e9ben meg\u00fajul\u00f3 energiaforr\u00e1sok haszn\u00e1lat\u00e1ra t\u00e9r\u00fcnk \u00e1t; hogy ingyenesen biztos\u00edtunk komposzt\u00e1l\u00f3 \u00e9s csapad\u00e9kgy\u0171jt\u0151 ed\u00e9nyeket a ker\u00fcletieknek vagy hogy t\u00e9r\u00edt\u00e9smentesen sz\u00e1ll\u00edtjuk el \u0151sszel a lombot \u00e9s tavasszal a nyesed\u00e9ket a h\u00e1zak el\u0151l, hogy ne kelljen azt elt\u00fczelni. Sz\u00f3val mi nem csak besz\u00e9l\u00fcnk a k\u00f6rnyezet\u00fcnk v\u00e9delm\u00e9r\u0151l, hanem tesz\u00fcnk is \u00e9rte \u2013 sz\u00f6gezte le.<\/p>\n<p>V\u00e9g\u00fcl arra a k\u00e9rd\u00e9sre, hogy a harminck\u00e9t pont keret\u00e9ben milyen szem\u00e9lyes c\u00e9ljai vannak az \u00fajrav\u00e1laszt\u00e1sa eset\u00e9re, Kov\u00e1cs P\u00e9ter elmondta: egyebek mellett a b\u00f6lcs\u0151dei f\u00e9r\u0151helyeket szeretn\u00e9 tov\u00e1bb b\u0151v\u00edteni, valamint egy ker\u00fcleti nyugd\u00edjasotthon l\u00e9trehoz\u00e1s\u00e1t tervezi. \u2013 Ugyancsak kiemelt c\u00e9lom az utols\u00f3 f\u00f6ldutak leaszfaltoz\u00e1sa. Amikor 2006-ban \u00e1tvettem a ker\u00fcletet, a belter\u00fcleti utak 27 sz\u00e1zal\u00e9ka volt f\u00f6ld\u00fat, ma m\u00e1r csak 1 sz\u00e1zal\u00e9ka, de az egyed\u00fcli elfogadhat\u00f3 \u00e9rt\u00e9k a nulla \u2013 f\u0171zte hozz\u00e1.<\/p>\n<p><a href=\"https:\/\/hirek.oldal.info\/rssclick\/14361706\">Source link <\/a><\/p>\n<\/div>\n","protected":false},"excerpt":{"rendered":"<p>[ad_1] A cikk emailben t\u00f6rt\u00e9n\u0151 elk\u00fcld\u00e9s\u00e9hez kattintson ide, vagy m\u00e1solja le \u00e9s k\u00fcldje el ezt a linket: https:\/\/magyarnemzet.hu\/belfold\/a-kozos-gondolkodas-a-politikai-siker-titka-7260044\/ 2019. szeptember 2. h\u00e9tf\u0151 06:14 Az ellenz\u00e9k olcs\u00f3 propagandafog\u00e1snak, Kov\u00e1cs P\u00e9ter, a f\u0151v\u00e1ros XVI. ker\u00fclet\u00e9nek polg\u00e1rmestere viszont a j\u00f3 korm\u00e1nyz\u00e1s, a j\u00f3 telep\u00fcl\u00e9svezet\u00e9s egyik alapelem\u00e9nek tartja a nemzeti \u00e9s a helyi szint\u0171 konzult\u00e1ci\u00f3kat. Szerinte a Fidesz-KDNP kih\u00edv\u00f3i [&hellip;]<\/p>\n","protected":false},"author":2,"featured_media":1512,"comment_status":"open","ping_status":"open","sticky":false,"template":"","format":"standard","meta":{"footnotes":""},"categories":[1],"tags":[],"class_list":["post-1511","post","type-post","status-publish","format-standard","has-post-thumbnail","hentry","category-legujabb-penzugyi-hirek"],"yoast_head":"<!-- This site is optimized with the Yoast SEO plugin v27.4 - https:\/\/yoast.com\/product\/yoast-seo-wordpress\/ -->\n<title>A k\u00f6z\u00f6s gondolkod\u00e1s a politikai siker titka - Hot News in World<\/title>\n<meta name=\"robots\" content=\"index, follow, max-snippet:-1, max-image-preview:large, max-video-preview:-1\" \/>\n<link rel=\"canonical\" href=\"https:\/\/hotnewsinworld.com\/hu\/a-kozos-gondolkodas-a-politikai-siker-titka\/\" \/>\n<meta property=\"og:locale\" content=\"hu_HU\" \/>\n<meta property=\"og:type\" content=\"article\" \/>\n<meta property=\"og:title\" content=\"A k\u00f6z\u00f6s gondolkod\u00e1s a politikai siker titka - Hot News in World\" \/>\n<meta property=\"og:description\" content=\"[ad_1] A cikk emailben t\u00f6rt\u00e9n\u0151 elk\u00fcld\u00e9s\u00e9hez kattintson ide, vagy m\u00e1solja le \u00e9s k\u00fcldje el ezt a linket: https:\/\/magyarnemzet.hu\/belfold\/a-kozos-gondolkodas-a-politikai-siker-titka-7260044\/ 2019. szeptember 2. h\u00e9tf\u0151 06:14 Az ellenz\u00e9k olcs\u00f3 propagandafog\u00e1snak, Kov\u00e1cs P\u00e9ter, a f\u0151v\u00e1ros XVI. ker\u00fclet\u00e9nek polg\u00e1rmestere viszont a j\u00f3 korm\u00e1nyz\u00e1s, a j\u00f3 telep\u00fcl\u00e9svezet\u00e9s egyik alapelem\u00e9nek tartja a nemzeti \u00e9s a helyi szint\u0171 konzult\u00e1ci\u00f3kat. Szerinte a Fidesz-KDNP kih\u00edv\u00f3i [&hellip;]\" \/>\n<meta property=\"og:url\" content=\"https:\/\/hotnewsinworld.com\/hu\/a-kozos-gondolkodas-a-politikai-siker-titka\/\" \/>\n<meta property=\"og:site_name\" content=\"Hot News in World\" \/>\n<meta property=\"article:published_time\" content=\"2019-09-02T04:24:26+00:00\" \/>\n<meta property=\"article:modified_time\" content=\"2019-09-16T13:31:18+00:00\" \/>\n<meta property=\"og:image\" content=\"https:\/\/hotnewsinworld.com\/hu\/wp-content\/uploads\/sites\/3\/2019\/09\/A-k\u00f6z\u00f6s-gondolkod\u00e1s-a-politikai-siker-titka.jpg\" \/>\n\t<meta property=\"og:image:width\" content=\"780\" \/>\n\t<meta property=\"og:image:height\" content=\"470\" \/>\n\t<meta property=\"og:image:type\" content=\"image\/jpeg\" \/>\n<meta name=\"author\" content=\"hotnewsinworld\" \/>\n<meta name=\"twitter:card\" content=\"summary_large_image\" \/>\n<meta name=\"twitter:label1\" content=\"Szerz\u0151:\" \/>\n\t<meta name=\"twitter:data1\" content=\"hotnewsinworld\" \/>\n\t<meta name=\"twitter:label2\" content=\"Becs\u00fclt olvas\u00e1si id\u0151\" \/>\n\t<meta name=\"twitter:data2\" content=\"5 perc\" \/>\n<script type=\"application\/ld+json\" class=\"yoast-schema-graph\">{\"@context\":\"https:\\\/\\\/schema.org\",\"@graph\":[{\"@type\":\"Article\",\"@id\":\"https:\\\/\\\/hotnewsinworld.com\\\/hu\\\/a-kozos-gondolkodas-a-politikai-siker-titka\\\/#article\",\"isPartOf\":{\"@id\":\"https:\\\/\\\/hotnewsinworld.com\\\/hu\\\/a-kozos-gondolkodas-a-politikai-siker-titka\\\/\"},\"author\":{\"name\":\"hotnewsinworld\",\"@id\":\"https:\\\/\\\/hotnewsinworld.com\\\/hu\\\/#\\\/schema\\\/person\\\/fe61448b21c0d59086e75fcc1f9d8f6b\"},\"headline\":\"A k\u00f6z\u00f6s gondolkod\u00e1s a politikai siker titka\",\"datePublished\":\"2019-09-02T04:24:26+00:00\",\"dateModified\":\"2019-09-16T13:31:18+00:00\",\"mainEntityOfPage\":{\"@id\":\"https:\\\/\\\/hotnewsinworld.com\\\/hu\\\/a-kozos-gondolkodas-a-politikai-siker-titka\\\/\"},\"wordCount\":919,\"commentCount\":0,\"image\":{\"@id\":\"https:\\\/\\\/hotnewsinworld.com\\\/hu\\\/a-kozos-gondolkodas-a-politikai-siker-titka\\\/#primaryimage\"},\"thumbnailUrl\":\"https:\\\/\\\/hotnewsinworld.com\\\/hu\\\/wp-content\\\/uploads\\\/sites\\\/3\\\/2019\\\/09\\\/A-k\u00f6z\u00f6s-gondolkod\u00e1s-a-politikai-siker-titka.jpg\",\"articleSection\":[\"LEG\u00daJABB P\u00c9NZ\u00dcGYI H\u00cdREK\"],\"inLanguage\":\"hu\",\"potentialAction\":[{\"@type\":\"CommentAction\",\"name\":\"Comment\",\"target\":[\"https:\\\/\\\/hotnewsinworld.com\\\/hu\\\/a-kozos-gondolkodas-a-politikai-siker-titka\\\/#respond\"]}]},{\"@type\":\"WebPage\",\"@id\":\"https:\\\/\\\/hotnewsinworld.com\\\/hu\\\/a-kozos-gondolkodas-a-politikai-siker-titka\\\/\",\"url\":\"https:\\\/\\\/hotnewsinworld.com\\\/hu\\\/a-kozos-gondolkodas-a-politikai-siker-titka\\\/\",\"name\":\"A k\u00f6z\u00f6s gondolkod\u00e1s a politikai siker titka - Hot News in World\",\"isPartOf\":{\"@id\":\"https:\\\/\\\/hotnewsinworld.com\\\/hu\\\/#website\"},\"primaryImageOfPage\":{\"@id\":\"https:\\\/\\\/hotnewsinworld.com\\\/hu\\\/a-kozos-gondolkodas-a-politikai-siker-titka\\\/#primaryimage\"},\"image\":{\"@id\":\"https:\\\/\\\/hotnewsinworld.com\\\/hu\\\/a-kozos-gondolkodas-a-politikai-siker-titka\\\/#primaryimage\"},\"thumbnailUrl\":\"https:\\\/\\\/hotnewsinworld.com\\\/hu\\\/wp-content\\\/uploads\\\/sites\\\/3\\\/2019\\\/09\\\/A-k\u00f6z\u00f6s-gondolkod\u00e1s-a-politikai-siker-titka.jpg\",\"datePublished\":\"2019-09-02T04:24:26+00:00\",\"dateModified\":\"2019-09-16T13:31:18+00:00\",\"author\":{\"@id\":\"https:\\\/\\\/hotnewsinworld.com\\\/hu\\\/#\\\/schema\\\/person\\\/fe61448b21c0d59086e75fcc1f9d8f6b\"},\"breadcrumb\":{\"@id\":\"https:\\\/\\\/hotnewsinworld.com\\\/hu\\\/a-kozos-gondolkodas-a-politikai-siker-titka\\\/#breadcrumb\"},\"inLanguage\":\"hu\",\"potentialAction\":[{\"@type\":\"ReadAction\",\"target\":[\"https:\\\/\\\/hotnewsinworld.com\\\/hu\\\/a-kozos-gondolkodas-a-politikai-siker-titka\\\/\"]}]},{\"@type\":\"ImageObject\",\"inLanguage\":\"hu\",\"@id\":\"https:\\\/\\\/hotnewsinworld.com\\\/hu\\\/a-kozos-gondolkodas-a-politikai-siker-titka\\\/#primaryimage\",\"url\":\"https:\\\/\\\/hotnewsinworld.com\\\/hu\\\/wp-content\\\/uploads\\\/sites\\\/3\\\/2019\\\/09\\\/A-k\u00f6z\u00f6s-gondolkod\u00e1s-a-politikai-siker-titka.jpg\",\"contentUrl\":\"https:\\\/\\\/hotnewsinworld.com\\\/hu\\\/wp-content\\\/uploads\\\/sites\\\/3\\\/2019\\\/09\\\/A-k\u00f6z\u00f6s-gondolkod\u00e1s-a-politikai-siker-titka.jpg\",\"width\":780,\"height\":470,\"caption\":\"A k\u00f6z\u00f6s gondolkod\u00e1s a politikai siker titka\"},{\"@type\":\"BreadcrumbList\",\"@id\":\"https:\\\/\\\/hotnewsinworld.com\\\/hu\\\/a-kozos-gondolkodas-a-politikai-siker-titka\\\/#breadcrumb\",\"itemListElement\":[{\"@type\":\"ListItem\",\"position\":1,\"name\":\"\u0413\u043b\u0430\u0432\u043d\u0430\u044f \u0441\u0442\u0440\u0430\u043d\u0438\u0446\u0430\",\"item\":\"https:\\\/\\\/hotnewsinworld.com\\\/hu\\\/\"},{\"@type\":\"ListItem\",\"position\":2,\"name\":\"A k\u00f6z\u00f6s gondolkod\u00e1s a politikai siker titka\"}]},{\"@type\":\"WebSite\",\"@id\":\"https:\\\/\\\/hotnewsinworld.com\\\/hu\\\/#website\",\"url\":\"https:\\\/\\\/hotnewsinworld.com\\\/hu\\\/\",\"name\":\"Hot News in World\",\"description\":\"Hot News in World from Hungary\",\"potentialAction\":[{\"@type\":\"SearchAction\",\"target\":{\"@type\":\"EntryPoint\",\"urlTemplate\":\"https:\\\/\\\/hotnewsinworld.com\\\/hu\\\/?s={search_term_string}\"},\"query-input\":{\"@type\":\"PropertyValueSpecification\",\"valueRequired\":true,\"valueName\":\"search_term_string\"}}],\"inLanguage\":\"hu\"},{\"@type\":\"Person\",\"@id\":\"https:\\\/\\\/hotnewsinworld.com\\\/hu\\\/#\\\/schema\\\/person\\\/fe61448b21c0d59086e75fcc1f9d8f6b\",\"name\":\"hotnewsinworld\",\"image\":{\"@type\":\"ImageObject\",\"inLanguage\":\"hu\",\"@id\":\"https:\\\/\\\/secure.gravatar.com\\\/avatar\\\/8a09ac165600ce2e1c38fe593c63928eb1e6e7ba5c5a907d67787c41b3d00c14?s=96&d=mm&r=g\",\"url\":\"https:\\\/\\\/secure.gravatar.com\\\/avatar\\\/8a09ac165600ce2e1c38fe593c63928eb1e6e7ba5c5a907d67787c41b3d00c14?s=96&d=mm&r=g\",\"contentUrl\":\"https:\\\/\\\/secure.gravatar.com\\\/avatar\\\/8a09ac165600ce2e1c38fe593c63928eb1e6e7ba5c5a907d67787c41b3d00c14?s=96&d=mm&r=g\",\"caption\":\"hotnewsinworld\"},\"url\":\"https:\\\/\\\/hotnewsinworld.com\\\/hu\\\/author\\\/pt\\\/\"}]}<\/script>\n<!-- \/ Yoast SEO plugin. -->","yoast_head_json":{"title":"A k\u00f6z\u00f6s gondolkod\u00e1s a politikai siker titka - Hot News in World","robots":{"index":"index","follow":"follow","max-snippet":"max-snippet:-1","max-image-preview":"max-image-preview:large","max-video-preview":"max-video-preview:-1"},"canonical":"https:\/\/hotnewsinworld.com\/hu\/a-kozos-gondolkodas-a-politikai-siker-titka\/","og_locale":"hu_HU","og_type":"article","og_title":"A k\u00f6z\u00f6s gondolkod\u00e1s a politikai siker titka - Hot News in World","og_description":"[ad_1] A cikk emailben t\u00f6rt\u00e9n\u0151 elk\u00fcld\u00e9s\u00e9hez kattintson ide, vagy m\u00e1solja le \u00e9s k\u00fcldje el ezt a linket: https:\/\/magyarnemzet.hu\/belfold\/a-kozos-gondolkodas-a-politikai-siker-titka-7260044\/ 2019. szeptember 2. h\u00e9tf\u0151 06:14 Az ellenz\u00e9k olcs\u00f3 propagandafog\u00e1snak, Kov\u00e1cs P\u00e9ter, a f\u0151v\u00e1ros XVI. ker\u00fclet\u00e9nek polg\u00e1rmestere viszont a j\u00f3 korm\u00e1nyz\u00e1s, a j\u00f3 telep\u00fcl\u00e9svezet\u00e9s egyik alapelem\u00e9nek tartja a nemzeti \u00e9s a helyi szint\u0171 konzult\u00e1ci\u00f3kat. Szerinte a Fidesz-KDNP kih\u00edv\u00f3i [&hellip;]","og_url":"https:\/\/hotnewsinworld.com\/hu\/a-kozos-gondolkodas-a-politikai-siker-titka\/","og_site_name":"Hot News in World","article_published_time":"2019-09-02T04:24:26+00:00","article_modified_time":"2019-09-16T13:31:18+00:00","og_image":[{"width":780,"height":470,"url":"https:\/\/hotnewsinworld.com\/hu\/wp-content\/uploads\/sites\/3\/2019\/09\/A-k\u00f6z\u00f6s-gondolkod\u00e1s-a-politikai-siker-titka.jpg","type":"image\/jpeg"}],"author":"hotnewsinworld","twitter_card":"summary_large_image","twitter_misc":{"Szerz\u0151:":"hotnewsinworld","Becs\u00fclt olvas\u00e1si id\u0151":"5 perc"},"schema":{"@context":"https:\/\/schema.org","@graph":[{"@type":"Article","@id":"https:\/\/hotnewsinworld.com\/hu\/a-kozos-gondolkodas-a-politikai-siker-titka\/#article","isPartOf":{"@id":"https:\/\/hotnewsinworld.com\/hu\/a-kozos-gondolkodas-a-politikai-siker-titka\/"},"author":{"name":"hotnewsinworld","@id":"https:\/\/hotnewsinworld.com\/hu\/#\/schema\/person\/fe61448b21c0d59086e75fcc1f9d8f6b"},"headline":"A k\u00f6z\u00f6s gondolkod\u00e1s a politikai siker titka","datePublished":"2019-09-02T04:24:26+00:00","dateModified":"2019-09-16T13:31:18+00:00","mainEntityOfPage":{"@id":"https:\/\/hotnewsinworld.com\/hu\/a-kozos-gondolkodas-a-politikai-siker-titka\/"},"wordCount":919,"commentCount":0,"image":{"@id":"https:\/\/hotnewsinworld.com\/hu\/a-kozos-gondolkodas-a-politikai-siker-titka\/#primaryimage"},"thumbnailUrl":"https:\/\/hotnewsinworld.com\/hu\/wp-content\/uploads\/sites\/3\/2019\/09\/A-k\u00f6z\u00f6s-gondolkod\u00e1s-a-politikai-siker-titka.jpg","articleSection":["LEG\u00daJABB P\u00c9NZ\u00dcGYI H\u00cdREK"],"inLanguage":"hu","potentialAction":[{"@type":"CommentAction","name":"Comment","target":["https:\/\/hotnewsinworld.com\/hu\/a-kozos-gondolkodas-a-politikai-siker-titka\/#respond"]}]},{"@type":"WebPage","@id":"https:\/\/hotnewsinworld.com\/hu\/a-kozos-gondolkodas-a-politikai-siker-titka\/","url":"https:\/\/hotnewsinworld.com\/hu\/a-kozos-gondolkodas-a-politikai-siker-titka\/","name":"A k\u00f6z\u00f6s gondolkod\u00e1s a politikai siker titka - Hot News in World","isPartOf":{"@id":"https:\/\/hotnewsinworld.com\/hu\/#website"},"primaryImageOfPage":{"@id":"https:\/\/hotnewsinworld.com\/hu\/a-kozos-gondolkodas-a-politikai-siker-titka\/#primaryimage"},"image":{"@id":"https:\/\/hotnewsinworld.com\/hu\/a-kozos-gondolkodas-a-politikai-siker-titka\/#primaryimage"},"thumbnailUrl":"https:\/\/hotnewsinworld.com\/hu\/wp-content\/uploads\/sites\/3\/2019\/09\/A-k\u00f6z\u00f6s-gondolkod\u00e1s-a-politikai-siker-titka.jpg","datePublished":"2019-09-02T04:24:26+00:00","dateModified":"2019-09-16T13:31:18+00:00","author":{"@id":"https:\/\/hotnewsinworld.com\/hu\/#\/schema\/person\/fe61448b21c0d59086e75fcc1f9d8f6b"},"breadcrumb":{"@id":"https:\/\/hotnewsinworld.com\/hu\/a-kozos-gondolkodas-a-politikai-siker-titka\/#breadcrumb"},"inLanguage":"hu","potentialAction":[{"@type":"ReadAction","target":["https:\/\/hotnewsinworld.com\/hu\/a-kozos-gondolkodas-a-politikai-siker-titka\/"]}]},{"@type":"ImageObject","inLanguage":"hu","@id":"https:\/\/hotnewsinworld.com\/hu\/a-kozos-gondolkodas-a-politikai-siker-titka\/#primaryimage","url":"https:\/\/hotnewsinworld.com\/hu\/wp-content\/uploads\/sites\/3\/2019\/09\/A-k\u00f6z\u00f6s-gondolkod\u00e1s-a-politikai-siker-titka.jpg","contentUrl":"https:\/\/hotnewsinworld.com\/hu\/wp-content\/uploads\/sites\/3\/2019\/09\/A-k\u00f6z\u00f6s-gondolkod\u00e1s-a-politikai-siker-titka.jpg","width":780,"height":470,"caption":"A k\u00f6z\u00f6s gondolkod\u00e1s a politikai siker titka"},{"@type":"BreadcrumbList","@id":"https:\/\/hotnewsinworld.com\/hu\/a-kozos-gondolkodas-a-politikai-siker-titka\/#breadcrumb","itemListElement":[{"@type":"ListItem","position":1,"name":"\u0413\u043b\u0430\u0432\u043d\u0430\u044f \u0441\u0442\u0440\u0430\u043d\u0438\u0446\u0430","item":"https:\/\/hotnewsinworld.com\/hu\/"},{"@type":"ListItem","position":2,"name":"A k\u00f6z\u00f6s gondolkod\u00e1s a politikai siker titka"}]},{"@type":"WebSite","@id":"https:\/\/hotnewsinworld.com\/hu\/#website","url":"https:\/\/hotnewsinworld.com\/hu\/","name":"Hot News in World","description":"Hot News in World from Hungary","potentialAction":[{"@type":"SearchAction","target":{"@type":"EntryPoint","urlTemplate":"https:\/\/hotnewsinworld.com\/hu\/?s={search_term_string}"},"query-input":{"@type":"PropertyValueSpecification","valueRequired":true,"valueName":"search_term_string"}}],"inLanguage":"hu"},{"@type":"Person","@id":"https:\/\/hotnewsinworld.com\/hu\/#\/schema\/person\/fe61448b21c0d59086e75fcc1f9d8f6b","name":"hotnewsinworld","image":{"@type":"ImageObject","inLanguage":"hu","@id":"https:\/\/secure.gravatar.com\/avatar\/8a09ac165600ce2e1c38fe593c63928eb1e6e7ba5c5a907d67787c41b3d00c14?s=96&d=mm&r=g","url":"https:\/\/secure.gravatar.com\/avatar\/8a09ac165600ce2e1c38fe593c63928eb1e6e7ba5c5a907d67787c41b3d00c14?s=96&d=mm&r=g","contentUrl":"https:\/\/secure.gravatar.com\/avatar\/8a09ac165600ce2e1c38fe593c63928eb1e6e7ba5c5a907d67787c41b3d00c14?s=96&d=mm&r=g","caption":"hotnewsinworld"},"url":"https:\/\/hotnewsinworld.com\/hu\/author\/pt\/"}]}},"_links":{"self":[{"href":"https:\/\/hotnewsinworld.com\/hu\/wp-json\/wp\/v2\/posts\/1511","targetHints":{"allow":["GET"]}}],"collection":[{"href":"https:\/\/hotnewsinworld.com\/hu\/wp-json\/wp\/v2\/posts"}],"about":[{"href":"https:\/\/hotnewsinworld.com\/hu\/wp-json\/wp\/v2\/types\/post"}],"author":[{"embeddable":true,"href":"https:\/\/hotnewsinworld.com\/hu\/wp-json\/wp\/v2\/users\/2"}],"replies":[{"embeddable":true,"href":"https:\/\/hotnewsinworld.com\/hu\/wp-json\/wp\/v2\/comments?post=1511"}],"version-history":[{"count":2,"href":"https:\/\/hotnewsinworld.com\/hu\/wp-json\/wp\/v2\/posts\/1511\/revisions"}],"predecessor-version":[{"id":2121,"href":"https:\/\/hotnewsinworld.com\/hu\/wp-json\/wp\/v2\/posts\/1511\/revisions\/2121"}],"wp:featuredmedia":[{"embeddable":true,"href":"https:\/\/hotnewsinworld.com\/hu\/wp-json\/wp\/v2\/media\/1512"}],"wp:attachment":[{"href":"https:\/\/hotnewsinworld.com\/hu\/wp-json\/wp\/v2\/media?parent=1511"}],"wp:term":[{"taxonomy":"category","embeddable":true,"href":"https:\/\/hotnewsinworld.com\/hu\/wp-json\/wp\/v2\/categories?post=1511"},{"taxonomy":"post_tag","embeddable":true,"href":"https:\/\/hotnewsinworld.com\/hu\/wp-json\/wp\/v2\/tags?post=1511"}],"curies":[{"name":"wp","href":"https:\/\/api.w.org\/{rel}","templated":true}]}}