{"id":1514,"date":"2019-09-02T08:50:39","date_gmt":"2019-09-02T05:50:39","guid":{"rendered":"https:\/\/hotnewsinworld.com\/hu\/korozott-jaguar-hamis-alvazszammal-es-forgalmival\/"},"modified":"2019-09-02T08:50:40","modified_gmt":"2019-09-02T05:50:40","slug":"korozott-jaguar-hamis-alvazszammal-es-forgalmival","status":"publish","type":"post","link":"https:\/\/hotnewsinworld.com\/hu\/korozott-jaguar-hamis-alvazszammal-es-forgalmival\/","title":{"rendered":"K\u00f6r\u00f6z\u00f6tt Jaguar hamis alv\u00e1zsz\u00e1mmal \u00e9s forgalmival"},"content":{"rendered":"<p> [ad_1]<br \/>\n<\/p>\n<div>\n<p>A magyar rend\u0151r\u00f6k a n\u00e9met hat\u00f3s\u00e1gok \u00e1ltal k\u00f6r\u00f6z\u00f6tt j\u00e1rm\u0171vet foglaltak le a Csan\u00e1dpalota Aut\u00f3p\u00e1lya-hat\u00e1r\u00e1tkel\u0151helyen.<\/p>\n<\/p><\/div>\n<div>\n<p>Egy rom\u00e1n f\u00e9rfi jelentkezett bel\u00e9p\u00e9sre 2019. szeptember 1-j\u00e9n 0 \u00f3ra ut\u00e1n p\u00e1r perccel egy n\u00e9met honoss\u00e1g\u00fa szem\u00e9lyaut\u00f3 vezet\u0151jek\u00e9nt a Csan\u00e1dpalota Aut\u00f3p\u00e1lya-hat\u00e1r\u00e1tkel\u0151helyen. Az ellen\u0151rz\u00e9s meg\u00e1llap\u00edtotta, hogy a Jaguar XF t\u00edpus\u00fa g\u00e9pkocsi alv\u00e1zsz\u00e1m\u00e1t, valamint forgalmi enged\u00e9ly\u00e9t meghamis\u00edtott\u00e1k. Az eredeti adatok alapj\u00e1n a j\u00e1rm\u0171vet a n\u00e9met hat\u00f3s\u00e1gok k\u00f6r\u00f6zik.\u00a0<\/p>\n<p>A sof\u0151rrel szemben egyedi azonos\u00edt\u00f3 jellel vissza\u00e9l\u00e9s b\u0171ntett, k\u00f6zokirat-hamis\u00edt\u00e1s b\u0171ntett, valamint orgazdas\u00e1g b\u0171ntett elk\u00f6vet\u00e9s\u00e9nek megalapozott gyan\u00faja miatt indult elj\u00e1r\u00e1s a Mak\u00f3i Rend\u0151rkapit\u00e1nys\u00e1gon.<\/p>\n<p>A nyomoz\u00f3k a csaknem 6 milli\u00f3 forint \u00e9rt\u00e9k\u0171 szem\u00e9lyaut\u00f3t lefoglalt\u00e1k.<\/p>\n<\/p><\/div>\n<p><script>(function(d, s, id) {\n                                                                  var js, fjs = d.getElementsByTagName(s)[0];\n                                                                  if (d.getElementById(id)) return;\n                                                                  js = d.createElement(s); js.id = id;\n                                                                 \t\t js.src = \"http:\/\/connect.facebook.net\/hu_HU\/sdk.js#xfbml=1&version=v2.10\";\t   \t \n                                                                  fjs.parentNode.insertBefore(js, fjs);\n                                                                }(document, 'script', 'facebook-jssdk'));\n                                <\/script><br \/>\n<br \/>[ad_2]<br \/>\n<br \/><a href=\"https:\/\/hirek.oldal.info\/rssclick\/14361901\">Source link <\/a><\/p>\n","protected":false},"excerpt":{"rendered":"<p>[ad_1] A magyar rend\u0151r\u00f6k a n\u00e9met hat\u00f3s\u00e1gok \u00e1ltal k\u00f6r\u00f6z\u00f6tt j\u00e1rm\u0171vet foglaltak le a Csan\u00e1dpalota Aut\u00f3p\u00e1lya-hat\u00e1r\u00e1tkel\u0151helyen. Egy rom\u00e1n f\u00e9rfi jelentkezett bel\u00e9p\u00e9sre 2019. szeptember 1-j\u00e9n 0 \u00f3ra ut\u00e1n p\u00e1r perccel egy n\u00e9met honoss\u00e1g\u00fa szem\u00e9lyaut\u00f3 vezet\u0151jek\u00e9nt a Csan\u00e1dpalota Aut\u00f3p\u00e1lya-hat\u00e1r\u00e1tkel\u0151helyen. Az ellen\u0151rz\u00e9s meg\u00e1llap\u00edtotta, hogy a Jaguar XF t\u00edpus\u00fa g\u00e9pkocsi alv\u00e1zsz\u00e1m\u00e1t, valamint forgalmi enged\u00e9ly\u00e9t meghamis\u00edtott\u00e1k. Az eredeti adatok alapj\u00e1n a [&hellip;]<\/p>\n","protected":false},"author":2,"featured_media":1515,"comment_status":"open","ping_status":"open","sticky":false,"template":"","format":"standard","meta":{"footnotes":""},"categories":[1],"tags":[],"class_list":["post-1514","post","type-post","status-publish","format-standard","has-post-thumbnail","hentry","category-legujabb-penzugyi-hirek"],"yoast_head":"<!-- This site is optimized with the Yoast SEO plugin v27.4 - https:\/\/yoast.com\/product\/yoast-seo-wordpress\/ -->\n<title>K\u00f6r\u00f6z\u00f6tt Jaguar hamis alv\u00e1zsz\u00e1mmal \u00e9s forgalmival - Hot News in World<\/title>\n<meta name=\"robots\" content=\"index, follow, max-snippet:-1, max-image-preview:large, max-video-preview:-1\" \/>\n<link rel=\"canonical\" href=\"https:\/\/hotnewsinworld.com\/hu\/korozott-jaguar-hamis-alvazszammal-es-forgalmival\/\" \/>\n<meta property=\"og:locale\" content=\"hu_HU\" \/>\n<meta property=\"og:type\" content=\"article\" \/>\n<meta property=\"og:title\" content=\"K\u00f6r\u00f6z\u00f6tt Jaguar hamis alv\u00e1zsz\u00e1mmal \u00e9s forgalmival - Hot News in World\" \/>\n<meta property=\"og:description\" content=\"[ad_1] A magyar rend\u0151r\u00f6k a n\u00e9met hat\u00f3s\u00e1gok \u00e1ltal k\u00f6r\u00f6z\u00f6tt j\u00e1rm\u0171vet foglaltak le a Csan\u00e1dpalota Aut\u00f3p\u00e1lya-hat\u00e1r\u00e1tkel\u0151helyen. Egy rom\u00e1n f\u00e9rfi jelentkezett bel\u00e9p\u00e9sre 2019. szeptember 1-j\u00e9n 0 \u00f3ra ut\u00e1n p\u00e1r perccel egy n\u00e9met honoss\u00e1g\u00fa szem\u00e9lyaut\u00f3 vezet\u0151jek\u00e9nt a Csan\u00e1dpalota Aut\u00f3p\u00e1lya-hat\u00e1r\u00e1tkel\u0151helyen. Az ellen\u0151rz\u00e9s meg\u00e1llap\u00edtotta, hogy a Jaguar XF t\u00edpus\u00fa g\u00e9pkocsi alv\u00e1zsz\u00e1m\u00e1t, valamint forgalmi enged\u00e9ly\u00e9t meghamis\u00edtott\u00e1k. Az eredeti adatok alapj\u00e1n a [&hellip;]\" \/>\n<meta property=\"og:url\" content=\"https:\/\/hotnewsinworld.com\/hu\/korozott-jaguar-hamis-alvazszammal-es-forgalmival\/\" \/>\n<meta property=\"og:site_name\" content=\"Hot News in World\" \/>\n<meta property=\"article:published_time\" content=\"2019-09-02T05:50:39+00:00\" \/>\n<meta property=\"article:modified_time\" content=\"2019-09-02T05:50:40+00:00\" \/>\n<meta property=\"og:image\" content=\"https:\/\/hotnewsinworld.com\/hu\/wp-content\/uploads\/sites\/3\/2019\/09\/K\u00f6r\u00f6z\u00f6tt-Jaguar-hamis-alv\u00e1zsz\u00e1mmal-\u00e9s-forgalmival.jpg\" \/>\n\t<meta property=\"og:image:width\" content=\"751\" \/>\n\t<meta property=\"og:image:height\" content=\"500\" \/>\n\t<meta property=\"og:image:type\" content=\"image\/jpeg\" \/>\n<meta name=\"author\" content=\"hotnewsinworld\" \/>\n<meta name=\"twitter:card\" content=\"summary_large_image\" \/>\n<meta name=\"twitter:label1\" content=\"Szerz\u0151:\" \/>\n\t<meta name=\"twitter:data1\" content=\"hotnewsinworld\" \/>\n\t<meta name=\"twitter:label2\" content=\"Becs\u00fclt olvas\u00e1si id\u0151\" \/>\n\t<meta name=\"twitter:data2\" content=\"1 perc\" \/>\n<script type=\"application\/ld+json\" class=\"yoast-schema-graph\">{\"@context\":\"https:\\\/\\\/schema.org\",\"@graph\":[{\"@type\":\"Article\",\"@id\":\"https:\\\/\\\/hotnewsinworld.com\\\/hu\\\/korozott-jaguar-hamis-alvazszammal-es-forgalmival\\\/#article\",\"isPartOf\":{\"@id\":\"https:\\\/\\\/hotnewsinworld.com\\\/hu\\\/korozott-jaguar-hamis-alvazszammal-es-forgalmival\\\/\"},\"author\":{\"name\":\"hotnewsinworld\",\"@id\":\"https:\\\/\\\/hotnewsinworld.com\\\/hu\\\/#\\\/schema\\\/person\\\/fe61448b21c0d59086e75fcc1f9d8f6b\"},\"headline\":\"K\u00f6r\u00f6z\u00f6tt Jaguar hamis alv\u00e1zsz\u00e1mmal \u00e9s forgalmival\",\"datePublished\":\"2019-09-02T05:50:39+00:00\",\"dateModified\":\"2019-09-02T05:50:40+00:00\",\"mainEntityOfPage\":{\"@id\":\"https:\\\/\\\/hotnewsinworld.com\\\/hu\\\/korozott-jaguar-hamis-alvazszammal-es-forgalmival\\\/\"},\"wordCount\":184,\"commentCount\":0,\"image\":{\"@id\":\"https:\\\/\\\/hotnewsinworld.com\\\/hu\\\/korozott-jaguar-hamis-alvazszammal-es-forgalmival\\\/#primaryimage\"},\"thumbnailUrl\":\"https:\\\/\\\/hotnewsinworld.com\\\/hu\\\/wp-content\\\/uploads\\\/sites\\\/3\\\/2019\\\/09\\\/K\u00f6r\u00f6z\u00f6tt-Jaguar-hamis-alv\u00e1zsz\u00e1mmal-\u00e9s-forgalmival.jpg\",\"articleSection\":[\"LEG\u00daJABB P\u00c9NZ\u00dcGYI H\u00cdREK\"],\"inLanguage\":\"hu\",\"potentialAction\":[{\"@type\":\"CommentAction\",\"name\":\"Comment\",\"target\":[\"https:\\\/\\\/hotnewsinworld.com\\\/hu\\\/korozott-jaguar-hamis-alvazszammal-es-forgalmival\\\/#respond\"]}]},{\"@type\":\"WebPage\",\"@id\":\"https:\\\/\\\/hotnewsinworld.com\\\/hu\\\/korozott-jaguar-hamis-alvazszammal-es-forgalmival\\\/\",\"url\":\"https:\\\/\\\/hotnewsinworld.com\\\/hu\\\/korozott-jaguar-hamis-alvazszammal-es-forgalmival\\\/\",\"name\":\"K\u00f6r\u00f6z\u00f6tt Jaguar hamis alv\u00e1zsz\u00e1mmal \u00e9s forgalmival - Hot News in World\",\"isPartOf\":{\"@id\":\"https:\\\/\\\/hotnewsinworld.com\\\/hu\\\/#website\"},\"primaryImageOfPage\":{\"@id\":\"https:\\\/\\\/hotnewsinworld.com\\\/hu\\\/korozott-jaguar-hamis-alvazszammal-es-forgalmival\\\/#primaryimage\"},\"image\":{\"@id\":\"https:\\\/\\\/hotnewsinworld.com\\\/hu\\\/korozott-jaguar-hamis-alvazszammal-es-forgalmival\\\/#primaryimage\"},\"thumbnailUrl\":\"https:\\\/\\\/hotnewsinworld.com\\\/hu\\\/wp-content\\\/uploads\\\/sites\\\/3\\\/2019\\\/09\\\/K\u00f6r\u00f6z\u00f6tt-Jaguar-hamis-alv\u00e1zsz\u00e1mmal-\u00e9s-forgalmival.jpg\",\"datePublished\":\"2019-09-02T05:50:39+00:00\",\"dateModified\":\"2019-09-02T05:50:40+00:00\",\"author\":{\"@id\":\"https:\\\/\\\/hotnewsinworld.com\\\/hu\\\/#\\\/schema\\\/person\\\/fe61448b21c0d59086e75fcc1f9d8f6b\"},\"breadcrumb\":{\"@id\":\"https:\\\/\\\/hotnewsinworld.com\\\/hu\\\/korozott-jaguar-hamis-alvazszammal-es-forgalmival\\\/#breadcrumb\"},\"inLanguage\":\"hu\",\"potentialAction\":[{\"@type\":\"ReadAction\",\"target\":[\"https:\\\/\\\/hotnewsinworld.com\\\/hu\\\/korozott-jaguar-hamis-alvazszammal-es-forgalmival\\\/\"]}]},{\"@type\":\"ImageObject\",\"inLanguage\":\"hu\",\"@id\":\"https:\\\/\\\/hotnewsinworld.com\\\/hu\\\/korozott-jaguar-hamis-alvazszammal-es-forgalmival\\\/#primaryimage\",\"url\":\"https:\\\/\\\/hotnewsinworld.com\\\/hu\\\/wp-content\\\/uploads\\\/sites\\\/3\\\/2019\\\/09\\\/K\u00f6r\u00f6z\u00f6tt-Jaguar-hamis-alv\u00e1zsz\u00e1mmal-\u00e9s-forgalmival.jpg\",\"contentUrl\":\"https:\\\/\\\/hotnewsinworld.com\\\/hu\\\/wp-content\\\/uploads\\\/sites\\\/3\\\/2019\\\/09\\\/K\u00f6r\u00f6z\u00f6tt-Jaguar-hamis-alv\u00e1zsz\u00e1mmal-\u00e9s-forgalmival.jpg\",\"width\":751,\"height\":500,\"caption\":\"K\u00f6r\u00f6z\u00f6tt Jaguar hamis alv\u00e1zsz\u00e1mmal \u00e9s forgalmival\"},{\"@type\":\"BreadcrumbList\",\"@id\":\"https:\\\/\\\/hotnewsinworld.com\\\/hu\\\/korozott-jaguar-hamis-alvazszammal-es-forgalmival\\\/#breadcrumb\",\"itemListElement\":[{\"@type\":\"ListItem\",\"position\":1,\"name\":\"\u0413\u043b\u0430\u0432\u043d\u0430\u044f \u0441\u0442\u0440\u0430\u043d\u0438\u0446\u0430\",\"item\":\"https:\\\/\\\/hotnewsinworld.com\\\/hu\\\/\"},{\"@type\":\"ListItem\",\"position\":2,\"name\":\"K\u00f6r\u00f6z\u00f6tt Jaguar hamis alv\u00e1zsz\u00e1mmal \u00e9s forgalmival\"}]},{\"@type\":\"WebSite\",\"@id\":\"https:\\\/\\\/hotnewsinworld.com\\\/hu\\\/#website\",\"url\":\"https:\\\/\\\/hotnewsinworld.com\\\/hu\\\/\",\"name\":\"Hot News in World\",\"description\":\"Hot News in World from Hungary\",\"potentialAction\":[{\"@type\":\"SearchAction\",\"target\":{\"@type\":\"EntryPoint\",\"urlTemplate\":\"https:\\\/\\\/hotnewsinworld.com\\\/hu\\\/?s={search_term_string}\"},\"query-input\":{\"@type\":\"PropertyValueSpecification\",\"valueRequired\":true,\"valueName\":\"search_term_string\"}}],\"inLanguage\":\"hu\"},{\"@type\":\"Person\",\"@id\":\"https:\\\/\\\/hotnewsinworld.com\\\/hu\\\/#\\\/schema\\\/person\\\/fe61448b21c0d59086e75fcc1f9d8f6b\",\"name\":\"hotnewsinworld\",\"image\":{\"@type\":\"ImageObject\",\"inLanguage\":\"hu\",\"@id\":\"https:\\\/\\\/secure.gravatar.com\\\/avatar\\\/8a09ac165600ce2e1c38fe593c63928eb1e6e7ba5c5a907d67787c41b3d00c14?s=96&d=mm&r=g\",\"url\":\"https:\\\/\\\/secure.gravatar.com\\\/avatar\\\/8a09ac165600ce2e1c38fe593c63928eb1e6e7ba5c5a907d67787c41b3d00c14?s=96&d=mm&r=g\",\"contentUrl\":\"https:\\\/\\\/secure.gravatar.com\\\/avatar\\\/8a09ac165600ce2e1c38fe593c63928eb1e6e7ba5c5a907d67787c41b3d00c14?s=96&d=mm&r=g\",\"caption\":\"hotnewsinworld\"},\"url\":\"https:\\\/\\\/hotnewsinworld.com\\\/hu\\\/author\\\/pt\\\/\"}]}<\/script>\n<!-- \/ Yoast SEO plugin. -->","yoast_head_json":{"title":"K\u00f6r\u00f6z\u00f6tt Jaguar hamis alv\u00e1zsz\u00e1mmal \u00e9s forgalmival - Hot News in World","robots":{"index":"index","follow":"follow","max-snippet":"max-snippet:-1","max-image-preview":"max-image-preview:large","max-video-preview":"max-video-preview:-1"},"canonical":"https:\/\/hotnewsinworld.com\/hu\/korozott-jaguar-hamis-alvazszammal-es-forgalmival\/","og_locale":"hu_HU","og_type":"article","og_title":"K\u00f6r\u00f6z\u00f6tt Jaguar hamis alv\u00e1zsz\u00e1mmal \u00e9s forgalmival - Hot News in World","og_description":"[ad_1] A magyar rend\u0151r\u00f6k a n\u00e9met hat\u00f3s\u00e1gok \u00e1ltal k\u00f6r\u00f6z\u00f6tt j\u00e1rm\u0171vet foglaltak le a Csan\u00e1dpalota Aut\u00f3p\u00e1lya-hat\u00e1r\u00e1tkel\u0151helyen. Egy rom\u00e1n f\u00e9rfi jelentkezett bel\u00e9p\u00e9sre 2019. szeptember 1-j\u00e9n 0 \u00f3ra ut\u00e1n p\u00e1r perccel egy n\u00e9met honoss\u00e1g\u00fa szem\u00e9lyaut\u00f3 vezet\u0151jek\u00e9nt a Csan\u00e1dpalota Aut\u00f3p\u00e1lya-hat\u00e1r\u00e1tkel\u0151helyen. Az ellen\u0151rz\u00e9s meg\u00e1llap\u00edtotta, hogy a Jaguar XF t\u00edpus\u00fa g\u00e9pkocsi alv\u00e1zsz\u00e1m\u00e1t, valamint forgalmi enged\u00e9ly\u00e9t meghamis\u00edtott\u00e1k. Az eredeti adatok alapj\u00e1n a [&hellip;]","og_url":"https:\/\/hotnewsinworld.com\/hu\/korozott-jaguar-hamis-alvazszammal-es-forgalmival\/","og_site_name":"Hot News in World","article_published_time":"2019-09-02T05:50:39+00:00","article_modified_time":"2019-09-02T05:50:40+00:00","og_image":[{"width":751,"height":500,"url":"https:\/\/hotnewsinworld.com\/hu\/wp-content\/uploads\/sites\/3\/2019\/09\/K\u00f6r\u00f6z\u00f6tt-Jaguar-hamis-alv\u00e1zsz\u00e1mmal-\u00e9s-forgalmival.jpg","type":"image\/jpeg"}],"author":"hotnewsinworld","twitter_card":"summary_large_image","twitter_misc":{"Szerz\u0151:":"hotnewsinworld","Becs\u00fclt olvas\u00e1si id\u0151":"1 perc"},"schema":{"@context":"https:\/\/schema.org","@graph":[{"@type":"Article","@id":"https:\/\/hotnewsinworld.com\/hu\/korozott-jaguar-hamis-alvazszammal-es-forgalmival\/#article","isPartOf":{"@id":"https:\/\/hotnewsinworld.com\/hu\/korozott-jaguar-hamis-alvazszammal-es-forgalmival\/"},"author":{"name":"hotnewsinworld","@id":"https:\/\/hotnewsinworld.com\/hu\/#\/schema\/person\/fe61448b21c0d59086e75fcc1f9d8f6b"},"headline":"K\u00f6r\u00f6z\u00f6tt Jaguar hamis alv\u00e1zsz\u00e1mmal \u00e9s forgalmival","datePublished":"2019-09-02T05:50:39+00:00","dateModified":"2019-09-02T05:50:40+00:00","mainEntityOfPage":{"@id":"https:\/\/hotnewsinworld.com\/hu\/korozott-jaguar-hamis-alvazszammal-es-forgalmival\/"},"wordCount":184,"commentCount":0,"image":{"@id":"https:\/\/hotnewsinworld.com\/hu\/korozott-jaguar-hamis-alvazszammal-es-forgalmival\/#primaryimage"},"thumbnailUrl":"https:\/\/hotnewsinworld.com\/hu\/wp-content\/uploads\/sites\/3\/2019\/09\/K\u00f6r\u00f6z\u00f6tt-Jaguar-hamis-alv\u00e1zsz\u00e1mmal-\u00e9s-forgalmival.jpg","articleSection":["LEG\u00daJABB P\u00c9NZ\u00dcGYI H\u00cdREK"],"inLanguage":"hu","potentialAction":[{"@type":"CommentAction","name":"Comment","target":["https:\/\/hotnewsinworld.com\/hu\/korozott-jaguar-hamis-alvazszammal-es-forgalmival\/#respond"]}]},{"@type":"WebPage","@id":"https:\/\/hotnewsinworld.com\/hu\/korozott-jaguar-hamis-alvazszammal-es-forgalmival\/","url":"https:\/\/hotnewsinworld.com\/hu\/korozott-jaguar-hamis-alvazszammal-es-forgalmival\/","name":"K\u00f6r\u00f6z\u00f6tt Jaguar hamis alv\u00e1zsz\u00e1mmal \u00e9s forgalmival - Hot News in World","isPartOf":{"@id":"https:\/\/hotnewsinworld.com\/hu\/#website"},"primaryImageOfPage":{"@id":"https:\/\/hotnewsinworld.com\/hu\/korozott-jaguar-hamis-alvazszammal-es-forgalmival\/#primaryimage"},"image":{"@id":"https:\/\/hotnewsinworld.com\/hu\/korozott-jaguar-hamis-alvazszammal-es-forgalmival\/#primaryimage"},"thumbnailUrl":"https:\/\/hotnewsinworld.com\/hu\/wp-content\/uploads\/sites\/3\/2019\/09\/K\u00f6r\u00f6z\u00f6tt-Jaguar-hamis-alv\u00e1zsz\u00e1mmal-\u00e9s-forgalmival.jpg","datePublished":"2019-09-02T05:50:39+00:00","dateModified":"2019-09-02T05:50:40+00:00","author":{"@id":"https:\/\/hotnewsinworld.com\/hu\/#\/schema\/person\/fe61448b21c0d59086e75fcc1f9d8f6b"},"breadcrumb":{"@id":"https:\/\/hotnewsinworld.com\/hu\/korozott-jaguar-hamis-alvazszammal-es-forgalmival\/#breadcrumb"},"inLanguage":"hu","potentialAction":[{"@type":"ReadAction","target":["https:\/\/hotnewsinworld.com\/hu\/korozott-jaguar-hamis-alvazszammal-es-forgalmival\/"]}]},{"@type":"ImageObject","inLanguage":"hu","@id":"https:\/\/hotnewsinworld.com\/hu\/korozott-jaguar-hamis-alvazszammal-es-forgalmival\/#primaryimage","url":"https:\/\/hotnewsinworld.com\/hu\/wp-content\/uploads\/sites\/3\/2019\/09\/K\u00f6r\u00f6z\u00f6tt-Jaguar-hamis-alv\u00e1zsz\u00e1mmal-\u00e9s-forgalmival.jpg","contentUrl":"https:\/\/hotnewsinworld.com\/hu\/wp-content\/uploads\/sites\/3\/2019\/09\/K\u00f6r\u00f6z\u00f6tt-Jaguar-hamis-alv\u00e1zsz\u00e1mmal-\u00e9s-forgalmival.jpg","width":751,"height":500,"caption":"K\u00f6r\u00f6z\u00f6tt Jaguar hamis alv\u00e1zsz\u00e1mmal \u00e9s forgalmival"},{"@type":"BreadcrumbList","@id":"https:\/\/hotnewsinworld.com\/hu\/korozott-jaguar-hamis-alvazszammal-es-forgalmival\/#breadcrumb","itemListElement":[{"@type":"ListItem","position":1,"name":"\u0413\u043b\u0430\u0432\u043d\u0430\u044f \u0441\u0442\u0440\u0430\u043d\u0438\u0446\u0430","item":"https:\/\/hotnewsinworld.com\/hu\/"},{"@type":"ListItem","position":2,"name":"K\u00f6r\u00f6z\u00f6tt Jaguar hamis alv\u00e1zsz\u00e1mmal \u00e9s forgalmival"}]},{"@type":"WebSite","@id":"https:\/\/hotnewsinworld.com\/hu\/#website","url":"https:\/\/hotnewsinworld.com\/hu\/","name":"Hot News in World","description":"Hot News in World from Hungary","potentialAction":[{"@type":"SearchAction","target":{"@type":"EntryPoint","urlTemplate":"https:\/\/hotnewsinworld.com\/hu\/?s={search_term_string}"},"query-input":{"@type":"PropertyValueSpecification","valueRequired":true,"valueName":"search_term_string"}}],"inLanguage":"hu"},{"@type":"Person","@id":"https:\/\/hotnewsinworld.com\/hu\/#\/schema\/person\/fe61448b21c0d59086e75fcc1f9d8f6b","name":"hotnewsinworld","image":{"@type":"ImageObject","inLanguage":"hu","@id":"https:\/\/secure.gravatar.com\/avatar\/8a09ac165600ce2e1c38fe593c63928eb1e6e7ba5c5a907d67787c41b3d00c14?s=96&d=mm&r=g","url":"https:\/\/secure.gravatar.com\/avatar\/8a09ac165600ce2e1c38fe593c63928eb1e6e7ba5c5a907d67787c41b3d00c14?s=96&d=mm&r=g","contentUrl":"https:\/\/secure.gravatar.com\/avatar\/8a09ac165600ce2e1c38fe593c63928eb1e6e7ba5c5a907d67787c41b3d00c14?s=96&d=mm&r=g","caption":"hotnewsinworld"},"url":"https:\/\/hotnewsinworld.com\/hu\/author\/pt\/"}]}},"_links":{"self":[{"href":"https:\/\/hotnewsinworld.com\/hu\/wp-json\/wp\/v2\/posts\/1514","targetHints":{"allow":["GET"]}}],"collection":[{"href":"https:\/\/hotnewsinworld.com\/hu\/wp-json\/wp\/v2\/posts"}],"about":[{"href":"https:\/\/hotnewsinworld.com\/hu\/wp-json\/wp\/v2\/types\/post"}],"author":[{"embeddable":true,"href":"https:\/\/hotnewsinworld.com\/hu\/wp-json\/wp\/v2\/users\/2"}],"replies":[{"embeddable":true,"href":"https:\/\/hotnewsinworld.com\/hu\/wp-json\/wp\/v2\/comments?post=1514"}],"version-history":[{"count":1,"href":"https:\/\/hotnewsinworld.com\/hu\/wp-json\/wp\/v2\/posts\/1514\/revisions"}],"predecessor-version":[{"id":1516,"href":"https:\/\/hotnewsinworld.com\/hu\/wp-json\/wp\/v2\/posts\/1514\/revisions\/1516"}],"wp:featuredmedia":[{"embeddable":true,"href":"https:\/\/hotnewsinworld.com\/hu\/wp-json\/wp\/v2\/media\/1515"}],"wp:attachment":[{"href":"https:\/\/hotnewsinworld.com\/hu\/wp-json\/wp\/v2\/media?parent=1514"}],"wp:term":[{"taxonomy":"category","embeddable":true,"href":"https:\/\/hotnewsinworld.com\/hu\/wp-json\/wp\/v2\/categories?post=1514"},{"taxonomy":"post_tag","embeddable":true,"href":"https:\/\/hotnewsinworld.com\/hu\/wp-json\/wp\/v2\/tags?post=1514"}],"curies":[{"name":"wp","href":"https:\/\/api.w.org\/{rel}","templated":true}]}}