{"id":1517,"date":"2019-09-02T10:22:48","date_gmt":"2019-09-02T07:22:48","guid":{"rendered":"https:\/\/hotnewsinworld.com\/hu\/nepszava-ha-nehezen-is-de-osszezart-az-ellenzek-csepelen\/"},"modified":"2019-09-02T10:22:49","modified_gmt":"2019-09-02T07:22:49","slug":"nepszava-ha-nehezen-is-de-osszezart-az-ellenzek-csepelen","status":"publish","type":"post","link":"https:\/\/hotnewsinworld.com\/hu\/nepszava-ha-nehezen-is-de-osszezart-az-ellenzek-csepelen\/","title":{"rendered":"N\u00e9pszava \u201eHa nehezen is, de \u00f6sszez\u00e1rt az ellenz\u00e9k Csepelen\u201d"},"content":{"rendered":"<p> [ad_1]<br \/>\n<\/p>\n<p>Hangversenycsarnokot tervez a Csepel M\u0171vek ter\u00fclet\u00e9n, \u00e9s folytatn\u00e1 a Fidesz miatt le\u00e1llt panelprogramot Erd\u0151si \u00c9va, a XXI. ker\u00fclet k\u00f6z\u00f6s ellenz\u00e9ki polg\u00e1rmester-jel\u00f6ltje.<\/p>\n<div><b>Mi\u00e9rt nem t\u00e1mogatta \u00f6nt kezdetben a Momentum? Azt\u00e1n v\u00e9g\u00fcl mivel siker\u00fclt m\u00e9gis maga m\u00f6g\u00e9 \u00e1ll\u00edtania a p\u00e1rtot?<\/b><br \/>Jel\u00f6lts\u00e9gemet kezdett\u0151l fogva t\u00e1mogatta a f\u0151v\u00e1rosi \u00e9s a csepeli Momentum is. A csepeli szervezet egyes tagjai v\u00e9lt\u00e9k \u00fagy, hogy az ut\u00f3bbi kilenc \u00e9vben a Fidesz \u00e1ltal k\u00f6zel \u00f6tven \u00fcgyben feljelentett MSZP-s Szenteczky J\u00e1nos szem\u00e9lye akad\u00e1lya az egy\u00fcttm\u0171k\u00f6d\u00e9s\u00fcknek. Szem\u00e9ly szerint meggy\u0151z\u0151d\u00e9sem, hogy a helyi szocialist\u00e1k kor\u00e1bbi vezet\u0151je tisztess\u00e9ges, a ker\u00fclet jobb\u00e1 t\u00e9tele mellett elk\u00f6telezett ember, akit nyilv\u00e1nval\u00f3an az\u00e9rt t\u00e1madott \u00e9veken \u00e1t a Fidesz, mert kellett valaki, akit ellens\u00e9gnek \u00e1ll\u00edthattak be a csepeliek el\u0151tt. \u0150szint\u00e9n \u00f6r\u00fcl\u00f6k, hogy mostanra a Momentum csepeli k\u00e9pvisel\u0151i is \u00fagy l\u00e1tj\u00e1k, az a legjobb, ha egym\u00e1ssal \u00f6sszefogva indulunk harcba a Fidesszel szemben. Ha nehezen is, de \u00f6sszez\u00e1rt teh\u00e1t a teljes ellenz\u00e9k Csepelen. Ennek pedig egyed\u00fcl a N\u00e9meth Szil\u00e1rd-Borb\u00e9ly L\u00e9n\u00e1rd f\u00e9le fideszes v\u00e1rosvezet\u00e9s nem \u00f6r\u00fclhet.<\/p>\n<p><b>Minden csepeli polg\u00e1rmestere akar lenni, de civilk\u00e9nt \u00e1ll ki a fideszes Borb\u00e9ly L\u00e9n\u00e1rd ellen. Csak \u00edgy nyerhet?<\/b><br \/>Csepel nem kimondottan fideszes ker\u00fclet, m\u00e9gis t\u00f6bb ciklus \u00f3ta a korm\u00e1nyp\u00e1rthoz k\u00f6t\u0151d\u0151 polg\u00e1rmester \u00e9s \u00f6nkorm\u00e1nyzati t\u00f6bbs\u00e9g\u0171 test\u00fclet ir\u00e1ny\u00edt. Ugyanakkor kilenc \u00e9vvel ezel\u0151tt ellenz\u00e9ki politikust juttattak orsz\u00e1ggy\u0171l\u00e9si mand\u00e1tumhoz, aki tavaly megint nyert, r\u00e1ad\u00e1sul mindk\u00e9tszer a fideszes N\u00e9meth Szil\u00e1rd ellen\u00e9ben. Vagyis vegyes a k\u00e9p.<\/p>\n<p><b>Az\u00e9rt szerzett k\u00e9tszer egym\u00e1s ut\u00e1n Szab\u00f3 Szabolcs parlamenti k\u00e9pvisel\u0151i helyet, mert a helyiek nem szeretik N\u00e9meth Szil\u00e1rdot?<\/b><br \/>A korm\u00e1nyellenes er\u0151k gy\u0151zelme nem volt v\u00e9letlen, hiszen ez egy munk\u00e1sker\u00fclet. Egyszer\u0171bb itt a meg\u00e9lhet\u00e9s, k\u00f6nnyebben tal\u00e1lnak itt lakhat\u00e1st az emberek. M\u00e9g sokan vannak a r\u00e9gi alkalmazottak, akik az orsz\u00e1g egykori legnagyobb \u00fczem\u00e9ben a Csepel Vas- \u00e9s F\u00e9mm\u0171vekn\u00e9l dolgoztak.<\/p>\n<p><b>Ha m\u00e1r sz\u00f3ba ker\u00fclt a Csepel M\u0171vek: milyen viszonyok uralkodnak ma a hatalmas iparter\u00fcleten?<\/b><br \/>Kaotikusak. \u00c9ppen ez\u00e9rt az lesz az \u00faj test\u00fclet egyik legfontosabb dolga, hogy rendet tegyen ott. Az elm\u00falt csaknem harminc \u00e9vben sz\u00e1mos \u00edg\u00e9ret hangzott el ezzel kapcsolatban, de nem sok eredm\u00e9ny sz\u00fcletett. Pedig ezt a ter\u00fcletet nem lehet \u00edgy hagyni, hiszen m\u00faltja \u00e9s j\u00f6v\u0151je miatt is jelent\u0151s \u00e9rt\u00e9k. Olyan funkci\u00f3t kell tal\u00e1lni, amely Csepel gazdagod\u00e1s\u00e1t szolg\u00e1lja, de k\u00f6z\u00f6ss\u00e9gi funkci\u00f3kat is bet\u00f6lt. Manaps\u00e1g ez egy parcell\u00e1kra felosztott ter\u00fclet, ahol kis- \u00e9s mikrov\u00e1llalkoz\u00e1sok m\u0171k\u00f6dnek, amelyekkel senki sem t\u00f6r\u0151dik. \u00c9n egy vegyes hasznos\u00edt\u00e1s\u00fa ter\u00fcletet k\u00e9pzelek el: ipari \u00fczemek idevonz\u00e1s\u00e1ban nem b\u00edzom, viszont a szolg\u00e1ltat\u00f3 funkci\u00f3 megval\u00f3sulhat. Mostan\u00e1ban divatos a retr\u00f3, itt minden helyben van, ami m\u00fazeumi k\u00f6r\u00fclm\u00e9nyek k\u00f6z\u00f6tt bemutatva ak\u00e1r idegenforgalmi attrakci\u00f3v\u00e1 is v\u00e1lhat. Olyan hangversenycsarnokot lehetne l\u00e9tes\u00edteni, amely a lak\u00f3k\u00f6rnyezetet nem zavarja, ugyanakkor j\u00f3l megk\u00f6zel\u00edthet\u0151. Meggy\u0151z\u0151d\u00e9sem, hogy a le\u00e9p\u00fcl\u00e9s meg\u00e1ll\u00edthat\u00f3.<\/p>\n<p><b>Csepel utc\u00e1it j\u00e1rva minden\u00fctt a fideszes sikerpropaganda plak\u00e1tjait l\u00e1tni: meg\u00fajultak a j\u00e1tsz\u00f3terek, b\u0151v\u00fcltek a b\u00f6lcs\u0151dei f\u00e9r\u0151helyek, sokat k\u00f6lt\u00f6ttek a f\u00f6ldutak egy r\u00e9sz\u00e9nek a felsz\u00e1mol\u00e1s\u00e1ra, meg\u00fajult a strand, \u00e9s folytat\u00f3dott a panelprogram.<\/b><br \/>Ezeket \u00e9n csak l\u00e1tv\u00e1nyberuh\u00e1z\u00e1soknak nevezn\u00e9m. A strand p\u00e9ld\u00e1ul nem k\u00e9sz\u00fclt el, az \u00f6lt\u00f6z\u0151 helyett m\u00e9g mindig b\u00e1dogb\u00f3d\u00e9k v\u00e1rj\u00e1k a f\u00fcrd\u0151z\u0151ket. A panelprogramot m\u00e9g a baloldali vezet\u00e9s ind\u00edtotta el, \u00e9s b\u00e1r egy ideig folytat\u00f3dott, kiz\u00e1r\u00f3lag a ker\u00fclet belv\u00e1ros\u00e1ra korl\u00e1toz\u00f3dott, r\u00e1ad\u00e1sul hi\u00e1nyzik a szigetel\u00e9s, kimaradtak a biztons\u00e1got szolg\u00e1l\u00f3 kamer\u00e1k. Lehet ugyan n\u00e9h\u00e1ny \u00e9p\u00fcletre mutogatva b\u00fcszk\u00e9lkedni, de t\u00e9ny, hogy a panelprogram v\u00e9g\u00fcl le\u00e1llt. Mi viszont majd folytatjuk, \u00e9s be is fejezz\u00fck! A korm\u00e1nyablakn\u00e1l  mindennapos k\u00e1osz alakul ki, az utc\u00e1kat ellepi a kosz, a rendel\u0151int\u00e9zet m\u0171k\u00f6d\u00e9s\u00e9ben zavar tapasztalhat\u00f3. Az viszont k\u00e9ts\u00e9gtelen, hogy sok j\u00e1tsz\u00f3t\u00e9r meg\u00fajult, de az\u00e9rt csak nem j\u00e1r dics\u00e9ret, hogy van olyan alapvet\u0151 feladat, amit elv\u00e9gzett az \u00f6nkorm\u00e1nyzat. Mindek\u00f6zben N\u00e9meth Szil\u00e1rdnak, a Magyar Birk\u00f3z\u00f3sz\u00f6vets\u00e9g eln\u00f6k\u00e9nek mag\u00e1nalap\u00edtv\u00e1nya a kor\u00e1bbi k\u00e9tmilli\u00e1rd forint ut\u00e1n \u00fajabb k\u00e9tmilli\u00e1rd forintot kapott a Kis-Dun\u00e1n\u00e1l l\u00e9v\u0151 birk\u00f3z\u00f3 akad\u00e9mia l\u00e9tes\u00edt\u00e9s\u00e9re, olyan term\u00e9szetk\u00f6zeli helyre, ahov\u00e1 egy\u00e1ltal\u00e1n nem val\u00f3.<\/p>\n<p><b>\u00d6n a devizahitelk\u00e1rosultak pereiben sikeres gazdas\u00e1gi tan\u00e1csad\u00f3k\u00e9nt v\u00e1lt orsz\u00e1gosan ismertt\u00e9. Mik\u00e9nt lehet seg\u00edteni azt, hogy a Csepelen is elszabadult lak\u00e1s\u00e1rak ellen\u00e9re otthonhoz juthassanak a helyb\u00e9liek?<\/b><br \/>Alapvet\u0151en k\u00f6lcs\u00f6nellenes vagyok, illetve azt nem javasoln\u00e1m, hogy a csal\u00e1dok anyagi erej\u00fck\u00f6n fel\u00fcl \u00e9vtizedekre elad\u00f3sodjanak. Ez\u00e9rt azt szeretn\u00e9m a f\u0151v\u00e1rossal egy\u00fctt, hogy a XXI. ker\u00fcletben is megval\u00f3suljon a b\u00e9rlak\u00e1sprogram.<\/p>\n<\/div>\n<p>[ad_2]<br \/>\n<br \/><a href=\"https:\/\/hirek.oldal.info\/rssclick\/14362127\">Source link <\/a><\/p>\n","protected":false},"excerpt":{"rendered":"<p>[ad_1] Hangversenycsarnokot tervez a Csepel M\u0171vek ter\u00fclet\u00e9n, \u00e9s folytatn\u00e1 a Fidesz miatt le\u00e1llt panelprogramot Erd\u0151si \u00c9va, a XXI. ker\u00fclet k\u00f6z\u00f6s ellenz\u00e9ki polg\u00e1rmester-jel\u00f6ltje. Mi\u00e9rt nem t\u00e1mogatta \u00f6nt kezdetben a Momentum? Azt\u00e1n v\u00e9g\u00fcl mivel siker\u00fclt m\u00e9gis maga m\u00f6g\u00e9 \u00e1ll\u00edtania a p\u00e1rtot?Jel\u00f6lts\u00e9gemet kezdett\u0151l fogva t\u00e1mogatta a f\u0151v\u00e1rosi \u00e9s a csepeli Momentum is. A csepeli szervezet egyes tagjai v\u00e9lt\u00e9k [&hellip;]<\/p>\n","protected":false},"author":2,"featured_media":1518,"comment_status":"open","ping_status":"open","sticky":false,"template":"","format":"standard","meta":{"footnotes":""},"categories":[1],"tags":[],"class_list":["post-1517","post","type-post","status-publish","format-standard","has-post-thumbnail","hentry","category-legujabb-penzugyi-hirek"],"yoast_head":"<!-- This site is optimized with the Yoast SEO plugin v27.4 - https:\/\/yoast.com\/product\/yoast-seo-wordpress\/ -->\n<title>N\u00e9pszava \u201eHa nehezen is, de \u00f6sszez\u00e1rt az ellenz\u00e9k Csepelen\u201d - Hot News in World<\/title>\n<meta name=\"robots\" content=\"index, follow, max-snippet:-1, max-image-preview:large, max-video-preview:-1\" \/>\n<link rel=\"canonical\" href=\"https:\/\/hotnewsinworld.com\/hu\/nepszava-ha-nehezen-is-de-osszezart-az-ellenzek-csepelen\/\" \/>\n<meta property=\"og:locale\" content=\"hu_HU\" \/>\n<meta property=\"og:type\" content=\"article\" \/>\n<meta property=\"og:title\" content=\"N\u00e9pszava \u201eHa nehezen is, de \u00f6sszez\u00e1rt az ellenz\u00e9k Csepelen\u201d - Hot News in World\" \/>\n<meta property=\"og:description\" content=\"[ad_1] Hangversenycsarnokot tervez a Csepel M\u0171vek ter\u00fclet\u00e9n, \u00e9s folytatn\u00e1 a Fidesz miatt le\u00e1llt panelprogramot Erd\u0151si \u00c9va, a XXI. ker\u00fclet k\u00f6z\u00f6s ellenz\u00e9ki polg\u00e1rmester-jel\u00f6ltje. Mi\u00e9rt nem t\u00e1mogatta \u00f6nt kezdetben a Momentum? Azt\u00e1n v\u00e9g\u00fcl mivel siker\u00fclt m\u00e9gis maga m\u00f6g\u00e9 \u00e1ll\u00edtania a p\u00e1rtot?Jel\u00f6lts\u00e9gemet kezdett\u0151l fogva t\u00e1mogatta a f\u0151v\u00e1rosi \u00e9s a csepeli Momentum is. A csepeli szervezet egyes tagjai v\u00e9lt\u00e9k [&hellip;]\" \/>\n<meta property=\"og:url\" content=\"https:\/\/hotnewsinworld.com\/hu\/nepszava-ha-nehezen-is-de-osszezart-az-ellenzek-csepelen\/\" \/>\n<meta property=\"og:site_name\" content=\"Hot News in World\" \/>\n<meta property=\"article:published_time\" content=\"2019-09-02T07:22:48+00:00\" \/>\n<meta property=\"article:modified_time\" content=\"2019-09-02T07:22:49+00:00\" \/>\n<meta property=\"og:image\" content=\"https:\/\/hotnewsinworld.com\/hu\/wp-content\/uploads\/sites\/3\/2019\/09\/N\u00e9pszava-\u201eHa-nehezen-is-de-\u00f6sszez\u00e1rt-az-ellenz\u00e9k-Csepelen\u201d.jpg\" \/>\n\t<meta property=\"og:image:width\" content=\"1000\" \/>\n\t<meta property=\"og:image:height\" content=\"600\" \/>\n\t<meta property=\"og:image:type\" content=\"image\/jpeg\" \/>\n<meta name=\"author\" content=\"hotnewsinworld\" \/>\n<meta name=\"twitter:card\" content=\"summary_large_image\" \/>\n<meta name=\"twitter:label1\" content=\"Szerz\u0151:\" \/>\n\t<meta name=\"twitter:data1\" content=\"hotnewsinworld\" \/>\n\t<meta name=\"twitter:label2\" content=\"Becs\u00fclt olvas\u00e1si id\u0151\" \/>\n\t<meta name=\"twitter:data2\" content=\"5 perc\" \/>\n<script type=\"application\/ld+json\" class=\"yoast-schema-graph\">{\"@context\":\"https:\\\/\\\/schema.org\",\"@graph\":[{\"@type\":\"Article\",\"@id\":\"https:\\\/\\\/hotnewsinworld.com\\\/hu\\\/nepszava-ha-nehezen-is-de-osszezart-az-ellenzek-csepelen\\\/#article\",\"isPartOf\":{\"@id\":\"https:\\\/\\\/hotnewsinworld.com\\\/hu\\\/nepszava-ha-nehezen-is-de-osszezart-az-ellenzek-csepelen\\\/\"},\"author\":{\"name\":\"hotnewsinworld\",\"@id\":\"https:\\\/\\\/hotnewsinworld.com\\\/hu\\\/#\\\/schema\\\/person\\\/fe61448b21c0d59086e75fcc1f9d8f6b\"},\"headline\":\"N\u00e9pszava \u201eHa nehezen is, de \u00f6sszez\u00e1rt az ellenz\u00e9k Csepelen\u201d\",\"datePublished\":\"2019-09-02T07:22:48+00:00\",\"dateModified\":\"2019-09-02T07:22:49+00:00\",\"mainEntityOfPage\":{\"@id\":\"https:\\\/\\\/hotnewsinworld.com\\\/hu\\\/nepszava-ha-nehezen-is-de-osszezart-az-ellenzek-csepelen\\\/\"},\"wordCount\":1010,\"commentCount\":0,\"image\":{\"@id\":\"https:\\\/\\\/hotnewsinworld.com\\\/hu\\\/nepszava-ha-nehezen-is-de-osszezart-az-ellenzek-csepelen\\\/#primaryimage\"},\"thumbnailUrl\":\"https:\\\/\\\/hotnewsinworld.com\\\/hu\\\/wp-content\\\/uploads\\\/sites\\\/3\\\/2019\\\/09\\\/N\u00e9pszava-\u201eHa-nehezen-is-de-\u00f6sszez\u00e1rt-az-ellenz\u00e9k-Csepelen\u201d.jpg\",\"articleSection\":[\"LEG\u00daJABB P\u00c9NZ\u00dcGYI H\u00cdREK\"],\"inLanguage\":\"hu\",\"potentialAction\":[{\"@type\":\"CommentAction\",\"name\":\"Comment\",\"target\":[\"https:\\\/\\\/hotnewsinworld.com\\\/hu\\\/nepszava-ha-nehezen-is-de-osszezart-az-ellenzek-csepelen\\\/#respond\"]}]},{\"@type\":\"WebPage\",\"@id\":\"https:\\\/\\\/hotnewsinworld.com\\\/hu\\\/nepszava-ha-nehezen-is-de-osszezart-az-ellenzek-csepelen\\\/\",\"url\":\"https:\\\/\\\/hotnewsinworld.com\\\/hu\\\/nepszava-ha-nehezen-is-de-osszezart-az-ellenzek-csepelen\\\/\",\"name\":\"N\u00e9pszava \u201eHa nehezen is, de \u00f6sszez\u00e1rt az ellenz\u00e9k Csepelen\u201d - Hot News in World\",\"isPartOf\":{\"@id\":\"https:\\\/\\\/hotnewsinworld.com\\\/hu\\\/#website\"},\"primaryImageOfPage\":{\"@id\":\"https:\\\/\\\/hotnewsinworld.com\\\/hu\\\/nepszava-ha-nehezen-is-de-osszezart-az-ellenzek-csepelen\\\/#primaryimage\"},\"image\":{\"@id\":\"https:\\\/\\\/hotnewsinworld.com\\\/hu\\\/nepszava-ha-nehezen-is-de-osszezart-az-ellenzek-csepelen\\\/#primaryimage\"},\"thumbnailUrl\":\"https:\\\/\\\/hotnewsinworld.com\\\/hu\\\/wp-content\\\/uploads\\\/sites\\\/3\\\/2019\\\/09\\\/N\u00e9pszava-\u201eHa-nehezen-is-de-\u00f6sszez\u00e1rt-az-ellenz\u00e9k-Csepelen\u201d.jpg\",\"datePublished\":\"2019-09-02T07:22:48+00:00\",\"dateModified\":\"2019-09-02T07:22:49+00:00\",\"author\":{\"@id\":\"https:\\\/\\\/hotnewsinworld.com\\\/hu\\\/#\\\/schema\\\/person\\\/fe61448b21c0d59086e75fcc1f9d8f6b\"},\"breadcrumb\":{\"@id\":\"https:\\\/\\\/hotnewsinworld.com\\\/hu\\\/nepszava-ha-nehezen-is-de-osszezart-az-ellenzek-csepelen\\\/#breadcrumb\"},\"inLanguage\":\"hu\",\"potentialAction\":[{\"@type\":\"ReadAction\",\"target\":[\"https:\\\/\\\/hotnewsinworld.com\\\/hu\\\/nepszava-ha-nehezen-is-de-osszezart-az-ellenzek-csepelen\\\/\"]}]},{\"@type\":\"ImageObject\",\"inLanguage\":\"hu\",\"@id\":\"https:\\\/\\\/hotnewsinworld.com\\\/hu\\\/nepszava-ha-nehezen-is-de-osszezart-az-ellenzek-csepelen\\\/#primaryimage\",\"url\":\"https:\\\/\\\/hotnewsinworld.com\\\/hu\\\/wp-content\\\/uploads\\\/sites\\\/3\\\/2019\\\/09\\\/N\u00e9pszava-\u201eHa-nehezen-is-de-\u00f6sszez\u00e1rt-az-ellenz\u00e9k-Csepelen\u201d.jpg\",\"contentUrl\":\"https:\\\/\\\/hotnewsinworld.com\\\/hu\\\/wp-content\\\/uploads\\\/sites\\\/3\\\/2019\\\/09\\\/N\u00e9pszava-\u201eHa-nehezen-is-de-\u00f6sszez\u00e1rt-az-ellenz\u00e9k-Csepelen\u201d.jpg\",\"width\":1000,\"height\":600,\"caption\":\"N\u00e9pszava \u201eHa nehezen is, de \u00f6sszez\u00e1rt az ellenz\u00e9k Csepelen\u201d\"},{\"@type\":\"BreadcrumbList\",\"@id\":\"https:\\\/\\\/hotnewsinworld.com\\\/hu\\\/nepszava-ha-nehezen-is-de-osszezart-az-ellenzek-csepelen\\\/#breadcrumb\",\"itemListElement\":[{\"@type\":\"ListItem\",\"position\":1,\"name\":\"\u0413\u043b\u0430\u0432\u043d\u0430\u044f \u0441\u0442\u0440\u0430\u043d\u0438\u0446\u0430\",\"item\":\"https:\\\/\\\/hotnewsinworld.com\\\/hu\\\/\"},{\"@type\":\"ListItem\",\"position\":2,\"name\":\"N\u00e9pszava \u201eHa nehezen is, de \u00f6sszez\u00e1rt az ellenz\u00e9k Csepelen\u201d\"}]},{\"@type\":\"WebSite\",\"@id\":\"https:\\\/\\\/hotnewsinworld.com\\\/hu\\\/#website\",\"url\":\"https:\\\/\\\/hotnewsinworld.com\\\/hu\\\/\",\"name\":\"Hot News in World\",\"description\":\"Hot News in World from Hungary\",\"potentialAction\":[{\"@type\":\"SearchAction\",\"target\":{\"@type\":\"EntryPoint\",\"urlTemplate\":\"https:\\\/\\\/hotnewsinworld.com\\\/hu\\\/?s={search_term_string}\"},\"query-input\":{\"@type\":\"PropertyValueSpecification\",\"valueRequired\":true,\"valueName\":\"search_term_string\"}}],\"inLanguage\":\"hu\"},{\"@type\":\"Person\",\"@id\":\"https:\\\/\\\/hotnewsinworld.com\\\/hu\\\/#\\\/schema\\\/person\\\/fe61448b21c0d59086e75fcc1f9d8f6b\",\"name\":\"hotnewsinworld\",\"image\":{\"@type\":\"ImageObject\",\"inLanguage\":\"hu\",\"@id\":\"https:\\\/\\\/secure.gravatar.com\\\/avatar\\\/8a09ac165600ce2e1c38fe593c63928eb1e6e7ba5c5a907d67787c41b3d00c14?s=96&d=mm&r=g\",\"url\":\"https:\\\/\\\/secure.gravatar.com\\\/avatar\\\/8a09ac165600ce2e1c38fe593c63928eb1e6e7ba5c5a907d67787c41b3d00c14?s=96&d=mm&r=g\",\"contentUrl\":\"https:\\\/\\\/secure.gravatar.com\\\/avatar\\\/8a09ac165600ce2e1c38fe593c63928eb1e6e7ba5c5a907d67787c41b3d00c14?s=96&d=mm&r=g\",\"caption\":\"hotnewsinworld\"},\"url\":\"https:\\\/\\\/hotnewsinworld.com\\\/hu\\\/author\\\/pt\\\/\"}]}<\/script>\n<!-- \/ Yoast SEO plugin. -->","yoast_head_json":{"title":"N\u00e9pszava \u201eHa nehezen is, de \u00f6sszez\u00e1rt az ellenz\u00e9k Csepelen\u201d - Hot News in World","robots":{"index":"index","follow":"follow","max-snippet":"max-snippet:-1","max-image-preview":"max-image-preview:large","max-video-preview":"max-video-preview:-1"},"canonical":"https:\/\/hotnewsinworld.com\/hu\/nepszava-ha-nehezen-is-de-osszezart-az-ellenzek-csepelen\/","og_locale":"hu_HU","og_type":"article","og_title":"N\u00e9pszava \u201eHa nehezen is, de \u00f6sszez\u00e1rt az ellenz\u00e9k Csepelen\u201d - Hot News in World","og_description":"[ad_1] Hangversenycsarnokot tervez a Csepel M\u0171vek ter\u00fclet\u00e9n, \u00e9s folytatn\u00e1 a Fidesz miatt le\u00e1llt panelprogramot Erd\u0151si \u00c9va, a XXI. ker\u00fclet k\u00f6z\u00f6s ellenz\u00e9ki polg\u00e1rmester-jel\u00f6ltje. Mi\u00e9rt nem t\u00e1mogatta \u00f6nt kezdetben a Momentum? Azt\u00e1n v\u00e9g\u00fcl mivel siker\u00fclt m\u00e9gis maga m\u00f6g\u00e9 \u00e1ll\u00edtania a p\u00e1rtot?Jel\u00f6lts\u00e9gemet kezdett\u0151l fogva t\u00e1mogatta a f\u0151v\u00e1rosi \u00e9s a csepeli Momentum is. A csepeli szervezet egyes tagjai v\u00e9lt\u00e9k [&hellip;]","og_url":"https:\/\/hotnewsinworld.com\/hu\/nepszava-ha-nehezen-is-de-osszezart-az-ellenzek-csepelen\/","og_site_name":"Hot News in World","article_published_time":"2019-09-02T07:22:48+00:00","article_modified_time":"2019-09-02T07:22:49+00:00","og_image":[{"width":1000,"height":600,"url":"https:\/\/hotnewsinworld.com\/hu\/wp-content\/uploads\/sites\/3\/2019\/09\/N\u00e9pszava-\u201eHa-nehezen-is-de-\u00f6sszez\u00e1rt-az-ellenz\u00e9k-Csepelen\u201d.jpg","type":"image\/jpeg"}],"author":"hotnewsinworld","twitter_card":"summary_large_image","twitter_misc":{"Szerz\u0151:":"hotnewsinworld","Becs\u00fclt olvas\u00e1si id\u0151":"5 perc"},"schema":{"@context":"https:\/\/schema.org","@graph":[{"@type":"Article","@id":"https:\/\/hotnewsinworld.com\/hu\/nepszava-ha-nehezen-is-de-osszezart-az-ellenzek-csepelen\/#article","isPartOf":{"@id":"https:\/\/hotnewsinworld.com\/hu\/nepszava-ha-nehezen-is-de-osszezart-az-ellenzek-csepelen\/"},"author":{"name":"hotnewsinworld","@id":"https:\/\/hotnewsinworld.com\/hu\/#\/schema\/person\/fe61448b21c0d59086e75fcc1f9d8f6b"},"headline":"N\u00e9pszava \u201eHa nehezen is, de \u00f6sszez\u00e1rt az ellenz\u00e9k Csepelen\u201d","datePublished":"2019-09-02T07:22:48+00:00","dateModified":"2019-09-02T07:22:49+00:00","mainEntityOfPage":{"@id":"https:\/\/hotnewsinworld.com\/hu\/nepszava-ha-nehezen-is-de-osszezart-az-ellenzek-csepelen\/"},"wordCount":1010,"commentCount":0,"image":{"@id":"https:\/\/hotnewsinworld.com\/hu\/nepszava-ha-nehezen-is-de-osszezart-az-ellenzek-csepelen\/#primaryimage"},"thumbnailUrl":"https:\/\/hotnewsinworld.com\/hu\/wp-content\/uploads\/sites\/3\/2019\/09\/N\u00e9pszava-\u201eHa-nehezen-is-de-\u00f6sszez\u00e1rt-az-ellenz\u00e9k-Csepelen\u201d.jpg","articleSection":["LEG\u00daJABB P\u00c9NZ\u00dcGYI H\u00cdREK"],"inLanguage":"hu","potentialAction":[{"@type":"CommentAction","name":"Comment","target":["https:\/\/hotnewsinworld.com\/hu\/nepszava-ha-nehezen-is-de-osszezart-az-ellenzek-csepelen\/#respond"]}]},{"@type":"WebPage","@id":"https:\/\/hotnewsinworld.com\/hu\/nepszava-ha-nehezen-is-de-osszezart-az-ellenzek-csepelen\/","url":"https:\/\/hotnewsinworld.com\/hu\/nepszava-ha-nehezen-is-de-osszezart-az-ellenzek-csepelen\/","name":"N\u00e9pszava \u201eHa nehezen is, de \u00f6sszez\u00e1rt az ellenz\u00e9k Csepelen\u201d - Hot News in World","isPartOf":{"@id":"https:\/\/hotnewsinworld.com\/hu\/#website"},"primaryImageOfPage":{"@id":"https:\/\/hotnewsinworld.com\/hu\/nepszava-ha-nehezen-is-de-osszezart-az-ellenzek-csepelen\/#primaryimage"},"image":{"@id":"https:\/\/hotnewsinworld.com\/hu\/nepszava-ha-nehezen-is-de-osszezart-az-ellenzek-csepelen\/#primaryimage"},"thumbnailUrl":"https:\/\/hotnewsinworld.com\/hu\/wp-content\/uploads\/sites\/3\/2019\/09\/N\u00e9pszava-\u201eHa-nehezen-is-de-\u00f6sszez\u00e1rt-az-ellenz\u00e9k-Csepelen\u201d.jpg","datePublished":"2019-09-02T07:22:48+00:00","dateModified":"2019-09-02T07:22:49+00:00","author":{"@id":"https:\/\/hotnewsinworld.com\/hu\/#\/schema\/person\/fe61448b21c0d59086e75fcc1f9d8f6b"},"breadcrumb":{"@id":"https:\/\/hotnewsinworld.com\/hu\/nepszava-ha-nehezen-is-de-osszezart-az-ellenzek-csepelen\/#breadcrumb"},"inLanguage":"hu","potentialAction":[{"@type":"ReadAction","target":["https:\/\/hotnewsinworld.com\/hu\/nepszava-ha-nehezen-is-de-osszezart-az-ellenzek-csepelen\/"]}]},{"@type":"ImageObject","inLanguage":"hu","@id":"https:\/\/hotnewsinworld.com\/hu\/nepszava-ha-nehezen-is-de-osszezart-az-ellenzek-csepelen\/#primaryimage","url":"https:\/\/hotnewsinworld.com\/hu\/wp-content\/uploads\/sites\/3\/2019\/09\/N\u00e9pszava-\u201eHa-nehezen-is-de-\u00f6sszez\u00e1rt-az-ellenz\u00e9k-Csepelen\u201d.jpg","contentUrl":"https:\/\/hotnewsinworld.com\/hu\/wp-content\/uploads\/sites\/3\/2019\/09\/N\u00e9pszava-\u201eHa-nehezen-is-de-\u00f6sszez\u00e1rt-az-ellenz\u00e9k-Csepelen\u201d.jpg","width":1000,"height":600,"caption":"N\u00e9pszava \u201eHa nehezen is, de \u00f6sszez\u00e1rt az ellenz\u00e9k Csepelen\u201d"},{"@type":"BreadcrumbList","@id":"https:\/\/hotnewsinworld.com\/hu\/nepszava-ha-nehezen-is-de-osszezart-az-ellenzek-csepelen\/#breadcrumb","itemListElement":[{"@type":"ListItem","position":1,"name":"\u0413\u043b\u0430\u0432\u043d\u0430\u044f \u0441\u0442\u0440\u0430\u043d\u0438\u0446\u0430","item":"https:\/\/hotnewsinworld.com\/hu\/"},{"@type":"ListItem","position":2,"name":"N\u00e9pszava \u201eHa nehezen is, de \u00f6sszez\u00e1rt az ellenz\u00e9k Csepelen\u201d"}]},{"@type":"WebSite","@id":"https:\/\/hotnewsinworld.com\/hu\/#website","url":"https:\/\/hotnewsinworld.com\/hu\/","name":"Hot News in World","description":"Hot News in World from Hungary","potentialAction":[{"@type":"SearchAction","target":{"@type":"EntryPoint","urlTemplate":"https:\/\/hotnewsinworld.com\/hu\/?s={search_term_string}"},"query-input":{"@type":"PropertyValueSpecification","valueRequired":true,"valueName":"search_term_string"}}],"inLanguage":"hu"},{"@type":"Person","@id":"https:\/\/hotnewsinworld.com\/hu\/#\/schema\/person\/fe61448b21c0d59086e75fcc1f9d8f6b","name":"hotnewsinworld","image":{"@type":"ImageObject","inLanguage":"hu","@id":"https:\/\/secure.gravatar.com\/avatar\/8a09ac165600ce2e1c38fe593c63928eb1e6e7ba5c5a907d67787c41b3d00c14?s=96&d=mm&r=g","url":"https:\/\/secure.gravatar.com\/avatar\/8a09ac165600ce2e1c38fe593c63928eb1e6e7ba5c5a907d67787c41b3d00c14?s=96&d=mm&r=g","contentUrl":"https:\/\/secure.gravatar.com\/avatar\/8a09ac165600ce2e1c38fe593c63928eb1e6e7ba5c5a907d67787c41b3d00c14?s=96&d=mm&r=g","caption":"hotnewsinworld"},"url":"https:\/\/hotnewsinworld.com\/hu\/author\/pt\/"}]}},"_links":{"self":[{"href":"https:\/\/hotnewsinworld.com\/hu\/wp-json\/wp\/v2\/posts\/1517","targetHints":{"allow":["GET"]}}],"collection":[{"href":"https:\/\/hotnewsinworld.com\/hu\/wp-json\/wp\/v2\/posts"}],"about":[{"href":"https:\/\/hotnewsinworld.com\/hu\/wp-json\/wp\/v2\/types\/post"}],"author":[{"embeddable":true,"href":"https:\/\/hotnewsinworld.com\/hu\/wp-json\/wp\/v2\/users\/2"}],"replies":[{"embeddable":true,"href":"https:\/\/hotnewsinworld.com\/hu\/wp-json\/wp\/v2\/comments?post=1517"}],"version-history":[{"count":1,"href":"https:\/\/hotnewsinworld.com\/hu\/wp-json\/wp\/v2\/posts\/1517\/revisions"}],"predecessor-version":[{"id":1519,"href":"https:\/\/hotnewsinworld.com\/hu\/wp-json\/wp\/v2\/posts\/1517\/revisions\/1519"}],"wp:featuredmedia":[{"embeddable":true,"href":"https:\/\/hotnewsinworld.com\/hu\/wp-json\/wp\/v2\/media\/1518"}],"wp:attachment":[{"href":"https:\/\/hotnewsinworld.com\/hu\/wp-json\/wp\/v2\/media?parent=1517"}],"wp:term":[{"taxonomy":"category","embeddable":true,"href":"https:\/\/hotnewsinworld.com\/hu\/wp-json\/wp\/v2\/categories?post=1517"},{"taxonomy":"post_tag","embeddable":true,"href":"https:\/\/hotnewsinworld.com\/hu\/wp-json\/wp\/v2\/tags?post=1517"}],"curies":[{"name":"wp","href":"https:\/\/api.w.org\/{rel}","templated":true}]}}