{"id":1520,"date":"2019-09-02T11:41:28","date_gmt":"2019-09-02T08:41:28","guid":{"rendered":"https:\/\/hotnewsinworld.com\/hu\/eltunt-szalai-kalman-a-magyar-rendorseg-hivatalos-honlapja\/"},"modified":"2019-09-02T11:41:29","modified_gmt":"2019-09-02T08:41:29","slug":"eltunt-szalai-kalman-a-magyar-rendorseg-hivatalos-honlapja","status":"publish","type":"post","link":"https:\/\/hotnewsinworld.com\/hu\/eltunt-szalai-kalman-a-magyar-rendorseg-hivatalos-honlapja\/","title":{"rendered":"Elt\u0171nt Szalai K\u00e1lm\u00e1n | A Magyar Rend\u0151rs\u00e9g hivatalos honlapja"},"content":{"rendered":"<p> [ad_1]<br \/>\n<\/p>\n<div>\n<p>Az erzs\u00e9betv\u00e1rosi rend\u0151r\u00f6k jelenleg is keresik a 12 \u00e9ves fi\u00fat.<\/p>\n<\/p><\/div>\n<div>\n<p>A Budapesti Rend\u0151r-f\u0151kapit\u00e1nys\u00e1g VII. ker\u00fcleti Rend\u0151rkapit\u00e1nys\u00e1ga 01070-157\/145\/2019. k\u00f6r\u00f6z\u00e9si sz\u00e1mon elj\u00e1r\u00e1st folytat az ismeretlen helyen tart\u00f3zkod\u00f3 12 \u00e9ves Szalai K\u00e1lm\u00e1n \u00fcgy\u00e9ben.<\/p>\n<p>A rendelkez\u00e9sre \u00e1ll\u00f3 adatok szerint a 12 \u00e9ves fi\u00fa 2019. szeptember 1-j\u00e9n reggel VII. ker\u00fcleti otthon\u00e1b\u00f3l ismeretlen helyre t\u00e1vozott, aznap d\u00e9lut\u00e1n a II. ker\u00fcleti Sz\u00e9ll K\u00e1lm\u00e1n t\u00e9ren l\u00e1tt\u00e1k.<\/p>\n<p>Szalai K\u00e1lm\u00e1n k\u00f6r\u00fclbel\u00fcl 155 centim\u00e9ter magas, v\u00e9kony testalkat\u00fa, barna haj\u00fa fi\u00fa.<\/p>\n<p>\u00a0<\/p>\n<\/p>\n<p>A Budapesti Rend\u0151r-f\u0151kapit\u00e1nys\u00e1g VII. ker\u00fcleti Rend\u0151rkapit\u00e1nys\u00e1ga k\u00e9ri, hogy aki a k\u00e9pen l\u00e1that\u00f3 gyermeket felismeri, tart\u00f3zkod\u00e1si hely\u00e9r\u0151l vagy elt\u0171n\u00e9s\u00e9nek k\u00f6r\u00fclm\u00e9ny\u00e9r\u0151l inform\u00e1ci\u00f3val rendelkezik, ak\u00e1r n\u00e9vtelens\u00e9ge meg\u0151rz\u00e9se mellett h\u00edvja az ingyenesen h\u00edvhat\u00f3 06-80-555-111 Telefontan\u00fa z\u00f6ldsz\u00e1m\u00e1t, a 107 vagy 112 k\u00f6zponti seg\u00e9lyh\u00edv\u00f3 sz\u00e1mok valamelyik\u00e9t.<\/p>\n<\/p><\/div>\n<p><script>(function(d, s, id) {\n                                                                  var js, fjs = d.getElementsByTagName(s)[0];\n                                                                  if (d.getElementById(id)) return;\n                                                                  js = d.createElement(s); js.id = id;\n                                                                 \t\t js.src = \"http:\/\/connect.facebook.net\/hu_HU\/sdk.js#xfbml=1&version=v2.10\";\t   \t \n                                                                  fjs.parentNode.insertBefore(js, fjs);\n                                                                }(document, 'script', 'facebook-jssdk'));\n                                <\/script><br \/>\n<br \/>[ad_2]<br \/>\n<br \/><a href=\"https:\/\/hirek.oldal.info\/rssclick\/14362442\">Source link <\/a><\/p>\n","protected":false},"excerpt":{"rendered":"<p>[ad_1] Az erzs\u00e9betv\u00e1rosi rend\u0151r\u00f6k jelenleg is keresik a 12 \u00e9ves fi\u00fat. A Budapesti Rend\u0151r-f\u0151kapit\u00e1nys\u00e1g VII. ker\u00fcleti Rend\u0151rkapit\u00e1nys\u00e1ga 01070-157\/145\/2019. k\u00f6r\u00f6z\u00e9si sz\u00e1mon elj\u00e1r\u00e1st folytat az ismeretlen helyen tart\u00f3zkod\u00f3 12 \u00e9ves Szalai K\u00e1lm\u00e1n \u00fcgy\u00e9ben. A rendelkez\u00e9sre \u00e1ll\u00f3 adatok szerint a 12 \u00e9ves fi\u00fa 2019. szeptember 1-j\u00e9n reggel VII. ker\u00fcleti otthon\u00e1b\u00f3l ismeretlen helyre t\u00e1vozott, aznap d\u00e9lut\u00e1n a II. ker\u00fcleti [&hellip;]<\/p>\n","protected":false},"author":2,"featured_media":1521,"comment_status":"open","ping_status":"open","sticky":false,"template":"","format":"standard","meta":{"footnotes":""},"categories":[1],"tags":[],"class_list":["post-1520","post","type-post","status-publish","format-standard","has-post-thumbnail","hentry","category-legujabb-penzugyi-hirek"],"yoast_head":"<!-- This site is optimized with the Yoast SEO plugin v27.4 - https:\/\/yoast.com\/product\/yoast-seo-wordpress\/ -->\n<title>Elt\u0171nt Szalai K\u00e1lm\u00e1n | A Magyar Rend\u0151rs\u00e9g hivatalos honlapja - Hot News in World<\/title>\n<meta name=\"robots\" content=\"index, follow, max-snippet:-1, max-image-preview:large, max-video-preview:-1\" \/>\n<link rel=\"canonical\" href=\"https:\/\/hotnewsinworld.com\/hu\/eltunt-szalai-kalman-a-magyar-rendorseg-hivatalos-honlapja\/\" \/>\n<meta property=\"og:locale\" content=\"hu_HU\" \/>\n<meta property=\"og:type\" content=\"article\" \/>\n<meta property=\"og:title\" content=\"Elt\u0171nt Szalai K\u00e1lm\u00e1n | A Magyar Rend\u0151rs\u00e9g hivatalos honlapja - Hot News in World\" \/>\n<meta property=\"og:description\" content=\"[ad_1] Az erzs\u00e9betv\u00e1rosi rend\u0151r\u00f6k jelenleg is keresik a 12 \u00e9ves fi\u00fat. A Budapesti Rend\u0151r-f\u0151kapit\u00e1nys\u00e1g VII. ker\u00fcleti Rend\u0151rkapit\u00e1nys\u00e1ga 01070-157\/145\/2019. k\u00f6r\u00f6z\u00e9si sz\u00e1mon elj\u00e1r\u00e1st folytat az ismeretlen helyen tart\u00f3zkod\u00f3 12 \u00e9ves Szalai K\u00e1lm\u00e1n \u00fcgy\u00e9ben. A rendelkez\u00e9sre \u00e1ll\u00f3 adatok szerint a 12 \u00e9ves fi\u00fa 2019. szeptember 1-j\u00e9n reggel VII. ker\u00fcleti otthon\u00e1b\u00f3l ismeretlen helyre t\u00e1vozott, aznap d\u00e9lut\u00e1n a II. ker\u00fcleti [&hellip;]\" \/>\n<meta property=\"og:url\" content=\"https:\/\/hotnewsinworld.com\/hu\/eltunt-szalai-kalman-a-magyar-rendorseg-hivatalos-honlapja\/\" \/>\n<meta property=\"og:site_name\" content=\"Hot News in World\" \/>\n<meta property=\"article:published_time\" content=\"2019-09-02T08:41:28+00:00\" \/>\n<meta property=\"article:modified_time\" content=\"2019-09-02T08:41:29+00:00\" \/>\n<meta property=\"og:image\" content=\"https:\/\/hotnewsinworld.com\/hu\/wp-content\/uploads\/sites\/3\/2019\/09\/Elt\u0171nt-Szalai-K\u00e1lm\u00e1n-A-Magyar-Rend\u0151rs\u00e9g-hivatalos-honlapja.jpg\" \/>\n\t<meta property=\"og:image:width\" content=\"401\" \/>\n\t<meta property=\"og:image:height\" content=\"500\" \/>\n\t<meta property=\"og:image:type\" content=\"image\/jpeg\" \/>\n<meta name=\"author\" content=\"hotnewsinworld\" \/>\n<meta name=\"twitter:card\" content=\"summary_large_image\" \/>\n<meta name=\"twitter:label1\" content=\"Szerz\u0151:\" \/>\n\t<meta name=\"twitter:data1\" content=\"hotnewsinworld\" \/>\n\t<meta name=\"twitter:label2\" content=\"Becs\u00fclt olvas\u00e1si id\u0151\" \/>\n\t<meta name=\"twitter:data2\" content=\"1 perc\" \/>\n<script type=\"application\/ld+json\" class=\"yoast-schema-graph\">{\"@context\":\"https:\\\/\\\/schema.org\",\"@graph\":[{\"@type\":\"Article\",\"@id\":\"https:\\\/\\\/hotnewsinworld.com\\\/hu\\\/eltunt-szalai-kalman-a-magyar-rendorseg-hivatalos-honlapja\\\/#article\",\"isPartOf\":{\"@id\":\"https:\\\/\\\/hotnewsinworld.com\\\/hu\\\/eltunt-szalai-kalman-a-magyar-rendorseg-hivatalos-honlapja\\\/\"},\"author\":{\"name\":\"hotnewsinworld\",\"@id\":\"https:\\\/\\\/hotnewsinworld.com\\\/hu\\\/#\\\/schema\\\/person\\\/fe61448b21c0d59086e75fcc1f9d8f6b\"},\"headline\":\"Elt\u0171nt Szalai K\u00e1lm\u00e1n | A Magyar Rend\u0151rs\u00e9g hivatalos honlapja\",\"datePublished\":\"2019-09-02T08:41:28+00:00\",\"dateModified\":\"2019-09-02T08:41:29+00:00\",\"mainEntityOfPage\":{\"@id\":\"https:\\\/\\\/hotnewsinworld.com\\\/hu\\\/eltunt-szalai-kalman-a-magyar-rendorseg-hivatalos-honlapja\\\/\"},\"wordCount\":206,\"commentCount\":0,\"image\":{\"@id\":\"https:\\\/\\\/hotnewsinworld.com\\\/hu\\\/eltunt-szalai-kalman-a-magyar-rendorseg-hivatalos-honlapja\\\/#primaryimage\"},\"thumbnailUrl\":\"https:\\\/\\\/hotnewsinworld.com\\\/hu\\\/wp-content\\\/uploads\\\/sites\\\/3\\\/2019\\\/09\\\/Elt\u0171nt-Szalai-K\u00e1lm\u00e1n-A-Magyar-Rend\u0151rs\u00e9g-hivatalos-honlapja.jpg\",\"articleSection\":[\"LEG\u00daJABB P\u00c9NZ\u00dcGYI H\u00cdREK\"],\"inLanguage\":\"hu\",\"potentialAction\":[{\"@type\":\"CommentAction\",\"name\":\"Comment\",\"target\":[\"https:\\\/\\\/hotnewsinworld.com\\\/hu\\\/eltunt-szalai-kalman-a-magyar-rendorseg-hivatalos-honlapja\\\/#respond\"]}]},{\"@type\":\"WebPage\",\"@id\":\"https:\\\/\\\/hotnewsinworld.com\\\/hu\\\/eltunt-szalai-kalman-a-magyar-rendorseg-hivatalos-honlapja\\\/\",\"url\":\"https:\\\/\\\/hotnewsinworld.com\\\/hu\\\/eltunt-szalai-kalman-a-magyar-rendorseg-hivatalos-honlapja\\\/\",\"name\":\"Elt\u0171nt Szalai K\u00e1lm\u00e1n | A Magyar Rend\u0151rs\u00e9g hivatalos honlapja - Hot News in World\",\"isPartOf\":{\"@id\":\"https:\\\/\\\/hotnewsinworld.com\\\/hu\\\/#website\"},\"primaryImageOfPage\":{\"@id\":\"https:\\\/\\\/hotnewsinworld.com\\\/hu\\\/eltunt-szalai-kalman-a-magyar-rendorseg-hivatalos-honlapja\\\/#primaryimage\"},\"image\":{\"@id\":\"https:\\\/\\\/hotnewsinworld.com\\\/hu\\\/eltunt-szalai-kalman-a-magyar-rendorseg-hivatalos-honlapja\\\/#primaryimage\"},\"thumbnailUrl\":\"https:\\\/\\\/hotnewsinworld.com\\\/hu\\\/wp-content\\\/uploads\\\/sites\\\/3\\\/2019\\\/09\\\/Elt\u0171nt-Szalai-K\u00e1lm\u00e1n-A-Magyar-Rend\u0151rs\u00e9g-hivatalos-honlapja.jpg\",\"datePublished\":\"2019-09-02T08:41:28+00:00\",\"dateModified\":\"2019-09-02T08:41:29+00:00\",\"author\":{\"@id\":\"https:\\\/\\\/hotnewsinworld.com\\\/hu\\\/#\\\/schema\\\/person\\\/fe61448b21c0d59086e75fcc1f9d8f6b\"},\"breadcrumb\":{\"@id\":\"https:\\\/\\\/hotnewsinworld.com\\\/hu\\\/eltunt-szalai-kalman-a-magyar-rendorseg-hivatalos-honlapja\\\/#breadcrumb\"},\"inLanguage\":\"hu\",\"potentialAction\":[{\"@type\":\"ReadAction\",\"target\":[\"https:\\\/\\\/hotnewsinworld.com\\\/hu\\\/eltunt-szalai-kalman-a-magyar-rendorseg-hivatalos-honlapja\\\/\"]}]},{\"@type\":\"ImageObject\",\"inLanguage\":\"hu\",\"@id\":\"https:\\\/\\\/hotnewsinworld.com\\\/hu\\\/eltunt-szalai-kalman-a-magyar-rendorseg-hivatalos-honlapja\\\/#primaryimage\",\"url\":\"https:\\\/\\\/hotnewsinworld.com\\\/hu\\\/wp-content\\\/uploads\\\/sites\\\/3\\\/2019\\\/09\\\/Elt\u0171nt-Szalai-K\u00e1lm\u00e1n-A-Magyar-Rend\u0151rs\u00e9g-hivatalos-honlapja.jpg\",\"contentUrl\":\"https:\\\/\\\/hotnewsinworld.com\\\/hu\\\/wp-content\\\/uploads\\\/sites\\\/3\\\/2019\\\/09\\\/Elt\u0171nt-Szalai-K\u00e1lm\u00e1n-A-Magyar-Rend\u0151rs\u00e9g-hivatalos-honlapja.jpg\",\"width\":401,\"height\":500,\"caption\":\",,\"},{\"@type\":\"BreadcrumbList\",\"@id\":\"https:\\\/\\\/hotnewsinworld.com\\\/hu\\\/eltunt-szalai-kalman-a-magyar-rendorseg-hivatalos-honlapja\\\/#breadcrumb\",\"itemListElement\":[{\"@type\":\"ListItem\",\"position\":1,\"name\":\"\u0413\u043b\u0430\u0432\u043d\u0430\u044f \u0441\u0442\u0440\u0430\u043d\u0438\u0446\u0430\",\"item\":\"https:\\\/\\\/hotnewsinworld.com\\\/hu\\\/\"},{\"@type\":\"ListItem\",\"position\":2,\"name\":\"Elt\u0171nt Szalai K\u00e1lm\u00e1n | A Magyar Rend\u0151rs\u00e9g hivatalos honlapja\"}]},{\"@type\":\"WebSite\",\"@id\":\"https:\\\/\\\/hotnewsinworld.com\\\/hu\\\/#website\",\"url\":\"https:\\\/\\\/hotnewsinworld.com\\\/hu\\\/\",\"name\":\"Hot News in World\",\"description\":\"Hot News in World from Hungary\",\"potentialAction\":[{\"@type\":\"SearchAction\",\"target\":{\"@type\":\"EntryPoint\",\"urlTemplate\":\"https:\\\/\\\/hotnewsinworld.com\\\/hu\\\/?s={search_term_string}\"},\"query-input\":{\"@type\":\"PropertyValueSpecification\",\"valueRequired\":true,\"valueName\":\"search_term_string\"}}],\"inLanguage\":\"hu\"},{\"@type\":\"Person\",\"@id\":\"https:\\\/\\\/hotnewsinworld.com\\\/hu\\\/#\\\/schema\\\/person\\\/fe61448b21c0d59086e75fcc1f9d8f6b\",\"name\":\"hotnewsinworld\",\"image\":{\"@type\":\"ImageObject\",\"inLanguage\":\"hu\",\"@id\":\"https:\\\/\\\/secure.gravatar.com\\\/avatar\\\/8a09ac165600ce2e1c38fe593c63928eb1e6e7ba5c5a907d67787c41b3d00c14?s=96&d=mm&r=g\",\"url\":\"https:\\\/\\\/secure.gravatar.com\\\/avatar\\\/8a09ac165600ce2e1c38fe593c63928eb1e6e7ba5c5a907d67787c41b3d00c14?s=96&d=mm&r=g\",\"contentUrl\":\"https:\\\/\\\/secure.gravatar.com\\\/avatar\\\/8a09ac165600ce2e1c38fe593c63928eb1e6e7ba5c5a907d67787c41b3d00c14?s=96&d=mm&r=g\",\"caption\":\"hotnewsinworld\"},\"url\":\"https:\\\/\\\/hotnewsinworld.com\\\/hu\\\/author\\\/pt\\\/\"}]}<\/script>\n<!-- \/ Yoast SEO plugin. -->","yoast_head_json":{"title":"Elt\u0171nt Szalai K\u00e1lm\u00e1n | A Magyar Rend\u0151rs\u00e9g hivatalos honlapja - Hot News in World","robots":{"index":"index","follow":"follow","max-snippet":"max-snippet:-1","max-image-preview":"max-image-preview:large","max-video-preview":"max-video-preview:-1"},"canonical":"https:\/\/hotnewsinworld.com\/hu\/eltunt-szalai-kalman-a-magyar-rendorseg-hivatalos-honlapja\/","og_locale":"hu_HU","og_type":"article","og_title":"Elt\u0171nt Szalai K\u00e1lm\u00e1n | A Magyar Rend\u0151rs\u00e9g hivatalos honlapja - Hot News in World","og_description":"[ad_1] Az erzs\u00e9betv\u00e1rosi rend\u0151r\u00f6k jelenleg is keresik a 12 \u00e9ves fi\u00fat. A Budapesti Rend\u0151r-f\u0151kapit\u00e1nys\u00e1g VII. ker\u00fcleti Rend\u0151rkapit\u00e1nys\u00e1ga 01070-157\/145\/2019. k\u00f6r\u00f6z\u00e9si sz\u00e1mon elj\u00e1r\u00e1st folytat az ismeretlen helyen tart\u00f3zkod\u00f3 12 \u00e9ves Szalai K\u00e1lm\u00e1n \u00fcgy\u00e9ben. A rendelkez\u00e9sre \u00e1ll\u00f3 adatok szerint a 12 \u00e9ves fi\u00fa 2019. szeptember 1-j\u00e9n reggel VII. ker\u00fcleti otthon\u00e1b\u00f3l ismeretlen helyre t\u00e1vozott, aznap d\u00e9lut\u00e1n a II. ker\u00fcleti [&hellip;]","og_url":"https:\/\/hotnewsinworld.com\/hu\/eltunt-szalai-kalman-a-magyar-rendorseg-hivatalos-honlapja\/","og_site_name":"Hot News in World","article_published_time":"2019-09-02T08:41:28+00:00","article_modified_time":"2019-09-02T08:41:29+00:00","og_image":[{"width":401,"height":500,"url":"https:\/\/hotnewsinworld.com\/hu\/wp-content\/uploads\/sites\/3\/2019\/09\/Elt\u0171nt-Szalai-K\u00e1lm\u00e1n-A-Magyar-Rend\u0151rs\u00e9g-hivatalos-honlapja.jpg","type":"image\/jpeg"}],"author":"hotnewsinworld","twitter_card":"summary_large_image","twitter_misc":{"Szerz\u0151:":"hotnewsinworld","Becs\u00fclt olvas\u00e1si id\u0151":"1 perc"},"schema":{"@context":"https:\/\/schema.org","@graph":[{"@type":"Article","@id":"https:\/\/hotnewsinworld.com\/hu\/eltunt-szalai-kalman-a-magyar-rendorseg-hivatalos-honlapja\/#article","isPartOf":{"@id":"https:\/\/hotnewsinworld.com\/hu\/eltunt-szalai-kalman-a-magyar-rendorseg-hivatalos-honlapja\/"},"author":{"name":"hotnewsinworld","@id":"https:\/\/hotnewsinworld.com\/hu\/#\/schema\/person\/fe61448b21c0d59086e75fcc1f9d8f6b"},"headline":"Elt\u0171nt Szalai K\u00e1lm\u00e1n | A Magyar Rend\u0151rs\u00e9g hivatalos honlapja","datePublished":"2019-09-02T08:41:28+00:00","dateModified":"2019-09-02T08:41:29+00:00","mainEntityOfPage":{"@id":"https:\/\/hotnewsinworld.com\/hu\/eltunt-szalai-kalman-a-magyar-rendorseg-hivatalos-honlapja\/"},"wordCount":206,"commentCount":0,"image":{"@id":"https:\/\/hotnewsinworld.com\/hu\/eltunt-szalai-kalman-a-magyar-rendorseg-hivatalos-honlapja\/#primaryimage"},"thumbnailUrl":"https:\/\/hotnewsinworld.com\/hu\/wp-content\/uploads\/sites\/3\/2019\/09\/Elt\u0171nt-Szalai-K\u00e1lm\u00e1n-A-Magyar-Rend\u0151rs\u00e9g-hivatalos-honlapja.jpg","articleSection":["LEG\u00daJABB P\u00c9NZ\u00dcGYI H\u00cdREK"],"inLanguage":"hu","potentialAction":[{"@type":"CommentAction","name":"Comment","target":["https:\/\/hotnewsinworld.com\/hu\/eltunt-szalai-kalman-a-magyar-rendorseg-hivatalos-honlapja\/#respond"]}]},{"@type":"WebPage","@id":"https:\/\/hotnewsinworld.com\/hu\/eltunt-szalai-kalman-a-magyar-rendorseg-hivatalos-honlapja\/","url":"https:\/\/hotnewsinworld.com\/hu\/eltunt-szalai-kalman-a-magyar-rendorseg-hivatalos-honlapja\/","name":"Elt\u0171nt Szalai K\u00e1lm\u00e1n | A Magyar Rend\u0151rs\u00e9g hivatalos honlapja - Hot News in World","isPartOf":{"@id":"https:\/\/hotnewsinworld.com\/hu\/#website"},"primaryImageOfPage":{"@id":"https:\/\/hotnewsinworld.com\/hu\/eltunt-szalai-kalman-a-magyar-rendorseg-hivatalos-honlapja\/#primaryimage"},"image":{"@id":"https:\/\/hotnewsinworld.com\/hu\/eltunt-szalai-kalman-a-magyar-rendorseg-hivatalos-honlapja\/#primaryimage"},"thumbnailUrl":"https:\/\/hotnewsinworld.com\/hu\/wp-content\/uploads\/sites\/3\/2019\/09\/Elt\u0171nt-Szalai-K\u00e1lm\u00e1n-A-Magyar-Rend\u0151rs\u00e9g-hivatalos-honlapja.jpg","datePublished":"2019-09-02T08:41:28+00:00","dateModified":"2019-09-02T08:41:29+00:00","author":{"@id":"https:\/\/hotnewsinworld.com\/hu\/#\/schema\/person\/fe61448b21c0d59086e75fcc1f9d8f6b"},"breadcrumb":{"@id":"https:\/\/hotnewsinworld.com\/hu\/eltunt-szalai-kalman-a-magyar-rendorseg-hivatalos-honlapja\/#breadcrumb"},"inLanguage":"hu","potentialAction":[{"@type":"ReadAction","target":["https:\/\/hotnewsinworld.com\/hu\/eltunt-szalai-kalman-a-magyar-rendorseg-hivatalos-honlapja\/"]}]},{"@type":"ImageObject","inLanguage":"hu","@id":"https:\/\/hotnewsinworld.com\/hu\/eltunt-szalai-kalman-a-magyar-rendorseg-hivatalos-honlapja\/#primaryimage","url":"https:\/\/hotnewsinworld.com\/hu\/wp-content\/uploads\/sites\/3\/2019\/09\/Elt\u0171nt-Szalai-K\u00e1lm\u00e1n-A-Magyar-Rend\u0151rs\u00e9g-hivatalos-honlapja.jpg","contentUrl":"https:\/\/hotnewsinworld.com\/hu\/wp-content\/uploads\/sites\/3\/2019\/09\/Elt\u0171nt-Szalai-K\u00e1lm\u00e1n-A-Magyar-Rend\u0151rs\u00e9g-hivatalos-honlapja.jpg","width":401,"height":500,"caption":",,"},{"@type":"BreadcrumbList","@id":"https:\/\/hotnewsinworld.com\/hu\/eltunt-szalai-kalman-a-magyar-rendorseg-hivatalos-honlapja\/#breadcrumb","itemListElement":[{"@type":"ListItem","position":1,"name":"\u0413\u043b\u0430\u0432\u043d\u0430\u044f \u0441\u0442\u0440\u0430\u043d\u0438\u0446\u0430","item":"https:\/\/hotnewsinworld.com\/hu\/"},{"@type":"ListItem","position":2,"name":"Elt\u0171nt Szalai K\u00e1lm\u00e1n | A Magyar Rend\u0151rs\u00e9g hivatalos honlapja"}]},{"@type":"WebSite","@id":"https:\/\/hotnewsinworld.com\/hu\/#website","url":"https:\/\/hotnewsinworld.com\/hu\/","name":"Hot News in World","description":"Hot News in World from Hungary","potentialAction":[{"@type":"SearchAction","target":{"@type":"EntryPoint","urlTemplate":"https:\/\/hotnewsinworld.com\/hu\/?s={search_term_string}"},"query-input":{"@type":"PropertyValueSpecification","valueRequired":true,"valueName":"search_term_string"}}],"inLanguage":"hu"},{"@type":"Person","@id":"https:\/\/hotnewsinworld.com\/hu\/#\/schema\/person\/fe61448b21c0d59086e75fcc1f9d8f6b","name":"hotnewsinworld","image":{"@type":"ImageObject","inLanguage":"hu","@id":"https:\/\/secure.gravatar.com\/avatar\/8a09ac165600ce2e1c38fe593c63928eb1e6e7ba5c5a907d67787c41b3d00c14?s=96&d=mm&r=g","url":"https:\/\/secure.gravatar.com\/avatar\/8a09ac165600ce2e1c38fe593c63928eb1e6e7ba5c5a907d67787c41b3d00c14?s=96&d=mm&r=g","contentUrl":"https:\/\/secure.gravatar.com\/avatar\/8a09ac165600ce2e1c38fe593c63928eb1e6e7ba5c5a907d67787c41b3d00c14?s=96&d=mm&r=g","caption":"hotnewsinworld"},"url":"https:\/\/hotnewsinworld.com\/hu\/author\/pt\/"}]}},"_links":{"self":[{"href":"https:\/\/hotnewsinworld.com\/hu\/wp-json\/wp\/v2\/posts\/1520","targetHints":{"allow":["GET"]}}],"collection":[{"href":"https:\/\/hotnewsinworld.com\/hu\/wp-json\/wp\/v2\/posts"}],"about":[{"href":"https:\/\/hotnewsinworld.com\/hu\/wp-json\/wp\/v2\/types\/post"}],"author":[{"embeddable":true,"href":"https:\/\/hotnewsinworld.com\/hu\/wp-json\/wp\/v2\/users\/2"}],"replies":[{"embeddable":true,"href":"https:\/\/hotnewsinworld.com\/hu\/wp-json\/wp\/v2\/comments?post=1520"}],"version-history":[{"count":1,"href":"https:\/\/hotnewsinworld.com\/hu\/wp-json\/wp\/v2\/posts\/1520\/revisions"}],"predecessor-version":[{"id":1522,"href":"https:\/\/hotnewsinworld.com\/hu\/wp-json\/wp\/v2\/posts\/1520\/revisions\/1522"}],"wp:featuredmedia":[{"embeddable":true,"href":"https:\/\/hotnewsinworld.com\/hu\/wp-json\/wp\/v2\/media\/1521"}],"wp:attachment":[{"href":"https:\/\/hotnewsinworld.com\/hu\/wp-json\/wp\/v2\/media?parent=1520"}],"wp:term":[{"taxonomy":"category","embeddable":true,"href":"https:\/\/hotnewsinworld.com\/hu\/wp-json\/wp\/v2\/categories?post=1520"},{"taxonomy":"post_tag","embeddable":true,"href":"https:\/\/hotnewsinworld.com\/hu\/wp-json\/wp\/v2\/tags?post=1520"}],"curies":[{"name":"wp","href":"https:\/\/api.w.org\/{rel}","templated":true}]}}