{"id":1528,"date":"2019-09-02T16:29:40","date_gmt":"2019-09-02T13:29:40","guid":{"rendered":"https:\/\/hotnewsinworld.com\/hu\/ursula-von-der-leyen-is-tamogatja-az-europai-minimalber-bevezeteset\/"},"modified":"2019-09-02T16:29:41","modified_gmt":"2019-09-02T13:29:41","slug":"ursula-von-der-leyen-is-tamogatja-az-europai-minimalber-bevezeteset","status":"publish","type":"post","link":"https:\/\/hotnewsinworld.com\/hu\/ursula-von-der-leyen-is-tamogatja-az-europai-minimalber-bevezeteset\/","title":{"rendered":"Ursula von der Leyen is t\u00e1mogatja az eur\u00f3pai minim\u00e1lb\u00e9r bevezet\u00e9s\u00e9t"},"content":{"rendered":"<p> [ad_1]<br \/>\n<\/p>\n<div id=\"articleColumn\">\n<article>\n<h2>DK: Ursula von der Leyen is t\u00e1mogatja az eur\u00f3pai minim\u00e1lb\u00e9r bevezet\u00e9s\u00e9t<\/h2>\n<p class=\"lead\">Ursula von der Leyen, az Eur\u00f3pai Bizotts\u00e1g eln\u00f6ke meger\u0151s\u00edtette, hogy t\u00e1mogatja az eur\u00f3pai minim\u00e1lb\u00e9r bevezet\u00e9s\u00e9t &#8211; mondta h\u00e9tf\u0151i, budapesti sajt\u00f3t\u00e1j\u00e9koztat\u00f3j\u00e1n Dobrev Kl\u00e1ra. &#13;\n<\/p>\n<div class=\"image-wrapper \">\n    \t\t\t\t\t\t<\/div>\n<p>Az Eur\u00f3pai Parlament\u00a0<span>DK<\/span>-s aleln\u00f6ke elmondta, hogy megv\u00e1laszt\u00e1s\u00e1t k\u00f6vet\u0151en lev\u00e9lben gratul\u00e1lt Ursula von der Leyennek, akinek arra is felh\u00edvta a figyelm\u00e9t, hogy eln\u00f6ki programja sok ponton hasonl\u00edt a Demokratikus Koal\u00edci\u00f3 programj\u00e1hoz. V\u00e1laszlevel\u00e9ben Ursula von der Leyen azt \u00edrta, hogy m\u00e1r hivatali ideje els\u0151 sz\u00e1z napja alatt olyan javaslatot tesz, ami biztos\u00edthatja, hogy az EU minden munkav\u00e1llal\u00f3ja igazs\u00e1gos minim\u00e1lb\u00e9rt kapjon &#8211; k\u00f6z\u00f6lte az EP-k\u00e9pvisel\u0151.<\/p>\n<p>&#13;<\/p>\n<blockquote><p><span class=\"small\">A politikus k\u00e9rd\u00e9sre v\u00e1laszolva \u00fagy sz\u00e1molt, hogy az eur\u00f3pai minim\u00e1lb\u00e9r az \u00e1tlagb\u00e9r hatvan-hetven sz\u00e1zal\u00e9ka lenne.<br \/><\/span><\/p><\/blockquote>\n<p>&#13;<\/p>\n<p>M\u00e1s t\u00e9m\u00e1ban k\u00e9rdezt\u00e9k arr\u00f3l, hogy f\u00e9rje, Gyurcs\u00e1ny Ferenc minisztereln\u00f6ks\u00e9ge alatt mennyibe ker\u00fclt egy kilom\u00e9ter aut\u00f3p\u00e1lya meg\u00e9p\u00edt\u00e9se. Azt felelte, hogy a 2010 el\u0151tti korm\u00e1nyok idej\u00e9n \u00e1tlagosan egy-m\u00e1sf\u00e9l milli\u00e1rd forintba ker\u00fclt az aut\u00f3p\u00e1ly\u00e1k kilom\u00e9tere, de voltak olyan szakaszok is, amelyekre a speci\u00e1lis k\u00f6r\u00fclm\u00e9nyek, p\u00e9ld\u00e1ul h\u00edd\u00e9p\u00edt\u00e9s miatt enn\u00e9l t\u00f6bbet kellett k\u00f6lteni. A hat\u00e1rker\u00edt\u00e9s egy kilom\u00e9ter\u00e9t is k\u00f6r\u00fclbel\u00fcl annyi\u00e9rt h\u00fazt\u00e1k fel, mint amennyibe az aut\u00f3p\u00e1ly\u00e1k ker\u00fcltek &#8211; mutatott r\u00e1 Dobrev Kl\u00e1ra. Felh\u00e1bor\u00edt\u00f3nak nevezte, hogy a Fidesz-korm\u00e1ny az \u00f6nmaga \u00e1ltal &#8222;legfontosabbnak tartott politikai term\u00e9k\u00e9t&#8221; is &#8222;lop\u00e1sra haszn\u00e1lta fel&#8221;. A Fidesz &#8222;egy fill\u00e9rrel nem tud elsz\u00e1molni&#8221; abb\u00f3l a p\u00e9nzb\u0151l, amit az uni\u00f3t\u00f3l k\u00f6vetel a hat\u00e1rz\u00e1rra &#8211; tette hozz\u00e1.<\/p>\n<p>&#13;<\/p>\n<p>K\u00e9rdezt\u00e9k, hogy EP-k\u00e9pvisel\u0151k\u00e9nt mi\u00e9rt veszi ki ilyen akt\u00edvan a r\u00e9sz\u00e9t a\u00a0DK\u00a0\u00e9s az ellenz\u00e9ki \u00f6sszefog\u00e1s kamp\u00e1ny\u00e1b\u00f3l. Dobrev Kl\u00e1ra lesz\u00f6gezte, itthon \u00e9s az EU-ban is az\u00e9rt dolgozik, hogy a magyar emberek \u00e9lete jobb legyen, de ehhez sz\u00fcks\u00e9g van arra, hogy a jelenlegi korm\u00e1ny megbukjon.<\/p>\n<p>&#13;<\/p>\n<p>Soksz\u00edn\u0171 orsz\u00e1gban \u00e9l\u00fcnk, van amiben egyet\u00e9rt\u00fcnk, \u00e9s van, amiben nem, err\u0151l sz\u00f3l a demokr\u00e1cia &#8211; felelte arra, hogy mennyire lehet m\u0171k\u00f6d\u0151k\u00e9pes egy, az ellenz\u00e9ki p\u00e1rtok \u00e1ltal vezetett \u00f6nkorm\u00e1nyzat. A Fidesz az elm\u00falt t\u00edz \u00e9vben &#8222;egyen kock\u00e1kra v\u00e1gta&#8221; a v\u00e1laszt\u00f3kat, mert mindenkinek ugyanazt kell gondolnia, pedig ha k\u00fcl\u00f6nb\u00f6z\u0151ek vagyunk, akkor meg kell vitatnunk a k\u00f6z\u00f6s \u00fcgyeinket &#8211; jelentette ki. Ma a Fidesz polg\u00e1rmesterei \u00e9s k\u00e9pvisel\u0151i semmi m\u00e1st nem csin\u00e1lnak, csak a k\u00f6zponti p\u00e1rtszervezet utas\u00edt\u00e1sait hajtj\u00e1k v\u00e9gre. Egy sz\u00ednes, demokratikus v\u00e1rosvezet\u00e9s azonban azokat fogja k\u00e9pviselni, akik megv\u00e1lasztott\u00e1k &#8211; tette hozz\u00e1.<\/p>\n<p>&#13;<\/p>\n<p>atv.hu\/MTI<\/p>\n<\/article><\/div>\n<p><script type=\"text\/javascript\">\n    function downloadJS() {\n        var el = document.createElement(\"script\");\n        el.src = \"http:\/\/www.atv.hu\/js\/preload.min.js?v=20190318\";\n        document.body.appendChild(el);<\/p>\n<p>        setTimeout(function () {\n            var el = document.createElement(\"script\");\n            el.src = \"\/\/ad.adverticum.net\/g3.js\";\n            document.body.appendChild(el);\n        }, 100);\n    }<\/p>\n<p>    if (window.addEventListener)\n        window.addEventListener(\"load\", downloadJS, false);\n    else if (window.attachEvent)\n        window.attachEvent(\"onload\", downloadJS);\n    else window.onload = downloadJS;<\/p>\n<p>    \/\/FB Async init\n    window.fbAsyncInit = function () {\n        FB.init({\n            appId: '315100918533386',\n            channelUrl: '\/\/channel.html', \/\/ Channel file for x-domain comms\n            xfbml: true                                  \/\/ Look for social plugins on the page\n        });\n    };<\/p>\n<p>    (function (d, s, id) {\n        var js, fjs = d.getElementsByTagName(s)[0];\n        if (d.getElementById(id)) return;\n        js = d.createElement(s);\n        js.id = id;\n        js.async = true;\n        js.src = \"\/\/connect.facebook.net\/hu_HU\/all.js\";\n        fjs.parentNode.insertBefore(js, fjs);\n    }(document, 'script', 'facebook-jssdk'));<\/p>\n<p>    \/\/Google Analytics\n    var _gaq = _gaq || [];\n    _gaq.push(['_setAccount', 'UA-28251359-1']);\n    _gaq.push(['_trackPageview']);<\/p>\n<p>    (function () {\n        var ga = document.createElement('script');\n        ga.type = 'text\/javascript';\n        ga.async = true;\n        ga.src = ('https:' == document.location.protocol ? 'https:\/\/ssl' : 'http:\/\/www') + '.google-analytics.com\/ga.js';\n        var s = document.getElementsByTagName('script')[0];\n        s.parentNode.insertBefore(ga, s);\n    })();<\/p>\n<p><\/script><br \/>\n<br \/>[ad_2]<br \/>\n<br \/><a href=\"https:\/\/hirek.oldal.info\/rssclick\/14363391\">Source link <\/a><\/p>\n","protected":false},"excerpt":{"rendered":"<p>[ad_1] DK: Ursula von der Leyen is t\u00e1mogatja az eur\u00f3pai minim\u00e1lb\u00e9r bevezet\u00e9s\u00e9t Ursula von der Leyen, az Eur\u00f3pai Bizotts\u00e1g eln\u00f6ke meger\u0151s\u00edtette, hogy t\u00e1mogatja az eur\u00f3pai minim\u00e1lb\u00e9r bevezet\u00e9s\u00e9t &#8211; mondta h\u00e9tf\u0151i, budapesti sajt\u00f3t\u00e1j\u00e9koztat\u00f3j\u00e1n Dobrev Kl\u00e1ra. &#13; Az Eur\u00f3pai Parlament\u00a0DK-s aleln\u00f6ke elmondta, hogy megv\u00e1laszt\u00e1s\u00e1t k\u00f6vet\u0151en lev\u00e9lben gratul\u00e1lt Ursula von der Leyennek, akinek arra is felh\u00edvta a figyelm\u00e9t, [&hellip;]<\/p>\n","protected":false},"author":2,"featured_media":1529,"comment_status":"open","ping_status":"open","sticky":false,"template":"","format":"standard","meta":{"footnotes":""},"categories":[1],"tags":[],"class_list":["post-1528","post","type-post","status-publish","format-standard","has-post-thumbnail","hentry","category-legujabb-penzugyi-hirek"],"yoast_head":"<!-- This site is optimized with the Yoast SEO plugin v27.4 - https:\/\/yoast.com\/product\/yoast-seo-wordpress\/ -->\n<title>Ursula von der Leyen is t\u00e1mogatja az eur\u00f3pai minim\u00e1lb\u00e9r bevezet\u00e9s\u00e9t - Hot News in World<\/title>\n<meta name=\"robots\" content=\"index, follow, max-snippet:-1, max-image-preview:large, max-video-preview:-1\" \/>\n<link rel=\"canonical\" href=\"https:\/\/hotnewsinworld.com\/hu\/ursula-von-der-leyen-is-tamogatja-az-europai-minimalber-bevezeteset\/\" \/>\n<meta property=\"og:locale\" content=\"hu_HU\" \/>\n<meta property=\"og:type\" content=\"article\" \/>\n<meta property=\"og:title\" content=\"Ursula von der Leyen is t\u00e1mogatja az eur\u00f3pai minim\u00e1lb\u00e9r bevezet\u00e9s\u00e9t - Hot News in World\" \/>\n<meta property=\"og:description\" content=\"[ad_1] DK: Ursula von der Leyen is t\u00e1mogatja az eur\u00f3pai minim\u00e1lb\u00e9r bevezet\u00e9s\u00e9t Ursula von der Leyen, az Eur\u00f3pai Bizotts\u00e1g eln\u00f6ke meger\u0151s\u00edtette, hogy t\u00e1mogatja az eur\u00f3pai minim\u00e1lb\u00e9r bevezet\u00e9s\u00e9t &#8211; mondta h\u00e9tf\u0151i, budapesti sajt\u00f3t\u00e1j\u00e9koztat\u00f3j\u00e1n Dobrev Kl\u00e1ra. &#013; Az Eur\u00f3pai Parlament\u00a0DK-s aleln\u00f6ke elmondta, hogy megv\u00e1laszt\u00e1s\u00e1t k\u00f6vet\u0151en lev\u00e9lben gratul\u00e1lt Ursula von der Leyennek, akinek arra is felh\u00edvta a figyelm\u00e9t, [&hellip;]\" \/>\n<meta property=\"og:url\" content=\"https:\/\/hotnewsinworld.com\/hu\/ursula-von-der-leyen-is-tamogatja-az-europai-minimalber-bevezeteset\/\" \/>\n<meta property=\"og:site_name\" content=\"Hot News in World\" \/>\n<meta property=\"article:published_time\" content=\"2019-09-02T13:29:40+00:00\" \/>\n<meta property=\"article:modified_time\" content=\"2019-09-02T13:29:41+00:00\" \/>\n<meta property=\"og:image\" content=\"https:\/\/hotnewsinworld.com\/hu\/wp-content\/uploads\/sites\/3\/2019\/09\/Ursula-von-der-Leyen-is-t\u00e1mogatja-az-eur\u00f3pai-minim\u00e1lb\u00e9r-bevezet\u00e9s\u00e9t.jpg\" \/>\n\t<meta property=\"og:image:width\" content=\"772\" \/>\n\t<meta property=\"og:image:height\" content=\"514\" \/>\n\t<meta property=\"og:image:type\" content=\"image\/jpeg\" \/>\n<meta name=\"author\" content=\"hotnewsinworld\" \/>\n<meta name=\"twitter:card\" content=\"summary_large_image\" \/>\n<meta name=\"twitter:label1\" content=\"Szerz\u0151:\" \/>\n\t<meta name=\"twitter:data1\" content=\"hotnewsinworld\" \/>\n\t<meta name=\"twitter:label2\" content=\"Becs\u00fclt olvas\u00e1si id\u0151\" \/>\n\t<meta name=\"twitter:data2\" content=\"3 perc\" \/>\n<script type=\"application\/ld+json\" class=\"yoast-schema-graph\">{\"@context\":\"https:\\\/\\\/schema.org\",\"@graph\":[{\"@type\":\"Article\",\"@id\":\"https:\\\/\\\/hotnewsinworld.com\\\/hu\\\/ursula-von-der-leyen-is-tamogatja-az-europai-minimalber-bevezeteset\\\/#article\",\"isPartOf\":{\"@id\":\"https:\\\/\\\/hotnewsinworld.com\\\/hu\\\/ursula-von-der-leyen-is-tamogatja-az-europai-minimalber-bevezeteset\\\/\"},\"author\":{\"name\":\"hotnewsinworld\",\"@id\":\"https:\\\/\\\/hotnewsinworld.com\\\/hu\\\/#\\\/schema\\\/person\\\/fe61448b21c0d59086e75fcc1f9d8f6b\"},\"headline\":\"Ursula von der Leyen is t\u00e1mogatja az eur\u00f3pai minim\u00e1lb\u00e9r bevezet\u00e9s\u00e9t\",\"datePublished\":\"2019-09-02T13:29:40+00:00\",\"dateModified\":\"2019-09-02T13:29:41+00:00\",\"mainEntityOfPage\":{\"@id\":\"https:\\\/\\\/hotnewsinworld.com\\\/hu\\\/ursula-von-der-leyen-is-tamogatja-az-europai-minimalber-bevezeteset\\\/\"},\"wordCount\":569,\"commentCount\":0,\"image\":{\"@id\":\"https:\\\/\\\/hotnewsinworld.com\\\/hu\\\/ursula-von-der-leyen-is-tamogatja-az-europai-minimalber-bevezeteset\\\/#primaryimage\"},\"thumbnailUrl\":\"https:\\\/\\\/hotnewsinworld.com\\\/hu\\\/wp-content\\\/uploads\\\/sites\\\/3\\\/2019\\\/09\\\/Ursula-von-der-Leyen-is-t\u00e1mogatja-az-eur\u00f3pai-minim\u00e1lb\u00e9r-bevezet\u00e9s\u00e9t.jpg\",\"articleSection\":[\"LEG\u00daJABB P\u00c9NZ\u00dcGYI H\u00cdREK\"],\"inLanguage\":\"hu\",\"potentialAction\":[{\"@type\":\"CommentAction\",\"name\":\"Comment\",\"target\":[\"https:\\\/\\\/hotnewsinworld.com\\\/hu\\\/ursula-von-der-leyen-is-tamogatja-az-europai-minimalber-bevezeteset\\\/#respond\"]}]},{\"@type\":\"WebPage\",\"@id\":\"https:\\\/\\\/hotnewsinworld.com\\\/hu\\\/ursula-von-der-leyen-is-tamogatja-az-europai-minimalber-bevezeteset\\\/\",\"url\":\"https:\\\/\\\/hotnewsinworld.com\\\/hu\\\/ursula-von-der-leyen-is-tamogatja-az-europai-minimalber-bevezeteset\\\/\",\"name\":\"Ursula von der Leyen is t\u00e1mogatja az eur\u00f3pai minim\u00e1lb\u00e9r bevezet\u00e9s\u00e9t - Hot News in World\",\"isPartOf\":{\"@id\":\"https:\\\/\\\/hotnewsinworld.com\\\/hu\\\/#website\"},\"primaryImageOfPage\":{\"@id\":\"https:\\\/\\\/hotnewsinworld.com\\\/hu\\\/ursula-von-der-leyen-is-tamogatja-az-europai-minimalber-bevezeteset\\\/#primaryimage\"},\"image\":{\"@id\":\"https:\\\/\\\/hotnewsinworld.com\\\/hu\\\/ursula-von-der-leyen-is-tamogatja-az-europai-minimalber-bevezeteset\\\/#primaryimage\"},\"thumbnailUrl\":\"https:\\\/\\\/hotnewsinworld.com\\\/hu\\\/wp-content\\\/uploads\\\/sites\\\/3\\\/2019\\\/09\\\/Ursula-von-der-Leyen-is-t\u00e1mogatja-az-eur\u00f3pai-minim\u00e1lb\u00e9r-bevezet\u00e9s\u00e9t.jpg\",\"datePublished\":\"2019-09-02T13:29:40+00:00\",\"dateModified\":\"2019-09-02T13:29:41+00:00\",\"author\":{\"@id\":\"https:\\\/\\\/hotnewsinworld.com\\\/hu\\\/#\\\/schema\\\/person\\\/fe61448b21c0d59086e75fcc1f9d8f6b\"},\"breadcrumb\":{\"@id\":\"https:\\\/\\\/hotnewsinworld.com\\\/hu\\\/ursula-von-der-leyen-is-tamogatja-az-europai-minimalber-bevezeteset\\\/#breadcrumb\"},\"inLanguage\":\"hu\",\"potentialAction\":[{\"@type\":\"ReadAction\",\"target\":[\"https:\\\/\\\/hotnewsinworld.com\\\/hu\\\/ursula-von-der-leyen-is-tamogatja-az-europai-minimalber-bevezeteset\\\/\"]}]},{\"@type\":\"ImageObject\",\"inLanguage\":\"hu\",\"@id\":\"https:\\\/\\\/hotnewsinworld.com\\\/hu\\\/ursula-von-der-leyen-is-tamogatja-az-europai-minimalber-bevezeteset\\\/#primaryimage\",\"url\":\"https:\\\/\\\/hotnewsinworld.com\\\/hu\\\/wp-content\\\/uploads\\\/sites\\\/3\\\/2019\\\/09\\\/Ursula-von-der-Leyen-is-t\u00e1mogatja-az-eur\u00f3pai-minim\u00e1lb\u00e9r-bevezet\u00e9s\u00e9t.jpg\",\"contentUrl\":\"https:\\\/\\\/hotnewsinworld.com\\\/hu\\\/wp-content\\\/uploads\\\/sites\\\/3\\\/2019\\\/09\\\/Ursula-von-der-Leyen-is-t\u00e1mogatja-az-eur\u00f3pai-minim\u00e1lb\u00e9r-bevezet\u00e9s\u00e9t.jpg\",\"width\":772,\"height\":514,\"caption\":\"DK: Ursula von der Leyen is t\u00e1mogatja az eur\u00f3pai minim\u00e1lb\u00e9r bevezet\u00e9s\u00e9t\"},{\"@type\":\"BreadcrumbList\",\"@id\":\"https:\\\/\\\/hotnewsinworld.com\\\/hu\\\/ursula-von-der-leyen-is-tamogatja-az-europai-minimalber-bevezeteset\\\/#breadcrumb\",\"itemListElement\":[{\"@type\":\"ListItem\",\"position\":1,\"name\":\"\u0413\u043b\u0430\u0432\u043d\u0430\u044f \u0441\u0442\u0440\u0430\u043d\u0438\u0446\u0430\",\"item\":\"https:\\\/\\\/hotnewsinworld.com\\\/hu\\\/\"},{\"@type\":\"ListItem\",\"position\":2,\"name\":\"Ursula von der Leyen is t\u00e1mogatja az eur\u00f3pai minim\u00e1lb\u00e9r bevezet\u00e9s\u00e9t\"}]},{\"@type\":\"WebSite\",\"@id\":\"https:\\\/\\\/hotnewsinworld.com\\\/hu\\\/#website\",\"url\":\"https:\\\/\\\/hotnewsinworld.com\\\/hu\\\/\",\"name\":\"Hot News in World\",\"description\":\"Hot News in World from Hungary\",\"potentialAction\":[{\"@type\":\"SearchAction\",\"target\":{\"@type\":\"EntryPoint\",\"urlTemplate\":\"https:\\\/\\\/hotnewsinworld.com\\\/hu\\\/?s={search_term_string}\"},\"query-input\":{\"@type\":\"PropertyValueSpecification\",\"valueRequired\":true,\"valueName\":\"search_term_string\"}}],\"inLanguage\":\"hu\"},{\"@type\":\"Person\",\"@id\":\"https:\\\/\\\/hotnewsinworld.com\\\/hu\\\/#\\\/schema\\\/person\\\/fe61448b21c0d59086e75fcc1f9d8f6b\",\"name\":\"hotnewsinworld\",\"image\":{\"@type\":\"ImageObject\",\"inLanguage\":\"hu\",\"@id\":\"https:\\\/\\\/secure.gravatar.com\\\/avatar\\\/8a09ac165600ce2e1c38fe593c63928eb1e6e7ba5c5a907d67787c41b3d00c14?s=96&d=mm&r=g\",\"url\":\"https:\\\/\\\/secure.gravatar.com\\\/avatar\\\/8a09ac165600ce2e1c38fe593c63928eb1e6e7ba5c5a907d67787c41b3d00c14?s=96&d=mm&r=g\",\"contentUrl\":\"https:\\\/\\\/secure.gravatar.com\\\/avatar\\\/8a09ac165600ce2e1c38fe593c63928eb1e6e7ba5c5a907d67787c41b3d00c14?s=96&d=mm&r=g\",\"caption\":\"hotnewsinworld\"},\"url\":\"https:\\\/\\\/hotnewsinworld.com\\\/hu\\\/author\\\/pt\\\/\"}]}<\/script>\n<!-- \/ Yoast SEO plugin. -->","yoast_head_json":{"title":"Ursula von der Leyen is t\u00e1mogatja az eur\u00f3pai minim\u00e1lb\u00e9r bevezet\u00e9s\u00e9t - Hot News in World","robots":{"index":"index","follow":"follow","max-snippet":"max-snippet:-1","max-image-preview":"max-image-preview:large","max-video-preview":"max-video-preview:-1"},"canonical":"https:\/\/hotnewsinworld.com\/hu\/ursula-von-der-leyen-is-tamogatja-az-europai-minimalber-bevezeteset\/","og_locale":"hu_HU","og_type":"article","og_title":"Ursula von der Leyen is t\u00e1mogatja az eur\u00f3pai minim\u00e1lb\u00e9r bevezet\u00e9s\u00e9t - Hot News in World","og_description":"[ad_1] DK: Ursula von der Leyen is t\u00e1mogatja az eur\u00f3pai minim\u00e1lb\u00e9r bevezet\u00e9s\u00e9t Ursula von der Leyen, az Eur\u00f3pai Bizotts\u00e1g eln\u00f6ke meger\u0151s\u00edtette, hogy t\u00e1mogatja az eur\u00f3pai minim\u00e1lb\u00e9r bevezet\u00e9s\u00e9t &#8211; mondta h\u00e9tf\u0151i, budapesti sajt\u00f3t\u00e1j\u00e9koztat\u00f3j\u00e1n Dobrev Kl\u00e1ra. &#13; Az Eur\u00f3pai Parlament\u00a0DK-s aleln\u00f6ke elmondta, hogy megv\u00e1laszt\u00e1s\u00e1t k\u00f6vet\u0151en lev\u00e9lben gratul\u00e1lt Ursula von der Leyennek, akinek arra is felh\u00edvta a figyelm\u00e9t, [&hellip;]","og_url":"https:\/\/hotnewsinworld.com\/hu\/ursula-von-der-leyen-is-tamogatja-az-europai-minimalber-bevezeteset\/","og_site_name":"Hot News in World","article_published_time":"2019-09-02T13:29:40+00:00","article_modified_time":"2019-09-02T13:29:41+00:00","og_image":[{"width":772,"height":514,"url":"https:\/\/hotnewsinworld.com\/hu\/wp-content\/uploads\/sites\/3\/2019\/09\/Ursula-von-der-Leyen-is-t\u00e1mogatja-az-eur\u00f3pai-minim\u00e1lb\u00e9r-bevezet\u00e9s\u00e9t.jpg","type":"image\/jpeg"}],"author":"hotnewsinworld","twitter_card":"summary_large_image","twitter_misc":{"Szerz\u0151:":"hotnewsinworld","Becs\u00fclt olvas\u00e1si id\u0151":"3 perc"},"schema":{"@context":"https:\/\/schema.org","@graph":[{"@type":"Article","@id":"https:\/\/hotnewsinworld.com\/hu\/ursula-von-der-leyen-is-tamogatja-az-europai-minimalber-bevezeteset\/#article","isPartOf":{"@id":"https:\/\/hotnewsinworld.com\/hu\/ursula-von-der-leyen-is-tamogatja-az-europai-minimalber-bevezeteset\/"},"author":{"name":"hotnewsinworld","@id":"https:\/\/hotnewsinworld.com\/hu\/#\/schema\/person\/fe61448b21c0d59086e75fcc1f9d8f6b"},"headline":"Ursula von der Leyen is t\u00e1mogatja az eur\u00f3pai minim\u00e1lb\u00e9r bevezet\u00e9s\u00e9t","datePublished":"2019-09-02T13:29:40+00:00","dateModified":"2019-09-02T13:29:41+00:00","mainEntityOfPage":{"@id":"https:\/\/hotnewsinworld.com\/hu\/ursula-von-der-leyen-is-tamogatja-az-europai-minimalber-bevezeteset\/"},"wordCount":569,"commentCount":0,"image":{"@id":"https:\/\/hotnewsinworld.com\/hu\/ursula-von-der-leyen-is-tamogatja-az-europai-minimalber-bevezeteset\/#primaryimage"},"thumbnailUrl":"https:\/\/hotnewsinworld.com\/hu\/wp-content\/uploads\/sites\/3\/2019\/09\/Ursula-von-der-Leyen-is-t\u00e1mogatja-az-eur\u00f3pai-minim\u00e1lb\u00e9r-bevezet\u00e9s\u00e9t.jpg","articleSection":["LEG\u00daJABB P\u00c9NZ\u00dcGYI H\u00cdREK"],"inLanguage":"hu","potentialAction":[{"@type":"CommentAction","name":"Comment","target":["https:\/\/hotnewsinworld.com\/hu\/ursula-von-der-leyen-is-tamogatja-az-europai-minimalber-bevezeteset\/#respond"]}]},{"@type":"WebPage","@id":"https:\/\/hotnewsinworld.com\/hu\/ursula-von-der-leyen-is-tamogatja-az-europai-minimalber-bevezeteset\/","url":"https:\/\/hotnewsinworld.com\/hu\/ursula-von-der-leyen-is-tamogatja-az-europai-minimalber-bevezeteset\/","name":"Ursula von der Leyen is t\u00e1mogatja az eur\u00f3pai minim\u00e1lb\u00e9r bevezet\u00e9s\u00e9t - Hot News in World","isPartOf":{"@id":"https:\/\/hotnewsinworld.com\/hu\/#website"},"primaryImageOfPage":{"@id":"https:\/\/hotnewsinworld.com\/hu\/ursula-von-der-leyen-is-tamogatja-az-europai-minimalber-bevezeteset\/#primaryimage"},"image":{"@id":"https:\/\/hotnewsinworld.com\/hu\/ursula-von-der-leyen-is-tamogatja-az-europai-minimalber-bevezeteset\/#primaryimage"},"thumbnailUrl":"https:\/\/hotnewsinworld.com\/hu\/wp-content\/uploads\/sites\/3\/2019\/09\/Ursula-von-der-Leyen-is-t\u00e1mogatja-az-eur\u00f3pai-minim\u00e1lb\u00e9r-bevezet\u00e9s\u00e9t.jpg","datePublished":"2019-09-02T13:29:40+00:00","dateModified":"2019-09-02T13:29:41+00:00","author":{"@id":"https:\/\/hotnewsinworld.com\/hu\/#\/schema\/person\/fe61448b21c0d59086e75fcc1f9d8f6b"},"breadcrumb":{"@id":"https:\/\/hotnewsinworld.com\/hu\/ursula-von-der-leyen-is-tamogatja-az-europai-minimalber-bevezeteset\/#breadcrumb"},"inLanguage":"hu","potentialAction":[{"@type":"ReadAction","target":["https:\/\/hotnewsinworld.com\/hu\/ursula-von-der-leyen-is-tamogatja-az-europai-minimalber-bevezeteset\/"]}]},{"@type":"ImageObject","inLanguage":"hu","@id":"https:\/\/hotnewsinworld.com\/hu\/ursula-von-der-leyen-is-tamogatja-az-europai-minimalber-bevezeteset\/#primaryimage","url":"https:\/\/hotnewsinworld.com\/hu\/wp-content\/uploads\/sites\/3\/2019\/09\/Ursula-von-der-Leyen-is-t\u00e1mogatja-az-eur\u00f3pai-minim\u00e1lb\u00e9r-bevezet\u00e9s\u00e9t.jpg","contentUrl":"https:\/\/hotnewsinworld.com\/hu\/wp-content\/uploads\/sites\/3\/2019\/09\/Ursula-von-der-Leyen-is-t\u00e1mogatja-az-eur\u00f3pai-minim\u00e1lb\u00e9r-bevezet\u00e9s\u00e9t.jpg","width":772,"height":514,"caption":"DK: Ursula von der Leyen is t\u00e1mogatja az eur\u00f3pai minim\u00e1lb\u00e9r bevezet\u00e9s\u00e9t"},{"@type":"BreadcrumbList","@id":"https:\/\/hotnewsinworld.com\/hu\/ursula-von-der-leyen-is-tamogatja-az-europai-minimalber-bevezeteset\/#breadcrumb","itemListElement":[{"@type":"ListItem","position":1,"name":"\u0413\u043b\u0430\u0432\u043d\u0430\u044f \u0441\u0442\u0440\u0430\u043d\u0438\u0446\u0430","item":"https:\/\/hotnewsinworld.com\/hu\/"},{"@type":"ListItem","position":2,"name":"Ursula von der Leyen is t\u00e1mogatja az eur\u00f3pai minim\u00e1lb\u00e9r bevezet\u00e9s\u00e9t"}]},{"@type":"WebSite","@id":"https:\/\/hotnewsinworld.com\/hu\/#website","url":"https:\/\/hotnewsinworld.com\/hu\/","name":"Hot News in World","description":"Hot News in World from Hungary","potentialAction":[{"@type":"SearchAction","target":{"@type":"EntryPoint","urlTemplate":"https:\/\/hotnewsinworld.com\/hu\/?s={search_term_string}"},"query-input":{"@type":"PropertyValueSpecification","valueRequired":true,"valueName":"search_term_string"}}],"inLanguage":"hu"},{"@type":"Person","@id":"https:\/\/hotnewsinworld.com\/hu\/#\/schema\/person\/fe61448b21c0d59086e75fcc1f9d8f6b","name":"hotnewsinworld","image":{"@type":"ImageObject","inLanguage":"hu","@id":"https:\/\/secure.gravatar.com\/avatar\/8a09ac165600ce2e1c38fe593c63928eb1e6e7ba5c5a907d67787c41b3d00c14?s=96&d=mm&r=g","url":"https:\/\/secure.gravatar.com\/avatar\/8a09ac165600ce2e1c38fe593c63928eb1e6e7ba5c5a907d67787c41b3d00c14?s=96&d=mm&r=g","contentUrl":"https:\/\/secure.gravatar.com\/avatar\/8a09ac165600ce2e1c38fe593c63928eb1e6e7ba5c5a907d67787c41b3d00c14?s=96&d=mm&r=g","caption":"hotnewsinworld"},"url":"https:\/\/hotnewsinworld.com\/hu\/author\/pt\/"}]}},"_links":{"self":[{"href":"https:\/\/hotnewsinworld.com\/hu\/wp-json\/wp\/v2\/posts\/1528","targetHints":{"allow":["GET"]}}],"collection":[{"href":"https:\/\/hotnewsinworld.com\/hu\/wp-json\/wp\/v2\/posts"}],"about":[{"href":"https:\/\/hotnewsinworld.com\/hu\/wp-json\/wp\/v2\/types\/post"}],"author":[{"embeddable":true,"href":"https:\/\/hotnewsinworld.com\/hu\/wp-json\/wp\/v2\/users\/2"}],"replies":[{"embeddable":true,"href":"https:\/\/hotnewsinworld.com\/hu\/wp-json\/wp\/v2\/comments?post=1528"}],"version-history":[{"count":1,"href":"https:\/\/hotnewsinworld.com\/hu\/wp-json\/wp\/v2\/posts\/1528\/revisions"}],"predecessor-version":[{"id":1530,"href":"https:\/\/hotnewsinworld.com\/hu\/wp-json\/wp\/v2\/posts\/1528\/revisions\/1530"}],"wp:featuredmedia":[{"embeddable":true,"href":"https:\/\/hotnewsinworld.com\/hu\/wp-json\/wp\/v2\/media\/1529"}],"wp:attachment":[{"href":"https:\/\/hotnewsinworld.com\/hu\/wp-json\/wp\/v2\/media?parent=1528"}],"wp:term":[{"taxonomy":"category","embeddable":true,"href":"https:\/\/hotnewsinworld.com\/hu\/wp-json\/wp\/v2\/categories?post=1528"},{"taxonomy":"post_tag","embeddable":true,"href":"https:\/\/hotnewsinworld.com\/hu\/wp-json\/wp\/v2\/tags?post=1528"}],"curies":[{"name":"wp","href":"https:\/\/api.w.org\/{rel}","templated":true}]}}