{"id":1534,"date":"2019-09-02T19:21:10","date_gmt":"2019-09-02T16:21:10","guid":{"rendered":"https:\/\/hotnewsinworld.com\/hu\/nepszava-ejjel-esni-fog-kedden-a-szel-fuj-majd\/"},"modified":"2019-09-02T19:21:11","modified_gmt":"2019-09-02T16:21:11","slug":"nepszava-ejjel-esni-fog-kedden-a-szel-fuj-majd","status":"publish","type":"post","link":"https:\/\/hotnewsinworld.com\/hu\/nepszava-ejjel-esni-fog-kedden-a-szel-fuj-majd\/","title":{"rendered":"N\u00e9pszava \u00c9jjel esni fog, kedden a sz\u00e9l f\u00faj majd"},"content":{"rendered":"<p> [ad_1]<br \/>\n<\/p>\n<div id=\"\">\n<p>Kedd estig a hidegfront lelassulva \u00e9s legyeng\u00fclve, de \u00e1tvonul a K\u00e1rp\u00e1t-medence felett, az orsz\u00e1g keleti fel\u00e9n is megsz\u0171nik a h\u0151s\u00e9g.<\/p>\n<p>Az \u00e9jszaka els\u0151 fel\u00e9ben a z\u00e1porok, zivatarok sz\u00e1ma \u00e1tmenetileg jelent\u0151sen cs\u00f6kken, ezzel egy\u00fctt ugyanakkor nyugat fel\u0151l fokozatosan er\u0151sen megn\u00f6vekszik a felh\u0151zet. Az \u00e9jszaka m\u00e1sodik fel\u00e9ben el\u0151bb a Dun\u00e1nt\u00falon, majd a k\u00f6z\u00e9ps\u0151 megy\u00e9kben is mind t\u00f6bb helyen val\u00f3sz\u00edn\u0171 es\u0151, z\u00e1por, illetve n\u00e9h\u00e1ny zivatar.<\/p>\n<p>Kedden a Dun\u00e1nt\u00falon m\u00e1r a d\u00e9lel\u0151tt folyam\u00e1n megsz\u0171nik a csapad\u00e9k, \u00e9s jelent\u0151sen cs\u00f6kken a felh\u0151zet, ott alapvet\u0151en napos id\u0151 v\u00e1rhat\u00f3 a nap legnagyobb r\u00e9sz\u00e9ben. A Dun\u00e1t\u00f3l keletre azonban d\u00e9lut\u00e1nig m\u00e9g er\u0151sen felh\u0151s vagy borult lesz az \u00e9g, \u00e9s t\u00f6bbfel\u00e9 kell es\u0151re, z\u00e1porra, valamint egy-k\u00e9t helyen zivatarra is sz\u00e1m\u00edtani. A keleti megy\u00e9kben is fokozatosan megsz\u0171nik azonban a d\u00e9lut\u00e1n \u00e9s este folyam\u00e1n a csapad\u00e9k nyugat fel\u0151l. Az \u00e9szaki, \u00e9szaknyugati sz\u00e9l nagy ter\u00fcleten meger\u0151s\u00f6dik, kedd est\u00e9re azonban jelent\u0151sen m\u00e9rs\u00e9kl\u0151dik a l\u00e9gmozg\u00e1s.<\/p>\n<p>A legalacsonyabb \u00e9jszakai h\u0151m\u00e9rs\u00e9klet 12 \u00e9s 19 fok k\u00f6z\u00f6tt alakul.    A legmagasabb nappali h\u0151m\u00e9rs\u00e9klet kedden 18 \u00e9s 27 fok k\u00f6z\u00f6tt val\u00f3sz\u00edn\u0171. 20 fok alatti \u00e9rt\u00e9kek a tart\u00f3sabban csapad\u00e9kos \u00e9szaki t\u00e1jakon, 25 fok f\u00f6l\u00f6tti maximumok pedig d\u00e9lel\u0151tt a keleti hat\u00e1rsz\u00e9len lehetnek.<\/p>\n<h2 class=\"\">Id\u0151j\u00e1r\u00e1si helyzet Eur\u00f3p\u00e1ban<\/h2>\n<p>Sv\u00e9dorsz\u00e1gt\u00f3l eg\u00e9szen az Alpokig h\u00faz\u00f3dik az a hidegfront, amely kett\u00e9osztja a kontinens id\u0151j\u00e1r\u00e1s\u00e1t. A front ment\u00e9n sokfel\u00e9 fordul el\u0151 jelent\u0151sebb csapad\u00e9k; z\u00e1porok, zivatarok, illetve es\u0151 egyar\u00e1nt jellemz\u0151. A frontvonal m\u00f6g\u00f6tt \u00e9szaki, \u00e9szaknyugati \u00e1raml\u00e1ssal t\u00f6bb fokkal hidegebb leveg\u0151 \u00e1ramlik Nyugat-Eur\u00f3pa f\u00f6l\u00e9, 20 fok k\u00f6r\u00fcli maximumok jellemz\u0151ek a t\u00e9rs\u00e9gben.<\/p>\n<p>Ek\u00f6zben a front el\u0151tt eg\u00e9szen \u00e9szakra is meleg leveg\u0151 \u00e1ramlik, \u00edgy m\u00e9g Lettorsz\u00e1gban is 27-29, Lengyelorsz\u00e1gban pedig 30-33 fok k\u00f6z\u00e9 emelkedik d\u00e9lut\u00e1nra a h\u0151m\u00e9rs\u00e9klet, s\u0151t a K\u00e1rp\u00e1t-medence t\u00e1gabb k\u00f6rnyezet\u00e9ben \u00e9s a Mediterr\u00e1neumban m\u00e9g enn\u00e9l is n\u00e9h\u00e1ny fokkal melegebb van. Az eml\u00edtett hidegfrontot lesz\u00e1m\u00edtva k\u00e9t mark\u00e1ns anticiklon alak\u00edtja Eur\u00f3pa id\u0151j\u00e1r\u00e1s\u00e1t. Kedd estig a hidegfront lelassulva \u00e9s legyeng\u00fclve, de \u00e1tvonul a K\u00e1rp\u00e1t-medence felett, keddre az orsz\u00e1g keleti fel\u00e9n is megsz\u0171nik a h\u0151s\u00e9g.<\/p>\n<p>            <a class=\"slogo\"><br \/>\n                <svg xmlns=\"http:\/\/www.w3.org\/2000\/svg\" width=\"30\" height=\"30\" viewbox=\"0 0 30 30\"><path d=\"M23.858,9.041c-1.868.118-2.456.46-2.456,3.4V22.732H19.6L10.625,11.6v6.758c0,3.072.759,3.179,2.537,3.5v.791H6.971v-.791c1.737-.28,2.46-.28,2.456-3.391V11.65c0-.644-.058-2.127-2.517-2.588V8.25h5.421L20.2,17.988V12.541c0-1.153.321-3.235-2.527-3.5V8.25h6.181Z\"\/><\/svg><\/a>\n\t\t\t<\/div>\n<p>[ad_2]<br \/>\n<br \/><a href=\"https:\/\/hirek.oldal.info\/rssclick\/14363827\">Source link <\/a><\/p>\n","protected":false},"excerpt":{"rendered":"<p>[ad_1] Kedd estig a hidegfront lelassulva \u00e9s legyeng\u00fclve, de \u00e1tvonul a K\u00e1rp\u00e1t-medence felett, az orsz\u00e1g keleti fel\u00e9n is megsz\u0171nik a h\u0151s\u00e9g. Az \u00e9jszaka els\u0151 fel\u00e9ben a z\u00e1porok, zivatarok sz\u00e1ma \u00e1tmenetileg jelent\u0151sen cs\u00f6kken, ezzel egy\u00fctt ugyanakkor nyugat fel\u0151l fokozatosan er\u0151sen megn\u00f6vekszik a felh\u0151zet. Az \u00e9jszaka m\u00e1sodik fel\u00e9ben el\u0151bb a Dun\u00e1nt\u00falon, majd a k\u00f6z\u00e9ps\u0151 megy\u00e9kben is mind [&hellip;]<\/p>\n","protected":false},"author":2,"featured_media":1535,"comment_status":"open","ping_status":"open","sticky":false,"template":"","format":"standard","meta":{"footnotes":""},"categories":[1],"tags":[],"class_list":["post-1534","post","type-post","status-publish","format-standard","has-post-thumbnail","hentry","category-legujabb-penzugyi-hirek"],"yoast_head":"<!-- This site is optimized with the Yoast SEO plugin v27.4 - https:\/\/yoast.com\/product\/yoast-seo-wordpress\/ -->\n<title>N\u00e9pszava \u00c9jjel esni fog, kedden a sz\u00e9l f\u00faj majd - Hot News in World<\/title>\n<meta name=\"robots\" content=\"index, follow, max-snippet:-1, max-image-preview:large, max-video-preview:-1\" \/>\n<link rel=\"canonical\" href=\"https:\/\/hotnewsinworld.com\/hu\/nepszava-ejjel-esni-fog-kedden-a-szel-fuj-majd\/\" \/>\n<meta property=\"og:locale\" content=\"hu_HU\" \/>\n<meta property=\"og:type\" content=\"article\" \/>\n<meta property=\"og:title\" content=\"N\u00e9pszava \u00c9jjel esni fog, kedden a sz\u00e9l f\u00faj majd - Hot News in World\" \/>\n<meta property=\"og:description\" content=\"[ad_1] Kedd estig a hidegfront lelassulva \u00e9s legyeng\u00fclve, de \u00e1tvonul a K\u00e1rp\u00e1t-medence felett, az orsz\u00e1g keleti fel\u00e9n is megsz\u0171nik a h\u0151s\u00e9g. Az \u00e9jszaka els\u0151 fel\u00e9ben a z\u00e1porok, zivatarok sz\u00e1ma \u00e1tmenetileg jelent\u0151sen cs\u00f6kken, ezzel egy\u00fctt ugyanakkor nyugat fel\u0151l fokozatosan er\u0151sen megn\u00f6vekszik a felh\u0151zet. Az \u00e9jszaka m\u00e1sodik fel\u00e9ben el\u0151bb a Dun\u00e1nt\u00falon, majd a k\u00f6z\u00e9ps\u0151 megy\u00e9kben is mind [&hellip;]\" \/>\n<meta property=\"og:url\" content=\"https:\/\/hotnewsinworld.com\/hu\/nepszava-ejjel-esni-fog-kedden-a-szel-fuj-majd\/\" \/>\n<meta property=\"og:site_name\" content=\"Hot News in World\" \/>\n<meta property=\"article:published_time\" content=\"2019-09-02T16:21:10+00:00\" \/>\n<meta property=\"article:modified_time\" content=\"2019-09-02T16:21:11+00:00\" \/>\n<meta property=\"og:image\" content=\"https:\/\/hotnewsinworld.com\/hu\/wp-content\/uploads\/sites\/3\/2019\/09\/N\u00e9pszava-\u00c9jjel-esni-fog-kedden-a-sz\u00e9l-f\u00faj-majd.jpg\" \/>\n\t<meta property=\"og:image:width\" content=\"1000\" \/>\n\t<meta property=\"og:image:height\" content=\"600\" \/>\n\t<meta property=\"og:image:type\" content=\"image\/jpeg\" \/>\n<meta name=\"author\" content=\"hotnewsinworld\" \/>\n<meta name=\"twitter:card\" content=\"summary_large_image\" \/>\n<meta name=\"twitter:label1\" content=\"Szerz\u0151:\" \/>\n\t<meta name=\"twitter:data1\" content=\"hotnewsinworld\" \/>\n\t<meta name=\"twitter:label2\" content=\"Becs\u00fclt olvas\u00e1si id\u0151\" \/>\n\t<meta name=\"twitter:data2\" content=\"2 perc\" \/>\n<script type=\"application\/ld+json\" class=\"yoast-schema-graph\">{\"@context\":\"https:\\\/\\\/schema.org\",\"@graph\":[{\"@type\":\"Article\",\"@id\":\"https:\\\/\\\/hotnewsinworld.com\\\/hu\\\/nepszava-ejjel-esni-fog-kedden-a-szel-fuj-majd\\\/#article\",\"isPartOf\":{\"@id\":\"https:\\\/\\\/hotnewsinworld.com\\\/hu\\\/nepszava-ejjel-esni-fog-kedden-a-szel-fuj-majd\\\/\"},\"author\":{\"name\":\"hotnewsinworld\",\"@id\":\"https:\\\/\\\/hotnewsinworld.com\\\/hu\\\/#\\\/schema\\\/person\\\/fe61448b21c0d59086e75fcc1f9d8f6b\"},\"headline\":\"N\u00e9pszava \u00c9jjel esni fog, kedden a sz\u00e9l f\u00faj majd\",\"datePublished\":\"2019-09-02T16:21:10+00:00\",\"dateModified\":\"2019-09-02T16:21:11+00:00\",\"mainEntityOfPage\":{\"@id\":\"https:\\\/\\\/hotnewsinworld.com\\\/hu\\\/nepszava-ejjel-esni-fog-kedden-a-szel-fuj-majd\\\/\"},\"wordCount\":483,\"commentCount\":0,\"image\":{\"@id\":\"https:\\\/\\\/hotnewsinworld.com\\\/hu\\\/nepszava-ejjel-esni-fog-kedden-a-szel-fuj-majd\\\/#primaryimage\"},\"thumbnailUrl\":\"https:\\\/\\\/hotnewsinworld.com\\\/hu\\\/wp-content\\\/uploads\\\/sites\\\/3\\\/2019\\\/09\\\/N\u00e9pszava-\u00c9jjel-esni-fog-kedden-a-sz\u00e9l-f\u00faj-majd.jpg\",\"articleSection\":[\"LEG\u00daJABB P\u00c9NZ\u00dcGYI H\u00cdREK\"],\"inLanguage\":\"hu\",\"potentialAction\":[{\"@type\":\"CommentAction\",\"name\":\"Comment\",\"target\":[\"https:\\\/\\\/hotnewsinworld.com\\\/hu\\\/nepszava-ejjel-esni-fog-kedden-a-szel-fuj-majd\\\/#respond\"]}]},{\"@type\":\"WebPage\",\"@id\":\"https:\\\/\\\/hotnewsinworld.com\\\/hu\\\/nepszava-ejjel-esni-fog-kedden-a-szel-fuj-majd\\\/\",\"url\":\"https:\\\/\\\/hotnewsinworld.com\\\/hu\\\/nepszava-ejjel-esni-fog-kedden-a-szel-fuj-majd\\\/\",\"name\":\"N\u00e9pszava \u00c9jjel esni fog, kedden a sz\u00e9l f\u00faj majd - Hot News in World\",\"isPartOf\":{\"@id\":\"https:\\\/\\\/hotnewsinworld.com\\\/hu\\\/#website\"},\"primaryImageOfPage\":{\"@id\":\"https:\\\/\\\/hotnewsinworld.com\\\/hu\\\/nepszava-ejjel-esni-fog-kedden-a-szel-fuj-majd\\\/#primaryimage\"},\"image\":{\"@id\":\"https:\\\/\\\/hotnewsinworld.com\\\/hu\\\/nepszava-ejjel-esni-fog-kedden-a-szel-fuj-majd\\\/#primaryimage\"},\"thumbnailUrl\":\"https:\\\/\\\/hotnewsinworld.com\\\/hu\\\/wp-content\\\/uploads\\\/sites\\\/3\\\/2019\\\/09\\\/N\u00e9pszava-\u00c9jjel-esni-fog-kedden-a-sz\u00e9l-f\u00faj-majd.jpg\",\"datePublished\":\"2019-09-02T16:21:10+00:00\",\"dateModified\":\"2019-09-02T16:21:11+00:00\",\"author\":{\"@id\":\"https:\\\/\\\/hotnewsinworld.com\\\/hu\\\/#\\\/schema\\\/person\\\/fe61448b21c0d59086e75fcc1f9d8f6b\"},\"breadcrumb\":{\"@id\":\"https:\\\/\\\/hotnewsinworld.com\\\/hu\\\/nepszava-ejjel-esni-fog-kedden-a-szel-fuj-majd\\\/#breadcrumb\"},\"inLanguage\":\"hu\",\"potentialAction\":[{\"@type\":\"ReadAction\",\"target\":[\"https:\\\/\\\/hotnewsinworld.com\\\/hu\\\/nepszava-ejjel-esni-fog-kedden-a-szel-fuj-majd\\\/\"]}]},{\"@type\":\"ImageObject\",\"inLanguage\":\"hu\",\"@id\":\"https:\\\/\\\/hotnewsinworld.com\\\/hu\\\/nepszava-ejjel-esni-fog-kedden-a-szel-fuj-majd\\\/#primaryimage\",\"url\":\"https:\\\/\\\/hotnewsinworld.com\\\/hu\\\/wp-content\\\/uploads\\\/sites\\\/3\\\/2019\\\/09\\\/N\u00e9pszava-\u00c9jjel-esni-fog-kedden-a-sz\u00e9l-f\u00faj-majd.jpg\",\"contentUrl\":\"https:\\\/\\\/hotnewsinworld.com\\\/hu\\\/wp-content\\\/uploads\\\/sites\\\/3\\\/2019\\\/09\\\/N\u00e9pszava-\u00c9jjel-esni-fog-kedden-a-sz\u00e9l-f\u00faj-majd.jpg\",\"width\":1000,\"height\":600,\"caption\":\"N\u00e9pszava \u00c9jjel esni fog, kedden a sz\u00e9l f\u00faj majd\"},{\"@type\":\"BreadcrumbList\",\"@id\":\"https:\\\/\\\/hotnewsinworld.com\\\/hu\\\/nepszava-ejjel-esni-fog-kedden-a-szel-fuj-majd\\\/#breadcrumb\",\"itemListElement\":[{\"@type\":\"ListItem\",\"position\":1,\"name\":\"\u0413\u043b\u0430\u0432\u043d\u0430\u044f \u0441\u0442\u0440\u0430\u043d\u0438\u0446\u0430\",\"item\":\"https:\\\/\\\/hotnewsinworld.com\\\/hu\\\/\"},{\"@type\":\"ListItem\",\"position\":2,\"name\":\"N\u00e9pszava \u00c9jjel esni fog, kedden a sz\u00e9l f\u00faj majd\"}]},{\"@type\":\"WebSite\",\"@id\":\"https:\\\/\\\/hotnewsinworld.com\\\/hu\\\/#website\",\"url\":\"https:\\\/\\\/hotnewsinworld.com\\\/hu\\\/\",\"name\":\"Hot News in World\",\"description\":\"Hot News in World from Hungary\",\"potentialAction\":[{\"@type\":\"SearchAction\",\"target\":{\"@type\":\"EntryPoint\",\"urlTemplate\":\"https:\\\/\\\/hotnewsinworld.com\\\/hu\\\/?s={search_term_string}\"},\"query-input\":{\"@type\":\"PropertyValueSpecification\",\"valueRequired\":true,\"valueName\":\"search_term_string\"}}],\"inLanguage\":\"hu\"},{\"@type\":\"Person\",\"@id\":\"https:\\\/\\\/hotnewsinworld.com\\\/hu\\\/#\\\/schema\\\/person\\\/fe61448b21c0d59086e75fcc1f9d8f6b\",\"name\":\"hotnewsinworld\",\"image\":{\"@type\":\"ImageObject\",\"inLanguage\":\"hu\",\"@id\":\"https:\\\/\\\/secure.gravatar.com\\\/avatar\\\/8a09ac165600ce2e1c38fe593c63928eb1e6e7ba5c5a907d67787c41b3d00c14?s=96&d=mm&r=g\",\"url\":\"https:\\\/\\\/secure.gravatar.com\\\/avatar\\\/8a09ac165600ce2e1c38fe593c63928eb1e6e7ba5c5a907d67787c41b3d00c14?s=96&d=mm&r=g\",\"contentUrl\":\"https:\\\/\\\/secure.gravatar.com\\\/avatar\\\/8a09ac165600ce2e1c38fe593c63928eb1e6e7ba5c5a907d67787c41b3d00c14?s=96&d=mm&r=g\",\"caption\":\"hotnewsinworld\"},\"url\":\"https:\\\/\\\/hotnewsinworld.com\\\/hu\\\/author\\\/pt\\\/\"}]}<\/script>\n<!-- \/ Yoast SEO plugin. -->","yoast_head_json":{"title":"N\u00e9pszava \u00c9jjel esni fog, kedden a sz\u00e9l f\u00faj majd - Hot News in World","robots":{"index":"index","follow":"follow","max-snippet":"max-snippet:-1","max-image-preview":"max-image-preview:large","max-video-preview":"max-video-preview:-1"},"canonical":"https:\/\/hotnewsinworld.com\/hu\/nepszava-ejjel-esni-fog-kedden-a-szel-fuj-majd\/","og_locale":"hu_HU","og_type":"article","og_title":"N\u00e9pszava \u00c9jjel esni fog, kedden a sz\u00e9l f\u00faj majd - Hot News in World","og_description":"[ad_1] Kedd estig a hidegfront lelassulva \u00e9s legyeng\u00fclve, de \u00e1tvonul a K\u00e1rp\u00e1t-medence felett, az orsz\u00e1g keleti fel\u00e9n is megsz\u0171nik a h\u0151s\u00e9g. Az \u00e9jszaka els\u0151 fel\u00e9ben a z\u00e1porok, zivatarok sz\u00e1ma \u00e1tmenetileg jelent\u0151sen cs\u00f6kken, ezzel egy\u00fctt ugyanakkor nyugat fel\u0151l fokozatosan er\u0151sen megn\u00f6vekszik a felh\u0151zet. Az \u00e9jszaka m\u00e1sodik fel\u00e9ben el\u0151bb a Dun\u00e1nt\u00falon, majd a k\u00f6z\u00e9ps\u0151 megy\u00e9kben is mind [&hellip;]","og_url":"https:\/\/hotnewsinworld.com\/hu\/nepszava-ejjel-esni-fog-kedden-a-szel-fuj-majd\/","og_site_name":"Hot News in World","article_published_time":"2019-09-02T16:21:10+00:00","article_modified_time":"2019-09-02T16:21:11+00:00","og_image":[{"width":1000,"height":600,"url":"https:\/\/hotnewsinworld.com\/hu\/wp-content\/uploads\/sites\/3\/2019\/09\/N\u00e9pszava-\u00c9jjel-esni-fog-kedden-a-sz\u00e9l-f\u00faj-majd.jpg","type":"image\/jpeg"}],"author":"hotnewsinworld","twitter_card":"summary_large_image","twitter_misc":{"Szerz\u0151:":"hotnewsinworld","Becs\u00fclt olvas\u00e1si id\u0151":"2 perc"},"schema":{"@context":"https:\/\/schema.org","@graph":[{"@type":"Article","@id":"https:\/\/hotnewsinworld.com\/hu\/nepszava-ejjel-esni-fog-kedden-a-szel-fuj-majd\/#article","isPartOf":{"@id":"https:\/\/hotnewsinworld.com\/hu\/nepszava-ejjel-esni-fog-kedden-a-szel-fuj-majd\/"},"author":{"name":"hotnewsinworld","@id":"https:\/\/hotnewsinworld.com\/hu\/#\/schema\/person\/fe61448b21c0d59086e75fcc1f9d8f6b"},"headline":"N\u00e9pszava \u00c9jjel esni fog, kedden a sz\u00e9l f\u00faj majd","datePublished":"2019-09-02T16:21:10+00:00","dateModified":"2019-09-02T16:21:11+00:00","mainEntityOfPage":{"@id":"https:\/\/hotnewsinworld.com\/hu\/nepszava-ejjel-esni-fog-kedden-a-szel-fuj-majd\/"},"wordCount":483,"commentCount":0,"image":{"@id":"https:\/\/hotnewsinworld.com\/hu\/nepszava-ejjel-esni-fog-kedden-a-szel-fuj-majd\/#primaryimage"},"thumbnailUrl":"https:\/\/hotnewsinworld.com\/hu\/wp-content\/uploads\/sites\/3\/2019\/09\/N\u00e9pszava-\u00c9jjel-esni-fog-kedden-a-sz\u00e9l-f\u00faj-majd.jpg","articleSection":["LEG\u00daJABB P\u00c9NZ\u00dcGYI H\u00cdREK"],"inLanguage":"hu","potentialAction":[{"@type":"CommentAction","name":"Comment","target":["https:\/\/hotnewsinworld.com\/hu\/nepszava-ejjel-esni-fog-kedden-a-szel-fuj-majd\/#respond"]}]},{"@type":"WebPage","@id":"https:\/\/hotnewsinworld.com\/hu\/nepszava-ejjel-esni-fog-kedden-a-szel-fuj-majd\/","url":"https:\/\/hotnewsinworld.com\/hu\/nepszava-ejjel-esni-fog-kedden-a-szel-fuj-majd\/","name":"N\u00e9pszava \u00c9jjel esni fog, kedden a sz\u00e9l f\u00faj majd - Hot News in World","isPartOf":{"@id":"https:\/\/hotnewsinworld.com\/hu\/#website"},"primaryImageOfPage":{"@id":"https:\/\/hotnewsinworld.com\/hu\/nepszava-ejjel-esni-fog-kedden-a-szel-fuj-majd\/#primaryimage"},"image":{"@id":"https:\/\/hotnewsinworld.com\/hu\/nepszava-ejjel-esni-fog-kedden-a-szel-fuj-majd\/#primaryimage"},"thumbnailUrl":"https:\/\/hotnewsinworld.com\/hu\/wp-content\/uploads\/sites\/3\/2019\/09\/N\u00e9pszava-\u00c9jjel-esni-fog-kedden-a-sz\u00e9l-f\u00faj-majd.jpg","datePublished":"2019-09-02T16:21:10+00:00","dateModified":"2019-09-02T16:21:11+00:00","author":{"@id":"https:\/\/hotnewsinworld.com\/hu\/#\/schema\/person\/fe61448b21c0d59086e75fcc1f9d8f6b"},"breadcrumb":{"@id":"https:\/\/hotnewsinworld.com\/hu\/nepszava-ejjel-esni-fog-kedden-a-szel-fuj-majd\/#breadcrumb"},"inLanguage":"hu","potentialAction":[{"@type":"ReadAction","target":["https:\/\/hotnewsinworld.com\/hu\/nepszava-ejjel-esni-fog-kedden-a-szel-fuj-majd\/"]}]},{"@type":"ImageObject","inLanguage":"hu","@id":"https:\/\/hotnewsinworld.com\/hu\/nepszava-ejjel-esni-fog-kedden-a-szel-fuj-majd\/#primaryimage","url":"https:\/\/hotnewsinworld.com\/hu\/wp-content\/uploads\/sites\/3\/2019\/09\/N\u00e9pszava-\u00c9jjel-esni-fog-kedden-a-sz\u00e9l-f\u00faj-majd.jpg","contentUrl":"https:\/\/hotnewsinworld.com\/hu\/wp-content\/uploads\/sites\/3\/2019\/09\/N\u00e9pszava-\u00c9jjel-esni-fog-kedden-a-sz\u00e9l-f\u00faj-majd.jpg","width":1000,"height":600,"caption":"N\u00e9pszava \u00c9jjel esni fog, kedden a sz\u00e9l f\u00faj majd"},{"@type":"BreadcrumbList","@id":"https:\/\/hotnewsinworld.com\/hu\/nepszava-ejjel-esni-fog-kedden-a-szel-fuj-majd\/#breadcrumb","itemListElement":[{"@type":"ListItem","position":1,"name":"\u0413\u043b\u0430\u0432\u043d\u0430\u044f \u0441\u0442\u0440\u0430\u043d\u0438\u0446\u0430","item":"https:\/\/hotnewsinworld.com\/hu\/"},{"@type":"ListItem","position":2,"name":"N\u00e9pszava \u00c9jjel esni fog, kedden a sz\u00e9l f\u00faj majd"}]},{"@type":"WebSite","@id":"https:\/\/hotnewsinworld.com\/hu\/#website","url":"https:\/\/hotnewsinworld.com\/hu\/","name":"Hot News in World","description":"Hot News in World from Hungary","potentialAction":[{"@type":"SearchAction","target":{"@type":"EntryPoint","urlTemplate":"https:\/\/hotnewsinworld.com\/hu\/?s={search_term_string}"},"query-input":{"@type":"PropertyValueSpecification","valueRequired":true,"valueName":"search_term_string"}}],"inLanguage":"hu"},{"@type":"Person","@id":"https:\/\/hotnewsinworld.com\/hu\/#\/schema\/person\/fe61448b21c0d59086e75fcc1f9d8f6b","name":"hotnewsinworld","image":{"@type":"ImageObject","inLanguage":"hu","@id":"https:\/\/secure.gravatar.com\/avatar\/8a09ac165600ce2e1c38fe593c63928eb1e6e7ba5c5a907d67787c41b3d00c14?s=96&d=mm&r=g","url":"https:\/\/secure.gravatar.com\/avatar\/8a09ac165600ce2e1c38fe593c63928eb1e6e7ba5c5a907d67787c41b3d00c14?s=96&d=mm&r=g","contentUrl":"https:\/\/secure.gravatar.com\/avatar\/8a09ac165600ce2e1c38fe593c63928eb1e6e7ba5c5a907d67787c41b3d00c14?s=96&d=mm&r=g","caption":"hotnewsinworld"},"url":"https:\/\/hotnewsinworld.com\/hu\/author\/pt\/"}]}},"_links":{"self":[{"href":"https:\/\/hotnewsinworld.com\/hu\/wp-json\/wp\/v2\/posts\/1534","targetHints":{"allow":["GET"]}}],"collection":[{"href":"https:\/\/hotnewsinworld.com\/hu\/wp-json\/wp\/v2\/posts"}],"about":[{"href":"https:\/\/hotnewsinworld.com\/hu\/wp-json\/wp\/v2\/types\/post"}],"author":[{"embeddable":true,"href":"https:\/\/hotnewsinworld.com\/hu\/wp-json\/wp\/v2\/users\/2"}],"replies":[{"embeddable":true,"href":"https:\/\/hotnewsinworld.com\/hu\/wp-json\/wp\/v2\/comments?post=1534"}],"version-history":[{"count":1,"href":"https:\/\/hotnewsinworld.com\/hu\/wp-json\/wp\/v2\/posts\/1534\/revisions"}],"predecessor-version":[{"id":1536,"href":"https:\/\/hotnewsinworld.com\/hu\/wp-json\/wp\/v2\/posts\/1534\/revisions\/1536"}],"wp:featuredmedia":[{"embeddable":true,"href":"https:\/\/hotnewsinworld.com\/hu\/wp-json\/wp\/v2\/media\/1535"}],"wp:attachment":[{"href":"https:\/\/hotnewsinworld.com\/hu\/wp-json\/wp\/v2\/media?parent=1534"}],"wp:term":[{"taxonomy":"category","embeddable":true,"href":"https:\/\/hotnewsinworld.com\/hu\/wp-json\/wp\/v2\/categories?post=1534"},{"taxonomy":"post_tag","embeddable":true,"href":"https:\/\/hotnewsinworld.com\/hu\/wp-json\/wp\/v2\/tags?post=1534"}],"curies":[{"name":"wp","href":"https:\/\/api.w.org\/{rel}","templated":true}]}}