{"id":1537,"date":"2019-09-02T21:27:05","date_gmt":"2019-09-02T18:27:05","guid":{"rendered":"https:\/\/hotnewsinworld.com\/hu\/erdo-peter-tanevkezdo-szentmiset-mutatott-be-a-szent-istvan-bazilika-elott\/"},"modified":"2019-09-02T21:27:06","modified_gmt":"2019-09-02T18:27:06","slug":"erdo-peter-tanevkezdo-szentmiset-mutatott-be-a-szent-istvan-bazilika-elott","status":"publish","type":"post","link":"https:\/\/hotnewsinworld.com\/hu\/erdo-peter-tanevkezdo-szentmiset-mutatott-be-a-szent-istvan-bazilika-elott\/","title":{"rendered":"Erd\u0151 P\u00e9ter tan\u00e9vkezd\u0151 szentmis\u00e9t mutatott be a Szent Istv\u00e1n-bazilika el\u0151tt"},"content":{"rendered":"<p> [ad_1]<br \/>\n<\/p>\n<div xmlns:ji=\"xalan:\/\/org.godzzo.util.XSLTInterface\" xmlns:java=\"http:\/\/xml.apache.org\/xslt\/java\" id=\"lead\">\n<h2>Erd\u0151 P\u00e9ter tan\u00e9vkezd\u0151 szentmis\u00e9t mutatott be a Szent Istv\u00e1n-bazilika el\u0151tt<\/h2>\n<div id=\"reallead\">\n<p>Erd\u0151 P\u00e9ter b\u00edboros, pr\u00edm\u00e1s, esztergom-budapesti \u00e9rsek tan\u00e9vkezd\u0151 szentmis\u00e9t mutatott be a budapesti Szent Istv\u00e1n-bazilika el\u0151tti t\u00e9ren t\u00f6bb ezer, katolikus iskol\u00e1ban tanul\u00f3 di\u00e1knak h\u00e9tf\u0151 d\u00e9lut\u00e1n.<\/p>\n<p><sub class=\"datum\">2019.09.02 19:42<\/sub><sub class=\"szerzo\">MTI<\/sub><\/p>\n<\/div>\n<div class=\"kep full\">\n<sub>MTI\/Balogh Zolt\u00e1n<\/sub><\/div>\n<p>Erd\u0151 P\u00e9ter hom\u00edli\u00e1j\u00e1ban kiemelte: az ismeretek elsaj\u00e1t\u00edt\u00e1sa nem \u00f6nc\u00e9l\u00fa, hanem &#8222;arra val\u00f3, hogy fel tudjuk ismerni \u00e9s ki tudjuk fejezni a legnagyobb igazs\u00e1got. Egy\u00e9ni \u00e9s k\u00f6z\u00f6ss\u00e9gi \u00e9let\u00fcnk \u00e9rt\u00e9keit, az isten- \u00e9s emberszeretet \u00fatj\u00e1t&#8221;. <\/p>\n<p>&#8222;Ha ezen j\u00e1runk, akkor bizalommal hagyatkozhatunk az isteni gondvisel\u00e9sre, aki nem hagy el minket \u00e9s k\u00eds\u00e9ri a n\u00e9peket is a t\u00f6rt\u00e9nelem sor\u00e1n&#8221; &#8211; tette hozz\u00e1 a b\u00edboros. <\/p>\n<p>Kit\u00e9rt arra: J\u00e9zus \u00e9let\u00e9nek esem\u00e9nyei megmutatj\u00e1k, hogy &#8222;milyennek l\u00e1tja, milyennek \u00e1lmodja meg az Isten az embert&#8221;. J\u00e9zus p\u00e9ld\u00e1ul nem tartotta fontosnak, hogy k\u00e9nyelemben, gazdags\u00e1gban sz\u00fclessen, de nem mondott le arr\u00f3l, hogy csal\u00e1dban j\u00f6jj\u00f6n a vil\u00e1gra \u00e9s szeret\u0151 k\u00f6rnyezetben nevelkedj\u00e9k. \u00c9s nem mondott le arr\u00f3l sem, hogy vall\u00e1sos nevel\u00e9st \u00e9s tan\u00edt\u00e1st kapjon. <\/p>\n<p>&#8222;Nem csodafegyverk\u00e9nt haszn\u00e1lta isteni mindentud\u00e1s\u00e1t, hanem hajland\u00f3 volt embers\u00e9ge szerint b\u00f6lcsess\u00e9gben gyarapodni is&#8221; &#8211; mondta. <\/p>\n<p>&#8222;Amikor \u00faj tan\u00e9vet kezd\u00fcnk, gondoljunk arra, hogy J\u00e9zus is volt tanul\u00f3 \u00e9s tan\u00edt\u00f3 (&#8230;), nyitott volt az ismeretekre \u00e9s hordozta mag\u00e1ban a fesz\u00fclts\u00e9get az isteni mindentud\u00e1s lehet\u0151s\u00e9ge \u00e9s az emberi fejl\u0151d\u00e9s sz\u00fcks\u00e9gess\u00e9ge k\u00f6z\u00f6tt&#8221; &#8211; fogalmazott a f\u0151p\u00e1sztor.<\/p>\n<div class=\"kep full\">\n<img decoding=\"async\" src=\"https:\/\/hotnewsinworld.com\/hu\/wp-content\/uploads\/sites\/3\/2019\/09\/1567448825_127_Erdo-Peter-tanevkezdo-szentmiset-mutatott-be-a-Szent-Istvan-bazilika-elott.jpg\"\/><sub>MTI\/Balogh Zolt\u00e1n<\/sub><\/div>\n<p>Erd\u0151 P\u00e9ter a szentmise v\u00e9g\u00e9n \u00e1tadta az Esztergom-Budapesti F\u0151egyh\u00e1zmegye \u00fajonnan, illetve \u00fajra kinevezett int\u00e9zm\u00e9nyvezet\u0151inek megb\u00edz\u00f3level\u00e9t.    Solt\u00e9sz Mikl\u00f3s, a Minisztereln\u00f6ks\u00e9g egyh\u00e1zi \u00e9s nemzetis\u00e9gi kapcsolatok\u00e9rt felel\u0151s \u00e1llamtitk\u00e1ra a szentmise ut\u00e1n \u00fajs\u00e1g\u00edr\u00f3knak azt mondta: 2010 \u00f3ta megk\u00e9tszerez\u0151d\u00f6tt az egyh\u00e1zi int\u00e9zm\u00e9nyben tanul\u00f3k sz\u00e1ma, ma 220 ezer gyermek j\u00e1r egyh\u00e1zi iskol\u00e1ba, \u00f3vod\u00e1ba. <\/p>\n<p>Ennek \u00f3ri\u00e1si a jelent\u0151s\u00e9ge mind a magyar nemzet, mind a kereszt\u00e9nys\u00e9g szempontj\u00e1b\u00f3l &#8211; tette hozz\u00e1. <\/p>\n<p>Solt\u00e9sz Mikl\u00f3s kit\u00e9rt arra is: term\u00e9szetesen az egyh\u00e1zi iskol\u00e1kban tanul\u00f3 gyermekek \u00e9s az \u0151ket tan\u00edt\u00f3 pedag\u00f3gusok is r\u00e9szes\u00fclnek a minden di\u00e1knak \u00e9s pedag\u00f3gusnak j\u00e1r\u00f3 t\u00e1mogat\u00e1sokb\u00f3l. Az egyh\u00e1zi iskol\u00e1kban is megt\u00f6rt\u00e9nt a pedag\u00f3gus-b\u00e9remel\u00e9s, ezekben az iskol\u00e1kban is emelkedik a szoci\u00e1lis \u00e9tkeztet\u00e9sben r\u00e9szt vev\u0151k sz\u00e1ma, \u00e9s ugyan\u00fagy ingyen kapj\u00e1k a tank\u00f6nyveket az 1-t\u0151l 9-ik oszt\u00e1lyban tanul\u00f3 di\u00e1kok. <\/p>\n<p>Gyetv\u00e1n G\u00e1bor katolikus pap, a szervez\u0151 Esztergom-Budapesti F\u0151egyh\u00e1zmegye Iskolai F\u0151hat\u00f3s\u00e1g\u00e1nak igazgat\u00f3ja elmondta: a rendezv\u00e9nyen t\u00edz egyh\u00e1zi int\u00e9zm\u00e9nyfenntart\u00f3 harmincegy oktat\u00e1si, nevel\u00e9si int\u00e9zm\u00e9ny\u00e9nek t\u00f6bb mint \u00f6tezer di\u00e1kja, oktat\u00f3ja vett r\u00e9szt.<\/p>\n<div class=\"warning\">\n<p>\nFigyelem! A cikkhez hozz\u00e1f\u0171z\u00f6tt hozz\u00e1sz\u00f3l\u00e1sok nem a ma.hu network n\u00e9zeteit t\u00fckr\u00f6zik. A szerkeszt\u0151s\u00e9g mind\u00f6ssze a h\u00edrek publik\u00e1ci\u00f3j\u00e1val foglalkozik, a kommenteket nem tudja befoly\u00e1solni &#8211; azok az olvas\u00f3k szem\u00e9lyes v\u00e9lem\u00e9ny\u00e9t tartalmazz\u00e1k.\n<\/p>\n<p>\nK\u00e9rj\u00fck, kultur\u00e1ltan, m\u00e1sok szem\u00e9lyis\u00e9gi jogainak \u00e9s j\u00f3 h\u00edrnev\u00e9nek tiszteletben tart\u00e1s\u00e1val kommenteljenek!\n<\/p>\n<\/div>\n<\/div>\n<p><script>(function(d, s, id) {\n  var js, fjs = d.getElementsByTagName(s)[0];\n  if (d.getElementById(id)) return;\n  js = d.createElement(s); js.id = id;\n  js.src = \"http:\/\/connect.facebook.net\/hu_HU\/all.js#xfbml=1\";\n  fjs.parentNode.insertBefore(js, fjs);\n}(document, 'script', 'facebook-jssdk'));<\/script><br \/>\n<br \/>[ad_2]<br \/>\n<br \/><a href=\"https:\/\/hirek.oldal.info\/rssclick\/14364105\">Source link <\/a><\/p>\n","protected":false},"excerpt":{"rendered":"<p>[ad_1] Erd\u0151 P\u00e9ter tan\u00e9vkezd\u0151 szentmis\u00e9t mutatott be a Szent Istv\u00e1n-bazilika el\u0151tt Erd\u0151 P\u00e9ter b\u00edboros, pr\u00edm\u00e1s, esztergom-budapesti \u00e9rsek tan\u00e9vkezd\u0151 szentmis\u00e9t mutatott be a budapesti Szent Istv\u00e1n-bazilika el\u0151tti t\u00e9ren t\u00f6bb ezer, katolikus iskol\u00e1ban tanul\u00f3 di\u00e1knak h\u00e9tf\u0151 d\u00e9lut\u00e1n. 2019.09.02 19:42MTI MTI\/Balogh Zolt\u00e1n Erd\u0151 P\u00e9ter hom\u00edli\u00e1j\u00e1ban kiemelte: az ismeretek elsaj\u00e1t\u00edt\u00e1sa nem \u00f6nc\u00e9l\u00fa, hanem &#8222;arra val\u00f3, hogy fel tudjuk ismerni [&hellip;]<\/p>\n","protected":false},"author":2,"featured_media":1538,"comment_status":"open","ping_status":"open","sticky":false,"template":"","format":"standard","meta":{"footnotes":""},"categories":[1],"tags":[],"class_list":["post-1537","post","type-post","status-publish","format-standard","has-post-thumbnail","hentry","category-legujabb-penzugyi-hirek"],"yoast_head":"<!-- This site is optimized with the Yoast SEO plugin v27.4 - https:\/\/yoast.com\/product\/yoast-seo-wordpress\/ -->\n<title>Erd\u0151 P\u00e9ter tan\u00e9vkezd\u0151 szentmis\u00e9t mutatott be a Szent Istv\u00e1n-bazilika el\u0151tt - Hot News in World<\/title>\n<meta name=\"robots\" content=\"index, follow, max-snippet:-1, max-image-preview:large, max-video-preview:-1\" \/>\n<link rel=\"canonical\" href=\"https:\/\/hotnewsinworld.com\/hu\/erdo-peter-tanevkezdo-szentmiset-mutatott-be-a-szent-istvan-bazilika-elott\/\" \/>\n<meta property=\"og:locale\" content=\"hu_HU\" \/>\n<meta property=\"og:type\" content=\"article\" \/>\n<meta property=\"og:title\" content=\"Erd\u0151 P\u00e9ter tan\u00e9vkezd\u0151 szentmis\u00e9t mutatott be a Szent Istv\u00e1n-bazilika el\u0151tt - Hot News in World\" \/>\n<meta property=\"og:description\" content=\"[ad_1] Erd\u0151 P\u00e9ter tan\u00e9vkezd\u0151 szentmis\u00e9t mutatott be a Szent Istv\u00e1n-bazilika el\u0151tt Erd\u0151 P\u00e9ter b\u00edboros, pr\u00edm\u00e1s, esztergom-budapesti \u00e9rsek tan\u00e9vkezd\u0151 szentmis\u00e9t mutatott be a budapesti Szent Istv\u00e1n-bazilika el\u0151tti t\u00e9ren t\u00f6bb ezer, katolikus iskol\u00e1ban tanul\u00f3 di\u00e1knak h\u00e9tf\u0151 d\u00e9lut\u00e1n. 2019.09.02 19:42MTI MTI\/Balogh Zolt\u00e1n Erd\u0151 P\u00e9ter hom\u00edli\u00e1j\u00e1ban kiemelte: az ismeretek elsaj\u00e1t\u00edt\u00e1sa nem \u00f6nc\u00e9l\u00fa, hanem &#8222;arra val\u00f3, hogy fel tudjuk ismerni [&hellip;]\" \/>\n<meta property=\"og:url\" content=\"https:\/\/hotnewsinworld.com\/hu\/erdo-peter-tanevkezdo-szentmiset-mutatott-be-a-szent-istvan-bazilika-elott\/\" \/>\n<meta property=\"og:site_name\" content=\"Hot News in World\" \/>\n<meta property=\"article:published_time\" content=\"2019-09-02T18:27:05+00:00\" \/>\n<meta property=\"article:modified_time\" content=\"2019-09-02T18:27:06+00:00\" \/>\n<meta property=\"og:image\" content=\"https:\/\/hotnewsinworld.com\/hu\/wp-content\/uploads\/sites\/3\/2019\/09\/Erd\u0151-P\u00e9ter-tan\u00e9vkezd\u0151-szentmis\u00e9t-mutatott-be-a-Szent-Istv\u00e1n-bazilika-el\u0151tt.jpg\" \/>\n\t<meta property=\"og:image:width\" content=\"600\" \/>\n\t<meta property=\"og:image:height\" content=\"399\" \/>\n\t<meta property=\"og:image:type\" content=\"image\/jpeg\" \/>\n<meta name=\"author\" content=\"hotnewsinworld\" \/>\n<meta name=\"twitter:card\" content=\"summary_large_image\" \/>\n<meta name=\"twitter:label1\" content=\"Szerz\u0151:\" \/>\n\t<meta name=\"twitter:data1\" content=\"hotnewsinworld\" \/>\n\t<meta name=\"twitter:label2\" content=\"Becs\u00fclt olvas\u00e1si id\u0151\" \/>\n\t<meta name=\"twitter:data2\" content=\"3 perc\" \/>\n<script type=\"application\/ld+json\" class=\"yoast-schema-graph\">{\"@context\":\"https:\\\/\\\/schema.org\",\"@graph\":[{\"@type\":\"Article\",\"@id\":\"https:\\\/\\\/hotnewsinworld.com\\\/hu\\\/erdo-peter-tanevkezdo-szentmiset-mutatott-be-a-szent-istvan-bazilika-elott\\\/#article\",\"isPartOf\":{\"@id\":\"https:\\\/\\\/hotnewsinworld.com\\\/hu\\\/erdo-peter-tanevkezdo-szentmiset-mutatott-be-a-szent-istvan-bazilika-elott\\\/\"},\"author\":{\"name\":\"hotnewsinworld\",\"@id\":\"https:\\\/\\\/hotnewsinworld.com\\\/hu\\\/#\\\/schema\\\/person\\\/fe61448b21c0d59086e75fcc1f9d8f6b\"},\"headline\":\"Erd\u0151 P\u00e9ter tan\u00e9vkezd\u0151 szentmis\u00e9t mutatott be a Szent Istv\u00e1n-bazilika el\u0151tt\",\"datePublished\":\"2019-09-02T18:27:05+00:00\",\"dateModified\":\"2019-09-02T18:27:06+00:00\",\"mainEntityOfPage\":{\"@id\":\"https:\\\/\\\/hotnewsinworld.com\\\/hu\\\/erdo-peter-tanevkezdo-szentmiset-mutatott-be-a-szent-istvan-bazilika-elott\\\/\"},\"wordCount\":638,\"commentCount\":0,\"image\":{\"@id\":\"https:\\\/\\\/hotnewsinworld.com\\\/hu\\\/erdo-peter-tanevkezdo-szentmiset-mutatott-be-a-szent-istvan-bazilika-elott\\\/#primaryimage\"},\"thumbnailUrl\":\"https:\\\/\\\/hotnewsinworld.com\\\/hu\\\/wp-content\\\/uploads\\\/sites\\\/3\\\/2019\\\/09\\\/Erd\u0151-P\u00e9ter-tan\u00e9vkezd\u0151-szentmis\u00e9t-mutatott-be-a-Szent-Istv\u00e1n-bazilika-el\u0151tt.jpg\",\"articleSection\":[\"LEG\u00daJABB P\u00c9NZ\u00dcGYI H\u00cdREK\"],\"inLanguage\":\"hu\",\"potentialAction\":[{\"@type\":\"CommentAction\",\"name\":\"Comment\",\"target\":[\"https:\\\/\\\/hotnewsinworld.com\\\/hu\\\/erdo-peter-tanevkezdo-szentmiset-mutatott-be-a-szent-istvan-bazilika-elott\\\/#respond\"]}]},{\"@type\":\"WebPage\",\"@id\":\"https:\\\/\\\/hotnewsinworld.com\\\/hu\\\/erdo-peter-tanevkezdo-szentmiset-mutatott-be-a-szent-istvan-bazilika-elott\\\/\",\"url\":\"https:\\\/\\\/hotnewsinworld.com\\\/hu\\\/erdo-peter-tanevkezdo-szentmiset-mutatott-be-a-szent-istvan-bazilika-elott\\\/\",\"name\":\"Erd\u0151 P\u00e9ter tan\u00e9vkezd\u0151 szentmis\u00e9t mutatott be a Szent Istv\u00e1n-bazilika el\u0151tt - Hot News in World\",\"isPartOf\":{\"@id\":\"https:\\\/\\\/hotnewsinworld.com\\\/hu\\\/#website\"},\"primaryImageOfPage\":{\"@id\":\"https:\\\/\\\/hotnewsinworld.com\\\/hu\\\/erdo-peter-tanevkezdo-szentmiset-mutatott-be-a-szent-istvan-bazilika-elott\\\/#primaryimage\"},\"image\":{\"@id\":\"https:\\\/\\\/hotnewsinworld.com\\\/hu\\\/erdo-peter-tanevkezdo-szentmiset-mutatott-be-a-szent-istvan-bazilika-elott\\\/#primaryimage\"},\"thumbnailUrl\":\"https:\\\/\\\/hotnewsinworld.com\\\/hu\\\/wp-content\\\/uploads\\\/sites\\\/3\\\/2019\\\/09\\\/Erd\u0151-P\u00e9ter-tan\u00e9vkezd\u0151-szentmis\u00e9t-mutatott-be-a-Szent-Istv\u00e1n-bazilika-el\u0151tt.jpg\",\"datePublished\":\"2019-09-02T18:27:05+00:00\",\"dateModified\":\"2019-09-02T18:27:06+00:00\",\"author\":{\"@id\":\"https:\\\/\\\/hotnewsinworld.com\\\/hu\\\/#\\\/schema\\\/person\\\/fe61448b21c0d59086e75fcc1f9d8f6b\"},\"breadcrumb\":{\"@id\":\"https:\\\/\\\/hotnewsinworld.com\\\/hu\\\/erdo-peter-tanevkezdo-szentmiset-mutatott-be-a-szent-istvan-bazilika-elott\\\/#breadcrumb\"},\"inLanguage\":\"hu\",\"potentialAction\":[{\"@type\":\"ReadAction\",\"target\":[\"https:\\\/\\\/hotnewsinworld.com\\\/hu\\\/erdo-peter-tanevkezdo-szentmiset-mutatott-be-a-szent-istvan-bazilika-elott\\\/\"]}]},{\"@type\":\"ImageObject\",\"inLanguage\":\"hu\",\"@id\":\"https:\\\/\\\/hotnewsinworld.com\\\/hu\\\/erdo-peter-tanevkezdo-szentmiset-mutatott-be-a-szent-istvan-bazilika-elott\\\/#primaryimage\",\"url\":\"https:\\\/\\\/hotnewsinworld.com\\\/hu\\\/wp-content\\\/uploads\\\/sites\\\/3\\\/2019\\\/09\\\/Erd\u0151-P\u00e9ter-tan\u00e9vkezd\u0151-szentmis\u00e9t-mutatott-be-a-Szent-Istv\u00e1n-bazilika-el\u0151tt.jpg\",\"contentUrl\":\"https:\\\/\\\/hotnewsinworld.com\\\/hu\\\/wp-content\\\/uploads\\\/sites\\\/3\\\/2019\\\/09\\\/Erd\u0151-P\u00e9ter-tan\u00e9vkezd\u0151-szentmis\u00e9t-mutatott-be-a-Szent-Istv\u00e1n-bazilika-el\u0151tt.jpg\",\"width\":600,\"height\":399,\"caption\":\"Erd\u0151 P\u00e9ter tan\u00e9vkezd\u0151 szentmis\u00e9t mutatott be a Szent Istv\u00e1n-bazilika el\u0151tt\"},{\"@type\":\"BreadcrumbList\",\"@id\":\"https:\\\/\\\/hotnewsinworld.com\\\/hu\\\/erdo-peter-tanevkezdo-szentmiset-mutatott-be-a-szent-istvan-bazilika-elott\\\/#breadcrumb\",\"itemListElement\":[{\"@type\":\"ListItem\",\"position\":1,\"name\":\"\u0413\u043b\u0430\u0432\u043d\u0430\u044f \u0441\u0442\u0440\u0430\u043d\u0438\u0446\u0430\",\"item\":\"https:\\\/\\\/hotnewsinworld.com\\\/hu\\\/\"},{\"@type\":\"ListItem\",\"position\":2,\"name\":\"Erd\u0151 P\u00e9ter tan\u00e9vkezd\u0151 szentmis\u00e9t mutatott be a Szent Istv\u00e1n-bazilika el\u0151tt\"}]},{\"@type\":\"WebSite\",\"@id\":\"https:\\\/\\\/hotnewsinworld.com\\\/hu\\\/#website\",\"url\":\"https:\\\/\\\/hotnewsinworld.com\\\/hu\\\/\",\"name\":\"Hot News in World\",\"description\":\"Hot News in World from Hungary\",\"potentialAction\":[{\"@type\":\"SearchAction\",\"target\":{\"@type\":\"EntryPoint\",\"urlTemplate\":\"https:\\\/\\\/hotnewsinworld.com\\\/hu\\\/?s={search_term_string}\"},\"query-input\":{\"@type\":\"PropertyValueSpecification\",\"valueRequired\":true,\"valueName\":\"search_term_string\"}}],\"inLanguage\":\"hu\"},{\"@type\":\"Person\",\"@id\":\"https:\\\/\\\/hotnewsinworld.com\\\/hu\\\/#\\\/schema\\\/person\\\/fe61448b21c0d59086e75fcc1f9d8f6b\",\"name\":\"hotnewsinworld\",\"image\":{\"@type\":\"ImageObject\",\"inLanguage\":\"hu\",\"@id\":\"https:\\\/\\\/secure.gravatar.com\\\/avatar\\\/8a09ac165600ce2e1c38fe593c63928eb1e6e7ba5c5a907d67787c41b3d00c14?s=96&d=mm&r=g\",\"url\":\"https:\\\/\\\/secure.gravatar.com\\\/avatar\\\/8a09ac165600ce2e1c38fe593c63928eb1e6e7ba5c5a907d67787c41b3d00c14?s=96&d=mm&r=g\",\"contentUrl\":\"https:\\\/\\\/secure.gravatar.com\\\/avatar\\\/8a09ac165600ce2e1c38fe593c63928eb1e6e7ba5c5a907d67787c41b3d00c14?s=96&d=mm&r=g\",\"caption\":\"hotnewsinworld\"},\"url\":\"https:\\\/\\\/hotnewsinworld.com\\\/hu\\\/author\\\/pt\\\/\"}]}<\/script>\n<!-- \/ Yoast SEO plugin. -->","yoast_head_json":{"title":"Erd\u0151 P\u00e9ter tan\u00e9vkezd\u0151 szentmis\u00e9t mutatott be a Szent Istv\u00e1n-bazilika el\u0151tt - Hot News in World","robots":{"index":"index","follow":"follow","max-snippet":"max-snippet:-1","max-image-preview":"max-image-preview:large","max-video-preview":"max-video-preview:-1"},"canonical":"https:\/\/hotnewsinworld.com\/hu\/erdo-peter-tanevkezdo-szentmiset-mutatott-be-a-szent-istvan-bazilika-elott\/","og_locale":"hu_HU","og_type":"article","og_title":"Erd\u0151 P\u00e9ter tan\u00e9vkezd\u0151 szentmis\u00e9t mutatott be a Szent Istv\u00e1n-bazilika el\u0151tt - Hot News in World","og_description":"[ad_1] Erd\u0151 P\u00e9ter tan\u00e9vkezd\u0151 szentmis\u00e9t mutatott be a Szent Istv\u00e1n-bazilika el\u0151tt Erd\u0151 P\u00e9ter b\u00edboros, pr\u00edm\u00e1s, esztergom-budapesti \u00e9rsek tan\u00e9vkezd\u0151 szentmis\u00e9t mutatott be a budapesti Szent Istv\u00e1n-bazilika el\u0151tti t\u00e9ren t\u00f6bb ezer, katolikus iskol\u00e1ban tanul\u00f3 di\u00e1knak h\u00e9tf\u0151 d\u00e9lut\u00e1n. 2019.09.02 19:42MTI MTI\/Balogh Zolt\u00e1n Erd\u0151 P\u00e9ter hom\u00edli\u00e1j\u00e1ban kiemelte: az ismeretek elsaj\u00e1t\u00edt\u00e1sa nem \u00f6nc\u00e9l\u00fa, hanem &#8222;arra val\u00f3, hogy fel tudjuk ismerni [&hellip;]","og_url":"https:\/\/hotnewsinworld.com\/hu\/erdo-peter-tanevkezdo-szentmiset-mutatott-be-a-szent-istvan-bazilika-elott\/","og_site_name":"Hot News in World","article_published_time":"2019-09-02T18:27:05+00:00","article_modified_time":"2019-09-02T18:27:06+00:00","og_image":[{"width":600,"height":399,"url":"https:\/\/hotnewsinworld.com\/hu\/wp-content\/uploads\/sites\/3\/2019\/09\/Erd\u0151-P\u00e9ter-tan\u00e9vkezd\u0151-szentmis\u00e9t-mutatott-be-a-Szent-Istv\u00e1n-bazilika-el\u0151tt.jpg","type":"image\/jpeg"}],"author":"hotnewsinworld","twitter_card":"summary_large_image","twitter_misc":{"Szerz\u0151:":"hotnewsinworld","Becs\u00fclt olvas\u00e1si id\u0151":"3 perc"},"schema":{"@context":"https:\/\/schema.org","@graph":[{"@type":"Article","@id":"https:\/\/hotnewsinworld.com\/hu\/erdo-peter-tanevkezdo-szentmiset-mutatott-be-a-szent-istvan-bazilika-elott\/#article","isPartOf":{"@id":"https:\/\/hotnewsinworld.com\/hu\/erdo-peter-tanevkezdo-szentmiset-mutatott-be-a-szent-istvan-bazilika-elott\/"},"author":{"name":"hotnewsinworld","@id":"https:\/\/hotnewsinworld.com\/hu\/#\/schema\/person\/fe61448b21c0d59086e75fcc1f9d8f6b"},"headline":"Erd\u0151 P\u00e9ter tan\u00e9vkezd\u0151 szentmis\u00e9t mutatott be a Szent Istv\u00e1n-bazilika el\u0151tt","datePublished":"2019-09-02T18:27:05+00:00","dateModified":"2019-09-02T18:27:06+00:00","mainEntityOfPage":{"@id":"https:\/\/hotnewsinworld.com\/hu\/erdo-peter-tanevkezdo-szentmiset-mutatott-be-a-szent-istvan-bazilika-elott\/"},"wordCount":638,"commentCount":0,"image":{"@id":"https:\/\/hotnewsinworld.com\/hu\/erdo-peter-tanevkezdo-szentmiset-mutatott-be-a-szent-istvan-bazilika-elott\/#primaryimage"},"thumbnailUrl":"https:\/\/hotnewsinworld.com\/hu\/wp-content\/uploads\/sites\/3\/2019\/09\/Erd\u0151-P\u00e9ter-tan\u00e9vkezd\u0151-szentmis\u00e9t-mutatott-be-a-Szent-Istv\u00e1n-bazilika-el\u0151tt.jpg","articleSection":["LEG\u00daJABB P\u00c9NZ\u00dcGYI H\u00cdREK"],"inLanguage":"hu","potentialAction":[{"@type":"CommentAction","name":"Comment","target":["https:\/\/hotnewsinworld.com\/hu\/erdo-peter-tanevkezdo-szentmiset-mutatott-be-a-szent-istvan-bazilika-elott\/#respond"]}]},{"@type":"WebPage","@id":"https:\/\/hotnewsinworld.com\/hu\/erdo-peter-tanevkezdo-szentmiset-mutatott-be-a-szent-istvan-bazilika-elott\/","url":"https:\/\/hotnewsinworld.com\/hu\/erdo-peter-tanevkezdo-szentmiset-mutatott-be-a-szent-istvan-bazilika-elott\/","name":"Erd\u0151 P\u00e9ter tan\u00e9vkezd\u0151 szentmis\u00e9t mutatott be a Szent Istv\u00e1n-bazilika el\u0151tt - Hot News in World","isPartOf":{"@id":"https:\/\/hotnewsinworld.com\/hu\/#website"},"primaryImageOfPage":{"@id":"https:\/\/hotnewsinworld.com\/hu\/erdo-peter-tanevkezdo-szentmiset-mutatott-be-a-szent-istvan-bazilika-elott\/#primaryimage"},"image":{"@id":"https:\/\/hotnewsinworld.com\/hu\/erdo-peter-tanevkezdo-szentmiset-mutatott-be-a-szent-istvan-bazilika-elott\/#primaryimage"},"thumbnailUrl":"https:\/\/hotnewsinworld.com\/hu\/wp-content\/uploads\/sites\/3\/2019\/09\/Erd\u0151-P\u00e9ter-tan\u00e9vkezd\u0151-szentmis\u00e9t-mutatott-be-a-Szent-Istv\u00e1n-bazilika-el\u0151tt.jpg","datePublished":"2019-09-02T18:27:05+00:00","dateModified":"2019-09-02T18:27:06+00:00","author":{"@id":"https:\/\/hotnewsinworld.com\/hu\/#\/schema\/person\/fe61448b21c0d59086e75fcc1f9d8f6b"},"breadcrumb":{"@id":"https:\/\/hotnewsinworld.com\/hu\/erdo-peter-tanevkezdo-szentmiset-mutatott-be-a-szent-istvan-bazilika-elott\/#breadcrumb"},"inLanguage":"hu","potentialAction":[{"@type":"ReadAction","target":["https:\/\/hotnewsinworld.com\/hu\/erdo-peter-tanevkezdo-szentmiset-mutatott-be-a-szent-istvan-bazilika-elott\/"]}]},{"@type":"ImageObject","inLanguage":"hu","@id":"https:\/\/hotnewsinworld.com\/hu\/erdo-peter-tanevkezdo-szentmiset-mutatott-be-a-szent-istvan-bazilika-elott\/#primaryimage","url":"https:\/\/hotnewsinworld.com\/hu\/wp-content\/uploads\/sites\/3\/2019\/09\/Erd\u0151-P\u00e9ter-tan\u00e9vkezd\u0151-szentmis\u00e9t-mutatott-be-a-Szent-Istv\u00e1n-bazilika-el\u0151tt.jpg","contentUrl":"https:\/\/hotnewsinworld.com\/hu\/wp-content\/uploads\/sites\/3\/2019\/09\/Erd\u0151-P\u00e9ter-tan\u00e9vkezd\u0151-szentmis\u00e9t-mutatott-be-a-Szent-Istv\u00e1n-bazilika-el\u0151tt.jpg","width":600,"height":399,"caption":"Erd\u0151 P\u00e9ter tan\u00e9vkezd\u0151 szentmis\u00e9t mutatott be a Szent Istv\u00e1n-bazilika el\u0151tt"},{"@type":"BreadcrumbList","@id":"https:\/\/hotnewsinworld.com\/hu\/erdo-peter-tanevkezdo-szentmiset-mutatott-be-a-szent-istvan-bazilika-elott\/#breadcrumb","itemListElement":[{"@type":"ListItem","position":1,"name":"\u0413\u043b\u0430\u0432\u043d\u0430\u044f \u0441\u0442\u0440\u0430\u043d\u0438\u0446\u0430","item":"https:\/\/hotnewsinworld.com\/hu\/"},{"@type":"ListItem","position":2,"name":"Erd\u0151 P\u00e9ter tan\u00e9vkezd\u0151 szentmis\u00e9t mutatott be a Szent Istv\u00e1n-bazilika el\u0151tt"}]},{"@type":"WebSite","@id":"https:\/\/hotnewsinworld.com\/hu\/#website","url":"https:\/\/hotnewsinworld.com\/hu\/","name":"Hot News in World","description":"Hot News in World from Hungary","potentialAction":[{"@type":"SearchAction","target":{"@type":"EntryPoint","urlTemplate":"https:\/\/hotnewsinworld.com\/hu\/?s={search_term_string}"},"query-input":{"@type":"PropertyValueSpecification","valueRequired":true,"valueName":"search_term_string"}}],"inLanguage":"hu"},{"@type":"Person","@id":"https:\/\/hotnewsinworld.com\/hu\/#\/schema\/person\/fe61448b21c0d59086e75fcc1f9d8f6b","name":"hotnewsinworld","image":{"@type":"ImageObject","inLanguage":"hu","@id":"https:\/\/secure.gravatar.com\/avatar\/8a09ac165600ce2e1c38fe593c63928eb1e6e7ba5c5a907d67787c41b3d00c14?s=96&d=mm&r=g","url":"https:\/\/secure.gravatar.com\/avatar\/8a09ac165600ce2e1c38fe593c63928eb1e6e7ba5c5a907d67787c41b3d00c14?s=96&d=mm&r=g","contentUrl":"https:\/\/secure.gravatar.com\/avatar\/8a09ac165600ce2e1c38fe593c63928eb1e6e7ba5c5a907d67787c41b3d00c14?s=96&d=mm&r=g","caption":"hotnewsinworld"},"url":"https:\/\/hotnewsinworld.com\/hu\/author\/pt\/"}]}},"_links":{"self":[{"href":"https:\/\/hotnewsinworld.com\/hu\/wp-json\/wp\/v2\/posts\/1537","targetHints":{"allow":["GET"]}}],"collection":[{"href":"https:\/\/hotnewsinworld.com\/hu\/wp-json\/wp\/v2\/posts"}],"about":[{"href":"https:\/\/hotnewsinworld.com\/hu\/wp-json\/wp\/v2\/types\/post"}],"author":[{"embeddable":true,"href":"https:\/\/hotnewsinworld.com\/hu\/wp-json\/wp\/v2\/users\/2"}],"replies":[{"embeddable":true,"href":"https:\/\/hotnewsinworld.com\/hu\/wp-json\/wp\/v2\/comments?post=1537"}],"version-history":[{"count":1,"href":"https:\/\/hotnewsinworld.com\/hu\/wp-json\/wp\/v2\/posts\/1537\/revisions"}],"predecessor-version":[{"id":1539,"href":"https:\/\/hotnewsinworld.com\/hu\/wp-json\/wp\/v2\/posts\/1537\/revisions\/1539"}],"wp:featuredmedia":[{"embeddable":true,"href":"https:\/\/hotnewsinworld.com\/hu\/wp-json\/wp\/v2\/media\/1538"}],"wp:attachment":[{"href":"https:\/\/hotnewsinworld.com\/hu\/wp-json\/wp\/v2\/media?parent=1537"}],"wp:term":[{"taxonomy":"category","embeddable":true,"href":"https:\/\/hotnewsinworld.com\/hu\/wp-json\/wp\/v2\/categories?post=1537"},{"taxonomy":"post_tag","embeddable":true,"href":"https:\/\/hotnewsinworld.com\/hu\/wp-json\/wp\/v2\/tags?post=1537"}],"curies":[{"name":"wp","href":"https:\/\/api.w.org\/{rel}","templated":true}]}}