{"id":1540,"date":"2019-09-02T22:48:24","date_gmt":"2019-09-02T19:48:24","guid":{"rendered":"https:\/\/hotnewsinworld.com\/hu\/az-mszp-parlamenti-vizsgalobizottsag-felallitasat-kezdemenyezi-az-osszes-ellenzeki-frakcio-csatlakozott\/"},"modified":"2019-09-02T22:48:25","modified_gmt":"2019-09-02T19:48:25","slug":"az-mszp-parlamenti-vizsgalobizottsag-felallitasat-kezdemenyezi-az-osszes-ellenzeki-frakcio-csatlakozott","status":"publish","type":"post","link":"https:\/\/hotnewsinworld.com\/hu\/az-mszp-parlamenti-vizsgalobizottsag-felallitasat-kezdemenyezi-az-osszes-ellenzeki-frakcio-csatlakozott\/","title":{"rendered":"Az MSZP parlamenti vizsg\u00e1l\u00f3bizotts\u00e1g fel\u00e1ll\u00edt\u00e1s\u00e1t kezdem\u00e9nyezi, az \u00f6sszes ellenz\u00e9ki frakci\u00f3 csatlakozott"},"content":{"rendered":"<p> [ad_1]<br \/>\n<\/p>\n<div id=\"\">\n<h2>Az MSZP parlamenti vizsg\u00e1l\u00f3bizotts\u00e1g fel\u00e1ll\u00edt\u00e1s\u00e1t kezdem\u00e9nyezi, az \u00f6sszes ellenz\u00e9ki frakci\u00f3 csatlakozott<\/h2>\n<p class=\"lead\">Az MSZP az ellenz\u00e9ki frakci\u00f3k t\u00e1mogat\u00e1s\u00e1val beny\u00fajtotta az Orsz\u00e1ggy\u0171l\u00e9snek azt a hat\u00e1rozati javaslatot, amelyben parlamenti vizsg\u00e1l\u00f3bizotts\u00e1g fel\u00e1ll\u00edt\u00e1s\u00e1t kezdem\u00e9nyezi a Microsoft-\u00fcgyben &#8211; k\u00f6z\u00f6lte Harangoz\u00f3 Tam\u00e1s, az MSZP frakci\u00f3vezet\u0151-helyettese h\u00e9tf\u0151i sajt\u00f3t\u00e1j\u00e9koztat\u00f3j\u00e1n.&#13;<br \/>\n&#13;\n<\/p>\n<p>A politikus a kezdem\u00e9nyez\u00e9st azzal indokolta: egy amerikai vizsg\u00e1lat alapj\u00e1n tudhat\u00f3, hogy 2013 \u00e9s 2015 k\u00f6z\u00f6tt a Microsoft nagy kedvezm\u00e9nyekkel adott el licenceket \u00e9s szervizszerz\u0151d\u00e9seket olyan k\u00f6zvet\u00edt\u0151 c\u00e9geknek Magyarorsz\u00e1gon, amelyek ezeket m\u00e1r piaci \u00e1ron \u00e9rt\u00e9kes\u00edtett\u00e9k tov\u00e1bb korm\u00e1nyzati int\u00e9zm\u00e9nyeknek, t\u00f6bbek k\u00f6z\u00f6tt az ad\u00f3hat\u00f3s\u00e1gnak \u00e9s rend\u0151rs\u00e9gnek is. Hozz\u00e1tette: ezeken az \u00fczleteken &#8222;valakik&#8221; sz\u00e1zmilli\u00f3s, milli\u00e1rdos hasznot h\u00faztak.<\/p>\n<p>&#13;<\/p>\n<p>K\u00f6zl\u00e9se szerint a vizsg\u00e1l\u00f3bizotts\u00e1g fel\u00e1ll\u00edt\u00e1s\u00e1r\u00f3l sz\u00f3l\u00f3 kezdem\u00e9nyez\u00e9shez az \u00f6sszes ellenz\u00e9ki frakci\u00f3 csatlakozott, az err\u0151l sz\u00f3l\u00f3 hat\u00e1rozati javaslatot h\u00e9tf\u0151n beny\u00fajtott\u00e1k az Orsz\u00e1ggy\u0171l\u00e9snek, \u00edgy a parlament d\u00f6nthet majd az \u00fcgyben.<\/p>\n<p>&#13;<\/p>\n<p>Hozz\u00e1tette: a bizotts\u00e1g el\u0151tt \u00f6r\u00f6mmel hallgatn\u00e1k meg az \u00fczletet int\u00e9z\u0151 \u00e9s a k\u00e9s\u0151bb \u00e1llami poz\u00edci\u00f3t kap\u00f3 c\u00e9gvezet\u0151ket, a Fidesz-korm\u00e1ny tagjait, \u00e9s a minisztereln\u00f6k\u00f6t is.<\/p>\n<p>&#13;<\/p>\n<blockquote><p><span class=\"small\">Harangoz\u00f3 Tam\u00e1s hangs\u00falyozta: a vizsg\u00e1l\u00f3bizotts\u00e1g fel\u00e1ll\u00edt\u00e1s\u00e1t indokolja az is, hogy id\u0151k\u00f6zben kider\u00fclt, az Igazs\u00e1g\u00fcgyi Miniszt\u00e9rium \u00e9s a Legf\u0151bb \u00dcgy\u00e9szs\u00e9g is \u00e9rintett a botr\u00e1nyban, hiszen 2013-ban \u00e9s 2014-ben t\u00f6bb mint 236 milli\u00f3 forint\u00e9rt v\u00e1s\u00e1roltak Microsoft licenceket.<br \/><\/span><\/p><\/blockquote>\n<p>&#13;<\/p>\n<p>Az MSZP k\u00e9pvisel\u0151je Orb\u00e1n Viktor minisztereln\u00f6k\u00f6t arra sz\u00f3l\u00edtotta fel, hogy &#8222;ha nincs takargatnival\u00f3ja&#8221;, akkor rendelje el a Korm\u00e1nyzati Ellen\u0151rz\u00e9si Hivatal (KEHI) vizsg\u00e1lat\u00e1t az \u00fcgyben. Ezzel kapcsolatban elmondta: kor\u00e1bban t\u00edz korm\u00e1nyzati szerv, hivatal, hat\u00f3s\u00e1g \u00e9s miniszt\u00e9rium vezet\u0151j\u00e9hez fordult az \u00fcgyben, a KEHI vezet\u0151je pedig v\u00e1lasz\u00e1ban azt \u00edrta, soron k\u00edv\u00fcli ellen\u0151rz\u00e9s lefolytat\u00e1sra a korm\u00e1ny illetve a minisztereln\u00f6k adhat utas\u00edt\u00e1st.<br \/>Harangoz\u00f3 Tam\u00e1s elmondta, tov\u00e1bbi h\u00e1rom v\u00e1laszt kapott m\u00e9g: az Innov\u00e1ci\u00f3s \u00e9s Technol\u00f3giai miniszter a Minisztereln\u00f6ks\u00e9get vezet\u0151 miniszterhez ir\u00e1ny\u00edtotta, a legf\u0151bb \u00fcgy\u00e9sz az \u00fcgyben illet\u00e9kes F\u0151v\u00e1rosi F\u0151\u00fcgy\u00e9szs\u00e9ghez tov\u00e1bb\u00edtotta a k\u00e9rd\u00e9s\u00e9t, m\u00edg az Eur\u00f3pai T\u00e1mogat\u00e1sokat Audit\u00e1l\u00f3 F\u0151igazgat\u00f3s\u00e1g azt \u00edrta, hogy csak abban az esetben vizsg\u00e1lja ezt a k\u00f6zbeszerz\u00e9st, amennyiben az a v\u00e9letlen statisztikai m\u00f3dszerrel vett mint\u00e1ba beleesik.<\/p>\n<p>&#13;<\/p>\n<p>Harangoz\u00f3 Tam\u00e1s a zugl\u00f3i parkol\u00e1sr\u00f3l sz\u00f3l\u00f3 k\u00e9rd\u00e9sre v\u00e1laszolva &#8222;fideszes kamp\u00e1nyfog\u00e1snak&#8221; tartotta azt az egyik \u00fajs\u00e1g\u00edr\u00f3 \u00e1ltal bemutatott sz\u00f3r\u00f3lapot, amelyen &#8222;el\u00e9gedetlen zugl\u00f3i lakosok&#8221; kifog\u00e1solj\u00e1k, hogy az \u00edg\u00e9retek ellen\u00e9re nem lett ingyenes a parkol\u00e1s a ker\u00fcletben \u00e9l\u0151knek. Az MSZP politikusa szerint a parkol\u00e1si rendszer az eg\u00e9sz f\u0151v\u00e1rosban kaotikus \u00e9s a &#8222;korrupci\u00f3 meleg\u00e1gya&#8221;, ez\u00e9rt rem\u00e9ny\u00e9t fejezte ki, hogy Kar\u00e1csony Gergelynek lesz lehet\u0151s\u00e9ge f\u0151polg\u00e1rmesterk\u00e9nt ezt rendbe tenni Zugl\u00f3ban \u00e9s az \u00f6sszes t\u00f6bbi ker\u00fcletben is. <\/p>\n<p>&#13;<\/p>\n<p>Arra a k\u00e9rd\u00e9sre, hogyan \u00e9rt\u00e9keli, hogy Kom\u00e1romban az MSZP \u00e1ltal is t\u00e1mogatott jel\u00f6lt, Balla Istv\u00e1n egy k\u00f6z\u00f6ss\u00e9gi oldalon &#8222;lebirk\u00e1zta a nyugd\u00edjasokat&#8221; a nekik adott 9 ezer forintos utalv\u00e1nnyal kapcsolatban, Harangoz\u00f3 Tam\u00e1s azt mondta: \u00edzl\u00e9stelen \u00e9s norm\u00e1lis orsz\u00e1gban t\u00f6rv\u00e9nytelen is lenne, hogy egy korm\u00e1ny az \u00f6nkorm\u00e1nyzati v\u00e1laszt\u00e1sok el\u0151tt k\u00f6zp\u00e9nzb\u0151l &#8222;szavazatv\u00e1s\u00e1rl\u00e1sra er\u0151teljesen hasonl\u00edt\u00f3 gesztusokat tegyen&#8221;. Hozz\u00e1tette: az \u00e9rintett jel\u00f6lt sz\u00f3 szerint nem \u00edrta azt le, amit az \u00fajs\u00e1g\u00edr\u00f3 a k\u00e9rd\u00e9s\u00e9ben \u00e1ll\u00edtott.<\/p>\n<p>&#13;<\/p>\n<p>atv.hu\/MTI<\/p>\n<\/p><\/div>\n<p><script type=\"text\/javascript\">\n    function downloadJS() {\n        var el = document.createElement(\"script\");\n        el.src = \"http:\/\/www.atv.hu\/js\/preload.min.js?v=20190318\";\n        document.body.appendChild(el);<\/p>\n<p>        setTimeout(function () {\n            var el = document.createElement(\"script\");\n            el.src = \"\/\/ad.adverticum.net\/g3.js\";\n            document.body.appendChild(el);\n        }, 100);\n    }<\/p>\n<p>    if (window.addEventListener)\n        window.addEventListener(\"load\", downloadJS, false);\n    else if (window.attachEvent)\n        window.attachEvent(\"onload\", downloadJS);\n    else window.onload = downloadJS;<\/p>\n<p>    \/\/FB Async init\n    window.fbAsyncInit = function () {\n        FB.init({\n            appId: '315100918533386',\n            channelUrl: '\/\/channel.html', \/\/ Channel file for x-domain comms\n            xfbml: true                                  \/\/ Look for social plugins on the page\n        });\n    };<\/p>\n<p>    (function (d, s, id) {\n        var js, fjs = d.getElementsByTagName(s)[0];\n        if (d.getElementById(id)) return;\n        js = d.createElement(s);\n        js.id = id;\n        js.async = true;\n        js.src = \"\/\/connect.facebook.net\/hu_HU\/all.js\";\n        fjs.parentNode.insertBefore(js, fjs);\n    }(document, 'script', 'facebook-jssdk'));<\/p>\n<p>    \/\/Google Analytics\n    var _gaq = _gaq || [];\n    _gaq.push(['_setAccount', 'UA-28251359-1']);\n    _gaq.push(['_trackPageview']);<\/p>\n<p>    (function () {\n        var ga = document.createElement('script');\n        ga.type = 'text\/javascript';\n        ga.async = true;\n        ga.src = ('https:' == document.location.protocol ? 'https:\/\/ssl' : 'http:\/\/www') + '.google-analytics.com\/ga.js';\n        var s = document.getElementsByTagName('script')[0];\n        s.parentNode.insertBefore(ga, s);\n    })();<\/p>\n<p><\/script><br \/>\n<br \/>[ad_2]<br \/>\n<br \/><a href=\"https:\/\/hirek.oldal.info\/rssclick\/14364247\">Source link <\/a><\/p>\n","protected":false},"excerpt":{"rendered":"<p>[ad_1] Az MSZP parlamenti vizsg\u00e1l\u00f3bizotts\u00e1g fel\u00e1ll\u00edt\u00e1s\u00e1t kezdem\u00e9nyezi, az \u00f6sszes ellenz\u00e9ki frakci\u00f3 csatlakozott Az MSZP az ellenz\u00e9ki frakci\u00f3k t\u00e1mogat\u00e1s\u00e1val beny\u00fajtotta az Orsz\u00e1ggy\u0171l\u00e9snek azt a hat\u00e1rozati javaslatot, amelyben parlamenti vizsg\u00e1l\u00f3bizotts\u00e1g fel\u00e1ll\u00edt\u00e1s\u00e1t kezdem\u00e9nyezi a Microsoft-\u00fcgyben &#8211; k\u00f6z\u00f6lte Harangoz\u00f3 Tam\u00e1s, az MSZP frakci\u00f3vezet\u0151-helyettese h\u00e9tf\u0151i sajt\u00f3t\u00e1j\u00e9koztat\u00f3j\u00e1n.&#13; &#13; A politikus a kezdem\u00e9nyez\u00e9st azzal indokolta: egy amerikai vizsg\u00e1lat alapj\u00e1n tudhat\u00f3, hogy 2013 [&hellip;]<\/p>\n","protected":false},"author":2,"featured_media":1541,"comment_status":"open","ping_status":"open","sticky":false,"template":"","format":"standard","meta":{"footnotes":""},"categories":[1],"tags":[],"class_list":["post-1540","post","type-post","status-publish","format-standard","has-post-thumbnail","hentry","category-legujabb-penzugyi-hirek"],"yoast_head":"<!-- This site is optimized with the Yoast SEO plugin v27.4 - https:\/\/yoast.com\/product\/yoast-seo-wordpress\/ -->\n<title>Az MSZP parlamenti vizsg\u00e1l\u00f3bizotts\u00e1g fel\u00e1ll\u00edt\u00e1s\u00e1t kezdem\u00e9nyezi, az \u00f6sszes ellenz\u00e9ki frakci\u00f3 csatlakozott - Hot News in World<\/title>\n<meta name=\"robots\" content=\"index, follow, max-snippet:-1, max-image-preview:large, max-video-preview:-1\" \/>\n<link rel=\"canonical\" href=\"https:\/\/hotnewsinworld.com\/hu\/az-mszp-parlamenti-vizsgalobizottsag-felallitasat-kezdemenyezi-az-osszes-ellenzeki-frakcio-csatlakozott\/\" \/>\n<meta property=\"og:locale\" content=\"hu_HU\" \/>\n<meta property=\"og:type\" content=\"article\" \/>\n<meta property=\"og:title\" content=\"Az MSZP parlamenti vizsg\u00e1l\u00f3bizotts\u00e1g fel\u00e1ll\u00edt\u00e1s\u00e1t kezdem\u00e9nyezi, az \u00f6sszes ellenz\u00e9ki frakci\u00f3 csatlakozott - Hot News in World\" \/>\n<meta property=\"og:description\" content=\"[ad_1] Az MSZP parlamenti vizsg\u00e1l\u00f3bizotts\u00e1g fel\u00e1ll\u00edt\u00e1s\u00e1t kezdem\u00e9nyezi, az \u00f6sszes ellenz\u00e9ki frakci\u00f3 csatlakozott Az MSZP az ellenz\u00e9ki frakci\u00f3k t\u00e1mogat\u00e1s\u00e1val beny\u00fajtotta az Orsz\u00e1ggy\u0171l\u00e9snek azt a hat\u00e1rozati javaslatot, amelyben parlamenti vizsg\u00e1l\u00f3bizotts\u00e1g fel\u00e1ll\u00edt\u00e1s\u00e1t kezdem\u00e9nyezi a Microsoft-\u00fcgyben &#8211; k\u00f6z\u00f6lte Harangoz\u00f3 Tam\u00e1s, az MSZP frakci\u00f3vezet\u0151-helyettese h\u00e9tf\u0151i sajt\u00f3t\u00e1j\u00e9koztat\u00f3j\u00e1n.&#013; &#013; A politikus a kezdem\u00e9nyez\u00e9st azzal indokolta: egy amerikai vizsg\u00e1lat alapj\u00e1n tudhat\u00f3, hogy 2013 [&hellip;]\" \/>\n<meta property=\"og:url\" content=\"https:\/\/hotnewsinworld.com\/hu\/az-mszp-parlamenti-vizsgalobizottsag-felallitasat-kezdemenyezi-az-osszes-ellenzeki-frakcio-csatlakozott\/\" \/>\n<meta property=\"og:site_name\" content=\"Hot News in World\" \/>\n<meta property=\"article:published_time\" content=\"2019-09-02T19:48:24+00:00\" \/>\n<meta property=\"article:modified_time\" content=\"2019-09-02T19:48:25+00:00\" \/>\n<meta property=\"og:image\" content=\"https:\/\/hotnewsinworld.com\/hu\/wp-content\/uploads\/sites\/3\/2019\/09\/Az-MSZP-parlamenti-vizsg\u00e1l\u00f3bizotts\u00e1g-fel\u00e1ll\u00edt\u00e1s\u00e1t-kezdem\u00e9nyezi-az-\u00f6sszes-ellenz\u00e9ki-frakci\u00f3.jpg\" \/>\n\t<meta property=\"og:image:width\" content=\"600\" \/>\n\t<meta property=\"og:image:height\" content=\"315\" \/>\n\t<meta property=\"og:image:type\" content=\"image\/jpeg\" \/>\n<meta name=\"author\" content=\"hotnewsinworld\" \/>\n<meta name=\"twitter:card\" content=\"summary_large_image\" \/>\n<meta name=\"twitter:label1\" content=\"Szerz\u0151:\" \/>\n\t<meta name=\"twitter:data1\" content=\"hotnewsinworld\" \/>\n\t<meta name=\"twitter:label2\" content=\"Becs\u00fclt olvas\u00e1si id\u0151\" \/>\n\t<meta name=\"twitter:data2\" content=\"4 perc\" \/>\n<script type=\"application\/ld+json\" class=\"yoast-schema-graph\">{\"@context\":\"https:\\\/\\\/schema.org\",\"@graph\":[{\"@type\":\"Article\",\"@id\":\"https:\\\/\\\/hotnewsinworld.com\\\/hu\\\/az-mszp-parlamenti-vizsgalobizottsag-felallitasat-kezdemenyezi-az-osszes-ellenzeki-frakcio-csatlakozott\\\/#article\",\"isPartOf\":{\"@id\":\"https:\\\/\\\/hotnewsinworld.com\\\/hu\\\/az-mszp-parlamenti-vizsgalobizottsag-felallitasat-kezdemenyezi-az-osszes-ellenzeki-frakcio-csatlakozott\\\/\"},\"author\":{\"name\":\"hotnewsinworld\",\"@id\":\"https:\\\/\\\/hotnewsinworld.com\\\/hu\\\/#\\\/schema\\\/person\\\/fe61448b21c0d59086e75fcc1f9d8f6b\"},\"headline\":\"Az MSZP parlamenti vizsg\u00e1l\u00f3bizotts\u00e1g fel\u00e1ll\u00edt\u00e1s\u00e1t kezdem\u00e9nyezi, az \u00f6sszes ellenz\u00e9ki frakci\u00f3 csatlakozott\",\"datePublished\":\"2019-09-02T19:48:24+00:00\",\"dateModified\":\"2019-09-02T19:48:25+00:00\",\"mainEntityOfPage\":{\"@id\":\"https:\\\/\\\/hotnewsinworld.com\\\/hu\\\/az-mszp-parlamenti-vizsgalobizottsag-felallitasat-kezdemenyezi-az-osszes-ellenzeki-frakcio-csatlakozott\\\/\"},\"wordCount\":744,\"commentCount\":0,\"image\":{\"@id\":\"https:\\\/\\\/hotnewsinworld.com\\\/hu\\\/az-mszp-parlamenti-vizsgalobizottsag-felallitasat-kezdemenyezi-az-osszes-ellenzeki-frakcio-csatlakozott\\\/#primaryimage\"},\"thumbnailUrl\":\"https:\\\/\\\/hotnewsinworld.com\\\/hu\\\/wp-content\\\/uploads\\\/sites\\\/3\\\/2019\\\/09\\\/Az-MSZP-parlamenti-vizsg\u00e1l\u00f3bizotts\u00e1g-fel\u00e1ll\u00edt\u00e1s\u00e1t-kezdem\u00e9nyezi-az-\u00f6sszes-ellenz\u00e9ki-frakci\u00f3.jpg\",\"articleSection\":[\"LEG\u00daJABB P\u00c9NZ\u00dcGYI H\u00cdREK\"],\"inLanguage\":\"hu\",\"potentialAction\":[{\"@type\":\"CommentAction\",\"name\":\"Comment\",\"target\":[\"https:\\\/\\\/hotnewsinworld.com\\\/hu\\\/az-mszp-parlamenti-vizsgalobizottsag-felallitasat-kezdemenyezi-az-osszes-ellenzeki-frakcio-csatlakozott\\\/#respond\"]}]},{\"@type\":\"WebPage\",\"@id\":\"https:\\\/\\\/hotnewsinworld.com\\\/hu\\\/az-mszp-parlamenti-vizsgalobizottsag-felallitasat-kezdemenyezi-az-osszes-ellenzeki-frakcio-csatlakozott\\\/\",\"url\":\"https:\\\/\\\/hotnewsinworld.com\\\/hu\\\/az-mszp-parlamenti-vizsgalobizottsag-felallitasat-kezdemenyezi-az-osszes-ellenzeki-frakcio-csatlakozott\\\/\",\"name\":\"Az MSZP parlamenti vizsg\u00e1l\u00f3bizotts\u00e1g fel\u00e1ll\u00edt\u00e1s\u00e1t kezdem\u00e9nyezi, az \u00f6sszes ellenz\u00e9ki frakci\u00f3 csatlakozott - Hot News in World\",\"isPartOf\":{\"@id\":\"https:\\\/\\\/hotnewsinworld.com\\\/hu\\\/#website\"},\"primaryImageOfPage\":{\"@id\":\"https:\\\/\\\/hotnewsinworld.com\\\/hu\\\/az-mszp-parlamenti-vizsgalobizottsag-felallitasat-kezdemenyezi-az-osszes-ellenzeki-frakcio-csatlakozott\\\/#primaryimage\"},\"image\":{\"@id\":\"https:\\\/\\\/hotnewsinworld.com\\\/hu\\\/az-mszp-parlamenti-vizsgalobizottsag-felallitasat-kezdemenyezi-az-osszes-ellenzeki-frakcio-csatlakozott\\\/#primaryimage\"},\"thumbnailUrl\":\"https:\\\/\\\/hotnewsinworld.com\\\/hu\\\/wp-content\\\/uploads\\\/sites\\\/3\\\/2019\\\/09\\\/Az-MSZP-parlamenti-vizsg\u00e1l\u00f3bizotts\u00e1g-fel\u00e1ll\u00edt\u00e1s\u00e1t-kezdem\u00e9nyezi-az-\u00f6sszes-ellenz\u00e9ki-frakci\u00f3.jpg\",\"datePublished\":\"2019-09-02T19:48:24+00:00\",\"dateModified\":\"2019-09-02T19:48:25+00:00\",\"author\":{\"@id\":\"https:\\\/\\\/hotnewsinworld.com\\\/hu\\\/#\\\/schema\\\/person\\\/fe61448b21c0d59086e75fcc1f9d8f6b\"},\"breadcrumb\":{\"@id\":\"https:\\\/\\\/hotnewsinworld.com\\\/hu\\\/az-mszp-parlamenti-vizsgalobizottsag-felallitasat-kezdemenyezi-az-osszes-ellenzeki-frakcio-csatlakozott\\\/#breadcrumb\"},\"inLanguage\":\"hu\",\"potentialAction\":[{\"@type\":\"ReadAction\",\"target\":[\"https:\\\/\\\/hotnewsinworld.com\\\/hu\\\/az-mszp-parlamenti-vizsgalobizottsag-felallitasat-kezdemenyezi-az-osszes-ellenzeki-frakcio-csatlakozott\\\/\"]}]},{\"@type\":\"ImageObject\",\"inLanguage\":\"hu\",\"@id\":\"https:\\\/\\\/hotnewsinworld.com\\\/hu\\\/az-mszp-parlamenti-vizsgalobizottsag-felallitasat-kezdemenyezi-az-osszes-ellenzeki-frakcio-csatlakozott\\\/#primaryimage\",\"url\":\"https:\\\/\\\/hotnewsinworld.com\\\/hu\\\/wp-content\\\/uploads\\\/sites\\\/3\\\/2019\\\/09\\\/Az-MSZP-parlamenti-vizsg\u00e1l\u00f3bizotts\u00e1g-fel\u00e1ll\u00edt\u00e1s\u00e1t-kezdem\u00e9nyezi-az-\u00f6sszes-ellenz\u00e9ki-frakci\u00f3.jpg\",\"contentUrl\":\"https:\\\/\\\/hotnewsinworld.com\\\/hu\\\/wp-content\\\/uploads\\\/sites\\\/3\\\/2019\\\/09\\\/Az-MSZP-parlamenti-vizsg\u00e1l\u00f3bizotts\u00e1g-fel\u00e1ll\u00edt\u00e1s\u00e1t-kezdem\u00e9nyezi-az-\u00f6sszes-ellenz\u00e9ki-frakci\u00f3.jpg\",\"width\":600,\"height\":315,\"caption\":\"Az MSZP parlamenti vizsg\u00e1l\u00f3bizotts\u00e1g fel\u00e1ll\u00edt\u00e1s\u00e1t kezdem\u00e9nyezi, az \u00f6sszes ellenz\u00e9ki frakci\u00f3 csatlakozott\"},{\"@type\":\"BreadcrumbList\",\"@id\":\"https:\\\/\\\/hotnewsinworld.com\\\/hu\\\/az-mszp-parlamenti-vizsgalobizottsag-felallitasat-kezdemenyezi-az-osszes-ellenzeki-frakcio-csatlakozott\\\/#breadcrumb\",\"itemListElement\":[{\"@type\":\"ListItem\",\"position\":1,\"name\":\"\u0413\u043b\u0430\u0432\u043d\u0430\u044f \u0441\u0442\u0440\u0430\u043d\u0438\u0446\u0430\",\"item\":\"https:\\\/\\\/hotnewsinworld.com\\\/hu\\\/\"},{\"@type\":\"ListItem\",\"position\":2,\"name\":\"Az MSZP parlamenti vizsg\u00e1l\u00f3bizotts\u00e1g fel\u00e1ll\u00edt\u00e1s\u00e1t kezdem\u00e9nyezi, az \u00f6sszes ellenz\u00e9ki frakci\u00f3 csatlakozott\"}]},{\"@type\":\"WebSite\",\"@id\":\"https:\\\/\\\/hotnewsinworld.com\\\/hu\\\/#website\",\"url\":\"https:\\\/\\\/hotnewsinworld.com\\\/hu\\\/\",\"name\":\"Hot News in World\",\"description\":\"Hot News in World from Hungary\",\"potentialAction\":[{\"@type\":\"SearchAction\",\"target\":{\"@type\":\"EntryPoint\",\"urlTemplate\":\"https:\\\/\\\/hotnewsinworld.com\\\/hu\\\/?s={search_term_string}\"},\"query-input\":{\"@type\":\"PropertyValueSpecification\",\"valueRequired\":true,\"valueName\":\"search_term_string\"}}],\"inLanguage\":\"hu\"},{\"@type\":\"Person\",\"@id\":\"https:\\\/\\\/hotnewsinworld.com\\\/hu\\\/#\\\/schema\\\/person\\\/fe61448b21c0d59086e75fcc1f9d8f6b\",\"name\":\"hotnewsinworld\",\"image\":{\"@type\":\"ImageObject\",\"inLanguage\":\"hu\",\"@id\":\"https:\\\/\\\/secure.gravatar.com\\\/avatar\\\/8a09ac165600ce2e1c38fe593c63928eb1e6e7ba5c5a907d67787c41b3d00c14?s=96&d=mm&r=g\",\"url\":\"https:\\\/\\\/secure.gravatar.com\\\/avatar\\\/8a09ac165600ce2e1c38fe593c63928eb1e6e7ba5c5a907d67787c41b3d00c14?s=96&d=mm&r=g\",\"contentUrl\":\"https:\\\/\\\/secure.gravatar.com\\\/avatar\\\/8a09ac165600ce2e1c38fe593c63928eb1e6e7ba5c5a907d67787c41b3d00c14?s=96&d=mm&r=g\",\"caption\":\"hotnewsinworld\"},\"url\":\"https:\\\/\\\/hotnewsinworld.com\\\/hu\\\/author\\\/pt\\\/\"}]}<\/script>\n<!-- \/ Yoast SEO plugin. -->","yoast_head_json":{"title":"Az MSZP parlamenti vizsg\u00e1l\u00f3bizotts\u00e1g fel\u00e1ll\u00edt\u00e1s\u00e1t kezdem\u00e9nyezi, az \u00f6sszes ellenz\u00e9ki frakci\u00f3 csatlakozott - Hot News in World","robots":{"index":"index","follow":"follow","max-snippet":"max-snippet:-1","max-image-preview":"max-image-preview:large","max-video-preview":"max-video-preview:-1"},"canonical":"https:\/\/hotnewsinworld.com\/hu\/az-mszp-parlamenti-vizsgalobizottsag-felallitasat-kezdemenyezi-az-osszes-ellenzeki-frakcio-csatlakozott\/","og_locale":"hu_HU","og_type":"article","og_title":"Az MSZP parlamenti vizsg\u00e1l\u00f3bizotts\u00e1g fel\u00e1ll\u00edt\u00e1s\u00e1t kezdem\u00e9nyezi, az \u00f6sszes ellenz\u00e9ki frakci\u00f3 csatlakozott - Hot News in World","og_description":"[ad_1] Az MSZP parlamenti vizsg\u00e1l\u00f3bizotts\u00e1g fel\u00e1ll\u00edt\u00e1s\u00e1t kezdem\u00e9nyezi, az \u00f6sszes ellenz\u00e9ki frakci\u00f3 csatlakozott Az MSZP az ellenz\u00e9ki frakci\u00f3k t\u00e1mogat\u00e1s\u00e1val beny\u00fajtotta az Orsz\u00e1ggy\u0171l\u00e9snek azt a hat\u00e1rozati javaslatot, amelyben parlamenti vizsg\u00e1l\u00f3bizotts\u00e1g fel\u00e1ll\u00edt\u00e1s\u00e1t kezdem\u00e9nyezi a Microsoft-\u00fcgyben &#8211; k\u00f6z\u00f6lte Harangoz\u00f3 Tam\u00e1s, az MSZP frakci\u00f3vezet\u0151-helyettese h\u00e9tf\u0151i sajt\u00f3t\u00e1j\u00e9koztat\u00f3j\u00e1n.&#13; &#13; A politikus a kezdem\u00e9nyez\u00e9st azzal indokolta: egy amerikai vizsg\u00e1lat alapj\u00e1n tudhat\u00f3, hogy 2013 [&hellip;]","og_url":"https:\/\/hotnewsinworld.com\/hu\/az-mszp-parlamenti-vizsgalobizottsag-felallitasat-kezdemenyezi-az-osszes-ellenzeki-frakcio-csatlakozott\/","og_site_name":"Hot News in World","article_published_time":"2019-09-02T19:48:24+00:00","article_modified_time":"2019-09-02T19:48:25+00:00","og_image":[{"width":600,"height":315,"url":"https:\/\/hotnewsinworld.com\/hu\/wp-content\/uploads\/sites\/3\/2019\/09\/Az-MSZP-parlamenti-vizsg\u00e1l\u00f3bizotts\u00e1g-fel\u00e1ll\u00edt\u00e1s\u00e1t-kezdem\u00e9nyezi-az-\u00f6sszes-ellenz\u00e9ki-frakci\u00f3.jpg","type":"image\/jpeg"}],"author":"hotnewsinworld","twitter_card":"summary_large_image","twitter_misc":{"Szerz\u0151:":"hotnewsinworld","Becs\u00fclt olvas\u00e1si id\u0151":"4 perc"},"schema":{"@context":"https:\/\/schema.org","@graph":[{"@type":"Article","@id":"https:\/\/hotnewsinworld.com\/hu\/az-mszp-parlamenti-vizsgalobizottsag-felallitasat-kezdemenyezi-az-osszes-ellenzeki-frakcio-csatlakozott\/#article","isPartOf":{"@id":"https:\/\/hotnewsinworld.com\/hu\/az-mszp-parlamenti-vizsgalobizottsag-felallitasat-kezdemenyezi-az-osszes-ellenzeki-frakcio-csatlakozott\/"},"author":{"name":"hotnewsinworld","@id":"https:\/\/hotnewsinworld.com\/hu\/#\/schema\/person\/fe61448b21c0d59086e75fcc1f9d8f6b"},"headline":"Az MSZP parlamenti vizsg\u00e1l\u00f3bizotts\u00e1g fel\u00e1ll\u00edt\u00e1s\u00e1t kezdem\u00e9nyezi, az \u00f6sszes ellenz\u00e9ki frakci\u00f3 csatlakozott","datePublished":"2019-09-02T19:48:24+00:00","dateModified":"2019-09-02T19:48:25+00:00","mainEntityOfPage":{"@id":"https:\/\/hotnewsinworld.com\/hu\/az-mszp-parlamenti-vizsgalobizottsag-felallitasat-kezdemenyezi-az-osszes-ellenzeki-frakcio-csatlakozott\/"},"wordCount":744,"commentCount":0,"image":{"@id":"https:\/\/hotnewsinworld.com\/hu\/az-mszp-parlamenti-vizsgalobizottsag-felallitasat-kezdemenyezi-az-osszes-ellenzeki-frakcio-csatlakozott\/#primaryimage"},"thumbnailUrl":"https:\/\/hotnewsinworld.com\/hu\/wp-content\/uploads\/sites\/3\/2019\/09\/Az-MSZP-parlamenti-vizsg\u00e1l\u00f3bizotts\u00e1g-fel\u00e1ll\u00edt\u00e1s\u00e1t-kezdem\u00e9nyezi-az-\u00f6sszes-ellenz\u00e9ki-frakci\u00f3.jpg","articleSection":["LEG\u00daJABB P\u00c9NZ\u00dcGYI H\u00cdREK"],"inLanguage":"hu","potentialAction":[{"@type":"CommentAction","name":"Comment","target":["https:\/\/hotnewsinworld.com\/hu\/az-mszp-parlamenti-vizsgalobizottsag-felallitasat-kezdemenyezi-az-osszes-ellenzeki-frakcio-csatlakozott\/#respond"]}]},{"@type":"WebPage","@id":"https:\/\/hotnewsinworld.com\/hu\/az-mszp-parlamenti-vizsgalobizottsag-felallitasat-kezdemenyezi-az-osszes-ellenzeki-frakcio-csatlakozott\/","url":"https:\/\/hotnewsinworld.com\/hu\/az-mszp-parlamenti-vizsgalobizottsag-felallitasat-kezdemenyezi-az-osszes-ellenzeki-frakcio-csatlakozott\/","name":"Az MSZP parlamenti vizsg\u00e1l\u00f3bizotts\u00e1g fel\u00e1ll\u00edt\u00e1s\u00e1t kezdem\u00e9nyezi, az \u00f6sszes ellenz\u00e9ki frakci\u00f3 csatlakozott - Hot News in World","isPartOf":{"@id":"https:\/\/hotnewsinworld.com\/hu\/#website"},"primaryImageOfPage":{"@id":"https:\/\/hotnewsinworld.com\/hu\/az-mszp-parlamenti-vizsgalobizottsag-felallitasat-kezdemenyezi-az-osszes-ellenzeki-frakcio-csatlakozott\/#primaryimage"},"image":{"@id":"https:\/\/hotnewsinworld.com\/hu\/az-mszp-parlamenti-vizsgalobizottsag-felallitasat-kezdemenyezi-az-osszes-ellenzeki-frakcio-csatlakozott\/#primaryimage"},"thumbnailUrl":"https:\/\/hotnewsinworld.com\/hu\/wp-content\/uploads\/sites\/3\/2019\/09\/Az-MSZP-parlamenti-vizsg\u00e1l\u00f3bizotts\u00e1g-fel\u00e1ll\u00edt\u00e1s\u00e1t-kezdem\u00e9nyezi-az-\u00f6sszes-ellenz\u00e9ki-frakci\u00f3.jpg","datePublished":"2019-09-02T19:48:24+00:00","dateModified":"2019-09-02T19:48:25+00:00","author":{"@id":"https:\/\/hotnewsinworld.com\/hu\/#\/schema\/person\/fe61448b21c0d59086e75fcc1f9d8f6b"},"breadcrumb":{"@id":"https:\/\/hotnewsinworld.com\/hu\/az-mszp-parlamenti-vizsgalobizottsag-felallitasat-kezdemenyezi-az-osszes-ellenzeki-frakcio-csatlakozott\/#breadcrumb"},"inLanguage":"hu","potentialAction":[{"@type":"ReadAction","target":["https:\/\/hotnewsinworld.com\/hu\/az-mszp-parlamenti-vizsgalobizottsag-felallitasat-kezdemenyezi-az-osszes-ellenzeki-frakcio-csatlakozott\/"]}]},{"@type":"ImageObject","inLanguage":"hu","@id":"https:\/\/hotnewsinworld.com\/hu\/az-mszp-parlamenti-vizsgalobizottsag-felallitasat-kezdemenyezi-az-osszes-ellenzeki-frakcio-csatlakozott\/#primaryimage","url":"https:\/\/hotnewsinworld.com\/hu\/wp-content\/uploads\/sites\/3\/2019\/09\/Az-MSZP-parlamenti-vizsg\u00e1l\u00f3bizotts\u00e1g-fel\u00e1ll\u00edt\u00e1s\u00e1t-kezdem\u00e9nyezi-az-\u00f6sszes-ellenz\u00e9ki-frakci\u00f3.jpg","contentUrl":"https:\/\/hotnewsinworld.com\/hu\/wp-content\/uploads\/sites\/3\/2019\/09\/Az-MSZP-parlamenti-vizsg\u00e1l\u00f3bizotts\u00e1g-fel\u00e1ll\u00edt\u00e1s\u00e1t-kezdem\u00e9nyezi-az-\u00f6sszes-ellenz\u00e9ki-frakci\u00f3.jpg","width":600,"height":315,"caption":"Az MSZP parlamenti vizsg\u00e1l\u00f3bizotts\u00e1g fel\u00e1ll\u00edt\u00e1s\u00e1t kezdem\u00e9nyezi, az \u00f6sszes ellenz\u00e9ki frakci\u00f3 csatlakozott"},{"@type":"BreadcrumbList","@id":"https:\/\/hotnewsinworld.com\/hu\/az-mszp-parlamenti-vizsgalobizottsag-felallitasat-kezdemenyezi-az-osszes-ellenzeki-frakcio-csatlakozott\/#breadcrumb","itemListElement":[{"@type":"ListItem","position":1,"name":"\u0413\u043b\u0430\u0432\u043d\u0430\u044f \u0441\u0442\u0440\u0430\u043d\u0438\u0446\u0430","item":"https:\/\/hotnewsinworld.com\/hu\/"},{"@type":"ListItem","position":2,"name":"Az MSZP parlamenti vizsg\u00e1l\u00f3bizotts\u00e1g fel\u00e1ll\u00edt\u00e1s\u00e1t kezdem\u00e9nyezi, az \u00f6sszes ellenz\u00e9ki frakci\u00f3 csatlakozott"}]},{"@type":"WebSite","@id":"https:\/\/hotnewsinworld.com\/hu\/#website","url":"https:\/\/hotnewsinworld.com\/hu\/","name":"Hot News in World","description":"Hot News in World from Hungary","potentialAction":[{"@type":"SearchAction","target":{"@type":"EntryPoint","urlTemplate":"https:\/\/hotnewsinworld.com\/hu\/?s={search_term_string}"},"query-input":{"@type":"PropertyValueSpecification","valueRequired":true,"valueName":"search_term_string"}}],"inLanguage":"hu"},{"@type":"Person","@id":"https:\/\/hotnewsinworld.com\/hu\/#\/schema\/person\/fe61448b21c0d59086e75fcc1f9d8f6b","name":"hotnewsinworld","image":{"@type":"ImageObject","inLanguage":"hu","@id":"https:\/\/secure.gravatar.com\/avatar\/8a09ac165600ce2e1c38fe593c63928eb1e6e7ba5c5a907d67787c41b3d00c14?s=96&d=mm&r=g","url":"https:\/\/secure.gravatar.com\/avatar\/8a09ac165600ce2e1c38fe593c63928eb1e6e7ba5c5a907d67787c41b3d00c14?s=96&d=mm&r=g","contentUrl":"https:\/\/secure.gravatar.com\/avatar\/8a09ac165600ce2e1c38fe593c63928eb1e6e7ba5c5a907d67787c41b3d00c14?s=96&d=mm&r=g","caption":"hotnewsinworld"},"url":"https:\/\/hotnewsinworld.com\/hu\/author\/pt\/"}]}},"_links":{"self":[{"href":"https:\/\/hotnewsinworld.com\/hu\/wp-json\/wp\/v2\/posts\/1540","targetHints":{"allow":["GET"]}}],"collection":[{"href":"https:\/\/hotnewsinworld.com\/hu\/wp-json\/wp\/v2\/posts"}],"about":[{"href":"https:\/\/hotnewsinworld.com\/hu\/wp-json\/wp\/v2\/types\/post"}],"author":[{"embeddable":true,"href":"https:\/\/hotnewsinworld.com\/hu\/wp-json\/wp\/v2\/users\/2"}],"replies":[{"embeddable":true,"href":"https:\/\/hotnewsinworld.com\/hu\/wp-json\/wp\/v2\/comments?post=1540"}],"version-history":[{"count":1,"href":"https:\/\/hotnewsinworld.com\/hu\/wp-json\/wp\/v2\/posts\/1540\/revisions"}],"predecessor-version":[{"id":1542,"href":"https:\/\/hotnewsinworld.com\/hu\/wp-json\/wp\/v2\/posts\/1540\/revisions\/1542"}],"wp:featuredmedia":[{"embeddable":true,"href":"https:\/\/hotnewsinworld.com\/hu\/wp-json\/wp\/v2\/media\/1541"}],"wp:attachment":[{"href":"https:\/\/hotnewsinworld.com\/hu\/wp-json\/wp\/v2\/media?parent=1540"}],"wp:term":[{"taxonomy":"category","embeddable":true,"href":"https:\/\/hotnewsinworld.com\/hu\/wp-json\/wp\/v2\/categories?post=1540"},{"taxonomy":"post_tag","embeddable":true,"href":"https:\/\/hotnewsinworld.com\/hu\/wp-json\/wp\/v2\/tags?post=1540"}],"curies":[{"name":"wp","href":"https:\/\/api.w.org\/{rel}","templated":true}]}}