{"id":1546,"date":"2019-09-03T02:01:42","date_gmt":"2019-09-02T23:01:42","guid":{"rendered":"https:\/\/hotnewsinworld.com\/hu\/rogan-harom-bohoc-all-tarlossal-szemben\/"},"modified":"2019-09-03T02:01:43","modified_gmt":"2019-09-02T23:01:43","slug":"rogan-harom-bohoc-all-tarlossal-szemben","status":"publish","type":"post","link":"https:\/\/hotnewsinworld.com\/hu\/rogan-harom-bohoc-all-tarlossal-szemben\/","title":{"rendered":"Rog\u00e1n: H\u00e1rom boh\u00f3c \u00e1ll Tarl\u00f3ssal szemben"},"content":{"rendered":"<p> [ad_1]<br \/>\n<\/p>\n<p> <span class=\"entry-author\"><span>Bodn\u00e1r Erika<\/span><\/span>, <span class=\"posted-on\"><time class=\"entry-date published updated\" datetime=\"2019-09-03T00:01:23+00:00\">2019. 09. 03. 00:01<\/time><\/span><\/p>\n<div>\n<div style=\"max-width: 380px\" class=\"wp-caption alignright\"><\/div>\n<p><strong>Boh\u00f3cnak nevezte a f\u0151polg\u00e1rmester-v\u00e1laszt\u00e1s ellenz\u00e9ki jel\u00f6ltjeit Rog\u00e1n Antal. A Minisztereln\u00f6ki Kabinetiroda vezet\u0151je elmondta, hi\u00e1ba csomagolj\u00e1k z\u00f6ld m\u00e1zba az ellenz\u00e9k c\u00e9ljait, az bel\u00fcl piros, hiszen kommunista eszm\u00e9ket k\u00f6vetnek, Gyurcs\u00e1ny egyenesen a titkosszolg\u00e1lati bar\u00e1tait sz\u00f3l\u00edtotta hadba.<\/strong><\/p>\n<p>H\u00e1rom boh\u00f3c \u00e1ll szemben egy tapasztalt, kipr\u00f3b\u00e1lt f\u0151polg\u00e1rmesterrel \u2013 mondta\u00a0 vas\u00e1rnap este a H\u00edr Tv-ben a Minisztereln\u00f6ki Kabinetiroda vezet\u0151je, Rog\u00e1n Antal, aki Puzs\u00e9r R\u00f3bertet \u00e9s Berki Kriszti\u00e1nt min\u0151s\u00edteni sem k\u00edv\u00e1nta. Kar\u00e1csony Gergely p\u00e1rtsz\u00e9delg\u0151r\u0151l elmondta, hogy \u0151 m\u00e1r minden volt, mindenf\u00e9le form\u00e1ban. Kezdte az SZDSZ-n\u00e9l, folytatta az LMP-n\u00e9l, azt\u00e1n a szocialist\u00e1k minisztereln\u00f6k-jel\u00f6ltje lett, csak k\u00f6zben Zugl\u00f3val nem foglalkozott, kis h\u00edj\u00e1n t\u00f6nkre is tette.<\/p>\n<p>Kar\u00e1csony Gergely parkol\u00e1si botr\u00e1ny\u00e1val kapcsolatban a Minisztereln\u00f6ki Kabinetiroda vezet\u0151je megjegyezte, hogy\u00a0az \u00f6sszes f\u0151v\u00e1rosi ker\u00fcletben nyeres\u00e9ges a parkol\u00e1s, Zugl\u00f3 az egyetlen, ahol vesztes\u00e9ges, ami nonszensz. Kit\u00e9rt a drogliberaliz\u00e1ci\u00f3ra is, amit Kar\u00e1csony akkor v\u00e1llalt, amikor egy\u00fcttm\u0171k\u00f6d\u00e9st k\u00f6t\u00f6tt a Liber\u00e1lisokkal, vesz\u00e9lyeztetve ezzel gyermekeinket.<\/p>\n<p>\u2013 Vele szemben Tarl\u00f3s Istv\u00e1n szem\u00e9ly\u00e9ben van egy olyan kipr\u00f3b\u00e1lt, tapasztalt f\u0151polg\u00e1rmester, aki, ha kell, m\u00e9g vel\u00fcnk, a korm\u00e1nnyal is konfliktust v\u00e1llal a v\u00e1ros \u00e9rdek\u00e9ben \u2013 mondta Rog\u00e1n. A miniszter szerint Tarl\u00f3s Istv\u00e1n bizony\u00edtott az elm\u00falt kilenc \u00e9vben, rendbe tette a f\u0151v\u00e1ros Demszky ut\u00e1ni sz\u00e9tzil\u00e1lt \u00fcgyeit, befejezte a 4-es metr\u00f3t, \u00e9s belekezdett a metr\u00f3fel\u00faj\u00edt\u00e1sokba.<\/p>\n<p>Rog\u00e1n besz\u00e1molt r\u00f3la, hogy Gyurcs\u00e1ny Ferenc \u00f6sszeh\u00edvta volt gazdas\u00e1gi \u00e9s titkosszolg\u00e1lati embereit, \u00e9s azt mondta nekik, ha seg\u00edtenek a v\u00e1laszt\u00e1son az \u00f6nkorm\u00e1nyzati hatalom\u00e1tv\u00e9telben, akkor mindenkinek fog jutni egy kis megb\u00edz\u00e1s, gazdas\u00e1gi lehet\u0151s\u00e9g \u2013 \u00edrja a Magyar Nemzet.<\/p>\n<p>\u2013 Egyes ellenz\u00e9ki politikusok tiszteletlen\u00fcl besz\u00e9lnek az id\u0151sekr\u0151l, nem gondolom, hogy az id\u0151s embereket b\u00e1rmivel meg lehetne v\u00e1s\u00e1rolni. Akik pedig t\u00e1madj\u00e1k a korm\u00e1nyt, azok annak idej\u00e9n az IMF parancs\u00e1ra elvettek egyhavi nyugd\u00edjat a nyugd\u00edjasokt\u00f3l \u00e9s egyhavi b\u00e9rt a k\u00f6zszolg\u00e1kt\u00f3l \u2013 t\u00e9rt ki a korm\u00e1ny \u00e1ltal a nyugd\u00edjasoknak adott kilencezer forintos rezsiutalv\u00e1nyra a miniszter, aki szerint a baloldal olyan, mint a g\u00f6r\u00f6gdinnye:\u00a0k\u00edv\u00fclr\u0151l z\u00f6ld, bel\u00fclr\u0151l viszont piros, vagyis val\u00f3j\u00e1ban kommunista.<\/p>\n<p><strong>Tov\u00e1bbi cikkek:<\/strong><\/p>\n<\/div>\n<p><script>(function(d, s, id) {\n  var js, fjs = d.getElementsByTagName(s)[0];\n  if (d.getElementById(id)) return;\n  js = d.createElement(s); js.id = id;\n  js.src = \"http:\/\/connect.facebook.net\/hu_HU\/sdk.js#xfbml=1&version=v2.3\";\n  fjs.parentNode.insertBefore(js, fjs);\n}(document, 'script', 'facebook-jssdk'));<\/script><br \/>\n<br \/>[ad_2]<br \/>\n<br \/><a href=\"https:\/\/hirek.oldal.info\/rssclick\/14364403\">Source link <\/a><\/p>\n","protected":false},"excerpt":{"rendered":"<p>[ad_1] Bodn\u00e1r Erika, 2019. 09. 03. 00:01 Boh\u00f3cnak nevezte a f\u0151polg\u00e1rmester-v\u00e1laszt\u00e1s ellenz\u00e9ki jel\u00f6ltjeit Rog\u00e1n Antal. A Minisztereln\u00f6ki Kabinetiroda vezet\u0151je elmondta, hi\u00e1ba csomagolj\u00e1k z\u00f6ld m\u00e1zba az ellenz\u00e9k c\u00e9ljait, az bel\u00fcl piros, hiszen kommunista eszm\u00e9ket k\u00f6vetnek, Gyurcs\u00e1ny egyenesen a titkosszolg\u00e1lati bar\u00e1tait sz\u00f3l\u00edtotta hadba. H\u00e1rom boh\u00f3c \u00e1ll szemben egy tapasztalt, kipr\u00f3b\u00e1lt f\u0151polg\u00e1rmesterrel \u2013 mondta\u00a0 vas\u00e1rnap este a H\u00edr [&hellip;]<\/p>\n","protected":false},"author":2,"featured_media":1547,"comment_status":"open","ping_status":"open","sticky":false,"template":"","format":"standard","meta":{"footnotes":""},"categories":[1],"tags":[],"class_list":["post-1546","post","type-post","status-publish","format-standard","has-post-thumbnail","hentry","category-legujabb-penzugyi-hirek"],"yoast_head":"<!-- This site is optimized with the Yoast SEO plugin v27.4 - https:\/\/yoast.com\/product\/yoast-seo-wordpress\/ -->\n<title>Rog\u00e1n: H\u00e1rom boh\u00f3c \u00e1ll Tarl\u00f3ssal szemben - Hot News in World<\/title>\n<meta name=\"robots\" content=\"index, follow, max-snippet:-1, max-image-preview:large, max-video-preview:-1\" \/>\n<link rel=\"canonical\" href=\"https:\/\/hotnewsinworld.com\/hu\/rogan-harom-bohoc-all-tarlossal-szemben\/\" \/>\n<meta property=\"og:locale\" content=\"hu_HU\" \/>\n<meta property=\"og:type\" content=\"article\" \/>\n<meta property=\"og:title\" content=\"Rog\u00e1n: H\u00e1rom boh\u00f3c \u00e1ll Tarl\u00f3ssal szemben - Hot News in World\" \/>\n<meta property=\"og:description\" content=\"[ad_1] Bodn\u00e1r Erika, 2019. 09. 03. 00:01 Boh\u00f3cnak nevezte a f\u0151polg\u00e1rmester-v\u00e1laszt\u00e1s ellenz\u00e9ki jel\u00f6ltjeit Rog\u00e1n Antal. A Minisztereln\u00f6ki Kabinetiroda vezet\u0151je elmondta, hi\u00e1ba csomagolj\u00e1k z\u00f6ld m\u00e1zba az ellenz\u00e9k c\u00e9ljait, az bel\u00fcl piros, hiszen kommunista eszm\u00e9ket k\u00f6vetnek, Gyurcs\u00e1ny egyenesen a titkosszolg\u00e1lati bar\u00e1tait sz\u00f3l\u00edtotta hadba. H\u00e1rom boh\u00f3c \u00e1ll szemben egy tapasztalt, kipr\u00f3b\u00e1lt f\u0151polg\u00e1rmesterrel \u2013 mondta\u00a0 vas\u00e1rnap este a H\u00edr [&hellip;]\" \/>\n<meta property=\"og:url\" content=\"https:\/\/hotnewsinworld.com\/hu\/rogan-harom-bohoc-all-tarlossal-szemben\/\" \/>\n<meta property=\"og:site_name\" content=\"Hot News in World\" \/>\n<meta property=\"article:published_time\" content=\"2019-09-02T23:01:42+00:00\" \/>\n<meta property=\"article:modified_time\" content=\"2019-09-02T23:01:43+00:00\" \/>\n<meta property=\"og:image\" content=\"https:\/\/hotnewsinworld.com\/hu\/wp-content\/uploads\/sites\/3\/2019\/09\/Rog\u00e1n-H\u00e1rom-boh\u00f3c-\u00e1ll-Tarl\u00f3ssal-szemben.jpg\" \/>\n\t<meta property=\"og:image:width\" content=\"400\" \/>\n\t<meta property=\"og:image:height\" content=\"274\" \/>\n\t<meta property=\"og:image:type\" content=\"image\/jpeg\" \/>\n<meta name=\"author\" content=\"hotnewsinworld\" \/>\n<meta name=\"twitter:card\" content=\"summary_large_image\" \/>\n<meta name=\"twitter:label1\" content=\"Szerz\u0151:\" \/>\n\t<meta name=\"twitter:data1\" content=\"hotnewsinworld\" \/>\n\t<meta name=\"twitter:label2\" content=\"Becs\u00fclt olvas\u00e1si id\u0151\" \/>\n\t<meta name=\"twitter:data2\" content=\"2 perc\" \/>\n<script type=\"application\/ld+json\" class=\"yoast-schema-graph\">{\"@context\":\"https:\\\/\\\/schema.org\",\"@graph\":[{\"@type\":\"Article\",\"@id\":\"https:\\\/\\\/hotnewsinworld.com\\\/hu\\\/rogan-harom-bohoc-all-tarlossal-szemben\\\/#article\",\"isPartOf\":{\"@id\":\"https:\\\/\\\/hotnewsinworld.com\\\/hu\\\/rogan-harom-bohoc-all-tarlossal-szemben\\\/\"},\"author\":{\"name\":\"hotnewsinworld\",\"@id\":\"https:\\\/\\\/hotnewsinworld.com\\\/hu\\\/#\\\/schema\\\/person\\\/fe61448b21c0d59086e75fcc1f9d8f6b\"},\"headline\":\"Rog\u00e1n: H\u00e1rom boh\u00f3c \u00e1ll Tarl\u00f3ssal szemben\",\"datePublished\":\"2019-09-02T23:01:42+00:00\",\"dateModified\":\"2019-09-02T23:01:43+00:00\",\"mainEntityOfPage\":{\"@id\":\"https:\\\/\\\/hotnewsinworld.com\\\/hu\\\/rogan-harom-bohoc-all-tarlossal-szemben\\\/\"},\"wordCount\":478,\"commentCount\":0,\"image\":{\"@id\":\"https:\\\/\\\/hotnewsinworld.com\\\/hu\\\/rogan-harom-bohoc-all-tarlossal-szemben\\\/#primaryimage\"},\"thumbnailUrl\":\"https:\\\/\\\/hotnewsinworld.com\\\/hu\\\/wp-content\\\/uploads\\\/sites\\\/3\\\/2019\\\/09\\\/Rog\u00e1n-H\u00e1rom-boh\u00f3c-\u00e1ll-Tarl\u00f3ssal-szemben.jpg\",\"articleSection\":[\"LEG\u00daJABB P\u00c9NZ\u00dcGYI H\u00cdREK\"],\"inLanguage\":\"hu\",\"potentialAction\":[{\"@type\":\"CommentAction\",\"name\":\"Comment\",\"target\":[\"https:\\\/\\\/hotnewsinworld.com\\\/hu\\\/rogan-harom-bohoc-all-tarlossal-szemben\\\/#respond\"]}]},{\"@type\":\"WebPage\",\"@id\":\"https:\\\/\\\/hotnewsinworld.com\\\/hu\\\/rogan-harom-bohoc-all-tarlossal-szemben\\\/\",\"url\":\"https:\\\/\\\/hotnewsinworld.com\\\/hu\\\/rogan-harom-bohoc-all-tarlossal-szemben\\\/\",\"name\":\"Rog\u00e1n: H\u00e1rom boh\u00f3c \u00e1ll Tarl\u00f3ssal szemben - Hot News in World\",\"isPartOf\":{\"@id\":\"https:\\\/\\\/hotnewsinworld.com\\\/hu\\\/#website\"},\"primaryImageOfPage\":{\"@id\":\"https:\\\/\\\/hotnewsinworld.com\\\/hu\\\/rogan-harom-bohoc-all-tarlossal-szemben\\\/#primaryimage\"},\"image\":{\"@id\":\"https:\\\/\\\/hotnewsinworld.com\\\/hu\\\/rogan-harom-bohoc-all-tarlossal-szemben\\\/#primaryimage\"},\"thumbnailUrl\":\"https:\\\/\\\/hotnewsinworld.com\\\/hu\\\/wp-content\\\/uploads\\\/sites\\\/3\\\/2019\\\/09\\\/Rog\u00e1n-H\u00e1rom-boh\u00f3c-\u00e1ll-Tarl\u00f3ssal-szemben.jpg\",\"datePublished\":\"2019-09-02T23:01:42+00:00\",\"dateModified\":\"2019-09-02T23:01:43+00:00\",\"author\":{\"@id\":\"https:\\\/\\\/hotnewsinworld.com\\\/hu\\\/#\\\/schema\\\/person\\\/fe61448b21c0d59086e75fcc1f9d8f6b\"},\"breadcrumb\":{\"@id\":\"https:\\\/\\\/hotnewsinworld.com\\\/hu\\\/rogan-harom-bohoc-all-tarlossal-szemben\\\/#breadcrumb\"},\"inLanguage\":\"hu\",\"potentialAction\":[{\"@type\":\"ReadAction\",\"target\":[\"https:\\\/\\\/hotnewsinworld.com\\\/hu\\\/rogan-harom-bohoc-all-tarlossal-szemben\\\/\"]}]},{\"@type\":\"ImageObject\",\"inLanguage\":\"hu\",\"@id\":\"https:\\\/\\\/hotnewsinworld.com\\\/hu\\\/rogan-harom-bohoc-all-tarlossal-szemben\\\/#primaryimage\",\"url\":\"https:\\\/\\\/hotnewsinworld.com\\\/hu\\\/wp-content\\\/uploads\\\/sites\\\/3\\\/2019\\\/09\\\/Rog\u00e1n-H\u00e1rom-boh\u00f3c-\u00e1ll-Tarl\u00f3ssal-szemben.jpg\",\"contentUrl\":\"https:\\\/\\\/hotnewsinworld.com\\\/hu\\\/wp-content\\\/uploads\\\/sites\\\/3\\\/2019\\\/09\\\/Rog\u00e1n-H\u00e1rom-boh\u00f3c-\u00e1ll-Tarl\u00f3ssal-szemben.jpg\",\"width\":400,\"height\":274,\"caption\":\"Rog\u00e1n: H\u00e1rom boh\u00f3c \u00e1ll Tarl\u00f3ssal szemben\"},{\"@type\":\"BreadcrumbList\",\"@id\":\"https:\\\/\\\/hotnewsinworld.com\\\/hu\\\/rogan-harom-bohoc-all-tarlossal-szemben\\\/#breadcrumb\",\"itemListElement\":[{\"@type\":\"ListItem\",\"position\":1,\"name\":\"\u0413\u043b\u0430\u0432\u043d\u0430\u044f \u0441\u0442\u0440\u0430\u043d\u0438\u0446\u0430\",\"item\":\"https:\\\/\\\/hotnewsinworld.com\\\/hu\\\/\"},{\"@type\":\"ListItem\",\"position\":2,\"name\":\"Rog\u00e1n: H\u00e1rom boh\u00f3c \u00e1ll Tarl\u00f3ssal szemben\"}]},{\"@type\":\"WebSite\",\"@id\":\"https:\\\/\\\/hotnewsinworld.com\\\/hu\\\/#website\",\"url\":\"https:\\\/\\\/hotnewsinworld.com\\\/hu\\\/\",\"name\":\"Hot News in World\",\"description\":\"Hot News in World from Hungary\",\"potentialAction\":[{\"@type\":\"SearchAction\",\"target\":{\"@type\":\"EntryPoint\",\"urlTemplate\":\"https:\\\/\\\/hotnewsinworld.com\\\/hu\\\/?s={search_term_string}\"},\"query-input\":{\"@type\":\"PropertyValueSpecification\",\"valueRequired\":true,\"valueName\":\"search_term_string\"}}],\"inLanguage\":\"hu\"},{\"@type\":\"Person\",\"@id\":\"https:\\\/\\\/hotnewsinworld.com\\\/hu\\\/#\\\/schema\\\/person\\\/fe61448b21c0d59086e75fcc1f9d8f6b\",\"name\":\"hotnewsinworld\",\"image\":{\"@type\":\"ImageObject\",\"inLanguage\":\"hu\",\"@id\":\"https:\\\/\\\/secure.gravatar.com\\\/avatar\\\/8a09ac165600ce2e1c38fe593c63928eb1e6e7ba5c5a907d67787c41b3d00c14?s=96&d=mm&r=g\",\"url\":\"https:\\\/\\\/secure.gravatar.com\\\/avatar\\\/8a09ac165600ce2e1c38fe593c63928eb1e6e7ba5c5a907d67787c41b3d00c14?s=96&d=mm&r=g\",\"contentUrl\":\"https:\\\/\\\/secure.gravatar.com\\\/avatar\\\/8a09ac165600ce2e1c38fe593c63928eb1e6e7ba5c5a907d67787c41b3d00c14?s=96&d=mm&r=g\",\"caption\":\"hotnewsinworld\"},\"url\":\"https:\\\/\\\/hotnewsinworld.com\\\/hu\\\/author\\\/pt\\\/\"}]}<\/script>\n<!-- \/ Yoast SEO plugin. -->","yoast_head_json":{"title":"Rog\u00e1n: H\u00e1rom boh\u00f3c \u00e1ll Tarl\u00f3ssal szemben - Hot News in World","robots":{"index":"index","follow":"follow","max-snippet":"max-snippet:-1","max-image-preview":"max-image-preview:large","max-video-preview":"max-video-preview:-1"},"canonical":"https:\/\/hotnewsinworld.com\/hu\/rogan-harom-bohoc-all-tarlossal-szemben\/","og_locale":"hu_HU","og_type":"article","og_title":"Rog\u00e1n: H\u00e1rom boh\u00f3c \u00e1ll Tarl\u00f3ssal szemben - Hot News in World","og_description":"[ad_1] Bodn\u00e1r Erika, 2019. 09. 03. 00:01 Boh\u00f3cnak nevezte a f\u0151polg\u00e1rmester-v\u00e1laszt\u00e1s ellenz\u00e9ki jel\u00f6ltjeit Rog\u00e1n Antal. A Minisztereln\u00f6ki Kabinetiroda vezet\u0151je elmondta, hi\u00e1ba csomagolj\u00e1k z\u00f6ld m\u00e1zba az ellenz\u00e9k c\u00e9ljait, az bel\u00fcl piros, hiszen kommunista eszm\u00e9ket k\u00f6vetnek, Gyurcs\u00e1ny egyenesen a titkosszolg\u00e1lati bar\u00e1tait sz\u00f3l\u00edtotta hadba. H\u00e1rom boh\u00f3c \u00e1ll szemben egy tapasztalt, kipr\u00f3b\u00e1lt f\u0151polg\u00e1rmesterrel \u2013 mondta\u00a0 vas\u00e1rnap este a H\u00edr [&hellip;]","og_url":"https:\/\/hotnewsinworld.com\/hu\/rogan-harom-bohoc-all-tarlossal-szemben\/","og_site_name":"Hot News in World","article_published_time":"2019-09-02T23:01:42+00:00","article_modified_time":"2019-09-02T23:01:43+00:00","og_image":[{"width":400,"height":274,"url":"https:\/\/hotnewsinworld.com\/hu\/wp-content\/uploads\/sites\/3\/2019\/09\/Rog\u00e1n-H\u00e1rom-boh\u00f3c-\u00e1ll-Tarl\u00f3ssal-szemben.jpg","type":"image\/jpeg"}],"author":"hotnewsinworld","twitter_card":"summary_large_image","twitter_misc":{"Szerz\u0151:":"hotnewsinworld","Becs\u00fclt olvas\u00e1si id\u0151":"2 perc"},"schema":{"@context":"https:\/\/schema.org","@graph":[{"@type":"Article","@id":"https:\/\/hotnewsinworld.com\/hu\/rogan-harom-bohoc-all-tarlossal-szemben\/#article","isPartOf":{"@id":"https:\/\/hotnewsinworld.com\/hu\/rogan-harom-bohoc-all-tarlossal-szemben\/"},"author":{"name":"hotnewsinworld","@id":"https:\/\/hotnewsinworld.com\/hu\/#\/schema\/person\/fe61448b21c0d59086e75fcc1f9d8f6b"},"headline":"Rog\u00e1n: H\u00e1rom boh\u00f3c \u00e1ll Tarl\u00f3ssal szemben","datePublished":"2019-09-02T23:01:42+00:00","dateModified":"2019-09-02T23:01:43+00:00","mainEntityOfPage":{"@id":"https:\/\/hotnewsinworld.com\/hu\/rogan-harom-bohoc-all-tarlossal-szemben\/"},"wordCount":478,"commentCount":0,"image":{"@id":"https:\/\/hotnewsinworld.com\/hu\/rogan-harom-bohoc-all-tarlossal-szemben\/#primaryimage"},"thumbnailUrl":"https:\/\/hotnewsinworld.com\/hu\/wp-content\/uploads\/sites\/3\/2019\/09\/Rog\u00e1n-H\u00e1rom-boh\u00f3c-\u00e1ll-Tarl\u00f3ssal-szemben.jpg","articleSection":["LEG\u00daJABB P\u00c9NZ\u00dcGYI H\u00cdREK"],"inLanguage":"hu","potentialAction":[{"@type":"CommentAction","name":"Comment","target":["https:\/\/hotnewsinworld.com\/hu\/rogan-harom-bohoc-all-tarlossal-szemben\/#respond"]}]},{"@type":"WebPage","@id":"https:\/\/hotnewsinworld.com\/hu\/rogan-harom-bohoc-all-tarlossal-szemben\/","url":"https:\/\/hotnewsinworld.com\/hu\/rogan-harom-bohoc-all-tarlossal-szemben\/","name":"Rog\u00e1n: H\u00e1rom boh\u00f3c \u00e1ll Tarl\u00f3ssal szemben - Hot News in World","isPartOf":{"@id":"https:\/\/hotnewsinworld.com\/hu\/#website"},"primaryImageOfPage":{"@id":"https:\/\/hotnewsinworld.com\/hu\/rogan-harom-bohoc-all-tarlossal-szemben\/#primaryimage"},"image":{"@id":"https:\/\/hotnewsinworld.com\/hu\/rogan-harom-bohoc-all-tarlossal-szemben\/#primaryimage"},"thumbnailUrl":"https:\/\/hotnewsinworld.com\/hu\/wp-content\/uploads\/sites\/3\/2019\/09\/Rog\u00e1n-H\u00e1rom-boh\u00f3c-\u00e1ll-Tarl\u00f3ssal-szemben.jpg","datePublished":"2019-09-02T23:01:42+00:00","dateModified":"2019-09-02T23:01:43+00:00","author":{"@id":"https:\/\/hotnewsinworld.com\/hu\/#\/schema\/person\/fe61448b21c0d59086e75fcc1f9d8f6b"},"breadcrumb":{"@id":"https:\/\/hotnewsinworld.com\/hu\/rogan-harom-bohoc-all-tarlossal-szemben\/#breadcrumb"},"inLanguage":"hu","potentialAction":[{"@type":"ReadAction","target":["https:\/\/hotnewsinworld.com\/hu\/rogan-harom-bohoc-all-tarlossal-szemben\/"]}]},{"@type":"ImageObject","inLanguage":"hu","@id":"https:\/\/hotnewsinworld.com\/hu\/rogan-harom-bohoc-all-tarlossal-szemben\/#primaryimage","url":"https:\/\/hotnewsinworld.com\/hu\/wp-content\/uploads\/sites\/3\/2019\/09\/Rog\u00e1n-H\u00e1rom-boh\u00f3c-\u00e1ll-Tarl\u00f3ssal-szemben.jpg","contentUrl":"https:\/\/hotnewsinworld.com\/hu\/wp-content\/uploads\/sites\/3\/2019\/09\/Rog\u00e1n-H\u00e1rom-boh\u00f3c-\u00e1ll-Tarl\u00f3ssal-szemben.jpg","width":400,"height":274,"caption":"Rog\u00e1n: H\u00e1rom boh\u00f3c \u00e1ll Tarl\u00f3ssal szemben"},{"@type":"BreadcrumbList","@id":"https:\/\/hotnewsinworld.com\/hu\/rogan-harom-bohoc-all-tarlossal-szemben\/#breadcrumb","itemListElement":[{"@type":"ListItem","position":1,"name":"\u0413\u043b\u0430\u0432\u043d\u0430\u044f \u0441\u0442\u0440\u0430\u043d\u0438\u0446\u0430","item":"https:\/\/hotnewsinworld.com\/hu\/"},{"@type":"ListItem","position":2,"name":"Rog\u00e1n: H\u00e1rom boh\u00f3c \u00e1ll Tarl\u00f3ssal szemben"}]},{"@type":"WebSite","@id":"https:\/\/hotnewsinworld.com\/hu\/#website","url":"https:\/\/hotnewsinworld.com\/hu\/","name":"Hot News in World","description":"Hot News in World from Hungary","potentialAction":[{"@type":"SearchAction","target":{"@type":"EntryPoint","urlTemplate":"https:\/\/hotnewsinworld.com\/hu\/?s={search_term_string}"},"query-input":{"@type":"PropertyValueSpecification","valueRequired":true,"valueName":"search_term_string"}}],"inLanguage":"hu"},{"@type":"Person","@id":"https:\/\/hotnewsinworld.com\/hu\/#\/schema\/person\/fe61448b21c0d59086e75fcc1f9d8f6b","name":"hotnewsinworld","image":{"@type":"ImageObject","inLanguage":"hu","@id":"https:\/\/secure.gravatar.com\/avatar\/8a09ac165600ce2e1c38fe593c63928eb1e6e7ba5c5a907d67787c41b3d00c14?s=96&d=mm&r=g","url":"https:\/\/secure.gravatar.com\/avatar\/8a09ac165600ce2e1c38fe593c63928eb1e6e7ba5c5a907d67787c41b3d00c14?s=96&d=mm&r=g","contentUrl":"https:\/\/secure.gravatar.com\/avatar\/8a09ac165600ce2e1c38fe593c63928eb1e6e7ba5c5a907d67787c41b3d00c14?s=96&d=mm&r=g","caption":"hotnewsinworld"},"url":"https:\/\/hotnewsinworld.com\/hu\/author\/pt\/"}]}},"_links":{"self":[{"href":"https:\/\/hotnewsinworld.com\/hu\/wp-json\/wp\/v2\/posts\/1546","targetHints":{"allow":["GET"]}}],"collection":[{"href":"https:\/\/hotnewsinworld.com\/hu\/wp-json\/wp\/v2\/posts"}],"about":[{"href":"https:\/\/hotnewsinworld.com\/hu\/wp-json\/wp\/v2\/types\/post"}],"author":[{"embeddable":true,"href":"https:\/\/hotnewsinworld.com\/hu\/wp-json\/wp\/v2\/users\/2"}],"replies":[{"embeddable":true,"href":"https:\/\/hotnewsinworld.com\/hu\/wp-json\/wp\/v2\/comments?post=1546"}],"version-history":[{"count":1,"href":"https:\/\/hotnewsinworld.com\/hu\/wp-json\/wp\/v2\/posts\/1546\/revisions"}],"predecessor-version":[{"id":1548,"href":"https:\/\/hotnewsinworld.com\/hu\/wp-json\/wp\/v2\/posts\/1546\/revisions\/1548"}],"wp:featuredmedia":[{"embeddable":true,"href":"https:\/\/hotnewsinworld.com\/hu\/wp-json\/wp\/v2\/media\/1547"}],"wp:attachment":[{"href":"https:\/\/hotnewsinworld.com\/hu\/wp-json\/wp\/v2\/media?parent=1546"}],"wp:term":[{"taxonomy":"category","embeddable":true,"href":"https:\/\/hotnewsinworld.com\/hu\/wp-json\/wp\/v2\/categories?post=1546"},{"taxonomy":"post_tag","embeddable":true,"href":"https:\/\/hotnewsinworld.com\/hu\/wp-json\/wp\/v2\/tags?post=1546"}],"curies":[{"name":"wp","href":"https:\/\/api.w.org\/{rel}","templated":true}]}}