{"id":1549,"date":"2019-09-03T03:32:30","date_gmt":"2019-09-03T00:32:30","guid":{"rendered":"https:\/\/hotnewsinworld.com\/hu\/megkezdodott-a-rezsiutalvanyok-kezbesitese\/"},"modified":"2019-09-03T03:32:31","modified_gmt":"2019-09-03T00:32:31","slug":"megkezdodott-a-rezsiutalvanyok-kezbesitese","status":"publish","type":"post","link":"https:\/\/hotnewsinworld.com\/hu\/megkezdodott-a-rezsiutalvanyok-kezbesitese\/","title":{"rendered":"Megkezd\u0151d\u00f6tt a rezsiutalv\u00e1nyok k\u00e9zbes\u00edt\u00e9se"},"content":{"rendered":"<p> [ad_1]<br \/>\n<\/p>\n<div>\n<div class=\"talalat kotegTitle\">\n<p class=\"lead\">Megkezd\u0151d\u00f6tt a rezsiutalv\u00e1nyok postai k\u00e9zbes\u00edt\u00e9se a nyugd\u00edjasoknak h\u00e9tf\u0151n, szeptember 30-\u00e1ig mintegy 2,6 milli\u00f3an kapnak szem\u00e9lyenk\u00e9nt 9 ezer forint \u00f6sszegben g\u00e1z- \u00e9s villanysz\u00e1mla kifizet\u00e9s\u00e9re ford\u00edthat\u00f3 utalv\u00e1nyt.<\/p>\n<\/div>\n<div class=\"talalat contsrc_19  szurke \">class=&#8221;&#8221;&gt;<\/p>\n<p class=\"lead\">Megkezd\u0151d\u00f6tt a rezsiutalv\u00e1nyok postai k\u00e9zbes\u00edt\u00e9se a nyugd\u00edjasoknak h\u00e9tf\u0151n, szeptember 30-\u00e1ig mintegy 2,6 milli\u00f3an kapnak szem\u00e9lyenk\u00e9nt 9 ezer forint \u00f6sszegben g\u00e1z- \u00e9s villanysz\u00e1mla kifizet\u00e9s\u00e9re ford\u00edthat\u00f3 utalv\u00e1nyt.\u00a0Az els\u0151 k\u00e9zbes\u00edt\u00e9st k\u00f6vet\u0151en F\u00f3nagy J\u00e1nos \u00e1llamtitk\u00e1r elmondta, a korm\u00e1ny int\u00e9zked\u00e9se r\u00e9v\u00e9n a nyugd\u00edjasok, nyugd\u00edjszer\u0171\u2026<\/p>\n<\/div>\n<div class=\"talalat contsrc_100  szurke \">class=&#8221;&#8221;&gt;<\/p>\n<p class=\"lead\">Megkezd\u0151d\u00f6tt a rezsiutalv\u00e1nyok postai k\u00e9zbes\u00edt\u00e9se a nyugd\u00edjasoknak h\u00e9tf\u0151n, szeptember 30-\u00e1ig mintegy 2,6 milli\u00f3an kapnak szem\u00e9lyenk\u00e9nt 9 ezer forint \u00f6sszegben g\u00e1z- \u00e9s villanysz\u00e1mla kifizet\u00e9s\u00e9re ford\u00edthat\u00f3 utalv\u00e1nyt.  Az els\u0151 k\u00e9zbes\u00edt\u00e9st&#8230;<\/p>\n<\/div>\n<div class=\"talalat contsrc_800  line-with-image-container\"><span class=\"line-with-image\"><span class=\"line-with-image-inner\" style=\"background-image:url('https:\/\/stat.hirstart.hu\/image\/20190902\/4856421\/megkezdodott_a_rezsiutalvanyok_kezbesitese_4-73x73-crop.jpg');background-repeat: no-repeat; background-size: 73.00px auto; width: 73.00px; height: 73.00px\"><\/span><\/span>class=&#8221;line-title-with-image&#8221;&gt;<\/p>\n<div class=\"line-with-image-search-padding\">\n<p class=\"lead\">Az utalv\u00e1nyokat j\u00f6v\u0151 \u00e9v m\u00e1rcius\u00e1nak v\u00e9g\u00e9ig lehet felhaszn\u00e1lni villanysz\u00e1mla \u00e9s g\u00e1zsz\u00e1mla kiegyenl\u00edt\u00e9s\u00e9re.<\/p>\n<\/div>\n<\/div>\n<div class=\"talalat contsrc_694  szurke line-with-image-container\"><span class=\"line-with-image\"><span class=\"line-with-image-inner\" style=\"background-image:url('https:\/\/stat.hirstart.hu\/image\/20190902\/4855919\/elkezdodott_a_rezsiutalvanyok_kiszallitasa-73x73-crop.jpg');background-repeat: no-repeat; background-size: 73.00px auto; width: 73.00px; height: 73.00px\"><\/span><\/span>class=&#8221;line-title-with-image&#8221;&gt;<\/p>\n<div class=\"line-with-image-search-padding\">\n<p class=\"lead\">Megkezdt\u00e9k a 9 ezer forint \u00e9rt\u00e9k\u0171 rezsiutalv\u00e1nyok kisz\u00e1ll\u00edt\u00e1s\u00e1t a nyugd\u00edjasok r\u00e9sz\u00e9re.<\/p>\n<\/div>\n<\/div>\n<div class=\"talalat contsrc_1056  line-with-image-container\"><span class=\"line-with-image\"><span class=\"line-with-image-inner\" style=\"background-image:url('https:\/\/stat.hirstart.hu\/image\/20190902\/4857128\/megkezdodott_a_rezsiutalvanyok_kezbesitese_14-73x73-crop.jpg');background-repeat: no-repeat; background-size: 73.00px auto; width: 73.00px; height: 73.00px\"><\/span><\/span>class=&#8221;line-title-with-image&#8221;&gt;<\/p>\n<div class=\"line-with-image-search-padding\">\n<p class=\"lead\">Szeptember 30-\u00e1ig mintegy 2,6 milli\u00f3 nyugd\u00edjas kap szem\u00e9lyenk\u00e9nt 9 ezer forint \u00f6sszegben g\u00e1z- \u00e9s villanysz\u00e1mla kifizet\u00e9s\u00e9re ford\u00edthat\u00f3 utalv\u00e1nyt.<\/p>\n<\/div>\n<\/div>\n<div class=\"talalat contsrc_964  szurke line-with-image-container\"><span class=\"line-with-image\"><span class=\"line-with-image-inner\" style=\"background-image:url('https:\/\/stat.hirstart.hu\/image\/20190902\/4857007\/rezsiutalvany_eloszor_a_fovarosban_csonget_a_post-73x73-crop.jpg');background-repeat: no-repeat; background-size: 73.00px auto; width: 73.00px; height: 73.00px\"><\/span><\/span>class=&#8221;line-title-with-image&#8221;&gt;<\/p>\n<div class=\"line-with-image-search-padding\">\n<p class=\"lead\">Megkezd\u0151d\u00f6tt a rezsiutalv\u00e1nyok postai k\u00e9zbes\u00edt\u00e9se a nyugd\u00edjasoknak, els\u0151k\u00e9nt Budapesten. Szeptember 30-ig orsz\u00e1gszerte mintegy 2,6 milli\u00f3an kapnak kilencezer forint \u00f6sszegben g\u00e1z- \u00e9s villanysz\u00e1mla kifizet\u00e9s\u00e9re ford\u00edthat\u00f3 utalv\u00e1nyt.<br \/>\nThe post Rezsiutalv\u00e1ny \u2013 el\u0151sz\u00f6r a f\u0151v\u00e1rosban cs\u00f6nget a post\u00e1s appeared first on Az\u00dczlet.<\/p>\n<\/div>\n<\/div>\n<div class=\"talalat contsrc_691  line-with-image-container\"><span class=\"line-with-image\"><span class=\"line-with-image-inner\" style=\"background-image:url('https:\/\/stat.hirstart.hu\/image\/20190903\/4858915\/2_millio_600_ezer_nyugdijashoz_erkeznek_a_rezsiutalvanyok-73x73-crop.jpg');background-repeat: no-repeat; background-size: 73.00px auto; width: 73.00px; height: 73.00px\"><\/span><\/span>class=&#8221;line-title-with-image&#8221;&gt;<\/p>\n<div class=\"line-with-image-search-padding\">\n<p class=\"lead\">Megkezd\u0151d\u00f6tt a rezsiutalv\u00e1nyok postai k\u00e9zbes\u00edt\u00e9se a nyugd\u00edjasoknak h\u00e9tf\u0151n, szeptember 30-\u00e1ig mintegy 2,6 milli\u00f3an kapnak szem\u00e9lyenk\u00e9nt 9 ezer forint \u00f6sszegben g\u00e1z- \u00e9s villanysz\u00e1mla kifizet\u00e9s\u00e9re ford\u00edthat\u00f3 utalv\u00e1nyt.<\/p>\n<\/div>\n<\/div>\n<div class=\"talalat contsrc_691  szurke line-with-image-container\"><span class=\"line-with-image\"><span class=\"line-with-image-inner\" style=\"background-image:url('https:\/\/stat.hirstart.hu\/image\/20190902\/4856352\/megkezdodott_a_rezsiutalvanyok_kezbesitese-73x73-crop.jpg');background-repeat: no-repeat; background-size: 73.00px auto; width: 73.00px; height: 73.00px\"><\/span><\/span>class=&#8221;line-title-with-image&#8221;&gt;<\/p>\n<div class=\"line-with-image-search-padding\">\n<p class=\"lead\">Megkezd\u0151d\u00f6tt a rezsiutalv\u00e1nyok postai k\u00e9zbes\u00edt\u00e9se a nyugd\u00edjasoknak h\u00e9tf\u0151n, szeptember 30-\u00e1ig mintegy 2,6 milli\u00f3an kapnak szem\u00e9lyenk\u00e9nt 9 ezer forint \u00f6sszegben g\u00e1z- \u00e9s villanysz\u00e1mla kifizet\u00e9s\u00e9re ford\u00edthat\u00f3 utalv\u00e1nyt.<\/p>\n<\/div>\n<\/div>\n<div class=\"talalat contsrc_97  line-with-image-container\"><span class=\"line-with-image\"><span class=\"line-with-image-inner\" style=\"background-image:url('https:\/\/stat.hirstart.hu\/image\/20190902\/4858886\/mar_kezbesitik_a_rezsiutalvanyokat_26_millioan_varjak_a_postast-73x73-crop.jpg');background-repeat: no-repeat; background-size: 73.00px auto; width: 73.00px; height: 73.00px\"><\/span><\/span>class=&#8221;line-title-with-image&#8221;&gt;<\/p>\n<div class=\"line-with-image-search-padding\">\n<p class=\"lead\">Megkezd\u0151d\u00f6tt a rezsiutalv\u00e1nyok postai k\u00e9zbes\u00edt\u00e9se a nyugd\u00edjasoknak h\u00e9tf\u0151n, szeptember 30-\u00e1ig mintegy 2,6 milli\u00f3an kapnak szem\u00e9lyenk\u00e9nt 9 ezer forint \u00f6sszegben g\u00e1z- \u00e9s villanysz\u00e1mla kifizet\u00e9s\u00e9re ford\u00edthat\u00f3 utalv\u00e1nyt. Az els\u0151&#8230;<\/p>\n<\/div>\n<\/div>\n<div class=\"talalat contsrc_97  szurke line-with-image-container\"><span class=\"line-with-image\"><span class=\"line-with-image-inner\" style=\"background-image:url('https:\/\/stat.hirstart.hu\/image\/20190902\/4856484\/igy_hasznalhatjak_fel_a_rezsiutalvanyt_akik_atutalassal_fizetnek-73x73-crop.png');background-repeat: no-repeat; background-size: 73.00px auto; width: 73.00px; height: 73.00px\"><\/span><\/span>class=&#8221;line-title-with-image&#8221;&gt;<\/p>\n<div class=\"line-with-image-search-padding\">\n<p class=\"lead\">M\u00e1sf\u00e9l hete jelentett\u00e9k be, hogy a magyar gazdas\u00e1g j\u00f3 sz\u00e1mai miatt az idei \u00e9vben 9000 forint rezsiutalv\u00e1nyt kapnak a nyugd\u00edjasok szeptember 30-ig. Az\u00f3ta t\u00f6bb r\u00e9szlet der\u00fclt ki a t\u00e1mogat\u00e1ssal kapcsolatban: az utalv\u00e1ny post\u00e1z\u00e1s\u00e1r\u00f3ll&#8230;<\/p>\n<\/div>\n<\/div>\n<div class=\"talalat contsrc_133  \">class=&#8221;&#8221;&gt;<\/p>\n<p class=\"lead\">Megkezd\u0151d\u00f6tt a rezsiutalv\u00e1nyok postai k\u00e9zbes\u00edt\u00e9se a nyugd\u00edjasoknak h\u00e9tf\u0151n, szeptember 30-\u00e1ig mintegy 2,6 milli\u00f3an kapnak szem\u00e9lyenk\u00e9nt 9 ezer forint \u00f6sszegben g\u00e1z- \u00e9s villanysz\u00e1mla kifizet\u00e9s\u00e9re ford\u00edthat\u00f3 utalv\u00e1nyt.<\/p>\n<\/div>\n<div class=\"talalat contsrc_62  szurke line-with-image-container\"><span class=\"line-with-image\"><span class=\"line-with-image-inner\" style=\"background-image:url('https:\/\/stat.hirstart.hu\/image\/20190902\/4857730\/mar_viszik_a_rezsiutalvanyt_itt_van_minden_tudnivalo-73x73-crop.jpg');background-repeat: no-repeat; background-size: 73.00px auto; width: 73.00px; height: 73.00px\"><\/span><\/span>class=&#8221;line-title-with-image&#8221;&gt;<\/p>\n<div class=\"line-with-image-search-padding\">\n<p class=\"lead\">Megkezd\u0151d\u00f6tt a rezsiutalv\u00e1nyok postai k\u00e9zbes\u00edt\u00e9se a nyugd\u00edjasoknak h\u00e9tf\u0151n, szeptember 30-\u00e1ig mintegy 2,6 milli\u00f3an kapnak szem\u00e9lyenk\u00e9nt 9 ezer forint \u00f6sszegben g\u00e1z- \u00e9s villanysz\u00e1mla kifizet\u00e9s\u00e9re ford\u00edthat\u00f3 utalv\u00e1nyt.<\/p>\n<\/div>\n<\/div>\n<div class=\"talalat contsrc_537  \">class=&#8221;&#8221;&gt;<\/p>\n<p class=\"lead\">Megkezd\u0151d\u00f6tt a rezsiutalv\u00e1nyok postai k\u00e9zbes\u00edt\u00e9se a nyugd\u00edjasoknak h\u00e9tf\u0151n, szeptember 30-\u00e1ig mintegy 2,6 milli\u00f3an kapnak szem\u00e9lyenk\u00e9nt 9 ezer forint \u00f6sszegben g\u00e1z- \u00e9s villanysz\u00e1mla kifizet\u00e9s\u00e9re ford\u00edthat\u00f3 utalv\u00e1nyt.<\/p>\n<\/div>\n<div class=\"talalat contsrc_651  szurke line-with-image-container\"><span class=\"line-with-image\"><span class=\"line-with-image-inner\" style=\"background-image:url('https:\/\/stat.hirstart.hu\/image\/20190902\/4857386\/megkezdodott_a_rezsiutalvanyok_kezbesitese_15-73x73-crop.jpg');background-repeat: no-repeat; background-size: 73.00px auto; width: 73.00px; height: 73.00px\"><\/span><\/span>class=&#8221;line-title-with-image&#8221;&gt;<\/p>\n<div class=\"line-with-image-search-padding\">\n<p class=\"lead\">Megkezd\u0151d\u00f6tt a rezsiutalv\u00e1nyok postai k\u00e9zbes\u00edt\u00e9se a nyugd\u00edjasoknak h\u00e9tf\u0151n, szeptember 30-\u00e1ig mintegy 2,6 milli\u00f3an kapnak szem\u00e9lyenk\u00e9nt 9 ezer forint \u00f6sszegben g\u00e1z- \u00e9s villanysz\u00e1mla kifizet\u00e9s\u00e9re ford\u00edthat\u00f3 utalv\u00e1nyt.<\/p>\n<\/div>\n<\/div>\n<div class=\"talalat contsrc_696  \">class=&#8221;&#8221;&gt;<\/p>\n<p class=\"lead\">Megkezd\u0151d\u00f6tt a rezsiutalv\u00e1nyok postai k\u00e9zbes\u00edt\u00e9se a nyugd\u00edjasoknak h\u00e9tf\u0151n, szeptember 30-\u00e1ig mintegy 2,6 milli\u00f3an kapnak szem\u00e9lyenk\u00e9nt 9 ezer forint \u00f6sszegben g\u00e1z- \u00e9s villanysz\u00e1mla kifizet\u00e9s\u00e9re ford\u00edthat\u00f3 utalv\u00e1nyt.<\/p>\n<\/div>\n<div class=\"talalat contsrc_596  szurke line-with-image-container\"><span class=\"line-with-image\"><span class=\"line-with-image-inner\" style=\"background-image:url('https:\/\/stat.hirstart.hu\/image\/20190902\/4856522\/megkezdodott_a_rezsiutalvanyok_kezbesitese_8-73x73-crop.jpg');background-repeat: no-repeat; background-size: 73.00px auto; width: 73.00px; height: 73.00px\"><\/span><\/span>class=&#8221;line-title-with-image&#8221;&gt;<\/p>\n<div class=\"line-with-image-search-padding\">\n<p class=\"lead\">Megkezd\u0151d\u00f6tt a rezsiutalv\u00e1nyok postai k\u00e9zbes\u00edt\u00e9se a nyugd\u00edjasoknak h\u00e9tf\u0151n, szepte<\/p>\n<\/div>\n<\/div>\n<div class=\"talalat contsrc_1080  \">class=&#8221;&#8221;&gt;<\/p>\n<p class=\"lead\">V\u00e9gtelen\u00fcl megal\u00e1z\u00f3nak \u00e9s igazs\u00e1gtalannak tartja a 9 ezer forintos utalv\u00e1nyt a Magyar Szakszervezeti Sz\u00f6vets\u00e9g Nyugd\u00edjas tagozata.\u00a0 M\u00falt h\u00e9ten\u00a0jelentett\u00e9k be, hogy\u00a0az \u00f6regs\u00e9gi nyugd\u00edjban \u00e9s a nyugd\u00edjszer\u0171 ell\u00e1t\u00e1sban r\u00e9szes\u00fcl\u0151k egyszeri 9 ezer forint \u00e9rt\u00e9k\u0171 rezsiutalv\u00e1nyt kapnak, amelyeket 2020. m\u00e1rcius 31-ig haszn\u00e1lhat\u00f3k fel g\u00e1z- \u00e9s\u2026<\/p>\n<\/div>\n<div class=\"talalat contsrc_895  szurke line-with-image-container\"><span class=\"line-with-image\"><span class=\"line-with-image-inner\" style=\"background-image:url('https:\/\/stat.hirstart.hu\/image\/20190902\/4857063\/megkezdodott_a_rezsiutalvanyok_kezbesitese_13-73x73-crop.jpg');background-repeat: no-repeat; background-size: 73.00px auto; width: 73.00px; height: 73.00px\"><\/span><\/span>class=&#8221;line-title-with-image&#8221;&gt;<\/p>\n<div class=\"line-with-image-search-padding\">\n<p class=\"lead\">Megkezd\u0151d\u00f6tt a\u00a0rezsiutalv\u00e1nyok postai k\u00e9zbes\u00edt\u00e9se a nyugd\u00edjasoknak h\u00e9tf\u0151n, szeptember 30-\u00e1ig mintegy 2,6 milli\u00f3an kapnak szem\u00e9lyenk\u00e9nt 9 ezer forint \u00f6sszegben g\u00e1z- \u00e9s villanysz\u00e1mla kifizet\u00e9s\u00e9re ford\u00edthat\u00f3 utalv\u00e1nyt.<\/p>\n<\/div>\n<\/div>\n<div class=\"talalat contsrc_113  \">class=&#8221;&#8221;&gt;<\/p>\n<p class=\"lead\">Megkezd\u0151d\u00f6tt a rezsiutalv\u00e1nyok postai k\u00e9zbes\u00edt\u00e9se a nyugd\u00edjasoknak.<\/p>\n<\/div>\n<div class=\"talalat contsrc_1028  szurke line-with-image-container\"><span class=\"line-with-image\"><span class=\"line-with-image-inner\" style=\"background-image:url('https:\/\/stat.hirstart.hu\/image\/20190902\/4856735\/megkezdodott_a_rezsiutalvanyok_kezbesitese_12-73x73-crop.jpg');background-repeat: no-repeat; background-size: 73.00px auto; width: 73.00px; height: 73.00px\"><\/span><\/span>class=&#8221;line-title-with-image&#8221;&gt;<\/p>\n<div class=\"line-with-image-search-padding\">\n<p class=\"lead\">Megkezd\u0151d\u00f6tt a rezsiutalv\u00e1nyok postai k\u00e9zbes\u00edt\u00e9se a nyugd\u00edjasoknak h\u00e9tf\u0151n, szeptember 30-\u00e1ig mintegy 2,6 milli\u00f3an kapnak szem\u00e9lyenk\u00e9nt 9 ezer forint \u00f6sszegben g\u00e1z- \u00e9s villanysz\u00e1mla kifizet\u00e9s\u00e9re ford\u00edthat\u00f3 utalv\u00e1nyt. Az els\u0151 k\u00e9zbes\u00edt\u00e9st k\u00f6vet\u0151en F\u00f3nagy J\u00e1nos \u00e1llamtitk\u00e1r elmondta, a korm\u00e1ny int\u00e9zked\u00e9se r\u00e9v\u00e9n a nyugd\u00edjasok, nyugd\u00edjszer\u0171\u2026<\/p>\n<\/div>\n<\/div>\n<div class=\"talalat contsrc_581  \">class=&#8221;&#8221;&gt;<\/p>\n<p class=\"lead\">Szeptember 30-\u00e1ig mintegy 2,6 milli\u00f3an kapnak szem\u00e9lyenk\u00e9nt 9 ezer forint \u00f6sszegben g\u00e1z- \u00e9s villanysz\u00e1mla kifizet\u00e9s\u00e9re ford\u00edthat\u00f3 utalv\u00e1nyt.<\/p>\n<\/div>\n<div class=\"talalat contsrc_467  szurke \">class=&#8221;&#8221;&gt;<\/p>\n<p class=\"lead\">Szeptember 30-\u00e1ig mintegy 2,6 milli\u00f3an kapnak szem\u00e9lyenk\u00e9nt 9 ezer forint \u00f6sszegben g\u00e1z- \u00e9s villanysz\u00e1mla kifizet\u00e9s\u00e9re ford\u00edthat\u00f3 utalv\u00e1nyt.<\/p>\n<\/div>\n<div class=\"talalat contsrc_752  line-with-image-container\"><span class=\"line-with-image\"><span class=\"line-with-image-inner\" style=\"background-image:url('https:\/\/stat.hirstart.hu\/image\/20190902\/4856580\/megkezdodott_a_rezsiutalvanyok_postai_kezbesitese_a_nyugdijasoknak-73x73-crop.jpg');background-repeat: no-repeat; background-size: 73.00px auto; width: 73.00px; height: 73.00px\"><\/span><\/span>class=&#8221;line-title-with-image&#8221;&gt;<\/p>\n<div class=\"line-with-image-search-padding\">\n<p class=\"lead\">Megkezd\u0151d\u00f6tt a rezsiutalv\u00e1nyok postai k\u00e9zbes\u00edt\u00e9se a nyugd\u00edjasoknak h\u00e9tf\u0151n, szeptember 30-\u00e1ig mintegy 2,6 milli\u00f3an kapnak szem\u00e9lyenk\u00e9nt 9 ezer forint \u00f6sszegben g\u00e1z- \u00e9s villanysz\u00e1mla kifizet\u00e9s\u00e9re ford\u00edthat\u00f3 utalv\u00e1nyt.<\/p>\n<\/div>\n<\/div>\n<div class=\"talalat contsrc_371  szurke line-with-image-container\"><span class=\"line-with-image\"><span class=\"line-with-image-inner\" style=\"background-image:url('https:\/\/stat.hirstart.hu\/image\/20190902\/4856506\/kezbesitik_a_nyugdijasoknak_a_rezsiutalvanyt-73x73-crop.jpg');background-repeat: no-repeat; background-size: 73.00px auto; width: 73.00px; height: 73.00px\"><\/span><\/span>class=&#8221;line-title-with-image&#8221;&gt;<\/p>\n<div class=\"line-with-image-search-padding\">\n<p class=\"lead\">Az elm\u00falt \u00e9vekben a nyugd\u00edjasok Erzs\u00e9bet-utalv\u00e1ny form\u00e1j\u00e1ban kaptak pluszjuttat\u00e1st, de mivel az Erzs\u00e9bet-utalv\u00e1ny megsz\u0171nt, most 9 ezer forint \u00e9rt\u00e9k\u0171 rezsiutalv\u00e1nyt biztos\u00edt sz\u00e1mukra a korm\u00e1ny.<\/p>\n<\/div>\n<\/div>\n<div class=\"talalat contsrc_1077  line-with-image-container\"><span class=\"line-with-image\"><span class=\"line-with-image-inner\" style=\"background-image:url('https:\/\/stat.hirstart.hu\/image\/20190902\/4856482\/megkezdodott_a_rezsiutalvanyok_kezbesitese_7-73x73-crop.jpg');background-repeat: no-repeat; background-size: 73.00px auto; width: 73.00px; height: 73.00px\"><\/span><\/span>class=&#8221;line-title-with-image&#8221;&gt;<\/p>\n<div class=\"line-with-image-search-padding\">\n<p class=\"lead\">Megkezd\u0151d\u00f6tt a rezsiutalv\u00e1nyok postai k\u00e9zbes\u00edt\u00e9se a nyugd\u00edjasoknak h\u00e9tf\u0151n, szeptember 30-\u00e1ig mintegy 2,6 milli\u00f3an kapnak szem\u00e9lyenk\u00e9nt 9 ezer forint \u00f6sszegben g\u00e1z- \u00e9s villanysz\u00e1mla kifizet\u00e9s\u00e9re ford\u00edthat\u00f3 utalv\u00e1nyt.<\/p>\n<\/div>\n<\/div>\n<div class=\"talalat contsrc_943  szurke line-with-image-container\"><span class=\"line-with-image\"><span class=\"line-with-image-inner\" style=\"background-image:url('https:\/\/stat.hirstart.hu\/image\/20190902\/4856473\/megkezdodott_a_rezsiutalvanyok_kezbesitese_6-73x73-crop.jpg');background-repeat: no-repeat; background-size: 73.00px auto; width: 73.00px; height: 73.00px\"><\/span><\/span>class=&#8221;line-title-with-image&#8221;&gt;<\/p>\n<div class=\"line-with-image-search-padding\">\n<p class=\"lead\">Megkezd\u0151d\u00f6tt a rezsiutalv\u00e1nyok postai k\u00e9zbes\u00edt\u00e9se a nyugd\u00edjasoknak h\u00e9tf\u0151n, szeptember 30-\u00e1ig mintegy 2,6 milli\u00f3an kapnak szem\u00e9lyenk\u00e9nt 9 ezer forint \u00f6sszegben g\u00e1z- \u00e9s villanysz\u00e1mla kifizet\u00e9s\u00e9re ford\u00edthat\u00f3 utalv\u00e1nyt.<\/p>\n<\/div>\n<\/div>\n<div class=\"talalat contsrc_54  line-with-image-container\"><span class=\"line-with-image\"><span class=\"line-with-image-inner\" style=\"background-image:url('https:\/\/stat.hirstart.hu\/image\/20190902\/4856428\/megkezdodott_a_rezsiutalvanyok_kezbesitese_5-73x73-crop.jpg');background-repeat: no-repeat; background-size: 73.00px auto; width: 73.00px; height: 73.00px\"><\/span><\/span>class=&#8221;line-title-with-image&#8221;&gt;<\/p>\n<div class=\"line-with-image-search-padding\">\n<p class=\"lead\">A rezsiutalv\u00e1nyt 2020. m\u00e1rcius 31-\u00e9ig lehet felhaszn\u00e1lni.<\/p>\n<\/div>\n<\/div>\n<div class=\"talalat contsrc_698  szurke line-with-image-container\"><span class=\"line-with-image\"><span class=\"line-with-image-inner\" style=\"background-image:url('https:\/\/stat.hirstart.hu\/image\/20190902\/4856366\/a_kormany_megkezdte_a_rezsiutalvanyok_kezbesiteset-73x73-crop.jpg');background-repeat: no-repeat; background-size: 73.00px auto; width: 73.00px; height: 73.00px\"><\/span><\/span>class=&#8221;line-title-with-image&#8221;&gt;<\/p>\n<div class=\"line-with-image-search-padding\">\n<p class=\"lead\">2,6 milli\u00f3an kapnak 9 ezer forint \u00f6sszegben g\u00e1z- \u00e9s villanysz\u00e1mla kifizet\u00e9s\u00e9re ford\u00edthat\u00f3 utalv\u00e1nyt.<\/p>\n<\/div>\n<\/div>\n<div class=\"talalat contsrc_990  line-with-image-container\"><span class=\"line-with-image\"><span class=\"line-with-image-inner\" style=\"background-image:url('https:\/\/stat.hirstart.hu\/image\/20190902\/4856356\/megkezdodott_a_rezsiutalvanyok_kezbesitese_3-73x73-crop.jpg');background-repeat: no-repeat; background-size: 73.00px auto; width: 73.00px; height: 73.00px\"><\/span><\/span>class=&#8221;line-title-with-image&#8221;&gt;<\/p>\n<div class=\"line-with-image-search-padding\">\n<p class=\"lead\">A rezsiutalv\u00e1nyt 2020. m\u00e1rcius 31-\u00e9ig lehet felhaszn\u00e1lni villanysz\u00e1mla \u00e9s g\u00e1zsz\u00e1mla kiegyenl\u00edt\u00e9s\u00e9re.<\/p>\n<\/div>\n<\/div>\n<div class=\"talalat contsrc_854  szurke line-with-image-container\"><span class=\"line-with-image\"><span class=\"line-with-image-inner\" style=\"background-image:url('https:\/\/stat.hirstart.hu\/image\/20190902\/4856355\/megkezdodott_a_rezsiutalvanyok_kezbesitese_2-73x73-crop.jpg');background-repeat: no-repeat; background-size: 73.00px auto; width: 73.00px; height: 73.00px\"><\/span><\/span>class=&#8221;line-title-with-image&#8221;&gt;<\/p>\n<div class=\"line-with-image-search-padding\">\n<p class=\"lead\">Budapest &#8211; Szeptember 30-\u00e1ig mintegy 2,6 milli\u00f3 nyugd\u00edjas kap 9 ezer forint \u00f6sszegben g\u00e1z- \u00e9s villanysz\u00e1mla kifizet\u00e9s\u00e9re ford\u00edthat\u00f3 utalv\u00e1nyt.<\/p>\n<\/div>\n<\/div>\n<div class=\"talalat contsrc_126  \">class=&#8221;&#8221;&gt;<\/p>\n<p class=\"lead\">A posta szeptember 30-ig k\u00e9zbes\u00edti ki, \u00e9s 2020. m\u00e1rcius 31-ig haszn\u00e1lhat\u00f3k fel g\u00e1z- \u00e9s \u00e1ramsz\u00e1mla fizet\u00e9s\u00e9re.<\/p>\n<\/div>\n<div class=\"talalat contsrc_142  szurke \">class=&#8221;&#8221;&gt;<\/p>\n<p class=\"lead\">Megkezd\u0151d\u00f6tt a rezsiutalv\u00e1nyok postai k\u00e9zbes\u00edt\u00e9se a nyugd\u00edjasoknak h\u00e9tf\u0151n, szeptember 30-\u00e1ig mintegy 2,6 milli\u00f3an kapnak szem\u00e9lyenk\u00e9nt 9 ezer forint \u00f6sszegben g\u00e1z- \u00e9s villanysz\u00e1mla kifizet\u00e9s\u00e9re ford\u00edthat\u00f3 utalv\u00e1nyt.<\/p>\n<\/div>\n<div class=\"talalat contsrc_885  line-with-image-container\"><span class=\"line-with-image\"><span class=\"line-with-image-inner\" style=\"background-image:url('https:\/\/stat.hirstart.hu\/image\/20190902\/4856513\/erkeznek_a_9_ezer_forintos_rezsiutalvanyok-73x73-crop.jpg');background-repeat: no-repeat; background-size: 73.00px auto; width: 73.00px; height: 73.00px\"><\/span><\/span>class=&#8221;line-title-with-image&#8221;&gt;<\/p>\n<div class=\"line-with-image-search-padding\">\n<p class=\"lead\">Megkezd\u0151d\u00f6tt a rezsiutalv\u00e1nyok postai k\u00e9zbes\u00edt\u00e9se a nyugd\u00edjasoknak h\u00e9tf\u0151n, szeptember 30-\u00e1ig mintegy 2,6 milli\u00f3an kapnak szem\u00e9lyenk\u00e9nt 9 ezer forint \u00f6sszegben g\u00e1z- \u00e9s villanysz\u00e1mla kifizet\u00e9s\u00e9re ford\u00edthat\u00f3 utalv\u00e1nyt. Az els\u0151 k\u00e9zbes\u00edt\u00e9st k\u00f6vet\u0151en F\u00f3nagy J\u00e1nos \u00e1llamtitk\u00e1r elmondta, a korm\u00e1ny int\u00e9zked\u00e9se r\u00e9v\u00e9n a nyugd\u00edjasok, nyugd\u00edjszer\u0171\u2026<\/p>\n<\/div>\n<\/div>\n<div class=\"talalat contsrc_1048  szurke line-with-image-container\"><span class=\"line-with-image\"><span class=\"line-with-image-inner\" style=\"background-image:url('https:\/\/stat.hirstart.hu\/image\/20190902\/4856602\/megkezdodott_a_rezsiutalvanyok_kezbesitese_9-73x73-crop.jpg');background-repeat: no-repeat; background-size: 73.00px auto; width: 73.00px; height: 73.00px\"><\/span><\/span>class=&#8221;line-title-with-image&#8221;&gt;<\/p>\n<div class=\"line-with-image-search-padding\">\n<p class=\"lead\">Megkezd\u0151d\u00f6tt a rezsiutalv\u00e1nyok postai k\u00e9zbes\u00edt\u00e9se a nyugd\u00edjasoknak h\u00e9tf\u0151n, szeptember 30-\u00e1ig mintegy 2,6 milli\u00f3an kapnak szem\u00e9lyenk\u00e9nt 9 ezer forint \u00f6sszegben g\u00e1z- &#8230;<\/p>\n<\/div>\n<\/div>\n<\/div>\n<p><script>(function(d, s, id) {\n  var js, fjs = d.getElementsByTagName(s)[0];\n  if (d.getElementById(id)) return;\n  js = d.createElement(s); js.id = id;\n  js.src = \"http:\/\/connect.facebook.net\/hu_HU\/sdk.js#xfbml=1&version=v2.6\";\n  fjs.parentNode.insertBefore(js, fjs);\n}(document, 'script', 'facebook-jssdk'));<\/script><br \/>\n<br \/>[ad_2]<br \/>\n<br \/><a href=\"https:\/\/hirek.oldal.info\/rssclick\/14364437\">Source link <\/a><\/p>\n","protected":false},"excerpt":{"rendered":"<p>[ad_1] Megkezd\u0151d\u00f6tt a rezsiutalv\u00e1nyok postai k\u00e9zbes\u00edt\u00e9se a nyugd\u00edjasoknak h\u00e9tf\u0151n, szeptember 30-\u00e1ig mintegy 2,6 milli\u00f3an kapnak szem\u00e9lyenk\u00e9nt 9 ezer forint \u00f6sszegben g\u00e1z- \u00e9s villanysz\u00e1mla kifizet\u00e9s\u00e9re ford\u00edthat\u00f3 utalv\u00e1nyt. class=&#8221;&#8221;&gt; Megkezd\u0151d\u00f6tt a rezsiutalv\u00e1nyok postai k\u00e9zbes\u00edt\u00e9se a nyugd\u00edjasoknak h\u00e9tf\u0151n, szeptember 30-\u00e1ig mintegy 2,6 milli\u00f3an kapnak szem\u00e9lyenk\u00e9nt 9 ezer forint \u00f6sszegben g\u00e1z- \u00e9s villanysz\u00e1mla kifizet\u00e9s\u00e9re ford\u00edthat\u00f3 utalv\u00e1nyt.\u00a0Az els\u0151 k\u00e9zbes\u00edt\u00e9st k\u00f6vet\u0151en [&hellip;]<\/p>\n","protected":false},"author":2,"featured_media":1550,"comment_status":"open","ping_status":"open","sticky":false,"template":"","format":"standard","meta":{"footnotes":""},"categories":[1],"tags":[],"class_list":["post-1549","post","type-post","status-publish","format-standard","has-post-thumbnail","hentry","category-legujabb-penzugyi-hirek"],"yoast_head":"<!-- This site is optimized with the Yoast SEO plugin v27.4 - https:\/\/yoast.com\/product\/yoast-seo-wordpress\/ -->\n<title>Megkezd\u0151d\u00f6tt a rezsiutalv\u00e1nyok k\u00e9zbes\u00edt\u00e9se - Hot News in World<\/title>\n<meta name=\"robots\" content=\"index, follow, max-snippet:-1, max-image-preview:large, max-video-preview:-1\" \/>\n<link rel=\"canonical\" href=\"https:\/\/hotnewsinworld.com\/hu\/megkezdodott-a-rezsiutalvanyok-kezbesitese\/\" \/>\n<meta property=\"og:locale\" content=\"hu_HU\" \/>\n<meta property=\"og:type\" content=\"article\" \/>\n<meta property=\"og:title\" content=\"Megkezd\u0151d\u00f6tt a rezsiutalv\u00e1nyok k\u00e9zbes\u00edt\u00e9se - Hot News in World\" \/>\n<meta property=\"og:description\" content=\"[ad_1] Megkezd\u0151d\u00f6tt a rezsiutalv\u00e1nyok postai k\u00e9zbes\u00edt\u00e9se a nyugd\u00edjasoknak h\u00e9tf\u0151n, szeptember 30-\u00e1ig mintegy 2,6 milli\u00f3an kapnak szem\u00e9lyenk\u00e9nt 9 ezer forint \u00f6sszegben g\u00e1z- \u00e9s villanysz\u00e1mla kifizet\u00e9s\u00e9re ford\u00edthat\u00f3 utalv\u00e1nyt. class=&#8221;&#8221;&gt; Megkezd\u0151d\u00f6tt a rezsiutalv\u00e1nyok postai k\u00e9zbes\u00edt\u00e9se a nyugd\u00edjasoknak h\u00e9tf\u0151n, szeptember 30-\u00e1ig mintegy 2,6 milli\u00f3an kapnak szem\u00e9lyenk\u00e9nt 9 ezer forint \u00f6sszegben g\u00e1z- \u00e9s villanysz\u00e1mla kifizet\u00e9s\u00e9re ford\u00edthat\u00f3 utalv\u00e1nyt.\u00a0Az els\u0151 k\u00e9zbes\u00edt\u00e9st k\u00f6vet\u0151en [&hellip;]\" \/>\n<meta property=\"og:url\" content=\"https:\/\/hotnewsinworld.com\/hu\/megkezdodott-a-rezsiutalvanyok-kezbesitese\/\" \/>\n<meta property=\"og:site_name\" content=\"Hot News in World\" \/>\n<meta property=\"article:published_time\" content=\"2019-09-03T00:32:30+00:00\" \/>\n<meta property=\"article:modified_time\" content=\"2019-09-03T00:32:31+00:00\" \/>\n<meta property=\"og:image\" content=\"https:\/\/hotnewsinworld.com\/hu\/wp-content\/uploads\/sites\/3\/2019\/09\/Megkezd\u0151d\u00f6tt-a-rezsiutalv\u00e1nyok-k\u00e9zbes\u00edt\u00e9se.jpg\" \/>\n\t<meta property=\"og:image:width\" content=\"600\" \/>\n\t<meta property=\"og:image:height\" content=\"315\" \/>\n\t<meta property=\"og:image:type\" content=\"image\/jpeg\" \/>\n<meta name=\"author\" content=\"hotnewsinworld\" \/>\n<meta name=\"twitter:card\" content=\"summary_large_image\" \/>\n<meta name=\"twitter:label1\" content=\"Szerz\u0151:\" \/>\n\t<meta name=\"twitter:data1\" content=\"hotnewsinworld\" \/>\n\t<meta name=\"twitter:label2\" content=\"Becs\u00fclt olvas\u00e1si id\u0151\" \/>\n\t<meta name=\"twitter:data2\" content=\"7 perc\" \/>\n<script type=\"application\/ld+json\" class=\"yoast-schema-graph\">{\"@context\":\"https:\\\/\\\/schema.org\",\"@graph\":[{\"@type\":\"Article\",\"@id\":\"https:\\\/\\\/hotnewsinworld.com\\\/hu\\\/megkezdodott-a-rezsiutalvanyok-kezbesitese\\\/#article\",\"isPartOf\":{\"@id\":\"https:\\\/\\\/hotnewsinworld.com\\\/hu\\\/megkezdodott-a-rezsiutalvanyok-kezbesitese\\\/\"},\"author\":{\"name\":\"hotnewsinworld\",\"@id\":\"https:\\\/\\\/hotnewsinworld.com\\\/hu\\\/#\\\/schema\\\/person\\\/fe61448b21c0d59086e75fcc1f9d8f6b\"},\"headline\":\"Megkezd\u0151d\u00f6tt a rezsiutalv\u00e1nyok k\u00e9zbes\u00edt\u00e9se\",\"datePublished\":\"2019-09-03T00:32:30+00:00\",\"dateModified\":\"2019-09-03T00:32:31+00:00\",\"mainEntityOfPage\":{\"@id\":\"https:\\\/\\\/hotnewsinworld.com\\\/hu\\\/megkezdodott-a-rezsiutalvanyok-kezbesitese\\\/\"},\"wordCount\":1458,\"commentCount\":0,\"image\":{\"@id\":\"https:\\\/\\\/hotnewsinworld.com\\\/hu\\\/megkezdodott-a-rezsiutalvanyok-kezbesitese\\\/#primaryimage\"},\"thumbnailUrl\":\"https:\\\/\\\/hotnewsinworld.com\\\/hu\\\/wp-content\\\/uploads\\\/sites\\\/3\\\/2019\\\/09\\\/Megkezd\u0151d\u00f6tt-a-rezsiutalv\u00e1nyok-k\u00e9zbes\u00edt\u00e9se.jpg\",\"articleSection\":[\"LEG\u00daJABB P\u00c9NZ\u00dcGYI H\u00cdREK\"],\"inLanguage\":\"hu\",\"potentialAction\":[{\"@type\":\"CommentAction\",\"name\":\"Comment\",\"target\":[\"https:\\\/\\\/hotnewsinworld.com\\\/hu\\\/megkezdodott-a-rezsiutalvanyok-kezbesitese\\\/#respond\"]}]},{\"@type\":\"WebPage\",\"@id\":\"https:\\\/\\\/hotnewsinworld.com\\\/hu\\\/megkezdodott-a-rezsiutalvanyok-kezbesitese\\\/\",\"url\":\"https:\\\/\\\/hotnewsinworld.com\\\/hu\\\/megkezdodott-a-rezsiutalvanyok-kezbesitese\\\/\",\"name\":\"Megkezd\u0151d\u00f6tt a rezsiutalv\u00e1nyok k\u00e9zbes\u00edt\u00e9se - Hot News in World\",\"isPartOf\":{\"@id\":\"https:\\\/\\\/hotnewsinworld.com\\\/hu\\\/#website\"},\"primaryImageOfPage\":{\"@id\":\"https:\\\/\\\/hotnewsinworld.com\\\/hu\\\/megkezdodott-a-rezsiutalvanyok-kezbesitese\\\/#primaryimage\"},\"image\":{\"@id\":\"https:\\\/\\\/hotnewsinworld.com\\\/hu\\\/megkezdodott-a-rezsiutalvanyok-kezbesitese\\\/#primaryimage\"},\"thumbnailUrl\":\"https:\\\/\\\/hotnewsinworld.com\\\/hu\\\/wp-content\\\/uploads\\\/sites\\\/3\\\/2019\\\/09\\\/Megkezd\u0151d\u00f6tt-a-rezsiutalv\u00e1nyok-k\u00e9zbes\u00edt\u00e9se.jpg\",\"datePublished\":\"2019-09-03T00:32:30+00:00\",\"dateModified\":\"2019-09-03T00:32:31+00:00\",\"author\":{\"@id\":\"https:\\\/\\\/hotnewsinworld.com\\\/hu\\\/#\\\/schema\\\/person\\\/fe61448b21c0d59086e75fcc1f9d8f6b\"},\"breadcrumb\":{\"@id\":\"https:\\\/\\\/hotnewsinworld.com\\\/hu\\\/megkezdodott-a-rezsiutalvanyok-kezbesitese\\\/#breadcrumb\"},\"inLanguage\":\"hu\",\"potentialAction\":[{\"@type\":\"ReadAction\",\"target\":[\"https:\\\/\\\/hotnewsinworld.com\\\/hu\\\/megkezdodott-a-rezsiutalvanyok-kezbesitese\\\/\"]}]},{\"@type\":\"ImageObject\",\"inLanguage\":\"hu\",\"@id\":\"https:\\\/\\\/hotnewsinworld.com\\\/hu\\\/megkezdodott-a-rezsiutalvanyok-kezbesitese\\\/#primaryimage\",\"url\":\"https:\\\/\\\/hotnewsinworld.com\\\/hu\\\/wp-content\\\/uploads\\\/sites\\\/3\\\/2019\\\/09\\\/Megkezd\u0151d\u00f6tt-a-rezsiutalv\u00e1nyok-k\u00e9zbes\u00edt\u00e9se.jpg\",\"contentUrl\":\"https:\\\/\\\/hotnewsinworld.com\\\/hu\\\/wp-content\\\/uploads\\\/sites\\\/3\\\/2019\\\/09\\\/Megkezd\u0151d\u00f6tt-a-rezsiutalv\u00e1nyok-k\u00e9zbes\u00edt\u00e9se.jpg\",\"width\":600,\"height\":315,\"caption\":\"Megkezd\u0151d\u00f6tt a rezsiutalv\u00e1nyok k\u00e9zbes\u00edt\u00e9se\"},{\"@type\":\"BreadcrumbList\",\"@id\":\"https:\\\/\\\/hotnewsinworld.com\\\/hu\\\/megkezdodott-a-rezsiutalvanyok-kezbesitese\\\/#breadcrumb\",\"itemListElement\":[{\"@type\":\"ListItem\",\"position\":1,\"name\":\"\u0413\u043b\u0430\u0432\u043d\u0430\u044f \u0441\u0442\u0440\u0430\u043d\u0438\u0446\u0430\",\"item\":\"https:\\\/\\\/hotnewsinworld.com\\\/hu\\\/\"},{\"@type\":\"ListItem\",\"position\":2,\"name\":\"Megkezd\u0151d\u00f6tt a rezsiutalv\u00e1nyok k\u00e9zbes\u00edt\u00e9se\"}]},{\"@type\":\"WebSite\",\"@id\":\"https:\\\/\\\/hotnewsinworld.com\\\/hu\\\/#website\",\"url\":\"https:\\\/\\\/hotnewsinworld.com\\\/hu\\\/\",\"name\":\"Hot News in World\",\"description\":\"Hot News in World from Hungary\",\"potentialAction\":[{\"@type\":\"SearchAction\",\"target\":{\"@type\":\"EntryPoint\",\"urlTemplate\":\"https:\\\/\\\/hotnewsinworld.com\\\/hu\\\/?s={search_term_string}\"},\"query-input\":{\"@type\":\"PropertyValueSpecification\",\"valueRequired\":true,\"valueName\":\"search_term_string\"}}],\"inLanguage\":\"hu\"},{\"@type\":\"Person\",\"@id\":\"https:\\\/\\\/hotnewsinworld.com\\\/hu\\\/#\\\/schema\\\/person\\\/fe61448b21c0d59086e75fcc1f9d8f6b\",\"name\":\"hotnewsinworld\",\"image\":{\"@type\":\"ImageObject\",\"inLanguage\":\"hu\",\"@id\":\"https:\\\/\\\/secure.gravatar.com\\\/avatar\\\/8a09ac165600ce2e1c38fe593c63928eb1e6e7ba5c5a907d67787c41b3d00c14?s=96&d=mm&r=g\",\"url\":\"https:\\\/\\\/secure.gravatar.com\\\/avatar\\\/8a09ac165600ce2e1c38fe593c63928eb1e6e7ba5c5a907d67787c41b3d00c14?s=96&d=mm&r=g\",\"contentUrl\":\"https:\\\/\\\/secure.gravatar.com\\\/avatar\\\/8a09ac165600ce2e1c38fe593c63928eb1e6e7ba5c5a907d67787c41b3d00c14?s=96&d=mm&r=g\",\"caption\":\"hotnewsinworld\"},\"url\":\"https:\\\/\\\/hotnewsinworld.com\\\/hu\\\/author\\\/pt\\\/\"}]}<\/script>\n<!-- \/ Yoast SEO plugin. -->","yoast_head_json":{"title":"Megkezd\u0151d\u00f6tt a rezsiutalv\u00e1nyok k\u00e9zbes\u00edt\u00e9se - Hot News in World","robots":{"index":"index","follow":"follow","max-snippet":"max-snippet:-1","max-image-preview":"max-image-preview:large","max-video-preview":"max-video-preview:-1"},"canonical":"https:\/\/hotnewsinworld.com\/hu\/megkezdodott-a-rezsiutalvanyok-kezbesitese\/","og_locale":"hu_HU","og_type":"article","og_title":"Megkezd\u0151d\u00f6tt a rezsiutalv\u00e1nyok k\u00e9zbes\u00edt\u00e9se - Hot News in World","og_description":"[ad_1] Megkezd\u0151d\u00f6tt a rezsiutalv\u00e1nyok postai k\u00e9zbes\u00edt\u00e9se a nyugd\u00edjasoknak h\u00e9tf\u0151n, szeptember 30-\u00e1ig mintegy 2,6 milli\u00f3an kapnak szem\u00e9lyenk\u00e9nt 9 ezer forint \u00f6sszegben g\u00e1z- \u00e9s villanysz\u00e1mla kifizet\u00e9s\u00e9re ford\u00edthat\u00f3 utalv\u00e1nyt. class=&#8221;&#8221;&gt; Megkezd\u0151d\u00f6tt a rezsiutalv\u00e1nyok postai k\u00e9zbes\u00edt\u00e9se a nyugd\u00edjasoknak h\u00e9tf\u0151n, szeptember 30-\u00e1ig mintegy 2,6 milli\u00f3an kapnak szem\u00e9lyenk\u00e9nt 9 ezer forint \u00f6sszegben g\u00e1z- \u00e9s villanysz\u00e1mla kifizet\u00e9s\u00e9re ford\u00edthat\u00f3 utalv\u00e1nyt.\u00a0Az els\u0151 k\u00e9zbes\u00edt\u00e9st k\u00f6vet\u0151en [&hellip;]","og_url":"https:\/\/hotnewsinworld.com\/hu\/megkezdodott-a-rezsiutalvanyok-kezbesitese\/","og_site_name":"Hot News in World","article_published_time":"2019-09-03T00:32:30+00:00","article_modified_time":"2019-09-03T00:32:31+00:00","og_image":[{"width":600,"height":315,"url":"https:\/\/hotnewsinworld.com\/hu\/wp-content\/uploads\/sites\/3\/2019\/09\/Megkezd\u0151d\u00f6tt-a-rezsiutalv\u00e1nyok-k\u00e9zbes\u00edt\u00e9se.jpg","type":"image\/jpeg"}],"author":"hotnewsinworld","twitter_card":"summary_large_image","twitter_misc":{"Szerz\u0151:":"hotnewsinworld","Becs\u00fclt olvas\u00e1si id\u0151":"7 perc"},"schema":{"@context":"https:\/\/schema.org","@graph":[{"@type":"Article","@id":"https:\/\/hotnewsinworld.com\/hu\/megkezdodott-a-rezsiutalvanyok-kezbesitese\/#article","isPartOf":{"@id":"https:\/\/hotnewsinworld.com\/hu\/megkezdodott-a-rezsiutalvanyok-kezbesitese\/"},"author":{"name":"hotnewsinworld","@id":"https:\/\/hotnewsinworld.com\/hu\/#\/schema\/person\/fe61448b21c0d59086e75fcc1f9d8f6b"},"headline":"Megkezd\u0151d\u00f6tt a rezsiutalv\u00e1nyok k\u00e9zbes\u00edt\u00e9se","datePublished":"2019-09-03T00:32:30+00:00","dateModified":"2019-09-03T00:32:31+00:00","mainEntityOfPage":{"@id":"https:\/\/hotnewsinworld.com\/hu\/megkezdodott-a-rezsiutalvanyok-kezbesitese\/"},"wordCount":1458,"commentCount":0,"image":{"@id":"https:\/\/hotnewsinworld.com\/hu\/megkezdodott-a-rezsiutalvanyok-kezbesitese\/#primaryimage"},"thumbnailUrl":"https:\/\/hotnewsinworld.com\/hu\/wp-content\/uploads\/sites\/3\/2019\/09\/Megkezd\u0151d\u00f6tt-a-rezsiutalv\u00e1nyok-k\u00e9zbes\u00edt\u00e9se.jpg","articleSection":["LEG\u00daJABB P\u00c9NZ\u00dcGYI H\u00cdREK"],"inLanguage":"hu","potentialAction":[{"@type":"CommentAction","name":"Comment","target":["https:\/\/hotnewsinworld.com\/hu\/megkezdodott-a-rezsiutalvanyok-kezbesitese\/#respond"]}]},{"@type":"WebPage","@id":"https:\/\/hotnewsinworld.com\/hu\/megkezdodott-a-rezsiutalvanyok-kezbesitese\/","url":"https:\/\/hotnewsinworld.com\/hu\/megkezdodott-a-rezsiutalvanyok-kezbesitese\/","name":"Megkezd\u0151d\u00f6tt a rezsiutalv\u00e1nyok k\u00e9zbes\u00edt\u00e9se - Hot News in World","isPartOf":{"@id":"https:\/\/hotnewsinworld.com\/hu\/#website"},"primaryImageOfPage":{"@id":"https:\/\/hotnewsinworld.com\/hu\/megkezdodott-a-rezsiutalvanyok-kezbesitese\/#primaryimage"},"image":{"@id":"https:\/\/hotnewsinworld.com\/hu\/megkezdodott-a-rezsiutalvanyok-kezbesitese\/#primaryimage"},"thumbnailUrl":"https:\/\/hotnewsinworld.com\/hu\/wp-content\/uploads\/sites\/3\/2019\/09\/Megkezd\u0151d\u00f6tt-a-rezsiutalv\u00e1nyok-k\u00e9zbes\u00edt\u00e9se.jpg","datePublished":"2019-09-03T00:32:30+00:00","dateModified":"2019-09-03T00:32:31+00:00","author":{"@id":"https:\/\/hotnewsinworld.com\/hu\/#\/schema\/person\/fe61448b21c0d59086e75fcc1f9d8f6b"},"breadcrumb":{"@id":"https:\/\/hotnewsinworld.com\/hu\/megkezdodott-a-rezsiutalvanyok-kezbesitese\/#breadcrumb"},"inLanguage":"hu","potentialAction":[{"@type":"ReadAction","target":["https:\/\/hotnewsinworld.com\/hu\/megkezdodott-a-rezsiutalvanyok-kezbesitese\/"]}]},{"@type":"ImageObject","inLanguage":"hu","@id":"https:\/\/hotnewsinworld.com\/hu\/megkezdodott-a-rezsiutalvanyok-kezbesitese\/#primaryimage","url":"https:\/\/hotnewsinworld.com\/hu\/wp-content\/uploads\/sites\/3\/2019\/09\/Megkezd\u0151d\u00f6tt-a-rezsiutalv\u00e1nyok-k\u00e9zbes\u00edt\u00e9se.jpg","contentUrl":"https:\/\/hotnewsinworld.com\/hu\/wp-content\/uploads\/sites\/3\/2019\/09\/Megkezd\u0151d\u00f6tt-a-rezsiutalv\u00e1nyok-k\u00e9zbes\u00edt\u00e9se.jpg","width":600,"height":315,"caption":"Megkezd\u0151d\u00f6tt a rezsiutalv\u00e1nyok k\u00e9zbes\u00edt\u00e9se"},{"@type":"BreadcrumbList","@id":"https:\/\/hotnewsinworld.com\/hu\/megkezdodott-a-rezsiutalvanyok-kezbesitese\/#breadcrumb","itemListElement":[{"@type":"ListItem","position":1,"name":"\u0413\u043b\u0430\u0432\u043d\u0430\u044f \u0441\u0442\u0440\u0430\u043d\u0438\u0446\u0430","item":"https:\/\/hotnewsinworld.com\/hu\/"},{"@type":"ListItem","position":2,"name":"Megkezd\u0151d\u00f6tt a rezsiutalv\u00e1nyok k\u00e9zbes\u00edt\u00e9se"}]},{"@type":"WebSite","@id":"https:\/\/hotnewsinworld.com\/hu\/#website","url":"https:\/\/hotnewsinworld.com\/hu\/","name":"Hot News in World","description":"Hot News in World from Hungary","potentialAction":[{"@type":"SearchAction","target":{"@type":"EntryPoint","urlTemplate":"https:\/\/hotnewsinworld.com\/hu\/?s={search_term_string}"},"query-input":{"@type":"PropertyValueSpecification","valueRequired":true,"valueName":"search_term_string"}}],"inLanguage":"hu"},{"@type":"Person","@id":"https:\/\/hotnewsinworld.com\/hu\/#\/schema\/person\/fe61448b21c0d59086e75fcc1f9d8f6b","name":"hotnewsinworld","image":{"@type":"ImageObject","inLanguage":"hu","@id":"https:\/\/secure.gravatar.com\/avatar\/8a09ac165600ce2e1c38fe593c63928eb1e6e7ba5c5a907d67787c41b3d00c14?s=96&d=mm&r=g","url":"https:\/\/secure.gravatar.com\/avatar\/8a09ac165600ce2e1c38fe593c63928eb1e6e7ba5c5a907d67787c41b3d00c14?s=96&d=mm&r=g","contentUrl":"https:\/\/secure.gravatar.com\/avatar\/8a09ac165600ce2e1c38fe593c63928eb1e6e7ba5c5a907d67787c41b3d00c14?s=96&d=mm&r=g","caption":"hotnewsinworld"},"url":"https:\/\/hotnewsinworld.com\/hu\/author\/pt\/"}]}},"_links":{"self":[{"href":"https:\/\/hotnewsinworld.com\/hu\/wp-json\/wp\/v2\/posts\/1549","targetHints":{"allow":["GET"]}}],"collection":[{"href":"https:\/\/hotnewsinworld.com\/hu\/wp-json\/wp\/v2\/posts"}],"about":[{"href":"https:\/\/hotnewsinworld.com\/hu\/wp-json\/wp\/v2\/types\/post"}],"author":[{"embeddable":true,"href":"https:\/\/hotnewsinworld.com\/hu\/wp-json\/wp\/v2\/users\/2"}],"replies":[{"embeddable":true,"href":"https:\/\/hotnewsinworld.com\/hu\/wp-json\/wp\/v2\/comments?post=1549"}],"version-history":[{"count":1,"href":"https:\/\/hotnewsinworld.com\/hu\/wp-json\/wp\/v2\/posts\/1549\/revisions"}],"predecessor-version":[{"id":1551,"href":"https:\/\/hotnewsinworld.com\/hu\/wp-json\/wp\/v2\/posts\/1549\/revisions\/1551"}],"wp:featuredmedia":[{"embeddable":true,"href":"https:\/\/hotnewsinworld.com\/hu\/wp-json\/wp\/v2\/media\/1550"}],"wp:attachment":[{"href":"https:\/\/hotnewsinworld.com\/hu\/wp-json\/wp\/v2\/media?parent=1549"}],"wp:term":[{"taxonomy":"category","embeddable":true,"href":"https:\/\/hotnewsinworld.com\/hu\/wp-json\/wp\/v2\/categories?post=1549"},{"taxonomy":"post_tag","embeddable":true,"href":"https:\/\/hotnewsinworld.com\/hu\/wp-json\/wp\/v2\/tags?post=1549"}],"curies":[{"name":"wp","href":"https:\/\/api.w.org\/{rel}","templated":true}]}}