{"id":1560,"date":"2019-09-03T09:13:51","date_gmt":"2019-09-03T06:13:51","guid":{"rendered":"https:\/\/hotnewsinworld.com\/hu\/unios-biralojat-latja-vendegul-orban-viktor\/"},"modified":"2019-09-03T09:13:52","modified_gmt":"2019-09-03T06:13:52","slug":"unios-biralojat-latja-vendegul-orban-viktor","status":"publish","type":"post","link":"https:\/\/hotnewsinworld.com\/hu\/unios-biralojat-latja-vendegul-orban-viktor\/","title":{"rendered":"Uni\u00f3s b\u00edr\u00e1l\u00f3j\u00e1t l\u00e1tja vend\u00e9g\u00fcl Orb\u00e1n Viktor"},"content":{"rendered":"<p> [ad_1]<br \/>\n<\/p>\n<p>2019. szeptember 3. 07:56<\/p>\n<p>\n            Szeptember 30-\u00e1n tal\u00e1lkozik egym\u00e1ssal a magyar \u00e9s a finn korm\u00e1nyf\u0151.\n        <\/p>\n<div>\n<p>Szeptember 30-\u00e1n Budapestre l\u00e1togat az Eur\u00f3pai Uni\u00f3 soros eln\u00f6ks\u00e9g\u00e9t bet\u00f6lt\u0151 Finnorsz\u00e1g minisztereln\u00f6ke &#8211; t\u00e1j\u00e9koztatta az MTI-t Havasi Bertalan, Orb\u00e1n Viktor sajt\u00f3f\u0151n\u00f6ke h\u00e9tf\u0151n. Antti Rinne szoci\u00e1ldemokrata korm\u00e1nyf\u0151t Orb\u00e1n munkal\u00e1togat\u00e1s keret\u00e9ben fogadja majd a Karmelita kolostorban, t\u00e1rgyal\u00e1sukat k\u00f6vet\u0151en pedig sajt\u00f3t\u00e1j\u00e9koztat\u00f3t tartanak \u2013 sz\u00e1mol be az MTI-re hivatkozva az Euronews.<\/p>\n<p>Ismeretes, a uni\u00f3s tag\u00e1llam k\u00f6z\u00f6tt n\u00e9mi diplom\u00e1ciai fesz\u00fclts\u00e9g volt megfigyelhet\u0151 az elm\u00falt id\u0151szakban, mivel a magyar korm\u00e1ny nehezm\u00e9nyezi, hogy a finnek az EU soros eln\u00f6kek\u00e9nt ter\u00edt\u00e9kre venn\u00e9k a magyar jog\u00e1llamis\u00e1g helyzet\u00e9t is.<img decoding=\"async\" src=\"https:\/\/hotnewsinworld.com\/hu\/wp-content\/uploads\/sites\/3\/2019\/05\/Bangone-ot-legemlekezetesebb-villanasa-Mandiner.gif\" id=\"ga2\" class=\"ga_img\" \/><\/p>\n<p>Az \u00faj uni\u00f3s k\u00f6lts\u00e9gvet\u00e9ssel p\u00e1rhuzamosan t\u00e9nyleg dolgoznak azon sajt\u00f3inform\u00e1ci\u00f3k szerint, hogy a jog\u00e1llamis\u00e1ghoz k\u00f6ss\u00e9k az EU-s p\u00e9nzeket. <em>\u201eMagyarorsz\u00e1g, Lengyelorsz\u00e1g \u00e9s a t\u00f6bbi, a jog\u00e1llamis\u00e1got megs\u00e9rt\u0151 tag\u00e1llam tiszt\u00e1ban lesz azzal, hogy cselekedetei hat\u00e1ssal lesznek az uni\u00f3s kifizet\u00e9sekre is. Az eml\u00edtett k\u00e9t orsz\u00e1g eset\u00e9ben a koh\u00e9zi\u00f3s alapokon kereszt\u00fcl az uni\u00f3s finansz\u00edroz\u00e1s kifejezetten jelent\u0151s \u00f6sszeget tett ki\u201d<\/em> \u2013 mondta akkor Antti Rinne finn korm\u00e1nyf\u0151.<\/p>\n<p>Kov\u00e1cs Zolt\u00e1n \u00e1llamtitk\u00e1r \u00e9s Orb\u00e1n Viktor minisztereln\u00f6k is t\u00f6bbsz\u00f6r t\u00e1madta m\u00e1r a finn korm\u00e1nyt: a korm\u00e1nyf\u0151 legut\u00f3bb Tusn\u00e1df\u00fcrd\u0151n besz\u00e9lt arr\u00f3l, hogy Finnorsz\u00e1gnak m\u00e9g alkotm\u00e1nyb\u00edr\u00f3s\u00e1ga sincs, az alkotm\u00e1ny v\u00e9delm\u00e9t a parlament egy bizotts\u00e1ga l\u00e1tja el. <em>\u201eK\u00e9pzelj\u00e9k el, amikor a magyar jog\u00e1llamis\u00e1gban mi egyszer csak azt mondan\u00e1nk, f\u00f6lsz\u00e1moljuk az Alkotm\u00e1nyb\u00edr\u00f3s\u00e1got, \u00e9s a parlament alkotm\u00e1ny\u00fcgyi bizotts\u00e1ga gyakorolja a normakontrollt. Ez a helyzet k\u00f6r\u00fclbel\u00fcl Finnorsz\u00e1gban.\u201d<\/em><\/p>\n<p>A finn korm\u00e1ny sz\u00f3viv\u0151je kor\u00e1bban \u00fagy nyilatkozott, hogy a magyar r\u00e9szr\u0151l Finnorsz\u00e1g ellen int\u00e9zett t\u00e1mad\u00e1sok nem akad\u00e1lyozz\u00e1k meg, hogy tov\u00e1bbvigy\u00e9k a jog\u00e1llamis\u00e1got \u00e9rint\u0151 elj\u00e1r\u00e1st. <em>\u201eA finn uni\u00f3s eln\u00f6ks\u00e9g szerint Magyarorsz\u00e1gnak joga van ahhoz, hogy meghallgass\u00e1k.\u201d<\/em>\u00a0A finnek szerint ez lenne Magyarorsz\u00e1g \u00e9rdeke is.<\/p>\n<p>A budapesti\u00a0volt finn nagyk\u00f6vet Orb\u00e1n besz\u00e9de ut\u00e1n v\u00e9lem\u00e9nycikket \u00edrt egy finn napilapban, melyben t\u00f6bbek k\u00f6zt az \u00e1ll\u00edtotta, hogy <em>\u201eMagyarorsz\u00e1g az egyik legkorruptabb orsz\u00e1g az Uni\u00f3ban&#8221;.<\/em><\/p>\n<\/p><\/div>\n<p><script>\n!function(f,b,e,v,n,t,s)\n{if(f.fbq)return;n=f.fbq=function(){n.callMethod?\nn.callMethod.apply(n,arguments):n.queue.push(arguments)};\nif(!f._fbq)f._fbq=n;n.push=n;n.loaded=!0;n.version='2.0';\nn.queue=[];t=b.createElement(e);t.async=!0;\nt.src=v;s=b.getElementsByTagName(e)[0];\ns.parentNode.insertBefore(t,s)}(window,document,'script',\n'https:\/\/connect.facebook.net\/en_US\/fbevents.js');\n fbq('init', '477066539334141');\nfbq('track', 'PageView');<\/p>\n<p>fbq('track', 'ViewContent');\n<\/script><script>(function(d, s, id) {\n  var js, fjs = d.getElementsByTagName(s)[0];\n  if (d.getElementById(id)) return;\n  js = d.createElement(s); js.id = id;\n  js.src = 'https:\/\/connect.facebook.net\/hu_HU\/sdk.js#xfbml=1&version=v3.0&appId=279311132096749&autoLogAppEvents=1';\n  fjs.parentNode.insertBefore(js, fjs);\n}(document, 'script', 'facebook-jssdk'));<\/script><script>(function(d, s, id) {\n  var js, fjs = d.getElementsByTagName(s)[0];\n  if (d.getElementById(id)) return;\n  js = d.createElement(s); js.id = id;\n  js.src = \"http:\/\/connect.facebook.net\/hu_HU\/sdk.js#xfbml=1&version=v2.3&appId=279311132096749\";\n  fjs.parentNode.insertBefore(js, fjs);\n}(document, 'script', 'facebook-jssdk'));<\/script><br \/>\n<br \/>[ad_2]<br \/>\n<br \/><a href=\"https:\/\/hirek.oldal.info\/rssclick\/14364818\">Source link <\/a><\/p>\n","protected":false},"excerpt":{"rendered":"<p>[ad_1] 2019. szeptember 3. 07:56 Szeptember 30-\u00e1n tal\u00e1lkozik egym\u00e1ssal a magyar \u00e9s a finn korm\u00e1nyf\u0151. Szeptember 30-\u00e1n Budapestre l\u00e1togat az Eur\u00f3pai Uni\u00f3 soros eln\u00f6ks\u00e9g\u00e9t bet\u00f6lt\u0151 Finnorsz\u00e1g minisztereln\u00f6ke &#8211; t\u00e1j\u00e9koztatta az MTI-t Havasi Bertalan, Orb\u00e1n Viktor sajt\u00f3f\u0151n\u00f6ke h\u00e9tf\u0151n. Antti Rinne szoci\u00e1ldemokrata korm\u00e1nyf\u0151t Orb\u00e1n munkal\u00e1togat\u00e1s keret\u00e9ben fogadja majd a Karmelita kolostorban, t\u00e1rgyal\u00e1sukat k\u00f6vet\u0151en pedig sajt\u00f3t\u00e1j\u00e9koztat\u00f3t tartanak \u2013 [&hellip;]<\/p>\n","protected":false},"author":2,"featured_media":69,"comment_status":"open","ping_status":"open","sticky":false,"template":"","format":"standard","meta":{"footnotes":""},"categories":[1],"tags":[],"class_list":["post-1560","post","type-post","status-publish","format-standard","has-post-thumbnail","hentry","category-legujabb-penzugyi-hirek"],"yoast_head":"<!-- This site is optimized with the Yoast SEO plugin v27.4 - https:\/\/yoast.com\/product\/yoast-seo-wordpress\/ -->\n<title>Uni\u00f3s b\u00edr\u00e1l\u00f3j\u00e1t l\u00e1tja vend\u00e9g\u00fcl Orb\u00e1n Viktor - Hot News in World<\/title>\n<meta name=\"robots\" content=\"index, follow, max-snippet:-1, max-image-preview:large, max-video-preview:-1\" \/>\n<link rel=\"canonical\" href=\"https:\/\/hotnewsinworld.com\/hu\/unios-biralojat-latja-vendegul-orban-viktor\/\" \/>\n<meta property=\"og:locale\" content=\"hu_HU\" \/>\n<meta property=\"og:type\" content=\"article\" \/>\n<meta property=\"og:title\" content=\"Uni\u00f3s b\u00edr\u00e1l\u00f3j\u00e1t l\u00e1tja vend\u00e9g\u00fcl Orb\u00e1n Viktor - Hot News in World\" \/>\n<meta property=\"og:description\" content=\"[ad_1] 2019. szeptember 3. 07:56 Szeptember 30-\u00e1n tal\u00e1lkozik egym\u00e1ssal a magyar \u00e9s a finn korm\u00e1nyf\u0151. Szeptember 30-\u00e1n Budapestre l\u00e1togat az Eur\u00f3pai Uni\u00f3 soros eln\u00f6ks\u00e9g\u00e9t bet\u00f6lt\u0151 Finnorsz\u00e1g minisztereln\u00f6ke &#8211; t\u00e1j\u00e9koztatta az MTI-t Havasi Bertalan, Orb\u00e1n Viktor sajt\u00f3f\u0151n\u00f6ke h\u00e9tf\u0151n. Antti Rinne szoci\u00e1ldemokrata korm\u00e1nyf\u0151t Orb\u00e1n munkal\u00e1togat\u00e1s keret\u00e9ben fogadja majd a Karmelita kolostorban, t\u00e1rgyal\u00e1sukat k\u00f6vet\u0151en pedig sajt\u00f3t\u00e1j\u00e9koztat\u00f3t tartanak \u2013 [&hellip;]\" \/>\n<meta property=\"og:url\" content=\"https:\/\/hotnewsinworld.com\/hu\/unios-biralojat-latja-vendegul-orban-viktor\/\" \/>\n<meta property=\"og:site_name\" content=\"Hot News in World\" \/>\n<meta property=\"article:published_time\" content=\"2019-09-03T06:13:51+00:00\" \/>\n<meta property=\"article:modified_time\" content=\"2019-09-03T06:13:52+00:00\" \/>\n<meta property=\"og:image\" content=\"https:\/\/hotnewsinworld.com\/hu\/wp-content\/uploads\/sites\/3\/2019\/05\/Bang\u00f3n\u00e9-\u00f6t-legeml\u00e9kezetesebb-villan\u00e1sa-Mandiner.gif\" \/>\n\t<meta property=\"og:image:width\" content=\"2\" \/>\n\t<meta property=\"og:image:height\" content=\"2\" \/>\n\t<meta property=\"og:image:type\" content=\"image\/gif\" \/>\n<meta name=\"author\" content=\"hotnewsinworld\" \/>\n<meta name=\"twitter:card\" content=\"summary_large_image\" \/>\n<meta name=\"twitter:label1\" content=\"Szerz\u0151:\" \/>\n\t<meta name=\"twitter:data1\" content=\"hotnewsinworld\" \/>\n\t<meta name=\"twitter:label2\" content=\"Becs\u00fclt olvas\u00e1si id\u0151\" \/>\n\t<meta name=\"twitter:data2\" content=\"2 perc\" \/>\n<script type=\"application\/ld+json\" class=\"yoast-schema-graph\">{\"@context\":\"https:\\\/\\\/schema.org\",\"@graph\":[{\"@type\":\"Article\",\"@id\":\"https:\\\/\\\/hotnewsinworld.com\\\/hu\\\/unios-biralojat-latja-vendegul-orban-viktor\\\/#article\",\"isPartOf\":{\"@id\":\"https:\\\/\\\/hotnewsinworld.com\\\/hu\\\/unios-biralojat-latja-vendegul-orban-viktor\\\/\"},\"author\":{\"name\":\"hotnewsinworld\",\"@id\":\"https:\\\/\\\/hotnewsinworld.com\\\/hu\\\/#\\\/schema\\\/person\\\/fe61448b21c0d59086e75fcc1f9d8f6b\"},\"headline\":\"Uni\u00f3s b\u00edr\u00e1l\u00f3j\u00e1t l\u00e1tja vend\u00e9g\u00fcl Orb\u00e1n Viktor\",\"datePublished\":\"2019-09-03T06:13:51+00:00\",\"dateModified\":\"2019-09-03T06:13:52+00:00\",\"mainEntityOfPage\":{\"@id\":\"https:\\\/\\\/hotnewsinworld.com\\\/hu\\\/unios-biralojat-latja-vendegul-orban-viktor\\\/\"},\"wordCount\":474,\"commentCount\":0,\"image\":{\"@id\":\"https:\\\/\\\/hotnewsinworld.com\\\/hu\\\/unios-biralojat-latja-vendegul-orban-viktor\\\/#primaryimage\"},\"thumbnailUrl\":\"https:\\\/\\\/hotnewsinworld.com\\\/hu\\\/wp-content\\\/uploads\\\/sites\\\/3\\\/2019\\\/05\\\/Bang\u00f3n\u00e9-\u00f6t-legeml\u00e9kezetesebb-villan\u00e1sa-Mandiner.gif\",\"articleSection\":[\"LEG\u00daJABB P\u00c9NZ\u00dcGYI H\u00cdREK\"],\"inLanguage\":\"hu\",\"potentialAction\":[{\"@type\":\"CommentAction\",\"name\":\"Comment\",\"target\":[\"https:\\\/\\\/hotnewsinworld.com\\\/hu\\\/unios-biralojat-latja-vendegul-orban-viktor\\\/#respond\"]}]},{\"@type\":\"WebPage\",\"@id\":\"https:\\\/\\\/hotnewsinworld.com\\\/hu\\\/unios-biralojat-latja-vendegul-orban-viktor\\\/\",\"url\":\"https:\\\/\\\/hotnewsinworld.com\\\/hu\\\/unios-biralojat-latja-vendegul-orban-viktor\\\/\",\"name\":\"Uni\u00f3s b\u00edr\u00e1l\u00f3j\u00e1t l\u00e1tja vend\u00e9g\u00fcl Orb\u00e1n Viktor - Hot News in World\",\"isPartOf\":{\"@id\":\"https:\\\/\\\/hotnewsinworld.com\\\/hu\\\/#website\"},\"primaryImageOfPage\":{\"@id\":\"https:\\\/\\\/hotnewsinworld.com\\\/hu\\\/unios-biralojat-latja-vendegul-orban-viktor\\\/#primaryimage\"},\"image\":{\"@id\":\"https:\\\/\\\/hotnewsinworld.com\\\/hu\\\/unios-biralojat-latja-vendegul-orban-viktor\\\/#primaryimage\"},\"thumbnailUrl\":\"https:\\\/\\\/hotnewsinworld.com\\\/hu\\\/wp-content\\\/uploads\\\/sites\\\/3\\\/2019\\\/05\\\/Bang\u00f3n\u00e9-\u00f6t-legeml\u00e9kezetesebb-villan\u00e1sa-Mandiner.gif\",\"datePublished\":\"2019-09-03T06:13:51+00:00\",\"dateModified\":\"2019-09-03T06:13:52+00:00\",\"author\":{\"@id\":\"https:\\\/\\\/hotnewsinworld.com\\\/hu\\\/#\\\/schema\\\/person\\\/fe61448b21c0d59086e75fcc1f9d8f6b\"},\"breadcrumb\":{\"@id\":\"https:\\\/\\\/hotnewsinworld.com\\\/hu\\\/unios-biralojat-latja-vendegul-orban-viktor\\\/#breadcrumb\"},\"inLanguage\":\"hu\",\"potentialAction\":[{\"@type\":\"ReadAction\",\"target\":[\"https:\\\/\\\/hotnewsinworld.com\\\/hu\\\/unios-biralojat-latja-vendegul-orban-viktor\\\/\"]}]},{\"@type\":\"ImageObject\",\"inLanguage\":\"hu\",\"@id\":\"https:\\\/\\\/hotnewsinworld.com\\\/hu\\\/unios-biralojat-latja-vendegul-orban-viktor\\\/#primaryimage\",\"url\":\"https:\\\/\\\/hotnewsinworld.com\\\/hu\\\/wp-content\\\/uploads\\\/sites\\\/3\\\/2019\\\/05\\\/Bang\u00f3n\u00e9-\u00f6t-legeml\u00e9kezetesebb-villan\u00e1sa-Mandiner.gif\",\"contentUrl\":\"https:\\\/\\\/hotnewsinworld.com\\\/hu\\\/wp-content\\\/uploads\\\/sites\\\/3\\\/2019\\\/05\\\/Bang\u00f3n\u00e9-\u00f6t-legeml\u00e9kezetesebb-villan\u00e1sa-Mandiner.gif\",\"width\":2,\"height\":2,\"caption\":\"Bang\u00f3n\u00e9 \u00f6t legeml\u00e9kezetesebb villan\u00e1sa | Mandiner\"},{\"@type\":\"BreadcrumbList\",\"@id\":\"https:\\\/\\\/hotnewsinworld.com\\\/hu\\\/unios-biralojat-latja-vendegul-orban-viktor\\\/#breadcrumb\",\"itemListElement\":[{\"@type\":\"ListItem\",\"position\":1,\"name\":\"\u0413\u043b\u0430\u0432\u043d\u0430\u044f \u0441\u0442\u0440\u0430\u043d\u0438\u0446\u0430\",\"item\":\"https:\\\/\\\/hotnewsinworld.com\\\/hu\\\/\"},{\"@type\":\"ListItem\",\"position\":2,\"name\":\"Uni\u00f3s b\u00edr\u00e1l\u00f3j\u00e1t l\u00e1tja vend\u00e9g\u00fcl Orb\u00e1n Viktor\"}]},{\"@type\":\"WebSite\",\"@id\":\"https:\\\/\\\/hotnewsinworld.com\\\/hu\\\/#website\",\"url\":\"https:\\\/\\\/hotnewsinworld.com\\\/hu\\\/\",\"name\":\"Hot News in World\",\"description\":\"Hot News in World from Hungary\",\"potentialAction\":[{\"@type\":\"SearchAction\",\"target\":{\"@type\":\"EntryPoint\",\"urlTemplate\":\"https:\\\/\\\/hotnewsinworld.com\\\/hu\\\/?s={search_term_string}\"},\"query-input\":{\"@type\":\"PropertyValueSpecification\",\"valueRequired\":true,\"valueName\":\"search_term_string\"}}],\"inLanguage\":\"hu\"},{\"@type\":\"Person\",\"@id\":\"https:\\\/\\\/hotnewsinworld.com\\\/hu\\\/#\\\/schema\\\/person\\\/fe61448b21c0d59086e75fcc1f9d8f6b\",\"name\":\"hotnewsinworld\",\"image\":{\"@type\":\"ImageObject\",\"inLanguage\":\"hu\",\"@id\":\"https:\\\/\\\/secure.gravatar.com\\\/avatar\\\/8a09ac165600ce2e1c38fe593c63928eb1e6e7ba5c5a907d67787c41b3d00c14?s=96&d=mm&r=g\",\"url\":\"https:\\\/\\\/secure.gravatar.com\\\/avatar\\\/8a09ac165600ce2e1c38fe593c63928eb1e6e7ba5c5a907d67787c41b3d00c14?s=96&d=mm&r=g\",\"contentUrl\":\"https:\\\/\\\/secure.gravatar.com\\\/avatar\\\/8a09ac165600ce2e1c38fe593c63928eb1e6e7ba5c5a907d67787c41b3d00c14?s=96&d=mm&r=g\",\"caption\":\"hotnewsinworld\"},\"url\":\"https:\\\/\\\/hotnewsinworld.com\\\/hu\\\/author\\\/pt\\\/\"}]}<\/script>\n<!-- \/ Yoast SEO plugin. -->","yoast_head_json":{"title":"Uni\u00f3s b\u00edr\u00e1l\u00f3j\u00e1t l\u00e1tja vend\u00e9g\u00fcl Orb\u00e1n Viktor - Hot News in World","robots":{"index":"index","follow":"follow","max-snippet":"max-snippet:-1","max-image-preview":"max-image-preview:large","max-video-preview":"max-video-preview:-1"},"canonical":"https:\/\/hotnewsinworld.com\/hu\/unios-biralojat-latja-vendegul-orban-viktor\/","og_locale":"hu_HU","og_type":"article","og_title":"Uni\u00f3s b\u00edr\u00e1l\u00f3j\u00e1t l\u00e1tja vend\u00e9g\u00fcl Orb\u00e1n Viktor - Hot News in World","og_description":"[ad_1] 2019. szeptember 3. 07:56 Szeptember 30-\u00e1n tal\u00e1lkozik egym\u00e1ssal a magyar \u00e9s a finn korm\u00e1nyf\u0151. Szeptember 30-\u00e1n Budapestre l\u00e1togat az Eur\u00f3pai Uni\u00f3 soros eln\u00f6ks\u00e9g\u00e9t bet\u00f6lt\u0151 Finnorsz\u00e1g minisztereln\u00f6ke &#8211; t\u00e1j\u00e9koztatta az MTI-t Havasi Bertalan, Orb\u00e1n Viktor sajt\u00f3f\u0151n\u00f6ke h\u00e9tf\u0151n. Antti Rinne szoci\u00e1ldemokrata korm\u00e1nyf\u0151t Orb\u00e1n munkal\u00e1togat\u00e1s keret\u00e9ben fogadja majd a Karmelita kolostorban, t\u00e1rgyal\u00e1sukat k\u00f6vet\u0151en pedig sajt\u00f3t\u00e1j\u00e9koztat\u00f3t tartanak \u2013 [&hellip;]","og_url":"https:\/\/hotnewsinworld.com\/hu\/unios-biralojat-latja-vendegul-orban-viktor\/","og_site_name":"Hot News in World","article_published_time":"2019-09-03T06:13:51+00:00","article_modified_time":"2019-09-03T06:13:52+00:00","og_image":[{"width":2,"height":2,"url":"https:\/\/hotnewsinworld.com\/hu\/wp-content\/uploads\/sites\/3\/2019\/05\/Bang\u00f3n\u00e9-\u00f6t-legeml\u00e9kezetesebb-villan\u00e1sa-Mandiner.gif","type":"image\/gif"}],"author":"hotnewsinworld","twitter_card":"summary_large_image","twitter_misc":{"Szerz\u0151:":"hotnewsinworld","Becs\u00fclt olvas\u00e1si id\u0151":"2 perc"},"schema":{"@context":"https:\/\/schema.org","@graph":[{"@type":"Article","@id":"https:\/\/hotnewsinworld.com\/hu\/unios-biralojat-latja-vendegul-orban-viktor\/#article","isPartOf":{"@id":"https:\/\/hotnewsinworld.com\/hu\/unios-biralojat-latja-vendegul-orban-viktor\/"},"author":{"name":"hotnewsinworld","@id":"https:\/\/hotnewsinworld.com\/hu\/#\/schema\/person\/fe61448b21c0d59086e75fcc1f9d8f6b"},"headline":"Uni\u00f3s b\u00edr\u00e1l\u00f3j\u00e1t l\u00e1tja vend\u00e9g\u00fcl Orb\u00e1n Viktor","datePublished":"2019-09-03T06:13:51+00:00","dateModified":"2019-09-03T06:13:52+00:00","mainEntityOfPage":{"@id":"https:\/\/hotnewsinworld.com\/hu\/unios-biralojat-latja-vendegul-orban-viktor\/"},"wordCount":474,"commentCount":0,"image":{"@id":"https:\/\/hotnewsinworld.com\/hu\/unios-biralojat-latja-vendegul-orban-viktor\/#primaryimage"},"thumbnailUrl":"https:\/\/hotnewsinworld.com\/hu\/wp-content\/uploads\/sites\/3\/2019\/05\/Bang\u00f3n\u00e9-\u00f6t-legeml\u00e9kezetesebb-villan\u00e1sa-Mandiner.gif","articleSection":["LEG\u00daJABB P\u00c9NZ\u00dcGYI H\u00cdREK"],"inLanguage":"hu","potentialAction":[{"@type":"CommentAction","name":"Comment","target":["https:\/\/hotnewsinworld.com\/hu\/unios-biralojat-latja-vendegul-orban-viktor\/#respond"]}]},{"@type":"WebPage","@id":"https:\/\/hotnewsinworld.com\/hu\/unios-biralojat-latja-vendegul-orban-viktor\/","url":"https:\/\/hotnewsinworld.com\/hu\/unios-biralojat-latja-vendegul-orban-viktor\/","name":"Uni\u00f3s b\u00edr\u00e1l\u00f3j\u00e1t l\u00e1tja vend\u00e9g\u00fcl Orb\u00e1n Viktor - Hot News in World","isPartOf":{"@id":"https:\/\/hotnewsinworld.com\/hu\/#website"},"primaryImageOfPage":{"@id":"https:\/\/hotnewsinworld.com\/hu\/unios-biralojat-latja-vendegul-orban-viktor\/#primaryimage"},"image":{"@id":"https:\/\/hotnewsinworld.com\/hu\/unios-biralojat-latja-vendegul-orban-viktor\/#primaryimage"},"thumbnailUrl":"https:\/\/hotnewsinworld.com\/hu\/wp-content\/uploads\/sites\/3\/2019\/05\/Bang\u00f3n\u00e9-\u00f6t-legeml\u00e9kezetesebb-villan\u00e1sa-Mandiner.gif","datePublished":"2019-09-03T06:13:51+00:00","dateModified":"2019-09-03T06:13:52+00:00","author":{"@id":"https:\/\/hotnewsinworld.com\/hu\/#\/schema\/person\/fe61448b21c0d59086e75fcc1f9d8f6b"},"breadcrumb":{"@id":"https:\/\/hotnewsinworld.com\/hu\/unios-biralojat-latja-vendegul-orban-viktor\/#breadcrumb"},"inLanguage":"hu","potentialAction":[{"@type":"ReadAction","target":["https:\/\/hotnewsinworld.com\/hu\/unios-biralojat-latja-vendegul-orban-viktor\/"]}]},{"@type":"ImageObject","inLanguage":"hu","@id":"https:\/\/hotnewsinworld.com\/hu\/unios-biralojat-latja-vendegul-orban-viktor\/#primaryimage","url":"https:\/\/hotnewsinworld.com\/hu\/wp-content\/uploads\/sites\/3\/2019\/05\/Bang\u00f3n\u00e9-\u00f6t-legeml\u00e9kezetesebb-villan\u00e1sa-Mandiner.gif","contentUrl":"https:\/\/hotnewsinworld.com\/hu\/wp-content\/uploads\/sites\/3\/2019\/05\/Bang\u00f3n\u00e9-\u00f6t-legeml\u00e9kezetesebb-villan\u00e1sa-Mandiner.gif","width":2,"height":2,"caption":"Bang\u00f3n\u00e9 \u00f6t legeml\u00e9kezetesebb villan\u00e1sa | Mandiner"},{"@type":"BreadcrumbList","@id":"https:\/\/hotnewsinworld.com\/hu\/unios-biralojat-latja-vendegul-orban-viktor\/#breadcrumb","itemListElement":[{"@type":"ListItem","position":1,"name":"\u0413\u043b\u0430\u0432\u043d\u0430\u044f \u0441\u0442\u0440\u0430\u043d\u0438\u0446\u0430","item":"https:\/\/hotnewsinworld.com\/hu\/"},{"@type":"ListItem","position":2,"name":"Uni\u00f3s b\u00edr\u00e1l\u00f3j\u00e1t l\u00e1tja vend\u00e9g\u00fcl Orb\u00e1n Viktor"}]},{"@type":"WebSite","@id":"https:\/\/hotnewsinworld.com\/hu\/#website","url":"https:\/\/hotnewsinworld.com\/hu\/","name":"Hot News in World","description":"Hot News in World from Hungary","potentialAction":[{"@type":"SearchAction","target":{"@type":"EntryPoint","urlTemplate":"https:\/\/hotnewsinworld.com\/hu\/?s={search_term_string}"},"query-input":{"@type":"PropertyValueSpecification","valueRequired":true,"valueName":"search_term_string"}}],"inLanguage":"hu"},{"@type":"Person","@id":"https:\/\/hotnewsinworld.com\/hu\/#\/schema\/person\/fe61448b21c0d59086e75fcc1f9d8f6b","name":"hotnewsinworld","image":{"@type":"ImageObject","inLanguage":"hu","@id":"https:\/\/secure.gravatar.com\/avatar\/8a09ac165600ce2e1c38fe593c63928eb1e6e7ba5c5a907d67787c41b3d00c14?s=96&d=mm&r=g","url":"https:\/\/secure.gravatar.com\/avatar\/8a09ac165600ce2e1c38fe593c63928eb1e6e7ba5c5a907d67787c41b3d00c14?s=96&d=mm&r=g","contentUrl":"https:\/\/secure.gravatar.com\/avatar\/8a09ac165600ce2e1c38fe593c63928eb1e6e7ba5c5a907d67787c41b3d00c14?s=96&d=mm&r=g","caption":"hotnewsinworld"},"url":"https:\/\/hotnewsinworld.com\/hu\/author\/pt\/"}]}},"_links":{"self":[{"href":"https:\/\/hotnewsinworld.com\/hu\/wp-json\/wp\/v2\/posts\/1560","targetHints":{"allow":["GET"]}}],"collection":[{"href":"https:\/\/hotnewsinworld.com\/hu\/wp-json\/wp\/v2\/posts"}],"about":[{"href":"https:\/\/hotnewsinworld.com\/hu\/wp-json\/wp\/v2\/types\/post"}],"author":[{"embeddable":true,"href":"https:\/\/hotnewsinworld.com\/hu\/wp-json\/wp\/v2\/users\/2"}],"replies":[{"embeddable":true,"href":"https:\/\/hotnewsinworld.com\/hu\/wp-json\/wp\/v2\/comments?post=1560"}],"version-history":[{"count":1,"href":"https:\/\/hotnewsinworld.com\/hu\/wp-json\/wp\/v2\/posts\/1560\/revisions"}],"predecessor-version":[{"id":1561,"href":"https:\/\/hotnewsinworld.com\/hu\/wp-json\/wp\/v2\/posts\/1560\/revisions\/1561"}],"wp:featuredmedia":[{"embeddable":true,"href":"https:\/\/hotnewsinworld.com\/hu\/wp-json\/wp\/v2\/media\/69"}],"wp:attachment":[{"href":"https:\/\/hotnewsinworld.com\/hu\/wp-json\/wp\/v2\/media?parent=1560"}],"wp:term":[{"taxonomy":"category","embeddable":true,"href":"https:\/\/hotnewsinworld.com\/hu\/wp-json\/wp\/v2\/categories?post=1560"},{"taxonomy":"post_tag","embeddable":true,"href":"https:\/\/hotnewsinworld.com\/hu\/wp-json\/wp\/v2\/tags?post=1560"}],"curies":[{"name":"wp","href":"https:\/\/api.w.org\/{rel}","templated":true}]}}