{"id":1568,"date":"2019-09-03T13:32:27","date_gmt":"2019-09-03T10:32:27","guid":{"rendered":"https:\/\/hotnewsinworld.com\/hu\/l-l-junior-elperelne-nagyobbik-fiat-edesanyjatol\/"},"modified":"2019-09-03T13:32:28","modified_gmt":"2019-09-03T10:32:28","slug":"l-l-junior-elperelne-nagyobbik-fiat-edesanyjatol","status":"publish","type":"post","link":"https:\/\/hotnewsinworld.com\/hu\/l-l-junior-elperelne-nagyobbik-fiat-edesanyjatol\/","title":{"rendered":"L. L. Junior elpereln\u00e9 nagyobbik fi\u00e1t \u00e9desanyj\u00e1t\u00f3l"},"content":{"rendered":"<p> [ad_1]<br \/>\n<\/p>\n<div>\n<p><b>Gyermekelhelyez\u00e9si perbe torkollhat L. L. Junior csal\u00e1di trag\u00e9di\u00e1ja. <\/b><\/p>\n<p>Ahogy arr\u00f3l kor\u00e1bban besz\u00e1moltunk, az \u00e9nekes kisebbik, 3 \u00e9ves fi\u00e1t szombat kora este hal\u00e1lra g\u00e1zolt\u00e1k Zugl\u00f3ban a\u00a0Vez\u00e9r \u00e9s F\u00fcredi \u00fat tal\u00e1lkoz\u00e1s\u00e1n\u00e1l. A gyermek \u00e9let\u00e9\u00e9rt k\u00f6zel egy \u00f3r\u00e1t k\u00fczd\u00f6ttek a ment\u0151k, sajnos mindhi\u00e1ba.<\/p>\n<blockquote><p>&#13;<\/p>\n<p>A gy\u00e1szol\u00f3 zen\u00e9sz kisebbik gyermek\u00e9nek hal\u00e1la ut\u00e1n mag\u00e1hoz vette a nagyobbik fi\u00fat, Lacik\u00e1t, \u00e9s nem is akarja m\u00e1r visszaadni az \u00e9desanyj\u00e1nak, Csill\u00e1nak<\/p>\n<p>&#13;\n<\/p><\/blockquote>\n<p>&#8211; tudta meg a Bors. A rapper szerint volt p\u00e1rja felel\u0151s lehet a kicsi hal\u00e1l\u00e1\u00e9rt.<\/p>\n<p>A kisfi\u00fa a szemtan\u00fak szerint \u00e9desanyj\u00e1val kelt \u00e1t egy zebr\u00e1n szombaton, amikor a gyermek egyszer csak kir\u00e1ntotta a kez\u00e9t, \u00e9s elkezdett \u00e1tszaladni a t\u00faloldalra. Ekkor g\u00e1zolta hal\u00e1lra egy \u00e9rkez\u0151 aut\u00f3.\u00a0Mivel L. L. Juniorban ezek alapj\u00e1n felmer\u00fclt, hogy az anya is felel\u0151s lehet a trag\u00e9di\u00e1\u00e9rt, \u00fagy d\u00f6nt\u00f6tt, hogy elperli t\u0151le nagyobbik fi\u00e1t.<\/p>\n<p>Junior m\u00e1r a trag\u00e9dia m\u00e1snapj\u00e1n azt \u00edrta k\u00f6z\u00f6ss\u00e9gi oldal\u00e1n:\u00a0 jogi l\u00e9p\u00e9seket fontolgat. A Bors\u00a0Junior \u00fcgyv\u00e9dj\u00e9t\u0151l, dr. Mester Csab\u00e1t\u00f3l megtudta,<\/p>\n<blockquote><p>&#13;<\/p>\n<p>a zen\u00e9sz a dolgok jelenlegi \u00e1ll\u00e1sa szerint vissza sem adn\u00e1 anyuk\u00e1j\u00e1nak a kisfi\u00fat, ugyanis az any\u00e1t hib\u00e1ztatja a baleset\u00e9rt.<\/p>\n<p>&#13;\n<\/p><\/blockquote>\n<p>Az \u00e9nekes \u00e9s gyermekei anyja k\u00fcl\u00f6n \u00e9lnek, a zen\u00e9sz \u00fcgyv\u00e9dje szerint a ny\u00e1ron m\u00e1r meg is \u00e1llapodtak a gyermekek k\u00f6z\u00f6s fel\u00fcgyelet\u00e9ben, csak az \u00edt\u00e9lkez\u00e9si sz\u00fcnet miatt nem v\u00e9gleges\u00edtett\u00e9k meg\u00e1llapod\u00e1sukat. T\u00e1j\u00e9koztat\u00e1sa szerint L. L. Junior most m\u00e1r nem is akarja \u00e9rv\u00e9nyes\u00edteni, helyette ink\u00e1bb a gyermek teljes fel\u00fcgyelet\u00e9\u00e9rt ny\u00fajt be keresetet, kiz\u00e1r\u00f3lag l\u00e1that\u00e1st akar biztos\u00edtani az any\u00e1nak.<\/p>\n<blockquote><p>&#13;<\/p>\n<p>\u00dcgyfelem a jelenlegi helyzetben nem tarthatta mag\u00e1t ehhez a meg\u00e1llapod\u00e1shoz, mag\u00e1hoz vette a nagyobbik fi\u00e1t. Most az \u00e9desanya pszich\u00e9s \u00e1llapota sem teszi lehet\u0151v\u00e9, hogy gondoskodjon r\u00f3la, ez f\u00fcggetlen a b\u00fcntet\u0151jogi felel\u0151ss\u00e9g\u00e9t\u0151l. De az is igaz, hogy ugyan mindenkit megillet az \u00e1rtatlans\u00e1g v\u00e9lelme, nehezen elk\u00e9pzelhet\u0151 \u00fcgyfelem sz\u00e1m\u00e1ra az a helyzet, hogy a gondoskod\u00e1sa \u00e9s fel\u00fcgyelete alatt \u00e1ll\u00f3 gyerek kirohanjon az \u00fatra<\/p>\n<p>&#13;\n<\/p><\/blockquote>\n<p>\u2013 mondta az \u00fcgyv\u00e9d a lapnak. A Bors r\u00e1k\u00e9rdezett konkr\u00e9tan arra is, hogy Juniorban felmer\u00fclt-e az anya felel\u0151ss\u00e9ge.<\/p>\n<blockquote><p>&#13;<\/p>\n<p>Term\u00e9szetesen felmer\u00fclt. Amellett, hogy ebben a helyzetben az \u00e9rz\u0151 apai sz\u00edv megszakad, az anya r\u00e9szben vagy eg\u00e9szben felel\u0151s lehet, \u00fcgyfelemnek pedig gondoskodnia kell a fi\u00e1r\u00f3l<\/p>\n<p>&#13;\n<\/p><\/blockquote>\n<p>\u2013 mondta dr. Mester, hozz\u00e1t\u00e9ve: m\u00e9g a h\u00e9ten b\u00edr\u00f3s\u00e1gra mennek, hogy rendeljenek el ideiglenes hat\u00e1rozatot a fel\u00fcgyeleti jogokr\u00f3l.<\/p>\n<blockquote><p>&#13;<\/p>\n<p>A b\u00fcntet\u0151jogi felel\u0151ss\u00e9gt\u0151l f\u00fcgg, hogy mi lesz a j\u00f6v\u0151 ez ut\u00e1n<\/p>\n<p>&#13;\n<\/p><\/blockquote>\n<p>\u2013 fogalmazott az \u00fcgyv\u00e9d.<\/p>\n<p>A Bors felkereste az \u00e9desanya \u00fcgyv\u00e9dj\u00e9t is.\u00a0<\/p>\n<p>A gy\u00e1szol\u00f3 \u00e9desanya \u00fcgyv\u00e9dje, dr. Horv\u00e1th B. G\u00e1bor b\u00fcntet\u0151 szakjog\u00e1sz a lapnak elmondta:<\/p>\n<blockquote><p>&#13;<\/p>\n<p>Junior teljes m\u00e9rt\u00e9kben Csill\u00e1t hib\u00e1ztatja. A k\u00f6z\u00f6ss\u00e9gi oldal\u00e1n \u00e9s \u00fcgyv\u00e9dje, dr. Mester Csaba \u00e1ltal is ny\u00edlt had\u00fczenetet ind\u00edtott ellene: el akarj\u00e1k venni \u00fcgyfelemt\u0151l a gyermek\u00e9t.<\/p>\n<p>&#13;\n<\/p><\/blockquote>\n<p>Hozz\u00e1tette, hogy &#8222;Junior m\u00e1r a trag\u00e9dia napj\u00e1n elvitte els\u0151 sz\u00fcl\u00f6tt fi\u00e1t az \u00f6sszeomlott \u00e9desany\u00e1t\u00f3l, mondv\u00e1n, a gyermeket a nagymama majd nyugtatja, am\u00edg Csilla sokkhat\u00e1s alatt van, de nem sokkal k\u00e9s\u0151bb meg\u00fczente volt p\u00e1rj\u00e1nak, hogy nem fogja visszaadni Lacik\u00e1t.&#8221;<\/p>\n<p>Forr\u00e1s: Bors,\u00a0444.hu<\/p>\n<p>C\u00edmlapi k\u00e9p: Instagram<\/p>\n<p>        <!--div style=\"padding:20px;margin-top:20px;border-left: 4px solid #e71000;background:#f6f6f6;\">\n            \n\n<h2>FinTechRadar 2.0 konferencia - van m&aacute;r jegyed?<\/h2>\n\n\n\n            \n\n<p>T&eacute;m&aacute;ink: PSD2\/Mobilfizet&eacute;s, Adatbiztons&aacute;g, UX, Big data, &Aacute;llam &eacute;s fintech, Insurtech.\n            2 nap, 30 el&#337;ad&oacute; &eacute;s v&aacute;laszok a fintech aktu&aacute;lis k&eacute;rd&eacute;seire okt&oacute;ber 17-18-&aacute;n a Sug&aacute;r Moziban.<\/p>\n\n\n\n            <a href=\"http:\/\/fintechradar.hu\/konferencia2?utm_source=propeller.hu&utm_medium=textlink&utm_campaign=FTR_konf2\"\n            class=\"button primary\" target=\"_blank\" style=\"color:#fff;margin-top:15px;background: #e71000;\" rel=\"noopener noreferrer\">Program &eacute;s jegyv&aacute;s&aacute;rl&aacute;s &rarr;<\/a>\n        <\/div-->\n    <\/div>\n<p><script>(function(d, s, id) {\n  var js, fjs = d.getElementsByTagName(s)[0];\n  if (d.getElementById(id)) return;\n  js = d.createElement(s); js.id = id;\n  js.src = \"http:\/\/connect.facebook.net\/hu_HU\/sdk.js#xfbml=1&version=v2.7&appId=247823682023773\";\n  fjs.parentNode.insertBefore(js, fjs);\n}(document, 'script', 'facebook-jssdk'));<\/script><script async defer src=\"https:\/\/platform.instagram.com\/en_US\/embeds.js\"><\/script><br \/>\n<br \/>[ad_2]<br \/>\n<br \/><a href=\"https:\/\/hirek.oldal.info\/rssclick\/14365689\">Source link <\/a><\/p>\n","protected":false},"excerpt":{"rendered":"<p>[ad_1] Gyermekelhelyez\u00e9si perbe torkollhat L. L. Junior csal\u00e1di trag\u00e9di\u00e1ja. Ahogy arr\u00f3l kor\u00e1bban besz\u00e1moltunk, az \u00e9nekes kisebbik, 3 \u00e9ves fi\u00e1t szombat kora este hal\u00e1lra g\u00e1zolt\u00e1k Zugl\u00f3ban a\u00a0Vez\u00e9r \u00e9s F\u00fcredi \u00fat tal\u00e1lkoz\u00e1s\u00e1n\u00e1l. A gyermek \u00e9let\u00e9\u00e9rt k\u00f6zel egy \u00f3r\u00e1t k\u00fczd\u00f6ttek a ment\u0151k, sajnos mindhi\u00e1ba. &#13; A gy\u00e1szol\u00f3 zen\u00e9sz kisebbik gyermek\u00e9nek hal\u00e1la ut\u00e1n mag\u00e1hoz vette a nagyobbik fi\u00fat, Lacik\u00e1t, [&hellip;]<\/p>\n","protected":false},"author":2,"featured_media":39,"comment_status":"open","ping_status":"open","sticky":false,"template":"","format":"standard","meta":{"footnotes":""},"categories":[1],"tags":[],"class_list":["post-1568","post","type-post","status-publish","format-standard","has-post-thumbnail","hentry","category-legujabb-penzugyi-hirek"],"yoast_head":"<!-- This site is optimized with the Yoast SEO plugin v27.4 - https:\/\/yoast.com\/product\/yoast-seo-wordpress\/ -->\n<title>L. L. Junior elpereln\u00e9 nagyobbik fi\u00e1t \u00e9desanyj\u00e1t\u00f3l - Hot News in World<\/title>\n<meta name=\"robots\" content=\"index, follow, max-snippet:-1, max-image-preview:large, max-video-preview:-1\" \/>\n<link rel=\"canonical\" href=\"https:\/\/hotnewsinworld.com\/hu\/l-l-junior-elperelne-nagyobbik-fiat-edesanyjatol\/\" \/>\n<meta property=\"og:locale\" content=\"hu_HU\" \/>\n<meta property=\"og:type\" content=\"article\" \/>\n<meta property=\"og:title\" content=\"L. L. Junior elpereln\u00e9 nagyobbik fi\u00e1t \u00e9desanyj\u00e1t\u00f3l - Hot News in World\" \/>\n<meta property=\"og:description\" content=\"[ad_1] Gyermekelhelyez\u00e9si perbe torkollhat L. L. Junior csal\u00e1di trag\u00e9di\u00e1ja. Ahogy arr\u00f3l kor\u00e1bban besz\u00e1moltunk, az \u00e9nekes kisebbik, 3 \u00e9ves fi\u00e1t szombat kora este hal\u00e1lra g\u00e1zolt\u00e1k Zugl\u00f3ban a\u00a0Vez\u00e9r \u00e9s F\u00fcredi \u00fat tal\u00e1lkoz\u00e1s\u00e1n\u00e1l. A gyermek \u00e9let\u00e9\u00e9rt k\u00f6zel egy \u00f3r\u00e1t k\u00fczd\u00f6ttek a ment\u0151k, sajnos mindhi\u00e1ba. &#013; A gy\u00e1szol\u00f3 zen\u00e9sz kisebbik gyermek\u00e9nek hal\u00e1la ut\u00e1n mag\u00e1hoz vette a nagyobbik fi\u00fat, Lacik\u00e1t, [&hellip;]\" \/>\n<meta property=\"og:url\" content=\"https:\/\/hotnewsinworld.com\/hu\/l-l-junior-elperelne-nagyobbik-fiat-edesanyjatol\/\" \/>\n<meta property=\"og:site_name\" content=\"Hot News in World\" \/>\n<meta property=\"article:published_time\" content=\"2019-09-03T10:32:27+00:00\" \/>\n<meta property=\"article:modified_time\" content=\"2019-09-03T10:32:28+00:00\" \/>\n<meta property=\"og:image\" content=\"https:\/\/hotnewsinworld.com\/hu\/wp-content\/uploads\/sites\/3\/2019\/05\/MSZP-P\u00e1rbesz\u00e9d-a-korm\u00e1ny-a-munkav\u00e1llal\u00f3k-ellens\u00e9ge.png\" \/>\n\t<meta property=\"og:image:width\" content=\"1000\" \/>\n\t<meta property=\"og:image:height\" content=\"525\" \/>\n\t<meta property=\"og:image:type\" content=\"image\/png\" \/>\n<meta name=\"author\" content=\"hotnewsinworld\" \/>\n<meta name=\"twitter:card\" content=\"summary_large_image\" \/>\n<meta name=\"twitter:label1\" content=\"Szerz\u0151:\" \/>\n\t<meta name=\"twitter:data1\" content=\"hotnewsinworld\" \/>\n\t<meta name=\"twitter:label2\" content=\"Becs\u00fclt olvas\u00e1si id\u0151\" \/>\n\t<meta name=\"twitter:data2\" content=\"3 perc\" \/>\n<script type=\"application\/ld+json\" class=\"yoast-schema-graph\">{\"@context\":\"https:\\\/\\\/schema.org\",\"@graph\":[{\"@type\":\"Article\",\"@id\":\"https:\\\/\\\/hotnewsinworld.com\\\/hu\\\/l-l-junior-elperelne-nagyobbik-fiat-edesanyjatol\\\/#article\",\"isPartOf\":{\"@id\":\"https:\\\/\\\/hotnewsinworld.com\\\/hu\\\/l-l-junior-elperelne-nagyobbik-fiat-edesanyjatol\\\/\"},\"author\":{\"name\":\"hotnewsinworld\",\"@id\":\"https:\\\/\\\/hotnewsinworld.com\\\/hu\\\/#\\\/schema\\\/person\\\/fe61448b21c0d59086e75fcc1f9d8f6b\"},\"headline\":\"L. L. Junior elpereln\u00e9 nagyobbik fi\u00e1t \u00e9desanyj\u00e1t\u00f3l\",\"datePublished\":\"2019-09-03T10:32:27+00:00\",\"dateModified\":\"2019-09-03T10:32:28+00:00\",\"mainEntityOfPage\":{\"@id\":\"https:\\\/\\\/hotnewsinworld.com\\\/hu\\\/l-l-junior-elperelne-nagyobbik-fiat-edesanyjatol\\\/\"},\"wordCount\":673,\"commentCount\":0,\"image\":{\"@id\":\"https:\\\/\\\/hotnewsinworld.com\\\/hu\\\/l-l-junior-elperelne-nagyobbik-fiat-edesanyjatol\\\/#primaryimage\"},\"thumbnailUrl\":\"https:\\\/\\\/hotnewsinworld.com\\\/hu\\\/wp-content\\\/uploads\\\/sites\\\/3\\\/2019\\\/05\\\/MSZP-P\u00e1rbesz\u00e9d-a-korm\u00e1ny-a-munkav\u00e1llal\u00f3k-ellens\u00e9ge.png\",\"articleSection\":[\"LEG\u00daJABB P\u00c9NZ\u00dcGYI H\u00cdREK\"],\"inLanguage\":\"hu\",\"potentialAction\":[{\"@type\":\"CommentAction\",\"name\":\"Comment\",\"target\":[\"https:\\\/\\\/hotnewsinworld.com\\\/hu\\\/l-l-junior-elperelne-nagyobbik-fiat-edesanyjatol\\\/#respond\"]}]},{\"@type\":\"WebPage\",\"@id\":\"https:\\\/\\\/hotnewsinworld.com\\\/hu\\\/l-l-junior-elperelne-nagyobbik-fiat-edesanyjatol\\\/\",\"url\":\"https:\\\/\\\/hotnewsinworld.com\\\/hu\\\/l-l-junior-elperelne-nagyobbik-fiat-edesanyjatol\\\/\",\"name\":\"L. L. Junior elpereln\u00e9 nagyobbik fi\u00e1t \u00e9desanyj\u00e1t\u00f3l - Hot News in World\",\"isPartOf\":{\"@id\":\"https:\\\/\\\/hotnewsinworld.com\\\/hu\\\/#website\"},\"primaryImageOfPage\":{\"@id\":\"https:\\\/\\\/hotnewsinworld.com\\\/hu\\\/l-l-junior-elperelne-nagyobbik-fiat-edesanyjatol\\\/#primaryimage\"},\"image\":{\"@id\":\"https:\\\/\\\/hotnewsinworld.com\\\/hu\\\/l-l-junior-elperelne-nagyobbik-fiat-edesanyjatol\\\/#primaryimage\"},\"thumbnailUrl\":\"https:\\\/\\\/hotnewsinworld.com\\\/hu\\\/wp-content\\\/uploads\\\/sites\\\/3\\\/2019\\\/05\\\/MSZP-P\u00e1rbesz\u00e9d-a-korm\u00e1ny-a-munkav\u00e1llal\u00f3k-ellens\u00e9ge.png\",\"datePublished\":\"2019-09-03T10:32:27+00:00\",\"dateModified\":\"2019-09-03T10:32:28+00:00\",\"author\":{\"@id\":\"https:\\\/\\\/hotnewsinworld.com\\\/hu\\\/#\\\/schema\\\/person\\\/fe61448b21c0d59086e75fcc1f9d8f6b\"},\"breadcrumb\":{\"@id\":\"https:\\\/\\\/hotnewsinworld.com\\\/hu\\\/l-l-junior-elperelne-nagyobbik-fiat-edesanyjatol\\\/#breadcrumb\"},\"inLanguage\":\"hu\",\"potentialAction\":[{\"@type\":\"ReadAction\",\"target\":[\"https:\\\/\\\/hotnewsinworld.com\\\/hu\\\/l-l-junior-elperelne-nagyobbik-fiat-edesanyjatol\\\/\"]}]},{\"@type\":\"ImageObject\",\"inLanguage\":\"hu\",\"@id\":\"https:\\\/\\\/hotnewsinworld.com\\\/hu\\\/l-l-junior-elperelne-nagyobbik-fiat-edesanyjatol\\\/#primaryimage\",\"url\":\"https:\\\/\\\/hotnewsinworld.com\\\/hu\\\/wp-content\\\/uploads\\\/sites\\\/3\\\/2019\\\/05\\\/MSZP-P\u00e1rbesz\u00e9d-a-korm\u00e1ny-a-munkav\u00e1llal\u00f3k-ellens\u00e9ge.png\",\"contentUrl\":\"https:\\\/\\\/hotnewsinworld.com\\\/hu\\\/wp-content\\\/uploads\\\/sites\\\/3\\\/2019\\\/05\\\/MSZP-P\u00e1rbesz\u00e9d-a-korm\u00e1ny-a-munkav\u00e1llal\u00f3k-ellens\u00e9ge.png\",\"width\":1000,\"height\":525,\"caption\":\"MSZP-P\u00e1rbesz\u00e9d: a korm\u00e1ny a munkav\u00e1llal\u00f3k ellens\u00e9ge\"},{\"@type\":\"BreadcrumbList\",\"@id\":\"https:\\\/\\\/hotnewsinworld.com\\\/hu\\\/l-l-junior-elperelne-nagyobbik-fiat-edesanyjatol\\\/#breadcrumb\",\"itemListElement\":[{\"@type\":\"ListItem\",\"position\":1,\"name\":\"\u0413\u043b\u0430\u0432\u043d\u0430\u044f \u0441\u0442\u0440\u0430\u043d\u0438\u0446\u0430\",\"item\":\"https:\\\/\\\/hotnewsinworld.com\\\/hu\\\/\"},{\"@type\":\"ListItem\",\"position\":2,\"name\":\"L. L. Junior elpereln\u00e9 nagyobbik fi\u00e1t \u00e9desanyj\u00e1t\u00f3l\"}]},{\"@type\":\"WebSite\",\"@id\":\"https:\\\/\\\/hotnewsinworld.com\\\/hu\\\/#website\",\"url\":\"https:\\\/\\\/hotnewsinworld.com\\\/hu\\\/\",\"name\":\"Hot News in World\",\"description\":\"Hot News in World from Hungary\",\"potentialAction\":[{\"@type\":\"SearchAction\",\"target\":{\"@type\":\"EntryPoint\",\"urlTemplate\":\"https:\\\/\\\/hotnewsinworld.com\\\/hu\\\/?s={search_term_string}\"},\"query-input\":{\"@type\":\"PropertyValueSpecification\",\"valueRequired\":true,\"valueName\":\"search_term_string\"}}],\"inLanguage\":\"hu\"},{\"@type\":\"Person\",\"@id\":\"https:\\\/\\\/hotnewsinworld.com\\\/hu\\\/#\\\/schema\\\/person\\\/fe61448b21c0d59086e75fcc1f9d8f6b\",\"name\":\"hotnewsinworld\",\"image\":{\"@type\":\"ImageObject\",\"inLanguage\":\"hu\",\"@id\":\"https:\\\/\\\/secure.gravatar.com\\\/avatar\\\/8a09ac165600ce2e1c38fe593c63928eb1e6e7ba5c5a907d67787c41b3d00c14?s=96&d=mm&r=g\",\"url\":\"https:\\\/\\\/secure.gravatar.com\\\/avatar\\\/8a09ac165600ce2e1c38fe593c63928eb1e6e7ba5c5a907d67787c41b3d00c14?s=96&d=mm&r=g\",\"contentUrl\":\"https:\\\/\\\/secure.gravatar.com\\\/avatar\\\/8a09ac165600ce2e1c38fe593c63928eb1e6e7ba5c5a907d67787c41b3d00c14?s=96&d=mm&r=g\",\"caption\":\"hotnewsinworld\"},\"url\":\"https:\\\/\\\/hotnewsinworld.com\\\/hu\\\/author\\\/pt\\\/\"}]}<\/script>\n<!-- \/ Yoast SEO plugin. -->","yoast_head_json":{"title":"L. L. Junior elpereln\u00e9 nagyobbik fi\u00e1t \u00e9desanyj\u00e1t\u00f3l - Hot News in World","robots":{"index":"index","follow":"follow","max-snippet":"max-snippet:-1","max-image-preview":"max-image-preview:large","max-video-preview":"max-video-preview:-1"},"canonical":"https:\/\/hotnewsinworld.com\/hu\/l-l-junior-elperelne-nagyobbik-fiat-edesanyjatol\/","og_locale":"hu_HU","og_type":"article","og_title":"L. L. Junior elpereln\u00e9 nagyobbik fi\u00e1t \u00e9desanyj\u00e1t\u00f3l - Hot News in World","og_description":"[ad_1] Gyermekelhelyez\u00e9si perbe torkollhat L. L. Junior csal\u00e1di trag\u00e9di\u00e1ja. Ahogy arr\u00f3l kor\u00e1bban besz\u00e1moltunk, az \u00e9nekes kisebbik, 3 \u00e9ves fi\u00e1t szombat kora este hal\u00e1lra g\u00e1zolt\u00e1k Zugl\u00f3ban a\u00a0Vez\u00e9r \u00e9s F\u00fcredi \u00fat tal\u00e1lkoz\u00e1s\u00e1n\u00e1l. A gyermek \u00e9let\u00e9\u00e9rt k\u00f6zel egy \u00f3r\u00e1t k\u00fczd\u00f6ttek a ment\u0151k, sajnos mindhi\u00e1ba. &#13; A gy\u00e1szol\u00f3 zen\u00e9sz kisebbik gyermek\u00e9nek hal\u00e1la ut\u00e1n mag\u00e1hoz vette a nagyobbik fi\u00fat, Lacik\u00e1t, [&hellip;]","og_url":"https:\/\/hotnewsinworld.com\/hu\/l-l-junior-elperelne-nagyobbik-fiat-edesanyjatol\/","og_site_name":"Hot News in World","article_published_time":"2019-09-03T10:32:27+00:00","article_modified_time":"2019-09-03T10:32:28+00:00","og_image":[{"width":1000,"height":525,"url":"https:\/\/hotnewsinworld.com\/hu\/wp-content\/uploads\/sites\/3\/2019\/05\/MSZP-P\u00e1rbesz\u00e9d-a-korm\u00e1ny-a-munkav\u00e1llal\u00f3k-ellens\u00e9ge.png","type":"image\/png"}],"author":"hotnewsinworld","twitter_card":"summary_large_image","twitter_misc":{"Szerz\u0151:":"hotnewsinworld","Becs\u00fclt olvas\u00e1si id\u0151":"3 perc"},"schema":{"@context":"https:\/\/schema.org","@graph":[{"@type":"Article","@id":"https:\/\/hotnewsinworld.com\/hu\/l-l-junior-elperelne-nagyobbik-fiat-edesanyjatol\/#article","isPartOf":{"@id":"https:\/\/hotnewsinworld.com\/hu\/l-l-junior-elperelne-nagyobbik-fiat-edesanyjatol\/"},"author":{"name":"hotnewsinworld","@id":"https:\/\/hotnewsinworld.com\/hu\/#\/schema\/person\/fe61448b21c0d59086e75fcc1f9d8f6b"},"headline":"L. L. Junior elpereln\u00e9 nagyobbik fi\u00e1t \u00e9desanyj\u00e1t\u00f3l","datePublished":"2019-09-03T10:32:27+00:00","dateModified":"2019-09-03T10:32:28+00:00","mainEntityOfPage":{"@id":"https:\/\/hotnewsinworld.com\/hu\/l-l-junior-elperelne-nagyobbik-fiat-edesanyjatol\/"},"wordCount":673,"commentCount":0,"image":{"@id":"https:\/\/hotnewsinworld.com\/hu\/l-l-junior-elperelne-nagyobbik-fiat-edesanyjatol\/#primaryimage"},"thumbnailUrl":"https:\/\/hotnewsinworld.com\/hu\/wp-content\/uploads\/sites\/3\/2019\/05\/MSZP-P\u00e1rbesz\u00e9d-a-korm\u00e1ny-a-munkav\u00e1llal\u00f3k-ellens\u00e9ge.png","articleSection":["LEG\u00daJABB P\u00c9NZ\u00dcGYI H\u00cdREK"],"inLanguage":"hu","potentialAction":[{"@type":"CommentAction","name":"Comment","target":["https:\/\/hotnewsinworld.com\/hu\/l-l-junior-elperelne-nagyobbik-fiat-edesanyjatol\/#respond"]}]},{"@type":"WebPage","@id":"https:\/\/hotnewsinworld.com\/hu\/l-l-junior-elperelne-nagyobbik-fiat-edesanyjatol\/","url":"https:\/\/hotnewsinworld.com\/hu\/l-l-junior-elperelne-nagyobbik-fiat-edesanyjatol\/","name":"L. L. Junior elpereln\u00e9 nagyobbik fi\u00e1t \u00e9desanyj\u00e1t\u00f3l - Hot News in World","isPartOf":{"@id":"https:\/\/hotnewsinworld.com\/hu\/#website"},"primaryImageOfPage":{"@id":"https:\/\/hotnewsinworld.com\/hu\/l-l-junior-elperelne-nagyobbik-fiat-edesanyjatol\/#primaryimage"},"image":{"@id":"https:\/\/hotnewsinworld.com\/hu\/l-l-junior-elperelne-nagyobbik-fiat-edesanyjatol\/#primaryimage"},"thumbnailUrl":"https:\/\/hotnewsinworld.com\/hu\/wp-content\/uploads\/sites\/3\/2019\/05\/MSZP-P\u00e1rbesz\u00e9d-a-korm\u00e1ny-a-munkav\u00e1llal\u00f3k-ellens\u00e9ge.png","datePublished":"2019-09-03T10:32:27+00:00","dateModified":"2019-09-03T10:32:28+00:00","author":{"@id":"https:\/\/hotnewsinworld.com\/hu\/#\/schema\/person\/fe61448b21c0d59086e75fcc1f9d8f6b"},"breadcrumb":{"@id":"https:\/\/hotnewsinworld.com\/hu\/l-l-junior-elperelne-nagyobbik-fiat-edesanyjatol\/#breadcrumb"},"inLanguage":"hu","potentialAction":[{"@type":"ReadAction","target":["https:\/\/hotnewsinworld.com\/hu\/l-l-junior-elperelne-nagyobbik-fiat-edesanyjatol\/"]}]},{"@type":"ImageObject","inLanguage":"hu","@id":"https:\/\/hotnewsinworld.com\/hu\/l-l-junior-elperelne-nagyobbik-fiat-edesanyjatol\/#primaryimage","url":"https:\/\/hotnewsinworld.com\/hu\/wp-content\/uploads\/sites\/3\/2019\/05\/MSZP-P\u00e1rbesz\u00e9d-a-korm\u00e1ny-a-munkav\u00e1llal\u00f3k-ellens\u00e9ge.png","contentUrl":"https:\/\/hotnewsinworld.com\/hu\/wp-content\/uploads\/sites\/3\/2019\/05\/MSZP-P\u00e1rbesz\u00e9d-a-korm\u00e1ny-a-munkav\u00e1llal\u00f3k-ellens\u00e9ge.png","width":1000,"height":525,"caption":"MSZP-P\u00e1rbesz\u00e9d: a korm\u00e1ny a munkav\u00e1llal\u00f3k ellens\u00e9ge"},{"@type":"BreadcrumbList","@id":"https:\/\/hotnewsinworld.com\/hu\/l-l-junior-elperelne-nagyobbik-fiat-edesanyjatol\/#breadcrumb","itemListElement":[{"@type":"ListItem","position":1,"name":"\u0413\u043b\u0430\u0432\u043d\u0430\u044f \u0441\u0442\u0440\u0430\u043d\u0438\u0446\u0430","item":"https:\/\/hotnewsinworld.com\/hu\/"},{"@type":"ListItem","position":2,"name":"L. L. Junior elpereln\u00e9 nagyobbik fi\u00e1t \u00e9desanyj\u00e1t\u00f3l"}]},{"@type":"WebSite","@id":"https:\/\/hotnewsinworld.com\/hu\/#website","url":"https:\/\/hotnewsinworld.com\/hu\/","name":"Hot News in World","description":"Hot News in World from Hungary","potentialAction":[{"@type":"SearchAction","target":{"@type":"EntryPoint","urlTemplate":"https:\/\/hotnewsinworld.com\/hu\/?s={search_term_string}"},"query-input":{"@type":"PropertyValueSpecification","valueRequired":true,"valueName":"search_term_string"}}],"inLanguage":"hu"},{"@type":"Person","@id":"https:\/\/hotnewsinworld.com\/hu\/#\/schema\/person\/fe61448b21c0d59086e75fcc1f9d8f6b","name":"hotnewsinworld","image":{"@type":"ImageObject","inLanguage":"hu","@id":"https:\/\/secure.gravatar.com\/avatar\/8a09ac165600ce2e1c38fe593c63928eb1e6e7ba5c5a907d67787c41b3d00c14?s=96&d=mm&r=g","url":"https:\/\/secure.gravatar.com\/avatar\/8a09ac165600ce2e1c38fe593c63928eb1e6e7ba5c5a907d67787c41b3d00c14?s=96&d=mm&r=g","contentUrl":"https:\/\/secure.gravatar.com\/avatar\/8a09ac165600ce2e1c38fe593c63928eb1e6e7ba5c5a907d67787c41b3d00c14?s=96&d=mm&r=g","caption":"hotnewsinworld"},"url":"https:\/\/hotnewsinworld.com\/hu\/author\/pt\/"}]}},"_links":{"self":[{"href":"https:\/\/hotnewsinworld.com\/hu\/wp-json\/wp\/v2\/posts\/1568","targetHints":{"allow":["GET"]}}],"collection":[{"href":"https:\/\/hotnewsinworld.com\/hu\/wp-json\/wp\/v2\/posts"}],"about":[{"href":"https:\/\/hotnewsinworld.com\/hu\/wp-json\/wp\/v2\/types\/post"}],"author":[{"embeddable":true,"href":"https:\/\/hotnewsinworld.com\/hu\/wp-json\/wp\/v2\/users\/2"}],"replies":[{"embeddable":true,"href":"https:\/\/hotnewsinworld.com\/hu\/wp-json\/wp\/v2\/comments?post=1568"}],"version-history":[{"count":1,"href":"https:\/\/hotnewsinworld.com\/hu\/wp-json\/wp\/v2\/posts\/1568\/revisions"}],"predecessor-version":[{"id":1569,"href":"https:\/\/hotnewsinworld.com\/hu\/wp-json\/wp\/v2\/posts\/1568\/revisions\/1569"}],"wp:featuredmedia":[{"embeddable":true,"href":"https:\/\/hotnewsinworld.com\/hu\/wp-json\/wp\/v2\/media\/39"}],"wp:attachment":[{"href":"https:\/\/hotnewsinworld.com\/hu\/wp-json\/wp\/v2\/media?parent=1568"}],"wp:term":[{"taxonomy":"category","embeddable":true,"href":"https:\/\/hotnewsinworld.com\/hu\/wp-json\/wp\/v2\/categories?post=1568"},{"taxonomy":"post_tag","embeddable":true,"href":"https:\/\/hotnewsinworld.com\/hu\/wp-json\/wp\/v2\/tags?post=1568"}],"curies":[{"name":"wp","href":"https:\/\/api.w.org\/{rel}","templated":true}]}}