{"id":1589,"date":"2019-09-04T03:47:17","date_gmt":"2019-09-04T00:47:17","guid":{"rendered":"https:\/\/hotnewsinworld.com\/hu\/egyre-jobban-terjed-az-afrikai-sertespestis-magyarorszagon-foleg-a-keleti-orszagreszben\/"},"modified":"2019-09-04T03:47:18","modified_gmt":"2019-09-04T00:47:18","slug":"egyre-jobban-terjed-az-afrikai-sertespestis-magyarorszagon-foleg-a-keleti-orszagreszben","status":"publish","type":"post","link":"https:\/\/hotnewsinworld.com\/hu\/egyre-jobban-terjed-az-afrikai-sertespestis-magyarorszagon-foleg-a-keleti-orszagreszben\/","title":{"rendered":"Egyre jobban terjed az afrikai sert\u00e9spestis Magyarorsz\u00e1gon, f\u0151leg a keleti orsz\u00e1gr\u00e9szben"},"content":{"rendered":"<p> [ad_1]<br \/>\n<\/p>\n<div>\n<div class=\"talalat kotegTitle\">\n<p class=\"lead\">Tov\u00e1bb b\u0151v\u00fclt az afrikai sert\u00e9spestis (ASP) miatti fert\u0151z\u00f6tt ter\u00fclet Magyarorsz\u00e1gon, az int\u00e9zked\u00e9sek els\u0151sorban a vadgazd\u00e1lkod\u00f3kat \u00e9rintik &#8211; tette k\u00f6zz\u00e9 a Nemzeti \u00c9lelmiszerl\u00e1nc-biztons\u00e1gi Hivatal (N\u00e9bih) a honlapj\u00e1n.\u00a0<\/p>\n<\/div>\n<div class=\"talalat contsrc_1056  szurke \">class=&#8221;&#8221;&gt;<\/p>\n<p class=\"lead\">A Nemzeti \u00c9lelmiszerl\u00e1nc-biztons\u00e1gi Hivatal azt is k\u00f6z\u00f6lte, hogy tov\u00e1bb b\u0151v\u00fclt az afrikai sert\u00e9spestis (ASP) miatti fert\u0151z\u00f6tt ter\u00fclet Magyarorsz\u00e1gon.<\/p>\n<\/div>\n<div class=\"talalat contsrc_24  szurke line-with-image-container\"><span class=\"line-with-image\"><span class=\"line-with-image-inner\" style=\"background-image:url('https:\/\/stat.hirstart.hu\/image\/20190903\/4863436\/afrikai_sertespestis_-_nebih_tovabb_bovult_az_asp_miatti_fertozott_terulet-73x73-crop.jpg');background-repeat: no-repeat; background-size: 73.00px auto; width: 73.00px; height: 73.00px\"><\/span><\/span>class=&#8221;line-title-with-image&#8221;&gt;<\/p>\n<div class=\"line-with-image-search-padding\">\n<p class=\"lead\">Tov\u00e1bb b\u0151v\u00fclt az afrikai sert\u00e9spestis (ASP) miatti fert\u0151z\u00f6tt ter\u00fclet Magyarorsz\u00e1gon, az int\u00e9zked\u00e9sek els\u0151sorban a vadgazd\u00e1lkod\u00f3kat \u00e9rintik &#8211; tette k\u00f6zz\u00e9 a Nemzeti \u00c9lelmiszerl\u00e1nc-biztons\u00e1gi Hivatal (N\u00e9bih) a honlapj\u00e1n.<\/p>\n<\/div>\n<\/div>\n<div class=\"talalat contsrc_90  line-with-image-container\"><span class=\"line-with-image\"><span class=\"line-with-image-inner\" style=\"background-image:url('https:\/\/stat.hirstart.hu\/image\/20190903\/4863449\/tovabb_terjedt_a_veszelyes_kor_magyarorszagon-73x73-crop.jpeg');background-repeat: no-repeat; background-size: 73.00px auto; width: 73.00px; height: 73.00px\"><\/span><\/span>class=&#8221;line-title-with-image&#8221;&gt;<\/p>\n<div class=\"line-with-image-search-padding\">\n<p class=\"lead\">Tov\u00e1bb b\u0151v\u00fclt az afrikai sert\u00e9spestis (ASP) miatti fert\u0151z\u00f6tt ter\u00fclet Magyarorsz\u00e1gon, az int\u00e9zked\u00e9sek els\u0151sorban a vadgazd\u00e1lkod\u00f3kat \u00e9rintik &#8211; tette k\u00f6zz\u00e9 a Nemzeti \u00c9lelmiszerl\u00e1nc-biztons\u00e1gi Hivatal (N\u00e9bih) a honlapj\u00e1n.<\/p>\n<\/div>\n<\/div>\n<div class=\"talalat contsrc_133  szurke \">class=&#8221;&#8221;&gt;<\/p>\n<p class=\"lead\">Tov\u00e1bb b\u0151v\u00fclt az afrikai sert\u00e9spestis (ASP) miatti fert\u0151z\u00f6tt ter\u00fclet Magyarorsz\u00e1gon, az int\u00e9zked\u00e9sek els\u0151sorban a vadgazd\u00e1lkod\u00f3kat \u00e9rintik &#8211; tette k\u00f6zz\u00e9 a Nemzeti \u00c9lelmiszerl\u00e1nc-biztons\u00e1gi Hivatal (N\u00e9bih) a honlapj\u00e1n.<\/p>\n<\/div>\n<div class=\"talalat contsrc_54  line-with-image-container\"><span class=\"line-with-image\"><span class=\"line-with-image-inner\" style=\"background-image:url('https:\/\/stat.hirstart.hu\/image\/20190903\/4863511\/nebih_tovabb_bovult_az_asp_miatti_fertozott_terulet-73x73-crop.jpg');background-repeat: no-repeat; background-size: 73.00px auto; width: 73.00px; height: 73.00px\"><\/span><\/span>class=&#8221;line-title-with-image&#8221;&gt;<\/p>\n<div class=\"line-with-image-search-padding\">\n<p class=\"lead\">Tov\u00e1bb b\u0151v\u00fclt az afrikai sert\u00e9spestis miatti fert\u0151z\u00f6tt ter\u00fclet Magyarorsz\u00e1gon.<\/p>\n<\/div>\n<\/div>\n<div class=\"talalat contsrc_854  szurke \">class=&#8221;&#8221;&gt;<\/p>\n<p class=\"lead\">Budapest &#8211; A Nemzeti \u00c9lelmiszerl\u00e1nc-biztons\u00e1gi Hivatal int\u00e9zked\u00e9sei els\u0151sorban a vadgazd\u00e1lkod\u00f3kra vonatkoznak.<\/p>\n<\/div>\n<div class=\"talalat contsrc_1048  line-with-image-container\"><span class=\"line-with-image\"><span class=\"line-with-image-inner\" style=\"background-image:url('https:\/\/stat.hirstart.hu\/image\/20190904\/4863615\/afrikai_sertespestis_nebih_tovabb_bovult_az_asp_miatti_fertozott_terul-73x73-crop.jpeg');background-repeat: no-repeat; background-size: 73.00px auto; width: 73.00px; height: 73.00px\"><\/span><\/span>class=&#8221;line-title-with-image&#8221;&gt;<\/p>\n<div class=\"line-with-image-search-padding\">\n<p class=\"lead\">Tov\u00e1bb b\u0151v\u00fclt az afrikai sert\u00e9spestis (ASP) miatti fert\u0151z\u00f6tt ter\u00fclet Magyarorsz\u00e1gon, az int\u00e9zked\u00e9sek els\u0151sorban a vadgazd\u00e1lkod\u00f3kat \u00e9rintik \u2013 tette k\u00f6zz\u00e9 a &#8230;<\/p>\n<\/div>\n<\/div>\n<\/div>\n<p><script>(function(d, s, id) {\n  var js, fjs = d.getElementsByTagName(s)[0];\n  if (d.getElementById(id)) return;\n  js = d.createElement(s); js.id = id;\n  js.src = \"http:\/\/connect.facebook.net\/hu_HU\/sdk.js#xfbml=1&version=v2.6\";\n  fjs.parentNode.insertBefore(js, fjs);\n}(document, 'script', 'facebook-jssdk'));<\/script><br \/>\n<br \/>[ad_2]<br \/>\n<br \/><a href=\"https:\/\/hirek.oldal.info\/rssclick\/14367388\">Source link <\/a><\/p>\n","protected":false},"excerpt":{"rendered":"<p>[ad_1] Tov\u00e1bb b\u0151v\u00fclt az afrikai sert\u00e9spestis (ASP) miatti fert\u0151z\u00f6tt ter\u00fclet Magyarorsz\u00e1gon, az int\u00e9zked\u00e9sek els\u0151sorban a vadgazd\u00e1lkod\u00f3kat \u00e9rintik &#8211; tette k\u00f6zz\u00e9 a Nemzeti \u00c9lelmiszerl\u00e1nc-biztons\u00e1gi Hivatal (N\u00e9bih) a honlapj\u00e1n.\u00a0 class=&#8221;&#8221;&gt; A Nemzeti \u00c9lelmiszerl\u00e1nc-biztons\u00e1gi Hivatal azt is k\u00f6z\u00f6lte, hogy tov\u00e1bb b\u0151v\u00fclt az afrikai sert\u00e9spestis (ASP) miatti fert\u0151z\u00f6tt ter\u00fclet Magyarorsz\u00e1gon. class=&#8221;line-title-with-image&#8221;&gt; Tov\u00e1bb b\u0151v\u00fclt az afrikai sert\u00e9spestis (ASP) miatti fert\u0151z\u00f6tt [&hellip;]<\/p>\n","protected":false},"author":2,"featured_media":1590,"comment_status":"open","ping_status":"open","sticky":false,"template":"","format":"standard","meta":{"footnotes":""},"categories":[1],"tags":[],"class_list":["post-1589","post","type-post","status-publish","format-standard","has-post-thumbnail","hentry","category-legujabb-penzugyi-hirek"],"yoast_head":"<!-- This site is optimized with the Yoast SEO plugin v27.4 - https:\/\/yoast.com\/product\/yoast-seo-wordpress\/ -->\n<title>Egyre jobban terjed az afrikai sert\u00e9spestis Magyarorsz\u00e1gon, f\u0151leg a keleti orsz\u00e1gr\u00e9szben - Hot News in World<\/title>\n<meta name=\"robots\" content=\"index, follow, max-snippet:-1, max-image-preview:large, max-video-preview:-1\" \/>\n<link rel=\"canonical\" href=\"https:\/\/hotnewsinworld.com\/hu\/egyre-jobban-terjed-az-afrikai-sertespestis-magyarorszagon-foleg-a-keleti-orszagreszben\/\" \/>\n<meta property=\"og:locale\" content=\"hu_HU\" \/>\n<meta property=\"og:type\" content=\"article\" \/>\n<meta property=\"og:title\" content=\"Egyre jobban terjed az afrikai sert\u00e9spestis Magyarorsz\u00e1gon, f\u0151leg a keleti orsz\u00e1gr\u00e9szben - Hot News in World\" \/>\n<meta property=\"og:description\" content=\"[ad_1] Tov\u00e1bb b\u0151v\u00fclt az afrikai sert\u00e9spestis (ASP) miatti fert\u0151z\u00f6tt ter\u00fclet Magyarorsz\u00e1gon, az int\u00e9zked\u00e9sek els\u0151sorban a vadgazd\u00e1lkod\u00f3kat \u00e9rintik &#8211; tette k\u00f6zz\u00e9 a Nemzeti \u00c9lelmiszerl\u00e1nc-biztons\u00e1gi Hivatal (N\u00e9bih) a honlapj\u00e1n.\u00a0 class=&#8221;&#8221;&gt; A Nemzeti \u00c9lelmiszerl\u00e1nc-biztons\u00e1gi Hivatal azt is k\u00f6z\u00f6lte, hogy tov\u00e1bb b\u0151v\u00fclt az afrikai sert\u00e9spestis (ASP) miatti fert\u0151z\u00f6tt ter\u00fclet Magyarorsz\u00e1gon. class=&#8221;line-title-with-image&#8221;&gt; Tov\u00e1bb b\u0151v\u00fclt az afrikai sert\u00e9spestis (ASP) miatti fert\u0151z\u00f6tt [&hellip;]\" \/>\n<meta property=\"og:url\" content=\"https:\/\/hotnewsinworld.com\/hu\/egyre-jobban-terjed-az-afrikai-sertespestis-magyarorszagon-foleg-a-keleti-orszagreszben\/\" \/>\n<meta property=\"og:site_name\" content=\"Hot News in World\" \/>\n<meta property=\"article:published_time\" content=\"2019-09-04T00:47:17+00:00\" \/>\n<meta property=\"article:modified_time\" content=\"2019-09-04T00:47:18+00:00\" \/>\n<meta property=\"og:image\" content=\"https:\/\/hotnewsinworld.com\/hu\/wp-content\/uploads\/sites\/3\/2019\/09\/Egyre-jobban-terjed-az-afrikai-sert\u00e9spestis-Magyarorsz\u00e1gon-f\u0151leg-a-keleti.jpg\" \/>\n\t<meta property=\"og:image:width\" content=\"600\" \/>\n\t<meta property=\"og:image:height\" content=\"315\" \/>\n\t<meta property=\"og:image:type\" content=\"image\/jpeg\" \/>\n<meta name=\"author\" content=\"hotnewsinworld\" \/>\n<meta name=\"twitter:card\" content=\"summary_large_image\" \/>\n<meta name=\"twitter:label1\" content=\"Szerz\u0151:\" \/>\n\t<meta name=\"twitter:data1\" content=\"hotnewsinworld\" \/>\n\t<meta name=\"twitter:label2\" content=\"Becs\u00fclt olvas\u00e1si id\u0151\" \/>\n\t<meta name=\"twitter:data2\" content=\"1 perc\" \/>\n<script type=\"application\/ld+json\" class=\"yoast-schema-graph\">{\"@context\":\"https:\\\/\\\/schema.org\",\"@graph\":[{\"@type\":\"Article\",\"@id\":\"https:\\\/\\\/hotnewsinworld.com\\\/hu\\\/egyre-jobban-terjed-az-afrikai-sertespestis-magyarorszagon-foleg-a-keleti-orszagreszben\\\/#article\",\"isPartOf\":{\"@id\":\"https:\\\/\\\/hotnewsinworld.com\\\/hu\\\/egyre-jobban-terjed-az-afrikai-sertespestis-magyarorszagon-foleg-a-keleti-orszagreszben\\\/\"},\"author\":{\"name\":\"hotnewsinworld\",\"@id\":\"https:\\\/\\\/hotnewsinworld.com\\\/hu\\\/#\\\/schema\\\/person\\\/fe61448b21c0d59086e75fcc1f9d8f6b\"},\"headline\":\"Egyre jobban terjed az afrikai sert\u00e9spestis Magyarorsz\u00e1gon, f\u0151leg a keleti orsz\u00e1gr\u00e9szben\",\"datePublished\":\"2019-09-04T00:47:17+00:00\",\"dateModified\":\"2019-09-04T00:47:18+00:00\",\"mainEntityOfPage\":{\"@id\":\"https:\\\/\\\/hotnewsinworld.com\\\/hu\\\/egyre-jobban-terjed-az-afrikai-sertespestis-magyarorszagon-foleg-a-keleti-orszagreszben\\\/\"},\"wordCount\":312,\"commentCount\":0,\"image\":{\"@id\":\"https:\\\/\\\/hotnewsinworld.com\\\/hu\\\/egyre-jobban-terjed-az-afrikai-sertespestis-magyarorszagon-foleg-a-keleti-orszagreszben\\\/#primaryimage\"},\"thumbnailUrl\":\"https:\\\/\\\/hotnewsinworld.com\\\/hu\\\/wp-content\\\/uploads\\\/sites\\\/3\\\/2019\\\/09\\\/Egyre-jobban-terjed-az-afrikai-sert\u00e9spestis-Magyarorsz\u00e1gon-f\u0151leg-a-keleti.jpg\",\"articleSection\":[\"LEG\u00daJABB P\u00c9NZ\u00dcGYI H\u00cdREK\"],\"inLanguage\":\"hu\",\"potentialAction\":[{\"@type\":\"CommentAction\",\"name\":\"Comment\",\"target\":[\"https:\\\/\\\/hotnewsinworld.com\\\/hu\\\/egyre-jobban-terjed-az-afrikai-sertespestis-magyarorszagon-foleg-a-keleti-orszagreszben\\\/#respond\"]}]},{\"@type\":\"WebPage\",\"@id\":\"https:\\\/\\\/hotnewsinworld.com\\\/hu\\\/egyre-jobban-terjed-az-afrikai-sertespestis-magyarorszagon-foleg-a-keleti-orszagreszben\\\/\",\"url\":\"https:\\\/\\\/hotnewsinworld.com\\\/hu\\\/egyre-jobban-terjed-az-afrikai-sertespestis-magyarorszagon-foleg-a-keleti-orszagreszben\\\/\",\"name\":\"Egyre jobban terjed az afrikai sert\u00e9spestis Magyarorsz\u00e1gon, f\u0151leg a keleti orsz\u00e1gr\u00e9szben - Hot News in World\",\"isPartOf\":{\"@id\":\"https:\\\/\\\/hotnewsinworld.com\\\/hu\\\/#website\"},\"primaryImageOfPage\":{\"@id\":\"https:\\\/\\\/hotnewsinworld.com\\\/hu\\\/egyre-jobban-terjed-az-afrikai-sertespestis-magyarorszagon-foleg-a-keleti-orszagreszben\\\/#primaryimage\"},\"image\":{\"@id\":\"https:\\\/\\\/hotnewsinworld.com\\\/hu\\\/egyre-jobban-terjed-az-afrikai-sertespestis-magyarorszagon-foleg-a-keleti-orszagreszben\\\/#primaryimage\"},\"thumbnailUrl\":\"https:\\\/\\\/hotnewsinworld.com\\\/hu\\\/wp-content\\\/uploads\\\/sites\\\/3\\\/2019\\\/09\\\/Egyre-jobban-terjed-az-afrikai-sert\u00e9spestis-Magyarorsz\u00e1gon-f\u0151leg-a-keleti.jpg\",\"datePublished\":\"2019-09-04T00:47:17+00:00\",\"dateModified\":\"2019-09-04T00:47:18+00:00\",\"author\":{\"@id\":\"https:\\\/\\\/hotnewsinworld.com\\\/hu\\\/#\\\/schema\\\/person\\\/fe61448b21c0d59086e75fcc1f9d8f6b\"},\"breadcrumb\":{\"@id\":\"https:\\\/\\\/hotnewsinworld.com\\\/hu\\\/egyre-jobban-terjed-az-afrikai-sertespestis-magyarorszagon-foleg-a-keleti-orszagreszben\\\/#breadcrumb\"},\"inLanguage\":\"hu\",\"potentialAction\":[{\"@type\":\"ReadAction\",\"target\":[\"https:\\\/\\\/hotnewsinworld.com\\\/hu\\\/egyre-jobban-terjed-az-afrikai-sertespestis-magyarorszagon-foleg-a-keleti-orszagreszben\\\/\"]}]},{\"@type\":\"ImageObject\",\"inLanguage\":\"hu\",\"@id\":\"https:\\\/\\\/hotnewsinworld.com\\\/hu\\\/egyre-jobban-terjed-az-afrikai-sertespestis-magyarorszagon-foleg-a-keleti-orszagreszben\\\/#primaryimage\",\"url\":\"https:\\\/\\\/hotnewsinworld.com\\\/hu\\\/wp-content\\\/uploads\\\/sites\\\/3\\\/2019\\\/09\\\/Egyre-jobban-terjed-az-afrikai-sert\u00e9spestis-Magyarorsz\u00e1gon-f\u0151leg-a-keleti.jpg\",\"contentUrl\":\"https:\\\/\\\/hotnewsinworld.com\\\/hu\\\/wp-content\\\/uploads\\\/sites\\\/3\\\/2019\\\/09\\\/Egyre-jobban-terjed-az-afrikai-sert\u00e9spestis-Magyarorsz\u00e1gon-f\u0151leg-a-keleti.jpg\",\"width\":600,\"height\":315,\"caption\":\"Egyre jobban terjed az afrikai sert\u00e9spestis Magyarorsz\u00e1gon, f\u0151leg a keleti orsz\u00e1gr\u00e9szben\"},{\"@type\":\"BreadcrumbList\",\"@id\":\"https:\\\/\\\/hotnewsinworld.com\\\/hu\\\/egyre-jobban-terjed-az-afrikai-sertespestis-magyarorszagon-foleg-a-keleti-orszagreszben\\\/#breadcrumb\",\"itemListElement\":[{\"@type\":\"ListItem\",\"position\":1,\"name\":\"\u0413\u043b\u0430\u0432\u043d\u0430\u044f \u0441\u0442\u0440\u0430\u043d\u0438\u0446\u0430\",\"item\":\"https:\\\/\\\/hotnewsinworld.com\\\/hu\\\/\"},{\"@type\":\"ListItem\",\"position\":2,\"name\":\"Egyre jobban terjed az afrikai sert\u00e9spestis Magyarorsz\u00e1gon, f\u0151leg a keleti orsz\u00e1gr\u00e9szben\"}]},{\"@type\":\"WebSite\",\"@id\":\"https:\\\/\\\/hotnewsinworld.com\\\/hu\\\/#website\",\"url\":\"https:\\\/\\\/hotnewsinworld.com\\\/hu\\\/\",\"name\":\"Hot News in World\",\"description\":\"Hot News in World from Hungary\",\"potentialAction\":[{\"@type\":\"SearchAction\",\"target\":{\"@type\":\"EntryPoint\",\"urlTemplate\":\"https:\\\/\\\/hotnewsinworld.com\\\/hu\\\/?s={search_term_string}\"},\"query-input\":{\"@type\":\"PropertyValueSpecification\",\"valueRequired\":true,\"valueName\":\"search_term_string\"}}],\"inLanguage\":\"hu\"},{\"@type\":\"Person\",\"@id\":\"https:\\\/\\\/hotnewsinworld.com\\\/hu\\\/#\\\/schema\\\/person\\\/fe61448b21c0d59086e75fcc1f9d8f6b\",\"name\":\"hotnewsinworld\",\"image\":{\"@type\":\"ImageObject\",\"inLanguage\":\"hu\",\"@id\":\"https:\\\/\\\/secure.gravatar.com\\\/avatar\\\/8a09ac165600ce2e1c38fe593c63928eb1e6e7ba5c5a907d67787c41b3d00c14?s=96&d=mm&r=g\",\"url\":\"https:\\\/\\\/secure.gravatar.com\\\/avatar\\\/8a09ac165600ce2e1c38fe593c63928eb1e6e7ba5c5a907d67787c41b3d00c14?s=96&d=mm&r=g\",\"contentUrl\":\"https:\\\/\\\/secure.gravatar.com\\\/avatar\\\/8a09ac165600ce2e1c38fe593c63928eb1e6e7ba5c5a907d67787c41b3d00c14?s=96&d=mm&r=g\",\"caption\":\"hotnewsinworld\"},\"url\":\"https:\\\/\\\/hotnewsinworld.com\\\/hu\\\/author\\\/pt\\\/\"}]}<\/script>\n<!-- \/ Yoast SEO plugin. -->","yoast_head_json":{"title":"Egyre jobban terjed az afrikai sert\u00e9spestis Magyarorsz\u00e1gon, f\u0151leg a keleti orsz\u00e1gr\u00e9szben - Hot News in World","robots":{"index":"index","follow":"follow","max-snippet":"max-snippet:-1","max-image-preview":"max-image-preview:large","max-video-preview":"max-video-preview:-1"},"canonical":"https:\/\/hotnewsinworld.com\/hu\/egyre-jobban-terjed-az-afrikai-sertespestis-magyarorszagon-foleg-a-keleti-orszagreszben\/","og_locale":"hu_HU","og_type":"article","og_title":"Egyre jobban terjed az afrikai sert\u00e9spestis Magyarorsz\u00e1gon, f\u0151leg a keleti orsz\u00e1gr\u00e9szben - Hot News in World","og_description":"[ad_1] Tov\u00e1bb b\u0151v\u00fclt az afrikai sert\u00e9spestis (ASP) miatti fert\u0151z\u00f6tt ter\u00fclet Magyarorsz\u00e1gon, az int\u00e9zked\u00e9sek els\u0151sorban a vadgazd\u00e1lkod\u00f3kat \u00e9rintik &#8211; tette k\u00f6zz\u00e9 a Nemzeti \u00c9lelmiszerl\u00e1nc-biztons\u00e1gi Hivatal (N\u00e9bih) a honlapj\u00e1n.\u00a0 class=&#8221;&#8221;&gt; A Nemzeti \u00c9lelmiszerl\u00e1nc-biztons\u00e1gi Hivatal azt is k\u00f6z\u00f6lte, hogy tov\u00e1bb b\u0151v\u00fclt az afrikai sert\u00e9spestis (ASP) miatti fert\u0151z\u00f6tt ter\u00fclet Magyarorsz\u00e1gon. class=&#8221;line-title-with-image&#8221;&gt; Tov\u00e1bb b\u0151v\u00fclt az afrikai sert\u00e9spestis (ASP) miatti fert\u0151z\u00f6tt [&hellip;]","og_url":"https:\/\/hotnewsinworld.com\/hu\/egyre-jobban-terjed-az-afrikai-sertespestis-magyarorszagon-foleg-a-keleti-orszagreszben\/","og_site_name":"Hot News in World","article_published_time":"2019-09-04T00:47:17+00:00","article_modified_time":"2019-09-04T00:47:18+00:00","og_image":[{"width":600,"height":315,"url":"https:\/\/hotnewsinworld.com\/hu\/wp-content\/uploads\/sites\/3\/2019\/09\/Egyre-jobban-terjed-az-afrikai-sert\u00e9spestis-Magyarorsz\u00e1gon-f\u0151leg-a-keleti.jpg","type":"image\/jpeg"}],"author":"hotnewsinworld","twitter_card":"summary_large_image","twitter_misc":{"Szerz\u0151:":"hotnewsinworld","Becs\u00fclt olvas\u00e1si id\u0151":"1 perc"},"schema":{"@context":"https:\/\/schema.org","@graph":[{"@type":"Article","@id":"https:\/\/hotnewsinworld.com\/hu\/egyre-jobban-terjed-az-afrikai-sertespestis-magyarorszagon-foleg-a-keleti-orszagreszben\/#article","isPartOf":{"@id":"https:\/\/hotnewsinworld.com\/hu\/egyre-jobban-terjed-az-afrikai-sertespestis-magyarorszagon-foleg-a-keleti-orszagreszben\/"},"author":{"name":"hotnewsinworld","@id":"https:\/\/hotnewsinworld.com\/hu\/#\/schema\/person\/fe61448b21c0d59086e75fcc1f9d8f6b"},"headline":"Egyre jobban terjed az afrikai sert\u00e9spestis Magyarorsz\u00e1gon, f\u0151leg a keleti orsz\u00e1gr\u00e9szben","datePublished":"2019-09-04T00:47:17+00:00","dateModified":"2019-09-04T00:47:18+00:00","mainEntityOfPage":{"@id":"https:\/\/hotnewsinworld.com\/hu\/egyre-jobban-terjed-az-afrikai-sertespestis-magyarorszagon-foleg-a-keleti-orszagreszben\/"},"wordCount":312,"commentCount":0,"image":{"@id":"https:\/\/hotnewsinworld.com\/hu\/egyre-jobban-terjed-az-afrikai-sertespestis-magyarorszagon-foleg-a-keleti-orszagreszben\/#primaryimage"},"thumbnailUrl":"https:\/\/hotnewsinworld.com\/hu\/wp-content\/uploads\/sites\/3\/2019\/09\/Egyre-jobban-terjed-az-afrikai-sert\u00e9spestis-Magyarorsz\u00e1gon-f\u0151leg-a-keleti.jpg","articleSection":["LEG\u00daJABB P\u00c9NZ\u00dcGYI H\u00cdREK"],"inLanguage":"hu","potentialAction":[{"@type":"CommentAction","name":"Comment","target":["https:\/\/hotnewsinworld.com\/hu\/egyre-jobban-terjed-az-afrikai-sertespestis-magyarorszagon-foleg-a-keleti-orszagreszben\/#respond"]}]},{"@type":"WebPage","@id":"https:\/\/hotnewsinworld.com\/hu\/egyre-jobban-terjed-az-afrikai-sertespestis-magyarorszagon-foleg-a-keleti-orszagreszben\/","url":"https:\/\/hotnewsinworld.com\/hu\/egyre-jobban-terjed-az-afrikai-sertespestis-magyarorszagon-foleg-a-keleti-orszagreszben\/","name":"Egyre jobban terjed az afrikai sert\u00e9spestis Magyarorsz\u00e1gon, f\u0151leg a keleti orsz\u00e1gr\u00e9szben - Hot News in World","isPartOf":{"@id":"https:\/\/hotnewsinworld.com\/hu\/#website"},"primaryImageOfPage":{"@id":"https:\/\/hotnewsinworld.com\/hu\/egyre-jobban-terjed-az-afrikai-sertespestis-magyarorszagon-foleg-a-keleti-orszagreszben\/#primaryimage"},"image":{"@id":"https:\/\/hotnewsinworld.com\/hu\/egyre-jobban-terjed-az-afrikai-sertespestis-magyarorszagon-foleg-a-keleti-orszagreszben\/#primaryimage"},"thumbnailUrl":"https:\/\/hotnewsinworld.com\/hu\/wp-content\/uploads\/sites\/3\/2019\/09\/Egyre-jobban-terjed-az-afrikai-sert\u00e9spestis-Magyarorsz\u00e1gon-f\u0151leg-a-keleti.jpg","datePublished":"2019-09-04T00:47:17+00:00","dateModified":"2019-09-04T00:47:18+00:00","author":{"@id":"https:\/\/hotnewsinworld.com\/hu\/#\/schema\/person\/fe61448b21c0d59086e75fcc1f9d8f6b"},"breadcrumb":{"@id":"https:\/\/hotnewsinworld.com\/hu\/egyre-jobban-terjed-az-afrikai-sertespestis-magyarorszagon-foleg-a-keleti-orszagreszben\/#breadcrumb"},"inLanguage":"hu","potentialAction":[{"@type":"ReadAction","target":["https:\/\/hotnewsinworld.com\/hu\/egyre-jobban-terjed-az-afrikai-sertespestis-magyarorszagon-foleg-a-keleti-orszagreszben\/"]}]},{"@type":"ImageObject","inLanguage":"hu","@id":"https:\/\/hotnewsinworld.com\/hu\/egyre-jobban-terjed-az-afrikai-sertespestis-magyarorszagon-foleg-a-keleti-orszagreszben\/#primaryimage","url":"https:\/\/hotnewsinworld.com\/hu\/wp-content\/uploads\/sites\/3\/2019\/09\/Egyre-jobban-terjed-az-afrikai-sert\u00e9spestis-Magyarorsz\u00e1gon-f\u0151leg-a-keleti.jpg","contentUrl":"https:\/\/hotnewsinworld.com\/hu\/wp-content\/uploads\/sites\/3\/2019\/09\/Egyre-jobban-terjed-az-afrikai-sert\u00e9spestis-Magyarorsz\u00e1gon-f\u0151leg-a-keleti.jpg","width":600,"height":315,"caption":"Egyre jobban terjed az afrikai sert\u00e9spestis Magyarorsz\u00e1gon, f\u0151leg a keleti orsz\u00e1gr\u00e9szben"},{"@type":"BreadcrumbList","@id":"https:\/\/hotnewsinworld.com\/hu\/egyre-jobban-terjed-az-afrikai-sertespestis-magyarorszagon-foleg-a-keleti-orszagreszben\/#breadcrumb","itemListElement":[{"@type":"ListItem","position":1,"name":"\u0413\u043b\u0430\u0432\u043d\u0430\u044f \u0441\u0442\u0440\u0430\u043d\u0438\u0446\u0430","item":"https:\/\/hotnewsinworld.com\/hu\/"},{"@type":"ListItem","position":2,"name":"Egyre jobban terjed az afrikai sert\u00e9spestis Magyarorsz\u00e1gon, f\u0151leg a keleti orsz\u00e1gr\u00e9szben"}]},{"@type":"WebSite","@id":"https:\/\/hotnewsinworld.com\/hu\/#website","url":"https:\/\/hotnewsinworld.com\/hu\/","name":"Hot News in World","description":"Hot News in World from Hungary","potentialAction":[{"@type":"SearchAction","target":{"@type":"EntryPoint","urlTemplate":"https:\/\/hotnewsinworld.com\/hu\/?s={search_term_string}"},"query-input":{"@type":"PropertyValueSpecification","valueRequired":true,"valueName":"search_term_string"}}],"inLanguage":"hu"},{"@type":"Person","@id":"https:\/\/hotnewsinworld.com\/hu\/#\/schema\/person\/fe61448b21c0d59086e75fcc1f9d8f6b","name":"hotnewsinworld","image":{"@type":"ImageObject","inLanguage":"hu","@id":"https:\/\/secure.gravatar.com\/avatar\/8a09ac165600ce2e1c38fe593c63928eb1e6e7ba5c5a907d67787c41b3d00c14?s=96&d=mm&r=g","url":"https:\/\/secure.gravatar.com\/avatar\/8a09ac165600ce2e1c38fe593c63928eb1e6e7ba5c5a907d67787c41b3d00c14?s=96&d=mm&r=g","contentUrl":"https:\/\/secure.gravatar.com\/avatar\/8a09ac165600ce2e1c38fe593c63928eb1e6e7ba5c5a907d67787c41b3d00c14?s=96&d=mm&r=g","caption":"hotnewsinworld"},"url":"https:\/\/hotnewsinworld.com\/hu\/author\/pt\/"}]}},"_links":{"self":[{"href":"https:\/\/hotnewsinworld.com\/hu\/wp-json\/wp\/v2\/posts\/1589","targetHints":{"allow":["GET"]}}],"collection":[{"href":"https:\/\/hotnewsinworld.com\/hu\/wp-json\/wp\/v2\/posts"}],"about":[{"href":"https:\/\/hotnewsinworld.com\/hu\/wp-json\/wp\/v2\/types\/post"}],"author":[{"embeddable":true,"href":"https:\/\/hotnewsinworld.com\/hu\/wp-json\/wp\/v2\/users\/2"}],"replies":[{"embeddable":true,"href":"https:\/\/hotnewsinworld.com\/hu\/wp-json\/wp\/v2\/comments?post=1589"}],"version-history":[{"count":1,"href":"https:\/\/hotnewsinworld.com\/hu\/wp-json\/wp\/v2\/posts\/1589\/revisions"}],"predecessor-version":[{"id":1591,"href":"https:\/\/hotnewsinworld.com\/hu\/wp-json\/wp\/v2\/posts\/1589\/revisions\/1591"}],"wp:featuredmedia":[{"embeddable":true,"href":"https:\/\/hotnewsinworld.com\/hu\/wp-json\/wp\/v2\/media\/1590"}],"wp:attachment":[{"href":"https:\/\/hotnewsinworld.com\/hu\/wp-json\/wp\/v2\/media?parent=1589"}],"wp:term":[{"taxonomy":"category","embeddable":true,"href":"https:\/\/hotnewsinworld.com\/hu\/wp-json\/wp\/v2\/categories?post=1589"},{"taxonomy":"post_tag","embeddable":true,"href":"https:\/\/hotnewsinworld.com\/hu\/wp-json\/wp\/v2\/tags?post=1589"}],"curies":[{"name":"wp","href":"https:\/\/api.w.org\/{rel}","templated":true}]}}