{"id":1595,"date":"2019-09-04T06:36:07","date_gmt":"2019-09-04T03:36:07","guid":{"rendered":"https:\/\/hotnewsinworld.com\/hu\/tamadnak-a-pollenek-de-a-lehules-segit\/"},"modified":"2019-09-04T06:36:08","modified_gmt":"2019-09-04T03:36:08","slug":"tamadnak-a-pollenek-de-a-lehules-segit","status":"publish","type":"post","link":"https:\/\/hotnewsinworld.com\/hu\/tamadnak-a-pollenek-de-a-lehules-segit\/","title":{"rendered":"T\u00e1madnak a pollenek, de a leh\u0171l\u00e9s seg\u00edt"},"content":{"rendered":"<p> [ad_1]<br \/>\n<\/p>\n<p> <span class=\"entry-author\"><span>F\u00e1bi\u00e1n Eszter<\/span><\/span>, <span class=\"posted-on\"><time class=\"entry-date published updated\" datetime=\"2019-09-04T05:30:28+00:00\">2019. 09. 04. 05:30<\/time><\/span><\/p>\n<div>\n<p><strong>Neh\u00e9z id\u0151szak keser\u00edti meg az allergi\u00e1sok \u00e9let\u00e9t, ugyanis most tet\u0151zik a parlagf\u0171 pollenkoncentr\u00e1ci\u00f3ja. B\u00e1r a mostani id\u0151j\u00e1r\u00e1s enyh\u00edti a t\u00fcneteket, \u00edgy is a lakoss\u00e1g \u00f6t\u00f6de, mintegy k\u00e9tmilli\u00f3 ember \u00e9rintett. Ilyenkor nemcsak a parlagf\u0171re de m\u00e1s pollenf\u00e9l\u00e9re \u00e9rz\u00e9kenyek t\u00fcnetei is \u00e1lland\u00f3sulhatnak \u00e9s er\u0151s\u00f6dhetnek. A t\u00e9m\u00e1ban a Lok\u00e1l dr. Zonga Igor allergol\u00f3gust\u00f3l k\u00e9rt tan\u00e1csot, hogy \u00e1tfog\u00f3 seg\u00edts\u00e9get ny\u00fajthassunk az allergi\u00e1ban szenved\u0151knek.<\/strong><span id=\"more-920362\"\/><\/p>\n<p><strong>Mi is az a pollen?<\/strong><\/p>\n<p>A pollen az vir\u00e1gpor, k\u00fcl\u00f6nb\u00f6z\u0151 n\u00f6v\u00e9nyek szapor\u00edt\u00f3anyaga. Az allergia nem maga a pollen miatt van, hanem a pollenekben megtal\u00e1lhat\u00f3 egy-egy feh\u00e9rje okoz az erre \u00e9rz\u00e9kenyekn\u00e9l allergi\u00e1s reakci\u00f3kat.<\/p>\n<p><strong>Mit kell tudni a parlagf\u0171r\u0151l?<\/strong><\/p>\n<p>A parlagf\u0171 szezonja \u00e1ltal\u00e1ban j\u00falius m\u00e1sodik fel\u00e9t\u0151l okt\u00f3berig tart, azonban az id\u0151j\u00e1r\u00e1s is befoly\u00e1solhatja.\u00a0A felmeleged\u00e9s hat\u00e1s\u00e1ra ugyanis egy \u00e9vben ak\u00e1r t\u00f6bbsz\u00f6r is vir\u00e1gozhatnak a gyomn\u00f6v\u00e9nyek, \u00e9s a parlagf\u0171 pollenkoncentr\u00e1ci\u00f3ja is sokkal magasabb lehet.<\/p>\n<p><strong>15 ezert\u0151l 5 milli\u00f3 forintos b\u00edrs\u00e1g<\/strong><\/p>\n<p>K\u00f6telez\u0151 gyomirt\u00e1ssal tehet\u00fcnk ellene, ugyanis az idei parlagf\u0171szezont\u00f3l \u00e9rv\u00e9nyes t\u00f6rv\u00e9nym\u00f3dos\u00edt\u00e1s \u00e9rtelm\u00e9ben a parlagf\u0171 elleni v\u00e9dekez\u00e9s m\u00e1r eg\u00e9sz \u00e9vben fenn\u00e1ll\u00f3 k\u00f6telezetts\u00e9g. A f\u00f6ldtulajdonosok a gyommentes\u00edt\u00e9ssel kapcsolatos szakmai inform\u00e1ci\u00f3k\u00e9rt a Nemzeti \u00c9lelmiszerl\u00e1nc-biztons\u00e1gi Hivatalhoz (N\u00e9bih) fordulhatnak.\u00a0Azokon a ter\u00fcleteken, ahol ennek nem tesznek eleget, az illet\u00e9kes hat\u00f3s\u00e1g k\u00f6z\u00e9rdek\u0171 v\u00e9dekez\u00e9st rendel el, \u00e9s n\u00f6v\u00e9nyv\u00e9delmi b\u00edrs\u00e1got szab ki, amelynek m\u00e9rt\u00e9ke 15 ezert\u0151l 5 milli\u00f3 forintig is terjedhet.<\/p>\n<div id=\"attachment_930901\" style=\"width: 792px\" class=\"wp-caption aligncenter\">\n<p class=\"wp-caption-text\">Egyetlen t\u00f6v\u00f6n, ak\u00e1r 60 ezer cs\u00edrak\u00e9pes mag teremhet, amit a sz\u00e9l 100 kilom\u00e9terre is sz\u00e9thordhat.\u00a0<br \/>MTVA\/Bizom\u00e1nyosi: Ol\u00e1h Tibor<br \/>***************************<\/p>\n<\/div>\n<p><strong>Asztma is kialakulhat<\/strong><\/p>\n<p>T\u00fcnetei: orrfoly\u00e1s, t\u00fcssz\u00f6g\u00e9s, garatviszket\u00e9s, k\u00f6nnyez\u00e9s,\u00a0 szemviszket\u00e9s, duzzadt\u00a0ny\u00e1lkah\u00e1rtya. Ha a t\u00fcd\u0151t is \u00e9rinti az allergi\u00e1s reakci\u00f3, akkor megjelenhet az asztma.<\/p>\n<p><strong>Gyakori hajmos\u00e1s is seg\u00edthet<\/strong><\/p>\n<p>A h\u00f6lgyeknek\u00a0 a hossz\u00fa haj miatt a gyakori hajmos\u00e1s aj\u00e1nlott, ugyanis a legt\u00f6bb pollen megtud tapadni a hajban. Ha olyan t\u00edpus\u00fa pollenallergi\u00e1ban szenved\u00fcnk, ami bizonyos ter\u00fcletekre korl\u00e1toz\u00f3dik, akkor azt el kell ker\u00fclni. A m\u00e1sik r\u00e9sze a v\u00e9dekez\u00e9snek a gy\u00f3gyszeres ter\u00e1pia, az antihisztamin-tartalm\u00fa tablett\u00e1k szed\u00e9se, amelyekb\u0151l m\u00e1r rengeteg fajta k\u00f6z\u00fcl v\u00e1laszthatunk, olyanok is vannak bel\u0151l\u00fck, amelyekn\u00e9l m\u00e1r a legismertebb mell\u00e9khat\u00e1s, az \u00e1lmoss\u00e1g sem l\u00e9p fel.<\/p>\n<p><strong>Gy\u00fcm\u00f6lcs\u00f6kt\u0151l is szenvedhetnek az allergi\u00e1sok<\/strong><\/p>\n<div id=\"attachment_930658\" style=\"width: 205px\" class=\"wp-caption alignleft\"><img loading=\"lazy\" decoding=\"async\" class=\" wp-image-frame wp-image-930658\" src=\"https:\/\/hotnewsinworld.com\/hu\/wp-content\/uploads\/sites\/3\/2019\/09\/1567568166_480_Tamadnak-a-pollenek-de-a-lehules-segit.jpg\" alt=\"\" width=\"195\" height=\"195\"  \/><\/p>\n<p class=\"wp-caption-text\">Barack: Profimedia, DPphoto<\/p>\n<\/div>\n<p>Sok parlagf\u0171-allergi\u00e1s keresztallergi\u00e1kt\u00f3l is szenved, azaz egyes z\u00f6lds\u00e9gekre-gy\u00fcm\u00f6lcs\u00f6kre is \u00e9rz\u00e9kenyen reag\u00e1l.<br \/>A leggyakoribb keresztallergi\u00e1k:<br \/><strong>Parlagf\u0171:<\/strong> \u0151szibarack, nektarin, dinnyef\u00e9l\u00e9k (g\u00f6r\u00f6gdinnye, s\u00e1rgadinnye), ban\u00e1n, t\u00f6k, uborka, cukkini, paradicsom, kamilla, napraforg\u00f3mag.<br \/><strong>Fekete \u00fcr\u00f6m:<\/strong> s\u00e1rgar\u00e9pa, petrezselyem, zeller, alma, kivi, f\u00f6ldimogyor\u00f3, egyes f\u0171szerek (pl. k\u00f6m\u00e9ny, \u00e9desk\u00f6m\u00e9ny).<br \/><strong>F\u00fcvek:<\/strong> paradicsom, burgonya, rozs, b\u00faza, bab, bors\u00f3, lencse, sz\u00f3ja, f\u00f6ldimogyor\u00f3, szentj\u00e1noskeny\u00e9r, \u00e9leszt\u0151, avok\u00e1d\u00f3, \u00e9desk\u00f6m\u00e9ny.<\/p>\n<p>\u00a0<\/p>\n<p><strong>Hidegfront: fejf\u00e1j\u00e1s, migr\u00e9n jelentkezhet<\/strong><br \/>Az elk\u00f6vetkez\u0151 napokban, az \u00e1tvonul\u00f3 hidegfrontot k\u00eds\u00e9r\u0151 csapad\u00e9k, valamint az er\u0151teljes leh\u0171l\u00e9s hat\u00e1s\u00e1ra v\u00e1rhat\u00f3an orsz\u00e1gszerte jelent\u0151sen m\u00e9rs\u00e9kl\u0151dni fog a parlagf\u0171-pollenterhel\u00e9s. Sajnos, az id\u0151j\u00e1r\u00e1s most legink\u00e1bb a hidegfrontra \u00e9rz\u00e9kenyeket terheli meg. Leg\u00e1ltal\u00e1nosabb panaszk\u00e9nt fejf\u00e1j\u00e1s, migr\u00e9n jelentkezhet.<\/p>\n<p><strong>D\u00e1vid: Pokol az \u00e9letem!<\/strong><\/p>\n<p>\u2013 \u00d6t \u00e9ven kereszt\u00fcl semmi bajom nem volt, de k\u00e9t hete egy pokol az \u00e9letem, ugyanis aludni sem tudok, leveg\u0151t is alig kapok, \u00e9s h\u00e1romf\u00e9le gy\u00f3gyszert pr\u00f3b\u00e1ltam, de egyik sem seg\u00edt \u2013 mondta lapunknak D\u00e1vid, aki parlagf\u0171-allergi\u00e1ban szenved.<\/p>\n<p>\u2013 Az orrom folyton be van dugulva, a szemem pedig folyamatosan \u00e9g, nem haszn\u00e1l semmi, a t\u00fcneteket csak minim\u00e1lisan enyh\u00edtik az erre a c\u00e9lra fogyasztott gy\u00f3gyte\u00e1k. Nincs mit tenni, ki kell v\u00e1rni, hogy v\u00e9get \u00e9rjen ez az id\u0151szak, a\u00a0 leh\u0171l\u00e9s seg\u00edt majd.<\/p>\n<div id=\"attachment_930736\" style=\"width: 810px\" class=\"wp-caption aligncenter\"><img loading=\"lazy\" decoding=\"async\" class=\"size-large wp-image-frame wp-image-930736\" src=\"https:\/\/hotnewsinworld.com\/hu\/wp-content\/uploads\/sites\/3\/2019\/09\/1567568167_481_Tamadnak-a-pollenek-de-a-lehules-segit.jpg\" alt=\"\" width=\"800\" height=\"534\"  \/><\/p>\n<p class=\"wp-caption-text\">illusztr\u00e1ci\u00f3 : Profimedia, DPphoto<\/p>\n<\/div>\n<p><img loading=\"lazy\" decoding=\"async\" class=\"aligncenter size-large wp-image-frame wp-image-930553\" src=\"https:\/\/hotnewsinworld.com\/hu\/wp-content\/uploads\/sites\/3\/2019\/09\/Tamadnak-a-pollenek-de-a-lehules-segit.png\" alt=\"\" width=\"800\" height=\"529\"  \/> <img loading=\"lazy\" decoding=\"async\" class=\"aligncenter size-large wp-image-frame wp-image-930556\" src=\"https:\/\/hotnewsinworld.com\/hu\/wp-content\/uploads\/sites\/3\/2019\/09\/1567568167_587_Tamadnak-a-pollenek-de-a-lehules-segit.png\" alt=\"\" width=\"800\" height=\"530\"  \/><\/p>\n<\/div>\n<p><script>(function(d, s, id) {\n  var js, fjs = d.getElementsByTagName(s)[0];\n  if (d.getElementById(id)) return;\n  js = d.createElement(s); js.id = id;\n  js.src = \"http:\/\/connect.facebook.net\/hu_HU\/sdk.js#xfbml=1&version=v2.3\";\n  fjs.parentNode.insertBefore(js, fjs);\n}(document, 'script', 'facebook-jssdk'));<\/script><br \/>\n<br \/>[ad_2]<br \/>\n<br \/><a href=\"https:\/\/hirek.oldal.info\/rssclick\/14367482\">Source link <\/a><\/p>\n","protected":false},"excerpt":{"rendered":"<p>[ad_1] F\u00e1bi\u00e1n Eszter, 2019. 09. 04. 05:30 Neh\u00e9z id\u0151szak keser\u00edti meg az allergi\u00e1sok \u00e9let\u00e9t, ugyanis most tet\u0151zik a parlagf\u0171 pollenkoncentr\u00e1ci\u00f3ja. B\u00e1r a mostani id\u0151j\u00e1r\u00e1s enyh\u00edti a t\u00fcneteket, \u00edgy is a lakoss\u00e1g \u00f6t\u00f6de, mintegy k\u00e9tmilli\u00f3 ember \u00e9rintett. Ilyenkor nemcsak a parlagf\u0171re de m\u00e1s pollenf\u00e9l\u00e9re \u00e9rz\u00e9kenyek t\u00fcnetei is \u00e1lland\u00f3sulhatnak \u00e9s er\u0151s\u00f6dhetnek. A t\u00e9m\u00e1ban a Lok\u00e1l dr. Zonga [&hellip;]<\/p>\n","protected":false},"author":2,"featured_media":1596,"comment_status":"open","ping_status":"open","sticky":false,"template":"","format":"standard","meta":{"footnotes":""},"categories":[1],"tags":[],"class_list":["post-1595","post","type-post","status-publish","format-standard","has-post-thumbnail","hentry","category-legujabb-penzugyi-hirek"],"yoast_head":"<!-- This site is optimized with the Yoast SEO plugin v27.4 - https:\/\/yoast.com\/product\/yoast-seo-wordpress\/ -->\n<title>T\u00e1madnak a pollenek, de a leh\u0171l\u00e9s seg\u00edt - Hot News in World<\/title>\n<meta name=\"robots\" content=\"index, follow, max-snippet:-1, max-image-preview:large, max-video-preview:-1\" \/>\n<link rel=\"canonical\" href=\"https:\/\/hotnewsinworld.com\/hu\/tamadnak-a-pollenek-de-a-lehules-segit\/\" \/>\n<meta property=\"og:locale\" content=\"hu_HU\" \/>\n<meta property=\"og:type\" content=\"article\" \/>\n<meta property=\"og:title\" content=\"T\u00e1madnak a pollenek, de a leh\u0171l\u00e9s seg\u00edt - Hot News in World\" \/>\n<meta property=\"og:description\" content=\"[ad_1] F\u00e1bi\u00e1n Eszter, 2019. 09. 04. 05:30 Neh\u00e9z id\u0151szak keser\u00edti meg az allergi\u00e1sok \u00e9let\u00e9t, ugyanis most tet\u0151zik a parlagf\u0171 pollenkoncentr\u00e1ci\u00f3ja. B\u00e1r a mostani id\u0151j\u00e1r\u00e1s enyh\u00edti a t\u00fcneteket, \u00edgy is a lakoss\u00e1g \u00f6t\u00f6de, mintegy k\u00e9tmilli\u00f3 ember \u00e9rintett. Ilyenkor nemcsak a parlagf\u0171re de m\u00e1s pollenf\u00e9l\u00e9re \u00e9rz\u00e9kenyek t\u00fcnetei is \u00e1lland\u00f3sulhatnak \u00e9s er\u0151s\u00f6dhetnek. A t\u00e9m\u00e1ban a Lok\u00e1l dr. Zonga [&hellip;]\" \/>\n<meta property=\"og:url\" content=\"https:\/\/hotnewsinworld.com\/hu\/tamadnak-a-pollenek-de-a-lehules-segit\/\" \/>\n<meta property=\"og:site_name\" content=\"Hot News in World\" \/>\n<meta property=\"article:published_time\" content=\"2019-09-04T03:36:07+00:00\" \/>\n<meta property=\"article:modified_time\" content=\"2019-09-04T03:36:08+00:00\" \/>\n<meta property=\"og:image\" content=\"https:\/\/hotnewsinworld.com\/hu\/wp-content\/uploads\/sites\/3\/2019\/09\/T\u00e1madnak-a-pollenek-de-a-leh\u0171l\u00e9s-seg\u00edt.jpg\" \/>\n\t<meta property=\"og:image:width\" content=\"782\" \/>\n\t<meta property=\"og:image:height\" content=\"600\" \/>\n\t<meta property=\"og:image:type\" content=\"image\/jpeg\" \/>\n<meta name=\"author\" content=\"hotnewsinworld\" \/>\n<meta name=\"twitter:card\" content=\"summary_large_image\" \/>\n<meta name=\"twitter:label1\" content=\"Szerz\u0151:\" \/>\n\t<meta name=\"twitter:data1\" content=\"hotnewsinworld\" \/>\n\t<meta name=\"twitter:label2\" content=\"Becs\u00fclt olvas\u00e1si id\u0151\" \/>\n\t<meta name=\"twitter:data2\" content=\"4 perc\" \/>\n<script type=\"application\/ld+json\" class=\"yoast-schema-graph\">{\"@context\":\"https:\\\/\\\/schema.org\",\"@graph\":[{\"@type\":\"Article\",\"@id\":\"https:\\\/\\\/hotnewsinworld.com\\\/hu\\\/tamadnak-a-pollenek-de-a-lehules-segit\\\/#article\",\"isPartOf\":{\"@id\":\"https:\\\/\\\/hotnewsinworld.com\\\/hu\\\/tamadnak-a-pollenek-de-a-lehules-segit\\\/\"},\"author\":{\"name\":\"hotnewsinworld\",\"@id\":\"https:\\\/\\\/hotnewsinworld.com\\\/hu\\\/#\\\/schema\\\/person\\\/fe61448b21c0d59086e75fcc1f9d8f6b\"},\"headline\":\"T\u00e1madnak a pollenek, de a leh\u0171l\u00e9s seg\u00edt\",\"datePublished\":\"2019-09-04T03:36:07+00:00\",\"dateModified\":\"2019-09-04T03:36:08+00:00\",\"mainEntityOfPage\":{\"@id\":\"https:\\\/\\\/hotnewsinworld.com\\\/hu\\\/tamadnak-a-pollenek-de-a-lehules-segit\\\/\"},\"wordCount\":788,\"commentCount\":0,\"image\":{\"@id\":\"https:\\\/\\\/hotnewsinworld.com\\\/hu\\\/tamadnak-a-pollenek-de-a-lehules-segit\\\/#primaryimage\"},\"thumbnailUrl\":\"https:\\\/\\\/hotnewsinworld.com\\\/hu\\\/wp-content\\\/uploads\\\/sites\\\/3\\\/2019\\\/09\\\/T\u00e1madnak-a-pollenek-de-a-leh\u0171l\u00e9s-seg\u00edt.jpg\",\"articleSection\":[\"LEG\u00daJABB P\u00c9NZ\u00dcGYI H\u00cdREK\"],\"inLanguage\":\"hu\",\"potentialAction\":[{\"@type\":\"CommentAction\",\"name\":\"Comment\",\"target\":[\"https:\\\/\\\/hotnewsinworld.com\\\/hu\\\/tamadnak-a-pollenek-de-a-lehules-segit\\\/#respond\"]}]},{\"@type\":\"WebPage\",\"@id\":\"https:\\\/\\\/hotnewsinworld.com\\\/hu\\\/tamadnak-a-pollenek-de-a-lehules-segit\\\/\",\"url\":\"https:\\\/\\\/hotnewsinworld.com\\\/hu\\\/tamadnak-a-pollenek-de-a-lehules-segit\\\/\",\"name\":\"T\u00e1madnak a pollenek, de a leh\u0171l\u00e9s seg\u00edt - Hot News in World\",\"isPartOf\":{\"@id\":\"https:\\\/\\\/hotnewsinworld.com\\\/hu\\\/#website\"},\"primaryImageOfPage\":{\"@id\":\"https:\\\/\\\/hotnewsinworld.com\\\/hu\\\/tamadnak-a-pollenek-de-a-lehules-segit\\\/#primaryimage\"},\"image\":{\"@id\":\"https:\\\/\\\/hotnewsinworld.com\\\/hu\\\/tamadnak-a-pollenek-de-a-lehules-segit\\\/#primaryimage\"},\"thumbnailUrl\":\"https:\\\/\\\/hotnewsinworld.com\\\/hu\\\/wp-content\\\/uploads\\\/sites\\\/3\\\/2019\\\/09\\\/T\u00e1madnak-a-pollenek-de-a-leh\u0171l\u00e9s-seg\u00edt.jpg\",\"datePublished\":\"2019-09-04T03:36:07+00:00\",\"dateModified\":\"2019-09-04T03:36:08+00:00\",\"author\":{\"@id\":\"https:\\\/\\\/hotnewsinworld.com\\\/hu\\\/#\\\/schema\\\/person\\\/fe61448b21c0d59086e75fcc1f9d8f6b\"},\"breadcrumb\":{\"@id\":\"https:\\\/\\\/hotnewsinworld.com\\\/hu\\\/tamadnak-a-pollenek-de-a-lehules-segit\\\/#breadcrumb\"},\"inLanguage\":\"hu\",\"potentialAction\":[{\"@type\":\"ReadAction\",\"target\":[\"https:\\\/\\\/hotnewsinworld.com\\\/hu\\\/tamadnak-a-pollenek-de-a-lehules-segit\\\/\"]}]},{\"@type\":\"ImageObject\",\"inLanguage\":\"hu\",\"@id\":\"https:\\\/\\\/hotnewsinworld.com\\\/hu\\\/tamadnak-a-pollenek-de-a-lehules-segit\\\/#primaryimage\",\"url\":\"https:\\\/\\\/hotnewsinworld.com\\\/hu\\\/wp-content\\\/uploads\\\/sites\\\/3\\\/2019\\\/09\\\/T\u00e1madnak-a-pollenek-de-a-leh\u0171l\u00e9s-seg\u00edt.jpg\",\"contentUrl\":\"https:\\\/\\\/hotnewsinworld.com\\\/hu\\\/wp-content\\\/uploads\\\/sites\\\/3\\\/2019\\\/09\\\/T\u00e1madnak-a-pollenek-de-a-leh\u0171l\u00e9s-seg\u00edt.jpg\",\"width\":782,\"height\":600,\"caption\":\"T\u00e1madnak a pollenek, de a leh\u0171l\u00e9s seg\u00edt\"},{\"@type\":\"BreadcrumbList\",\"@id\":\"https:\\\/\\\/hotnewsinworld.com\\\/hu\\\/tamadnak-a-pollenek-de-a-lehules-segit\\\/#breadcrumb\",\"itemListElement\":[{\"@type\":\"ListItem\",\"position\":1,\"name\":\"\u0413\u043b\u0430\u0432\u043d\u0430\u044f \u0441\u0442\u0440\u0430\u043d\u0438\u0446\u0430\",\"item\":\"https:\\\/\\\/hotnewsinworld.com\\\/hu\\\/\"},{\"@type\":\"ListItem\",\"position\":2,\"name\":\"T\u00e1madnak a pollenek, de a leh\u0171l\u00e9s seg\u00edt\"}]},{\"@type\":\"WebSite\",\"@id\":\"https:\\\/\\\/hotnewsinworld.com\\\/hu\\\/#website\",\"url\":\"https:\\\/\\\/hotnewsinworld.com\\\/hu\\\/\",\"name\":\"Hot News in World\",\"description\":\"Hot News in World from Hungary\",\"potentialAction\":[{\"@type\":\"SearchAction\",\"target\":{\"@type\":\"EntryPoint\",\"urlTemplate\":\"https:\\\/\\\/hotnewsinworld.com\\\/hu\\\/?s={search_term_string}\"},\"query-input\":{\"@type\":\"PropertyValueSpecification\",\"valueRequired\":true,\"valueName\":\"search_term_string\"}}],\"inLanguage\":\"hu\"},{\"@type\":\"Person\",\"@id\":\"https:\\\/\\\/hotnewsinworld.com\\\/hu\\\/#\\\/schema\\\/person\\\/fe61448b21c0d59086e75fcc1f9d8f6b\",\"name\":\"hotnewsinworld\",\"image\":{\"@type\":\"ImageObject\",\"inLanguage\":\"hu\",\"@id\":\"https:\\\/\\\/secure.gravatar.com\\\/avatar\\\/8a09ac165600ce2e1c38fe593c63928eb1e6e7ba5c5a907d67787c41b3d00c14?s=96&d=mm&r=g\",\"url\":\"https:\\\/\\\/secure.gravatar.com\\\/avatar\\\/8a09ac165600ce2e1c38fe593c63928eb1e6e7ba5c5a907d67787c41b3d00c14?s=96&d=mm&r=g\",\"contentUrl\":\"https:\\\/\\\/secure.gravatar.com\\\/avatar\\\/8a09ac165600ce2e1c38fe593c63928eb1e6e7ba5c5a907d67787c41b3d00c14?s=96&d=mm&r=g\",\"caption\":\"hotnewsinworld\"},\"url\":\"https:\\\/\\\/hotnewsinworld.com\\\/hu\\\/author\\\/pt\\\/\"}]}<\/script>\n<!-- \/ Yoast SEO plugin. -->","yoast_head_json":{"title":"T\u00e1madnak a pollenek, de a leh\u0171l\u00e9s seg\u00edt - Hot News in World","robots":{"index":"index","follow":"follow","max-snippet":"max-snippet:-1","max-image-preview":"max-image-preview:large","max-video-preview":"max-video-preview:-1"},"canonical":"https:\/\/hotnewsinworld.com\/hu\/tamadnak-a-pollenek-de-a-lehules-segit\/","og_locale":"hu_HU","og_type":"article","og_title":"T\u00e1madnak a pollenek, de a leh\u0171l\u00e9s seg\u00edt - Hot News in World","og_description":"[ad_1] F\u00e1bi\u00e1n Eszter, 2019. 09. 04. 05:30 Neh\u00e9z id\u0151szak keser\u00edti meg az allergi\u00e1sok \u00e9let\u00e9t, ugyanis most tet\u0151zik a parlagf\u0171 pollenkoncentr\u00e1ci\u00f3ja. B\u00e1r a mostani id\u0151j\u00e1r\u00e1s enyh\u00edti a t\u00fcneteket, \u00edgy is a lakoss\u00e1g \u00f6t\u00f6de, mintegy k\u00e9tmilli\u00f3 ember \u00e9rintett. Ilyenkor nemcsak a parlagf\u0171re de m\u00e1s pollenf\u00e9l\u00e9re \u00e9rz\u00e9kenyek t\u00fcnetei is \u00e1lland\u00f3sulhatnak \u00e9s er\u0151s\u00f6dhetnek. A t\u00e9m\u00e1ban a Lok\u00e1l dr. Zonga [&hellip;]","og_url":"https:\/\/hotnewsinworld.com\/hu\/tamadnak-a-pollenek-de-a-lehules-segit\/","og_site_name":"Hot News in World","article_published_time":"2019-09-04T03:36:07+00:00","article_modified_time":"2019-09-04T03:36:08+00:00","og_image":[{"width":782,"height":600,"url":"https:\/\/hotnewsinworld.com\/hu\/wp-content\/uploads\/sites\/3\/2019\/09\/T\u00e1madnak-a-pollenek-de-a-leh\u0171l\u00e9s-seg\u00edt.jpg","type":"image\/jpeg"}],"author":"hotnewsinworld","twitter_card":"summary_large_image","twitter_misc":{"Szerz\u0151:":"hotnewsinworld","Becs\u00fclt olvas\u00e1si id\u0151":"4 perc"},"schema":{"@context":"https:\/\/schema.org","@graph":[{"@type":"Article","@id":"https:\/\/hotnewsinworld.com\/hu\/tamadnak-a-pollenek-de-a-lehules-segit\/#article","isPartOf":{"@id":"https:\/\/hotnewsinworld.com\/hu\/tamadnak-a-pollenek-de-a-lehules-segit\/"},"author":{"name":"hotnewsinworld","@id":"https:\/\/hotnewsinworld.com\/hu\/#\/schema\/person\/fe61448b21c0d59086e75fcc1f9d8f6b"},"headline":"T\u00e1madnak a pollenek, de a leh\u0171l\u00e9s seg\u00edt","datePublished":"2019-09-04T03:36:07+00:00","dateModified":"2019-09-04T03:36:08+00:00","mainEntityOfPage":{"@id":"https:\/\/hotnewsinworld.com\/hu\/tamadnak-a-pollenek-de-a-lehules-segit\/"},"wordCount":788,"commentCount":0,"image":{"@id":"https:\/\/hotnewsinworld.com\/hu\/tamadnak-a-pollenek-de-a-lehules-segit\/#primaryimage"},"thumbnailUrl":"https:\/\/hotnewsinworld.com\/hu\/wp-content\/uploads\/sites\/3\/2019\/09\/T\u00e1madnak-a-pollenek-de-a-leh\u0171l\u00e9s-seg\u00edt.jpg","articleSection":["LEG\u00daJABB P\u00c9NZ\u00dcGYI H\u00cdREK"],"inLanguage":"hu","potentialAction":[{"@type":"CommentAction","name":"Comment","target":["https:\/\/hotnewsinworld.com\/hu\/tamadnak-a-pollenek-de-a-lehules-segit\/#respond"]}]},{"@type":"WebPage","@id":"https:\/\/hotnewsinworld.com\/hu\/tamadnak-a-pollenek-de-a-lehules-segit\/","url":"https:\/\/hotnewsinworld.com\/hu\/tamadnak-a-pollenek-de-a-lehules-segit\/","name":"T\u00e1madnak a pollenek, de a leh\u0171l\u00e9s seg\u00edt - Hot News in World","isPartOf":{"@id":"https:\/\/hotnewsinworld.com\/hu\/#website"},"primaryImageOfPage":{"@id":"https:\/\/hotnewsinworld.com\/hu\/tamadnak-a-pollenek-de-a-lehules-segit\/#primaryimage"},"image":{"@id":"https:\/\/hotnewsinworld.com\/hu\/tamadnak-a-pollenek-de-a-lehules-segit\/#primaryimage"},"thumbnailUrl":"https:\/\/hotnewsinworld.com\/hu\/wp-content\/uploads\/sites\/3\/2019\/09\/T\u00e1madnak-a-pollenek-de-a-leh\u0171l\u00e9s-seg\u00edt.jpg","datePublished":"2019-09-04T03:36:07+00:00","dateModified":"2019-09-04T03:36:08+00:00","author":{"@id":"https:\/\/hotnewsinworld.com\/hu\/#\/schema\/person\/fe61448b21c0d59086e75fcc1f9d8f6b"},"breadcrumb":{"@id":"https:\/\/hotnewsinworld.com\/hu\/tamadnak-a-pollenek-de-a-lehules-segit\/#breadcrumb"},"inLanguage":"hu","potentialAction":[{"@type":"ReadAction","target":["https:\/\/hotnewsinworld.com\/hu\/tamadnak-a-pollenek-de-a-lehules-segit\/"]}]},{"@type":"ImageObject","inLanguage":"hu","@id":"https:\/\/hotnewsinworld.com\/hu\/tamadnak-a-pollenek-de-a-lehules-segit\/#primaryimage","url":"https:\/\/hotnewsinworld.com\/hu\/wp-content\/uploads\/sites\/3\/2019\/09\/T\u00e1madnak-a-pollenek-de-a-leh\u0171l\u00e9s-seg\u00edt.jpg","contentUrl":"https:\/\/hotnewsinworld.com\/hu\/wp-content\/uploads\/sites\/3\/2019\/09\/T\u00e1madnak-a-pollenek-de-a-leh\u0171l\u00e9s-seg\u00edt.jpg","width":782,"height":600,"caption":"T\u00e1madnak a pollenek, de a leh\u0171l\u00e9s seg\u00edt"},{"@type":"BreadcrumbList","@id":"https:\/\/hotnewsinworld.com\/hu\/tamadnak-a-pollenek-de-a-lehules-segit\/#breadcrumb","itemListElement":[{"@type":"ListItem","position":1,"name":"\u0413\u043b\u0430\u0432\u043d\u0430\u044f \u0441\u0442\u0440\u0430\u043d\u0438\u0446\u0430","item":"https:\/\/hotnewsinworld.com\/hu\/"},{"@type":"ListItem","position":2,"name":"T\u00e1madnak a pollenek, de a leh\u0171l\u00e9s seg\u00edt"}]},{"@type":"WebSite","@id":"https:\/\/hotnewsinworld.com\/hu\/#website","url":"https:\/\/hotnewsinworld.com\/hu\/","name":"Hot News in World","description":"Hot News in World from Hungary","potentialAction":[{"@type":"SearchAction","target":{"@type":"EntryPoint","urlTemplate":"https:\/\/hotnewsinworld.com\/hu\/?s={search_term_string}"},"query-input":{"@type":"PropertyValueSpecification","valueRequired":true,"valueName":"search_term_string"}}],"inLanguage":"hu"},{"@type":"Person","@id":"https:\/\/hotnewsinworld.com\/hu\/#\/schema\/person\/fe61448b21c0d59086e75fcc1f9d8f6b","name":"hotnewsinworld","image":{"@type":"ImageObject","inLanguage":"hu","@id":"https:\/\/secure.gravatar.com\/avatar\/8a09ac165600ce2e1c38fe593c63928eb1e6e7ba5c5a907d67787c41b3d00c14?s=96&d=mm&r=g","url":"https:\/\/secure.gravatar.com\/avatar\/8a09ac165600ce2e1c38fe593c63928eb1e6e7ba5c5a907d67787c41b3d00c14?s=96&d=mm&r=g","contentUrl":"https:\/\/secure.gravatar.com\/avatar\/8a09ac165600ce2e1c38fe593c63928eb1e6e7ba5c5a907d67787c41b3d00c14?s=96&d=mm&r=g","caption":"hotnewsinworld"},"url":"https:\/\/hotnewsinworld.com\/hu\/author\/pt\/"}]}},"_links":{"self":[{"href":"https:\/\/hotnewsinworld.com\/hu\/wp-json\/wp\/v2\/posts\/1595","targetHints":{"allow":["GET"]}}],"collection":[{"href":"https:\/\/hotnewsinworld.com\/hu\/wp-json\/wp\/v2\/posts"}],"about":[{"href":"https:\/\/hotnewsinworld.com\/hu\/wp-json\/wp\/v2\/types\/post"}],"author":[{"embeddable":true,"href":"https:\/\/hotnewsinworld.com\/hu\/wp-json\/wp\/v2\/users\/2"}],"replies":[{"embeddable":true,"href":"https:\/\/hotnewsinworld.com\/hu\/wp-json\/wp\/v2\/comments?post=1595"}],"version-history":[{"count":1,"href":"https:\/\/hotnewsinworld.com\/hu\/wp-json\/wp\/v2\/posts\/1595\/revisions"}],"predecessor-version":[{"id":1597,"href":"https:\/\/hotnewsinworld.com\/hu\/wp-json\/wp\/v2\/posts\/1595\/revisions\/1597"}],"wp:featuredmedia":[{"embeddable":true,"href":"https:\/\/hotnewsinworld.com\/hu\/wp-json\/wp\/v2\/media\/1596"}],"wp:attachment":[{"href":"https:\/\/hotnewsinworld.com\/hu\/wp-json\/wp\/v2\/media?parent=1595"}],"wp:term":[{"taxonomy":"category","embeddable":true,"href":"https:\/\/hotnewsinworld.com\/hu\/wp-json\/wp\/v2\/categories?post=1595"},{"taxonomy":"post_tag","embeddable":true,"href":"https:\/\/hotnewsinworld.com\/hu\/wp-json\/wp\/v2\/tags?post=1595"}],"curies":[{"name":"wp","href":"https:\/\/api.w.org\/{rel}","templated":true}]}}