{"id":1604,"date":"2019-09-04T11:06:37","date_gmt":"2019-09-04T08:06:37","guid":{"rendered":"https:\/\/hotnewsinworld.com\/hu\/gyurcsany-ma-mar-nincs-ertelme-a-keritesrol-vitatkozni\/"},"modified":"2019-09-04T11:06:38","modified_gmt":"2019-09-04T08:06:38","slug":"gyurcsany-ma-mar-nincs-ertelme-a-keritesrol-vitatkozni","status":"publish","type":"post","link":"https:\/\/hotnewsinworld.com\/hu\/gyurcsany-ma-mar-nincs-ertelme-a-keritesrol-vitatkozni\/","title":{"rendered":"Gyurcs\u00e1ny: Ma m\u00e1r nincs \u00e9rtelme a ker\u00edt\u00e9sr\u0151l vitatkozni"},"content":{"rendered":"<p> [ad_1]<br \/>\n<\/p>\n<p>2019. szeptember 4. 09:54<\/p>\n<p>\n            A volt minisztereln\u00f6k azt is elmondta, az elm\u00falt harminc \u00e9vben \u00f6sszesen h\u00e1nyszor besz\u00e9lt Orb\u00e1n Viktorral.\n        <\/p>\n<div>\n<p>Gyurcs\u00e1ny Ferenc, a DK eln\u00f6ke az ATV Egyenes besz\u00e9d c\u00edm\u0171 m\u0171sor\u00e1nak vend\u00e9ge volt. Gyurcs\u00e1ny elmondta, harminc \u00e9v alatt a\u00a0h\u00e1rom nyilv\u00e1nos tal\u00e1lkoz\u00f3jukon k\u00edv\u00fcl soha nem besz\u00e9lt Orb\u00e1n Viktorral. Ez szerinte a jelenlegi minisztereln\u00f6k\u00f6n m\u00falt, aki t\u00e1vols\u00e1got tart t\u0151le.<\/p>\n<p><em>\u201eM\u00e1ra a ker\u00edt\u00e9s sokmindennek a szimb\u00f3lma\u201d<\/em>\u00a0\u2013 jelentette ki a DK len\u00f6ke.\u00a0Szerinte a ker\u00edt\u00e9s \u00e9pp\u00fagy lehet a biztons\u00e1g, ahogy a Fidesz lop\u00e1s\u00e1nak vagy\u00a0a hazugs\u00e1gnak a\u00a0szimb\u00f3luma. \u201e<em>Azt gondolom, hogy szimb\u00f3lumokkal nem kell k\u00fczdeni \u2013 mi a\u00a0 csud\u00e1nak k\u00f6lts\u00fcnk milli\u00e1rdokat annak lebont\u00e1s\u00e1ra?\u201d <\/em>Hozz\u00e1tette: a ker\u00edt\u00e9sr\u00f3l sz\u00f3l\u00f3 vita 2015-ben m\u00e9g egy \u00e9rtelmes vita volt, ma m\u00e1r nem az.\u00a0Gyurcs\u00e1ny szerint ma nincs menek\u00fcltkr\u00edzis, \u00e9s b\u00e1r sokf\u00e9lek\u00e9ppen lehet gondolkodni a menek\u00fcltk\u00e9rd\u00e9sr\u0151l, de emberek vagyunk, \u00e9s m\u00e9g a b\u00f6rt\u00f6nben is enni kell adni az ott l\u00e9v\u0151knek.<img decoding=\"async\" src=\"https:\/\/hotnewsinworld.com\/hu\/wp-content\/uploads\/sites\/3\/2019\/05\/Bangone-ot-legemlekezetesebb-villanasa-Mandiner.gif\" id=\"ga2\" class=\"ga_img\" \/><\/p>\n<p>Gyurcs\u00e1ny egyet\u00e9rtett Dobrev Kl\u00e1r\u00e1val abban, hogy a magyar ellenz\u00e9knek\u00a0fontos szerepe volt a fideszes EP-k\u00e9pvisel\u0151k bizotts\u00e1gi tiszts\u00e9gekbe t\u00f6rt\u00e9n\u0151 megv\u00e1laszt\u00e1s\u00e1nak megakad\u00e1lyoz\u00e1s\u00e1ban.\u00a0Gyurcs\u00e1ny kijelentette: az EP-ben r\u00e9g\u00f3ta van egy \u00edratlan szab\u00e1ly, amely szerint sz\u00e9ls\u0151jobb- \u00e9s sz\u00e9ls\u0151baloldali p\u00e1rtokat nem engednek a faz\u00e9k k\u00f6zel\u00e9be. Gyurcs\u00e1ny hozz\u00e1tette:\u00a0\u0151k ma m\u00e1r a Fideszt is sz\u00e9ls\u0151jobboldalinak tartj\u00e1k.<\/p>\n<p>A volt minisztereln\u00f6k besz\u00e9lt az eur\u00f3pai minim\u00e1lb\u00e9rr\u0151l is. Gyurcs\u00e1ny szerint ezt a\u00a0DK mellett\u00a0az Eur\u00f3pai Bizotts\u00e1g megv\u00e1lasztott eln\u00f6ke is t\u00e1mogatja. Ez elk\u00e9pzel\u00e9se szerint nem egy fix \u00f6sszeg lenne, hanem az adott orsz\u00e1gbeli \u00e1tlag- vagy medi\u00e1nj\u00f6vedelem meghat\u00e1rozott sz\u00e1zal\u00e9ka.\u00a0<\/p>\n<p>A teljes vide\u00f3t itt\u00a0tekintheti meg.<\/p>\n<p>(ATV)<\/p>\n<\/p><\/div>\n<p><script>\n!function(f,b,e,v,n,t,s)\n{if(f.fbq)return;n=f.fbq=function(){n.callMethod?\nn.callMethod.apply(n,arguments):n.queue.push(arguments)};\nif(!f._fbq)f._fbq=n;n.push=n;n.loaded=!0;n.version='2.0';\nn.queue=[];t=b.createElement(e);t.async=!0;\nt.src=v;s=b.getElementsByTagName(e)[0];\ns.parentNode.insertBefore(t,s)}(window,document,'script',\n'https:\/\/connect.facebook.net\/en_US\/fbevents.js');\n fbq('init', '477066539334141');\nfbq('track', 'PageView');<\/p>\n<p>fbq('track', 'ViewContent');\n<\/script><script>(function(d, s, id) {\n  var js, fjs = d.getElementsByTagName(s)[0];\n  if (d.getElementById(id)) return;\n  js = d.createElement(s); js.id = id;\n  js.src = 'https:\/\/connect.facebook.net\/hu_HU\/sdk.js#xfbml=1&version=v3.0&appId=279311132096749&autoLogAppEvents=1';\n  fjs.parentNode.insertBefore(js, fjs);\n}(document, 'script', 'facebook-jssdk'));<\/script><script>(function(d, s, id) {\n  var js, fjs = d.getElementsByTagName(s)[0];\n  if (d.getElementById(id)) return;\n  js = d.createElement(s); js.id = id;\n  js.src = \"http:\/\/connect.facebook.net\/hu_HU\/sdk.js#xfbml=1&version=v2.3&appId=279311132096749\";\n  fjs.parentNode.insertBefore(js, fjs);\n}(document, 'script', 'facebook-jssdk'));<\/script><br \/>\n<br \/>[ad_2]<br \/>\n<br \/><a href=\"https:\/\/hirek.oldal.info\/rssclick\/14368198\">Source link <\/a><\/p>\n","protected":false},"excerpt":{"rendered":"<p>[ad_1] 2019. szeptember 4. 09:54 A volt minisztereln\u00f6k azt is elmondta, az elm\u00falt harminc \u00e9vben \u00f6sszesen h\u00e1nyszor besz\u00e9lt Orb\u00e1n Viktorral. Gyurcs\u00e1ny Ferenc, a DK eln\u00f6ke az ATV Egyenes besz\u00e9d c\u00edm\u0171 m\u0171sor\u00e1nak vend\u00e9ge volt. Gyurcs\u00e1ny elmondta, harminc \u00e9v alatt a\u00a0h\u00e1rom nyilv\u00e1nos tal\u00e1lkoz\u00f3jukon k\u00edv\u00fcl soha nem besz\u00e9lt Orb\u00e1n Viktorral. Ez szerinte a jelenlegi minisztereln\u00f6k\u00f6n m\u00falt, aki t\u00e1vols\u00e1got [&hellip;]<\/p>\n","protected":false},"author":2,"featured_media":69,"comment_status":"open","ping_status":"open","sticky":false,"template":"","format":"standard","meta":{"footnotes":""},"categories":[1],"tags":[],"class_list":["post-1604","post","type-post","status-publish","format-standard","has-post-thumbnail","hentry","category-legujabb-penzugyi-hirek"],"yoast_head":"<!-- This site is optimized with the Yoast SEO plugin v27.4 - https:\/\/yoast.com\/product\/yoast-seo-wordpress\/ -->\n<title>Gyurcs\u00e1ny: Ma m\u00e1r nincs \u00e9rtelme a ker\u00edt\u00e9sr\u0151l vitatkozni - Hot News in World<\/title>\n<meta name=\"robots\" content=\"index, follow, max-snippet:-1, max-image-preview:large, max-video-preview:-1\" \/>\n<link rel=\"canonical\" href=\"https:\/\/hotnewsinworld.com\/hu\/gyurcsany-ma-mar-nincs-ertelme-a-keritesrol-vitatkozni\/\" \/>\n<meta property=\"og:locale\" content=\"hu_HU\" \/>\n<meta property=\"og:type\" content=\"article\" \/>\n<meta property=\"og:title\" content=\"Gyurcs\u00e1ny: Ma m\u00e1r nincs \u00e9rtelme a ker\u00edt\u00e9sr\u0151l vitatkozni - Hot News in World\" \/>\n<meta property=\"og:description\" content=\"[ad_1] 2019. szeptember 4. 09:54 A volt minisztereln\u00f6k azt is elmondta, az elm\u00falt harminc \u00e9vben \u00f6sszesen h\u00e1nyszor besz\u00e9lt Orb\u00e1n Viktorral. Gyurcs\u00e1ny Ferenc, a DK eln\u00f6ke az ATV Egyenes besz\u00e9d c\u00edm\u0171 m\u0171sor\u00e1nak vend\u00e9ge volt. Gyurcs\u00e1ny elmondta, harminc \u00e9v alatt a\u00a0h\u00e1rom nyilv\u00e1nos tal\u00e1lkoz\u00f3jukon k\u00edv\u00fcl soha nem besz\u00e9lt Orb\u00e1n Viktorral. Ez szerinte a jelenlegi minisztereln\u00f6k\u00f6n m\u00falt, aki t\u00e1vols\u00e1got [&hellip;]\" \/>\n<meta property=\"og:url\" content=\"https:\/\/hotnewsinworld.com\/hu\/gyurcsany-ma-mar-nincs-ertelme-a-keritesrol-vitatkozni\/\" \/>\n<meta property=\"og:site_name\" content=\"Hot News in World\" \/>\n<meta property=\"article:published_time\" content=\"2019-09-04T08:06:37+00:00\" \/>\n<meta property=\"article:modified_time\" content=\"2019-09-04T08:06:38+00:00\" \/>\n<meta property=\"og:image\" content=\"https:\/\/hotnewsinworld.com\/hu\/wp-content\/uploads\/sites\/3\/2019\/05\/Bang\u00f3n\u00e9-\u00f6t-legeml\u00e9kezetesebb-villan\u00e1sa-Mandiner.gif\" \/>\n\t<meta property=\"og:image:width\" content=\"2\" \/>\n\t<meta property=\"og:image:height\" content=\"2\" \/>\n\t<meta property=\"og:image:type\" content=\"image\/gif\" \/>\n<meta name=\"author\" content=\"hotnewsinworld\" \/>\n<meta name=\"twitter:card\" content=\"summary_large_image\" \/>\n<meta name=\"twitter:label1\" content=\"Szerz\u0151:\" \/>\n\t<meta name=\"twitter:data1\" content=\"hotnewsinworld\" \/>\n\t<meta name=\"twitter:label2\" content=\"Becs\u00fclt olvas\u00e1si id\u0151\" \/>\n\t<meta name=\"twitter:data2\" content=\"2 perc\" \/>\n<script type=\"application\/ld+json\" class=\"yoast-schema-graph\">{\"@context\":\"https:\\\/\\\/schema.org\",\"@graph\":[{\"@type\":\"Article\",\"@id\":\"https:\\\/\\\/hotnewsinworld.com\\\/hu\\\/gyurcsany-ma-mar-nincs-ertelme-a-keritesrol-vitatkozni\\\/#article\",\"isPartOf\":{\"@id\":\"https:\\\/\\\/hotnewsinworld.com\\\/hu\\\/gyurcsany-ma-mar-nincs-ertelme-a-keritesrol-vitatkozni\\\/\"},\"author\":{\"name\":\"hotnewsinworld\",\"@id\":\"https:\\\/\\\/hotnewsinworld.com\\\/hu\\\/#\\\/schema\\\/person\\\/fe61448b21c0d59086e75fcc1f9d8f6b\"},\"headline\":\"Gyurcs\u00e1ny: Ma m\u00e1r nincs \u00e9rtelme a ker\u00edt\u00e9sr\u0151l vitatkozni\",\"datePublished\":\"2019-09-04T08:06:37+00:00\",\"dateModified\":\"2019-09-04T08:06:38+00:00\",\"mainEntityOfPage\":{\"@id\":\"https:\\\/\\\/hotnewsinworld.com\\\/hu\\\/gyurcsany-ma-mar-nincs-ertelme-a-keritesrol-vitatkozni\\\/\"},\"wordCount\":374,\"commentCount\":0,\"image\":{\"@id\":\"https:\\\/\\\/hotnewsinworld.com\\\/hu\\\/gyurcsany-ma-mar-nincs-ertelme-a-keritesrol-vitatkozni\\\/#primaryimage\"},\"thumbnailUrl\":\"https:\\\/\\\/hotnewsinworld.com\\\/hu\\\/wp-content\\\/uploads\\\/sites\\\/3\\\/2019\\\/05\\\/Bang\u00f3n\u00e9-\u00f6t-legeml\u00e9kezetesebb-villan\u00e1sa-Mandiner.gif\",\"articleSection\":[\"LEG\u00daJABB P\u00c9NZ\u00dcGYI H\u00cdREK\"],\"inLanguage\":\"hu\",\"potentialAction\":[{\"@type\":\"CommentAction\",\"name\":\"Comment\",\"target\":[\"https:\\\/\\\/hotnewsinworld.com\\\/hu\\\/gyurcsany-ma-mar-nincs-ertelme-a-keritesrol-vitatkozni\\\/#respond\"]}]},{\"@type\":\"WebPage\",\"@id\":\"https:\\\/\\\/hotnewsinworld.com\\\/hu\\\/gyurcsany-ma-mar-nincs-ertelme-a-keritesrol-vitatkozni\\\/\",\"url\":\"https:\\\/\\\/hotnewsinworld.com\\\/hu\\\/gyurcsany-ma-mar-nincs-ertelme-a-keritesrol-vitatkozni\\\/\",\"name\":\"Gyurcs\u00e1ny: Ma m\u00e1r nincs \u00e9rtelme a ker\u00edt\u00e9sr\u0151l vitatkozni - Hot News in World\",\"isPartOf\":{\"@id\":\"https:\\\/\\\/hotnewsinworld.com\\\/hu\\\/#website\"},\"primaryImageOfPage\":{\"@id\":\"https:\\\/\\\/hotnewsinworld.com\\\/hu\\\/gyurcsany-ma-mar-nincs-ertelme-a-keritesrol-vitatkozni\\\/#primaryimage\"},\"image\":{\"@id\":\"https:\\\/\\\/hotnewsinworld.com\\\/hu\\\/gyurcsany-ma-mar-nincs-ertelme-a-keritesrol-vitatkozni\\\/#primaryimage\"},\"thumbnailUrl\":\"https:\\\/\\\/hotnewsinworld.com\\\/hu\\\/wp-content\\\/uploads\\\/sites\\\/3\\\/2019\\\/05\\\/Bang\u00f3n\u00e9-\u00f6t-legeml\u00e9kezetesebb-villan\u00e1sa-Mandiner.gif\",\"datePublished\":\"2019-09-04T08:06:37+00:00\",\"dateModified\":\"2019-09-04T08:06:38+00:00\",\"author\":{\"@id\":\"https:\\\/\\\/hotnewsinworld.com\\\/hu\\\/#\\\/schema\\\/person\\\/fe61448b21c0d59086e75fcc1f9d8f6b\"},\"breadcrumb\":{\"@id\":\"https:\\\/\\\/hotnewsinworld.com\\\/hu\\\/gyurcsany-ma-mar-nincs-ertelme-a-keritesrol-vitatkozni\\\/#breadcrumb\"},\"inLanguage\":\"hu\",\"potentialAction\":[{\"@type\":\"ReadAction\",\"target\":[\"https:\\\/\\\/hotnewsinworld.com\\\/hu\\\/gyurcsany-ma-mar-nincs-ertelme-a-keritesrol-vitatkozni\\\/\"]}]},{\"@type\":\"ImageObject\",\"inLanguage\":\"hu\",\"@id\":\"https:\\\/\\\/hotnewsinworld.com\\\/hu\\\/gyurcsany-ma-mar-nincs-ertelme-a-keritesrol-vitatkozni\\\/#primaryimage\",\"url\":\"https:\\\/\\\/hotnewsinworld.com\\\/hu\\\/wp-content\\\/uploads\\\/sites\\\/3\\\/2019\\\/05\\\/Bang\u00f3n\u00e9-\u00f6t-legeml\u00e9kezetesebb-villan\u00e1sa-Mandiner.gif\",\"contentUrl\":\"https:\\\/\\\/hotnewsinworld.com\\\/hu\\\/wp-content\\\/uploads\\\/sites\\\/3\\\/2019\\\/05\\\/Bang\u00f3n\u00e9-\u00f6t-legeml\u00e9kezetesebb-villan\u00e1sa-Mandiner.gif\",\"width\":2,\"height\":2,\"caption\":\"Bang\u00f3n\u00e9 \u00f6t legeml\u00e9kezetesebb villan\u00e1sa | Mandiner\"},{\"@type\":\"BreadcrumbList\",\"@id\":\"https:\\\/\\\/hotnewsinworld.com\\\/hu\\\/gyurcsany-ma-mar-nincs-ertelme-a-keritesrol-vitatkozni\\\/#breadcrumb\",\"itemListElement\":[{\"@type\":\"ListItem\",\"position\":1,\"name\":\"\u0413\u043b\u0430\u0432\u043d\u0430\u044f \u0441\u0442\u0440\u0430\u043d\u0438\u0446\u0430\",\"item\":\"https:\\\/\\\/hotnewsinworld.com\\\/hu\\\/\"},{\"@type\":\"ListItem\",\"position\":2,\"name\":\"Gyurcs\u00e1ny: Ma m\u00e1r nincs \u00e9rtelme a ker\u00edt\u00e9sr\u0151l vitatkozni\"}]},{\"@type\":\"WebSite\",\"@id\":\"https:\\\/\\\/hotnewsinworld.com\\\/hu\\\/#website\",\"url\":\"https:\\\/\\\/hotnewsinworld.com\\\/hu\\\/\",\"name\":\"Hot News in World\",\"description\":\"Hot News in World from Hungary\",\"potentialAction\":[{\"@type\":\"SearchAction\",\"target\":{\"@type\":\"EntryPoint\",\"urlTemplate\":\"https:\\\/\\\/hotnewsinworld.com\\\/hu\\\/?s={search_term_string}\"},\"query-input\":{\"@type\":\"PropertyValueSpecification\",\"valueRequired\":true,\"valueName\":\"search_term_string\"}}],\"inLanguage\":\"hu\"},{\"@type\":\"Person\",\"@id\":\"https:\\\/\\\/hotnewsinworld.com\\\/hu\\\/#\\\/schema\\\/person\\\/fe61448b21c0d59086e75fcc1f9d8f6b\",\"name\":\"hotnewsinworld\",\"image\":{\"@type\":\"ImageObject\",\"inLanguage\":\"hu\",\"@id\":\"https:\\\/\\\/secure.gravatar.com\\\/avatar\\\/8a09ac165600ce2e1c38fe593c63928eb1e6e7ba5c5a907d67787c41b3d00c14?s=96&d=mm&r=g\",\"url\":\"https:\\\/\\\/secure.gravatar.com\\\/avatar\\\/8a09ac165600ce2e1c38fe593c63928eb1e6e7ba5c5a907d67787c41b3d00c14?s=96&d=mm&r=g\",\"contentUrl\":\"https:\\\/\\\/secure.gravatar.com\\\/avatar\\\/8a09ac165600ce2e1c38fe593c63928eb1e6e7ba5c5a907d67787c41b3d00c14?s=96&d=mm&r=g\",\"caption\":\"hotnewsinworld\"},\"url\":\"https:\\\/\\\/hotnewsinworld.com\\\/hu\\\/author\\\/pt\\\/\"}]}<\/script>\n<!-- \/ Yoast SEO plugin. -->","yoast_head_json":{"title":"Gyurcs\u00e1ny: Ma m\u00e1r nincs \u00e9rtelme a ker\u00edt\u00e9sr\u0151l vitatkozni - Hot News in World","robots":{"index":"index","follow":"follow","max-snippet":"max-snippet:-1","max-image-preview":"max-image-preview:large","max-video-preview":"max-video-preview:-1"},"canonical":"https:\/\/hotnewsinworld.com\/hu\/gyurcsany-ma-mar-nincs-ertelme-a-keritesrol-vitatkozni\/","og_locale":"hu_HU","og_type":"article","og_title":"Gyurcs\u00e1ny: Ma m\u00e1r nincs \u00e9rtelme a ker\u00edt\u00e9sr\u0151l vitatkozni - Hot News in World","og_description":"[ad_1] 2019. szeptember 4. 09:54 A volt minisztereln\u00f6k azt is elmondta, az elm\u00falt harminc \u00e9vben \u00f6sszesen h\u00e1nyszor besz\u00e9lt Orb\u00e1n Viktorral. Gyurcs\u00e1ny Ferenc, a DK eln\u00f6ke az ATV Egyenes besz\u00e9d c\u00edm\u0171 m\u0171sor\u00e1nak vend\u00e9ge volt. Gyurcs\u00e1ny elmondta, harminc \u00e9v alatt a\u00a0h\u00e1rom nyilv\u00e1nos tal\u00e1lkoz\u00f3jukon k\u00edv\u00fcl soha nem besz\u00e9lt Orb\u00e1n Viktorral. Ez szerinte a jelenlegi minisztereln\u00f6k\u00f6n m\u00falt, aki t\u00e1vols\u00e1got [&hellip;]","og_url":"https:\/\/hotnewsinworld.com\/hu\/gyurcsany-ma-mar-nincs-ertelme-a-keritesrol-vitatkozni\/","og_site_name":"Hot News in World","article_published_time":"2019-09-04T08:06:37+00:00","article_modified_time":"2019-09-04T08:06:38+00:00","og_image":[{"width":2,"height":2,"url":"https:\/\/hotnewsinworld.com\/hu\/wp-content\/uploads\/sites\/3\/2019\/05\/Bang\u00f3n\u00e9-\u00f6t-legeml\u00e9kezetesebb-villan\u00e1sa-Mandiner.gif","type":"image\/gif"}],"author":"hotnewsinworld","twitter_card":"summary_large_image","twitter_misc":{"Szerz\u0151:":"hotnewsinworld","Becs\u00fclt olvas\u00e1si id\u0151":"2 perc"},"schema":{"@context":"https:\/\/schema.org","@graph":[{"@type":"Article","@id":"https:\/\/hotnewsinworld.com\/hu\/gyurcsany-ma-mar-nincs-ertelme-a-keritesrol-vitatkozni\/#article","isPartOf":{"@id":"https:\/\/hotnewsinworld.com\/hu\/gyurcsany-ma-mar-nincs-ertelme-a-keritesrol-vitatkozni\/"},"author":{"name":"hotnewsinworld","@id":"https:\/\/hotnewsinworld.com\/hu\/#\/schema\/person\/fe61448b21c0d59086e75fcc1f9d8f6b"},"headline":"Gyurcs\u00e1ny: Ma m\u00e1r nincs \u00e9rtelme a ker\u00edt\u00e9sr\u0151l vitatkozni","datePublished":"2019-09-04T08:06:37+00:00","dateModified":"2019-09-04T08:06:38+00:00","mainEntityOfPage":{"@id":"https:\/\/hotnewsinworld.com\/hu\/gyurcsany-ma-mar-nincs-ertelme-a-keritesrol-vitatkozni\/"},"wordCount":374,"commentCount":0,"image":{"@id":"https:\/\/hotnewsinworld.com\/hu\/gyurcsany-ma-mar-nincs-ertelme-a-keritesrol-vitatkozni\/#primaryimage"},"thumbnailUrl":"https:\/\/hotnewsinworld.com\/hu\/wp-content\/uploads\/sites\/3\/2019\/05\/Bang\u00f3n\u00e9-\u00f6t-legeml\u00e9kezetesebb-villan\u00e1sa-Mandiner.gif","articleSection":["LEG\u00daJABB P\u00c9NZ\u00dcGYI H\u00cdREK"],"inLanguage":"hu","potentialAction":[{"@type":"CommentAction","name":"Comment","target":["https:\/\/hotnewsinworld.com\/hu\/gyurcsany-ma-mar-nincs-ertelme-a-keritesrol-vitatkozni\/#respond"]}]},{"@type":"WebPage","@id":"https:\/\/hotnewsinworld.com\/hu\/gyurcsany-ma-mar-nincs-ertelme-a-keritesrol-vitatkozni\/","url":"https:\/\/hotnewsinworld.com\/hu\/gyurcsany-ma-mar-nincs-ertelme-a-keritesrol-vitatkozni\/","name":"Gyurcs\u00e1ny: Ma m\u00e1r nincs \u00e9rtelme a ker\u00edt\u00e9sr\u0151l vitatkozni - Hot News in World","isPartOf":{"@id":"https:\/\/hotnewsinworld.com\/hu\/#website"},"primaryImageOfPage":{"@id":"https:\/\/hotnewsinworld.com\/hu\/gyurcsany-ma-mar-nincs-ertelme-a-keritesrol-vitatkozni\/#primaryimage"},"image":{"@id":"https:\/\/hotnewsinworld.com\/hu\/gyurcsany-ma-mar-nincs-ertelme-a-keritesrol-vitatkozni\/#primaryimage"},"thumbnailUrl":"https:\/\/hotnewsinworld.com\/hu\/wp-content\/uploads\/sites\/3\/2019\/05\/Bang\u00f3n\u00e9-\u00f6t-legeml\u00e9kezetesebb-villan\u00e1sa-Mandiner.gif","datePublished":"2019-09-04T08:06:37+00:00","dateModified":"2019-09-04T08:06:38+00:00","author":{"@id":"https:\/\/hotnewsinworld.com\/hu\/#\/schema\/person\/fe61448b21c0d59086e75fcc1f9d8f6b"},"breadcrumb":{"@id":"https:\/\/hotnewsinworld.com\/hu\/gyurcsany-ma-mar-nincs-ertelme-a-keritesrol-vitatkozni\/#breadcrumb"},"inLanguage":"hu","potentialAction":[{"@type":"ReadAction","target":["https:\/\/hotnewsinworld.com\/hu\/gyurcsany-ma-mar-nincs-ertelme-a-keritesrol-vitatkozni\/"]}]},{"@type":"ImageObject","inLanguage":"hu","@id":"https:\/\/hotnewsinworld.com\/hu\/gyurcsany-ma-mar-nincs-ertelme-a-keritesrol-vitatkozni\/#primaryimage","url":"https:\/\/hotnewsinworld.com\/hu\/wp-content\/uploads\/sites\/3\/2019\/05\/Bang\u00f3n\u00e9-\u00f6t-legeml\u00e9kezetesebb-villan\u00e1sa-Mandiner.gif","contentUrl":"https:\/\/hotnewsinworld.com\/hu\/wp-content\/uploads\/sites\/3\/2019\/05\/Bang\u00f3n\u00e9-\u00f6t-legeml\u00e9kezetesebb-villan\u00e1sa-Mandiner.gif","width":2,"height":2,"caption":"Bang\u00f3n\u00e9 \u00f6t legeml\u00e9kezetesebb villan\u00e1sa | Mandiner"},{"@type":"BreadcrumbList","@id":"https:\/\/hotnewsinworld.com\/hu\/gyurcsany-ma-mar-nincs-ertelme-a-keritesrol-vitatkozni\/#breadcrumb","itemListElement":[{"@type":"ListItem","position":1,"name":"\u0413\u043b\u0430\u0432\u043d\u0430\u044f \u0441\u0442\u0440\u0430\u043d\u0438\u0446\u0430","item":"https:\/\/hotnewsinworld.com\/hu\/"},{"@type":"ListItem","position":2,"name":"Gyurcs\u00e1ny: Ma m\u00e1r nincs \u00e9rtelme a ker\u00edt\u00e9sr\u0151l vitatkozni"}]},{"@type":"WebSite","@id":"https:\/\/hotnewsinworld.com\/hu\/#website","url":"https:\/\/hotnewsinworld.com\/hu\/","name":"Hot News in World","description":"Hot News in World from Hungary","potentialAction":[{"@type":"SearchAction","target":{"@type":"EntryPoint","urlTemplate":"https:\/\/hotnewsinworld.com\/hu\/?s={search_term_string}"},"query-input":{"@type":"PropertyValueSpecification","valueRequired":true,"valueName":"search_term_string"}}],"inLanguage":"hu"},{"@type":"Person","@id":"https:\/\/hotnewsinworld.com\/hu\/#\/schema\/person\/fe61448b21c0d59086e75fcc1f9d8f6b","name":"hotnewsinworld","image":{"@type":"ImageObject","inLanguage":"hu","@id":"https:\/\/secure.gravatar.com\/avatar\/8a09ac165600ce2e1c38fe593c63928eb1e6e7ba5c5a907d67787c41b3d00c14?s=96&d=mm&r=g","url":"https:\/\/secure.gravatar.com\/avatar\/8a09ac165600ce2e1c38fe593c63928eb1e6e7ba5c5a907d67787c41b3d00c14?s=96&d=mm&r=g","contentUrl":"https:\/\/secure.gravatar.com\/avatar\/8a09ac165600ce2e1c38fe593c63928eb1e6e7ba5c5a907d67787c41b3d00c14?s=96&d=mm&r=g","caption":"hotnewsinworld"},"url":"https:\/\/hotnewsinworld.com\/hu\/author\/pt\/"}]}},"_links":{"self":[{"href":"https:\/\/hotnewsinworld.com\/hu\/wp-json\/wp\/v2\/posts\/1604","targetHints":{"allow":["GET"]}}],"collection":[{"href":"https:\/\/hotnewsinworld.com\/hu\/wp-json\/wp\/v2\/posts"}],"about":[{"href":"https:\/\/hotnewsinworld.com\/hu\/wp-json\/wp\/v2\/types\/post"}],"author":[{"embeddable":true,"href":"https:\/\/hotnewsinworld.com\/hu\/wp-json\/wp\/v2\/users\/2"}],"replies":[{"embeddable":true,"href":"https:\/\/hotnewsinworld.com\/hu\/wp-json\/wp\/v2\/comments?post=1604"}],"version-history":[{"count":1,"href":"https:\/\/hotnewsinworld.com\/hu\/wp-json\/wp\/v2\/posts\/1604\/revisions"}],"predecessor-version":[{"id":1605,"href":"https:\/\/hotnewsinworld.com\/hu\/wp-json\/wp\/v2\/posts\/1604\/revisions\/1605"}],"wp:featuredmedia":[{"embeddable":true,"href":"https:\/\/hotnewsinworld.com\/hu\/wp-json\/wp\/v2\/media\/69"}],"wp:attachment":[{"href":"https:\/\/hotnewsinworld.com\/hu\/wp-json\/wp\/v2\/media?parent=1604"}],"wp:term":[{"taxonomy":"category","embeddable":true,"href":"https:\/\/hotnewsinworld.com\/hu\/wp-json\/wp\/v2\/categories?post=1604"},{"taxonomy":"post_tag","embeddable":true,"href":"https:\/\/hotnewsinworld.com\/hu\/wp-json\/wp\/v2\/tags?post=1604"}],"curies":[{"name":"wp","href":"https:\/\/api.w.org\/{rel}","templated":true}]}}