{"id":1606,"date":"2019-09-04T12:26:10","date_gmt":"2019-09-04T09:26:10","guid":{"rendered":"https:\/\/hotnewsinworld.com\/hu\/adrian-rus-tiszta-vizet-ontott-a-poharba-a-magyar-allampolgarsaggal-kapcsolatban\/"},"modified":"2019-09-04T12:26:11","modified_gmt":"2019-09-04T09:26:11","slug":"adrian-rus-tiszta-vizet-ontott-a-poharba-a-magyar-allampolgarsaggal-kapcsolatban","status":"publish","type":"post","link":"https:\/\/hotnewsinworld.com\/hu\/adrian-rus-tiszta-vizet-ontott-a-poharba-a-magyar-allampolgarsaggal-kapcsolatban\/","title":{"rendered":"Adrian Rus tiszta vizet \u00f6nt\u00f6tt a poh\u00e1rba a magyar \u00e1llampolg\u00e1rs\u00e1ggal kapcsolatban"},"content":{"rendered":"<p> [ad_1]<br \/>\n<\/p>\n<div id=\"\">\n<h2>Adrian Rus tiszta vizet \u00f6nt\u00f6tt a poh\u00e1rba a magyar \u00e1llampolg\u00e1rs\u00e1ggal kapcsolatban<\/h2>\n<p class=\"lead\">Adrian Rus egy interj\u00faban besz\u00e9lt a magyar \u00e1llampolg\u00e1rs\u00e1g\u00e1r\u00f3l \u00e9s a magyarok ir\u00e1nti tiszteletr\u0151l.&#13;\n<\/p>\n<div class=\"image-wrapper hascaption\">\n<p>Fot\u00f3: Feh\u00e9rv\u00e1r FC<\/p>\n<\/p><\/div>\n<p>\u201eA sz\u00fcleim rom\u00e1nok, itt \u00e9lnek Rom\u00e1ni\u00e1ban. Megtanultam magyarul, mert magyarok k\u00f6zt n\u0151ttem fel. Szatm\u00e1rn\u00e9meti hat\u00e1r menti v\u00e1ros, sokan tudnak magyarul. A gyerekkori bar\u00e1taim magyarok, akik csak magyarul besz\u00e9ltek\u201d \u2013 \u00e1rulta el Adrian Rus a maszol.ro-nak amit a nemzetisport.hu szeml\u00e9zett. A Feh\u00e9rv\u00e1r j\u00e1t\u00e9kosa kit\u00e9rt arra is, mi\u00e9rt j\u00f6tt Magyarorsz\u00e1gra j\u00e1tszani, illetve mi\u00e9rt nem mutatkozott be v\u00e9g\u00fcl a magyar ut\u00e1np\u00f3tl\u00e1s-v\u00e1logatottban.<\/p>\n<p>&#13;<\/p>\n<p>\u201eVolt egy s\u00e9r\u00fcl\u00e9sem, \u00f6sszeestem, el\u00e1jultam. Az otthoni orvosok nem tudt\u00e1k az ok\u00e1t. Nem akartak kock\u00e1ztatni, ez\u00e9rt nem adt\u00e1k meg az enged\u00e9lyt, hogy tov\u00e1bb j\u00e1tszhassam. Elmentem Magyarorsz\u00e1gra, Debrecenbe. Egy ottani szakorvos megn\u00e9zte a kor\u00e1bbi orvosi jelent\u00e9seket, azt mondta, egy ilyen egyszer az \u00e9letben b\u00e1rkivel el\u0151fordulhat. Ez\u00e9rt mentem Magyarorsz\u00e1gra. Nem akartam abbahagyni a futballt.\u201d- \u00e1rulta el Rus.<\/p>\n<p>&#13;<\/p>\n<p>A j\u00e1t\u00e9kos azt is elmondta, hogy \u201emajdnem magyar ut\u00e1np\u00f3tl\u00e1s-v\u00e1logatott lettem. Amikor feljutottunk a Balmaz\u00fajv\u00e1rossal az NB I-be, nem is tudtam j\u00f3form\u00e1n \u00fcnnepelni a sr\u00e1cokkal a feljut\u00e1st. Mert \u00e9n egyb\u0151l mentem Ausztri\u00e1ba \u2013 a magyar sz\u00f6vets\u00e9g k\u00fcld\u00f6tt egy aut\u00f3t ut\u00e1nam \u2013, a magyar U21-es v\u00e1logatotthoz. Mert beh\u00edvtak, \u00e9n elv\u00e1llaltam, hogy j\u00e1tsszak ott. Mondtam, hogy igen, persze, megyek, mert akkor Rom\u00e1ni\u00e1ban nem engedtek j\u00e1tszani. K\u00e9t napja voltam Ausztri\u00e1ban, valaki telefon\u00e1lt az UEFA-t\u00f3l, hogy nincsenek rendben a pap\u00edrjaim. Az \u00e1llampolg\u00e1rs\u00e1gommal volt a gond, mert h\u00e1rom lej\u00e1tszott \u00e9vem kellett volna hogy legyen Magyarorsz\u00e1gon az U21-ben vagy \u00f6t \u00e9v a feln\u0151ttcsapatban. \u00c9s az \u00e1llampolg\u00e1rs\u00e1got a nagymam\u00e1m r\u00e9v\u00e9n kellett volna megkapnom. \u00dagyhogy hazamentem Balmaz\u00fajv\u00e1rosba, f\u00e9l \u00e9vet j\u00e1tszottam az NB I-ben, \u00e9s akkor h\u00edvtak be a rom\u00e1n U21-es v\u00e1logatottba, egy edz\u0151meccsre, \u00e9s az\u00f3ta mindig beh\u00edvtak.\u201d<\/p>\n<p>&#13;<\/p>\n<p>\u201e\u00c9n ugyan\u00fagy tisztelem a magyar \u00e9s a rom\u00e1n nemzetet. Sajn\u00e1lom, hogy kiforgatt\u00e1k a szavaim. M\u00e1rciusban, amikor Spanyolorsz\u00e1gban voltam edz\u0151meccsen a rom\u00e1n U21-gyel, elmondtam a rom\u00e1n sajt\u00f3nak, hogy h\u00e1l\u00e1s vagyok Magyarorsz\u00e1gnak, \u00e9s szomor\u00fa voltam persze, mikor azt mondt\u00e1k Rom\u00e1ni\u00e1ban, hogy t\u00f6bbet nem futballozhatok. H\u00e1l\u00e1s vagyok Magyarorsz\u00e1gnak, hogy megadta ezt a lehet\u0151s\u00e9get, mert a futball az \u00e9letem. Egyed\u00fcl ehhez \u00e9rtek. Sok cikket \u00edrnak, olyasmiket adnak a sz\u00e1mba, amiket nem is mondtam. Nem mondtam azt, hogy h\u00fclyes\u00e9g volt felvenni a magyar \u00e1llampolg\u00e1rs\u00e1got, \u00e9s azt sem, hogy a Magyarorsz\u00e1gon t\u00f6lt\u00f6tt id\u0151 kellemetlen epiz\u00f3d volt az \u00e9letemben.\u201d \u2013 mondta Adrian Rus akivel kapcsolatban nemr\u00e9g a Rom\u00e1n Labdar\u00fag\u00f3 Sz\u00f6vets\u00e9g bejelent\u00e9st tett a Fifa-n\u00e1l, mert szerint\u00fck a j\u00e1t\u00e9kost az\u00e9rt ker\u00fclt a Feh\u00e9rv\u00e1r tartal\u00e9k csapat\u00e1ba, mert a \u00edgy akarj\u00e1k el\u00e9rni, hogy ne rom\u00e1n, hanem magyar v\u00e1logatott legyen.<\/p>\n<p>&#13;<\/p>\n<p>atv.hu<\/p>\n<\/p><\/div>\n<p><script type=\"text\/javascript\">\n    function downloadJS() {\n        var el = document.createElement(\"script\");\n        el.src = \"http:\/\/www.atv.hu\/js\/preload.min.js?v=20190318\";\n        document.body.appendChild(el);<\/p>\n<p>        setTimeout(function () {\n            var el = document.createElement(\"script\");\n            el.src = \"\/\/ad.adverticum.net\/g3.js\";\n            document.body.appendChild(el);\n        }, 100);\n    }<\/p>\n<p>    if (window.addEventListener)\n        window.addEventListener(\"load\", downloadJS, false);\n    else if (window.attachEvent)\n        window.attachEvent(\"onload\", downloadJS);\n    else window.onload = downloadJS;<\/p>\n<p>    \/\/FB Async init\n    window.fbAsyncInit = function () {\n        FB.init({\n            appId: '315100918533386',\n            channelUrl: '\/\/channel.html', \/\/ Channel file for x-domain comms\n            xfbml: true                                  \/\/ Look for social plugins on the page\n        });\n    };<\/p>\n<p>    (function (d, s, id) {\n        var js, fjs = d.getElementsByTagName(s)[0];\n        if (d.getElementById(id)) return;\n        js = d.createElement(s);\n        js.id = id;\n        js.async = true;\n        js.src = \"\/\/connect.facebook.net\/hu_HU\/all.js\";\n        fjs.parentNode.insertBefore(js, fjs);\n    }(document, 'script', 'facebook-jssdk'));<\/p>\n<p>    \/\/Google Analytics\n    var _gaq = _gaq || [];\n    _gaq.push(['_setAccount', 'UA-28251359-1']);\n    _gaq.push(['_trackPageview']);<\/p>\n<p>    (function () {\n        var ga = document.createElement('script');\n        ga.type = 'text\/javascript';\n        ga.async = true;\n        ga.src = ('https:' == document.location.protocol ? 'https:\/\/ssl' : 'http:\/\/www') + '.google-analytics.com\/ga.js';\n        var s = document.getElementsByTagName('script')[0];\n        s.parentNode.insertBefore(ga, s);\n    })();<\/p>\n<p><\/script><br \/>\n<br \/>[ad_2]<br \/>\n<br \/><a href=\"https:\/\/hirek.oldal.info\/rssclick\/14368524\">Source link <\/a><\/p>\n","protected":false},"excerpt":{"rendered":"<p>[ad_1] Adrian Rus tiszta vizet \u00f6nt\u00f6tt a poh\u00e1rba a magyar \u00e1llampolg\u00e1rs\u00e1ggal kapcsolatban Adrian Rus egy interj\u00faban besz\u00e9lt a magyar \u00e1llampolg\u00e1rs\u00e1g\u00e1r\u00f3l \u00e9s a magyarok ir\u00e1nti tiszteletr\u0151l.&#13; Fot\u00f3: Feh\u00e9rv\u00e1r FC \u201eA sz\u00fcleim rom\u00e1nok, itt \u00e9lnek Rom\u00e1ni\u00e1ban. Megtanultam magyarul, mert magyarok k\u00f6zt n\u0151ttem fel. Szatm\u00e1rn\u00e9meti hat\u00e1r menti v\u00e1ros, sokan tudnak magyarul. A gyerekkori bar\u00e1taim magyarok, akik csak magyarul [&hellip;]<\/p>\n","protected":false},"author":2,"featured_media":1607,"comment_status":"open","ping_status":"open","sticky":false,"template":"","format":"standard","meta":{"footnotes":""},"categories":[1],"tags":[],"class_list":["post-1606","post","type-post","status-publish","format-standard","has-post-thumbnail","hentry","category-legujabb-penzugyi-hirek"],"yoast_head":"<!-- This site is optimized with the Yoast SEO plugin v27.4 - https:\/\/yoast.com\/product\/yoast-seo-wordpress\/ -->\n<title>Adrian Rus tiszta vizet \u00f6nt\u00f6tt a poh\u00e1rba a magyar \u00e1llampolg\u00e1rs\u00e1ggal kapcsolatban - Hot News in World<\/title>\n<meta name=\"robots\" content=\"index, follow, max-snippet:-1, max-image-preview:large, max-video-preview:-1\" \/>\n<link rel=\"canonical\" href=\"https:\/\/hotnewsinworld.com\/hu\/adrian-rus-tiszta-vizet-ontott-a-poharba-a-magyar-allampolgarsaggal-kapcsolatban\/\" \/>\n<meta property=\"og:locale\" content=\"hu_HU\" \/>\n<meta property=\"og:type\" content=\"article\" \/>\n<meta property=\"og:title\" content=\"Adrian Rus tiszta vizet \u00f6nt\u00f6tt a poh\u00e1rba a magyar \u00e1llampolg\u00e1rs\u00e1ggal kapcsolatban - Hot News in World\" \/>\n<meta property=\"og:description\" content=\"[ad_1] Adrian Rus tiszta vizet \u00f6nt\u00f6tt a poh\u00e1rba a magyar \u00e1llampolg\u00e1rs\u00e1ggal kapcsolatban Adrian Rus egy interj\u00faban besz\u00e9lt a magyar \u00e1llampolg\u00e1rs\u00e1g\u00e1r\u00f3l \u00e9s a magyarok ir\u00e1nti tiszteletr\u0151l.&#013; Fot\u00f3: Feh\u00e9rv\u00e1r FC \u201eA sz\u00fcleim rom\u00e1nok, itt \u00e9lnek Rom\u00e1ni\u00e1ban. Megtanultam magyarul, mert magyarok k\u00f6zt n\u0151ttem fel. Szatm\u00e1rn\u00e9meti hat\u00e1r menti v\u00e1ros, sokan tudnak magyarul. A gyerekkori bar\u00e1taim magyarok, akik csak magyarul [&hellip;]\" \/>\n<meta property=\"og:url\" content=\"https:\/\/hotnewsinworld.com\/hu\/adrian-rus-tiszta-vizet-ontott-a-poharba-a-magyar-allampolgarsaggal-kapcsolatban\/\" \/>\n<meta property=\"og:site_name\" content=\"Hot News in World\" \/>\n<meta property=\"article:published_time\" content=\"2019-09-04T09:26:10+00:00\" \/>\n<meta property=\"article:modified_time\" content=\"2019-09-04T09:26:11+00:00\" \/>\n<meta property=\"og:image\" content=\"https:\/\/hotnewsinworld.com\/hu\/wp-content\/uploads\/sites\/3\/2019\/09\/Adrian-Rus-tiszta-vizet-\u00f6nt\u00f6tt-a-poh\u00e1rba-a-magyar-\u00e1llampolg\u00e1rs\u00e1ggal.jpg\" \/>\n\t<meta property=\"og:image:width\" content=\"772\" \/>\n\t<meta property=\"og:image:height\" content=\"514\" \/>\n\t<meta property=\"og:image:type\" content=\"image\/jpeg\" \/>\n<meta name=\"author\" content=\"hotnewsinworld\" \/>\n<meta name=\"twitter:card\" content=\"summary_large_image\" \/>\n<meta name=\"twitter:label1\" content=\"Szerz\u0151:\" \/>\n\t<meta name=\"twitter:data1\" content=\"hotnewsinworld\" \/>\n\t<meta name=\"twitter:label2\" content=\"Becs\u00fclt olvas\u00e1si id\u0151\" \/>\n\t<meta name=\"twitter:data2\" content=\"3 perc\" \/>\n<script type=\"application\/ld+json\" class=\"yoast-schema-graph\">{\"@context\":\"https:\\\/\\\/schema.org\",\"@graph\":[{\"@type\":\"Article\",\"@id\":\"https:\\\/\\\/hotnewsinworld.com\\\/hu\\\/adrian-rus-tiszta-vizet-ontott-a-poharba-a-magyar-allampolgarsaggal-kapcsolatban\\\/#article\",\"isPartOf\":{\"@id\":\"https:\\\/\\\/hotnewsinworld.com\\\/hu\\\/adrian-rus-tiszta-vizet-ontott-a-poharba-a-magyar-allampolgarsaggal-kapcsolatban\\\/\"},\"author\":{\"name\":\"hotnewsinworld\",\"@id\":\"https:\\\/\\\/hotnewsinworld.com\\\/hu\\\/#\\\/schema\\\/person\\\/fe61448b21c0d59086e75fcc1f9d8f6b\"},\"headline\":\"Adrian Rus tiszta vizet \u00f6nt\u00f6tt a poh\u00e1rba a magyar \u00e1llampolg\u00e1rs\u00e1ggal kapcsolatban\",\"datePublished\":\"2019-09-04T09:26:10+00:00\",\"dateModified\":\"2019-09-04T09:26:11+00:00\",\"mainEntityOfPage\":{\"@id\":\"https:\\\/\\\/hotnewsinworld.com\\\/hu\\\/adrian-rus-tiszta-vizet-ontott-a-poharba-a-magyar-allampolgarsaggal-kapcsolatban\\\/\"},\"wordCount\":589,\"commentCount\":0,\"image\":{\"@id\":\"https:\\\/\\\/hotnewsinworld.com\\\/hu\\\/adrian-rus-tiszta-vizet-ontott-a-poharba-a-magyar-allampolgarsaggal-kapcsolatban\\\/#primaryimage\"},\"thumbnailUrl\":\"https:\\\/\\\/hotnewsinworld.com\\\/hu\\\/wp-content\\\/uploads\\\/sites\\\/3\\\/2019\\\/09\\\/Adrian-Rus-tiszta-vizet-\u00f6nt\u00f6tt-a-poh\u00e1rba-a-magyar-\u00e1llampolg\u00e1rs\u00e1ggal.jpg\",\"articleSection\":[\"LEG\u00daJABB P\u00c9NZ\u00dcGYI H\u00cdREK\"],\"inLanguage\":\"hu\",\"potentialAction\":[{\"@type\":\"CommentAction\",\"name\":\"Comment\",\"target\":[\"https:\\\/\\\/hotnewsinworld.com\\\/hu\\\/adrian-rus-tiszta-vizet-ontott-a-poharba-a-magyar-allampolgarsaggal-kapcsolatban\\\/#respond\"]}]},{\"@type\":\"WebPage\",\"@id\":\"https:\\\/\\\/hotnewsinworld.com\\\/hu\\\/adrian-rus-tiszta-vizet-ontott-a-poharba-a-magyar-allampolgarsaggal-kapcsolatban\\\/\",\"url\":\"https:\\\/\\\/hotnewsinworld.com\\\/hu\\\/adrian-rus-tiszta-vizet-ontott-a-poharba-a-magyar-allampolgarsaggal-kapcsolatban\\\/\",\"name\":\"Adrian Rus tiszta vizet \u00f6nt\u00f6tt a poh\u00e1rba a magyar \u00e1llampolg\u00e1rs\u00e1ggal kapcsolatban - Hot News in World\",\"isPartOf\":{\"@id\":\"https:\\\/\\\/hotnewsinworld.com\\\/hu\\\/#website\"},\"primaryImageOfPage\":{\"@id\":\"https:\\\/\\\/hotnewsinworld.com\\\/hu\\\/adrian-rus-tiszta-vizet-ontott-a-poharba-a-magyar-allampolgarsaggal-kapcsolatban\\\/#primaryimage\"},\"image\":{\"@id\":\"https:\\\/\\\/hotnewsinworld.com\\\/hu\\\/adrian-rus-tiszta-vizet-ontott-a-poharba-a-magyar-allampolgarsaggal-kapcsolatban\\\/#primaryimage\"},\"thumbnailUrl\":\"https:\\\/\\\/hotnewsinworld.com\\\/hu\\\/wp-content\\\/uploads\\\/sites\\\/3\\\/2019\\\/09\\\/Adrian-Rus-tiszta-vizet-\u00f6nt\u00f6tt-a-poh\u00e1rba-a-magyar-\u00e1llampolg\u00e1rs\u00e1ggal.jpg\",\"datePublished\":\"2019-09-04T09:26:10+00:00\",\"dateModified\":\"2019-09-04T09:26:11+00:00\",\"author\":{\"@id\":\"https:\\\/\\\/hotnewsinworld.com\\\/hu\\\/#\\\/schema\\\/person\\\/fe61448b21c0d59086e75fcc1f9d8f6b\"},\"breadcrumb\":{\"@id\":\"https:\\\/\\\/hotnewsinworld.com\\\/hu\\\/adrian-rus-tiszta-vizet-ontott-a-poharba-a-magyar-allampolgarsaggal-kapcsolatban\\\/#breadcrumb\"},\"inLanguage\":\"hu\",\"potentialAction\":[{\"@type\":\"ReadAction\",\"target\":[\"https:\\\/\\\/hotnewsinworld.com\\\/hu\\\/adrian-rus-tiszta-vizet-ontott-a-poharba-a-magyar-allampolgarsaggal-kapcsolatban\\\/\"]}]},{\"@type\":\"ImageObject\",\"inLanguage\":\"hu\",\"@id\":\"https:\\\/\\\/hotnewsinworld.com\\\/hu\\\/adrian-rus-tiszta-vizet-ontott-a-poharba-a-magyar-allampolgarsaggal-kapcsolatban\\\/#primaryimage\",\"url\":\"https:\\\/\\\/hotnewsinworld.com\\\/hu\\\/wp-content\\\/uploads\\\/sites\\\/3\\\/2019\\\/09\\\/Adrian-Rus-tiszta-vizet-\u00f6nt\u00f6tt-a-poh\u00e1rba-a-magyar-\u00e1llampolg\u00e1rs\u00e1ggal.jpg\",\"contentUrl\":\"https:\\\/\\\/hotnewsinworld.com\\\/hu\\\/wp-content\\\/uploads\\\/sites\\\/3\\\/2019\\\/09\\\/Adrian-Rus-tiszta-vizet-\u00f6nt\u00f6tt-a-poh\u00e1rba-a-magyar-\u00e1llampolg\u00e1rs\u00e1ggal.jpg\",\"width\":772,\"height\":514,\"caption\":\"Adrian Rus tiszta vizet \u00f6nt\u00f6tt a poh\u00e1rba a magyar \u00e1llampolg\u00e1rs\u00e1ggal kapcsolatban\"},{\"@type\":\"BreadcrumbList\",\"@id\":\"https:\\\/\\\/hotnewsinworld.com\\\/hu\\\/adrian-rus-tiszta-vizet-ontott-a-poharba-a-magyar-allampolgarsaggal-kapcsolatban\\\/#breadcrumb\",\"itemListElement\":[{\"@type\":\"ListItem\",\"position\":1,\"name\":\"\u0413\u043b\u0430\u0432\u043d\u0430\u044f \u0441\u0442\u0440\u0430\u043d\u0438\u0446\u0430\",\"item\":\"https:\\\/\\\/hotnewsinworld.com\\\/hu\\\/\"},{\"@type\":\"ListItem\",\"position\":2,\"name\":\"Adrian Rus tiszta vizet \u00f6nt\u00f6tt a poh\u00e1rba a magyar \u00e1llampolg\u00e1rs\u00e1ggal kapcsolatban\"}]},{\"@type\":\"WebSite\",\"@id\":\"https:\\\/\\\/hotnewsinworld.com\\\/hu\\\/#website\",\"url\":\"https:\\\/\\\/hotnewsinworld.com\\\/hu\\\/\",\"name\":\"Hot News in World\",\"description\":\"Hot News in World from Hungary\",\"potentialAction\":[{\"@type\":\"SearchAction\",\"target\":{\"@type\":\"EntryPoint\",\"urlTemplate\":\"https:\\\/\\\/hotnewsinworld.com\\\/hu\\\/?s={search_term_string}\"},\"query-input\":{\"@type\":\"PropertyValueSpecification\",\"valueRequired\":true,\"valueName\":\"search_term_string\"}}],\"inLanguage\":\"hu\"},{\"@type\":\"Person\",\"@id\":\"https:\\\/\\\/hotnewsinworld.com\\\/hu\\\/#\\\/schema\\\/person\\\/fe61448b21c0d59086e75fcc1f9d8f6b\",\"name\":\"hotnewsinworld\",\"image\":{\"@type\":\"ImageObject\",\"inLanguage\":\"hu\",\"@id\":\"https:\\\/\\\/secure.gravatar.com\\\/avatar\\\/8a09ac165600ce2e1c38fe593c63928eb1e6e7ba5c5a907d67787c41b3d00c14?s=96&d=mm&r=g\",\"url\":\"https:\\\/\\\/secure.gravatar.com\\\/avatar\\\/8a09ac165600ce2e1c38fe593c63928eb1e6e7ba5c5a907d67787c41b3d00c14?s=96&d=mm&r=g\",\"contentUrl\":\"https:\\\/\\\/secure.gravatar.com\\\/avatar\\\/8a09ac165600ce2e1c38fe593c63928eb1e6e7ba5c5a907d67787c41b3d00c14?s=96&d=mm&r=g\",\"caption\":\"hotnewsinworld\"},\"url\":\"https:\\\/\\\/hotnewsinworld.com\\\/hu\\\/author\\\/pt\\\/\"}]}<\/script>\n<!-- \/ Yoast SEO plugin. -->","yoast_head_json":{"title":"Adrian Rus tiszta vizet \u00f6nt\u00f6tt a poh\u00e1rba a magyar \u00e1llampolg\u00e1rs\u00e1ggal kapcsolatban - Hot News in World","robots":{"index":"index","follow":"follow","max-snippet":"max-snippet:-1","max-image-preview":"max-image-preview:large","max-video-preview":"max-video-preview:-1"},"canonical":"https:\/\/hotnewsinworld.com\/hu\/adrian-rus-tiszta-vizet-ontott-a-poharba-a-magyar-allampolgarsaggal-kapcsolatban\/","og_locale":"hu_HU","og_type":"article","og_title":"Adrian Rus tiszta vizet \u00f6nt\u00f6tt a poh\u00e1rba a magyar \u00e1llampolg\u00e1rs\u00e1ggal kapcsolatban - Hot News in World","og_description":"[ad_1] Adrian Rus tiszta vizet \u00f6nt\u00f6tt a poh\u00e1rba a magyar \u00e1llampolg\u00e1rs\u00e1ggal kapcsolatban Adrian Rus egy interj\u00faban besz\u00e9lt a magyar \u00e1llampolg\u00e1rs\u00e1g\u00e1r\u00f3l \u00e9s a magyarok ir\u00e1nti tiszteletr\u0151l.&#13; Fot\u00f3: Feh\u00e9rv\u00e1r FC \u201eA sz\u00fcleim rom\u00e1nok, itt \u00e9lnek Rom\u00e1ni\u00e1ban. Megtanultam magyarul, mert magyarok k\u00f6zt n\u0151ttem fel. Szatm\u00e1rn\u00e9meti hat\u00e1r menti v\u00e1ros, sokan tudnak magyarul. A gyerekkori bar\u00e1taim magyarok, akik csak magyarul [&hellip;]","og_url":"https:\/\/hotnewsinworld.com\/hu\/adrian-rus-tiszta-vizet-ontott-a-poharba-a-magyar-allampolgarsaggal-kapcsolatban\/","og_site_name":"Hot News in World","article_published_time":"2019-09-04T09:26:10+00:00","article_modified_time":"2019-09-04T09:26:11+00:00","og_image":[{"width":772,"height":514,"url":"https:\/\/hotnewsinworld.com\/hu\/wp-content\/uploads\/sites\/3\/2019\/09\/Adrian-Rus-tiszta-vizet-\u00f6nt\u00f6tt-a-poh\u00e1rba-a-magyar-\u00e1llampolg\u00e1rs\u00e1ggal.jpg","type":"image\/jpeg"}],"author":"hotnewsinworld","twitter_card":"summary_large_image","twitter_misc":{"Szerz\u0151:":"hotnewsinworld","Becs\u00fclt olvas\u00e1si id\u0151":"3 perc"},"schema":{"@context":"https:\/\/schema.org","@graph":[{"@type":"Article","@id":"https:\/\/hotnewsinworld.com\/hu\/adrian-rus-tiszta-vizet-ontott-a-poharba-a-magyar-allampolgarsaggal-kapcsolatban\/#article","isPartOf":{"@id":"https:\/\/hotnewsinworld.com\/hu\/adrian-rus-tiszta-vizet-ontott-a-poharba-a-magyar-allampolgarsaggal-kapcsolatban\/"},"author":{"name":"hotnewsinworld","@id":"https:\/\/hotnewsinworld.com\/hu\/#\/schema\/person\/fe61448b21c0d59086e75fcc1f9d8f6b"},"headline":"Adrian Rus tiszta vizet \u00f6nt\u00f6tt a poh\u00e1rba a magyar \u00e1llampolg\u00e1rs\u00e1ggal kapcsolatban","datePublished":"2019-09-04T09:26:10+00:00","dateModified":"2019-09-04T09:26:11+00:00","mainEntityOfPage":{"@id":"https:\/\/hotnewsinworld.com\/hu\/adrian-rus-tiszta-vizet-ontott-a-poharba-a-magyar-allampolgarsaggal-kapcsolatban\/"},"wordCount":589,"commentCount":0,"image":{"@id":"https:\/\/hotnewsinworld.com\/hu\/adrian-rus-tiszta-vizet-ontott-a-poharba-a-magyar-allampolgarsaggal-kapcsolatban\/#primaryimage"},"thumbnailUrl":"https:\/\/hotnewsinworld.com\/hu\/wp-content\/uploads\/sites\/3\/2019\/09\/Adrian-Rus-tiszta-vizet-\u00f6nt\u00f6tt-a-poh\u00e1rba-a-magyar-\u00e1llampolg\u00e1rs\u00e1ggal.jpg","articleSection":["LEG\u00daJABB P\u00c9NZ\u00dcGYI H\u00cdREK"],"inLanguage":"hu","potentialAction":[{"@type":"CommentAction","name":"Comment","target":["https:\/\/hotnewsinworld.com\/hu\/adrian-rus-tiszta-vizet-ontott-a-poharba-a-magyar-allampolgarsaggal-kapcsolatban\/#respond"]}]},{"@type":"WebPage","@id":"https:\/\/hotnewsinworld.com\/hu\/adrian-rus-tiszta-vizet-ontott-a-poharba-a-magyar-allampolgarsaggal-kapcsolatban\/","url":"https:\/\/hotnewsinworld.com\/hu\/adrian-rus-tiszta-vizet-ontott-a-poharba-a-magyar-allampolgarsaggal-kapcsolatban\/","name":"Adrian Rus tiszta vizet \u00f6nt\u00f6tt a poh\u00e1rba a magyar \u00e1llampolg\u00e1rs\u00e1ggal kapcsolatban - Hot News in World","isPartOf":{"@id":"https:\/\/hotnewsinworld.com\/hu\/#website"},"primaryImageOfPage":{"@id":"https:\/\/hotnewsinworld.com\/hu\/adrian-rus-tiszta-vizet-ontott-a-poharba-a-magyar-allampolgarsaggal-kapcsolatban\/#primaryimage"},"image":{"@id":"https:\/\/hotnewsinworld.com\/hu\/adrian-rus-tiszta-vizet-ontott-a-poharba-a-magyar-allampolgarsaggal-kapcsolatban\/#primaryimage"},"thumbnailUrl":"https:\/\/hotnewsinworld.com\/hu\/wp-content\/uploads\/sites\/3\/2019\/09\/Adrian-Rus-tiszta-vizet-\u00f6nt\u00f6tt-a-poh\u00e1rba-a-magyar-\u00e1llampolg\u00e1rs\u00e1ggal.jpg","datePublished":"2019-09-04T09:26:10+00:00","dateModified":"2019-09-04T09:26:11+00:00","author":{"@id":"https:\/\/hotnewsinworld.com\/hu\/#\/schema\/person\/fe61448b21c0d59086e75fcc1f9d8f6b"},"breadcrumb":{"@id":"https:\/\/hotnewsinworld.com\/hu\/adrian-rus-tiszta-vizet-ontott-a-poharba-a-magyar-allampolgarsaggal-kapcsolatban\/#breadcrumb"},"inLanguage":"hu","potentialAction":[{"@type":"ReadAction","target":["https:\/\/hotnewsinworld.com\/hu\/adrian-rus-tiszta-vizet-ontott-a-poharba-a-magyar-allampolgarsaggal-kapcsolatban\/"]}]},{"@type":"ImageObject","inLanguage":"hu","@id":"https:\/\/hotnewsinworld.com\/hu\/adrian-rus-tiszta-vizet-ontott-a-poharba-a-magyar-allampolgarsaggal-kapcsolatban\/#primaryimage","url":"https:\/\/hotnewsinworld.com\/hu\/wp-content\/uploads\/sites\/3\/2019\/09\/Adrian-Rus-tiszta-vizet-\u00f6nt\u00f6tt-a-poh\u00e1rba-a-magyar-\u00e1llampolg\u00e1rs\u00e1ggal.jpg","contentUrl":"https:\/\/hotnewsinworld.com\/hu\/wp-content\/uploads\/sites\/3\/2019\/09\/Adrian-Rus-tiszta-vizet-\u00f6nt\u00f6tt-a-poh\u00e1rba-a-magyar-\u00e1llampolg\u00e1rs\u00e1ggal.jpg","width":772,"height":514,"caption":"Adrian Rus tiszta vizet \u00f6nt\u00f6tt a poh\u00e1rba a magyar \u00e1llampolg\u00e1rs\u00e1ggal kapcsolatban"},{"@type":"BreadcrumbList","@id":"https:\/\/hotnewsinworld.com\/hu\/adrian-rus-tiszta-vizet-ontott-a-poharba-a-magyar-allampolgarsaggal-kapcsolatban\/#breadcrumb","itemListElement":[{"@type":"ListItem","position":1,"name":"\u0413\u043b\u0430\u0432\u043d\u0430\u044f \u0441\u0442\u0440\u0430\u043d\u0438\u0446\u0430","item":"https:\/\/hotnewsinworld.com\/hu\/"},{"@type":"ListItem","position":2,"name":"Adrian Rus tiszta vizet \u00f6nt\u00f6tt a poh\u00e1rba a magyar \u00e1llampolg\u00e1rs\u00e1ggal kapcsolatban"}]},{"@type":"WebSite","@id":"https:\/\/hotnewsinworld.com\/hu\/#website","url":"https:\/\/hotnewsinworld.com\/hu\/","name":"Hot News in World","description":"Hot News in World from Hungary","potentialAction":[{"@type":"SearchAction","target":{"@type":"EntryPoint","urlTemplate":"https:\/\/hotnewsinworld.com\/hu\/?s={search_term_string}"},"query-input":{"@type":"PropertyValueSpecification","valueRequired":true,"valueName":"search_term_string"}}],"inLanguage":"hu"},{"@type":"Person","@id":"https:\/\/hotnewsinworld.com\/hu\/#\/schema\/person\/fe61448b21c0d59086e75fcc1f9d8f6b","name":"hotnewsinworld","image":{"@type":"ImageObject","inLanguage":"hu","@id":"https:\/\/secure.gravatar.com\/avatar\/8a09ac165600ce2e1c38fe593c63928eb1e6e7ba5c5a907d67787c41b3d00c14?s=96&d=mm&r=g","url":"https:\/\/secure.gravatar.com\/avatar\/8a09ac165600ce2e1c38fe593c63928eb1e6e7ba5c5a907d67787c41b3d00c14?s=96&d=mm&r=g","contentUrl":"https:\/\/secure.gravatar.com\/avatar\/8a09ac165600ce2e1c38fe593c63928eb1e6e7ba5c5a907d67787c41b3d00c14?s=96&d=mm&r=g","caption":"hotnewsinworld"},"url":"https:\/\/hotnewsinworld.com\/hu\/author\/pt\/"}]}},"_links":{"self":[{"href":"https:\/\/hotnewsinworld.com\/hu\/wp-json\/wp\/v2\/posts\/1606","targetHints":{"allow":["GET"]}}],"collection":[{"href":"https:\/\/hotnewsinworld.com\/hu\/wp-json\/wp\/v2\/posts"}],"about":[{"href":"https:\/\/hotnewsinworld.com\/hu\/wp-json\/wp\/v2\/types\/post"}],"author":[{"embeddable":true,"href":"https:\/\/hotnewsinworld.com\/hu\/wp-json\/wp\/v2\/users\/2"}],"replies":[{"embeddable":true,"href":"https:\/\/hotnewsinworld.com\/hu\/wp-json\/wp\/v2\/comments?post=1606"}],"version-history":[{"count":1,"href":"https:\/\/hotnewsinworld.com\/hu\/wp-json\/wp\/v2\/posts\/1606\/revisions"}],"predecessor-version":[{"id":1608,"href":"https:\/\/hotnewsinworld.com\/hu\/wp-json\/wp\/v2\/posts\/1606\/revisions\/1608"}],"wp:featuredmedia":[{"embeddable":true,"href":"https:\/\/hotnewsinworld.com\/hu\/wp-json\/wp\/v2\/media\/1607"}],"wp:attachment":[{"href":"https:\/\/hotnewsinworld.com\/hu\/wp-json\/wp\/v2\/media?parent=1606"}],"wp:term":[{"taxonomy":"category","embeddable":true,"href":"https:\/\/hotnewsinworld.com\/hu\/wp-json\/wp\/v2\/categories?post=1606"},{"taxonomy":"post_tag","embeddable":true,"href":"https:\/\/hotnewsinworld.com\/hu\/wp-json\/wp\/v2\/tags?post=1606"}],"curies":[{"name":"wp","href":"https:\/\/api.w.org\/{rel}","templated":true}]}}