{"id":1615,"date":"2019-09-04T17:40:00","date_gmt":"2019-09-04T14:40:00","guid":{"rendered":"https:\/\/hotnewsinworld.com\/hu\/milliok-orban-viktor-es-politikaja-mellett\/"},"modified":"2019-09-04T17:40:01","modified_gmt":"2019-09-04T14:40:01","slug":"milliok-orban-viktor-es-politikaja-mellett","status":"publish","type":"post","link":"https:\/\/hotnewsinworld.com\/hu\/milliok-orban-viktor-es-politikaja-mellett\/","title":{"rendered":"Milli\u00f3k Orb\u00e1n Viktor \u00e9s politik\u00e1ja mellett"},"content":{"rendered":"<p> [ad_1]<br \/>\n<\/p>\n<p>\n\t\t\t\t\t\tA N\u00e9z\u0151pont Int\u00e9zet szerint 3,3 milli\u00f3 h\u00edve van a Fidesznek.\t\t\t\t\t<\/p>\n<div>\n<p>A N\u00e9z\u0151pont Int\u00e9zet Magyar Nemzetnek k\u00e9sz\u00edtett k\u00f6zv\u00e9lem\u00e9ny-kutat\u00e1sa szerint kedvez\u0151 helyzetb\u0151l v\u00e1g neki a Fidesz-KDNP az \u00f6nkorm\u00e1nyzati v\u00e1laszt\u00e1snak. A p\u00e1rsz\u00f6vets\u00e9g egy most vas\u00e1rnapi v\u00e1laszt\u00e1son 53 sz\u00e1zal\u00e9kot kapna list\u00e1n.<\/p>\n<p>Fej fej mellett (11-11 sz\u00e1zal\u00e9k) \u00e1ll tov\u00e1bbra is a DK \u00e9s a Momentum, a Jobbik t\u00e1mogatotts\u00e1ga 1 sz\u00e1zal\u00e9kponttal cs\u00f6kkent, 8 sz\u00e1zal\u00e9kos. Hasonl\u00f3 m\u00e9rt\u00e9kben cs\u00f6kkent az MSZP-P\u00e1rbesz\u00e9d sz\u00f6vets\u00e9g (6%) t\u00e1bora is. A biztos szavaz\u00f3k k\u00f6r\u00e9ben a Magyar K\u00e9tfark\u00fa Kutyap\u00e1rt 4, az LMP 3, a Mi Haz\u00e1nk Mozgalom 3 sz\u00e1zal\u00e9kon \u00e1ll.<\/p>\n<\/p>\n<p><noscript><img decoding=\"async\" src=\"https:\/\/hotnewsinworld.com\/hu\/wp-content\/uploads\/sites\/3\/2019\/09\/Milliok-Orban-Viktor-es-politikaja-mellett.png\" alt=\"\" data-width=\"1024\" class=\"wp-image-2561339 alignleft\"\/><\/noscript><\/p>\n<p>\u00a0<\/p>\n<p>A teljes feln\u0151tt n\u00e9pess\u00e9g k\u00f6r\u00e9ben a Fidesz-KDNP t\u00e1mogatotts\u00e1ga 41 sz\u00e1zal\u00e9kos, ami mintegy 3,3 milli\u00f3 szimpatiz\u00e1nst jelent. A N\u00e9z\u0151pont Int\u00e9zet szerint 2018 janu\u00e1rja \u00f3ta stabilan legal\u00e1bb 3 milli\u00f3 ember t\u00e1mogatja a koal\u00edci\u00f3s p\u00e1rtokat.<\/p>\n<p>Az ellenz\u00e9ki p\u00e1rtok k\u00f6z\u00fcl egy sem \u00e9r el k\u00e9tsz\u00e1mjegy\u0171 eredm\u00e9nyt. A DK \u00e9s a Momentum 7-7 sz\u00e1zal\u00e9kon \u00e1ll, ami mintegy \u00f6tsz\u00e1zezres t\u00e1bort jelent. A Jobbik 6, az MSZP-P 5 sz\u00e1zal\u00e9kon \u00e1ll, egyik p\u00e1rtnak sincs m\u00e1r f\u00e9lmilli\u00f3 szimpatiz\u00e1nsa. A Magyar K\u00e9tfark\u00fa Kutyap\u00e1rtot 3, az LMP-t 2, a Mi Haz\u00e1nkat 2 sz\u00e1zal\u00e9k k\u00f6veti.<\/p>\n<p><strong>M\u00f3dszertan<\/strong><\/p>\n<p><em>A N\u00e9z\u0151pont Int\u00e9zet k\u00f6zv\u00e9lem\u00e9ny-kutat\u00e1sa 2019. augusztus 1. \u00e9s augusztus 26. k\u00f6z\u00f6tt k\u00e9sz\u00fclt 5000 f\u0151 szem\u00e9lyes megk\u00e9rdez\u00e9s\u00e9vel. A minta reprezentat\u00edv a 18 \u00e9vesn\u00e9l id\u0151sebb lakoss\u00e1gra nem, kor, r\u00e9gi\u00f3, telep\u00fcl\u00e9st\u00edpus \u00e9s iskolai v\u00e9gzetts\u00e9g szerint. 5000 f\u0151s mintanagys\u00e1g \u00e9s 95 sz\u00e1zal\u00e9kos megb\u00edzhat\u00f3s\u00e1gi szint eset\u00e9n a mintav\u00e9teli hiba 1,4 sz\u00e1zal\u00e9k.<\/em><\/p>\n<p><em>Kiemelt k\u00e9p: Bielik Istv\u00e1n \/ 24.hu<\/em><\/p>\n<\/p><\/div>\n<p><script>\n\tjQuery(window).load(function() {\n\t\twindow.fbAsyncInit = function () {\n\t\t\tFB.init({\n\t\t\t\tappId: '',\n\t\t\t\txfbml: true,\n\t\t\t\tversion: 'v3.2'\n\t\t\t});<\/p>\n<p>\t\t\tFB.Event.subscribe('xfbml.ready', function (msg) {\n\t\t\t\tif (msg.type === 'video') {\n\t\t\t\t\tif(typeof insertVideoMeasuringCode != \"undefined\"){\n\t\t\t\t\t\tinsertVideoMeasuringCode(msg);\n\t\t\t\t\t}\n\t\t\t\t}\n\t\t\t});\n\t\t};<\/p>\n<p>\t\tfunction initFB()\n\t\t{\n\t\t\t(function (d, s, id) {\n\t\t\t\tvar js, fjs = d.getElementsByTagName(s)[0];\n\t\t\t\tif (d.getElementById(id)) {\n\t\t\t\t\treturn;\n\t\t\t\t}\n\t\t\t\tjs = d.createElement(s);\n\t\t\t\tjs.id = id;\n\t\t\t\tjs.src = \"http:\/\/connect.facebook.net\/hu_HU\/all.js\";\n\t\t\t\tfjs.parentNode.insertBefore(js, fjs);\n\t\t\t}(document, 'script', 'facebook-jssdk'));\n\t\t\tjQuery(window).off('scroll mousemove touchmove', initFB);\n\t\t}<\/p>\n<p>\t\tfunction parseXFBML(e)\n\t\t{\n\t\t\tif (typeof FB !== \"undefined\" && typeof FB.XFBML !== \"undefined\") {\n\t\t\t\te.preventDefault();\n\t\t\t\te.stopPropagation();\n\t\t\t\tFB.XFBML.parse();\n\t\t\t\tjQuery(window).off('scroll mousemove touchmove', parseXFBML);<\/p>\n<p>\t\t\t\tif (typeof catchSocialEvents != \"undefined\" && typeof catchSocialEvents === \"function\") {\n\t\t\t\t\tcatchSocialEvents();\n\t\t\t\t}\n\t\t\t}\n\t\t}<\/p>\n<p>\t\tjQuery(window).on('scroll mousemove touchmove', initFB);\n\t\tjQuery(window).on('scroll mousemove touchmove', parseXFBML);\n\t});\n<\/script><br \/>\n<br \/>[ad_2]<br \/>\n<br \/><a href=\"https:\/\/hirek.oldal.info\/rssclick\/14369576\">Source link <\/a><\/p>\n","protected":false},"excerpt":{"rendered":"<p>[ad_1] A N\u00e9z\u0151pont Int\u00e9zet szerint 3,3 milli\u00f3 h\u00edve van a Fidesznek. A N\u00e9z\u0151pont Int\u00e9zet Magyar Nemzetnek k\u00e9sz\u00edtett k\u00f6zv\u00e9lem\u00e9ny-kutat\u00e1sa szerint kedvez\u0151 helyzetb\u0151l v\u00e1g neki a Fidesz-KDNP az \u00f6nkorm\u00e1nyzati v\u00e1laszt\u00e1snak. A p\u00e1rsz\u00f6vets\u00e9g egy most vas\u00e1rnapi v\u00e1laszt\u00e1son 53 sz\u00e1zal\u00e9kot kapna list\u00e1n. Fej fej mellett (11-11 sz\u00e1zal\u00e9k) \u00e1ll tov\u00e1bbra is a DK \u00e9s a Momentum, a Jobbik t\u00e1mogatotts\u00e1ga 1 [&hellip;]<\/p>\n","protected":false},"author":2,"featured_media":1616,"comment_status":"open","ping_status":"open","sticky":false,"template":"","format":"standard","meta":{"footnotes":""},"categories":[1],"tags":[],"class_list":["post-1615","post","type-post","status-publish","format-standard","has-post-thumbnail","hentry","category-legujabb-penzugyi-hirek"],"yoast_head":"<!-- This site is optimized with the Yoast SEO plugin v27.4 - https:\/\/yoast.com\/product\/yoast-seo-wordpress\/ -->\n<title>Milli\u00f3k Orb\u00e1n Viktor \u00e9s politik\u00e1ja mellett - Hot News in World<\/title>\n<meta name=\"robots\" content=\"index, follow, max-snippet:-1, max-image-preview:large, max-video-preview:-1\" \/>\n<link rel=\"canonical\" href=\"https:\/\/hotnewsinworld.com\/hu\/milliok-orban-viktor-es-politikaja-mellett\/\" \/>\n<meta property=\"og:locale\" content=\"hu_HU\" \/>\n<meta property=\"og:type\" content=\"article\" \/>\n<meta property=\"og:title\" content=\"Milli\u00f3k Orb\u00e1n Viktor \u00e9s politik\u00e1ja mellett - Hot News in World\" \/>\n<meta property=\"og:description\" content=\"[ad_1] A N\u00e9z\u0151pont Int\u00e9zet szerint 3,3 milli\u00f3 h\u00edve van a Fidesznek. A N\u00e9z\u0151pont Int\u00e9zet Magyar Nemzetnek k\u00e9sz\u00edtett k\u00f6zv\u00e9lem\u00e9ny-kutat\u00e1sa szerint kedvez\u0151 helyzetb\u0151l v\u00e1g neki a Fidesz-KDNP az \u00f6nkorm\u00e1nyzati v\u00e1laszt\u00e1snak. A p\u00e1rsz\u00f6vets\u00e9g egy most vas\u00e1rnapi v\u00e1laszt\u00e1son 53 sz\u00e1zal\u00e9kot kapna list\u00e1n. Fej fej mellett (11-11 sz\u00e1zal\u00e9k) \u00e1ll tov\u00e1bbra is a DK \u00e9s a Momentum, a Jobbik t\u00e1mogatotts\u00e1ga 1 [&hellip;]\" \/>\n<meta property=\"og:url\" content=\"https:\/\/hotnewsinworld.com\/hu\/milliok-orban-viktor-es-politikaja-mellett\/\" \/>\n<meta property=\"og:site_name\" content=\"Hot News in World\" \/>\n<meta property=\"article:published_time\" content=\"2019-09-04T14:40:00+00:00\" \/>\n<meta property=\"article:modified_time\" content=\"2019-09-04T14:40:01+00:00\" \/>\n<meta property=\"og:image\" content=\"https:\/\/hotnewsinworld.com\/hu\/wp-content\/uploads\/sites\/3\/2019\/09\/Milli\u00f3k-Orb\u00e1n-Viktor-\u00e9s-politik\u00e1ja-mellett.png\" \/>\n\t<meta property=\"og:image:width\" content=\"1024\" \/>\n\t<meta property=\"og:image:height\" content=\"575\" \/>\n\t<meta property=\"og:image:type\" content=\"image\/png\" \/>\n<meta name=\"author\" content=\"hotnewsinworld\" \/>\n<meta name=\"twitter:card\" content=\"summary_large_image\" \/>\n<meta name=\"twitter:label1\" content=\"Szerz\u0151:\" \/>\n\t<meta name=\"twitter:data1\" content=\"hotnewsinworld\" \/>\n\t<meta name=\"twitter:label2\" content=\"Becs\u00fclt olvas\u00e1si id\u0151\" \/>\n\t<meta name=\"twitter:data2\" content=\"2 perc\" \/>\n<script type=\"application\/ld+json\" class=\"yoast-schema-graph\">{\"@context\":\"https:\\\/\\\/schema.org\",\"@graph\":[{\"@type\":\"Article\",\"@id\":\"https:\\\/\\\/hotnewsinworld.com\\\/hu\\\/milliok-orban-viktor-es-politikaja-mellett\\\/#article\",\"isPartOf\":{\"@id\":\"https:\\\/\\\/hotnewsinworld.com\\\/hu\\\/milliok-orban-viktor-es-politikaja-mellett\\\/\"},\"author\":{\"name\":\"hotnewsinworld\",\"@id\":\"https:\\\/\\\/hotnewsinworld.com\\\/hu\\\/#\\\/schema\\\/person\\\/fe61448b21c0d59086e75fcc1f9d8f6b\"},\"headline\":\"Milli\u00f3k Orb\u00e1n Viktor \u00e9s politik\u00e1ja mellett\",\"datePublished\":\"2019-09-04T14:40:00+00:00\",\"dateModified\":\"2019-09-04T14:40:01+00:00\",\"mainEntityOfPage\":{\"@id\":\"https:\\\/\\\/hotnewsinworld.com\\\/hu\\\/milliok-orban-viktor-es-politikaja-mellett\\\/\"},\"wordCount\":343,\"commentCount\":0,\"image\":{\"@id\":\"https:\\\/\\\/hotnewsinworld.com\\\/hu\\\/milliok-orban-viktor-es-politikaja-mellett\\\/#primaryimage\"},\"thumbnailUrl\":\"https:\\\/\\\/hotnewsinworld.com\\\/hu\\\/wp-content\\\/uploads\\\/sites\\\/3\\\/2019\\\/09\\\/Milli\u00f3k-Orb\u00e1n-Viktor-\u00e9s-politik\u00e1ja-mellett.png\",\"articleSection\":[\"LEG\u00daJABB P\u00c9NZ\u00dcGYI H\u00cdREK\"],\"inLanguage\":\"hu\",\"potentialAction\":[{\"@type\":\"CommentAction\",\"name\":\"Comment\",\"target\":[\"https:\\\/\\\/hotnewsinworld.com\\\/hu\\\/milliok-orban-viktor-es-politikaja-mellett\\\/#respond\"]}]},{\"@type\":\"WebPage\",\"@id\":\"https:\\\/\\\/hotnewsinworld.com\\\/hu\\\/milliok-orban-viktor-es-politikaja-mellett\\\/\",\"url\":\"https:\\\/\\\/hotnewsinworld.com\\\/hu\\\/milliok-orban-viktor-es-politikaja-mellett\\\/\",\"name\":\"Milli\u00f3k Orb\u00e1n Viktor \u00e9s politik\u00e1ja mellett - Hot News in World\",\"isPartOf\":{\"@id\":\"https:\\\/\\\/hotnewsinworld.com\\\/hu\\\/#website\"},\"primaryImageOfPage\":{\"@id\":\"https:\\\/\\\/hotnewsinworld.com\\\/hu\\\/milliok-orban-viktor-es-politikaja-mellett\\\/#primaryimage\"},\"image\":{\"@id\":\"https:\\\/\\\/hotnewsinworld.com\\\/hu\\\/milliok-orban-viktor-es-politikaja-mellett\\\/#primaryimage\"},\"thumbnailUrl\":\"https:\\\/\\\/hotnewsinworld.com\\\/hu\\\/wp-content\\\/uploads\\\/sites\\\/3\\\/2019\\\/09\\\/Milli\u00f3k-Orb\u00e1n-Viktor-\u00e9s-politik\u00e1ja-mellett.png\",\"datePublished\":\"2019-09-04T14:40:00+00:00\",\"dateModified\":\"2019-09-04T14:40:01+00:00\",\"author\":{\"@id\":\"https:\\\/\\\/hotnewsinworld.com\\\/hu\\\/#\\\/schema\\\/person\\\/fe61448b21c0d59086e75fcc1f9d8f6b\"},\"breadcrumb\":{\"@id\":\"https:\\\/\\\/hotnewsinworld.com\\\/hu\\\/milliok-orban-viktor-es-politikaja-mellett\\\/#breadcrumb\"},\"inLanguage\":\"hu\",\"potentialAction\":[{\"@type\":\"ReadAction\",\"target\":[\"https:\\\/\\\/hotnewsinworld.com\\\/hu\\\/milliok-orban-viktor-es-politikaja-mellett\\\/\"]}]},{\"@type\":\"ImageObject\",\"inLanguage\":\"hu\",\"@id\":\"https:\\\/\\\/hotnewsinworld.com\\\/hu\\\/milliok-orban-viktor-es-politikaja-mellett\\\/#primaryimage\",\"url\":\"https:\\\/\\\/hotnewsinworld.com\\\/hu\\\/wp-content\\\/uploads\\\/sites\\\/3\\\/2019\\\/09\\\/Milli\u00f3k-Orb\u00e1n-Viktor-\u00e9s-politik\u00e1ja-mellett.png\",\"contentUrl\":\"https:\\\/\\\/hotnewsinworld.com\\\/hu\\\/wp-content\\\/uploads\\\/sites\\\/3\\\/2019\\\/09\\\/Milli\u00f3k-Orb\u00e1n-Viktor-\u00e9s-politik\u00e1ja-mellett.png\",\"width\":1024,\"height\":575,\"caption\":\"Milli\u00f3k Orb\u00e1n Viktor \u00e9s politik\u00e1ja mellett\"},{\"@type\":\"BreadcrumbList\",\"@id\":\"https:\\\/\\\/hotnewsinworld.com\\\/hu\\\/milliok-orban-viktor-es-politikaja-mellett\\\/#breadcrumb\",\"itemListElement\":[{\"@type\":\"ListItem\",\"position\":1,\"name\":\"\u0413\u043b\u0430\u0432\u043d\u0430\u044f \u0441\u0442\u0440\u0430\u043d\u0438\u0446\u0430\",\"item\":\"https:\\\/\\\/hotnewsinworld.com\\\/hu\\\/\"},{\"@type\":\"ListItem\",\"position\":2,\"name\":\"Milli\u00f3k Orb\u00e1n Viktor \u00e9s politik\u00e1ja mellett\"}]},{\"@type\":\"WebSite\",\"@id\":\"https:\\\/\\\/hotnewsinworld.com\\\/hu\\\/#website\",\"url\":\"https:\\\/\\\/hotnewsinworld.com\\\/hu\\\/\",\"name\":\"Hot News in World\",\"description\":\"Hot News in World from Hungary\",\"potentialAction\":[{\"@type\":\"SearchAction\",\"target\":{\"@type\":\"EntryPoint\",\"urlTemplate\":\"https:\\\/\\\/hotnewsinworld.com\\\/hu\\\/?s={search_term_string}\"},\"query-input\":{\"@type\":\"PropertyValueSpecification\",\"valueRequired\":true,\"valueName\":\"search_term_string\"}}],\"inLanguage\":\"hu\"},{\"@type\":\"Person\",\"@id\":\"https:\\\/\\\/hotnewsinworld.com\\\/hu\\\/#\\\/schema\\\/person\\\/fe61448b21c0d59086e75fcc1f9d8f6b\",\"name\":\"hotnewsinworld\",\"image\":{\"@type\":\"ImageObject\",\"inLanguage\":\"hu\",\"@id\":\"https:\\\/\\\/secure.gravatar.com\\\/avatar\\\/8a09ac165600ce2e1c38fe593c63928eb1e6e7ba5c5a907d67787c41b3d00c14?s=96&d=mm&r=g\",\"url\":\"https:\\\/\\\/secure.gravatar.com\\\/avatar\\\/8a09ac165600ce2e1c38fe593c63928eb1e6e7ba5c5a907d67787c41b3d00c14?s=96&d=mm&r=g\",\"contentUrl\":\"https:\\\/\\\/secure.gravatar.com\\\/avatar\\\/8a09ac165600ce2e1c38fe593c63928eb1e6e7ba5c5a907d67787c41b3d00c14?s=96&d=mm&r=g\",\"caption\":\"hotnewsinworld\"},\"url\":\"https:\\\/\\\/hotnewsinworld.com\\\/hu\\\/author\\\/pt\\\/\"}]}<\/script>\n<!-- \/ Yoast SEO plugin. -->","yoast_head_json":{"title":"Milli\u00f3k Orb\u00e1n Viktor \u00e9s politik\u00e1ja mellett - Hot News in World","robots":{"index":"index","follow":"follow","max-snippet":"max-snippet:-1","max-image-preview":"max-image-preview:large","max-video-preview":"max-video-preview:-1"},"canonical":"https:\/\/hotnewsinworld.com\/hu\/milliok-orban-viktor-es-politikaja-mellett\/","og_locale":"hu_HU","og_type":"article","og_title":"Milli\u00f3k Orb\u00e1n Viktor \u00e9s politik\u00e1ja mellett - Hot News in World","og_description":"[ad_1] A N\u00e9z\u0151pont Int\u00e9zet szerint 3,3 milli\u00f3 h\u00edve van a Fidesznek. A N\u00e9z\u0151pont Int\u00e9zet Magyar Nemzetnek k\u00e9sz\u00edtett k\u00f6zv\u00e9lem\u00e9ny-kutat\u00e1sa szerint kedvez\u0151 helyzetb\u0151l v\u00e1g neki a Fidesz-KDNP az \u00f6nkorm\u00e1nyzati v\u00e1laszt\u00e1snak. A p\u00e1rsz\u00f6vets\u00e9g egy most vas\u00e1rnapi v\u00e1laszt\u00e1son 53 sz\u00e1zal\u00e9kot kapna list\u00e1n. Fej fej mellett (11-11 sz\u00e1zal\u00e9k) \u00e1ll tov\u00e1bbra is a DK \u00e9s a Momentum, a Jobbik t\u00e1mogatotts\u00e1ga 1 [&hellip;]","og_url":"https:\/\/hotnewsinworld.com\/hu\/milliok-orban-viktor-es-politikaja-mellett\/","og_site_name":"Hot News in World","article_published_time":"2019-09-04T14:40:00+00:00","article_modified_time":"2019-09-04T14:40:01+00:00","og_image":[{"width":1024,"height":575,"url":"https:\/\/hotnewsinworld.com\/hu\/wp-content\/uploads\/sites\/3\/2019\/09\/Milli\u00f3k-Orb\u00e1n-Viktor-\u00e9s-politik\u00e1ja-mellett.png","type":"image\/png"}],"author":"hotnewsinworld","twitter_card":"summary_large_image","twitter_misc":{"Szerz\u0151:":"hotnewsinworld","Becs\u00fclt olvas\u00e1si id\u0151":"2 perc"},"schema":{"@context":"https:\/\/schema.org","@graph":[{"@type":"Article","@id":"https:\/\/hotnewsinworld.com\/hu\/milliok-orban-viktor-es-politikaja-mellett\/#article","isPartOf":{"@id":"https:\/\/hotnewsinworld.com\/hu\/milliok-orban-viktor-es-politikaja-mellett\/"},"author":{"name":"hotnewsinworld","@id":"https:\/\/hotnewsinworld.com\/hu\/#\/schema\/person\/fe61448b21c0d59086e75fcc1f9d8f6b"},"headline":"Milli\u00f3k Orb\u00e1n Viktor \u00e9s politik\u00e1ja mellett","datePublished":"2019-09-04T14:40:00+00:00","dateModified":"2019-09-04T14:40:01+00:00","mainEntityOfPage":{"@id":"https:\/\/hotnewsinworld.com\/hu\/milliok-orban-viktor-es-politikaja-mellett\/"},"wordCount":343,"commentCount":0,"image":{"@id":"https:\/\/hotnewsinworld.com\/hu\/milliok-orban-viktor-es-politikaja-mellett\/#primaryimage"},"thumbnailUrl":"https:\/\/hotnewsinworld.com\/hu\/wp-content\/uploads\/sites\/3\/2019\/09\/Milli\u00f3k-Orb\u00e1n-Viktor-\u00e9s-politik\u00e1ja-mellett.png","articleSection":["LEG\u00daJABB P\u00c9NZ\u00dcGYI H\u00cdREK"],"inLanguage":"hu","potentialAction":[{"@type":"CommentAction","name":"Comment","target":["https:\/\/hotnewsinworld.com\/hu\/milliok-orban-viktor-es-politikaja-mellett\/#respond"]}]},{"@type":"WebPage","@id":"https:\/\/hotnewsinworld.com\/hu\/milliok-orban-viktor-es-politikaja-mellett\/","url":"https:\/\/hotnewsinworld.com\/hu\/milliok-orban-viktor-es-politikaja-mellett\/","name":"Milli\u00f3k Orb\u00e1n Viktor \u00e9s politik\u00e1ja mellett - Hot News in World","isPartOf":{"@id":"https:\/\/hotnewsinworld.com\/hu\/#website"},"primaryImageOfPage":{"@id":"https:\/\/hotnewsinworld.com\/hu\/milliok-orban-viktor-es-politikaja-mellett\/#primaryimage"},"image":{"@id":"https:\/\/hotnewsinworld.com\/hu\/milliok-orban-viktor-es-politikaja-mellett\/#primaryimage"},"thumbnailUrl":"https:\/\/hotnewsinworld.com\/hu\/wp-content\/uploads\/sites\/3\/2019\/09\/Milli\u00f3k-Orb\u00e1n-Viktor-\u00e9s-politik\u00e1ja-mellett.png","datePublished":"2019-09-04T14:40:00+00:00","dateModified":"2019-09-04T14:40:01+00:00","author":{"@id":"https:\/\/hotnewsinworld.com\/hu\/#\/schema\/person\/fe61448b21c0d59086e75fcc1f9d8f6b"},"breadcrumb":{"@id":"https:\/\/hotnewsinworld.com\/hu\/milliok-orban-viktor-es-politikaja-mellett\/#breadcrumb"},"inLanguage":"hu","potentialAction":[{"@type":"ReadAction","target":["https:\/\/hotnewsinworld.com\/hu\/milliok-orban-viktor-es-politikaja-mellett\/"]}]},{"@type":"ImageObject","inLanguage":"hu","@id":"https:\/\/hotnewsinworld.com\/hu\/milliok-orban-viktor-es-politikaja-mellett\/#primaryimage","url":"https:\/\/hotnewsinworld.com\/hu\/wp-content\/uploads\/sites\/3\/2019\/09\/Milli\u00f3k-Orb\u00e1n-Viktor-\u00e9s-politik\u00e1ja-mellett.png","contentUrl":"https:\/\/hotnewsinworld.com\/hu\/wp-content\/uploads\/sites\/3\/2019\/09\/Milli\u00f3k-Orb\u00e1n-Viktor-\u00e9s-politik\u00e1ja-mellett.png","width":1024,"height":575,"caption":"Milli\u00f3k Orb\u00e1n Viktor \u00e9s politik\u00e1ja mellett"},{"@type":"BreadcrumbList","@id":"https:\/\/hotnewsinworld.com\/hu\/milliok-orban-viktor-es-politikaja-mellett\/#breadcrumb","itemListElement":[{"@type":"ListItem","position":1,"name":"\u0413\u043b\u0430\u0432\u043d\u0430\u044f \u0441\u0442\u0440\u0430\u043d\u0438\u0446\u0430","item":"https:\/\/hotnewsinworld.com\/hu\/"},{"@type":"ListItem","position":2,"name":"Milli\u00f3k Orb\u00e1n Viktor \u00e9s politik\u00e1ja mellett"}]},{"@type":"WebSite","@id":"https:\/\/hotnewsinworld.com\/hu\/#website","url":"https:\/\/hotnewsinworld.com\/hu\/","name":"Hot News in World","description":"Hot News in World from Hungary","potentialAction":[{"@type":"SearchAction","target":{"@type":"EntryPoint","urlTemplate":"https:\/\/hotnewsinworld.com\/hu\/?s={search_term_string}"},"query-input":{"@type":"PropertyValueSpecification","valueRequired":true,"valueName":"search_term_string"}}],"inLanguage":"hu"},{"@type":"Person","@id":"https:\/\/hotnewsinworld.com\/hu\/#\/schema\/person\/fe61448b21c0d59086e75fcc1f9d8f6b","name":"hotnewsinworld","image":{"@type":"ImageObject","inLanguage":"hu","@id":"https:\/\/secure.gravatar.com\/avatar\/8a09ac165600ce2e1c38fe593c63928eb1e6e7ba5c5a907d67787c41b3d00c14?s=96&d=mm&r=g","url":"https:\/\/secure.gravatar.com\/avatar\/8a09ac165600ce2e1c38fe593c63928eb1e6e7ba5c5a907d67787c41b3d00c14?s=96&d=mm&r=g","contentUrl":"https:\/\/secure.gravatar.com\/avatar\/8a09ac165600ce2e1c38fe593c63928eb1e6e7ba5c5a907d67787c41b3d00c14?s=96&d=mm&r=g","caption":"hotnewsinworld"},"url":"https:\/\/hotnewsinworld.com\/hu\/author\/pt\/"}]}},"_links":{"self":[{"href":"https:\/\/hotnewsinworld.com\/hu\/wp-json\/wp\/v2\/posts\/1615","targetHints":{"allow":["GET"]}}],"collection":[{"href":"https:\/\/hotnewsinworld.com\/hu\/wp-json\/wp\/v2\/posts"}],"about":[{"href":"https:\/\/hotnewsinworld.com\/hu\/wp-json\/wp\/v2\/types\/post"}],"author":[{"embeddable":true,"href":"https:\/\/hotnewsinworld.com\/hu\/wp-json\/wp\/v2\/users\/2"}],"replies":[{"embeddable":true,"href":"https:\/\/hotnewsinworld.com\/hu\/wp-json\/wp\/v2\/comments?post=1615"}],"version-history":[{"count":1,"href":"https:\/\/hotnewsinworld.com\/hu\/wp-json\/wp\/v2\/posts\/1615\/revisions"}],"predecessor-version":[{"id":1617,"href":"https:\/\/hotnewsinworld.com\/hu\/wp-json\/wp\/v2\/posts\/1615\/revisions\/1617"}],"wp:featuredmedia":[{"embeddable":true,"href":"https:\/\/hotnewsinworld.com\/hu\/wp-json\/wp\/v2\/media\/1616"}],"wp:attachment":[{"href":"https:\/\/hotnewsinworld.com\/hu\/wp-json\/wp\/v2\/media?parent=1615"}],"wp:term":[{"taxonomy":"category","embeddable":true,"href":"https:\/\/hotnewsinworld.com\/hu\/wp-json\/wp\/v2\/categories?post=1615"},{"taxonomy":"post_tag","embeddable":true,"href":"https:\/\/hotnewsinworld.com\/hu\/wp-json\/wp\/v2\/tags?post=1615"}],"curies":[{"name":"wp","href":"https:\/\/api.w.org\/{rel}","templated":true}]}}