{"id":1621,"date":"2019-09-04T20:58:01","date_gmt":"2019-09-04T17:58:01","guid":{"rendered":"https:\/\/hotnewsinworld.com\/hu\/nem-erkezett-hivatalos-megkereses-az-olaf-tol\/"},"modified":"2019-09-04T20:58:02","modified_gmt":"2019-09-04T17:58:02","slug":"nem-erkezett-hivatalos-megkereses-az-olaf-tol","status":"publish","type":"post","link":"https:\/\/hotnewsinworld.com\/hu\/nem-erkezett-hivatalos-megkereses-az-olaf-tol\/","title":{"rendered":"Nem \u00e9rkezett hivatalos megkeres\u00e9s az OLAF-t\u00f3l"},"content":{"rendered":"<p> [ad_1]<br \/>\n<\/p>\n<div id=\"\">\n<h2>\u00dcgy\u00e9szs\u00e9g: Nem \u00e9rkezett hivatalos megkeres\u00e9s az OLAF-t\u00f3l<\/h2>\n<p class=\"lead\">Ezt mondta el h\u00edrad\u00f3nknak a Legf\u0151bb \u00dcgy\u00e9szs\u00e9g sz\u00f3viv\u0151je. Az Eur\u00f3pai Csal\u00e1s Elleni Hivatal vezet\u0151je kedden azt nyilatkozta: szem\u00e9lyesen egyeztetne a magyar igazs\u00e1g\u00fcgyi vezet\u0151kkel az OLAF legfrissebb jelent\u00e9s\u00e9r\u0151l. A Legf\u0151bb \u00dcgy\u00e9szs\u00e9g szerint minden olyan \u00fcgyben nyomoz\u00e1st ind\u00edtottak, amelyet az OLAF javasolt, \u00e9s kiv\u00e1l\u00f3 a kapcsolatuk a szervezettel.&#13;<br \/>\n&#13;\n<\/p>\n<div class=\"image-wrapper \">\n    \t\t\t\t\t\t<\/div>\n<p>Magyarorsz\u00e1gon v\u00e9gezte a legt\u00f6bb vizsg\u00e1latot tavaly az Eur\u00f3pai Csal\u00e1s Elleni hivatal \u2013 der\u00fclt ki a szervezet \u00e9ves jelent\u00e9s\u00e9b\u0151l. Az OLAF 9 nyomoz\u00e1st z\u00e1rt le, t\u00f6bbs\u00e9g\u00fckben szab\u00e1lytalans\u00e1got \u00e1llap\u00edtott meg. A jelent\u00e9s egyebek k\u00f6z\u00f6tt azt \u00e1ll\u00edtja: Magyarorsz\u00e1gnak vissza kellene fizetnie a 2014 \u00e9s 18 k\u00f6z\u00f6tti uni\u00f3s p\u00e9nzek csaknem 4 sz\u00e1zal\u00e9k\u00e1t.<\/p>\n<p>A szervezet igazgat\u00f3ja a Euronews-nak azt mondta: sz\u00edvesen l\u00e1togatna Magyarorsz\u00e1gra, hogy szem\u00e9lyesen egyeztessen a helyzetr\u0151l.<\/p>\n<p>&#8222;Fontos, hogy a sz\u00e1mok m\u00f6g\u00e9 l\u00e1ssunk. Hiszen a sz\u00e1mok nem mindig mondj\u00e1k el a teljes igazs\u00e1got. Ez\u00e9rt utazok Magyarorsz\u00e1gra. Szeretn\u00e9k igazs\u00e1gszolg\u00e1ltat\u00e1si \u00e9s b\u0171n\u00fcld\u00f6z\u00e9si vezet\u0151kkel is besz\u00e9lni arr\u00f3l, mi lehet a h\u00e1tt\u00e9rben. \u00c9s ha vannak probl\u00e9m\u00e1k, k\u00f6z\u00f6sen kellenne megold\u00e1st tal\u00e1lnunk ezekre&#8221; \u2013 mondta Ville It\u00e4l\u00e4 szervezet igazgat\u00f3ja.<\/p>\n<p>&#13;<\/p>\n<blockquote><p><span class=\"small\">A Legf\u0151bb \u00dcgy\u00e9szs\u00e9g illet\u00e9kese h\u00edrad\u00f3nknak azt mondta: folyamatos szakmai kapcsolatban \u00e1llnak az OLAF-fal, de konkr\u00e9t tal\u00e1lkoz\u00f3val kapcsolatban nem \u00e9rkezett megkeres\u00e9s hozz\u00e1juk<\/span><\/p><\/blockquote>\n<p>&#13;<\/p>\n<p>.<\/p>\n<p>\u201eA magyar \u00fcgy\u00e9szs\u00e9g az OLAF igazs\u00e1g\u00fcgyi aj\u00e1nl\u00e1sai nyom\u00e1n minden esetben elrendelt eddig nyomoz\u00e1st. 2012 \u00f3ta l\u00e9tezik ez a rendszer, az\u00f3ta minden esetben nyomoz\u00e1st rendelt el az \u00fcgy\u00e9szs\u00e9g, vagy ha m\u00e1r volt foly\u00f3 nyomoz\u00e1s abban a t\u00e9m\u00e1ban, amelyet az OLAF aj\u00e1nl\u00e1sa tartalmazott, akkor a foly\u00f3 \u00fcgyh\u00f6z csatolta ezt az igazs\u00e1g\u00fcgyi aj\u00e1nl\u00e1st\u201d &#8211; nyilatkozta az ATV H\u00edrad\u00f3j\u00e1nak Dr. Fazekas G\u00e9za, a Legf\u0151bb \u00dcgy\u00e9szs\u00e9g sz\u00f3viv\u0151je.<\/p>\n<p>A magyar \u00fcgy\u00e9szs\u00e9g egy\u00e9bk\u00e9nt az OLAF \u00fcgyek 45 %-\u00e1ban emelt v\u00e1dat, amely magasabb sz\u00e1m, mint a 36 %-os uni\u00f3s \u00e1tlag. Az egyik szakmai szervezet szerint azoknak az \u00fcgyeknek magas a sz\u00e1ma, amelyekn\u00e9l viszonylag sok ideig nem t\u00f6rt\u00e9nik v\u00e1demel\u00e9s.<\/p>\n<p>\u201eAzt lehetett l\u00e1tni, hogy amikor a kor\u00e1bbi f\u0151igazgat\u00f3 Magyarorsz\u00e1gra l\u00e1togatott \u00e9s tal\u00e1lkozott a f\u0151\u00fcgy\u00e9sz \u00farral, ut\u00e1na gyakorlatilag a k\u00f6vetkez\u0151 \u00e9ves jelent\u00e9sben kimagasl\u00f3 sz\u00e1mokat produk\u00e1lt az \u00fcgy\u00e9szs\u00e9g is. Kor\u00e1bban \u00e9vekig hi\u00e1ba volt 30-40 nyitott OLAF-\u00fcgy, sok \u00e9vig csak 1-2 v\u00e1demel\u00e9ssel lez\u00e1rult \u00fcgye volt az \u00fcgy\u00e9szs\u00e9gnek\u201d &#8211; mondta Nagy Gabriella a TI munkat\u00e1rsa.<\/p>\n<p>Az Innov\u00e1ci\u00f3s \u00e9s Technol\u00f3giai Miniszt\u00e9rium v\u00e1lasz\u00e1ban azt k\u00f6z\u00f6lte h\u00edrad\u00f3nkkal: a br\u00fcsszeli hivatal nem el\u0151sz\u00f6r sz\u00e1ll be a v\u00e1laszt\u00e1si kamp\u00e1nyba, hogy a baloldalt seg\u00edtse, ezt tette a parlamenti v\u00e1laszt\u00e1si kamp\u00e1nyban, \u00e9s most ezt teszi az \u00f6nkorm\u00e1nyzati v\u00e1laszt\u00e1si kamp\u00e1nyban is.<\/p>\n<p>&#13;<br \/>\n&#13;<\/p>\n<p>Szem\u00e9lyesen akar besz\u00e9lni az OLAF vezet\u0151je a magyar igazs\u00e1g\u00fcgyi vezet\u0151kkel<\/p>\n<p>&#13;<\/p>\n<p>\u00a0<\/p>\n<p>&#13;<\/p>\n<p>Magyarorsz\u00e1gon az egyik legnagyobb nyilv\u00e1noss\u00e1got kapott \u00fcgye az Elios Zrt k\u00f6zvil\u00e1g\u00edt\u00e1si projektjei voltak. Az OLAF szerint a bizony\u00edt\u00e9kaik meg\u00e1llt\u00e1k volna a hely\u00fcket egy b\u00edr\u00f3s\u00e1gi perben, de az \u00fcgy\u00e9szs\u00e9g b\u00e1r vizsg\u00e1l\u00f3dott, de nem ind\u00edtott elj\u00e1r\u00e1st a c\u00e9g ellen. Az Elios mindv\u00e9gig azt \u00e1ll\u00edtotta: minden megb\u00edz\u00e1sa sor\u00e1n a jogszab\u00e1lyi el\u0151\u00edr\u00e1soknak megfelel\u0151en, magas szakmai sz\u00ednvonalon teljes\u00edtett.<\/p>\n<p>&#13;<\/p>\n<p>atv.hu<\/p>\n<\/p><\/div>\n<p><script type=\"text\/javascript\">\n    function downloadJS() {\n        var el = document.createElement(\"script\");\n        el.src = \"http:\/\/www.atv.hu\/js\/preload.min.js?v=20190318\";\n        document.body.appendChild(el);<\/p>\n<p>        setTimeout(function () {\n            var el = document.createElement(\"script\");\n            el.src = \"\/\/ad.adverticum.net\/g3.js\";\n            document.body.appendChild(el);\n        }, 100);\n    }<\/p>\n<p>    if (window.addEventListener)\n        window.addEventListener(\"load\", downloadJS, false);\n    else if (window.attachEvent)\n        window.attachEvent(\"onload\", downloadJS);\n    else window.onload = downloadJS;<\/p>\n<p>    \/\/FB Async init\n    window.fbAsyncInit = function () {\n        FB.init({\n            appId: '315100918533386',\n            channelUrl: '\/\/channel.html', \/\/ Channel file for x-domain comms\n            xfbml: true                                  \/\/ Look for social plugins on the page\n        });\n    };<\/p>\n<p>    (function (d, s, id) {\n        var js, fjs = d.getElementsByTagName(s)[0];\n        if (d.getElementById(id)) return;\n        js = d.createElement(s);\n        js.id = id;\n        js.async = true;\n        js.src = \"\/\/connect.facebook.net\/hu_HU\/all.js\";\n        fjs.parentNode.insertBefore(js, fjs);\n    }(document, 'script', 'facebook-jssdk'));<\/p>\n<p>    \/\/Google Analytics\n    var _gaq = _gaq || [];\n    _gaq.push(['_setAccount', 'UA-28251359-1']);\n    _gaq.push(['_trackPageview']);<\/p>\n<p>    (function () {\n        var ga = document.createElement('script');\n        ga.type = 'text\/javascript';\n        ga.async = true;\n        ga.src = ('https:' == document.location.protocol ? 'https:\/\/ssl' : 'http:\/\/www') + '.google-analytics.com\/ga.js';\n        var s = document.getElementsByTagName('script')[0];\n        s.parentNode.insertBefore(ga, s);\n    })();<\/p>\n<p><\/script><br \/>\n<br \/>[ad_2]<br \/>\n<br \/><a href=\"https:\/\/hirek.oldal.info\/rssclick\/14370056\">Source link <\/a><\/p>\n","protected":false},"excerpt":{"rendered":"<p>[ad_1] \u00dcgy\u00e9szs\u00e9g: Nem \u00e9rkezett hivatalos megkeres\u00e9s az OLAF-t\u00f3l Ezt mondta el h\u00edrad\u00f3nknak a Legf\u0151bb \u00dcgy\u00e9szs\u00e9g sz\u00f3viv\u0151je. Az Eur\u00f3pai Csal\u00e1s Elleni Hivatal vezet\u0151je kedden azt nyilatkozta: szem\u00e9lyesen egyeztetne a magyar igazs\u00e1g\u00fcgyi vezet\u0151kkel az OLAF legfrissebb jelent\u00e9s\u00e9r\u0151l. A Legf\u0151bb \u00dcgy\u00e9szs\u00e9g szerint minden olyan \u00fcgyben nyomoz\u00e1st ind\u00edtottak, amelyet az OLAF javasolt, \u00e9s kiv\u00e1l\u00f3 a kapcsolatuk a szervezettel.&#13; &#13; [&hellip;]<\/p>\n","protected":false},"author":2,"featured_media":1622,"comment_status":"open","ping_status":"open","sticky":false,"template":"","format":"standard","meta":{"footnotes":""},"categories":[1],"tags":[],"class_list":["post-1621","post","type-post","status-publish","format-standard","has-post-thumbnail","hentry","category-legujabb-penzugyi-hirek"],"yoast_head":"<!-- This site is optimized with the Yoast SEO plugin v27.4 - https:\/\/yoast.com\/product\/yoast-seo-wordpress\/ -->\n<title>Nem \u00e9rkezett hivatalos megkeres\u00e9s az OLAF-t\u00f3l - Hot News in World<\/title>\n<meta name=\"robots\" content=\"index, follow, max-snippet:-1, max-image-preview:large, max-video-preview:-1\" \/>\n<link rel=\"canonical\" href=\"https:\/\/hotnewsinworld.com\/hu\/nem-erkezett-hivatalos-megkereses-az-olaf-tol\/\" \/>\n<meta property=\"og:locale\" content=\"hu_HU\" \/>\n<meta property=\"og:type\" content=\"article\" \/>\n<meta property=\"og:title\" content=\"Nem \u00e9rkezett hivatalos megkeres\u00e9s az OLAF-t\u00f3l - Hot News in World\" \/>\n<meta property=\"og:description\" content=\"[ad_1] \u00dcgy\u00e9szs\u00e9g: Nem \u00e9rkezett hivatalos megkeres\u00e9s az OLAF-t\u00f3l Ezt mondta el h\u00edrad\u00f3nknak a Legf\u0151bb \u00dcgy\u00e9szs\u00e9g sz\u00f3viv\u0151je. Az Eur\u00f3pai Csal\u00e1s Elleni Hivatal vezet\u0151je kedden azt nyilatkozta: szem\u00e9lyesen egyeztetne a magyar igazs\u00e1g\u00fcgyi vezet\u0151kkel az OLAF legfrissebb jelent\u00e9s\u00e9r\u0151l. A Legf\u0151bb \u00dcgy\u00e9szs\u00e9g szerint minden olyan \u00fcgyben nyomoz\u00e1st ind\u00edtottak, amelyet az OLAF javasolt, \u00e9s kiv\u00e1l\u00f3 a kapcsolatuk a szervezettel.&#013; &#013; [&hellip;]\" \/>\n<meta property=\"og:url\" content=\"https:\/\/hotnewsinworld.com\/hu\/nem-erkezett-hivatalos-megkereses-az-olaf-tol\/\" \/>\n<meta property=\"og:site_name\" content=\"Hot News in World\" \/>\n<meta property=\"article:published_time\" content=\"2019-09-04T17:58:01+00:00\" \/>\n<meta property=\"article:modified_time\" content=\"2019-09-04T17:58:02+00:00\" \/>\n<meta property=\"og:image\" content=\"https:\/\/hotnewsinworld.com\/hu\/wp-content\/uploads\/sites\/3\/2019\/09\/Nem-\u00e9rkezett-hivatalos-megkeres\u00e9s-az-OLAF-t\u00f3l.jpg\" \/>\n\t<meta property=\"og:image:width\" content=\"772\" \/>\n\t<meta property=\"og:image:height\" content=\"514\" \/>\n\t<meta property=\"og:image:type\" content=\"image\/jpeg\" \/>\n<meta name=\"author\" content=\"hotnewsinworld\" \/>\n<meta name=\"twitter:card\" content=\"summary_large_image\" \/>\n<meta name=\"twitter:label1\" content=\"Szerz\u0151:\" \/>\n\t<meta name=\"twitter:data1\" content=\"hotnewsinworld\" \/>\n\t<meta name=\"twitter:label2\" content=\"Becs\u00fclt olvas\u00e1si id\u0151\" \/>\n\t<meta name=\"twitter:data2\" content=\"3 perc\" \/>\n<script type=\"application\/ld+json\" class=\"yoast-schema-graph\">{\"@context\":\"https:\\\/\\\/schema.org\",\"@graph\":[{\"@type\":\"Article\",\"@id\":\"https:\\\/\\\/hotnewsinworld.com\\\/hu\\\/nem-erkezett-hivatalos-megkereses-az-olaf-tol\\\/#article\",\"isPartOf\":{\"@id\":\"https:\\\/\\\/hotnewsinworld.com\\\/hu\\\/nem-erkezett-hivatalos-megkereses-az-olaf-tol\\\/\"},\"author\":{\"name\":\"hotnewsinworld\",\"@id\":\"https:\\\/\\\/hotnewsinworld.com\\\/hu\\\/#\\\/schema\\\/person\\\/fe61448b21c0d59086e75fcc1f9d8f6b\"},\"headline\":\"Nem \u00e9rkezett hivatalos megkeres\u00e9s az OLAF-t\u00f3l\",\"datePublished\":\"2019-09-04T17:58:01+00:00\",\"dateModified\":\"2019-09-04T17:58:02+00:00\",\"mainEntityOfPage\":{\"@id\":\"https:\\\/\\\/hotnewsinworld.com\\\/hu\\\/nem-erkezett-hivatalos-megkereses-az-olaf-tol\\\/\"},\"wordCount\":680,\"commentCount\":0,\"image\":{\"@id\":\"https:\\\/\\\/hotnewsinworld.com\\\/hu\\\/nem-erkezett-hivatalos-megkereses-az-olaf-tol\\\/#primaryimage\"},\"thumbnailUrl\":\"https:\\\/\\\/hotnewsinworld.com\\\/hu\\\/wp-content\\\/uploads\\\/sites\\\/3\\\/2019\\\/09\\\/Nem-\u00e9rkezett-hivatalos-megkeres\u00e9s-az-OLAF-t\u00f3l.jpg\",\"articleSection\":[\"LEG\u00daJABB P\u00c9NZ\u00dcGYI H\u00cdREK\"],\"inLanguage\":\"hu\",\"potentialAction\":[{\"@type\":\"CommentAction\",\"name\":\"Comment\",\"target\":[\"https:\\\/\\\/hotnewsinworld.com\\\/hu\\\/nem-erkezett-hivatalos-megkereses-az-olaf-tol\\\/#respond\"]}]},{\"@type\":\"WebPage\",\"@id\":\"https:\\\/\\\/hotnewsinworld.com\\\/hu\\\/nem-erkezett-hivatalos-megkereses-az-olaf-tol\\\/\",\"url\":\"https:\\\/\\\/hotnewsinworld.com\\\/hu\\\/nem-erkezett-hivatalos-megkereses-az-olaf-tol\\\/\",\"name\":\"Nem \u00e9rkezett hivatalos megkeres\u00e9s az OLAF-t\u00f3l - Hot News in World\",\"isPartOf\":{\"@id\":\"https:\\\/\\\/hotnewsinworld.com\\\/hu\\\/#website\"},\"primaryImageOfPage\":{\"@id\":\"https:\\\/\\\/hotnewsinworld.com\\\/hu\\\/nem-erkezett-hivatalos-megkereses-az-olaf-tol\\\/#primaryimage\"},\"image\":{\"@id\":\"https:\\\/\\\/hotnewsinworld.com\\\/hu\\\/nem-erkezett-hivatalos-megkereses-az-olaf-tol\\\/#primaryimage\"},\"thumbnailUrl\":\"https:\\\/\\\/hotnewsinworld.com\\\/hu\\\/wp-content\\\/uploads\\\/sites\\\/3\\\/2019\\\/09\\\/Nem-\u00e9rkezett-hivatalos-megkeres\u00e9s-az-OLAF-t\u00f3l.jpg\",\"datePublished\":\"2019-09-04T17:58:01+00:00\",\"dateModified\":\"2019-09-04T17:58:02+00:00\",\"author\":{\"@id\":\"https:\\\/\\\/hotnewsinworld.com\\\/hu\\\/#\\\/schema\\\/person\\\/fe61448b21c0d59086e75fcc1f9d8f6b\"},\"breadcrumb\":{\"@id\":\"https:\\\/\\\/hotnewsinworld.com\\\/hu\\\/nem-erkezett-hivatalos-megkereses-az-olaf-tol\\\/#breadcrumb\"},\"inLanguage\":\"hu\",\"potentialAction\":[{\"@type\":\"ReadAction\",\"target\":[\"https:\\\/\\\/hotnewsinworld.com\\\/hu\\\/nem-erkezett-hivatalos-megkereses-az-olaf-tol\\\/\"]}]},{\"@type\":\"ImageObject\",\"inLanguage\":\"hu\",\"@id\":\"https:\\\/\\\/hotnewsinworld.com\\\/hu\\\/nem-erkezett-hivatalos-megkereses-az-olaf-tol\\\/#primaryimage\",\"url\":\"https:\\\/\\\/hotnewsinworld.com\\\/hu\\\/wp-content\\\/uploads\\\/sites\\\/3\\\/2019\\\/09\\\/Nem-\u00e9rkezett-hivatalos-megkeres\u00e9s-az-OLAF-t\u00f3l.jpg\",\"contentUrl\":\"https:\\\/\\\/hotnewsinworld.com\\\/hu\\\/wp-content\\\/uploads\\\/sites\\\/3\\\/2019\\\/09\\\/Nem-\u00e9rkezett-hivatalos-megkeres\u00e9s-az-OLAF-t\u00f3l.jpg\",\"width\":772,\"height\":514,\"caption\":\"\u00dcgy\u00e9szs\u00e9g: Nem \u00e9rkezett hivatalos megkeres\u00e9s az OLAF-t\u00f3l\"},{\"@type\":\"BreadcrumbList\",\"@id\":\"https:\\\/\\\/hotnewsinworld.com\\\/hu\\\/nem-erkezett-hivatalos-megkereses-az-olaf-tol\\\/#breadcrumb\",\"itemListElement\":[{\"@type\":\"ListItem\",\"position\":1,\"name\":\"\u0413\u043b\u0430\u0432\u043d\u0430\u044f \u0441\u0442\u0440\u0430\u043d\u0438\u0446\u0430\",\"item\":\"https:\\\/\\\/hotnewsinworld.com\\\/hu\\\/\"},{\"@type\":\"ListItem\",\"position\":2,\"name\":\"Nem \u00e9rkezett hivatalos megkeres\u00e9s az OLAF-t\u00f3l\"}]},{\"@type\":\"WebSite\",\"@id\":\"https:\\\/\\\/hotnewsinworld.com\\\/hu\\\/#website\",\"url\":\"https:\\\/\\\/hotnewsinworld.com\\\/hu\\\/\",\"name\":\"Hot News in World\",\"description\":\"Hot News in World from Hungary\",\"potentialAction\":[{\"@type\":\"SearchAction\",\"target\":{\"@type\":\"EntryPoint\",\"urlTemplate\":\"https:\\\/\\\/hotnewsinworld.com\\\/hu\\\/?s={search_term_string}\"},\"query-input\":{\"@type\":\"PropertyValueSpecification\",\"valueRequired\":true,\"valueName\":\"search_term_string\"}}],\"inLanguage\":\"hu\"},{\"@type\":\"Person\",\"@id\":\"https:\\\/\\\/hotnewsinworld.com\\\/hu\\\/#\\\/schema\\\/person\\\/fe61448b21c0d59086e75fcc1f9d8f6b\",\"name\":\"hotnewsinworld\",\"image\":{\"@type\":\"ImageObject\",\"inLanguage\":\"hu\",\"@id\":\"https:\\\/\\\/secure.gravatar.com\\\/avatar\\\/8a09ac165600ce2e1c38fe593c63928eb1e6e7ba5c5a907d67787c41b3d00c14?s=96&d=mm&r=g\",\"url\":\"https:\\\/\\\/secure.gravatar.com\\\/avatar\\\/8a09ac165600ce2e1c38fe593c63928eb1e6e7ba5c5a907d67787c41b3d00c14?s=96&d=mm&r=g\",\"contentUrl\":\"https:\\\/\\\/secure.gravatar.com\\\/avatar\\\/8a09ac165600ce2e1c38fe593c63928eb1e6e7ba5c5a907d67787c41b3d00c14?s=96&d=mm&r=g\",\"caption\":\"hotnewsinworld\"},\"url\":\"https:\\\/\\\/hotnewsinworld.com\\\/hu\\\/author\\\/pt\\\/\"}]}<\/script>\n<!-- \/ Yoast SEO plugin. -->","yoast_head_json":{"title":"Nem \u00e9rkezett hivatalos megkeres\u00e9s az OLAF-t\u00f3l - Hot News in World","robots":{"index":"index","follow":"follow","max-snippet":"max-snippet:-1","max-image-preview":"max-image-preview:large","max-video-preview":"max-video-preview:-1"},"canonical":"https:\/\/hotnewsinworld.com\/hu\/nem-erkezett-hivatalos-megkereses-az-olaf-tol\/","og_locale":"hu_HU","og_type":"article","og_title":"Nem \u00e9rkezett hivatalos megkeres\u00e9s az OLAF-t\u00f3l - Hot News in World","og_description":"[ad_1] \u00dcgy\u00e9szs\u00e9g: Nem \u00e9rkezett hivatalos megkeres\u00e9s az OLAF-t\u00f3l Ezt mondta el h\u00edrad\u00f3nknak a Legf\u0151bb \u00dcgy\u00e9szs\u00e9g sz\u00f3viv\u0151je. Az Eur\u00f3pai Csal\u00e1s Elleni Hivatal vezet\u0151je kedden azt nyilatkozta: szem\u00e9lyesen egyeztetne a magyar igazs\u00e1g\u00fcgyi vezet\u0151kkel az OLAF legfrissebb jelent\u00e9s\u00e9r\u0151l. A Legf\u0151bb \u00dcgy\u00e9szs\u00e9g szerint minden olyan \u00fcgyben nyomoz\u00e1st ind\u00edtottak, amelyet az OLAF javasolt, \u00e9s kiv\u00e1l\u00f3 a kapcsolatuk a szervezettel.&#13; &#13; [&hellip;]","og_url":"https:\/\/hotnewsinworld.com\/hu\/nem-erkezett-hivatalos-megkereses-az-olaf-tol\/","og_site_name":"Hot News in World","article_published_time":"2019-09-04T17:58:01+00:00","article_modified_time":"2019-09-04T17:58:02+00:00","og_image":[{"width":772,"height":514,"url":"https:\/\/hotnewsinworld.com\/hu\/wp-content\/uploads\/sites\/3\/2019\/09\/Nem-\u00e9rkezett-hivatalos-megkeres\u00e9s-az-OLAF-t\u00f3l.jpg","type":"image\/jpeg"}],"author":"hotnewsinworld","twitter_card":"summary_large_image","twitter_misc":{"Szerz\u0151:":"hotnewsinworld","Becs\u00fclt olvas\u00e1si id\u0151":"3 perc"},"schema":{"@context":"https:\/\/schema.org","@graph":[{"@type":"Article","@id":"https:\/\/hotnewsinworld.com\/hu\/nem-erkezett-hivatalos-megkereses-az-olaf-tol\/#article","isPartOf":{"@id":"https:\/\/hotnewsinworld.com\/hu\/nem-erkezett-hivatalos-megkereses-az-olaf-tol\/"},"author":{"name":"hotnewsinworld","@id":"https:\/\/hotnewsinworld.com\/hu\/#\/schema\/person\/fe61448b21c0d59086e75fcc1f9d8f6b"},"headline":"Nem \u00e9rkezett hivatalos megkeres\u00e9s az OLAF-t\u00f3l","datePublished":"2019-09-04T17:58:01+00:00","dateModified":"2019-09-04T17:58:02+00:00","mainEntityOfPage":{"@id":"https:\/\/hotnewsinworld.com\/hu\/nem-erkezett-hivatalos-megkereses-az-olaf-tol\/"},"wordCount":680,"commentCount":0,"image":{"@id":"https:\/\/hotnewsinworld.com\/hu\/nem-erkezett-hivatalos-megkereses-az-olaf-tol\/#primaryimage"},"thumbnailUrl":"https:\/\/hotnewsinworld.com\/hu\/wp-content\/uploads\/sites\/3\/2019\/09\/Nem-\u00e9rkezett-hivatalos-megkeres\u00e9s-az-OLAF-t\u00f3l.jpg","articleSection":["LEG\u00daJABB P\u00c9NZ\u00dcGYI H\u00cdREK"],"inLanguage":"hu","potentialAction":[{"@type":"CommentAction","name":"Comment","target":["https:\/\/hotnewsinworld.com\/hu\/nem-erkezett-hivatalos-megkereses-az-olaf-tol\/#respond"]}]},{"@type":"WebPage","@id":"https:\/\/hotnewsinworld.com\/hu\/nem-erkezett-hivatalos-megkereses-az-olaf-tol\/","url":"https:\/\/hotnewsinworld.com\/hu\/nem-erkezett-hivatalos-megkereses-az-olaf-tol\/","name":"Nem \u00e9rkezett hivatalos megkeres\u00e9s az OLAF-t\u00f3l - Hot News in World","isPartOf":{"@id":"https:\/\/hotnewsinworld.com\/hu\/#website"},"primaryImageOfPage":{"@id":"https:\/\/hotnewsinworld.com\/hu\/nem-erkezett-hivatalos-megkereses-az-olaf-tol\/#primaryimage"},"image":{"@id":"https:\/\/hotnewsinworld.com\/hu\/nem-erkezett-hivatalos-megkereses-az-olaf-tol\/#primaryimage"},"thumbnailUrl":"https:\/\/hotnewsinworld.com\/hu\/wp-content\/uploads\/sites\/3\/2019\/09\/Nem-\u00e9rkezett-hivatalos-megkeres\u00e9s-az-OLAF-t\u00f3l.jpg","datePublished":"2019-09-04T17:58:01+00:00","dateModified":"2019-09-04T17:58:02+00:00","author":{"@id":"https:\/\/hotnewsinworld.com\/hu\/#\/schema\/person\/fe61448b21c0d59086e75fcc1f9d8f6b"},"breadcrumb":{"@id":"https:\/\/hotnewsinworld.com\/hu\/nem-erkezett-hivatalos-megkereses-az-olaf-tol\/#breadcrumb"},"inLanguage":"hu","potentialAction":[{"@type":"ReadAction","target":["https:\/\/hotnewsinworld.com\/hu\/nem-erkezett-hivatalos-megkereses-az-olaf-tol\/"]}]},{"@type":"ImageObject","inLanguage":"hu","@id":"https:\/\/hotnewsinworld.com\/hu\/nem-erkezett-hivatalos-megkereses-az-olaf-tol\/#primaryimage","url":"https:\/\/hotnewsinworld.com\/hu\/wp-content\/uploads\/sites\/3\/2019\/09\/Nem-\u00e9rkezett-hivatalos-megkeres\u00e9s-az-OLAF-t\u00f3l.jpg","contentUrl":"https:\/\/hotnewsinworld.com\/hu\/wp-content\/uploads\/sites\/3\/2019\/09\/Nem-\u00e9rkezett-hivatalos-megkeres\u00e9s-az-OLAF-t\u00f3l.jpg","width":772,"height":514,"caption":"\u00dcgy\u00e9szs\u00e9g: Nem \u00e9rkezett hivatalos megkeres\u00e9s az OLAF-t\u00f3l"},{"@type":"BreadcrumbList","@id":"https:\/\/hotnewsinworld.com\/hu\/nem-erkezett-hivatalos-megkereses-az-olaf-tol\/#breadcrumb","itemListElement":[{"@type":"ListItem","position":1,"name":"\u0413\u043b\u0430\u0432\u043d\u0430\u044f \u0441\u0442\u0440\u0430\u043d\u0438\u0446\u0430","item":"https:\/\/hotnewsinworld.com\/hu\/"},{"@type":"ListItem","position":2,"name":"Nem \u00e9rkezett hivatalos megkeres\u00e9s az OLAF-t\u00f3l"}]},{"@type":"WebSite","@id":"https:\/\/hotnewsinworld.com\/hu\/#website","url":"https:\/\/hotnewsinworld.com\/hu\/","name":"Hot News in World","description":"Hot News in World from Hungary","potentialAction":[{"@type":"SearchAction","target":{"@type":"EntryPoint","urlTemplate":"https:\/\/hotnewsinworld.com\/hu\/?s={search_term_string}"},"query-input":{"@type":"PropertyValueSpecification","valueRequired":true,"valueName":"search_term_string"}}],"inLanguage":"hu"},{"@type":"Person","@id":"https:\/\/hotnewsinworld.com\/hu\/#\/schema\/person\/fe61448b21c0d59086e75fcc1f9d8f6b","name":"hotnewsinworld","image":{"@type":"ImageObject","inLanguage":"hu","@id":"https:\/\/secure.gravatar.com\/avatar\/8a09ac165600ce2e1c38fe593c63928eb1e6e7ba5c5a907d67787c41b3d00c14?s=96&d=mm&r=g","url":"https:\/\/secure.gravatar.com\/avatar\/8a09ac165600ce2e1c38fe593c63928eb1e6e7ba5c5a907d67787c41b3d00c14?s=96&d=mm&r=g","contentUrl":"https:\/\/secure.gravatar.com\/avatar\/8a09ac165600ce2e1c38fe593c63928eb1e6e7ba5c5a907d67787c41b3d00c14?s=96&d=mm&r=g","caption":"hotnewsinworld"},"url":"https:\/\/hotnewsinworld.com\/hu\/author\/pt\/"}]}},"_links":{"self":[{"href":"https:\/\/hotnewsinworld.com\/hu\/wp-json\/wp\/v2\/posts\/1621","targetHints":{"allow":["GET"]}}],"collection":[{"href":"https:\/\/hotnewsinworld.com\/hu\/wp-json\/wp\/v2\/posts"}],"about":[{"href":"https:\/\/hotnewsinworld.com\/hu\/wp-json\/wp\/v2\/types\/post"}],"author":[{"embeddable":true,"href":"https:\/\/hotnewsinworld.com\/hu\/wp-json\/wp\/v2\/users\/2"}],"replies":[{"embeddable":true,"href":"https:\/\/hotnewsinworld.com\/hu\/wp-json\/wp\/v2\/comments?post=1621"}],"version-history":[{"count":1,"href":"https:\/\/hotnewsinworld.com\/hu\/wp-json\/wp\/v2\/posts\/1621\/revisions"}],"predecessor-version":[{"id":1623,"href":"https:\/\/hotnewsinworld.com\/hu\/wp-json\/wp\/v2\/posts\/1621\/revisions\/1623"}],"wp:featuredmedia":[{"embeddable":true,"href":"https:\/\/hotnewsinworld.com\/hu\/wp-json\/wp\/v2\/media\/1622"}],"wp:attachment":[{"href":"https:\/\/hotnewsinworld.com\/hu\/wp-json\/wp\/v2\/media?parent=1621"}],"wp:term":[{"taxonomy":"category","embeddable":true,"href":"https:\/\/hotnewsinworld.com\/hu\/wp-json\/wp\/v2\/categories?post=1621"},{"taxonomy":"post_tag","embeddable":true,"href":"https:\/\/hotnewsinworld.com\/hu\/wp-json\/wp\/v2\/tags?post=1621"}],"curies":[{"name":"wp","href":"https:\/\/api.w.org\/{rel}","templated":true}]}}