{"id":1624,"date":"2019-09-04T22:17:26","date_gmt":"2019-09-04T19:17:26","guid":{"rendered":"https:\/\/hotnewsinworld.com\/hu\/vucicot-babist-es-pellegrinit-fogadta-orban\/"},"modified":"2019-09-04T22:17:26","modified_gmt":"2019-09-04T19:17:26","slug":"vucicot-babist-es-pellegrinit-fogadta-orban","status":"publish","type":"post","link":"https:\/\/hotnewsinworld.com\/hu\/vucicot-babist-es-pellegrinit-fogadta-orban\/","title":{"rendered":"Vu\u010di\u0107ot, Babi\u0161t \u00e9s Pellegrinit fogadta Orb\u00e1n"},"content":{"rendered":"<p> [ad_1]<br \/>\n<\/p>\n<p>2019. szeptember 4. 20:53<\/p>\n<p>\n            Orb\u00e1n, Vu\u010di\u0107 \u00e9s Babi\u0161 el\u0151ad\u00f3k\u00e9nt szerepel a III. Budapesti Demogr\u00e1fiai Cs\u00facson.\n        <\/p>\n<div>\n<p>Orb\u00e1n Viktor minisztereln\u00f6k szerda este a Karmelita kolostorban munkavacsor\u00e1n fogadta Aleksandar Vucic szerb k\u00f6zt\u00e1rsas\u00e1gi eln\u00f6k\u00f6t, valamint Andrej Babis cseh \u00e9s Peter Pellegrini szlov\u00e1k minisztereln\u00f6k\u00f6t \u2013 t\u00e1j\u00e9koztatta az MTI-t Havasi Bertalan, a Minisztereln\u00f6ki Sajt\u00f3irod\u00e1t vezet\u0151 helyettes \u00e1llamtitk\u00e1r. Orb\u00e1n Viktor, Aleksandar Vucic \u00e9s Andrej Babis el\u0151ad\u00f3k\u00e9nt szerepel a III. Budapesti Demogr\u00e1fiai Cs\u00facson, amelyet cs\u00fct\u00f6rt\u00f6k\u00f6n \u00e9s p\u00e9nteken a V\u00e1rkert Baz\u00e1rban rendeznek meg tud\u00f3sok, politikusok, egyh\u00e1zi k\u00e9pvisel\u0151k \u00e9s m\u00e1s k\u00f6zszerepl\u0151k r\u00e9szv\u00e9tel\u00e9vel.<\/p>\n<p>A rendezv\u00e9nyen el\u0151ad\u00e1st tart m\u00e1sok mellett Tony Abbott, Ausztr\u00e1lia kor\u00e1bbi minisztereln\u00f6ke \u00e9s Bulg\u00e1ria minisztereln\u00f6k-helyettese is \u2013 mondta Havasi Bertalan. Nov\u00e1k Katalin, az Emberi Er\u0151forr\u00e1sok Miniszt\u00e9rium\u00e1nak csal\u00e1d- \u00e9s ifj\u00fas\u00e1g\u00fcgy\u00e9rt felel\u0151s \u00e1llamtitk\u00e1ra kor\u00e1bban azt nyilatkozta, az idei konferenci\u00e1ra az eg\u00e9sz vil\u00e1gb\u00f3l \u00e9rkeznek r\u00e9sztvev\u0151k, ez\u00e9rt m\u00e9g t\u00f6bben oszthatj\u00e1k meg egym\u00e1ssal a kedvez\u0151, illetve a rossz tapasztalataikat is. Az \u00fajabb inform\u00e1ci\u00f3k, gyakorlatok megismer\u00e9se az\u00e9rt is fontos, mert azokat a korm\u00e1ny az esetleges csal\u00e1dv\u00e9delmi akci\u00f3terv 2 kidolgoz\u00e1s\u00e1n\u00e1l figyelembe tudja venni \u2013 tette hozz\u00e1. Nov\u00e1k Katalin t\u00e1j\u00e9koztat\u00e1sa szerint a k\u00e9tnapos konferenci\u00e1t a bdselsoacsalad.hu oldalon \u00e9l\u0151ben lehet k\u00f6vetni, a csalad.hu port\u00e1l pedig percr\u0151l percre tud\u00f3s\u00edt a rendezv\u00e9nyr\u0151l.<img decoding=\"async\" src=\"https:\/\/hotnewsinworld.com\/hu\/wp-content\/uploads\/sites\/3\/2019\/05\/Bangone-ot-legemlekezetesebb-villanasa-Mandiner.gif\" id=\"ga2\" class=\"ga_img\" \/><\/p>\n<\/p><\/div>\n<p><script>\n!function(f,b,e,v,n,t,s)\n{if(f.fbq)return;n=f.fbq=function(){n.callMethod?\nn.callMethod.apply(n,arguments):n.queue.push(arguments)};\nif(!f._fbq)f._fbq=n;n.push=n;n.loaded=!0;n.version='2.0';\nn.queue=[];t=b.createElement(e);t.async=!0;\nt.src=v;s=b.getElementsByTagName(e)[0];\ns.parentNode.insertBefore(t,s)}(window,document,'script',\n'https:\/\/connect.facebook.net\/en_US\/fbevents.js');\n fbq('init', '477066539334141');\nfbq('track', 'PageView');<\/p>\n<p>fbq('track', 'ViewContent');\n<\/script><script>(function(d, s, id) {\n  var js, fjs = d.getElementsByTagName(s)[0];\n  if (d.getElementById(id)) return;\n  js = d.createElement(s); js.id = id;\n  js.src = 'https:\/\/connect.facebook.net\/hu_HU\/sdk.js#xfbml=1&version=v3.0&appId=279311132096749&autoLogAppEvents=1';\n  fjs.parentNode.insertBefore(js, fjs);\n}(document, 'script', 'facebook-jssdk'));<\/script><script>(function(d, s, id) {\n  var js, fjs = d.getElementsByTagName(s)[0];\n  if (d.getElementById(id)) return;\n  js = d.createElement(s); js.id = id;\n  js.src = \"http:\/\/connect.facebook.net\/hu_HU\/sdk.js#xfbml=1&version=v2.3&appId=279311132096749\";\n  fjs.parentNode.insertBefore(js, fjs);\n}(document, 'script', 'facebook-jssdk'));<\/script><br \/>\n<br \/>[ad_2]<br \/>\n<br \/><a href=\"https:\/\/hirek.oldal.info\/rssclick\/14370196\">Source link <\/a><\/p>\n","protected":false},"excerpt":{"rendered":"<p>[ad_1] 2019. szeptember 4. 20:53 Orb\u00e1n, Vu\u010di\u0107 \u00e9s Babi\u0161 el\u0151ad\u00f3k\u00e9nt szerepel a III. Budapesti Demogr\u00e1fiai Cs\u00facson. Orb\u00e1n Viktor minisztereln\u00f6k szerda este a Karmelita kolostorban munkavacsor\u00e1n fogadta Aleksandar Vucic szerb k\u00f6zt\u00e1rsas\u00e1gi eln\u00f6k\u00f6t, valamint Andrej Babis cseh \u00e9s Peter Pellegrini szlov\u00e1k minisztereln\u00f6k\u00f6t \u2013 t\u00e1j\u00e9koztatta az MTI-t Havasi Bertalan, a Minisztereln\u00f6ki Sajt\u00f3irod\u00e1t vezet\u0151 helyettes \u00e1llamtitk\u00e1r. Orb\u00e1n Viktor, Aleksandar [&hellip;]<\/p>\n","protected":false},"author":2,"featured_media":69,"comment_status":"open","ping_status":"open","sticky":false,"template":"","format":"standard","meta":{"footnotes":""},"categories":[1],"tags":[],"class_list":["post-1624","post","type-post","status-publish","format-standard","has-post-thumbnail","hentry","category-legujabb-penzugyi-hirek"],"yoast_head":"<!-- This site is optimized with the Yoast SEO plugin v27.4 - https:\/\/yoast.com\/product\/yoast-seo-wordpress\/ -->\n<title>Vu\u010di\u0107ot, Babi\u0161t \u00e9s Pellegrinit fogadta Orb\u00e1n - Hot News in World<\/title>\n<meta name=\"robots\" content=\"index, follow, max-snippet:-1, max-image-preview:large, max-video-preview:-1\" \/>\n<link rel=\"canonical\" href=\"https:\/\/hotnewsinworld.com\/hu\/vucicot-babist-es-pellegrinit-fogadta-orban\/\" \/>\n<meta property=\"og:locale\" content=\"hu_HU\" \/>\n<meta property=\"og:type\" content=\"article\" \/>\n<meta property=\"og:title\" content=\"Vu\u010di\u0107ot, Babi\u0161t \u00e9s Pellegrinit fogadta Orb\u00e1n - Hot News in World\" \/>\n<meta property=\"og:description\" content=\"[ad_1] 2019. szeptember 4. 20:53 Orb\u00e1n, Vu\u010di\u0107 \u00e9s Babi\u0161 el\u0151ad\u00f3k\u00e9nt szerepel a III. Budapesti Demogr\u00e1fiai Cs\u00facson. Orb\u00e1n Viktor minisztereln\u00f6k szerda este a Karmelita kolostorban munkavacsor\u00e1n fogadta Aleksandar Vucic szerb k\u00f6zt\u00e1rsas\u00e1gi eln\u00f6k\u00f6t, valamint Andrej Babis cseh \u00e9s Peter Pellegrini szlov\u00e1k minisztereln\u00f6k\u00f6t \u2013 t\u00e1j\u00e9koztatta az MTI-t Havasi Bertalan, a Minisztereln\u00f6ki Sajt\u00f3irod\u00e1t vezet\u0151 helyettes \u00e1llamtitk\u00e1r. Orb\u00e1n Viktor, Aleksandar [&hellip;]\" \/>\n<meta property=\"og:url\" content=\"https:\/\/hotnewsinworld.com\/hu\/vucicot-babist-es-pellegrinit-fogadta-orban\/\" \/>\n<meta property=\"og:site_name\" content=\"Hot News in World\" \/>\n<meta property=\"article:published_time\" content=\"2019-09-04T19:17:26+00:00\" \/>\n<meta property=\"og:image\" content=\"https:\/\/hotnewsinworld.com\/hu\/wp-content\/uploads\/sites\/3\/2019\/05\/Bang\u00f3n\u00e9-\u00f6t-legeml\u00e9kezetesebb-villan\u00e1sa-Mandiner.gif\" \/>\n\t<meta property=\"og:image:width\" content=\"2\" \/>\n\t<meta property=\"og:image:height\" content=\"2\" \/>\n\t<meta property=\"og:image:type\" content=\"image\/gif\" \/>\n<meta name=\"author\" content=\"hotnewsinworld\" \/>\n<meta name=\"twitter:card\" content=\"summary_large_image\" \/>\n<meta name=\"twitter:label1\" content=\"Szerz\u0151:\" \/>\n\t<meta name=\"twitter:data1\" content=\"hotnewsinworld\" \/>\n\t<meta name=\"twitter:label2\" content=\"Becs\u00fclt olvas\u00e1si id\u0151\" \/>\n\t<meta name=\"twitter:data2\" content=\"1 perc\" \/>\n<script type=\"application\/ld+json\" class=\"yoast-schema-graph\">{\"@context\":\"https:\\\/\\\/schema.org\",\"@graph\":[{\"@type\":\"Article\",\"@id\":\"https:\\\/\\\/hotnewsinworld.com\\\/hu\\\/vucicot-babist-es-pellegrinit-fogadta-orban\\\/#article\",\"isPartOf\":{\"@id\":\"https:\\\/\\\/hotnewsinworld.com\\\/hu\\\/vucicot-babist-es-pellegrinit-fogadta-orban\\\/\"},\"author\":{\"name\":\"hotnewsinworld\",\"@id\":\"https:\\\/\\\/hotnewsinworld.com\\\/hu\\\/#\\\/schema\\\/person\\\/fe61448b21c0d59086e75fcc1f9d8f6b\"},\"headline\":\"Vu\u010di\u0107ot, Babi\u0161t \u00e9s Pellegrinit fogadta Orb\u00e1n\",\"datePublished\":\"2019-09-04T19:17:26+00:00\",\"mainEntityOfPage\":{\"@id\":\"https:\\\/\\\/hotnewsinworld.com\\\/hu\\\/vucicot-babist-es-pellegrinit-fogadta-orban\\\/\"},\"wordCount\":296,\"commentCount\":0,\"image\":{\"@id\":\"https:\\\/\\\/hotnewsinworld.com\\\/hu\\\/vucicot-babist-es-pellegrinit-fogadta-orban\\\/#primaryimage\"},\"thumbnailUrl\":\"https:\\\/\\\/hotnewsinworld.com\\\/hu\\\/wp-content\\\/uploads\\\/sites\\\/3\\\/2019\\\/05\\\/Bang\u00f3n\u00e9-\u00f6t-legeml\u00e9kezetesebb-villan\u00e1sa-Mandiner.gif\",\"articleSection\":[\"LEG\u00daJABB P\u00c9NZ\u00dcGYI H\u00cdREK\"],\"inLanguage\":\"hu\",\"potentialAction\":[{\"@type\":\"CommentAction\",\"name\":\"Comment\",\"target\":[\"https:\\\/\\\/hotnewsinworld.com\\\/hu\\\/vucicot-babist-es-pellegrinit-fogadta-orban\\\/#respond\"]}]},{\"@type\":\"WebPage\",\"@id\":\"https:\\\/\\\/hotnewsinworld.com\\\/hu\\\/vucicot-babist-es-pellegrinit-fogadta-orban\\\/\",\"url\":\"https:\\\/\\\/hotnewsinworld.com\\\/hu\\\/vucicot-babist-es-pellegrinit-fogadta-orban\\\/\",\"name\":\"Vu\u010di\u0107ot, Babi\u0161t \u00e9s Pellegrinit fogadta Orb\u00e1n - Hot News in World\",\"isPartOf\":{\"@id\":\"https:\\\/\\\/hotnewsinworld.com\\\/hu\\\/#website\"},\"primaryImageOfPage\":{\"@id\":\"https:\\\/\\\/hotnewsinworld.com\\\/hu\\\/vucicot-babist-es-pellegrinit-fogadta-orban\\\/#primaryimage\"},\"image\":{\"@id\":\"https:\\\/\\\/hotnewsinworld.com\\\/hu\\\/vucicot-babist-es-pellegrinit-fogadta-orban\\\/#primaryimage\"},\"thumbnailUrl\":\"https:\\\/\\\/hotnewsinworld.com\\\/hu\\\/wp-content\\\/uploads\\\/sites\\\/3\\\/2019\\\/05\\\/Bang\u00f3n\u00e9-\u00f6t-legeml\u00e9kezetesebb-villan\u00e1sa-Mandiner.gif\",\"datePublished\":\"2019-09-04T19:17:26+00:00\",\"author\":{\"@id\":\"https:\\\/\\\/hotnewsinworld.com\\\/hu\\\/#\\\/schema\\\/person\\\/fe61448b21c0d59086e75fcc1f9d8f6b\"},\"breadcrumb\":{\"@id\":\"https:\\\/\\\/hotnewsinworld.com\\\/hu\\\/vucicot-babist-es-pellegrinit-fogadta-orban\\\/#breadcrumb\"},\"inLanguage\":\"hu\",\"potentialAction\":[{\"@type\":\"ReadAction\",\"target\":[\"https:\\\/\\\/hotnewsinworld.com\\\/hu\\\/vucicot-babist-es-pellegrinit-fogadta-orban\\\/\"]}]},{\"@type\":\"ImageObject\",\"inLanguage\":\"hu\",\"@id\":\"https:\\\/\\\/hotnewsinworld.com\\\/hu\\\/vucicot-babist-es-pellegrinit-fogadta-orban\\\/#primaryimage\",\"url\":\"https:\\\/\\\/hotnewsinworld.com\\\/hu\\\/wp-content\\\/uploads\\\/sites\\\/3\\\/2019\\\/05\\\/Bang\u00f3n\u00e9-\u00f6t-legeml\u00e9kezetesebb-villan\u00e1sa-Mandiner.gif\",\"contentUrl\":\"https:\\\/\\\/hotnewsinworld.com\\\/hu\\\/wp-content\\\/uploads\\\/sites\\\/3\\\/2019\\\/05\\\/Bang\u00f3n\u00e9-\u00f6t-legeml\u00e9kezetesebb-villan\u00e1sa-Mandiner.gif\",\"width\":2,\"height\":2,\"caption\":\"Bang\u00f3n\u00e9 \u00f6t legeml\u00e9kezetesebb villan\u00e1sa | Mandiner\"},{\"@type\":\"BreadcrumbList\",\"@id\":\"https:\\\/\\\/hotnewsinworld.com\\\/hu\\\/vucicot-babist-es-pellegrinit-fogadta-orban\\\/#breadcrumb\",\"itemListElement\":[{\"@type\":\"ListItem\",\"position\":1,\"name\":\"\u0413\u043b\u0430\u0432\u043d\u0430\u044f \u0441\u0442\u0440\u0430\u043d\u0438\u0446\u0430\",\"item\":\"https:\\\/\\\/hotnewsinworld.com\\\/hu\\\/\"},{\"@type\":\"ListItem\",\"position\":2,\"name\":\"Vu\u010di\u0107ot, Babi\u0161t \u00e9s Pellegrinit fogadta Orb\u00e1n\"}]},{\"@type\":\"WebSite\",\"@id\":\"https:\\\/\\\/hotnewsinworld.com\\\/hu\\\/#website\",\"url\":\"https:\\\/\\\/hotnewsinworld.com\\\/hu\\\/\",\"name\":\"Hot News in World\",\"description\":\"Hot News in World from Hungary\",\"potentialAction\":[{\"@type\":\"SearchAction\",\"target\":{\"@type\":\"EntryPoint\",\"urlTemplate\":\"https:\\\/\\\/hotnewsinworld.com\\\/hu\\\/?s={search_term_string}\"},\"query-input\":{\"@type\":\"PropertyValueSpecification\",\"valueRequired\":true,\"valueName\":\"search_term_string\"}}],\"inLanguage\":\"hu\"},{\"@type\":\"Person\",\"@id\":\"https:\\\/\\\/hotnewsinworld.com\\\/hu\\\/#\\\/schema\\\/person\\\/fe61448b21c0d59086e75fcc1f9d8f6b\",\"name\":\"hotnewsinworld\",\"image\":{\"@type\":\"ImageObject\",\"inLanguage\":\"hu\",\"@id\":\"https:\\\/\\\/secure.gravatar.com\\\/avatar\\\/8a09ac165600ce2e1c38fe593c63928eb1e6e7ba5c5a907d67787c41b3d00c14?s=96&d=mm&r=g\",\"url\":\"https:\\\/\\\/secure.gravatar.com\\\/avatar\\\/8a09ac165600ce2e1c38fe593c63928eb1e6e7ba5c5a907d67787c41b3d00c14?s=96&d=mm&r=g\",\"contentUrl\":\"https:\\\/\\\/secure.gravatar.com\\\/avatar\\\/8a09ac165600ce2e1c38fe593c63928eb1e6e7ba5c5a907d67787c41b3d00c14?s=96&d=mm&r=g\",\"caption\":\"hotnewsinworld\"},\"url\":\"https:\\\/\\\/hotnewsinworld.com\\\/hu\\\/author\\\/pt\\\/\"}]}<\/script>\n<!-- \/ Yoast SEO plugin. -->","yoast_head_json":{"title":"Vu\u010di\u0107ot, Babi\u0161t \u00e9s Pellegrinit fogadta Orb\u00e1n - Hot News in World","robots":{"index":"index","follow":"follow","max-snippet":"max-snippet:-1","max-image-preview":"max-image-preview:large","max-video-preview":"max-video-preview:-1"},"canonical":"https:\/\/hotnewsinworld.com\/hu\/vucicot-babist-es-pellegrinit-fogadta-orban\/","og_locale":"hu_HU","og_type":"article","og_title":"Vu\u010di\u0107ot, Babi\u0161t \u00e9s Pellegrinit fogadta Orb\u00e1n - Hot News in World","og_description":"[ad_1] 2019. szeptember 4. 20:53 Orb\u00e1n, Vu\u010di\u0107 \u00e9s Babi\u0161 el\u0151ad\u00f3k\u00e9nt szerepel a III. Budapesti Demogr\u00e1fiai Cs\u00facson. Orb\u00e1n Viktor minisztereln\u00f6k szerda este a Karmelita kolostorban munkavacsor\u00e1n fogadta Aleksandar Vucic szerb k\u00f6zt\u00e1rsas\u00e1gi eln\u00f6k\u00f6t, valamint Andrej Babis cseh \u00e9s Peter Pellegrini szlov\u00e1k minisztereln\u00f6k\u00f6t \u2013 t\u00e1j\u00e9koztatta az MTI-t Havasi Bertalan, a Minisztereln\u00f6ki Sajt\u00f3irod\u00e1t vezet\u0151 helyettes \u00e1llamtitk\u00e1r. Orb\u00e1n Viktor, Aleksandar [&hellip;]","og_url":"https:\/\/hotnewsinworld.com\/hu\/vucicot-babist-es-pellegrinit-fogadta-orban\/","og_site_name":"Hot News in World","article_published_time":"2019-09-04T19:17:26+00:00","og_image":[{"width":2,"height":2,"url":"https:\/\/hotnewsinworld.com\/hu\/wp-content\/uploads\/sites\/3\/2019\/05\/Bang\u00f3n\u00e9-\u00f6t-legeml\u00e9kezetesebb-villan\u00e1sa-Mandiner.gif","type":"image\/gif"}],"author":"hotnewsinworld","twitter_card":"summary_large_image","twitter_misc":{"Szerz\u0151:":"hotnewsinworld","Becs\u00fclt olvas\u00e1si id\u0151":"1 perc"},"schema":{"@context":"https:\/\/schema.org","@graph":[{"@type":"Article","@id":"https:\/\/hotnewsinworld.com\/hu\/vucicot-babist-es-pellegrinit-fogadta-orban\/#article","isPartOf":{"@id":"https:\/\/hotnewsinworld.com\/hu\/vucicot-babist-es-pellegrinit-fogadta-orban\/"},"author":{"name":"hotnewsinworld","@id":"https:\/\/hotnewsinworld.com\/hu\/#\/schema\/person\/fe61448b21c0d59086e75fcc1f9d8f6b"},"headline":"Vu\u010di\u0107ot, Babi\u0161t \u00e9s Pellegrinit fogadta Orb\u00e1n","datePublished":"2019-09-04T19:17:26+00:00","mainEntityOfPage":{"@id":"https:\/\/hotnewsinworld.com\/hu\/vucicot-babist-es-pellegrinit-fogadta-orban\/"},"wordCount":296,"commentCount":0,"image":{"@id":"https:\/\/hotnewsinworld.com\/hu\/vucicot-babist-es-pellegrinit-fogadta-orban\/#primaryimage"},"thumbnailUrl":"https:\/\/hotnewsinworld.com\/hu\/wp-content\/uploads\/sites\/3\/2019\/05\/Bang\u00f3n\u00e9-\u00f6t-legeml\u00e9kezetesebb-villan\u00e1sa-Mandiner.gif","articleSection":["LEG\u00daJABB P\u00c9NZ\u00dcGYI H\u00cdREK"],"inLanguage":"hu","potentialAction":[{"@type":"CommentAction","name":"Comment","target":["https:\/\/hotnewsinworld.com\/hu\/vucicot-babist-es-pellegrinit-fogadta-orban\/#respond"]}]},{"@type":"WebPage","@id":"https:\/\/hotnewsinworld.com\/hu\/vucicot-babist-es-pellegrinit-fogadta-orban\/","url":"https:\/\/hotnewsinworld.com\/hu\/vucicot-babist-es-pellegrinit-fogadta-orban\/","name":"Vu\u010di\u0107ot, Babi\u0161t \u00e9s Pellegrinit fogadta Orb\u00e1n - Hot News in World","isPartOf":{"@id":"https:\/\/hotnewsinworld.com\/hu\/#website"},"primaryImageOfPage":{"@id":"https:\/\/hotnewsinworld.com\/hu\/vucicot-babist-es-pellegrinit-fogadta-orban\/#primaryimage"},"image":{"@id":"https:\/\/hotnewsinworld.com\/hu\/vucicot-babist-es-pellegrinit-fogadta-orban\/#primaryimage"},"thumbnailUrl":"https:\/\/hotnewsinworld.com\/hu\/wp-content\/uploads\/sites\/3\/2019\/05\/Bang\u00f3n\u00e9-\u00f6t-legeml\u00e9kezetesebb-villan\u00e1sa-Mandiner.gif","datePublished":"2019-09-04T19:17:26+00:00","author":{"@id":"https:\/\/hotnewsinworld.com\/hu\/#\/schema\/person\/fe61448b21c0d59086e75fcc1f9d8f6b"},"breadcrumb":{"@id":"https:\/\/hotnewsinworld.com\/hu\/vucicot-babist-es-pellegrinit-fogadta-orban\/#breadcrumb"},"inLanguage":"hu","potentialAction":[{"@type":"ReadAction","target":["https:\/\/hotnewsinworld.com\/hu\/vucicot-babist-es-pellegrinit-fogadta-orban\/"]}]},{"@type":"ImageObject","inLanguage":"hu","@id":"https:\/\/hotnewsinworld.com\/hu\/vucicot-babist-es-pellegrinit-fogadta-orban\/#primaryimage","url":"https:\/\/hotnewsinworld.com\/hu\/wp-content\/uploads\/sites\/3\/2019\/05\/Bang\u00f3n\u00e9-\u00f6t-legeml\u00e9kezetesebb-villan\u00e1sa-Mandiner.gif","contentUrl":"https:\/\/hotnewsinworld.com\/hu\/wp-content\/uploads\/sites\/3\/2019\/05\/Bang\u00f3n\u00e9-\u00f6t-legeml\u00e9kezetesebb-villan\u00e1sa-Mandiner.gif","width":2,"height":2,"caption":"Bang\u00f3n\u00e9 \u00f6t legeml\u00e9kezetesebb villan\u00e1sa | Mandiner"},{"@type":"BreadcrumbList","@id":"https:\/\/hotnewsinworld.com\/hu\/vucicot-babist-es-pellegrinit-fogadta-orban\/#breadcrumb","itemListElement":[{"@type":"ListItem","position":1,"name":"\u0413\u043b\u0430\u0432\u043d\u0430\u044f \u0441\u0442\u0440\u0430\u043d\u0438\u0446\u0430","item":"https:\/\/hotnewsinworld.com\/hu\/"},{"@type":"ListItem","position":2,"name":"Vu\u010di\u0107ot, Babi\u0161t \u00e9s Pellegrinit fogadta Orb\u00e1n"}]},{"@type":"WebSite","@id":"https:\/\/hotnewsinworld.com\/hu\/#website","url":"https:\/\/hotnewsinworld.com\/hu\/","name":"Hot News in World","description":"Hot News in World from Hungary","potentialAction":[{"@type":"SearchAction","target":{"@type":"EntryPoint","urlTemplate":"https:\/\/hotnewsinworld.com\/hu\/?s={search_term_string}"},"query-input":{"@type":"PropertyValueSpecification","valueRequired":true,"valueName":"search_term_string"}}],"inLanguage":"hu"},{"@type":"Person","@id":"https:\/\/hotnewsinworld.com\/hu\/#\/schema\/person\/fe61448b21c0d59086e75fcc1f9d8f6b","name":"hotnewsinworld","image":{"@type":"ImageObject","inLanguage":"hu","@id":"https:\/\/secure.gravatar.com\/avatar\/8a09ac165600ce2e1c38fe593c63928eb1e6e7ba5c5a907d67787c41b3d00c14?s=96&d=mm&r=g","url":"https:\/\/secure.gravatar.com\/avatar\/8a09ac165600ce2e1c38fe593c63928eb1e6e7ba5c5a907d67787c41b3d00c14?s=96&d=mm&r=g","contentUrl":"https:\/\/secure.gravatar.com\/avatar\/8a09ac165600ce2e1c38fe593c63928eb1e6e7ba5c5a907d67787c41b3d00c14?s=96&d=mm&r=g","caption":"hotnewsinworld"},"url":"https:\/\/hotnewsinworld.com\/hu\/author\/pt\/"}]}},"_links":{"self":[{"href":"https:\/\/hotnewsinworld.com\/hu\/wp-json\/wp\/v2\/posts\/1624","targetHints":{"allow":["GET"]}}],"collection":[{"href":"https:\/\/hotnewsinworld.com\/hu\/wp-json\/wp\/v2\/posts"}],"about":[{"href":"https:\/\/hotnewsinworld.com\/hu\/wp-json\/wp\/v2\/types\/post"}],"author":[{"embeddable":true,"href":"https:\/\/hotnewsinworld.com\/hu\/wp-json\/wp\/v2\/users\/2"}],"replies":[{"embeddable":true,"href":"https:\/\/hotnewsinworld.com\/hu\/wp-json\/wp\/v2\/comments?post=1624"}],"version-history":[{"count":1,"href":"https:\/\/hotnewsinworld.com\/hu\/wp-json\/wp\/v2\/posts\/1624\/revisions"}],"predecessor-version":[{"id":1625,"href":"https:\/\/hotnewsinworld.com\/hu\/wp-json\/wp\/v2\/posts\/1624\/revisions\/1625"}],"wp:featuredmedia":[{"embeddable":true,"href":"https:\/\/hotnewsinworld.com\/hu\/wp-json\/wp\/v2\/media\/69"}],"wp:attachment":[{"href":"https:\/\/hotnewsinworld.com\/hu\/wp-json\/wp\/v2\/media?parent=1624"}],"wp:term":[{"taxonomy":"category","embeddable":true,"href":"https:\/\/hotnewsinworld.com\/hu\/wp-json\/wp\/v2\/categories?post=1624"},{"taxonomy":"post_tag","embeddable":true,"href":"https:\/\/hotnewsinworld.com\/hu\/wp-json\/wp\/v2\/tags?post=1624"}],"curies":[{"name":"wp","href":"https:\/\/api.w.org\/{rel}","templated":true}]}}