{"id":1626,"date":"2019-09-05T00:04:02","date_gmt":"2019-09-04T21:04:02","guid":{"rendered":"https:\/\/hotnewsinworld.com\/hu\/karacsony-a-fopolgarmester-dolga-hogy-joban-legyen-a-budapestiekkel-nem-pedig-az-hogy-joban-legyen-a-kormannyal\/"},"modified":"2019-09-05T00:04:03","modified_gmt":"2019-09-04T21:04:03","slug":"karacsony-a-fopolgarmester-dolga-hogy-joban-legyen-a-budapestiekkel-nem-pedig-az-hogy-joban-legyen-a-kormannyal","status":"publish","type":"post","link":"https:\/\/hotnewsinworld.com\/hu\/karacsony-a-fopolgarmester-dolga-hogy-joban-legyen-a-budapestiekkel-nem-pedig-az-hogy-joban-legyen-a-kormannyal\/","title":{"rendered":"Kar\u00e1csony: a f\u0151polg\u00e1rmester dolga, hogy j\u00f3ban legyen a budapestiekkel, nem pedig az, hogy j\u00f3ban legyen a korm\u00e1nnyal"},"content":{"rendered":"<p> [ad_1]<br \/>\n<\/p>\n<div>\n<p>&#8222;El\u00e9g volt abb\u00f3l, hogy a f\u0151polg\u00e1rmester gyakorlatilag a korm\u00e1ny keszty\u0171b\u00e1bja&#8221;, ez\u00e9rt vissza kell szerezni Budapestet, J\u00f3zsefv\u00e1rost \u00e9s az emberek \u00f6nrendelkez\u00e9si jog\u00e1t \u2013 err\u0151l besz\u00e9lt Kar\u00e1csony Gergely ellenz\u00e9ki f\u0151polg\u00e1rmester-jel\u00f6lt szerd\u00e1n a f\u0151v\u00e1ros VIII. ker\u00fclet\u00e9ben.<\/p>\n<p><em>Fot\u00f3: MTI\/M\u00f3nus M\u00e1rton<\/em><\/p>\n<p>Zugl\u00f3 polg\u00e1rmestere \u00e9s Pik\u00f3 Andr\u00e1s, J\u00f3zsefv\u00e1ros ellenz\u00e9ki polg\u00e1rmesterjel\u00f6ltje mintegy 30 aktivist\u00e1juk \u00e9s szimpatiz\u00e1nsuk k\u00f6r\u00e9ben tett s\u00e9t\u00e1t a ker\u00fcletben a II. J\u00e1nos P\u00e1l p\u00e1pa t\u00e9rr\u0151l indulva, majd a P\u00e1l utcai fi\u00fak Pr\u00e1ter utcai szobr\u00e1n\u00e1l tartott sajt\u00f3t\u00e1j\u00e9koztat\u00f3t.<\/p>\n<blockquote><p>&#13;<\/p>\n<p>A Moln\u00e1r Ferenc reg\u00e9nye nyom\u00e1n fogalomm\u00e1 v\u00e1lt kifejez\u00e9st haszn\u00e1lva Kar\u00e1csony Gergely azt mondta: a korm\u00e1ny az elm\u00falt kilenc \u00e9vben &#8222;einstandolta&#8221; a t\u00f6bbi k\u00f6z\u00f6tt az iskol\u00e1kat, a k\u00f3rh\u00e1zakat, a V\u00e1rosligetet, a H\u00c9V-et \u00e9s a megfizethet\u0151 lakhat\u00e1s es\u00e9ly\u00e9t. &#8222;Olyan politik\u00e1t szeretn\u00e9nk, ahol az einstandol\u00e1s v\u00e9get \u00e9r&#8221;<\/p>\n<p>&#13;\n<\/p><\/blockquote>\n<p>&#8211; hangoztatta azt is kiemelve, hogy vissza kell adni az embereknek az \u00f6nrendelkez\u00e9s jog\u00e1t.<\/p>\n<p>\u00dagy v\u00e9lekedett: a f\u0151polg\u00e1rmester dolga, hogy j\u00f3ban legyen a budapestiekkel, nem pedig az, hogy j\u00f3ban legyen a korm\u00e1nnyal. Kar\u00e1csony Gergely megfogalmaz\u00e1sa szerint Tarl\u00f3s Istv\u00e1n \u00e9s a korm\u00e1ny &#8222;nagy bar\u00e1ts\u00e1g\u00e1b\u00f3l&#8221; szolgas\u00e1g lett.<\/p>\n<p>\u00c1ll\u00e1spontja szerint a korm\u00e1ny f\u0151v\u00e1rossal kapcsolatos tervei k\u00f6z\u00f6tt<\/p>\n<blockquote><p>&#13;<\/p>\n<p>&#8222;minisztereln\u00f6ki dolgoz\u00f3szob\u00e1k&#8221;, &#8222;a v\u00e1ros t\u00fcdej\u00e9be \u00e9p\u00edtend\u0151 m\u00fazeumok&#8221;, \u00e9s stadionok szerepelnek.<\/p>\n<p>&#13;\n<\/p><\/blockquote>\n<p>Kar\u00e1csony Gergely azt mondta, hogy Budapest az elm\u00falt kilenc \u00e9vben k\u00e1rvallottja volt a fideszes v\u00e1rosvezet\u00e9snek.<\/p>\n<blockquote><p>&#13;<\/p>\n<p>A f\u0151v\u00e1ros \u00faszik az ad\u00f3ss\u00e1gban, akadozik a hullad\u00e9ksz\u00e1ll\u00edt\u00e1s \u00e9s a k\u00f6ztisztas\u00e1g, dr\u00e1mai m\u00e9rt\u00e9kben n\u0151nek az ingatlan\u00e1rak \u00e9s fogynak a z\u00f6ldfel\u00fcletek<\/p>\n<p>&#13;\n<\/p><\/blockquote>\n<p>&#8211; sorolta.<\/p>\n<p>A C8 Civilek J\u00f3zsefv\u00e1ros\u00e9rt alap\u00edt\u00f3ja, a Momentum, a DK, az MSZP, a P\u00e1rbesz\u00e9d \u00e9s az LMP \u00e1ltal t\u00e1mogatott Pik\u00f3 Andr\u00e1s azt hangoztatta: &#8222;nem akkor lesz\u00fcnk b\u00fcntet\u00e9sben, ha ellenz\u00e9ki polg\u00e1rmestere lesz a ker\u00fcletnek, hanem most vagyunk b\u00fcntet\u00e9sben&#8221;. A v\u00e1laszt\u00e1si es\u00e9lyekre t\u00e9rve elmondta, hogy a m\u00f6g\u00f6tte \u00f6ssze\u00e1llt t\u00e1mogat\u00f3i koal\u00edci\u00f3 az eur\u00f3pai parlamenti v\u00e1laszt\u00e1son &#8222;a 60 egy\u00e9ni szavaz\u00f3k\u00f6rb\u0151l 46-ot elvitt&#8221;. &#8222;A pirosingesek ellen valakinek fel kell l\u00e9pni, \u00e9s megv\u00e9deni Nemecsek\u00e9ket. A jelenlegi ellenz\u00e9k erre k\u00e9pes&#8221; \u2013 fogalmazott szint\u00e9n a P\u00e1l utcai fi\u00fakra utalva.<\/p>\n<p>Kar\u00e1csony Gergely k\u00e9rd\u00e9sre v\u00e1laszolva lesz\u00f6gezte, nem teszi alkalmatlann\u00e1 a f\u0151polg\u00e1rmesteri tiszts\u00e9gre, hogy egy alkalommal Csepel helyett \u00c9szak-Pestet mondott. Az \u00e1ltaluk felvett majdnem 70 ezer aj\u00e1nl\u00f3\u00edvr\u0151l sz\u00f3l\u00f3 felvet\u00e9sre \u00fagy reag\u00e1lt: &#8222;nagyon sok&#8221; aktivist\u00e1juk \u00e9s t\u00e1mogat\u00f3juk van \u00e9s sok helyen gy\u0171jt\u00f6tt\u00e9k \u00f6ssze a 16 ezer al\u00e1\u00edr\u00e1st. Semmilyen jogs\u00e9rt\u00e9s nem t\u00f6rt\u00e9nt, az ezzel kapcsolatos beadv\u00e1nyokat a v\u00e1laszt\u00e1si bizotts\u00e1g elutas\u00edtotta \u2013 mondta.<\/p>\n<p>Egy m\u00e1sik, az al\u00e1\u00edr\u00f3\u00edvekre vonatkoz\u00f3 k\u00e9rd\u00e9sre \u00fagy v\u00e1laszolt:<\/p>\n<blockquote><p>&#13;<\/p>\n<p>a jogszab\u00e1ly lehet\u0151v\u00e9 teszi, hogy &#8222;ilyen sok&#8221; \u00edvet kiv\u00e1ltsanak, \u00edgy \u00e9lnek ezzel a lehet\u0151s\u00e9ggel, majd azt is jelezte, hogy az al\u00e1\u00edr\u00e1sokb\u00f3l nem k\u00e9sz\u00fcl adatb\u00e1zis.<\/p>\n<p>&#13;\n<\/p><\/blockquote>\n<p>A jelenl\u00e9v\u0151 \u00fajs\u00e1g\u00edr\u00f3k egy r\u00e9sz\u00e9t b\u00edr\u00e1lva \u00e9s negat\u00edvan min\u0151s\u00edtve Kar\u00e1csony Gerely az esem\u00e9nyen k\u00e9rdezni k\u00e9sz\u00fcl\u0151 Pesti Sr\u00e1cok \u00fajs\u00e1g\u00edr\u00f3j\u00e1val k\u00f6z\u00f6lte, hogy az org\u00e1numnak nem fog nyilatkozni.<\/p>\n<p>Pik\u00f3 Andr\u00e1s szint\u00e9n k\u00e9rd\u00e9sre k\u00f6z\u00f6lte: befejezt\u00e9k a ker\u00fcletben az al\u00e1\u00edr\u00e1sgy\u0171jt\u00e9st, az aj\u00e1nl\u00f3\u00edveket kedden leadt\u00e1k. Majd nemmel v\u00e1laszolt arra a k\u00e9rd\u00e9sre, hogy felhaszn\u00e1lnak-e a kamp\u00e1nyban adatokat ahhoz, hogy &#8222;applik\u00e1ci\u00f3n kereszt\u00fcl&#8221; sz\u00f3l\u00edts\u00e1k meg az embereket.<\/p>\n<p>(MTI)<\/p>\n<p>        <!--div style=\"padding:20px;margin-top:20px;border-left: 4px solid #e71000;background:#f6f6f6;\">\n            \n\n<h2>FinTechRadar 2.0 konferencia - van m&aacute;r jegyed?<\/h2>\n\n\n\n            \n\n<p>T&eacute;m&aacute;ink: PSD2\/Mobilfizet&eacute;s, Adatbiztons&aacute;g, UX, Big data, &Aacute;llam &eacute;s fintech, Insurtech.\n            2 nap, 30 el&#337;ad&oacute; &eacute;s v&aacute;laszok a fintech aktu&aacute;lis k&eacute;rd&eacute;seire okt&oacute;ber 17-18-&aacute;n a Sug&aacute;r Moziban.<\/p>\n\n\n\n            <a href=\"http:\/\/fintechradar.hu\/konferencia2?utm_source=propeller.hu&utm_medium=textlink&utm_campaign=FTR_konf2\"\n            class=\"button primary\" target=\"_blank\" style=\"color:#fff;margin-top:15px;background: #e71000;\" rel=\"noopener noreferrer\">Program &eacute;s jegyv&aacute;s&aacute;rl&aacute;s &rarr;<\/a>\n        <\/div-->\n    <\/div>\n<p><script>(function(d, s, id) {\n  var js, fjs = d.getElementsByTagName(s)[0];\n  if (d.getElementById(id)) return;\n  js = d.createElement(s); js.id = id;\n  js.src = \"http:\/\/connect.facebook.net\/hu_HU\/sdk.js#xfbml=1&version=v2.7&appId=247823682023773\";\n  fjs.parentNode.insertBefore(js, fjs);\n}(document, 'script', 'facebook-jssdk'));<\/script><br \/>\n<br \/>[ad_2]<br \/>\n<br \/><a href=\"https:\/\/hirek.oldal.info\/rssclick\/14370338\">Source link <\/a><\/p>\n","protected":false},"excerpt":{"rendered":"<p>[ad_1] &#8222;El\u00e9g volt abb\u00f3l, hogy a f\u0151polg\u00e1rmester gyakorlatilag a korm\u00e1ny keszty\u0171b\u00e1bja&#8221;, ez\u00e9rt vissza kell szerezni Budapestet, J\u00f3zsefv\u00e1rost \u00e9s az emberek \u00f6nrendelkez\u00e9si jog\u00e1t \u2013 err\u0151l besz\u00e9lt Kar\u00e1csony Gergely ellenz\u00e9ki f\u0151polg\u00e1rmester-jel\u00f6lt szerd\u00e1n a f\u0151v\u00e1ros VIII. ker\u00fclet\u00e9ben. Fot\u00f3: MTI\/M\u00f3nus M\u00e1rton Zugl\u00f3 polg\u00e1rmestere \u00e9s Pik\u00f3 Andr\u00e1s, J\u00f3zsefv\u00e1ros ellenz\u00e9ki polg\u00e1rmesterjel\u00f6ltje mintegy 30 aktivist\u00e1juk \u00e9s szimpatiz\u00e1nsuk k\u00f6r\u00e9ben tett s\u00e9t\u00e1t a ker\u00fcletben [&hellip;]<\/p>\n","protected":false},"author":2,"featured_media":1627,"comment_status":"open","ping_status":"open","sticky":false,"template":"","format":"standard","meta":{"footnotes":""},"categories":[1],"tags":[],"class_list":["post-1626","post","type-post","status-publish","format-standard","has-post-thumbnail","hentry","category-legujabb-penzugyi-hirek"],"yoast_head":"<!-- This site is optimized with the Yoast SEO plugin v27.4 - https:\/\/yoast.com\/product\/yoast-seo-wordpress\/ -->\n<title>Kar\u00e1csony: a f\u0151polg\u00e1rmester dolga, hogy j\u00f3ban legyen a budapestiekkel, nem pedig az, hogy j\u00f3ban legyen a korm\u00e1nnyal - Hot News in World<\/title>\n<meta name=\"robots\" content=\"index, follow, max-snippet:-1, max-image-preview:large, max-video-preview:-1\" \/>\n<link rel=\"canonical\" href=\"https:\/\/hotnewsinworld.com\/hu\/karacsony-a-fopolgarmester-dolga-hogy-joban-legyen-a-budapestiekkel-nem-pedig-az-hogy-joban-legyen-a-kormannyal\/\" \/>\n<meta property=\"og:locale\" content=\"hu_HU\" \/>\n<meta property=\"og:type\" content=\"article\" \/>\n<meta property=\"og:title\" content=\"Kar\u00e1csony: a f\u0151polg\u00e1rmester dolga, hogy j\u00f3ban legyen a budapestiekkel, nem pedig az, hogy j\u00f3ban legyen a korm\u00e1nnyal - Hot News in World\" \/>\n<meta property=\"og:description\" content=\"[ad_1] &#8222;El\u00e9g volt abb\u00f3l, hogy a f\u0151polg\u00e1rmester gyakorlatilag a korm\u00e1ny keszty\u0171b\u00e1bja&#8221;, ez\u00e9rt vissza kell szerezni Budapestet, J\u00f3zsefv\u00e1rost \u00e9s az emberek \u00f6nrendelkez\u00e9si jog\u00e1t \u2013 err\u0151l besz\u00e9lt Kar\u00e1csony Gergely ellenz\u00e9ki f\u0151polg\u00e1rmester-jel\u00f6lt szerd\u00e1n a f\u0151v\u00e1ros VIII. ker\u00fclet\u00e9ben. Fot\u00f3: MTI\/M\u00f3nus M\u00e1rton Zugl\u00f3 polg\u00e1rmestere \u00e9s Pik\u00f3 Andr\u00e1s, J\u00f3zsefv\u00e1ros ellenz\u00e9ki polg\u00e1rmesterjel\u00f6ltje mintegy 30 aktivist\u00e1juk \u00e9s szimpatiz\u00e1nsuk k\u00f6r\u00e9ben tett s\u00e9t\u00e1t a ker\u00fcletben [&hellip;]\" \/>\n<meta property=\"og:url\" content=\"https:\/\/hotnewsinworld.com\/hu\/karacsony-a-fopolgarmester-dolga-hogy-joban-legyen-a-budapestiekkel-nem-pedig-az-hogy-joban-legyen-a-kormannyal\/\" \/>\n<meta property=\"og:site_name\" content=\"Hot News in World\" \/>\n<meta property=\"article:published_time\" content=\"2019-09-04T21:04:02+00:00\" \/>\n<meta property=\"article:modified_time\" content=\"2019-09-04T21:04:03+00:00\" \/>\n<meta property=\"og:image\" content=\"https:\/\/hotnewsinworld.com\/hu\/wp-content\/uploads\/sites\/3\/2019\/09\/Kar\u00e1csony-a-f\u0151polg\u00e1rmester-dolga-hogy-j\u00f3ban-legyen-a-budapestiekkel-nem.jpg\" \/>\n\t<meta property=\"og:image:width\" content=\"800\" \/>\n\t<meta property=\"og:image:height\" content=\"533\" \/>\n\t<meta property=\"og:image:type\" content=\"image\/jpeg\" \/>\n<meta name=\"author\" content=\"hotnewsinworld\" \/>\n<meta name=\"twitter:card\" content=\"summary_large_image\" \/>\n<meta name=\"twitter:label1\" content=\"Szerz\u0151:\" \/>\n\t<meta name=\"twitter:data1\" content=\"hotnewsinworld\" \/>\n\t<meta name=\"twitter:label2\" content=\"Becs\u00fclt olvas\u00e1si id\u0151\" \/>\n\t<meta name=\"twitter:data2\" content=\"4 perc\" \/>\n<script type=\"application\/ld+json\" class=\"yoast-schema-graph\">{\"@context\":\"https:\\\/\\\/schema.org\",\"@graph\":[{\"@type\":\"Article\",\"@id\":\"https:\\\/\\\/hotnewsinworld.com\\\/hu\\\/karacsony-a-fopolgarmester-dolga-hogy-joban-legyen-a-budapestiekkel-nem-pedig-az-hogy-joban-legyen-a-kormannyal\\\/#article\",\"isPartOf\":{\"@id\":\"https:\\\/\\\/hotnewsinworld.com\\\/hu\\\/karacsony-a-fopolgarmester-dolga-hogy-joban-legyen-a-budapestiekkel-nem-pedig-az-hogy-joban-legyen-a-kormannyal\\\/\"},\"author\":{\"name\":\"hotnewsinworld\",\"@id\":\"https:\\\/\\\/hotnewsinworld.com\\\/hu\\\/#\\\/schema\\\/person\\\/fe61448b21c0d59086e75fcc1f9d8f6b\"},\"headline\":\"Kar\u00e1csony: a f\u0151polg\u00e1rmester dolga, hogy j\u00f3ban legyen a budapestiekkel, nem pedig az, hogy j\u00f3ban legyen a korm\u00e1nnyal\",\"datePublished\":\"2019-09-04T21:04:02+00:00\",\"dateModified\":\"2019-09-04T21:04:03+00:00\",\"mainEntityOfPage\":{\"@id\":\"https:\\\/\\\/hotnewsinworld.com\\\/hu\\\/karacsony-a-fopolgarmester-dolga-hogy-joban-legyen-a-budapestiekkel-nem-pedig-az-hogy-joban-legyen-a-kormannyal\\\/\"},\"wordCount\":737,\"commentCount\":0,\"image\":{\"@id\":\"https:\\\/\\\/hotnewsinworld.com\\\/hu\\\/karacsony-a-fopolgarmester-dolga-hogy-joban-legyen-a-budapestiekkel-nem-pedig-az-hogy-joban-legyen-a-kormannyal\\\/#primaryimage\"},\"thumbnailUrl\":\"https:\\\/\\\/hotnewsinworld.com\\\/hu\\\/wp-content\\\/uploads\\\/sites\\\/3\\\/2019\\\/09\\\/Kar\u00e1csony-a-f\u0151polg\u00e1rmester-dolga-hogy-j\u00f3ban-legyen-a-budapestiekkel-nem.jpg\",\"articleSection\":[\"LEG\u00daJABB P\u00c9NZ\u00dcGYI H\u00cdREK\"],\"inLanguage\":\"hu\",\"potentialAction\":[{\"@type\":\"CommentAction\",\"name\":\"Comment\",\"target\":[\"https:\\\/\\\/hotnewsinworld.com\\\/hu\\\/karacsony-a-fopolgarmester-dolga-hogy-joban-legyen-a-budapestiekkel-nem-pedig-az-hogy-joban-legyen-a-kormannyal\\\/#respond\"]}]},{\"@type\":\"WebPage\",\"@id\":\"https:\\\/\\\/hotnewsinworld.com\\\/hu\\\/karacsony-a-fopolgarmester-dolga-hogy-joban-legyen-a-budapestiekkel-nem-pedig-az-hogy-joban-legyen-a-kormannyal\\\/\",\"url\":\"https:\\\/\\\/hotnewsinworld.com\\\/hu\\\/karacsony-a-fopolgarmester-dolga-hogy-joban-legyen-a-budapestiekkel-nem-pedig-az-hogy-joban-legyen-a-kormannyal\\\/\",\"name\":\"Kar\u00e1csony: a f\u0151polg\u00e1rmester dolga, hogy j\u00f3ban legyen a budapestiekkel, nem pedig az, hogy j\u00f3ban legyen a korm\u00e1nnyal - Hot News in World\",\"isPartOf\":{\"@id\":\"https:\\\/\\\/hotnewsinworld.com\\\/hu\\\/#website\"},\"primaryImageOfPage\":{\"@id\":\"https:\\\/\\\/hotnewsinworld.com\\\/hu\\\/karacsony-a-fopolgarmester-dolga-hogy-joban-legyen-a-budapestiekkel-nem-pedig-az-hogy-joban-legyen-a-kormannyal\\\/#primaryimage\"},\"image\":{\"@id\":\"https:\\\/\\\/hotnewsinworld.com\\\/hu\\\/karacsony-a-fopolgarmester-dolga-hogy-joban-legyen-a-budapestiekkel-nem-pedig-az-hogy-joban-legyen-a-kormannyal\\\/#primaryimage\"},\"thumbnailUrl\":\"https:\\\/\\\/hotnewsinworld.com\\\/hu\\\/wp-content\\\/uploads\\\/sites\\\/3\\\/2019\\\/09\\\/Kar\u00e1csony-a-f\u0151polg\u00e1rmester-dolga-hogy-j\u00f3ban-legyen-a-budapestiekkel-nem.jpg\",\"datePublished\":\"2019-09-04T21:04:02+00:00\",\"dateModified\":\"2019-09-04T21:04:03+00:00\",\"author\":{\"@id\":\"https:\\\/\\\/hotnewsinworld.com\\\/hu\\\/#\\\/schema\\\/person\\\/fe61448b21c0d59086e75fcc1f9d8f6b\"},\"breadcrumb\":{\"@id\":\"https:\\\/\\\/hotnewsinworld.com\\\/hu\\\/karacsony-a-fopolgarmester-dolga-hogy-joban-legyen-a-budapestiekkel-nem-pedig-az-hogy-joban-legyen-a-kormannyal\\\/#breadcrumb\"},\"inLanguage\":\"hu\",\"potentialAction\":[{\"@type\":\"ReadAction\",\"target\":[\"https:\\\/\\\/hotnewsinworld.com\\\/hu\\\/karacsony-a-fopolgarmester-dolga-hogy-joban-legyen-a-budapestiekkel-nem-pedig-az-hogy-joban-legyen-a-kormannyal\\\/\"]}]},{\"@type\":\"ImageObject\",\"inLanguage\":\"hu\",\"@id\":\"https:\\\/\\\/hotnewsinworld.com\\\/hu\\\/karacsony-a-fopolgarmester-dolga-hogy-joban-legyen-a-budapestiekkel-nem-pedig-az-hogy-joban-legyen-a-kormannyal\\\/#primaryimage\",\"url\":\"https:\\\/\\\/hotnewsinworld.com\\\/hu\\\/wp-content\\\/uploads\\\/sites\\\/3\\\/2019\\\/09\\\/Kar\u00e1csony-a-f\u0151polg\u00e1rmester-dolga-hogy-j\u00f3ban-legyen-a-budapestiekkel-nem.jpg\",\"contentUrl\":\"https:\\\/\\\/hotnewsinworld.com\\\/hu\\\/wp-content\\\/uploads\\\/sites\\\/3\\\/2019\\\/09\\\/Kar\u00e1csony-a-f\u0151polg\u00e1rmester-dolga-hogy-j\u00f3ban-legyen-a-budapestiekkel-nem.jpg\",\"width\":800,\"height\":533,\"caption\":\"Kar\u00e1csony: a f\u0151polg\u00e1rmester dolga, hogy j\u00f3ban legyen a budapestiekkel, nem pedig az, hogy j\u00f3ban legyen a korm\u00e1nnyal\"},{\"@type\":\"BreadcrumbList\",\"@id\":\"https:\\\/\\\/hotnewsinworld.com\\\/hu\\\/karacsony-a-fopolgarmester-dolga-hogy-joban-legyen-a-budapestiekkel-nem-pedig-az-hogy-joban-legyen-a-kormannyal\\\/#breadcrumb\",\"itemListElement\":[{\"@type\":\"ListItem\",\"position\":1,\"name\":\"\u0413\u043b\u0430\u0432\u043d\u0430\u044f \u0441\u0442\u0440\u0430\u043d\u0438\u0446\u0430\",\"item\":\"https:\\\/\\\/hotnewsinworld.com\\\/hu\\\/\"},{\"@type\":\"ListItem\",\"position\":2,\"name\":\"Kar\u00e1csony: a f\u0151polg\u00e1rmester dolga, hogy j\u00f3ban legyen a budapestiekkel, nem pedig az, hogy j\u00f3ban legyen a korm\u00e1nnyal\"}]},{\"@type\":\"WebSite\",\"@id\":\"https:\\\/\\\/hotnewsinworld.com\\\/hu\\\/#website\",\"url\":\"https:\\\/\\\/hotnewsinworld.com\\\/hu\\\/\",\"name\":\"Hot News in World\",\"description\":\"Hot News in World from Hungary\",\"potentialAction\":[{\"@type\":\"SearchAction\",\"target\":{\"@type\":\"EntryPoint\",\"urlTemplate\":\"https:\\\/\\\/hotnewsinworld.com\\\/hu\\\/?s={search_term_string}\"},\"query-input\":{\"@type\":\"PropertyValueSpecification\",\"valueRequired\":true,\"valueName\":\"search_term_string\"}}],\"inLanguage\":\"hu\"},{\"@type\":\"Person\",\"@id\":\"https:\\\/\\\/hotnewsinworld.com\\\/hu\\\/#\\\/schema\\\/person\\\/fe61448b21c0d59086e75fcc1f9d8f6b\",\"name\":\"hotnewsinworld\",\"image\":{\"@type\":\"ImageObject\",\"inLanguage\":\"hu\",\"@id\":\"https:\\\/\\\/secure.gravatar.com\\\/avatar\\\/8a09ac165600ce2e1c38fe593c63928eb1e6e7ba5c5a907d67787c41b3d00c14?s=96&d=mm&r=g\",\"url\":\"https:\\\/\\\/secure.gravatar.com\\\/avatar\\\/8a09ac165600ce2e1c38fe593c63928eb1e6e7ba5c5a907d67787c41b3d00c14?s=96&d=mm&r=g\",\"contentUrl\":\"https:\\\/\\\/secure.gravatar.com\\\/avatar\\\/8a09ac165600ce2e1c38fe593c63928eb1e6e7ba5c5a907d67787c41b3d00c14?s=96&d=mm&r=g\",\"caption\":\"hotnewsinworld\"},\"url\":\"https:\\\/\\\/hotnewsinworld.com\\\/hu\\\/author\\\/pt\\\/\"}]}<\/script>\n<!-- \/ Yoast SEO plugin. -->","yoast_head_json":{"title":"Kar\u00e1csony: a f\u0151polg\u00e1rmester dolga, hogy j\u00f3ban legyen a budapestiekkel, nem pedig az, hogy j\u00f3ban legyen a korm\u00e1nnyal - Hot News in World","robots":{"index":"index","follow":"follow","max-snippet":"max-snippet:-1","max-image-preview":"max-image-preview:large","max-video-preview":"max-video-preview:-1"},"canonical":"https:\/\/hotnewsinworld.com\/hu\/karacsony-a-fopolgarmester-dolga-hogy-joban-legyen-a-budapestiekkel-nem-pedig-az-hogy-joban-legyen-a-kormannyal\/","og_locale":"hu_HU","og_type":"article","og_title":"Kar\u00e1csony: a f\u0151polg\u00e1rmester dolga, hogy j\u00f3ban legyen a budapestiekkel, nem pedig az, hogy j\u00f3ban legyen a korm\u00e1nnyal - Hot News in World","og_description":"[ad_1] &#8222;El\u00e9g volt abb\u00f3l, hogy a f\u0151polg\u00e1rmester gyakorlatilag a korm\u00e1ny keszty\u0171b\u00e1bja&#8221;, ez\u00e9rt vissza kell szerezni Budapestet, J\u00f3zsefv\u00e1rost \u00e9s az emberek \u00f6nrendelkez\u00e9si jog\u00e1t \u2013 err\u0151l besz\u00e9lt Kar\u00e1csony Gergely ellenz\u00e9ki f\u0151polg\u00e1rmester-jel\u00f6lt szerd\u00e1n a f\u0151v\u00e1ros VIII. ker\u00fclet\u00e9ben. Fot\u00f3: MTI\/M\u00f3nus M\u00e1rton Zugl\u00f3 polg\u00e1rmestere \u00e9s Pik\u00f3 Andr\u00e1s, J\u00f3zsefv\u00e1ros ellenz\u00e9ki polg\u00e1rmesterjel\u00f6ltje mintegy 30 aktivist\u00e1juk \u00e9s szimpatiz\u00e1nsuk k\u00f6r\u00e9ben tett s\u00e9t\u00e1t a ker\u00fcletben [&hellip;]","og_url":"https:\/\/hotnewsinworld.com\/hu\/karacsony-a-fopolgarmester-dolga-hogy-joban-legyen-a-budapestiekkel-nem-pedig-az-hogy-joban-legyen-a-kormannyal\/","og_site_name":"Hot News in World","article_published_time":"2019-09-04T21:04:02+00:00","article_modified_time":"2019-09-04T21:04:03+00:00","og_image":[{"width":800,"height":533,"url":"https:\/\/hotnewsinworld.com\/hu\/wp-content\/uploads\/sites\/3\/2019\/09\/Kar\u00e1csony-a-f\u0151polg\u00e1rmester-dolga-hogy-j\u00f3ban-legyen-a-budapestiekkel-nem.jpg","type":"image\/jpeg"}],"author":"hotnewsinworld","twitter_card":"summary_large_image","twitter_misc":{"Szerz\u0151:":"hotnewsinworld","Becs\u00fclt olvas\u00e1si id\u0151":"4 perc"},"schema":{"@context":"https:\/\/schema.org","@graph":[{"@type":"Article","@id":"https:\/\/hotnewsinworld.com\/hu\/karacsony-a-fopolgarmester-dolga-hogy-joban-legyen-a-budapestiekkel-nem-pedig-az-hogy-joban-legyen-a-kormannyal\/#article","isPartOf":{"@id":"https:\/\/hotnewsinworld.com\/hu\/karacsony-a-fopolgarmester-dolga-hogy-joban-legyen-a-budapestiekkel-nem-pedig-az-hogy-joban-legyen-a-kormannyal\/"},"author":{"name":"hotnewsinworld","@id":"https:\/\/hotnewsinworld.com\/hu\/#\/schema\/person\/fe61448b21c0d59086e75fcc1f9d8f6b"},"headline":"Kar\u00e1csony: a f\u0151polg\u00e1rmester dolga, hogy j\u00f3ban legyen a budapestiekkel, nem pedig az, hogy j\u00f3ban legyen a korm\u00e1nnyal","datePublished":"2019-09-04T21:04:02+00:00","dateModified":"2019-09-04T21:04:03+00:00","mainEntityOfPage":{"@id":"https:\/\/hotnewsinworld.com\/hu\/karacsony-a-fopolgarmester-dolga-hogy-joban-legyen-a-budapestiekkel-nem-pedig-az-hogy-joban-legyen-a-kormannyal\/"},"wordCount":737,"commentCount":0,"image":{"@id":"https:\/\/hotnewsinworld.com\/hu\/karacsony-a-fopolgarmester-dolga-hogy-joban-legyen-a-budapestiekkel-nem-pedig-az-hogy-joban-legyen-a-kormannyal\/#primaryimage"},"thumbnailUrl":"https:\/\/hotnewsinworld.com\/hu\/wp-content\/uploads\/sites\/3\/2019\/09\/Kar\u00e1csony-a-f\u0151polg\u00e1rmester-dolga-hogy-j\u00f3ban-legyen-a-budapestiekkel-nem.jpg","articleSection":["LEG\u00daJABB P\u00c9NZ\u00dcGYI H\u00cdREK"],"inLanguage":"hu","potentialAction":[{"@type":"CommentAction","name":"Comment","target":["https:\/\/hotnewsinworld.com\/hu\/karacsony-a-fopolgarmester-dolga-hogy-joban-legyen-a-budapestiekkel-nem-pedig-az-hogy-joban-legyen-a-kormannyal\/#respond"]}]},{"@type":"WebPage","@id":"https:\/\/hotnewsinworld.com\/hu\/karacsony-a-fopolgarmester-dolga-hogy-joban-legyen-a-budapestiekkel-nem-pedig-az-hogy-joban-legyen-a-kormannyal\/","url":"https:\/\/hotnewsinworld.com\/hu\/karacsony-a-fopolgarmester-dolga-hogy-joban-legyen-a-budapestiekkel-nem-pedig-az-hogy-joban-legyen-a-kormannyal\/","name":"Kar\u00e1csony: a f\u0151polg\u00e1rmester dolga, hogy j\u00f3ban legyen a budapestiekkel, nem pedig az, hogy j\u00f3ban legyen a korm\u00e1nnyal - Hot News in World","isPartOf":{"@id":"https:\/\/hotnewsinworld.com\/hu\/#website"},"primaryImageOfPage":{"@id":"https:\/\/hotnewsinworld.com\/hu\/karacsony-a-fopolgarmester-dolga-hogy-joban-legyen-a-budapestiekkel-nem-pedig-az-hogy-joban-legyen-a-kormannyal\/#primaryimage"},"image":{"@id":"https:\/\/hotnewsinworld.com\/hu\/karacsony-a-fopolgarmester-dolga-hogy-joban-legyen-a-budapestiekkel-nem-pedig-az-hogy-joban-legyen-a-kormannyal\/#primaryimage"},"thumbnailUrl":"https:\/\/hotnewsinworld.com\/hu\/wp-content\/uploads\/sites\/3\/2019\/09\/Kar\u00e1csony-a-f\u0151polg\u00e1rmester-dolga-hogy-j\u00f3ban-legyen-a-budapestiekkel-nem.jpg","datePublished":"2019-09-04T21:04:02+00:00","dateModified":"2019-09-04T21:04:03+00:00","author":{"@id":"https:\/\/hotnewsinworld.com\/hu\/#\/schema\/person\/fe61448b21c0d59086e75fcc1f9d8f6b"},"breadcrumb":{"@id":"https:\/\/hotnewsinworld.com\/hu\/karacsony-a-fopolgarmester-dolga-hogy-joban-legyen-a-budapestiekkel-nem-pedig-az-hogy-joban-legyen-a-kormannyal\/#breadcrumb"},"inLanguage":"hu","potentialAction":[{"@type":"ReadAction","target":["https:\/\/hotnewsinworld.com\/hu\/karacsony-a-fopolgarmester-dolga-hogy-joban-legyen-a-budapestiekkel-nem-pedig-az-hogy-joban-legyen-a-kormannyal\/"]}]},{"@type":"ImageObject","inLanguage":"hu","@id":"https:\/\/hotnewsinworld.com\/hu\/karacsony-a-fopolgarmester-dolga-hogy-joban-legyen-a-budapestiekkel-nem-pedig-az-hogy-joban-legyen-a-kormannyal\/#primaryimage","url":"https:\/\/hotnewsinworld.com\/hu\/wp-content\/uploads\/sites\/3\/2019\/09\/Kar\u00e1csony-a-f\u0151polg\u00e1rmester-dolga-hogy-j\u00f3ban-legyen-a-budapestiekkel-nem.jpg","contentUrl":"https:\/\/hotnewsinworld.com\/hu\/wp-content\/uploads\/sites\/3\/2019\/09\/Kar\u00e1csony-a-f\u0151polg\u00e1rmester-dolga-hogy-j\u00f3ban-legyen-a-budapestiekkel-nem.jpg","width":800,"height":533,"caption":"Kar\u00e1csony: a f\u0151polg\u00e1rmester dolga, hogy j\u00f3ban legyen a budapestiekkel, nem pedig az, hogy j\u00f3ban legyen a korm\u00e1nnyal"},{"@type":"BreadcrumbList","@id":"https:\/\/hotnewsinworld.com\/hu\/karacsony-a-fopolgarmester-dolga-hogy-joban-legyen-a-budapestiekkel-nem-pedig-az-hogy-joban-legyen-a-kormannyal\/#breadcrumb","itemListElement":[{"@type":"ListItem","position":1,"name":"\u0413\u043b\u0430\u0432\u043d\u0430\u044f \u0441\u0442\u0440\u0430\u043d\u0438\u0446\u0430","item":"https:\/\/hotnewsinworld.com\/hu\/"},{"@type":"ListItem","position":2,"name":"Kar\u00e1csony: a f\u0151polg\u00e1rmester dolga, hogy j\u00f3ban legyen a budapestiekkel, nem pedig az, hogy j\u00f3ban legyen a korm\u00e1nnyal"}]},{"@type":"WebSite","@id":"https:\/\/hotnewsinworld.com\/hu\/#website","url":"https:\/\/hotnewsinworld.com\/hu\/","name":"Hot News in World","description":"Hot News in World from Hungary","potentialAction":[{"@type":"SearchAction","target":{"@type":"EntryPoint","urlTemplate":"https:\/\/hotnewsinworld.com\/hu\/?s={search_term_string}"},"query-input":{"@type":"PropertyValueSpecification","valueRequired":true,"valueName":"search_term_string"}}],"inLanguage":"hu"},{"@type":"Person","@id":"https:\/\/hotnewsinworld.com\/hu\/#\/schema\/person\/fe61448b21c0d59086e75fcc1f9d8f6b","name":"hotnewsinworld","image":{"@type":"ImageObject","inLanguage":"hu","@id":"https:\/\/secure.gravatar.com\/avatar\/8a09ac165600ce2e1c38fe593c63928eb1e6e7ba5c5a907d67787c41b3d00c14?s=96&d=mm&r=g","url":"https:\/\/secure.gravatar.com\/avatar\/8a09ac165600ce2e1c38fe593c63928eb1e6e7ba5c5a907d67787c41b3d00c14?s=96&d=mm&r=g","contentUrl":"https:\/\/secure.gravatar.com\/avatar\/8a09ac165600ce2e1c38fe593c63928eb1e6e7ba5c5a907d67787c41b3d00c14?s=96&d=mm&r=g","caption":"hotnewsinworld"},"url":"https:\/\/hotnewsinworld.com\/hu\/author\/pt\/"}]}},"_links":{"self":[{"href":"https:\/\/hotnewsinworld.com\/hu\/wp-json\/wp\/v2\/posts\/1626","targetHints":{"allow":["GET"]}}],"collection":[{"href":"https:\/\/hotnewsinworld.com\/hu\/wp-json\/wp\/v2\/posts"}],"about":[{"href":"https:\/\/hotnewsinworld.com\/hu\/wp-json\/wp\/v2\/types\/post"}],"author":[{"embeddable":true,"href":"https:\/\/hotnewsinworld.com\/hu\/wp-json\/wp\/v2\/users\/2"}],"replies":[{"embeddable":true,"href":"https:\/\/hotnewsinworld.com\/hu\/wp-json\/wp\/v2\/comments?post=1626"}],"version-history":[{"count":1,"href":"https:\/\/hotnewsinworld.com\/hu\/wp-json\/wp\/v2\/posts\/1626\/revisions"}],"predecessor-version":[{"id":1628,"href":"https:\/\/hotnewsinworld.com\/hu\/wp-json\/wp\/v2\/posts\/1626\/revisions\/1628"}],"wp:featuredmedia":[{"embeddable":true,"href":"https:\/\/hotnewsinworld.com\/hu\/wp-json\/wp\/v2\/media\/1627"}],"wp:attachment":[{"href":"https:\/\/hotnewsinworld.com\/hu\/wp-json\/wp\/v2\/media?parent=1626"}],"wp:term":[{"taxonomy":"category","embeddable":true,"href":"https:\/\/hotnewsinworld.com\/hu\/wp-json\/wp\/v2\/categories?post=1626"},{"taxonomy":"post_tag","embeddable":true,"href":"https:\/\/hotnewsinworld.com\/hu\/wp-json\/wp\/v2\/tags?post=1626"}],"curies":[{"name":"wp","href":"https:\/\/api.w.org\/{rel}","templated":true}]}}