{"id":1638,"date":"2019-09-05T06:26:03","date_gmt":"2019-09-05T03:26:03","guid":{"rendered":"https:\/\/hotnewsinworld.com\/hu\/sertesek-helyett-ma-mar-integralna-a-ciganysagot-a-jobbik\/"},"modified":"2019-09-16T17:02:30","modified_gmt":"2019-09-16T14:02:30","slug":"sertesek-helyett-ma-mar-integralna-a-ciganysagot-a-jobbik","status":"publish","type":"post","link":"https:\/\/hotnewsinworld.com\/hu\/sertesek-helyett-ma-mar-integralna-a-ciganysagot-a-jobbik\/","title":{"rendered":"S\u00e9rt\u00e9sek helyett ma m\u00e1r integr\u00e1ln\u00e1 a cig\u00e1nys\u00e1got a Jobbik"},"content":{"rendered":"<p>[ad_1]<\/p>\n<div id=\"\">\n<h2>S\u00e9rt\u00e9sek helyett ma m\u00e1r integr\u00e1ln\u00e1 a cig\u00e1nys\u00e1got a Jobbik<\/h2>\n<p class=\"lead\">Az integr\u00e1ci\u00f3 kiemelt t\u00e9ma a Jobbik programj\u00e1ban, \u00e9s ma m\u00e1r a cig\u00e1nys\u00e1got is ink\u00e1bb integr\u00e1ln\u00e1k, mintsem s\u00e9rtegetn\u00e9k \u2013 egyebek mellett err\u0151l besz\u00e9lt a Jobbik eln\u00f6ke az ATV Start c\u00edm\u0171 m\u0171sorban. Sneider Tam\u00e1s szerint er\u0151s \u00f6nkorm\u00e1nyzatok n\u00e9lk\u00fcl er\u0151s orsz\u00e1g sem l\u00e9tezik.<\/p>\n<p>&#8222;Haz\u00e1nk \u00f6nkorm\u00e1nyzati rendszere a vil\u00e1g legkorruptabb rendszerei k\u00f6z\u00e9 s\u00fcllyedt&#8221;, ez\u00e9rt az \u00f6nkorm\u00e1nyzatokn\u00e1l is meg kell t\u00f6rt\u00e9nnie az elsz\u00e1moltat\u00e1snak. Ezt mondta a Jobbik eln\u00f6ke a p\u00e1rt \u00f6nkorm\u00e1nyzati programhirdet\u00e9sen. Sneider Tam\u00e1s szerint a korm\u00e1nynak \u00e9s a balliber\u00e1lis ellenz\u00e9knek sincs programja.<\/p>\n<p>Ezzel szemben p\u00e1rtja \u00e9vi 150-200 milli\u00e1rd forintnyi plusz forr\u00e1shoz juttatn\u00e1 az \u00e1ltaluk kiv\u00e9reztetett gondolt \u00f6nkorm\u00e1nyzatokat. Ezt r\u00e9szben a telep\u00fcl\u00e9sek b\u00fcdzs\u00e9j\u00e9nek n\u00f6vel\u00e9s\u00e9vel \u00e9s a helyben hagyott szem\u00e9lyi j\u00f6vedelemad\u00f3val, illetve g\u00e9pj\u00e1rm\u0171ad\u00f3val \u00e9rn\u00e9k el. A Jobbik emellett visszaadn\u00e1 az \u00f6nkorm\u00e1nyzatoknak a j\u00e1r\u00f3beteg-szakell\u00e1t\u00e1s \u00e9s a k\u00f6z\u00f6ss\u00e9gi iskola m\u0171k\u00f6dtet\u00e9s\u00e9nek jog\u00e1t is.<\/p>\n<p>A programban megeml\u00edt\u00e9sre ker\u00fclt m\u00e9g a szolid\u00e1ris nemzeti j\u00f6v\u0151k\u00e9p is, amelyr\u0151l Sneider Tam\u00e1s az ATV Start c\u00edm\u0171 m\u0171sorban kifejtette, hogy mit \u00e9rtenek ezalatt. Mint mondta, megv\u00e1laszt\u00e1sa kezdet\u00e9n elhat\u00e1rozta, hogy egy szoci\u00e1lis n\u00e9pp\u00e1rtot szeretne tov\u00e1bbvinni. Majd hozz\u00e1tette azt is, hogy er\u0151s \u00f6nkorm\u00e1nyzatokat szeretn\u00e9nek, azok n\u00e9lk\u00fcl ugyanis nincsen er\u0151s orsz\u00e1g sem.<\/p>\n<p>Az eln\u00f6k azt is kifejtette, hogy az \u00f6nkorm\u00e1nyzatok ki\u00fcres\u00edt\u00e9se ut\u00e1n azok nem k\u00e9pesek elv\u00e9gezni azt a feladatot, ami r\u00e1juk v\u00e1rna. P\u00e9ldak\u00e9nt eml\u00edtette az id\u0151sell\u00e1t\u00e1st, a fiatalok helyben tart\u00e1s\u00e1t \u00e9s a t\u00f6megk\u00f6zleked\u00e9st is, \u00e9s az elvett lehet\u0151s\u00e9geket szerinte vissza kell adni a telep\u00fcl\u00e9seknek.<\/p>\n<p>Sneider azzal is vitatkozott, hogy ne lettek volna szoci\u00e1lisan \u00e9rz\u00e9kenyek m\u00e1r az elej\u00e9n, hiszen az als\u00f3-k\u00f6z\u00e9poszt\u00e1lyb\u00f3l sz\u00e1rmazik a tags\u00e1guk jelent\u0151s r\u00e9sze, ez\u00e9rt \u2013 mint mondta \u2013 m\u00e1r els\u0151 programjuk is \u00e9rz\u00e9keny volta a t\u00e1rsadalmi probl\u00e9m\u00e1kra.<\/p>\n<blockquote><p><span class=\"small\">Az viszont igaz, hogy fiatalabb korban radik\u00e1lisabban fogalmaztak, de m\u00e1r szeretn\u00e9k elker\u00fclni azt, hogy t\u00e1rsadalmi csoportokat s\u00e9rtsenek.<\/span><\/p><\/blockquote>\n<p>Ma m\u00e1r nem olyan m\u00e9rt\u00e9kben etniciz\u00e1lt a b\u0171n\u00f6z\u00e9s, mint 10-15 \u00e9vvel ezel\u0151tt, ami nem jelenti azt Sneider szerint, hogy ne lenne magasabb a b\u0171n\u00f6z\u00e9s ar\u00e1nya a cig\u00e1nys\u00e1g k\u00f6r\u00e9ben.<\/p>\n<p>Ma m\u00e1r az, hogy etnikai szempontb\u00f3l egy magyar vagy cig\u00e1ny ember k\u00f6vet el b\u0171ncselekm\u00e9nyt, az teljesen mindegy \u2013 tette hozz\u00e1, majd kieg\u00e9sz\u00edtette azzal, hogy a probl\u00e9ma l\u00e9tezett \u00e9s l\u00e9tezik ma is, arr\u00f3l lehet ugyanakkor vitatkozni, hogy mennyire volt k\u00e1ros az, ahogyan erre felh\u00edvt\u00e1k a figyelmet. Most m\u00e1r azonban azon vannak \u2013 legal\u00e1bbis Sneider szerint \u2013, hogy a m\u00e1s ism\u00e9rvekkel rendelkez\u0151 csoportokat ne s\u00e9rts\u00e9k meg, hanem integr\u00e1lj\u00e1k.<\/p>\n<p>A p\u00e1rteln\u00f6k elmondta, hogy az integr\u00e1ci\u00f3 kiemelt szerepet kapott a programjukban, mert ha ez nem t\u00f6rt\u00e9nik meg, akkor egy \u00fajabb gazdas\u00e1gi v\u00e1ls\u00e1g eset\u00e9n \u2013 ennek jelei m\u00e1r l\u00e1that\u00f3ak \u2013 ezek a probl\u00e9m\u00e1k felnagyobbodhatnak \u00e9s fesz\u00fclts\u00e9ghez vezethetnek.<\/p>\n<p>atv.hu<\/p>\n<p><a href=\"https:\/\/hirek.oldal.info\/rssclick\/14370515\">Source link <\/a><\/p>\n<\/div>\n","protected":false},"excerpt":{"rendered":"<p>[ad_1] S\u00e9rt\u00e9sek helyett ma m\u00e1r integr\u00e1ln\u00e1 a cig\u00e1nys\u00e1got a Jobbik Az integr\u00e1ci\u00f3 kiemelt t\u00e9ma a Jobbik programj\u00e1ban, \u00e9s ma m\u00e1r a cig\u00e1nys\u00e1got is ink\u00e1bb integr\u00e1ln\u00e1k, mintsem s\u00e9rtegetn\u00e9k \u2013 egyebek mellett err\u0151l besz\u00e9lt a Jobbik eln\u00f6ke az ATV Start c\u00edm\u0171 m\u0171sorban. Sneider Tam\u00e1s szerint er\u0151s \u00f6nkorm\u00e1nyzatok n\u00e9lk\u00fcl er\u0151s orsz\u00e1g sem l\u00e9tezik. &#8222;Haz\u00e1nk \u00f6nkorm\u00e1nyzati rendszere a vil\u00e1g [&hellip;]<\/p>\n","protected":false},"author":2,"featured_media":1639,"comment_status":"open","ping_status":"open","sticky":false,"template":"","format":"standard","meta":{"footnotes":""},"categories":[1],"tags":[],"class_list":["post-1638","post","type-post","status-publish","format-standard","has-post-thumbnail","hentry","category-legujabb-penzugyi-hirek"],"yoast_head":"<!-- This site is optimized with the Yoast SEO plugin v27.4 - https:\/\/yoast.com\/product\/yoast-seo-wordpress\/ -->\n<title>S\u00e9rt\u00e9sek helyett ma m\u00e1r integr\u00e1ln\u00e1 a cig\u00e1nys\u00e1got a Jobbik - Hot News in World<\/title>\n<meta name=\"robots\" content=\"index, follow, max-snippet:-1, max-image-preview:large, max-video-preview:-1\" \/>\n<link rel=\"canonical\" href=\"https:\/\/hotnewsinworld.com\/hu\/sertesek-helyett-ma-mar-integralna-a-ciganysagot-a-jobbik\/\" \/>\n<meta property=\"og:locale\" content=\"hu_HU\" \/>\n<meta property=\"og:type\" content=\"article\" \/>\n<meta property=\"og:title\" content=\"S\u00e9rt\u00e9sek helyett ma m\u00e1r integr\u00e1ln\u00e1 a cig\u00e1nys\u00e1got a Jobbik - Hot News in World\" \/>\n<meta property=\"og:description\" content=\"[ad_1] S\u00e9rt\u00e9sek helyett ma m\u00e1r integr\u00e1ln\u00e1 a cig\u00e1nys\u00e1got a Jobbik Az integr\u00e1ci\u00f3 kiemelt t\u00e9ma a Jobbik programj\u00e1ban, \u00e9s ma m\u00e1r a cig\u00e1nys\u00e1got is ink\u00e1bb integr\u00e1ln\u00e1k, mintsem s\u00e9rtegetn\u00e9k \u2013 egyebek mellett err\u0151l besz\u00e9lt a Jobbik eln\u00f6ke az ATV Start c\u00edm\u0171 m\u0171sorban. Sneider Tam\u00e1s szerint er\u0151s \u00f6nkorm\u00e1nyzatok n\u00e9lk\u00fcl er\u0151s orsz\u00e1g sem l\u00e9tezik. &#8222;Haz\u00e1nk \u00f6nkorm\u00e1nyzati rendszere a vil\u00e1g [&hellip;]\" \/>\n<meta property=\"og:url\" content=\"https:\/\/hotnewsinworld.com\/hu\/sertesek-helyett-ma-mar-integralna-a-ciganysagot-a-jobbik\/\" \/>\n<meta property=\"og:site_name\" content=\"Hot News in World\" \/>\n<meta property=\"article:published_time\" content=\"2019-09-05T03:26:03+00:00\" \/>\n<meta property=\"article:modified_time\" content=\"2019-09-16T14:02:30+00:00\" \/>\n<meta property=\"og:image\" content=\"https:\/\/hotnewsinworld.com\/hu\/wp-content\/uploads\/sites\/3\/2019\/09\/S\u00e9rt\u00e9sek-helyett-ma-m\u00e1r-integr\u00e1ln\u00e1-a-cig\u00e1nys\u00e1got-a-Jobbik.jpg\" \/>\n\t<meta property=\"og:image:width\" content=\"772\" \/>\n\t<meta property=\"og:image:height\" content=\"514\" \/>\n\t<meta property=\"og:image:type\" content=\"image\/jpeg\" \/>\n<meta name=\"author\" content=\"hotnewsinworld\" \/>\n<meta name=\"twitter:card\" content=\"summary_large_image\" \/>\n<meta name=\"twitter:label1\" content=\"Szerz\u0151:\" \/>\n\t<meta name=\"twitter:data1\" content=\"hotnewsinworld\" \/>\n\t<meta name=\"twitter:label2\" content=\"Becs\u00fclt olvas\u00e1si id\u0151\" \/>\n\t<meta name=\"twitter:data2\" content=\"3 perc\" \/>\n<script type=\"application\/ld+json\" class=\"yoast-schema-graph\">{\"@context\":\"https:\\\/\\\/schema.org\",\"@graph\":[{\"@type\":\"Article\",\"@id\":\"https:\\\/\\\/hotnewsinworld.com\\\/hu\\\/sertesek-helyett-ma-mar-integralna-a-ciganysagot-a-jobbik\\\/#article\",\"isPartOf\":{\"@id\":\"https:\\\/\\\/hotnewsinworld.com\\\/hu\\\/sertesek-helyett-ma-mar-integralna-a-ciganysagot-a-jobbik\\\/\"},\"author\":{\"name\":\"hotnewsinworld\",\"@id\":\"https:\\\/\\\/hotnewsinworld.com\\\/hu\\\/#\\\/schema\\\/person\\\/fe61448b21c0d59086e75fcc1f9d8f6b\"},\"headline\":\"S\u00e9rt\u00e9sek helyett ma m\u00e1r integr\u00e1ln\u00e1 a cig\u00e1nys\u00e1got a Jobbik\",\"datePublished\":\"2019-09-05T03:26:03+00:00\",\"dateModified\":\"2019-09-16T14:02:30+00:00\",\"mainEntityOfPage\":{\"@id\":\"https:\\\/\\\/hotnewsinworld.com\\\/hu\\\/sertesek-helyett-ma-mar-integralna-a-ciganysagot-a-jobbik\\\/\"},\"wordCount\":636,\"commentCount\":0,\"image\":{\"@id\":\"https:\\\/\\\/hotnewsinworld.com\\\/hu\\\/sertesek-helyett-ma-mar-integralna-a-ciganysagot-a-jobbik\\\/#primaryimage\"},\"thumbnailUrl\":\"https:\\\/\\\/hotnewsinworld.com\\\/hu\\\/wp-content\\\/uploads\\\/sites\\\/3\\\/2019\\\/09\\\/S\u00e9rt\u00e9sek-helyett-ma-m\u00e1r-integr\u00e1ln\u00e1-a-cig\u00e1nys\u00e1got-a-Jobbik.jpg\",\"articleSection\":[\"LEG\u00daJABB P\u00c9NZ\u00dcGYI H\u00cdREK\"],\"inLanguage\":\"hu\",\"potentialAction\":[{\"@type\":\"CommentAction\",\"name\":\"Comment\",\"target\":[\"https:\\\/\\\/hotnewsinworld.com\\\/hu\\\/sertesek-helyett-ma-mar-integralna-a-ciganysagot-a-jobbik\\\/#respond\"]}]},{\"@type\":\"WebPage\",\"@id\":\"https:\\\/\\\/hotnewsinworld.com\\\/hu\\\/sertesek-helyett-ma-mar-integralna-a-ciganysagot-a-jobbik\\\/\",\"url\":\"https:\\\/\\\/hotnewsinworld.com\\\/hu\\\/sertesek-helyett-ma-mar-integralna-a-ciganysagot-a-jobbik\\\/\",\"name\":\"S\u00e9rt\u00e9sek helyett ma m\u00e1r integr\u00e1ln\u00e1 a cig\u00e1nys\u00e1got a Jobbik - Hot News in World\",\"isPartOf\":{\"@id\":\"https:\\\/\\\/hotnewsinworld.com\\\/hu\\\/#website\"},\"primaryImageOfPage\":{\"@id\":\"https:\\\/\\\/hotnewsinworld.com\\\/hu\\\/sertesek-helyett-ma-mar-integralna-a-ciganysagot-a-jobbik\\\/#primaryimage\"},\"image\":{\"@id\":\"https:\\\/\\\/hotnewsinworld.com\\\/hu\\\/sertesek-helyett-ma-mar-integralna-a-ciganysagot-a-jobbik\\\/#primaryimage\"},\"thumbnailUrl\":\"https:\\\/\\\/hotnewsinworld.com\\\/hu\\\/wp-content\\\/uploads\\\/sites\\\/3\\\/2019\\\/09\\\/S\u00e9rt\u00e9sek-helyett-ma-m\u00e1r-integr\u00e1ln\u00e1-a-cig\u00e1nys\u00e1got-a-Jobbik.jpg\",\"datePublished\":\"2019-09-05T03:26:03+00:00\",\"dateModified\":\"2019-09-16T14:02:30+00:00\",\"author\":{\"@id\":\"https:\\\/\\\/hotnewsinworld.com\\\/hu\\\/#\\\/schema\\\/person\\\/fe61448b21c0d59086e75fcc1f9d8f6b\"},\"breadcrumb\":{\"@id\":\"https:\\\/\\\/hotnewsinworld.com\\\/hu\\\/sertesek-helyett-ma-mar-integralna-a-ciganysagot-a-jobbik\\\/#breadcrumb\"},\"inLanguage\":\"hu\",\"potentialAction\":[{\"@type\":\"ReadAction\",\"target\":[\"https:\\\/\\\/hotnewsinworld.com\\\/hu\\\/sertesek-helyett-ma-mar-integralna-a-ciganysagot-a-jobbik\\\/\"]}]},{\"@type\":\"ImageObject\",\"inLanguage\":\"hu\",\"@id\":\"https:\\\/\\\/hotnewsinworld.com\\\/hu\\\/sertesek-helyett-ma-mar-integralna-a-ciganysagot-a-jobbik\\\/#primaryimage\",\"url\":\"https:\\\/\\\/hotnewsinworld.com\\\/hu\\\/wp-content\\\/uploads\\\/sites\\\/3\\\/2019\\\/09\\\/S\u00e9rt\u00e9sek-helyett-ma-m\u00e1r-integr\u00e1ln\u00e1-a-cig\u00e1nys\u00e1got-a-Jobbik.jpg\",\"contentUrl\":\"https:\\\/\\\/hotnewsinworld.com\\\/hu\\\/wp-content\\\/uploads\\\/sites\\\/3\\\/2019\\\/09\\\/S\u00e9rt\u00e9sek-helyett-ma-m\u00e1r-integr\u00e1ln\u00e1-a-cig\u00e1nys\u00e1got-a-Jobbik.jpg\",\"width\":772,\"height\":514,\"caption\":\"S\u00e9rt\u00e9sek helyett ma m\u00e1r integr\u00e1ln\u00e1 a cig\u00e1nys\u00e1got a Jobbik\"},{\"@type\":\"BreadcrumbList\",\"@id\":\"https:\\\/\\\/hotnewsinworld.com\\\/hu\\\/sertesek-helyett-ma-mar-integralna-a-ciganysagot-a-jobbik\\\/#breadcrumb\",\"itemListElement\":[{\"@type\":\"ListItem\",\"position\":1,\"name\":\"\u0413\u043b\u0430\u0432\u043d\u0430\u044f \u0441\u0442\u0440\u0430\u043d\u0438\u0446\u0430\",\"item\":\"https:\\\/\\\/hotnewsinworld.com\\\/hu\\\/\"},{\"@type\":\"ListItem\",\"position\":2,\"name\":\"S\u00e9rt\u00e9sek helyett ma m\u00e1r integr\u00e1ln\u00e1 a cig\u00e1nys\u00e1got a Jobbik\"}]},{\"@type\":\"WebSite\",\"@id\":\"https:\\\/\\\/hotnewsinworld.com\\\/hu\\\/#website\",\"url\":\"https:\\\/\\\/hotnewsinworld.com\\\/hu\\\/\",\"name\":\"Hot News in World\",\"description\":\"Hot News in World from Hungary\",\"potentialAction\":[{\"@type\":\"SearchAction\",\"target\":{\"@type\":\"EntryPoint\",\"urlTemplate\":\"https:\\\/\\\/hotnewsinworld.com\\\/hu\\\/?s={search_term_string}\"},\"query-input\":{\"@type\":\"PropertyValueSpecification\",\"valueRequired\":true,\"valueName\":\"search_term_string\"}}],\"inLanguage\":\"hu\"},{\"@type\":\"Person\",\"@id\":\"https:\\\/\\\/hotnewsinworld.com\\\/hu\\\/#\\\/schema\\\/person\\\/fe61448b21c0d59086e75fcc1f9d8f6b\",\"name\":\"hotnewsinworld\",\"image\":{\"@type\":\"ImageObject\",\"inLanguage\":\"hu\",\"@id\":\"https:\\\/\\\/secure.gravatar.com\\\/avatar\\\/8a09ac165600ce2e1c38fe593c63928eb1e6e7ba5c5a907d67787c41b3d00c14?s=96&d=mm&r=g\",\"url\":\"https:\\\/\\\/secure.gravatar.com\\\/avatar\\\/8a09ac165600ce2e1c38fe593c63928eb1e6e7ba5c5a907d67787c41b3d00c14?s=96&d=mm&r=g\",\"contentUrl\":\"https:\\\/\\\/secure.gravatar.com\\\/avatar\\\/8a09ac165600ce2e1c38fe593c63928eb1e6e7ba5c5a907d67787c41b3d00c14?s=96&d=mm&r=g\",\"caption\":\"hotnewsinworld\"},\"url\":\"https:\\\/\\\/hotnewsinworld.com\\\/hu\\\/author\\\/pt\\\/\"}]}<\/script>\n<!-- \/ Yoast SEO plugin. -->","yoast_head_json":{"title":"S\u00e9rt\u00e9sek helyett ma m\u00e1r integr\u00e1ln\u00e1 a cig\u00e1nys\u00e1got a Jobbik - Hot News in World","robots":{"index":"index","follow":"follow","max-snippet":"max-snippet:-1","max-image-preview":"max-image-preview:large","max-video-preview":"max-video-preview:-1"},"canonical":"https:\/\/hotnewsinworld.com\/hu\/sertesek-helyett-ma-mar-integralna-a-ciganysagot-a-jobbik\/","og_locale":"hu_HU","og_type":"article","og_title":"S\u00e9rt\u00e9sek helyett ma m\u00e1r integr\u00e1ln\u00e1 a cig\u00e1nys\u00e1got a Jobbik - Hot News in World","og_description":"[ad_1] S\u00e9rt\u00e9sek helyett ma m\u00e1r integr\u00e1ln\u00e1 a cig\u00e1nys\u00e1got a Jobbik Az integr\u00e1ci\u00f3 kiemelt t\u00e9ma a Jobbik programj\u00e1ban, \u00e9s ma m\u00e1r a cig\u00e1nys\u00e1got is ink\u00e1bb integr\u00e1ln\u00e1k, mintsem s\u00e9rtegetn\u00e9k \u2013 egyebek mellett err\u0151l besz\u00e9lt a Jobbik eln\u00f6ke az ATV Start c\u00edm\u0171 m\u0171sorban. Sneider Tam\u00e1s szerint er\u0151s \u00f6nkorm\u00e1nyzatok n\u00e9lk\u00fcl er\u0151s orsz\u00e1g sem l\u00e9tezik. &#8222;Haz\u00e1nk \u00f6nkorm\u00e1nyzati rendszere a vil\u00e1g [&hellip;]","og_url":"https:\/\/hotnewsinworld.com\/hu\/sertesek-helyett-ma-mar-integralna-a-ciganysagot-a-jobbik\/","og_site_name":"Hot News in World","article_published_time":"2019-09-05T03:26:03+00:00","article_modified_time":"2019-09-16T14:02:30+00:00","og_image":[{"width":772,"height":514,"url":"https:\/\/hotnewsinworld.com\/hu\/wp-content\/uploads\/sites\/3\/2019\/09\/S\u00e9rt\u00e9sek-helyett-ma-m\u00e1r-integr\u00e1ln\u00e1-a-cig\u00e1nys\u00e1got-a-Jobbik.jpg","type":"image\/jpeg"}],"author":"hotnewsinworld","twitter_card":"summary_large_image","twitter_misc":{"Szerz\u0151:":"hotnewsinworld","Becs\u00fclt olvas\u00e1si id\u0151":"3 perc"},"schema":{"@context":"https:\/\/schema.org","@graph":[{"@type":"Article","@id":"https:\/\/hotnewsinworld.com\/hu\/sertesek-helyett-ma-mar-integralna-a-ciganysagot-a-jobbik\/#article","isPartOf":{"@id":"https:\/\/hotnewsinworld.com\/hu\/sertesek-helyett-ma-mar-integralna-a-ciganysagot-a-jobbik\/"},"author":{"name":"hotnewsinworld","@id":"https:\/\/hotnewsinworld.com\/hu\/#\/schema\/person\/fe61448b21c0d59086e75fcc1f9d8f6b"},"headline":"S\u00e9rt\u00e9sek helyett ma m\u00e1r integr\u00e1ln\u00e1 a cig\u00e1nys\u00e1got a Jobbik","datePublished":"2019-09-05T03:26:03+00:00","dateModified":"2019-09-16T14:02:30+00:00","mainEntityOfPage":{"@id":"https:\/\/hotnewsinworld.com\/hu\/sertesek-helyett-ma-mar-integralna-a-ciganysagot-a-jobbik\/"},"wordCount":636,"commentCount":0,"image":{"@id":"https:\/\/hotnewsinworld.com\/hu\/sertesek-helyett-ma-mar-integralna-a-ciganysagot-a-jobbik\/#primaryimage"},"thumbnailUrl":"https:\/\/hotnewsinworld.com\/hu\/wp-content\/uploads\/sites\/3\/2019\/09\/S\u00e9rt\u00e9sek-helyett-ma-m\u00e1r-integr\u00e1ln\u00e1-a-cig\u00e1nys\u00e1got-a-Jobbik.jpg","articleSection":["LEG\u00daJABB P\u00c9NZ\u00dcGYI H\u00cdREK"],"inLanguage":"hu","potentialAction":[{"@type":"CommentAction","name":"Comment","target":["https:\/\/hotnewsinworld.com\/hu\/sertesek-helyett-ma-mar-integralna-a-ciganysagot-a-jobbik\/#respond"]}]},{"@type":"WebPage","@id":"https:\/\/hotnewsinworld.com\/hu\/sertesek-helyett-ma-mar-integralna-a-ciganysagot-a-jobbik\/","url":"https:\/\/hotnewsinworld.com\/hu\/sertesek-helyett-ma-mar-integralna-a-ciganysagot-a-jobbik\/","name":"S\u00e9rt\u00e9sek helyett ma m\u00e1r integr\u00e1ln\u00e1 a cig\u00e1nys\u00e1got a Jobbik - Hot News in World","isPartOf":{"@id":"https:\/\/hotnewsinworld.com\/hu\/#website"},"primaryImageOfPage":{"@id":"https:\/\/hotnewsinworld.com\/hu\/sertesek-helyett-ma-mar-integralna-a-ciganysagot-a-jobbik\/#primaryimage"},"image":{"@id":"https:\/\/hotnewsinworld.com\/hu\/sertesek-helyett-ma-mar-integralna-a-ciganysagot-a-jobbik\/#primaryimage"},"thumbnailUrl":"https:\/\/hotnewsinworld.com\/hu\/wp-content\/uploads\/sites\/3\/2019\/09\/S\u00e9rt\u00e9sek-helyett-ma-m\u00e1r-integr\u00e1ln\u00e1-a-cig\u00e1nys\u00e1got-a-Jobbik.jpg","datePublished":"2019-09-05T03:26:03+00:00","dateModified":"2019-09-16T14:02:30+00:00","author":{"@id":"https:\/\/hotnewsinworld.com\/hu\/#\/schema\/person\/fe61448b21c0d59086e75fcc1f9d8f6b"},"breadcrumb":{"@id":"https:\/\/hotnewsinworld.com\/hu\/sertesek-helyett-ma-mar-integralna-a-ciganysagot-a-jobbik\/#breadcrumb"},"inLanguage":"hu","potentialAction":[{"@type":"ReadAction","target":["https:\/\/hotnewsinworld.com\/hu\/sertesek-helyett-ma-mar-integralna-a-ciganysagot-a-jobbik\/"]}]},{"@type":"ImageObject","inLanguage":"hu","@id":"https:\/\/hotnewsinworld.com\/hu\/sertesek-helyett-ma-mar-integralna-a-ciganysagot-a-jobbik\/#primaryimage","url":"https:\/\/hotnewsinworld.com\/hu\/wp-content\/uploads\/sites\/3\/2019\/09\/S\u00e9rt\u00e9sek-helyett-ma-m\u00e1r-integr\u00e1ln\u00e1-a-cig\u00e1nys\u00e1got-a-Jobbik.jpg","contentUrl":"https:\/\/hotnewsinworld.com\/hu\/wp-content\/uploads\/sites\/3\/2019\/09\/S\u00e9rt\u00e9sek-helyett-ma-m\u00e1r-integr\u00e1ln\u00e1-a-cig\u00e1nys\u00e1got-a-Jobbik.jpg","width":772,"height":514,"caption":"S\u00e9rt\u00e9sek helyett ma m\u00e1r integr\u00e1ln\u00e1 a cig\u00e1nys\u00e1got a Jobbik"},{"@type":"BreadcrumbList","@id":"https:\/\/hotnewsinworld.com\/hu\/sertesek-helyett-ma-mar-integralna-a-ciganysagot-a-jobbik\/#breadcrumb","itemListElement":[{"@type":"ListItem","position":1,"name":"\u0413\u043b\u0430\u0432\u043d\u0430\u044f \u0441\u0442\u0440\u0430\u043d\u0438\u0446\u0430","item":"https:\/\/hotnewsinworld.com\/hu\/"},{"@type":"ListItem","position":2,"name":"S\u00e9rt\u00e9sek helyett ma m\u00e1r integr\u00e1ln\u00e1 a cig\u00e1nys\u00e1got a Jobbik"}]},{"@type":"WebSite","@id":"https:\/\/hotnewsinworld.com\/hu\/#website","url":"https:\/\/hotnewsinworld.com\/hu\/","name":"Hot News in World","description":"Hot News in World from Hungary","potentialAction":[{"@type":"SearchAction","target":{"@type":"EntryPoint","urlTemplate":"https:\/\/hotnewsinworld.com\/hu\/?s={search_term_string}"},"query-input":{"@type":"PropertyValueSpecification","valueRequired":true,"valueName":"search_term_string"}}],"inLanguage":"hu"},{"@type":"Person","@id":"https:\/\/hotnewsinworld.com\/hu\/#\/schema\/person\/fe61448b21c0d59086e75fcc1f9d8f6b","name":"hotnewsinworld","image":{"@type":"ImageObject","inLanguage":"hu","@id":"https:\/\/secure.gravatar.com\/avatar\/8a09ac165600ce2e1c38fe593c63928eb1e6e7ba5c5a907d67787c41b3d00c14?s=96&d=mm&r=g","url":"https:\/\/secure.gravatar.com\/avatar\/8a09ac165600ce2e1c38fe593c63928eb1e6e7ba5c5a907d67787c41b3d00c14?s=96&d=mm&r=g","contentUrl":"https:\/\/secure.gravatar.com\/avatar\/8a09ac165600ce2e1c38fe593c63928eb1e6e7ba5c5a907d67787c41b3d00c14?s=96&d=mm&r=g","caption":"hotnewsinworld"},"url":"https:\/\/hotnewsinworld.com\/hu\/author\/pt\/"}]}},"_links":{"self":[{"href":"https:\/\/hotnewsinworld.com\/hu\/wp-json\/wp\/v2\/posts\/1638","targetHints":{"allow":["GET"]}}],"collection":[{"href":"https:\/\/hotnewsinworld.com\/hu\/wp-json\/wp\/v2\/posts"}],"about":[{"href":"https:\/\/hotnewsinworld.com\/hu\/wp-json\/wp\/v2\/types\/post"}],"author":[{"embeddable":true,"href":"https:\/\/hotnewsinworld.com\/hu\/wp-json\/wp\/v2\/users\/2"}],"replies":[{"embeddable":true,"href":"https:\/\/hotnewsinworld.com\/hu\/wp-json\/wp\/v2\/comments?post=1638"}],"version-history":[{"count":2,"href":"https:\/\/hotnewsinworld.com\/hu\/wp-json\/wp\/v2\/posts\/1638\/revisions"}],"predecessor-version":[{"id":2153,"href":"https:\/\/hotnewsinworld.com\/hu\/wp-json\/wp\/v2\/posts\/1638\/revisions\/2153"}],"wp:featuredmedia":[{"embeddable":true,"href":"https:\/\/hotnewsinworld.com\/hu\/wp-json\/wp\/v2\/media\/1639"}],"wp:attachment":[{"href":"https:\/\/hotnewsinworld.com\/hu\/wp-json\/wp\/v2\/media?parent=1638"}],"wp:term":[{"taxonomy":"category","embeddable":true,"href":"https:\/\/hotnewsinworld.com\/hu\/wp-json\/wp\/v2\/categories?post=1638"},{"taxonomy":"post_tag","embeddable":true,"href":"https:\/\/hotnewsinworld.com\/hu\/wp-json\/wp\/v2\/tags?post=1638"}],"curies":[{"name":"wp","href":"https:\/\/api.w.org\/{rel}","templated":true}]}}