{"id":1641,"date":"2019-09-05T08:07:53","date_gmt":"2019-09-05T05:07:53","guid":{"rendered":"https:\/\/hotnewsinworld.com\/hu\/felsooktatas-ezekre-az-osztondijakra-akkor-palyazhattok-ha-iden-kezditek-az-egyetemet\/"},"modified":"2019-09-05T08:07:54","modified_gmt":"2019-09-05T05:07:54","slug":"felsooktatas-ezekre-az-osztondijakra-akkor-palyazhattok-ha-iden-kezditek-az-egyetemet","status":"publish","type":"post","link":"https:\/\/hotnewsinworld.com\/hu\/felsooktatas-ezekre-az-osztondijakra-akkor-palyazhattok-ha-iden-kezditek-az-egyetemet\/","title":{"rendered":"Fels\u0151oktat\u00e1s: Ezekre az \u00f6szt\u00f6nd\u00edjakra akkor p\u00e1ly\u00e1zhattok, ha id\u00e9n kezditek az egyetemet"},"content":{"rendered":"<p> [ad_1]<br \/>\n<\/p>\n<div data-scroll-event-name=\"ScrollToArticleLead\">\n<p>Rendszeres szoci\u00e1lis \u00f6szt\u00f6nd\u00edj, rendk\u00edv\u00fcli szoci\u00e1lis \u00f6szt\u00f6nd\u00edj, alapt\u00e1mogat\u00e1s, Bursa Hungarica, \u00dat a diplom\u00e1hoz \u2013 \u00f6sszegy\u0171jt\u00f6tt\u00fck, hogy milyen \u00f6szt\u00f6nd\u00edjakra p\u00e1ly\u00e1zhattok szoci\u00e1lis alapon, \u00e9s ezekkel mekkora t\u00e1mogat\u00e1st szerezhettek.<\/p>\n<\/div>\n<div>\n<p><strong>Rendszeres \u00e9s rendk\u00edv\u00fcli szoci\u00e1lis \u00f6szt\u00f6nd\u00edj<\/strong><\/p>\n<p>Szoci\u00e1lis alapon rendszeres, illetve rendk\u00edv\u00fcli szoci\u00e1lis \u00f6szt\u00f6nd\u00edjat lehet ig\u00e9nyelni. Az el\u0151bbire azok a r\u00e1szorul\u00f3 hallgat\u00f3k \u2013 fogyat\u00e9kkal \u00e9l\u0151k, h\u00e1tr\u00e1nyos helyzet\u0171ek, halmozottan h\u00e1tr\u00e1nyos helyzet\u0171ek, csal\u00e1dfenntart\u00f3k, nagycsal\u00e1dosok, f\u00e9l\u00e1rv\u00e1k, esetleg \u00e1rv\u00e1k \u2013 jogosultak, akik \u00e1llami \u00f6szt\u00f6nd\u00edjas, nappali tagozatos k\u00e9pz\u00e9sen vesznek r\u00e9szt. Ha v\u00e1ratlan esem\u00e9ny \u2013 baleset vagy \u00e1ll\u00e1s elveszt\u00e9se \u2013 miatt romlik a szoci\u00e1lis helyzetetek, akkor rendk\u00edv\u00fcli szoci\u00e1lis \u00f6szt\u00f6nd\u00edjra p\u00e1ly\u00e1zhatok.<\/p>\n<p>A rendszeres szoci\u00e1lis \u00f6szt\u00f6nd\u00edjra f\u00e9l\u00e9vente kell p\u00e1ly\u00e1zni, \u00e9s havonta utalj\u00e1k, a rendk\u00edv\u00fcli \u00f6szt\u00f6nd\u00edj viszont egyszeri juttat\u00e1s, ahol a k\u00e9relmeket havonta b\u00edr\u00e1lj\u00e1k el. Ezeknek az \u00f6szt\u00f6nd\u00edjaknak az \u00f6sszege, \u00e9s a p\u00e1ly\u00e1zat lead\u00e1sa fels\u0151oktat\u00e1si int\u00e9zm\u00e9nyenk\u00e9nt elt\u00e9r\u0151 lehet, ez\u00e9rt tov\u00e1bbi inform\u00e1ci\u00f3kkal kapcsolatban \u00e9rdemes felkeresni az adott egyetemet vagy f\u0151iskol\u00e1t.<\/p>\n<p><strong>Alapt\u00e1mogat\u00e1s<\/strong><\/p>\n<p>Az alapt\u00e1mogat\u00e1s egy egyszeri juttat\u00e1s, amit a r\u00e1szorul\u00f3 \u00e1llami \u00f6szt\u00f6nd\u00edjas hallgat\u00f3k \u2013 fogyat\u00e9koss\u00e1ggal \u00e9l\u0151k, h\u00e1tr\u00e1nyos helyzet\u0171ek, halmozottan h\u00e1tr\u00e1nyos helyzet\u0171ek, csal\u00e1dfenntart\u00f3k, nagycsal\u00e1dosok, \u00e1rv\u00e1k \u00e9s f\u00e9l\u00e1rv\u00e1k \u2013 p\u00e1ly\u00e1zhatnak meg az els\u0151 f\u00e9l\u00e9vre val\u00f3 beiratkoz\u00e1skor.<\/p>\n<p>Az els\u0151 alapk\u00e9pz\u00e9s megkezd\u00e9sekor egyszeri 59\u00a0500 Ft-os, az els\u0151 mesterk\u00e9pz\u00e9s elkezd\u00e9sekor pedig 89\u00a0250 Ft-os \u00f6szt\u00f6nd\u00edj nyerhet\u0151 el.<\/p>\n<p><strong>Bursa Hungarica<\/strong><\/p>\n<p>Ezt p\u00e1ly\u00e1zatot minden \u00e9vben \u0151sszel \u00edrj\u00e1k ki, \u00e9s azok a h\u00e1tr\u00e1nyos helyzet\u0171, szoci\u00e1lisan r\u00e1szorul\u00f3 di\u00e1kok p\u00e1ly\u00e1zhatnak r\u00e1, akik f\u0151iskol\u00e1ra, egyetemre j\u00e1rnak, vagy a k\u00f6vetkez\u0151 tan\u00e9vben szeretn\u00e9k megkezdeni fels\u0151fok\u00fa tanulm\u00e1nyaikat. Az ut\u00f3bbiak csak akkor kapj\u00e1k meg a t\u00e1mogat\u00e1st, ha beker\u00fclnek valamelyik fels\u0151oktat\u00e1si int\u00e9zm\u00e9nybe. Ez az \u00f6szt\u00f6nd\u00edj egy tan\u00e9v\u00e9vre \u2013 vagyis t\u00edz h\u00f3napra \u2013 sz\u00f3l.<\/p>\n<p>Az \u00f6szt\u00f6nd\u00edj nagys\u00e1ga minden \u00e9vben a rendelkez\u00e9sre \u00e1ll\u00f3 p\u00e9nz\u00fcgyi kerett\u0151l \u00e9s a jelentkez\u0151k sz\u00e1m\u00e1t\u00f3l f\u00fcgg. A 2019\/2020-as tan\u00e9v m\u00e1sodik, illetve a 2020\/2021-es tan\u00e9v els\u0151 f\u00e9l\u00e9v\u00e9re vonatkoz\u00f3an a p\u00e1ly\u00e1zat beny\u00fajt\u00e1s\u00e1nak a hat\u00e1rideje 2019. november 5.<\/p>\n<p><strong>\u00dat a diplom\u00e1hoz<\/strong><\/p>\n<p>Az \u00datraval\u00f3 \u00d6szt\u00f6nd\u00edjprogram \u00dat a diplom\u00e1hoz \u00f6szt\u00f6nd\u00edj- \u00e9s \u00f6nk\u00f6lts\u00e9g-t\u00e1mogat\u00e1si programra a neh\u00e9z szoci\u00e1lis helyzetben \u00e9l\u0151k \u2013 kiemelten roma hallgat\u00f3k \u2013 p\u00e1ly\u00e1zhatnak, akik \u00f6szt\u00f6nd\u00edj t\u00e1mogat\u00e1sra vagy \u00f6nk\u00f6lts\u00e9g-t\u00e1mogat\u00e1sra szorulnak. C\u00e9l az es\u00e9lyegyenl\u0151s\u00e9g jav\u00edt\u00e1sa, \u00e9s a fels\u0151fok\u00fa v\u00e9gzetts\u00e9ghez jut\u00e1s t\u00e1mogat\u00e1sa.<\/p>\n<p>A t\u00e1mogat\u00e1snak k\u00e9t t\u00edpusa van: az \u201eA\u201d komponens keret\u00e9ben 150 ezer forint\/f\u00e9l\u00e9v vissza nem t\u00e9r\u00edtend\u0151, szabadon felhaszn\u00e1lhat\u00f3 t\u00e1mogat\u00e1s ig\u00e9nyelhet\u0151, m\u00edg a \u201eB\u201d kateg\u00f3ri\u00e1ban a hallgat\u00f3k az \u00f6nk\u00f6lts\u00e9g finansz\u00edroz\u00e1s\u00e1t k\u00e9rhetik, aminek a m\u00e9rt\u00e9ke nem haladhatja meg f\u00e9l\u00e9vente a 400 ezer forintos \u00f6sszeget.<\/p>\n<p>A 2019. szeptember 1-t\u0151l 2020. j\u00fanius 30-ig tart\u00f3 id\u0151szakra vonatkoz\u00f3 p\u00e1ly\u00e1zat beny\u00fajt\u00e1s\u00e1nak a hat\u00e1rideje 2019. szeptember 30.<\/p>\n<table class=\"monocle\" border=\"0\">\n<tbody>\n<tr>\n<\/tr>\n<tr>\n<td class=\"monocleBody\">\n<p>Ha szeretn\u00e9d megkapni legfrissebb cikkeinket az \u00e9retts\u00e9gir\u0151l, az egyetemi-f\u0151iskolai \u00e9s a k\u00f6z\u00e9piskolai felv\u00e9telir\u0151l,\u00a0ha \u00e9rdekelnek a fels\u0151oktat\u00e1s, a k\u00f6zoktat\u00e1s, a nyelvoktat\u00e1s \u00e9s a feln\u0151ttk\u00e9pz\u00e9s legfontosabb v\u00e1ltoz\u00e1sai, iratkozz fel h\u00edrleveleinkre.<\/p>\n<\/td>\n<\/tr>\n<\/tbody>\n<\/table>\n<\/div>\n<p><script>\n        \/\/ Load the SDK\n        (function (d, s, id) {\n            var js, fjs = d.getElementsByTagName(s)[0];\n            if (d.getElementById(id)) return;\n            js = d.createElement(s); js.id = id; \/\/js.async = true;\n            js.src = \"http:\/\/connect.facebook.net\/hu_HU\/sdk.js#xfbml=1&version=v2.5\";\n            fjs.parentNode.insertBefore(js, fjs);\n        }(document, 'script', 'facebook-jssdk'));\n    <\/script><br \/>\n<br \/>[ad_2]<br \/>\n<br \/><a href=\"https:\/\/hirek.oldal.info\/rssclick\/14370666\">Source link <\/a><\/p>\n","protected":false},"excerpt":{"rendered":"<p>[ad_1] Rendszeres szoci\u00e1lis \u00f6szt\u00f6nd\u00edj, rendk\u00edv\u00fcli szoci\u00e1lis \u00f6szt\u00f6nd\u00edj, alapt\u00e1mogat\u00e1s, Bursa Hungarica, \u00dat a diplom\u00e1hoz \u2013 \u00f6sszegy\u0171jt\u00f6tt\u00fck, hogy milyen \u00f6szt\u00f6nd\u00edjakra p\u00e1ly\u00e1zhattok szoci\u00e1lis alapon, \u00e9s ezekkel mekkora t\u00e1mogat\u00e1st szerezhettek. Rendszeres \u00e9s rendk\u00edv\u00fcli szoci\u00e1lis \u00f6szt\u00f6nd\u00edj Szoci\u00e1lis alapon rendszeres, illetve rendk\u00edv\u00fcli szoci\u00e1lis \u00f6szt\u00f6nd\u00edjat lehet ig\u00e9nyelni. Az el\u0151bbire azok a r\u00e1szorul\u00f3 hallgat\u00f3k \u2013 fogyat\u00e9kkal \u00e9l\u0151k, h\u00e1tr\u00e1nyos helyzet\u0171ek, halmozottan h\u00e1tr\u00e1nyos helyzet\u0171ek, csal\u00e1dfenntart\u00f3k, [&hellip;]<\/p>\n","protected":false},"author":2,"featured_media":1642,"comment_status":"open","ping_status":"open","sticky":false,"template":"","format":"standard","meta":{"footnotes":""},"categories":[1],"tags":[],"class_list":["post-1641","post","type-post","status-publish","format-standard","has-post-thumbnail","hentry","category-legujabb-penzugyi-hirek"],"yoast_head":"<!-- This site is optimized with the Yoast SEO plugin v27.4 - https:\/\/yoast.com\/product\/yoast-seo-wordpress\/ -->\n<title>Fels\u0151oktat\u00e1s: Ezekre az \u00f6szt\u00f6nd\u00edjakra akkor p\u00e1ly\u00e1zhattok, ha id\u00e9n kezditek az egyetemet - Hot News in World<\/title>\n<meta name=\"robots\" content=\"index, follow, max-snippet:-1, max-image-preview:large, max-video-preview:-1\" \/>\n<link rel=\"canonical\" href=\"https:\/\/hotnewsinworld.com\/hu\/felsooktatas-ezekre-az-osztondijakra-akkor-palyazhattok-ha-iden-kezditek-az-egyetemet\/\" \/>\n<meta property=\"og:locale\" content=\"hu_HU\" \/>\n<meta property=\"og:type\" content=\"article\" \/>\n<meta property=\"og:title\" content=\"Fels\u0151oktat\u00e1s: Ezekre az \u00f6szt\u00f6nd\u00edjakra akkor p\u00e1ly\u00e1zhattok, ha id\u00e9n kezditek az egyetemet - Hot News in World\" \/>\n<meta property=\"og:description\" content=\"[ad_1] Rendszeres szoci\u00e1lis \u00f6szt\u00f6nd\u00edj, rendk\u00edv\u00fcli szoci\u00e1lis \u00f6szt\u00f6nd\u00edj, alapt\u00e1mogat\u00e1s, Bursa Hungarica, \u00dat a diplom\u00e1hoz \u2013 \u00f6sszegy\u0171jt\u00f6tt\u00fck, hogy milyen \u00f6szt\u00f6nd\u00edjakra p\u00e1ly\u00e1zhattok szoci\u00e1lis alapon, \u00e9s ezekkel mekkora t\u00e1mogat\u00e1st szerezhettek. Rendszeres \u00e9s rendk\u00edv\u00fcli szoci\u00e1lis \u00f6szt\u00f6nd\u00edj Szoci\u00e1lis alapon rendszeres, illetve rendk\u00edv\u00fcli szoci\u00e1lis \u00f6szt\u00f6nd\u00edjat lehet ig\u00e9nyelni. Az el\u0151bbire azok a r\u00e1szorul\u00f3 hallgat\u00f3k \u2013 fogyat\u00e9kkal \u00e9l\u0151k, h\u00e1tr\u00e1nyos helyzet\u0171ek, halmozottan h\u00e1tr\u00e1nyos helyzet\u0171ek, csal\u00e1dfenntart\u00f3k, [&hellip;]\" \/>\n<meta property=\"og:url\" content=\"https:\/\/hotnewsinworld.com\/hu\/felsooktatas-ezekre-az-osztondijakra-akkor-palyazhattok-ha-iden-kezditek-az-egyetemet\/\" \/>\n<meta property=\"og:site_name\" content=\"Hot News in World\" \/>\n<meta property=\"article:published_time\" content=\"2019-09-05T05:07:53+00:00\" \/>\n<meta property=\"article:modified_time\" content=\"2019-09-05T05:07:54+00:00\" \/>\n<meta property=\"og:image\" content=\"https:\/\/hotnewsinworld.com\/hu\/wp-content\/uploads\/sites\/3\/2019\/09\/Fels\u0151oktat\u00e1s-Ezekre-az-\u00f6szt\u00f6nd\u00edjakra-akkor-p\u00e1ly\u00e1zhattok-ha-id\u00e9n-kezditek-az.jpg\" \/>\n\t<meta property=\"og:image:width\" content=\"560\" \/>\n\t<meta property=\"og:image:height\" content=\"374\" \/>\n\t<meta property=\"og:image:type\" content=\"image\/jpeg\" \/>\n<meta name=\"author\" content=\"hotnewsinworld\" \/>\n<meta name=\"twitter:card\" content=\"summary_large_image\" \/>\n<meta name=\"twitter:label1\" content=\"Szerz\u0151:\" \/>\n\t<meta name=\"twitter:data1\" content=\"hotnewsinworld\" \/>\n\t<meta name=\"twitter:label2\" content=\"Becs\u00fclt olvas\u00e1si id\u0151\" \/>\n\t<meta name=\"twitter:data2\" content=\"3 perc\" \/>\n<script type=\"application\/ld+json\" class=\"yoast-schema-graph\">{\"@context\":\"https:\\\/\\\/schema.org\",\"@graph\":[{\"@type\":\"Article\",\"@id\":\"https:\\\/\\\/hotnewsinworld.com\\\/hu\\\/felsooktatas-ezekre-az-osztondijakra-akkor-palyazhattok-ha-iden-kezditek-az-egyetemet\\\/#article\",\"isPartOf\":{\"@id\":\"https:\\\/\\\/hotnewsinworld.com\\\/hu\\\/felsooktatas-ezekre-az-osztondijakra-akkor-palyazhattok-ha-iden-kezditek-az-egyetemet\\\/\"},\"author\":{\"name\":\"hotnewsinworld\",\"@id\":\"https:\\\/\\\/hotnewsinworld.com\\\/hu\\\/#\\\/schema\\\/person\\\/fe61448b21c0d59086e75fcc1f9d8f6b\"},\"headline\":\"Fels\u0151oktat\u00e1s: Ezekre az \u00f6szt\u00f6nd\u00edjakra akkor p\u00e1ly\u00e1zhattok, ha id\u00e9n kezditek az egyetemet\",\"datePublished\":\"2019-09-05T05:07:53+00:00\",\"dateModified\":\"2019-09-05T05:07:54+00:00\",\"mainEntityOfPage\":{\"@id\":\"https:\\\/\\\/hotnewsinworld.com\\\/hu\\\/felsooktatas-ezekre-az-osztondijakra-akkor-palyazhattok-ha-iden-kezditek-az-egyetemet\\\/\"},\"wordCount\":691,\"commentCount\":0,\"image\":{\"@id\":\"https:\\\/\\\/hotnewsinworld.com\\\/hu\\\/felsooktatas-ezekre-az-osztondijakra-akkor-palyazhattok-ha-iden-kezditek-az-egyetemet\\\/#primaryimage\"},\"thumbnailUrl\":\"https:\\\/\\\/hotnewsinworld.com\\\/hu\\\/wp-content\\\/uploads\\\/sites\\\/3\\\/2019\\\/09\\\/Fels\u0151oktat\u00e1s-Ezekre-az-\u00f6szt\u00f6nd\u00edjakra-akkor-p\u00e1ly\u00e1zhattok-ha-id\u00e9n-kezditek-az.jpg\",\"articleSection\":[\"LEG\u00daJABB P\u00c9NZ\u00dcGYI H\u00cdREK\"],\"inLanguage\":\"hu\",\"potentialAction\":[{\"@type\":\"CommentAction\",\"name\":\"Comment\",\"target\":[\"https:\\\/\\\/hotnewsinworld.com\\\/hu\\\/felsooktatas-ezekre-az-osztondijakra-akkor-palyazhattok-ha-iden-kezditek-az-egyetemet\\\/#respond\"]}]},{\"@type\":\"WebPage\",\"@id\":\"https:\\\/\\\/hotnewsinworld.com\\\/hu\\\/felsooktatas-ezekre-az-osztondijakra-akkor-palyazhattok-ha-iden-kezditek-az-egyetemet\\\/\",\"url\":\"https:\\\/\\\/hotnewsinworld.com\\\/hu\\\/felsooktatas-ezekre-az-osztondijakra-akkor-palyazhattok-ha-iden-kezditek-az-egyetemet\\\/\",\"name\":\"Fels\u0151oktat\u00e1s: Ezekre az \u00f6szt\u00f6nd\u00edjakra akkor p\u00e1ly\u00e1zhattok, ha id\u00e9n kezditek az egyetemet - Hot News in World\",\"isPartOf\":{\"@id\":\"https:\\\/\\\/hotnewsinworld.com\\\/hu\\\/#website\"},\"primaryImageOfPage\":{\"@id\":\"https:\\\/\\\/hotnewsinworld.com\\\/hu\\\/felsooktatas-ezekre-az-osztondijakra-akkor-palyazhattok-ha-iden-kezditek-az-egyetemet\\\/#primaryimage\"},\"image\":{\"@id\":\"https:\\\/\\\/hotnewsinworld.com\\\/hu\\\/felsooktatas-ezekre-az-osztondijakra-akkor-palyazhattok-ha-iden-kezditek-az-egyetemet\\\/#primaryimage\"},\"thumbnailUrl\":\"https:\\\/\\\/hotnewsinworld.com\\\/hu\\\/wp-content\\\/uploads\\\/sites\\\/3\\\/2019\\\/09\\\/Fels\u0151oktat\u00e1s-Ezekre-az-\u00f6szt\u00f6nd\u00edjakra-akkor-p\u00e1ly\u00e1zhattok-ha-id\u00e9n-kezditek-az.jpg\",\"datePublished\":\"2019-09-05T05:07:53+00:00\",\"dateModified\":\"2019-09-05T05:07:54+00:00\",\"author\":{\"@id\":\"https:\\\/\\\/hotnewsinworld.com\\\/hu\\\/#\\\/schema\\\/person\\\/fe61448b21c0d59086e75fcc1f9d8f6b\"},\"breadcrumb\":{\"@id\":\"https:\\\/\\\/hotnewsinworld.com\\\/hu\\\/felsooktatas-ezekre-az-osztondijakra-akkor-palyazhattok-ha-iden-kezditek-az-egyetemet\\\/#breadcrumb\"},\"inLanguage\":\"hu\",\"potentialAction\":[{\"@type\":\"ReadAction\",\"target\":[\"https:\\\/\\\/hotnewsinworld.com\\\/hu\\\/felsooktatas-ezekre-az-osztondijakra-akkor-palyazhattok-ha-iden-kezditek-az-egyetemet\\\/\"]}]},{\"@type\":\"ImageObject\",\"inLanguage\":\"hu\",\"@id\":\"https:\\\/\\\/hotnewsinworld.com\\\/hu\\\/felsooktatas-ezekre-az-osztondijakra-akkor-palyazhattok-ha-iden-kezditek-az-egyetemet\\\/#primaryimage\",\"url\":\"https:\\\/\\\/hotnewsinworld.com\\\/hu\\\/wp-content\\\/uploads\\\/sites\\\/3\\\/2019\\\/09\\\/Fels\u0151oktat\u00e1s-Ezekre-az-\u00f6szt\u00f6nd\u00edjakra-akkor-p\u00e1ly\u00e1zhattok-ha-id\u00e9n-kezditek-az.jpg\",\"contentUrl\":\"https:\\\/\\\/hotnewsinworld.com\\\/hu\\\/wp-content\\\/uploads\\\/sites\\\/3\\\/2019\\\/09\\\/Fels\u0151oktat\u00e1s-Ezekre-az-\u00f6szt\u00f6nd\u00edjakra-akkor-p\u00e1ly\u00e1zhattok-ha-id\u00e9n-kezditek-az.jpg\",\"width\":560,\"height\":374,\"caption\":\"Fels\u0151oktat\u00e1s: Ezekre az \u00f6szt\u00f6nd\u00edjakra akkor p\u00e1ly\u00e1zhattok, ha id\u00e9n kezditek az egyetemet\"},{\"@type\":\"BreadcrumbList\",\"@id\":\"https:\\\/\\\/hotnewsinworld.com\\\/hu\\\/felsooktatas-ezekre-az-osztondijakra-akkor-palyazhattok-ha-iden-kezditek-az-egyetemet\\\/#breadcrumb\",\"itemListElement\":[{\"@type\":\"ListItem\",\"position\":1,\"name\":\"\u0413\u043b\u0430\u0432\u043d\u0430\u044f \u0441\u0442\u0440\u0430\u043d\u0438\u0446\u0430\",\"item\":\"https:\\\/\\\/hotnewsinworld.com\\\/hu\\\/\"},{\"@type\":\"ListItem\",\"position\":2,\"name\":\"Fels\u0151oktat\u00e1s: Ezekre az \u00f6szt\u00f6nd\u00edjakra akkor p\u00e1ly\u00e1zhattok, ha id\u00e9n kezditek az egyetemet\"}]},{\"@type\":\"WebSite\",\"@id\":\"https:\\\/\\\/hotnewsinworld.com\\\/hu\\\/#website\",\"url\":\"https:\\\/\\\/hotnewsinworld.com\\\/hu\\\/\",\"name\":\"Hot News in World\",\"description\":\"Hot News in World from Hungary\",\"potentialAction\":[{\"@type\":\"SearchAction\",\"target\":{\"@type\":\"EntryPoint\",\"urlTemplate\":\"https:\\\/\\\/hotnewsinworld.com\\\/hu\\\/?s={search_term_string}\"},\"query-input\":{\"@type\":\"PropertyValueSpecification\",\"valueRequired\":true,\"valueName\":\"search_term_string\"}}],\"inLanguage\":\"hu\"},{\"@type\":\"Person\",\"@id\":\"https:\\\/\\\/hotnewsinworld.com\\\/hu\\\/#\\\/schema\\\/person\\\/fe61448b21c0d59086e75fcc1f9d8f6b\",\"name\":\"hotnewsinworld\",\"image\":{\"@type\":\"ImageObject\",\"inLanguage\":\"hu\",\"@id\":\"https:\\\/\\\/secure.gravatar.com\\\/avatar\\\/8a09ac165600ce2e1c38fe593c63928eb1e6e7ba5c5a907d67787c41b3d00c14?s=96&d=mm&r=g\",\"url\":\"https:\\\/\\\/secure.gravatar.com\\\/avatar\\\/8a09ac165600ce2e1c38fe593c63928eb1e6e7ba5c5a907d67787c41b3d00c14?s=96&d=mm&r=g\",\"contentUrl\":\"https:\\\/\\\/secure.gravatar.com\\\/avatar\\\/8a09ac165600ce2e1c38fe593c63928eb1e6e7ba5c5a907d67787c41b3d00c14?s=96&d=mm&r=g\",\"caption\":\"hotnewsinworld\"},\"url\":\"https:\\\/\\\/hotnewsinworld.com\\\/hu\\\/author\\\/pt\\\/\"}]}<\/script>\n<!-- \/ Yoast SEO plugin. -->","yoast_head_json":{"title":"Fels\u0151oktat\u00e1s: Ezekre az \u00f6szt\u00f6nd\u00edjakra akkor p\u00e1ly\u00e1zhattok, ha id\u00e9n kezditek az egyetemet - Hot News in World","robots":{"index":"index","follow":"follow","max-snippet":"max-snippet:-1","max-image-preview":"max-image-preview:large","max-video-preview":"max-video-preview:-1"},"canonical":"https:\/\/hotnewsinworld.com\/hu\/felsooktatas-ezekre-az-osztondijakra-akkor-palyazhattok-ha-iden-kezditek-az-egyetemet\/","og_locale":"hu_HU","og_type":"article","og_title":"Fels\u0151oktat\u00e1s: Ezekre az \u00f6szt\u00f6nd\u00edjakra akkor p\u00e1ly\u00e1zhattok, ha id\u00e9n kezditek az egyetemet - Hot News in World","og_description":"[ad_1] Rendszeres szoci\u00e1lis \u00f6szt\u00f6nd\u00edj, rendk\u00edv\u00fcli szoci\u00e1lis \u00f6szt\u00f6nd\u00edj, alapt\u00e1mogat\u00e1s, Bursa Hungarica, \u00dat a diplom\u00e1hoz \u2013 \u00f6sszegy\u0171jt\u00f6tt\u00fck, hogy milyen \u00f6szt\u00f6nd\u00edjakra p\u00e1ly\u00e1zhattok szoci\u00e1lis alapon, \u00e9s ezekkel mekkora t\u00e1mogat\u00e1st szerezhettek. Rendszeres \u00e9s rendk\u00edv\u00fcli szoci\u00e1lis \u00f6szt\u00f6nd\u00edj Szoci\u00e1lis alapon rendszeres, illetve rendk\u00edv\u00fcli szoci\u00e1lis \u00f6szt\u00f6nd\u00edjat lehet ig\u00e9nyelni. Az el\u0151bbire azok a r\u00e1szorul\u00f3 hallgat\u00f3k \u2013 fogyat\u00e9kkal \u00e9l\u0151k, h\u00e1tr\u00e1nyos helyzet\u0171ek, halmozottan h\u00e1tr\u00e1nyos helyzet\u0171ek, csal\u00e1dfenntart\u00f3k, [&hellip;]","og_url":"https:\/\/hotnewsinworld.com\/hu\/felsooktatas-ezekre-az-osztondijakra-akkor-palyazhattok-ha-iden-kezditek-az-egyetemet\/","og_site_name":"Hot News in World","article_published_time":"2019-09-05T05:07:53+00:00","article_modified_time":"2019-09-05T05:07:54+00:00","og_image":[{"width":560,"height":374,"url":"https:\/\/hotnewsinworld.com\/hu\/wp-content\/uploads\/sites\/3\/2019\/09\/Fels\u0151oktat\u00e1s-Ezekre-az-\u00f6szt\u00f6nd\u00edjakra-akkor-p\u00e1ly\u00e1zhattok-ha-id\u00e9n-kezditek-az.jpg","type":"image\/jpeg"}],"author":"hotnewsinworld","twitter_card":"summary_large_image","twitter_misc":{"Szerz\u0151:":"hotnewsinworld","Becs\u00fclt olvas\u00e1si id\u0151":"3 perc"},"schema":{"@context":"https:\/\/schema.org","@graph":[{"@type":"Article","@id":"https:\/\/hotnewsinworld.com\/hu\/felsooktatas-ezekre-az-osztondijakra-akkor-palyazhattok-ha-iden-kezditek-az-egyetemet\/#article","isPartOf":{"@id":"https:\/\/hotnewsinworld.com\/hu\/felsooktatas-ezekre-az-osztondijakra-akkor-palyazhattok-ha-iden-kezditek-az-egyetemet\/"},"author":{"name":"hotnewsinworld","@id":"https:\/\/hotnewsinworld.com\/hu\/#\/schema\/person\/fe61448b21c0d59086e75fcc1f9d8f6b"},"headline":"Fels\u0151oktat\u00e1s: Ezekre az \u00f6szt\u00f6nd\u00edjakra akkor p\u00e1ly\u00e1zhattok, ha id\u00e9n kezditek az egyetemet","datePublished":"2019-09-05T05:07:53+00:00","dateModified":"2019-09-05T05:07:54+00:00","mainEntityOfPage":{"@id":"https:\/\/hotnewsinworld.com\/hu\/felsooktatas-ezekre-az-osztondijakra-akkor-palyazhattok-ha-iden-kezditek-az-egyetemet\/"},"wordCount":691,"commentCount":0,"image":{"@id":"https:\/\/hotnewsinworld.com\/hu\/felsooktatas-ezekre-az-osztondijakra-akkor-palyazhattok-ha-iden-kezditek-az-egyetemet\/#primaryimage"},"thumbnailUrl":"https:\/\/hotnewsinworld.com\/hu\/wp-content\/uploads\/sites\/3\/2019\/09\/Fels\u0151oktat\u00e1s-Ezekre-az-\u00f6szt\u00f6nd\u00edjakra-akkor-p\u00e1ly\u00e1zhattok-ha-id\u00e9n-kezditek-az.jpg","articleSection":["LEG\u00daJABB P\u00c9NZ\u00dcGYI H\u00cdREK"],"inLanguage":"hu","potentialAction":[{"@type":"CommentAction","name":"Comment","target":["https:\/\/hotnewsinworld.com\/hu\/felsooktatas-ezekre-az-osztondijakra-akkor-palyazhattok-ha-iden-kezditek-az-egyetemet\/#respond"]}]},{"@type":"WebPage","@id":"https:\/\/hotnewsinworld.com\/hu\/felsooktatas-ezekre-az-osztondijakra-akkor-palyazhattok-ha-iden-kezditek-az-egyetemet\/","url":"https:\/\/hotnewsinworld.com\/hu\/felsooktatas-ezekre-az-osztondijakra-akkor-palyazhattok-ha-iden-kezditek-az-egyetemet\/","name":"Fels\u0151oktat\u00e1s: Ezekre az \u00f6szt\u00f6nd\u00edjakra akkor p\u00e1ly\u00e1zhattok, ha id\u00e9n kezditek az egyetemet - Hot News in World","isPartOf":{"@id":"https:\/\/hotnewsinworld.com\/hu\/#website"},"primaryImageOfPage":{"@id":"https:\/\/hotnewsinworld.com\/hu\/felsooktatas-ezekre-az-osztondijakra-akkor-palyazhattok-ha-iden-kezditek-az-egyetemet\/#primaryimage"},"image":{"@id":"https:\/\/hotnewsinworld.com\/hu\/felsooktatas-ezekre-az-osztondijakra-akkor-palyazhattok-ha-iden-kezditek-az-egyetemet\/#primaryimage"},"thumbnailUrl":"https:\/\/hotnewsinworld.com\/hu\/wp-content\/uploads\/sites\/3\/2019\/09\/Fels\u0151oktat\u00e1s-Ezekre-az-\u00f6szt\u00f6nd\u00edjakra-akkor-p\u00e1ly\u00e1zhattok-ha-id\u00e9n-kezditek-az.jpg","datePublished":"2019-09-05T05:07:53+00:00","dateModified":"2019-09-05T05:07:54+00:00","author":{"@id":"https:\/\/hotnewsinworld.com\/hu\/#\/schema\/person\/fe61448b21c0d59086e75fcc1f9d8f6b"},"breadcrumb":{"@id":"https:\/\/hotnewsinworld.com\/hu\/felsooktatas-ezekre-az-osztondijakra-akkor-palyazhattok-ha-iden-kezditek-az-egyetemet\/#breadcrumb"},"inLanguage":"hu","potentialAction":[{"@type":"ReadAction","target":["https:\/\/hotnewsinworld.com\/hu\/felsooktatas-ezekre-az-osztondijakra-akkor-palyazhattok-ha-iden-kezditek-az-egyetemet\/"]}]},{"@type":"ImageObject","inLanguage":"hu","@id":"https:\/\/hotnewsinworld.com\/hu\/felsooktatas-ezekre-az-osztondijakra-akkor-palyazhattok-ha-iden-kezditek-az-egyetemet\/#primaryimage","url":"https:\/\/hotnewsinworld.com\/hu\/wp-content\/uploads\/sites\/3\/2019\/09\/Fels\u0151oktat\u00e1s-Ezekre-az-\u00f6szt\u00f6nd\u00edjakra-akkor-p\u00e1ly\u00e1zhattok-ha-id\u00e9n-kezditek-az.jpg","contentUrl":"https:\/\/hotnewsinworld.com\/hu\/wp-content\/uploads\/sites\/3\/2019\/09\/Fels\u0151oktat\u00e1s-Ezekre-az-\u00f6szt\u00f6nd\u00edjakra-akkor-p\u00e1ly\u00e1zhattok-ha-id\u00e9n-kezditek-az.jpg","width":560,"height":374,"caption":"Fels\u0151oktat\u00e1s: Ezekre az \u00f6szt\u00f6nd\u00edjakra akkor p\u00e1ly\u00e1zhattok, ha id\u00e9n kezditek az egyetemet"},{"@type":"BreadcrumbList","@id":"https:\/\/hotnewsinworld.com\/hu\/felsooktatas-ezekre-az-osztondijakra-akkor-palyazhattok-ha-iden-kezditek-az-egyetemet\/#breadcrumb","itemListElement":[{"@type":"ListItem","position":1,"name":"\u0413\u043b\u0430\u0432\u043d\u0430\u044f \u0441\u0442\u0440\u0430\u043d\u0438\u0446\u0430","item":"https:\/\/hotnewsinworld.com\/hu\/"},{"@type":"ListItem","position":2,"name":"Fels\u0151oktat\u00e1s: Ezekre az \u00f6szt\u00f6nd\u00edjakra akkor p\u00e1ly\u00e1zhattok, ha id\u00e9n kezditek az egyetemet"}]},{"@type":"WebSite","@id":"https:\/\/hotnewsinworld.com\/hu\/#website","url":"https:\/\/hotnewsinworld.com\/hu\/","name":"Hot News in World","description":"Hot News in World from Hungary","potentialAction":[{"@type":"SearchAction","target":{"@type":"EntryPoint","urlTemplate":"https:\/\/hotnewsinworld.com\/hu\/?s={search_term_string}"},"query-input":{"@type":"PropertyValueSpecification","valueRequired":true,"valueName":"search_term_string"}}],"inLanguage":"hu"},{"@type":"Person","@id":"https:\/\/hotnewsinworld.com\/hu\/#\/schema\/person\/fe61448b21c0d59086e75fcc1f9d8f6b","name":"hotnewsinworld","image":{"@type":"ImageObject","inLanguage":"hu","@id":"https:\/\/secure.gravatar.com\/avatar\/8a09ac165600ce2e1c38fe593c63928eb1e6e7ba5c5a907d67787c41b3d00c14?s=96&d=mm&r=g","url":"https:\/\/secure.gravatar.com\/avatar\/8a09ac165600ce2e1c38fe593c63928eb1e6e7ba5c5a907d67787c41b3d00c14?s=96&d=mm&r=g","contentUrl":"https:\/\/secure.gravatar.com\/avatar\/8a09ac165600ce2e1c38fe593c63928eb1e6e7ba5c5a907d67787c41b3d00c14?s=96&d=mm&r=g","caption":"hotnewsinworld"},"url":"https:\/\/hotnewsinworld.com\/hu\/author\/pt\/"}]}},"_links":{"self":[{"href":"https:\/\/hotnewsinworld.com\/hu\/wp-json\/wp\/v2\/posts\/1641","targetHints":{"allow":["GET"]}}],"collection":[{"href":"https:\/\/hotnewsinworld.com\/hu\/wp-json\/wp\/v2\/posts"}],"about":[{"href":"https:\/\/hotnewsinworld.com\/hu\/wp-json\/wp\/v2\/types\/post"}],"author":[{"embeddable":true,"href":"https:\/\/hotnewsinworld.com\/hu\/wp-json\/wp\/v2\/users\/2"}],"replies":[{"embeddable":true,"href":"https:\/\/hotnewsinworld.com\/hu\/wp-json\/wp\/v2\/comments?post=1641"}],"version-history":[{"count":1,"href":"https:\/\/hotnewsinworld.com\/hu\/wp-json\/wp\/v2\/posts\/1641\/revisions"}],"predecessor-version":[{"id":1643,"href":"https:\/\/hotnewsinworld.com\/hu\/wp-json\/wp\/v2\/posts\/1641\/revisions\/1643"}],"wp:featuredmedia":[{"embeddable":true,"href":"https:\/\/hotnewsinworld.com\/hu\/wp-json\/wp\/v2\/media\/1642"}],"wp:attachment":[{"href":"https:\/\/hotnewsinworld.com\/hu\/wp-json\/wp\/v2\/media?parent=1641"}],"wp:term":[{"taxonomy":"category","embeddable":true,"href":"https:\/\/hotnewsinworld.com\/hu\/wp-json\/wp\/v2\/categories?post=1641"},{"taxonomy":"post_tag","embeddable":true,"href":"https:\/\/hotnewsinworld.com\/hu\/wp-json\/wp\/v2\/tags?post=1641"}],"curies":[{"name":"wp","href":"https:\/\/api.w.org\/{rel}","templated":true}]}}