{"id":1647,"date":"2019-09-05T11:51:24","date_gmt":"2019-09-05T08:51:24","guid":{"rendered":"https:\/\/hotnewsinworld.com\/hu\/illusztris-tarsasagot-vitt-a-varba-orban-viktor-ki-is-posztolta\/"},"modified":"2019-09-05T11:51:25","modified_gmt":"2019-09-05T08:51:25","slug":"illusztris-tarsasagot-vitt-a-varba-orban-viktor-ki-is-posztolta","status":"publish","type":"post","link":"https:\/\/hotnewsinworld.com\/hu\/illusztris-tarsasagot-vitt-a-varba-orban-viktor-ki-is-posztolta\/","title":{"rendered":"Illusztris t\u00e1rsas\u00e1got vitt a V\u00e1rba Orb\u00e1n Viktor, ki is posztolta"},"content":{"rendered":"<p> [ad_1]<br \/>\n<\/p>\n<div>\n<p>Orb\u00e1n Viktor minisztereln\u00f6k &#8211; mint arr\u00f3l az Infostart is besz\u00e1molt &#8211; Aleksandar Vucic szerb k\u00f6zt\u00e1rsas\u00e1gi eln\u00f6k, Andrej Babis cseh korm\u00e1nyf\u0151 \u00e9s Peter Pellegrini szlov\u00e1k minisztereln\u00f6k t\u00e1rsas\u00e1g\u00e1ban t\u00f6lt\u00f6tte a szerda est\u00e9t, nevezettek el\u0151ad\u00f3k\u00e9nt szerepelnek a III. Budapesti Demogr\u00e1fiai Cs\u00facson, amelyet cs\u00fct\u00f6rt\u00f6k\u00f6n \u00e9s p\u00e9nteken a V\u00e1rkert Baz\u00e1rban rendeznek meg tud\u00f3sok, politikusok, egyh\u00e1zi k\u00e9pvisel\u0151k \u00e9s m\u00e1s k\u00f6zszerepl\u0151k r\u00e9szv\u00e9tel\u00e9vel.<\/p>\n<p>A munkavacsora idej\u00e9n k\u00e9sz\u00fclt felv\u00e9telr\u0151l a minisztereln\u00f6k egy Facebook-posztot is k\u00e9sz\u00edtett.<\/p>\n<p><iframe loading=\"lazy\" style=\"border: none; overflow: hidden;\" src=\"https:\/\/www.facebook.com\/plugins\/post.php?href=https%3A%2F%2Fwww.facebook.com%2Forbanviktor%2Fposts%2F10157355131321093&amp;width=500\" width=\"500\" height=\"429\" frameborder=\"0\" scrolling=\"no\"><\/iframe><\/p>\n<p>Nyit\u00f3k\u00e9p: Illy\u00e9s Tibor<\/p>\n<\/p><\/div>\n<p><script>\n(function(d, s, id) {\n\tvar js, fjs = d.getElementsByTagName(s)[0];\n\tif (d.getElementById(id)) return;\n\tjs = d.createElement(s); js.id = id;\n\tjs.src = \"http:\/\/connect.facebook.net\/hu_HU\/sdk.js#version=v2.0&xfbml=1&appId=\";\n\tfjs.parentNode.insertBefore(js, fjs);\n}(document, 'script', 'facebook-jssdk'));\n<\/script><br \/>\n<br \/>[ad_2]<br \/>\n<br \/><a href=\"https:\/\/hirek.oldal.info\/rssclick\/14371334\">Source link <\/a><\/p>\n","protected":false},"excerpt":{"rendered":"<p>[ad_1] Orb\u00e1n Viktor minisztereln\u00f6k &#8211; mint arr\u00f3l az Infostart is besz\u00e1molt &#8211; Aleksandar Vucic szerb k\u00f6zt\u00e1rsas\u00e1gi eln\u00f6k, Andrej Babis cseh korm\u00e1nyf\u0151 \u00e9s Peter Pellegrini szlov\u00e1k minisztereln\u00f6k t\u00e1rsas\u00e1g\u00e1ban t\u00f6lt\u00f6tte a szerda est\u00e9t, nevezettek el\u0151ad\u00f3k\u00e9nt szerepelnek a III. Budapesti Demogr\u00e1fiai Cs\u00facson, amelyet cs\u00fct\u00f6rt\u00f6k\u00f6n \u00e9s p\u00e9nteken a V\u00e1rkert Baz\u00e1rban rendeznek meg tud\u00f3sok, politikusok, egyh\u00e1zi k\u00e9pvisel\u0151k \u00e9s m\u00e1s k\u00f6zszerepl\u0151k [&hellip;]<\/p>\n","protected":false},"author":2,"featured_media":1648,"comment_status":"open","ping_status":"open","sticky":false,"template":"","format":"standard","meta":{"footnotes":""},"categories":[1],"tags":[],"class_list":["post-1647","post","type-post","status-publish","format-standard","has-post-thumbnail","hentry","category-legujabb-penzugyi-hirek"],"yoast_head":"<!-- This site is optimized with the Yoast SEO plugin v27.4 - https:\/\/yoast.com\/product\/yoast-seo-wordpress\/ -->\n<title>Illusztris t\u00e1rsas\u00e1got vitt a V\u00e1rba Orb\u00e1n Viktor, ki is posztolta - Hot News in World<\/title>\n<meta name=\"robots\" content=\"index, follow, max-snippet:-1, max-image-preview:large, max-video-preview:-1\" \/>\n<link rel=\"canonical\" href=\"https:\/\/hotnewsinworld.com\/hu\/illusztris-tarsasagot-vitt-a-varba-orban-viktor-ki-is-posztolta\/\" \/>\n<meta property=\"og:locale\" content=\"hu_HU\" \/>\n<meta property=\"og:type\" content=\"article\" \/>\n<meta property=\"og:title\" content=\"Illusztris t\u00e1rsas\u00e1got vitt a V\u00e1rba Orb\u00e1n Viktor, ki is posztolta - Hot News in World\" \/>\n<meta property=\"og:description\" content=\"[ad_1] Orb\u00e1n Viktor minisztereln\u00f6k &#8211; mint arr\u00f3l az Infostart is besz\u00e1molt &#8211; Aleksandar Vucic szerb k\u00f6zt\u00e1rsas\u00e1gi eln\u00f6k, Andrej Babis cseh korm\u00e1nyf\u0151 \u00e9s Peter Pellegrini szlov\u00e1k minisztereln\u00f6k t\u00e1rsas\u00e1g\u00e1ban t\u00f6lt\u00f6tte a szerda est\u00e9t, nevezettek el\u0151ad\u00f3k\u00e9nt szerepelnek a III. Budapesti Demogr\u00e1fiai Cs\u00facson, amelyet cs\u00fct\u00f6rt\u00f6k\u00f6n \u00e9s p\u00e9nteken a V\u00e1rkert Baz\u00e1rban rendeznek meg tud\u00f3sok, politikusok, egyh\u00e1zi k\u00e9pvisel\u0151k \u00e9s m\u00e1s k\u00f6zszerepl\u0151k [&hellip;]\" \/>\n<meta property=\"og:url\" content=\"https:\/\/hotnewsinworld.com\/hu\/illusztris-tarsasagot-vitt-a-varba-orban-viktor-ki-is-posztolta\/\" \/>\n<meta property=\"og:site_name\" content=\"Hot News in World\" \/>\n<meta property=\"article:published_time\" content=\"2019-09-05T08:51:24+00:00\" \/>\n<meta property=\"article:modified_time\" content=\"2019-09-05T08:51:25+00:00\" \/>\n<meta property=\"og:image\" content=\"https:\/\/hotnewsinworld.com\/hu\/wp-content\/uploads\/sites\/3\/2019\/09\/Illusztris-t\u00e1rsas\u00e1got-vitt-a-V\u00e1rba-Orb\u00e1n-Viktor-ki-is-posztolta.jpg\" \/>\n\t<meta property=\"og:image:width\" content=\"1140\" \/>\n\t<meta property=\"og:image:height\" content=\"641\" \/>\n\t<meta property=\"og:image:type\" content=\"image\/jpeg\" \/>\n<meta name=\"author\" content=\"hotnewsinworld\" \/>\n<meta name=\"twitter:card\" content=\"summary_large_image\" \/>\n<meta name=\"twitter:label1\" content=\"Szerz\u0151:\" \/>\n\t<meta name=\"twitter:data1\" content=\"hotnewsinworld\" \/>\n\t<meta name=\"twitter:label2\" content=\"Becs\u00fclt olvas\u00e1si id\u0151\" \/>\n\t<meta name=\"twitter:data2\" content=\"1 perc\" \/>\n<script type=\"application\/ld+json\" class=\"yoast-schema-graph\">{\"@context\":\"https:\\\/\\\/schema.org\",\"@graph\":[{\"@type\":\"Article\",\"@id\":\"https:\\\/\\\/hotnewsinworld.com\\\/hu\\\/illusztris-tarsasagot-vitt-a-varba-orban-viktor-ki-is-posztolta\\\/#article\",\"isPartOf\":{\"@id\":\"https:\\\/\\\/hotnewsinworld.com\\\/hu\\\/illusztris-tarsasagot-vitt-a-varba-orban-viktor-ki-is-posztolta\\\/\"},\"author\":{\"name\":\"hotnewsinworld\",\"@id\":\"https:\\\/\\\/hotnewsinworld.com\\\/hu\\\/#\\\/schema\\\/person\\\/fe61448b21c0d59086e75fcc1f9d8f6b\"},\"headline\":\"Illusztris t\u00e1rsas\u00e1got vitt a V\u00e1rba Orb\u00e1n Viktor, ki is posztolta\",\"datePublished\":\"2019-09-05T08:51:24+00:00\",\"dateModified\":\"2019-09-05T08:51:25+00:00\",\"mainEntityOfPage\":{\"@id\":\"https:\\\/\\\/hotnewsinworld.com\\\/hu\\\/illusztris-tarsasagot-vitt-a-varba-orban-viktor-ki-is-posztolta\\\/\"},\"wordCount\":137,\"commentCount\":0,\"image\":{\"@id\":\"https:\\\/\\\/hotnewsinworld.com\\\/hu\\\/illusztris-tarsasagot-vitt-a-varba-orban-viktor-ki-is-posztolta\\\/#primaryimage\"},\"thumbnailUrl\":\"https:\\\/\\\/hotnewsinworld.com\\\/hu\\\/wp-content\\\/uploads\\\/sites\\\/3\\\/2019\\\/09\\\/Illusztris-t\u00e1rsas\u00e1got-vitt-a-V\u00e1rba-Orb\u00e1n-Viktor-ki-is-posztolta.jpg\",\"articleSection\":[\"LEG\u00daJABB P\u00c9NZ\u00dcGYI H\u00cdREK\"],\"inLanguage\":\"hu\",\"potentialAction\":[{\"@type\":\"CommentAction\",\"name\":\"Comment\",\"target\":[\"https:\\\/\\\/hotnewsinworld.com\\\/hu\\\/illusztris-tarsasagot-vitt-a-varba-orban-viktor-ki-is-posztolta\\\/#respond\"]}]},{\"@type\":\"WebPage\",\"@id\":\"https:\\\/\\\/hotnewsinworld.com\\\/hu\\\/illusztris-tarsasagot-vitt-a-varba-orban-viktor-ki-is-posztolta\\\/\",\"url\":\"https:\\\/\\\/hotnewsinworld.com\\\/hu\\\/illusztris-tarsasagot-vitt-a-varba-orban-viktor-ki-is-posztolta\\\/\",\"name\":\"Illusztris t\u00e1rsas\u00e1got vitt a V\u00e1rba Orb\u00e1n Viktor, ki is posztolta - Hot News in World\",\"isPartOf\":{\"@id\":\"https:\\\/\\\/hotnewsinworld.com\\\/hu\\\/#website\"},\"primaryImageOfPage\":{\"@id\":\"https:\\\/\\\/hotnewsinworld.com\\\/hu\\\/illusztris-tarsasagot-vitt-a-varba-orban-viktor-ki-is-posztolta\\\/#primaryimage\"},\"image\":{\"@id\":\"https:\\\/\\\/hotnewsinworld.com\\\/hu\\\/illusztris-tarsasagot-vitt-a-varba-orban-viktor-ki-is-posztolta\\\/#primaryimage\"},\"thumbnailUrl\":\"https:\\\/\\\/hotnewsinworld.com\\\/hu\\\/wp-content\\\/uploads\\\/sites\\\/3\\\/2019\\\/09\\\/Illusztris-t\u00e1rsas\u00e1got-vitt-a-V\u00e1rba-Orb\u00e1n-Viktor-ki-is-posztolta.jpg\",\"datePublished\":\"2019-09-05T08:51:24+00:00\",\"dateModified\":\"2019-09-05T08:51:25+00:00\",\"author\":{\"@id\":\"https:\\\/\\\/hotnewsinworld.com\\\/hu\\\/#\\\/schema\\\/person\\\/fe61448b21c0d59086e75fcc1f9d8f6b\"},\"breadcrumb\":{\"@id\":\"https:\\\/\\\/hotnewsinworld.com\\\/hu\\\/illusztris-tarsasagot-vitt-a-varba-orban-viktor-ki-is-posztolta\\\/#breadcrumb\"},\"inLanguage\":\"hu\",\"potentialAction\":[{\"@type\":\"ReadAction\",\"target\":[\"https:\\\/\\\/hotnewsinworld.com\\\/hu\\\/illusztris-tarsasagot-vitt-a-varba-orban-viktor-ki-is-posztolta\\\/\"]}]},{\"@type\":\"ImageObject\",\"inLanguage\":\"hu\",\"@id\":\"https:\\\/\\\/hotnewsinworld.com\\\/hu\\\/illusztris-tarsasagot-vitt-a-varba-orban-viktor-ki-is-posztolta\\\/#primaryimage\",\"url\":\"https:\\\/\\\/hotnewsinworld.com\\\/hu\\\/wp-content\\\/uploads\\\/sites\\\/3\\\/2019\\\/09\\\/Illusztris-t\u00e1rsas\u00e1got-vitt-a-V\u00e1rba-Orb\u00e1n-Viktor-ki-is-posztolta.jpg\",\"contentUrl\":\"https:\\\/\\\/hotnewsinworld.com\\\/hu\\\/wp-content\\\/uploads\\\/sites\\\/3\\\/2019\\\/09\\\/Illusztris-t\u00e1rsas\u00e1got-vitt-a-V\u00e1rba-Orb\u00e1n-Viktor-ki-is-posztolta.jpg\",\"width\":1140,\"height\":641,\"caption\":\"Illusztris t\u00e1rsas\u00e1got vitt a V\u00e1rba Orb\u00e1n Viktor, ki is posztolta\"},{\"@type\":\"BreadcrumbList\",\"@id\":\"https:\\\/\\\/hotnewsinworld.com\\\/hu\\\/illusztris-tarsasagot-vitt-a-varba-orban-viktor-ki-is-posztolta\\\/#breadcrumb\",\"itemListElement\":[{\"@type\":\"ListItem\",\"position\":1,\"name\":\"\u0413\u043b\u0430\u0432\u043d\u0430\u044f \u0441\u0442\u0440\u0430\u043d\u0438\u0446\u0430\",\"item\":\"https:\\\/\\\/hotnewsinworld.com\\\/hu\\\/\"},{\"@type\":\"ListItem\",\"position\":2,\"name\":\"Illusztris t\u00e1rsas\u00e1got vitt a V\u00e1rba Orb\u00e1n Viktor, ki is posztolta\"}]},{\"@type\":\"WebSite\",\"@id\":\"https:\\\/\\\/hotnewsinworld.com\\\/hu\\\/#website\",\"url\":\"https:\\\/\\\/hotnewsinworld.com\\\/hu\\\/\",\"name\":\"Hot News in World\",\"description\":\"Hot News in World from Hungary\",\"potentialAction\":[{\"@type\":\"SearchAction\",\"target\":{\"@type\":\"EntryPoint\",\"urlTemplate\":\"https:\\\/\\\/hotnewsinworld.com\\\/hu\\\/?s={search_term_string}\"},\"query-input\":{\"@type\":\"PropertyValueSpecification\",\"valueRequired\":true,\"valueName\":\"search_term_string\"}}],\"inLanguage\":\"hu\"},{\"@type\":\"Person\",\"@id\":\"https:\\\/\\\/hotnewsinworld.com\\\/hu\\\/#\\\/schema\\\/person\\\/fe61448b21c0d59086e75fcc1f9d8f6b\",\"name\":\"hotnewsinworld\",\"image\":{\"@type\":\"ImageObject\",\"inLanguage\":\"hu\",\"@id\":\"https:\\\/\\\/secure.gravatar.com\\\/avatar\\\/8a09ac165600ce2e1c38fe593c63928eb1e6e7ba5c5a907d67787c41b3d00c14?s=96&d=mm&r=g\",\"url\":\"https:\\\/\\\/secure.gravatar.com\\\/avatar\\\/8a09ac165600ce2e1c38fe593c63928eb1e6e7ba5c5a907d67787c41b3d00c14?s=96&d=mm&r=g\",\"contentUrl\":\"https:\\\/\\\/secure.gravatar.com\\\/avatar\\\/8a09ac165600ce2e1c38fe593c63928eb1e6e7ba5c5a907d67787c41b3d00c14?s=96&d=mm&r=g\",\"caption\":\"hotnewsinworld\"},\"url\":\"https:\\\/\\\/hotnewsinworld.com\\\/hu\\\/author\\\/pt\\\/\"}]}<\/script>\n<!-- \/ Yoast SEO plugin. -->","yoast_head_json":{"title":"Illusztris t\u00e1rsas\u00e1got vitt a V\u00e1rba Orb\u00e1n Viktor, ki is posztolta - Hot News in World","robots":{"index":"index","follow":"follow","max-snippet":"max-snippet:-1","max-image-preview":"max-image-preview:large","max-video-preview":"max-video-preview:-1"},"canonical":"https:\/\/hotnewsinworld.com\/hu\/illusztris-tarsasagot-vitt-a-varba-orban-viktor-ki-is-posztolta\/","og_locale":"hu_HU","og_type":"article","og_title":"Illusztris t\u00e1rsas\u00e1got vitt a V\u00e1rba Orb\u00e1n Viktor, ki is posztolta - Hot News in World","og_description":"[ad_1] Orb\u00e1n Viktor minisztereln\u00f6k &#8211; mint arr\u00f3l az Infostart is besz\u00e1molt &#8211; Aleksandar Vucic szerb k\u00f6zt\u00e1rsas\u00e1gi eln\u00f6k, Andrej Babis cseh korm\u00e1nyf\u0151 \u00e9s Peter Pellegrini szlov\u00e1k minisztereln\u00f6k t\u00e1rsas\u00e1g\u00e1ban t\u00f6lt\u00f6tte a szerda est\u00e9t, nevezettek el\u0151ad\u00f3k\u00e9nt szerepelnek a III. Budapesti Demogr\u00e1fiai Cs\u00facson, amelyet cs\u00fct\u00f6rt\u00f6k\u00f6n \u00e9s p\u00e9nteken a V\u00e1rkert Baz\u00e1rban rendeznek meg tud\u00f3sok, politikusok, egyh\u00e1zi k\u00e9pvisel\u0151k \u00e9s m\u00e1s k\u00f6zszerepl\u0151k [&hellip;]","og_url":"https:\/\/hotnewsinworld.com\/hu\/illusztris-tarsasagot-vitt-a-varba-orban-viktor-ki-is-posztolta\/","og_site_name":"Hot News in World","article_published_time":"2019-09-05T08:51:24+00:00","article_modified_time":"2019-09-05T08:51:25+00:00","og_image":[{"width":1140,"height":641,"url":"https:\/\/hotnewsinworld.com\/hu\/wp-content\/uploads\/sites\/3\/2019\/09\/Illusztris-t\u00e1rsas\u00e1got-vitt-a-V\u00e1rba-Orb\u00e1n-Viktor-ki-is-posztolta.jpg","type":"image\/jpeg"}],"author":"hotnewsinworld","twitter_card":"summary_large_image","twitter_misc":{"Szerz\u0151:":"hotnewsinworld","Becs\u00fclt olvas\u00e1si id\u0151":"1 perc"},"schema":{"@context":"https:\/\/schema.org","@graph":[{"@type":"Article","@id":"https:\/\/hotnewsinworld.com\/hu\/illusztris-tarsasagot-vitt-a-varba-orban-viktor-ki-is-posztolta\/#article","isPartOf":{"@id":"https:\/\/hotnewsinworld.com\/hu\/illusztris-tarsasagot-vitt-a-varba-orban-viktor-ki-is-posztolta\/"},"author":{"name":"hotnewsinworld","@id":"https:\/\/hotnewsinworld.com\/hu\/#\/schema\/person\/fe61448b21c0d59086e75fcc1f9d8f6b"},"headline":"Illusztris t\u00e1rsas\u00e1got vitt a V\u00e1rba Orb\u00e1n Viktor, ki is posztolta","datePublished":"2019-09-05T08:51:24+00:00","dateModified":"2019-09-05T08:51:25+00:00","mainEntityOfPage":{"@id":"https:\/\/hotnewsinworld.com\/hu\/illusztris-tarsasagot-vitt-a-varba-orban-viktor-ki-is-posztolta\/"},"wordCount":137,"commentCount":0,"image":{"@id":"https:\/\/hotnewsinworld.com\/hu\/illusztris-tarsasagot-vitt-a-varba-orban-viktor-ki-is-posztolta\/#primaryimage"},"thumbnailUrl":"https:\/\/hotnewsinworld.com\/hu\/wp-content\/uploads\/sites\/3\/2019\/09\/Illusztris-t\u00e1rsas\u00e1got-vitt-a-V\u00e1rba-Orb\u00e1n-Viktor-ki-is-posztolta.jpg","articleSection":["LEG\u00daJABB P\u00c9NZ\u00dcGYI H\u00cdREK"],"inLanguage":"hu","potentialAction":[{"@type":"CommentAction","name":"Comment","target":["https:\/\/hotnewsinworld.com\/hu\/illusztris-tarsasagot-vitt-a-varba-orban-viktor-ki-is-posztolta\/#respond"]}]},{"@type":"WebPage","@id":"https:\/\/hotnewsinworld.com\/hu\/illusztris-tarsasagot-vitt-a-varba-orban-viktor-ki-is-posztolta\/","url":"https:\/\/hotnewsinworld.com\/hu\/illusztris-tarsasagot-vitt-a-varba-orban-viktor-ki-is-posztolta\/","name":"Illusztris t\u00e1rsas\u00e1got vitt a V\u00e1rba Orb\u00e1n Viktor, ki is posztolta - Hot News in World","isPartOf":{"@id":"https:\/\/hotnewsinworld.com\/hu\/#website"},"primaryImageOfPage":{"@id":"https:\/\/hotnewsinworld.com\/hu\/illusztris-tarsasagot-vitt-a-varba-orban-viktor-ki-is-posztolta\/#primaryimage"},"image":{"@id":"https:\/\/hotnewsinworld.com\/hu\/illusztris-tarsasagot-vitt-a-varba-orban-viktor-ki-is-posztolta\/#primaryimage"},"thumbnailUrl":"https:\/\/hotnewsinworld.com\/hu\/wp-content\/uploads\/sites\/3\/2019\/09\/Illusztris-t\u00e1rsas\u00e1got-vitt-a-V\u00e1rba-Orb\u00e1n-Viktor-ki-is-posztolta.jpg","datePublished":"2019-09-05T08:51:24+00:00","dateModified":"2019-09-05T08:51:25+00:00","author":{"@id":"https:\/\/hotnewsinworld.com\/hu\/#\/schema\/person\/fe61448b21c0d59086e75fcc1f9d8f6b"},"breadcrumb":{"@id":"https:\/\/hotnewsinworld.com\/hu\/illusztris-tarsasagot-vitt-a-varba-orban-viktor-ki-is-posztolta\/#breadcrumb"},"inLanguage":"hu","potentialAction":[{"@type":"ReadAction","target":["https:\/\/hotnewsinworld.com\/hu\/illusztris-tarsasagot-vitt-a-varba-orban-viktor-ki-is-posztolta\/"]}]},{"@type":"ImageObject","inLanguage":"hu","@id":"https:\/\/hotnewsinworld.com\/hu\/illusztris-tarsasagot-vitt-a-varba-orban-viktor-ki-is-posztolta\/#primaryimage","url":"https:\/\/hotnewsinworld.com\/hu\/wp-content\/uploads\/sites\/3\/2019\/09\/Illusztris-t\u00e1rsas\u00e1got-vitt-a-V\u00e1rba-Orb\u00e1n-Viktor-ki-is-posztolta.jpg","contentUrl":"https:\/\/hotnewsinworld.com\/hu\/wp-content\/uploads\/sites\/3\/2019\/09\/Illusztris-t\u00e1rsas\u00e1got-vitt-a-V\u00e1rba-Orb\u00e1n-Viktor-ki-is-posztolta.jpg","width":1140,"height":641,"caption":"Illusztris t\u00e1rsas\u00e1got vitt a V\u00e1rba Orb\u00e1n Viktor, ki is posztolta"},{"@type":"BreadcrumbList","@id":"https:\/\/hotnewsinworld.com\/hu\/illusztris-tarsasagot-vitt-a-varba-orban-viktor-ki-is-posztolta\/#breadcrumb","itemListElement":[{"@type":"ListItem","position":1,"name":"\u0413\u043b\u0430\u0432\u043d\u0430\u044f \u0441\u0442\u0440\u0430\u043d\u0438\u0446\u0430","item":"https:\/\/hotnewsinworld.com\/hu\/"},{"@type":"ListItem","position":2,"name":"Illusztris t\u00e1rsas\u00e1got vitt a V\u00e1rba Orb\u00e1n Viktor, ki is posztolta"}]},{"@type":"WebSite","@id":"https:\/\/hotnewsinworld.com\/hu\/#website","url":"https:\/\/hotnewsinworld.com\/hu\/","name":"Hot News in World","description":"Hot News in World from Hungary","potentialAction":[{"@type":"SearchAction","target":{"@type":"EntryPoint","urlTemplate":"https:\/\/hotnewsinworld.com\/hu\/?s={search_term_string}"},"query-input":{"@type":"PropertyValueSpecification","valueRequired":true,"valueName":"search_term_string"}}],"inLanguage":"hu"},{"@type":"Person","@id":"https:\/\/hotnewsinworld.com\/hu\/#\/schema\/person\/fe61448b21c0d59086e75fcc1f9d8f6b","name":"hotnewsinworld","image":{"@type":"ImageObject","inLanguage":"hu","@id":"https:\/\/secure.gravatar.com\/avatar\/8a09ac165600ce2e1c38fe593c63928eb1e6e7ba5c5a907d67787c41b3d00c14?s=96&d=mm&r=g","url":"https:\/\/secure.gravatar.com\/avatar\/8a09ac165600ce2e1c38fe593c63928eb1e6e7ba5c5a907d67787c41b3d00c14?s=96&d=mm&r=g","contentUrl":"https:\/\/secure.gravatar.com\/avatar\/8a09ac165600ce2e1c38fe593c63928eb1e6e7ba5c5a907d67787c41b3d00c14?s=96&d=mm&r=g","caption":"hotnewsinworld"},"url":"https:\/\/hotnewsinworld.com\/hu\/author\/pt\/"}]}},"_links":{"self":[{"href":"https:\/\/hotnewsinworld.com\/hu\/wp-json\/wp\/v2\/posts\/1647","targetHints":{"allow":["GET"]}}],"collection":[{"href":"https:\/\/hotnewsinworld.com\/hu\/wp-json\/wp\/v2\/posts"}],"about":[{"href":"https:\/\/hotnewsinworld.com\/hu\/wp-json\/wp\/v2\/types\/post"}],"author":[{"embeddable":true,"href":"https:\/\/hotnewsinworld.com\/hu\/wp-json\/wp\/v2\/users\/2"}],"replies":[{"embeddable":true,"href":"https:\/\/hotnewsinworld.com\/hu\/wp-json\/wp\/v2\/comments?post=1647"}],"version-history":[{"count":1,"href":"https:\/\/hotnewsinworld.com\/hu\/wp-json\/wp\/v2\/posts\/1647\/revisions"}],"predecessor-version":[{"id":1649,"href":"https:\/\/hotnewsinworld.com\/hu\/wp-json\/wp\/v2\/posts\/1647\/revisions\/1649"}],"wp:featuredmedia":[{"embeddable":true,"href":"https:\/\/hotnewsinworld.com\/hu\/wp-json\/wp\/v2\/media\/1648"}],"wp:attachment":[{"href":"https:\/\/hotnewsinworld.com\/hu\/wp-json\/wp\/v2\/media?parent=1647"}],"wp:term":[{"taxonomy":"category","embeddable":true,"href":"https:\/\/hotnewsinworld.com\/hu\/wp-json\/wp\/v2\/categories?post=1647"},{"taxonomy":"post_tag","embeddable":true,"href":"https:\/\/hotnewsinworld.com\/hu\/wp-json\/wp\/v2\/tags?post=1647"}],"curies":[{"name":"wp","href":"https:\/\/api.w.org\/{rel}","templated":true}]}}