{"id":1653,"date":"2019-09-05T14:35:29","date_gmt":"2019-09-05T11:35:29","guid":{"rendered":"https:\/\/hotnewsinworld.com\/hu\/beszolt-a-szomszed-a-parkolas-miatt-az-epp-ujraeleszto-mentosoknek\/"},"modified":"2019-09-05T14:35:30","modified_gmt":"2019-09-05T11:35:30","slug":"beszolt-a-szomszed-a-parkolas-miatt-az-epp-ujraeleszto-mentosoknek","status":"publish","type":"post","link":"https:\/\/hotnewsinworld.com\/hu\/beszolt-a-szomszed-a-parkolas-miatt-az-epp-ujraeleszto-mentosoknek\/","title":{"rendered":"Besz\u00f3lt a szomsz\u00e9d a parkol\u00e1s miatt az \u00e9pp \u00fajra\u00e9leszt\u0151 ment\u0151s\u00f6knek"},"content":{"rendered":"<p> [ad_1]<br \/>\n<\/p>\n<div>\n\t\t\t\t\t\t\t\t\t\t\t\t<!-- CTS - roadblock010 --><\/p>\n<p><em>\u201eSzerencs\u00e9tlen ment\u0151orvosnak nem oda kellett volna be\u00e1llnia? (\u2026) Tudom, hogy \u00e9leteket ment, de akkor is odatehetn\u00e9 mag\u00e1t.\u201d<\/em> \u2013 Az \u00fcgy azzal robbant ki, hogy szerda este egy m\u00e9ltatlankod\u00f3 lak\u00f3 felt\u00f6lt\u00f6tt egy vide\u00f3t, amiben szerepelnek az id\u00e9zett mondatok is. A val\u00f3sz\u00edn\u0171leg a parkol\u00e1s miatt m\u00e9ltatlankod\u00f3 lak\u00f3 azzal nem sz\u00e1molt, hogy a felv\u00e9tele eljut a szerinte szab\u00e1lytalanul parkol\u00f3 ment\u0151s\u00f6kh\u00f6z.<\/p>\n<p><em>\u201eVal\u00f3ban igaz, hogy t\u00f6bb mint 50 percen kereszt\u00fcl voltunk a helysz\u00ednen, hiszen k\u00fczd\u00f6tt\u00fcnk egy f\u00e9rfi \u00e9let\u00e9\u00e9rt. De amikor meg\u00e9rkezt\u00fcnk, akkor az a parkol\u00f3 m\u00e9g nem volt szabad\u201d<\/em> \u2013 reag\u00e1lt p\u00e1r \u00f3r\u00e1val k\u00e9s\u0151bb egy m\u00e1sik felv\u00e9telen Vass J\u00f3zsef, a ment\u0151aut\u00f3 vezet\u0151je az Orsz\u00e1gos Ment\u0151szolg\u00e1lat Facebook-oldal\u00e1ra felker\u00fclt vide\u00f3j\u00e1ban.<\/p>\n<p>Az OM posztj\u00e1ban hozz\u00e1teszi, szerint\u00fck munkat\u00e1rsuk minden el\u0151\u00edr\u00e1st betartva parkolt az udvaron, 3 m\u00e9ter t\u00e1vols\u00e1got hagyott a ment\u0151 m\u00f6g\u00f6tt egy \u00fajra\u00e9leszt\u00e9s helysz\u00edn\u00e9n.<\/p>\n<p><iframe loading=\"lazy\" src=\"https:\/\/www.facebook.com\/plugins\/video.php?href=https%3A%2F%2Fwww.facebook.com%2Forszagosmentok%2Fvideos%2F2388700384552778%2F&amp;show_text=0&amp;width=272\" width=\"272\" height=\"476\" style=\"border:none;overflow:hidden\" scrolling=\"no\" frameborder=\"0\" allowtransparency=\"true\" allowfullscreen=\"true\"><\/iframe><\/p>\n<\/p><\/div>\n<p><script>\n\t\t\twindow.fbAsyncInit = function() {\n\t\t\t\tFB.init({\n\t\t\t\t\tappId            : '512868502061383',\n\t\t\t\t\tautoLogAppEvents : true,\n\t\t\t\t\txfbml            : true,\n\t\t\t\t\tversion          : 'v3.2'\n\t\t\t\t});\n\t\t\t};<\/p>\n<p>\t\t\t(function(d, s, id){\n\t\t\t\tvar js, fjs = d.getElementsByTagName(s)[0];\n\t\t\t\tif (d.getElementById(id)) {return;}\n\t\t\t\tjs = d.createElement(s); js.id = id;\n\t\t\t\tjs.src = \"https:\/\/connect.facebook.net\/hu_HU\/sdk.js\";\n\t\t\t\tfjs.parentNode.insertBefore(js, fjs);\n\t\t\t}(document, 'script', 'facebook-jssdk'));\n\t\t<\/script><br \/>\n<br \/>[ad_2]<br \/>\n<br \/><a href=\"https:\/\/hirek.oldal.info\/rssclick\/14371982\">Source link <\/a><\/p>\n","protected":false},"excerpt":{"rendered":"<p>[ad_1] \u201eSzerencs\u00e9tlen ment\u0151orvosnak nem oda kellett volna be\u00e1llnia? (\u2026) Tudom, hogy \u00e9leteket ment, de akkor is odatehetn\u00e9 mag\u00e1t.\u201d \u2013 Az \u00fcgy azzal robbant ki, hogy szerda este egy m\u00e9ltatlankod\u00f3 lak\u00f3 felt\u00f6lt\u00f6tt egy vide\u00f3t, amiben szerepelnek az id\u00e9zett mondatok is. A val\u00f3sz\u00edn\u0171leg a parkol\u00e1s miatt m\u00e9ltatlankod\u00f3 lak\u00f3 azzal nem sz\u00e1molt, hogy a felv\u00e9tele eljut a szerinte [&hellip;]<\/p>\n","protected":false},"author":2,"featured_media":1654,"comment_status":"open","ping_status":"open","sticky":false,"template":"","format":"standard","meta":{"footnotes":""},"categories":[1],"tags":[],"class_list":["post-1653","post","type-post","status-publish","format-standard","has-post-thumbnail","hentry","category-legujabb-penzugyi-hirek"],"yoast_head":"<!-- This site is optimized with the Yoast SEO plugin v27.4 - https:\/\/yoast.com\/product\/yoast-seo-wordpress\/ -->\n<title>Besz\u00f3lt a szomsz\u00e9d a parkol\u00e1s miatt az \u00e9pp \u00fajra\u00e9leszt\u0151 ment\u0151s\u00f6knek - Hot News in World<\/title>\n<meta name=\"robots\" content=\"index, follow, max-snippet:-1, max-image-preview:large, max-video-preview:-1\" \/>\n<link rel=\"canonical\" href=\"https:\/\/hotnewsinworld.com\/hu\/beszolt-a-szomszed-a-parkolas-miatt-az-epp-ujraeleszto-mentosoknek\/\" \/>\n<meta property=\"og:locale\" content=\"hu_HU\" \/>\n<meta property=\"og:type\" content=\"article\" \/>\n<meta property=\"og:title\" content=\"Besz\u00f3lt a szomsz\u00e9d a parkol\u00e1s miatt az \u00e9pp \u00fajra\u00e9leszt\u0151 ment\u0151s\u00f6knek - Hot News in World\" \/>\n<meta property=\"og:description\" content=\"[ad_1] \u201eSzerencs\u00e9tlen ment\u0151orvosnak nem oda kellett volna be\u00e1llnia? (\u2026) Tudom, hogy \u00e9leteket ment, de akkor is odatehetn\u00e9 mag\u00e1t.\u201d \u2013 Az \u00fcgy azzal robbant ki, hogy szerda este egy m\u00e9ltatlankod\u00f3 lak\u00f3 felt\u00f6lt\u00f6tt egy vide\u00f3t, amiben szerepelnek az id\u00e9zett mondatok is. A val\u00f3sz\u00edn\u0171leg a parkol\u00e1s miatt m\u00e9ltatlankod\u00f3 lak\u00f3 azzal nem sz\u00e1molt, hogy a felv\u00e9tele eljut a szerinte [&hellip;]\" \/>\n<meta property=\"og:url\" content=\"https:\/\/hotnewsinworld.com\/hu\/beszolt-a-szomszed-a-parkolas-miatt-az-epp-ujraeleszto-mentosoknek\/\" \/>\n<meta property=\"og:site_name\" content=\"Hot News in World\" \/>\n<meta property=\"article:published_time\" content=\"2019-09-05T11:35:29+00:00\" \/>\n<meta property=\"article:modified_time\" content=\"2019-09-05T11:35:30+00:00\" \/>\n<meta property=\"og:image\" content=\"https:\/\/hotnewsinworld.com\/hu\/wp-content\/uploads\/sites\/3\/2019\/09\/Besz\u00f3lt-a-szomsz\u00e9d-a-parkol\u00e1s-miatt-az-\u00e9pp-\u00fajra\u00e9leszt\u0151-ment\u0151s\u00f6knek.jpg\" \/>\n\t<meta property=\"og:image:width\" content=\"1024\" \/>\n\t<meta property=\"og:image:height\" content=\"576\" \/>\n\t<meta property=\"og:image:type\" content=\"image\/jpeg\" \/>\n<meta name=\"author\" content=\"hotnewsinworld\" \/>\n<meta name=\"twitter:card\" content=\"summary_large_image\" \/>\n<meta name=\"twitter:label1\" content=\"Szerz\u0151:\" \/>\n\t<meta name=\"twitter:data1\" content=\"hotnewsinworld\" \/>\n\t<meta name=\"twitter:label2\" content=\"Becs\u00fclt olvas\u00e1si id\u0151\" \/>\n\t<meta name=\"twitter:data2\" content=\"1 perc\" \/>\n<script type=\"application\/ld+json\" class=\"yoast-schema-graph\">{\"@context\":\"https:\\\/\\\/schema.org\",\"@graph\":[{\"@type\":\"Article\",\"@id\":\"https:\\\/\\\/hotnewsinworld.com\\\/hu\\\/beszolt-a-szomszed-a-parkolas-miatt-az-epp-ujraeleszto-mentosoknek\\\/#article\",\"isPartOf\":{\"@id\":\"https:\\\/\\\/hotnewsinworld.com\\\/hu\\\/beszolt-a-szomszed-a-parkolas-miatt-az-epp-ujraeleszto-mentosoknek\\\/\"},\"author\":{\"name\":\"hotnewsinworld\",\"@id\":\"https:\\\/\\\/hotnewsinworld.com\\\/hu\\\/#\\\/schema\\\/person\\\/fe61448b21c0d59086e75fcc1f9d8f6b\"},\"headline\":\"Besz\u00f3lt a szomsz\u00e9d a parkol\u00e1s miatt az \u00e9pp \u00fajra\u00e9leszt\u0151 ment\u0151s\u00f6knek\",\"datePublished\":\"2019-09-05T11:35:29+00:00\",\"dateModified\":\"2019-09-05T11:35:30+00:00\",\"mainEntityOfPage\":{\"@id\":\"https:\\\/\\\/hotnewsinworld.com\\\/hu\\\/beszolt-a-szomszed-a-parkolas-miatt-az-epp-ujraeleszto-mentosoknek\\\/\"},\"wordCount\":204,\"commentCount\":0,\"image\":{\"@id\":\"https:\\\/\\\/hotnewsinworld.com\\\/hu\\\/beszolt-a-szomszed-a-parkolas-miatt-az-epp-ujraeleszto-mentosoknek\\\/#primaryimage\"},\"thumbnailUrl\":\"https:\\\/\\\/hotnewsinworld.com\\\/hu\\\/wp-content\\\/uploads\\\/sites\\\/3\\\/2019\\\/09\\\/Besz\u00f3lt-a-szomsz\u00e9d-a-parkol\u00e1s-miatt-az-\u00e9pp-\u00fajra\u00e9leszt\u0151-ment\u0151s\u00f6knek.jpg\",\"articleSection\":[\"LEG\u00daJABB P\u00c9NZ\u00dcGYI H\u00cdREK\"],\"inLanguage\":\"hu\",\"potentialAction\":[{\"@type\":\"CommentAction\",\"name\":\"Comment\",\"target\":[\"https:\\\/\\\/hotnewsinworld.com\\\/hu\\\/beszolt-a-szomszed-a-parkolas-miatt-az-epp-ujraeleszto-mentosoknek\\\/#respond\"]}]},{\"@type\":\"WebPage\",\"@id\":\"https:\\\/\\\/hotnewsinworld.com\\\/hu\\\/beszolt-a-szomszed-a-parkolas-miatt-az-epp-ujraeleszto-mentosoknek\\\/\",\"url\":\"https:\\\/\\\/hotnewsinworld.com\\\/hu\\\/beszolt-a-szomszed-a-parkolas-miatt-az-epp-ujraeleszto-mentosoknek\\\/\",\"name\":\"Besz\u00f3lt a szomsz\u00e9d a parkol\u00e1s miatt az \u00e9pp \u00fajra\u00e9leszt\u0151 ment\u0151s\u00f6knek - Hot News in World\",\"isPartOf\":{\"@id\":\"https:\\\/\\\/hotnewsinworld.com\\\/hu\\\/#website\"},\"primaryImageOfPage\":{\"@id\":\"https:\\\/\\\/hotnewsinworld.com\\\/hu\\\/beszolt-a-szomszed-a-parkolas-miatt-az-epp-ujraeleszto-mentosoknek\\\/#primaryimage\"},\"image\":{\"@id\":\"https:\\\/\\\/hotnewsinworld.com\\\/hu\\\/beszolt-a-szomszed-a-parkolas-miatt-az-epp-ujraeleszto-mentosoknek\\\/#primaryimage\"},\"thumbnailUrl\":\"https:\\\/\\\/hotnewsinworld.com\\\/hu\\\/wp-content\\\/uploads\\\/sites\\\/3\\\/2019\\\/09\\\/Besz\u00f3lt-a-szomsz\u00e9d-a-parkol\u00e1s-miatt-az-\u00e9pp-\u00fajra\u00e9leszt\u0151-ment\u0151s\u00f6knek.jpg\",\"datePublished\":\"2019-09-05T11:35:29+00:00\",\"dateModified\":\"2019-09-05T11:35:30+00:00\",\"author\":{\"@id\":\"https:\\\/\\\/hotnewsinworld.com\\\/hu\\\/#\\\/schema\\\/person\\\/fe61448b21c0d59086e75fcc1f9d8f6b\"},\"breadcrumb\":{\"@id\":\"https:\\\/\\\/hotnewsinworld.com\\\/hu\\\/beszolt-a-szomszed-a-parkolas-miatt-az-epp-ujraeleszto-mentosoknek\\\/#breadcrumb\"},\"inLanguage\":\"hu\",\"potentialAction\":[{\"@type\":\"ReadAction\",\"target\":[\"https:\\\/\\\/hotnewsinworld.com\\\/hu\\\/beszolt-a-szomszed-a-parkolas-miatt-az-epp-ujraeleszto-mentosoknek\\\/\"]}]},{\"@type\":\"ImageObject\",\"inLanguage\":\"hu\",\"@id\":\"https:\\\/\\\/hotnewsinworld.com\\\/hu\\\/beszolt-a-szomszed-a-parkolas-miatt-az-epp-ujraeleszto-mentosoknek\\\/#primaryimage\",\"url\":\"https:\\\/\\\/hotnewsinworld.com\\\/hu\\\/wp-content\\\/uploads\\\/sites\\\/3\\\/2019\\\/09\\\/Besz\u00f3lt-a-szomsz\u00e9d-a-parkol\u00e1s-miatt-az-\u00e9pp-\u00fajra\u00e9leszt\u0151-ment\u0151s\u00f6knek.jpg\",\"contentUrl\":\"https:\\\/\\\/hotnewsinworld.com\\\/hu\\\/wp-content\\\/uploads\\\/sites\\\/3\\\/2019\\\/09\\\/Besz\u00f3lt-a-szomsz\u00e9d-a-parkol\u00e1s-miatt-az-\u00e9pp-\u00fajra\u00e9leszt\u0151-ment\u0151s\u00f6knek.jpg\",\"width\":1024,\"height\":576,\"caption\":\"Besz\u00f3lt a szomsz\u00e9d a parkol\u00e1s miatt az \u00e9pp \u00fajra\u00e9leszt\u0151 ment\u0151s\u00f6knek\"},{\"@type\":\"BreadcrumbList\",\"@id\":\"https:\\\/\\\/hotnewsinworld.com\\\/hu\\\/beszolt-a-szomszed-a-parkolas-miatt-az-epp-ujraeleszto-mentosoknek\\\/#breadcrumb\",\"itemListElement\":[{\"@type\":\"ListItem\",\"position\":1,\"name\":\"\u0413\u043b\u0430\u0432\u043d\u0430\u044f \u0441\u0442\u0440\u0430\u043d\u0438\u0446\u0430\",\"item\":\"https:\\\/\\\/hotnewsinworld.com\\\/hu\\\/\"},{\"@type\":\"ListItem\",\"position\":2,\"name\":\"Besz\u00f3lt a szomsz\u00e9d a parkol\u00e1s miatt az \u00e9pp \u00fajra\u00e9leszt\u0151 ment\u0151s\u00f6knek\"}]},{\"@type\":\"WebSite\",\"@id\":\"https:\\\/\\\/hotnewsinworld.com\\\/hu\\\/#website\",\"url\":\"https:\\\/\\\/hotnewsinworld.com\\\/hu\\\/\",\"name\":\"Hot News in World\",\"description\":\"Hot News in World from Hungary\",\"potentialAction\":[{\"@type\":\"SearchAction\",\"target\":{\"@type\":\"EntryPoint\",\"urlTemplate\":\"https:\\\/\\\/hotnewsinworld.com\\\/hu\\\/?s={search_term_string}\"},\"query-input\":{\"@type\":\"PropertyValueSpecification\",\"valueRequired\":true,\"valueName\":\"search_term_string\"}}],\"inLanguage\":\"hu\"},{\"@type\":\"Person\",\"@id\":\"https:\\\/\\\/hotnewsinworld.com\\\/hu\\\/#\\\/schema\\\/person\\\/fe61448b21c0d59086e75fcc1f9d8f6b\",\"name\":\"hotnewsinworld\",\"image\":{\"@type\":\"ImageObject\",\"inLanguage\":\"hu\",\"@id\":\"https:\\\/\\\/secure.gravatar.com\\\/avatar\\\/8a09ac165600ce2e1c38fe593c63928eb1e6e7ba5c5a907d67787c41b3d00c14?s=96&d=mm&r=g\",\"url\":\"https:\\\/\\\/secure.gravatar.com\\\/avatar\\\/8a09ac165600ce2e1c38fe593c63928eb1e6e7ba5c5a907d67787c41b3d00c14?s=96&d=mm&r=g\",\"contentUrl\":\"https:\\\/\\\/secure.gravatar.com\\\/avatar\\\/8a09ac165600ce2e1c38fe593c63928eb1e6e7ba5c5a907d67787c41b3d00c14?s=96&d=mm&r=g\",\"caption\":\"hotnewsinworld\"},\"url\":\"https:\\\/\\\/hotnewsinworld.com\\\/hu\\\/author\\\/pt\\\/\"}]}<\/script>\n<!-- \/ Yoast SEO plugin. -->","yoast_head_json":{"title":"Besz\u00f3lt a szomsz\u00e9d a parkol\u00e1s miatt az \u00e9pp \u00fajra\u00e9leszt\u0151 ment\u0151s\u00f6knek - Hot News in World","robots":{"index":"index","follow":"follow","max-snippet":"max-snippet:-1","max-image-preview":"max-image-preview:large","max-video-preview":"max-video-preview:-1"},"canonical":"https:\/\/hotnewsinworld.com\/hu\/beszolt-a-szomszed-a-parkolas-miatt-az-epp-ujraeleszto-mentosoknek\/","og_locale":"hu_HU","og_type":"article","og_title":"Besz\u00f3lt a szomsz\u00e9d a parkol\u00e1s miatt az \u00e9pp \u00fajra\u00e9leszt\u0151 ment\u0151s\u00f6knek - Hot News in World","og_description":"[ad_1] \u201eSzerencs\u00e9tlen ment\u0151orvosnak nem oda kellett volna be\u00e1llnia? (\u2026) Tudom, hogy \u00e9leteket ment, de akkor is odatehetn\u00e9 mag\u00e1t.\u201d \u2013 Az \u00fcgy azzal robbant ki, hogy szerda este egy m\u00e9ltatlankod\u00f3 lak\u00f3 felt\u00f6lt\u00f6tt egy vide\u00f3t, amiben szerepelnek az id\u00e9zett mondatok is. A val\u00f3sz\u00edn\u0171leg a parkol\u00e1s miatt m\u00e9ltatlankod\u00f3 lak\u00f3 azzal nem sz\u00e1molt, hogy a felv\u00e9tele eljut a szerinte [&hellip;]","og_url":"https:\/\/hotnewsinworld.com\/hu\/beszolt-a-szomszed-a-parkolas-miatt-az-epp-ujraeleszto-mentosoknek\/","og_site_name":"Hot News in World","article_published_time":"2019-09-05T11:35:29+00:00","article_modified_time":"2019-09-05T11:35:30+00:00","og_image":[{"width":1024,"height":576,"url":"https:\/\/hotnewsinworld.com\/hu\/wp-content\/uploads\/sites\/3\/2019\/09\/Besz\u00f3lt-a-szomsz\u00e9d-a-parkol\u00e1s-miatt-az-\u00e9pp-\u00fajra\u00e9leszt\u0151-ment\u0151s\u00f6knek.jpg","type":"image\/jpeg"}],"author":"hotnewsinworld","twitter_card":"summary_large_image","twitter_misc":{"Szerz\u0151:":"hotnewsinworld","Becs\u00fclt olvas\u00e1si id\u0151":"1 perc"},"schema":{"@context":"https:\/\/schema.org","@graph":[{"@type":"Article","@id":"https:\/\/hotnewsinworld.com\/hu\/beszolt-a-szomszed-a-parkolas-miatt-az-epp-ujraeleszto-mentosoknek\/#article","isPartOf":{"@id":"https:\/\/hotnewsinworld.com\/hu\/beszolt-a-szomszed-a-parkolas-miatt-az-epp-ujraeleszto-mentosoknek\/"},"author":{"name":"hotnewsinworld","@id":"https:\/\/hotnewsinworld.com\/hu\/#\/schema\/person\/fe61448b21c0d59086e75fcc1f9d8f6b"},"headline":"Besz\u00f3lt a szomsz\u00e9d a parkol\u00e1s miatt az \u00e9pp \u00fajra\u00e9leszt\u0151 ment\u0151s\u00f6knek","datePublished":"2019-09-05T11:35:29+00:00","dateModified":"2019-09-05T11:35:30+00:00","mainEntityOfPage":{"@id":"https:\/\/hotnewsinworld.com\/hu\/beszolt-a-szomszed-a-parkolas-miatt-az-epp-ujraeleszto-mentosoknek\/"},"wordCount":204,"commentCount":0,"image":{"@id":"https:\/\/hotnewsinworld.com\/hu\/beszolt-a-szomszed-a-parkolas-miatt-az-epp-ujraeleszto-mentosoknek\/#primaryimage"},"thumbnailUrl":"https:\/\/hotnewsinworld.com\/hu\/wp-content\/uploads\/sites\/3\/2019\/09\/Besz\u00f3lt-a-szomsz\u00e9d-a-parkol\u00e1s-miatt-az-\u00e9pp-\u00fajra\u00e9leszt\u0151-ment\u0151s\u00f6knek.jpg","articleSection":["LEG\u00daJABB P\u00c9NZ\u00dcGYI H\u00cdREK"],"inLanguage":"hu","potentialAction":[{"@type":"CommentAction","name":"Comment","target":["https:\/\/hotnewsinworld.com\/hu\/beszolt-a-szomszed-a-parkolas-miatt-az-epp-ujraeleszto-mentosoknek\/#respond"]}]},{"@type":"WebPage","@id":"https:\/\/hotnewsinworld.com\/hu\/beszolt-a-szomszed-a-parkolas-miatt-az-epp-ujraeleszto-mentosoknek\/","url":"https:\/\/hotnewsinworld.com\/hu\/beszolt-a-szomszed-a-parkolas-miatt-az-epp-ujraeleszto-mentosoknek\/","name":"Besz\u00f3lt a szomsz\u00e9d a parkol\u00e1s miatt az \u00e9pp \u00fajra\u00e9leszt\u0151 ment\u0151s\u00f6knek - Hot News in World","isPartOf":{"@id":"https:\/\/hotnewsinworld.com\/hu\/#website"},"primaryImageOfPage":{"@id":"https:\/\/hotnewsinworld.com\/hu\/beszolt-a-szomszed-a-parkolas-miatt-az-epp-ujraeleszto-mentosoknek\/#primaryimage"},"image":{"@id":"https:\/\/hotnewsinworld.com\/hu\/beszolt-a-szomszed-a-parkolas-miatt-az-epp-ujraeleszto-mentosoknek\/#primaryimage"},"thumbnailUrl":"https:\/\/hotnewsinworld.com\/hu\/wp-content\/uploads\/sites\/3\/2019\/09\/Besz\u00f3lt-a-szomsz\u00e9d-a-parkol\u00e1s-miatt-az-\u00e9pp-\u00fajra\u00e9leszt\u0151-ment\u0151s\u00f6knek.jpg","datePublished":"2019-09-05T11:35:29+00:00","dateModified":"2019-09-05T11:35:30+00:00","author":{"@id":"https:\/\/hotnewsinworld.com\/hu\/#\/schema\/person\/fe61448b21c0d59086e75fcc1f9d8f6b"},"breadcrumb":{"@id":"https:\/\/hotnewsinworld.com\/hu\/beszolt-a-szomszed-a-parkolas-miatt-az-epp-ujraeleszto-mentosoknek\/#breadcrumb"},"inLanguage":"hu","potentialAction":[{"@type":"ReadAction","target":["https:\/\/hotnewsinworld.com\/hu\/beszolt-a-szomszed-a-parkolas-miatt-az-epp-ujraeleszto-mentosoknek\/"]}]},{"@type":"ImageObject","inLanguage":"hu","@id":"https:\/\/hotnewsinworld.com\/hu\/beszolt-a-szomszed-a-parkolas-miatt-az-epp-ujraeleszto-mentosoknek\/#primaryimage","url":"https:\/\/hotnewsinworld.com\/hu\/wp-content\/uploads\/sites\/3\/2019\/09\/Besz\u00f3lt-a-szomsz\u00e9d-a-parkol\u00e1s-miatt-az-\u00e9pp-\u00fajra\u00e9leszt\u0151-ment\u0151s\u00f6knek.jpg","contentUrl":"https:\/\/hotnewsinworld.com\/hu\/wp-content\/uploads\/sites\/3\/2019\/09\/Besz\u00f3lt-a-szomsz\u00e9d-a-parkol\u00e1s-miatt-az-\u00e9pp-\u00fajra\u00e9leszt\u0151-ment\u0151s\u00f6knek.jpg","width":1024,"height":576,"caption":"Besz\u00f3lt a szomsz\u00e9d a parkol\u00e1s miatt az \u00e9pp \u00fajra\u00e9leszt\u0151 ment\u0151s\u00f6knek"},{"@type":"BreadcrumbList","@id":"https:\/\/hotnewsinworld.com\/hu\/beszolt-a-szomszed-a-parkolas-miatt-az-epp-ujraeleszto-mentosoknek\/#breadcrumb","itemListElement":[{"@type":"ListItem","position":1,"name":"\u0413\u043b\u0430\u0432\u043d\u0430\u044f \u0441\u0442\u0440\u0430\u043d\u0438\u0446\u0430","item":"https:\/\/hotnewsinworld.com\/hu\/"},{"@type":"ListItem","position":2,"name":"Besz\u00f3lt a szomsz\u00e9d a parkol\u00e1s miatt az \u00e9pp \u00fajra\u00e9leszt\u0151 ment\u0151s\u00f6knek"}]},{"@type":"WebSite","@id":"https:\/\/hotnewsinworld.com\/hu\/#website","url":"https:\/\/hotnewsinworld.com\/hu\/","name":"Hot News in World","description":"Hot News in World from Hungary","potentialAction":[{"@type":"SearchAction","target":{"@type":"EntryPoint","urlTemplate":"https:\/\/hotnewsinworld.com\/hu\/?s={search_term_string}"},"query-input":{"@type":"PropertyValueSpecification","valueRequired":true,"valueName":"search_term_string"}}],"inLanguage":"hu"},{"@type":"Person","@id":"https:\/\/hotnewsinworld.com\/hu\/#\/schema\/person\/fe61448b21c0d59086e75fcc1f9d8f6b","name":"hotnewsinworld","image":{"@type":"ImageObject","inLanguage":"hu","@id":"https:\/\/secure.gravatar.com\/avatar\/8a09ac165600ce2e1c38fe593c63928eb1e6e7ba5c5a907d67787c41b3d00c14?s=96&d=mm&r=g","url":"https:\/\/secure.gravatar.com\/avatar\/8a09ac165600ce2e1c38fe593c63928eb1e6e7ba5c5a907d67787c41b3d00c14?s=96&d=mm&r=g","contentUrl":"https:\/\/secure.gravatar.com\/avatar\/8a09ac165600ce2e1c38fe593c63928eb1e6e7ba5c5a907d67787c41b3d00c14?s=96&d=mm&r=g","caption":"hotnewsinworld"},"url":"https:\/\/hotnewsinworld.com\/hu\/author\/pt\/"}]}},"_links":{"self":[{"href":"https:\/\/hotnewsinworld.com\/hu\/wp-json\/wp\/v2\/posts\/1653","targetHints":{"allow":["GET"]}}],"collection":[{"href":"https:\/\/hotnewsinworld.com\/hu\/wp-json\/wp\/v2\/posts"}],"about":[{"href":"https:\/\/hotnewsinworld.com\/hu\/wp-json\/wp\/v2\/types\/post"}],"author":[{"embeddable":true,"href":"https:\/\/hotnewsinworld.com\/hu\/wp-json\/wp\/v2\/users\/2"}],"replies":[{"embeddable":true,"href":"https:\/\/hotnewsinworld.com\/hu\/wp-json\/wp\/v2\/comments?post=1653"}],"version-history":[{"count":1,"href":"https:\/\/hotnewsinworld.com\/hu\/wp-json\/wp\/v2\/posts\/1653\/revisions"}],"predecessor-version":[{"id":1655,"href":"https:\/\/hotnewsinworld.com\/hu\/wp-json\/wp\/v2\/posts\/1653\/revisions\/1655"}],"wp:featuredmedia":[{"embeddable":true,"href":"https:\/\/hotnewsinworld.com\/hu\/wp-json\/wp\/v2\/media\/1654"}],"wp:attachment":[{"href":"https:\/\/hotnewsinworld.com\/hu\/wp-json\/wp\/v2\/media?parent=1653"}],"wp:term":[{"taxonomy":"category","embeddable":true,"href":"https:\/\/hotnewsinworld.com\/hu\/wp-json\/wp\/v2\/categories?post=1653"},{"taxonomy":"post_tag","embeddable":true,"href":"https:\/\/hotnewsinworld.com\/hu\/wp-json\/wp\/v2\/tags?post=1653"}],"curies":[{"name":"wp","href":"https:\/\/api.w.org\/{rel}","templated":true}]}}