{"id":1656,"date":"2019-09-05T16:19:52","date_gmt":"2019-09-05T13:19:52","guid":{"rendered":"https:\/\/hotnewsinworld.com\/hu\/sara-botond-szemelyesen-megmondta-piko-andrasnak-hogy-nem-all-ki-vele-a-polgarmester-jelolti-vitara\/"},"modified":"2019-09-05T16:19:53","modified_gmt":"2019-09-05T13:19:53","slug":"sara-botond-szemelyesen-megmondta-piko-andrasnak-hogy-nem-all-ki-vele-a-polgarmester-jelolti-vitara","status":"publish","type":"post","link":"https:\/\/hotnewsinworld.com\/hu\/sara-botond-szemelyesen-megmondta-piko-andrasnak-hogy-nem-all-ki-vele-a-polgarmester-jelolti-vitara\/","title":{"rendered":"S\u00e1ra Botond szem\u00e9lyesen megmondta Pik\u00f3 Andr\u00e1snak, hogy nem \u00e1ll ki vele a polg\u00e1rmester-jel\u00f6lti vit\u00e1ra"},"content":{"rendered":"<p> [ad_1]<br \/>\n<\/p>\n<div id=\"article-holder\">\n<div class=\"article-header\">\n<p>\n                    2019. szeptember 5. 15:11  &#8211; <span>szerz\u0151:<\/span> 168 \u00d3ra                <\/p>\n<\/p><\/div>\n<div class=\"adv-holder\">\n                <!-- iBILLBOARD Ad Server one2many Position: go.eu.bbelements.com 168ora_2016(24172) \/ cikkoldalak(3) \/ cikkoldalak_lead_alatt_640x360(5) \/ horizontal(2)--><br \/>\n    <!-- HowTo: Place this code into the html page where the ad should appear. --><\/p>\n<div id=\"bmone2n-24172.3.5.2\">\n    <noscript><\/p>\n<div style=\"display:inline\"><\/div>\n<p><\/noscript>\n    <\/div>\n<\/p><\/div>\n<div id=\"article-content\">\n<p>Szerda este Pik\u00f3 Andr\u00e1s\u00a0VIII. ker\u00fcleti ellenz\u00e9ki polg\u00e1rmesterjel\u00f6lt rendhagy\u00f3 v\u00e1rosi s\u00e9t\u00e1t tartott Kar\u00e1csony Gergely f\u0151polg\u00e1rmester-jel\u00f6lttel a J\u00f3zsefv\u00e1rosban. A s\u00e9ta alatt belebotlottak a ker\u00fclet jelenlegi fideszes polg\u00e1rmester\u00e9be, S\u00e1ra Botondba, aki \u00e9ppen a k\u00f6rny\u00e9ken kamp\u00e1nyolt. Pik\u00f3 megk\u00e9rdezte S\u00e1r\u00e1t, hogy ki\u00e1llna-e vele egy\u00a0<strong>nyilv\u00e1nos vit\u00e1ra<\/strong> az \u00f6nkorm\u00e1nyzati v\u00e1laszt\u00e1sok el\u0151tt, de a fideszes politikus hat\u00e1rozottan visszautas\u00edtotta a javaslatot \u2013\u00a0sz\u00e1mol be r\u00f3la a M\u00e9rce.<\/p>\n<p>S\u00e1ra Botond kijelentette, hogy szerinte nincs mir\u0151l vit\u00e1zni.<\/p>\n<blockquote class=\"red\">\n<p>\u2013 \u00c9n k\u00e9pviselek valamit, tudom, mit akarok, felt\u00e9telezem \u00d6n is, \u00e9s majd eld\u00f6ntik a v\u00e1laszt\u00f3k<\/p>\n<\/blockquote>\n<p>\u2013 tette hozz\u00e1.<\/p>\n<div class=\"cikkblock\" align=\"center\">\n<p>\n    <iframe loading=\"lazy\" width=\"560\" height=\"315\" src=\"https:\/\/www.youtube.com\/embed\/guZa3wUCZBI\" frameborder=\"0\" allow=\"accelerometer; autoplay; encrypted-media; gyroscope; picture-in-picture\" allowfullscreen=\"\"><\/iframe><\/p>\n<\/div>\n<p>Kar\u00e1csony Gergely megjegyezte, hogy a vita tartalmasabb tud lenni akkor, ha a felek egym\u00e1ssal is megvitatj\u00e1k az \u00e1ll\u00e1spontjaikat, \u00e9s nem k\u00e9t p\u00e1rhuzamos val\u00f3s\u00e1gban l\u00e9teznek. Erre a fideszes polg\u00e1rmester megism\u00e9telte, hogy l\u00e9tezik k\u00e9t program, amir\u0151l majd okt\u00f3ber 13-\u00e1n d\u00f6nt\u00e9st hoznak a v\u00e1laszt\u00f3k. K\u00f6z\u00f6lte, hogy\u00a0\u0151 a fejl\u0151d\u00e9st, rendet, biztons\u00e1got k\u00edn\u00e1lja, m\u00edg Pik\u00f3 \u00farn\u00e1l meg m\u00e9g nem alakult ki pontosan S\u00e1ra sz\u00e1m\u00e1ra, hogy mit is akar. Kar\u00e1csony Gergely erre azt felelte, hogy S\u00e1ra Botond elolvashatta volna <strong>Pik\u00f3 Andr\u00e1s programj\u00e1t<\/strong>.<\/p>\n<p>S\u00e1ra Botond egy \u00e9ve J\u00f3zsefv\u00e1ros polg\u00e1rmestere, miut\u00e1n 2018 j\u00falius\u00e1ban megnyerte az id\u0151k\u00f6zi polg\u00e1rmester-v\u00e1laszt\u00e1st. Pik\u00f3 Andr\u00e1s a civilek \u00e9s a Jobbik kiv\u00e9tel\u00e9vel az ellenz\u00e9ki p\u00e1rtok t\u00e1mogat\u00e1s\u00e1val indul a VIII. ker\u00fcletben.<\/p>\n<p>\u00a0<\/p>\n<\/p><\/div>\n<\/p><\/div>\n<p><script>(function(d, s, id) {\n                var js, fjs = d.getElementsByTagName(s)[0];\n                if (d.getElementById(id)) return;\n                js = d.createElement(s); js.id = id;\n                js.src = \"http:\/\/connect.facebook.net\/hu_HU\/sdk.js#xfbml=1&version=v2.10&appId=508836559497521\";\n                fjs.parentNode.insertBefore(js, fjs);\n                }(document, 'script', 'facebook-jssdk'));<\/script><br \/>\n<br \/>[ad_2]<br \/>\n<br \/><a href=\"https:\/\/hirek.oldal.info\/rssclick\/14372328\">Source link <\/a><\/p>\n","protected":false},"excerpt":{"rendered":"<p>[ad_1] 2019. szeptember 5. 15:11 &#8211; szerz\u0151: 168 \u00d3ra Szerda este Pik\u00f3 Andr\u00e1s\u00a0VIII. ker\u00fcleti ellenz\u00e9ki polg\u00e1rmesterjel\u00f6lt rendhagy\u00f3 v\u00e1rosi s\u00e9t\u00e1t tartott Kar\u00e1csony Gergely f\u0151polg\u00e1rmester-jel\u00f6lttel a J\u00f3zsefv\u00e1rosban. A s\u00e9ta alatt belebotlottak a ker\u00fclet jelenlegi fideszes polg\u00e1rmester\u00e9be, S\u00e1ra Botondba, aki \u00e9ppen a k\u00f6rny\u00e9ken kamp\u00e1nyolt. Pik\u00f3 megk\u00e9rdezte S\u00e1r\u00e1t, hogy ki\u00e1llna-e vele egy\u00a0nyilv\u00e1nos vit\u00e1ra az \u00f6nkorm\u00e1nyzati v\u00e1laszt\u00e1sok el\u0151tt, de a [&hellip;]<\/p>\n","protected":false},"author":2,"featured_media":1657,"comment_status":"open","ping_status":"open","sticky":false,"template":"","format":"standard","meta":{"footnotes":""},"categories":[1],"tags":[],"class_list":["post-1656","post","type-post","status-publish","format-standard","has-post-thumbnail","hentry","category-legujabb-penzugyi-hirek"],"yoast_head":"<!-- This site is optimized with the Yoast SEO plugin v27.4 - https:\/\/yoast.com\/product\/yoast-seo-wordpress\/ -->\n<title>S\u00e1ra Botond szem\u00e9lyesen megmondta Pik\u00f3 Andr\u00e1snak, hogy nem \u00e1ll ki vele a polg\u00e1rmester-jel\u00f6lti vit\u00e1ra - Hot News in World<\/title>\n<meta name=\"robots\" content=\"index, follow, max-snippet:-1, max-image-preview:large, max-video-preview:-1\" \/>\n<link rel=\"canonical\" href=\"https:\/\/hotnewsinworld.com\/hu\/sara-botond-szemelyesen-megmondta-piko-andrasnak-hogy-nem-all-ki-vele-a-polgarmester-jelolti-vitara\/\" \/>\n<meta property=\"og:locale\" content=\"hu_HU\" \/>\n<meta property=\"og:type\" content=\"article\" \/>\n<meta property=\"og:title\" content=\"S\u00e1ra Botond szem\u00e9lyesen megmondta Pik\u00f3 Andr\u00e1snak, hogy nem \u00e1ll ki vele a polg\u00e1rmester-jel\u00f6lti vit\u00e1ra - Hot News in World\" \/>\n<meta property=\"og:description\" content=\"[ad_1] 2019. szeptember 5. 15:11 &#8211; szerz\u0151: 168 \u00d3ra Szerda este Pik\u00f3 Andr\u00e1s\u00a0VIII. ker\u00fcleti ellenz\u00e9ki polg\u00e1rmesterjel\u00f6lt rendhagy\u00f3 v\u00e1rosi s\u00e9t\u00e1t tartott Kar\u00e1csony Gergely f\u0151polg\u00e1rmester-jel\u00f6lttel a J\u00f3zsefv\u00e1rosban. A s\u00e9ta alatt belebotlottak a ker\u00fclet jelenlegi fideszes polg\u00e1rmester\u00e9be, S\u00e1ra Botondba, aki \u00e9ppen a k\u00f6rny\u00e9ken kamp\u00e1nyolt. Pik\u00f3 megk\u00e9rdezte S\u00e1r\u00e1t, hogy ki\u00e1llna-e vele egy\u00a0nyilv\u00e1nos vit\u00e1ra az \u00f6nkorm\u00e1nyzati v\u00e1laszt\u00e1sok el\u0151tt, de a [&hellip;]\" \/>\n<meta property=\"og:url\" content=\"https:\/\/hotnewsinworld.com\/hu\/sara-botond-szemelyesen-megmondta-piko-andrasnak-hogy-nem-all-ki-vele-a-polgarmester-jelolti-vitara\/\" \/>\n<meta property=\"og:site_name\" content=\"Hot News in World\" \/>\n<meta property=\"article:published_time\" content=\"2019-09-05T13:19:52+00:00\" \/>\n<meta property=\"article:modified_time\" content=\"2019-09-05T13:19:53+00:00\" \/>\n<meta property=\"og:image\" content=\"https:\/\/hotnewsinworld.com\/hu\/wp-content\/uploads\/sites\/3\/2019\/09\/S\u00e1ra-Botond-szem\u00e9lyesen-megmondta-Pik\u00f3-Andr\u00e1snak-hogy-nem-\u00e1ll-ki.gif\" \/>\n\t<meta property=\"og:image:width\" content=\"1\" \/>\n\t<meta property=\"og:image:height\" content=\"1\" \/>\n\t<meta property=\"og:image:type\" content=\"image\/gif\" \/>\n<meta name=\"author\" content=\"hotnewsinworld\" \/>\n<meta name=\"twitter:card\" content=\"summary_large_image\" \/>\n<meta name=\"twitter:label1\" content=\"Szerz\u0151:\" \/>\n\t<meta name=\"twitter:data1\" content=\"hotnewsinworld\" \/>\n\t<meta name=\"twitter:label2\" content=\"Becs\u00fclt olvas\u00e1si id\u0151\" \/>\n\t<meta name=\"twitter:data2\" content=\"1 perc\" \/>\n<script type=\"application\/ld+json\" class=\"yoast-schema-graph\">{\"@context\":\"https:\\\/\\\/schema.org\",\"@graph\":[{\"@type\":\"Article\",\"@id\":\"https:\\\/\\\/hotnewsinworld.com\\\/hu\\\/sara-botond-szemelyesen-megmondta-piko-andrasnak-hogy-nem-all-ki-vele-a-polgarmester-jelolti-vitara\\\/#article\",\"isPartOf\":{\"@id\":\"https:\\\/\\\/hotnewsinworld.com\\\/hu\\\/sara-botond-szemelyesen-megmondta-piko-andrasnak-hogy-nem-all-ki-vele-a-polgarmester-jelolti-vitara\\\/\"},\"author\":{\"name\":\"hotnewsinworld\",\"@id\":\"https:\\\/\\\/hotnewsinworld.com\\\/hu\\\/#\\\/schema\\\/person\\\/fe61448b21c0d59086e75fcc1f9d8f6b\"},\"headline\":\"S\u00e1ra Botond szem\u00e9lyesen megmondta Pik\u00f3 Andr\u00e1snak, hogy nem \u00e1ll ki vele a polg\u00e1rmester-jel\u00f6lti vit\u00e1ra\",\"datePublished\":\"2019-09-05T13:19:52+00:00\",\"dateModified\":\"2019-09-05T13:19:53+00:00\",\"mainEntityOfPage\":{\"@id\":\"https:\\\/\\\/hotnewsinworld.com\\\/hu\\\/sara-botond-szemelyesen-megmondta-piko-andrasnak-hogy-nem-all-ki-vele-a-polgarmester-jelolti-vitara\\\/\"},\"wordCount\":318,\"commentCount\":0,\"image\":{\"@id\":\"https:\\\/\\\/hotnewsinworld.com\\\/hu\\\/sara-botond-szemelyesen-megmondta-piko-andrasnak-hogy-nem-all-ki-vele-a-polgarmester-jelolti-vitara\\\/#primaryimage\"},\"thumbnailUrl\":\"https:\\\/\\\/hotnewsinworld.com\\\/hu\\\/wp-content\\\/uploads\\\/sites\\\/3\\\/2019\\\/09\\\/S\u00e1ra-Botond-szem\u00e9lyesen-megmondta-Pik\u00f3-Andr\u00e1snak-hogy-nem-\u00e1ll-ki.gif\",\"articleSection\":[\"LEG\u00daJABB P\u00c9NZ\u00dcGYI H\u00cdREK\"],\"inLanguage\":\"hu\",\"potentialAction\":[{\"@type\":\"CommentAction\",\"name\":\"Comment\",\"target\":[\"https:\\\/\\\/hotnewsinworld.com\\\/hu\\\/sara-botond-szemelyesen-megmondta-piko-andrasnak-hogy-nem-all-ki-vele-a-polgarmester-jelolti-vitara\\\/#respond\"]}]},{\"@type\":\"WebPage\",\"@id\":\"https:\\\/\\\/hotnewsinworld.com\\\/hu\\\/sara-botond-szemelyesen-megmondta-piko-andrasnak-hogy-nem-all-ki-vele-a-polgarmester-jelolti-vitara\\\/\",\"url\":\"https:\\\/\\\/hotnewsinworld.com\\\/hu\\\/sara-botond-szemelyesen-megmondta-piko-andrasnak-hogy-nem-all-ki-vele-a-polgarmester-jelolti-vitara\\\/\",\"name\":\"S\u00e1ra Botond szem\u00e9lyesen megmondta Pik\u00f3 Andr\u00e1snak, hogy nem \u00e1ll ki vele a polg\u00e1rmester-jel\u00f6lti vit\u00e1ra - Hot News in World\",\"isPartOf\":{\"@id\":\"https:\\\/\\\/hotnewsinworld.com\\\/hu\\\/#website\"},\"primaryImageOfPage\":{\"@id\":\"https:\\\/\\\/hotnewsinworld.com\\\/hu\\\/sara-botond-szemelyesen-megmondta-piko-andrasnak-hogy-nem-all-ki-vele-a-polgarmester-jelolti-vitara\\\/#primaryimage\"},\"image\":{\"@id\":\"https:\\\/\\\/hotnewsinworld.com\\\/hu\\\/sara-botond-szemelyesen-megmondta-piko-andrasnak-hogy-nem-all-ki-vele-a-polgarmester-jelolti-vitara\\\/#primaryimage\"},\"thumbnailUrl\":\"https:\\\/\\\/hotnewsinworld.com\\\/hu\\\/wp-content\\\/uploads\\\/sites\\\/3\\\/2019\\\/09\\\/S\u00e1ra-Botond-szem\u00e9lyesen-megmondta-Pik\u00f3-Andr\u00e1snak-hogy-nem-\u00e1ll-ki.gif\",\"datePublished\":\"2019-09-05T13:19:52+00:00\",\"dateModified\":\"2019-09-05T13:19:53+00:00\",\"author\":{\"@id\":\"https:\\\/\\\/hotnewsinworld.com\\\/hu\\\/#\\\/schema\\\/person\\\/fe61448b21c0d59086e75fcc1f9d8f6b\"},\"breadcrumb\":{\"@id\":\"https:\\\/\\\/hotnewsinworld.com\\\/hu\\\/sara-botond-szemelyesen-megmondta-piko-andrasnak-hogy-nem-all-ki-vele-a-polgarmester-jelolti-vitara\\\/#breadcrumb\"},\"inLanguage\":\"hu\",\"potentialAction\":[{\"@type\":\"ReadAction\",\"target\":[\"https:\\\/\\\/hotnewsinworld.com\\\/hu\\\/sara-botond-szemelyesen-megmondta-piko-andrasnak-hogy-nem-all-ki-vele-a-polgarmester-jelolti-vitara\\\/\"]}]},{\"@type\":\"ImageObject\",\"inLanguage\":\"hu\",\"@id\":\"https:\\\/\\\/hotnewsinworld.com\\\/hu\\\/sara-botond-szemelyesen-megmondta-piko-andrasnak-hogy-nem-all-ki-vele-a-polgarmester-jelolti-vitara\\\/#primaryimage\",\"url\":\"https:\\\/\\\/hotnewsinworld.com\\\/hu\\\/wp-content\\\/uploads\\\/sites\\\/3\\\/2019\\\/09\\\/S\u00e1ra-Botond-szem\u00e9lyesen-megmondta-Pik\u00f3-Andr\u00e1snak-hogy-nem-\u00e1ll-ki.gif\",\"contentUrl\":\"https:\\\/\\\/hotnewsinworld.com\\\/hu\\\/wp-content\\\/uploads\\\/sites\\\/3\\\/2019\\\/09\\\/S\u00e1ra-Botond-szem\u00e9lyesen-megmondta-Pik\u00f3-Andr\u00e1snak-hogy-nem-\u00e1ll-ki.gif\",\"width\":1,\"height\":1,\"caption\":\"S\u00e1ra Botond szem\u00e9lyesen megmondta Pik\u00f3 Andr\u00e1snak, hogy nem \u00e1ll ki vele a polg\u00e1rmester-jel\u00f6lti vit\u00e1ra\"},{\"@type\":\"BreadcrumbList\",\"@id\":\"https:\\\/\\\/hotnewsinworld.com\\\/hu\\\/sara-botond-szemelyesen-megmondta-piko-andrasnak-hogy-nem-all-ki-vele-a-polgarmester-jelolti-vitara\\\/#breadcrumb\",\"itemListElement\":[{\"@type\":\"ListItem\",\"position\":1,\"name\":\"\u0413\u043b\u0430\u0432\u043d\u0430\u044f \u0441\u0442\u0440\u0430\u043d\u0438\u0446\u0430\",\"item\":\"https:\\\/\\\/hotnewsinworld.com\\\/hu\\\/\"},{\"@type\":\"ListItem\",\"position\":2,\"name\":\"S\u00e1ra Botond szem\u00e9lyesen megmondta Pik\u00f3 Andr\u00e1snak, hogy nem \u00e1ll ki vele a polg\u00e1rmester-jel\u00f6lti vit\u00e1ra\"}]},{\"@type\":\"WebSite\",\"@id\":\"https:\\\/\\\/hotnewsinworld.com\\\/hu\\\/#website\",\"url\":\"https:\\\/\\\/hotnewsinworld.com\\\/hu\\\/\",\"name\":\"Hot News in World\",\"description\":\"Hot News in World from Hungary\",\"potentialAction\":[{\"@type\":\"SearchAction\",\"target\":{\"@type\":\"EntryPoint\",\"urlTemplate\":\"https:\\\/\\\/hotnewsinworld.com\\\/hu\\\/?s={search_term_string}\"},\"query-input\":{\"@type\":\"PropertyValueSpecification\",\"valueRequired\":true,\"valueName\":\"search_term_string\"}}],\"inLanguage\":\"hu\"},{\"@type\":\"Person\",\"@id\":\"https:\\\/\\\/hotnewsinworld.com\\\/hu\\\/#\\\/schema\\\/person\\\/fe61448b21c0d59086e75fcc1f9d8f6b\",\"name\":\"hotnewsinworld\",\"image\":{\"@type\":\"ImageObject\",\"inLanguage\":\"hu\",\"@id\":\"https:\\\/\\\/secure.gravatar.com\\\/avatar\\\/8a09ac165600ce2e1c38fe593c63928eb1e6e7ba5c5a907d67787c41b3d00c14?s=96&d=mm&r=g\",\"url\":\"https:\\\/\\\/secure.gravatar.com\\\/avatar\\\/8a09ac165600ce2e1c38fe593c63928eb1e6e7ba5c5a907d67787c41b3d00c14?s=96&d=mm&r=g\",\"contentUrl\":\"https:\\\/\\\/secure.gravatar.com\\\/avatar\\\/8a09ac165600ce2e1c38fe593c63928eb1e6e7ba5c5a907d67787c41b3d00c14?s=96&d=mm&r=g\",\"caption\":\"hotnewsinworld\"},\"url\":\"https:\\\/\\\/hotnewsinworld.com\\\/hu\\\/author\\\/pt\\\/\"}]}<\/script>\n<!-- \/ Yoast SEO plugin. -->","yoast_head_json":{"title":"S\u00e1ra Botond szem\u00e9lyesen megmondta Pik\u00f3 Andr\u00e1snak, hogy nem \u00e1ll ki vele a polg\u00e1rmester-jel\u00f6lti vit\u00e1ra - Hot News in World","robots":{"index":"index","follow":"follow","max-snippet":"max-snippet:-1","max-image-preview":"max-image-preview:large","max-video-preview":"max-video-preview:-1"},"canonical":"https:\/\/hotnewsinworld.com\/hu\/sara-botond-szemelyesen-megmondta-piko-andrasnak-hogy-nem-all-ki-vele-a-polgarmester-jelolti-vitara\/","og_locale":"hu_HU","og_type":"article","og_title":"S\u00e1ra Botond szem\u00e9lyesen megmondta Pik\u00f3 Andr\u00e1snak, hogy nem \u00e1ll ki vele a polg\u00e1rmester-jel\u00f6lti vit\u00e1ra - Hot News in World","og_description":"[ad_1] 2019. szeptember 5. 15:11 &#8211; szerz\u0151: 168 \u00d3ra Szerda este Pik\u00f3 Andr\u00e1s\u00a0VIII. ker\u00fcleti ellenz\u00e9ki polg\u00e1rmesterjel\u00f6lt rendhagy\u00f3 v\u00e1rosi s\u00e9t\u00e1t tartott Kar\u00e1csony Gergely f\u0151polg\u00e1rmester-jel\u00f6lttel a J\u00f3zsefv\u00e1rosban. A s\u00e9ta alatt belebotlottak a ker\u00fclet jelenlegi fideszes polg\u00e1rmester\u00e9be, S\u00e1ra Botondba, aki \u00e9ppen a k\u00f6rny\u00e9ken kamp\u00e1nyolt. Pik\u00f3 megk\u00e9rdezte S\u00e1r\u00e1t, hogy ki\u00e1llna-e vele egy\u00a0nyilv\u00e1nos vit\u00e1ra az \u00f6nkorm\u00e1nyzati v\u00e1laszt\u00e1sok el\u0151tt, de a [&hellip;]","og_url":"https:\/\/hotnewsinworld.com\/hu\/sara-botond-szemelyesen-megmondta-piko-andrasnak-hogy-nem-all-ki-vele-a-polgarmester-jelolti-vitara\/","og_site_name":"Hot News in World","article_published_time":"2019-09-05T13:19:52+00:00","article_modified_time":"2019-09-05T13:19:53+00:00","og_image":[{"width":1,"height":1,"url":"https:\/\/hotnewsinworld.com\/hu\/wp-content\/uploads\/sites\/3\/2019\/09\/S\u00e1ra-Botond-szem\u00e9lyesen-megmondta-Pik\u00f3-Andr\u00e1snak-hogy-nem-\u00e1ll-ki.gif","type":"image\/gif"}],"author":"hotnewsinworld","twitter_card":"summary_large_image","twitter_misc":{"Szerz\u0151:":"hotnewsinworld","Becs\u00fclt olvas\u00e1si id\u0151":"1 perc"},"schema":{"@context":"https:\/\/schema.org","@graph":[{"@type":"Article","@id":"https:\/\/hotnewsinworld.com\/hu\/sara-botond-szemelyesen-megmondta-piko-andrasnak-hogy-nem-all-ki-vele-a-polgarmester-jelolti-vitara\/#article","isPartOf":{"@id":"https:\/\/hotnewsinworld.com\/hu\/sara-botond-szemelyesen-megmondta-piko-andrasnak-hogy-nem-all-ki-vele-a-polgarmester-jelolti-vitara\/"},"author":{"name":"hotnewsinworld","@id":"https:\/\/hotnewsinworld.com\/hu\/#\/schema\/person\/fe61448b21c0d59086e75fcc1f9d8f6b"},"headline":"S\u00e1ra Botond szem\u00e9lyesen megmondta Pik\u00f3 Andr\u00e1snak, hogy nem \u00e1ll ki vele a polg\u00e1rmester-jel\u00f6lti vit\u00e1ra","datePublished":"2019-09-05T13:19:52+00:00","dateModified":"2019-09-05T13:19:53+00:00","mainEntityOfPage":{"@id":"https:\/\/hotnewsinworld.com\/hu\/sara-botond-szemelyesen-megmondta-piko-andrasnak-hogy-nem-all-ki-vele-a-polgarmester-jelolti-vitara\/"},"wordCount":318,"commentCount":0,"image":{"@id":"https:\/\/hotnewsinworld.com\/hu\/sara-botond-szemelyesen-megmondta-piko-andrasnak-hogy-nem-all-ki-vele-a-polgarmester-jelolti-vitara\/#primaryimage"},"thumbnailUrl":"https:\/\/hotnewsinworld.com\/hu\/wp-content\/uploads\/sites\/3\/2019\/09\/S\u00e1ra-Botond-szem\u00e9lyesen-megmondta-Pik\u00f3-Andr\u00e1snak-hogy-nem-\u00e1ll-ki.gif","articleSection":["LEG\u00daJABB P\u00c9NZ\u00dcGYI H\u00cdREK"],"inLanguage":"hu","potentialAction":[{"@type":"CommentAction","name":"Comment","target":["https:\/\/hotnewsinworld.com\/hu\/sara-botond-szemelyesen-megmondta-piko-andrasnak-hogy-nem-all-ki-vele-a-polgarmester-jelolti-vitara\/#respond"]}]},{"@type":"WebPage","@id":"https:\/\/hotnewsinworld.com\/hu\/sara-botond-szemelyesen-megmondta-piko-andrasnak-hogy-nem-all-ki-vele-a-polgarmester-jelolti-vitara\/","url":"https:\/\/hotnewsinworld.com\/hu\/sara-botond-szemelyesen-megmondta-piko-andrasnak-hogy-nem-all-ki-vele-a-polgarmester-jelolti-vitara\/","name":"S\u00e1ra Botond szem\u00e9lyesen megmondta Pik\u00f3 Andr\u00e1snak, hogy nem \u00e1ll ki vele a polg\u00e1rmester-jel\u00f6lti vit\u00e1ra - Hot News in World","isPartOf":{"@id":"https:\/\/hotnewsinworld.com\/hu\/#website"},"primaryImageOfPage":{"@id":"https:\/\/hotnewsinworld.com\/hu\/sara-botond-szemelyesen-megmondta-piko-andrasnak-hogy-nem-all-ki-vele-a-polgarmester-jelolti-vitara\/#primaryimage"},"image":{"@id":"https:\/\/hotnewsinworld.com\/hu\/sara-botond-szemelyesen-megmondta-piko-andrasnak-hogy-nem-all-ki-vele-a-polgarmester-jelolti-vitara\/#primaryimage"},"thumbnailUrl":"https:\/\/hotnewsinworld.com\/hu\/wp-content\/uploads\/sites\/3\/2019\/09\/S\u00e1ra-Botond-szem\u00e9lyesen-megmondta-Pik\u00f3-Andr\u00e1snak-hogy-nem-\u00e1ll-ki.gif","datePublished":"2019-09-05T13:19:52+00:00","dateModified":"2019-09-05T13:19:53+00:00","author":{"@id":"https:\/\/hotnewsinworld.com\/hu\/#\/schema\/person\/fe61448b21c0d59086e75fcc1f9d8f6b"},"breadcrumb":{"@id":"https:\/\/hotnewsinworld.com\/hu\/sara-botond-szemelyesen-megmondta-piko-andrasnak-hogy-nem-all-ki-vele-a-polgarmester-jelolti-vitara\/#breadcrumb"},"inLanguage":"hu","potentialAction":[{"@type":"ReadAction","target":["https:\/\/hotnewsinworld.com\/hu\/sara-botond-szemelyesen-megmondta-piko-andrasnak-hogy-nem-all-ki-vele-a-polgarmester-jelolti-vitara\/"]}]},{"@type":"ImageObject","inLanguage":"hu","@id":"https:\/\/hotnewsinworld.com\/hu\/sara-botond-szemelyesen-megmondta-piko-andrasnak-hogy-nem-all-ki-vele-a-polgarmester-jelolti-vitara\/#primaryimage","url":"https:\/\/hotnewsinworld.com\/hu\/wp-content\/uploads\/sites\/3\/2019\/09\/S\u00e1ra-Botond-szem\u00e9lyesen-megmondta-Pik\u00f3-Andr\u00e1snak-hogy-nem-\u00e1ll-ki.gif","contentUrl":"https:\/\/hotnewsinworld.com\/hu\/wp-content\/uploads\/sites\/3\/2019\/09\/S\u00e1ra-Botond-szem\u00e9lyesen-megmondta-Pik\u00f3-Andr\u00e1snak-hogy-nem-\u00e1ll-ki.gif","width":1,"height":1,"caption":"S\u00e1ra Botond szem\u00e9lyesen megmondta Pik\u00f3 Andr\u00e1snak, hogy nem \u00e1ll ki vele a polg\u00e1rmester-jel\u00f6lti vit\u00e1ra"},{"@type":"BreadcrumbList","@id":"https:\/\/hotnewsinworld.com\/hu\/sara-botond-szemelyesen-megmondta-piko-andrasnak-hogy-nem-all-ki-vele-a-polgarmester-jelolti-vitara\/#breadcrumb","itemListElement":[{"@type":"ListItem","position":1,"name":"\u0413\u043b\u0430\u0432\u043d\u0430\u044f \u0441\u0442\u0440\u0430\u043d\u0438\u0446\u0430","item":"https:\/\/hotnewsinworld.com\/hu\/"},{"@type":"ListItem","position":2,"name":"S\u00e1ra Botond szem\u00e9lyesen megmondta Pik\u00f3 Andr\u00e1snak, hogy nem \u00e1ll ki vele a polg\u00e1rmester-jel\u00f6lti vit\u00e1ra"}]},{"@type":"WebSite","@id":"https:\/\/hotnewsinworld.com\/hu\/#website","url":"https:\/\/hotnewsinworld.com\/hu\/","name":"Hot News in World","description":"Hot News in World from Hungary","potentialAction":[{"@type":"SearchAction","target":{"@type":"EntryPoint","urlTemplate":"https:\/\/hotnewsinworld.com\/hu\/?s={search_term_string}"},"query-input":{"@type":"PropertyValueSpecification","valueRequired":true,"valueName":"search_term_string"}}],"inLanguage":"hu"},{"@type":"Person","@id":"https:\/\/hotnewsinworld.com\/hu\/#\/schema\/person\/fe61448b21c0d59086e75fcc1f9d8f6b","name":"hotnewsinworld","image":{"@type":"ImageObject","inLanguage":"hu","@id":"https:\/\/secure.gravatar.com\/avatar\/8a09ac165600ce2e1c38fe593c63928eb1e6e7ba5c5a907d67787c41b3d00c14?s=96&d=mm&r=g","url":"https:\/\/secure.gravatar.com\/avatar\/8a09ac165600ce2e1c38fe593c63928eb1e6e7ba5c5a907d67787c41b3d00c14?s=96&d=mm&r=g","contentUrl":"https:\/\/secure.gravatar.com\/avatar\/8a09ac165600ce2e1c38fe593c63928eb1e6e7ba5c5a907d67787c41b3d00c14?s=96&d=mm&r=g","caption":"hotnewsinworld"},"url":"https:\/\/hotnewsinworld.com\/hu\/author\/pt\/"}]}},"_links":{"self":[{"href":"https:\/\/hotnewsinworld.com\/hu\/wp-json\/wp\/v2\/posts\/1656","targetHints":{"allow":["GET"]}}],"collection":[{"href":"https:\/\/hotnewsinworld.com\/hu\/wp-json\/wp\/v2\/posts"}],"about":[{"href":"https:\/\/hotnewsinworld.com\/hu\/wp-json\/wp\/v2\/types\/post"}],"author":[{"embeddable":true,"href":"https:\/\/hotnewsinworld.com\/hu\/wp-json\/wp\/v2\/users\/2"}],"replies":[{"embeddable":true,"href":"https:\/\/hotnewsinworld.com\/hu\/wp-json\/wp\/v2\/comments?post=1656"}],"version-history":[{"count":1,"href":"https:\/\/hotnewsinworld.com\/hu\/wp-json\/wp\/v2\/posts\/1656\/revisions"}],"predecessor-version":[{"id":1658,"href":"https:\/\/hotnewsinworld.com\/hu\/wp-json\/wp\/v2\/posts\/1656\/revisions\/1658"}],"wp:featuredmedia":[{"embeddable":true,"href":"https:\/\/hotnewsinworld.com\/hu\/wp-json\/wp\/v2\/media\/1657"}],"wp:attachment":[{"href":"https:\/\/hotnewsinworld.com\/hu\/wp-json\/wp\/v2\/media?parent=1656"}],"wp:term":[{"taxonomy":"category","embeddable":true,"href":"https:\/\/hotnewsinworld.com\/hu\/wp-json\/wp\/v2\/categories?post=1656"},{"taxonomy":"post_tag","embeddable":true,"href":"https:\/\/hotnewsinworld.com\/hu\/wp-json\/wp\/v2\/tags?post=1656"}],"curies":[{"name":"wp","href":"https:\/\/api.w.org\/{rel}","templated":true}]}}