{"id":1659,"date":"2019-09-05T18:20:58","date_gmt":"2019-09-05T15:20:58","guid":{"rendered":"https:\/\/hotnewsinworld.com\/hu\/kasler-a-napkeleti-orszagokat-dicserte-az-ertekvesztett-nyugatiakkal-szemben\/"},"modified":"2019-09-05T18:20:59","modified_gmt":"2019-09-05T15:20:59","slug":"kasler-a-napkeleti-orszagokat-dicserte-az-ertekvesztett-nyugatiakkal-szemben","status":"publish","type":"post","link":"https:\/\/hotnewsinworld.com\/hu\/kasler-a-napkeleti-orszagokat-dicserte-az-ertekvesztett-nyugatiakkal-szemben\/","title":{"rendered":"K\u00e1sler a napkeleti orsz\u00e1gokat d\u00edcs\u00e9rte az \u00e9rt\u00e9kvesztett nyugatiakkal szemben"},"content":{"rendered":"<div>\n<p><b>A demogr\u00e1fiai helyzet elt\u00e9r\u0151 a k\u00fcl\u00f6nb\u00f6z\u0151 orsz\u00e1gokban, de a c\u00e9l mindenhol valamif\u00e9le megold\u00e1s tal\u00e1l\u00e1sa, ez\u00e9rt a demogr\u00e1fiai folyamatok k\u00f6vet\u00e9se, \u00e9rt\u00e9kel\u00e9se \u00e9s \u00e9rtelmez\u00e9se sorsk\u00e9rd\u00e9s \u2013 mondta az emberi er\u0151forr\u00e1sok minisztere a III. Budapesti demogr\u00e1fiai cs\u00facson cs\u00fct\u00f6rt\u00f6k\u00f6n.<\/b><\/p>\n<\/p>\n<p>K\u00e1sler Mikl\u00f3s a V\u00e1rkert Baz\u00e1rban megrendezett k\u00e9tnapos nemzetk\u00f6zi konferencia els\u0151 napj\u00e1n kiemelte, a korm\u00e1nyok a gyerekv\u00e1llal\u00e1shoz biztos\u00edtani tudj\u00e1k a materi\u00e1lis felt\u00e9teleket, hogy ne legyenek anyagi akad\u00e1lyok, de emellett sz\u00fcks\u00e9g van egyfajta szellemi h\u00e1tt\u00e9rre is, ez\u00e9rt a magyar korm\u00e1ny 2010 \u00f3ta csal\u00e1dbar\u00e1t politik\u00e1t folytat, azaz minden d\u00f6nt\u00e9s\u00e9n\u00e9l figyelembe veszi, hogy milyen hat\u00e1sa lesz a csal\u00e1dokra, a demogr\u00e1fiai helyzetre, a nemzet j\u00f6v\u0151j\u00e9re.<\/p>\n<p>Az imm\u00e1r kilenc \u00e9ve l\u00e9tez\u0151 &#8222;magyar modellr\u0151l&#8221; pedig egyre t\u00f6bbet besz\u00e9lnek, egyre t\u00f6bb orsz\u00e1g \u00e9rdekl\u0151dik ir\u00e1nta, mert megmutatkoznak az eredm\u00e9nyei \u2013 tette hozz\u00e1 a miniszter. K\u00e1sler Mikl\u00f3s elmondta: a demogr\u00e1fiai probl\u00e9m\u00e1k nagyon gyorsan megold\u00f3dn\u00e1nak, ha ism\u00e9t az a szeml\u00e9let uralkodna, hogy a csal\u00e1d, a gyermek \u00e9rt\u00e9k, valamint a n\u0151k is azt \u00e9rezn\u00e9k, hogy &#8222;az \u00e9let\u00fck att\u00f3l teljesedik ki, ha [.] gondoskodnak az emberi nem fenntart\u00e1s\u00e1r\u00f3l&#8221;.<\/p>\n<p>A miniszter arr\u00f3l besz\u00e9lt, hogy a nagy nyugati orsz\u00e1gokban sokszor \u00e9rezhet\u0151 a klasszikus \u00e9rt\u00e9kek meglazul\u00e1sa, felboml\u00e1sa, ami &#8222;meglaz\u00edtja a t\u00e1rsadalom sz\u00f6veteit is&#8221;, szemben a &#8222;napkeleti&#8221; nagy trad\u00edci\u00f3j\u00fa, hagyom\u00e1nyaikat, vall\u00e1sukat \u00f6rz\u0151 orsz\u00e1gokkal, ahol a demogr\u00e1fiai helyzet egyre jobb. A megold\u00e1s teh\u00e1t, ahogy azt Orb\u00e1n Viktor minisztereln\u00f6k is megfogalmazta, a visszat\u00e9r\u00e9s a gy\u00f6kerekhez, a klasszikus eur\u00f3pai, kereszt\u00e9ny, emberi \u00e9rt\u00e9kekhez, azaz a hithez, a csal\u00e1dhoz, a hagyom\u00e1nyokhoz, az \u0151s\u00f6k \u00e9s a lesz\u00e1rmazottak tisztelet\u00e9hez.<\/p>\n<p>Forr\u00e1s: MTI<\/p>\n<p>        <!--div style=\"padding:20px;margin-top:20px;border-left: 4px solid #e71000;background:#f6f6f6;\">\n            \n\n<h2>FinTechRadar 2.0 konferencia - van m&aacute;r jegyed?<\/h2>\n\n\n\n            \n\n<p>T&eacute;m&aacute;ink: PSD2\/Mobilfizet&eacute;s, Adatbiztons&aacute;g, UX, Big data, &Aacute;llam &eacute;s fintech, Insurtech.\n            2 nap, 30 el&#337;ad&oacute; &eacute;s v&aacute;laszok a fintech aktu&aacute;lis k&eacute;rd&eacute;seire okt&oacute;ber 17-18-&aacute;n a Sug&aacute;r Moziban.<\/p>\n\n\n\n            <a href=\"http:\/\/fintechradar.hu\/konferencia2?utm_source=propeller.hu&utm_medium=textlink&utm_campaign=FTR_konf2\"\n            class=\"button primary\" target=\"_blank\" style=\"color:#fff;margin-top:15px;background: #e71000;\" rel=\"noopener noreferrer\">Program &eacute;s jegyv&aacute;s&aacute;rl&aacute;s &rarr;<\/a>\n        <\/div-->\n    <\/div>\n<p><script>(function(d, s, id) {\n  var js, fjs = d.getElementsByTagName(s)[0];\n  if (d.getElementById(id)) return;\n  js = d.createElement(s); js.id = id;\n  js.src = \"http:\/\/connect.facebook.net\/hu_HU\/sdk.js#xfbml=1&version=v2.7&appId=247823682023773\";\n  fjs.parentNode.insertBefore(js, fjs);\n}(document, 'script', 'facebook-jssdk'));<\/script><br \/>\n<br \/><a href=\"https:\/\/hirek.oldal.info\/rssclick\/14372715\" rel=\"nofollow\">Source link <\/a><\/p>\n","protected":false},"excerpt":{"rendered":"<p>A demogr\u00e1fiai helyzet elt\u00e9r\u0151 a k\u00fcl\u00f6nb\u00f6z\u0151 orsz\u00e1gokban, de a c\u00e9l mindenhol valamif\u00e9le megold\u00e1s tal\u00e1l\u00e1sa, ez\u00e9rt a demogr\u00e1fiai folyamatok k\u00f6vet\u00e9se, \u00e9rt\u00e9kel\u00e9se \u00e9s \u00e9rtelmez\u00e9se sorsk\u00e9rd\u00e9s \u2013 mondta az emberi er\u0151forr\u00e1sok minisztere a III. Budapesti demogr\u00e1fiai cs\u00facson cs\u00fct\u00f6rt\u00f6k\u00f6n. K\u00e1sler Mikl\u00f3s a V\u00e1rkert Baz\u00e1rban megrendezett k\u00e9tnapos nemzetk\u00f6zi konferencia els\u0151 napj\u00e1n kiemelte, a korm\u00e1nyok a gyerekv\u00e1llal\u00e1shoz biztos\u00edtani tudj\u00e1k a materi\u00e1lis [&hellip;]<\/p>\n","protected":false},"author":2,"featured_media":1660,"comment_status":"open","ping_status":"open","sticky":false,"template":"","format":"standard","meta":{"footnotes":""},"categories":[1],"tags":[],"class_list":["post-1659","post","type-post","status-publish","format-standard","has-post-thumbnail","hentry","category-legujabb-penzugyi-hirek"],"yoast_head":"<!-- This site is optimized with the Yoast SEO plugin v27.4 - https:\/\/yoast.com\/product\/yoast-seo-wordpress\/ -->\n<title>K\u00e1sler a napkeleti orsz\u00e1gokat d\u00edcs\u00e9rte az \u00e9rt\u00e9kvesztett nyugatiakkal szemben - Hot News in World<\/title>\n<meta name=\"robots\" content=\"index, follow, max-snippet:-1, max-image-preview:large, max-video-preview:-1\" \/>\n<link rel=\"canonical\" href=\"https:\/\/hotnewsinworld.com\/hu\/kasler-a-napkeleti-orszagokat-dicserte-az-ertekvesztett-nyugatiakkal-szemben\/\" \/>\n<meta property=\"og:locale\" content=\"hu_HU\" \/>\n<meta property=\"og:type\" content=\"article\" \/>\n<meta property=\"og:title\" content=\"K\u00e1sler a napkeleti orsz\u00e1gokat d\u00edcs\u00e9rte az \u00e9rt\u00e9kvesztett nyugatiakkal szemben - Hot News in World\" \/>\n<meta property=\"og:description\" content=\"A demogr\u00e1fiai helyzet elt\u00e9r\u0151 a k\u00fcl\u00f6nb\u00f6z\u0151 orsz\u00e1gokban, de a c\u00e9l mindenhol valamif\u00e9le megold\u00e1s tal\u00e1l\u00e1sa, ez\u00e9rt a demogr\u00e1fiai folyamatok k\u00f6vet\u00e9se, \u00e9rt\u00e9kel\u00e9se \u00e9s \u00e9rtelmez\u00e9se sorsk\u00e9rd\u00e9s \u2013 mondta az emberi er\u0151forr\u00e1sok minisztere a III. Budapesti demogr\u00e1fiai cs\u00facson cs\u00fct\u00f6rt\u00f6k\u00f6n. K\u00e1sler Mikl\u00f3s a V\u00e1rkert Baz\u00e1rban megrendezett k\u00e9tnapos nemzetk\u00f6zi konferencia els\u0151 napj\u00e1n kiemelte, a korm\u00e1nyok a gyerekv\u00e1llal\u00e1shoz biztos\u00edtani tudj\u00e1k a materi\u00e1lis [&hellip;]\" \/>\n<meta property=\"og:url\" content=\"https:\/\/hotnewsinworld.com\/hu\/kasler-a-napkeleti-orszagokat-dicserte-az-ertekvesztett-nyugatiakkal-szemben\/\" \/>\n<meta property=\"og:site_name\" content=\"Hot News in World\" \/>\n<meta property=\"article:published_time\" content=\"2019-09-05T15:20:58+00:00\" \/>\n<meta property=\"article:modified_time\" content=\"2019-09-05T15:20:59+00:00\" \/>\n<meta property=\"og:image\" content=\"https:\/\/hotnewsinworld.com\/hu\/wp-content\/uploads\/sites\/3\/2019\/09\/K\u00e1sler-a-napkeleti-orsz\u00e1gokat-d\u00edcs\u00e9rte-az-\u00e9rt\u00e9kvesztett-nyugatiakkal-szemben.jpg\" \/>\n\t<meta property=\"og:image:width\" content=\"800\" \/>\n\t<meta property=\"og:image:height\" content=\"533\" \/>\n\t<meta property=\"og:image:type\" content=\"image\/jpeg\" \/>\n<meta name=\"author\" content=\"hotnewsinworld\" \/>\n<meta name=\"twitter:card\" content=\"summary_large_image\" \/>\n<meta name=\"twitter:label1\" content=\"Szerz\u0151:\" \/>\n\t<meta name=\"twitter:data1\" content=\"hotnewsinworld\" \/>\n\t<meta name=\"twitter:label2\" content=\"Becs\u00fclt olvas\u00e1si id\u0151\" \/>\n\t<meta name=\"twitter:data2\" content=\"2 perc\" \/>\n<script type=\"application\/ld+json\" class=\"yoast-schema-graph\">{\"@context\":\"https:\\\/\\\/schema.org\",\"@graph\":[{\"@type\":\"Article\",\"@id\":\"https:\\\/\\\/hotnewsinworld.com\\\/hu\\\/kasler-a-napkeleti-orszagokat-dicserte-az-ertekvesztett-nyugatiakkal-szemben\\\/#article\",\"isPartOf\":{\"@id\":\"https:\\\/\\\/hotnewsinworld.com\\\/hu\\\/kasler-a-napkeleti-orszagokat-dicserte-az-ertekvesztett-nyugatiakkal-szemben\\\/\"},\"author\":{\"name\":\"hotnewsinworld\",\"@id\":\"https:\\\/\\\/hotnewsinworld.com\\\/hu\\\/#\\\/schema\\\/person\\\/fe61448b21c0d59086e75fcc1f9d8f6b\"},\"headline\":\"K\u00e1sler a napkeleti orsz\u00e1gokat d\u00edcs\u00e9rte az \u00e9rt\u00e9kvesztett nyugatiakkal szemben\",\"datePublished\":\"2019-09-05T15:20:58+00:00\",\"dateModified\":\"2019-09-05T15:20:59+00:00\",\"mainEntityOfPage\":{\"@id\":\"https:\\\/\\\/hotnewsinworld.com\\\/hu\\\/kasler-a-napkeleti-orszagokat-dicserte-az-ertekvesztett-nyugatiakkal-szemben\\\/\"},\"wordCount\":365,\"commentCount\":0,\"image\":{\"@id\":\"https:\\\/\\\/hotnewsinworld.com\\\/hu\\\/kasler-a-napkeleti-orszagokat-dicserte-az-ertekvesztett-nyugatiakkal-szemben\\\/#primaryimage\"},\"thumbnailUrl\":\"https:\\\/\\\/hotnewsinworld.com\\\/hu\\\/wp-content\\\/uploads\\\/sites\\\/3\\\/2019\\\/09\\\/K\u00e1sler-a-napkeleti-orsz\u00e1gokat-d\u00edcs\u00e9rte-az-\u00e9rt\u00e9kvesztett-nyugatiakkal-szemben.jpg\",\"articleSection\":[\"LEG\u00daJABB P\u00c9NZ\u00dcGYI H\u00cdREK\"],\"inLanguage\":\"hu\",\"potentialAction\":[{\"@type\":\"CommentAction\",\"name\":\"Comment\",\"target\":[\"https:\\\/\\\/hotnewsinworld.com\\\/hu\\\/kasler-a-napkeleti-orszagokat-dicserte-az-ertekvesztett-nyugatiakkal-szemben\\\/#respond\"]}]},{\"@type\":\"WebPage\",\"@id\":\"https:\\\/\\\/hotnewsinworld.com\\\/hu\\\/kasler-a-napkeleti-orszagokat-dicserte-az-ertekvesztett-nyugatiakkal-szemben\\\/\",\"url\":\"https:\\\/\\\/hotnewsinworld.com\\\/hu\\\/kasler-a-napkeleti-orszagokat-dicserte-az-ertekvesztett-nyugatiakkal-szemben\\\/\",\"name\":\"K\u00e1sler a napkeleti orsz\u00e1gokat d\u00edcs\u00e9rte az \u00e9rt\u00e9kvesztett nyugatiakkal szemben - Hot News in World\",\"isPartOf\":{\"@id\":\"https:\\\/\\\/hotnewsinworld.com\\\/hu\\\/#website\"},\"primaryImageOfPage\":{\"@id\":\"https:\\\/\\\/hotnewsinworld.com\\\/hu\\\/kasler-a-napkeleti-orszagokat-dicserte-az-ertekvesztett-nyugatiakkal-szemben\\\/#primaryimage\"},\"image\":{\"@id\":\"https:\\\/\\\/hotnewsinworld.com\\\/hu\\\/kasler-a-napkeleti-orszagokat-dicserte-az-ertekvesztett-nyugatiakkal-szemben\\\/#primaryimage\"},\"thumbnailUrl\":\"https:\\\/\\\/hotnewsinworld.com\\\/hu\\\/wp-content\\\/uploads\\\/sites\\\/3\\\/2019\\\/09\\\/K\u00e1sler-a-napkeleti-orsz\u00e1gokat-d\u00edcs\u00e9rte-az-\u00e9rt\u00e9kvesztett-nyugatiakkal-szemben.jpg\",\"datePublished\":\"2019-09-05T15:20:58+00:00\",\"dateModified\":\"2019-09-05T15:20:59+00:00\",\"author\":{\"@id\":\"https:\\\/\\\/hotnewsinworld.com\\\/hu\\\/#\\\/schema\\\/person\\\/fe61448b21c0d59086e75fcc1f9d8f6b\"},\"breadcrumb\":{\"@id\":\"https:\\\/\\\/hotnewsinworld.com\\\/hu\\\/kasler-a-napkeleti-orszagokat-dicserte-az-ertekvesztett-nyugatiakkal-szemben\\\/#breadcrumb\"},\"inLanguage\":\"hu\",\"potentialAction\":[{\"@type\":\"ReadAction\",\"target\":[\"https:\\\/\\\/hotnewsinworld.com\\\/hu\\\/kasler-a-napkeleti-orszagokat-dicserte-az-ertekvesztett-nyugatiakkal-szemben\\\/\"]}]},{\"@type\":\"ImageObject\",\"inLanguage\":\"hu\",\"@id\":\"https:\\\/\\\/hotnewsinworld.com\\\/hu\\\/kasler-a-napkeleti-orszagokat-dicserte-az-ertekvesztett-nyugatiakkal-szemben\\\/#primaryimage\",\"url\":\"https:\\\/\\\/hotnewsinworld.com\\\/hu\\\/wp-content\\\/uploads\\\/sites\\\/3\\\/2019\\\/09\\\/K\u00e1sler-a-napkeleti-orsz\u00e1gokat-d\u00edcs\u00e9rte-az-\u00e9rt\u00e9kvesztett-nyugatiakkal-szemben.jpg\",\"contentUrl\":\"https:\\\/\\\/hotnewsinworld.com\\\/hu\\\/wp-content\\\/uploads\\\/sites\\\/3\\\/2019\\\/09\\\/K\u00e1sler-a-napkeleti-orsz\u00e1gokat-d\u00edcs\u00e9rte-az-\u00e9rt\u00e9kvesztett-nyugatiakkal-szemben.jpg\",\"width\":800,\"height\":533,\"caption\":\"K\u00e1sler a napkeleti orsz\u00e1gokat d\u00edcs\u00e9rte az \u00e9rt\u00e9kvesztett nyugatiakkal szemben\"},{\"@type\":\"BreadcrumbList\",\"@id\":\"https:\\\/\\\/hotnewsinworld.com\\\/hu\\\/kasler-a-napkeleti-orszagokat-dicserte-az-ertekvesztett-nyugatiakkal-szemben\\\/#breadcrumb\",\"itemListElement\":[{\"@type\":\"ListItem\",\"position\":1,\"name\":\"\u0413\u043b\u0430\u0432\u043d\u0430\u044f \u0441\u0442\u0440\u0430\u043d\u0438\u0446\u0430\",\"item\":\"https:\\\/\\\/hotnewsinworld.com\\\/hu\\\/\"},{\"@type\":\"ListItem\",\"position\":2,\"name\":\"K\u00e1sler a napkeleti orsz\u00e1gokat d\u00edcs\u00e9rte az \u00e9rt\u00e9kvesztett nyugatiakkal szemben\"}]},{\"@type\":\"WebSite\",\"@id\":\"https:\\\/\\\/hotnewsinworld.com\\\/hu\\\/#website\",\"url\":\"https:\\\/\\\/hotnewsinworld.com\\\/hu\\\/\",\"name\":\"Hot News in World\",\"description\":\"Hot News in World from Hungary\",\"potentialAction\":[{\"@type\":\"SearchAction\",\"target\":{\"@type\":\"EntryPoint\",\"urlTemplate\":\"https:\\\/\\\/hotnewsinworld.com\\\/hu\\\/?s={search_term_string}\"},\"query-input\":{\"@type\":\"PropertyValueSpecification\",\"valueRequired\":true,\"valueName\":\"search_term_string\"}}],\"inLanguage\":\"hu\"},{\"@type\":\"Person\",\"@id\":\"https:\\\/\\\/hotnewsinworld.com\\\/hu\\\/#\\\/schema\\\/person\\\/fe61448b21c0d59086e75fcc1f9d8f6b\",\"name\":\"hotnewsinworld\",\"image\":{\"@type\":\"ImageObject\",\"inLanguage\":\"hu\",\"@id\":\"https:\\\/\\\/secure.gravatar.com\\\/avatar\\\/8a09ac165600ce2e1c38fe593c63928eb1e6e7ba5c5a907d67787c41b3d00c14?s=96&d=mm&r=g\",\"url\":\"https:\\\/\\\/secure.gravatar.com\\\/avatar\\\/8a09ac165600ce2e1c38fe593c63928eb1e6e7ba5c5a907d67787c41b3d00c14?s=96&d=mm&r=g\",\"contentUrl\":\"https:\\\/\\\/secure.gravatar.com\\\/avatar\\\/8a09ac165600ce2e1c38fe593c63928eb1e6e7ba5c5a907d67787c41b3d00c14?s=96&d=mm&r=g\",\"caption\":\"hotnewsinworld\"},\"url\":\"https:\\\/\\\/hotnewsinworld.com\\\/hu\\\/author\\\/pt\\\/\"}]}<\/script>\n<!-- \/ Yoast SEO plugin. -->","yoast_head_json":{"title":"K\u00e1sler a napkeleti orsz\u00e1gokat d\u00edcs\u00e9rte az \u00e9rt\u00e9kvesztett nyugatiakkal szemben - Hot News in World","robots":{"index":"index","follow":"follow","max-snippet":"max-snippet:-1","max-image-preview":"max-image-preview:large","max-video-preview":"max-video-preview:-1"},"canonical":"https:\/\/hotnewsinworld.com\/hu\/kasler-a-napkeleti-orszagokat-dicserte-az-ertekvesztett-nyugatiakkal-szemben\/","og_locale":"hu_HU","og_type":"article","og_title":"K\u00e1sler a napkeleti orsz\u00e1gokat d\u00edcs\u00e9rte az \u00e9rt\u00e9kvesztett nyugatiakkal szemben - Hot News in World","og_description":"A demogr\u00e1fiai helyzet elt\u00e9r\u0151 a k\u00fcl\u00f6nb\u00f6z\u0151 orsz\u00e1gokban, de a c\u00e9l mindenhol valamif\u00e9le megold\u00e1s tal\u00e1l\u00e1sa, ez\u00e9rt a demogr\u00e1fiai folyamatok k\u00f6vet\u00e9se, \u00e9rt\u00e9kel\u00e9se \u00e9s \u00e9rtelmez\u00e9se sorsk\u00e9rd\u00e9s \u2013 mondta az emberi er\u0151forr\u00e1sok minisztere a III. Budapesti demogr\u00e1fiai cs\u00facson cs\u00fct\u00f6rt\u00f6k\u00f6n. K\u00e1sler Mikl\u00f3s a V\u00e1rkert Baz\u00e1rban megrendezett k\u00e9tnapos nemzetk\u00f6zi konferencia els\u0151 napj\u00e1n kiemelte, a korm\u00e1nyok a gyerekv\u00e1llal\u00e1shoz biztos\u00edtani tudj\u00e1k a materi\u00e1lis [&hellip;]","og_url":"https:\/\/hotnewsinworld.com\/hu\/kasler-a-napkeleti-orszagokat-dicserte-az-ertekvesztett-nyugatiakkal-szemben\/","og_site_name":"Hot News in World","article_published_time":"2019-09-05T15:20:58+00:00","article_modified_time":"2019-09-05T15:20:59+00:00","og_image":[{"width":800,"height":533,"url":"https:\/\/hotnewsinworld.com\/hu\/wp-content\/uploads\/sites\/3\/2019\/09\/K\u00e1sler-a-napkeleti-orsz\u00e1gokat-d\u00edcs\u00e9rte-az-\u00e9rt\u00e9kvesztett-nyugatiakkal-szemben.jpg","type":"image\/jpeg"}],"author":"hotnewsinworld","twitter_card":"summary_large_image","twitter_misc":{"Szerz\u0151:":"hotnewsinworld","Becs\u00fclt olvas\u00e1si id\u0151":"2 perc"},"schema":{"@context":"https:\/\/schema.org","@graph":[{"@type":"Article","@id":"https:\/\/hotnewsinworld.com\/hu\/kasler-a-napkeleti-orszagokat-dicserte-az-ertekvesztett-nyugatiakkal-szemben\/#article","isPartOf":{"@id":"https:\/\/hotnewsinworld.com\/hu\/kasler-a-napkeleti-orszagokat-dicserte-az-ertekvesztett-nyugatiakkal-szemben\/"},"author":{"name":"hotnewsinworld","@id":"https:\/\/hotnewsinworld.com\/hu\/#\/schema\/person\/fe61448b21c0d59086e75fcc1f9d8f6b"},"headline":"K\u00e1sler a napkeleti orsz\u00e1gokat d\u00edcs\u00e9rte az \u00e9rt\u00e9kvesztett nyugatiakkal szemben","datePublished":"2019-09-05T15:20:58+00:00","dateModified":"2019-09-05T15:20:59+00:00","mainEntityOfPage":{"@id":"https:\/\/hotnewsinworld.com\/hu\/kasler-a-napkeleti-orszagokat-dicserte-az-ertekvesztett-nyugatiakkal-szemben\/"},"wordCount":365,"commentCount":0,"image":{"@id":"https:\/\/hotnewsinworld.com\/hu\/kasler-a-napkeleti-orszagokat-dicserte-az-ertekvesztett-nyugatiakkal-szemben\/#primaryimage"},"thumbnailUrl":"https:\/\/hotnewsinworld.com\/hu\/wp-content\/uploads\/sites\/3\/2019\/09\/K\u00e1sler-a-napkeleti-orsz\u00e1gokat-d\u00edcs\u00e9rte-az-\u00e9rt\u00e9kvesztett-nyugatiakkal-szemben.jpg","articleSection":["LEG\u00daJABB P\u00c9NZ\u00dcGYI H\u00cdREK"],"inLanguage":"hu","potentialAction":[{"@type":"CommentAction","name":"Comment","target":["https:\/\/hotnewsinworld.com\/hu\/kasler-a-napkeleti-orszagokat-dicserte-az-ertekvesztett-nyugatiakkal-szemben\/#respond"]}]},{"@type":"WebPage","@id":"https:\/\/hotnewsinworld.com\/hu\/kasler-a-napkeleti-orszagokat-dicserte-az-ertekvesztett-nyugatiakkal-szemben\/","url":"https:\/\/hotnewsinworld.com\/hu\/kasler-a-napkeleti-orszagokat-dicserte-az-ertekvesztett-nyugatiakkal-szemben\/","name":"K\u00e1sler a napkeleti orsz\u00e1gokat d\u00edcs\u00e9rte az \u00e9rt\u00e9kvesztett nyugatiakkal szemben - Hot News in World","isPartOf":{"@id":"https:\/\/hotnewsinworld.com\/hu\/#website"},"primaryImageOfPage":{"@id":"https:\/\/hotnewsinworld.com\/hu\/kasler-a-napkeleti-orszagokat-dicserte-az-ertekvesztett-nyugatiakkal-szemben\/#primaryimage"},"image":{"@id":"https:\/\/hotnewsinworld.com\/hu\/kasler-a-napkeleti-orszagokat-dicserte-az-ertekvesztett-nyugatiakkal-szemben\/#primaryimage"},"thumbnailUrl":"https:\/\/hotnewsinworld.com\/hu\/wp-content\/uploads\/sites\/3\/2019\/09\/K\u00e1sler-a-napkeleti-orsz\u00e1gokat-d\u00edcs\u00e9rte-az-\u00e9rt\u00e9kvesztett-nyugatiakkal-szemben.jpg","datePublished":"2019-09-05T15:20:58+00:00","dateModified":"2019-09-05T15:20:59+00:00","author":{"@id":"https:\/\/hotnewsinworld.com\/hu\/#\/schema\/person\/fe61448b21c0d59086e75fcc1f9d8f6b"},"breadcrumb":{"@id":"https:\/\/hotnewsinworld.com\/hu\/kasler-a-napkeleti-orszagokat-dicserte-az-ertekvesztett-nyugatiakkal-szemben\/#breadcrumb"},"inLanguage":"hu","potentialAction":[{"@type":"ReadAction","target":["https:\/\/hotnewsinworld.com\/hu\/kasler-a-napkeleti-orszagokat-dicserte-az-ertekvesztett-nyugatiakkal-szemben\/"]}]},{"@type":"ImageObject","inLanguage":"hu","@id":"https:\/\/hotnewsinworld.com\/hu\/kasler-a-napkeleti-orszagokat-dicserte-az-ertekvesztett-nyugatiakkal-szemben\/#primaryimage","url":"https:\/\/hotnewsinworld.com\/hu\/wp-content\/uploads\/sites\/3\/2019\/09\/K\u00e1sler-a-napkeleti-orsz\u00e1gokat-d\u00edcs\u00e9rte-az-\u00e9rt\u00e9kvesztett-nyugatiakkal-szemben.jpg","contentUrl":"https:\/\/hotnewsinworld.com\/hu\/wp-content\/uploads\/sites\/3\/2019\/09\/K\u00e1sler-a-napkeleti-orsz\u00e1gokat-d\u00edcs\u00e9rte-az-\u00e9rt\u00e9kvesztett-nyugatiakkal-szemben.jpg","width":800,"height":533,"caption":"K\u00e1sler a napkeleti orsz\u00e1gokat d\u00edcs\u00e9rte az \u00e9rt\u00e9kvesztett nyugatiakkal szemben"},{"@type":"BreadcrumbList","@id":"https:\/\/hotnewsinworld.com\/hu\/kasler-a-napkeleti-orszagokat-dicserte-az-ertekvesztett-nyugatiakkal-szemben\/#breadcrumb","itemListElement":[{"@type":"ListItem","position":1,"name":"\u0413\u043b\u0430\u0432\u043d\u0430\u044f \u0441\u0442\u0440\u0430\u043d\u0438\u0446\u0430","item":"https:\/\/hotnewsinworld.com\/hu\/"},{"@type":"ListItem","position":2,"name":"K\u00e1sler a napkeleti orsz\u00e1gokat d\u00edcs\u00e9rte az \u00e9rt\u00e9kvesztett nyugatiakkal szemben"}]},{"@type":"WebSite","@id":"https:\/\/hotnewsinworld.com\/hu\/#website","url":"https:\/\/hotnewsinworld.com\/hu\/","name":"Hot News in World","description":"Hot News in World from Hungary","potentialAction":[{"@type":"SearchAction","target":{"@type":"EntryPoint","urlTemplate":"https:\/\/hotnewsinworld.com\/hu\/?s={search_term_string}"},"query-input":{"@type":"PropertyValueSpecification","valueRequired":true,"valueName":"search_term_string"}}],"inLanguage":"hu"},{"@type":"Person","@id":"https:\/\/hotnewsinworld.com\/hu\/#\/schema\/person\/fe61448b21c0d59086e75fcc1f9d8f6b","name":"hotnewsinworld","image":{"@type":"ImageObject","inLanguage":"hu","@id":"https:\/\/secure.gravatar.com\/avatar\/8a09ac165600ce2e1c38fe593c63928eb1e6e7ba5c5a907d67787c41b3d00c14?s=96&d=mm&r=g","url":"https:\/\/secure.gravatar.com\/avatar\/8a09ac165600ce2e1c38fe593c63928eb1e6e7ba5c5a907d67787c41b3d00c14?s=96&d=mm&r=g","contentUrl":"https:\/\/secure.gravatar.com\/avatar\/8a09ac165600ce2e1c38fe593c63928eb1e6e7ba5c5a907d67787c41b3d00c14?s=96&d=mm&r=g","caption":"hotnewsinworld"},"url":"https:\/\/hotnewsinworld.com\/hu\/author\/pt\/"}]}},"_links":{"self":[{"href":"https:\/\/hotnewsinworld.com\/hu\/wp-json\/wp\/v2\/posts\/1659","targetHints":{"allow":["GET"]}}],"collection":[{"href":"https:\/\/hotnewsinworld.com\/hu\/wp-json\/wp\/v2\/posts"}],"about":[{"href":"https:\/\/hotnewsinworld.com\/hu\/wp-json\/wp\/v2\/types\/post"}],"author":[{"embeddable":true,"href":"https:\/\/hotnewsinworld.com\/hu\/wp-json\/wp\/v2\/users\/2"}],"replies":[{"embeddable":true,"href":"https:\/\/hotnewsinworld.com\/hu\/wp-json\/wp\/v2\/comments?post=1659"}],"version-history":[{"count":1,"href":"https:\/\/hotnewsinworld.com\/hu\/wp-json\/wp\/v2\/posts\/1659\/revisions"}],"predecessor-version":[{"id":1661,"href":"https:\/\/hotnewsinworld.com\/hu\/wp-json\/wp\/v2\/posts\/1659\/revisions\/1661"}],"wp:featuredmedia":[{"embeddable":true,"href":"https:\/\/hotnewsinworld.com\/hu\/wp-json\/wp\/v2\/media\/1660"}],"wp:attachment":[{"href":"https:\/\/hotnewsinworld.com\/hu\/wp-json\/wp\/v2\/media?parent=1659"}],"wp:term":[{"taxonomy":"category","embeddable":true,"href":"https:\/\/hotnewsinworld.com\/hu\/wp-json\/wp\/v2\/categories?post=1659"},{"taxonomy":"post_tag","embeddable":true,"href":"https:\/\/hotnewsinworld.com\/hu\/wp-json\/wp\/v2\/tags?post=1659"}],"curies":[{"name":"wp","href":"https:\/\/api.w.org\/{rel}","templated":true}]}}