{"id":1670,"date":"2019-09-05T23:44:55","date_gmt":"2019-09-05T20:44:55","guid":{"rendered":"https:\/\/hotnewsinworld.com\/hu\/magyarorszag-biztonsaga-erdekeben-a-kormany-meghosszabbitja-a-tomeges-bevandorlas-okozta-valsaghelyzetet\/"},"modified":"2019-09-05T23:44:57","modified_gmt":"2019-09-05T20:44:57","slug":"magyarorszag-biztonsaga-erdekeben-a-kormany-meghosszabbitja-a-tomeges-bevandorlas-okozta-valsaghelyzetet","status":"publish","type":"post","link":"https:\/\/hotnewsinworld.com\/hu\/magyarorszag-biztonsaga-erdekeben-a-kormany-meghosszabbitja-a-tomeges-bevandorlas-okozta-valsaghelyzetet\/","title":{"rendered":"Magyarorsz\u00e1g biztons\u00e1ga \u00e9rdek\u00e9ben a korm\u00e1ny meghosszabb\u00edtja a t\u00f6meges bev\u00e1ndorl\u00e1s okozta v\u00e1ls\u00e1ghelyzetet-"},"content":{"rendered":"<div>\n                        <!--CIKK ITT KEZD&#336;DIK--><\/p>\n<p>Magyarorsz\u00e1g biztons\u00e1ga \u00e9s hat\u00e1rv\u00e9delme \u00e9rdek\u00e9ben a korm\u00e1ny meghosszabb\u00edtja a Magyarorsz\u00e1g eg\u00e9sz ter\u00fclet\u00e9re elrendelt, t\u00f6meges bev\u00e1ndorl\u00e1s okozta v\u00e1ls\u00e1ghelyzetet &#8211; k\u00f6z\u00f6lte a Korm\u00e1nyzati T\u00e1j\u00e9koztat\u00e1si K\u00f6zpont cs\u00fct\u00f6rt\u00f6k\u00f6n. A hosszabb\u00edt\u00e1sr\u00f3l sz\u00f3l\u00f3 korm\u00e1nyrendelet megjelent a Magyar K\u00f6zl\u00f6ny cs\u00fct\u00f6rt\u00f6ki sz\u00e1m\u00e1ban, e szerint<\/p>\n<p><span class=\"hatterszin\">a v\u00e1ls\u00e1ghelyzetet 2020. m\u00e1rcius 7-ig hosszabb\u00edtj\u00e1k meg.<\/span><\/p>\n<p>A Korm\u00e1nyzati T\u00e1j\u00e9koztat\u00e1si K\u00f6zpont k\u00f6zlem\u00e9ny\u00e9ben azt \u00edrt\u00e1k: az illeg\u00e1lis hat\u00e1r\u00e1tl\u00e9p\u00e9si k\u00eds\u00e9rletek tov\u00e1bbra is folyamatosak, csak az id\u00e9n m\u00e1r 7 ezren pr\u00f3b\u00e1lkoztak, ez\u00e9rt sz\u00fcks\u00e9g van a hat\u00e1rv\u00e9delemre. K\u00f6z\u00f6lt\u00e9k tov\u00e1bb\u00e1: Szerbi\u00e1ban m\u00e1r kritikus a helyzet a migr\u00e1nsok miatt, Bosznia-Hercegovin\u00e1ban is t\u00f6bb ezren, G\u00f6r\u00f6gorsz\u00e1gban nagyj\u00e1b\u00f3l 30 ezren vannak, \u00e9s \u00fajabb t\u00f6megek \u00e9rkeznek, amelyek a balk\u00e1ni \u00fatvonalon akarnak Eur\u00f3pa belsej\u00e9be jutni. Jelezt\u00e9k: a ker\u00edt\u00e9s \u00e9s a hat\u00e1rv\u00e9delem n\u00e9lk\u00fcl Magyarorsz\u00e1g ism\u00e9t a bev\u00e1ndorl\u00e1s egyik f\u0151\u00fatvonala lenne, ahogy a 2015-\u00f6s migr\u00e1nsv\u00e1ls\u00e1g idej\u00e9n.<\/p>\n<p>Az int\u00e9zked\u00e9s speci\u00e1lis jogos\u00edtv\u00e1nyokat ad az \u00e1llami, rendv\u00e9delmi szerveknek, \u00edgy garant\u00e1lhat\u00f3, hogy tov\u00e1bbra is a lehet\u0151 leghat\u00e9konyabban l\u00e9phessenek fel az illeg\u00e1lis bev\u00e1ndorl\u00f3kkal szemben az orsz\u00e1ghat\u00e1r ment\u00e9n \u00e9s az orsz\u00e1g ter\u00fclet\u00e9n is &#8211; \u00edrt\u00e1k.<\/p>\n<p>K\u00f6z\u00f6lt\u00e9k: Magyarorsz\u00e1g saj\u00e1t erej\u00e9b\u0151l 2015 \u00f3ta \u00f6sszesen<\/p>\n<p><span class=\"hatterszin\">504 milli\u00e1rd forintot ford\u00edtott a hat\u00e1rv\u00e9delemre.<\/span><\/p>\n<p>A migr\u00e1ci\u00f3s v\u00e1ls\u00e1ghelyzetet 2016 m\u00e1rcius\u00e1ban hirdette ki a korm\u00e1ny. Az\u00f3ta folyamatosan fenntartott\u00e1k az int\u00e9zked\u00e9st.<\/p>\n<p>                        <br class=\"clear\"\/><iframe loading=\"lazy\" class=\"my-fbrecommend-bottom\" src=\"https:\/\/www.facebook.com\/plugins\/like.php?href=https:\/\/www.szeretlekmagyarorszag.hu\/magyarorszag-biztonsaga-erdekeben-a-kormany-meghosszabbitja-a-tomeges-bevandorlas-okozta-valsaghelyzetet&amp;width=221&amp;layout=button_count&amp;action=like&amp;size=large&amp;show_faces=true&amp;share=true&amp;height=46&amp;appId=143515935696789\" width=\"221\" height=\"46\" style=\"border:none;overflow:hidden\" scrolling=\"no\" frameborder=\"0\" allowtransparency=\"true\"><br \/>\n                        <\/iframe><\/p>\n<p>                                                   <!-- \n\n<div id=\"disqus_loader\" class=\"button\" style=\"text-align: center\">\n                                <button onclick='$.ajaxSetup({cache:true});$.getScript(\"http:\/\/szeretlekmagyarorszag.disqus.com\/embed.js\");$.ajaxSetup({cache:false});\n                            $(\"#disqus_thread\").toggle();'>Hozz&aacute;sz&oacute;l&aacute;sok<\/button>\n                            <\/div>\n\n --><\/p><\/div>\n<p><script>(function(d, s, id) {\n  var js, fjs = d.getElementsByTagName(s)[0];\n  if (d.getElementById(id)) return;\n  js = d.createElement(s); js.id = id;\n  js.src = \"http:\/\/connect.facebook.net\/hu_HU\/sdk.js#xfbml=1&version=v2.4&appId=143515935696789\";\n  fjs.parentNode.insertBefore(js, fjs);\n}(document, 'script', 'facebook-jssdk'));<\/p>\n<p><\/script><br \/>\n<br \/><a href=\"https:\/\/hirek.oldal.info\/rssclick\/14373375\" rel=\"nofollow\">Source link <\/a><\/p>\n","protected":false},"excerpt":{"rendered":"<p>Magyarorsz\u00e1g biztons\u00e1ga \u00e9s hat\u00e1rv\u00e9delme \u00e9rdek\u00e9ben a korm\u00e1ny meghosszabb\u00edtja a Magyarorsz\u00e1g eg\u00e9sz ter\u00fclet\u00e9re elrendelt, t\u00f6meges bev\u00e1ndorl\u00e1s okozta v\u00e1ls\u00e1ghelyzetet &#8211; k\u00f6z\u00f6lte a Korm\u00e1nyzati T\u00e1j\u00e9koztat\u00e1si K\u00f6zpont cs\u00fct\u00f6rt\u00f6k\u00f6n. A hosszabb\u00edt\u00e1sr\u00f3l sz\u00f3l\u00f3 korm\u00e1nyrendelet megjelent a Magyar K\u00f6zl\u00f6ny cs\u00fct\u00f6rt\u00f6ki sz\u00e1m\u00e1ban, e szerint a v\u00e1ls\u00e1ghelyzetet 2020. m\u00e1rcius 7-ig hosszabb\u00edtj\u00e1k meg. A Korm\u00e1nyzati T\u00e1j\u00e9koztat\u00e1si K\u00f6zpont k\u00f6zlem\u00e9ny\u00e9ben azt \u00edrt\u00e1k: az illeg\u00e1lis hat\u00e1r\u00e1tl\u00e9p\u00e9si k\u00eds\u00e9rletek tov\u00e1bbra [&hellip;]<\/p>\n","protected":false},"author":2,"featured_media":1671,"comment_status":"open","ping_status":"open","sticky":false,"template":"","format":"standard","meta":{"footnotes":""},"categories":[1],"tags":[],"class_list":["post-1670","post","type-post","status-publish","format-standard","has-post-thumbnail","hentry","category-legujabb-penzugyi-hirek"],"yoast_head":"<!-- This site is optimized with the Yoast SEO plugin v27.4 - https:\/\/yoast.com\/product\/yoast-seo-wordpress\/ -->\n<title>Magyarorsz\u00e1g biztons\u00e1ga \u00e9rdek\u00e9ben a korm\u00e1ny meghosszabb\u00edtja a t\u00f6meges bev\u00e1ndorl\u00e1s okozta v\u00e1ls\u00e1ghelyzetet- Hot News in World<\/title>\n<meta name=\"robots\" content=\"index, follow, max-snippet:-1, max-image-preview:large, max-video-preview:-1\" \/>\n<link rel=\"canonical\" href=\"https:\/\/hotnewsinworld.com\/hu\/magyarorszag-biztonsaga-erdekeben-a-kormany-meghosszabbitja-a-tomeges-bevandorlas-okozta-valsaghelyzetet\/\" \/>\n<meta property=\"og:locale\" content=\"hu_HU\" \/>\n<meta property=\"og:type\" content=\"article\" \/>\n<meta property=\"og:title\" content=\"Magyarorsz\u00e1g biztons\u00e1ga \u00e9rdek\u00e9ben a korm\u00e1ny meghosszabb\u00edtja a t\u00f6meges bev\u00e1ndorl\u00e1s okozta v\u00e1ls\u00e1ghelyzetet- Hot News in World\" \/>\n<meta property=\"og:description\" content=\"Magyarorsz\u00e1g biztons\u00e1ga \u00e9s hat\u00e1rv\u00e9delme \u00e9rdek\u00e9ben a korm\u00e1ny meghosszabb\u00edtja a Magyarorsz\u00e1g eg\u00e9sz ter\u00fclet\u00e9re elrendelt, t\u00f6meges bev\u00e1ndorl\u00e1s okozta v\u00e1ls\u00e1ghelyzetet &#8211; k\u00f6z\u00f6lte a Korm\u00e1nyzati T\u00e1j\u00e9koztat\u00e1si K\u00f6zpont cs\u00fct\u00f6rt\u00f6k\u00f6n. A hosszabb\u00edt\u00e1sr\u00f3l sz\u00f3l\u00f3 korm\u00e1nyrendelet megjelent a Magyar K\u00f6zl\u00f6ny cs\u00fct\u00f6rt\u00f6ki sz\u00e1m\u00e1ban, e szerint a v\u00e1ls\u00e1ghelyzetet 2020. m\u00e1rcius 7-ig hosszabb\u00edtj\u00e1k meg. A Korm\u00e1nyzati T\u00e1j\u00e9koztat\u00e1si K\u00f6zpont k\u00f6zlem\u00e9ny\u00e9ben azt \u00edrt\u00e1k: az illeg\u00e1lis hat\u00e1r\u00e1tl\u00e9p\u00e9si k\u00eds\u00e9rletek tov\u00e1bbra [&hellip;]\" \/>\n<meta property=\"og:url\" content=\"https:\/\/hotnewsinworld.com\/hu\/magyarorszag-biztonsaga-erdekeben-a-kormany-meghosszabbitja-a-tomeges-bevandorlas-okozta-valsaghelyzetet\/\" \/>\n<meta property=\"og:site_name\" content=\"Hot News in World\" \/>\n<meta property=\"article:published_time\" content=\"2019-09-05T20:44:55+00:00\" \/>\n<meta property=\"article:modified_time\" content=\"2019-09-05T20:44:57+00:00\" \/>\n<meta property=\"og:image\" content=\"https:\/\/hotnewsinworld.com\/hu\/wp-content\/uploads\/sites\/3\/2019\/09\/Magyarorsz\u00e1g-biztons\u00e1ga-\u00e9rdek\u00e9ben-a-korm\u00e1ny-meghosszabb\u00edtja-a-t\u00f6meges-bev\u00e1ndorl\u00e1s-okozta.jpg\" \/>\n\t<meta property=\"og:image:width\" content=\"1280\" \/>\n\t<meta property=\"og:image:height\" content=\"850\" \/>\n\t<meta property=\"og:image:type\" content=\"image\/jpeg\" \/>\n<meta name=\"author\" content=\"hotnewsinworld\" \/>\n<meta name=\"twitter:card\" content=\"summary_large_image\" \/>\n<meta name=\"twitter:label1\" content=\"Szerz\u0151:\" \/>\n\t<meta name=\"twitter:data1\" content=\"hotnewsinworld\" \/>\n\t<meta name=\"twitter:label2\" content=\"Becs\u00fclt olvas\u00e1si id\u0151\" \/>\n\t<meta name=\"twitter:data2\" content=\"2 perc\" \/>\n<script type=\"application\/ld+json\" class=\"yoast-schema-graph\">{\"@context\":\"https:\\\/\\\/schema.org\",\"@graph\":[{\"@type\":\"Article\",\"@id\":\"https:\\\/\\\/hotnewsinworld.com\\\/hu\\\/magyarorszag-biztonsaga-erdekeben-a-kormany-meghosszabbitja-a-tomeges-bevandorlas-okozta-valsaghelyzetet\\\/#article\",\"isPartOf\":{\"@id\":\"https:\\\/\\\/hotnewsinworld.com\\\/hu\\\/magyarorszag-biztonsaga-erdekeben-a-kormany-meghosszabbitja-a-tomeges-bevandorlas-okozta-valsaghelyzetet\\\/\"},\"author\":{\"name\":\"hotnewsinworld\",\"@id\":\"https:\\\/\\\/hotnewsinworld.com\\\/hu\\\/#\\\/schema\\\/person\\\/fe61448b21c0d59086e75fcc1f9d8f6b\"},\"headline\":\"Magyarorsz\u00e1g biztons\u00e1ga \u00e9rdek\u00e9ben a korm\u00e1ny meghosszabb\u00edtja a t\u00f6meges bev\u00e1ndorl\u00e1s okozta v\u00e1ls\u00e1ghelyzetet-\",\"datePublished\":\"2019-09-05T20:44:55+00:00\",\"dateModified\":\"2019-09-05T20:44:57+00:00\",\"mainEntityOfPage\":{\"@id\":\"https:\\\/\\\/hotnewsinworld.com\\\/hu\\\/magyarorszag-biztonsaga-erdekeben-a-kormany-meghosszabbitja-a-tomeges-bevandorlas-okozta-valsaghelyzetet\\\/\"},\"wordCount\":343,\"commentCount\":0,\"image\":{\"@id\":\"https:\\\/\\\/hotnewsinworld.com\\\/hu\\\/magyarorszag-biztonsaga-erdekeben-a-kormany-meghosszabbitja-a-tomeges-bevandorlas-okozta-valsaghelyzetet\\\/#primaryimage\"},\"thumbnailUrl\":\"https:\\\/\\\/hotnewsinworld.com\\\/hu\\\/wp-content\\\/uploads\\\/sites\\\/3\\\/2019\\\/09\\\/Magyarorsz\u00e1g-biztons\u00e1ga-\u00e9rdek\u00e9ben-a-korm\u00e1ny-meghosszabb\u00edtja-a-t\u00f6meges-bev\u00e1ndorl\u00e1s-okozta.jpg\",\"articleSection\":[\"LEG\u00daJABB P\u00c9NZ\u00dcGYI H\u00cdREK\"],\"inLanguage\":\"hu\",\"potentialAction\":[{\"@type\":\"CommentAction\",\"name\":\"Comment\",\"target\":[\"https:\\\/\\\/hotnewsinworld.com\\\/hu\\\/magyarorszag-biztonsaga-erdekeben-a-kormany-meghosszabbitja-a-tomeges-bevandorlas-okozta-valsaghelyzetet\\\/#respond\"]}]},{\"@type\":\"WebPage\",\"@id\":\"https:\\\/\\\/hotnewsinworld.com\\\/hu\\\/magyarorszag-biztonsaga-erdekeben-a-kormany-meghosszabbitja-a-tomeges-bevandorlas-okozta-valsaghelyzetet\\\/\",\"url\":\"https:\\\/\\\/hotnewsinworld.com\\\/hu\\\/magyarorszag-biztonsaga-erdekeben-a-kormany-meghosszabbitja-a-tomeges-bevandorlas-okozta-valsaghelyzetet\\\/\",\"name\":\"Magyarorsz\u00e1g biztons\u00e1ga \u00e9rdek\u00e9ben a korm\u00e1ny meghosszabb\u00edtja a t\u00f6meges bev\u00e1ndorl\u00e1s okozta v\u00e1ls\u00e1ghelyzetet- Hot News in World\",\"isPartOf\":{\"@id\":\"https:\\\/\\\/hotnewsinworld.com\\\/hu\\\/#website\"},\"primaryImageOfPage\":{\"@id\":\"https:\\\/\\\/hotnewsinworld.com\\\/hu\\\/magyarorszag-biztonsaga-erdekeben-a-kormany-meghosszabbitja-a-tomeges-bevandorlas-okozta-valsaghelyzetet\\\/#primaryimage\"},\"image\":{\"@id\":\"https:\\\/\\\/hotnewsinworld.com\\\/hu\\\/magyarorszag-biztonsaga-erdekeben-a-kormany-meghosszabbitja-a-tomeges-bevandorlas-okozta-valsaghelyzetet\\\/#primaryimage\"},\"thumbnailUrl\":\"https:\\\/\\\/hotnewsinworld.com\\\/hu\\\/wp-content\\\/uploads\\\/sites\\\/3\\\/2019\\\/09\\\/Magyarorsz\u00e1g-biztons\u00e1ga-\u00e9rdek\u00e9ben-a-korm\u00e1ny-meghosszabb\u00edtja-a-t\u00f6meges-bev\u00e1ndorl\u00e1s-okozta.jpg\",\"datePublished\":\"2019-09-05T20:44:55+00:00\",\"dateModified\":\"2019-09-05T20:44:57+00:00\",\"author\":{\"@id\":\"https:\\\/\\\/hotnewsinworld.com\\\/hu\\\/#\\\/schema\\\/person\\\/fe61448b21c0d59086e75fcc1f9d8f6b\"},\"breadcrumb\":{\"@id\":\"https:\\\/\\\/hotnewsinworld.com\\\/hu\\\/magyarorszag-biztonsaga-erdekeben-a-kormany-meghosszabbitja-a-tomeges-bevandorlas-okozta-valsaghelyzetet\\\/#breadcrumb\"},\"inLanguage\":\"hu\",\"potentialAction\":[{\"@type\":\"ReadAction\",\"target\":[\"https:\\\/\\\/hotnewsinworld.com\\\/hu\\\/magyarorszag-biztonsaga-erdekeben-a-kormany-meghosszabbitja-a-tomeges-bevandorlas-okozta-valsaghelyzetet\\\/\"]}]},{\"@type\":\"ImageObject\",\"inLanguage\":\"hu\",\"@id\":\"https:\\\/\\\/hotnewsinworld.com\\\/hu\\\/magyarorszag-biztonsaga-erdekeben-a-kormany-meghosszabbitja-a-tomeges-bevandorlas-okozta-valsaghelyzetet\\\/#primaryimage\",\"url\":\"https:\\\/\\\/hotnewsinworld.com\\\/hu\\\/wp-content\\\/uploads\\\/sites\\\/3\\\/2019\\\/09\\\/Magyarorsz\u00e1g-biztons\u00e1ga-\u00e9rdek\u00e9ben-a-korm\u00e1ny-meghosszabb\u00edtja-a-t\u00f6meges-bev\u00e1ndorl\u00e1s-okozta.jpg\",\"contentUrl\":\"https:\\\/\\\/hotnewsinworld.com\\\/hu\\\/wp-content\\\/uploads\\\/sites\\\/3\\\/2019\\\/09\\\/Magyarorsz\u00e1g-biztons\u00e1ga-\u00e9rdek\u00e9ben-a-korm\u00e1ny-meghosszabb\u00edtja-a-t\u00f6meges-bev\u00e1ndorl\u00e1s-okozta.jpg\",\"width\":1280,\"height\":850,\"caption\":\"Magyarorsz\u00e1g biztons\u00e1ga \u00e9rdek\u00e9ben a korm\u00e1ny meghosszabb\u00edtja a t\u00f6meges bev\u00e1ndorl\u00e1s okozta v\u00e1ls\u00e1ghelyzetet-\"},{\"@type\":\"BreadcrumbList\",\"@id\":\"https:\\\/\\\/hotnewsinworld.com\\\/hu\\\/magyarorszag-biztonsaga-erdekeben-a-kormany-meghosszabbitja-a-tomeges-bevandorlas-okozta-valsaghelyzetet\\\/#breadcrumb\",\"itemListElement\":[{\"@type\":\"ListItem\",\"position\":1,\"name\":\"\u0413\u043b\u0430\u0432\u043d\u0430\u044f \u0441\u0442\u0440\u0430\u043d\u0438\u0446\u0430\",\"item\":\"https:\\\/\\\/hotnewsinworld.com\\\/hu\\\/\"},{\"@type\":\"ListItem\",\"position\":2,\"name\":\"Magyarorsz\u00e1g biztons\u00e1ga \u00e9rdek\u00e9ben a korm\u00e1ny meghosszabb\u00edtja a t\u00f6meges bev\u00e1ndorl\u00e1s okozta v\u00e1ls\u00e1ghelyzetet-\"}]},{\"@type\":\"WebSite\",\"@id\":\"https:\\\/\\\/hotnewsinworld.com\\\/hu\\\/#website\",\"url\":\"https:\\\/\\\/hotnewsinworld.com\\\/hu\\\/\",\"name\":\"Hot News in World\",\"description\":\"Hot News in World from Hungary\",\"potentialAction\":[{\"@type\":\"SearchAction\",\"target\":{\"@type\":\"EntryPoint\",\"urlTemplate\":\"https:\\\/\\\/hotnewsinworld.com\\\/hu\\\/?s={search_term_string}\"},\"query-input\":{\"@type\":\"PropertyValueSpecification\",\"valueRequired\":true,\"valueName\":\"search_term_string\"}}],\"inLanguage\":\"hu\"},{\"@type\":\"Person\",\"@id\":\"https:\\\/\\\/hotnewsinworld.com\\\/hu\\\/#\\\/schema\\\/person\\\/fe61448b21c0d59086e75fcc1f9d8f6b\",\"name\":\"hotnewsinworld\",\"image\":{\"@type\":\"ImageObject\",\"inLanguage\":\"hu\",\"@id\":\"https:\\\/\\\/secure.gravatar.com\\\/avatar\\\/8a09ac165600ce2e1c38fe593c63928eb1e6e7ba5c5a907d67787c41b3d00c14?s=96&d=mm&r=g\",\"url\":\"https:\\\/\\\/secure.gravatar.com\\\/avatar\\\/8a09ac165600ce2e1c38fe593c63928eb1e6e7ba5c5a907d67787c41b3d00c14?s=96&d=mm&r=g\",\"contentUrl\":\"https:\\\/\\\/secure.gravatar.com\\\/avatar\\\/8a09ac165600ce2e1c38fe593c63928eb1e6e7ba5c5a907d67787c41b3d00c14?s=96&d=mm&r=g\",\"caption\":\"hotnewsinworld\"},\"url\":\"https:\\\/\\\/hotnewsinworld.com\\\/hu\\\/author\\\/pt\\\/\"}]}<\/script>\n<!-- \/ Yoast SEO plugin. -->","yoast_head_json":{"title":"Magyarorsz\u00e1g biztons\u00e1ga \u00e9rdek\u00e9ben a korm\u00e1ny meghosszabb\u00edtja a t\u00f6meges bev\u00e1ndorl\u00e1s okozta v\u00e1ls\u00e1ghelyzetet- Hot News in World","robots":{"index":"index","follow":"follow","max-snippet":"max-snippet:-1","max-image-preview":"max-image-preview:large","max-video-preview":"max-video-preview:-1"},"canonical":"https:\/\/hotnewsinworld.com\/hu\/magyarorszag-biztonsaga-erdekeben-a-kormany-meghosszabbitja-a-tomeges-bevandorlas-okozta-valsaghelyzetet\/","og_locale":"hu_HU","og_type":"article","og_title":"Magyarorsz\u00e1g biztons\u00e1ga \u00e9rdek\u00e9ben a korm\u00e1ny meghosszabb\u00edtja a t\u00f6meges bev\u00e1ndorl\u00e1s okozta v\u00e1ls\u00e1ghelyzetet- Hot News in World","og_description":"Magyarorsz\u00e1g biztons\u00e1ga \u00e9s hat\u00e1rv\u00e9delme \u00e9rdek\u00e9ben a korm\u00e1ny meghosszabb\u00edtja a Magyarorsz\u00e1g eg\u00e9sz ter\u00fclet\u00e9re elrendelt, t\u00f6meges bev\u00e1ndorl\u00e1s okozta v\u00e1ls\u00e1ghelyzetet &#8211; k\u00f6z\u00f6lte a Korm\u00e1nyzati T\u00e1j\u00e9koztat\u00e1si K\u00f6zpont cs\u00fct\u00f6rt\u00f6k\u00f6n. A hosszabb\u00edt\u00e1sr\u00f3l sz\u00f3l\u00f3 korm\u00e1nyrendelet megjelent a Magyar K\u00f6zl\u00f6ny cs\u00fct\u00f6rt\u00f6ki sz\u00e1m\u00e1ban, e szerint a v\u00e1ls\u00e1ghelyzetet 2020. m\u00e1rcius 7-ig hosszabb\u00edtj\u00e1k meg. A Korm\u00e1nyzati T\u00e1j\u00e9koztat\u00e1si K\u00f6zpont k\u00f6zlem\u00e9ny\u00e9ben azt \u00edrt\u00e1k: az illeg\u00e1lis hat\u00e1r\u00e1tl\u00e9p\u00e9si k\u00eds\u00e9rletek tov\u00e1bbra [&hellip;]","og_url":"https:\/\/hotnewsinworld.com\/hu\/magyarorszag-biztonsaga-erdekeben-a-kormany-meghosszabbitja-a-tomeges-bevandorlas-okozta-valsaghelyzetet\/","og_site_name":"Hot News in World","article_published_time":"2019-09-05T20:44:55+00:00","article_modified_time":"2019-09-05T20:44:57+00:00","og_image":[{"width":1280,"height":850,"url":"https:\/\/hotnewsinworld.com\/hu\/wp-content\/uploads\/sites\/3\/2019\/09\/Magyarorsz\u00e1g-biztons\u00e1ga-\u00e9rdek\u00e9ben-a-korm\u00e1ny-meghosszabb\u00edtja-a-t\u00f6meges-bev\u00e1ndorl\u00e1s-okozta.jpg","type":"image\/jpeg"}],"author":"hotnewsinworld","twitter_card":"summary_large_image","twitter_misc":{"Szerz\u0151:":"hotnewsinworld","Becs\u00fclt olvas\u00e1si id\u0151":"2 perc"},"schema":{"@context":"https:\/\/schema.org","@graph":[{"@type":"Article","@id":"https:\/\/hotnewsinworld.com\/hu\/magyarorszag-biztonsaga-erdekeben-a-kormany-meghosszabbitja-a-tomeges-bevandorlas-okozta-valsaghelyzetet\/#article","isPartOf":{"@id":"https:\/\/hotnewsinworld.com\/hu\/magyarorszag-biztonsaga-erdekeben-a-kormany-meghosszabbitja-a-tomeges-bevandorlas-okozta-valsaghelyzetet\/"},"author":{"name":"hotnewsinworld","@id":"https:\/\/hotnewsinworld.com\/hu\/#\/schema\/person\/fe61448b21c0d59086e75fcc1f9d8f6b"},"headline":"Magyarorsz\u00e1g biztons\u00e1ga \u00e9rdek\u00e9ben a korm\u00e1ny meghosszabb\u00edtja a t\u00f6meges bev\u00e1ndorl\u00e1s okozta v\u00e1ls\u00e1ghelyzetet-","datePublished":"2019-09-05T20:44:55+00:00","dateModified":"2019-09-05T20:44:57+00:00","mainEntityOfPage":{"@id":"https:\/\/hotnewsinworld.com\/hu\/magyarorszag-biztonsaga-erdekeben-a-kormany-meghosszabbitja-a-tomeges-bevandorlas-okozta-valsaghelyzetet\/"},"wordCount":343,"commentCount":0,"image":{"@id":"https:\/\/hotnewsinworld.com\/hu\/magyarorszag-biztonsaga-erdekeben-a-kormany-meghosszabbitja-a-tomeges-bevandorlas-okozta-valsaghelyzetet\/#primaryimage"},"thumbnailUrl":"https:\/\/hotnewsinworld.com\/hu\/wp-content\/uploads\/sites\/3\/2019\/09\/Magyarorsz\u00e1g-biztons\u00e1ga-\u00e9rdek\u00e9ben-a-korm\u00e1ny-meghosszabb\u00edtja-a-t\u00f6meges-bev\u00e1ndorl\u00e1s-okozta.jpg","articleSection":["LEG\u00daJABB P\u00c9NZ\u00dcGYI H\u00cdREK"],"inLanguage":"hu","potentialAction":[{"@type":"CommentAction","name":"Comment","target":["https:\/\/hotnewsinworld.com\/hu\/magyarorszag-biztonsaga-erdekeben-a-kormany-meghosszabbitja-a-tomeges-bevandorlas-okozta-valsaghelyzetet\/#respond"]}]},{"@type":"WebPage","@id":"https:\/\/hotnewsinworld.com\/hu\/magyarorszag-biztonsaga-erdekeben-a-kormany-meghosszabbitja-a-tomeges-bevandorlas-okozta-valsaghelyzetet\/","url":"https:\/\/hotnewsinworld.com\/hu\/magyarorszag-biztonsaga-erdekeben-a-kormany-meghosszabbitja-a-tomeges-bevandorlas-okozta-valsaghelyzetet\/","name":"Magyarorsz\u00e1g biztons\u00e1ga \u00e9rdek\u00e9ben a korm\u00e1ny meghosszabb\u00edtja a t\u00f6meges bev\u00e1ndorl\u00e1s okozta v\u00e1ls\u00e1ghelyzetet- Hot News in World","isPartOf":{"@id":"https:\/\/hotnewsinworld.com\/hu\/#website"},"primaryImageOfPage":{"@id":"https:\/\/hotnewsinworld.com\/hu\/magyarorszag-biztonsaga-erdekeben-a-kormany-meghosszabbitja-a-tomeges-bevandorlas-okozta-valsaghelyzetet\/#primaryimage"},"image":{"@id":"https:\/\/hotnewsinworld.com\/hu\/magyarorszag-biztonsaga-erdekeben-a-kormany-meghosszabbitja-a-tomeges-bevandorlas-okozta-valsaghelyzetet\/#primaryimage"},"thumbnailUrl":"https:\/\/hotnewsinworld.com\/hu\/wp-content\/uploads\/sites\/3\/2019\/09\/Magyarorsz\u00e1g-biztons\u00e1ga-\u00e9rdek\u00e9ben-a-korm\u00e1ny-meghosszabb\u00edtja-a-t\u00f6meges-bev\u00e1ndorl\u00e1s-okozta.jpg","datePublished":"2019-09-05T20:44:55+00:00","dateModified":"2019-09-05T20:44:57+00:00","author":{"@id":"https:\/\/hotnewsinworld.com\/hu\/#\/schema\/person\/fe61448b21c0d59086e75fcc1f9d8f6b"},"breadcrumb":{"@id":"https:\/\/hotnewsinworld.com\/hu\/magyarorszag-biztonsaga-erdekeben-a-kormany-meghosszabbitja-a-tomeges-bevandorlas-okozta-valsaghelyzetet\/#breadcrumb"},"inLanguage":"hu","potentialAction":[{"@type":"ReadAction","target":["https:\/\/hotnewsinworld.com\/hu\/magyarorszag-biztonsaga-erdekeben-a-kormany-meghosszabbitja-a-tomeges-bevandorlas-okozta-valsaghelyzetet\/"]}]},{"@type":"ImageObject","inLanguage":"hu","@id":"https:\/\/hotnewsinworld.com\/hu\/magyarorszag-biztonsaga-erdekeben-a-kormany-meghosszabbitja-a-tomeges-bevandorlas-okozta-valsaghelyzetet\/#primaryimage","url":"https:\/\/hotnewsinworld.com\/hu\/wp-content\/uploads\/sites\/3\/2019\/09\/Magyarorsz\u00e1g-biztons\u00e1ga-\u00e9rdek\u00e9ben-a-korm\u00e1ny-meghosszabb\u00edtja-a-t\u00f6meges-bev\u00e1ndorl\u00e1s-okozta.jpg","contentUrl":"https:\/\/hotnewsinworld.com\/hu\/wp-content\/uploads\/sites\/3\/2019\/09\/Magyarorsz\u00e1g-biztons\u00e1ga-\u00e9rdek\u00e9ben-a-korm\u00e1ny-meghosszabb\u00edtja-a-t\u00f6meges-bev\u00e1ndorl\u00e1s-okozta.jpg","width":1280,"height":850,"caption":"Magyarorsz\u00e1g biztons\u00e1ga \u00e9rdek\u00e9ben a korm\u00e1ny meghosszabb\u00edtja a t\u00f6meges bev\u00e1ndorl\u00e1s okozta v\u00e1ls\u00e1ghelyzetet-"},{"@type":"BreadcrumbList","@id":"https:\/\/hotnewsinworld.com\/hu\/magyarorszag-biztonsaga-erdekeben-a-kormany-meghosszabbitja-a-tomeges-bevandorlas-okozta-valsaghelyzetet\/#breadcrumb","itemListElement":[{"@type":"ListItem","position":1,"name":"\u0413\u043b\u0430\u0432\u043d\u0430\u044f \u0441\u0442\u0440\u0430\u043d\u0438\u0446\u0430","item":"https:\/\/hotnewsinworld.com\/hu\/"},{"@type":"ListItem","position":2,"name":"Magyarorsz\u00e1g biztons\u00e1ga \u00e9rdek\u00e9ben a korm\u00e1ny meghosszabb\u00edtja a t\u00f6meges bev\u00e1ndorl\u00e1s okozta v\u00e1ls\u00e1ghelyzetet-"}]},{"@type":"WebSite","@id":"https:\/\/hotnewsinworld.com\/hu\/#website","url":"https:\/\/hotnewsinworld.com\/hu\/","name":"Hot News in World","description":"Hot News in World from Hungary","potentialAction":[{"@type":"SearchAction","target":{"@type":"EntryPoint","urlTemplate":"https:\/\/hotnewsinworld.com\/hu\/?s={search_term_string}"},"query-input":{"@type":"PropertyValueSpecification","valueRequired":true,"valueName":"search_term_string"}}],"inLanguage":"hu"},{"@type":"Person","@id":"https:\/\/hotnewsinworld.com\/hu\/#\/schema\/person\/fe61448b21c0d59086e75fcc1f9d8f6b","name":"hotnewsinworld","image":{"@type":"ImageObject","inLanguage":"hu","@id":"https:\/\/secure.gravatar.com\/avatar\/8a09ac165600ce2e1c38fe593c63928eb1e6e7ba5c5a907d67787c41b3d00c14?s=96&d=mm&r=g","url":"https:\/\/secure.gravatar.com\/avatar\/8a09ac165600ce2e1c38fe593c63928eb1e6e7ba5c5a907d67787c41b3d00c14?s=96&d=mm&r=g","contentUrl":"https:\/\/secure.gravatar.com\/avatar\/8a09ac165600ce2e1c38fe593c63928eb1e6e7ba5c5a907d67787c41b3d00c14?s=96&d=mm&r=g","caption":"hotnewsinworld"},"url":"https:\/\/hotnewsinworld.com\/hu\/author\/pt\/"}]}},"_links":{"self":[{"href":"https:\/\/hotnewsinworld.com\/hu\/wp-json\/wp\/v2\/posts\/1670","targetHints":{"allow":["GET"]}}],"collection":[{"href":"https:\/\/hotnewsinworld.com\/hu\/wp-json\/wp\/v2\/posts"}],"about":[{"href":"https:\/\/hotnewsinworld.com\/hu\/wp-json\/wp\/v2\/types\/post"}],"author":[{"embeddable":true,"href":"https:\/\/hotnewsinworld.com\/hu\/wp-json\/wp\/v2\/users\/2"}],"replies":[{"embeddable":true,"href":"https:\/\/hotnewsinworld.com\/hu\/wp-json\/wp\/v2\/comments?post=1670"}],"version-history":[{"count":1,"href":"https:\/\/hotnewsinworld.com\/hu\/wp-json\/wp\/v2\/posts\/1670\/revisions"}],"predecessor-version":[{"id":1672,"href":"https:\/\/hotnewsinworld.com\/hu\/wp-json\/wp\/v2\/posts\/1670\/revisions\/1672"}],"wp:featuredmedia":[{"embeddable":true,"href":"https:\/\/hotnewsinworld.com\/hu\/wp-json\/wp\/v2\/media\/1671"}],"wp:attachment":[{"href":"https:\/\/hotnewsinworld.com\/hu\/wp-json\/wp\/v2\/media?parent=1670"}],"wp:term":[{"taxonomy":"category","embeddable":true,"href":"https:\/\/hotnewsinworld.com\/hu\/wp-json\/wp\/v2\/categories?post=1670"},{"taxonomy":"post_tag","embeddable":true,"href":"https:\/\/hotnewsinworld.com\/hu\/wp-json\/wp\/v2\/tags?post=1670"}],"curies":[{"name":"wp","href":"https:\/\/api.w.org\/{rel}","templated":true}]}}