{"id":1676,"date":"2019-09-06T02:24:19","date_gmt":"2019-09-05T23:24:19","guid":{"rendered":"https:\/\/hotnewsinworld.com\/hu\/novak-katalin-a-demografia-a-legfontosabb-ugy\/"},"modified":"2019-09-06T02:24:20","modified_gmt":"2019-09-05T23:24:20","slug":"novak-katalin-a-demografia-a-legfontosabb-ugy","status":"publish","type":"post","link":"https:\/\/hotnewsinworld.com\/hu\/novak-katalin-a-demografia-a-legfontosabb-ugy\/","title":{"rendered":"Nov\u00e1k Katalin: A demogr\u00e1fia a legfontosabb \u00fcgy"},"content":{"rendered":"<p> <span class=\"entry-author\"><span>F\u00e1bi\u00e1n Eszter<\/span><\/span>, <span class=\"posted-on\"><time class=\"entry-date published updated\" datetime=\"2019-09-06T00:01:25+00:00\">2019. 09. 06. 00:01<\/time><\/span><\/p>\n<div>\n<div style=\"max-width: 380px\" class=\"wp-caption alignright\"><\/div>\n<p><strong>A n\u00e9pesed\u00e9si kih\u00edv\u00e1sokra adott v\u00e1laszaink hat\u00e1rozz\u00e1k meg a j\u00f6v\u0151nket mind kultur\u00e1lis, mind gazdas\u00e1gi, mind t\u00e1rsadalmi szempontb\u00f3l \u2013 mondta Nov\u00e1k Katalin, az Emmi \u00e1llamtitk\u00e1ra.<\/strong><span id=\"more-936505\"\/><\/p>\n<p>\u2013 2019-ben a demogr\u00e1fia m\u00e1r nem csup\u00e1n egy \u00fcgy a sok k\u00f6z\u00fcl, hanem a legfontosabb k\u00f6z\u00f6s \u00fcgy\u00fcnk.<br \/>Ma a nyugati vil\u00e1gban sehol nem sz\u00fcletik elegend\u0151 gyermek, Eur\u00f3pa az \u201e\u00fcres b\u00f6lcs\u0151k\u201d kontinens\u00e9v\u00e9 v\u00e1lt, m\u00edg Afrika \u00e9s \u00c1zsia orsz\u00e1gait a n\u00e9pess\u00e9gn\u00f6veked\u00e9s \u00e1ll\u00edtja kih\u00edv\u00e1sok el\u00e9 \u2013 fogalmazott Nov\u00e1k Katalin a demogr\u00e1fiai konferenci\u00e1n.<\/p>\n<p><br style=\"clear: both; display: block; float: none; color:blue;\"\/><\/p>\n<blockquote class=\"kopa-blockquote style1\">\n<p><strong>M\u00e1r \u00e9rz\u00e9kelhet\u0151 a magyar csal\u00e1dpolitika eredm\u00e9nyess\u00e9ge<\/strong><\/p>\n<p>A magyar csal\u00e1dpolitika eredm\u00e9nyess\u00e9ge m\u00e1r jelenleg is \u00e9rz\u00e9kelhet\u0151, eur\u00f3pai uni\u00f3s \u00f6sszehasonl\u00edt\u00e1sban is szignifik\u00e1ns m\u00e9rt\u00e9k\u0171 a teljes term\u00e9kenys\u00e9gi ar\u00e1nysz\u00e1m 2011-t\u0151l bek\u00f6vetkezett javul\u00e1sa \u2013 der\u00fclt ki az \u00c1llami Sz\u00e1mvev\u0151sz\u00e9k elemz\u00e9s\u00e9b\u0151l.<\/p>\n<p>N\u0151tt a sz\u00fclet\u00e9sek sz\u00e1ma, ugyanis a sz\u00fcl\u0151k\u00e9pes kor\u00fa n\u0151kre jut\u00f3 gyermeksz\u00fclet\u00e9sek sz\u00e1ma Magyarorsz\u00e1gon 2011 \u00e9s 2018 k\u00f6z\u00f6tt 21 sz\u00e1zal\u00e9kkal n\u0151tt, a 2011-es m\u00e9lypontj\u00e1r\u00f3l, 1,23-r\u00f3l, 2018-ra fokozatosan 1,49-re emelkedett.<\/p>\n<p>Az elemz\u00e9sb\u0151l az is kider\u00fclt, hogy ebben az id\u0151szakban a komplex int\u00e9zked\u00e9sek eredm\u00e9nyek\u00e9nt a csal\u00e1dt\u00e1mogat\u00e1sra ford\u00edtott k\u00f6lts\u00e9gvet\u00e9si forr\u00e1sok, ad\u00f3- \u00e9s j\u00e1rul\u00e9kkedvezm\u00e9nyek ar\u00e1nya a GDP-ben folyamatosan emelkedett: a 2010-es 3,5 sz\u00e1zal\u00e9kr\u00f3l, 2018-ban 4,8 sz\u00e1zal\u00e9kra n\u0151tt.<\/p>\n<\/blockquote>\n<p><span style=\"text-decoration: underline;\"><strong>Tov\u00e1bbi cikkek:<\/strong><\/span><\/p>\n<p><strong>\u00a0<\/strong><\/p>\n<\/div>\n<p><script>(function(d, s, id) {\n  var js, fjs = d.getElementsByTagName(s)[0];\n  if (d.getElementById(id)) return;\n  js = d.createElement(s); js.id = id;\n  js.src = \"http:\/\/connect.facebook.net\/hu_HU\/sdk.js#xfbml=1&version=v2.3\";\n  fjs.parentNode.insertBefore(js, fjs);\n}(document, 'script', 'facebook-jssdk'));<\/script><br \/>\n<br \/><a href=\"https:\/\/hirek.oldal.info\/rssclick\/14373485\" rel=\"nofollow\">Source link <\/a><\/p>\n","protected":false},"excerpt":{"rendered":"<p>F\u00e1bi\u00e1n Eszter, 2019. 09. 06. 00:01 A n\u00e9pesed\u00e9si kih\u00edv\u00e1sokra adott v\u00e1laszaink hat\u00e1rozz\u00e1k meg a j\u00f6v\u0151nket mind kultur\u00e1lis, mind gazdas\u00e1gi, mind t\u00e1rsadalmi szempontb\u00f3l \u2013 mondta Nov\u00e1k Katalin, az Emmi \u00e1llamtitk\u00e1ra. \u2013 2019-ben a demogr\u00e1fia m\u00e1r nem csup\u00e1n egy \u00fcgy a sok k\u00f6z\u00fcl, hanem a legfontosabb k\u00f6z\u00f6s \u00fcgy\u00fcnk.Ma a nyugati vil\u00e1gban sehol nem sz\u00fcletik elegend\u0151 gyermek, Eur\u00f3pa [&hellip;]<\/p>\n","protected":false},"author":2,"featured_media":1677,"comment_status":"open","ping_status":"open","sticky":false,"template":"","format":"standard","meta":{"footnotes":""},"categories":[1],"tags":[],"class_list":["post-1676","post","type-post","status-publish","format-standard","has-post-thumbnail","hentry","category-legujabb-penzugyi-hirek"],"yoast_head":"<!-- This site is optimized with the Yoast SEO plugin v27.4 - https:\/\/yoast.com\/product\/yoast-seo-wordpress\/ -->\n<title>Nov\u00e1k Katalin: A demogr\u00e1fia a legfontosabb \u00fcgy - Hot News in World<\/title>\n<meta name=\"robots\" content=\"index, follow, max-snippet:-1, max-image-preview:large, max-video-preview:-1\" \/>\n<link rel=\"canonical\" href=\"https:\/\/hotnewsinworld.com\/hu\/novak-katalin-a-demografia-a-legfontosabb-ugy\/\" \/>\n<meta property=\"og:locale\" content=\"hu_HU\" \/>\n<meta property=\"og:type\" content=\"article\" \/>\n<meta property=\"og:title\" content=\"Nov\u00e1k Katalin: A demogr\u00e1fia a legfontosabb \u00fcgy - Hot News in World\" \/>\n<meta property=\"og:description\" content=\"F\u00e1bi\u00e1n Eszter, 2019. 09. 06. 00:01 A n\u00e9pesed\u00e9si kih\u00edv\u00e1sokra adott v\u00e1laszaink hat\u00e1rozz\u00e1k meg a j\u00f6v\u0151nket mind kultur\u00e1lis, mind gazdas\u00e1gi, mind t\u00e1rsadalmi szempontb\u00f3l \u2013 mondta Nov\u00e1k Katalin, az Emmi \u00e1llamtitk\u00e1ra. \u2013 2019-ben a demogr\u00e1fia m\u00e1r nem csup\u00e1n egy \u00fcgy a sok k\u00f6z\u00fcl, hanem a legfontosabb k\u00f6z\u00f6s \u00fcgy\u00fcnk.Ma a nyugati vil\u00e1gban sehol nem sz\u00fcletik elegend\u0151 gyermek, Eur\u00f3pa [&hellip;]\" \/>\n<meta property=\"og:url\" content=\"https:\/\/hotnewsinworld.com\/hu\/novak-katalin-a-demografia-a-legfontosabb-ugy\/\" \/>\n<meta property=\"og:site_name\" content=\"Hot News in World\" \/>\n<meta property=\"article:published_time\" content=\"2019-09-05T23:24:19+00:00\" \/>\n<meta property=\"article:modified_time\" content=\"2019-09-05T23:24:20+00:00\" \/>\n<meta property=\"og:image\" content=\"https:\/\/hotnewsinworld.com\/hu\/wp-content\/uploads\/sites\/3\/2019\/09\/Nov\u00e1k-Katalin-A-demogr\u00e1fia-a-legfontosabb-\u00fcgy.jpg\" \/>\n\t<meta property=\"og:image:width\" content=\"400\" \/>\n\t<meta property=\"og:image:height\" content=\"283\" \/>\n\t<meta property=\"og:image:type\" content=\"image\/jpeg\" \/>\n<meta name=\"author\" content=\"hotnewsinworld\" \/>\n<meta name=\"twitter:card\" content=\"summary_large_image\" \/>\n<meta name=\"twitter:label1\" content=\"Szerz\u0151:\" \/>\n\t<meta name=\"twitter:data1\" content=\"hotnewsinworld\" \/>\n\t<meta name=\"twitter:label2\" content=\"Becs\u00fclt olvas\u00e1si id\u0151\" \/>\n\t<meta name=\"twitter:data2\" content=\"1 perc\" \/>\n<script type=\"application\/ld+json\" class=\"yoast-schema-graph\">{\"@context\":\"https:\\\/\\\/schema.org\",\"@graph\":[{\"@type\":\"Article\",\"@id\":\"https:\\\/\\\/hotnewsinworld.com\\\/hu\\\/novak-katalin-a-demografia-a-legfontosabb-ugy\\\/#article\",\"isPartOf\":{\"@id\":\"https:\\\/\\\/hotnewsinworld.com\\\/hu\\\/novak-katalin-a-demografia-a-legfontosabb-ugy\\\/\"},\"author\":{\"name\":\"hotnewsinworld\",\"@id\":\"https:\\\/\\\/hotnewsinworld.com\\\/hu\\\/#\\\/schema\\\/person\\\/fe61448b21c0d59086e75fcc1f9d8f6b\"},\"headline\":\"Nov\u00e1k Katalin: A demogr\u00e1fia a legfontosabb \u00fcgy\",\"datePublished\":\"2019-09-05T23:24:19+00:00\",\"dateModified\":\"2019-09-05T23:24:20+00:00\",\"mainEntityOfPage\":{\"@id\":\"https:\\\/\\\/hotnewsinworld.com\\\/hu\\\/novak-katalin-a-demografia-a-legfontosabb-ugy\\\/\"},\"wordCount\":298,\"commentCount\":0,\"image\":{\"@id\":\"https:\\\/\\\/hotnewsinworld.com\\\/hu\\\/novak-katalin-a-demografia-a-legfontosabb-ugy\\\/#primaryimage\"},\"thumbnailUrl\":\"https:\\\/\\\/hotnewsinworld.com\\\/hu\\\/wp-content\\\/uploads\\\/sites\\\/3\\\/2019\\\/09\\\/Nov\u00e1k-Katalin-A-demogr\u00e1fia-a-legfontosabb-\u00fcgy.jpg\",\"articleSection\":[\"LEG\u00daJABB P\u00c9NZ\u00dcGYI H\u00cdREK\"],\"inLanguage\":\"hu\",\"potentialAction\":[{\"@type\":\"CommentAction\",\"name\":\"Comment\",\"target\":[\"https:\\\/\\\/hotnewsinworld.com\\\/hu\\\/novak-katalin-a-demografia-a-legfontosabb-ugy\\\/#respond\"]}]},{\"@type\":\"WebPage\",\"@id\":\"https:\\\/\\\/hotnewsinworld.com\\\/hu\\\/novak-katalin-a-demografia-a-legfontosabb-ugy\\\/\",\"url\":\"https:\\\/\\\/hotnewsinworld.com\\\/hu\\\/novak-katalin-a-demografia-a-legfontosabb-ugy\\\/\",\"name\":\"Nov\u00e1k Katalin: A demogr\u00e1fia a legfontosabb \u00fcgy - Hot News in World\",\"isPartOf\":{\"@id\":\"https:\\\/\\\/hotnewsinworld.com\\\/hu\\\/#website\"},\"primaryImageOfPage\":{\"@id\":\"https:\\\/\\\/hotnewsinworld.com\\\/hu\\\/novak-katalin-a-demografia-a-legfontosabb-ugy\\\/#primaryimage\"},\"image\":{\"@id\":\"https:\\\/\\\/hotnewsinworld.com\\\/hu\\\/novak-katalin-a-demografia-a-legfontosabb-ugy\\\/#primaryimage\"},\"thumbnailUrl\":\"https:\\\/\\\/hotnewsinworld.com\\\/hu\\\/wp-content\\\/uploads\\\/sites\\\/3\\\/2019\\\/09\\\/Nov\u00e1k-Katalin-A-demogr\u00e1fia-a-legfontosabb-\u00fcgy.jpg\",\"datePublished\":\"2019-09-05T23:24:19+00:00\",\"dateModified\":\"2019-09-05T23:24:20+00:00\",\"author\":{\"@id\":\"https:\\\/\\\/hotnewsinworld.com\\\/hu\\\/#\\\/schema\\\/person\\\/fe61448b21c0d59086e75fcc1f9d8f6b\"},\"breadcrumb\":{\"@id\":\"https:\\\/\\\/hotnewsinworld.com\\\/hu\\\/novak-katalin-a-demografia-a-legfontosabb-ugy\\\/#breadcrumb\"},\"inLanguage\":\"hu\",\"potentialAction\":[{\"@type\":\"ReadAction\",\"target\":[\"https:\\\/\\\/hotnewsinworld.com\\\/hu\\\/novak-katalin-a-demografia-a-legfontosabb-ugy\\\/\"]}]},{\"@type\":\"ImageObject\",\"inLanguage\":\"hu\",\"@id\":\"https:\\\/\\\/hotnewsinworld.com\\\/hu\\\/novak-katalin-a-demografia-a-legfontosabb-ugy\\\/#primaryimage\",\"url\":\"https:\\\/\\\/hotnewsinworld.com\\\/hu\\\/wp-content\\\/uploads\\\/sites\\\/3\\\/2019\\\/09\\\/Nov\u00e1k-Katalin-A-demogr\u00e1fia-a-legfontosabb-\u00fcgy.jpg\",\"contentUrl\":\"https:\\\/\\\/hotnewsinworld.com\\\/hu\\\/wp-content\\\/uploads\\\/sites\\\/3\\\/2019\\\/09\\\/Nov\u00e1k-Katalin-A-demogr\u00e1fia-a-legfontosabb-\u00fcgy.jpg\",\"width\":400,\"height\":283,\"caption\":\"Nov\u00e1k Katalin: A demogr\u00e1fia a legfontosabb \u00fcgy\"},{\"@type\":\"BreadcrumbList\",\"@id\":\"https:\\\/\\\/hotnewsinworld.com\\\/hu\\\/novak-katalin-a-demografia-a-legfontosabb-ugy\\\/#breadcrumb\",\"itemListElement\":[{\"@type\":\"ListItem\",\"position\":1,\"name\":\"\u0413\u043b\u0430\u0432\u043d\u0430\u044f \u0441\u0442\u0440\u0430\u043d\u0438\u0446\u0430\",\"item\":\"https:\\\/\\\/hotnewsinworld.com\\\/hu\\\/\"},{\"@type\":\"ListItem\",\"position\":2,\"name\":\"Nov\u00e1k Katalin: A demogr\u00e1fia a legfontosabb \u00fcgy\"}]},{\"@type\":\"WebSite\",\"@id\":\"https:\\\/\\\/hotnewsinworld.com\\\/hu\\\/#website\",\"url\":\"https:\\\/\\\/hotnewsinworld.com\\\/hu\\\/\",\"name\":\"Hot News in World\",\"description\":\"Hot News in World from Hungary\",\"potentialAction\":[{\"@type\":\"SearchAction\",\"target\":{\"@type\":\"EntryPoint\",\"urlTemplate\":\"https:\\\/\\\/hotnewsinworld.com\\\/hu\\\/?s={search_term_string}\"},\"query-input\":{\"@type\":\"PropertyValueSpecification\",\"valueRequired\":true,\"valueName\":\"search_term_string\"}}],\"inLanguage\":\"hu\"},{\"@type\":\"Person\",\"@id\":\"https:\\\/\\\/hotnewsinworld.com\\\/hu\\\/#\\\/schema\\\/person\\\/fe61448b21c0d59086e75fcc1f9d8f6b\",\"name\":\"hotnewsinworld\",\"image\":{\"@type\":\"ImageObject\",\"inLanguage\":\"hu\",\"@id\":\"https:\\\/\\\/secure.gravatar.com\\\/avatar\\\/8a09ac165600ce2e1c38fe593c63928eb1e6e7ba5c5a907d67787c41b3d00c14?s=96&d=mm&r=g\",\"url\":\"https:\\\/\\\/secure.gravatar.com\\\/avatar\\\/8a09ac165600ce2e1c38fe593c63928eb1e6e7ba5c5a907d67787c41b3d00c14?s=96&d=mm&r=g\",\"contentUrl\":\"https:\\\/\\\/secure.gravatar.com\\\/avatar\\\/8a09ac165600ce2e1c38fe593c63928eb1e6e7ba5c5a907d67787c41b3d00c14?s=96&d=mm&r=g\",\"caption\":\"hotnewsinworld\"},\"url\":\"https:\\\/\\\/hotnewsinworld.com\\\/hu\\\/author\\\/pt\\\/\"}]}<\/script>\n<!-- \/ Yoast SEO plugin. -->","yoast_head_json":{"title":"Nov\u00e1k Katalin: A demogr\u00e1fia a legfontosabb \u00fcgy - Hot News in World","robots":{"index":"index","follow":"follow","max-snippet":"max-snippet:-1","max-image-preview":"max-image-preview:large","max-video-preview":"max-video-preview:-1"},"canonical":"https:\/\/hotnewsinworld.com\/hu\/novak-katalin-a-demografia-a-legfontosabb-ugy\/","og_locale":"hu_HU","og_type":"article","og_title":"Nov\u00e1k Katalin: A demogr\u00e1fia a legfontosabb \u00fcgy - Hot News in World","og_description":"F\u00e1bi\u00e1n Eszter, 2019. 09. 06. 00:01 A n\u00e9pesed\u00e9si kih\u00edv\u00e1sokra adott v\u00e1laszaink hat\u00e1rozz\u00e1k meg a j\u00f6v\u0151nket mind kultur\u00e1lis, mind gazdas\u00e1gi, mind t\u00e1rsadalmi szempontb\u00f3l \u2013 mondta Nov\u00e1k Katalin, az Emmi \u00e1llamtitk\u00e1ra. \u2013 2019-ben a demogr\u00e1fia m\u00e1r nem csup\u00e1n egy \u00fcgy a sok k\u00f6z\u00fcl, hanem a legfontosabb k\u00f6z\u00f6s \u00fcgy\u00fcnk.Ma a nyugati vil\u00e1gban sehol nem sz\u00fcletik elegend\u0151 gyermek, Eur\u00f3pa [&hellip;]","og_url":"https:\/\/hotnewsinworld.com\/hu\/novak-katalin-a-demografia-a-legfontosabb-ugy\/","og_site_name":"Hot News in World","article_published_time":"2019-09-05T23:24:19+00:00","article_modified_time":"2019-09-05T23:24:20+00:00","og_image":[{"width":400,"height":283,"url":"https:\/\/hotnewsinworld.com\/hu\/wp-content\/uploads\/sites\/3\/2019\/09\/Nov\u00e1k-Katalin-A-demogr\u00e1fia-a-legfontosabb-\u00fcgy.jpg","type":"image\/jpeg"}],"author":"hotnewsinworld","twitter_card":"summary_large_image","twitter_misc":{"Szerz\u0151:":"hotnewsinworld","Becs\u00fclt olvas\u00e1si id\u0151":"1 perc"},"schema":{"@context":"https:\/\/schema.org","@graph":[{"@type":"Article","@id":"https:\/\/hotnewsinworld.com\/hu\/novak-katalin-a-demografia-a-legfontosabb-ugy\/#article","isPartOf":{"@id":"https:\/\/hotnewsinworld.com\/hu\/novak-katalin-a-demografia-a-legfontosabb-ugy\/"},"author":{"name":"hotnewsinworld","@id":"https:\/\/hotnewsinworld.com\/hu\/#\/schema\/person\/fe61448b21c0d59086e75fcc1f9d8f6b"},"headline":"Nov\u00e1k Katalin: A demogr\u00e1fia a legfontosabb \u00fcgy","datePublished":"2019-09-05T23:24:19+00:00","dateModified":"2019-09-05T23:24:20+00:00","mainEntityOfPage":{"@id":"https:\/\/hotnewsinworld.com\/hu\/novak-katalin-a-demografia-a-legfontosabb-ugy\/"},"wordCount":298,"commentCount":0,"image":{"@id":"https:\/\/hotnewsinworld.com\/hu\/novak-katalin-a-demografia-a-legfontosabb-ugy\/#primaryimage"},"thumbnailUrl":"https:\/\/hotnewsinworld.com\/hu\/wp-content\/uploads\/sites\/3\/2019\/09\/Nov\u00e1k-Katalin-A-demogr\u00e1fia-a-legfontosabb-\u00fcgy.jpg","articleSection":["LEG\u00daJABB P\u00c9NZ\u00dcGYI H\u00cdREK"],"inLanguage":"hu","potentialAction":[{"@type":"CommentAction","name":"Comment","target":["https:\/\/hotnewsinworld.com\/hu\/novak-katalin-a-demografia-a-legfontosabb-ugy\/#respond"]}]},{"@type":"WebPage","@id":"https:\/\/hotnewsinworld.com\/hu\/novak-katalin-a-demografia-a-legfontosabb-ugy\/","url":"https:\/\/hotnewsinworld.com\/hu\/novak-katalin-a-demografia-a-legfontosabb-ugy\/","name":"Nov\u00e1k Katalin: A demogr\u00e1fia a legfontosabb \u00fcgy - Hot News in World","isPartOf":{"@id":"https:\/\/hotnewsinworld.com\/hu\/#website"},"primaryImageOfPage":{"@id":"https:\/\/hotnewsinworld.com\/hu\/novak-katalin-a-demografia-a-legfontosabb-ugy\/#primaryimage"},"image":{"@id":"https:\/\/hotnewsinworld.com\/hu\/novak-katalin-a-demografia-a-legfontosabb-ugy\/#primaryimage"},"thumbnailUrl":"https:\/\/hotnewsinworld.com\/hu\/wp-content\/uploads\/sites\/3\/2019\/09\/Nov\u00e1k-Katalin-A-demogr\u00e1fia-a-legfontosabb-\u00fcgy.jpg","datePublished":"2019-09-05T23:24:19+00:00","dateModified":"2019-09-05T23:24:20+00:00","author":{"@id":"https:\/\/hotnewsinworld.com\/hu\/#\/schema\/person\/fe61448b21c0d59086e75fcc1f9d8f6b"},"breadcrumb":{"@id":"https:\/\/hotnewsinworld.com\/hu\/novak-katalin-a-demografia-a-legfontosabb-ugy\/#breadcrumb"},"inLanguage":"hu","potentialAction":[{"@type":"ReadAction","target":["https:\/\/hotnewsinworld.com\/hu\/novak-katalin-a-demografia-a-legfontosabb-ugy\/"]}]},{"@type":"ImageObject","inLanguage":"hu","@id":"https:\/\/hotnewsinworld.com\/hu\/novak-katalin-a-demografia-a-legfontosabb-ugy\/#primaryimage","url":"https:\/\/hotnewsinworld.com\/hu\/wp-content\/uploads\/sites\/3\/2019\/09\/Nov\u00e1k-Katalin-A-demogr\u00e1fia-a-legfontosabb-\u00fcgy.jpg","contentUrl":"https:\/\/hotnewsinworld.com\/hu\/wp-content\/uploads\/sites\/3\/2019\/09\/Nov\u00e1k-Katalin-A-demogr\u00e1fia-a-legfontosabb-\u00fcgy.jpg","width":400,"height":283,"caption":"Nov\u00e1k Katalin: A demogr\u00e1fia a legfontosabb \u00fcgy"},{"@type":"BreadcrumbList","@id":"https:\/\/hotnewsinworld.com\/hu\/novak-katalin-a-demografia-a-legfontosabb-ugy\/#breadcrumb","itemListElement":[{"@type":"ListItem","position":1,"name":"\u0413\u043b\u0430\u0432\u043d\u0430\u044f \u0441\u0442\u0440\u0430\u043d\u0438\u0446\u0430","item":"https:\/\/hotnewsinworld.com\/hu\/"},{"@type":"ListItem","position":2,"name":"Nov\u00e1k Katalin: A demogr\u00e1fia a legfontosabb \u00fcgy"}]},{"@type":"WebSite","@id":"https:\/\/hotnewsinworld.com\/hu\/#website","url":"https:\/\/hotnewsinworld.com\/hu\/","name":"Hot News in World","description":"Hot News in World from Hungary","potentialAction":[{"@type":"SearchAction","target":{"@type":"EntryPoint","urlTemplate":"https:\/\/hotnewsinworld.com\/hu\/?s={search_term_string}"},"query-input":{"@type":"PropertyValueSpecification","valueRequired":true,"valueName":"search_term_string"}}],"inLanguage":"hu"},{"@type":"Person","@id":"https:\/\/hotnewsinworld.com\/hu\/#\/schema\/person\/fe61448b21c0d59086e75fcc1f9d8f6b","name":"hotnewsinworld","image":{"@type":"ImageObject","inLanguage":"hu","@id":"https:\/\/secure.gravatar.com\/avatar\/8a09ac165600ce2e1c38fe593c63928eb1e6e7ba5c5a907d67787c41b3d00c14?s=96&d=mm&r=g","url":"https:\/\/secure.gravatar.com\/avatar\/8a09ac165600ce2e1c38fe593c63928eb1e6e7ba5c5a907d67787c41b3d00c14?s=96&d=mm&r=g","contentUrl":"https:\/\/secure.gravatar.com\/avatar\/8a09ac165600ce2e1c38fe593c63928eb1e6e7ba5c5a907d67787c41b3d00c14?s=96&d=mm&r=g","caption":"hotnewsinworld"},"url":"https:\/\/hotnewsinworld.com\/hu\/author\/pt\/"}]}},"_links":{"self":[{"href":"https:\/\/hotnewsinworld.com\/hu\/wp-json\/wp\/v2\/posts\/1676","targetHints":{"allow":["GET"]}}],"collection":[{"href":"https:\/\/hotnewsinworld.com\/hu\/wp-json\/wp\/v2\/posts"}],"about":[{"href":"https:\/\/hotnewsinworld.com\/hu\/wp-json\/wp\/v2\/types\/post"}],"author":[{"embeddable":true,"href":"https:\/\/hotnewsinworld.com\/hu\/wp-json\/wp\/v2\/users\/2"}],"replies":[{"embeddable":true,"href":"https:\/\/hotnewsinworld.com\/hu\/wp-json\/wp\/v2\/comments?post=1676"}],"version-history":[{"count":1,"href":"https:\/\/hotnewsinworld.com\/hu\/wp-json\/wp\/v2\/posts\/1676\/revisions"}],"predecessor-version":[{"id":1678,"href":"https:\/\/hotnewsinworld.com\/hu\/wp-json\/wp\/v2\/posts\/1676\/revisions\/1678"}],"wp:featuredmedia":[{"embeddable":true,"href":"https:\/\/hotnewsinworld.com\/hu\/wp-json\/wp\/v2\/media\/1677"}],"wp:attachment":[{"href":"https:\/\/hotnewsinworld.com\/hu\/wp-json\/wp\/v2\/media?parent=1676"}],"wp:term":[{"taxonomy":"category","embeddable":true,"href":"https:\/\/hotnewsinworld.com\/hu\/wp-json\/wp\/v2\/categories?post=1676"},{"taxonomy":"post_tag","embeddable":true,"href":"https:\/\/hotnewsinworld.com\/hu\/wp-json\/wp\/v2\/tags?post=1676"}],"curies":[{"name":"wp","href":"https:\/\/api.w.org\/{rel}","templated":true}]}}