{"id":1679,"date":"2019-09-06T03:54:37","date_gmt":"2019-09-06T00:54:37","guid":{"rendered":"https:\/\/hotnewsinworld.com\/hu\/magyarorszag-valasza-a-demografiai-kihivasokra-a-csaladtamogatas\/"},"modified":"2019-09-06T03:54:38","modified_gmt":"2019-09-06T00:54:38","slug":"magyarorszag-valasza-a-demografiai-kihivasokra-a-csaladtamogatas","status":"publish","type":"post","link":"https:\/\/hotnewsinworld.com\/hu\/magyarorszag-valasza-a-demografiai-kihivasokra-a-csaladtamogatas\/","title":{"rendered":"Magyarorsz\u00e1g v\u00e1lasza a demogr\u00e1fiai kih\u00edv\u00e1sokra a csal\u00e1dt\u00e1mogat\u00e1s"},"content":{"rendered":"<div>\n<div class=\"talalat kotegTitle\">\n<p class=\"lead\">A magyar korm\u00e1ny feladata, hogy magyar emberek j\u00f3l\u00e9t\u00e9t n\u00f6velj\u00e9k a gyermekv\u00e1llal\u00e1s \u00e9s csal\u00e1dalap\u00edt\u00e1s k\u00f6nnyebb\u00e9 t\u00e9tel\u00e9vel \u2013 mondta az \u00e1llamtitk\u00e1r.<\/p>\n<\/div>\n<div class=\"talalat contsrc_1056  szurke \">class=&#8221;&#8221;&gt;<\/p>\n<p class=\"lead\">\u201eAmeddig a Fidesz-KDNP lesz korm\u00e1nyon, folyamatosan b\u0151v\u00edteni fogj\u00e1k a csal\u00e1dt\u00e1mogat\u00e1sokat\u201d \u2013 nyilatkozta a Demogr\u00e1fiai Cs\u00facson a Magyar Nemzetnek a csal\u00e1d- \u00e9s ifj\u00fas\u00e1gpolitik\u00e1\u00e9rt felel\u0151s \u00e1llamtitk\u00e1r.<\/p>\n<\/div>\n<div class=\"talalat contsrc_699  szurke line-with-image-container\"><span class=\"line-with-image\"><span class=\"line-with-image-inner\" style=\"background-image:url('https:\/\/stat.hirstart.hu\/image\/20190905\/4870468\/novak_katalin_europa_az_ures_bolcsok_kontinenseve-73x73-crop.png');background-repeat: no-repeat; background-size: 73.00px auto; width: 73.00px; height: 73.00px\"><\/span><\/span>class=&#8221;line-title-with-image&#8221;&gt;<\/p>\n<div class=\"line-with-image-search-padding\">\n<p class=\"lead\">A n\u00e9pesed\u00e9si kih\u00edv\u00e1sokra adott v\u00e1laszaink hat\u00e1rozz\u00e1k meg a j\u00f6v\u0151nket mind kultur\u00e1lis, mind gazdas\u00e1gi, mind t\u00e1rsadalmi szempontb\u00f3l \u2013 mondta az Emberi Er\u0151forr\u00e1sok Miniszt\u00e9rium\u00e1nak csal\u00e1d- \u00e9s ifj\u00fas\u00e1g\u00fcgy\u00e9rt felel\u0151s \u00e1llamtitk\u00e1ra a III. Budapesti Demogr\u00e1fiai Cs\u00facsot megnyit\u00f3 k\u00f6sz\u00f6nt\u0151j\u00e9ben cs\u00fct\u00f6rt\u00f6k\u00f6n a V\u00e1rkert Baz\u00e1rban.<\/p>\n<\/div>\n<\/div>\n<div class=\"talalat contsrc_800  line-with-image-container\"><span class=\"line-with-image\"><span class=\"line-with-image-inner\" style=\"background-image:url('https:\/\/stat.hirstart.hu\/image\/20190905\/4870673\/orban_allamcel_az_eroteljes_demografiai_politika-73x73-crop.jpg');background-repeat: no-repeat; background-size: 73.00px auto; width: 73.00px; height: 73.00px\"><\/span><\/span>class=&#8221;line-title-with-image&#8221;&gt;<\/p>\n<div class=\"line-with-image-search-padding\">\n<p class=\"lead\">A csal\u00e1dt\u00e1mogat\u00e1si rendszerben akkor \u00e9rhet\u0151 el a fordul\u00f3pont, ha a gyermeket v\u00e1llal\u00f3k garant\u00e1ltan jobb \u00e9letsz\u00ednvonalon \u00e9lnek \u2013 jelentette ki a magyar korm\u00e1nyf\u0151.<\/p>\n<\/div>\n<\/div>\n<div class=\"talalat contsrc_24  szurke line-with-image-container\"><span class=\"line-with-image\"><span class=\"line-with-image-inner\" style=\"background-image:url('https:\/\/stat.hirstart.hu\/image\/20190905\/4873048\/varga_a_gazdasag_teljesitmenye_alapot_teremt_a_novekvo_csaladtamogatasokhoz_3-73x73-crop.jpg');background-repeat: no-repeat; background-size: 73.00px auto; width: 73.00px; height: 73.00px\"><\/span><\/span>class=&#8221;line-title-with-image&#8221;&gt;<\/p>\n<div class=\"line-with-image-search-padding\">\n<p class=\"lead\">A demogr\u00e1fi\u00e1nak, a n\u00e9pesed\u00e9si folyamatok alak\u00edt\u00e1s\u00e1nak a politika k\u00f6z\u00e9ppontj\u00e1ban kell lennie &#8211; mondta Varga Mih\u00e1ly p\u00e9nz\u00fcgyminiszter cs\u00fct\u00f6rt\u00f6k\u00f6n a III. Budapesti Demogr\u00e1fiai Cs\u00facson, a V\u00e1rkert Baz\u00e1rban.<\/p>\n<\/div>\n<\/div>\n<div class=\"talalat contsrc_741  line-with-image-container\"><span class=\"line-with-image\"><span class=\"line-with-image-inner\" style=\"background-image:url('https:\/\/stat.hirstart.hu\/image\/20190905\/4872214\/kasler_a_napkeleti_orszagokat_dicserte_az_ertekvesztett_nyugatiakkal_szemben-73x73-crop.jpg');background-repeat: no-repeat; background-size: 73.00px auto; width: 73.00px; height: 73.00px\"><\/span><\/span>class=&#8221;line-title-with-image&#8221;&gt;<\/p>\n<div class=\"line-with-image-search-padding\">\n<p class=\"lead\">A demogr\u00e1fiai helyzet elt\u00e9r\u0151 a k\u00fcl\u00f6nb\u00f6z\u0151 orsz\u00e1gokban, de a c\u00e9l mindenhol valamif\u00e9le megold\u00e1s tal\u00e1l\u00e1sa, ez\u00e9rt a demogr\u00e1fiai folyamatok k\u00f6vet\u00e9se, \u00e9rt\u00e9kel\u00e9se \u00e9s \u00e9rtelmez\u00e9se sorsk\u00e9rd\u00e9s \u2013 mondta az emberi er\u0151forr\u00e1sok minisztere a III. Budapesti demogr\u00e1fiai cs\u00facson cs\u00fct\u00f6rt\u00f6k\u00f6n.<\/p>\n<p>K\u00e1sler Mikl\u00f3s a V\u00e1rkert Baz\u00e1rban megrendezett k\u00e9tnapos\u2026<\/p>\n<\/div>\n<\/div>\n<div class=\"talalat contsrc_694  szurke line-with-image-container\"><span class=\"line-with-image\"><span class=\"line-with-image-inner\" style=\"background-image:url('https:\/\/stat.hirstart.hu\/image\/20190905\/4870137\/novak_katalin_europa_az_ures_bolcsok_kontinenseve_valt-73x73-crop.jpg');background-repeat: no-repeat; background-size: 73.00px auto; width: 73.00px; height: 73.00px\"><\/span><\/span>class=&#8221;line-title-with-image&#8221;&gt;<\/p>\n<div class=\"line-with-image-search-padding\">\n<p class=\"lead\">Tud\u00f3sok, politikusok, egyh\u00e1zi k\u00e9pvisel\u0151k \u00e9s m\u00e1s k\u00f6zszerepl\u0151k r\u00e9szv\u00e9tel\u00e9vel elkezd\u0151d\u00f6tt a III. Budapesti Demogr\u00e1fiai Cs\u00facs a V\u00e1rkert Baz\u00e1rban.<\/p>\n<\/div>\n<\/div>\n<div class=\"talalat contsrc_691  line-with-image-container\"><span class=\"line-with-image\"><span class=\"line-with-image-inner\" style=\"background-image:url('https:\/\/stat.hirstart.hu\/image\/20190906\/4873352\/novak_katalin_a_demografia_a_legfontosabb_ugy-73x73-crop.jpg');background-repeat: no-repeat; background-size: 73.00px auto; width: 73.00px; height: 73.00px\"><\/span><\/span>class=&#8221;line-title-with-image&#8221;&gt;<\/p>\n<div class=\"line-with-image-search-padding\">\n<p class=\"lead\">A n\u00e9pesed\u00e9si kih\u00edv\u00e1sokra adott v\u00e1laszaink hat\u00e1rozz\u00e1k meg a j\u00f6v\u0151nket mind kultur\u00e1lis, mind gazdas\u00e1gi, mind t\u00e1rsadalmi szempontb\u00f3l \u2013 mondta Nov\u00e1k Katalin, az Emmi \u00e1llamtitk\u00e1ra.<\/p>\n<\/div>\n<\/div>\n<div class=\"talalat contsrc_691  szurke line-with-image-container\"><span class=\"line-with-image\"><span class=\"line-with-image-inner\" style=\"background-image:url('https:\/\/stat.hirstart.hu\/image\/20190905\/4870013\/novak_katalin_a_nepesedesi_kihivasokra_adott_valaszaink_hatarozzak_meg_a_jovonket-73x73-crop.jpg');background-repeat: no-repeat; background-size: 73.00px auto; width: 73.00px; height: 73.00px\"><\/span><\/span>class=&#8221;line-title-with-image&#8221;&gt;<\/p>\n<div class=\"line-with-image-search-padding\">\n<p class=\"lead\">A n\u00e9pesed\u00e9si kih\u00edv\u00e1sokra adott v\u00e1laszaink hat\u00e1rozz\u00e1k meg a j\u00f6v\u0151nket mind kultur\u00e1lis, mind gazdas\u00e1gi, mind t\u00e1rsadalmi szempontb\u00f3l &#8211; mondta az Emberi Er\u0151forr\u00e1sok Miniszt\u00e9rium\u00e1nak csal\u00e1d- \u00e9s ifj\u00fas\u00e1g\u00fcgy\u00e9rt felel\u0151s \u00e1llamtitk\u00e1ra a III. Budapesti Demogr\u00e1fiai Cs\u00facsot megnyit\u00f3 k\u00f6sz\u00f6nt\u0151j\u00e9ben cs\u00fct\u00f6rt\u00f6k\u00f6n a V\u00e1rkert Baz\u00e1rban.<\/p>\n<\/div>\n<\/div>\n<div class=\"talalat contsrc_62  line-with-image-container\"><span class=\"line-with-image\"><span class=\"line-with-image-inner\" style=\"background-image:url('https:\/\/stat.hirstart.hu\/image\/20190905\/4870252\/orban_viktor_regen_a_harkalyt_nem_kellett_biztatni_hogy_kopacsoljon-73x73-crop.jpg');background-repeat: no-repeat; background-size: 73.00px auto; width: 73.00px; height: 73.00px\"><\/span><\/span>class=&#8221;line-title-with-image&#8221;&gt;<\/p>\n<div class=\"line-with-image-search-padding\">\n<p class=\"lead\">A k\u00e9t vil\u00e1gh\u00e1bor\u00fa embervesztes\u00e9geib\u0151l m\u00e1ig nem tudott Eur\u00f3pa talpra \u00e1llni &#8211; fogalmazott Orb\u00e1n Viktor minisztereln\u00f6k a\u00a0III. Budapesti Demogr\u00e1fiai Cs\u00facson a budai V\u00e1rkert Baz\u00e1rban.<\/p>\n<\/div>\n<\/div>\n<div class=\"talalat contsrc_537  szurke \">class=&#8221;&#8221;&gt;<\/p>\n<p class=\"lead\">T\u00f6rt\u00e9nelmi n\u00e9z\u0151pontb\u00f3l a gyermekv\u00e1llal\u00e1s a legszem\u00e9lyesebb k\u00f6z\u00fcgy, \u00e9s az &#8222;eur\u00f3pai meghasonl\u00e1st&#8221; csak akkor lehet elh\u00e1r\u00edtani, ha minden eur\u00f3pai orsz\u00e1gban a legfontosabb k\u00f6z\u00fcggy\u00e9 v\u00e1lik t\u00e1rsadalmi, gazdas\u00e1gi, kultur\u00e1lis \u00e9s politikai \u00e9rtelemben egyar\u00e1nt &#8211; mondta az Orsz\u00e1ggy\u0171l\u00e9s eln\u00f6ke a III. Budapesti Demogr\u00e1fiai Cs\u00facson cs\u00fct\u00f6rt\u00f6k\u00f6n a V\u00e1rkert\u2026<\/p>\n<\/div>\n<div class=\"talalat contsrc_1  line-with-image-container\"><span class=\"line-with-image\"><span class=\"line-with-image-inner\" style=\"background-image:url('https:\/\/stat.hirstart.hu\/image\/20190905\/4871335\/orban_esztelen_zold_gondolat_hogy_a_bolygo_jobban_jar_a_csokkenot_szuletessel-73x73-crop.jpg');background-repeat: no-repeat; background-size: 73.00px auto; width: 73.00px; height: 73.00px\"><\/span><\/span>class=&#8221;line-title-with-image&#8221;&gt;<\/p>\n<div class=\"line-with-image-search-padding\">\n<p class=\"lead\">Orb\u00e1n Viktor szerint ha egy nemzet elt\u0171nik, akkor az p\u00f3tolhatatlan. A migr\u00e1ci\u00f3 helyett jobb \u00e9letsz\u00ednvonalat kell adni a gyermeket nevel\u0151knek.<\/p>\n<\/div>\n<\/div>\n<div class=\"talalat contsrc_1059  szurke line-with-image-container\"><span class=\"line-with-image\"><span class=\"line-with-image-inner\" style=\"background-image:url('https:\/\/stat.hirstart.hu\/image\/20190905\/4871588\/nem_vicc_fideszek_az_ur_aldasaval_es_imaval_akadalyoznak_meg_a_magyarsag_fogyasat-73x73-crop.jpg');background-repeat: no-repeat; background-size: 73.00px auto; width: 73.00px; height: 73.00px\"><\/span><\/span>class=&#8221;line-title-with-image&#8221;&gt;<\/p>\n<div class=\"line-with-image-search-padding\">\n<p class=\"lead\">A legnagyobb sz\u00f6vets\u00e9geseink az egyh\u00e1zak \u2013 mondta a III. Budapesti Demogr\u00e1fiai cs\u00facsot megnyit\u00f3 besz\u00e9d\u00e9ben Nov\u00e1k Katalin csal\u00e1d\u00fcgyi \u00e1llamtitk\u00e1r. Fidesz\u00e9k 9 \u00e9ves korm\u00e1nyz\u00e1sa alatt, minden \u00e9vben kevesebb gyermek sz\u00fcletett mint az MSZP- Szdsz korm\u00e1nyok idej\u00e9n, most az \u00dar \u00e1ld\u00e1s\u00e1val menthetik meg a magyars\u00e1got. B\u00e1r Fidesz\u00e9k 9\u2026<\/p>\n<\/div>\n<\/div>\n<div class=\"talalat contsrc_769  line-with-image-container\"><span class=\"line-with-image\"><span class=\"line-with-image-inner\" style=\"background-image:url('https:\/\/stat.hirstart.hu\/image\/20190905\/4870626\/a_nepesedesi_kihivasokra_adott_valaszaink_hatarozzak_meg_a_jovonket_3-73x73-crop.jpg');background-repeat: no-repeat; background-size: 73.00px auto; width: 73.00px; height: 73.00px\"><\/span><\/span>class=&#8221;line-title-with-image&#8221;&gt;<\/p>\n<div class=\"line-with-image-search-padding\">\n<p class=\"lead\">A n\u00e9pesed\u00e9si kih\u00edv\u00e1sokra adott v\u00e1laszaink hat\u00e1rozz\u00e1k meg a j\u00f6v\u0151nket mind kultur\u00e1lis, mind gazdas\u00e1gi, mind t\u00e1rsadalmi szempontb\u00f3l \u2013 mondta az Emberi Er\u0151forr\u00e1sok Miniszt\u00e9rium\u00e1nak csal\u00e1d- \u00e9s ifj\u00fas\u00e1g\u00fcgy\u00e9rt felel\u0151s \u00e1llamtitk\u00e1ra a III. Budapesti Demogr\u00e1fiai Cs\u00facsot megnyit\u00f3 k\u00f6sz\u00f6nt\u0151j\u00e9ben cs\u00fct\u00f6rt\u00f6k\u00f6n a V\u00e1rkert Baz\u00e1rban. Nov\u00e1k Katalin\u2026<\/p>\n<\/div>\n<\/div>\n<div class=\"talalat contsrc_126  szurke \">class=&#8221;&#8221;&gt;<\/p>\n<p class=\"lead\">Eur\u00f3pa az \u00fcres b\u00f6lcs\u0151k kontinens\u00e9v\u00e9 v\u00e1lt &#8211; mondta a csal\u00e1d\u00fcgyi \u00e1llamtitk\u00e1r a demogr\u00e1fiai konferenci\u00e1n.<\/p>\n<\/div>\n<div class=\"talalat contsrc_943  line-with-image-container\"><span class=\"line-with-image\"><span class=\"line-with-image-inner\" style=\"background-image:url('https:\/\/stat.hirstart.hu\/image\/20190905\/4870312\/a_nepesedesi_kihivasokra_adott_valaszaink_hatarozzak_meg_a_jovonket-73x73-crop.jpg');background-repeat: no-repeat; background-size: 73.00px auto; width: 73.00px; height: 73.00px\"><\/span><\/span>class=&#8221;line-title-with-image&#8221;&gt;<\/p>\n<div class=\"line-with-image-search-padding\">\n<p class=\"lead\">A n\u00e9pesed\u00e9si kih\u00edv\u00e1sokra adott v\u00e1laszaink hat\u00e1rozz\u00e1k meg a j\u00f6v\u0151nket mind kultur\u00e1lis, mind gazdas\u00e1gi, mind t\u00e1rsadalmi szempontb\u00f3l &#8211; mondta az Emberi Er\u0151forr\u00e1sok Miniszt\u00e9rium\u00e1nak csal\u00e1d- \u00e9s ifj\u00fas\u00e1g\u00fcgy\u00e9rt felel\u0151s \u00e1llamtitk\u00e1ra, Nov\u00e1k Katalin, a III. Budapesti Demogr\u00e1fiai Cs\u00facsot megnyit\u00f3 k\u00f6sz\u00f6nt\u0151j\u00e9ben cs\u00fct\u00f6rt\u00f6k\u00f6n a V\u00e1rkert Baz\u00e1rban.<\/p>\n<\/div>\n<\/div>\n<div class=\"talalat contsrc_990  szurke line-with-image-container\"><span class=\"line-with-image\"><span class=\"line-with-image-inner\" style=\"background-image:url('https:\/\/stat.hirstart.hu\/image\/20190905\/4870082\/europa_az_ures_bolcsok_kontinenseve-73x73-crop.jpg');background-repeat: no-repeat; background-size: 73.00px auto; width: 73.00px; height: 73.00px\"><\/span><\/span>class=&#8221;line-title-with-image&#8221;&gt;<\/p>\n<div class=\"line-with-image-search-padding\">\n<p class=\"lead\">A n\u00e9pesed\u00e9si kih\u00edv\u00e1sokra adott v\u00e1laszaink hat\u00e1rozz\u00e1k meg a j\u00f6v\u0151nket.<\/p>\n<\/div>\n<\/div>\n<div class=\"talalat contsrc_6  line-with-image-container\"><span class=\"line-with-image\"><span class=\"line-with-image-inner\" style=\"background-image:url('https:\/\/stat.hirstart.hu\/image\/20190905\/4872252\/mutatunk_3_varatlan_uzenetet_a_budapesti_demografiai_csucsnak-73x73-crop.jpeg');background-repeat: no-repeat; background-size: 73.00px auto; width: 73.00px; height: 73.00px\"><\/span><\/span>class=&#8221;line-title-with-image&#8221;&gt;<\/p>\n<div class=\"line-with-image-search-padding\">\n<p class=\"lead\">A csal\u00e1d fontoss\u00e1g\u00e1t, a\u00a0demogr\u00e1fiai probl\u00e9m\u00e1k megold\u00e1s\u00e1nak sz\u00fcks\u00e9gess\u00e9g\u00e9t t\u00e1rgyalj\u00e1k az eur\u00f3pai vezet\u0151k a k\u00e9tnapos III. Budapesti\u00a0Demogr\u00e1fiai Cs\u00facson a V\u00e1rkert Baz\u00e1rban.<\/p>\n<\/div>\n<\/div>\n<div class=\"talalat contsrc_54  szurke line-with-image-container\"><span class=\"line-with-image\"><span class=\"line-with-image-inner\" style=\"background-image:url('https:\/\/stat.hirstart.hu\/image\/20190905\/4870145\/novak_a_nepesedesi_kihivasokra_adott_valaszaink_hatarozzak_meg_a_jovonket_2-73x73-crop.jpg');background-repeat: no-repeat; background-size: 73.00px auto; width: 73.00px; height: 73.00px\"><\/span><\/span>class=&#8221;line-title-with-image&#8221;&gt;<\/p>\n<div class=\"line-with-image-search-padding\">\n<p class=\"lead\">A demogr\u00e1fia m\u00e1r nem csup\u00e1n egy \u00fcgy a sok k\u00f6z\u00fcl, hanem a legfontosabb k\u00f6z\u00f6s \u00fcgy\u00fcnk \u2013 jelentette ki Nov\u00e1k Katalin \u00e1llamtitk\u00e1r.<\/p>\n<\/div>\n<\/div>\n<\/div>\n<p><script>(function(d, s, id) {\n  var js, fjs = d.getElementsByTagName(s)[0];\n  if (d.getElementById(id)) return;\n  js = d.createElement(s); js.id = id;\n  js.src = \"http:\/\/connect.facebook.net\/hu_HU\/sdk.js#xfbml=1&version=v2.6\";\n  fjs.parentNode.insertBefore(js, fjs);\n}(document, 'script', 'facebook-jssdk'));<\/script><br \/>\n<br \/><a href=\"https:\/\/hirek.oldal.info\/rssclick\/14373542\" rel=\"nofollow\">Source link <\/a><\/p>\n","protected":false},"excerpt":{"rendered":"<p>A magyar korm\u00e1ny feladata, hogy magyar emberek j\u00f3l\u00e9t\u00e9t n\u00f6velj\u00e9k a gyermekv\u00e1llal\u00e1s \u00e9s csal\u00e1dalap\u00edt\u00e1s k\u00f6nnyebb\u00e9 t\u00e9tel\u00e9vel \u2013 mondta az \u00e1llamtitk\u00e1r. class=&#8221;&#8221;&gt; \u201eAmeddig a Fidesz-KDNP lesz korm\u00e1nyon, folyamatosan b\u0151v\u00edteni fogj\u00e1k a csal\u00e1dt\u00e1mogat\u00e1sokat\u201d \u2013 nyilatkozta a Demogr\u00e1fiai Cs\u00facson a Magyar Nemzetnek a csal\u00e1d- \u00e9s ifj\u00fas\u00e1gpolitik\u00e1\u00e9rt felel\u0151s \u00e1llamtitk\u00e1r. class=&#8221;line-title-with-image&#8221;&gt; A n\u00e9pesed\u00e9si kih\u00edv\u00e1sokra adott v\u00e1laszaink hat\u00e1rozz\u00e1k meg a j\u00f6v\u0151nket mind [&hellip;]<\/p>\n","protected":false},"author":2,"featured_media":1680,"comment_status":"open","ping_status":"open","sticky":false,"template":"","format":"standard","meta":{"footnotes":""},"categories":[1],"tags":[],"class_list":["post-1679","post","type-post","status-publish","format-standard","has-post-thumbnail","hentry","category-legujabb-penzugyi-hirek"],"yoast_head":"<!-- This site is optimized with the Yoast SEO plugin v27.4 - https:\/\/yoast.com\/product\/yoast-seo-wordpress\/ -->\n<title>Magyarorsz\u00e1g v\u00e1lasza a demogr\u00e1fiai kih\u00edv\u00e1sokra a csal\u00e1dt\u00e1mogat\u00e1s - Hot News in World<\/title>\n<meta name=\"robots\" content=\"index, follow, max-snippet:-1, max-image-preview:large, max-video-preview:-1\" \/>\n<link rel=\"canonical\" href=\"https:\/\/hotnewsinworld.com\/hu\/magyarorszag-valasza-a-demografiai-kihivasokra-a-csaladtamogatas\/\" \/>\n<meta property=\"og:locale\" content=\"hu_HU\" \/>\n<meta property=\"og:type\" content=\"article\" \/>\n<meta property=\"og:title\" content=\"Magyarorsz\u00e1g v\u00e1lasza a demogr\u00e1fiai kih\u00edv\u00e1sokra a csal\u00e1dt\u00e1mogat\u00e1s - Hot News in World\" \/>\n<meta property=\"og:description\" content=\"A magyar korm\u00e1ny feladata, hogy magyar emberek j\u00f3l\u00e9t\u00e9t n\u00f6velj\u00e9k a gyermekv\u00e1llal\u00e1s \u00e9s csal\u00e1dalap\u00edt\u00e1s k\u00f6nnyebb\u00e9 t\u00e9tel\u00e9vel \u2013 mondta az \u00e1llamtitk\u00e1r. class=&#8221;&#8221;&gt; \u201eAmeddig a Fidesz-KDNP lesz korm\u00e1nyon, folyamatosan b\u0151v\u00edteni fogj\u00e1k a csal\u00e1dt\u00e1mogat\u00e1sokat\u201d \u2013 nyilatkozta a Demogr\u00e1fiai Cs\u00facson a Magyar Nemzetnek a csal\u00e1d- \u00e9s ifj\u00fas\u00e1gpolitik\u00e1\u00e9rt felel\u0151s \u00e1llamtitk\u00e1r. class=&#8221;line-title-with-image&#8221;&gt; A n\u00e9pesed\u00e9si kih\u00edv\u00e1sokra adott v\u00e1laszaink hat\u00e1rozz\u00e1k meg a j\u00f6v\u0151nket mind [&hellip;]\" \/>\n<meta property=\"og:url\" content=\"https:\/\/hotnewsinworld.com\/hu\/magyarorszag-valasza-a-demografiai-kihivasokra-a-csaladtamogatas\/\" \/>\n<meta property=\"og:site_name\" content=\"Hot News in World\" \/>\n<meta property=\"article:published_time\" content=\"2019-09-06T00:54:37+00:00\" \/>\n<meta property=\"article:modified_time\" content=\"2019-09-06T00:54:38+00:00\" \/>\n<meta property=\"og:image\" content=\"https:\/\/hotnewsinworld.com\/hu\/wp-content\/uploads\/sites\/3\/2019\/09\/Magyarorsz\u00e1g-v\u00e1lasza-a-demogr\u00e1fiai-kih\u00edv\u00e1sokra-a-csal\u00e1dt\u00e1mogat\u00e1s.png\" \/>\n\t<meta property=\"og:image:width\" content=\"600\" \/>\n\t<meta property=\"og:image:height\" content=\"315\" \/>\n\t<meta property=\"og:image:type\" content=\"image\/png\" \/>\n<meta name=\"author\" content=\"hotnewsinworld\" \/>\n<meta name=\"twitter:card\" content=\"summary_large_image\" \/>\n<meta name=\"twitter:label1\" content=\"Szerz\u0151:\" \/>\n\t<meta name=\"twitter:data1\" content=\"hotnewsinworld\" \/>\n\t<meta name=\"twitter:label2\" content=\"Becs\u00fclt olvas\u00e1si id\u0151\" \/>\n\t<meta name=\"twitter:data2\" content=\"5 perc\" \/>\n<script type=\"application\/ld+json\" class=\"yoast-schema-graph\">{\"@context\":\"https:\\\/\\\/schema.org\",\"@graph\":[{\"@type\":\"Article\",\"@id\":\"https:\\\/\\\/hotnewsinworld.com\\\/hu\\\/magyarorszag-valasza-a-demografiai-kihivasokra-a-csaladtamogatas\\\/#article\",\"isPartOf\":{\"@id\":\"https:\\\/\\\/hotnewsinworld.com\\\/hu\\\/magyarorszag-valasza-a-demografiai-kihivasokra-a-csaladtamogatas\\\/\"},\"author\":{\"name\":\"hotnewsinworld\",\"@id\":\"https:\\\/\\\/hotnewsinworld.com\\\/hu\\\/#\\\/schema\\\/person\\\/fe61448b21c0d59086e75fcc1f9d8f6b\"},\"headline\":\"Magyarorsz\u00e1g v\u00e1lasza a demogr\u00e1fiai kih\u00edv\u00e1sokra a csal\u00e1dt\u00e1mogat\u00e1s\",\"datePublished\":\"2019-09-06T00:54:37+00:00\",\"dateModified\":\"2019-09-06T00:54:38+00:00\",\"mainEntityOfPage\":{\"@id\":\"https:\\\/\\\/hotnewsinworld.com\\\/hu\\\/magyarorszag-valasza-a-demografiai-kihivasokra-a-csaladtamogatas\\\/\"},\"wordCount\":977,\"commentCount\":0,\"image\":{\"@id\":\"https:\\\/\\\/hotnewsinworld.com\\\/hu\\\/magyarorszag-valasza-a-demografiai-kihivasokra-a-csaladtamogatas\\\/#primaryimage\"},\"thumbnailUrl\":\"https:\\\/\\\/hotnewsinworld.com\\\/hu\\\/wp-content\\\/uploads\\\/sites\\\/3\\\/2019\\\/09\\\/Magyarorsz\u00e1g-v\u00e1lasza-a-demogr\u00e1fiai-kih\u00edv\u00e1sokra-a-csal\u00e1dt\u00e1mogat\u00e1s.png\",\"articleSection\":[\"LEG\u00daJABB P\u00c9NZ\u00dcGYI H\u00cdREK\"],\"inLanguage\":\"hu\",\"potentialAction\":[{\"@type\":\"CommentAction\",\"name\":\"Comment\",\"target\":[\"https:\\\/\\\/hotnewsinworld.com\\\/hu\\\/magyarorszag-valasza-a-demografiai-kihivasokra-a-csaladtamogatas\\\/#respond\"]}]},{\"@type\":\"WebPage\",\"@id\":\"https:\\\/\\\/hotnewsinworld.com\\\/hu\\\/magyarorszag-valasza-a-demografiai-kihivasokra-a-csaladtamogatas\\\/\",\"url\":\"https:\\\/\\\/hotnewsinworld.com\\\/hu\\\/magyarorszag-valasza-a-demografiai-kihivasokra-a-csaladtamogatas\\\/\",\"name\":\"Magyarorsz\u00e1g v\u00e1lasza a demogr\u00e1fiai kih\u00edv\u00e1sokra a csal\u00e1dt\u00e1mogat\u00e1s - Hot News in World\",\"isPartOf\":{\"@id\":\"https:\\\/\\\/hotnewsinworld.com\\\/hu\\\/#website\"},\"primaryImageOfPage\":{\"@id\":\"https:\\\/\\\/hotnewsinworld.com\\\/hu\\\/magyarorszag-valasza-a-demografiai-kihivasokra-a-csaladtamogatas\\\/#primaryimage\"},\"image\":{\"@id\":\"https:\\\/\\\/hotnewsinworld.com\\\/hu\\\/magyarorszag-valasza-a-demografiai-kihivasokra-a-csaladtamogatas\\\/#primaryimage\"},\"thumbnailUrl\":\"https:\\\/\\\/hotnewsinworld.com\\\/hu\\\/wp-content\\\/uploads\\\/sites\\\/3\\\/2019\\\/09\\\/Magyarorsz\u00e1g-v\u00e1lasza-a-demogr\u00e1fiai-kih\u00edv\u00e1sokra-a-csal\u00e1dt\u00e1mogat\u00e1s.png\",\"datePublished\":\"2019-09-06T00:54:37+00:00\",\"dateModified\":\"2019-09-06T00:54:38+00:00\",\"author\":{\"@id\":\"https:\\\/\\\/hotnewsinworld.com\\\/hu\\\/#\\\/schema\\\/person\\\/fe61448b21c0d59086e75fcc1f9d8f6b\"},\"breadcrumb\":{\"@id\":\"https:\\\/\\\/hotnewsinworld.com\\\/hu\\\/magyarorszag-valasza-a-demografiai-kihivasokra-a-csaladtamogatas\\\/#breadcrumb\"},\"inLanguage\":\"hu\",\"potentialAction\":[{\"@type\":\"ReadAction\",\"target\":[\"https:\\\/\\\/hotnewsinworld.com\\\/hu\\\/magyarorszag-valasza-a-demografiai-kihivasokra-a-csaladtamogatas\\\/\"]}]},{\"@type\":\"ImageObject\",\"inLanguage\":\"hu\",\"@id\":\"https:\\\/\\\/hotnewsinworld.com\\\/hu\\\/magyarorszag-valasza-a-demografiai-kihivasokra-a-csaladtamogatas\\\/#primaryimage\",\"url\":\"https:\\\/\\\/hotnewsinworld.com\\\/hu\\\/wp-content\\\/uploads\\\/sites\\\/3\\\/2019\\\/09\\\/Magyarorsz\u00e1g-v\u00e1lasza-a-demogr\u00e1fiai-kih\u00edv\u00e1sokra-a-csal\u00e1dt\u00e1mogat\u00e1s.png\",\"contentUrl\":\"https:\\\/\\\/hotnewsinworld.com\\\/hu\\\/wp-content\\\/uploads\\\/sites\\\/3\\\/2019\\\/09\\\/Magyarorsz\u00e1g-v\u00e1lasza-a-demogr\u00e1fiai-kih\u00edv\u00e1sokra-a-csal\u00e1dt\u00e1mogat\u00e1s.png\",\"width\":600,\"height\":315,\"caption\":\"Magyarorsz\u00e1g v\u00e1lasza a demogr\u00e1fiai kih\u00edv\u00e1sokra a csal\u00e1dt\u00e1mogat\u00e1s\"},{\"@type\":\"BreadcrumbList\",\"@id\":\"https:\\\/\\\/hotnewsinworld.com\\\/hu\\\/magyarorszag-valasza-a-demografiai-kihivasokra-a-csaladtamogatas\\\/#breadcrumb\",\"itemListElement\":[{\"@type\":\"ListItem\",\"position\":1,\"name\":\"\u0413\u043b\u0430\u0432\u043d\u0430\u044f \u0441\u0442\u0440\u0430\u043d\u0438\u0446\u0430\",\"item\":\"https:\\\/\\\/hotnewsinworld.com\\\/hu\\\/\"},{\"@type\":\"ListItem\",\"position\":2,\"name\":\"Magyarorsz\u00e1g v\u00e1lasza a demogr\u00e1fiai kih\u00edv\u00e1sokra a csal\u00e1dt\u00e1mogat\u00e1s\"}]},{\"@type\":\"WebSite\",\"@id\":\"https:\\\/\\\/hotnewsinworld.com\\\/hu\\\/#website\",\"url\":\"https:\\\/\\\/hotnewsinworld.com\\\/hu\\\/\",\"name\":\"Hot News in World\",\"description\":\"Hot News in World from Hungary\",\"potentialAction\":[{\"@type\":\"SearchAction\",\"target\":{\"@type\":\"EntryPoint\",\"urlTemplate\":\"https:\\\/\\\/hotnewsinworld.com\\\/hu\\\/?s={search_term_string}\"},\"query-input\":{\"@type\":\"PropertyValueSpecification\",\"valueRequired\":true,\"valueName\":\"search_term_string\"}}],\"inLanguage\":\"hu\"},{\"@type\":\"Person\",\"@id\":\"https:\\\/\\\/hotnewsinworld.com\\\/hu\\\/#\\\/schema\\\/person\\\/fe61448b21c0d59086e75fcc1f9d8f6b\",\"name\":\"hotnewsinworld\",\"image\":{\"@type\":\"ImageObject\",\"inLanguage\":\"hu\",\"@id\":\"https:\\\/\\\/secure.gravatar.com\\\/avatar\\\/8a09ac165600ce2e1c38fe593c63928eb1e6e7ba5c5a907d67787c41b3d00c14?s=96&d=mm&r=g\",\"url\":\"https:\\\/\\\/secure.gravatar.com\\\/avatar\\\/8a09ac165600ce2e1c38fe593c63928eb1e6e7ba5c5a907d67787c41b3d00c14?s=96&d=mm&r=g\",\"contentUrl\":\"https:\\\/\\\/secure.gravatar.com\\\/avatar\\\/8a09ac165600ce2e1c38fe593c63928eb1e6e7ba5c5a907d67787c41b3d00c14?s=96&d=mm&r=g\",\"caption\":\"hotnewsinworld\"},\"url\":\"https:\\\/\\\/hotnewsinworld.com\\\/hu\\\/author\\\/pt\\\/\"}]}<\/script>\n<!-- \/ Yoast SEO plugin. -->","yoast_head_json":{"title":"Magyarorsz\u00e1g v\u00e1lasza a demogr\u00e1fiai kih\u00edv\u00e1sokra a csal\u00e1dt\u00e1mogat\u00e1s - Hot News in World","robots":{"index":"index","follow":"follow","max-snippet":"max-snippet:-1","max-image-preview":"max-image-preview:large","max-video-preview":"max-video-preview:-1"},"canonical":"https:\/\/hotnewsinworld.com\/hu\/magyarorszag-valasza-a-demografiai-kihivasokra-a-csaladtamogatas\/","og_locale":"hu_HU","og_type":"article","og_title":"Magyarorsz\u00e1g v\u00e1lasza a demogr\u00e1fiai kih\u00edv\u00e1sokra a csal\u00e1dt\u00e1mogat\u00e1s - Hot News in World","og_description":"A magyar korm\u00e1ny feladata, hogy magyar emberek j\u00f3l\u00e9t\u00e9t n\u00f6velj\u00e9k a gyermekv\u00e1llal\u00e1s \u00e9s csal\u00e1dalap\u00edt\u00e1s k\u00f6nnyebb\u00e9 t\u00e9tel\u00e9vel \u2013 mondta az \u00e1llamtitk\u00e1r. class=&#8221;&#8221;&gt; \u201eAmeddig a Fidesz-KDNP lesz korm\u00e1nyon, folyamatosan b\u0151v\u00edteni fogj\u00e1k a csal\u00e1dt\u00e1mogat\u00e1sokat\u201d \u2013 nyilatkozta a Demogr\u00e1fiai Cs\u00facson a Magyar Nemzetnek a csal\u00e1d- \u00e9s ifj\u00fas\u00e1gpolitik\u00e1\u00e9rt felel\u0151s \u00e1llamtitk\u00e1r. class=&#8221;line-title-with-image&#8221;&gt; A n\u00e9pesed\u00e9si kih\u00edv\u00e1sokra adott v\u00e1laszaink hat\u00e1rozz\u00e1k meg a j\u00f6v\u0151nket mind [&hellip;]","og_url":"https:\/\/hotnewsinworld.com\/hu\/magyarorszag-valasza-a-demografiai-kihivasokra-a-csaladtamogatas\/","og_site_name":"Hot News in World","article_published_time":"2019-09-06T00:54:37+00:00","article_modified_time":"2019-09-06T00:54:38+00:00","og_image":[{"width":600,"height":315,"url":"https:\/\/hotnewsinworld.com\/hu\/wp-content\/uploads\/sites\/3\/2019\/09\/Magyarorsz\u00e1g-v\u00e1lasza-a-demogr\u00e1fiai-kih\u00edv\u00e1sokra-a-csal\u00e1dt\u00e1mogat\u00e1s.png","type":"image\/png"}],"author":"hotnewsinworld","twitter_card":"summary_large_image","twitter_misc":{"Szerz\u0151:":"hotnewsinworld","Becs\u00fclt olvas\u00e1si id\u0151":"5 perc"},"schema":{"@context":"https:\/\/schema.org","@graph":[{"@type":"Article","@id":"https:\/\/hotnewsinworld.com\/hu\/magyarorszag-valasza-a-demografiai-kihivasokra-a-csaladtamogatas\/#article","isPartOf":{"@id":"https:\/\/hotnewsinworld.com\/hu\/magyarorszag-valasza-a-demografiai-kihivasokra-a-csaladtamogatas\/"},"author":{"name":"hotnewsinworld","@id":"https:\/\/hotnewsinworld.com\/hu\/#\/schema\/person\/fe61448b21c0d59086e75fcc1f9d8f6b"},"headline":"Magyarorsz\u00e1g v\u00e1lasza a demogr\u00e1fiai kih\u00edv\u00e1sokra a csal\u00e1dt\u00e1mogat\u00e1s","datePublished":"2019-09-06T00:54:37+00:00","dateModified":"2019-09-06T00:54:38+00:00","mainEntityOfPage":{"@id":"https:\/\/hotnewsinworld.com\/hu\/magyarorszag-valasza-a-demografiai-kihivasokra-a-csaladtamogatas\/"},"wordCount":977,"commentCount":0,"image":{"@id":"https:\/\/hotnewsinworld.com\/hu\/magyarorszag-valasza-a-demografiai-kihivasokra-a-csaladtamogatas\/#primaryimage"},"thumbnailUrl":"https:\/\/hotnewsinworld.com\/hu\/wp-content\/uploads\/sites\/3\/2019\/09\/Magyarorsz\u00e1g-v\u00e1lasza-a-demogr\u00e1fiai-kih\u00edv\u00e1sokra-a-csal\u00e1dt\u00e1mogat\u00e1s.png","articleSection":["LEG\u00daJABB P\u00c9NZ\u00dcGYI H\u00cdREK"],"inLanguage":"hu","potentialAction":[{"@type":"CommentAction","name":"Comment","target":["https:\/\/hotnewsinworld.com\/hu\/magyarorszag-valasza-a-demografiai-kihivasokra-a-csaladtamogatas\/#respond"]}]},{"@type":"WebPage","@id":"https:\/\/hotnewsinworld.com\/hu\/magyarorszag-valasza-a-demografiai-kihivasokra-a-csaladtamogatas\/","url":"https:\/\/hotnewsinworld.com\/hu\/magyarorszag-valasza-a-demografiai-kihivasokra-a-csaladtamogatas\/","name":"Magyarorsz\u00e1g v\u00e1lasza a demogr\u00e1fiai kih\u00edv\u00e1sokra a csal\u00e1dt\u00e1mogat\u00e1s - Hot News in World","isPartOf":{"@id":"https:\/\/hotnewsinworld.com\/hu\/#website"},"primaryImageOfPage":{"@id":"https:\/\/hotnewsinworld.com\/hu\/magyarorszag-valasza-a-demografiai-kihivasokra-a-csaladtamogatas\/#primaryimage"},"image":{"@id":"https:\/\/hotnewsinworld.com\/hu\/magyarorszag-valasza-a-demografiai-kihivasokra-a-csaladtamogatas\/#primaryimage"},"thumbnailUrl":"https:\/\/hotnewsinworld.com\/hu\/wp-content\/uploads\/sites\/3\/2019\/09\/Magyarorsz\u00e1g-v\u00e1lasza-a-demogr\u00e1fiai-kih\u00edv\u00e1sokra-a-csal\u00e1dt\u00e1mogat\u00e1s.png","datePublished":"2019-09-06T00:54:37+00:00","dateModified":"2019-09-06T00:54:38+00:00","author":{"@id":"https:\/\/hotnewsinworld.com\/hu\/#\/schema\/person\/fe61448b21c0d59086e75fcc1f9d8f6b"},"breadcrumb":{"@id":"https:\/\/hotnewsinworld.com\/hu\/magyarorszag-valasza-a-demografiai-kihivasokra-a-csaladtamogatas\/#breadcrumb"},"inLanguage":"hu","potentialAction":[{"@type":"ReadAction","target":["https:\/\/hotnewsinworld.com\/hu\/magyarorszag-valasza-a-demografiai-kihivasokra-a-csaladtamogatas\/"]}]},{"@type":"ImageObject","inLanguage":"hu","@id":"https:\/\/hotnewsinworld.com\/hu\/magyarorszag-valasza-a-demografiai-kihivasokra-a-csaladtamogatas\/#primaryimage","url":"https:\/\/hotnewsinworld.com\/hu\/wp-content\/uploads\/sites\/3\/2019\/09\/Magyarorsz\u00e1g-v\u00e1lasza-a-demogr\u00e1fiai-kih\u00edv\u00e1sokra-a-csal\u00e1dt\u00e1mogat\u00e1s.png","contentUrl":"https:\/\/hotnewsinworld.com\/hu\/wp-content\/uploads\/sites\/3\/2019\/09\/Magyarorsz\u00e1g-v\u00e1lasza-a-demogr\u00e1fiai-kih\u00edv\u00e1sokra-a-csal\u00e1dt\u00e1mogat\u00e1s.png","width":600,"height":315,"caption":"Magyarorsz\u00e1g v\u00e1lasza a demogr\u00e1fiai kih\u00edv\u00e1sokra a csal\u00e1dt\u00e1mogat\u00e1s"},{"@type":"BreadcrumbList","@id":"https:\/\/hotnewsinworld.com\/hu\/magyarorszag-valasza-a-demografiai-kihivasokra-a-csaladtamogatas\/#breadcrumb","itemListElement":[{"@type":"ListItem","position":1,"name":"\u0413\u043b\u0430\u0432\u043d\u0430\u044f \u0441\u0442\u0440\u0430\u043d\u0438\u0446\u0430","item":"https:\/\/hotnewsinworld.com\/hu\/"},{"@type":"ListItem","position":2,"name":"Magyarorsz\u00e1g v\u00e1lasza a demogr\u00e1fiai kih\u00edv\u00e1sokra a csal\u00e1dt\u00e1mogat\u00e1s"}]},{"@type":"WebSite","@id":"https:\/\/hotnewsinworld.com\/hu\/#website","url":"https:\/\/hotnewsinworld.com\/hu\/","name":"Hot News in World","description":"Hot News in World from Hungary","potentialAction":[{"@type":"SearchAction","target":{"@type":"EntryPoint","urlTemplate":"https:\/\/hotnewsinworld.com\/hu\/?s={search_term_string}"},"query-input":{"@type":"PropertyValueSpecification","valueRequired":true,"valueName":"search_term_string"}}],"inLanguage":"hu"},{"@type":"Person","@id":"https:\/\/hotnewsinworld.com\/hu\/#\/schema\/person\/fe61448b21c0d59086e75fcc1f9d8f6b","name":"hotnewsinworld","image":{"@type":"ImageObject","inLanguage":"hu","@id":"https:\/\/secure.gravatar.com\/avatar\/8a09ac165600ce2e1c38fe593c63928eb1e6e7ba5c5a907d67787c41b3d00c14?s=96&d=mm&r=g","url":"https:\/\/secure.gravatar.com\/avatar\/8a09ac165600ce2e1c38fe593c63928eb1e6e7ba5c5a907d67787c41b3d00c14?s=96&d=mm&r=g","contentUrl":"https:\/\/secure.gravatar.com\/avatar\/8a09ac165600ce2e1c38fe593c63928eb1e6e7ba5c5a907d67787c41b3d00c14?s=96&d=mm&r=g","caption":"hotnewsinworld"},"url":"https:\/\/hotnewsinworld.com\/hu\/author\/pt\/"}]}},"_links":{"self":[{"href":"https:\/\/hotnewsinworld.com\/hu\/wp-json\/wp\/v2\/posts\/1679","targetHints":{"allow":["GET"]}}],"collection":[{"href":"https:\/\/hotnewsinworld.com\/hu\/wp-json\/wp\/v2\/posts"}],"about":[{"href":"https:\/\/hotnewsinworld.com\/hu\/wp-json\/wp\/v2\/types\/post"}],"author":[{"embeddable":true,"href":"https:\/\/hotnewsinworld.com\/hu\/wp-json\/wp\/v2\/users\/2"}],"replies":[{"embeddable":true,"href":"https:\/\/hotnewsinworld.com\/hu\/wp-json\/wp\/v2\/comments?post=1679"}],"version-history":[{"count":1,"href":"https:\/\/hotnewsinworld.com\/hu\/wp-json\/wp\/v2\/posts\/1679\/revisions"}],"predecessor-version":[{"id":1681,"href":"https:\/\/hotnewsinworld.com\/hu\/wp-json\/wp\/v2\/posts\/1679\/revisions\/1681"}],"wp:featuredmedia":[{"embeddable":true,"href":"https:\/\/hotnewsinworld.com\/hu\/wp-json\/wp\/v2\/media\/1680"}],"wp:attachment":[{"href":"https:\/\/hotnewsinworld.com\/hu\/wp-json\/wp\/v2\/media?parent=1679"}],"wp:term":[{"taxonomy":"category","embeddable":true,"href":"https:\/\/hotnewsinworld.com\/hu\/wp-json\/wp\/v2\/categories?post=1679"},{"taxonomy":"post_tag","embeddable":true,"href":"https:\/\/hotnewsinworld.com\/hu\/wp-json\/wp\/v2\/tags?post=1679"}],"curies":[{"name":"wp","href":"https:\/\/api.w.org\/{rel}","templated":true}]}}