{"id":1682,"date":"2019-09-06T05:13:11","date_gmt":"2019-09-06T02:13:11","guid":{"rendered":"https:\/\/hotnewsinworld.com\/hu\/ismet-adathalaszatra-figyelmeztet-az-adohivatal\/"},"modified":"2019-09-06T05:13:12","modified_gmt":"2019-09-06T02:13:12","slug":"ismet-adathalaszatra-figyelmeztet-az-adohivatal","status":"publish","type":"post","link":"https:\/\/hotnewsinworld.com\/hu\/ismet-adathalaszatra-figyelmeztet-az-adohivatal\/","title":{"rendered":"Ism\u00e9t adathal\u00e1szatra figyelmeztet az ad\u00f3hivatal"},"content":{"rendered":"<div>\n<div class=\"talalat kotegTitle\">\n<p class=\"lead\">A napokban ism\u00e9t t\u00f6bb bejelent\u00e9s \u00e9rkezett a Nemzeti Ad\u00f3- \u00e9s V\u00e1mhivatalhoz (NAV) arr\u00f3l, hogy adathal\u00e1szok k\u00eds\u00e9reltek megszerezni \u00fcgyf\u00e9lkapus bejelentkez\u00e9si \u00e9s bankk\u00e1rtyaadatokat &#8211; h\u00edvja fel a figyelmet az ad\u00f3hat\u00f3s\u00e1g.<\/p>\n<\/div>\n<div class=\"talalat contsrc_97  szurke line-with-image-container\"><span class=\"line-with-image\"><span class=\"line-with-image-inner\" style=\"background-image:url('https:\/\/stat.hirstart.hu\/image\/20190905\/4872789\/veszelyes_csalokra_figyelmeztet_a_nav_vigyazz_kifoszthatnak-73x73-crop.jpg');background-repeat: no-repeat; background-size: 73.00px auto; width: 73.00px; height: 73.00px\"><\/span><\/span>class=&#8221;line-title-with-image&#8221;&gt;<\/p>\n<div class=\"line-with-image-search-padding\">\n<p class=\"lead\">A napokban ism\u00e9t t\u00f6bb bejelent\u00e9s \u00e9rkezett a Nemzeti Ad\u00f3- \u00e9s V\u00e1mhivatalhoz (NAV) arr\u00f3l, hogy adathal\u00e1szok k\u00eds\u00e9reltek megszerezni \u00fcgyf\u00e9lkapus bejelentkez\u00e9si \u00e9s bankk\u00e1rtyaadatokat &#8211; h\u00edvja fel a figyelmet az ad\u00f3hat\u00f3s\u00e1g. A NAV&#8230;<\/p>\n<\/div>\n<\/div>\n<div class=\"talalat contsrc_691  szurke line-with-image-container\"><span class=\"line-with-image\"><span class=\"line-with-image-inner\" style=\"background-image:url('https:\/\/stat.hirstart.hu\/image\/20190905\/4871703\/ismet_adathalaszatra_figyelmeztet_az_adohivatal-73x73-crop.jpg');background-repeat: no-repeat; background-size: 73.00px auto; width: 73.00px; height: 73.00px\"><\/span><\/span>class=&#8221;line-title-with-image&#8221;&gt;<\/p>\n<div class=\"line-with-image-search-padding\">\n<p class=\"lead\">A napokban ism\u00e9t t\u00f6bb bejelent\u00e9s \u00e9rkezett a Nemzeti Ad\u00f3- \u00e9s V\u00e1mhivatalhoz (NAV) arr\u00f3l, hogy adathal\u00e1szok k\u00eds\u00e9reltek megszerezni \u00fcgyf\u00e9lkapus bejelentkez\u00e9si \u00e9s bankk\u00e1rtyaadatokat &#8211; h\u00edvja fel a figyelmet az ad\u00f3hat\u00f3s\u00e1g.<\/p>\n<\/div>\n<\/div>\n<div class=\"talalat contsrc_590  \">class=&#8221;&#8221;&gt;<\/p>\n<p class=\"lead\">A napokban ism\u00e9t t\u00f6bb bejelent\u00e9s \u00e9rkezett a Nemzeti Ad\u00f3- \u00e9s V\u00e1mhivatalhoz (NAV) arr\u00f3l, hogy adathal\u00e1szok k\u00eds\u00e9reltek megszerezni \u00fcgyf\u00e9lkapus bejelentkez\u00e9si \u00e9s bankk\u00e1rtyaadatokat \u2013 h\u00edvja fel a figyelmet az ad\u00f3hat\u00f3s\u00e1g.\u00a0 A NAV k\u00f6zlem\u00e9ny\u00e9ben hangs\u00falyozza: az \u00fcgyf\u00e9lkapus adatokat mindenki csak a megfelel\u0151 oldalon\u2026<\/p>\n<\/div>\n<div class=\"talalat contsrc_90  szurke line-with-image-container\"><span class=\"line-with-image\"><span class=\"line-with-image-inner\" style=\"background-image:url('https:\/\/stat.hirstart.hu\/image\/20190905\/4871691\/csalok_miatt_riasztast_adott_ki_a_nav-73x73-crop.jpeg');background-repeat: no-repeat; background-size: 73.00px auto; width: 73.00px; height: 73.00px\"><\/span><\/span>class=&#8221;line-title-with-image&#8221;&gt;<\/p>\n<div class=\"line-with-image-search-padding\">\n<p class=\"lead\">A napokban ism\u00e9t t\u00f6bb bejelent\u00e9s \u00e9rkezett a Nemzeti Ad\u00f3- \u00e9s V\u00e1mhivatalhoz (NAV), miszerint adathal\u00e1szok k\u00eds\u00e9reltek megszerezni \u00fcgyf\u00e9lkapus bejelentkez\u00e9si \u00e9s bankk\u00e1rtyaadatokat. A csal\u00f3k nem f\u00e1radnak, \u00fajra \u00e9s \u00fajra pr\u00f3b\u00e1lkoznak. Senki ne d\u0151lj\u00f6n be! &#8211; \u00edrta k\u00f6zlem\u00e9ny\u00e9ben a NAV<\/p>\n<\/div>\n<\/div>\n<div class=\"talalat contsrc_923  \">class=&#8221;&#8221;&gt;<\/p>\n<p class=\"lead\">A napokban ism\u00e9t t\u00f6bb bejelent\u00e9s \u00e9rkezett a Nemzeti Ad\u00f3- \u00e9s V\u00e1mhivatalhoz (NAV), miszerint adathal\u00e1szok k\u00eds\u00e9reltek megszerezni \u00fcgyf\u00e9lkapus bejelentkez\u00e9si \u00e9s bankk\u00e1rtyaadatokat. A csal\u00f3k nem f\u00e1radnak, \u00fajra \u00e9s \u00fajra pr\u00f3b\u00e1lkoznak. Senki ne d\u0151lj\u00f6n be!<\/p>\n<\/div>\n<div class=\"talalat contsrc_133  szurke \">class=&#8221;&#8221;&gt;<\/p>\n<p class=\"lead\">A napokban ism\u00e9t t\u00f6bb bejelent\u00e9s \u00e9rkezett a Nemzeti Ad\u00f3- \u00e9s V\u00e1mhivatalhoz (NAV) arr\u00f3l, hogy adathal\u00e1szok k\u00eds\u00e9reltek megszerezni \u00fcgyf\u00e9lkapus bejelentkez\u00e9si \u00e9s bankk\u00e1rtyaadatokat &#8211; h\u00edvja fel a figyelmet az ad\u00f3hat\u00f3s\u00e1g.<\/p>\n<\/div>\n<div class=\"talalat contsrc_399  \">class=&#8221;&#8221;&gt;<\/p>\n<p class=\"lead\">A napokban az ad\u00f3hat\u00f3s\u00e1g t\u00e1j\u00e9koztat\u00e1sa szerint ism\u00e9t t\u00f6bb bejelent\u00e9s \u00e9rkezett arr\u00f3l, hogy ism\u00e9t adathal\u00e1szok k\u00eds\u00e9reltek megszerezni \u00fcgyf\u00e9lkapus bejelentkez\u00e9si \u00e9s bankk\u00e1rtya adatokat. Kiadott figyelmeztet\u00e9s\u00fck szerint a t\u00falfizet\u00e9st csak a 1917-es nyomtatv\u00e1nnyal lehet visszaig\u00e9nyelni, \u201elinkre kattint\u00e1ssal&#8221; nem.<\/p>\n<\/div>\n<div class=\"talalat contsrc_421  szurke \">class=&#8221;&#8221;&gt;<\/p>\n<p class=\"lead\">A napokban t\u00f6bb bejelent\u00e9s \u00e9rkezett a NAV-hoz arr\u00f3l, hogy adathal\u00e1szok k\u00eds\u00e9reltek megszerezni \u00fcgyf\u00e9lkapus bejelentkez\u00e9si- \u00e9s bankk\u00e1rtyaadatokat \u2013 k\u00f6z\u00f6lte az ad\u00f3hat\u00f3s\u00e1g.<\/p>\n<\/div>\n<div class=\"talalat contsrc_62  line-with-image-container\"><span class=\"line-with-image\"><span class=\"line-with-image-inner\" style=\"background-image:url('https:\/\/stat.hirstart.hu\/image\/20190905\/4872035\/csalokra_figyelmeztet_a_nav_-_erre_ugyeljen-73x73-crop.jpg');background-repeat: no-repeat; background-size: 73.00px auto; width: 73.00px; height: 73.00px\"><\/span><\/span>class=&#8221;line-title-with-image&#8221;&gt;<\/p>\n<div class=\"line-with-image-search-padding\">\n<p class=\"lead\">A napokban ism\u00e9t t\u00f6bb bejelent\u00e9s \u00e9rkezett a Nemzeti Ad\u00f3- \u00e9s V\u00e1mhivatalhoz (NAV) arr\u00f3l, hogy adathal\u00e1szok k\u00eds\u00e9reltek megszerezni \u00fcgyf\u00e9lkapus bejelentkez\u00e9si \u00e9s bankk\u00e1rtyaadatokat &#8211; h\u00edvja fel a figyelmet az ad\u00f3hat\u00f3s\u00e1g.<\/p>\n<\/div>\n<\/div>\n<div class=\"talalat contsrc_113  szurke line-with-image-container\"><span class=\"line-with-image\"><span class=\"line-with-image-inner\" style=\"background-image:url('https:\/\/stat.hirstart.hu\/image\/20190905\/4872285\/ismet_adathalaszatra_figyelmeztet_az_adohivatal_3-73x73-crop.png');background-repeat: no-repeat; background-size: 73.00px auto; width: 73.00px; height: 73.00px\"><\/span><\/span>class=&#8221;line-title-with-image&#8221;&gt;<\/p>\n<div class=\"line-with-image-search-padding\">\n<p class=\"lead\">Csal\u00f3k pr\u00f3b\u00e1lnak hozz\u00e1f\u00e9rni az adatainkhoz.<\/p>\n<\/div>\n<\/div>\n<div class=\"talalat contsrc_118  line-with-image-container\"><span class=\"line-with-image\"><span class=\"line-with-image-inner\" style=\"background-image:url('https:\/\/stat.hirstart.hu\/image\/20190905\/4872465\/ujfent_tamadnak_a_nav-os_csalok-73x73-crop.jpg');background-repeat: no-repeat; background-size: 73.00px auto; width: 73.00px; height: 73.00px\"><\/span><\/span>class=&#8221;line-title-with-image&#8221;&gt;<\/p>\n<div class=\"line-with-image-search-padding\">\n<p class=\"lead\">Ism\u00e9t t\u00f6bb bejelent\u00e9s \u00e9rkezett a NAV-hoz, miszerint adathal\u00e1szok k\u00eds\u00e9reltek megszerezni \u00fcgyf\u00e9lkapus bejelentkez\u00e9si- \u00e9s bankk\u00e1rtyaadatokat.<\/p>\n<\/div>\n<\/div>\n<div class=\"talalat contsrc_885  szurke line-with-image-container\"><span class=\"line-with-image\"><span class=\"line-with-image-inner\" style=\"background-image:url('https:\/\/stat.hirstart.hu\/image\/20190906\/4873391\/ismet_adathalaszatra_figyelmeztet_az_adohivatal_5-73x73-crop.jpg');background-repeat: no-repeat; background-size: 73.00px auto; width: 73.00px; height: 73.00px\"><\/span><\/span>class=&#8221;line-title-with-image&#8221;&gt;<\/p>\n<div class=\"line-with-image-search-padding\">\n<p class=\"lead\">A napokban ism\u00e9t t\u00f6bb bejelent\u00e9s \u00e9rkezett a Nemzeti Ad\u00f3- \u00e9s V\u00e1mhivatalhoz (NAV) arr\u00f3l, hogy adathal\u00e1szok k\u00eds\u00e9reltek megszerezni \u00fcgyf\u00e9lkapus bejelentkez\u00e9si \u00e9s bankk\u00e1rtyaadatokat \u2013 h\u00edvja fel a figyelmet az ad\u00f3hat\u00f3s\u00e1g. A NAV k\u00f6zlem\u00e9ny\u00e9ben hangs\u00falyozza: az \u00fcgyf\u00e9lkapus adatokat mindenki csak a megfelel\u0151 oldalon (www.nav.gov.hu,\u2026<\/p>\n<\/div>\n<\/div>\n<div class=\"talalat contsrc_54  \">class=&#8221;&#8221;&gt;<\/p>\n<p class=\"lead\">A napokban ism\u00e9t t\u00f6bb bejelent\u00e9s \u00e9rkezett a Nemzeti Ad\u00f3- \u00e9s V\u00e1mhivatalhoz.<\/p>\n<\/div>\n<div class=\"talalat contsrc_847  szurke line-with-image-container\"><span class=\"line-with-image\"><span class=\"line-with-image-inner\" style=\"background-image:url('https:\/\/stat.hirstart.hu\/image\/20190905\/4873074\/adathalaszokra_figyelmeztet_az_adohivatal_-_ezek_az_arulkodo_jelek-73x73-crop.jpg');background-repeat: no-repeat; background-size: 73.00px auto; width: 73.00px; height: 73.00px\"><\/span><\/span>class=&#8221;line-title-with-image&#8221;&gt;<\/p>\n<div class=\"line-with-image-search-padding\">\n<p class=\"lead\">Vigy\u00e1zat, az ad\u00f3 visszat\u00e9r\u00edt\u00e9ses lev\u00e9l kamu.<\/p>\n<\/div>\n<\/div>\n<div class=\"talalat contsrc_1048  line-with-image-container\"><span class=\"line-with-image\"><span class=\"line-with-image-inner\" style=\"background-image:url('https:\/\/stat.hirstart.hu\/image\/20190906\/4873364\/ismet_adathalaszatra_figyelmeztet_az_adohivatal_4-73x73-crop.jpg');background-repeat: no-repeat; background-size: 73.00px auto; width: 73.00px; height: 73.00px\"><\/span><\/span>class=&#8221;line-title-with-image&#8221;&gt;<\/p>\n<div class=\"line-with-image-search-padding\">\n<p class=\"lead\">A napokban ism\u00e9t t\u00f6bb bejelent\u00e9s \u00e9rkezett a Nemzeti Ad\u00f3- \u00e9s V\u00e1mhivatalhoz (NAV) arr\u00f3l, hogy adathal\u00e1szok k\u00eds\u00e9reltek megszerezni \u00fcgyf\u00e9lkapus bejelentkez\u00e9si \u00e9s &#8230;<\/p>\n<\/div>\n<\/div>\n<div class=\"talalat contsrc_376  szurke \">class=&#8221;&#8221;&gt;<\/p>\n<p class=\"lead\">A napokban ism\u00e9t t\u00f6bb bejelent\u00e9s \u00e9rkezett a Nemzeti Ad\u00f3- \u00e9s V\u00e1mhivatalhoz (NAV), miszerint adathal\u00e1szok k\u00eds\u00e9reltek megszerezni \u00fcgyf\u00e9lkapus bejelentkez\u00e9si \u00e9s bankk\u00e1rtyaadatokat. A csal\u00f3k nem f\u00e1radnak, \u00fajra \u00e9s \u00fajra pr\u00f3b\u00e1lkoznak. Senki ne d\u0151lj\u00f6n be!\u00a0 \u00a0\u00a0\u00a0A NAV informatikai fejleszt\u00e9sei r\u00e9v\u00e9n m\u00e1r nagyr\u00e9szt elektronikusan\u2026<\/p>\n<\/div>\n<div class=\"talalat contsrc_879  \">class=&#8221;&#8221;&gt;<\/p>\n<p class=\"lead\">B\u0171n\u00f6z\u0151k k\u00eds\u00e9reltek megszerezni \u00fcgyf\u00e9lkapus bejelentkez\u00e9si \u00e9s bankk\u00e1rtyaadatokat.<\/p>\n<\/div>\n<div class=\"talalat contsrc_878  szurke line-with-image-container\"><span class=\"line-with-image\"><span class=\"line-with-image-inner\" style=\"background-image:url('https:\/\/stat.hirstart.hu\/image\/20190905\/4871888\/magyar_adozokat_probalnak_a_nav_neveben_atverni-73x73-crop.jpg');background-repeat: no-repeat; background-size: 73.00px auto; width: 73.00px; height: 73.00px\"><\/span><\/span>class=&#8221;line-title-with-image&#8221;&gt;<\/p>\n<div class=\"line-with-image-search-padding\">\n<p class=\"lead\">B\u0171n\u00f6z\u0151k k\u00eds\u00e9reltek megszerezni \u00fcgyf\u00e9lkapus bejelentkez\u00e9si \u00e9s bankk\u00e1rtyaadatokat.<\/p>\n<\/div>\n<\/div>\n<div class=\"talalat contsrc_1077  line-with-image-container\"><span class=\"line-with-image\"><span class=\"line-with-image-inner\" style=\"background-image:url('https:\/\/stat.hirstart.hu\/image\/20190905\/4871689\/adathalaszokra_figyelmeztet_az_adohivatal-73x73-crop.jpg');background-repeat: no-repeat; background-size: 73.00px auto; width: 73.00px; height: 73.00px\"><\/span><\/span>class=&#8221;line-title-with-image&#8221;&gt;<\/p>\n<div class=\"line-with-image-search-padding\">\n<p class=\"lead\">&#8211; A napokban ism\u00e9t t\u00f6bb bejelent\u00e9s \u00e9rkezett a Nemzeti Ad\u00f3- \u00e9s V\u00e1mhivatalhoz (Nav) arr\u00f3l, hogy adathal\u00e1szok k\u00eds\u00e9reltek megszerezni \u00fcgyf\u00e9lkapus bejelentkez\u00e9si \u00e9s bankk\u00e1rtyaadatokat &#8211; h\u00edvja fel a figyelmet az ad\u00f3hat\u00f3s\u00e1g.<br \/>\n\u00a0<\/p>\n<\/div>\n<\/div>\n<div class=\"talalat contsrc_854  szurke \">class=&#8221;&#8221;&gt;<\/p>\n<p class=\"lead\">Budapest &#8211; A napokban ism\u00e9t t\u00f6bb bejelent\u00e9s \u00e9rkezett a Nemzeti Ad\u00f3- \u00e9s V\u00e1mhivatalhoz (NAV) arr\u00f3l, hogy adathal\u00e1szok k\u00eds\u00e9reltek megszerezni \u00fcgyf\u00e9lkapus bejelentkez\u00e9si \u00e9s bankk\u00e1rtyaadatokat.<\/p>\n<\/div>\n<div class=\"talalat contsrc_1028  line-with-image-container\"><span class=\"line-with-image\"><span class=\"line-with-image-inner\" style=\"background-image:url('https:\/\/stat.hirstart.hu\/image\/20190905\/4871646\/nav_a_csalok_nem_faradnak_ujra_es_ujra_probalkoznak-73x73-crop.jpg');background-repeat: no-repeat; background-size: 73.00px auto; width: 73.00px; height: 73.00px\"><\/span><\/span>class=&#8221;line-title-with-image&#8221;&gt;<\/p>\n<div class=\"line-with-image-search-padding\">\n<p class=\"lead\">A napokban ism\u00e9t t\u00f6bb bejelent\u00e9s \u00e9rkezett a Nemzeti Ad\u00f3- \u00e9s V\u00e1mhivatalhoz (NAV), miszerint adathal\u00e1szok k\u00eds\u00e9reltek megszerezni \u00fcgyf\u00e9lkapus bejelentkez\u00e9si \u00e9s bankk\u00e1rtyaadatokat. A csal\u00f3k nem f\u00e1radnak, \u00fajra \u00e9s \u00fajra pr\u00f3b\u00e1lkoznak. Senki ne d\u0151lj\u00f6n be! A NAV informatikai fejleszt\u00e9sei r\u00e9v\u00e9n m\u00e1r nagyr\u00e9szt elektronikusan kommunik\u00e1l\u2026<\/p>\n<\/div>\n<\/div>\n<div class=\"talalat contsrc_126  szurke line-with-image-container\"><span class=\"line-with-image\"><span class=\"line-with-image-inner\" style=\"background-image:url('https:\/\/stat.hirstart.hu\/image\/20190905\/4871713\/riasztast_adott_ki_a_nav_csalok_veszelyeztetik_az_ugyfeladatokat-73x73-crop.jpg');background-repeat: no-repeat; background-size: 73.00px auto; width: 73.00px; height: 73.00px\"><\/span><\/span>class=&#8221;line-title-with-image&#8221;&gt;<\/p>\n<div class=\"line-with-image-search-padding\">\n<p class=\"lead\">Az ad\u00f3hat\u00f3s\u00e1g k\u00e9ri: senki ne adjon meg \u00fcgyf\u00e9lkapus vagy bankk\u00e1rtya-adatokat a pr\u00f3b\u00e1lkoz\u00f3knak.<\/p>\n<\/div>\n<\/div>\n<div class=\"talalat contsrc_957  line-with-image-container\"><span class=\"line-with-image\"><span class=\"line-with-image-inner\" style=\"background-image:url('https:\/\/stat.hirstart.hu\/image\/20190906\/4872125\/vigyazzon_ujra_akcioba_lendultek_a_csalok-73x73-crop.jpg');background-repeat: no-repeat; background-size: 73.00px auto; width: 73.00px; height: 73.00px\"><\/span><\/span>class=&#8221;line-title-with-image&#8221;&gt;<\/p>\n<div class=\"line-with-image-search-padding\">\n<p class=\"lead\">2019.09.05. A napokban ism\u00e9t t\u00f6bb bejelent\u00e9s \u00e9rkezett a Nemzeti Ad\u00f3- \u00e9s V\u00e1mhivatalhoz (NAV), miszerint adathal\u00e1szok k\u00eds\u00e9reltek megszerezni \u00fcgyf\u00e9lkapus bejelentkez\u00e9si \u00e9s bankk\u00e1rtyaadatokat. A csal\u00f3k nem f\u00e1radnak, \u00fajra \u00e9s \u00fajra pr\u00f3b\u00e1lkoznak \u2013 h\u00edvta fel a figyelmet M\u00f3zsik Szilvia, a NAV Tolna Megyei Ad\u00f3- \u00e9s V\u00e1migazgat\u00f3s\u00e1g\u00e1nak sajt\u00f3referense.\u2026<\/p>\n<\/div>\n<\/div>\n<div class=\"talalat contsrc_6  szurke line-with-image-container\"><span class=\"line-with-image\"><span class=\"line-with-image-inner\" style=\"background-image:url('https:\/\/stat.hirstart.hu\/image\/20190905\/4871451\/figyelmeztet_a_nav_ismet_az_adatainkra_palyaznak_a_csalok_-_erre_kell_vigyazzunk_hogy_ne_legyunk_aldozatok-73x73-crop.jpeg');background-repeat: no-repeat; background-size: 73.00px auto; width: 73.00px; height: 73.00px\"><\/span><\/span>class=&#8221;line-title-with-image&#8221;&gt;<\/p>\n<div class=\"line-with-image-search-padding\">\n<p class=\"lead\">A napokban ism\u00e9t t\u00f6bb bejelent\u00e9s \u00e9rkezett a Nemzeti Ad\u00f3- \u00e9s V\u00e1mhivatalhoz (NAV), miszerint adathal\u00e1szok k\u00eds\u00e9reltek megszerezni \u00fcgyf\u00e9lkapus bejelentkez\u00e9si \u00e9s bankk\u00e1rtyaadatokat. A csal\u00f3k nem f\u00e1radnak, \u00fajra \u00e9s \u00fajra pr\u00f3b\u00e1lkoznak. Senki ne d\u0151lj\u00f6n be!<\/p>\n<\/div>\n<\/div>\n<\/div>\n<p><script>(function(d, s, id) {\n  var js, fjs = d.getElementsByTagName(s)[0];\n  if (d.getElementById(id)) return;\n  js = d.createElement(s); js.id = id;\n  js.src = \"http:\/\/connect.facebook.net\/hu_HU\/sdk.js#xfbml=1&version=v2.6\";\n  fjs.parentNode.insertBefore(js, fjs);\n}(document, 'script', 'facebook-jssdk'));<\/script><br \/>\n<br \/><a href=\"https:\/\/hirek.oldal.info\/rssclick\/14373579\" rel=\"nofollow\">Source link <\/a><\/p>\n","protected":false},"excerpt":{"rendered":"<p>A napokban ism\u00e9t t\u00f6bb bejelent\u00e9s \u00e9rkezett a Nemzeti Ad\u00f3- \u00e9s V\u00e1mhivatalhoz (NAV) arr\u00f3l, hogy adathal\u00e1szok k\u00eds\u00e9reltek megszerezni \u00fcgyf\u00e9lkapus bejelentkez\u00e9si \u00e9s bankk\u00e1rtyaadatokat &#8211; h\u00edvja fel a figyelmet az ad\u00f3hat\u00f3s\u00e1g. class=&#8221;line-title-with-image&#8221;&gt; A napokban ism\u00e9t t\u00f6bb bejelent\u00e9s \u00e9rkezett a Nemzeti Ad\u00f3- \u00e9s V\u00e1mhivatalhoz (NAV) arr\u00f3l, hogy adathal\u00e1szok k\u00eds\u00e9reltek megszerezni \u00fcgyf\u00e9lkapus bejelentkez\u00e9si \u00e9s bankk\u00e1rtyaadatokat &#8211; h\u00edvja fel a figyelmet [&hellip;]<\/p>\n","protected":false},"author":2,"featured_media":1683,"comment_status":"open","ping_status":"open","sticky":false,"template":"","format":"standard","meta":{"footnotes":""},"categories":[1],"tags":[],"class_list":["post-1682","post","type-post","status-publish","format-standard","has-post-thumbnail","hentry","category-legujabb-penzugyi-hirek"],"yoast_head":"<!-- This site is optimized with the Yoast SEO plugin v27.4 - https:\/\/yoast.com\/product\/yoast-seo-wordpress\/ -->\n<title>Ism\u00e9t adathal\u00e1szatra figyelmeztet az ad\u00f3hivatal - Hot News in World<\/title>\n<meta name=\"robots\" content=\"index, follow, max-snippet:-1, max-image-preview:large, max-video-preview:-1\" \/>\n<link rel=\"canonical\" href=\"https:\/\/hotnewsinworld.com\/hu\/ismet-adathalaszatra-figyelmeztet-az-adohivatal\/\" \/>\n<meta property=\"og:locale\" content=\"hu_HU\" \/>\n<meta property=\"og:type\" content=\"article\" \/>\n<meta property=\"og:title\" content=\"Ism\u00e9t adathal\u00e1szatra figyelmeztet az ad\u00f3hivatal - Hot News in World\" \/>\n<meta property=\"og:description\" content=\"A napokban ism\u00e9t t\u00f6bb bejelent\u00e9s \u00e9rkezett a Nemzeti Ad\u00f3- \u00e9s V\u00e1mhivatalhoz (NAV) arr\u00f3l, hogy adathal\u00e1szok k\u00eds\u00e9reltek megszerezni \u00fcgyf\u00e9lkapus bejelentkez\u00e9si \u00e9s bankk\u00e1rtyaadatokat &#8211; h\u00edvja fel a figyelmet az ad\u00f3hat\u00f3s\u00e1g. class=&#8221;line-title-with-image&#8221;&gt; A napokban ism\u00e9t t\u00f6bb bejelent\u00e9s \u00e9rkezett a Nemzeti Ad\u00f3- \u00e9s V\u00e1mhivatalhoz (NAV) arr\u00f3l, hogy adathal\u00e1szok k\u00eds\u00e9reltek megszerezni \u00fcgyf\u00e9lkapus bejelentkez\u00e9si \u00e9s bankk\u00e1rtyaadatokat &#8211; h\u00edvja fel a figyelmet [&hellip;]\" \/>\n<meta property=\"og:url\" content=\"https:\/\/hotnewsinworld.com\/hu\/ismet-adathalaszatra-figyelmeztet-az-adohivatal\/\" \/>\n<meta property=\"og:site_name\" content=\"Hot News in World\" \/>\n<meta property=\"article:published_time\" content=\"2019-09-06T02:13:11+00:00\" \/>\n<meta property=\"article:modified_time\" content=\"2019-09-06T02:13:12+00:00\" \/>\n<meta property=\"og:image\" content=\"https:\/\/hotnewsinworld.com\/hu\/wp-content\/uploads\/sites\/3\/2019\/09\/Ism\u00e9t-adathal\u00e1szatra-figyelmeztet-az-ad\u00f3hivatal.jpg\" \/>\n\t<meta property=\"og:image:width\" content=\"600\" \/>\n\t<meta property=\"og:image:height\" content=\"315\" \/>\n\t<meta property=\"og:image:type\" content=\"image\/jpeg\" \/>\n<meta name=\"author\" content=\"hotnewsinworld\" \/>\n<meta name=\"twitter:card\" content=\"summary_large_image\" \/>\n<meta name=\"twitter:label1\" content=\"Szerz\u0151:\" \/>\n\t<meta name=\"twitter:data1\" content=\"hotnewsinworld\" \/>\n\t<meta name=\"twitter:label2\" content=\"Becs\u00fclt olvas\u00e1si id\u0151\" \/>\n\t<meta name=\"twitter:data2\" content=\"5 perc\" \/>\n<script type=\"application\/ld+json\" class=\"yoast-schema-graph\">{\"@context\":\"https:\\\/\\\/schema.org\",\"@graph\":[{\"@type\":\"Article\",\"@id\":\"https:\\\/\\\/hotnewsinworld.com\\\/hu\\\/ismet-adathalaszatra-figyelmeztet-az-adohivatal\\\/#article\",\"isPartOf\":{\"@id\":\"https:\\\/\\\/hotnewsinworld.com\\\/hu\\\/ismet-adathalaszatra-figyelmeztet-az-adohivatal\\\/\"},\"author\":{\"name\":\"hotnewsinworld\",\"@id\":\"https:\\\/\\\/hotnewsinworld.com\\\/hu\\\/#\\\/schema\\\/person\\\/fe61448b21c0d59086e75fcc1f9d8f6b\"},\"headline\":\"Ism\u00e9t adathal\u00e1szatra figyelmeztet az ad\u00f3hivatal\",\"datePublished\":\"2019-09-06T02:13:11+00:00\",\"dateModified\":\"2019-09-06T02:13:12+00:00\",\"mainEntityOfPage\":{\"@id\":\"https:\\\/\\\/hotnewsinworld.com\\\/hu\\\/ismet-adathalaszatra-figyelmeztet-az-adohivatal\\\/\"},\"wordCount\":1079,\"commentCount\":0,\"image\":{\"@id\":\"https:\\\/\\\/hotnewsinworld.com\\\/hu\\\/ismet-adathalaszatra-figyelmeztet-az-adohivatal\\\/#primaryimage\"},\"thumbnailUrl\":\"https:\\\/\\\/hotnewsinworld.com\\\/hu\\\/wp-content\\\/uploads\\\/sites\\\/3\\\/2019\\\/09\\\/Ism\u00e9t-adathal\u00e1szatra-figyelmeztet-az-ad\u00f3hivatal.jpg\",\"articleSection\":[\"LEG\u00daJABB P\u00c9NZ\u00dcGYI H\u00cdREK\"],\"inLanguage\":\"hu\",\"potentialAction\":[{\"@type\":\"CommentAction\",\"name\":\"Comment\",\"target\":[\"https:\\\/\\\/hotnewsinworld.com\\\/hu\\\/ismet-adathalaszatra-figyelmeztet-az-adohivatal\\\/#respond\"]}]},{\"@type\":\"WebPage\",\"@id\":\"https:\\\/\\\/hotnewsinworld.com\\\/hu\\\/ismet-adathalaszatra-figyelmeztet-az-adohivatal\\\/\",\"url\":\"https:\\\/\\\/hotnewsinworld.com\\\/hu\\\/ismet-adathalaszatra-figyelmeztet-az-adohivatal\\\/\",\"name\":\"Ism\u00e9t adathal\u00e1szatra figyelmeztet az ad\u00f3hivatal - Hot News in World\",\"isPartOf\":{\"@id\":\"https:\\\/\\\/hotnewsinworld.com\\\/hu\\\/#website\"},\"primaryImageOfPage\":{\"@id\":\"https:\\\/\\\/hotnewsinworld.com\\\/hu\\\/ismet-adathalaszatra-figyelmeztet-az-adohivatal\\\/#primaryimage\"},\"image\":{\"@id\":\"https:\\\/\\\/hotnewsinworld.com\\\/hu\\\/ismet-adathalaszatra-figyelmeztet-az-adohivatal\\\/#primaryimage\"},\"thumbnailUrl\":\"https:\\\/\\\/hotnewsinworld.com\\\/hu\\\/wp-content\\\/uploads\\\/sites\\\/3\\\/2019\\\/09\\\/Ism\u00e9t-adathal\u00e1szatra-figyelmeztet-az-ad\u00f3hivatal.jpg\",\"datePublished\":\"2019-09-06T02:13:11+00:00\",\"dateModified\":\"2019-09-06T02:13:12+00:00\",\"author\":{\"@id\":\"https:\\\/\\\/hotnewsinworld.com\\\/hu\\\/#\\\/schema\\\/person\\\/fe61448b21c0d59086e75fcc1f9d8f6b\"},\"breadcrumb\":{\"@id\":\"https:\\\/\\\/hotnewsinworld.com\\\/hu\\\/ismet-adathalaszatra-figyelmeztet-az-adohivatal\\\/#breadcrumb\"},\"inLanguage\":\"hu\",\"potentialAction\":[{\"@type\":\"ReadAction\",\"target\":[\"https:\\\/\\\/hotnewsinworld.com\\\/hu\\\/ismet-adathalaszatra-figyelmeztet-az-adohivatal\\\/\"]}]},{\"@type\":\"ImageObject\",\"inLanguage\":\"hu\",\"@id\":\"https:\\\/\\\/hotnewsinworld.com\\\/hu\\\/ismet-adathalaszatra-figyelmeztet-az-adohivatal\\\/#primaryimage\",\"url\":\"https:\\\/\\\/hotnewsinworld.com\\\/hu\\\/wp-content\\\/uploads\\\/sites\\\/3\\\/2019\\\/09\\\/Ism\u00e9t-adathal\u00e1szatra-figyelmeztet-az-ad\u00f3hivatal.jpg\",\"contentUrl\":\"https:\\\/\\\/hotnewsinworld.com\\\/hu\\\/wp-content\\\/uploads\\\/sites\\\/3\\\/2019\\\/09\\\/Ism\u00e9t-adathal\u00e1szatra-figyelmeztet-az-ad\u00f3hivatal.jpg\",\"width\":600,\"height\":315,\"caption\":\"Ism\u00e9t adathal\u00e1szatra figyelmeztet az ad\u00f3hivatal\"},{\"@type\":\"BreadcrumbList\",\"@id\":\"https:\\\/\\\/hotnewsinworld.com\\\/hu\\\/ismet-adathalaszatra-figyelmeztet-az-adohivatal\\\/#breadcrumb\",\"itemListElement\":[{\"@type\":\"ListItem\",\"position\":1,\"name\":\"\u0413\u043b\u0430\u0432\u043d\u0430\u044f \u0441\u0442\u0440\u0430\u043d\u0438\u0446\u0430\",\"item\":\"https:\\\/\\\/hotnewsinworld.com\\\/hu\\\/\"},{\"@type\":\"ListItem\",\"position\":2,\"name\":\"Ism\u00e9t adathal\u00e1szatra figyelmeztet az ad\u00f3hivatal\"}]},{\"@type\":\"WebSite\",\"@id\":\"https:\\\/\\\/hotnewsinworld.com\\\/hu\\\/#website\",\"url\":\"https:\\\/\\\/hotnewsinworld.com\\\/hu\\\/\",\"name\":\"Hot News in World\",\"description\":\"Hot News in World from Hungary\",\"potentialAction\":[{\"@type\":\"SearchAction\",\"target\":{\"@type\":\"EntryPoint\",\"urlTemplate\":\"https:\\\/\\\/hotnewsinworld.com\\\/hu\\\/?s={search_term_string}\"},\"query-input\":{\"@type\":\"PropertyValueSpecification\",\"valueRequired\":true,\"valueName\":\"search_term_string\"}}],\"inLanguage\":\"hu\"},{\"@type\":\"Person\",\"@id\":\"https:\\\/\\\/hotnewsinworld.com\\\/hu\\\/#\\\/schema\\\/person\\\/fe61448b21c0d59086e75fcc1f9d8f6b\",\"name\":\"hotnewsinworld\",\"image\":{\"@type\":\"ImageObject\",\"inLanguage\":\"hu\",\"@id\":\"https:\\\/\\\/secure.gravatar.com\\\/avatar\\\/8a09ac165600ce2e1c38fe593c63928eb1e6e7ba5c5a907d67787c41b3d00c14?s=96&d=mm&r=g\",\"url\":\"https:\\\/\\\/secure.gravatar.com\\\/avatar\\\/8a09ac165600ce2e1c38fe593c63928eb1e6e7ba5c5a907d67787c41b3d00c14?s=96&d=mm&r=g\",\"contentUrl\":\"https:\\\/\\\/secure.gravatar.com\\\/avatar\\\/8a09ac165600ce2e1c38fe593c63928eb1e6e7ba5c5a907d67787c41b3d00c14?s=96&d=mm&r=g\",\"caption\":\"hotnewsinworld\"},\"url\":\"https:\\\/\\\/hotnewsinworld.com\\\/hu\\\/author\\\/pt\\\/\"}]}<\/script>\n<!-- \/ Yoast SEO plugin. -->","yoast_head_json":{"title":"Ism\u00e9t adathal\u00e1szatra figyelmeztet az ad\u00f3hivatal - Hot News in World","robots":{"index":"index","follow":"follow","max-snippet":"max-snippet:-1","max-image-preview":"max-image-preview:large","max-video-preview":"max-video-preview:-1"},"canonical":"https:\/\/hotnewsinworld.com\/hu\/ismet-adathalaszatra-figyelmeztet-az-adohivatal\/","og_locale":"hu_HU","og_type":"article","og_title":"Ism\u00e9t adathal\u00e1szatra figyelmeztet az ad\u00f3hivatal - Hot News in World","og_description":"A napokban ism\u00e9t t\u00f6bb bejelent\u00e9s \u00e9rkezett a Nemzeti Ad\u00f3- \u00e9s V\u00e1mhivatalhoz (NAV) arr\u00f3l, hogy adathal\u00e1szok k\u00eds\u00e9reltek megszerezni \u00fcgyf\u00e9lkapus bejelentkez\u00e9si \u00e9s bankk\u00e1rtyaadatokat &#8211; h\u00edvja fel a figyelmet az ad\u00f3hat\u00f3s\u00e1g. class=&#8221;line-title-with-image&#8221;&gt; A napokban ism\u00e9t t\u00f6bb bejelent\u00e9s \u00e9rkezett a Nemzeti Ad\u00f3- \u00e9s V\u00e1mhivatalhoz (NAV) arr\u00f3l, hogy adathal\u00e1szok k\u00eds\u00e9reltek megszerezni \u00fcgyf\u00e9lkapus bejelentkez\u00e9si \u00e9s bankk\u00e1rtyaadatokat &#8211; h\u00edvja fel a figyelmet [&hellip;]","og_url":"https:\/\/hotnewsinworld.com\/hu\/ismet-adathalaszatra-figyelmeztet-az-adohivatal\/","og_site_name":"Hot News in World","article_published_time":"2019-09-06T02:13:11+00:00","article_modified_time":"2019-09-06T02:13:12+00:00","og_image":[{"width":600,"height":315,"url":"https:\/\/hotnewsinworld.com\/hu\/wp-content\/uploads\/sites\/3\/2019\/09\/Ism\u00e9t-adathal\u00e1szatra-figyelmeztet-az-ad\u00f3hivatal.jpg","type":"image\/jpeg"}],"author":"hotnewsinworld","twitter_card":"summary_large_image","twitter_misc":{"Szerz\u0151:":"hotnewsinworld","Becs\u00fclt olvas\u00e1si id\u0151":"5 perc"},"schema":{"@context":"https:\/\/schema.org","@graph":[{"@type":"Article","@id":"https:\/\/hotnewsinworld.com\/hu\/ismet-adathalaszatra-figyelmeztet-az-adohivatal\/#article","isPartOf":{"@id":"https:\/\/hotnewsinworld.com\/hu\/ismet-adathalaszatra-figyelmeztet-az-adohivatal\/"},"author":{"name":"hotnewsinworld","@id":"https:\/\/hotnewsinworld.com\/hu\/#\/schema\/person\/fe61448b21c0d59086e75fcc1f9d8f6b"},"headline":"Ism\u00e9t adathal\u00e1szatra figyelmeztet az ad\u00f3hivatal","datePublished":"2019-09-06T02:13:11+00:00","dateModified":"2019-09-06T02:13:12+00:00","mainEntityOfPage":{"@id":"https:\/\/hotnewsinworld.com\/hu\/ismet-adathalaszatra-figyelmeztet-az-adohivatal\/"},"wordCount":1079,"commentCount":0,"image":{"@id":"https:\/\/hotnewsinworld.com\/hu\/ismet-adathalaszatra-figyelmeztet-az-adohivatal\/#primaryimage"},"thumbnailUrl":"https:\/\/hotnewsinworld.com\/hu\/wp-content\/uploads\/sites\/3\/2019\/09\/Ism\u00e9t-adathal\u00e1szatra-figyelmeztet-az-ad\u00f3hivatal.jpg","articleSection":["LEG\u00daJABB P\u00c9NZ\u00dcGYI H\u00cdREK"],"inLanguage":"hu","potentialAction":[{"@type":"CommentAction","name":"Comment","target":["https:\/\/hotnewsinworld.com\/hu\/ismet-adathalaszatra-figyelmeztet-az-adohivatal\/#respond"]}]},{"@type":"WebPage","@id":"https:\/\/hotnewsinworld.com\/hu\/ismet-adathalaszatra-figyelmeztet-az-adohivatal\/","url":"https:\/\/hotnewsinworld.com\/hu\/ismet-adathalaszatra-figyelmeztet-az-adohivatal\/","name":"Ism\u00e9t adathal\u00e1szatra figyelmeztet az ad\u00f3hivatal - Hot News in World","isPartOf":{"@id":"https:\/\/hotnewsinworld.com\/hu\/#website"},"primaryImageOfPage":{"@id":"https:\/\/hotnewsinworld.com\/hu\/ismet-adathalaszatra-figyelmeztet-az-adohivatal\/#primaryimage"},"image":{"@id":"https:\/\/hotnewsinworld.com\/hu\/ismet-adathalaszatra-figyelmeztet-az-adohivatal\/#primaryimage"},"thumbnailUrl":"https:\/\/hotnewsinworld.com\/hu\/wp-content\/uploads\/sites\/3\/2019\/09\/Ism\u00e9t-adathal\u00e1szatra-figyelmeztet-az-ad\u00f3hivatal.jpg","datePublished":"2019-09-06T02:13:11+00:00","dateModified":"2019-09-06T02:13:12+00:00","author":{"@id":"https:\/\/hotnewsinworld.com\/hu\/#\/schema\/person\/fe61448b21c0d59086e75fcc1f9d8f6b"},"breadcrumb":{"@id":"https:\/\/hotnewsinworld.com\/hu\/ismet-adathalaszatra-figyelmeztet-az-adohivatal\/#breadcrumb"},"inLanguage":"hu","potentialAction":[{"@type":"ReadAction","target":["https:\/\/hotnewsinworld.com\/hu\/ismet-adathalaszatra-figyelmeztet-az-adohivatal\/"]}]},{"@type":"ImageObject","inLanguage":"hu","@id":"https:\/\/hotnewsinworld.com\/hu\/ismet-adathalaszatra-figyelmeztet-az-adohivatal\/#primaryimage","url":"https:\/\/hotnewsinworld.com\/hu\/wp-content\/uploads\/sites\/3\/2019\/09\/Ism\u00e9t-adathal\u00e1szatra-figyelmeztet-az-ad\u00f3hivatal.jpg","contentUrl":"https:\/\/hotnewsinworld.com\/hu\/wp-content\/uploads\/sites\/3\/2019\/09\/Ism\u00e9t-adathal\u00e1szatra-figyelmeztet-az-ad\u00f3hivatal.jpg","width":600,"height":315,"caption":"Ism\u00e9t adathal\u00e1szatra figyelmeztet az ad\u00f3hivatal"},{"@type":"BreadcrumbList","@id":"https:\/\/hotnewsinworld.com\/hu\/ismet-adathalaszatra-figyelmeztet-az-adohivatal\/#breadcrumb","itemListElement":[{"@type":"ListItem","position":1,"name":"\u0413\u043b\u0430\u0432\u043d\u0430\u044f \u0441\u0442\u0440\u0430\u043d\u0438\u0446\u0430","item":"https:\/\/hotnewsinworld.com\/hu\/"},{"@type":"ListItem","position":2,"name":"Ism\u00e9t adathal\u00e1szatra figyelmeztet az ad\u00f3hivatal"}]},{"@type":"WebSite","@id":"https:\/\/hotnewsinworld.com\/hu\/#website","url":"https:\/\/hotnewsinworld.com\/hu\/","name":"Hot News in World","description":"Hot News in World from Hungary","potentialAction":[{"@type":"SearchAction","target":{"@type":"EntryPoint","urlTemplate":"https:\/\/hotnewsinworld.com\/hu\/?s={search_term_string}"},"query-input":{"@type":"PropertyValueSpecification","valueRequired":true,"valueName":"search_term_string"}}],"inLanguage":"hu"},{"@type":"Person","@id":"https:\/\/hotnewsinworld.com\/hu\/#\/schema\/person\/fe61448b21c0d59086e75fcc1f9d8f6b","name":"hotnewsinworld","image":{"@type":"ImageObject","inLanguage":"hu","@id":"https:\/\/secure.gravatar.com\/avatar\/8a09ac165600ce2e1c38fe593c63928eb1e6e7ba5c5a907d67787c41b3d00c14?s=96&d=mm&r=g","url":"https:\/\/secure.gravatar.com\/avatar\/8a09ac165600ce2e1c38fe593c63928eb1e6e7ba5c5a907d67787c41b3d00c14?s=96&d=mm&r=g","contentUrl":"https:\/\/secure.gravatar.com\/avatar\/8a09ac165600ce2e1c38fe593c63928eb1e6e7ba5c5a907d67787c41b3d00c14?s=96&d=mm&r=g","caption":"hotnewsinworld"},"url":"https:\/\/hotnewsinworld.com\/hu\/author\/pt\/"}]}},"_links":{"self":[{"href":"https:\/\/hotnewsinworld.com\/hu\/wp-json\/wp\/v2\/posts\/1682","targetHints":{"allow":["GET"]}}],"collection":[{"href":"https:\/\/hotnewsinworld.com\/hu\/wp-json\/wp\/v2\/posts"}],"about":[{"href":"https:\/\/hotnewsinworld.com\/hu\/wp-json\/wp\/v2\/types\/post"}],"author":[{"embeddable":true,"href":"https:\/\/hotnewsinworld.com\/hu\/wp-json\/wp\/v2\/users\/2"}],"replies":[{"embeddable":true,"href":"https:\/\/hotnewsinworld.com\/hu\/wp-json\/wp\/v2\/comments?post=1682"}],"version-history":[{"count":1,"href":"https:\/\/hotnewsinworld.com\/hu\/wp-json\/wp\/v2\/posts\/1682\/revisions"}],"predecessor-version":[{"id":1684,"href":"https:\/\/hotnewsinworld.com\/hu\/wp-json\/wp\/v2\/posts\/1682\/revisions\/1684"}],"wp:featuredmedia":[{"embeddable":true,"href":"https:\/\/hotnewsinworld.com\/hu\/wp-json\/wp\/v2\/media\/1683"}],"wp:attachment":[{"href":"https:\/\/hotnewsinworld.com\/hu\/wp-json\/wp\/v2\/media?parent=1682"}],"wp:term":[{"taxonomy":"category","embeddable":true,"href":"https:\/\/hotnewsinworld.com\/hu\/wp-json\/wp\/v2\/categories?post=1682"},{"taxonomy":"post_tag","embeddable":true,"href":"https:\/\/hotnewsinworld.com\/hu\/wp-json\/wp\/v2\/tags?post=1682"}],"curies":[{"name":"wp","href":"https:\/\/api.w.org\/{rel}","templated":true}]}}