{"id":1688,"date":"2019-09-06T07:52:00","date_gmt":"2019-09-06T04:52:00","guid":{"rendered":"https:\/\/hotnewsinworld.com\/hu\/erzekelhetok-a-csaladpolitika-eredmenyei-magyar-nemzet\/"},"modified":"2019-09-06T07:52:02","modified_gmt":"2019-09-06T04:52:02","slug":"erzekelhetok-a-csaladpolitika-eredmenyei-magyar-nemzet","status":"publish","type":"post","link":"https:\/\/hotnewsinworld.com\/hu\/erzekelhetok-a-csaladpolitika-eredmenyei-magyar-nemzet\/","title":{"rendered":"\u00c9rz\u00e9kelhet\u0151k a csal\u00e1dpolitika eredm\u00e9nyei | Magyar Nemzet"},"content":{"rendered":"<div>\n\t\t\t\t\tA cikk emailben t\u00f6rt\u00e9n\u0151 elk\u00fcld\u00e9s\u00e9hez kattintson ide, vagy m\u00e1solja le \u00e9s k\u00fcldje el ezt a linket: <strong>https:\/\/magyarnemzet.hu\/belfold\/erzekelhetok-a-csaladpolitika-eredmenyei-7274126\/<\/strong>\n\t\t\t\t<\/div>\n<p>\n\t\t\t\t\t<span class=\"en-article-dates-main\">2019. szeptember 6. p\u00e9ntek 06:41<\/span>\n\t\t\t\t\t\t\t\t\t\t\t\t\t\t<\/p>\n<div>\n<p>\n\t\t\t\t\t\t\t\tA magyar csal\u00e1dpolitika eredm\u00e9nyess\u00e9ge m\u00e1r jelenleg is \u00e9rz\u00e9kelhet\u0151, eur\u00f3pai uni\u00f3s \u00f6sszehasonl\u00edt\u00e1sban is szignifik\u00e1ns m\u00e9rt\u00e9k\u0171 a teljes term\u00e9kenys\u00e9gi ar\u00e1nysz\u00e1m 2011-t\u0151l bek\u00f6vetkezett javul\u00e1sa \u2014 mutat r\u00e1 az \u00c1llami Sz\u00e1mvev\u0151sz\u00e9k elemz\u00e9se, amelyre a demogr\u00e1fiai cs\u00facs el\u0151tt h\u00edvta fel a figyelmet a szervezet.\t\t\t\t\t\t\t<\/p>\n<p>Az elemz\u00e9s\u00e9ben a sz\u00e1mvev\u0151sz\u00e9k r\u00e1vil\u00e1g\u00edtott: a teljes term\u00e9kenys\u00e9gi ar\u00e1nysz\u00e1m, vagyis az egy sz\u00fcl\u0151k\u00e9pes kor\u00fa n\u0151re jut\u00f3 gyermeksz\u00fclet\u00e9sek sz\u00e1ma Magyarorsz\u00e1gon 2011 \u00e9s 2018 k\u00f6z\u00f6tt 21 sz\u00e1zal\u00e9kkal n\u0151tt, a 2011-es m\u00e9lypontj\u00e1r\u00f3l, 1,23-r\u00f3l 2018-ra fokozatosan 1,49-re emelkedett. Az \u00c1llami Sz\u00e1mvev\u0151sz\u00e9k (\u00c1SZ) azt is k\u00f6z\u00f6lte, hogy ebben az id\u0151szakban a komplex int\u00e9zked\u00e9sek eredm\u00e9nyek\u00e9nt a csal\u00e1dt\u00e1mogat\u00e1sra ford\u00edtott k\u00f6lts\u00e9gvet\u00e9si forr\u00e1sok, ad\u00f3- \u00e9s j\u00e1rul\u00e9kkedvezm\u00e9nyek ar\u00e1nya a GDP-ben folyamatosan emelkedett: a 2010-es 3,5 sz\u00e1zal\u00e9kr\u00f3l 2018-ban 4,8 sz\u00e1zal\u00e9kra n\u0151tt. A csal\u00e1dpolitikai t\u00e1mogat\u00e1sokra sz\u00e1nt k\u00f6lts\u00e9gvet\u00e9si forr\u00e1sok \u00f6sszege a 2010\u20132018 k\u00f6z\u00f6tti id\u0151szakban megdupl\u00e1z\u00f3dott.<\/p>\n<\/p>\n<p>A sz\u00e1mvev\u0151sz\u00e9k szerint a magyar korm\u00e1ny elk\u00f6telezett a kedvez\u0151tlen demogr\u00e1fiai folyamatok jav\u00edt\u00e1s\u00e1ban: 2010-t\u0151l folyamatosan b\u0151v\u00fcl\u0151, komplex csal\u00e1dt\u00e1mogat\u00e1si rendszer seg\u00edts\u00e9g\u00e9vel \u00f6szt\u00f6nzi a k\u00edv\u00e1nt gyermekek megsz\u00fclet\u00e9\u00ads\u00e9t. Az orsz\u00e1g a szoci\u00e1lis t\u00e1mogat\u00e1sokra nemcsak az abszol\u00fat sz\u00e1mokat tekintve, de a fejletts\u00e9g\u00e9hez k\u00e9pest is k\u00fcl\u00f6n\u00f6sen sokat ford\u00edt. Az \u00c1SZ kiemelte, hogy a magyar csal\u00e1dpolitika egyik legfontosabb alkot\u00f3eleme a munk\u00e1ra \u00e9p\u00fcl\u0151 csal\u00e1di ad\u00f3kedvezm\u00e9ny. Emellett a p\u00e9nzbeli \u00e9s term\u00e9szetbeni juttat\u00e1sok is seg\u00edtik a j\u00f6vedelmi egyenl\u0151tlens\u00e9gek, a gyermeket nevel\u0151 csal\u00e1dok szeg\u00e9nys\u00e9gi kock\u00e1zatainak cs\u00f6kkent\u00e9s\u00e9t. A m\u00e1sik pill\u00e9rt a t\u00f6bb elemb\u0151l \u00e1ll\u00f3 otthonteremt\u00e9si t\u00e1mogat\u00e1sok rendszere jelenti, amelynek k\u00f6z\u00e9ppontj\u00e1ban a 2015-t\u0151l bevezetett, a lak\u00e1ssal m\u00e9g nem rendelkez\u0151 csal\u00e1dok lak\u00e1s\u00e9p\u00edt\u00e9s\u00e9nek \u00e9s lak\u00e1sv\u00e1s\u00e1rl\u00e1s\u00e1nak t\u00e1mogat\u00e1s\u00e1t c\u00e9lz\u00f3 csal\u00e1di otthonteremt\u00e9si kedvezm\u00e9ny (csok) \u00e1ll.<\/p>\n<p>A 2019-ben meghirdetett h\u00e9tpontos csal\u00e1dv\u00e9delmi akci\u00f3terv \u00faj elemeket is tartalmaz, p\u00e9ld\u00e1ul az \u00e9desany\u00e1k n\u00e9gy gyermek ut\u00e1n mentes\u00fclnek a szem\u00e9lyi j\u00f6vedelemad\u00f3 fizet\u00e9s\u00e9nek terhe al\u00f3l, \u00e9s tov\u00e1bb emelkedik a lak\u00e1st\u00e1mogat\u00e1sra felvehet\u0151 hitelek \u00f6sszege az\u00e1ltal, hogy a m\u00e1sodik gyermekt\u0151l n\u0151 az \u00e1llam \u00e1ltal \u00e1tv\u00e1llalt jelz\u00e1loghitel-tartoz\u00e1s m\u00e9rt\u00e9ke \u2013 id\u00e9zte fel az \u00c1SZ, hozz\u00e1t\u00e9ve, hogy \u00faj int\u00e9zked\u00e9sk\u00e9nt vezett\u00e9k be a kisgyermeket gondoz\u00f3 nagysz\u00fcl\u0151k \u00e1ltal ig\u00e9nyelhet\u0151 gyermekgondoz\u00e1si d\u00edjat, m\u00edg a gyermekv\u00e1llal\u00e1s el\u0151seg\u00edt\u00e9s\u00e9ben kulcsszerepet j\u00e1tsz\u00f3 rugalmas foglalkoztat\u00e1si form\u00e1k el\u0151seg\u00edt\u00e9se \u00e9rdek\u00e9ben b\u0151v\u00fcl a b\u00f6lcs\u0151dei h\u00e1l\u00f3zat is.<\/p>\n<\/p><\/div>\n<p><script>\n    window.fbAsyncInit = function() {\n        FB.init({\n            appId      : \"397495361000984\",\n            xfbml      : true,\n            version    : \"v2.12\"\n        });\n        FB.AppEvents.logPageView();\n        jQuery(document).trigger('fbInit');\n    };<\/p>\n<p>    (function(d, s, id){\n        var js, fjs = d.getElementsByTagName(s)[0];\n        if (d.getElementById(id)) {return;}\n        js = d.createElement(s); js.id = id;\n        js.src = \"http:\/\/connect.facebook.net\/hu_HU\/sdk.js\";\n        fjs.parentNode.insertBefore(js, fjs);\n    }(document, \"script\", \"facebook-jssdk\"));\n<\/script><br \/>\n<br \/><a href=\"https:\/\/hirek.oldal.info\/rssclick\/14373732\" rel=\"nofollow\">Source link <\/a><\/p>\n","protected":false},"excerpt":{"rendered":"<p>A cikk emailben t\u00f6rt\u00e9n\u0151 elk\u00fcld\u00e9s\u00e9hez kattintson ide, vagy m\u00e1solja le \u00e9s k\u00fcldje el ezt a linket: https:\/\/magyarnemzet.hu\/belfold\/erzekelhetok-a-csaladpolitika-eredmenyei-7274126\/ 2019. szeptember 6. p\u00e9ntek 06:41 A magyar csal\u00e1dpolitika eredm\u00e9nyess\u00e9ge m\u00e1r jelenleg is \u00e9rz\u00e9kelhet\u0151, eur\u00f3pai uni\u00f3s \u00f6sszehasonl\u00edt\u00e1sban is szignifik\u00e1ns m\u00e9rt\u00e9k\u0171 a teljes term\u00e9kenys\u00e9gi ar\u00e1nysz\u00e1m 2011-t\u0151l bek\u00f6vetkezett javul\u00e1sa \u2014 mutat r\u00e1 az \u00c1llami Sz\u00e1mvev\u0151sz\u00e9k elemz\u00e9se, amelyre a demogr\u00e1fiai cs\u00facs el\u0151tt [&hellip;]<\/p>\n","protected":false},"author":2,"featured_media":1689,"comment_status":"open","ping_status":"open","sticky":false,"template":"","format":"standard","meta":{"footnotes":""},"categories":[1],"tags":[],"class_list":["post-1688","post","type-post","status-publish","format-standard","has-post-thumbnail","hentry","category-legujabb-penzugyi-hirek"],"yoast_head":"<!-- This site is optimized with the Yoast SEO plugin v27.4 - https:\/\/yoast.com\/product\/yoast-seo-wordpress\/ -->\n<title>\u00c9rz\u00e9kelhet\u0151k a csal\u00e1dpolitika eredm\u00e9nyei | Magyar Nemzet - Hot News in World<\/title>\n<meta name=\"robots\" content=\"index, follow, max-snippet:-1, max-image-preview:large, max-video-preview:-1\" \/>\n<link rel=\"canonical\" href=\"https:\/\/hotnewsinworld.com\/hu\/erzekelhetok-a-csaladpolitika-eredmenyei-magyar-nemzet\/\" \/>\n<meta property=\"og:locale\" content=\"hu_HU\" \/>\n<meta property=\"og:type\" content=\"article\" \/>\n<meta property=\"og:title\" content=\"\u00c9rz\u00e9kelhet\u0151k a csal\u00e1dpolitika eredm\u00e9nyei | Magyar Nemzet - Hot News in World\" \/>\n<meta property=\"og:description\" content=\"A cikk emailben t\u00f6rt\u00e9n\u0151 elk\u00fcld\u00e9s\u00e9hez kattintson ide, vagy m\u00e1solja le \u00e9s k\u00fcldje el ezt a linket: https:\/\/magyarnemzet.hu\/belfold\/erzekelhetok-a-csaladpolitika-eredmenyei-7274126\/ 2019. szeptember 6. p\u00e9ntek 06:41 A magyar csal\u00e1dpolitika eredm\u00e9nyess\u00e9ge m\u00e1r jelenleg is \u00e9rz\u00e9kelhet\u0151, eur\u00f3pai uni\u00f3s \u00f6sszehasonl\u00edt\u00e1sban is szignifik\u00e1ns m\u00e9rt\u00e9k\u0171 a teljes term\u00e9kenys\u00e9gi ar\u00e1nysz\u00e1m 2011-t\u0151l bek\u00f6vetkezett javul\u00e1sa \u2014 mutat r\u00e1 az \u00c1llami Sz\u00e1mvev\u0151sz\u00e9k elemz\u00e9se, amelyre a demogr\u00e1fiai cs\u00facs el\u0151tt [&hellip;]\" \/>\n<meta property=\"og:url\" content=\"https:\/\/hotnewsinworld.com\/hu\/erzekelhetok-a-csaladpolitika-eredmenyei-magyar-nemzet\/\" \/>\n<meta property=\"og:site_name\" content=\"Hot News in World\" \/>\n<meta property=\"article:published_time\" content=\"2019-09-06T04:52:00+00:00\" \/>\n<meta property=\"article:modified_time\" content=\"2019-09-06T04:52:02+00:00\" \/>\n<meta property=\"og:image\" content=\"https:\/\/hotnewsinworld.com\/hu\/wp-content\/uploads\/sites\/3\/2019\/09\/\u00c9rz\u00e9kelhet\u0151k-a-csal\u00e1dpolitika-eredm\u00e9nyei-Magyar-Nemzet.jpg\" \/>\n\t<meta property=\"og:image:width\" content=\"409\" \/>\n\t<meta property=\"og:image:height\" content=\"630\" \/>\n\t<meta property=\"og:image:type\" content=\"image\/jpeg\" \/>\n<meta name=\"author\" content=\"hotnewsinworld\" \/>\n<meta name=\"twitter:card\" content=\"summary_large_image\" \/>\n<meta name=\"twitter:label1\" content=\"Szerz\u0151:\" \/>\n\t<meta name=\"twitter:data1\" content=\"hotnewsinworld\" \/>\n\t<meta name=\"twitter:label2\" content=\"Becs\u00fclt olvas\u00e1si id\u0151\" \/>\n\t<meta name=\"twitter:data2\" content=\"3 perc\" \/>\n<script type=\"application\/ld+json\" class=\"yoast-schema-graph\">{\"@context\":\"https:\\\/\\\/schema.org\",\"@graph\":[{\"@type\":\"Article\",\"@id\":\"https:\\\/\\\/hotnewsinworld.com\\\/hu\\\/erzekelhetok-a-csaladpolitika-eredmenyei-magyar-nemzet\\\/#article\",\"isPartOf\":{\"@id\":\"https:\\\/\\\/hotnewsinworld.com\\\/hu\\\/erzekelhetok-a-csaladpolitika-eredmenyei-magyar-nemzet\\\/\"},\"author\":{\"name\":\"hotnewsinworld\",\"@id\":\"https:\\\/\\\/hotnewsinworld.com\\\/hu\\\/#\\\/schema\\\/person\\\/fe61448b21c0d59086e75fcc1f9d8f6b\"},\"headline\":\"\u00c9rz\u00e9kelhet\u0151k a csal\u00e1dpolitika eredm\u00e9nyei | Magyar Nemzet\",\"datePublished\":\"2019-09-06T04:52:00+00:00\",\"dateModified\":\"2019-09-06T04:52:02+00:00\",\"mainEntityOfPage\":{\"@id\":\"https:\\\/\\\/hotnewsinworld.com\\\/hu\\\/erzekelhetok-a-csaladpolitika-eredmenyei-magyar-nemzet\\\/\"},\"wordCount\":588,\"commentCount\":0,\"image\":{\"@id\":\"https:\\\/\\\/hotnewsinworld.com\\\/hu\\\/erzekelhetok-a-csaladpolitika-eredmenyei-magyar-nemzet\\\/#primaryimage\"},\"thumbnailUrl\":\"https:\\\/\\\/hotnewsinworld.com\\\/hu\\\/wp-content\\\/uploads\\\/sites\\\/3\\\/2019\\\/09\\\/\u00c9rz\u00e9kelhet\u0151k-a-csal\u00e1dpolitika-eredm\u00e9nyei-Magyar-Nemzet.jpg\",\"articleSection\":[\"LEG\u00daJABB P\u00c9NZ\u00dcGYI H\u00cdREK\"],\"inLanguage\":\"hu\",\"potentialAction\":[{\"@type\":\"CommentAction\",\"name\":\"Comment\",\"target\":[\"https:\\\/\\\/hotnewsinworld.com\\\/hu\\\/erzekelhetok-a-csaladpolitika-eredmenyei-magyar-nemzet\\\/#respond\"]}]},{\"@type\":\"WebPage\",\"@id\":\"https:\\\/\\\/hotnewsinworld.com\\\/hu\\\/erzekelhetok-a-csaladpolitika-eredmenyei-magyar-nemzet\\\/\",\"url\":\"https:\\\/\\\/hotnewsinworld.com\\\/hu\\\/erzekelhetok-a-csaladpolitika-eredmenyei-magyar-nemzet\\\/\",\"name\":\"\u00c9rz\u00e9kelhet\u0151k a csal\u00e1dpolitika eredm\u00e9nyei | Magyar Nemzet - Hot News in World\",\"isPartOf\":{\"@id\":\"https:\\\/\\\/hotnewsinworld.com\\\/hu\\\/#website\"},\"primaryImageOfPage\":{\"@id\":\"https:\\\/\\\/hotnewsinworld.com\\\/hu\\\/erzekelhetok-a-csaladpolitika-eredmenyei-magyar-nemzet\\\/#primaryimage\"},\"image\":{\"@id\":\"https:\\\/\\\/hotnewsinworld.com\\\/hu\\\/erzekelhetok-a-csaladpolitika-eredmenyei-magyar-nemzet\\\/#primaryimage\"},\"thumbnailUrl\":\"https:\\\/\\\/hotnewsinworld.com\\\/hu\\\/wp-content\\\/uploads\\\/sites\\\/3\\\/2019\\\/09\\\/\u00c9rz\u00e9kelhet\u0151k-a-csal\u00e1dpolitika-eredm\u00e9nyei-Magyar-Nemzet.jpg\",\"datePublished\":\"2019-09-06T04:52:00+00:00\",\"dateModified\":\"2019-09-06T04:52:02+00:00\",\"author\":{\"@id\":\"https:\\\/\\\/hotnewsinworld.com\\\/hu\\\/#\\\/schema\\\/person\\\/fe61448b21c0d59086e75fcc1f9d8f6b\"},\"breadcrumb\":{\"@id\":\"https:\\\/\\\/hotnewsinworld.com\\\/hu\\\/erzekelhetok-a-csaladpolitika-eredmenyei-magyar-nemzet\\\/#breadcrumb\"},\"inLanguage\":\"hu\",\"potentialAction\":[{\"@type\":\"ReadAction\",\"target\":[\"https:\\\/\\\/hotnewsinworld.com\\\/hu\\\/erzekelhetok-a-csaladpolitika-eredmenyei-magyar-nemzet\\\/\"]}]},{\"@type\":\"ImageObject\",\"inLanguage\":\"hu\",\"@id\":\"https:\\\/\\\/hotnewsinworld.com\\\/hu\\\/erzekelhetok-a-csaladpolitika-eredmenyei-magyar-nemzet\\\/#primaryimage\",\"url\":\"https:\\\/\\\/hotnewsinworld.com\\\/hu\\\/wp-content\\\/uploads\\\/sites\\\/3\\\/2019\\\/09\\\/\u00c9rz\u00e9kelhet\u0151k-a-csal\u00e1dpolitika-eredm\u00e9nyei-Magyar-Nemzet.jpg\",\"contentUrl\":\"https:\\\/\\\/hotnewsinworld.com\\\/hu\\\/wp-content\\\/uploads\\\/sites\\\/3\\\/2019\\\/09\\\/\u00c9rz\u00e9kelhet\u0151k-a-csal\u00e1dpolitika-eredm\u00e9nyei-Magyar-Nemzet.jpg\",\"width\":409,\"height\":630,\"caption\":\"\u00c9rz\u00e9kelhet\u0151k a csal\u00e1dpolitika eredm\u00e9nyei | Magyar Nemzet\"},{\"@type\":\"BreadcrumbList\",\"@id\":\"https:\\\/\\\/hotnewsinworld.com\\\/hu\\\/erzekelhetok-a-csaladpolitika-eredmenyei-magyar-nemzet\\\/#breadcrumb\",\"itemListElement\":[{\"@type\":\"ListItem\",\"position\":1,\"name\":\"\u0413\u043b\u0430\u0432\u043d\u0430\u044f \u0441\u0442\u0440\u0430\u043d\u0438\u0446\u0430\",\"item\":\"https:\\\/\\\/hotnewsinworld.com\\\/hu\\\/\"},{\"@type\":\"ListItem\",\"position\":2,\"name\":\"\u00c9rz\u00e9kelhet\u0151k a csal\u00e1dpolitika eredm\u00e9nyei | Magyar Nemzet\"}]},{\"@type\":\"WebSite\",\"@id\":\"https:\\\/\\\/hotnewsinworld.com\\\/hu\\\/#website\",\"url\":\"https:\\\/\\\/hotnewsinworld.com\\\/hu\\\/\",\"name\":\"Hot News in World\",\"description\":\"Hot News in World from Hungary\",\"potentialAction\":[{\"@type\":\"SearchAction\",\"target\":{\"@type\":\"EntryPoint\",\"urlTemplate\":\"https:\\\/\\\/hotnewsinworld.com\\\/hu\\\/?s={search_term_string}\"},\"query-input\":{\"@type\":\"PropertyValueSpecification\",\"valueRequired\":true,\"valueName\":\"search_term_string\"}}],\"inLanguage\":\"hu\"},{\"@type\":\"Person\",\"@id\":\"https:\\\/\\\/hotnewsinworld.com\\\/hu\\\/#\\\/schema\\\/person\\\/fe61448b21c0d59086e75fcc1f9d8f6b\",\"name\":\"hotnewsinworld\",\"image\":{\"@type\":\"ImageObject\",\"inLanguage\":\"hu\",\"@id\":\"https:\\\/\\\/secure.gravatar.com\\\/avatar\\\/8a09ac165600ce2e1c38fe593c63928eb1e6e7ba5c5a907d67787c41b3d00c14?s=96&d=mm&r=g\",\"url\":\"https:\\\/\\\/secure.gravatar.com\\\/avatar\\\/8a09ac165600ce2e1c38fe593c63928eb1e6e7ba5c5a907d67787c41b3d00c14?s=96&d=mm&r=g\",\"contentUrl\":\"https:\\\/\\\/secure.gravatar.com\\\/avatar\\\/8a09ac165600ce2e1c38fe593c63928eb1e6e7ba5c5a907d67787c41b3d00c14?s=96&d=mm&r=g\",\"caption\":\"hotnewsinworld\"},\"url\":\"https:\\\/\\\/hotnewsinworld.com\\\/hu\\\/author\\\/pt\\\/\"}]}<\/script>\n<!-- \/ Yoast SEO plugin. -->","yoast_head_json":{"title":"\u00c9rz\u00e9kelhet\u0151k a csal\u00e1dpolitika eredm\u00e9nyei | Magyar Nemzet - Hot News in World","robots":{"index":"index","follow":"follow","max-snippet":"max-snippet:-1","max-image-preview":"max-image-preview:large","max-video-preview":"max-video-preview:-1"},"canonical":"https:\/\/hotnewsinworld.com\/hu\/erzekelhetok-a-csaladpolitika-eredmenyei-magyar-nemzet\/","og_locale":"hu_HU","og_type":"article","og_title":"\u00c9rz\u00e9kelhet\u0151k a csal\u00e1dpolitika eredm\u00e9nyei | Magyar Nemzet - Hot News in World","og_description":"A cikk emailben t\u00f6rt\u00e9n\u0151 elk\u00fcld\u00e9s\u00e9hez kattintson ide, vagy m\u00e1solja le \u00e9s k\u00fcldje el ezt a linket: https:\/\/magyarnemzet.hu\/belfold\/erzekelhetok-a-csaladpolitika-eredmenyei-7274126\/ 2019. szeptember 6. p\u00e9ntek 06:41 A magyar csal\u00e1dpolitika eredm\u00e9nyess\u00e9ge m\u00e1r jelenleg is \u00e9rz\u00e9kelhet\u0151, eur\u00f3pai uni\u00f3s \u00f6sszehasonl\u00edt\u00e1sban is szignifik\u00e1ns m\u00e9rt\u00e9k\u0171 a teljes term\u00e9kenys\u00e9gi ar\u00e1nysz\u00e1m 2011-t\u0151l bek\u00f6vetkezett javul\u00e1sa \u2014 mutat r\u00e1 az \u00c1llami Sz\u00e1mvev\u0151sz\u00e9k elemz\u00e9se, amelyre a demogr\u00e1fiai cs\u00facs el\u0151tt [&hellip;]","og_url":"https:\/\/hotnewsinworld.com\/hu\/erzekelhetok-a-csaladpolitika-eredmenyei-magyar-nemzet\/","og_site_name":"Hot News in World","article_published_time":"2019-09-06T04:52:00+00:00","article_modified_time":"2019-09-06T04:52:02+00:00","og_image":[{"width":409,"height":630,"url":"https:\/\/hotnewsinworld.com\/hu\/wp-content\/uploads\/sites\/3\/2019\/09\/\u00c9rz\u00e9kelhet\u0151k-a-csal\u00e1dpolitika-eredm\u00e9nyei-Magyar-Nemzet.jpg","type":"image\/jpeg"}],"author":"hotnewsinworld","twitter_card":"summary_large_image","twitter_misc":{"Szerz\u0151:":"hotnewsinworld","Becs\u00fclt olvas\u00e1si id\u0151":"3 perc"},"schema":{"@context":"https:\/\/schema.org","@graph":[{"@type":"Article","@id":"https:\/\/hotnewsinworld.com\/hu\/erzekelhetok-a-csaladpolitika-eredmenyei-magyar-nemzet\/#article","isPartOf":{"@id":"https:\/\/hotnewsinworld.com\/hu\/erzekelhetok-a-csaladpolitika-eredmenyei-magyar-nemzet\/"},"author":{"name":"hotnewsinworld","@id":"https:\/\/hotnewsinworld.com\/hu\/#\/schema\/person\/fe61448b21c0d59086e75fcc1f9d8f6b"},"headline":"\u00c9rz\u00e9kelhet\u0151k a csal\u00e1dpolitika eredm\u00e9nyei | Magyar Nemzet","datePublished":"2019-09-06T04:52:00+00:00","dateModified":"2019-09-06T04:52:02+00:00","mainEntityOfPage":{"@id":"https:\/\/hotnewsinworld.com\/hu\/erzekelhetok-a-csaladpolitika-eredmenyei-magyar-nemzet\/"},"wordCount":588,"commentCount":0,"image":{"@id":"https:\/\/hotnewsinworld.com\/hu\/erzekelhetok-a-csaladpolitika-eredmenyei-magyar-nemzet\/#primaryimage"},"thumbnailUrl":"https:\/\/hotnewsinworld.com\/hu\/wp-content\/uploads\/sites\/3\/2019\/09\/\u00c9rz\u00e9kelhet\u0151k-a-csal\u00e1dpolitika-eredm\u00e9nyei-Magyar-Nemzet.jpg","articleSection":["LEG\u00daJABB P\u00c9NZ\u00dcGYI H\u00cdREK"],"inLanguage":"hu","potentialAction":[{"@type":"CommentAction","name":"Comment","target":["https:\/\/hotnewsinworld.com\/hu\/erzekelhetok-a-csaladpolitika-eredmenyei-magyar-nemzet\/#respond"]}]},{"@type":"WebPage","@id":"https:\/\/hotnewsinworld.com\/hu\/erzekelhetok-a-csaladpolitika-eredmenyei-magyar-nemzet\/","url":"https:\/\/hotnewsinworld.com\/hu\/erzekelhetok-a-csaladpolitika-eredmenyei-magyar-nemzet\/","name":"\u00c9rz\u00e9kelhet\u0151k a csal\u00e1dpolitika eredm\u00e9nyei | Magyar Nemzet - Hot News in World","isPartOf":{"@id":"https:\/\/hotnewsinworld.com\/hu\/#website"},"primaryImageOfPage":{"@id":"https:\/\/hotnewsinworld.com\/hu\/erzekelhetok-a-csaladpolitika-eredmenyei-magyar-nemzet\/#primaryimage"},"image":{"@id":"https:\/\/hotnewsinworld.com\/hu\/erzekelhetok-a-csaladpolitika-eredmenyei-magyar-nemzet\/#primaryimage"},"thumbnailUrl":"https:\/\/hotnewsinworld.com\/hu\/wp-content\/uploads\/sites\/3\/2019\/09\/\u00c9rz\u00e9kelhet\u0151k-a-csal\u00e1dpolitika-eredm\u00e9nyei-Magyar-Nemzet.jpg","datePublished":"2019-09-06T04:52:00+00:00","dateModified":"2019-09-06T04:52:02+00:00","author":{"@id":"https:\/\/hotnewsinworld.com\/hu\/#\/schema\/person\/fe61448b21c0d59086e75fcc1f9d8f6b"},"breadcrumb":{"@id":"https:\/\/hotnewsinworld.com\/hu\/erzekelhetok-a-csaladpolitika-eredmenyei-magyar-nemzet\/#breadcrumb"},"inLanguage":"hu","potentialAction":[{"@type":"ReadAction","target":["https:\/\/hotnewsinworld.com\/hu\/erzekelhetok-a-csaladpolitika-eredmenyei-magyar-nemzet\/"]}]},{"@type":"ImageObject","inLanguage":"hu","@id":"https:\/\/hotnewsinworld.com\/hu\/erzekelhetok-a-csaladpolitika-eredmenyei-magyar-nemzet\/#primaryimage","url":"https:\/\/hotnewsinworld.com\/hu\/wp-content\/uploads\/sites\/3\/2019\/09\/\u00c9rz\u00e9kelhet\u0151k-a-csal\u00e1dpolitika-eredm\u00e9nyei-Magyar-Nemzet.jpg","contentUrl":"https:\/\/hotnewsinworld.com\/hu\/wp-content\/uploads\/sites\/3\/2019\/09\/\u00c9rz\u00e9kelhet\u0151k-a-csal\u00e1dpolitika-eredm\u00e9nyei-Magyar-Nemzet.jpg","width":409,"height":630,"caption":"\u00c9rz\u00e9kelhet\u0151k a csal\u00e1dpolitika eredm\u00e9nyei | Magyar Nemzet"},{"@type":"BreadcrumbList","@id":"https:\/\/hotnewsinworld.com\/hu\/erzekelhetok-a-csaladpolitika-eredmenyei-magyar-nemzet\/#breadcrumb","itemListElement":[{"@type":"ListItem","position":1,"name":"\u0413\u043b\u0430\u0432\u043d\u0430\u044f \u0441\u0442\u0440\u0430\u043d\u0438\u0446\u0430","item":"https:\/\/hotnewsinworld.com\/hu\/"},{"@type":"ListItem","position":2,"name":"\u00c9rz\u00e9kelhet\u0151k a csal\u00e1dpolitika eredm\u00e9nyei | Magyar Nemzet"}]},{"@type":"WebSite","@id":"https:\/\/hotnewsinworld.com\/hu\/#website","url":"https:\/\/hotnewsinworld.com\/hu\/","name":"Hot News in World","description":"Hot News in World from Hungary","potentialAction":[{"@type":"SearchAction","target":{"@type":"EntryPoint","urlTemplate":"https:\/\/hotnewsinworld.com\/hu\/?s={search_term_string}"},"query-input":{"@type":"PropertyValueSpecification","valueRequired":true,"valueName":"search_term_string"}}],"inLanguage":"hu"},{"@type":"Person","@id":"https:\/\/hotnewsinworld.com\/hu\/#\/schema\/person\/fe61448b21c0d59086e75fcc1f9d8f6b","name":"hotnewsinworld","image":{"@type":"ImageObject","inLanguage":"hu","@id":"https:\/\/secure.gravatar.com\/avatar\/8a09ac165600ce2e1c38fe593c63928eb1e6e7ba5c5a907d67787c41b3d00c14?s=96&d=mm&r=g","url":"https:\/\/secure.gravatar.com\/avatar\/8a09ac165600ce2e1c38fe593c63928eb1e6e7ba5c5a907d67787c41b3d00c14?s=96&d=mm&r=g","contentUrl":"https:\/\/secure.gravatar.com\/avatar\/8a09ac165600ce2e1c38fe593c63928eb1e6e7ba5c5a907d67787c41b3d00c14?s=96&d=mm&r=g","caption":"hotnewsinworld"},"url":"https:\/\/hotnewsinworld.com\/hu\/author\/pt\/"}]}},"_links":{"self":[{"href":"https:\/\/hotnewsinworld.com\/hu\/wp-json\/wp\/v2\/posts\/1688","targetHints":{"allow":["GET"]}}],"collection":[{"href":"https:\/\/hotnewsinworld.com\/hu\/wp-json\/wp\/v2\/posts"}],"about":[{"href":"https:\/\/hotnewsinworld.com\/hu\/wp-json\/wp\/v2\/types\/post"}],"author":[{"embeddable":true,"href":"https:\/\/hotnewsinworld.com\/hu\/wp-json\/wp\/v2\/users\/2"}],"replies":[{"embeddable":true,"href":"https:\/\/hotnewsinworld.com\/hu\/wp-json\/wp\/v2\/comments?post=1688"}],"version-history":[{"count":1,"href":"https:\/\/hotnewsinworld.com\/hu\/wp-json\/wp\/v2\/posts\/1688\/revisions"}],"predecessor-version":[{"id":1690,"href":"https:\/\/hotnewsinworld.com\/hu\/wp-json\/wp\/v2\/posts\/1688\/revisions\/1690"}],"wp:featuredmedia":[{"embeddable":true,"href":"https:\/\/hotnewsinworld.com\/hu\/wp-json\/wp\/v2\/media\/1689"}],"wp:attachment":[{"href":"https:\/\/hotnewsinworld.com\/hu\/wp-json\/wp\/v2\/media?parent=1688"}],"wp:term":[{"taxonomy":"category","embeddable":true,"href":"https:\/\/hotnewsinworld.com\/hu\/wp-json\/wp\/v2\/categories?post=1688"},{"taxonomy":"post_tag","embeddable":true,"href":"https:\/\/hotnewsinworld.com\/hu\/wp-json\/wp\/v2\/tags?post=1688"}],"curies":[{"name":"wp","href":"https:\/\/api.w.org\/{rel}","templated":true}]}}