{"id":1691,"date":"2019-09-06T09:12:43","date_gmt":"2019-09-06T06:12:43","guid":{"rendered":"https:\/\/hotnewsinworld.com\/hu\/kiakadt-egy-ferfi-azon-hogy-az-ujraelesztest-vegzo-mentosok-miatt-nem-lehetett-kiparkolni\/"},"modified":"2019-09-06T09:12:44","modified_gmt":"2019-09-06T06:12:44","slug":"kiakadt-egy-ferfi-azon-hogy-az-ujraelesztest-vegzo-mentosok-miatt-nem-lehetett-kiparkolni","status":"publish","type":"post","link":"https:\/\/hotnewsinworld.com\/hu\/kiakadt-egy-ferfi-azon-hogy-az-ujraelesztest-vegzo-mentosok-miatt-nem-lehetett-kiparkolni\/","title":{"rendered":"Kiakadt egy f\u00e9rfi azon, hogy az \u00fajra\u00e9leszt\u00e9st v\u00e9gz\u0151 ment\u0151s\u00f6k miatt nem lehetett kiparkolni"},"content":{"rendered":"<div>\n<blockquote>\n<p>Szerencs\u00e9tlen ment\u0151orvosnak nem oda kellett volna be\u00e1llnia a gecibe?<\/p>\n<\/blockquote>\n<p>\u2013 teszi fel a k\u00e9rd\u00e9st egy f\u00e9rfi, aki az ablak\u00e1b\u00f3l k\u00f6zvet\u00edtette a jelenetet. A m\u00e9ltatlankod\u00f3 arr\u00f3l besz\u00e9l, hogy egy n\u0151 25 perce v\u00e1r arra, hogy ki tudjon \u00e1llni g\u00e9pkocsij\u00e1val a parkol\u00f3b\u00f3l, de a ment\u0151aut\u00f3t\u00f3l nem f\u00e9r ki. A vide\u00f3 eljutott a ment\u0151sh\u00f6z is, aki megjegyezte, hogy amikor ki\u00e9rtek a helysz\u00ednre m\u00e9g nem volt szabad parkol\u00f3hely, egy\u00e9bk\u00e9nt pedig \u00e9ppen egy ember \u00e9let\u00e9t pr\u00f3b\u00e1lt\u00e1k megmenteni.<\/p>\n<div class=\"fb-video\" data-href=\"https:\/\/www.facebook.com\/orszagosmentok\/videos\/2388700384552778\/b\" data-width=\"500\">\n<blockquote cite=\"https:\/\/www.facebook.com\/orszagosmentok\/videos\/2388700384552778\/\" class=\"fb-xfbml-parse-ignore\">\n<p>\u00daJRA\u00c9LESZT\u00c9SHEZ \u00c9RKEZ\u0150 MENT\u0150K PARKOL\u00c1S\u00c1T KRITIZ\u00c1LTA EGY SZOMSZ\u00c9D A biztons\u00e1gos betegmozgat\u00e1s \u00e9rdek\u00e9ben, minden el\u0151\u00edr\u00e1st betartva parkolt annak a ment\u0151orvosi kocsinak a vezet\u0151je, ami 3 m\u00e9ter t\u00e1vols\u00e1got hagyott a ment\u0151 m\u00f6g\u00f6tt egy \u00fajra\u00e9leszt\u00e9s helysz\u00edn\u00e9n. Az esetet egy m\u00e9ltatlankod\u00f3 lak\u00f3 t\u00f6lt\u00f6tte fel a k\u00f6z\u00f6ss\u00e9gi oldalra, amivel bajt\u00e1rsaink az esti \u00f3r\u00e1kban szembes\u00fcltek \u00e9s azonnal reag\u00e1ltak.Az okozott kellemetlens\u00e9gek\u00e9rt eln\u00e9z\u00e9st k\u00e9r\u00fcnk!#ment\u0151k #vedd\u00e9szreament\u0151t<\/p>\n<p>K\u00f6zz\u00e9tette: Orsz\u00e1gos Ment\u0151szolg\u00e1lat \u2013 2019. szeptember 4., szerda<\/p>\n<\/blockquote>\n<\/div>\n<p>Az OMSZ azt \u00edrja, hogy a ment\u0151orvosi aut\u00f3 vezet\u0151je minden el\u0151\u00edr\u00e1st betartva parkolt.<\/p>\n<\/p><\/div>\n<p><script async=\"1\" defer=\"1\" crossorigin=\"anonymous\" src=\"https:\/\/connect.facebook.net\/hu_HU\/sdk.js#xfbml=1&amp;version=v4.0\"><\/script><script>\n\tjQuery(window).load(function() {\n\t\twindow.fbAsyncInit = function () {\n\t\t\tFB.init({\n\t\t\t\tappId: '',\n\t\t\t\txfbml: true,\n\t\t\t\tversion: 'v3.2'\n\t\t\t});<\/p>\n<p>\t\t\tFB.Event.subscribe('xfbml.ready', function (msg) {\n\t\t\t\tif (msg.type === 'video') {\n\t\t\t\t\tif(typeof insertVideoMeasuringCode != \"undefined\"){\n\t\t\t\t\t\tinsertVideoMeasuringCode(msg);\n\t\t\t\t\t}\n\t\t\t\t}\n\t\t\t});\n\t\t};<\/p>\n<p>\t\tfunction initFB()\n\t\t{\n\t\t\t(function (d, s, id) {\n\t\t\t\tvar js, fjs = d.getElementsByTagName(s)[0];\n\t\t\t\tif (d.getElementById(id)) {\n\t\t\t\t\treturn;\n\t\t\t\t}\n\t\t\t\tjs = d.createElement(s);\n\t\t\t\tjs.id = id;\n\t\t\t\tjs.src = \"http:\/\/connect.facebook.net\/hu_HU\/all.js\";\n\t\t\t\tfjs.parentNode.insertBefore(js, fjs);\n\t\t\t}(document, 'script', 'facebook-jssdk'));\n\t\t\tjQuery(window).off('scroll mousemove touchmove', initFB);\n\t\t}<\/p>\n<p>\t\tfunction parseXFBML(e)\n\t\t{\n\t\t\tif (typeof FB !== \"undefined\" && typeof FB.XFBML !== \"undefined\") {\n\t\t\t\te.preventDefault();\n\t\t\t\te.stopPropagation();\n\t\t\t\tFB.XFBML.parse();\n\t\t\t\tjQuery(window).off('scroll mousemove touchmove', parseXFBML);<\/p>\n<p>\t\t\t\tif (typeof catchSocialEvents != \"undefined\" && typeof catchSocialEvents === \"function\") {\n\t\t\t\t\tcatchSocialEvents();\n\t\t\t\t}\n\t\t\t}\n\t\t}<\/p>\n<p>\t\tjQuery(window).on('scroll mousemove touchmove', initFB);\n\t\tjQuery(window).on('scroll mousemove touchmove', parseXFBML);\n\t});\n<\/script><br \/>\n<br \/><a href=\"https:\/\/hirek.oldal.info\/rssclick\/14373920\" rel=\"nofollow\">Source link <\/a><\/p>\n","protected":false},"excerpt":{"rendered":"<p>Szerencs\u00e9tlen ment\u0151orvosnak nem oda kellett volna be\u00e1llnia a gecibe? \u2013 teszi fel a k\u00e9rd\u00e9st egy f\u00e9rfi, aki az ablak\u00e1b\u00f3l k\u00f6zvet\u00edtette a jelenetet. A m\u00e9ltatlankod\u00f3 arr\u00f3l besz\u00e9l, hogy egy n\u0151 25 perce v\u00e1r arra, hogy ki tudjon \u00e1llni g\u00e9pkocsij\u00e1val a parkol\u00f3b\u00f3l, de a ment\u0151aut\u00f3t\u00f3l nem f\u00e9r ki. A vide\u00f3 eljutott a ment\u0151sh\u00f6z is, aki megjegyezte, hogy [&hellip;]<\/p>\n","protected":false},"author":2,"featured_media":1692,"comment_status":"open","ping_status":"open","sticky":false,"template":"","format":"standard","meta":{"footnotes":""},"categories":[1],"tags":[],"class_list":["post-1691","post","type-post","status-publish","format-standard","has-post-thumbnail","hentry","category-legujabb-penzugyi-hirek"],"yoast_head":"<!-- This site is optimized with the Yoast SEO plugin v27.4 - https:\/\/yoast.com\/product\/yoast-seo-wordpress\/ -->\n<title>Kiakadt egy f\u00e9rfi azon, hogy az \u00fajra\u00e9leszt\u00e9st v\u00e9gz\u0151 ment\u0151s\u00f6k miatt nem lehetett kiparkolni - Hot News in World<\/title>\n<meta name=\"robots\" content=\"index, follow, max-snippet:-1, max-image-preview:large, max-video-preview:-1\" \/>\n<link rel=\"canonical\" href=\"https:\/\/hotnewsinworld.com\/hu\/kiakadt-egy-ferfi-azon-hogy-az-ujraelesztest-vegzo-mentosok-miatt-nem-lehetett-kiparkolni\/\" \/>\n<meta property=\"og:locale\" content=\"hu_HU\" \/>\n<meta property=\"og:type\" content=\"article\" \/>\n<meta property=\"og:title\" content=\"Kiakadt egy f\u00e9rfi azon, hogy az \u00fajra\u00e9leszt\u00e9st v\u00e9gz\u0151 ment\u0151s\u00f6k miatt nem lehetett kiparkolni - Hot News in World\" \/>\n<meta property=\"og:description\" content=\"Szerencs\u00e9tlen ment\u0151orvosnak nem oda kellett volna be\u00e1llnia a gecibe? \u2013 teszi fel a k\u00e9rd\u00e9st egy f\u00e9rfi, aki az ablak\u00e1b\u00f3l k\u00f6zvet\u00edtette a jelenetet. A m\u00e9ltatlankod\u00f3 arr\u00f3l besz\u00e9l, hogy egy n\u0151 25 perce v\u00e1r arra, hogy ki tudjon \u00e1llni g\u00e9pkocsij\u00e1val a parkol\u00f3b\u00f3l, de a ment\u0151aut\u00f3t\u00f3l nem f\u00e9r ki. A vide\u00f3 eljutott a ment\u0151sh\u00f6z is, aki megjegyezte, hogy [&hellip;]\" \/>\n<meta property=\"og:url\" content=\"https:\/\/hotnewsinworld.com\/hu\/kiakadt-egy-ferfi-azon-hogy-az-ujraelesztest-vegzo-mentosok-miatt-nem-lehetett-kiparkolni\/\" \/>\n<meta property=\"og:site_name\" content=\"Hot News in World\" \/>\n<meta property=\"article:published_time\" content=\"2019-09-06T06:12:43+00:00\" \/>\n<meta property=\"article:modified_time\" content=\"2019-09-06T06:12:44+00:00\" \/>\n<meta property=\"og:image\" content=\"https:\/\/hotnewsinworld.com\/hu\/wp-content\/uploads\/sites\/3\/2019\/09\/Kiakadt-egy-f\u00e9rfi-azon-hogy-az-\u00fajra\u00e9leszt\u00e9st-v\u00e9gz\u0151-ment\u0151s\u00f6k-miatt.png\" \/>\n\t<meta property=\"og:image:width\" content=\"599\" \/>\n\t<meta property=\"og:image:height\" content=\"337\" \/>\n\t<meta property=\"og:image:type\" content=\"image\/png\" \/>\n<meta name=\"author\" content=\"hotnewsinworld\" \/>\n<meta name=\"twitter:card\" content=\"summary_large_image\" \/>\n<meta name=\"twitter:label1\" content=\"Szerz\u0151:\" \/>\n\t<meta name=\"twitter:data1\" content=\"hotnewsinworld\" \/>\n\t<meta name=\"twitter:label2\" content=\"Becs\u00fclt olvas\u00e1si id\u0151\" \/>\n\t<meta name=\"twitter:data2\" content=\"1 perc\" \/>\n<script type=\"application\/ld+json\" class=\"yoast-schema-graph\">{\"@context\":\"https:\\\/\\\/schema.org\",\"@graph\":[{\"@type\":\"Article\",\"@id\":\"https:\\\/\\\/hotnewsinworld.com\\\/hu\\\/kiakadt-egy-ferfi-azon-hogy-az-ujraelesztest-vegzo-mentosok-miatt-nem-lehetett-kiparkolni\\\/#article\",\"isPartOf\":{\"@id\":\"https:\\\/\\\/hotnewsinworld.com\\\/hu\\\/kiakadt-egy-ferfi-azon-hogy-az-ujraelesztest-vegzo-mentosok-miatt-nem-lehetett-kiparkolni\\\/\"},\"author\":{\"name\":\"hotnewsinworld\",\"@id\":\"https:\\\/\\\/hotnewsinworld.com\\\/hu\\\/#\\\/schema\\\/person\\\/fe61448b21c0d59086e75fcc1f9d8f6b\"},\"headline\":\"Kiakadt egy f\u00e9rfi azon, hogy az \u00fajra\u00e9leszt\u00e9st v\u00e9gz\u0151 ment\u0151s\u00f6k miatt nem lehetett kiparkolni\",\"datePublished\":\"2019-09-06T06:12:43+00:00\",\"dateModified\":\"2019-09-06T06:12:44+00:00\",\"mainEntityOfPage\":{\"@id\":\"https:\\\/\\\/hotnewsinworld.com\\\/hu\\\/kiakadt-egy-ferfi-azon-hogy-az-ujraelesztest-vegzo-mentosok-miatt-nem-lehetett-kiparkolni\\\/\"},\"wordCount\":251,\"commentCount\":0,\"image\":{\"@id\":\"https:\\\/\\\/hotnewsinworld.com\\\/hu\\\/kiakadt-egy-ferfi-azon-hogy-az-ujraelesztest-vegzo-mentosok-miatt-nem-lehetett-kiparkolni\\\/#primaryimage\"},\"thumbnailUrl\":\"https:\\\/\\\/hotnewsinworld.com\\\/hu\\\/wp-content\\\/uploads\\\/sites\\\/3\\\/2019\\\/09\\\/Kiakadt-egy-f\u00e9rfi-azon-hogy-az-\u00fajra\u00e9leszt\u00e9st-v\u00e9gz\u0151-ment\u0151s\u00f6k-miatt.png\",\"articleSection\":[\"LEG\u00daJABB P\u00c9NZ\u00dcGYI H\u00cdREK\"],\"inLanguage\":\"hu\",\"potentialAction\":[{\"@type\":\"CommentAction\",\"name\":\"Comment\",\"target\":[\"https:\\\/\\\/hotnewsinworld.com\\\/hu\\\/kiakadt-egy-ferfi-azon-hogy-az-ujraelesztest-vegzo-mentosok-miatt-nem-lehetett-kiparkolni\\\/#respond\"]}]},{\"@type\":\"WebPage\",\"@id\":\"https:\\\/\\\/hotnewsinworld.com\\\/hu\\\/kiakadt-egy-ferfi-azon-hogy-az-ujraelesztest-vegzo-mentosok-miatt-nem-lehetett-kiparkolni\\\/\",\"url\":\"https:\\\/\\\/hotnewsinworld.com\\\/hu\\\/kiakadt-egy-ferfi-azon-hogy-az-ujraelesztest-vegzo-mentosok-miatt-nem-lehetett-kiparkolni\\\/\",\"name\":\"Kiakadt egy f\u00e9rfi azon, hogy az \u00fajra\u00e9leszt\u00e9st v\u00e9gz\u0151 ment\u0151s\u00f6k miatt nem lehetett kiparkolni - Hot News in World\",\"isPartOf\":{\"@id\":\"https:\\\/\\\/hotnewsinworld.com\\\/hu\\\/#website\"},\"primaryImageOfPage\":{\"@id\":\"https:\\\/\\\/hotnewsinworld.com\\\/hu\\\/kiakadt-egy-ferfi-azon-hogy-az-ujraelesztest-vegzo-mentosok-miatt-nem-lehetett-kiparkolni\\\/#primaryimage\"},\"image\":{\"@id\":\"https:\\\/\\\/hotnewsinworld.com\\\/hu\\\/kiakadt-egy-ferfi-azon-hogy-az-ujraelesztest-vegzo-mentosok-miatt-nem-lehetett-kiparkolni\\\/#primaryimage\"},\"thumbnailUrl\":\"https:\\\/\\\/hotnewsinworld.com\\\/hu\\\/wp-content\\\/uploads\\\/sites\\\/3\\\/2019\\\/09\\\/Kiakadt-egy-f\u00e9rfi-azon-hogy-az-\u00fajra\u00e9leszt\u00e9st-v\u00e9gz\u0151-ment\u0151s\u00f6k-miatt.png\",\"datePublished\":\"2019-09-06T06:12:43+00:00\",\"dateModified\":\"2019-09-06T06:12:44+00:00\",\"author\":{\"@id\":\"https:\\\/\\\/hotnewsinworld.com\\\/hu\\\/#\\\/schema\\\/person\\\/fe61448b21c0d59086e75fcc1f9d8f6b\"},\"breadcrumb\":{\"@id\":\"https:\\\/\\\/hotnewsinworld.com\\\/hu\\\/kiakadt-egy-ferfi-azon-hogy-az-ujraelesztest-vegzo-mentosok-miatt-nem-lehetett-kiparkolni\\\/#breadcrumb\"},\"inLanguage\":\"hu\",\"potentialAction\":[{\"@type\":\"ReadAction\",\"target\":[\"https:\\\/\\\/hotnewsinworld.com\\\/hu\\\/kiakadt-egy-ferfi-azon-hogy-az-ujraelesztest-vegzo-mentosok-miatt-nem-lehetett-kiparkolni\\\/\"]}]},{\"@type\":\"ImageObject\",\"inLanguage\":\"hu\",\"@id\":\"https:\\\/\\\/hotnewsinworld.com\\\/hu\\\/kiakadt-egy-ferfi-azon-hogy-az-ujraelesztest-vegzo-mentosok-miatt-nem-lehetett-kiparkolni\\\/#primaryimage\",\"url\":\"https:\\\/\\\/hotnewsinworld.com\\\/hu\\\/wp-content\\\/uploads\\\/sites\\\/3\\\/2019\\\/09\\\/Kiakadt-egy-f\u00e9rfi-azon-hogy-az-\u00fajra\u00e9leszt\u00e9st-v\u00e9gz\u0151-ment\u0151s\u00f6k-miatt.png\",\"contentUrl\":\"https:\\\/\\\/hotnewsinworld.com\\\/hu\\\/wp-content\\\/uploads\\\/sites\\\/3\\\/2019\\\/09\\\/Kiakadt-egy-f\u00e9rfi-azon-hogy-az-\u00fajra\u00e9leszt\u00e9st-v\u00e9gz\u0151-ment\u0151s\u00f6k-miatt.png\",\"width\":599,\"height\":337,\"caption\":\"Kiakadt egy f\u00e9rfi azon, hogy az \u00fajra\u00e9leszt\u00e9st v\u00e9gz\u0151 ment\u0151s\u00f6k miatt nem lehetett kiparkolni\"},{\"@type\":\"BreadcrumbList\",\"@id\":\"https:\\\/\\\/hotnewsinworld.com\\\/hu\\\/kiakadt-egy-ferfi-azon-hogy-az-ujraelesztest-vegzo-mentosok-miatt-nem-lehetett-kiparkolni\\\/#breadcrumb\",\"itemListElement\":[{\"@type\":\"ListItem\",\"position\":1,\"name\":\"\u0413\u043b\u0430\u0432\u043d\u0430\u044f \u0441\u0442\u0440\u0430\u043d\u0438\u0446\u0430\",\"item\":\"https:\\\/\\\/hotnewsinworld.com\\\/hu\\\/\"},{\"@type\":\"ListItem\",\"position\":2,\"name\":\"Kiakadt egy f\u00e9rfi azon, hogy az \u00fajra\u00e9leszt\u00e9st v\u00e9gz\u0151 ment\u0151s\u00f6k miatt nem lehetett kiparkolni\"}]},{\"@type\":\"WebSite\",\"@id\":\"https:\\\/\\\/hotnewsinworld.com\\\/hu\\\/#website\",\"url\":\"https:\\\/\\\/hotnewsinworld.com\\\/hu\\\/\",\"name\":\"Hot News in World\",\"description\":\"Hot News in World from Hungary\",\"potentialAction\":[{\"@type\":\"SearchAction\",\"target\":{\"@type\":\"EntryPoint\",\"urlTemplate\":\"https:\\\/\\\/hotnewsinworld.com\\\/hu\\\/?s={search_term_string}\"},\"query-input\":{\"@type\":\"PropertyValueSpecification\",\"valueRequired\":true,\"valueName\":\"search_term_string\"}}],\"inLanguage\":\"hu\"},{\"@type\":\"Person\",\"@id\":\"https:\\\/\\\/hotnewsinworld.com\\\/hu\\\/#\\\/schema\\\/person\\\/fe61448b21c0d59086e75fcc1f9d8f6b\",\"name\":\"hotnewsinworld\",\"image\":{\"@type\":\"ImageObject\",\"inLanguage\":\"hu\",\"@id\":\"https:\\\/\\\/secure.gravatar.com\\\/avatar\\\/8a09ac165600ce2e1c38fe593c63928eb1e6e7ba5c5a907d67787c41b3d00c14?s=96&d=mm&r=g\",\"url\":\"https:\\\/\\\/secure.gravatar.com\\\/avatar\\\/8a09ac165600ce2e1c38fe593c63928eb1e6e7ba5c5a907d67787c41b3d00c14?s=96&d=mm&r=g\",\"contentUrl\":\"https:\\\/\\\/secure.gravatar.com\\\/avatar\\\/8a09ac165600ce2e1c38fe593c63928eb1e6e7ba5c5a907d67787c41b3d00c14?s=96&d=mm&r=g\",\"caption\":\"hotnewsinworld\"},\"url\":\"https:\\\/\\\/hotnewsinworld.com\\\/hu\\\/author\\\/pt\\\/\"}]}<\/script>\n<!-- \/ Yoast SEO plugin. -->","yoast_head_json":{"title":"Kiakadt egy f\u00e9rfi azon, hogy az \u00fajra\u00e9leszt\u00e9st v\u00e9gz\u0151 ment\u0151s\u00f6k miatt nem lehetett kiparkolni - Hot News in World","robots":{"index":"index","follow":"follow","max-snippet":"max-snippet:-1","max-image-preview":"max-image-preview:large","max-video-preview":"max-video-preview:-1"},"canonical":"https:\/\/hotnewsinworld.com\/hu\/kiakadt-egy-ferfi-azon-hogy-az-ujraelesztest-vegzo-mentosok-miatt-nem-lehetett-kiparkolni\/","og_locale":"hu_HU","og_type":"article","og_title":"Kiakadt egy f\u00e9rfi azon, hogy az \u00fajra\u00e9leszt\u00e9st v\u00e9gz\u0151 ment\u0151s\u00f6k miatt nem lehetett kiparkolni - Hot News in World","og_description":"Szerencs\u00e9tlen ment\u0151orvosnak nem oda kellett volna be\u00e1llnia a gecibe? \u2013 teszi fel a k\u00e9rd\u00e9st egy f\u00e9rfi, aki az ablak\u00e1b\u00f3l k\u00f6zvet\u00edtette a jelenetet. A m\u00e9ltatlankod\u00f3 arr\u00f3l besz\u00e9l, hogy egy n\u0151 25 perce v\u00e1r arra, hogy ki tudjon \u00e1llni g\u00e9pkocsij\u00e1val a parkol\u00f3b\u00f3l, de a ment\u0151aut\u00f3t\u00f3l nem f\u00e9r ki. A vide\u00f3 eljutott a ment\u0151sh\u00f6z is, aki megjegyezte, hogy [&hellip;]","og_url":"https:\/\/hotnewsinworld.com\/hu\/kiakadt-egy-ferfi-azon-hogy-az-ujraelesztest-vegzo-mentosok-miatt-nem-lehetett-kiparkolni\/","og_site_name":"Hot News in World","article_published_time":"2019-09-06T06:12:43+00:00","article_modified_time":"2019-09-06T06:12:44+00:00","og_image":[{"width":599,"height":337,"url":"https:\/\/hotnewsinworld.com\/hu\/wp-content\/uploads\/sites\/3\/2019\/09\/Kiakadt-egy-f\u00e9rfi-azon-hogy-az-\u00fajra\u00e9leszt\u00e9st-v\u00e9gz\u0151-ment\u0151s\u00f6k-miatt.png","type":"image\/png"}],"author":"hotnewsinworld","twitter_card":"summary_large_image","twitter_misc":{"Szerz\u0151:":"hotnewsinworld","Becs\u00fclt olvas\u00e1si id\u0151":"1 perc"},"schema":{"@context":"https:\/\/schema.org","@graph":[{"@type":"Article","@id":"https:\/\/hotnewsinworld.com\/hu\/kiakadt-egy-ferfi-azon-hogy-az-ujraelesztest-vegzo-mentosok-miatt-nem-lehetett-kiparkolni\/#article","isPartOf":{"@id":"https:\/\/hotnewsinworld.com\/hu\/kiakadt-egy-ferfi-azon-hogy-az-ujraelesztest-vegzo-mentosok-miatt-nem-lehetett-kiparkolni\/"},"author":{"name":"hotnewsinworld","@id":"https:\/\/hotnewsinworld.com\/hu\/#\/schema\/person\/fe61448b21c0d59086e75fcc1f9d8f6b"},"headline":"Kiakadt egy f\u00e9rfi azon, hogy az \u00fajra\u00e9leszt\u00e9st v\u00e9gz\u0151 ment\u0151s\u00f6k miatt nem lehetett kiparkolni","datePublished":"2019-09-06T06:12:43+00:00","dateModified":"2019-09-06T06:12:44+00:00","mainEntityOfPage":{"@id":"https:\/\/hotnewsinworld.com\/hu\/kiakadt-egy-ferfi-azon-hogy-az-ujraelesztest-vegzo-mentosok-miatt-nem-lehetett-kiparkolni\/"},"wordCount":251,"commentCount":0,"image":{"@id":"https:\/\/hotnewsinworld.com\/hu\/kiakadt-egy-ferfi-azon-hogy-az-ujraelesztest-vegzo-mentosok-miatt-nem-lehetett-kiparkolni\/#primaryimage"},"thumbnailUrl":"https:\/\/hotnewsinworld.com\/hu\/wp-content\/uploads\/sites\/3\/2019\/09\/Kiakadt-egy-f\u00e9rfi-azon-hogy-az-\u00fajra\u00e9leszt\u00e9st-v\u00e9gz\u0151-ment\u0151s\u00f6k-miatt.png","articleSection":["LEG\u00daJABB P\u00c9NZ\u00dcGYI H\u00cdREK"],"inLanguage":"hu","potentialAction":[{"@type":"CommentAction","name":"Comment","target":["https:\/\/hotnewsinworld.com\/hu\/kiakadt-egy-ferfi-azon-hogy-az-ujraelesztest-vegzo-mentosok-miatt-nem-lehetett-kiparkolni\/#respond"]}]},{"@type":"WebPage","@id":"https:\/\/hotnewsinworld.com\/hu\/kiakadt-egy-ferfi-azon-hogy-az-ujraelesztest-vegzo-mentosok-miatt-nem-lehetett-kiparkolni\/","url":"https:\/\/hotnewsinworld.com\/hu\/kiakadt-egy-ferfi-azon-hogy-az-ujraelesztest-vegzo-mentosok-miatt-nem-lehetett-kiparkolni\/","name":"Kiakadt egy f\u00e9rfi azon, hogy az \u00fajra\u00e9leszt\u00e9st v\u00e9gz\u0151 ment\u0151s\u00f6k miatt nem lehetett kiparkolni - Hot News in World","isPartOf":{"@id":"https:\/\/hotnewsinworld.com\/hu\/#website"},"primaryImageOfPage":{"@id":"https:\/\/hotnewsinworld.com\/hu\/kiakadt-egy-ferfi-azon-hogy-az-ujraelesztest-vegzo-mentosok-miatt-nem-lehetett-kiparkolni\/#primaryimage"},"image":{"@id":"https:\/\/hotnewsinworld.com\/hu\/kiakadt-egy-ferfi-azon-hogy-az-ujraelesztest-vegzo-mentosok-miatt-nem-lehetett-kiparkolni\/#primaryimage"},"thumbnailUrl":"https:\/\/hotnewsinworld.com\/hu\/wp-content\/uploads\/sites\/3\/2019\/09\/Kiakadt-egy-f\u00e9rfi-azon-hogy-az-\u00fajra\u00e9leszt\u00e9st-v\u00e9gz\u0151-ment\u0151s\u00f6k-miatt.png","datePublished":"2019-09-06T06:12:43+00:00","dateModified":"2019-09-06T06:12:44+00:00","author":{"@id":"https:\/\/hotnewsinworld.com\/hu\/#\/schema\/person\/fe61448b21c0d59086e75fcc1f9d8f6b"},"breadcrumb":{"@id":"https:\/\/hotnewsinworld.com\/hu\/kiakadt-egy-ferfi-azon-hogy-az-ujraelesztest-vegzo-mentosok-miatt-nem-lehetett-kiparkolni\/#breadcrumb"},"inLanguage":"hu","potentialAction":[{"@type":"ReadAction","target":["https:\/\/hotnewsinworld.com\/hu\/kiakadt-egy-ferfi-azon-hogy-az-ujraelesztest-vegzo-mentosok-miatt-nem-lehetett-kiparkolni\/"]}]},{"@type":"ImageObject","inLanguage":"hu","@id":"https:\/\/hotnewsinworld.com\/hu\/kiakadt-egy-ferfi-azon-hogy-az-ujraelesztest-vegzo-mentosok-miatt-nem-lehetett-kiparkolni\/#primaryimage","url":"https:\/\/hotnewsinworld.com\/hu\/wp-content\/uploads\/sites\/3\/2019\/09\/Kiakadt-egy-f\u00e9rfi-azon-hogy-az-\u00fajra\u00e9leszt\u00e9st-v\u00e9gz\u0151-ment\u0151s\u00f6k-miatt.png","contentUrl":"https:\/\/hotnewsinworld.com\/hu\/wp-content\/uploads\/sites\/3\/2019\/09\/Kiakadt-egy-f\u00e9rfi-azon-hogy-az-\u00fajra\u00e9leszt\u00e9st-v\u00e9gz\u0151-ment\u0151s\u00f6k-miatt.png","width":599,"height":337,"caption":"Kiakadt egy f\u00e9rfi azon, hogy az \u00fajra\u00e9leszt\u00e9st v\u00e9gz\u0151 ment\u0151s\u00f6k miatt nem lehetett kiparkolni"},{"@type":"BreadcrumbList","@id":"https:\/\/hotnewsinworld.com\/hu\/kiakadt-egy-ferfi-azon-hogy-az-ujraelesztest-vegzo-mentosok-miatt-nem-lehetett-kiparkolni\/#breadcrumb","itemListElement":[{"@type":"ListItem","position":1,"name":"\u0413\u043b\u0430\u0432\u043d\u0430\u044f \u0441\u0442\u0440\u0430\u043d\u0438\u0446\u0430","item":"https:\/\/hotnewsinworld.com\/hu\/"},{"@type":"ListItem","position":2,"name":"Kiakadt egy f\u00e9rfi azon, hogy az \u00fajra\u00e9leszt\u00e9st v\u00e9gz\u0151 ment\u0151s\u00f6k miatt nem lehetett kiparkolni"}]},{"@type":"WebSite","@id":"https:\/\/hotnewsinworld.com\/hu\/#website","url":"https:\/\/hotnewsinworld.com\/hu\/","name":"Hot News in World","description":"Hot News in World from Hungary","potentialAction":[{"@type":"SearchAction","target":{"@type":"EntryPoint","urlTemplate":"https:\/\/hotnewsinworld.com\/hu\/?s={search_term_string}"},"query-input":{"@type":"PropertyValueSpecification","valueRequired":true,"valueName":"search_term_string"}}],"inLanguage":"hu"},{"@type":"Person","@id":"https:\/\/hotnewsinworld.com\/hu\/#\/schema\/person\/fe61448b21c0d59086e75fcc1f9d8f6b","name":"hotnewsinworld","image":{"@type":"ImageObject","inLanguage":"hu","@id":"https:\/\/secure.gravatar.com\/avatar\/8a09ac165600ce2e1c38fe593c63928eb1e6e7ba5c5a907d67787c41b3d00c14?s=96&d=mm&r=g","url":"https:\/\/secure.gravatar.com\/avatar\/8a09ac165600ce2e1c38fe593c63928eb1e6e7ba5c5a907d67787c41b3d00c14?s=96&d=mm&r=g","contentUrl":"https:\/\/secure.gravatar.com\/avatar\/8a09ac165600ce2e1c38fe593c63928eb1e6e7ba5c5a907d67787c41b3d00c14?s=96&d=mm&r=g","caption":"hotnewsinworld"},"url":"https:\/\/hotnewsinworld.com\/hu\/author\/pt\/"}]}},"_links":{"self":[{"href":"https:\/\/hotnewsinworld.com\/hu\/wp-json\/wp\/v2\/posts\/1691","targetHints":{"allow":["GET"]}}],"collection":[{"href":"https:\/\/hotnewsinworld.com\/hu\/wp-json\/wp\/v2\/posts"}],"about":[{"href":"https:\/\/hotnewsinworld.com\/hu\/wp-json\/wp\/v2\/types\/post"}],"author":[{"embeddable":true,"href":"https:\/\/hotnewsinworld.com\/hu\/wp-json\/wp\/v2\/users\/2"}],"replies":[{"embeddable":true,"href":"https:\/\/hotnewsinworld.com\/hu\/wp-json\/wp\/v2\/comments?post=1691"}],"version-history":[{"count":1,"href":"https:\/\/hotnewsinworld.com\/hu\/wp-json\/wp\/v2\/posts\/1691\/revisions"}],"predecessor-version":[{"id":1693,"href":"https:\/\/hotnewsinworld.com\/hu\/wp-json\/wp\/v2\/posts\/1691\/revisions\/1693"}],"wp:featuredmedia":[{"embeddable":true,"href":"https:\/\/hotnewsinworld.com\/hu\/wp-json\/wp\/v2\/media\/1692"}],"wp:attachment":[{"href":"https:\/\/hotnewsinworld.com\/hu\/wp-json\/wp\/v2\/media?parent=1691"}],"wp:term":[{"taxonomy":"category","embeddable":true,"href":"https:\/\/hotnewsinworld.com\/hu\/wp-json\/wp\/v2\/categories?post=1691"},{"taxonomy":"post_tag","embeddable":true,"href":"https:\/\/hotnewsinworld.com\/hu\/wp-json\/wp\/v2\/tags?post=1691"}],"curies":[{"name":"wp","href":"https:\/\/api.w.org\/{rel}","templated":true}]}}