{"id":1699,"date":"2019-09-06T13:20:27","date_gmt":"2019-09-06T10:20:27","guid":{"rendered":"https:\/\/hotnewsinworld.com\/hu\/elkepeszto-siker-magyar-kutatocsoport-adhat-remenyt-a-rakbetegeknek\/"},"modified":"2019-09-06T13:20:28","modified_gmt":"2019-09-06T10:20:28","slug":"elkepeszto-siker-magyar-kutatocsoport-adhat-remenyt-a-rakbetegeknek","status":"publish","type":"post","link":"https:\/\/hotnewsinworld.com\/hu\/elkepeszto-siker-magyar-kutatocsoport-adhat-remenyt-a-rakbetegeknek\/","title":{"rendered":"Elk\u00e9peszt\u0151 siker! Magyar kutat\u00f3csoport adhat rem\u00e9nyt a r\u00e1kbetegeknek"},"content":{"rendered":"<p> <span class=\"entry-author\"><span>MTI<\/span><\/span>, <span class=\"posted-on\"><time class=\"entry-date published updated\" datetime=\"2019-09-06T12:05:17+00:00\">2019. 09. 06. 12:05<\/time><\/span><\/p>\n<div>\n<div style=\"max-width: 380px\" class=\"wp-caption alignright\"><\/div>\n<p><b>A Mark\u00f3-Varga Gy\u00f6rgy klinikai kutat\u00f3 professzor \u00e1ltal a Semmelweis Egyetemen vezetett klinikai k\u00eds\u00e9rleti program keret\u00e9ben 50 sz\u00e1zal\u00e9kban hat\u00e1sos kezel\u00e9seket \u00e9rtek el eredetileg v\u00e9gst\u00e1diumban szenved\u0151 r\u00e1kbetegekn\u00e9l \u2013 \u00edrta a N\u00f6veked\u00e9s.hu p\u00e9nteken.<\/b><span id=\"more-939538\"\/><\/p>\n<p>A honlapon publik\u00e1lt interj\u00faban a sv\u00e9d Lund Egyetem vil\u00e1gszerte elismert szenior klinikai kutat\u00f3 professzora elmondta: m\u00e1r f\u00e9l \u00e9vtizede foglalkoznak a nagy kih\u00edv\u00e1st jelent\u0151 malignus melanoma (rosszindulat\u00fa melan\u00f3ma) tumorbiol\u00f3giai folyamatainak meg\u00e9rt\u00e9s\u00e9vel, \u00fajabb gy\u00f3gyszeres t\u00e1mad\u00e1spontok lehets\u00e9ges azonos\u00edt\u00e1s\u00e1val. Gyakori az el\u0151rehaladott betegs\u00e9g, amelyre a v\u00e9gs\u0151 st\u00e1diumban alig van kezel\u00e9si lehet\u0151s\u00e9g \u2013 magyar\u00e1zta.<\/p>\n<p>Kifejtette: a r\u00e1k kieg\u00e9sz\u00edt\u0151 kezel\u00e9sek\u00e9nt alkalmazz\u00e1k az \u00fagynevezett hipertermi\u00e1t a konvencion\u00e1lis kezel\u00e9s mellett vagy ut\u00e1n. Az elj\u00e1r\u00e1s sokat fejl\u0151d\u00f6tt az ut\u00f3bbi \u00e9vtizedekben, \u00faj g\u00e9peket, berendez\u00e9seket fejlesztettek ki, \u00e9s k\u00fcl\u00f6n\u00f6sen a T\u00e1vol-Keleten, D\u00e9l-Eur\u00f3p\u00e1ban, n\u00e9metajk\u00fa orsz\u00e1gokban, valamint Kanad\u00e1ban terjedt el a ter\u00e1pia alkalmaz\u00e1sa.<\/p>\n<p>A kutat\u00f3 k\u00f6z\u00f6lte: a budapesti Semmelweis Egyetem h\u00e1rom \u00e9ve vezeti a klinikai k\u00eds\u00e9rleti programot, amelynek keret\u00e9ben eddig 140 beteg kapott kezel\u00e9st. Csaknem 50 sz\u00e1zal\u00e9kban hat\u00e1sos kezel\u00e9sr\u0151l van sz\u00f3 olyan esetekben, ahol a rem\u00e9ny eddig csek\u00e9ly volt \u2013 mondta. Hozz\u00e1tette: a betegek csaknem fele reag\u00e1lt j\u00f3l a kezel\u00e9sekre, elkezdett zsugorodni a tumor a kezel\u00e9s hat\u00e1s\u00e1ra, sz\u00e1mos esetben t\u00fcnetmentess\u00e9g alakult ki, \u00e9s vannak olyanok, akik \u00fajra teljes \u00e9letet tudnak \u00e9lni.<\/p>\n<p>Mark\u00f3-Varga Gy\u00f6rgy megjegyezte: a kezeltek valamennyien olyan v\u00e9gst\u00e1diumban l\u00e9v\u0151 r\u00e1kbetegek, akikr\u0151l az orvosok m\u00e1r lemondtak, legfeljebb 6 h\u00f3napot adtak nekik. A vil\u00e1gban t\u00f6bb orsz\u00e1gban bevezett\u00e9k m\u00e1r ezt a kezel\u00e9st, \u00e9s az eg\u00e9szs\u00e9gbiztos\u00edt\u00e1sok is fedezik.<\/p>\n<p>Elmondta: az elj\u00e1r\u00e1s els\u0151sorban az \u00fagynevezett szolid (k\u00f6r\u00fcl\u00edrt) tumorok eset\u00e9ben, de hematol\u00f3giai betegs\u00e9gekben is m\u0171k\u00f6dik, ezen bel\u00fcl is legink\u00e1bb a hasny\u00e1lmirigy-, t\u00fcd\u0151- vagy mellr\u00e1k kezel\u00e9s\u00e9re alkalmazz\u00e1k. Jelenleg az agytumor gy\u00f3gy\u00edt\u00e1s\u00e1n dolgoznak \u2013 f\u0171zte hozz\u00e1.<\/p>\n<p>A Magyarorsz\u00e1gon is m\u0171k\u00f6d\u0151 k\u00eds\u00e9rleti programban a daganatok kezel\u00e9s\u00e9t r\u00e1di\u00f3frekvenci\u00e1s sug\u00e1rz\u00e1ssal v\u00e9gzik. Olyan r\u00e1kbetegek jelentkezhetnek a kezel\u00e9sre, akik palliat\u00edv ell\u00e1t\u00e1sra szorulnak, vagyis gyakorlatilag m\u00e1r v\u00e9gst\u00e1diumban vannak. Ez azt jelenti, hogy a daganat elterjedt a testben, nem haszn\u00e1lt semmilyen ter\u00e1pia, \u00e9s az orvosok legfeljebb h\u00e1rom-hat h\u00f3napot j\u00f3solnak a betegnek \u2013 k\u00f6z\u00f6lte.<\/p>\n<p>A kutat\u00f3 arr\u00f3l is besz\u00e9lt, hogy a kezel\u00e9s hat-nyolc h\u00e9tig tart, \u00e9s hetente \u00e1ltal\u00e1ban h\u00e1romszor kell befek\u00fcdni egy-egy \u00f3r\u00e1ra. Egy\u00e1ltal\u00e1n nem f\u00e1jdalmas, \u00e9s a kezel\u00e9st a r\u00e1kbetegek ingyenesen kapt\u00e1k.<\/p>\n<p>Mark\u00f3-Varga Gy\u00f6rgy azt is k\u00f6z\u00f6lte, hogy siker\u00fclt t\u00edz \u00faj proteint felfedezni\u00fck, amelyeket emberi szervezetben m\u00e9g soha nem azonos\u00edtottak. A kutat\u00f3csoport t\u00f6bb mint sz\u00e1z magyar, illetve sv\u00e9d tumoros betegn\u00e9l diagnosztiz\u00e1lta ezeket a proteineket, amelyek kulcsfontoss\u00e1g\u00fa szerepet j\u00e1tszanak a rosszindulat\u00fa melan\u00f3ma eset\u00e9ben, ami a daganat n\u00f6veked\u00e9s\u00e9nek korl\u00e1toz\u00e1s\u00e1t jelenti \u2013 mondta.<\/p>\n<p><span style=\"text-decoration: underline;\"><strong>Tov\u00e1bbi cikkek:<\/strong><\/span><\/p>\n<\/div>\n<p><script>(function(d, s, id) {\n  var js, fjs = d.getElementsByTagName(s)[0];\n  if (d.getElementById(id)) return;\n  js = d.createElement(s); js.id = id;\n  js.src = \"http:\/\/connect.facebook.net\/hu_HU\/sdk.js#xfbml=1&version=v2.3\";\n  fjs.parentNode.insertBefore(js, fjs);\n}(document, 'script', 'facebook-jssdk'));<\/script><br \/>\n<br \/>\n<!--noindex--><br \/>\n<a href=\"https:\/\/hirek.oldal.info\/rssclick\/14374790\" rel=\"nofollow\">Source link <\/a><br \/>\n<!--\/noindex--><\/p>\n","protected":false},"excerpt":{"rendered":"<p>MTI, 2019. 09. 06. 12:05 A Mark\u00f3-Varga Gy\u00f6rgy klinikai kutat\u00f3 professzor \u00e1ltal a Semmelweis Egyetemen vezetett klinikai k\u00eds\u00e9rleti program keret\u00e9ben 50 sz\u00e1zal\u00e9kban hat\u00e1sos kezel\u00e9seket \u00e9rtek el eredetileg v\u00e9gst\u00e1diumban szenved\u0151 r\u00e1kbetegekn\u00e9l \u2013 \u00edrta a N\u00f6veked\u00e9s.hu p\u00e9nteken. A honlapon publik\u00e1lt interj\u00faban a sv\u00e9d Lund Egyetem vil\u00e1gszerte elismert szenior klinikai kutat\u00f3 professzora elmondta: m\u00e1r f\u00e9l \u00e9vtizede foglalkoznak a [&hellip;]<\/p>\n","protected":false},"author":2,"featured_media":1700,"comment_status":"open","ping_status":"open","sticky":false,"template":"","format":"standard","meta":{"footnotes":""},"categories":[1],"tags":[],"class_list":["post-1699","post","type-post","status-publish","format-standard","has-post-thumbnail","hentry","category-legujabb-penzugyi-hirek"],"yoast_head":"<!-- This site is optimized with the Yoast SEO plugin v27.4 - https:\/\/yoast.com\/product\/yoast-seo-wordpress\/ -->\n<title>Elk\u00e9peszt\u0151 siker! Magyar kutat\u00f3csoport adhat rem\u00e9nyt a r\u00e1kbetegeknek - Hot News in World<\/title>\n<meta name=\"robots\" content=\"index, follow, max-snippet:-1, max-image-preview:large, max-video-preview:-1\" \/>\n<link rel=\"canonical\" href=\"https:\/\/hotnewsinworld.com\/hu\/elkepeszto-siker-magyar-kutatocsoport-adhat-remenyt-a-rakbetegeknek\/\" \/>\n<meta property=\"og:locale\" content=\"hu_HU\" \/>\n<meta property=\"og:type\" content=\"article\" \/>\n<meta property=\"og:title\" content=\"Elk\u00e9peszt\u0151 siker! Magyar kutat\u00f3csoport adhat rem\u00e9nyt a r\u00e1kbetegeknek - Hot News in World\" \/>\n<meta property=\"og:description\" content=\"MTI, 2019. 09. 06. 12:05 A Mark\u00f3-Varga Gy\u00f6rgy klinikai kutat\u00f3 professzor \u00e1ltal a Semmelweis Egyetemen vezetett klinikai k\u00eds\u00e9rleti program keret\u00e9ben 50 sz\u00e1zal\u00e9kban hat\u00e1sos kezel\u00e9seket \u00e9rtek el eredetileg v\u00e9gst\u00e1diumban szenved\u0151 r\u00e1kbetegekn\u00e9l \u2013 \u00edrta a N\u00f6veked\u00e9s.hu p\u00e9nteken. A honlapon publik\u00e1lt interj\u00faban a sv\u00e9d Lund Egyetem vil\u00e1gszerte elismert szenior klinikai kutat\u00f3 professzora elmondta: m\u00e1r f\u00e9l \u00e9vtizede foglalkoznak a [&hellip;]\" \/>\n<meta property=\"og:url\" content=\"https:\/\/hotnewsinworld.com\/hu\/elkepeszto-siker-magyar-kutatocsoport-adhat-remenyt-a-rakbetegeknek\/\" \/>\n<meta property=\"og:site_name\" content=\"Hot News in World\" \/>\n<meta property=\"article:published_time\" content=\"2019-09-06T10:20:27+00:00\" \/>\n<meta property=\"article:modified_time\" content=\"2019-09-06T10:20:28+00:00\" \/>\n<meta property=\"og:image\" content=\"https:\/\/hotnewsinworld.com\/hu\/wp-content\/uploads\/sites\/3\/2019\/09\/Elk\u00e9peszt\u0151-siker-Magyar-kutat\u00f3csoport-adhat-rem\u00e9nyt-a-r\u00e1kbetegeknek.jpg\" \/>\n\t<meta property=\"og:image:width\" content=\"400\" \/>\n\t<meta property=\"og:image:height\" content=\"266\" \/>\n\t<meta property=\"og:image:type\" content=\"image\/jpeg\" \/>\n<meta name=\"author\" content=\"hotnewsinworld\" \/>\n<meta name=\"twitter:card\" content=\"summary_large_image\" \/>\n<meta name=\"twitter:label1\" content=\"Szerz\u0151:\" \/>\n\t<meta name=\"twitter:data1\" content=\"hotnewsinworld\" \/>\n\t<meta name=\"twitter:label2\" content=\"Becs\u00fclt olvas\u00e1si id\u0151\" \/>\n\t<meta name=\"twitter:data2\" content=\"3 perc\" \/>\n<script type=\"application\/ld+json\" class=\"yoast-schema-graph\">{\"@context\":\"https:\\\/\\\/schema.org\",\"@graph\":[{\"@type\":\"Article\",\"@id\":\"https:\\\/\\\/hotnewsinworld.com\\\/hu\\\/elkepeszto-siker-magyar-kutatocsoport-adhat-remenyt-a-rakbetegeknek\\\/#article\",\"isPartOf\":{\"@id\":\"https:\\\/\\\/hotnewsinworld.com\\\/hu\\\/elkepeszto-siker-magyar-kutatocsoport-adhat-remenyt-a-rakbetegeknek\\\/\"},\"author\":{\"name\":\"hotnewsinworld\",\"@id\":\"https:\\\/\\\/hotnewsinworld.com\\\/hu\\\/#\\\/schema\\\/person\\\/fe61448b21c0d59086e75fcc1f9d8f6b\"},\"headline\":\"Elk\u00e9peszt\u0151 siker! Magyar kutat\u00f3csoport adhat rem\u00e9nyt a r\u00e1kbetegeknek\",\"datePublished\":\"2019-09-06T10:20:27+00:00\",\"dateModified\":\"2019-09-06T10:20:28+00:00\",\"mainEntityOfPage\":{\"@id\":\"https:\\\/\\\/hotnewsinworld.com\\\/hu\\\/elkepeszto-siker-magyar-kutatocsoport-adhat-remenyt-a-rakbetegeknek\\\/\"},\"wordCount\":600,\"commentCount\":0,\"image\":{\"@id\":\"https:\\\/\\\/hotnewsinworld.com\\\/hu\\\/elkepeszto-siker-magyar-kutatocsoport-adhat-remenyt-a-rakbetegeknek\\\/#primaryimage\"},\"thumbnailUrl\":\"https:\\\/\\\/hotnewsinworld.com\\\/hu\\\/wp-content\\\/uploads\\\/sites\\\/3\\\/2019\\\/09\\\/Elk\u00e9peszt\u0151-siker-Magyar-kutat\u00f3csoport-adhat-rem\u00e9nyt-a-r\u00e1kbetegeknek.jpg\",\"articleSection\":[\"LEG\u00daJABB P\u00c9NZ\u00dcGYI H\u00cdREK\"],\"inLanguage\":\"hu\",\"potentialAction\":[{\"@type\":\"CommentAction\",\"name\":\"Comment\",\"target\":[\"https:\\\/\\\/hotnewsinworld.com\\\/hu\\\/elkepeszto-siker-magyar-kutatocsoport-adhat-remenyt-a-rakbetegeknek\\\/#respond\"]}]},{\"@type\":\"WebPage\",\"@id\":\"https:\\\/\\\/hotnewsinworld.com\\\/hu\\\/elkepeszto-siker-magyar-kutatocsoport-adhat-remenyt-a-rakbetegeknek\\\/\",\"url\":\"https:\\\/\\\/hotnewsinworld.com\\\/hu\\\/elkepeszto-siker-magyar-kutatocsoport-adhat-remenyt-a-rakbetegeknek\\\/\",\"name\":\"Elk\u00e9peszt\u0151 siker! Magyar kutat\u00f3csoport adhat rem\u00e9nyt a r\u00e1kbetegeknek - Hot News in World\",\"isPartOf\":{\"@id\":\"https:\\\/\\\/hotnewsinworld.com\\\/hu\\\/#website\"},\"primaryImageOfPage\":{\"@id\":\"https:\\\/\\\/hotnewsinworld.com\\\/hu\\\/elkepeszto-siker-magyar-kutatocsoport-adhat-remenyt-a-rakbetegeknek\\\/#primaryimage\"},\"image\":{\"@id\":\"https:\\\/\\\/hotnewsinworld.com\\\/hu\\\/elkepeszto-siker-magyar-kutatocsoport-adhat-remenyt-a-rakbetegeknek\\\/#primaryimage\"},\"thumbnailUrl\":\"https:\\\/\\\/hotnewsinworld.com\\\/hu\\\/wp-content\\\/uploads\\\/sites\\\/3\\\/2019\\\/09\\\/Elk\u00e9peszt\u0151-siker-Magyar-kutat\u00f3csoport-adhat-rem\u00e9nyt-a-r\u00e1kbetegeknek.jpg\",\"datePublished\":\"2019-09-06T10:20:27+00:00\",\"dateModified\":\"2019-09-06T10:20:28+00:00\",\"author\":{\"@id\":\"https:\\\/\\\/hotnewsinworld.com\\\/hu\\\/#\\\/schema\\\/person\\\/fe61448b21c0d59086e75fcc1f9d8f6b\"},\"breadcrumb\":{\"@id\":\"https:\\\/\\\/hotnewsinworld.com\\\/hu\\\/elkepeszto-siker-magyar-kutatocsoport-adhat-remenyt-a-rakbetegeknek\\\/#breadcrumb\"},\"inLanguage\":\"hu\",\"potentialAction\":[{\"@type\":\"ReadAction\",\"target\":[\"https:\\\/\\\/hotnewsinworld.com\\\/hu\\\/elkepeszto-siker-magyar-kutatocsoport-adhat-remenyt-a-rakbetegeknek\\\/\"]}]},{\"@type\":\"ImageObject\",\"inLanguage\":\"hu\",\"@id\":\"https:\\\/\\\/hotnewsinworld.com\\\/hu\\\/elkepeszto-siker-magyar-kutatocsoport-adhat-remenyt-a-rakbetegeknek\\\/#primaryimage\",\"url\":\"https:\\\/\\\/hotnewsinworld.com\\\/hu\\\/wp-content\\\/uploads\\\/sites\\\/3\\\/2019\\\/09\\\/Elk\u00e9peszt\u0151-siker-Magyar-kutat\u00f3csoport-adhat-rem\u00e9nyt-a-r\u00e1kbetegeknek.jpg\",\"contentUrl\":\"https:\\\/\\\/hotnewsinworld.com\\\/hu\\\/wp-content\\\/uploads\\\/sites\\\/3\\\/2019\\\/09\\\/Elk\u00e9peszt\u0151-siker-Magyar-kutat\u00f3csoport-adhat-rem\u00e9nyt-a-r\u00e1kbetegeknek.jpg\",\"width\":400,\"height\":266,\"caption\":\"Elk\u00e9peszt\u0151 siker! Magyar kutat\u00f3csoport adhat rem\u00e9nyt a r\u00e1kbetegeknek\"},{\"@type\":\"BreadcrumbList\",\"@id\":\"https:\\\/\\\/hotnewsinworld.com\\\/hu\\\/elkepeszto-siker-magyar-kutatocsoport-adhat-remenyt-a-rakbetegeknek\\\/#breadcrumb\",\"itemListElement\":[{\"@type\":\"ListItem\",\"position\":1,\"name\":\"\u0413\u043b\u0430\u0432\u043d\u0430\u044f \u0441\u0442\u0440\u0430\u043d\u0438\u0446\u0430\",\"item\":\"https:\\\/\\\/hotnewsinworld.com\\\/hu\\\/\"},{\"@type\":\"ListItem\",\"position\":2,\"name\":\"Elk\u00e9peszt\u0151 siker! Magyar kutat\u00f3csoport adhat rem\u00e9nyt a r\u00e1kbetegeknek\"}]},{\"@type\":\"WebSite\",\"@id\":\"https:\\\/\\\/hotnewsinworld.com\\\/hu\\\/#website\",\"url\":\"https:\\\/\\\/hotnewsinworld.com\\\/hu\\\/\",\"name\":\"Hot News in World\",\"description\":\"Hot News in World from Hungary\",\"potentialAction\":[{\"@type\":\"SearchAction\",\"target\":{\"@type\":\"EntryPoint\",\"urlTemplate\":\"https:\\\/\\\/hotnewsinworld.com\\\/hu\\\/?s={search_term_string}\"},\"query-input\":{\"@type\":\"PropertyValueSpecification\",\"valueRequired\":true,\"valueName\":\"search_term_string\"}}],\"inLanguage\":\"hu\"},{\"@type\":\"Person\",\"@id\":\"https:\\\/\\\/hotnewsinworld.com\\\/hu\\\/#\\\/schema\\\/person\\\/fe61448b21c0d59086e75fcc1f9d8f6b\",\"name\":\"hotnewsinworld\",\"image\":{\"@type\":\"ImageObject\",\"inLanguage\":\"hu\",\"@id\":\"https:\\\/\\\/secure.gravatar.com\\\/avatar\\\/8a09ac165600ce2e1c38fe593c63928eb1e6e7ba5c5a907d67787c41b3d00c14?s=96&d=mm&r=g\",\"url\":\"https:\\\/\\\/secure.gravatar.com\\\/avatar\\\/8a09ac165600ce2e1c38fe593c63928eb1e6e7ba5c5a907d67787c41b3d00c14?s=96&d=mm&r=g\",\"contentUrl\":\"https:\\\/\\\/secure.gravatar.com\\\/avatar\\\/8a09ac165600ce2e1c38fe593c63928eb1e6e7ba5c5a907d67787c41b3d00c14?s=96&d=mm&r=g\",\"caption\":\"hotnewsinworld\"},\"url\":\"https:\\\/\\\/hotnewsinworld.com\\\/hu\\\/author\\\/pt\\\/\"}]}<\/script>\n<!-- \/ Yoast SEO plugin. -->","yoast_head_json":{"title":"Elk\u00e9peszt\u0151 siker! Magyar kutat\u00f3csoport adhat rem\u00e9nyt a r\u00e1kbetegeknek - Hot News in World","robots":{"index":"index","follow":"follow","max-snippet":"max-snippet:-1","max-image-preview":"max-image-preview:large","max-video-preview":"max-video-preview:-1"},"canonical":"https:\/\/hotnewsinworld.com\/hu\/elkepeszto-siker-magyar-kutatocsoport-adhat-remenyt-a-rakbetegeknek\/","og_locale":"hu_HU","og_type":"article","og_title":"Elk\u00e9peszt\u0151 siker! Magyar kutat\u00f3csoport adhat rem\u00e9nyt a r\u00e1kbetegeknek - Hot News in World","og_description":"MTI, 2019. 09. 06. 12:05 A Mark\u00f3-Varga Gy\u00f6rgy klinikai kutat\u00f3 professzor \u00e1ltal a Semmelweis Egyetemen vezetett klinikai k\u00eds\u00e9rleti program keret\u00e9ben 50 sz\u00e1zal\u00e9kban hat\u00e1sos kezel\u00e9seket \u00e9rtek el eredetileg v\u00e9gst\u00e1diumban szenved\u0151 r\u00e1kbetegekn\u00e9l \u2013 \u00edrta a N\u00f6veked\u00e9s.hu p\u00e9nteken. A honlapon publik\u00e1lt interj\u00faban a sv\u00e9d Lund Egyetem vil\u00e1gszerte elismert szenior klinikai kutat\u00f3 professzora elmondta: m\u00e1r f\u00e9l \u00e9vtizede foglalkoznak a [&hellip;]","og_url":"https:\/\/hotnewsinworld.com\/hu\/elkepeszto-siker-magyar-kutatocsoport-adhat-remenyt-a-rakbetegeknek\/","og_site_name":"Hot News in World","article_published_time":"2019-09-06T10:20:27+00:00","article_modified_time":"2019-09-06T10:20:28+00:00","og_image":[{"width":400,"height":266,"url":"https:\/\/hotnewsinworld.com\/hu\/wp-content\/uploads\/sites\/3\/2019\/09\/Elk\u00e9peszt\u0151-siker-Magyar-kutat\u00f3csoport-adhat-rem\u00e9nyt-a-r\u00e1kbetegeknek.jpg","type":"image\/jpeg"}],"author":"hotnewsinworld","twitter_card":"summary_large_image","twitter_misc":{"Szerz\u0151:":"hotnewsinworld","Becs\u00fclt olvas\u00e1si id\u0151":"3 perc"},"schema":{"@context":"https:\/\/schema.org","@graph":[{"@type":"Article","@id":"https:\/\/hotnewsinworld.com\/hu\/elkepeszto-siker-magyar-kutatocsoport-adhat-remenyt-a-rakbetegeknek\/#article","isPartOf":{"@id":"https:\/\/hotnewsinworld.com\/hu\/elkepeszto-siker-magyar-kutatocsoport-adhat-remenyt-a-rakbetegeknek\/"},"author":{"name":"hotnewsinworld","@id":"https:\/\/hotnewsinworld.com\/hu\/#\/schema\/person\/fe61448b21c0d59086e75fcc1f9d8f6b"},"headline":"Elk\u00e9peszt\u0151 siker! Magyar kutat\u00f3csoport adhat rem\u00e9nyt a r\u00e1kbetegeknek","datePublished":"2019-09-06T10:20:27+00:00","dateModified":"2019-09-06T10:20:28+00:00","mainEntityOfPage":{"@id":"https:\/\/hotnewsinworld.com\/hu\/elkepeszto-siker-magyar-kutatocsoport-adhat-remenyt-a-rakbetegeknek\/"},"wordCount":600,"commentCount":0,"image":{"@id":"https:\/\/hotnewsinworld.com\/hu\/elkepeszto-siker-magyar-kutatocsoport-adhat-remenyt-a-rakbetegeknek\/#primaryimage"},"thumbnailUrl":"https:\/\/hotnewsinworld.com\/hu\/wp-content\/uploads\/sites\/3\/2019\/09\/Elk\u00e9peszt\u0151-siker-Magyar-kutat\u00f3csoport-adhat-rem\u00e9nyt-a-r\u00e1kbetegeknek.jpg","articleSection":["LEG\u00daJABB P\u00c9NZ\u00dcGYI H\u00cdREK"],"inLanguage":"hu","potentialAction":[{"@type":"CommentAction","name":"Comment","target":["https:\/\/hotnewsinworld.com\/hu\/elkepeszto-siker-magyar-kutatocsoport-adhat-remenyt-a-rakbetegeknek\/#respond"]}]},{"@type":"WebPage","@id":"https:\/\/hotnewsinworld.com\/hu\/elkepeszto-siker-magyar-kutatocsoport-adhat-remenyt-a-rakbetegeknek\/","url":"https:\/\/hotnewsinworld.com\/hu\/elkepeszto-siker-magyar-kutatocsoport-adhat-remenyt-a-rakbetegeknek\/","name":"Elk\u00e9peszt\u0151 siker! Magyar kutat\u00f3csoport adhat rem\u00e9nyt a r\u00e1kbetegeknek - Hot News in World","isPartOf":{"@id":"https:\/\/hotnewsinworld.com\/hu\/#website"},"primaryImageOfPage":{"@id":"https:\/\/hotnewsinworld.com\/hu\/elkepeszto-siker-magyar-kutatocsoport-adhat-remenyt-a-rakbetegeknek\/#primaryimage"},"image":{"@id":"https:\/\/hotnewsinworld.com\/hu\/elkepeszto-siker-magyar-kutatocsoport-adhat-remenyt-a-rakbetegeknek\/#primaryimage"},"thumbnailUrl":"https:\/\/hotnewsinworld.com\/hu\/wp-content\/uploads\/sites\/3\/2019\/09\/Elk\u00e9peszt\u0151-siker-Magyar-kutat\u00f3csoport-adhat-rem\u00e9nyt-a-r\u00e1kbetegeknek.jpg","datePublished":"2019-09-06T10:20:27+00:00","dateModified":"2019-09-06T10:20:28+00:00","author":{"@id":"https:\/\/hotnewsinworld.com\/hu\/#\/schema\/person\/fe61448b21c0d59086e75fcc1f9d8f6b"},"breadcrumb":{"@id":"https:\/\/hotnewsinworld.com\/hu\/elkepeszto-siker-magyar-kutatocsoport-adhat-remenyt-a-rakbetegeknek\/#breadcrumb"},"inLanguage":"hu","potentialAction":[{"@type":"ReadAction","target":["https:\/\/hotnewsinworld.com\/hu\/elkepeszto-siker-magyar-kutatocsoport-adhat-remenyt-a-rakbetegeknek\/"]}]},{"@type":"ImageObject","inLanguage":"hu","@id":"https:\/\/hotnewsinworld.com\/hu\/elkepeszto-siker-magyar-kutatocsoport-adhat-remenyt-a-rakbetegeknek\/#primaryimage","url":"https:\/\/hotnewsinworld.com\/hu\/wp-content\/uploads\/sites\/3\/2019\/09\/Elk\u00e9peszt\u0151-siker-Magyar-kutat\u00f3csoport-adhat-rem\u00e9nyt-a-r\u00e1kbetegeknek.jpg","contentUrl":"https:\/\/hotnewsinworld.com\/hu\/wp-content\/uploads\/sites\/3\/2019\/09\/Elk\u00e9peszt\u0151-siker-Magyar-kutat\u00f3csoport-adhat-rem\u00e9nyt-a-r\u00e1kbetegeknek.jpg","width":400,"height":266,"caption":"Elk\u00e9peszt\u0151 siker! Magyar kutat\u00f3csoport adhat rem\u00e9nyt a r\u00e1kbetegeknek"},{"@type":"BreadcrumbList","@id":"https:\/\/hotnewsinworld.com\/hu\/elkepeszto-siker-magyar-kutatocsoport-adhat-remenyt-a-rakbetegeknek\/#breadcrumb","itemListElement":[{"@type":"ListItem","position":1,"name":"\u0413\u043b\u0430\u0432\u043d\u0430\u044f \u0441\u0442\u0440\u0430\u043d\u0438\u0446\u0430","item":"https:\/\/hotnewsinworld.com\/hu\/"},{"@type":"ListItem","position":2,"name":"Elk\u00e9peszt\u0151 siker! Magyar kutat\u00f3csoport adhat rem\u00e9nyt a r\u00e1kbetegeknek"}]},{"@type":"WebSite","@id":"https:\/\/hotnewsinworld.com\/hu\/#website","url":"https:\/\/hotnewsinworld.com\/hu\/","name":"Hot News in World","description":"Hot News in World from Hungary","potentialAction":[{"@type":"SearchAction","target":{"@type":"EntryPoint","urlTemplate":"https:\/\/hotnewsinworld.com\/hu\/?s={search_term_string}"},"query-input":{"@type":"PropertyValueSpecification","valueRequired":true,"valueName":"search_term_string"}}],"inLanguage":"hu"},{"@type":"Person","@id":"https:\/\/hotnewsinworld.com\/hu\/#\/schema\/person\/fe61448b21c0d59086e75fcc1f9d8f6b","name":"hotnewsinworld","image":{"@type":"ImageObject","inLanguage":"hu","@id":"https:\/\/secure.gravatar.com\/avatar\/8a09ac165600ce2e1c38fe593c63928eb1e6e7ba5c5a907d67787c41b3d00c14?s=96&d=mm&r=g","url":"https:\/\/secure.gravatar.com\/avatar\/8a09ac165600ce2e1c38fe593c63928eb1e6e7ba5c5a907d67787c41b3d00c14?s=96&d=mm&r=g","contentUrl":"https:\/\/secure.gravatar.com\/avatar\/8a09ac165600ce2e1c38fe593c63928eb1e6e7ba5c5a907d67787c41b3d00c14?s=96&d=mm&r=g","caption":"hotnewsinworld"},"url":"https:\/\/hotnewsinworld.com\/hu\/author\/pt\/"}]}},"_links":{"self":[{"href":"https:\/\/hotnewsinworld.com\/hu\/wp-json\/wp\/v2\/posts\/1699","targetHints":{"allow":["GET"]}}],"collection":[{"href":"https:\/\/hotnewsinworld.com\/hu\/wp-json\/wp\/v2\/posts"}],"about":[{"href":"https:\/\/hotnewsinworld.com\/hu\/wp-json\/wp\/v2\/types\/post"}],"author":[{"embeddable":true,"href":"https:\/\/hotnewsinworld.com\/hu\/wp-json\/wp\/v2\/users\/2"}],"replies":[{"embeddable":true,"href":"https:\/\/hotnewsinworld.com\/hu\/wp-json\/wp\/v2\/comments?post=1699"}],"version-history":[{"count":1,"href":"https:\/\/hotnewsinworld.com\/hu\/wp-json\/wp\/v2\/posts\/1699\/revisions"}],"predecessor-version":[{"id":1701,"href":"https:\/\/hotnewsinworld.com\/hu\/wp-json\/wp\/v2\/posts\/1699\/revisions\/1701"}],"wp:featuredmedia":[{"embeddable":true,"href":"https:\/\/hotnewsinworld.com\/hu\/wp-json\/wp\/v2\/media\/1700"}],"wp:attachment":[{"href":"https:\/\/hotnewsinworld.com\/hu\/wp-json\/wp\/v2\/media?parent=1699"}],"wp:term":[{"taxonomy":"category","embeddable":true,"href":"https:\/\/hotnewsinworld.com\/hu\/wp-json\/wp\/v2\/categories?post=1699"},{"taxonomy":"post_tag","embeddable":true,"href":"https:\/\/hotnewsinworld.com\/hu\/wp-json\/wp\/v2\/tags?post=1699"}],"curies":[{"name":"wp","href":"https:\/\/api.w.org\/{rel}","templated":true}]}}