{"id":1705,"date":"2019-09-06T16:07:39","date_gmt":"2019-09-06T13:07:39","guid":{"rendered":"https:\/\/hotnewsinworld.com\/hu\/puzser-robert-osszegyujtotte-a-szukseges-ajanlasokat\/"},"modified":"2019-09-06T16:07:39","modified_gmt":"2019-09-06T13:07:39","slug":"puzser-robert-osszegyujtotte-a-szukseges-ajanlasokat","status":"publish","type":"post","link":"https:\/\/hotnewsinworld.com\/hu\/puzser-robert-osszegyujtotte-a-szukseges-ajanlasokat\/","title":{"rendered":"Puzs\u00e9r R\u00f3bert \u00f6sszegy\u0171jt\u00f6tte a sz\u00fcks\u00e9ges aj\u00e1nl\u00e1sokat"},"content":{"rendered":"<div>\n<p><b>\u00d6sszegy\u0171jt\u00f6tte a f\u0151polg\u00e1rmester-jel\u00f6lts\u00e9ghez sz\u00fcks\u00e9ges aj\u00e1nl\u00e1sokat Puzs\u00e9r R\u00f3bert, az \u00c1llampolg\u00e1rok a Centrumban Egyes\u00fclet jel\u00f6ltje.<\/b><\/p>\n<p>Puzs\u00e9r R\u00f3bert p\u00e9nteken, a F\u0151polg\u00e1rmesteri Hivatal el\u0151tt tartott sajt\u00f3t\u00e1j\u00e9koztat\u00f3j\u00e1n azt mondta,<\/p>\n<blockquote><p>&#13;<\/p>\n<p>6316 \u00e9rv\u00e9nyes al\u00e1\u00edr\u00e1st adnak le, de folytatj\u00e1k a gy\u0171jt\u00e9st addig, am\u00edg a v\u00e1laszt\u00e1si bizotts\u00e1g nyilv\u00e1ntart\u00e1sba nem veszi \u0151t jel\u00f6ltk\u00e9nt.<\/p>\n<p>&#13;\n<\/p><\/blockquote>\n<p>Hangs\u00falyozta: ez az eredm\u00e9ny is bizony\u00edtja, hogy a politikai centrum \u00e9l \u00e9s alternat\u00edv\u00e1t fog ny\u00fajtani a v\u00e1laszt\u00f3knak az \u00f6nkorm\u00e1nyzati voksol\u00e1son a k\u00e9t &#8222;l\u00e1tszatalternat\u00edv\u00e1val&#8221; szemben. Ezzel kapcsolatban k\u00e9rd\u00e9sre v\u00e1laszolva azt mondta, mindk\u00e9t kurzus annak k\u00f6sz\u00f6nheti rossz min\u0151s\u00e9g\u0171 korm\u00e1nyz\u00e1s\u00e1t \u00e9s politik\u00e1j\u00e1t, hogy az elm\u00falt 30 \u00e9vben folyamatosan az\u00e9rt szavaznak r\u00e1juk, mert \u0151k a &#8222;kisebbik rossz&#8221;, vagy mert a v\u00e1laszt\u00f3k &#8222;gy\u0171l\u00f6lik&#8221; a m\u00e1sik oldalon \u00e1ll\u00f3 politikai p\u00e1rtokat.<\/p>\n<p>Szint\u00e9n k\u00e9rd\u00e9sre v\u00e1laszolva azt mondta, tapasztalataik szerint legink\u00e1bb 40 \u00e9v alattiak \u00edrt\u00e1k al\u00e1 az aj\u00e1nl\u00f3\u00edveiket, \u00e9s b\u00fcszk\u00e9k arra, hogy nem a politika, hanem a gener\u00e1ci\u00f3k ment\u00e9n hoznak l\u00e9tre t\u00f6r\u00e9svonalat \u00e9s ennek ment\u00e9n akarj\u00e1k &#8222;\u00fajrastruktur\u00e1lni a l\u00f6v\u00e9sz\u00e1rkokat&#8221;.<\/p>\n<p>Forr\u00e1s: MTI<\/p>\n<p>        <!--div style=\"padding:20px;margin-top:20px;border-left: 4px solid #e71000;background:#f6f6f6;\">\n            \n\n<h2>FinTechRadar 2.0 konferencia - van m&aacute;r jegyed?<\/h2>\n\n\n\n            \n\n<p>T&eacute;m&aacute;ink: PSD2\/Mobilfizet&eacute;s, Adatbiztons&aacute;g, UX, Big data, &Aacute;llam &eacute;s fintech, Insurtech.\n            2 nap, 30 el&#337;ad&oacute; &eacute;s v&aacute;laszok a fintech aktu&aacute;lis k&eacute;rd&eacute;seire okt&oacute;ber 17-18-&aacute;n a Sug&aacute;r Moziban.<\/p>\n\n\n\n            <a href=\"http:\/\/fintechradar.hu\/konferencia2?utm_source=propeller.hu&utm_medium=textlink&utm_campaign=FTR_konf2\"\n            class=\"button primary\" target=\"_blank\" style=\"color:#fff;margin-top:15px;background: #e71000;\" rel=\"noopener noreferrer\">Program &eacute;s jegyv&aacute;s&aacute;rl&aacute;s &rarr;<\/a>\n        <\/div-->\n    <\/div>\n<p><script>(function(d, s, id) {\n  var js, fjs = d.getElementsByTagName(s)[0];\n  if (d.getElementById(id)) return;\n  js = d.createElement(s); js.id = id;\n  js.src = \"http:\/\/connect.facebook.net\/hu_HU\/sdk.js#xfbml=1&version=v2.7&appId=247823682023773\";\n  fjs.parentNode.insertBefore(js, fjs);\n}(document, 'script', 'facebook-jssdk'));<\/script><br \/>\n<br \/>\n<!--noindex--><br \/>\n<a href=\"https:\/\/hirek.oldal.info\/rssclick\/14375355\" rel=\"nofollow\">Source link <\/a><br \/>\n<!--\/noindex--><\/p>\n","protected":false},"excerpt":{"rendered":"<p>\u00d6sszegy\u0171jt\u00f6tte a f\u0151polg\u00e1rmester-jel\u00f6lts\u00e9ghez sz\u00fcks\u00e9ges aj\u00e1nl\u00e1sokat Puzs\u00e9r R\u00f3bert, az \u00c1llampolg\u00e1rok a Centrumban Egyes\u00fclet jel\u00f6ltje. Puzs\u00e9r R\u00f3bert p\u00e9nteken, a F\u0151polg\u00e1rmesteri Hivatal el\u0151tt tartott sajt\u00f3t\u00e1j\u00e9koztat\u00f3j\u00e1n azt mondta, &#13; 6316 \u00e9rv\u00e9nyes al\u00e1\u00edr\u00e1st adnak le, de folytatj\u00e1k a gy\u0171jt\u00e9st addig, am\u00edg a v\u00e1laszt\u00e1si bizotts\u00e1g nyilv\u00e1ntart\u00e1sba nem veszi \u0151t jel\u00f6ltk\u00e9nt. &#13; Hangs\u00falyozta: ez az eredm\u00e9ny is bizony\u00edtja, hogy a politikai centrum [&hellip;]<\/p>\n","protected":false},"author":2,"featured_media":39,"comment_status":"open","ping_status":"open","sticky":false,"template":"","format":"standard","meta":{"footnotes":""},"categories":[1],"tags":[],"class_list":["post-1705","post","type-post","status-publish","format-standard","has-post-thumbnail","hentry","category-legujabb-penzugyi-hirek"],"yoast_head":"<!-- This site is optimized with the Yoast SEO plugin v27.4 - https:\/\/yoast.com\/product\/yoast-seo-wordpress\/ -->\n<title>Puzs\u00e9r R\u00f3bert \u00f6sszegy\u0171jt\u00f6tte a sz\u00fcks\u00e9ges aj\u00e1nl\u00e1sokat - Hot News in World<\/title>\n<meta name=\"robots\" content=\"index, follow, max-snippet:-1, max-image-preview:large, max-video-preview:-1\" \/>\n<link rel=\"canonical\" href=\"https:\/\/hotnewsinworld.com\/hu\/puzser-robert-osszegyujtotte-a-szukseges-ajanlasokat\/\" \/>\n<meta property=\"og:locale\" content=\"hu_HU\" \/>\n<meta property=\"og:type\" content=\"article\" \/>\n<meta property=\"og:title\" content=\"Puzs\u00e9r R\u00f3bert \u00f6sszegy\u0171jt\u00f6tte a sz\u00fcks\u00e9ges aj\u00e1nl\u00e1sokat - Hot News in World\" \/>\n<meta property=\"og:description\" content=\"\u00d6sszegy\u0171jt\u00f6tte a f\u0151polg\u00e1rmester-jel\u00f6lts\u00e9ghez sz\u00fcks\u00e9ges aj\u00e1nl\u00e1sokat Puzs\u00e9r R\u00f3bert, az \u00c1llampolg\u00e1rok a Centrumban Egyes\u00fclet jel\u00f6ltje. Puzs\u00e9r R\u00f3bert p\u00e9nteken, a F\u0151polg\u00e1rmesteri Hivatal el\u0151tt tartott sajt\u00f3t\u00e1j\u00e9koztat\u00f3j\u00e1n azt mondta, &#013; 6316 \u00e9rv\u00e9nyes al\u00e1\u00edr\u00e1st adnak le, de folytatj\u00e1k a gy\u0171jt\u00e9st addig, am\u00edg a v\u00e1laszt\u00e1si bizotts\u00e1g nyilv\u00e1ntart\u00e1sba nem veszi \u0151t jel\u00f6ltk\u00e9nt. &#013; Hangs\u00falyozta: ez az eredm\u00e9ny is bizony\u00edtja, hogy a politikai centrum [&hellip;]\" \/>\n<meta property=\"og:url\" content=\"https:\/\/hotnewsinworld.com\/hu\/puzser-robert-osszegyujtotte-a-szukseges-ajanlasokat\/\" \/>\n<meta property=\"og:site_name\" content=\"Hot News in World\" \/>\n<meta property=\"article:published_time\" content=\"2019-09-06T13:07:39+00:00\" \/>\n<meta property=\"og:image\" content=\"https:\/\/hotnewsinworld.com\/hu\/wp-content\/uploads\/sites\/3\/2019\/05\/MSZP-P\u00e1rbesz\u00e9d-a-korm\u00e1ny-a-munkav\u00e1llal\u00f3k-ellens\u00e9ge.png\" \/>\n\t<meta property=\"og:image:width\" content=\"1000\" \/>\n\t<meta property=\"og:image:height\" content=\"525\" \/>\n\t<meta property=\"og:image:type\" content=\"image\/png\" \/>\n<meta name=\"author\" content=\"hotnewsinworld\" \/>\n<meta name=\"twitter:card\" content=\"summary_large_image\" \/>\n<meta name=\"twitter:label1\" content=\"Szerz\u0151:\" \/>\n\t<meta name=\"twitter:data1\" content=\"hotnewsinworld\" \/>\n\t<meta name=\"twitter:label2\" content=\"Becs\u00fclt olvas\u00e1si id\u0151\" \/>\n\t<meta name=\"twitter:data2\" content=\"1 perc\" \/>\n<script type=\"application\/ld+json\" class=\"yoast-schema-graph\">{\"@context\":\"https:\\\/\\\/schema.org\",\"@graph\":[{\"@type\":\"Article\",\"@id\":\"https:\\\/\\\/hotnewsinworld.com\\\/hu\\\/puzser-robert-osszegyujtotte-a-szukseges-ajanlasokat\\\/#article\",\"isPartOf\":{\"@id\":\"https:\\\/\\\/hotnewsinworld.com\\\/hu\\\/puzser-robert-osszegyujtotte-a-szukseges-ajanlasokat\\\/\"},\"author\":{\"name\":\"hotnewsinworld\",\"@id\":\"https:\\\/\\\/hotnewsinworld.com\\\/hu\\\/#\\\/schema\\\/person\\\/fe61448b21c0d59086e75fcc1f9d8f6b\"},\"headline\":\"Puzs\u00e9r R\u00f3bert \u00f6sszegy\u0171jt\u00f6tte a sz\u00fcks\u00e9ges aj\u00e1nl\u00e1sokat\",\"datePublished\":\"2019-09-06T13:07:39+00:00\",\"mainEntityOfPage\":{\"@id\":\"https:\\\/\\\/hotnewsinworld.com\\\/hu\\\/puzser-robert-osszegyujtotte-a-szukseges-ajanlasokat\\\/\"},\"wordCount\":257,\"commentCount\":0,\"image\":{\"@id\":\"https:\\\/\\\/hotnewsinworld.com\\\/hu\\\/puzser-robert-osszegyujtotte-a-szukseges-ajanlasokat\\\/#primaryimage\"},\"thumbnailUrl\":\"https:\\\/\\\/hotnewsinworld.com\\\/hu\\\/wp-content\\\/uploads\\\/sites\\\/3\\\/2019\\\/05\\\/MSZP-P\u00e1rbesz\u00e9d-a-korm\u00e1ny-a-munkav\u00e1llal\u00f3k-ellens\u00e9ge.png\",\"articleSection\":[\"LEG\u00daJABB P\u00c9NZ\u00dcGYI H\u00cdREK\"],\"inLanguage\":\"hu\",\"potentialAction\":[{\"@type\":\"CommentAction\",\"name\":\"Comment\",\"target\":[\"https:\\\/\\\/hotnewsinworld.com\\\/hu\\\/puzser-robert-osszegyujtotte-a-szukseges-ajanlasokat\\\/#respond\"]}]},{\"@type\":\"WebPage\",\"@id\":\"https:\\\/\\\/hotnewsinworld.com\\\/hu\\\/puzser-robert-osszegyujtotte-a-szukseges-ajanlasokat\\\/\",\"url\":\"https:\\\/\\\/hotnewsinworld.com\\\/hu\\\/puzser-robert-osszegyujtotte-a-szukseges-ajanlasokat\\\/\",\"name\":\"Puzs\u00e9r R\u00f3bert \u00f6sszegy\u0171jt\u00f6tte a sz\u00fcks\u00e9ges aj\u00e1nl\u00e1sokat - Hot News in World\",\"isPartOf\":{\"@id\":\"https:\\\/\\\/hotnewsinworld.com\\\/hu\\\/#website\"},\"primaryImageOfPage\":{\"@id\":\"https:\\\/\\\/hotnewsinworld.com\\\/hu\\\/puzser-robert-osszegyujtotte-a-szukseges-ajanlasokat\\\/#primaryimage\"},\"image\":{\"@id\":\"https:\\\/\\\/hotnewsinworld.com\\\/hu\\\/puzser-robert-osszegyujtotte-a-szukseges-ajanlasokat\\\/#primaryimage\"},\"thumbnailUrl\":\"https:\\\/\\\/hotnewsinworld.com\\\/hu\\\/wp-content\\\/uploads\\\/sites\\\/3\\\/2019\\\/05\\\/MSZP-P\u00e1rbesz\u00e9d-a-korm\u00e1ny-a-munkav\u00e1llal\u00f3k-ellens\u00e9ge.png\",\"datePublished\":\"2019-09-06T13:07:39+00:00\",\"author\":{\"@id\":\"https:\\\/\\\/hotnewsinworld.com\\\/hu\\\/#\\\/schema\\\/person\\\/fe61448b21c0d59086e75fcc1f9d8f6b\"},\"breadcrumb\":{\"@id\":\"https:\\\/\\\/hotnewsinworld.com\\\/hu\\\/puzser-robert-osszegyujtotte-a-szukseges-ajanlasokat\\\/#breadcrumb\"},\"inLanguage\":\"hu\",\"potentialAction\":[{\"@type\":\"ReadAction\",\"target\":[\"https:\\\/\\\/hotnewsinworld.com\\\/hu\\\/puzser-robert-osszegyujtotte-a-szukseges-ajanlasokat\\\/\"]}]},{\"@type\":\"ImageObject\",\"inLanguage\":\"hu\",\"@id\":\"https:\\\/\\\/hotnewsinworld.com\\\/hu\\\/puzser-robert-osszegyujtotte-a-szukseges-ajanlasokat\\\/#primaryimage\",\"url\":\"https:\\\/\\\/hotnewsinworld.com\\\/hu\\\/wp-content\\\/uploads\\\/sites\\\/3\\\/2019\\\/05\\\/MSZP-P\u00e1rbesz\u00e9d-a-korm\u00e1ny-a-munkav\u00e1llal\u00f3k-ellens\u00e9ge.png\",\"contentUrl\":\"https:\\\/\\\/hotnewsinworld.com\\\/hu\\\/wp-content\\\/uploads\\\/sites\\\/3\\\/2019\\\/05\\\/MSZP-P\u00e1rbesz\u00e9d-a-korm\u00e1ny-a-munkav\u00e1llal\u00f3k-ellens\u00e9ge.png\",\"width\":1000,\"height\":525,\"caption\":\"MSZP-P\u00e1rbesz\u00e9d: a korm\u00e1ny a munkav\u00e1llal\u00f3k ellens\u00e9ge\"},{\"@type\":\"BreadcrumbList\",\"@id\":\"https:\\\/\\\/hotnewsinworld.com\\\/hu\\\/puzser-robert-osszegyujtotte-a-szukseges-ajanlasokat\\\/#breadcrumb\",\"itemListElement\":[{\"@type\":\"ListItem\",\"position\":1,\"name\":\"\u0413\u043b\u0430\u0432\u043d\u0430\u044f \u0441\u0442\u0440\u0430\u043d\u0438\u0446\u0430\",\"item\":\"https:\\\/\\\/hotnewsinworld.com\\\/hu\\\/\"},{\"@type\":\"ListItem\",\"position\":2,\"name\":\"Puzs\u00e9r R\u00f3bert \u00f6sszegy\u0171jt\u00f6tte a sz\u00fcks\u00e9ges aj\u00e1nl\u00e1sokat\"}]},{\"@type\":\"WebSite\",\"@id\":\"https:\\\/\\\/hotnewsinworld.com\\\/hu\\\/#website\",\"url\":\"https:\\\/\\\/hotnewsinworld.com\\\/hu\\\/\",\"name\":\"Hot News in World\",\"description\":\"Hot News in World from Hungary\",\"potentialAction\":[{\"@type\":\"SearchAction\",\"target\":{\"@type\":\"EntryPoint\",\"urlTemplate\":\"https:\\\/\\\/hotnewsinworld.com\\\/hu\\\/?s={search_term_string}\"},\"query-input\":{\"@type\":\"PropertyValueSpecification\",\"valueRequired\":true,\"valueName\":\"search_term_string\"}}],\"inLanguage\":\"hu\"},{\"@type\":\"Person\",\"@id\":\"https:\\\/\\\/hotnewsinworld.com\\\/hu\\\/#\\\/schema\\\/person\\\/fe61448b21c0d59086e75fcc1f9d8f6b\",\"name\":\"hotnewsinworld\",\"image\":{\"@type\":\"ImageObject\",\"inLanguage\":\"hu\",\"@id\":\"https:\\\/\\\/secure.gravatar.com\\\/avatar\\\/8a09ac165600ce2e1c38fe593c63928eb1e6e7ba5c5a907d67787c41b3d00c14?s=96&d=mm&r=g\",\"url\":\"https:\\\/\\\/secure.gravatar.com\\\/avatar\\\/8a09ac165600ce2e1c38fe593c63928eb1e6e7ba5c5a907d67787c41b3d00c14?s=96&d=mm&r=g\",\"contentUrl\":\"https:\\\/\\\/secure.gravatar.com\\\/avatar\\\/8a09ac165600ce2e1c38fe593c63928eb1e6e7ba5c5a907d67787c41b3d00c14?s=96&d=mm&r=g\",\"caption\":\"hotnewsinworld\"},\"url\":\"https:\\\/\\\/hotnewsinworld.com\\\/hu\\\/author\\\/pt\\\/\"}]}<\/script>\n<!-- \/ Yoast SEO plugin. -->","yoast_head_json":{"title":"Puzs\u00e9r R\u00f3bert \u00f6sszegy\u0171jt\u00f6tte a sz\u00fcks\u00e9ges aj\u00e1nl\u00e1sokat - Hot News in World","robots":{"index":"index","follow":"follow","max-snippet":"max-snippet:-1","max-image-preview":"max-image-preview:large","max-video-preview":"max-video-preview:-1"},"canonical":"https:\/\/hotnewsinworld.com\/hu\/puzser-robert-osszegyujtotte-a-szukseges-ajanlasokat\/","og_locale":"hu_HU","og_type":"article","og_title":"Puzs\u00e9r R\u00f3bert \u00f6sszegy\u0171jt\u00f6tte a sz\u00fcks\u00e9ges aj\u00e1nl\u00e1sokat - Hot News in World","og_description":"\u00d6sszegy\u0171jt\u00f6tte a f\u0151polg\u00e1rmester-jel\u00f6lts\u00e9ghez sz\u00fcks\u00e9ges aj\u00e1nl\u00e1sokat Puzs\u00e9r R\u00f3bert, az \u00c1llampolg\u00e1rok a Centrumban Egyes\u00fclet jel\u00f6ltje. Puzs\u00e9r R\u00f3bert p\u00e9nteken, a F\u0151polg\u00e1rmesteri Hivatal el\u0151tt tartott sajt\u00f3t\u00e1j\u00e9koztat\u00f3j\u00e1n azt mondta, &#13; 6316 \u00e9rv\u00e9nyes al\u00e1\u00edr\u00e1st adnak le, de folytatj\u00e1k a gy\u0171jt\u00e9st addig, am\u00edg a v\u00e1laszt\u00e1si bizotts\u00e1g nyilv\u00e1ntart\u00e1sba nem veszi \u0151t jel\u00f6ltk\u00e9nt. &#13; Hangs\u00falyozta: ez az eredm\u00e9ny is bizony\u00edtja, hogy a politikai centrum [&hellip;]","og_url":"https:\/\/hotnewsinworld.com\/hu\/puzser-robert-osszegyujtotte-a-szukseges-ajanlasokat\/","og_site_name":"Hot News in World","article_published_time":"2019-09-06T13:07:39+00:00","og_image":[{"width":1000,"height":525,"url":"https:\/\/hotnewsinworld.com\/hu\/wp-content\/uploads\/sites\/3\/2019\/05\/MSZP-P\u00e1rbesz\u00e9d-a-korm\u00e1ny-a-munkav\u00e1llal\u00f3k-ellens\u00e9ge.png","type":"image\/png"}],"author":"hotnewsinworld","twitter_card":"summary_large_image","twitter_misc":{"Szerz\u0151:":"hotnewsinworld","Becs\u00fclt olvas\u00e1si id\u0151":"1 perc"},"schema":{"@context":"https:\/\/schema.org","@graph":[{"@type":"Article","@id":"https:\/\/hotnewsinworld.com\/hu\/puzser-robert-osszegyujtotte-a-szukseges-ajanlasokat\/#article","isPartOf":{"@id":"https:\/\/hotnewsinworld.com\/hu\/puzser-robert-osszegyujtotte-a-szukseges-ajanlasokat\/"},"author":{"name":"hotnewsinworld","@id":"https:\/\/hotnewsinworld.com\/hu\/#\/schema\/person\/fe61448b21c0d59086e75fcc1f9d8f6b"},"headline":"Puzs\u00e9r R\u00f3bert \u00f6sszegy\u0171jt\u00f6tte a sz\u00fcks\u00e9ges aj\u00e1nl\u00e1sokat","datePublished":"2019-09-06T13:07:39+00:00","mainEntityOfPage":{"@id":"https:\/\/hotnewsinworld.com\/hu\/puzser-robert-osszegyujtotte-a-szukseges-ajanlasokat\/"},"wordCount":257,"commentCount":0,"image":{"@id":"https:\/\/hotnewsinworld.com\/hu\/puzser-robert-osszegyujtotte-a-szukseges-ajanlasokat\/#primaryimage"},"thumbnailUrl":"https:\/\/hotnewsinworld.com\/hu\/wp-content\/uploads\/sites\/3\/2019\/05\/MSZP-P\u00e1rbesz\u00e9d-a-korm\u00e1ny-a-munkav\u00e1llal\u00f3k-ellens\u00e9ge.png","articleSection":["LEG\u00daJABB P\u00c9NZ\u00dcGYI H\u00cdREK"],"inLanguage":"hu","potentialAction":[{"@type":"CommentAction","name":"Comment","target":["https:\/\/hotnewsinworld.com\/hu\/puzser-robert-osszegyujtotte-a-szukseges-ajanlasokat\/#respond"]}]},{"@type":"WebPage","@id":"https:\/\/hotnewsinworld.com\/hu\/puzser-robert-osszegyujtotte-a-szukseges-ajanlasokat\/","url":"https:\/\/hotnewsinworld.com\/hu\/puzser-robert-osszegyujtotte-a-szukseges-ajanlasokat\/","name":"Puzs\u00e9r R\u00f3bert \u00f6sszegy\u0171jt\u00f6tte a sz\u00fcks\u00e9ges aj\u00e1nl\u00e1sokat - Hot News in World","isPartOf":{"@id":"https:\/\/hotnewsinworld.com\/hu\/#website"},"primaryImageOfPage":{"@id":"https:\/\/hotnewsinworld.com\/hu\/puzser-robert-osszegyujtotte-a-szukseges-ajanlasokat\/#primaryimage"},"image":{"@id":"https:\/\/hotnewsinworld.com\/hu\/puzser-robert-osszegyujtotte-a-szukseges-ajanlasokat\/#primaryimage"},"thumbnailUrl":"https:\/\/hotnewsinworld.com\/hu\/wp-content\/uploads\/sites\/3\/2019\/05\/MSZP-P\u00e1rbesz\u00e9d-a-korm\u00e1ny-a-munkav\u00e1llal\u00f3k-ellens\u00e9ge.png","datePublished":"2019-09-06T13:07:39+00:00","author":{"@id":"https:\/\/hotnewsinworld.com\/hu\/#\/schema\/person\/fe61448b21c0d59086e75fcc1f9d8f6b"},"breadcrumb":{"@id":"https:\/\/hotnewsinworld.com\/hu\/puzser-robert-osszegyujtotte-a-szukseges-ajanlasokat\/#breadcrumb"},"inLanguage":"hu","potentialAction":[{"@type":"ReadAction","target":["https:\/\/hotnewsinworld.com\/hu\/puzser-robert-osszegyujtotte-a-szukseges-ajanlasokat\/"]}]},{"@type":"ImageObject","inLanguage":"hu","@id":"https:\/\/hotnewsinworld.com\/hu\/puzser-robert-osszegyujtotte-a-szukseges-ajanlasokat\/#primaryimage","url":"https:\/\/hotnewsinworld.com\/hu\/wp-content\/uploads\/sites\/3\/2019\/05\/MSZP-P\u00e1rbesz\u00e9d-a-korm\u00e1ny-a-munkav\u00e1llal\u00f3k-ellens\u00e9ge.png","contentUrl":"https:\/\/hotnewsinworld.com\/hu\/wp-content\/uploads\/sites\/3\/2019\/05\/MSZP-P\u00e1rbesz\u00e9d-a-korm\u00e1ny-a-munkav\u00e1llal\u00f3k-ellens\u00e9ge.png","width":1000,"height":525,"caption":"MSZP-P\u00e1rbesz\u00e9d: a korm\u00e1ny a munkav\u00e1llal\u00f3k ellens\u00e9ge"},{"@type":"BreadcrumbList","@id":"https:\/\/hotnewsinworld.com\/hu\/puzser-robert-osszegyujtotte-a-szukseges-ajanlasokat\/#breadcrumb","itemListElement":[{"@type":"ListItem","position":1,"name":"\u0413\u043b\u0430\u0432\u043d\u0430\u044f \u0441\u0442\u0440\u0430\u043d\u0438\u0446\u0430","item":"https:\/\/hotnewsinworld.com\/hu\/"},{"@type":"ListItem","position":2,"name":"Puzs\u00e9r R\u00f3bert \u00f6sszegy\u0171jt\u00f6tte a sz\u00fcks\u00e9ges aj\u00e1nl\u00e1sokat"}]},{"@type":"WebSite","@id":"https:\/\/hotnewsinworld.com\/hu\/#website","url":"https:\/\/hotnewsinworld.com\/hu\/","name":"Hot News in World","description":"Hot News in World from Hungary","potentialAction":[{"@type":"SearchAction","target":{"@type":"EntryPoint","urlTemplate":"https:\/\/hotnewsinworld.com\/hu\/?s={search_term_string}"},"query-input":{"@type":"PropertyValueSpecification","valueRequired":true,"valueName":"search_term_string"}}],"inLanguage":"hu"},{"@type":"Person","@id":"https:\/\/hotnewsinworld.com\/hu\/#\/schema\/person\/fe61448b21c0d59086e75fcc1f9d8f6b","name":"hotnewsinworld","image":{"@type":"ImageObject","inLanguage":"hu","@id":"https:\/\/secure.gravatar.com\/avatar\/8a09ac165600ce2e1c38fe593c63928eb1e6e7ba5c5a907d67787c41b3d00c14?s=96&d=mm&r=g","url":"https:\/\/secure.gravatar.com\/avatar\/8a09ac165600ce2e1c38fe593c63928eb1e6e7ba5c5a907d67787c41b3d00c14?s=96&d=mm&r=g","contentUrl":"https:\/\/secure.gravatar.com\/avatar\/8a09ac165600ce2e1c38fe593c63928eb1e6e7ba5c5a907d67787c41b3d00c14?s=96&d=mm&r=g","caption":"hotnewsinworld"},"url":"https:\/\/hotnewsinworld.com\/hu\/author\/pt\/"}]}},"_links":{"self":[{"href":"https:\/\/hotnewsinworld.com\/hu\/wp-json\/wp\/v2\/posts\/1705","targetHints":{"allow":["GET"]}}],"collection":[{"href":"https:\/\/hotnewsinworld.com\/hu\/wp-json\/wp\/v2\/posts"}],"about":[{"href":"https:\/\/hotnewsinworld.com\/hu\/wp-json\/wp\/v2\/types\/post"}],"author":[{"embeddable":true,"href":"https:\/\/hotnewsinworld.com\/hu\/wp-json\/wp\/v2\/users\/2"}],"replies":[{"embeddable":true,"href":"https:\/\/hotnewsinworld.com\/hu\/wp-json\/wp\/v2\/comments?post=1705"}],"version-history":[{"count":1,"href":"https:\/\/hotnewsinworld.com\/hu\/wp-json\/wp\/v2\/posts\/1705\/revisions"}],"predecessor-version":[{"id":1706,"href":"https:\/\/hotnewsinworld.com\/hu\/wp-json\/wp\/v2\/posts\/1705\/revisions\/1706"}],"wp:featuredmedia":[{"embeddable":true,"href":"https:\/\/hotnewsinworld.com\/hu\/wp-json\/wp\/v2\/media\/39"}],"wp:attachment":[{"href":"https:\/\/hotnewsinworld.com\/hu\/wp-json\/wp\/v2\/media?parent=1705"}],"wp:term":[{"taxonomy":"category","embeddable":true,"href":"https:\/\/hotnewsinworld.com\/hu\/wp-json\/wp\/v2\/categories?post=1705"},{"taxonomy":"post_tag","embeddable":true,"href":"https:\/\/hotnewsinworld.com\/hu\/wp-json\/wp\/v2\/tags?post=1705"}],"curies":[{"name":"wp","href":"https:\/\/api.w.org\/{rel}","templated":true}]}}