{"id":1711,"date":"2019-09-06T20:19:01","date_gmt":"2019-09-06T17:19:01","guid":{"rendered":"https:\/\/hotnewsinworld.com\/hu\/elismereseket-adtak-at-a-demografiai-konferencian\/"},"modified":"2019-09-06T20:19:02","modified_gmt":"2019-09-06T17:19:02","slug":"elismereseket-adtak-at-a-demografiai-konferencian","status":"publish","type":"post","link":"https:\/\/hotnewsinworld.com\/hu\/elismereseket-adtak-at-a-demografiai-konferencian\/","title":{"rendered":"Elismer\u00e9seket adtak \u00e1t a Demogr\u00e1fiai konferenci\u00e1n"},"content":{"rendered":"<div>\n\t\t\t\t\tA cikk emailben t\u00f6rt\u00e9n\u0151 elk\u00fcld\u00e9s\u00e9hez kattintson ide, vagy m\u00e1solja le \u00e9s k\u00fcldje el ezt a linket: <strong>https:\/\/magyarnemzet.hu\/belfold\/elismereseket-adtak-at-a-demografiai-konferencian-7279772\/<\/strong>\n\t\t\t\t<\/div>\n<p>\n\t\t\t\t\t<span class=\"en-article-dates-main\">2019. szeptember 6. p\u00e9ntek 19:04<\/span>\n\t\t\t\t\t\t\t\t\t\t\t\t\t\t<\/p>\n<div>\n<p>\n\t\t\t\t\t\t\t\tA csal\u00e1d a legterm\u00e9szetesebb t\u00e1rsadalmi forma, a politik\u00e1nak pedig tisztelnie kell ezt, nem kir\u00e1ngatnia az embereket ebb\u0151l az egy\u00fctt\u00e9l\u00e9si m\u00f3db\u00f3l \u2013 mondta az Emberi Er\u0151forr\u00e1sok Miniszt\u00e9rium\u00e1nak parlamenti \u00e1llamtitk\u00e1ra a III. Budapesti Demogr\u00e1fiai Cs\u00facs p\u00e9nteki napj\u00e1n, a Pro Familiis d\u00edjak \u00e1tad\u00e1s\u00e1n.\t\t\t\t\t\t\t<\/p>\n<p>R\u00e9tv\u00e1ri Bence arr\u00f3l besz\u00e9lt, hogy a liber\u00e1lis \u00e9s baloldali gondolkod\u00f3k egyfajta emberk\u00eds\u00e9rletet hajtanak v\u00e9gre azzal, hogy le akarj\u00e1k bontani az embereket meghat\u00e1roz\u00f3 identit\u00e1selemeket: a nemzethez tartoz\u00e1st, a hitet, f\u00e9rfi \u00e9s n\u0151i mivoltunkat, tov\u00e1bb\u00e1 a csal\u00e1dot mint a t\u00e1rsadalom alapj\u00e1t.<\/p>\n<p>Ennek azonban Magyarorsz\u00e1g \u00e9s a konferencia r\u00e9sztvev\u0151i nem h\u00edvei, a magyar korm\u00e1ny \u00e9s az el\u0151ad\u00f3k szerint a csal\u00e1d, a gyermek az els\u0151, \u00e9s hab\u00e1r a vil\u00e1gb\u00f3l \u00e9rkez\u0151 impulzusok sokszor elbizonytalan\u00edtanak ebben a hitben, most m\u00e9gis meger\u0151s\u00edt\u00e9st nyerhett\u00fcnk, hogy nem vagyunk egyed\u00fcl \u2013 fogalmazott az \u00e1llamtitk\u00e1r.<\/p>\n<p>Hozz\u00e1tette, mindenkinek auton\u00f3m d\u00f6nt\u00e9se, hogyan szervezi az \u00e9let\u00e9t, de az \u00e1llamnak is le kell tennie a voks\u00e1t bizonyos \u00e9rt\u00e9kek, adott esetben a csal\u00e1d mellett. Az \u00e1llam azonban \u00f6nmag\u00e1ban kev\u00e9s az emberek gondolkod\u00e1s\u00e1nak megv\u00e1ltoztat\u00e1s\u00e1hoz, sz\u00fcks\u00e9g van olyan civilekre is, mint a mostani d\u00edjazottak \u2013 emelte ki R\u00e9tv\u00e1ri Bence.<\/p>\n<p>Az \u00e1llamtitk\u00e1r azt hangoztatta, hogy a kit\u00fcntetetteknek nemcsak a munk\u00e1ja, hanem az \u00e9lete is p\u00e9lda\u00e9rt\u00e9k\u0171, \u00fczenet\u00fck a magyar csal\u00e1dok meger\u0151s\u00edt\u00e9se \u00e9s boldogs\u00e1ga szempontj\u00e1b\u00f3l is kiemelked\u0151.<\/p>\n<p>Pro Familiis d\u00edjban r\u00e9szes\u00fclt T\u00f3th-Heyn P\u00e9ter egyetemi docens, f\u0151orvos, a Semmelweis Egyetem I. sz\u00e1m\u00fa gyermekklinik\u00e1j\u00e1nak igazgat\u00f3helyettese; Farkas P\u00e9ter szociol\u00f3gus, hum\u00e1n\u00f6kol\u00f3gus, politol\u00f3gus, egyetemi oktat\u00f3; Zsur\u00e1fszky Zolt\u00e1n t\u00e1ncm\u0171v\u00e9sz, koreogr\u00e1fus \u00e9s feles\u00e9ge, Zsur\u00e1fszkyn\u00e9 Vincze Zsuzsanna dramaturg, jelmeztervez\u0151; Bagdy Em\u0151ke klinikai szakpszichol\u00f3gus, pszichoterapeuta, egyetemi tan\u00e1r; Victor Istv\u00e1n reform\u00e1tus lelk\u00e9sz, vall\u00e1stan\u00e1r; Pataki J\u00e1nos, a K\u00e1rp\u00e1t-medencei Csal\u00e1dszervezetek Sz\u00f6vets\u00e9g\u00e9nek eln\u00f6ke;<\/p>\n<p>Balog Zolt\u00e1n reform\u00e1tus lelk\u00e9sz, volt miniszter; Lorenzo Fontana volt olasz csal\u00e1d\u00fcgyi, majd eur\u00f3pai \u00fcgyek\u00e9rt felel\u0151s miniszter; Gudrun Veronika Kugler osztr\u00e1k parlamenti k\u00e9pvisel\u0151, valamint Chris Smith amerikai kongresszusi k\u00e9pvisel\u0151 \u00e9s feles\u00e9ge Marie Smith.<\/p>\n<\/p><\/div>\n<p><script>\n    window.fbAsyncInit = function() {\n        FB.init({\n            appId      : \"397495361000984\",\n            xfbml      : true,\n            version    : \"v2.12\"\n        });\n        FB.AppEvents.logPageView();\n        jQuery(document).trigger('fbInit');\n    };<\/p>\n<p>    (function(d, s, id){\n        var js, fjs = d.getElementsByTagName(s)[0];\n        if (d.getElementById(id)) {return;}\n        js = d.createElement(s); js.id = id;\n        js.src = \"http:\/\/connect.facebook.net\/hu_HU\/sdk.js\";\n        fjs.parentNode.insertBefore(js, fjs);\n    }(document, \"script\", \"facebook-jssdk\"));\n<\/script><br \/>\n<br \/>\n<!--noindex--><br \/>\n<a href=\"https:\/\/hirek.oldal.info\/rssclick\/14375995\" rel=\"nofollow\">Source link <\/a><br \/>\n<!--\/noindex--><\/p>\n","protected":false},"excerpt":{"rendered":"<p>A cikk emailben t\u00f6rt\u00e9n\u0151 elk\u00fcld\u00e9s\u00e9hez kattintson ide, vagy m\u00e1solja le \u00e9s k\u00fcldje el ezt a linket: https:\/\/magyarnemzet.hu\/belfold\/elismereseket-adtak-at-a-demografiai-konferencian-7279772\/ 2019. szeptember 6. p\u00e9ntek 19:04 A csal\u00e1d a legterm\u00e9szetesebb t\u00e1rsadalmi forma, a politik\u00e1nak pedig tisztelnie kell ezt, nem kir\u00e1ngatnia az embereket ebb\u0151l az egy\u00fctt\u00e9l\u00e9si m\u00f3db\u00f3l \u2013 mondta az Emberi Er\u0151forr\u00e1sok Miniszt\u00e9rium\u00e1nak parlamenti \u00e1llamtitk\u00e1ra a III. Budapesti Demogr\u00e1fiai Cs\u00facs [&hellip;]<\/p>\n","protected":false},"author":2,"featured_media":199,"comment_status":"open","ping_status":"open","sticky":false,"template":"","format":"standard","meta":{"footnotes":""},"categories":[1],"tags":[],"class_list":["post-1711","post","type-post","status-publish","format-standard","has-post-thumbnail","hentry","category-legujabb-penzugyi-hirek"],"yoast_head":"<!-- This site is optimized with the Yoast SEO plugin v27.4 - https:\/\/yoast.com\/product\/yoast-seo-wordpress\/ -->\n<title>Elismer\u00e9seket adtak \u00e1t a Demogr\u00e1fiai konferenci\u00e1n - Hot News in World<\/title>\n<meta name=\"robots\" content=\"index, follow, max-snippet:-1, max-image-preview:large, max-video-preview:-1\" \/>\n<link rel=\"canonical\" href=\"https:\/\/hotnewsinworld.com\/hu\/elismereseket-adtak-at-a-demografiai-konferencian\/\" \/>\n<meta property=\"og:locale\" content=\"hu_HU\" \/>\n<meta property=\"og:type\" content=\"article\" \/>\n<meta property=\"og:title\" content=\"Elismer\u00e9seket adtak \u00e1t a Demogr\u00e1fiai konferenci\u00e1n - Hot News in World\" \/>\n<meta property=\"og:description\" content=\"A cikk emailben t\u00f6rt\u00e9n\u0151 elk\u00fcld\u00e9s\u00e9hez kattintson ide, vagy m\u00e1solja le \u00e9s k\u00fcldje el ezt a linket: https:\/\/magyarnemzet.hu\/belfold\/elismereseket-adtak-at-a-demografiai-konferencian-7279772\/ 2019. szeptember 6. p\u00e9ntek 19:04 A csal\u00e1d a legterm\u00e9szetesebb t\u00e1rsadalmi forma, a politik\u00e1nak pedig tisztelnie kell ezt, nem kir\u00e1ngatnia az embereket ebb\u0151l az egy\u00fctt\u00e9l\u00e9si m\u00f3db\u00f3l \u2013 mondta az Emberi Er\u0151forr\u00e1sok Miniszt\u00e9rium\u00e1nak parlamenti \u00e1llamtitk\u00e1ra a III. Budapesti Demogr\u00e1fiai Cs\u00facs [&hellip;]\" \/>\n<meta property=\"og:url\" content=\"https:\/\/hotnewsinworld.com\/hu\/elismereseket-adtak-at-a-demografiai-konferencian\/\" \/>\n<meta property=\"og:site_name\" content=\"Hot News in World\" \/>\n<meta property=\"article:published_time\" content=\"2019-09-06T17:19:01+00:00\" \/>\n<meta property=\"article:modified_time\" content=\"2019-09-06T17:19:02+00:00\" \/>\n<meta property=\"og:image\" content=\"https:\/\/hotnewsinworld.com\/hu\/wp-content\/uploads\/sites\/3\/2019\/06\/Hidv\u00e9ghi-Bal\u00e1zs-A-Fidesz-kezdem\u00e9nyezni-fogja-a-migr\u00e1nsk\u00e1rty\u00e1k-megsz\u00fcntet\u00e9s\u00e9t.png\" \/>\n\t<meta property=\"og:image:width\" content=\"1200\" \/>\n\t<meta property=\"og:image:height\" content=\"630\" \/>\n\t<meta property=\"og:image:type\" content=\"image\/png\" \/>\n<meta name=\"author\" content=\"hotnewsinworld\" \/>\n<meta name=\"twitter:card\" content=\"summary_large_image\" \/>\n<meta name=\"twitter:label1\" content=\"Szerz\u0151:\" \/>\n\t<meta name=\"twitter:data1\" content=\"hotnewsinworld\" \/>\n\t<meta name=\"twitter:label2\" content=\"Becs\u00fclt olvas\u00e1si id\u0151\" \/>\n\t<meta name=\"twitter:data2\" content=\"2 perc\" \/>\n<script type=\"application\/ld+json\" class=\"yoast-schema-graph\">{\"@context\":\"https:\\\/\\\/schema.org\",\"@graph\":[{\"@type\":\"Article\",\"@id\":\"https:\\\/\\\/hotnewsinworld.com\\\/hu\\\/elismereseket-adtak-at-a-demografiai-konferencian\\\/#article\",\"isPartOf\":{\"@id\":\"https:\\\/\\\/hotnewsinworld.com\\\/hu\\\/elismereseket-adtak-at-a-demografiai-konferencian\\\/\"},\"author\":{\"name\":\"hotnewsinworld\",\"@id\":\"https:\\\/\\\/hotnewsinworld.com\\\/hu\\\/#\\\/schema\\\/person\\\/fe61448b21c0d59086e75fcc1f9d8f6b\"},\"headline\":\"Elismer\u00e9seket adtak \u00e1t a Demogr\u00e1fiai konferenci\u00e1n\",\"datePublished\":\"2019-09-06T17:19:01+00:00\",\"dateModified\":\"2019-09-06T17:19:02+00:00\",\"mainEntityOfPage\":{\"@id\":\"https:\\\/\\\/hotnewsinworld.com\\\/hu\\\/elismereseket-adtak-at-a-demografiai-konferencian\\\/\"},\"wordCount\":467,\"commentCount\":0,\"image\":{\"@id\":\"https:\\\/\\\/hotnewsinworld.com\\\/hu\\\/elismereseket-adtak-at-a-demografiai-konferencian\\\/#primaryimage\"},\"thumbnailUrl\":\"https:\\\/\\\/hotnewsinworld.com\\\/hu\\\/wp-content\\\/uploads\\\/sites\\\/3\\\/2019\\\/06\\\/Hidv\u00e9ghi-Bal\u00e1zs-A-Fidesz-kezdem\u00e9nyezni-fogja-a-migr\u00e1nsk\u00e1rty\u00e1k-megsz\u00fcntet\u00e9s\u00e9t.png\",\"articleSection\":[\"LEG\u00daJABB P\u00c9NZ\u00dcGYI H\u00cdREK\"],\"inLanguage\":\"hu\",\"potentialAction\":[{\"@type\":\"CommentAction\",\"name\":\"Comment\",\"target\":[\"https:\\\/\\\/hotnewsinworld.com\\\/hu\\\/elismereseket-adtak-at-a-demografiai-konferencian\\\/#respond\"]}]},{\"@type\":\"WebPage\",\"@id\":\"https:\\\/\\\/hotnewsinworld.com\\\/hu\\\/elismereseket-adtak-at-a-demografiai-konferencian\\\/\",\"url\":\"https:\\\/\\\/hotnewsinworld.com\\\/hu\\\/elismereseket-adtak-at-a-demografiai-konferencian\\\/\",\"name\":\"Elismer\u00e9seket adtak \u00e1t a Demogr\u00e1fiai konferenci\u00e1n - Hot News in World\",\"isPartOf\":{\"@id\":\"https:\\\/\\\/hotnewsinworld.com\\\/hu\\\/#website\"},\"primaryImageOfPage\":{\"@id\":\"https:\\\/\\\/hotnewsinworld.com\\\/hu\\\/elismereseket-adtak-at-a-demografiai-konferencian\\\/#primaryimage\"},\"image\":{\"@id\":\"https:\\\/\\\/hotnewsinworld.com\\\/hu\\\/elismereseket-adtak-at-a-demografiai-konferencian\\\/#primaryimage\"},\"thumbnailUrl\":\"https:\\\/\\\/hotnewsinworld.com\\\/hu\\\/wp-content\\\/uploads\\\/sites\\\/3\\\/2019\\\/06\\\/Hidv\u00e9ghi-Bal\u00e1zs-A-Fidesz-kezdem\u00e9nyezni-fogja-a-migr\u00e1nsk\u00e1rty\u00e1k-megsz\u00fcntet\u00e9s\u00e9t.png\",\"datePublished\":\"2019-09-06T17:19:01+00:00\",\"dateModified\":\"2019-09-06T17:19:02+00:00\",\"author\":{\"@id\":\"https:\\\/\\\/hotnewsinworld.com\\\/hu\\\/#\\\/schema\\\/person\\\/fe61448b21c0d59086e75fcc1f9d8f6b\"},\"breadcrumb\":{\"@id\":\"https:\\\/\\\/hotnewsinworld.com\\\/hu\\\/elismereseket-adtak-at-a-demografiai-konferencian\\\/#breadcrumb\"},\"inLanguage\":\"hu\",\"potentialAction\":[{\"@type\":\"ReadAction\",\"target\":[\"https:\\\/\\\/hotnewsinworld.com\\\/hu\\\/elismereseket-adtak-at-a-demografiai-konferencian\\\/\"]}]},{\"@type\":\"ImageObject\",\"inLanguage\":\"hu\",\"@id\":\"https:\\\/\\\/hotnewsinworld.com\\\/hu\\\/elismereseket-adtak-at-a-demografiai-konferencian\\\/#primaryimage\",\"url\":\"https:\\\/\\\/hotnewsinworld.com\\\/hu\\\/wp-content\\\/uploads\\\/sites\\\/3\\\/2019\\\/06\\\/Hidv\u00e9ghi-Bal\u00e1zs-A-Fidesz-kezdem\u00e9nyezni-fogja-a-migr\u00e1nsk\u00e1rty\u00e1k-megsz\u00fcntet\u00e9s\u00e9t.png\",\"contentUrl\":\"https:\\\/\\\/hotnewsinworld.com\\\/hu\\\/wp-content\\\/uploads\\\/sites\\\/3\\\/2019\\\/06\\\/Hidv\u00e9ghi-Bal\u00e1zs-A-Fidesz-kezdem\u00e9nyezni-fogja-a-migr\u00e1nsk\u00e1rty\u00e1k-megsz\u00fcntet\u00e9s\u00e9t.png\",\"width\":1200,\"height\":630,\"caption\":\"Hidv\u00e9ghi Bal\u00e1zs: A Fidesz kezdem\u00e9nyezni fogja a migr\u00e1nsk\u00e1rty\u00e1k megsz\u00fcntet\u00e9s\u00e9t\"},{\"@type\":\"BreadcrumbList\",\"@id\":\"https:\\\/\\\/hotnewsinworld.com\\\/hu\\\/elismereseket-adtak-at-a-demografiai-konferencian\\\/#breadcrumb\",\"itemListElement\":[{\"@type\":\"ListItem\",\"position\":1,\"name\":\"\u0413\u043b\u0430\u0432\u043d\u0430\u044f \u0441\u0442\u0440\u0430\u043d\u0438\u0446\u0430\",\"item\":\"https:\\\/\\\/hotnewsinworld.com\\\/hu\\\/\"},{\"@type\":\"ListItem\",\"position\":2,\"name\":\"Elismer\u00e9seket adtak \u00e1t a Demogr\u00e1fiai konferenci\u00e1n\"}]},{\"@type\":\"WebSite\",\"@id\":\"https:\\\/\\\/hotnewsinworld.com\\\/hu\\\/#website\",\"url\":\"https:\\\/\\\/hotnewsinworld.com\\\/hu\\\/\",\"name\":\"Hot News in World\",\"description\":\"Hot News in World from Hungary\",\"potentialAction\":[{\"@type\":\"SearchAction\",\"target\":{\"@type\":\"EntryPoint\",\"urlTemplate\":\"https:\\\/\\\/hotnewsinworld.com\\\/hu\\\/?s={search_term_string}\"},\"query-input\":{\"@type\":\"PropertyValueSpecification\",\"valueRequired\":true,\"valueName\":\"search_term_string\"}}],\"inLanguage\":\"hu\"},{\"@type\":\"Person\",\"@id\":\"https:\\\/\\\/hotnewsinworld.com\\\/hu\\\/#\\\/schema\\\/person\\\/fe61448b21c0d59086e75fcc1f9d8f6b\",\"name\":\"hotnewsinworld\",\"image\":{\"@type\":\"ImageObject\",\"inLanguage\":\"hu\",\"@id\":\"https:\\\/\\\/secure.gravatar.com\\\/avatar\\\/8a09ac165600ce2e1c38fe593c63928eb1e6e7ba5c5a907d67787c41b3d00c14?s=96&d=mm&r=g\",\"url\":\"https:\\\/\\\/secure.gravatar.com\\\/avatar\\\/8a09ac165600ce2e1c38fe593c63928eb1e6e7ba5c5a907d67787c41b3d00c14?s=96&d=mm&r=g\",\"contentUrl\":\"https:\\\/\\\/secure.gravatar.com\\\/avatar\\\/8a09ac165600ce2e1c38fe593c63928eb1e6e7ba5c5a907d67787c41b3d00c14?s=96&d=mm&r=g\",\"caption\":\"hotnewsinworld\"},\"url\":\"https:\\\/\\\/hotnewsinworld.com\\\/hu\\\/author\\\/pt\\\/\"}]}<\/script>\n<!-- \/ Yoast SEO plugin. -->","yoast_head_json":{"title":"Elismer\u00e9seket adtak \u00e1t a Demogr\u00e1fiai konferenci\u00e1n - Hot News in World","robots":{"index":"index","follow":"follow","max-snippet":"max-snippet:-1","max-image-preview":"max-image-preview:large","max-video-preview":"max-video-preview:-1"},"canonical":"https:\/\/hotnewsinworld.com\/hu\/elismereseket-adtak-at-a-demografiai-konferencian\/","og_locale":"hu_HU","og_type":"article","og_title":"Elismer\u00e9seket adtak \u00e1t a Demogr\u00e1fiai konferenci\u00e1n - Hot News in World","og_description":"A cikk emailben t\u00f6rt\u00e9n\u0151 elk\u00fcld\u00e9s\u00e9hez kattintson ide, vagy m\u00e1solja le \u00e9s k\u00fcldje el ezt a linket: https:\/\/magyarnemzet.hu\/belfold\/elismereseket-adtak-at-a-demografiai-konferencian-7279772\/ 2019. szeptember 6. p\u00e9ntek 19:04 A csal\u00e1d a legterm\u00e9szetesebb t\u00e1rsadalmi forma, a politik\u00e1nak pedig tisztelnie kell ezt, nem kir\u00e1ngatnia az embereket ebb\u0151l az egy\u00fctt\u00e9l\u00e9si m\u00f3db\u00f3l \u2013 mondta az Emberi Er\u0151forr\u00e1sok Miniszt\u00e9rium\u00e1nak parlamenti \u00e1llamtitk\u00e1ra a III. Budapesti Demogr\u00e1fiai Cs\u00facs [&hellip;]","og_url":"https:\/\/hotnewsinworld.com\/hu\/elismereseket-adtak-at-a-demografiai-konferencian\/","og_site_name":"Hot News in World","article_published_time":"2019-09-06T17:19:01+00:00","article_modified_time":"2019-09-06T17:19:02+00:00","og_image":[{"width":1200,"height":630,"url":"https:\/\/hotnewsinworld.com\/hu\/wp-content\/uploads\/sites\/3\/2019\/06\/Hidv\u00e9ghi-Bal\u00e1zs-A-Fidesz-kezdem\u00e9nyezni-fogja-a-migr\u00e1nsk\u00e1rty\u00e1k-megsz\u00fcntet\u00e9s\u00e9t.png","type":"image\/png"}],"author":"hotnewsinworld","twitter_card":"summary_large_image","twitter_misc":{"Szerz\u0151:":"hotnewsinworld","Becs\u00fclt olvas\u00e1si id\u0151":"2 perc"},"schema":{"@context":"https:\/\/schema.org","@graph":[{"@type":"Article","@id":"https:\/\/hotnewsinworld.com\/hu\/elismereseket-adtak-at-a-demografiai-konferencian\/#article","isPartOf":{"@id":"https:\/\/hotnewsinworld.com\/hu\/elismereseket-adtak-at-a-demografiai-konferencian\/"},"author":{"name":"hotnewsinworld","@id":"https:\/\/hotnewsinworld.com\/hu\/#\/schema\/person\/fe61448b21c0d59086e75fcc1f9d8f6b"},"headline":"Elismer\u00e9seket adtak \u00e1t a Demogr\u00e1fiai konferenci\u00e1n","datePublished":"2019-09-06T17:19:01+00:00","dateModified":"2019-09-06T17:19:02+00:00","mainEntityOfPage":{"@id":"https:\/\/hotnewsinworld.com\/hu\/elismereseket-adtak-at-a-demografiai-konferencian\/"},"wordCount":467,"commentCount":0,"image":{"@id":"https:\/\/hotnewsinworld.com\/hu\/elismereseket-adtak-at-a-demografiai-konferencian\/#primaryimage"},"thumbnailUrl":"https:\/\/hotnewsinworld.com\/hu\/wp-content\/uploads\/sites\/3\/2019\/06\/Hidv\u00e9ghi-Bal\u00e1zs-A-Fidesz-kezdem\u00e9nyezni-fogja-a-migr\u00e1nsk\u00e1rty\u00e1k-megsz\u00fcntet\u00e9s\u00e9t.png","articleSection":["LEG\u00daJABB P\u00c9NZ\u00dcGYI H\u00cdREK"],"inLanguage":"hu","potentialAction":[{"@type":"CommentAction","name":"Comment","target":["https:\/\/hotnewsinworld.com\/hu\/elismereseket-adtak-at-a-demografiai-konferencian\/#respond"]}]},{"@type":"WebPage","@id":"https:\/\/hotnewsinworld.com\/hu\/elismereseket-adtak-at-a-demografiai-konferencian\/","url":"https:\/\/hotnewsinworld.com\/hu\/elismereseket-adtak-at-a-demografiai-konferencian\/","name":"Elismer\u00e9seket adtak \u00e1t a Demogr\u00e1fiai konferenci\u00e1n - Hot News in World","isPartOf":{"@id":"https:\/\/hotnewsinworld.com\/hu\/#website"},"primaryImageOfPage":{"@id":"https:\/\/hotnewsinworld.com\/hu\/elismereseket-adtak-at-a-demografiai-konferencian\/#primaryimage"},"image":{"@id":"https:\/\/hotnewsinworld.com\/hu\/elismereseket-adtak-at-a-demografiai-konferencian\/#primaryimage"},"thumbnailUrl":"https:\/\/hotnewsinworld.com\/hu\/wp-content\/uploads\/sites\/3\/2019\/06\/Hidv\u00e9ghi-Bal\u00e1zs-A-Fidesz-kezdem\u00e9nyezni-fogja-a-migr\u00e1nsk\u00e1rty\u00e1k-megsz\u00fcntet\u00e9s\u00e9t.png","datePublished":"2019-09-06T17:19:01+00:00","dateModified":"2019-09-06T17:19:02+00:00","author":{"@id":"https:\/\/hotnewsinworld.com\/hu\/#\/schema\/person\/fe61448b21c0d59086e75fcc1f9d8f6b"},"breadcrumb":{"@id":"https:\/\/hotnewsinworld.com\/hu\/elismereseket-adtak-at-a-demografiai-konferencian\/#breadcrumb"},"inLanguage":"hu","potentialAction":[{"@type":"ReadAction","target":["https:\/\/hotnewsinworld.com\/hu\/elismereseket-adtak-at-a-demografiai-konferencian\/"]}]},{"@type":"ImageObject","inLanguage":"hu","@id":"https:\/\/hotnewsinworld.com\/hu\/elismereseket-adtak-at-a-demografiai-konferencian\/#primaryimage","url":"https:\/\/hotnewsinworld.com\/hu\/wp-content\/uploads\/sites\/3\/2019\/06\/Hidv\u00e9ghi-Bal\u00e1zs-A-Fidesz-kezdem\u00e9nyezni-fogja-a-migr\u00e1nsk\u00e1rty\u00e1k-megsz\u00fcntet\u00e9s\u00e9t.png","contentUrl":"https:\/\/hotnewsinworld.com\/hu\/wp-content\/uploads\/sites\/3\/2019\/06\/Hidv\u00e9ghi-Bal\u00e1zs-A-Fidesz-kezdem\u00e9nyezni-fogja-a-migr\u00e1nsk\u00e1rty\u00e1k-megsz\u00fcntet\u00e9s\u00e9t.png","width":1200,"height":630,"caption":"Hidv\u00e9ghi Bal\u00e1zs: A Fidesz kezdem\u00e9nyezni fogja a migr\u00e1nsk\u00e1rty\u00e1k megsz\u00fcntet\u00e9s\u00e9t"},{"@type":"BreadcrumbList","@id":"https:\/\/hotnewsinworld.com\/hu\/elismereseket-adtak-at-a-demografiai-konferencian\/#breadcrumb","itemListElement":[{"@type":"ListItem","position":1,"name":"\u0413\u043b\u0430\u0432\u043d\u0430\u044f \u0441\u0442\u0440\u0430\u043d\u0438\u0446\u0430","item":"https:\/\/hotnewsinworld.com\/hu\/"},{"@type":"ListItem","position":2,"name":"Elismer\u00e9seket adtak \u00e1t a Demogr\u00e1fiai konferenci\u00e1n"}]},{"@type":"WebSite","@id":"https:\/\/hotnewsinworld.com\/hu\/#website","url":"https:\/\/hotnewsinworld.com\/hu\/","name":"Hot News in World","description":"Hot News in World from Hungary","potentialAction":[{"@type":"SearchAction","target":{"@type":"EntryPoint","urlTemplate":"https:\/\/hotnewsinworld.com\/hu\/?s={search_term_string}"},"query-input":{"@type":"PropertyValueSpecification","valueRequired":true,"valueName":"search_term_string"}}],"inLanguage":"hu"},{"@type":"Person","@id":"https:\/\/hotnewsinworld.com\/hu\/#\/schema\/person\/fe61448b21c0d59086e75fcc1f9d8f6b","name":"hotnewsinworld","image":{"@type":"ImageObject","inLanguage":"hu","@id":"https:\/\/secure.gravatar.com\/avatar\/8a09ac165600ce2e1c38fe593c63928eb1e6e7ba5c5a907d67787c41b3d00c14?s=96&d=mm&r=g","url":"https:\/\/secure.gravatar.com\/avatar\/8a09ac165600ce2e1c38fe593c63928eb1e6e7ba5c5a907d67787c41b3d00c14?s=96&d=mm&r=g","contentUrl":"https:\/\/secure.gravatar.com\/avatar\/8a09ac165600ce2e1c38fe593c63928eb1e6e7ba5c5a907d67787c41b3d00c14?s=96&d=mm&r=g","caption":"hotnewsinworld"},"url":"https:\/\/hotnewsinworld.com\/hu\/author\/pt\/"}]}},"_links":{"self":[{"href":"https:\/\/hotnewsinworld.com\/hu\/wp-json\/wp\/v2\/posts\/1711","targetHints":{"allow":["GET"]}}],"collection":[{"href":"https:\/\/hotnewsinworld.com\/hu\/wp-json\/wp\/v2\/posts"}],"about":[{"href":"https:\/\/hotnewsinworld.com\/hu\/wp-json\/wp\/v2\/types\/post"}],"author":[{"embeddable":true,"href":"https:\/\/hotnewsinworld.com\/hu\/wp-json\/wp\/v2\/users\/2"}],"replies":[{"embeddable":true,"href":"https:\/\/hotnewsinworld.com\/hu\/wp-json\/wp\/v2\/comments?post=1711"}],"version-history":[{"count":1,"href":"https:\/\/hotnewsinworld.com\/hu\/wp-json\/wp\/v2\/posts\/1711\/revisions"}],"predecessor-version":[{"id":1712,"href":"https:\/\/hotnewsinworld.com\/hu\/wp-json\/wp\/v2\/posts\/1711\/revisions\/1712"}],"wp:featuredmedia":[{"embeddable":true,"href":"https:\/\/hotnewsinworld.com\/hu\/wp-json\/wp\/v2\/media\/199"}],"wp:attachment":[{"href":"https:\/\/hotnewsinworld.com\/hu\/wp-json\/wp\/v2\/media?parent=1711"}],"wp:term":[{"taxonomy":"category","embeddable":true,"href":"https:\/\/hotnewsinworld.com\/hu\/wp-json\/wp\/v2\/categories?post=1711"},{"taxonomy":"post_tag","embeddable":true,"href":"https:\/\/hotnewsinworld.com\/hu\/wp-json\/wp\/v2\/tags?post=1711"}],"curies":[{"name":"wp","href":"https:\/\/api.w.org\/{rel}","templated":true}]}}