{"id":1713,"date":"2019-09-06T21:43:56","date_gmt":"2019-09-06T18:43:56","guid":{"rendered":"https:\/\/hotnewsinworld.com\/hu\/magyarorszag-tovabbra-is-az-elsok-kozott-gdp-novekedesben\/"},"modified":"2019-09-06T21:43:57","modified_gmt":"2019-09-06T18:43:57","slug":"magyarorszag-tovabbra-is-az-elsok-kozott-gdp-novekedesben","status":"publish","type":"post","link":"https:\/\/hotnewsinworld.com\/hu\/magyarorszag-tovabbra-is-az-elsok-kozott-gdp-novekedesben\/","title":{"rendered":"Magyarorsz\u00e1g tov\u00e1bbra is az els\u0151k k\u00f6z\u00f6tt GDP-n\u00f6veked\u00e9sben"},"content":{"rendered":"<p>2019. szeptember 6. 20:12<\/p>\n<p>\n                            Legfeljebb az \u00edr gazdas\u00e1g ker\u00fclhet el\u00e9nk az EU-ban.\n                        <\/p>\n<div>\n<p>M\u00e9g mindig \u00e9llovas Magyarorsz\u00e1g az Eur\u00f3pai Uni\u00f3 tag\u00e1llamai k\u00f6zt\u00a0a GDP-n\u00f6veked\u00e9s tekintet\u00e9ben, az uni\u00f3s statisztikai hivatal, az Eurostat \u00e1ltal ma nyilv\u00e1noss\u00e1gra hozott friss negyed\u00e9ves adatok alapj\u00e1n,\u00a0b\u00e1r a m\u00e1ltai \u00e9s \u00edr adat v\u00e1rat mag\u00e1ra. \u2013 k\u00f6z\u00f6lte a Portfolio.\u00a0A port\u00e1l szerint\u00a0az Eurostat az eur\u00f3z\u00f3na \u00e9s az EU 28 tag\u00e1llam\u00e1nak az el\u0151z\u0151 \u00e9v hasonl\u00f3 id\u0151szak\u00e1hoz k\u00e9pest m\u00e9rt adatait csup\u00e1n minim\u00e1lisan v\u00e1ltoztatta meg.<\/p>\n<p>A fel\u00fclvizsg\u00e1lt m\u00e1sodik negyed\u00e9ves GDP n\u00f6veked\u00e9si adatait adta ki az Eurostat p\u00e9nteken. Az statisztikai int\u00e9zm\u00e9ny helyben hagyta, hogy mind a 28 tag\u00e1llamb\u00f3l \u00e1ll\u00f3 gazdas\u00e1gi uni\u00f3, mind a 19 tagb\u00f3l \u00e1ll\u00f3 monet\u00e1ris uni\u00f3 0,2%-kal n\u0151tt az el\u0151z\u0151 negyed\u00e9vhez k\u00e9pest. Az el\u0151z\u0151 \u00e9v hasonl\u00f3 id\u0151szak\u00e1hoz k\u00e9pest m\u00e9rt negyed\u00e9ves GDP adatokat az eur\u00f3z\u00f3na tekintet\u00e9ben 1,1%-r\u00f3l 1,2%-ra v\u00e1ltoztatta, m\u00edg az EU 28 tag\u00e1llamok tekintet\u00e9ben az el\u0151zetes 1,3%-os n\u00f6veked\u00e9st 1,4%-ra m\u00f3dos\u00edtotta.<\/p>\n<p>A fel\u00fclvizsg\u00e1lat adatokb\u00f3l most se der\u00fclt ki minden tag\u00e1llam adata, de \u00edgy sem kell k\u00fcl\u00f6n\u00f6sebben agg\u00f3dnunk. A k\u00e9s\u0151bbi friss\u00edt\u00e9sek ut\u00e1n legfeljebb az \u00edr gazdas\u00e1g ker\u00fclhet el\u00e9nk, mely az els\u0151 negyed\u00e9vben 6,3%-kal n\u0151tt, ha nem h\u00fazta be nagyon a f\u00e9ket, akkor j\u00f3 es\u00e9llyel el\u0151tt\u00fcnk lesz majd v\u00e9g\u00fcl. A m\u00e1ltai GDP az \u00e9v elej\u00e9n 4,8%-os n\u00f6veked\u00e9st mutatott, vagyis nekik m\u00e1r gyorsulni kellene ahhoz, hogy az els\u0151 helyr\u0151l letasz\u00edtsanak. Negyed\u00e9ves alapon \u00cdrorsz\u00e1g 2,4%-kal n\u0151tt az \u00e9v elej\u00e9n, \u0151k ebben is el\u00e9nk ker\u00fclhetnek m\u00e9g.<\/p>\n<p>(Eurostat\/Portfolio)<br \/>&#13;<br \/>\n\u00a0<\/p>\n<\/p><\/div>\n<p><script>(function (d, s, id) {\n        var js, fjs = d.getElementsByTagName(s)[0];\n        if (d.getElementById(id)) return;\n        js = d.createElement(s);\n        js.id = id;\n        js.src = 'https:\/\/connect.facebook.net\/hu_HU\/sdk.js#xfbml=1&version=v3.0&appId=279311132096749&autoLogAppEvents=1';\n        fjs.parentNode.insertBefore(js, fjs);\n    }(document, 'script', 'facebook-jssdk'));<\/script><script>\n    !function (f, b, e, v, n, t, s) {\n        if (f.fbq) return;\n        n = f.fbq = function () {\n            n.callMethod ?\n                n.callMethod.apply(n, arguments) : n.queue.push(arguments)\n        };\n        if (!f._fbq) f._fbq = n;\n        n.push = n;\n        n.loaded = !0;\n        n.version = '2.0';\n        n.queue = [];\n        t = b.createElement(e);\n        t.async = !0;\n        t.src = v;\n        s = b.getElementsByTagName(e)[0];\n        s.parentNode.insertBefore(t, s)\n    }(window, document, 'script',\n        'https:\/\/connect.facebook.net\/en_US\/fbevents.js');\n    fbq('init', '477066539334141');\n    fbq('track', 'PageView');<\/p>\n<p>    <\/script><br \/>\n<br \/>\n<!--noindex--><br \/>\n<a href=\"https:\/\/hirek.oldal.info\/rssclick\/14376139\" rel=\"nofollow\">Source link <\/a><br \/>\n<!--\/noindex--><\/p>\n","protected":false},"excerpt":{"rendered":"<p>2019. szeptember 6. 20:12 Legfeljebb az \u00edr gazdas\u00e1g ker\u00fclhet el\u00e9nk az EU-ban. M\u00e9g mindig \u00e9llovas Magyarorsz\u00e1g az Eur\u00f3pai Uni\u00f3 tag\u00e1llamai k\u00f6zt\u00a0a GDP-n\u00f6veked\u00e9s tekintet\u00e9ben, az uni\u00f3s statisztikai hivatal, az Eurostat \u00e1ltal ma nyilv\u00e1noss\u00e1gra hozott friss negyed\u00e9ves adatok alapj\u00e1n,\u00a0b\u00e1r a m\u00e1ltai \u00e9s \u00edr adat v\u00e1rat mag\u00e1ra. \u2013 k\u00f6z\u00f6lte a Portfolio.\u00a0A port\u00e1l szerint\u00a0az Eurostat az eur\u00f3z\u00f3na \u00e9s az [&hellip;]<\/p>\n","protected":false},"author":2,"featured_media":1714,"comment_status":"open","ping_status":"open","sticky":false,"template":"","format":"standard","meta":{"footnotes":""},"categories":[1],"tags":[],"class_list":["post-1713","post","type-post","status-publish","format-standard","has-post-thumbnail","hentry","category-legujabb-penzugyi-hirek"],"yoast_head":"<!-- This site is optimized with the Yoast SEO plugin v27.4 - https:\/\/yoast.com\/product\/yoast-seo-wordpress\/ -->\n<title>Magyarorsz\u00e1g tov\u00e1bbra is az els\u0151k k\u00f6z\u00f6tt GDP-n\u00f6veked\u00e9sben - Hot News in World<\/title>\n<meta name=\"robots\" content=\"index, follow, max-snippet:-1, max-image-preview:large, max-video-preview:-1\" \/>\n<link rel=\"canonical\" href=\"https:\/\/hotnewsinworld.com\/hu\/magyarorszag-tovabbra-is-az-elsok-kozott-gdp-novekedesben\/\" \/>\n<meta property=\"og:locale\" content=\"hu_HU\" \/>\n<meta property=\"og:type\" content=\"article\" \/>\n<meta property=\"og:title\" content=\"Magyarorsz\u00e1g tov\u00e1bbra is az els\u0151k k\u00f6z\u00f6tt GDP-n\u00f6veked\u00e9sben - Hot News in World\" \/>\n<meta property=\"og:description\" content=\"2019. szeptember 6. 20:12 Legfeljebb az \u00edr gazdas\u00e1g ker\u00fclhet el\u00e9nk az EU-ban. M\u00e9g mindig \u00e9llovas Magyarorsz\u00e1g az Eur\u00f3pai Uni\u00f3 tag\u00e1llamai k\u00f6zt\u00a0a GDP-n\u00f6veked\u00e9s tekintet\u00e9ben, az uni\u00f3s statisztikai hivatal, az Eurostat \u00e1ltal ma nyilv\u00e1noss\u00e1gra hozott friss negyed\u00e9ves adatok alapj\u00e1n,\u00a0b\u00e1r a m\u00e1ltai \u00e9s \u00edr adat v\u00e1rat mag\u00e1ra. \u2013 k\u00f6z\u00f6lte a Portfolio.\u00a0A port\u00e1l szerint\u00a0az Eurostat az eur\u00f3z\u00f3na \u00e9s az [&hellip;]\" \/>\n<meta property=\"og:url\" content=\"https:\/\/hotnewsinworld.com\/hu\/magyarorszag-tovabbra-is-az-elsok-kozott-gdp-novekedesben\/\" \/>\n<meta property=\"og:site_name\" content=\"Hot News in World\" \/>\n<meta property=\"article:published_time\" content=\"2019-09-06T18:43:56+00:00\" \/>\n<meta property=\"article:modified_time\" content=\"2019-09-06T18:43:57+00:00\" \/>\n<meta property=\"og:image\" content=\"https:\/\/hotnewsinworld.com\/hu\/wp-content\/uploads\/sites\/3\/2019\/09\/Magyarorsz\u00e1g-tov\u00e1bbra-is-az-els\u0151k-k\u00f6z\u00f6tt-GDP-n\u00f6veked\u00e9sben.png\" \/>\n\t<meta property=\"og:image:width\" content=\"630\" \/>\n\t<meta property=\"og:image:height\" content=\"630\" \/>\n\t<meta property=\"og:image:type\" content=\"image\/png\" \/>\n<meta name=\"author\" content=\"hotnewsinworld\" \/>\n<meta name=\"twitter:card\" content=\"summary_large_image\" \/>\n<meta name=\"twitter:label1\" content=\"Szerz\u0151:\" \/>\n\t<meta name=\"twitter:data1\" content=\"hotnewsinworld\" \/>\n\t<meta name=\"twitter:label2\" content=\"Becs\u00fclt olvas\u00e1si id\u0151\" \/>\n\t<meta name=\"twitter:data2\" content=\"2 perc\" \/>\n<script type=\"application\/ld+json\" class=\"yoast-schema-graph\">{\"@context\":\"https:\\\/\\\/schema.org\",\"@graph\":[{\"@type\":\"Article\",\"@id\":\"https:\\\/\\\/hotnewsinworld.com\\\/hu\\\/magyarorszag-tovabbra-is-az-elsok-kozott-gdp-novekedesben\\\/#article\",\"isPartOf\":{\"@id\":\"https:\\\/\\\/hotnewsinworld.com\\\/hu\\\/magyarorszag-tovabbra-is-az-elsok-kozott-gdp-novekedesben\\\/\"},\"author\":{\"name\":\"hotnewsinworld\",\"@id\":\"https:\\\/\\\/hotnewsinworld.com\\\/hu\\\/#\\\/schema\\\/person\\\/fe61448b21c0d59086e75fcc1f9d8f6b\"},\"headline\":\"Magyarorsz\u00e1g tov\u00e1bbra is az els\u0151k k\u00f6z\u00f6tt GDP-n\u00f6veked\u00e9sben\",\"datePublished\":\"2019-09-06T18:43:56+00:00\",\"dateModified\":\"2019-09-06T18:43:57+00:00\",\"mainEntityOfPage\":{\"@id\":\"https:\\\/\\\/hotnewsinworld.com\\\/hu\\\/magyarorszag-tovabbra-is-az-elsok-kozott-gdp-novekedesben\\\/\"},\"wordCount\":342,\"commentCount\":0,\"image\":{\"@id\":\"https:\\\/\\\/hotnewsinworld.com\\\/hu\\\/magyarorszag-tovabbra-is-az-elsok-kozott-gdp-novekedesben\\\/#primaryimage\"},\"thumbnailUrl\":\"https:\\\/\\\/hotnewsinworld.com\\\/hu\\\/wp-content\\\/uploads\\\/sites\\\/3\\\/2019\\\/09\\\/Magyarorsz\u00e1g-tov\u00e1bbra-is-az-els\u0151k-k\u00f6z\u00f6tt-GDP-n\u00f6veked\u00e9sben.png\",\"articleSection\":[\"LEG\u00daJABB P\u00c9NZ\u00dcGYI H\u00cdREK\"],\"inLanguage\":\"hu\",\"potentialAction\":[{\"@type\":\"CommentAction\",\"name\":\"Comment\",\"target\":[\"https:\\\/\\\/hotnewsinworld.com\\\/hu\\\/magyarorszag-tovabbra-is-az-elsok-kozott-gdp-novekedesben\\\/#respond\"]}]},{\"@type\":\"WebPage\",\"@id\":\"https:\\\/\\\/hotnewsinworld.com\\\/hu\\\/magyarorszag-tovabbra-is-az-elsok-kozott-gdp-novekedesben\\\/\",\"url\":\"https:\\\/\\\/hotnewsinworld.com\\\/hu\\\/magyarorszag-tovabbra-is-az-elsok-kozott-gdp-novekedesben\\\/\",\"name\":\"Magyarorsz\u00e1g tov\u00e1bbra is az els\u0151k k\u00f6z\u00f6tt GDP-n\u00f6veked\u00e9sben - Hot News in World\",\"isPartOf\":{\"@id\":\"https:\\\/\\\/hotnewsinworld.com\\\/hu\\\/#website\"},\"primaryImageOfPage\":{\"@id\":\"https:\\\/\\\/hotnewsinworld.com\\\/hu\\\/magyarorszag-tovabbra-is-az-elsok-kozott-gdp-novekedesben\\\/#primaryimage\"},\"image\":{\"@id\":\"https:\\\/\\\/hotnewsinworld.com\\\/hu\\\/magyarorszag-tovabbra-is-az-elsok-kozott-gdp-novekedesben\\\/#primaryimage\"},\"thumbnailUrl\":\"https:\\\/\\\/hotnewsinworld.com\\\/hu\\\/wp-content\\\/uploads\\\/sites\\\/3\\\/2019\\\/09\\\/Magyarorsz\u00e1g-tov\u00e1bbra-is-az-els\u0151k-k\u00f6z\u00f6tt-GDP-n\u00f6veked\u00e9sben.png\",\"datePublished\":\"2019-09-06T18:43:56+00:00\",\"dateModified\":\"2019-09-06T18:43:57+00:00\",\"author\":{\"@id\":\"https:\\\/\\\/hotnewsinworld.com\\\/hu\\\/#\\\/schema\\\/person\\\/fe61448b21c0d59086e75fcc1f9d8f6b\"},\"breadcrumb\":{\"@id\":\"https:\\\/\\\/hotnewsinworld.com\\\/hu\\\/magyarorszag-tovabbra-is-az-elsok-kozott-gdp-novekedesben\\\/#breadcrumb\"},\"inLanguage\":\"hu\",\"potentialAction\":[{\"@type\":\"ReadAction\",\"target\":[\"https:\\\/\\\/hotnewsinworld.com\\\/hu\\\/magyarorszag-tovabbra-is-az-elsok-kozott-gdp-novekedesben\\\/\"]}]},{\"@type\":\"ImageObject\",\"inLanguage\":\"hu\",\"@id\":\"https:\\\/\\\/hotnewsinworld.com\\\/hu\\\/magyarorszag-tovabbra-is-az-elsok-kozott-gdp-novekedesben\\\/#primaryimage\",\"url\":\"https:\\\/\\\/hotnewsinworld.com\\\/hu\\\/wp-content\\\/uploads\\\/sites\\\/3\\\/2019\\\/09\\\/Magyarorsz\u00e1g-tov\u00e1bbra-is-az-els\u0151k-k\u00f6z\u00f6tt-GDP-n\u00f6veked\u00e9sben.png\",\"contentUrl\":\"https:\\\/\\\/hotnewsinworld.com\\\/hu\\\/wp-content\\\/uploads\\\/sites\\\/3\\\/2019\\\/09\\\/Magyarorsz\u00e1g-tov\u00e1bbra-is-az-els\u0151k-k\u00f6z\u00f6tt-GDP-n\u00f6veked\u00e9sben.png\",\"width\":630,\"height\":630,\"caption\":\"Magyarorsz\u00e1g tov\u00e1bbra is az els\u0151k k\u00f6z\u00f6tt GDP-n\u00f6veked\u00e9sben\"},{\"@type\":\"BreadcrumbList\",\"@id\":\"https:\\\/\\\/hotnewsinworld.com\\\/hu\\\/magyarorszag-tovabbra-is-az-elsok-kozott-gdp-novekedesben\\\/#breadcrumb\",\"itemListElement\":[{\"@type\":\"ListItem\",\"position\":1,\"name\":\"\u0413\u043b\u0430\u0432\u043d\u0430\u044f \u0441\u0442\u0440\u0430\u043d\u0438\u0446\u0430\",\"item\":\"https:\\\/\\\/hotnewsinworld.com\\\/hu\\\/\"},{\"@type\":\"ListItem\",\"position\":2,\"name\":\"Magyarorsz\u00e1g tov\u00e1bbra is az els\u0151k k\u00f6z\u00f6tt GDP-n\u00f6veked\u00e9sben\"}]},{\"@type\":\"WebSite\",\"@id\":\"https:\\\/\\\/hotnewsinworld.com\\\/hu\\\/#website\",\"url\":\"https:\\\/\\\/hotnewsinworld.com\\\/hu\\\/\",\"name\":\"Hot News in World\",\"description\":\"Hot News in World from Hungary\",\"potentialAction\":[{\"@type\":\"SearchAction\",\"target\":{\"@type\":\"EntryPoint\",\"urlTemplate\":\"https:\\\/\\\/hotnewsinworld.com\\\/hu\\\/?s={search_term_string}\"},\"query-input\":{\"@type\":\"PropertyValueSpecification\",\"valueRequired\":true,\"valueName\":\"search_term_string\"}}],\"inLanguage\":\"hu\"},{\"@type\":\"Person\",\"@id\":\"https:\\\/\\\/hotnewsinworld.com\\\/hu\\\/#\\\/schema\\\/person\\\/fe61448b21c0d59086e75fcc1f9d8f6b\",\"name\":\"hotnewsinworld\",\"image\":{\"@type\":\"ImageObject\",\"inLanguage\":\"hu\",\"@id\":\"https:\\\/\\\/secure.gravatar.com\\\/avatar\\\/8a09ac165600ce2e1c38fe593c63928eb1e6e7ba5c5a907d67787c41b3d00c14?s=96&d=mm&r=g\",\"url\":\"https:\\\/\\\/secure.gravatar.com\\\/avatar\\\/8a09ac165600ce2e1c38fe593c63928eb1e6e7ba5c5a907d67787c41b3d00c14?s=96&d=mm&r=g\",\"contentUrl\":\"https:\\\/\\\/secure.gravatar.com\\\/avatar\\\/8a09ac165600ce2e1c38fe593c63928eb1e6e7ba5c5a907d67787c41b3d00c14?s=96&d=mm&r=g\",\"caption\":\"hotnewsinworld\"},\"url\":\"https:\\\/\\\/hotnewsinworld.com\\\/hu\\\/author\\\/pt\\\/\"}]}<\/script>\n<!-- \/ Yoast SEO plugin. -->","yoast_head_json":{"title":"Magyarorsz\u00e1g tov\u00e1bbra is az els\u0151k k\u00f6z\u00f6tt GDP-n\u00f6veked\u00e9sben - Hot News in World","robots":{"index":"index","follow":"follow","max-snippet":"max-snippet:-1","max-image-preview":"max-image-preview:large","max-video-preview":"max-video-preview:-1"},"canonical":"https:\/\/hotnewsinworld.com\/hu\/magyarorszag-tovabbra-is-az-elsok-kozott-gdp-novekedesben\/","og_locale":"hu_HU","og_type":"article","og_title":"Magyarorsz\u00e1g tov\u00e1bbra is az els\u0151k k\u00f6z\u00f6tt GDP-n\u00f6veked\u00e9sben - Hot News in World","og_description":"2019. szeptember 6. 20:12 Legfeljebb az \u00edr gazdas\u00e1g ker\u00fclhet el\u00e9nk az EU-ban. M\u00e9g mindig \u00e9llovas Magyarorsz\u00e1g az Eur\u00f3pai Uni\u00f3 tag\u00e1llamai k\u00f6zt\u00a0a GDP-n\u00f6veked\u00e9s tekintet\u00e9ben, az uni\u00f3s statisztikai hivatal, az Eurostat \u00e1ltal ma nyilv\u00e1noss\u00e1gra hozott friss negyed\u00e9ves adatok alapj\u00e1n,\u00a0b\u00e1r a m\u00e1ltai \u00e9s \u00edr adat v\u00e1rat mag\u00e1ra. \u2013 k\u00f6z\u00f6lte a Portfolio.\u00a0A port\u00e1l szerint\u00a0az Eurostat az eur\u00f3z\u00f3na \u00e9s az [&hellip;]","og_url":"https:\/\/hotnewsinworld.com\/hu\/magyarorszag-tovabbra-is-az-elsok-kozott-gdp-novekedesben\/","og_site_name":"Hot News in World","article_published_time":"2019-09-06T18:43:56+00:00","article_modified_time":"2019-09-06T18:43:57+00:00","og_image":[{"width":630,"height":630,"url":"https:\/\/hotnewsinworld.com\/hu\/wp-content\/uploads\/sites\/3\/2019\/09\/Magyarorsz\u00e1g-tov\u00e1bbra-is-az-els\u0151k-k\u00f6z\u00f6tt-GDP-n\u00f6veked\u00e9sben.png","type":"image\/png"}],"author":"hotnewsinworld","twitter_card":"summary_large_image","twitter_misc":{"Szerz\u0151:":"hotnewsinworld","Becs\u00fclt olvas\u00e1si id\u0151":"2 perc"},"schema":{"@context":"https:\/\/schema.org","@graph":[{"@type":"Article","@id":"https:\/\/hotnewsinworld.com\/hu\/magyarorszag-tovabbra-is-az-elsok-kozott-gdp-novekedesben\/#article","isPartOf":{"@id":"https:\/\/hotnewsinworld.com\/hu\/magyarorszag-tovabbra-is-az-elsok-kozott-gdp-novekedesben\/"},"author":{"name":"hotnewsinworld","@id":"https:\/\/hotnewsinworld.com\/hu\/#\/schema\/person\/fe61448b21c0d59086e75fcc1f9d8f6b"},"headline":"Magyarorsz\u00e1g tov\u00e1bbra is az els\u0151k k\u00f6z\u00f6tt GDP-n\u00f6veked\u00e9sben","datePublished":"2019-09-06T18:43:56+00:00","dateModified":"2019-09-06T18:43:57+00:00","mainEntityOfPage":{"@id":"https:\/\/hotnewsinworld.com\/hu\/magyarorszag-tovabbra-is-az-elsok-kozott-gdp-novekedesben\/"},"wordCount":342,"commentCount":0,"image":{"@id":"https:\/\/hotnewsinworld.com\/hu\/magyarorszag-tovabbra-is-az-elsok-kozott-gdp-novekedesben\/#primaryimage"},"thumbnailUrl":"https:\/\/hotnewsinworld.com\/hu\/wp-content\/uploads\/sites\/3\/2019\/09\/Magyarorsz\u00e1g-tov\u00e1bbra-is-az-els\u0151k-k\u00f6z\u00f6tt-GDP-n\u00f6veked\u00e9sben.png","articleSection":["LEG\u00daJABB P\u00c9NZ\u00dcGYI H\u00cdREK"],"inLanguage":"hu","potentialAction":[{"@type":"CommentAction","name":"Comment","target":["https:\/\/hotnewsinworld.com\/hu\/magyarorszag-tovabbra-is-az-elsok-kozott-gdp-novekedesben\/#respond"]}]},{"@type":"WebPage","@id":"https:\/\/hotnewsinworld.com\/hu\/magyarorszag-tovabbra-is-az-elsok-kozott-gdp-novekedesben\/","url":"https:\/\/hotnewsinworld.com\/hu\/magyarorszag-tovabbra-is-az-elsok-kozott-gdp-novekedesben\/","name":"Magyarorsz\u00e1g tov\u00e1bbra is az els\u0151k k\u00f6z\u00f6tt GDP-n\u00f6veked\u00e9sben - Hot News in World","isPartOf":{"@id":"https:\/\/hotnewsinworld.com\/hu\/#website"},"primaryImageOfPage":{"@id":"https:\/\/hotnewsinworld.com\/hu\/magyarorszag-tovabbra-is-az-elsok-kozott-gdp-novekedesben\/#primaryimage"},"image":{"@id":"https:\/\/hotnewsinworld.com\/hu\/magyarorszag-tovabbra-is-az-elsok-kozott-gdp-novekedesben\/#primaryimage"},"thumbnailUrl":"https:\/\/hotnewsinworld.com\/hu\/wp-content\/uploads\/sites\/3\/2019\/09\/Magyarorsz\u00e1g-tov\u00e1bbra-is-az-els\u0151k-k\u00f6z\u00f6tt-GDP-n\u00f6veked\u00e9sben.png","datePublished":"2019-09-06T18:43:56+00:00","dateModified":"2019-09-06T18:43:57+00:00","author":{"@id":"https:\/\/hotnewsinworld.com\/hu\/#\/schema\/person\/fe61448b21c0d59086e75fcc1f9d8f6b"},"breadcrumb":{"@id":"https:\/\/hotnewsinworld.com\/hu\/magyarorszag-tovabbra-is-az-elsok-kozott-gdp-novekedesben\/#breadcrumb"},"inLanguage":"hu","potentialAction":[{"@type":"ReadAction","target":["https:\/\/hotnewsinworld.com\/hu\/magyarorszag-tovabbra-is-az-elsok-kozott-gdp-novekedesben\/"]}]},{"@type":"ImageObject","inLanguage":"hu","@id":"https:\/\/hotnewsinworld.com\/hu\/magyarorszag-tovabbra-is-az-elsok-kozott-gdp-novekedesben\/#primaryimage","url":"https:\/\/hotnewsinworld.com\/hu\/wp-content\/uploads\/sites\/3\/2019\/09\/Magyarorsz\u00e1g-tov\u00e1bbra-is-az-els\u0151k-k\u00f6z\u00f6tt-GDP-n\u00f6veked\u00e9sben.png","contentUrl":"https:\/\/hotnewsinworld.com\/hu\/wp-content\/uploads\/sites\/3\/2019\/09\/Magyarorsz\u00e1g-tov\u00e1bbra-is-az-els\u0151k-k\u00f6z\u00f6tt-GDP-n\u00f6veked\u00e9sben.png","width":630,"height":630,"caption":"Magyarorsz\u00e1g tov\u00e1bbra is az els\u0151k k\u00f6z\u00f6tt GDP-n\u00f6veked\u00e9sben"},{"@type":"BreadcrumbList","@id":"https:\/\/hotnewsinworld.com\/hu\/magyarorszag-tovabbra-is-az-elsok-kozott-gdp-novekedesben\/#breadcrumb","itemListElement":[{"@type":"ListItem","position":1,"name":"\u0413\u043b\u0430\u0432\u043d\u0430\u044f \u0441\u0442\u0440\u0430\u043d\u0438\u0446\u0430","item":"https:\/\/hotnewsinworld.com\/hu\/"},{"@type":"ListItem","position":2,"name":"Magyarorsz\u00e1g tov\u00e1bbra is az els\u0151k k\u00f6z\u00f6tt GDP-n\u00f6veked\u00e9sben"}]},{"@type":"WebSite","@id":"https:\/\/hotnewsinworld.com\/hu\/#website","url":"https:\/\/hotnewsinworld.com\/hu\/","name":"Hot News in World","description":"Hot News in World from Hungary","potentialAction":[{"@type":"SearchAction","target":{"@type":"EntryPoint","urlTemplate":"https:\/\/hotnewsinworld.com\/hu\/?s={search_term_string}"},"query-input":{"@type":"PropertyValueSpecification","valueRequired":true,"valueName":"search_term_string"}}],"inLanguage":"hu"},{"@type":"Person","@id":"https:\/\/hotnewsinworld.com\/hu\/#\/schema\/person\/fe61448b21c0d59086e75fcc1f9d8f6b","name":"hotnewsinworld","image":{"@type":"ImageObject","inLanguage":"hu","@id":"https:\/\/secure.gravatar.com\/avatar\/8a09ac165600ce2e1c38fe593c63928eb1e6e7ba5c5a907d67787c41b3d00c14?s=96&d=mm&r=g","url":"https:\/\/secure.gravatar.com\/avatar\/8a09ac165600ce2e1c38fe593c63928eb1e6e7ba5c5a907d67787c41b3d00c14?s=96&d=mm&r=g","contentUrl":"https:\/\/secure.gravatar.com\/avatar\/8a09ac165600ce2e1c38fe593c63928eb1e6e7ba5c5a907d67787c41b3d00c14?s=96&d=mm&r=g","caption":"hotnewsinworld"},"url":"https:\/\/hotnewsinworld.com\/hu\/author\/pt\/"}]}},"_links":{"self":[{"href":"https:\/\/hotnewsinworld.com\/hu\/wp-json\/wp\/v2\/posts\/1713","targetHints":{"allow":["GET"]}}],"collection":[{"href":"https:\/\/hotnewsinworld.com\/hu\/wp-json\/wp\/v2\/posts"}],"about":[{"href":"https:\/\/hotnewsinworld.com\/hu\/wp-json\/wp\/v2\/types\/post"}],"author":[{"embeddable":true,"href":"https:\/\/hotnewsinworld.com\/hu\/wp-json\/wp\/v2\/users\/2"}],"replies":[{"embeddable":true,"href":"https:\/\/hotnewsinworld.com\/hu\/wp-json\/wp\/v2\/comments?post=1713"}],"version-history":[{"count":1,"href":"https:\/\/hotnewsinworld.com\/hu\/wp-json\/wp\/v2\/posts\/1713\/revisions"}],"predecessor-version":[{"id":1715,"href":"https:\/\/hotnewsinworld.com\/hu\/wp-json\/wp\/v2\/posts\/1713\/revisions\/1715"}],"wp:featuredmedia":[{"embeddable":true,"href":"https:\/\/hotnewsinworld.com\/hu\/wp-json\/wp\/v2\/media\/1714"}],"wp:attachment":[{"href":"https:\/\/hotnewsinworld.com\/hu\/wp-json\/wp\/v2\/media?parent=1713"}],"wp:term":[{"taxonomy":"category","embeddable":true,"href":"https:\/\/hotnewsinworld.com\/hu\/wp-json\/wp\/v2\/categories?post=1713"},{"taxonomy":"post_tag","embeddable":true,"href":"https:\/\/hotnewsinworld.com\/hu\/wp-json\/wp\/v2\/tags?post=1713"}],"curies":[{"name":"wp","href":"https:\/\/api.w.org\/{rel}","templated":true}]}}