{"id":1733,"date":"2019-09-07T07:14:27","date_gmt":"2019-09-07T04:14:27","guid":{"rendered":"https:\/\/hotnewsinworld.com\/hu\/az-ellenzek-pecs-kapujaban-tuke-gyozelmevel-terhet-vissza-a-magyar-moszkva\/"},"modified":"2019-09-07T07:14:29","modified_gmt":"2019-09-07T04:14:29","slug":"az-ellenzek-pecs-kapujaban-tuke-gyozelmevel-terhet-vissza-a-magyar-moszkva","status":"publish","type":"post","link":"https:\/\/hotnewsinworld.com\/hu\/az-ellenzek-pecs-kapujaban-tuke-gyozelmevel-terhet-vissza-a-magyar-moszkva\/","title":{"rendered":"Az ellenz\u00e9k P\u00e9cs kapuj\u00e1ban: t\u00fcke gy\u0151zelm\u00e9vel t\u00e9rhet vissza a magyar Moszkva"},"content":{"rendered":"<div>\n<p>Cs\u0151dbe vitt v\u00e1ros, sorozatos botr\u00e1nyok, teljes k\u00e1osz, majdnem teljes \u00f6sszefog\u00e1s. P\u00e9cs politikai v\u00e1ltoz\u00e1sair\u00f3l az ut\u00f3bbi p\u00e1r \u00e9vben kev\u00e9s \u00e1tfog\u00f3 cikk jelent meg. Ennek egyik oka, hogy a v\u00e1rosban a magyar vid\u00e9ken megszokotthoz k\u00e9pest eg\u00e9szen er\u0151s az esem\u00e9nyeket nyomon k\u00f6vet\u0151 civil sajt\u00f3, a m\u00e1sik pedig, hogy a p\u00e9csi politikai k\u00fczdelmek ink\u00e1bb b\u00e9n\u00e1z\u00e1sok folyamatos l\u00e9pcs\u0151i, mintsem olyan kem\u00e9ny politikai csat\u00e1roz\u00e1sok, mint amilyeneket Szegeden l\u00e1tunk.<\/p>\n<p>Pedig 2019 k\u00f6zep\u00e9n az l\u00e1tszik, hogy ha P\u00e9csen nem tud nyerni az ellenz\u00e9k a Fidesz felett, akkor szinte sehol sem tud. Ez persze nem az\u00e9rt van, mert a p\u00e9csi ellenz\u00e9k annyira j\u00f3l szervezett, s\u0151t az igazs\u00e1g ett\u0151l t\u00e1vol \u00e1ll, pedig a v\u00e1rosban szinte minden adott ahhoz, hogy az ellenz\u00e9k \u00e1t-, azaz visszavehesse a hatalmat.<\/p>\n<h2>Honnan j\u00f6tt\u00fcnk?<\/h2>\n<p>P\u00e9cs a politikai k\u00f6znyelvben a magyar Moszkva, \u00e9s a helyi legend\u00e1riumban az elm\u00falt p\u00e1r \u00e9vtized legsikeresebb id\u0151szakak\u00e9nt az MSZP-s<strong> Toller L\u00e1szl\u00f3<\/strong> 2006-ig tart\u00f3, nyolc\u00e9ves vezet\u00e9s\u00e9t szok\u00e1s emlegetni. Toller az er\u0151s baloldali polg\u00e1rmester archet\u00edpusa volt, aki nemcsak P\u00e9cset vezette vask\u00e9zzel, de az orsz\u00e1gos politik\u00e1ba is k\u00e9pes volt belesz\u00f3lni. Sokat emlegetett t\u00f6rt\u00e9net vele kapcsolatban, hogy tulajdonk\u00e9ppen <strong>Gyurcs\u00e1ny Ferenc<\/strong> minisztereln\u00f6ks\u00e9g\u00e9t is neki k\u00f6sz\u00f6nhetj\u00fck, mert <strong>Medgyessy P\u00e9ter<\/strong> buk\u00e1sa ut\u00e1n kirohant az MSZP eln\u00f6ks\u00e9gi \u00fcl\u00e9s\u00e9r\u0151l, megel\u00e9gelve a sz\u00ednfalak m\u00f6g\u00f6tti alkudoz\u00e1st, aminek c\u00e9lja <strong>Kiss P\u00e9ter <\/strong>megv\u00e1laszt\u00e1sa lett volna. Egy \u00e9vvel k\u00e9s\u0151bb, amikor <strong>Szili Katalin<\/strong> k\u00f6zt\u00e1rsas\u00e1gi eln\u00f6kk\u00e9 v\u00e1laszt\u00e1sa mellett sz\u00e1llt harcba hasonl\u00f3 vehemenci\u00e1val, m\u00e1r nem j\u00e1rt sikerrel.<\/p>\n<p>Az 1998 \u00e9s 2006 k\u00f6z\u00f6tti id\u0151szak volt az elm\u00falt p\u00e1r \u00e9vtized alatt az egyetlen, amelyben P\u00e9cset valamilyen akt\u00edv politikai sz\u00e1nd\u00e9k szerette volna alak\u00edtani. Toller azt gondolta, hogy P\u00e9cs a b\u00e1ny\u00e1szat ut\u00e1n a kult\u00faraexportb\u00f3l lesz k\u00e9pes igaz\u00e1n meg\u00e9lni. Az elk\u00e9pzel\u00e9st \u00e9s a polg\u00e1rmester lobbierej\u00e9t jelzi, hogy ekkor siker\u00fclt kibulizni az elm\u00falt \u00e9vtized egyetlen igaz\u00e1n jelent\u0151s p\u00e9csi projektj\u00e9t, hogy a v\u00e1ros 2010-ben Eur\u00f3pa kultur\u00e1lis f\u0151v\u00e1rosa legyen. Igaz, ennek is sz\u00e1mos negat\u00edv k\u00f6vetkezm\u00e9nye volt a v\u00e1rosra n\u00e9zve, el\u00e9g csak Toller sikertelens\u00e9g\u00e9t n\u00e9zni a nagy \u00e9p\u00edt\u00e9szeti beruh\u00e1z\u00e1sokkal. R\u00e1ad\u00e1sul a szocialista politikus kult\u00farafelfog\u00e1sa sem egyezett teljesen azzal, amit P\u00e9cs belv\u00e1ros\u00e1r\u00f3l gondolni szeret\u00fcnk: Toller sokkal ink\u00e1bb volt s\u00f6r-virslis, maj\u00e1lisos politikus, mint olyan, aki k\u00e9pes v\u00e9gig\u00fclni egy komolyzenei koncertet. Ennek ellen\u00e9re innen eredhet az a legenda, hogy P\u00e9cs kult\u00faraszeret\u0151bb a t\u00f6bbi vid\u00e9ki nagyv\u00e1rosn\u00e1l, \u00e9s p\u00e9ld\u00e1ul Toller alatt, 2001-ben k\u00f6lt\u00f6z\u00f6tt az Orsz\u00e1gos Sz\u00ednh\u00e1zi Tal\u00e1lkoz\u00f3 is P\u00e9csre.<\/p>\n<p>A nagy v\u00e1ltoz\u00e1st 2006 j\u00faniusa hozta. Toller Budapestr\u0151l tartott haza szolg\u00e1lati kocsij\u00e1val, amikor a 61-es \u00faton egy szab\u00e1lytalanul el\u0151z\u0151 aut\u00f3 felbor\u00edtotta \u0151ket. A sof\u0151r nem sokkal a baleset ut\u00e1n \u00e9let\u00e9t vesztette, Toller viszont m\u00e9g n\u00e9gy \u00e9vig fek\u00fcdt \u00e9ber k\u00f3m\u00e1ban, m\u00edgnem 2010 m\u00e1jus\u00e1ban elhunyt. Mivel a polg\u00e1rmester vask\u00e9zzel ir\u00e1ny\u00edtotta a v\u00e1rost, \u00e9s ez a vask\u00e9z hirtelen elt\u0171nt a helyi politik\u00e1b\u00f3l, hatalmi v\u00e1kuum keletkezett. A helyi MSZP k\u00fcl\u00f6nb\u00f6z\u0151 er\u0151csoportjai egym\u00e1snak estek, miut\u00e1n r\u00e1j\u00f6ttek, hogy k\u00f6zeledik a 2006. \u0151szi \u00f6nkorm\u00e1nyzati v\u00e1laszt\u00e1s. A helyzetet v\u00e9g\u00fcl Szili Katalin oldotta meg azzal, hogy a k\u00e9t er\u0151s szocialista csoport emberei helyett az alapvet\u0151en t\u00e1mogatotts\u00e1g n\u00e9lk\u00fcli <strong>Tasn\u00e1di P\u00e9ter <\/strong>lett a polg\u00e1rmesterjel\u00f6lt, aki \u2013 az \u0151sz\u00f6di besz\u00e9d kisziv\u00e1rg\u00e1sa ut\u00e1n nem \u00e9ppen az MSZP-nek kedvez\u0151 hangulatban \u2013 alig h\u00e1romsz\u00e1z szavazattal, de meg tudta nyerni a versenyt. \u00c1m Tasn\u00e1di megbetegedett, nem tudta kit\u00f6lteni a ciklust, 2009 elej\u00e9n meghalt. Az id\u0151k\u00f6zi v\u00e1laszt\u00e1s ut\u00e1n a fideszes <strong>P\u00e1va Zsolt<\/strong> lett a polg\u00e1rmester. A szocialista p\u00e1rt addigra orsz\u00e1gosan rendk\u00edv\u00fcli m\u00f3don meggyeng\u00fclt \u2013 kev\u00e9ssel voltunk Gyurcs\u00e1ny Ferenc lemond\u00e1sa ut\u00e1n, a p\u00e9nz\u00fcgyi v\u00e1ls\u00e1g miatt egym\u00e1st k\u00f6vett\u00e9k a megszor\u00edt\u00f3 int\u00e9zked\u00e9sek \u2013, \u00edgy a v\u00e1rosban a kor\u00e1bban n\u00e9pszer\u0171 h\u00e1zeln\u00f6k, Szili Katalin is alig a voksok harmad\u00e1t szerezte meg az MSZP polg\u00e1rmesterjel\u00f6ltjek\u00e9nt.<\/p>\n<figure id=\"attachment_2560914\" aria-describedby=\"caption-attachment-2560914\" style=\"width: 1024px\" class=\"wp-caption aligncenter\"><noscript><img decoding=\"async\" src=\"https:\/\/hotnewsinworld.com\/hu\/wp-content\/uploads\/sites\/3\/2019\/09\/Az-ellenzek-Pecs-kapujaban-tuke-gyozelmevel-terhet-vissza-a-magyar.jpg\" title=\"Hal\u00e1loz\u00e1s - Elhunyt Toller L\u00e1szl\u00f3\" alt=\"P\u00e9cs, 2010. m\u00e1jus 10.&#13;&#10;Feh\u00e9r r\u00f3zsacsokorral, gyerty\u00e1kkal eml\u00e9keznek a p\u00e9csi V\u00e1rosh\u00e1za \u00e9p\u00fclet\u00e9nek el\u00f5csarnok\u00e1ban. Elhunyt Toller L\u00e1szl\u00f3 volt szocialista orsz\u00e1ggy\u00fbl\u00e9si k\u00e9pvisel\u00f5re. Az \u00e9let\u00e9nek 60. \u00e9v\u00e9ben j\u00e1r\u00f3 politikust hajnalban a szigetv\u00e1ri k\u00f3rh\u00e1zban \u00e9rte a hal\u00e1l, ahova hetekkel ezel\u00f5tt vitt\u00e9k be, miut\u00e1n \u00e1llapota rosszabbodott. P\u00e9cs volt polg\u00e1rmestere 2006-ban aut\u00f3balesetet szenvedett, az\u00f3ta \u00e9berk\u00f3m\u00e1ban volt.&#13;&#10;MTI Fot\u00f3: -\" data-width=\"800\" class=\"wp-image-2560914 img-responsive\"\/><\/noscript><figcaption id=\"caption-attachment-2560914\" class=\"wp-caption-text\">A p\u00e9csi V\u00e1rosh\u00e1za \u00e9p\u00fclet\u00e9nek el\u0151csarnok\u00e1ban eml\u00e9keznek Toller L\u00e1szl\u00f3ra. Fot\u00f3: MTI<\/figcaption><\/figure>\n<p>P\u00e1va viszont sokkal kev\u00e9sb\u00e9 volt karizmatikus \u00e9s er\u0151skez\u0171 vezet\u0151, mint Toller, r\u00e1ad\u00e1sul az orsz\u00e1gos Fideszben k\u00f6zel sem volt akkora hatalma, mint Tollernek a szocialist\u00e1kn\u00e1l. Ennek ellen\u00e9re P\u00e9csen tov\u00e1bbra is megbecs\u00fclt politikusnak sz\u00e1m\u00edt, \u00e9s tal\u00e1n m\u00e9g az ellenoldal sem gy\u0171l\u00f6li annyira, ahogy 2019 megosztott Magyarorsz\u00e1g\u00e1n gy\u0171l\u00f6lni szok\u00e1s a politikai ellenfeleket.<\/p>\n<h2>Akkor m\u00e9gis mi\u00e9rt bukott meg?<\/h2>\n<p><span class=\"highlight-block-small\">A Fideszben nem szok\u00e1s sikeres polg\u00e1rmestereket lecser\u00e9lni. P\u00e1va lecser\u00e9l\u00e9se m\u00f6g\u00f6tt is legink\u00e1bb az lehet, hogy nem sikeres polg\u00e1rmester. B\u00e1r a hivatalos magyar\u00e1zat szerint \u0151 nem indul \u00fajra a tiszts\u00e9g\u00e9rt, ink\u00e1bb hallani azt, hogy 63 \u00e9vesen m\u00e9g egy ciklust v\u00e1llalt volna, de a Fidesz vezet\u00e9se nem engedte.<\/span><\/p>\n<p>\t\t<!-- CTS - article010 --><\/p>\n<p>Az egyik m\u00f6g\u00f6ttes ok term\u00e9szetesen a cs\u0151d. A korm\u00e1ny 2012-ben \u00e1tv\u00e1llalta az \u00f6nkorm\u00e1nyzatok ad\u00f3ss\u00e1g\u00e1t, ami \u00f6nmag\u00e1ban is megoszt\u00f3 d\u00f6nt\u00e9s volt, hiszen azokat jutalmazta, akik elad\u00f3sodtak, \u00e9s v\u00e9gs\u0151 soron azokat b\u00fcntette, akik felel\u0151sen gazd\u00e1lkodtak, vagyis nem k\u00f6lt\u00f6ttek hitelb\u0151l beruh\u00e1z\u00e1sokra. <strong>Orb\u00e1n Viktor<\/strong> cser\u00e9be azt k\u00e9rte, mostant\u00f3l minden \u00f6nkorm\u00e1nyzat gazd\u00e1lkodjon felel\u0151sen.<\/p>\n<p>Am\u00edg a p\u00e9csi v\u00e1rosvezet\u00e9s a 2009 \u00e9s 2012 k\u00f6z\u00f6tti helyzetre m\u00e9g mondhatta azt, hogy hozott anyagb\u00f3l dolgoztak, \u00e9s az \u00f3ri\u00e1si, t\u00f6bb mint 45 milli\u00e1rdos ad\u00f3ss\u00e1got (enn\u00e9l t\u00f6bbet csak a t\u00f6bb mint t\u00edzszer akkora Budapest halmozott fel) alapvet\u0151en a szocialista v\u00e1rosvezet\u00e9s okozta, \u00f6t \u00e9vvel az ad\u00f3ss\u00e1g\u00e1tv\u00e1llal\u00e1s ut\u00e1n m\u00e1r nem lehetett err\u0151l besz\u00e9lni. A v\u00e1rosban struktur\u00e1lis v\u00e1ltoztat\u00e1sok legfeljebb olyan ir\u00e1nyba t\u00f6rt\u00e9ntek, hogy azok m\u00e9g jobban megterhelj\u00e9k a v\u00e1rosi vagyont, a t\u00f6megk\u00f6zleked\u00e9s finansz\u00edroz\u00e1sa p\u00e9ld\u00e1ul j\u00f3val dr\u00e1g\u00e1bb lett a kor\u00e1bbin\u00e1l, \u00e9s ezt a hi\u00e1ny rov\u00e1s\u00e1ra finansz\u00edrozza a v\u00e1ros. A korm\u00e1ny 2017 v\u00e9g\u00e9n v\u00e9g\u00fcl 9,5 milli\u00e1rd forintos seg\u00edts\u00e9ggel r\u00e1ngatta vissza P\u00e9cset a cs\u0151d sz\u00e9l\u00e9r\u0151l.<\/p>\n<p>P\u00e1va Zsolt egy\u00e9bk\u00e9nt szinte v\u00e9letlen\u00fcl ismerte el egy nyilv\u00e1nos esem\u00e9nyen, hogy revizorok vannak a v\u00e1rosh\u00e1z\u00e1n. K\u00e9s\u0151bb kider\u00fclt, hogy P\u00e9cs ir\u00e1ny\u00edt\u00e1s\u00e1t r\u00e9szben \u00e1tvette az \u00e1llamkincst\u00e1r, \u00e9s a cs\u0151d miatt kiz\u00e1r\u00f3lag hi\u00e1ny n\u00e9lk\u00fcli k\u00f6lts\u00e9gvet\u00e9st tervezhetnek. Ezt persze tr\u00fckk\u00f6kkel meg lehet oldani. Mivel a v\u00e1ros \u00e9s a v\u00e1rosi c\u00e9gek ingatlanjain sok jelz\u00e1log van, visszat\u00e9r\u0151 tr\u00fckk volt, hogy az ingatlanelad\u00e1sokb\u00f3l befoly\u00f3 bev\u00e9teleket massz\u00edvan fel\u00fclbecs\u00fclt\u00e9k a k\u00f6lts\u00e9gvet\u00e9sben, ami term\u00e9szetesen hi\u00e1nyk\u00e9nt jelent meg k\u00e9s\u0151bb.<\/p>\n<figure id=\"attachment_2560937\" aria-describedby=\"caption-attachment-2560937\" style=\"width: 1000px\" class=\"wp-caption aligncenter\"><img decoding=\"async\" data-lazy-type=\"image\" src=\"https:\/\/hotnewsinworld.com\/hu\/wp-content\/uploads\/sites\/3\/2019\/09\/1567829667_198_Az-ellenzek-Pecs-kapujaban-tuke-gyozelmevel-terhet-vissza-a-magyar.jpg\" alt=\"\" data-width=\"800\" class=\"lazy lazy-hidden wp-image-2560937 img-responsive\"\/><noscript><img decoding=\"async\" src=\"https:\/\/hotnewsinworld.com\/hu\/wp-content\/uploads\/sites\/3\/2019\/09\/1567829667_198_Az-ellenzek-Pecs-kapujaban-tuke-gyozelmevel-terhet-vissza-a-magyar.jpg\" alt=\"\" data-width=\"800\" class=\"wp-image-2560937 img-responsive\"\/><\/noscript><figcaption id=\"caption-attachment-2560937\" class=\"wp-caption-text\">Orb\u00e1n Viktor minisztereln\u00f6k \u00e9s P\u00e1va Zsolt, P\u00e9cs polg\u00e1rmestere a Sz\u00e9chenyi t\u00e9ren 2015 \u00e1prilis\u00e1ban. Fot\u00f3: S\u00f3ki Tam\u00e1s \/ MTI<\/figcaption><\/figure>\n<p><!-- CTS - article020 --><\/p>\n<p>Sokak szerint a cs\u0151d volt az a pont, amikor a Fidesz vezet\u00e9se elengedte P\u00e1va kez\u00e9t, de voltak m\u00e9g olyan esem\u00e9nyek, amelyek szerepet j\u00e1tszhattak ebben. Orb\u00e1n Viktor a helyi pletyk\u00e1k szerint eleve puha politikusnak tartja P\u00e1v\u00e1t, \u00e9s ezen az im\u00e1zs\u00e1n nyilv\u00e1n nem seg\u00edtett az sem, amikor a v\u00e1rosi Fidesz fiatalabb gener\u00e1ci\u00f3j\u00e1hoz tartoz\u00f3 k\u00e9t alpolg\u00e1rmester, <strong>Decsi Istv\u00e1n<\/strong> \u00e9s <strong>\u0150ry L\u00e1szl\u00f3 <\/strong>elment a Minisztereln\u00f6ks\u00e9gre, hogy saj\u00e1t tervet ny\u00fajtson be a helyzet kezel\u00e9s\u00e9re. Mivel az ehhez hasonl\u00f3 h\u00faz\u00e1sok szokatlanok a Fideszben, ez\u00e9rt hossz\u00fa el\u0151szob\u00e1ztat\u00e1s ut\u00e1n v\u00e9g\u00fcl lepattantak, de vil\u00e1gos volt, hogy P\u00e1va nem ura teljesen a v\u00e1rosnak.<\/p>\n<p>Hasonl\u00f3 volt a szitu\u00e1ci\u00f3 a Zsolnay-gy\u00e1r visszaszerz\u00e9si k\u00eds\u00e9rlete \u00e9s a v\u00edzm\u0171h\u00e1bor\u00fa ut\u00e1n. Az ut\u00f3bbit \u00fagy siker\u00fclt megnyernie P\u00e9csnek, hogy a francia tulajdonos n\u00e9gy\u00e9vnyi k\u00fczdelem ut\u00e1n jelent\u0151s profittal t\u00e1vozott a v\u00e1rosb\u00f3l, P\u00e9csnek pedig megmaradt az ad\u00f3ss\u00e1gokkal terhelt v\u00edzm\u0171c\u00e9ge. A Zsolnay-gy\u00e1rat pedig hi\u00e1ba pr\u00f3b\u00e1lta meg visszavenni az \u00f6nkorm\u00e1nyzat, a sz\u00edr tulajdonos, <strong>Bachar Najari<\/strong> felvette a keszty\u0171t, \u00e9s v\u00e9g\u00fcl a b\u00edr\u00f3s\u00e1g lehetetlen\u00edtette el a porcel\u00e1nmanufakt\u00far\u00e1\u00e9rt foly\u00f3 fideszes h\u00e1bor\u00fat.<\/p>\n<p>\u00d6nmag\u00e1ban val\u00f3sz\u00edn\u0171leg egyik botr\u00e1ny se diszkredit\u00e1lt volna egy polg\u00e1rmestert, de egy\u00fctt, illetve a p\u00e1rton bel\u00fcli viszonyokkal kieg\u00e9sz\u00fclve mindez m\u00e1r b\u0151ven el\u00e9g lehetett arra, hogy P\u00e1va ne \u00fajr\u00e1zhasson.<\/p>\n<p><span class=\"highlight-block\">De mi\u00e9rt <strong>V\u00e1ri Attila<\/strong> lett helyette a jel\u00f6lt?<\/span><\/p>\n<p>K\u00edv\u00fclr\u0151l n\u00e9zve k\u00e9nyelmes elk\u00e9pzel\u00e9snek t\u0171nik, hogy a k\u00e9tszeres olimpiai bajnok v\u00edzilabd\u00e1z\u00f3t a v\u00e1rosba ejt\u0151erny\u0151ztett\u00e9k, hogy azt\u00e1n f\u00fcggetlennek t\u0171n\u0151 jel\u00f6ltk\u00e9nt ind\u00edthass\u00e1k el a v\u00e1laszt\u00e1son egy a Fidesszel annyira nem szimpatiz\u00e1l\u00f3 v\u00e1rosban. V\u00e1ri azonban r\u00e9gebb \u00f3ta van P\u00e9csen, minthogy ejt\u0151erny\u0151s legyen, utols\u00f3 k\u00e9t szezonj\u00e1t (2009-2011) m\u00e1r a v\u00e1rosban j\u00e1tszotta le, majd mostan\u00e1ig vezette a P\u00e9csi Sport Nonprofit Zrt.-t, amely l\u00e9tes\u00edtm\u00e9nyeket \u00fczemeltet \u00e9s sportrendezv\u00e9nyeket szervez. 2017-ben egy\u00e9bk\u00e9nt bev\u00e1lasztott\u00e1k a Magyar Olimpiai Bizotts\u00e1g eln\u00f6ks\u00e9g\u00e9be, tavaly szeptemberben pedig a v\u00edzilabda-sz\u00f6vets\u00e9g eln\u00f6ke lett.<\/p>\n<p>\t\t<!-- CTS - article030 --><\/p>\n<p>Annak persze, hogy \u0151 indulhat el, ahhoz is k\u00f6ze lehet, hogy P\u00e9csen s\u00falyos k\u00e1derhi\u00e1ny van a Fideszen bel\u00fcl. Egyetlen olyan politikus sem tudott feln\u0151ni, aki \u00e1tvehette volna az ir\u00e1ny\u00edt\u00e1st, \u00edgy a p\u00e9csi Fidesz legbefoly\u00e1sosabb embere m\u00e9g mindig <strong>B\u00e1nki Erik<\/strong>, a parlament gazdas\u00e1gi bizotts\u00e1g\u00e1nak eln\u00f6ke. B\u00e1nki j\u00f3 kapcsolatban van V\u00e1ri Attil\u00e1val, a Szabad P\u00e9cs nemr\u00e9g \u00edrt arr\u00f3l, hogy V\u00e1rinak B\u00e1nki testv\u00e9r\u00e9vel k\u00f6z\u00f6s c\u00e9ge van. B\u00e1nki r\u00e1ad\u00e1sul k\u00f6zismerten sportrajong\u00f3, de a Fideszen bel\u00fcl egy\u00e9bk\u00e9nt is komoly kultusza van a sportol\u00f3knak. \u00c9s m\u00e9g j\u00f3 minta is van V\u00e1ri Attila el\u0151tt: Gy\u0151r fideszes polg\u00e1rmestere m\u00e1r 2006 \u00f3ta <strong>Borkai Zsolt<\/strong> kor\u00e1bbi olimpiai bajnok torn\u00e1sz, aki hossz\u00fa id\u0151n \u00e1t p\u00e1rhuzamosan vezette a v\u00e1rost \u00e9s a MOB-ot.<\/p>\n<p><iframe loading=\"lazy\" style=\"border: none;overflow: hidden\" src=\"https:\/\/www.facebook.com\/plugins\/post.php?href=https%3A%2F%2Fwww.facebook.com%2Fvari.attila.pecsert%2Fphotos%2Fa.460462091180861%2F460462047847532%2F%3Ftype%3D3&amp;width=640&amp;show_text=true&amp;height=383&amp;appId\" width=\"640\" height=\"327\" frameborder=\"0\" scrolling=\"no\"><\/iframe><\/p>\n<h2>\u00c9s mi \u00e1ll ezzel szemben?<\/h2>\n<p>P\u00e9csen majdnem teljes az ellenz\u00e9ki \u00f6sszefog\u00e1s. Az LMP az egyetlen, amely az ellenz\u00e9ki p\u00e1rtok k\u00f6z\u00fcl saj\u00e1t polg\u00e1rmesterjel\u00f6ltet \u00e1ll\u00edt <strong>K\u00f3bor J\u00f3zsef<\/strong> biofizikus szem\u00e9ly\u00e9ben. Az LMP azt mondja, az \u00f6n\u00e1ll\u00f3skod\u00e1s oka, hogy a baloldal a r\u00e9gi v\u00e1rosvezet\u00e9st akarja visszahozni, amiben n\u00e9mi igazs\u00e1g van, de a list\u00e1n \u00edgy sem kapott helyet t\u00f6bb r\u00e9gi politikai szerepl\u0151, mint az orsz\u00e1g t\u00f6bbi nagyv\u00e1ros\u00e1ban, ahol az LMP is r\u00e9szt vesz az egy\u00fcttm\u0171k\u00f6d\u00e9sben. Gyakorlatiasabb oknak l\u00e1tszik, hogy az egyre magabiztosabb Demokratikus Koal\u00edci\u00f3 \u00e9s Momentum elvetette az LMP-t\u0151l a nekik sz\u00e1nt k\u00e9t k\u00e9pvisel\u0151i helyet a list\u00e1n, amit n\u00e9mileg indokol, hogy az EP-v\u00e1laszt\u00e1son a K\u00e9tfark\u00fa Kutya P\u00e1rt is t\u00f6bb szavazatot kapott az LMP-n\u00e9l. \u00cdgy volt ez P\u00e9csen is, pedig a helyi LMP orsz\u00e1gos szinten er\u0151snek sz\u00e1m\u00edt, r\u00e1ad\u00e1sul \u00e9pp az EP-v\u00e1laszt\u00e1son megbuk\u00f3 t\u00e1rseln\u00f6k, <strong>Keresztes L\u00e1szl\u00f3 L\u00f3r\u00e1nt<\/strong> vezeti.<\/p>\n<p>A k\u00f6z\u00f6s jel\u00f6lt <strong>P\u00e9terffy Attila<\/strong>, a P\u00e9csi H\u0151er\u0151m\u0171 kor\u00e1bbi vezet\u0151je lett. P\u00e9terffyt a vele szimpatiz\u00e1l\u00f3k alapvet\u0151en h\u0171v\u00f6s technokratak\u00e9nt \u00edrt\u00e1k le, akinek t\u00fal sok k\u00f6ze nincs a p\u00e9csi politik\u00e1hoz, kiv\u00e1laszt\u00e1s\u00e1ban szerepe lehet annak, hogy a k\u00e1derhi\u00e1ny a v\u00e1rosban az ellenz\u00e9ket egy ideje m\u00e9g komolyabban s\u00fajtja, mint a Fideszt. \u00c1rulkod\u00f3, hogy m\u00e1r a parlamenti v\u00e1laszt\u00e1son is a f\u00fcggetlen, de alapvet\u0151en jobboldali ind\u00edttat\u00e1s\u00fa Mell\u00e1r Tam\u00e1s m\u00f6g\u00e9 \u00e1lltak be a baloldali p\u00e1rtok \u2013 \u0151 pedig nyert is. P\u00e9terffy t\u00f6bbek szerint nem kital\u00e1lt jel\u00f6lt, \u0151 maga ambicion\u00e1lta az indul\u00e1st, \u00e9s ehhez megnyert minden t\u00e1mogat\u00f3t, a pletyk\u00e1k szerint a Barany\u00e1ban tov\u00e1bbra is er\u0151snek sz\u00e1m\u00edt\u00f3 volt szocialista p\u00e1rtp\u00e9nzt\u00e1rnokot, <strong>Puch L\u00e1szl\u00f3t<\/strong> \u00e9s a hozz\u00e1 sok sz\u00e1lon k\u00f6t\u0151d\u0151, p\u00e9csi <strong>T\u00f3th Bertalan<\/strong> MSZP-eln\u00f6k\u00f6t is.<\/p>\n<p>\t\t<!-- CTS - article040 --><\/p>\n<p>Az, hogy mi lesz a v\u00e1laszt\u00e1s eredm\u00e9nye, m\u00falhat P\u00e9terffy szem\u00e9ly\u00e9n is. Ugyan az EP-v\u00e1laszt\u00e1s eredm\u00e9nye nem reprezentat\u00edv, ha az \u00f6nkorm\u00e1nyzati v\u00e1laszt\u00e1sr\u00f3l van sz\u00f3, de a Szabad P\u00e9cs k\u00e9sz\u00edtett egy \u00e1tfog\u00f3 elemz\u00e9st arr\u00f3l, melyik v\u00e1laszt\u00f3ker\u00fcletben milyen eredm\u00e9nyek v\u00e1rhat\u00f3k. R\u00f6viden \u00f6sszefoglalva: a v\u00e1ros nyugati r\u00e9sze, vagyis az Ur\u00e1nv\u00e1ros \u00e9s Kertv\u00e1ros alkotta nagy panelnegyedek elvesztek a Fidesz sz\u00e1m\u00e1ra.<\/p>\n<figure id=\"attachment_2560950\" aria-describedby=\"caption-attachment-2560950\" style=\"width: 1024px\" class=\"wp-caption aligncenter\"><img decoding=\"async\" data-lazy-type=\"image\" src=\"https:\/\/hotnewsinworld.com\/hu\/wp-content\/uploads\/sites\/3\/2019\/09\/1567829667_675_Az-ellenzek-Pecs-kapujaban-tuke-gyozelmevel-terhet-vissza-a-magyar.jpg\" alt=\"\" data-width=\"800\" class=\"lazy lazy-hidden wp-image-2560950 img-responsive\"\/><noscript><img decoding=\"async\" src=\"https:\/\/hotnewsinworld.com\/hu\/wp-content\/uploads\/sites\/3\/2019\/09\/1567829667_675_Az-ellenzek-Pecs-kapujaban-tuke-gyozelmevel-terhet-vissza-a-magyar.jpg\" alt=\"\" data-width=\"800\" class=\"wp-image-2560950 img-responsive\"\/><\/noscript><figcaption id=\"caption-attachment-2560950\" class=\"wp-caption-text\">P\u00e9terffy Attila al\u00e1\u00edr\u00e1sgy\u0171jt\u00e9s k\u00f6zben. Forr\u00e1s P\u00e9terffy Attila Facebook-oldala<\/figcaption><\/figure>\n<p>A helyi Fidesz gyenges\u00e9g\u00e9t mutatja, hogy olyan v\u00e1rosr\u00e9szekr\u0151l besz\u00e9l\u00fcnk, amelyekhez hasonl\u00f3k az orsz\u00e1g nagy r\u00e9sz\u00e9n ink\u00e1bb a korm\u00e1nyoldalra szavaznak. Kertv\u00e1ros \u00e9s Ur\u00e1nv\u00e1ros hatalmas, \u00e9s mintha az elm\u00falt \u00e9vtizedekben minden gazdas\u00e1gi n\u00f6veked\u00e9sb\u0151l kimaradtak volna. Vannak komplett h\u00e1zt\u00f6mb\u00f6k, amelyek harminc \u00e9v alatt nem v\u00e1ltoztak semmit. Toller L\u00e1szl\u00f3 ezeket a ter\u00fcleteket sikeresen h\u00f3d\u00edtotta meg, b\u00fcszke is volt arra, hogy van lak\u00e1sa a v\u00e1rosr\u00e9szben, mik\u00f6zben a gazdagabb p\u00e9csiekhez hasonl\u00f3an a Mecsek oldal\u00e1ban lakott.<\/p>\n<p>P\u00e9cs keleti r\u00e9sze m\u00e9g Ur\u00e1nv\u00e1rosn\u00e1l \u00e9s Kertv\u00e1rosn\u00e1l is szeg\u00e9nyebb ter\u00fclet, az ide be\u00e9p\u00fcl\u0151 \u00fajabb csal\u00e1di h\u00e1zak a mostanra j\u00f3r\u00e9szt rom\u00e1k lakta r\u00e9gi b\u00e1ny\u00e1szlakok \u00e1rny\u00e9k\u00e1ban fekszenek. Ez a v\u00e1rosr\u00e9sz stabilan a Fidesz\u00e9.<\/p>\n<p>D\u00f6nteni teh\u00e1t alapvet\u0151en a belv\u00e1ros fog, ahol 2018-ban nyerni tudott Mell\u00e1r Tam\u00e1s. A p\u00e9csi belv\u00e1ros ez\u00e9rt lesz igaz\u00e1n \u00e9rdekes versenyp\u00e1lya a Fidesznek, mert l\u00e9tezik a p\u00e9csi k\u00f6ztudatban egy k\u00edv\u00fclr\u0151l el\u00e9g szokatlannak t\u0171n\u0151 hozz\u00e1\u00e1ll\u00e1s: P\u00e9csen fontos az, hogy valaki mindig is p\u00e9csi volt-e.<\/p>\n<p>A belv\u00e1rost alkot\u00f3 \u00e9rtelmis\u00e9g hajlamos t\u00fck\u00e9kre \u00e9s nem t\u00fck\u00e9kre bontani az embereket. A t\u00fcke a sz\u0151l\u0151t\u0151ke n\u00e9pies ejt\u00e9se, olyan p\u00e9csit jelent, aki t\u0151sgy\u00f6keres, legal\u00e1bb h\u00e1rom gener\u00e1ci\u00f3 \u00f3ta a v\u00e1rosban \u00e9l, b\u00e1r ezt a krit\u00e9riumot az\u00e9rt laz\u00e1bban veszik. Ellent\u00e9te hagyom\u00e1nyosan a gy\u00fcttment lenne, de ez a sz\u00f3haszn\u00e1lat kev\u00e9sb\u00e9 n\u00e9pszer\u0171 a t\u00fal n\u00e9pies hangz\u00e1sa miatt. \u00c9s az a helyzet, hogy P\u00e9terffy Attila t\u00fck\u00e9nek sz\u00e1m\u00edt, V\u00e1ri Attila pedig nem. A p\u00e9csi belv\u00e1rosban pedig lehet, t\u00f6bbet sz\u00e1m\u00edt, hogy az ellenz\u00e9k egy m\u00e9rn\u00f6k\u00f6t ind\u00edt, aki m\u00e9g p\u00e9csi is, mint az, hogy a Fidesz jel\u00f6ltje olimpiai bajnok sportol\u00f3.<\/p>\n<p>Ha csak a Fidesz h\u00edresen j\u00f3l szervezett kamp\u00e1nyappar\u00e1tusa (amelynek egyik els\u0151 sikere, <strong>Kubatov G\u00e1bor<\/strong> vez\u00e9rlet\u00e9vel \u00e9pp a 2009-es p\u00e9csi id\u0151k\u00f6zi v\u00e1laszt\u00e1son aratott f\u00f6l\u00e9nyes gy\u0151zelem volt, ott tesztelt\u00e9k a list\u00e1z\u00e1s m\u00f3dszer\u00e9t) nem seg\u00edt a gy\u0151zelemben. De egyel\u0151re \u00fagy t\u0171nik, a Fidesz t\u00f6bb energi\u00e1t \u00f6l, \u00e9pp Kubatov ir\u00e1ny\u00edt\u00e1s\u00e1val Szeged megszerz\u00e9s\u00e9be, mint amennyit P\u00e9csre ford\u00edt.<\/p>\n<p><em>Kiemelt k\u00e9p: MTI<\/em><\/p>\n<\/p><\/div>\n<p><script>\n\tjQuery(window).load(function() {\n\t\twindow.fbAsyncInit = function () {\n\t\t\tFB.init({\n\t\t\t\tappId: '',\n\t\t\t\txfbml: true,\n\t\t\t\tversion: 'v3.2'\n\t\t\t});<\/p>\n<p>\t\t\tFB.Event.subscribe('xfbml.ready', function (msg) {\n\t\t\t\tif (msg.type === 'video') {\n\t\t\t\t\tif(typeof insertVideoMeasuringCode != \"undefined\"){\n\t\t\t\t\t\tinsertVideoMeasuringCode(msg);\n\t\t\t\t\t}\n\t\t\t\t}\n\t\t\t});\n\t\t};<\/p>\n<p>\t\tfunction initFB()\n\t\t{\n\t\t\t(function (d, s, id) {\n\t\t\t\tvar js, fjs = d.getElementsByTagName(s)[0];\n\t\t\t\tif (d.getElementById(id)) {\n\t\t\t\t\treturn;\n\t\t\t\t}\n\t\t\t\tjs = d.createElement(s);\n\t\t\t\tjs.id = id;\n\t\t\t\tjs.src = \"http:\/\/connect.facebook.net\/hu_HU\/all.js\";\n\t\t\t\tfjs.parentNode.insertBefore(js, fjs);\n\t\t\t}(document, 'script', 'facebook-jssdk'));\n\t\t\tjQuery(window).off('scroll mousemove touchmove', initFB);\n\t\t}<\/p>\n<p>\t\tfunction parseXFBML(e)\n\t\t{\n\t\t\tif (typeof FB !== \"undefined\" && typeof FB.XFBML !== \"undefined\") {\n\t\t\t\te.preventDefault();\n\t\t\t\te.stopPropagation();\n\t\t\t\tFB.XFBML.parse();\n\t\t\t\tjQuery(window).off('scroll mousemove touchmove', parseXFBML);<\/p>\n<p>\t\t\t\tif (typeof catchSocialEvents != \"undefined\" && typeof catchSocialEvents === \"function\") {\n\t\t\t\t\tcatchSocialEvents();\n\t\t\t\t}\n\t\t\t}\n\t\t}<\/p>\n<p>\t\tjQuery(window).on('scroll mousemove touchmove', initFB);\n\t\tjQuery(window).on('scroll mousemove touchmove', parseXFBML);\n\t});\n<\/script><br \/>\n<br \/>\n<!--noindex--><br \/>\n<a href=\"https:\/\/hirek.oldal.info\/rssclick\/14376520\" rel=\"nofollow\">Source link <\/a><br \/>\n<!--\/noindex--><\/p>\n","protected":false},"excerpt":{"rendered":"<p>Cs\u0151dbe vitt v\u00e1ros, sorozatos botr\u00e1nyok, teljes k\u00e1osz, majdnem teljes \u00f6sszefog\u00e1s. P\u00e9cs politikai v\u00e1ltoz\u00e1sair\u00f3l az ut\u00f3bbi p\u00e1r \u00e9vben kev\u00e9s \u00e1tfog\u00f3 cikk jelent meg. Ennek egyik oka, hogy a v\u00e1rosban a magyar vid\u00e9ken megszokotthoz k\u00e9pest eg\u00e9szen er\u0151s az esem\u00e9nyeket nyomon k\u00f6vet\u0151 civil sajt\u00f3, a m\u00e1sik pedig, hogy a p\u00e9csi politikai k\u00fczdelmek ink\u00e1bb b\u00e9n\u00e1z\u00e1sok folyamatos l\u00e9pcs\u0151i, mintsem olyan [&hellip;]<\/p>\n","protected":false},"author":2,"featured_media":1734,"comment_status":"open","ping_status":"open","sticky":false,"template":"","format":"standard","meta":{"footnotes":""},"categories":[1],"tags":[],"class_list":["post-1733","post","type-post","status-publish","format-standard","has-post-thumbnail","hentry","category-legujabb-penzugyi-hirek"],"yoast_head":"<!-- This site is optimized with the Yoast SEO plugin v27.4 - https:\/\/yoast.com\/product\/yoast-seo-wordpress\/ -->\n<title>Az ellenz\u00e9k P\u00e9cs kapuj\u00e1ban: t\u00fcke gy\u0151zelm\u00e9vel t\u00e9rhet vissza a magyar Moszkva - Hot News in World<\/title>\n<meta name=\"robots\" content=\"index, follow, max-snippet:-1, max-image-preview:large, max-video-preview:-1\" \/>\n<link rel=\"canonical\" href=\"https:\/\/hotnewsinworld.com\/hu\/az-ellenzek-pecs-kapujaban-tuke-gyozelmevel-terhet-vissza-a-magyar-moszkva\/\" \/>\n<meta property=\"og:locale\" content=\"hu_HU\" \/>\n<meta property=\"og:type\" content=\"article\" \/>\n<meta property=\"og:title\" content=\"Az ellenz\u00e9k P\u00e9cs kapuj\u00e1ban: t\u00fcke gy\u0151zelm\u00e9vel t\u00e9rhet vissza a magyar Moszkva - Hot News in World\" \/>\n<meta property=\"og:description\" content=\"Cs\u0151dbe vitt v\u00e1ros, sorozatos botr\u00e1nyok, teljes k\u00e1osz, majdnem teljes \u00f6sszefog\u00e1s. P\u00e9cs politikai v\u00e1ltoz\u00e1sair\u00f3l az ut\u00f3bbi p\u00e1r \u00e9vben kev\u00e9s \u00e1tfog\u00f3 cikk jelent meg. Ennek egyik oka, hogy a v\u00e1rosban a magyar vid\u00e9ken megszokotthoz k\u00e9pest eg\u00e9szen er\u0151s az esem\u00e9nyeket nyomon k\u00f6vet\u0151 civil sajt\u00f3, a m\u00e1sik pedig, hogy a p\u00e9csi politikai k\u00fczdelmek ink\u00e1bb b\u00e9n\u00e1z\u00e1sok folyamatos l\u00e9pcs\u0151i, mintsem olyan [&hellip;]\" \/>\n<meta property=\"og:url\" content=\"https:\/\/hotnewsinworld.com\/hu\/az-ellenzek-pecs-kapujaban-tuke-gyozelmevel-terhet-vissza-a-magyar-moszkva\/\" \/>\n<meta property=\"og:site_name\" content=\"Hot News in World\" \/>\n<meta property=\"article:published_time\" content=\"2019-09-07T04:14:27+00:00\" \/>\n<meta property=\"article:modified_time\" content=\"2019-09-07T04:14:29+00:00\" \/>\n<meta property=\"og:image\" content=\"https:\/\/hotnewsinworld.com\/hu\/wp-content\/uploads\/sites\/3\/2019\/09\/Az-ellenz\u00e9k-P\u00e9cs-kapuj\u00e1ban-t\u00fcke-gy\u0151zelm\u00e9vel-t\u00e9rhet-vissza-a-magyar.jpg\" \/>\n\t<meta property=\"og:image:width\" content=\"800\" \/>\n\t<meta property=\"og:image:height\" content=\"530\" \/>\n\t<meta property=\"og:image:type\" content=\"image\/jpeg\" \/>\n<meta name=\"author\" content=\"hotnewsinworld\" \/>\n<meta name=\"twitter:card\" content=\"summary_large_image\" \/>\n<meta name=\"twitter:label1\" content=\"Szerz\u0151:\" \/>\n\t<meta name=\"twitter:data1\" content=\"hotnewsinworld\" \/>\n\t<meta name=\"twitter:label2\" content=\"Becs\u00fclt olvas\u00e1si id\u0151\" \/>\n\t<meta name=\"twitter:data2\" content=\"15 perc\" \/>\n<script type=\"application\/ld+json\" class=\"yoast-schema-graph\">{\"@context\":\"https:\\\/\\\/schema.org\",\"@graph\":[{\"@type\":\"Article\",\"@id\":\"https:\\\/\\\/hotnewsinworld.com\\\/hu\\\/az-ellenzek-pecs-kapujaban-tuke-gyozelmevel-terhet-vissza-a-magyar-moszkva\\\/#article\",\"isPartOf\":{\"@id\":\"https:\\\/\\\/hotnewsinworld.com\\\/hu\\\/az-ellenzek-pecs-kapujaban-tuke-gyozelmevel-terhet-vissza-a-magyar-moszkva\\\/\"},\"author\":{\"name\":\"hotnewsinworld\",\"@id\":\"https:\\\/\\\/hotnewsinworld.com\\\/hu\\\/#\\\/schema\\\/person\\\/fe61448b21c0d59086e75fcc1f9d8f6b\"},\"headline\":\"Az ellenz\u00e9k P\u00e9cs kapuj\u00e1ban: t\u00fcke gy\u0151zelm\u00e9vel t\u00e9rhet vissza a magyar Moszkva\",\"datePublished\":\"2019-09-07T04:14:27+00:00\",\"dateModified\":\"2019-09-07T04:14:29+00:00\",\"mainEntityOfPage\":{\"@id\":\"https:\\\/\\\/hotnewsinworld.com\\\/hu\\\/az-ellenzek-pecs-kapujaban-tuke-gyozelmevel-terhet-vissza-a-magyar-moszkva\\\/\"},\"wordCount\":2924,\"commentCount\":0,\"image\":{\"@id\":\"https:\\\/\\\/hotnewsinworld.com\\\/hu\\\/az-ellenzek-pecs-kapujaban-tuke-gyozelmevel-terhet-vissza-a-magyar-moszkva\\\/#primaryimage\"},\"thumbnailUrl\":\"https:\\\/\\\/hotnewsinworld.com\\\/hu\\\/wp-content\\\/uploads\\\/sites\\\/3\\\/2019\\\/09\\\/Az-ellenz\u00e9k-P\u00e9cs-kapuj\u00e1ban-t\u00fcke-gy\u0151zelm\u00e9vel-t\u00e9rhet-vissza-a-magyar.jpg\",\"articleSection\":[\"LEG\u00daJABB P\u00c9NZ\u00dcGYI H\u00cdREK\"],\"inLanguage\":\"hu\",\"potentialAction\":[{\"@type\":\"CommentAction\",\"name\":\"Comment\",\"target\":[\"https:\\\/\\\/hotnewsinworld.com\\\/hu\\\/az-ellenzek-pecs-kapujaban-tuke-gyozelmevel-terhet-vissza-a-magyar-moszkva\\\/#respond\"]}]},{\"@type\":\"WebPage\",\"@id\":\"https:\\\/\\\/hotnewsinworld.com\\\/hu\\\/az-ellenzek-pecs-kapujaban-tuke-gyozelmevel-terhet-vissza-a-magyar-moszkva\\\/\",\"url\":\"https:\\\/\\\/hotnewsinworld.com\\\/hu\\\/az-ellenzek-pecs-kapujaban-tuke-gyozelmevel-terhet-vissza-a-magyar-moszkva\\\/\",\"name\":\"Az ellenz\u00e9k P\u00e9cs kapuj\u00e1ban: t\u00fcke gy\u0151zelm\u00e9vel t\u00e9rhet vissza a magyar Moszkva - Hot News in World\",\"isPartOf\":{\"@id\":\"https:\\\/\\\/hotnewsinworld.com\\\/hu\\\/#website\"},\"primaryImageOfPage\":{\"@id\":\"https:\\\/\\\/hotnewsinworld.com\\\/hu\\\/az-ellenzek-pecs-kapujaban-tuke-gyozelmevel-terhet-vissza-a-magyar-moszkva\\\/#primaryimage\"},\"image\":{\"@id\":\"https:\\\/\\\/hotnewsinworld.com\\\/hu\\\/az-ellenzek-pecs-kapujaban-tuke-gyozelmevel-terhet-vissza-a-magyar-moszkva\\\/#primaryimage\"},\"thumbnailUrl\":\"https:\\\/\\\/hotnewsinworld.com\\\/hu\\\/wp-content\\\/uploads\\\/sites\\\/3\\\/2019\\\/09\\\/Az-ellenz\u00e9k-P\u00e9cs-kapuj\u00e1ban-t\u00fcke-gy\u0151zelm\u00e9vel-t\u00e9rhet-vissza-a-magyar.jpg\",\"datePublished\":\"2019-09-07T04:14:27+00:00\",\"dateModified\":\"2019-09-07T04:14:29+00:00\",\"author\":{\"@id\":\"https:\\\/\\\/hotnewsinworld.com\\\/hu\\\/#\\\/schema\\\/person\\\/fe61448b21c0d59086e75fcc1f9d8f6b\"},\"breadcrumb\":{\"@id\":\"https:\\\/\\\/hotnewsinworld.com\\\/hu\\\/az-ellenzek-pecs-kapujaban-tuke-gyozelmevel-terhet-vissza-a-magyar-moszkva\\\/#breadcrumb\"},\"inLanguage\":\"hu\",\"potentialAction\":[{\"@type\":\"ReadAction\",\"target\":[\"https:\\\/\\\/hotnewsinworld.com\\\/hu\\\/az-ellenzek-pecs-kapujaban-tuke-gyozelmevel-terhet-vissza-a-magyar-moszkva\\\/\"]}]},{\"@type\":\"ImageObject\",\"inLanguage\":\"hu\",\"@id\":\"https:\\\/\\\/hotnewsinworld.com\\\/hu\\\/az-ellenzek-pecs-kapujaban-tuke-gyozelmevel-terhet-vissza-a-magyar-moszkva\\\/#primaryimage\",\"url\":\"https:\\\/\\\/hotnewsinworld.com\\\/hu\\\/wp-content\\\/uploads\\\/sites\\\/3\\\/2019\\\/09\\\/Az-ellenz\u00e9k-P\u00e9cs-kapuj\u00e1ban-t\u00fcke-gy\u0151zelm\u00e9vel-t\u00e9rhet-vissza-a-magyar.jpg\",\"contentUrl\":\"https:\\\/\\\/hotnewsinworld.com\\\/hu\\\/wp-content\\\/uploads\\\/sites\\\/3\\\/2019\\\/09\\\/Az-ellenz\u00e9k-P\u00e9cs-kapuj\u00e1ban-t\u00fcke-gy\u0151zelm\u00e9vel-t\u00e9rhet-vissza-a-magyar.jpg\",\"width\":800,\"height\":530,\"caption\":\"P\u00e9cs, 2010. m\u00e1jus 10.&#13;&#10;Feh\u00e9r r\u00f3zsacsokorral, gyerty\u00e1kkal eml\u00e9keznek a p\u00e9csi V\u00e1rosh\u00e1za \u00e9p\u00fclet\u00e9nek el\u00f5csarnok\u00e1ban. Elhunyt Toller L\u00e1szl\u00f3 volt szocialista orsz\u00e1ggy\u00fbl\u00e9si k\u00e9pvisel\u00f5re. Az \u00e9let\u00e9nek 60. \u00e9v\u00e9ben j\u00e1r\u00f3 politikust hajnalban a szigetv\u00e1ri k\u00f3rh\u00e1zban \u00e9rte a hal\u00e1l, ahova hetekkel ezel\u00f5tt vitt\u00e9k be, miut\u00e1n \u00e1llapota rosszabbodott. P\u00e9cs volt polg\u00e1rmestere 2006-ban aut\u00f3balesetet szenvedett, az\u00f3ta \u00e9berk\u00f3m\u00e1ban volt.&#13;&#10;MTI Fot\u00f3: -\"},{\"@type\":\"BreadcrumbList\",\"@id\":\"https:\\\/\\\/hotnewsinworld.com\\\/hu\\\/az-ellenzek-pecs-kapujaban-tuke-gyozelmevel-terhet-vissza-a-magyar-moszkva\\\/#breadcrumb\",\"itemListElement\":[{\"@type\":\"ListItem\",\"position\":1,\"name\":\"\u0413\u043b\u0430\u0432\u043d\u0430\u044f \u0441\u0442\u0440\u0430\u043d\u0438\u0446\u0430\",\"item\":\"https:\\\/\\\/hotnewsinworld.com\\\/hu\\\/\"},{\"@type\":\"ListItem\",\"position\":2,\"name\":\"Az ellenz\u00e9k P\u00e9cs kapuj\u00e1ban: t\u00fcke gy\u0151zelm\u00e9vel t\u00e9rhet vissza a magyar Moszkva\"}]},{\"@type\":\"WebSite\",\"@id\":\"https:\\\/\\\/hotnewsinworld.com\\\/hu\\\/#website\",\"url\":\"https:\\\/\\\/hotnewsinworld.com\\\/hu\\\/\",\"name\":\"Hot News in World\",\"description\":\"Hot News in World from Hungary\",\"potentialAction\":[{\"@type\":\"SearchAction\",\"target\":{\"@type\":\"EntryPoint\",\"urlTemplate\":\"https:\\\/\\\/hotnewsinworld.com\\\/hu\\\/?s={search_term_string}\"},\"query-input\":{\"@type\":\"PropertyValueSpecification\",\"valueRequired\":true,\"valueName\":\"search_term_string\"}}],\"inLanguage\":\"hu\"},{\"@type\":\"Person\",\"@id\":\"https:\\\/\\\/hotnewsinworld.com\\\/hu\\\/#\\\/schema\\\/person\\\/fe61448b21c0d59086e75fcc1f9d8f6b\",\"name\":\"hotnewsinworld\",\"image\":{\"@type\":\"ImageObject\",\"inLanguage\":\"hu\",\"@id\":\"https:\\\/\\\/secure.gravatar.com\\\/avatar\\\/8a09ac165600ce2e1c38fe593c63928eb1e6e7ba5c5a907d67787c41b3d00c14?s=96&d=mm&r=g\",\"url\":\"https:\\\/\\\/secure.gravatar.com\\\/avatar\\\/8a09ac165600ce2e1c38fe593c63928eb1e6e7ba5c5a907d67787c41b3d00c14?s=96&d=mm&r=g\",\"contentUrl\":\"https:\\\/\\\/secure.gravatar.com\\\/avatar\\\/8a09ac165600ce2e1c38fe593c63928eb1e6e7ba5c5a907d67787c41b3d00c14?s=96&d=mm&r=g\",\"caption\":\"hotnewsinworld\"},\"url\":\"https:\\\/\\\/hotnewsinworld.com\\\/hu\\\/author\\\/pt\\\/\"}]}<\/script>\n<!-- \/ Yoast SEO plugin. -->","yoast_head_json":{"title":"Az ellenz\u00e9k P\u00e9cs kapuj\u00e1ban: t\u00fcke gy\u0151zelm\u00e9vel t\u00e9rhet vissza a magyar Moszkva - Hot News in World","robots":{"index":"index","follow":"follow","max-snippet":"max-snippet:-1","max-image-preview":"max-image-preview:large","max-video-preview":"max-video-preview:-1"},"canonical":"https:\/\/hotnewsinworld.com\/hu\/az-ellenzek-pecs-kapujaban-tuke-gyozelmevel-terhet-vissza-a-magyar-moszkva\/","og_locale":"hu_HU","og_type":"article","og_title":"Az ellenz\u00e9k P\u00e9cs kapuj\u00e1ban: t\u00fcke gy\u0151zelm\u00e9vel t\u00e9rhet vissza a magyar Moszkva - Hot News in World","og_description":"Cs\u0151dbe vitt v\u00e1ros, sorozatos botr\u00e1nyok, teljes k\u00e1osz, majdnem teljes \u00f6sszefog\u00e1s. P\u00e9cs politikai v\u00e1ltoz\u00e1sair\u00f3l az ut\u00f3bbi p\u00e1r \u00e9vben kev\u00e9s \u00e1tfog\u00f3 cikk jelent meg. Ennek egyik oka, hogy a v\u00e1rosban a magyar vid\u00e9ken megszokotthoz k\u00e9pest eg\u00e9szen er\u0151s az esem\u00e9nyeket nyomon k\u00f6vet\u0151 civil sajt\u00f3, a m\u00e1sik pedig, hogy a p\u00e9csi politikai k\u00fczdelmek ink\u00e1bb b\u00e9n\u00e1z\u00e1sok folyamatos l\u00e9pcs\u0151i, mintsem olyan [&hellip;]","og_url":"https:\/\/hotnewsinworld.com\/hu\/az-ellenzek-pecs-kapujaban-tuke-gyozelmevel-terhet-vissza-a-magyar-moszkva\/","og_site_name":"Hot News in World","article_published_time":"2019-09-07T04:14:27+00:00","article_modified_time":"2019-09-07T04:14:29+00:00","og_image":[{"width":800,"height":530,"url":"https:\/\/hotnewsinworld.com\/hu\/wp-content\/uploads\/sites\/3\/2019\/09\/Az-ellenz\u00e9k-P\u00e9cs-kapuj\u00e1ban-t\u00fcke-gy\u0151zelm\u00e9vel-t\u00e9rhet-vissza-a-magyar.jpg","type":"image\/jpeg"}],"author":"hotnewsinworld","twitter_card":"summary_large_image","twitter_misc":{"Szerz\u0151:":"hotnewsinworld","Becs\u00fclt olvas\u00e1si id\u0151":"15 perc"},"schema":{"@context":"https:\/\/schema.org","@graph":[{"@type":"Article","@id":"https:\/\/hotnewsinworld.com\/hu\/az-ellenzek-pecs-kapujaban-tuke-gyozelmevel-terhet-vissza-a-magyar-moszkva\/#article","isPartOf":{"@id":"https:\/\/hotnewsinworld.com\/hu\/az-ellenzek-pecs-kapujaban-tuke-gyozelmevel-terhet-vissza-a-magyar-moszkva\/"},"author":{"name":"hotnewsinworld","@id":"https:\/\/hotnewsinworld.com\/hu\/#\/schema\/person\/fe61448b21c0d59086e75fcc1f9d8f6b"},"headline":"Az ellenz\u00e9k P\u00e9cs kapuj\u00e1ban: t\u00fcke gy\u0151zelm\u00e9vel t\u00e9rhet vissza a magyar Moszkva","datePublished":"2019-09-07T04:14:27+00:00","dateModified":"2019-09-07T04:14:29+00:00","mainEntityOfPage":{"@id":"https:\/\/hotnewsinworld.com\/hu\/az-ellenzek-pecs-kapujaban-tuke-gyozelmevel-terhet-vissza-a-magyar-moszkva\/"},"wordCount":2924,"commentCount":0,"image":{"@id":"https:\/\/hotnewsinworld.com\/hu\/az-ellenzek-pecs-kapujaban-tuke-gyozelmevel-terhet-vissza-a-magyar-moszkva\/#primaryimage"},"thumbnailUrl":"https:\/\/hotnewsinworld.com\/hu\/wp-content\/uploads\/sites\/3\/2019\/09\/Az-ellenz\u00e9k-P\u00e9cs-kapuj\u00e1ban-t\u00fcke-gy\u0151zelm\u00e9vel-t\u00e9rhet-vissza-a-magyar.jpg","articleSection":["LEG\u00daJABB P\u00c9NZ\u00dcGYI H\u00cdREK"],"inLanguage":"hu","potentialAction":[{"@type":"CommentAction","name":"Comment","target":["https:\/\/hotnewsinworld.com\/hu\/az-ellenzek-pecs-kapujaban-tuke-gyozelmevel-terhet-vissza-a-magyar-moszkva\/#respond"]}]},{"@type":"WebPage","@id":"https:\/\/hotnewsinworld.com\/hu\/az-ellenzek-pecs-kapujaban-tuke-gyozelmevel-terhet-vissza-a-magyar-moszkva\/","url":"https:\/\/hotnewsinworld.com\/hu\/az-ellenzek-pecs-kapujaban-tuke-gyozelmevel-terhet-vissza-a-magyar-moszkva\/","name":"Az ellenz\u00e9k P\u00e9cs kapuj\u00e1ban: t\u00fcke gy\u0151zelm\u00e9vel t\u00e9rhet vissza a magyar Moszkva - Hot News in World","isPartOf":{"@id":"https:\/\/hotnewsinworld.com\/hu\/#website"},"primaryImageOfPage":{"@id":"https:\/\/hotnewsinworld.com\/hu\/az-ellenzek-pecs-kapujaban-tuke-gyozelmevel-terhet-vissza-a-magyar-moszkva\/#primaryimage"},"image":{"@id":"https:\/\/hotnewsinworld.com\/hu\/az-ellenzek-pecs-kapujaban-tuke-gyozelmevel-terhet-vissza-a-magyar-moszkva\/#primaryimage"},"thumbnailUrl":"https:\/\/hotnewsinworld.com\/hu\/wp-content\/uploads\/sites\/3\/2019\/09\/Az-ellenz\u00e9k-P\u00e9cs-kapuj\u00e1ban-t\u00fcke-gy\u0151zelm\u00e9vel-t\u00e9rhet-vissza-a-magyar.jpg","datePublished":"2019-09-07T04:14:27+00:00","dateModified":"2019-09-07T04:14:29+00:00","author":{"@id":"https:\/\/hotnewsinworld.com\/hu\/#\/schema\/person\/fe61448b21c0d59086e75fcc1f9d8f6b"},"breadcrumb":{"@id":"https:\/\/hotnewsinworld.com\/hu\/az-ellenzek-pecs-kapujaban-tuke-gyozelmevel-terhet-vissza-a-magyar-moszkva\/#breadcrumb"},"inLanguage":"hu","potentialAction":[{"@type":"ReadAction","target":["https:\/\/hotnewsinworld.com\/hu\/az-ellenzek-pecs-kapujaban-tuke-gyozelmevel-terhet-vissza-a-magyar-moszkva\/"]}]},{"@type":"ImageObject","inLanguage":"hu","@id":"https:\/\/hotnewsinworld.com\/hu\/az-ellenzek-pecs-kapujaban-tuke-gyozelmevel-terhet-vissza-a-magyar-moszkva\/#primaryimage","url":"https:\/\/hotnewsinworld.com\/hu\/wp-content\/uploads\/sites\/3\/2019\/09\/Az-ellenz\u00e9k-P\u00e9cs-kapuj\u00e1ban-t\u00fcke-gy\u0151zelm\u00e9vel-t\u00e9rhet-vissza-a-magyar.jpg","contentUrl":"https:\/\/hotnewsinworld.com\/hu\/wp-content\/uploads\/sites\/3\/2019\/09\/Az-ellenz\u00e9k-P\u00e9cs-kapuj\u00e1ban-t\u00fcke-gy\u0151zelm\u00e9vel-t\u00e9rhet-vissza-a-magyar.jpg","width":800,"height":530,"caption":"P\u00e9cs, 2010. m\u00e1jus 10.&#13;&#10;Feh\u00e9r r\u00f3zsacsokorral, gyerty\u00e1kkal eml\u00e9keznek a p\u00e9csi V\u00e1rosh\u00e1za \u00e9p\u00fclet\u00e9nek el\u00f5csarnok\u00e1ban. Elhunyt Toller L\u00e1szl\u00f3 volt szocialista orsz\u00e1ggy\u00fbl\u00e9si k\u00e9pvisel\u00f5re. Az \u00e9let\u00e9nek 60. \u00e9v\u00e9ben j\u00e1r\u00f3 politikust hajnalban a szigetv\u00e1ri k\u00f3rh\u00e1zban \u00e9rte a hal\u00e1l, ahova hetekkel ezel\u00f5tt vitt\u00e9k be, miut\u00e1n \u00e1llapota rosszabbodott. P\u00e9cs volt polg\u00e1rmestere 2006-ban aut\u00f3balesetet szenvedett, az\u00f3ta \u00e9berk\u00f3m\u00e1ban volt.&#13;&#10;MTI Fot\u00f3: -"},{"@type":"BreadcrumbList","@id":"https:\/\/hotnewsinworld.com\/hu\/az-ellenzek-pecs-kapujaban-tuke-gyozelmevel-terhet-vissza-a-magyar-moszkva\/#breadcrumb","itemListElement":[{"@type":"ListItem","position":1,"name":"\u0413\u043b\u0430\u0432\u043d\u0430\u044f \u0441\u0442\u0440\u0430\u043d\u0438\u0446\u0430","item":"https:\/\/hotnewsinworld.com\/hu\/"},{"@type":"ListItem","position":2,"name":"Az ellenz\u00e9k P\u00e9cs kapuj\u00e1ban: t\u00fcke gy\u0151zelm\u00e9vel t\u00e9rhet vissza a magyar Moszkva"}]},{"@type":"WebSite","@id":"https:\/\/hotnewsinworld.com\/hu\/#website","url":"https:\/\/hotnewsinworld.com\/hu\/","name":"Hot News in World","description":"Hot News in World from Hungary","potentialAction":[{"@type":"SearchAction","target":{"@type":"EntryPoint","urlTemplate":"https:\/\/hotnewsinworld.com\/hu\/?s={search_term_string}"},"query-input":{"@type":"PropertyValueSpecification","valueRequired":true,"valueName":"search_term_string"}}],"inLanguage":"hu"},{"@type":"Person","@id":"https:\/\/hotnewsinworld.com\/hu\/#\/schema\/person\/fe61448b21c0d59086e75fcc1f9d8f6b","name":"hotnewsinworld","image":{"@type":"ImageObject","inLanguage":"hu","@id":"https:\/\/secure.gravatar.com\/avatar\/8a09ac165600ce2e1c38fe593c63928eb1e6e7ba5c5a907d67787c41b3d00c14?s=96&d=mm&r=g","url":"https:\/\/secure.gravatar.com\/avatar\/8a09ac165600ce2e1c38fe593c63928eb1e6e7ba5c5a907d67787c41b3d00c14?s=96&d=mm&r=g","contentUrl":"https:\/\/secure.gravatar.com\/avatar\/8a09ac165600ce2e1c38fe593c63928eb1e6e7ba5c5a907d67787c41b3d00c14?s=96&d=mm&r=g","caption":"hotnewsinworld"},"url":"https:\/\/hotnewsinworld.com\/hu\/author\/pt\/"}]}},"_links":{"self":[{"href":"https:\/\/hotnewsinworld.com\/hu\/wp-json\/wp\/v2\/posts\/1733","targetHints":{"allow":["GET"]}}],"collection":[{"href":"https:\/\/hotnewsinworld.com\/hu\/wp-json\/wp\/v2\/posts"}],"about":[{"href":"https:\/\/hotnewsinworld.com\/hu\/wp-json\/wp\/v2\/types\/post"}],"author":[{"embeddable":true,"href":"https:\/\/hotnewsinworld.com\/hu\/wp-json\/wp\/v2\/users\/2"}],"replies":[{"embeddable":true,"href":"https:\/\/hotnewsinworld.com\/hu\/wp-json\/wp\/v2\/comments?post=1733"}],"version-history":[{"count":1,"href":"https:\/\/hotnewsinworld.com\/hu\/wp-json\/wp\/v2\/posts\/1733\/revisions"}],"predecessor-version":[{"id":1735,"href":"https:\/\/hotnewsinworld.com\/hu\/wp-json\/wp\/v2\/posts\/1733\/revisions\/1735"}],"wp:featuredmedia":[{"embeddable":true,"href":"https:\/\/hotnewsinworld.com\/hu\/wp-json\/wp\/v2\/media\/1734"}],"wp:attachment":[{"href":"https:\/\/hotnewsinworld.com\/hu\/wp-json\/wp\/v2\/media?parent=1733"}],"wp:term":[{"taxonomy":"category","embeddable":true,"href":"https:\/\/hotnewsinworld.com\/hu\/wp-json\/wp\/v2\/categories?post=1733"},{"taxonomy":"post_tag","embeddable":true,"href":"https:\/\/hotnewsinworld.com\/hu\/wp-json\/wp\/v2\/tags?post=1733"}],"curies":[{"name":"wp","href":"https:\/\/api.w.org\/{rel}","templated":true}]}}