{"id":1736,"date":"2019-09-07T08:53:15","date_gmt":"2019-09-07T05:53:15","guid":{"rendered":"https:\/\/hotnewsinworld.com\/hu\/tuzbe-mennek-a-hivatasukert-de-sokan-masodallast-is-vallalnak\/"},"modified":"2019-09-07T08:53:16","modified_gmt":"2019-09-07T05:53:16","slug":"tuzbe-mennek-a-hivatasukert-de-sokan-masodallast-is-vallalnak","status":"publish","type":"post","link":"https:\/\/hotnewsinworld.com\/hu\/tuzbe-mennek-a-hivatasukert-de-sokan-masodallast-is-vallalnak\/","title":{"rendered":"T\u0171zbe mennek a hivat\u00e1suk\u00e9rt, de sokan m\u00e1sod\u00e1ll\u00e1st is v\u00e1llalnak"},"content":{"rendered":"<p>\n\t\t\t\t\t<span class=\"en-article-dates-main\">2019. szeptember 7. szombat 07:36<\/span>\n\t\t\t\t\t\t\t\t\t\t\t\t\t\t<\/p>\n<p>\n\t\t\t\t\t\tKorm\u00e1nyd\u00f6nt\u00e9s sz\u00fcletett arr\u00f3l, hogy j\u00f6v\u0151re folytat\u00f3dik a rendv\u00e9delmi illetm\u00e9nyek emel\u00e9se\t\t\t\t\t<\/p>\n<div>\n<p>\n\t\t\t\t\t\t\t\tJ\u00f6v\u0151re \u00fajabb illetm\u00e9nyemel\u00e9sben r\u00e9szes\u00fclnek a t\u0171zolt\u00f3k \u00e9s m\u00e1s rendv\u00e9delmi dolgoz\u00f3k. A t\u0171zolt\u00f3k szerint sz\u00fcks\u00e9g is van a b\u00e9rek rendez\u00e9s\u00e9re, mert sokan m\u00e1sod\u00e1ll\u00e1sra k\u00e9nyszer\u00fclnek. Emiatt azonban nem kell tartani t\u00f6meges elv\u00e1ndorl\u00e1st\u00f3l, mert ez sz\u00e1mukra nemcsak a hivat\u00e1suk, de a csal\u00e1djuk is.&#13;\n\t\t\t\t\t\t\t<\/p>\n<p>A mai napig nem tudom elfelejteni azt az esetet \u2013 eml\u00e9kezik vissza egy r\u00e9gi szolg\u00e1lati napra Dorka Istv\u00e1n szolnoki t\u0171zolt\u00f3 t\u00f6rzs\u0151rmester. \u2013 A szolnoki Miksz\u00e1th \u00fatra h\u00edvtak minket, ahol egy panellak\u00e1s \u00e9gett. Ahogy fel\u00e9rt\u00fcnk a m\u00e1sodikra, m\u00e1r a bej\u00e1rati ajt\u00f3n is j\u00f6tt ki a l\u00e1ng. \u00c9gett az \u00e1lmennyezet a folyos\u00f3n, l\u00f3gtak a k\u00e1belek, mindez hajnali kett\u0151kor volt, mindenki aludt a h\u00e1zban, fel kellett \u0151ket kelteni. A feln\u0151tt\u0151l a kisgyerekig mindenkire r\u00e1 kellett adni a ment\u0151\u00e1larcot, negyven emberre. N\u00e9gy aut\u00f3val vonultunk ki a helysz\u00ednre, tizenketten mentett\u00fcnk.<\/p>\n<p>Volt olyan lak\u00f3, aki a tet\u0151re ment a t\u0171z el\u0151l. A gyerekeket k\u00e9zben kellett lehozni a lak\u00e1sokb\u00f3l. Volt, aki megijedt, mert r\u00e1t\u00f6rt\u00fck az ajt\u00f3t, de \u0151t is menteni kellett a f\u00fcst miatt. Mivel elfelejtett\u00e9k bejelenteni, hogy tizenhat lak\u00e1s van az \u00e9p\u00fcletben, amire oda\u00e9rt\u00fcnk, m\u00e1r nem is tudtunk a t\u0171zolt\u00e1ssal foglalkozni, csak az emberekkel. \u00cdgy siker\u00fclt megakad\u00e1lyozni, hogy b\u00e1rki is meghaljon.<\/p>\n<p>El\u0151fordul azonban az is, hogy m\u00e1r a t\u0171zolt\u00f3k sem tehetnek semmit. Kov\u00e1cs L\u00e1szl\u00f3 f\u0151t\u00f6rzs\u0151rmester egyik legf\u00e1j\u00f3bb eml\u00e9ke a f\u00fcl\u00f6pszentmikl\u00f3si lak\u00e1st\u0171z. \u00d6ten \u00e9gtek bent, h\u00e1rom gyerek \u00e9s k\u00e9t feln\u0151tt. K\u00e9s\u0151bb a nyomoz\u00e1s kider\u00edtette, hogy az\u00e9rt sem lehetett seg\u00edteni, mert nagy mennyis\u00e9g\u0171 \u00fczemanyagot t\u00e1roltak a lak\u00e1sban, r\u00e1ad\u00e1sul az apa fejsz\u00e9vel le\u00fct\u00f6tte az eg\u00e9sz csal\u00e1dot, miel\u0151tt magukra gy\u00fajtotta a h\u00e1zat. \u00dagy \u00e9gtek a szob\u00e1k, mint a g\u00e1zperzsel\u0151.<\/p>\n<p>Napjainkban azonban a t\u0171zolt\u00f3knak m\u00e1r sokkal t\u00f6bbf\u00e9le feladatuk van, mint a t\u0171zolt\u00e1s. A hivat\u00e1sosok \u00e1tlagosan naponta 130-140 esetn\u00e9l avatkoznak be orsz\u00e1gszerte, \u00e9s ennek t\u00f6bb mint a fele \u00fagynevezett m\u0171szaki ment\u00e9s, p\u00e9ld\u00e1ul valamilyen balesetn\u00e9l.<\/p>\n<div id=\"attachment_7280306\" style=\"width: 790px\" class=\"wp-caption alignnone\">\n<p class=\"wp-caption-text\">Folyamatosan fejlesztik a fizikumukat, \u00e9s tov\u00e1bbk\u00e9pz\u00e9seken is r\u00e9szt kell venni\u00fck<br \/>Fot\u00f3: Bach M\u00e1t\u00e9<\/p>\n<\/div>\n<p>Ken\u00e9z Lajos \u0151rmester a legels\u0151 szolg\u00e1lat\u00e1ra eml\u00e9kezik vissza a leggyakrabban, amikor egy lezuhant katonai helikopterhez h\u00edvt\u00e1k \u0151ket, a pil\u00f3t\u00e1k k\u00f6z\u00fcl az egyik benn\u00e9gett a j\u00e1rm\u0171ben.<\/p>\n<p>\u2013 Ilyenkor igyeksz\u00fcnk csak a munk\u00e1ra koncentr\u00e1lni, de egy ilyen eset mindenkit megvisel, pl\u00e1ne egy \u00fajoncot, akinek ez az els\u0151 vonul\u00e1sa. Ehhez nem lehet hozz\u00e1szokni \u2013 mondja a t\u0171zolt\u00f3.<\/p>\n<p>A balesetekn\u00e9l sajnos lehets\u00e9ges, hogy valaki belehal a s\u00falyos s\u00e9r\u00fcl\u00e9sekbe. Veszpr\u00e9mi Roland \u0151rmester el\u0151sz\u00f6r akkor volt les\u00fajtva igaz\u00e1n, amikor egy olyan aut\u00f3balesethez h\u00edvt\u00e1k, amelyn\u00e9l egy n\u0151 mell\u0151l a halott f\u00e9rj\u00e9t \u00e9s a s\u00falyosan megs\u00e9r\u00fclt gyerekeit kellett kiemelni az \u00f6sszet\u00f6rt aut\u00f3b\u00f3l a f\u00e9mlemezek sz\u00e9tv\u00e1g\u00e1s\u00e1val \u2013 eml\u00e9kszik vissza a t\u0171zolt\u00f3.<\/p>\n<p>\u2013 A legnehezebb az, amikor a hozz\u00e1tartoz\u00f3k megjelennek a helysz\u00ednen, borzaszt\u00f3 a f\u00e1jdalmat l\u00e1tni az arcukon \u2013 veti k\u00f6zbe Bozs\u00f3 D\u00e1vid z\u00e1szl\u00f3s. \u2013 A ment\u00e9sek \u00e1ltal\u00e1ban ugyan sikeresek, m\u00e9gis ezekre az esetekre eml\u00e9kez\u00fcnk legink\u00e1bb.<\/p>\n<p>Nem arra, hogy h\u00e1nyszor vonultunk sikeresen, \u00e9leteket mentve meg. V\u00e9gezz\u00fck a dolgunkat, ez a term\u00e9szetes \u2013 teszi hozz\u00e1 Skum\u00e1t P\u00e9ter z\u00e1szl\u00f3s. \u2013 Ez a munka nem olyan, mint a filmekben. Akit lak\u00e1st\u0171zb\u0151l hozunk ki, az nagy val\u00f3sz\u00edn\u0171s\u00e9ggel \u00f6ssze\u00e9gett \u00e9s a ment\u0151k viszik el, sokszor \u00fagy, hogy \u00e9let \u00e9s hal\u00e1l k\u00f6z\u00f6tt lebeg. Olyan nincs, hogy a sz\u0151ke n\u0151t kihozom a h\u00e1zb\u00f3l \u00e9s elveszem feles\u00e9g\u00fcl, de ha lesz, sz\u00f3lunk \u00e9s elmes\u00e9lj\u00fck \u2013 v\u00e1lt vid\u00e1mabb hangra Skum\u00e1t P\u00e9ter.<\/p>\n<p>Riportalanyaink a szolnoki versenycsapat tagjai, akikkel a 12. Szakmai T\u0171zolt\u00f3 \u00e9s 2. M\u0171szaki Ment\u00e9si Verseny z\u00e1r\u00f3napj\u00e1n besz\u00e9lget\u00fcnk Karcagon. Huszonkilenc hivat\u00e1sos, \u00f6nk\u00e9ntes \u00e9s l\u00e9tes\u00edtm\u00e9nyi t\u0171zolt\u00f3csapat vett r\u00e9szt a megm\u00e9ret\u00e9sen, de voltak egy\u00e9ni indul\u00f3k is. Az utols\u00f3 napon \u00e9ppen egy akad\u00e1lyp\u00e1ly\u00e1t kellett a lehet\u0151 legr\u00f6videbb id\u0151 alatt teljes\u00edteni a versenyz\u0151knek. A t\u0171zolt\u00f3knak a riaszt\u00e1st\u00f3l sz\u00e1m\u00edtva 120 m\u00e1sodperc \u00e1ll rendelkez\u00e9s\u00fckre, hogy elhagyj\u00e1k a laktany\u00e1t, ak\u00e1r \u00e9jjel, ak\u00e1r nappal j\u00f6n a h\u00edv\u00e1s.<\/p>\n<p>A gyakorlat els\u0151 r\u00e9sze err\u0151l sz\u00f3l, m\u00e9rik az id\u0151t, am\u00edg be\u00f6lt\u00f6znek a teljes bevet\u00e9si ruh\u00e1ba. Ezt k\u00f6vet\u0151en egy labirintusketrecben kell cs\u00faszva-m\u00e1szva v\u00e9grehajtaniuk az els\u0151 feladatokat, majd egy ajt\u00f3hoz kell futniuk, amelyen el kell v\u00e1gni a l\u00e1ncot, ezut\u00e1n a f\u00fcsts\u00e1tor k\u00f6vetkezik, ahol meg kell tal\u00e1lni a vesz\u00e9lyben l\u00e9v\u0151 embert helyettes\u00edt\u0151 b\u00e1but. Ezt k\u00f6veti egy k\u00f6zleked\u00e9si balesetet imit\u00e1l\u00f3 \u00e1llom\u00e1s, ahol egy j\u00e1rm\u0171 \u00e1ramtalan\u00edt\u00e1sa ut\u00e1n fel kell ismerni a csomagt\u00e9rben l\u00e9v\u0151 vesz\u00e9lyes anyagot, majd olt\u00e1si gyakorlat j\u00f6n, egy c\u00e9lt\u00e1bl\u00e1ra kell l\u0151ni v\u00edzsug\u00e1rral. Az el\u0151z\u0151 napok sem voltak k\u00f6nnyebbek, ott a csapatok versenyeztek Karcagon \u00e9s a kunmadarasi rep\u00fcl\u0151t\u00e9ren \u2013 tudjuk meg D\u00f3ka Imre f\u0151hadnagyt\u00f3l.<\/p>\n<p>A BM Orsz\u00e1gos Katasztr\u00f3fav\u00e9delmi F\u0151igazgat\u00f3s\u00e1g helyettes sz\u00f3viv\u0151j\u00e9nek t\u00e1j\u00e9koztat\u00e1sa szerint ezeken a helysz\u00edneken t\u00f6bbek k\u00f6z\u00f6tt lak\u00f3\u00e9p\u00fcletb\u0151l kellett nyolcvankil\u00f3s b\u00e1but menteni, f\u00e1t kellett darabolni, j\u00e1rm\u0171vet, t\u00f6rmel\u00e9ket kellett megemelni k\u00fcl\u00f6nb\u00f6z\u0151 eszk\u00f6z\u00f6kkel.<\/p>\n<p>Ezeket az\u00e9rt fontos gyakorolni, mert a k\u00f6zleked\u00e9si balesetekn\u00e9l az \u00e9letment\u00e9s \u00e9s az \u00e1ramtalan\u00edt\u00e1s mellett a forgalmi akad\u00e1lyok megsz\u00fcntet\u00e9se is r\u00e9sze a m\u0171szaki ment\u00e9snek. A term\u00e9szeti katasztr\u00f3f\u00e1kn\u00e1l is sz\u00e1mos feladat h\u00e1rul a t\u0171zolt\u00f3kra. A hivat\u00e1sosoknak 24 \u00f3ra szolg\u00e1latot kell let\u00f6lteni\u00fck egyben, ut\u00e1na k\u00e9t nap pihen\u0151 j\u00f6n. Ha \u00e9ppen nincs beavatkoz\u00e1s, akkor a tud\u00e1suk frissen tart\u00e1s\u00e1val foglalkoznak k\u00fcl\u00f6nb\u00f6z\u0151 k\u00e9pz\u00e9seken, \u00e9s term\u00e9szetesen a fizikumukat is folyamatosan fejlesztik \u2013 ismerteti a t\u0171zolt\u00f3k napirendj\u00e9t D\u00f3ka Imre.<\/p>\n<p>A szolg\u00e1lat teh\u00e1t vesz\u00e9lyes \u00e9s eg\u00e9sz embert k\u00edv\u00e1n, jelenleg azonban t\u0171zolt\u00f3k\u00e9nt nem sok p\u00e9nzt lehet keresni. Az Egys\u00e9ges T\u0171zolt\u00f3 Szakszervezet nemr\u00e9g k\u00f6zlem\u00e9nyt juttatott el a sajt\u00f3hoz, amely arr\u00f3l sz\u00f3l, hogy egy h\u00e9t \u00e9ve dolgoz\u00f3 beosztott t\u0171zolt\u00f3 rendszeres havi illetm\u00e9nye nem \u00e9ri el a nett\u00f3 160 ezer forintot, mik\u00f6zben a vonul\u00f3s t\u0171zolt\u00f3k k\u00f6telez\u0151 alapmunkaideje havi 204 \u00f3ra. Ez pedig arra k\u00e9nyszer\u00edti \u0151ket, hogy folyamatosan az \u00e1ll\u00e1shirdet\u00e9seket b\u00f6ng\u00e9ssz\u00e9k.<\/p>\n<p>\u2013 Az nem igaz, hogy t\u00f6megesen akarn\u00e1k elhagyni a t\u0171zolt\u00f3s\u00e1gokat, de p\u00e9nzre gy\u0171jt\u00fcnk \u2013 mondj\u00e1k err\u0151l a szolnoki versenycsapat tagjai nem kis ir\u00f3ni\u00e1val. Magyarul: a szabadidej\u00fckben m\u00e1sod\u00e1ll\u00e1st v\u00e1llalnak. Sokan az \u00e9p\u00edt\u0151iparban dolgoznak, de van a t\u0171zolt\u00f3k k\u00f6z\u00f6tt sof\u0151r, aut\u00f3szerel\u0151, s\u0151t m\u00e9g szak\u00e1cs is. Budapesten sokan ment\u0151sk\u00e9nt dolgoznak, mert ott is kev\u00e9s a szakember.<\/p>\n<p>A Bel\u00fcgyminiszt\u00e9riumban is ismerik a probl\u00e9m\u00e1t. Lapunkkal k\u00f6z\u00f6lt\u00e9k: korm\u00e1nyd\u00f6nt\u00e9s sz\u00fcletett arr\u00f3l, hogy 2020-ban folytat\u00f3dik a rendv\u00e9delmi illetm\u00e9nyek emel\u00e9se. A katasztr\u00f3fav\u00e9delem csaknem 12 ezer embert foglalkoztat, k\u00f6z\u00fcl\u00fck majdnem nyolcezer l\u00e1t el k\u00e9szenl\u00e9ti szolg\u00e1latot. 2018 febru\u00e1rj\u00e1ban 125, j\u00faliusban pedig 131 frissen v\u00e9gzett t\u0171zolt\u00f3 kezdte meg szolg\u00e1lat\u00e1t. Az id\u00e9n febru\u00e1rban szolg\u00e1latba \u00e1llt 175 \u00fajonccal a katasztr\u00f3fav\u00e9delem szinte teljesen felt\u00f6lt\u00f6tte a k\u00e9szenl\u00e9ti l\u00e9tsz\u00e1mhelyeket. A beavatkoz\u00f3i \u00e1llom\u00e1nyn\u00e1l a felt\u00f6lt\u00f6tts\u00e9g csaknem 95 sz\u00e1zal\u00e9kos. Az teh\u00e1t nem fordulhat el\u0151, hogy ne induljanak el a t\u0171zolt\u00f3k megfelel\u0151 l\u00e9tsz\u00e1mban egy k\u00e1reset helysz\u00edn\u00e9re.<\/p>\n<p>Ezt meger\u0151s\u00edtik a szolnoki t\u0171zolt\u00f3csapat tagjai is. Mint mondj\u00e1k, a fizet\u00e9st emelni kellene, de a t\u0171zolt\u00f3k t\u00f6bbs\u00e9ge t\u0171zolt\u00f3 marad. Ez ugyanis nemcsak hivat\u00e1s, hanem egy nagy csal\u00e1d is. A karcagi versenyen is m\u00e1r az els\u0151 napon mindenki \u00f6sszebar\u00e1tkozott, pedig soha \u00e9let\u00fckben nem tal\u00e1lkoztak el\u0151tte az orsz\u00e1g k\u00fcl\u00f6nb\u00f6z\u0151 r\u00e9szeib\u0151l \u00e9rkez\u0151 csapatok.<\/p>\n<\/p><\/div>\n<p><script>\n    window.fbAsyncInit = function() {\n        FB.init({\n            appId      : \"397495361000984\",\n            xfbml      : true,\n            version    : \"v2.12\"\n        });\n        FB.AppEvents.logPageView();\n        jQuery(document).trigger('fbInit');\n    };<\/p>\n<p>    (function(d, s, id){\n        var js, fjs = d.getElementsByTagName(s)[0];\n        if (d.getElementById(id)) {return;}\n        js = d.createElement(s); js.id = id;\n        js.src = \"http:\/\/connect.facebook.net\/hu_HU\/sdk.js\";\n        fjs.parentNode.insertBefore(js, fjs);\n    }(document, \"script\", \"facebook-jssdk\"));\n<\/script><br \/>\n<br \/>\n<!--noindex--><br \/>\n<a href=\"https:\/\/hirek.oldal.info\/rssclick\/14376663\" rel=\"nofollow\">Source link <\/a><br \/>\n<!--\/noindex--><\/p>\n","protected":false},"excerpt":{"rendered":"<p>2019. szeptember 7. szombat 07:36 Korm\u00e1nyd\u00f6nt\u00e9s sz\u00fcletett arr\u00f3l, hogy j\u00f6v\u0151re folytat\u00f3dik a rendv\u00e9delmi illetm\u00e9nyek emel\u00e9se J\u00f6v\u0151re \u00fajabb illetm\u00e9nyemel\u00e9sben r\u00e9szes\u00fclnek a t\u0171zolt\u00f3k \u00e9s m\u00e1s rendv\u00e9delmi dolgoz\u00f3k. A t\u0171zolt\u00f3k szerint sz\u00fcks\u00e9g is van a b\u00e9rek rendez\u00e9s\u00e9re, mert sokan m\u00e1sod\u00e1ll\u00e1sra k\u00e9nyszer\u00fclnek. Emiatt azonban nem kell tartani t\u00f6meges elv\u00e1ndorl\u00e1st\u00f3l, mert ez sz\u00e1mukra nemcsak a hivat\u00e1suk, de a csal\u00e1djuk is.&#13; [&hellip;]<\/p>\n","protected":false},"author":2,"featured_media":1737,"comment_status":"open","ping_status":"open","sticky":false,"template":"","format":"standard","meta":{"footnotes":""},"categories":[1],"tags":[],"class_list":["post-1736","post","type-post","status-publish","format-standard","has-post-thumbnail","hentry","category-legujabb-penzugyi-hirek"],"yoast_head":"<!-- This site is optimized with the Yoast SEO plugin v27.4 - https:\/\/yoast.com\/product\/yoast-seo-wordpress\/ -->\n<title>T\u0171zbe mennek a hivat\u00e1suk\u00e9rt, de sokan m\u00e1sod\u00e1ll\u00e1st is v\u00e1llalnak - Hot News in World<\/title>\n<meta name=\"robots\" content=\"index, follow, max-snippet:-1, max-image-preview:large, max-video-preview:-1\" \/>\n<link rel=\"canonical\" href=\"https:\/\/hotnewsinworld.com\/hu\/tuzbe-mennek-a-hivatasukert-de-sokan-masodallast-is-vallalnak\/\" \/>\n<meta property=\"og:locale\" content=\"hu_HU\" \/>\n<meta property=\"og:type\" content=\"article\" \/>\n<meta property=\"og:title\" content=\"T\u0171zbe mennek a hivat\u00e1suk\u00e9rt, de sokan m\u00e1sod\u00e1ll\u00e1st is v\u00e1llalnak - Hot News in World\" \/>\n<meta property=\"og:description\" content=\"2019. szeptember 7. szombat 07:36 Korm\u00e1nyd\u00f6nt\u00e9s sz\u00fcletett arr\u00f3l, hogy j\u00f6v\u0151re folytat\u00f3dik a rendv\u00e9delmi illetm\u00e9nyek emel\u00e9se J\u00f6v\u0151re \u00fajabb illetm\u00e9nyemel\u00e9sben r\u00e9szes\u00fclnek a t\u0171zolt\u00f3k \u00e9s m\u00e1s rendv\u00e9delmi dolgoz\u00f3k. A t\u0171zolt\u00f3k szerint sz\u00fcks\u00e9g is van a b\u00e9rek rendez\u00e9s\u00e9re, mert sokan m\u00e1sod\u00e1ll\u00e1sra k\u00e9nyszer\u00fclnek. Emiatt azonban nem kell tartani t\u00f6meges elv\u00e1ndorl\u00e1st\u00f3l, mert ez sz\u00e1mukra nemcsak a hivat\u00e1suk, de a csal\u00e1djuk is.&#013; [&hellip;]\" \/>\n<meta property=\"og:url\" content=\"https:\/\/hotnewsinworld.com\/hu\/tuzbe-mennek-a-hivatasukert-de-sokan-masodallast-is-vallalnak\/\" \/>\n<meta property=\"og:site_name\" content=\"Hot News in World\" \/>\n<meta property=\"article:published_time\" content=\"2019-09-07T05:53:15+00:00\" \/>\n<meta property=\"article:modified_time\" content=\"2019-09-07T05:53:16+00:00\" \/>\n<meta property=\"og:image\" content=\"https:\/\/hotnewsinworld.com\/hu\/wp-content\/uploads\/sites\/3\/2019\/09\/T\u0171zbe-mennek-a-hivat\u00e1suk\u00e9rt-de-sokan-m\u00e1sod\u00e1ll\u00e1st-is-v\u00e1llalnak.jpg\" \/>\n\t<meta property=\"og:image:width\" content=\"780\" \/>\n\t<meta property=\"og:image:height\" content=\"520\" \/>\n\t<meta property=\"og:image:type\" content=\"image\/jpeg\" \/>\n<meta name=\"author\" content=\"hotnewsinworld\" \/>\n<meta name=\"twitter:card\" content=\"summary_large_image\" \/>\n<meta name=\"twitter:label1\" content=\"Szerz\u0151:\" \/>\n\t<meta name=\"twitter:data1\" content=\"hotnewsinworld\" \/>\n\t<meta name=\"twitter:label2\" content=\"Becs\u00fclt olvas\u00e1si id\u0151\" \/>\n\t<meta name=\"twitter:data2\" content=\"8 perc\" \/>\n<script type=\"application\/ld+json\" class=\"yoast-schema-graph\">{\"@context\":\"https:\\\/\\\/schema.org\",\"@graph\":[{\"@type\":\"Article\",\"@id\":\"https:\\\/\\\/hotnewsinworld.com\\\/hu\\\/tuzbe-mennek-a-hivatasukert-de-sokan-masodallast-is-vallalnak\\\/#article\",\"isPartOf\":{\"@id\":\"https:\\\/\\\/hotnewsinworld.com\\\/hu\\\/tuzbe-mennek-a-hivatasukert-de-sokan-masodallast-is-vallalnak\\\/\"},\"author\":{\"name\":\"hotnewsinworld\",\"@id\":\"https:\\\/\\\/hotnewsinworld.com\\\/hu\\\/#\\\/schema\\\/person\\\/fe61448b21c0d59086e75fcc1f9d8f6b\"},\"headline\":\"T\u0171zbe mennek a hivat\u00e1suk\u00e9rt, de sokan m\u00e1sod\u00e1ll\u00e1st is v\u00e1llalnak\",\"datePublished\":\"2019-09-07T05:53:15+00:00\",\"dateModified\":\"2019-09-07T05:53:16+00:00\",\"mainEntityOfPage\":{\"@id\":\"https:\\\/\\\/hotnewsinworld.com\\\/hu\\\/tuzbe-mennek-a-hivatasukert-de-sokan-masodallast-is-vallalnak\\\/\"},\"wordCount\":1599,\"commentCount\":0,\"image\":{\"@id\":\"https:\\\/\\\/hotnewsinworld.com\\\/hu\\\/tuzbe-mennek-a-hivatasukert-de-sokan-masodallast-is-vallalnak\\\/#primaryimage\"},\"thumbnailUrl\":\"https:\\\/\\\/hotnewsinworld.com\\\/hu\\\/wp-content\\\/uploads\\\/sites\\\/3\\\/2019\\\/09\\\/T\u0171zbe-mennek-a-hivat\u00e1suk\u00e9rt-de-sokan-m\u00e1sod\u00e1ll\u00e1st-is-v\u00e1llalnak.jpg\",\"articleSection\":[\"LEG\u00daJABB P\u00c9NZ\u00dcGYI H\u00cdREK\"],\"inLanguage\":\"hu\",\"potentialAction\":[{\"@type\":\"CommentAction\",\"name\":\"Comment\",\"target\":[\"https:\\\/\\\/hotnewsinworld.com\\\/hu\\\/tuzbe-mennek-a-hivatasukert-de-sokan-masodallast-is-vallalnak\\\/#respond\"]}]},{\"@type\":\"WebPage\",\"@id\":\"https:\\\/\\\/hotnewsinworld.com\\\/hu\\\/tuzbe-mennek-a-hivatasukert-de-sokan-masodallast-is-vallalnak\\\/\",\"url\":\"https:\\\/\\\/hotnewsinworld.com\\\/hu\\\/tuzbe-mennek-a-hivatasukert-de-sokan-masodallast-is-vallalnak\\\/\",\"name\":\"T\u0171zbe mennek a hivat\u00e1suk\u00e9rt, de sokan m\u00e1sod\u00e1ll\u00e1st is v\u00e1llalnak - Hot News in World\",\"isPartOf\":{\"@id\":\"https:\\\/\\\/hotnewsinworld.com\\\/hu\\\/#website\"},\"primaryImageOfPage\":{\"@id\":\"https:\\\/\\\/hotnewsinworld.com\\\/hu\\\/tuzbe-mennek-a-hivatasukert-de-sokan-masodallast-is-vallalnak\\\/#primaryimage\"},\"image\":{\"@id\":\"https:\\\/\\\/hotnewsinworld.com\\\/hu\\\/tuzbe-mennek-a-hivatasukert-de-sokan-masodallast-is-vallalnak\\\/#primaryimage\"},\"thumbnailUrl\":\"https:\\\/\\\/hotnewsinworld.com\\\/hu\\\/wp-content\\\/uploads\\\/sites\\\/3\\\/2019\\\/09\\\/T\u0171zbe-mennek-a-hivat\u00e1suk\u00e9rt-de-sokan-m\u00e1sod\u00e1ll\u00e1st-is-v\u00e1llalnak.jpg\",\"datePublished\":\"2019-09-07T05:53:15+00:00\",\"dateModified\":\"2019-09-07T05:53:16+00:00\",\"author\":{\"@id\":\"https:\\\/\\\/hotnewsinworld.com\\\/hu\\\/#\\\/schema\\\/person\\\/fe61448b21c0d59086e75fcc1f9d8f6b\"},\"breadcrumb\":{\"@id\":\"https:\\\/\\\/hotnewsinworld.com\\\/hu\\\/tuzbe-mennek-a-hivatasukert-de-sokan-masodallast-is-vallalnak\\\/#breadcrumb\"},\"inLanguage\":\"hu\",\"potentialAction\":[{\"@type\":\"ReadAction\",\"target\":[\"https:\\\/\\\/hotnewsinworld.com\\\/hu\\\/tuzbe-mennek-a-hivatasukert-de-sokan-masodallast-is-vallalnak\\\/\"]}]},{\"@type\":\"ImageObject\",\"inLanguage\":\"hu\",\"@id\":\"https:\\\/\\\/hotnewsinworld.com\\\/hu\\\/tuzbe-mennek-a-hivatasukert-de-sokan-masodallast-is-vallalnak\\\/#primaryimage\",\"url\":\"https:\\\/\\\/hotnewsinworld.com\\\/hu\\\/wp-content\\\/uploads\\\/sites\\\/3\\\/2019\\\/09\\\/T\u0171zbe-mennek-a-hivat\u00e1suk\u00e9rt-de-sokan-m\u00e1sod\u00e1ll\u00e1st-is-v\u00e1llalnak.jpg\",\"contentUrl\":\"https:\\\/\\\/hotnewsinworld.com\\\/hu\\\/wp-content\\\/uploads\\\/sites\\\/3\\\/2019\\\/09\\\/T\u0171zbe-mennek-a-hivat\u00e1suk\u00e9rt-de-sokan-m\u00e1sod\u00e1ll\u00e1st-is-v\u00e1llalnak.jpg\",\"width\":780,\"height\":520,\"caption\":\"T\u0171zbe mennek a hivat\u00e1suk\u00e9rt, de sokan m\u00e1sod\u00e1ll\u00e1st is v\u00e1llalnak\"},{\"@type\":\"BreadcrumbList\",\"@id\":\"https:\\\/\\\/hotnewsinworld.com\\\/hu\\\/tuzbe-mennek-a-hivatasukert-de-sokan-masodallast-is-vallalnak\\\/#breadcrumb\",\"itemListElement\":[{\"@type\":\"ListItem\",\"position\":1,\"name\":\"\u0413\u043b\u0430\u0432\u043d\u0430\u044f \u0441\u0442\u0440\u0430\u043d\u0438\u0446\u0430\",\"item\":\"https:\\\/\\\/hotnewsinworld.com\\\/hu\\\/\"},{\"@type\":\"ListItem\",\"position\":2,\"name\":\"T\u0171zbe mennek a hivat\u00e1suk\u00e9rt, de sokan m\u00e1sod\u00e1ll\u00e1st is v\u00e1llalnak\"}]},{\"@type\":\"WebSite\",\"@id\":\"https:\\\/\\\/hotnewsinworld.com\\\/hu\\\/#website\",\"url\":\"https:\\\/\\\/hotnewsinworld.com\\\/hu\\\/\",\"name\":\"Hot News in World\",\"description\":\"Hot News in World from Hungary\",\"potentialAction\":[{\"@type\":\"SearchAction\",\"target\":{\"@type\":\"EntryPoint\",\"urlTemplate\":\"https:\\\/\\\/hotnewsinworld.com\\\/hu\\\/?s={search_term_string}\"},\"query-input\":{\"@type\":\"PropertyValueSpecification\",\"valueRequired\":true,\"valueName\":\"search_term_string\"}}],\"inLanguage\":\"hu\"},{\"@type\":\"Person\",\"@id\":\"https:\\\/\\\/hotnewsinworld.com\\\/hu\\\/#\\\/schema\\\/person\\\/fe61448b21c0d59086e75fcc1f9d8f6b\",\"name\":\"hotnewsinworld\",\"image\":{\"@type\":\"ImageObject\",\"inLanguage\":\"hu\",\"@id\":\"https:\\\/\\\/secure.gravatar.com\\\/avatar\\\/8a09ac165600ce2e1c38fe593c63928eb1e6e7ba5c5a907d67787c41b3d00c14?s=96&d=mm&r=g\",\"url\":\"https:\\\/\\\/secure.gravatar.com\\\/avatar\\\/8a09ac165600ce2e1c38fe593c63928eb1e6e7ba5c5a907d67787c41b3d00c14?s=96&d=mm&r=g\",\"contentUrl\":\"https:\\\/\\\/secure.gravatar.com\\\/avatar\\\/8a09ac165600ce2e1c38fe593c63928eb1e6e7ba5c5a907d67787c41b3d00c14?s=96&d=mm&r=g\",\"caption\":\"hotnewsinworld\"},\"url\":\"https:\\\/\\\/hotnewsinworld.com\\\/hu\\\/author\\\/pt\\\/\"}]}<\/script>\n<!-- \/ Yoast SEO plugin. -->","yoast_head_json":{"title":"T\u0171zbe mennek a hivat\u00e1suk\u00e9rt, de sokan m\u00e1sod\u00e1ll\u00e1st is v\u00e1llalnak - Hot News in World","robots":{"index":"index","follow":"follow","max-snippet":"max-snippet:-1","max-image-preview":"max-image-preview:large","max-video-preview":"max-video-preview:-1"},"canonical":"https:\/\/hotnewsinworld.com\/hu\/tuzbe-mennek-a-hivatasukert-de-sokan-masodallast-is-vallalnak\/","og_locale":"hu_HU","og_type":"article","og_title":"T\u0171zbe mennek a hivat\u00e1suk\u00e9rt, de sokan m\u00e1sod\u00e1ll\u00e1st is v\u00e1llalnak - Hot News in World","og_description":"2019. szeptember 7. szombat 07:36 Korm\u00e1nyd\u00f6nt\u00e9s sz\u00fcletett arr\u00f3l, hogy j\u00f6v\u0151re folytat\u00f3dik a rendv\u00e9delmi illetm\u00e9nyek emel\u00e9se J\u00f6v\u0151re \u00fajabb illetm\u00e9nyemel\u00e9sben r\u00e9szes\u00fclnek a t\u0171zolt\u00f3k \u00e9s m\u00e1s rendv\u00e9delmi dolgoz\u00f3k. A t\u0171zolt\u00f3k szerint sz\u00fcks\u00e9g is van a b\u00e9rek rendez\u00e9s\u00e9re, mert sokan m\u00e1sod\u00e1ll\u00e1sra k\u00e9nyszer\u00fclnek. Emiatt azonban nem kell tartani t\u00f6meges elv\u00e1ndorl\u00e1st\u00f3l, mert ez sz\u00e1mukra nemcsak a hivat\u00e1suk, de a csal\u00e1djuk is.&#13; [&hellip;]","og_url":"https:\/\/hotnewsinworld.com\/hu\/tuzbe-mennek-a-hivatasukert-de-sokan-masodallast-is-vallalnak\/","og_site_name":"Hot News in World","article_published_time":"2019-09-07T05:53:15+00:00","article_modified_time":"2019-09-07T05:53:16+00:00","og_image":[{"width":780,"height":520,"url":"https:\/\/hotnewsinworld.com\/hu\/wp-content\/uploads\/sites\/3\/2019\/09\/T\u0171zbe-mennek-a-hivat\u00e1suk\u00e9rt-de-sokan-m\u00e1sod\u00e1ll\u00e1st-is-v\u00e1llalnak.jpg","type":"image\/jpeg"}],"author":"hotnewsinworld","twitter_card":"summary_large_image","twitter_misc":{"Szerz\u0151:":"hotnewsinworld","Becs\u00fclt olvas\u00e1si id\u0151":"8 perc"},"schema":{"@context":"https:\/\/schema.org","@graph":[{"@type":"Article","@id":"https:\/\/hotnewsinworld.com\/hu\/tuzbe-mennek-a-hivatasukert-de-sokan-masodallast-is-vallalnak\/#article","isPartOf":{"@id":"https:\/\/hotnewsinworld.com\/hu\/tuzbe-mennek-a-hivatasukert-de-sokan-masodallast-is-vallalnak\/"},"author":{"name":"hotnewsinworld","@id":"https:\/\/hotnewsinworld.com\/hu\/#\/schema\/person\/fe61448b21c0d59086e75fcc1f9d8f6b"},"headline":"T\u0171zbe mennek a hivat\u00e1suk\u00e9rt, de sokan m\u00e1sod\u00e1ll\u00e1st is v\u00e1llalnak","datePublished":"2019-09-07T05:53:15+00:00","dateModified":"2019-09-07T05:53:16+00:00","mainEntityOfPage":{"@id":"https:\/\/hotnewsinworld.com\/hu\/tuzbe-mennek-a-hivatasukert-de-sokan-masodallast-is-vallalnak\/"},"wordCount":1599,"commentCount":0,"image":{"@id":"https:\/\/hotnewsinworld.com\/hu\/tuzbe-mennek-a-hivatasukert-de-sokan-masodallast-is-vallalnak\/#primaryimage"},"thumbnailUrl":"https:\/\/hotnewsinworld.com\/hu\/wp-content\/uploads\/sites\/3\/2019\/09\/T\u0171zbe-mennek-a-hivat\u00e1suk\u00e9rt-de-sokan-m\u00e1sod\u00e1ll\u00e1st-is-v\u00e1llalnak.jpg","articleSection":["LEG\u00daJABB P\u00c9NZ\u00dcGYI H\u00cdREK"],"inLanguage":"hu","potentialAction":[{"@type":"CommentAction","name":"Comment","target":["https:\/\/hotnewsinworld.com\/hu\/tuzbe-mennek-a-hivatasukert-de-sokan-masodallast-is-vallalnak\/#respond"]}]},{"@type":"WebPage","@id":"https:\/\/hotnewsinworld.com\/hu\/tuzbe-mennek-a-hivatasukert-de-sokan-masodallast-is-vallalnak\/","url":"https:\/\/hotnewsinworld.com\/hu\/tuzbe-mennek-a-hivatasukert-de-sokan-masodallast-is-vallalnak\/","name":"T\u0171zbe mennek a hivat\u00e1suk\u00e9rt, de sokan m\u00e1sod\u00e1ll\u00e1st is v\u00e1llalnak - Hot News in World","isPartOf":{"@id":"https:\/\/hotnewsinworld.com\/hu\/#website"},"primaryImageOfPage":{"@id":"https:\/\/hotnewsinworld.com\/hu\/tuzbe-mennek-a-hivatasukert-de-sokan-masodallast-is-vallalnak\/#primaryimage"},"image":{"@id":"https:\/\/hotnewsinworld.com\/hu\/tuzbe-mennek-a-hivatasukert-de-sokan-masodallast-is-vallalnak\/#primaryimage"},"thumbnailUrl":"https:\/\/hotnewsinworld.com\/hu\/wp-content\/uploads\/sites\/3\/2019\/09\/T\u0171zbe-mennek-a-hivat\u00e1suk\u00e9rt-de-sokan-m\u00e1sod\u00e1ll\u00e1st-is-v\u00e1llalnak.jpg","datePublished":"2019-09-07T05:53:15+00:00","dateModified":"2019-09-07T05:53:16+00:00","author":{"@id":"https:\/\/hotnewsinworld.com\/hu\/#\/schema\/person\/fe61448b21c0d59086e75fcc1f9d8f6b"},"breadcrumb":{"@id":"https:\/\/hotnewsinworld.com\/hu\/tuzbe-mennek-a-hivatasukert-de-sokan-masodallast-is-vallalnak\/#breadcrumb"},"inLanguage":"hu","potentialAction":[{"@type":"ReadAction","target":["https:\/\/hotnewsinworld.com\/hu\/tuzbe-mennek-a-hivatasukert-de-sokan-masodallast-is-vallalnak\/"]}]},{"@type":"ImageObject","inLanguage":"hu","@id":"https:\/\/hotnewsinworld.com\/hu\/tuzbe-mennek-a-hivatasukert-de-sokan-masodallast-is-vallalnak\/#primaryimage","url":"https:\/\/hotnewsinworld.com\/hu\/wp-content\/uploads\/sites\/3\/2019\/09\/T\u0171zbe-mennek-a-hivat\u00e1suk\u00e9rt-de-sokan-m\u00e1sod\u00e1ll\u00e1st-is-v\u00e1llalnak.jpg","contentUrl":"https:\/\/hotnewsinworld.com\/hu\/wp-content\/uploads\/sites\/3\/2019\/09\/T\u0171zbe-mennek-a-hivat\u00e1suk\u00e9rt-de-sokan-m\u00e1sod\u00e1ll\u00e1st-is-v\u00e1llalnak.jpg","width":780,"height":520,"caption":"T\u0171zbe mennek a hivat\u00e1suk\u00e9rt, de sokan m\u00e1sod\u00e1ll\u00e1st is v\u00e1llalnak"},{"@type":"BreadcrumbList","@id":"https:\/\/hotnewsinworld.com\/hu\/tuzbe-mennek-a-hivatasukert-de-sokan-masodallast-is-vallalnak\/#breadcrumb","itemListElement":[{"@type":"ListItem","position":1,"name":"\u0413\u043b\u0430\u0432\u043d\u0430\u044f \u0441\u0442\u0440\u0430\u043d\u0438\u0446\u0430","item":"https:\/\/hotnewsinworld.com\/hu\/"},{"@type":"ListItem","position":2,"name":"T\u0171zbe mennek a hivat\u00e1suk\u00e9rt, de sokan m\u00e1sod\u00e1ll\u00e1st is v\u00e1llalnak"}]},{"@type":"WebSite","@id":"https:\/\/hotnewsinworld.com\/hu\/#website","url":"https:\/\/hotnewsinworld.com\/hu\/","name":"Hot News in World","description":"Hot News in World from Hungary","potentialAction":[{"@type":"SearchAction","target":{"@type":"EntryPoint","urlTemplate":"https:\/\/hotnewsinworld.com\/hu\/?s={search_term_string}"},"query-input":{"@type":"PropertyValueSpecification","valueRequired":true,"valueName":"search_term_string"}}],"inLanguage":"hu"},{"@type":"Person","@id":"https:\/\/hotnewsinworld.com\/hu\/#\/schema\/person\/fe61448b21c0d59086e75fcc1f9d8f6b","name":"hotnewsinworld","image":{"@type":"ImageObject","inLanguage":"hu","@id":"https:\/\/secure.gravatar.com\/avatar\/8a09ac165600ce2e1c38fe593c63928eb1e6e7ba5c5a907d67787c41b3d00c14?s=96&d=mm&r=g","url":"https:\/\/secure.gravatar.com\/avatar\/8a09ac165600ce2e1c38fe593c63928eb1e6e7ba5c5a907d67787c41b3d00c14?s=96&d=mm&r=g","contentUrl":"https:\/\/secure.gravatar.com\/avatar\/8a09ac165600ce2e1c38fe593c63928eb1e6e7ba5c5a907d67787c41b3d00c14?s=96&d=mm&r=g","caption":"hotnewsinworld"},"url":"https:\/\/hotnewsinworld.com\/hu\/author\/pt\/"}]}},"_links":{"self":[{"href":"https:\/\/hotnewsinworld.com\/hu\/wp-json\/wp\/v2\/posts\/1736","targetHints":{"allow":["GET"]}}],"collection":[{"href":"https:\/\/hotnewsinworld.com\/hu\/wp-json\/wp\/v2\/posts"}],"about":[{"href":"https:\/\/hotnewsinworld.com\/hu\/wp-json\/wp\/v2\/types\/post"}],"author":[{"embeddable":true,"href":"https:\/\/hotnewsinworld.com\/hu\/wp-json\/wp\/v2\/users\/2"}],"replies":[{"embeddable":true,"href":"https:\/\/hotnewsinworld.com\/hu\/wp-json\/wp\/v2\/comments?post=1736"}],"version-history":[{"count":1,"href":"https:\/\/hotnewsinworld.com\/hu\/wp-json\/wp\/v2\/posts\/1736\/revisions"}],"predecessor-version":[{"id":1738,"href":"https:\/\/hotnewsinworld.com\/hu\/wp-json\/wp\/v2\/posts\/1736\/revisions\/1738"}],"wp:featuredmedia":[{"embeddable":true,"href":"https:\/\/hotnewsinworld.com\/hu\/wp-json\/wp\/v2\/media\/1737"}],"wp:attachment":[{"href":"https:\/\/hotnewsinworld.com\/hu\/wp-json\/wp\/v2\/media?parent=1736"}],"wp:term":[{"taxonomy":"category","embeddable":true,"href":"https:\/\/hotnewsinworld.com\/hu\/wp-json\/wp\/v2\/categories?post=1736"},{"taxonomy":"post_tag","embeddable":true,"href":"https:\/\/hotnewsinworld.com\/hu\/wp-json\/wp\/v2\/tags?post=1736"}],"curies":[{"name":"wp","href":"https:\/\/api.w.org\/{rel}","templated":true}]}}