{"id":1742,"date":"2019-09-07T11:37:49","date_gmt":"2019-09-07T08:37:49","guid":{"rendered":"https:\/\/hotnewsinworld.com\/hu\/az-onkormanyzati-valasztason-nincs-kulkepviseleti-szavazas\/"},"modified":"2019-09-07T11:37:50","modified_gmt":"2019-09-07T08:37:50","slug":"az-onkormanyzati-valasztason-nincs-kulkepviseleti-szavazas","status":"publish","type":"post","link":"https:\/\/hotnewsinworld.com\/hu\/az-onkormanyzati-valasztason-nincs-kulkepviseleti-szavazas\/","title":{"rendered":"Az \u00f6nkorm\u00e1nyzati v\u00e1laszt\u00e1son nincs k\u00fclk\u00e9pviseleti szavaz\u00e1s"},"content":{"rendered":"<p> <span class=\"entry-author\"><span>MTI<\/span><\/span>, <span class=\"posted-on\"><time class=\"entry-date published updated\" datetime=\"2019-09-07T10:32:03+00:00\">2019. 09. 07. 10:32<\/time><\/span><\/p>\n<div>\n<div style=\"max-width: 380px\" class=\"wp-caption alignright\"><\/div>\n<p><b>A helyi \u00f6nkorm\u00e1nyzati k\u00e9pvisel\u0151k \u00e9s polg\u00e1rmesterek v\u00e1laszt\u00e1s\u00e1n k\u00fclk\u00e9pviseleti szavaz\u00e1sra nincs lehet\u0151s\u00e9g; v\u00e1laszt\u00f3jog\u00e1t kiz\u00e1r\u00f3lag az gyakorolhatja, aki okt\u00f3ber 13-\u00e1n Magyarorsz\u00e1gon tart\u00f3zkodik.<\/b><span id=\"more-942094\"\/><\/p>\n<p>Az orsz\u00e1ggy\u0171l\u00e9si v\u00e1laszt\u00e1son, az eur\u00f3pai parlamenti (EP-) v\u00e1laszt\u00e1son \u00e9s az orsz\u00e1gos n\u00e9pszavaz\u00e1son a k\u00fclk\u00e9pviseleteken is lehet voksolni, erre azonban az \u00f6nkorm\u00e1nyzati v\u00e1laszt\u00e1son nincs m\u00f3d.<\/p>\n<p>A k\u00fclk\u00e9pviseleti szavaz\u00e1sok eset\u00e9n a szavaz\u00f3lapokat kisz\u00e1ll\u00edtj\u00e1k a nagyk\u00f6vets\u00e9gekre \u00e9s konzul\u00e1tusokra. Ez orsz\u00e1gos n\u00e9pszavaz\u00e1sn\u00e1l vagy EP-v\u00e1laszt\u00e1sn\u00e1l \u2013 ahol az eg\u00e9sz orsz\u00e1g egy v\u00e1laszt\u00f3ker\u00fcletet alkot \u2013 egyetlen szavaz\u00f3lapk\u00e9pet jelent. Orsz\u00e1ggy\u0171l\u00e9si v\u00e1laszt\u00e1s el\u0151tt a k\u00fclk\u00e9pviseletekre kell kisz\u00e1ll\u00edtani az orsz\u00e1ggy\u0171l\u00e9si egy\u00e9ni v\u00e1laszt\u00f3ker\u00fcletek szavaz\u00f3lapj\u00e1t (att\u00f3l f\u00fcgg\u0151en, mely v\u00e1laszt\u00f3ker\u00fcletekb\u0151l h\u00e1ny v\u00e1laszt\u00f3 jelentkezett a k\u00fclf\u00f6ldi szavaz\u00e1sra), valamint az orsz\u00e1gos p\u00e1rt- vagy nemzetis\u00e9gi list\u00e1t.<\/p>\n<p>Az \u00f6nkorm\u00e1nyzati v\u00e1laszt\u00e1son azonban enn\u00e9l sokkal t\u00f6bb szavaz\u00f3lap van. Mivel a v\u00e1laszt\u00f3k 3177 telep\u00fcl\u00e9s polg\u00e1rmester\u00e9r\u0151l szavazhatnak, ez ugyanennyi k\u00fcl\u00f6nb\u00f6z\u0151 szavaz\u00f3lapot jelent. Azon a 3008 telep\u00fcl\u00e9sen, amelynek lakoss\u00e1ga kevesebb t\u00edzezern\u00e9l, \u00fagynevezett egy\u00e9ni list\u00e1n v\u00e1lasztj\u00e1k a k\u00e9pvisel\u0151ket, ez tov\u00e1bbi 3008-f\u00e9le szavaz\u00f3lapot tesz sz\u00fcks\u00e9gess\u00e9.<\/p>\n<p>A 169, t\u00edzezern\u00e9l t\u00f6bb lakost sz\u00e1ml\u00e1l\u00f3 telep\u00fcl\u00e9sen egy\u00e9ni v\u00e1laszt\u00f3ker\u00fcletekben \u00e9s kompenz\u00e1ci\u00f3s list\u00e1kon szerezhetnek a k\u00e9pvisel\u0151k mand\u00e1tumot. Mivel a kompenz\u00e1ci\u00f3s list\u00e1ra a v\u00e1laszt\u00f3k nem szavazhatnak (ezeket a mand\u00e1tumokat az egy\u00e9ni v\u00e1laszt\u00f3ker\u00fcletekben mand\u00e1tumot nem eredm\u00e9nyez\u0151, \u00fagynevezett t\u00f6red\u00e9kszavazatok alapj\u00e1n osztj\u00e1k ki), csak az 1628 egy\u00e9ni v\u00e1laszt\u00f3ker\u00fcletet kell figyelembe venni a szavaz\u00f3lapok sz\u00e1m\u00e1n\u00e1l.<\/p>\n<p>Mindezek mellett a 19 megy\u00e9ben a megyei k\u00f6zgy\u0171l\u00e9st is megv\u00e1lasztj\u00e1k a szavaz\u00f3k, ez tov\u00e1bbi 19 szavaz\u00f3lapot jelent. A f\u0151v\u00e1rosiak voksolhatnak a f\u0151polg\u00e1rmester szem\u00e9ly\u00e9re is, ehhez tov\u00e1bbi egy szavaz\u00f3lapmint\u00e1ra van sz\u00fcks\u00e9g.<\/p>\n<p>Vagyis \u00f6sszesen 7833-f\u00e9le szavaz\u00f3lapot kell nyomtatni okt\u00f3ber 13-\u00e1n, \u00e9s ebben a sz\u00e1mban m\u00e9g nincsenek benne a nemzetis\u00e9gi szavaz\u00f3lapok.<\/p>\n<p><strong>Tov\u00e1bbi cikkek:<\/strong><\/p>\n<\/div>\n<p><script>(function(d, s, id) {\n  var js, fjs = d.getElementsByTagName(s)[0];\n  if (d.getElementById(id)) return;\n  js = d.createElement(s); js.id = id;\n  js.src = \"http:\/\/connect.facebook.net\/hu_HU\/sdk.js#xfbml=1&version=v2.3\";\n  fjs.parentNode.insertBefore(js, fjs);\n}(document, 'script', 'facebook-jssdk'));<\/script><br \/>\n<br \/>\n<!--noindex--><br \/>\n<a href=\"https:\/\/hirek.oldal.info\/rssclick\/14377112\" rel=\"nofollow\">Source link <\/a><br \/>\n<!--\/noindex--><\/p>\n","protected":false},"excerpt":{"rendered":"<p>MTI, 2019. 09. 07. 10:32 A helyi \u00f6nkorm\u00e1nyzati k\u00e9pvisel\u0151k \u00e9s polg\u00e1rmesterek v\u00e1laszt\u00e1s\u00e1n k\u00fclk\u00e9pviseleti szavaz\u00e1sra nincs lehet\u0151s\u00e9g; v\u00e1laszt\u00f3jog\u00e1t kiz\u00e1r\u00f3lag az gyakorolhatja, aki okt\u00f3ber 13-\u00e1n Magyarorsz\u00e1gon tart\u00f3zkodik. Az orsz\u00e1ggy\u0171l\u00e9si v\u00e1laszt\u00e1son, az eur\u00f3pai parlamenti (EP-) v\u00e1laszt\u00e1son \u00e9s az orsz\u00e1gos n\u00e9pszavaz\u00e1son a k\u00fclk\u00e9pviseleteken is lehet voksolni, erre azonban az \u00f6nkorm\u00e1nyzati v\u00e1laszt\u00e1son nincs m\u00f3d. A k\u00fclk\u00e9pviseleti szavaz\u00e1sok eset\u00e9n a szavaz\u00f3lapokat [&hellip;]<\/p>\n","protected":false},"author":2,"featured_media":1743,"comment_status":"open","ping_status":"open","sticky":false,"template":"","format":"standard","meta":{"footnotes":""},"categories":[1],"tags":[],"class_list":["post-1742","post","type-post","status-publish","format-standard","has-post-thumbnail","hentry","category-legujabb-penzugyi-hirek"],"yoast_head":"<!-- This site is optimized with the Yoast SEO plugin v27.4 - https:\/\/yoast.com\/product\/yoast-seo-wordpress\/ -->\n<title>Az \u00f6nkorm\u00e1nyzati v\u00e1laszt\u00e1son nincs k\u00fclk\u00e9pviseleti szavaz\u00e1s - Hot News in World<\/title>\n<meta name=\"robots\" content=\"index, follow, max-snippet:-1, max-image-preview:large, max-video-preview:-1\" \/>\n<link rel=\"canonical\" href=\"https:\/\/hotnewsinworld.com\/hu\/az-onkormanyzati-valasztason-nincs-kulkepviseleti-szavazas\/\" \/>\n<meta property=\"og:locale\" content=\"hu_HU\" \/>\n<meta property=\"og:type\" content=\"article\" \/>\n<meta property=\"og:title\" content=\"Az \u00f6nkorm\u00e1nyzati v\u00e1laszt\u00e1son nincs k\u00fclk\u00e9pviseleti szavaz\u00e1s - Hot News in World\" \/>\n<meta property=\"og:description\" content=\"MTI, 2019. 09. 07. 10:32 A helyi \u00f6nkorm\u00e1nyzati k\u00e9pvisel\u0151k \u00e9s polg\u00e1rmesterek v\u00e1laszt\u00e1s\u00e1n k\u00fclk\u00e9pviseleti szavaz\u00e1sra nincs lehet\u0151s\u00e9g; v\u00e1laszt\u00f3jog\u00e1t kiz\u00e1r\u00f3lag az gyakorolhatja, aki okt\u00f3ber 13-\u00e1n Magyarorsz\u00e1gon tart\u00f3zkodik. Az orsz\u00e1ggy\u0171l\u00e9si v\u00e1laszt\u00e1son, az eur\u00f3pai parlamenti (EP-) v\u00e1laszt\u00e1son \u00e9s az orsz\u00e1gos n\u00e9pszavaz\u00e1son a k\u00fclk\u00e9pviseleteken is lehet voksolni, erre azonban az \u00f6nkorm\u00e1nyzati v\u00e1laszt\u00e1son nincs m\u00f3d. A k\u00fclk\u00e9pviseleti szavaz\u00e1sok eset\u00e9n a szavaz\u00f3lapokat [&hellip;]\" \/>\n<meta property=\"og:url\" content=\"https:\/\/hotnewsinworld.com\/hu\/az-onkormanyzati-valasztason-nincs-kulkepviseleti-szavazas\/\" \/>\n<meta property=\"og:site_name\" content=\"Hot News in World\" \/>\n<meta property=\"article:published_time\" content=\"2019-09-07T08:37:49+00:00\" \/>\n<meta property=\"article:modified_time\" content=\"2019-09-07T08:37:50+00:00\" \/>\n<meta property=\"og:image\" content=\"https:\/\/hotnewsinworld.com\/hu\/wp-content\/uploads\/sites\/3\/2019\/09\/Az-\u00f6nkorm\u00e1nyzati-v\u00e1laszt\u00e1son-nincs-k\u00fclk\u00e9pviseleti-szavaz\u00e1s.jpg\" \/>\n\t<meta property=\"og:image:width\" content=\"400\" \/>\n\t<meta property=\"og:image:height\" content=\"267\" \/>\n\t<meta property=\"og:image:type\" content=\"image\/jpeg\" \/>\n<meta name=\"author\" content=\"hotnewsinworld\" \/>\n<meta name=\"twitter:card\" content=\"summary_large_image\" \/>\n<meta name=\"twitter:label1\" content=\"Szerz\u0151:\" \/>\n\t<meta name=\"twitter:data1\" content=\"hotnewsinworld\" \/>\n\t<meta name=\"twitter:label2\" content=\"Becs\u00fclt olvas\u00e1si id\u0151\" \/>\n\t<meta name=\"twitter:data2\" content=\"2 perc\" \/>\n<script type=\"application\/ld+json\" class=\"yoast-schema-graph\">{\"@context\":\"https:\\\/\\\/schema.org\",\"@graph\":[{\"@type\":\"Article\",\"@id\":\"https:\\\/\\\/hotnewsinworld.com\\\/hu\\\/az-onkormanyzati-valasztason-nincs-kulkepviseleti-szavazas\\\/#article\",\"isPartOf\":{\"@id\":\"https:\\\/\\\/hotnewsinworld.com\\\/hu\\\/az-onkormanyzati-valasztason-nincs-kulkepviseleti-szavazas\\\/\"},\"author\":{\"name\":\"hotnewsinworld\",\"@id\":\"https:\\\/\\\/hotnewsinworld.com\\\/hu\\\/#\\\/schema\\\/person\\\/fe61448b21c0d59086e75fcc1f9d8f6b\"},\"headline\":\"Az \u00f6nkorm\u00e1nyzati v\u00e1laszt\u00e1son nincs k\u00fclk\u00e9pviseleti szavaz\u00e1s\",\"datePublished\":\"2019-09-07T08:37:49+00:00\",\"dateModified\":\"2019-09-07T08:37:50+00:00\",\"mainEntityOfPage\":{\"@id\":\"https:\\\/\\\/hotnewsinworld.com\\\/hu\\\/az-onkormanyzati-valasztason-nincs-kulkepviseleti-szavazas\\\/\"},\"wordCount\":449,\"commentCount\":0,\"image\":{\"@id\":\"https:\\\/\\\/hotnewsinworld.com\\\/hu\\\/az-onkormanyzati-valasztason-nincs-kulkepviseleti-szavazas\\\/#primaryimage\"},\"thumbnailUrl\":\"https:\\\/\\\/hotnewsinworld.com\\\/hu\\\/wp-content\\\/uploads\\\/sites\\\/3\\\/2019\\\/09\\\/Az-\u00f6nkorm\u00e1nyzati-v\u00e1laszt\u00e1son-nincs-k\u00fclk\u00e9pviseleti-szavaz\u00e1s.jpg\",\"articleSection\":[\"LEG\u00daJABB P\u00c9NZ\u00dcGYI H\u00cdREK\"],\"inLanguage\":\"hu\",\"potentialAction\":[{\"@type\":\"CommentAction\",\"name\":\"Comment\",\"target\":[\"https:\\\/\\\/hotnewsinworld.com\\\/hu\\\/az-onkormanyzati-valasztason-nincs-kulkepviseleti-szavazas\\\/#respond\"]}]},{\"@type\":\"WebPage\",\"@id\":\"https:\\\/\\\/hotnewsinworld.com\\\/hu\\\/az-onkormanyzati-valasztason-nincs-kulkepviseleti-szavazas\\\/\",\"url\":\"https:\\\/\\\/hotnewsinworld.com\\\/hu\\\/az-onkormanyzati-valasztason-nincs-kulkepviseleti-szavazas\\\/\",\"name\":\"Az \u00f6nkorm\u00e1nyzati v\u00e1laszt\u00e1son nincs k\u00fclk\u00e9pviseleti szavaz\u00e1s - Hot News in World\",\"isPartOf\":{\"@id\":\"https:\\\/\\\/hotnewsinworld.com\\\/hu\\\/#website\"},\"primaryImageOfPage\":{\"@id\":\"https:\\\/\\\/hotnewsinworld.com\\\/hu\\\/az-onkormanyzati-valasztason-nincs-kulkepviseleti-szavazas\\\/#primaryimage\"},\"image\":{\"@id\":\"https:\\\/\\\/hotnewsinworld.com\\\/hu\\\/az-onkormanyzati-valasztason-nincs-kulkepviseleti-szavazas\\\/#primaryimage\"},\"thumbnailUrl\":\"https:\\\/\\\/hotnewsinworld.com\\\/hu\\\/wp-content\\\/uploads\\\/sites\\\/3\\\/2019\\\/09\\\/Az-\u00f6nkorm\u00e1nyzati-v\u00e1laszt\u00e1son-nincs-k\u00fclk\u00e9pviseleti-szavaz\u00e1s.jpg\",\"datePublished\":\"2019-09-07T08:37:49+00:00\",\"dateModified\":\"2019-09-07T08:37:50+00:00\",\"author\":{\"@id\":\"https:\\\/\\\/hotnewsinworld.com\\\/hu\\\/#\\\/schema\\\/person\\\/fe61448b21c0d59086e75fcc1f9d8f6b\"},\"breadcrumb\":{\"@id\":\"https:\\\/\\\/hotnewsinworld.com\\\/hu\\\/az-onkormanyzati-valasztason-nincs-kulkepviseleti-szavazas\\\/#breadcrumb\"},\"inLanguage\":\"hu\",\"potentialAction\":[{\"@type\":\"ReadAction\",\"target\":[\"https:\\\/\\\/hotnewsinworld.com\\\/hu\\\/az-onkormanyzati-valasztason-nincs-kulkepviseleti-szavazas\\\/\"]}]},{\"@type\":\"ImageObject\",\"inLanguage\":\"hu\",\"@id\":\"https:\\\/\\\/hotnewsinworld.com\\\/hu\\\/az-onkormanyzati-valasztason-nincs-kulkepviseleti-szavazas\\\/#primaryimage\",\"url\":\"https:\\\/\\\/hotnewsinworld.com\\\/hu\\\/wp-content\\\/uploads\\\/sites\\\/3\\\/2019\\\/09\\\/Az-\u00f6nkorm\u00e1nyzati-v\u00e1laszt\u00e1son-nincs-k\u00fclk\u00e9pviseleti-szavaz\u00e1s.jpg\",\"contentUrl\":\"https:\\\/\\\/hotnewsinworld.com\\\/hu\\\/wp-content\\\/uploads\\\/sites\\\/3\\\/2019\\\/09\\\/Az-\u00f6nkorm\u00e1nyzati-v\u00e1laszt\u00e1son-nincs-k\u00fclk\u00e9pviseleti-szavaz\u00e1s.jpg\",\"width\":400,\"height\":267,\"caption\":\"Az \u00f6nkorm\u00e1nyzati v\u00e1laszt\u00e1son nincs k\u00fclk\u00e9pviseleti szavaz\u00e1s\"},{\"@type\":\"BreadcrumbList\",\"@id\":\"https:\\\/\\\/hotnewsinworld.com\\\/hu\\\/az-onkormanyzati-valasztason-nincs-kulkepviseleti-szavazas\\\/#breadcrumb\",\"itemListElement\":[{\"@type\":\"ListItem\",\"position\":1,\"name\":\"\u0413\u043b\u0430\u0432\u043d\u0430\u044f \u0441\u0442\u0440\u0430\u043d\u0438\u0446\u0430\",\"item\":\"https:\\\/\\\/hotnewsinworld.com\\\/hu\\\/\"},{\"@type\":\"ListItem\",\"position\":2,\"name\":\"Az \u00f6nkorm\u00e1nyzati v\u00e1laszt\u00e1son nincs k\u00fclk\u00e9pviseleti szavaz\u00e1s\"}]},{\"@type\":\"WebSite\",\"@id\":\"https:\\\/\\\/hotnewsinworld.com\\\/hu\\\/#website\",\"url\":\"https:\\\/\\\/hotnewsinworld.com\\\/hu\\\/\",\"name\":\"Hot News in World\",\"description\":\"Hot News in World from Hungary\",\"potentialAction\":[{\"@type\":\"SearchAction\",\"target\":{\"@type\":\"EntryPoint\",\"urlTemplate\":\"https:\\\/\\\/hotnewsinworld.com\\\/hu\\\/?s={search_term_string}\"},\"query-input\":{\"@type\":\"PropertyValueSpecification\",\"valueRequired\":true,\"valueName\":\"search_term_string\"}}],\"inLanguage\":\"hu\"},{\"@type\":\"Person\",\"@id\":\"https:\\\/\\\/hotnewsinworld.com\\\/hu\\\/#\\\/schema\\\/person\\\/fe61448b21c0d59086e75fcc1f9d8f6b\",\"name\":\"hotnewsinworld\",\"image\":{\"@type\":\"ImageObject\",\"inLanguage\":\"hu\",\"@id\":\"https:\\\/\\\/secure.gravatar.com\\\/avatar\\\/8a09ac165600ce2e1c38fe593c63928eb1e6e7ba5c5a907d67787c41b3d00c14?s=96&d=mm&r=g\",\"url\":\"https:\\\/\\\/secure.gravatar.com\\\/avatar\\\/8a09ac165600ce2e1c38fe593c63928eb1e6e7ba5c5a907d67787c41b3d00c14?s=96&d=mm&r=g\",\"contentUrl\":\"https:\\\/\\\/secure.gravatar.com\\\/avatar\\\/8a09ac165600ce2e1c38fe593c63928eb1e6e7ba5c5a907d67787c41b3d00c14?s=96&d=mm&r=g\",\"caption\":\"hotnewsinworld\"},\"url\":\"https:\\\/\\\/hotnewsinworld.com\\\/hu\\\/author\\\/pt\\\/\"}]}<\/script>\n<!-- \/ Yoast SEO plugin. -->","yoast_head_json":{"title":"Az \u00f6nkorm\u00e1nyzati v\u00e1laszt\u00e1son nincs k\u00fclk\u00e9pviseleti szavaz\u00e1s - Hot News in World","robots":{"index":"index","follow":"follow","max-snippet":"max-snippet:-1","max-image-preview":"max-image-preview:large","max-video-preview":"max-video-preview:-1"},"canonical":"https:\/\/hotnewsinworld.com\/hu\/az-onkormanyzati-valasztason-nincs-kulkepviseleti-szavazas\/","og_locale":"hu_HU","og_type":"article","og_title":"Az \u00f6nkorm\u00e1nyzati v\u00e1laszt\u00e1son nincs k\u00fclk\u00e9pviseleti szavaz\u00e1s - Hot News in World","og_description":"MTI, 2019. 09. 07. 10:32 A helyi \u00f6nkorm\u00e1nyzati k\u00e9pvisel\u0151k \u00e9s polg\u00e1rmesterek v\u00e1laszt\u00e1s\u00e1n k\u00fclk\u00e9pviseleti szavaz\u00e1sra nincs lehet\u0151s\u00e9g; v\u00e1laszt\u00f3jog\u00e1t kiz\u00e1r\u00f3lag az gyakorolhatja, aki okt\u00f3ber 13-\u00e1n Magyarorsz\u00e1gon tart\u00f3zkodik. Az orsz\u00e1ggy\u0171l\u00e9si v\u00e1laszt\u00e1son, az eur\u00f3pai parlamenti (EP-) v\u00e1laszt\u00e1son \u00e9s az orsz\u00e1gos n\u00e9pszavaz\u00e1son a k\u00fclk\u00e9pviseleteken is lehet voksolni, erre azonban az \u00f6nkorm\u00e1nyzati v\u00e1laszt\u00e1son nincs m\u00f3d. A k\u00fclk\u00e9pviseleti szavaz\u00e1sok eset\u00e9n a szavaz\u00f3lapokat [&hellip;]","og_url":"https:\/\/hotnewsinworld.com\/hu\/az-onkormanyzati-valasztason-nincs-kulkepviseleti-szavazas\/","og_site_name":"Hot News in World","article_published_time":"2019-09-07T08:37:49+00:00","article_modified_time":"2019-09-07T08:37:50+00:00","og_image":[{"width":400,"height":267,"url":"https:\/\/hotnewsinworld.com\/hu\/wp-content\/uploads\/sites\/3\/2019\/09\/Az-\u00f6nkorm\u00e1nyzati-v\u00e1laszt\u00e1son-nincs-k\u00fclk\u00e9pviseleti-szavaz\u00e1s.jpg","type":"image\/jpeg"}],"author":"hotnewsinworld","twitter_card":"summary_large_image","twitter_misc":{"Szerz\u0151:":"hotnewsinworld","Becs\u00fclt olvas\u00e1si id\u0151":"2 perc"},"schema":{"@context":"https:\/\/schema.org","@graph":[{"@type":"Article","@id":"https:\/\/hotnewsinworld.com\/hu\/az-onkormanyzati-valasztason-nincs-kulkepviseleti-szavazas\/#article","isPartOf":{"@id":"https:\/\/hotnewsinworld.com\/hu\/az-onkormanyzati-valasztason-nincs-kulkepviseleti-szavazas\/"},"author":{"name":"hotnewsinworld","@id":"https:\/\/hotnewsinworld.com\/hu\/#\/schema\/person\/fe61448b21c0d59086e75fcc1f9d8f6b"},"headline":"Az \u00f6nkorm\u00e1nyzati v\u00e1laszt\u00e1son nincs k\u00fclk\u00e9pviseleti szavaz\u00e1s","datePublished":"2019-09-07T08:37:49+00:00","dateModified":"2019-09-07T08:37:50+00:00","mainEntityOfPage":{"@id":"https:\/\/hotnewsinworld.com\/hu\/az-onkormanyzati-valasztason-nincs-kulkepviseleti-szavazas\/"},"wordCount":449,"commentCount":0,"image":{"@id":"https:\/\/hotnewsinworld.com\/hu\/az-onkormanyzati-valasztason-nincs-kulkepviseleti-szavazas\/#primaryimage"},"thumbnailUrl":"https:\/\/hotnewsinworld.com\/hu\/wp-content\/uploads\/sites\/3\/2019\/09\/Az-\u00f6nkorm\u00e1nyzati-v\u00e1laszt\u00e1son-nincs-k\u00fclk\u00e9pviseleti-szavaz\u00e1s.jpg","articleSection":["LEG\u00daJABB P\u00c9NZ\u00dcGYI H\u00cdREK"],"inLanguage":"hu","potentialAction":[{"@type":"CommentAction","name":"Comment","target":["https:\/\/hotnewsinworld.com\/hu\/az-onkormanyzati-valasztason-nincs-kulkepviseleti-szavazas\/#respond"]}]},{"@type":"WebPage","@id":"https:\/\/hotnewsinworld.com\/hu\/az-onkormanyzati-valasztason-nincs-kulkepviseleti-szavazas\/","url":"https:\/\/hotnewsinworld.com\/hu\/az-onkormanyzati-valasztason-nincs-kulkepviseleti-szavazas\/","name":"Az \u00f6nkorm\u00e1nyzati v\u00e1laszt\u00e1son nincs k\u00fclk\u00e9pviseleti szavaz\u00e1s - Hot News in World","isPartOf":{"@id":"https:\/\/hotnewsinworld.com\/hu\/#website"},"primaryImageOfPage":{"@id":"https:\/\/hotnewsinworld.com\/hu\/az-onkormanyzati-valasztason-nincs-kulkepviseleti-szavazas\/#primaryimage"},"image":{"@id":"https:\/\/hotnewsinworld.com\/hu\/az-onkormanyzati-valasztason-nincs-kulkepviseleti-szavazas\/#primaryimage"},"thumbnailUrl":"https:\/\/hotnewsinworld.com\/hu\/wp-content\/uploads\/sites\/3\/2019\/09\/Az-\u00f6nkorm\u00e1nyzati-v\u00e1laszt\u00e1son-nincs-k\u00fclk\u00e9pviseleti-szavaz\u00e1s.jpg","datePublished":"2019-09-07T08:37:49+00:00","dateModified":"2019-09-07T08:37:50+00:00","author":{"@id":"https:\/\/hotnewsinworld.com\/hu\/#\/schema\/person\/fe61448b21c0d59086e75fcc1f9d8f6b"},"breadcrumb":{"@id":"https:\/\/hotnewsinworld.com\/hu\/az-onkormanyzati-valasztason-nincs-kulkepviseleti-szavazas\/#breadcrumb"},"inLanguage":"hu","potentialAction":[{"@type":"ReadAction","target":["https:\/\/hotnewsinworld.com\/hu\/az-onkormanyzati-valasztason-nincs-kulkepviseleti-szavazas\/"]}]},{"@type":"ImageObject","inLanguage":"hu","@id":"https:\/\/hotnewsinworld.com\/hu\/az-onkormanyzati-valasztason-nincs-kulkepviseleti-szavazas\/#primaryimage","url":"https:\/\/hotnewsinworld.com\/hu\/wp-content\/uploads\/sites\/3\/2019\/09\/Az-\u00f6nkorm\u00e1nyzati-v\u00e1laszt\u00e1son-nincs-k\u00fclk\u00e9pviseleti-szavaz\u00e1s.jpg","contentUrl":"https:\/\/hotnewsinworld.com\/hu\/wp-content\/uploads\/sites\/3\/2019\/09\/Az-\u00f6nkorm\u00e1nyzati-v\u00e1laszt\u00e1son-nincs-k\u00fclk\u00e9pviseleti-szavaz\u00e1s.jpg","width":400,"height":267,"caption":"Az \u00f6nkorm\u00e1nyzati v\u00e1laszt\u00e1son nincs k\u00fclk\u00e9pviseleti szavaz\u00e1s"},{"@type":"BreadcrumbList","@id":"https:\/\/hotnewsinworld.com\/hu\/az-onkormanyzati-valasztason-nincs-kulkepviseleti-szavazas\/#breadcrumb","itemListElement":[{"@type":"ListItem","position":1,"name":"\u0413\u043b\u0430\u0432\u043d\u0430\u044f \u0441\u0442\u0440\u0430\u043d\u0438\u0446\u0430","item":"https:\/\/hotnewsinworld.com\/hu\/"},{"@type":"ListItem","position":2,"name":"Az \u00f6nkorm\u00e1nyzati v\u00e1laszt\u00e1son nincs k\u00fclk\u00e9pviseleti szavaz\u00e1s"}]},{"@type":"WebSite","@id":"https:\/\/hotnewsinworld.com\/hu\/#website","url":"https:\/\/hotnewsinworld.com\/hu\/","name":"Hot News in World","description":"Hot News in World from Hungary","potentialAction":[{"@type":"SearchAction","target":{"@type":"EntryPoint","urlTemplate":"https:\/\/hotnewsinworld.com\/hu\/?s={search_term_string}"},"query-input":{"@type":"PropertyValueSpecification","valueRequired":true,"valueName":"search_term_string"}}],"inLanguage":"hu"},{"@type":"Person","@id":"https:\/\/hotnewsinworld.com\/hu\/#\/schema\/person\/fe61448b21c0d59086e75fcc1f9d8f6b","name":"hotnewsinworld","image":{"@type":"ImageObject","inLanguage":"hu","@id":"https:\/\/secure.gravatar.com\/avatar\/8a09ac165600ce2e1c38fe593c63928eb1e6e7ba5c5a907d67787c41b3d00c14?s=96&d=mm&r=g","url":"https:\/\/secure.gravatar.com\/avatar\/8a09ac165600ce2e1c38fe593c63928eb1e6e7ba5c5a907d67787c41b3d00c14?s=96&d=mm&r=g","contentUrl":"https:\/\/secure.gravatar.com\/avatar\/8a09ac165600ce2e1c38fe593c63928eb1e6e7ba5c5a907d67787c41b3d00c14?s=96&d=mm&r=g","caption":"hotnewsinworld"},"url":"https:\/\/hotnewsinworld.com\/hu\/author\/pt\/"}]}},"_links":{"self":[{"href":"https:\/\/hotnewsinworld.com\/hu\/wp-json\/wp\/v2\/posts\/1742","targetHints":{"allow":["GET"]}}],"collection":[{"href":"https:\/\/hotnewsinworld.com\/hu\/wp-json\/wp\/v2\/posts"}],"about":[{"href":"https:\/\/hotnewsinworld.com\/hu\/wp-json\/wp\/v2\/types\/post"}],"author":[{"embeddable":true,"href":"https:\/\/hotnewsinworld.com\/hu\/wp-json\/wp\/v2\/users\/2"}],"replies":[{"embeddable":true,"href":"https:\/\/hotnewsinworld.com\/hu\/wp-json\/wp\/v2\/comments?post=1742"}],"version-history":[{"count":1,"href":"https:\/\/hotnewsinworld.com\/hu\/wp-json\/wp\/v2\/posts\/1742\/revisions"}],"predecessor-version":[{"id":1744,"href":"https:\/\/hotnewsinworld.com\/hu\/wp-json\/wp\/v2\/posts\/1742\/revisions\/1744"}],"wp:featuredmedia":[{"embeddable":true,"href":"https:\/\/hotnewsinworld.com\/hu\/wp-json\/wp\/v2\/media\/1743"}],"wp:attachment":[{"href":"https:\/\/hotnewsinworld.com\/hu\/wp-json\/wp\/v2\/media?parent=1742"}],"wp:term":[{"taxonomy":"category","embeddable":true,"href":"https:\/\/hotnewsinworld.com\/hu\/wp-json\/wp\/v2\/categories?post=1742"},{"taxonomy":"post_tag","embeddable":true,"href":"https:\/\/hotnewsinworld.com\/hu\/wp-json\/wp\/v2\/tags?post=1742"}],"curies":[{"name":"wp","href":"https:\/\/api.w.org\/{rel}","templated":true}]}}