{"id":1748,"date":"2019-09-07T14:20:43","date_gmt":"2019-09-07T11:20:43","guid":{"rendered":"https:\/\/hotnewsinworld.com\/hu\/orban-ma-ujra-kotcsen-piknikezik-oktober-13-ra-mozgositja-taborat\/"},"modified":"2019-09-07T14:20:44","modified_gmt":"2019-09-07T11:20:44","slug":"orban-ma-ujra-kotcsen-piknikezik-oktober-13-ra-mozgositja-taborat","status":"publish","type":"post","link":"https:\/\/hotnewsinworld.com\/hu\/orban-ma-ujra-kotcsen-piknikezik-oktober-13-ra-mozgositja-taborat\/","title":{"rendered":"Orb\u00e1n ma \u00fajra K\u00f6tcs\u00e9n piknikezik, okt\u00f3ber 13-ra mozg\u00f3s\u00edtja t\u00e1bor\u00e1t"},"content":{"rendered":"<div id=\"articleColumn\">\n<article>\n<h2>Orb\u00e1n ma \u00fajra K\u00f6tcs\u00e9n piknikezik, okt\u00f3ber 13-ra mozg\u00f3s\u00edtja t\u00e1bor\u00e1t<\/h2>\n<p class=\"lead\">Korm\u00e1nyz\u00e1s-\u00f6nkorm\u00e1nyz\u00e1s: ma K\u00f6tcs\u00e9n Orb\u00e1n Viktor tizenkilencedszerre is az \u00f6v\u00e9ivel piknikezik, z\u00e1rt k\u00f6rben eligaz\u00edtja a jobboldali holduvart az \u00f6nkorm\u00e1nyzati v\u00e1laszt\u00e1sok el\u0151tt. &#13;<br \/>\n&#13;<br \/>\n&#13;\n<\/p>\n<p>Sorra \u00e9rkeznek a szemerk\u00e9l\u0151 es\u0151ben a Somogy megyei Dobozy k\u00fari\u00e1ra a vend\u00e9gek az imm\u00e1r tizenkilencedik alkalommal megrendezett polg\u00e1ri piknikre, a sok sok vend\u00e9g k\u00f6zt K\u00f3sa Lajos, az \u00f6nkorm\u00e1nyzati v\u00e1laszt\u00e1sok kamp\u00e1nyf\u0151n\u00f6ke, Nov\u00e1k Katalin csal\u00e1d\u00fcgyi \u00e1llamtitk\u00e1r, miniszterek, m\u00e9diaszem\u00e9lyis\u00e9gek. <\/p>\n<p>A XIX. pikniket K\u00f6tcs\u00e9n ez\u00fattal az \u00f6nkorm\u00e1nyzati v\u00e1laszt\u00e1sok Korm\u00e1nyz\u00e1s-\u00f6nkorm\u00e1nyz\u00e1s jegy\u00e9ben rendezik, a f\u0151 szervez\u0151 a Polg\u00e1ri Magyarorsz\u00e1g\u00e9rt Alap\u00edtv\u00e1ny, a h\u00e1zigazda az alap\u00edtv\u00e1ny eln\u00f6ke, Balog Zolt\u00e1n volt EMMI-miniszter. <\/p>\n<p><strong>Orb\u00e1n Viktor besz\u00e9d\u00e9re v\u00e1rva<\/strong><\/p>\n<p>A z\u00e1rt pikniken Orb\u00e1n Viktor a szok\u00e1soknak megfelel\u0151en d\u00e9lut\u00e1n \u00e1ltal\u00e1nos politikai helyzet\u00e9rt\u00e9kel\u00e9st ad, eur\u00f3pai v\u00edz\u00ed\u00f3val, a vil\u00e1gfolyamatokat \u00e9rt\u00e9kelve, megemelve a politikai horizontot &#8211; \u00e9s nyilv\u00e1nval\u00f3an okt\u00f3ber 13-ra, az \u00f6nkorm\u00e1nyzati v\u00e1laszt\u00e1sokra mozg\u00f3s\u00edtja t\u00e1bor\u00e1t. <\/p>\n<p><strong>Schmidt M\u00e1ria mosolyogva \u00e9rkezett<\/strong> <\/p>\n<p>Az Egy a t\u00e1bor szlogen K\u00f6tcs\u00e9n \u00e9rv\u00e9nyes igaz\u00e1n. A piknikre &#8211; ahogy eddig minden alkalommal &#8211; m\u00e1r meg\u00e9rkezett Schmidt M\u00e1ria is, a minisztereln\u00f6k f\u0151ideol\u00f3gus\u00e1nak kiki\u00e1ltott Terror H\u00e1za f\u0151igazgat\u00f3ja, aki \u201cpuccsr\u00f3l\u201d posztolt nemr\u00e9giben, amikor a XXI. Sz\u00e1zad Int\u00e9zet 11 munkat\u00e1rsa azonnali hat\u00e1llyal \u00e9s indokl\u00e1s n\u00e9lk\u00fcl egyszerre \u00e1llt fel mell\u0151le L\u00e1nczi Tam\u00e1s kutat\u00e1si igazgat\u00f3 vezet\u00e9s\u00e9vel. A \u201cpuccs\u201d ut\u00e1n nyilatkoz\u00f3k a \u201ck\u00e9mia\u201d hi\u00e1ny\u00e1val indokolt\u00e1k a v\u00e1ratlan felmond\u00e1sokat.<\/p>\n<\/article><\/div>\n<p><script type=\"text\/javascript\">\n    function downloadJS() {\n        var el = document.createElement(\"script\");\n        el.src = \"http:\/\/www.atv.hu\/js\/preload.min.js?v=20190318\";\n        document.body.appendChild(el);<\/p>\n<p>        setTimeout(function () {\n            var el = document.createElement(\"script\");\n            el.src = \"\/\/ad.adverticum.net\/g3.js\";\n            document.body.appendChild(el);\n        }, 100);\n    }<\/p>\n<p>    if (window.addEventListener)\n        window.addEventListener(\"load\", downloadJS, false);\n    else if (window.attachEvent)\n        window.attachEvent(\"onload\", downloadJS);\n    else window.onload = downloadJS;<\/p>\n<p>    \/\/FB Async init\n    window.fbAsyncInit = function () {\n        FB.init({\n            appId: '315100918533386',\n            channelUrl: '\/\/channel.html', \/\/ Channel file for x-domain comms\n            xfbml: true                                  \/\/ Look for social plugins on the page\n        });\n    };<\/p>\n<p>    (function (d, s, id) {\n        var js, fjs = d.getElementsByTagName(s)[0];\n        if (d.getElementById(id)) return;\n        js = d.createElement(s);\n        js.id = id;\n        js.async = true;\n        js.src = \"\/\/connect.facebook.net\/hu_HU\/all.js\";\n        fjs.parentNode.insertBefore(js, fjs);\n    }(document, 'script', 'facebook-jssdk'));<\/p>\n<p>    \/\/Google Analytics\n    var _gaq = _gaq || [];\n    _gaq.push(['_setAccount', 'UA-28251359-1']);\n    _gaq.push(['_trackPageview']);<\/p>\n<p>    (function () {\n        var ga = document.createElement('script');\n        ga.type = 'text\/javascript';\n        ga.async = true;\n        ga.src = ('https:' == document.location.protocol ? 'https:\/\/ssl' : 'http:\/\/www') + '.google-analytics.com\/ga.js';\n        var s = document.getElementsByTagName('script')[0];\n        s.parentNode.insertBefore(ga, s);\n    })();<\/p>\n<p><\/script><br \/>\n<br \/>\n<!--noindex--><br \/>\n<a href=\"https:\/\/hirek.oldal.info\/rssclick\/14377446\" rel=\"nofollow\">Source link <\/a><br \/>\n<!--\/noindex--><\/p>\n","protected":false},"excerpt":{"rendered":"<p>Orb\u00e1n ma \u00fajra K\u00f6tcs\u00e9n piknikezik, okt\u00f3ber 13-ra mozg\u00f3s\u00edtja t\u00e1bor\u00e1t Korm\u00e1nyz\u00e1s-\u00f6nkorm\u00e1nyz\u00e1s: ma K\u00f6tcs\u00e9n Orb\u00e1n Viktor tizenkilencedszerre is az \u00f6v\u00e9ivel piknikezik, z\u00e1rt k\u00f6rben eligaz\u00edtja a jobboldali holduvart az \u00f6nkorm\u00e1nyzati v\u00e1laszt\u00e1sok el\u0151tt. &#13; &#13; &#13; Sorra \u00e9rkeznek a szemerk\u00e9l\u0151 es\u0151ben a Somogy megyei Dobozy k\u00fari\u00e1ra a vend\u00e9gek az imm\u00e1r tizenkilencedik alkalommal megrendezett polg\u00e1ri piknikre, a sok sok vend\u00e9g [&hellip;]<\/p>\n","protected":false},"author":2,"featured_media":1749,"comment_status":"open","ping_status":"open","sticky":false,"template":"","format":"standard","meta":{"footnotes":""},"categories":[1],"tags":[],"class_list":["post-1748","post","type-post","status-publish","format-standard","has-post-thumbnail","hentry","category-legujabb-penzugyi-hirek"],"yoast_head":"<!-- This site is optimized with the Yoast SEO plugin v27.4 - https:\/\/yoast.com\/product\/yoast-seo-wordpress\/ -->\n<title>Orb\u00e1n ma \u00fajra K\u00f6tcs\u00e9n piknikezik, okt\u00f3ber 13-ra mozg\u00f3s\u00edtja t\u00e1bor\u00e1t - Hot News in World<\/title>\n<meta name=\"robots\" content=\"index, follow, max-snippet:-1, max-image-preview:large, max-video-preview:-1\" \/>\n<link rel=\"canonical\" href=\"https:\/\/hotnewsinworld.com\/hu\/orban-ma-ujra-kotcsen-piknikezik-oktober-13-ra-mozgositja-taborat\/\" \/>\n<meta property=\"og:locale\" content=\"hu_HU\" \/>\n<meta property=\"og:type\" content=\"article\" \/>\n<meta property=\"og:title\" content=\"Orb\u00e1n ma \u00fajra K\u00f6tcs\u00e9n piknikezik, okt\u00f3ber 13-ra mozg\u00f3s\u00edtja t\u00e1bor\u00e1t - Hot News in World\" \/>\n<meta property=\"og:description\" content=\"Orb\u00e1n ma \u00fajra K\u00f6tcs\u00e9n piknikezik, okt\u00f3ber 13-ra mozg\u00f3s\u00edtja t\u00e1bor\u00e1t Korm\u00e1nyz\u00e1s-\u00f6nkorm\u00e1nyz\u00e1s: ma K\u00f6tcs\u00e9n Orb\u00e1n Viktor tizenkilencedszerre is az \u00f6v\u00e9ivel piknikezik, z\u00e1rt k\u00f6rben eligaz\u00edtja a jobboldali holduvart az \u00f6nkorm\u00e1nyzati v\u00e1laszt\u00e1sok el\u0151tt. &#013; &#013; &#013; Sorra \u00e9rkeznek a szemerk\u00e9l\u0151 es\u0151ben a Somogy megyei Dobozy k\u00fari\u00e1ra a vend\u00e9gek az imm\u00e1r tizenkilencedik alkalommal megrendezett polg\u00e1ri piknikre, a sok sok vend\u00e9g [&hellip;]\" \/>\n<meta property=\"og:url\" content=\"https:\/\/hotnewsinworld.com\/hu\/orban-ma-ujra-kotcsen-piknikezik-oktober-13-ra-mozgositja-taborat\/\" \/>\n<meta property=\"og:site_name\" content=\"Hot News in World\" \/>\n<meta property=\"article:published_time\" content=\"2019-09-07T11:20:43+00:00\" \/>\n<meta property=\"article:modified_time\" content=\"2019-09-07T11:20:44+00:00\" \/>\n<meta property=\"og:image\" content=\"https:\/\/hotnewsinworld.com\/hu\/wp-content\/uploads\/sites\/3\/2019\/09\/Orb\u00e1n-ma-\u00fajra-K\u00f6tcs\u00e9n-piknikezik-okt\u00f3ber-13-ra-mozg\u00f3s\u00edtja-t\u00e1bor\u00e1t.jpg\" \/>\n\t<meta property=\"og:image:width\" content=\"1200\" \/>\n\t<meta property=\"og:image:height\" content=\"628\" \/>\n\t<meta property=\"og:image:type\" content=\"image\/jpeg\" \/>\n<meta name=\"author\" content=\"hotnewsinworld\" \/>\n<meta name=\"twitter:card\" content=\"summary_large_image\" \/>\n<meta name=\"twitter:label1\" content=\"Szerz\u0151:\" \/>\n\t<meta name=\"twitter:data1\" content=\"hotnewsinworld\" \/>\n\t<meta name=\"twitter:label2\" content=\"Becs\u00fclt olvas\u00e1si id\u0151\" \/>\n\t<meta name=\"twitter:data2\" content=\"2 perc\" \/>\n<script type=\"application\/ld+json\" class=\"yoast-schema-graph\">{\"@context\":\"https:\\\/\\\/schema.org\",\"@graph\":[{\"@type\":\"Article\",\"@id\":\"https:\\\/\\\/hotnewsinworld.com\\\/hu\\\/orban-ma-ujra-kotcsen-piknikezik-oktober-13-ra-mozgositja-taborat\\\/#article\",\"isPartOf\":{\"@id\":\"https:\\\/\\\/hotnewsinworld.com\\\/hu\\\/orban-ma-ujra-kotcsen-piknikezik-oktober-13-ra-mozgositja-taborat\\\/\"},\"author\":{\"name\":\"hotnewsinworld\",\"@id\":\"https:\\\/\\\/hotnewsinworld.com\\\/hu\\\/#\\\/schema\\\/person\\\/fe61448b21c0d59086e75fcc1f9d8f6b\"},\"headline\":\"Orb\u00e1n ma \u00fajra K\u00f6tcs\u00e9n piknikezik, okt\u00f3ber 13-ra mozg\u00f3s\u00edtja t\u00e1bor\u00e1t\",\"datePublished\":\"2019-09-07T11:20:43+00:00\",\"dateModified\":\"2019-09-07T11:20:44+00:00\",\"mainEntityOfPage\":{\"@id\":\"https:\\\/\\\/hotnewsinworld.com\\\/hu\\\/orban-ma-ujra-kotcsen-piknikezik-oktober-13-ra-mozgositja-taborat\\\/\"},\"wordCount\":352,\"commentCount\":0,\"image\":{\"@id\":\"https:\\\/\\\/hotnewsinworld.com\\\/hu\\\/orban-ma-ujra-kotcsen-piknikezik-oktober-13-ra-mozgositja-taborat\\\/#primaryimage\"},\"thumbnailUrl\":\"https:\\\/\\\/hotnewsinworld.com\\\/hu\\\/wp-content\\\/uploads\\\/sites\\\/3\\\/2019\\\/09\\\/Orb\u00e1n-ma-\u00fajra-K\u00f6tcs\u00e9n-piknikezik-okt\u00f3ber-13-ra-mozg\u00f3s\u00edtja-t\u00e1bor\u00e1t.jpg\",\"articleSection\":[\"LEG\u00daJABB P\u00c9NZ\u00dcGYI H\u00cdREK\"],\"inLanguage\":\"hu\",\"potentialAction\":[{\"@type\":\"CommentAction\",\"name\":\"Comment\",\"target\":[\"https:\\\/\\\/hotnewsinworld.com\\\/hu\\\/orban-ma-ujra-kotcsen-piknikezik-oktober-13-ra-mozgositja-taborat\\\/#respond\"]}]},{\"@type\":\"WebPage\",\"@id\":\"https:\\\/\\\/hotnewsinworld.com\\\/hu\\\/orban-ma-ujra-kotcsen-piknikezik-oktober-13-ra-mozgositja-taborat\\\/\",\"url\":\"https:\\\/\\\/hotnewsinworld.com\\\/hu\\\/orban-ma-ujra-kotcsen-piknikezik-oktober-13-ra-mozgositja-taborat\\\/\",\"name\":\"Orb\u00e1n ma \u00fajra K\u00f6tcs\u00e9n piknikezik, okt\u00f3ber 13-ra mozg\u00f3s\u00edtja t\u00e1bor\u00e1t - Hot News in World\",\"isPartOf\":{\"@id\":\"https:\\\/\\\/hotnewsinworld.com\\\/hu\\\/#website\"},\"primaryImageOfPage\":{\"@id\":\"https:\\\/\\\/hotnewsinworld.com\\\/hu\\\/orban-ma-ujra-kotcsen-piknikezik-oktober-13-ra-mozgositja-taborat\\\/#primaryimage\"},\"image\":{\"@id\":\"https:\\\/\\\/hotnewsinworld.com\\\/hu\\\/orban-ma-ujra-kotcsen-piknikezik-oktober-13-ra-mozgositja-taborat\\\/#primaryimage\"},\"thumbnailUrl\":\"https:\\\/\\\/hotnewsinworld.com\\\/hu\\\/wp-content\\\/uploads\\\/sites\\\/3\\\/2019\\\/09\\\/Orb\u00e1n-ma-\u00fajra-K\u00f6tcs\u00e9n-piknikezik-okt\u00f3ber-13-ra-mozg\u00f3s\u00edtja-t\u00e1bor\u00e1t.jpg\",\"datePublished\":\"2019-09-07T11:20:43+00:00\",\"dateModified\":\"2019-09-07T11:20:44+00:00\",\"author\":{\"@id\":\"https:\\\/\\\/hotnewsinworld.com\\\/hu\\\/#\\\/schema\\\/person\\\/fe61448b21c0d59086e75fcc1f9d8f6b\"},\"breadcrumb\":{\"@id\":\"https:\\\/\\\/hotnewsinworld.com\\\/hu\\\/orban-ma-ujra-kotcsen-piknikezik-oktober-13-ra-mozgositja-taborat\\\/#breadcrumb\"},\"inLanguage\":\"hu\",\"potentialAction\":[{\"@type\":\"ReadAction\",\"target\":[\"https:\\\/\\\/hotnewsinworld.com\\\/hu\\\/orban-ma-ujra-kotcsen-piknikezik-oktober-13-ra-mozgositja-taborat\\\/\"]}]},{\"@type\":\"ImageObject\",\"inLanguage\":\"hu\",\"@id\":\"https:\\\/\\\/hotnewsinworld.com\\\/hu\\\/orban-ma-ujra-kotcsen-piknikezik-oktober-13-ra-mozgositja-taborat\\\/#primaryimage\",\"url\":\"https:\\\/\\\/hotnewsinworld.com\\\/hu\\\/wp-content\\\/uploads\\\/sites\\\/3\\\/2019\\\/09\\\/Orb\u00e1n-ma-\u00fajra-K\u00f6tcs\u00e9n-piknikezik-okt\u00f3ber-13-ra-mozg\u00f3s\u00edtja-t\u00e1bor\u00e1t.jpg\",\"contentUrl\":\"https:\\\/\\\/hotnewsinworld.com\\\/hu\\\/wp-content\\\/uploads\\\/sites\\\/3\\\/2019\\\/09\\\/Orb\u00e1n-ma-\u00fajra-K\u00f6tcs\u00e9n-piknikezik-okt\u00f3ber-13-ra-mozg\u00f3s\u00edtja-t\u00e1bor\u00e1t.jpg\",\"width\":1200,\"height\":628,\"caption\":\"Orb\u00e1n ma \u00fajra K\u00f6tcs\u00e9n piknikezik, okt\u00f3ber 13-ra mozg\u00f3s\u00edtja t\u00e1bor\u00e1t\"},{\"@type\":\"BreadcrumbList\",\"@id\":\"https:\\\/\\\/hotnewsinworld.com\\\/hu\\\/orban-ma-ujra-kotcsen-piknikezik-oktober-13-ra-mozgositja-taborat\\\/#breadcrumb\",\"itemListElement\":[{\"@type\":\"ListItem\",\"position\":1,\"name\":\"\u0413\u043b\u0430\u0432\u043d\u0430\u044f \u0441\u0442\u0440\u0430\u043d\u0438\u0446\u0430\",\"item\":\"https:\\\/\\\/hotnewsinworld.com\\\/hu\\\/\"},{\"@type\":\"ListItem\",\"position\":2,\"name\":\"Orb\u00e1n ma \u00fajra K\u00f6tcs\u00e9n piknikezik, okt\u00f3ber 13-ra mozg\u00f3s\u00edtja t\u00e1bor\u00e1t\"}]},{\"@type\":\"WebSite\",\"@id\":\"https:\\\/\\\/hotnewsinworld.com\\\/hu\\\/#website\",\"url\":\"https:\\\/\\\/hotnewsinworld.com\\\/hu\\\/\",\"name\":\"Hot News in World\",\"description\":\"Hot News in World from Hungary\",\"potentialAction\":[{\"@type\":\"SearchAction\",\"target\":{\"@type\":\"EntryPoint\",\"urlTemplate\":\"https:\\\/\\\/hotnewsinworld.com\\\/hu\\\/?s={search_term_string}\"},\"query-input\":{\"@type\":\"PropertyValueSpecification\",\"valueRequired\":true,\"valueName\":\"search_term_string\"}}],\"inLanguage\":\"hu\"},{\"@type\":\"Person\",\"@id\":\"https:\\\/\\\/hotnewsinworld.com\\\/hu\\\/#\\\/schema\\\/person\\\/fe61448b21c0d59086e75fcc1f9d8f6b\",\"name\":\"hotnewsinworld\",\"image\":{\"@type\":\"ImageObject\",\"inLanguage\":\"hu\",\"@id\":\"https:\\\/\\\/secure.gravatar.com\\\/avatar\\\/8a09ac165600ce2e1c38fe593c63928eb1e6e7ba5c5a907d67787c41b3d00c14?s=96&d=mm&r=g\",\"url\":\"https:\\\/\\\/secure.gravatar.com\\\/avatar\\\/8a09ac165600ce2e1c38fe593c63928eb1e6e7ba5c5a907d67787c41b3d00c14?s=96&d=mm&r=g\",\"contentUrl\":\"https:\\\/\\\/secure.gravatar.com\\\/avatar\\\/8a09ac165600ce2e1c38fe593c63928eb1e6e7ba5c5a907d67787c41b3d00c14?s=96&d=mm&r=g\",\"caption\":\"hotnewsinworld\"},\"url\":\"https:\\\/\\\/hotnewsinworld.com\\\/hu\\\/author\\\/pt\\\/\"}]}<\/script>\n<!-- \/ Yoast SEO plugin. -->","yoast_head_json":{"title":"Orb\u00e1n ma \u00fajra K\u00f6tcs\u00e9n piknikezik, okt\u00f3ber 13-ra mozg\u00f3s\u00edtja t\u00e1bor\u00e1t - Hot News in World","robots":{"index":"index","follow":"follow","max-snippet":"max-snippet:-1","max-image-preview":"max-image-preview:large","max-video-preview":"max-video-preview:-1"},"canonical":"https:\/\/hotnewsinworld.com\/hu\/orban-ma-ujra-kotcsen-piknikezik-oktober-13-ra-mozgositja-taborat\/","og_locale":"hu_HU","og_type":"article","og_title":"Orb\u00e1n ma \u00fajra K\u00f6tcs\u00e9n piknikezik, okt\u00f3ber 13-ra mozg\u00f3s\u00edtja t\u00e1bor\u00e1t - Hot News in World","og_description":"Orb\u00e1n ma \u00fajra K\u00f6tcs\u00e9n piknikezik, okt\u00f3ber 13-ra mozg\u00f3s\u00edtja t\u00e1bor\u00e1t Korm\u00e1nyz\u00e1s-\u00f6nkorm\u00e1nyz\u00e1s: ma K\u00f6tcs\u00e9n Orb\u00e1n Viktor tizenkilencedszerre is az \u00f6v\u00e9ivel piknikezik, z\u00e1rt k\u00f6rben eligaz\u00edtja a jobboldali holduvart az \u00f6nkorm\u00e1nyzati v\u00e1laszt\u00e1sok el\u0151tt. &#13; &#13; &#13; Sorra \u00e9rkeznek a szemerk\u00e9l\u0151 es\u0151ben a Somogy megyei Dobozy k\u00fari\u00e1ra a vend\u00e9gek az imm\u00e1r tizenkilencedik alkalommal megrendezett polg\u00e1ri piknikre, a sok sok vend\u00e9g [&hellip;]","og_url":"https:\/\/hotnewsinworld.com\/hu\/orban-ma-ujra-kotcsen-piknikezik-oktober-13-ra-mozgositja-taborat\/","og_site_name":"Hot News in World","article_published_time":"2019-09-07T11:20:43+00:00","article_modified_time":"2019-09-07T11:20:44+00:00","og_image":[{"width":1200,"height":628,"url":"https:\/\/hotnewsinworld.com\/hu\/wp-content\/uploads\/sites\/3\/2019\/09\/Orb\u00e1n-ma-\u00fajra-K\u00f6tcs\u00e9n-piknikezik-okt\u00f3ber-13-ra-mozg\u00f3s\u00edtja-t\u00e1bor\u00e1t.jpg","type":"image\/jpeg"}],"author":"hotnewsinworld","twitter_card":"summary_large_image","twitter_misc":{"Szerz\u0151:":"hotnewsinworld","Becs\u00fclt olvas\u00e1si id\u0151":"2 perc"},"schema":{"@context":"https:\/\/schema.org","@graph":[{"@type":"Article","@id":"https:\/\/hotnewsinworld.com\/hu\/orban-ma-ujra-kotcsen-piknikezik-oktober-13-ra-mozgositja-taborat\/#article","isPartOf":{"@id":"https:\/\/hotnewsinworld.com\/hu\/orban-ma-ujra-kotcsen-piknikezik-oktober-13-ra-mozgositja-taborat\/"},"author":{"name":"hotnewsinworld","@id":"https:\/\/hotnewsinworld.com\/hu\/#\/schema\/person\/fe61448b21c0d59086e75fcc1f9d8f6b"},"headline":"Orb\u00e1n ma \u00fajra K\u00f6tcs\u00e9n piknikezik, okt\u00f3ber 13-ra mozg\u00f3s\u00edtja t\u00e1bor\u00e1t","datePublished":"2019-09-07T11:20:43+00:00","dateModified":"2019-09-07T11:20:44+00:00","mainEntityOfPage":{"@id":"https:\/\/hotnewsinworld.com\/hu\/orban-ma-ujra-kotcsen-piknikezik-oktober-13-ra-mozgositja-taborat\/"},"wordCount":352,"commentCount":0,"image":{"@id":"https:\/\/hotnewsinworld.com\/hu\/orban-ma-ujra-kotcsen-piknikezik-oktober-13-ra-mozgositja-taborat\/#primaryimage"},"thumbnailUrl":"https:\/\/hotnewsinworld.com\/hu\/wp-content\/uploads\/sites\/3\/2019\/09\/Orb\u00e1n-ma-\u00fajra-K\u00f6tcs\u00e9n-piknikezik-okt\u00f3ber-13-ra-mozg\u00f3s\u00edtja-t\u00e1bor\u00e1t.jpg","articleSection":["LEG\u00daJABB P\u00c9NZ\u00dcGYI H\u00cdREK"],"inLanguage":"hu","potentialAction":[{"@type":"CommentAction","name":"Comment","target":["https:\/\/hotnewsinworld.com\/hu\/orban-ma-ujra-kotcsen-piknikezik-oktober-13-ra-mozgositja-taborat\/#respond"]}]},{"@type":"WebPage","@id":"https:\/\/hotnewsinworld.com\/hu\/orban-ma-ujra-kotcsen-piknikezik-oktober-13-ra-mozgositja-taborat\/","url":"https:\/\/hotnewsinworld.com\/hu\/orban-ma-ujra-kotcsen-piknikezik-oktober-13-ra-mozgositja-taborat\/","name":"Orb\u00e1n ma \u00fajra K\u00f6tcs\u00e9n piknikezik, okt\u00f3ber 13-ra mozg\u00f3s\u00edtja t\u00e1bor\u00e1t - Hot News in World","isPartOf":{"@id":"https:\/\/hotnewsinworld.com\/hu\/#website"},"primaryImageOfPage":{"@id":"https:\/\/hotnewsinworld.com\/hu\/orban-ma-ujra-kotcsen-piknikezik-oktober-13-ra-mozgositja-taborat\/#primaryimage"},"image":{"@id":"https:\/\/hotnewsinworld.com\/hu\/orban-ma-ujra-kotcsen-piknikezik-oktober-13-ra-mozgositja-taborat\/#primaryimage"},"thumbnailUrl":"https:\/\/hotnewsinworld.com\/hu\/wp-content\/uploads\/sites\/3\/2019\/09\/Orb\u00e1n-ma-\u00fajra-K\u00f6tcs\u00e9n-piknikezik-okt\u00f3ber-13-ra-mozg\u00f3s\u00edtja-t\u00e1bor\u00e1t.jpg","datePublished":"2019-09-07T11:20:43+00:00","dateModified":"2019-09-07T11:20:44+00:00","author":{"@id":"https:\/\/hotnewsinworld.com\/hu\/#\/schema\/person\/fe61448b21c0d59086e75fcc1f9d8f6b"},"breadcrumb":{"@id":"https:\/\/hotnewsinworld.com\/hu\/orban-ma-ujra-kotcsen-piknikezik-oktober-13-ra-mozgositja-taborat\/#breadcrumb"},"inLanguage":"hu","potentialAction":[{"@type":"ReadAction","target":["https:\/\/hotnewsinworld.com\/hu\/orban-ma-ujra-kotcsen-piknikezik-oktober-13-ra-mozgositja-taborat\/"]}]},{"@type":"ImageObject","inLanguage":"hu","@id":"https:\/\/hotnewsinworld.com\/hu\/orban-ma-ujra-kotcsen-piknikezik-oktober-13-ra-mozgositja-taborat\/#primaryimage","url":"https:\/\/hotnewsinworld.com\/hu\/wp-content\/uploads\/sites\/3\/2019\/09\/Orb\u00e1n-ma-\u00fajra-K\u00f6tcs\u00e9n-piknikezik-okt\u00f3ber-13-ra-mozg\u00f3s\u00edtja-t\u00e1bor\u00e1t.jpg","contentUrl":"https:\/\/hotnewsinworld.com\/hu\/wp-content\/uploads\/sites\/3\/2019\/09\/Orb\u00e1n-ma-\u00fajra-K\u00f6tcs\u00e9n-piknikezik-okt\u00f3ber-13-ra-mozg\u00f3s\u00edtja-t\u00e1bor\u00e1t.jpg","width":1200,"height":628,"caption":"Orb\u00e1n ma \u00fajra K\u00f6tcs\u00e9n piknikezik, okt\u00f3ber 13-ra mozg\u00f3s\u00edtja t\u00e1bor\u00e1t"},{"@type":"BreadcrumbList","@id":"https:\/\/hotnewsinworld.com\/hu\/orban-ma-ujra-kotcsen-piknikezik-oktober-13-ra-mozgositja-taborat\/#breadcrumb","itemListElement":[{"@type":"ListItem","position":1,"name":"\u0413\u043b\u0430\u0432\u043d\u0430\u044f \u0441\u0442\u0440\u0430\u043d\u0438\u0446\u0430","item":"https:\/\/hotnewsinworld.com\/hu\/"},{"@type":"ListItem","position":2,"name":"Orb\u00e1n ma \u00fajra K\u00f6tcs\u00e9n piknikezik, okt\u00f3ber 13-ra mozg\u00f3s\u00edtja t\u00e1bor\u00e1t"}]},{"@type":"WebSite","@id":"https:\/\/hotnewsinworld.com\/hu\/#website","url":"https:\/\/hotnewsinworld.com\/hu\/","name":"Hot News in World","description":"Hot News in World from Hungary","potentialAction":[{"@type":"SearchAction","target":{"@type":"EntryPoint","urlTemplate":"https:\/\/hotnewsinworld.com\/hu\/?s={search_term_string}"},"query-input":{"@type":"PropertyValueSpecification","valueRequired":true,"valueName":"search_term_string"}}],"inLanguage":"hu"},{"@type":"Person","@id":"https:\/\/hotnewsinworld.com\/hu\/#\/schema\/person\/fe61448b21c0d59086e75fcc1f9d8f6b","name":"hotnewsinworld","image":{"@type":"ImageObject","inLanguage":"hu","@id":"https:\/\/secure.gravatar.com\/avatar\/8a09ac165600ce2e1c38fe593c63928eb1e6e7ba5c5a907d67787c41b3d00c14?s=96&d=mm&r=g","url":"https:\/\/secure.gravatar.com\/avatar\/8a09ac165600ce2e1c38fe593c63928eb1e6e7ba5c5a907d67787c41b3d00c14?s=96&d=mm&r=g","contentUrl":"https:\/\/secure.gravatar.com\/avatar\/8a09ac165600ce2e1c38fe593c63928eb1e6e7ba5c5a907d67787c41b3d00c14?s=96&d=mm&r=g","caption":"hotnewsinworld"},"url":"https:\/\/hotnewsinworld.com\/hu\/author\/pt\/"}]}},"_links":{"self":[{"href":"https:\/\/hotnewsinworld.com\/hu\/wp-json\/wp\/v2\/posts\/1748","targetHints":{"allow":["GET"]}}],"collection":[{"href":"https:\/\/hotnewsinworld.com\/hu\/wp-json\/wp\/v2\/posts"}],"about":[{"href":"https:\/\/hotnewsinworld.com\/hu\/wp-json\/wp\/v2\/types\/post"}],"author":[{"embeddable":true,"href":"https:\/\/hotnewsinworld.com\/hu\/wp-json\/wp\/v2\/users\/2"}],"replies":[{"embeddable":true,"href":"https:\/\/hotnewsinworld.com\/hu\/wp-json\/wp\/v2\/comments?post=1748"}],"version-history":[{"count":1,"href":"https:\/\/hotnewsinworld.com\/hu\/wp-json\/wp\/v2\/posts\/1748\/revisions"}],"predecessor-version":[{"id":1750,"href":"https:\/\/hotnewsinworld.com\/hu\/wp-json\/wp\/v2\/posts\/1748\/revisions\/1750"}],"wp:featuredmedia":[{"embeddable":true,"href":"https:\/\/hotnewsinworld.com\/hu\/wp-json\/wp\/v2\/media\/1749"}],"wp:attachment":[{"href":"https:\/\/hotnewsinworld.com\/hu\/wp-json\/wp\/v2\/media?parent=1748"}],"wp:term":[{"taxonomy":"category","embeddable":true,"href":"https:\/\/hotnewsinworld.com\/hu\/wp-json\/wp\/v2\/categories?post=1748"},{"taxonomy":"post_tag","embeddable":true,"href":"https:\/\/hotnewsinworld.com\/hu\/wp-json\/wp\/v2\/tags?post=1748"}],"curies":[{"name":"wp","href":"https:\/\/api.w.org\/{rel}","templated":true}]}}