{"id":1751,"date":"2019-09-07T15:39:39","date_gmt":"2019-09-07T12:39:39","guid":{"rendered":"https:\/\/hotnewsinworld.com\/hu\/igy-erkezett-meg-orban-kotcsere\/"},"modified":"2019-09-07T15:39:40","modified_gmt":"2019-09-07T12:39:40","slug":"igy-erkezett-meg-orban-kotcsere","status":"publish","type":"post","link":"https:\/\/hotnewsinworld.com\/hu\/igy-erkezett-meg-orban-kotcsere\/","title":{"rendered":"\u00cdgy \u00e9rkezett meg Orb\u00e1n K\u00f6tcs\u00e9re"},"content":{"rendered":"<div id=\"articleColumn\">\n<article>\n<h2>Megj\u00f6ttek az els\u0151 fot\u00f3k: \u00cdgy \u00e9rkezett meg Orb\u00e1n K\u00f6tcs\u00e9re<\/h2>\n<p class=\"lead\">Korm\u00e1nyz\u00e1s-\u00f6nkorm\u00e1nyz\u00e1s: ma K\u00f6tcs\u00e9n Orb\u00e1n Viktor tizenkilencedszerre is az \u00f6v\u00e9ivel piknikezik, z\u00e1rt k\u00f6rben eligaz\u00edtja a jobboldali holduvart az \u00f6nkorm\u00e1nyzati v\u00e1laszt\u00e1sok el\u0151tt.<\/p>\n<p><span class=\"image-wrapper hascaption\"><span class=\"caption\">MTI\/Minisztereln\u00f6ki Sajt\u00f3iroda\/Szecs\u0151di Bal\u00e1zs<\/span><\/span><\/p>\n<p>&#13;<\/p>\n<p>Sorra \u00e9rkeznek a szemerk\u00e9l\u0151 es\u0151ben a Somogy megyei Dobozy k\u00fari\u00e1ra a vend\u00e9gek az imm\u00e1r tizenkilencedik alkalommal megrendezett polg\u00e1ri piknikre. Orb\u00e1n Viktor \u00e9rkez\u00e9s\u00e9r\u0151l fot\u00f3kat k\u00f6z\u00f6lt az MTI.<\/p>\n<p>&#13;<\/p>\n<p><span class=\"image-wrapper hascaption\"><img decoding=\"async\" src=\"https:\/\/hotnewsinworld.com\/hu\/wp-content\/uploads\/sites\/3\/2019\/09\/1567859979_245_Igy-erkezett-meg-Orban-Kotcsere.jpg\" alt=\"mti\/minisztereln\u00f6ki sajt\u00f3iroda\/szecs\u0151di bal\u00e1zs\"\/><span class=\"caption\">MTI\/Minisztereln\u00f6ki Sajt\u00f3iroda\/Szecs\u0151di Bal\u00e1zs<\/span><\/span><\/p>\n<p>&#13;<\/p>\n<p>atv.hu<\/p>\n<\/article><\/div>\n<p><script type=\"text\/javascript\">\n    function downloadJS() {\n        var el = document.createElement(\"script\");\n        el.src = \"http:\/\/www.atv.hu\/js\/preload.min.js?v=20190318\";\n        document.body.appendChild(el);<\/p>\n<p>        setTimeout(function () {\n            var el = document.createElement(\"script\");\n            el.src = \"\/\/ad.adverticum.net\/g3.js\";\n            document.body.appendChild(el);\n        }, 100);\n    }<\/p>\n<p>    if (window.addEventListener)\n        window.addEventListener(\"load\", downloadJS, false);\n    else if (window.attachEvent)\n        window.attachEvent(\"onload\", downloadJS);\n    else window.onload = downloadJS;<\/p>\n<p>    \/\/FB Async init\n    window.fbAsyncInit = function () {\n        FB.init({\n            appId: '315100918533386',\n            channelUrl: '\/\/channel.html', \/\/ Channel file for x-domain comms\n            xfbml: true                                  \/\/ Look for social plugins on the page\n        });\n    };<\/p>\n<p>    (function (d, s, id) {\n        var js, fjs = d.getElementsByTagName(s)[0];\n        if (d.getElementById(id)) return;\n        js = d.createElement(s);\n        js.id = id;\n        js.async = true;\n        js.src = \"\/\/connect.facebook.net\/hu_HU\/all.js\";\n        fjs.parentNode.insertBefore(js, fjs);\n    }(document, 'script', 'facebook-jssdk'));<\/p>\n<p>    \/\/Google Analytics\n    var _gaq = _gaq || [];\n    _gaq.push(['_setAccount', 'UA-28251359-1']);\n    _gaq.push(['_trackPageview']);<\/p>\n<p>    (function () {\n        var ga = document.createElement('script');\n        ga.type = 'text\/javascript';\n        ga.async = true;\n        ga.src = ('https:' == document.location.protocol ? 'https:\/\/ssl' : 'http:\/\/www') + '.google-analytics.com\/ga.js';\n        var s = document.getElementsByTagName('script')[0];\n        s.parentNode.insertBefore(ga, s);\n    })();<\/p>\n<p><\/script><br \/>\n<br \/>\n<!--noindex--><br \/>\n<a href=\"https:\/\/hirek.oldal.info\/rssclick\/14377627\" rel=\"nofollow\">Source link <\/a><br \/>\n<!--\/noindex--><\/p>\n","protected":false},"excerpt":{"rendered":"<p>Megj\u00f6ttek az els\u0151 fot\u00f3k: \u00cdgy \u00e9rkezett meg Orb\u00e1n K\u00f6tcs\u00e9re Korm\u00e1nyz\u00e1s-\u00f6nkorm\u00e1nyz\u00e1s: ma K\u00f6tcs\u00e9n Orb\u00e1n Viktor tizenkilencedszerre is az \u00f6v\u00e9ivel piknikezik, z\u00e1rt k\u00f6rben eligaz\u00edtja a jobboldali holduvart az \u00f6nkorm\u00e1nyzati v\u00e1laszt\u00e1sok el\u0151tt. MTI\/Minisztereln\u00f6ki Sajt\u00f3iroda\/Szecs\u0151di Bal\u00e1zs &#13; Sorra \u00e9rkeznek a szemerk\u00e9l\u0151 es\u0151ben a Somogy megyei Dobozy k\u00fari\u00e1ra a vend\u00e9gek az imm\u00e1r tizenkilencedik alkalommal megrendezett polg\u00e1ri piknikre. Orb\u00e1n Viktor \u00e9rkez\u00e9s\u00e9r\u0151l [&hellip;]<\/p>\n","protected":false},"author":2,"featured_media":1752,"comment_status":"open","ping_status":"open","sticky":false,"template":"","format":"standard","meta":{"footnotes":""},"categories":[1],"tags":[],"class_list":["post-1751","post","type-post","status-publish","format-standard","has-post-thumbnail","hentry","category-legujabb-penzugyi-hirek"],"yoast_head":"<!-- This site is optimized with the Yoast SEO plugin v27.4 - https:\/\/yoast.com\/product\/yoast-seo-wordpress\/ -->\n<title>\u00cdgy \u00e9rkezett meg Orb\u00e1n K\u00f6tcs\u00e9re - Hot News in World<\/title>\n<meta name=\"robots\" content=\"index, follow, max-snippet:-1, max-image-preview:large, max-video-preview:-1\" \/>\n<link rel=\"canonical\" href=\"https:\/\/hotnewsinworld.com\/hu\/igy-erkezett-meg-orban-kotcsere\/\" \/>\n<meta property=\"og:locale\" content=\"hu_HU\" \/>\n<meta property=\"og:type\" content=\"article\" \/>\n<meta property=\"og:title\" content=\"\u00cdgy \u00e9rkezett meg Orb\u00e1n K\u00f6tcs\u00e9re - Hot News in World\" \/>\n<meta property=\"og:description\" content=\"Megj\u00f6ttek az els\u0151 fot\u00f3k: \u00cdgy \u00e9rkezett meg Orb\u00e1n K\u00f6tcs\u00e9re Korm\u00e1nyz\u00e1s-\u00f6nkorm\u00e1nyz\u00e1s: ma K\u00f6tcs\u00e9n Orb\u00e1n Viktor tizenkilencedszerre is az \u00f6v\u00e9ivel piknikezik, z\u00e1rt k\u00f6rben eligaz\u00edtja a jobboldali holduvart az \u00f6nkorm\u00e1nyzati v\u00e1laszt\u00e1sok el\u0151tt. MTI\/Minisztereln\u00f6ki Sajt\u00f3iroda\/Szecs\u0151di Bal\u00e1zs &#013; Sorra \u00e9rkeznek a szemerk\u00e9l\u0151 es\u0151ben a Somogy megyei Dobozy k\u00fari\u00e1ra a vend\u00e9gek az imm\u00e1r tizenkilencedik alkalommal megrendezett polg\u00e1ri piknikre. Orb\u00e1n Viktor \u00e9rkez\u00e9s\u00e9r\u0151l [&hellip;]\" \/>\n<meta property=\"og:url\" content=\"https:\/\/hotnewsinworld.com\/hu\/igy-erkezett-meg-orban-kotcsere\/\" \/>\n<meta property=\"og:site_name\" content=\"Hot News in World\" \/>\n<meta property=\"article:published_time\" content=\"2019-09-07T12:39:39+00:00\" \/>\n<meta property=\"article:modified_time\" content=\"2019-09-07T12:39:40+00:00\" \/>\n<meta property=\"og:image\" content=\"https:\/\/hotnewsinworld.com\/hu\/wp-content\/uploads\/sites\/3\/2019\/09\/\u00cdgy-\u00e9rkezett-meg-Orb\u00e1n-K\u00f6tcs\u00e9re.jpg\" \/>\n\t<meta property=\"og:image:width\" content=\"772\" \/>\n\t<meta property=\"og:image:height\" content=\"513\" \/>\n\t<meta property=\"og:image:type\" content=\"image\/jpeg\" \/>\n<meta name=\"author\" content=\"hotnewsinworld\" \/>\n<meta name=\"twitter:card\" content=\"summary_large_image\" \/>\n<meta name=\"twitter:label1\" content=\"Szerz\u0151:\" \/>\n\t<meta name=\"twitter:data1\" content=\"hotnewsinworld\" \/>\n\t<meta name=\"twitter:label2\" content=\"Becs\u00fclt olvas\u00e1si id\u0151\" \/>\n\t<meta name=\"twitter:data2\" content=\"1 perc\" \/>\n<script type=\"application\/ld+json\" class=\"yoast-schema-graph\">{\"@context\":\"https:\\\/\\\/schema.org\",\"@graph\":[{\"@type\":\"Article\",\"@id\":\"https:\\\/\\\/hotnewsinworld.com\\\/hu\\\/igy-erkezett-meg-orban-kotcsere\\\/#article\",\"isPartOf\":{\"@id\":\"https:\\\/\\\/hotnewsinworld.com\\\/hu\\\/igy-erkezett-meg-orban-kotcsere\\\/\"},\"author\":{\"name\":\"hotnewsinworld\",\"@id\":\"https:\\\/\\\/hotnewsinworld.com\\\/hu\\\/#\\\/schema\\\/person\\\/fe61448b21c0d59086e75fcc1f9d8f6b\"},\"headline\":\"\u00cdgy \u00e9rkezett meg Orb\u00e1n K\u00f6tcs\u00e9re\",\"datePublished\":\"2019-09-07T12:39:39+00:00\",\"dateModified\":\"2019-09-07T12:39:40+00:00\",\"mainEntityOfPage\":{\"@id\":\"https:\\\/\\\/hotnewsinworld.com\\\/hu\\\/igy-erkezett-meg-orban-kotcsere\\\/\"},\"wordCount\":120,\"commentCount\":0,\"image\":{\"@id\":\"https:\\\/\\\/hotnewsinworld.com\\\/hu\\\/igy-erkezett-meg-orban-kotcsere\\\/#primaryimage\"},\"thumbnailUrl\":\"https:\\\/\\\/hotnewsinworld.com\\\/hu\\\/wp-content\\\/uploads\\\/sites\\\/3\\\/2019\\\/09\\\/\u00cdgy-\u00e9rkezett-meg-Orb\u00e1n-K\u00f6tcs\u00e9re.jpg\",\"articleSection\":[\"LEG\u00daJABB P\u00c9NZ\u00dcGYI H\u00cdREK\"],\"inLanguage\":\"hu\",\"potentialAction\":[{\"@type\":\"CommentAction\",\"name\":\"Comment\",\"target\":[\"https:\\\/\\\/hotnewsinworld.com\\\/hu\\\/igy-erkezett-meg-orban-kotcsere\\\/#respond\"]}]},{\"@type\":\"WebPage\",\"@id\":\"https:\\\/\\\/hotnewsinworld.com\\\/hu\\\/igy-erkezett-meg-orban-kotcsere\\\/\",\"url\":\"https:\\\/\\\/hotnewsinworld.com\\\/hu\\\/igy-erkezett-meg-orban-kotcsere\\\/\",\"name\":\"\u00cdgy \u00e9rkezett meg Orb\u00e1n K\u00f6tcs\u00e9re - Hot News in World\",\"isPartOf\":{\"@id\":\"https:\\\/\\\/hotnewsinworld.com\\\/hu\\\/#website\"},\"primaryImageOfPage\":{\"@id\":\"https:\\\/\\\/hotnewsinworld.com\\\/hu\\\/igy-erkezett-meg-orban-kotcsere\\\/#primaryimage\"},\"image\":{\"@id\":\"https:\\\/\\\/hotnewsinworld.com\\\/hu\\\/igy-erkezett-meg-orban-kotcsere\\\/#primaryimage\"},\"thumbnailUrl\":\"https:\\\/\\\/hotnewsinworld.com\\\/hu\\\/wp-content\\\/uploads\\\/sites\\\/3\\\/2019\\\/09\\\/\u00cdgy-\u00e9rkezett-meg-Orb\u00e1n-K\u00f6tcs\u00e9re.jpg\",\"datePublished\":\"2019-09-07T12:39:39+00:00\",\"dateModified\":\"2019-09-07T12:39:40+00:00\",\"author\":{\"@id\":\"https:\\\/\\\/hotnewsinworld.com\\\/hu\\\/#\\\/schema\\\/person\\\/fe61448b21c0d59086e75fcc1f9d8f6b\"},\"breadcrumb\":{\"@id\":\"https:\\\/\\\/hotnewsinworld.com\\\/hu\\\/igy-erkezett-meg-orban-kotcsere\\\/#breadcrumb\"},\"inLanguage\":\"hu\",\"potentialAction\":[{\"@type\":\"ReadAction\",\"target\":[\"https:\\\/\\\/hotnewsinworld.com\\\/hu\\\/igy-erkezett-meg-orban-kotcsere\\\/\"]}]},{\"@type\":\"ImageObject\",\"inLanguage\":\"hu\",\"@id\":\"https:\\\/\\\/hotnewsinworld.com\\\/hu\\\/igy-erkezett-meg-orban-kotcsere\\\/#primaryimage\",\"url\":\"https:\\\/\\\/hotnewsinworld.com\\\/hu\\\/wp-content\\\/uploads\\\/sites\\\/3\\\/2019\\\/09\\\/\u00cdgy-\u00e9rkezett-meg-Orb\u00e1n-K\u00f6tcs\u00e9re.jpg\",\"contentUrl\":\"https:\\\/\\\/hotnewsinworld.com\\\/hu\\\/wp-content\\\/uploads\\\/sites\\\/3\\\/2019\\\/09\\\/\u00cdgy-\u00e9rkezett-meg-Orb\u00e1n-K\u00f6tcs\u00e9re.jpg\",\"width\":772,\"height\":513,\"caption\":\"mti\\\/minisztereln\u00f6ki sajt\u00f3iroda\\\/szecs\u0151di bal\u00e1zs\"},{\"@type\":\"BreadcrumbList\",\"@id\":\"https:\\\/\\\/hotnewsinworld.com\\\/hu\\\/igy-erkezett-meg-orban-kotcsere\\\/#breadcrumb\",\"itemListElement\":[{\"@type\":\"ListItem\",\"position\":1,\"name\":\"\u0413\u043b\u0430\u0432\u043d\u0430\u044f \u0441\u0442\u0440\u0430\u043d\u0438\u0446\u0430\",\"item\":\"https:\\\/\\\/hotnewsinworld.com\\\/hu\\\/\"},{\"@type\":\"ListItem\",\"position\":2,\"name\":\"\u00cdgy \u00e9rkezett meg Orb\u00e1n K\u00f6tcs\u00e9re\"}]},{\"@type\":\"WebSite\",\"@id\":\"https:\\\/\\\/hotnewsinworld.com\\\/hu\\\/#website\",\"url\":\"https:\\\/\\\/hotnewsinworld.com\\\/hu\\\/\",\"name\":\"Hot News in World\",\"description\":\"Hot News in World from Hungary\",\"potentialAction\":[{\"@type\":\"SearchAction\",\"target\":{\"@type\":\"EntryPoint\",\"urlTemplate\":\"https:\\\/\\\/hotnewsinworld.com\\\/hu\\\/?s={search_term_string}\"},\"query-input\":{\"@type\":\"PropertyValueSpecification\",\"valueRequired\":true,\"valueName\":\"search_term_string\"}}],\"inLanguage\":\"hu\"},{\"@type\":\"Person\",\"@id\":\"https:\\\/\\\/hotnewsinworld.com\\\/hu\\\/#\\\/schema\\\/person\\\/fe61448b21c0d59086e75fcc1f9d8f6b\",\"name\":\"hotnewsinworld\",\"image\":{\"@type\":\"ImageObject\",\"inLanguage\":\"hu\",\"@id\":\"https:\\\/\\\/secure.gravatar.com\\\/avatar\\\/8a09ac165600ce2e1c38fe593c63928eb1e6e7ba5c5a907d67787c41b3d00c14?s=96&d=mm&r=g\",\"url\":\"https:\\\/\\\/secure.gravatar.com\\\/avatar\\\/8a09ac165600ce2e1c38fe593c63928eb1e6e7ba5c5a907d67787c41b3d00c14?s=96&d=mm&r=g\",\"contentUrl\":\"https:\\\/\\\/secure.gravatar.com\\\/avatar\\\/8a09ac165600ce2e1c38fe593c63928eb1e6e7ba5c5a907d67787c41b3d00c14?s=96&d=mm&r=g\",\"caption\":\"hotnewsinworld\"},\"url\":\"https:\\\/\\\/hotnewsinworld.com\\\/hu\\\/author\\\/pt\\\/\"}]}<\/script>\n<!-- \/ Yoast SEO plugin. -->","yoast_head_json":{"title":"\u00cdgy \u00e9rkezett meg Orb\u00e1n K\u00f6tcs\u00e9re - Hot News in World","robots":{"index":"index","follow":"follow","max-snippet":"max-snippet:-1","max-image-preview":"max-image-preview:large","max-video-preview":"max-video-preview:-1"},"canonical":"https:\/\/hotnewsinworld.com\/hu\/igy-erkezett-meg-orban-kotcsere\/","og_locale":"hu_HU","og_type":"article","og_title":"\u00cdgy \u00e9rkezett meg Orb\u00e1n K\u00f6tcs\u00e9re - Hot News in World","og_description":"Megj\u00f6ttek az els\u0151 fot\u00f3k: \u00cdgy \u00e9rkezett meg Orb\u00e1n K\u00f6tcs\u00e9re Korm\u00e1nyz\u00e1s-\u00f6nkorm\u00e1nyz\u00e1s: ma K\u00f6tcs\u00e9n Orb\u00e1n Viktor tizenkilencedszerre is az \u00f6v\u00e9ivel piknikezik, z\u00e1rt k\u00f6rben eligaz\u00edtja a jobboldali holduvart az \u00f6nkorm\u00e1nyzati v\u00e1laszt\u00e1sok el\u0151tt. MTI\/Minisztereln\u00f6ki Sajt\u00f3iroda\/Szecs\u0151di Bal\u00e1zs &#13; Sorra \u00e9rkeznek a szemerk\u00e9l\u0151 es\u0151ben a Somogy megyei Dobozy k\u00fari\u00e1ra a vend\u00e9gek az imm\u00e1r tizenkilencedik alkalommal megrendezett polg\u00e1ri piknikre. Orb\u00e1n Viktor \u00e9rkez\u00e9s\u00e9r\u0151l [&hellip;]","og_url":"https:\/\/hotnewsinworld.com\/hu\/igy-erkezett-meg-orban-kotcsere\/","og_site_name":"Hot News in World","article_published_time":"2019-09-07T12:39:39+00:00","article_modified_time":"2019-09-07T12:39:40+00:00","og_image":[{"width":772,"height":513,"url":"https:\/\/hotnewsinworld.com\/hu\/wp-content\/uploads\/sites\/3\/2019\/09\/\u00cdgy-\u00e9rkezett-meg-Orb\u00e1n-K\u00f6tcs\u00e9re.jpg","type":"image\/jpeg"}],"author":"hotnewsinworld","twitter_card":"summary_large_image","twitter_misc":{"Szerz\u0151:":"hotnewsinworld","Becs\u00fclt olvas\u00e1si id\u0151":"1 perc"},"schema":{"@context":"https:\/\/schema.org","@graph":[{"@type":"Article","@id":"https:\/\/hotnewsinworld.com\/hu\/igy-erkezett-meg-orban-kotcsere\/#article","isPartOf":{"@id":"https:\/\/hotnewsinworld.com\/hu\/igy-erkezett-meg-orban-kotcsere\/"},"author":{"name":"hotnewsinworld","@id":"https:\/\/hotnewsinworld.com\/hu\/#\/schema\/person\/fe61448b21c0d59086e75fcc1f9d8f6b"},"headline":"\u00cdgy \u00e9rkezett meg Orb\u00e1n K\u00f6tcs\u00e9re","datePublished":"2019-09-07T12:39:39+00:00","dateModified":"2019-09-07T12:39:40+00:00","mainEntityOfPage":{"@id":"https:\/\/hotnewsinworld.com\/hu\/igy-erkezett-meg-orban-kotcsere\/"},"wordCount":120,"commentCount":0,"image":{"@id":"https:\/\/hotnewsinworld.com\/hu\/igy-erkezett-meg-orban-kotcsere\/#primaryimage"},"thumbnailUrl":"https:\/\/hotnewsinworld.com\/hu\/wp-content\/uploads\/sites\/3\/2019\/09\/\u00cdgy-\u00e9rkezett-meg-Orb\u00e1n-K\u00f6tcs\u00e9re.jpg","articleSection":["LEG\u00daJABB P\u00c9NZ\u00dcGYI H\u00cdREK"],"inLanguage":"hu","potentialAction":[{"@type":"CommentAction","name":"Comment","target":["https:\/\/hotnewsinworld.com\/hu\/igy-erkezett-meg-orban-kotcsere\/#respond"]}]},{"@type":"WebPage","@id":"https:\/\/hotnewsinworld.com\/hu\/igy-erkezett-meg-orban-kotcsere\/","url":"https:\/\/hotnewsinworld.com\/hu\/igy-erkezett-meg-orban-kotcsere\/","name":"\u00cdgy \u00e9rkezett meg Orb\u00e1n K\u00f6tcs\u00e9re - Hot News in World","isPartOf":{"@id":"https:\/\/hotnewsinworld.com\/hu\/#website"},"primaryImageOfPage":{"@id":"https:\/\/hotnewsinworld.com\/hu\/igy-erkezett-meg-orban-kotcsere\/#primaryimage"},"image":{"@id":"https:\/\/hotnewsinworld.com\/hu\/igy-erkezett-meg-orban-kotcsere\/#primaryimage"},"thumbnailUrl":"https:\/\/hotnewsinworld.com\/hu\/wp-content\/uploads\/sites\/3\/2019\/09\/\u00cdgy-\u00e9rkezett-meg-Orb\u00e1n-K\u00f6tcs\u00e9re.jpg","datePublished":"2019-09-07T12:39:39+00:00","dateModified":"2019-09-07T12:39:40+00:00","author":{"@id":"https:\/\/hotnewsinworld.com\/hu\/#\/schema\/person\/fe61448b21c0d59086e75fcc1f9d8f6b"},"breadcrumb":{"@id":"https:\/\/hotnewsinworld.com\/hu\/igy-erkezett-meg-orban-kotcsere\/#breadcrumb"},"inLanguage":"hu","potentialAction":[{"@type":"ReadAction","target":["https:\/\/hotnewsinworld.com\/hu\/igy-erkezett-meg-orban-kotcsere\/"]}]},{"@type":"ImageObject","inLanguage":"hu","@id":"https:\/\/hotnewsinworld.com\/hu\/igy-erkezett-meg-orban-kotcsere\/#primaryimage","url":"https:\/\/hotnewsinworld.com\/hu\/wp-content\/uploads\/sites\/3\/2019\/09\/\u00cdgy-\u00e9rkezett-meg-Orb\u00e1n-K\u00f6tcs\u00e9re.jpg","contentUrl":"https:\/\/hotnewsinworld.com\/hu\/wp-content\/uploads\/sites\/3\/2019\/09\/\u00cdgy-\u00e9rkezett-meg-Orb\u00e1n-K\u00f6tcs\u00e9re.jpg","width":772,"height":513,"caption":"mti\/minisztereln\u00f6ki sajt\u00f3iroda\/szecs\u0151di bal\u00e1zs"},{"@type":"BreadcrumbList","@id":"https:\/\/hotnewsinworld.com\/hu\/igy-erkezett-meg-orban-kotcsere\/#breadcrumb","itemListElement":[{"@type":"ListItem","position":1,"name":"\u0413\u043b\u0430\u0432\u043d\u0430\u044f \u0441\u0442\u0440\u0430\u043d\u0438\u0446\u0430","item":"https:\/\/hotnewsinworld.com\/hu\/"},{"@type":"ListItem","position":2,"name":"\u00cdgy \u00e9rkezett meg Orb\u00e1n K\u00f6tcs\u00e9re"}]},{"@type":"WebSite","@id":"https:\/\/hotnewsinworld.com\/hu\/#website","url":"https:\/\/hotnewsinworld.com\/hu\/","name":"Hot News in World","description":"Hot News in World from Hungary","potentialAction":[{"@type":"SearchAction","target":{"@type":"EntryPoint","urlTemplate":"https:\/\/hotnewsinworld.com\/hu\/?s={search_term_string}"},"query-input":{"@type":"PropertyValueSpecification","valueRequired":true,"valueName":"search_term_string"}}],"inLanguage":"hu"},{"@type":"Person","@id":"https:\/\/hotnewsinworld.com\/hu\/#\/schema\/person\/fe61448b21c0d59086e75fcc1f9d8f6b","name":"hotnewsinworld","image":{"@type":"ImageObject","inLanguage":"hu","@id":"https:\/\/secure.gravatar.com\/avatar\/8a09ac165600ce2e1c38fe593c63928eb1e6e7ba5c5a907d67787c41b3d00c14?s=96&d=mm&r=g","url":"https:\/\/secure.gravatar.com\/avatar\/8a09ac165600ce2e1c38fe593c63928eb1e6e7ba5c5a907d67787c41b3d00c14?s=96&d=mm&r=g","contentUrl":"https:\/\/secure.gravatar.com\/avatar\/8a09ac165600ce2e1c38fe593c63928eb1e6e7ba5c5a907d67787c41b3d00c14?s=96&d=mm&r=g","caption":"hotnewsinworld"},"url":"https:\/\/hotnewsinworld.com\/hu\/author\/pt\/"}]}},"_links":{"self":[{"href":"https:\/\/hotnewsinworld.com\/hu\/wp-json\/wp\/v2\/posts\/1751","targetHints":{"allow":["GET"]}}],"collection":[{"href":"https:\/\/hotnewsinworld.com\/hu\/wp-json\/wp\/v2\/posts"}],"about":[{"href":"https:\/\/hotnewsinworld.com\/hu\/wp-json\/wp\/v2\/types\/post"}],"author":[{"embeddable":true,"href":"https:\/\/hotnewsinworld.com\/hu\/wp-json\/wp\/v2\/users\/2"}],"replies":[{"embeddable":true,"href":"https:\/\/hotnewsinworld.com\/hu\/wp-json\/wp\/v2\/comments?post=1751"}],"version-history":[{"count":1,"href":"https:\/\/hotnewsinworld.com\/hu\/wp-json\/wp\/v2\/posts\/1751\/revisions"}],"predecessor-version":[{"id":1753,"href":"https:\/\/hotnewsinworld.com\/hu\/wp-json\/wp\/v2\/posts\/1751\/revisions\/1753"}],"wp:featuredmedia":[{"embeddable":true,"href":"https:\/\/hotnewsinworld.com\/hu\/wp-json\/wp\/v2\/media\/1752"}],"wp:attachment":[{"href":"https:\/\/hotnewsinworld.com\/hu\/wp-json\/wp\/v2\/media?parent=1751"}],"wp:term":[{"taxonomy":"category","embeddable":true,"href":"https:\/\/hotnewsinworld.com\/hu\/wp-json\/wp\/v2\/categories?post=1751"},{"taxonomy":"post_tag","embeddable":true,"href":"https:\/\/hotnewsinworld.com\/hu\/wp-json\/wp\/v2\/tags?post=1751"}],"curies":[{"name":"wp","href":"https:\/\/api.w.org\/{rel}","templated":true}]}}