{"id":1754,"date":"2019-09-07T17:03:45","date_gmt":"2019-09-07T14:03:45","guid":{"rendered":"https:\/\/hotnewsinworld.com\/hu\/csak-ugy-repkedtek-a-milliok-es-semjen-utat-mutatott-a-vadaszoknak\/"},"modified":"2019-09-07T17:03:46","modified_gmt":"2019-09-07T14:03:46","slug":"csak-ugy-repkedtek-a-milliok-es-semjen-utat-mutatott-a-vadaszoknak","status":"publish","type":"post","link":"https:\/\/hotnewsinworld.com\/hu\/csak-ugy-repkedtek-a-milliok-es-semjen-utat-mutatott-a-vadaszoknak\/","title":{"rendered":"csak \u00fagy repkedtek a milli\u00f3k, \u00e9s Semj\u00e9n utat mutatott a vad\u00e1szoknak"},"content":{"rendered":"<div id=\"\">\n<p>A f\u0151v\u00e1rosi ker\u00fcletek ma m\u00e1r a b\u00e9rlak\u00e1saik kevesebb mint fel\u00e9t adj\u00e1k ki szoci\u00e1lis alapon, azaz a val\u00f3ban n\u00e9lk\u00fcl\u00f6z\u0151knek. R\u00e1ad\u00e1sul egyre t\u00f6bbsz\u00f6r milli\u00f3s munk\u00e1kat v\u00e1rnak el t\u0151l\u00fck a szigetel\u00e9st\u0151l a burkolatcser\u00e9ig.<\/p>\n<p>M\u00e1r alig van ingatlanvagyonuk a ker\u00fcleteknek, a legt\u00f6bb \u00f6nkorm\u00e1nyzat m\u00e9gis tov\u00e1bbi elad\u00e1sokban gondolkodik. R\u00e1ad\u00e1sul az \u00f3ri\u00e1si v\u00e1r\u00f3list\u00e1k ellen\u00e9re egyre ritk\u00e1bban adj\u00e1k b\u00e9rbe szoci\u00e1lis alapon az ingatlant, t\u00f6bbnyire \u00fagynevezett k\u00f6lts\u00e9gelv\u0171 p\u00e1ly\u00e1zatokat hirdetnek meg magasabb b\u00e9rleti d\u00edj \u00e9s sokszor fel\u00faj\u00edt\u00e1si k\u00f6telezetts\u00e9g megk\u00f6t\u00e9se mellett. (Igaz, ezt a krit\u00e9riumot ma m\u00e1r a szoci\u00e1lis b\u00e9rlem\u00e9nyekre is alkalmazz\u00e1k). A sz\u00e1nd\u00e9k \u00e9rthet\u0151, hiszen a r\u00e9gi, lelakott lak\u00e1sok rendbet\u00e9tele sokba ker\u00fclne minden ker\u00fcletnek, de \u00edgy \u00e9pp a legszeg\u00e9nyebb r\u00e9tegek fed\u00e9lhez jut\u00e1si lehet\u0151s\u00e9gei sz\u0171k\u00fclnek m\u00e9g tov\u00e1bb. A f\u0151v\u00e1rosban ma m\u00e1r az \u00f6nkorm\u00e1nyzati lak\u00e1sok alig fel\u00e9t adj\u00e1k ki szoci\u00e1lis alapon.<\/p>\n<p>A KSH adatai szerint id\u00e9n janu\u00e1r 1-j\u00e9n a budapesti lak\u00e1s\u00e1llom\u00e1ny 4,5 sz\u00e1zal\u00e9ka volt \u00f6nkorm\u00e1nyzati tulajdonban, de a ker\u00fcletek t\u00f6bbs\u00e9g\u00e9nek nincs a szoci\u00e1lisan r\u00e1szorul\u00f3k \u00e9rdekeit el\u0151t\u00e9rbe helyez\u0151 lak\u00e1spolitik\u00e1ja \u2013 jelentette ki egy minapi konferenci\u00e1n Kar\u00e1csony Gergely. Az ellenz\u00e9ki f\u0151polg\u00e1rmester-jel\u00f6lt szerint a legt\u00f6bb v\u00e1rosr\u00e9szben ma pr\u00f3b\u00e1lnak megszabadulni a szeg\u00e9nyekt\u0151l, a jobb min\u0151s\u00e9g\u0171 lak\u00e1sokat pedig kegyk\u00e9nt osztj\u00e1k sz\u00e9t a vezet\u0151k. Ezzel szemben arra lenne sz\u00fcks\u00e9g, hogy t\u00e1mogat\u00e1sokkal, \u00f6nkorm\u00e1nyzati b\u00e9rlak\u00e1sok \u00e9p\u00edt\u00e9s\u00e9vel seg\u00edts\u00e9k a lecs\u00fasz\u00f3 csal\u00e1dokat, mert ezek a beavatkoz\u00e1sok m\u00e9g mindig kevesebbe ker\u00fcln\u00e9nek, mint a fed\u00e9l n\u00e9lk\u00fcl maradt emberekr\u0151l val\u00f3 gondoskod\u00e1s \u2013 \u00e9rvelt Zugl\u00f3 polg\u00e1rmestere.<\/p>\n<p>A Friedrich Ebert Alap\u00edtv\u00e1ny, a Meg\u00fajul\u00f3 Magyarorsz\u00e1g\u00e9rt Alap\u00edtv\u00e1ny \u00e9s a Perif\u00e9ria K\u00f6zpolitikai \u00e9s Kutat\u00f3k\u00f6zpont a tan\u00e1cskoz\u00e1sra \u201eLakhat\u00e1si probl\u00e9m\u00e1k \u00e9s megold\u00e1sok \u2013 az \u00f6nkorm\u00e1nyzatok lehet\u0151s\u00e9gei\u201d c\u00edmen jelentetett meg egy \u00f6sszefoglal\u00f3 tanulm\u00e1nyt a k\u00f6zelg\u0151 \u00f6nkorm\u00e1nyzati v\u00e1laszt\u00e1s el\u0151tt. A szerz\u0151, Czirfusz M\u00e1rton azt emeli ki, hogy t\u00f6bb p\u00e9nzre lenne sz\u00fcks\u00e9g a t\u00e1rsadalmi egyenl\u0151tlens\u00e9geket cs\u00f6kkent\u0151 lakhat\u00e1si politik\u00e1khoz.<\/p>\n<p>\u2013 Meg kell \u00e1ll\u00edtani a lak\u00e1s\u00e1llom\u00e1ny cs\u00f6kken\u00e9s\u00e9t, az \u00fcres lak\u00e1sokat ki kell adni \u00e9s \u00fajakat kell venni vagy \u00e9p\u00edteni \u2013 fogalmazott a kutat\u00f3, aki szerint a mag\u00e1nb\u00e9rleti piacot szoci\u00e1lis lak\u00e1s\u00fcgyn\u00f6ks\u00e9gek megalap\u00edt\u00e1s\u00e1val lehet megfizethet\u0151v\u00e9 tenni. Ebben a modellben a mag\u00e1ntulajdonosok az \u00f6nkorm\u00e1nyzatnak adj\u00e1k b\u00e9rbe a lak\u00e1st t\u00f6bb \u00e9vre, a r\u00e1szorul\u00f3knak pedig az \u00f6nkorm\u00e1nyzat adja ki azt testre szabott felt\u00e9telekkel. Ez a m\u00e1shol j\u00f3l m\u0171k\u00f6d\u0151 rendszer n\u00e1lunk nehezen t\u00f6r utat mag\u00e1nak, az \u00fczlet minden lehets\u00e9ges szerepl\u0151je bizalmatlan a t\u00f6bbiekkel szemben.<\/p>\n<p>Budapesten az \u00f6nkorm\u00e1nyzati lak\u00e1sokra nagyobbr\u00e9szt p\u00e1ly\u00e1zatokat \u00edrnak ki a ker\u00fcletek, de egy r\u00e9sz\u00fcket fenntartj\u00e1k a rendk\u00edv\u00fcli \u00e9lethelyzetbe ker\u00fclt csal\u00e1doknak. Abban azonban teljes a k\u00e1osz, hogy milyen gyakran jelennek meg a p\u00e1ly\u00e1zatok \u00e9s milyen felt\u00e9teleket tartalmaznak. N\u00e9h\u00e1ny alapelv r\u00f6gz\u00edt\u00e9s\u00e9t\u0151l eltekintve minden v\u00e1rosr\u00e9sz azt csin\u00e1l, amit akar. Az \u00e9v elej\u00e9n a 24.hu k\u00e9rte ki valamennyi ker\u00fclett\u0151l \u00e9s a f\u0151v\u00e1rost\u00f3l az \u00fcresen \u00e1ll\u00f3 b\u00e9rlak\u00e1sok sz\u00e1m\u00e1t, a v\u00e1laszok szerint majdnem 4 ezer k\u00f6z\u00f6ss\u00e9gi tulajdon\u00fa ingatlanban nem lakik senki. A XIII. ker\u00fclet az egyetlen, ahol a t\u00f6bb mint hatezer k\u00f6z\u00f6ss\u00e9gi tulajdon\u00fa lak\u00e1s k\u00f6zt nincs kihaszn\u00e1latlan, \u00e9s a most z\u00e1rul\u00f3 ciklusban is \u00e1tadtak 56 \u00faj \u00f6nkorm\u00e1nyzati lak\u00e1st. A k\u00f6vetkez\u0151 \u00e9p\u00edttet\u0151 a III. ker\u00fclet lehet, ahol augusztusban fogadt\u00e1k el azt a tanulm\u00e1nytervet, ami alapj\u00e1n 150-200 b\u00e9rlak\u00e1s \u00e9p\u00fclhet.<\/p>\n<p>A Habitat for Humanity Magyarorsz\u00e1g 2018. \u00e9vi lakhat\u00e1si jelent\u00e9se is azt mutatja, a legt\u00f6bb \u00f6nkorm\u00e1nyzat lak\u00e1skiutal\u00e1si rendszere \u00e1tl\u00e1thatatlan, gyakran egy\u00e1ltal\u00e1n nem \u00e9rv\u00e9nyes\u00edtenek szoci\u00e1lis szempontokat, a leend\u0151 b\u00e9rl\u0151knek egyre t\u00f6bbsz\u00f6r kell v\u00e1llalniuk a leromlott \u00e1llapot\u00fa lak\u00e1sok fel\u00faj\u00edt\u00e1s\u00e1nak t\u00f6bb milli\u00f3s kiad\u00e1s\u00e1t, mik\u00f6zben az \u00f6nkorm\u00e1nyzati lak\u00e1sok fenntart\u00e1si k\u00f6lts\u00e9gei gyakran a rossz min\u0151s\u00e9g miatt magasak. Az eg\u00e9sz rendszer alapja egy orsz\u00e1gos koncepci\u00f3 lenne, amiben kiemelt szerepet kapna a b\u00e9rlak\u00e1s\u00e9p\u00edt\u00e9s, \u00e1m erre a jogszab\u00e1lyra hossz\u00fa \u00e9vek \u00f3ta hi\u00e1ba v\u00e1rnak az \u00f6nkorm\u00e1nyzatok.<\/p>\n<div class=\"card\">\n<h2>B\u00e9rleti form\u00e1k<\/h2>\n<p>Az \u00f6nkorm\u00e1nyzati lak\u00e1sok b\u00e9rleti d\u00edj\u00e1t mindenhol helyi rendelet szab\u00e1lyozza. A lakb\u00e9r m\u00e9rt\u00e9k\u00e9t \u00e1ltal\u00e1ban h\u00e1rom v\u00e1ltozatban \u00e1llap\u00edtj\u00e1k meg:<br \/>\n      \u2013 szoci\u00e1lis helyzet alapj\u00e1n, vagy<br \/>\n      \u2013 k\u00f6lts\u00e9gelven (amikor a lakb\u00e9r annyi, hogy az \u00f6nkorm\u00e1nyzat lak\u00e1ssal kapcsolatos kiad\u00e1sait fedezze), vagy<br \/>\n      \u2013 piaci alapon (amikor a lakb\u00e9r annyi, hogy nyeres\u00e9get is jelent az \u00f6nkorm\u00e1nyzat sz\u00e1m\u00e1ra)\u00a0 \u00a0 \u00a0 \u00a0<\/p>\n<\/div>\n<div class=\"card\">\n<h2>V\u00e1ltozatos koncepci\u00f3k<\/h2>\n<p>Elvileg valamennyi ker\u00fcletnek meg kellett volna alkotni a saj\u00e1t lak\u00e1skoncepci\u00f3j\u00e1t, \u00e9s felt\u00e9telezz\u00fck, hogy eleget is tettek ennek a k\u00f6vetelm\u00e9nynek, \u00e1m m\u00e9gsem mindenhol \u00e9rhet\u0151 el a dokumentum a v\u00e1rosr\u00e9szek internetes oldalain. Ahol ez lehets\u00e9ges, pontos adatokat \u00e9s terveket is k\u00f6zl\u00fcnk, de van, ahol csak az aktu\u00e1lis p\u00e1ly\u00e1zatok alapj\u00e1n tudtunk t\u00e1j\u00e9koz\u00f3dni.<\/p>\n<p>\u2013 Az I. ker\u00fcletben, a V\u00e1rban tavasszal 9 lak\u00e1sra lehetett p\u00e1ly\u00e1zni, egyikre sem szoci\u00e1lis alapon.<br \/>\n\u2013 A II. ker\u00fclet id\u00e9n eddig 4 egyszob\u00e1s \u00e9s 1 k\u00e9tszob\u00e1s lak\u00e1sra hirdetett szoci\u00e1lis p\u00e1ly\u00e1zatot, n\u00e9gyzetm\u00e9terenk\u00e9nt 310 forintos \u00e1ron.<br \/>\n\u2013 A III. ker\u00fclet \u00faj b\u00e9rlak\u00e1sok \u00e9p\u00edt\u00e9s\u00e9t tervezi. Egy tavalyi k\u00f6z\u00e9rdek\u0171 adatig\u00e9nyl\u00e9sb\u0151l lehet tudni, hogy m\u00e9g 2678 lak\u00e1ssal rendelkezett a ker\u00fclet, ebb\u0151l azonban csak 631 szolg\u00e1lt szoci\u00e1lis c\u00e9lokat.<br \/>\n\u2013 A IV. \u00e9s az V. ker\u00fcletben jelenleg nincs p\u00e1ly\u00e1zat, a Belv\u00e1ros tavaly 33 lak\u00e1st \u00e9rt\u00e9kes\u00edtett.<br \/>\n\u2013 A VI. ker\u00fclet fel\u00faj\u00edt\u00e1si k\u00f6telezetts\u00e9ggel hirdetett meg tavasszal 12 szoci\u00e1lis b\u00e9rlak\u00e1st. Ezek k\u00f6z\u00fcl az egyikn\u00e9l az elv\u00e1rt munk\u00e1k \u00e9rt\u00e9ke a hivatalos becsl\u00e9s szerint 8,4 milli\u00f3 forint. K\u00e9rd\u00e9s, hogy egy val\u00f3ban r\u00e1szorul\u00f3 csal\u00e1d honnan szedne \u00f6ssze ennyi p\u00e9nzt.<br \/>\n\u2013 A VII. ker\u00fclet is csak k\u00f6lts\u00e9gelv\u0171 \u00e9s fel\u00faj\u00edt\u00e1ssal egybek\u00f6t\u00f6tt b\u00e9rbead\u00e1sra hirdetett id\u00e9n p\u00e1ly\u00e1zatot, tov\u00e1bbi 12 lak\u00e1st \u00e1rver\u00e9sen k\u00edn\u00e1ltak elad\u00e1sra. Egy Kir\u00e1ly utcai, k\u00e9tszob\u00e1s lak\u00e1sn\u00e1l p\u00e9ld\u00e1ul t\u00f6bb mint 38 milli\u00f3r\u00f3l indult a licit.<br \/>\n\u2013 A VIII. ker\u00fclet nagyobb \u00f6sszeget, els\u0151 k\u00f6rben 60 milli\u00f3 forintot k\u00fcl\u00f6n\u00edtett el az \u201eOtthon-fel\u00faj\u00edt\u00e1si t\u00e1mogat\u00e1s\u201d programj\u00e1ra, ennek keret\u00e9ben a p\u00e1ly\u00e1z\u00f3k p\u00e9ld\u00e1ul lecser\u00e9lhetik a ny\u00edl\u00e1sz\u00e1r\u00f3kat, kifesthetnek, szigetelhetnek, vagy v\u00edz\u00f3r\u00e1t szereltethetnek.<br \/>\n\u2013 A IX. ker\u00fclet ugyanilyen p\u00e1ly\u00e1zatot \u00edrt ki, csak sokkal alacsonyabb, mind\u00f6ssze 8 milli\u00f3s kerettel. A v\u00e1rosr\u00e9szben a G\u00e1t utca t\u00e9rs\u00e9g\u00e9ben 134 f\u00e9lkomfortos lak\u00e1sb\u00f3l alak\u00edtottak ki 106 komfortos szoci\u00e1lis b\u00e9rlak\u00e1st.<br \/>\n\u2013 A X. ker\u00fclet szigor\u00fa felt\u00e9teleket szab, ha valaki az \u00f6nkorm\u00e1nyzatt\u00f3l b\u00e9relne lak\u00e1st. Egyr\u00e9szt csak azok jelentkezhettek a most j\u00faliusban meghirdetett 5 lak\u00e1sra, akik eddig is b\u00e9rl\u0151k voltak, m\u00e1sr\u00e9szt igazolniuk kellett, hogy van annyi p\u00e9nz\u00fck, amib\u0151l fel tudj\u00e1k \u00faj\u00edtani a b\u00e9rlem\u00e9nyt.<br \/>\n\u2013 A XI. ker\u00fcletben sok sz\u00e1z k\u00e9relmez\u0151 v\u00e1r ingatlanra, de \u00e9vente csak 30-40 b\u00e9rlem\u00e9nyt tudnak felaj\u00e1nlani. Itt is alkalmazz\u00e1k a fel\u00faj\u00edt\u00e1sra k\u00f6telez\u0151 m\u00f3dszert, de legal\u00e1bb ut\u00e1na 15 \u00e9ves lakhat\u00e1st k\u00edn\u00e1lnak a szoci\u00e1lis b\u00e9rleti d\u00edjakn\u00e1l csak kicsivel t\u00f6bb\u00e9rt.<br \/>\n\u2013 A XII. ker\u00fclet b\u00e9rlak\u00e1saiban kev\u00e9s a mozg\u00e1s, az \u00f6nkorm\u00e1nyzat rendre nem lak\u00e1sc\u00e9l\u00fa ingatlanokra hirdet licitet, t\u00e1rsash\u00e1zi fel\u00faj\u00edt\u00e1sokat t\u00e1mogat.<br \/>\n\u2013 A XIII. ker\u00fclet 2002 \u00f3ta 11 helysz\u00ednen t\u00f6bb mint 600 \u00faj b\u00e9rlak\u00e1st \u00e9p\u00edtett \u00e9s ezekben a hetekben kezd\u0151dik el a k\u00f6vetkez\u0151 35 lak\u00e1sos \u00e9p\u00fclet kivitelez\u00e9se a J\u00e1sz utc\u00e1ban.<br \/>\n\u2013 A XIV. ker\u00fclet a zugl\u00f3i szoci\u00e1lis modell bevezet\u00e9s\u00e9vel megemelte a lak\u00e1sfenntart\u00e1si \u00e9s ad\u00f3ss\u00e1gkezel\u00e9si t\u00e1mogat\u00e1st, amivel a kisp\u00e9nz\u0171 csal\u00e1dokat menti meg lak\u00e1suk elveszt\u00e9s\u00e9t\u0151l.<br \/>\n\u2013 A XV. ker\u00fcletben a majdnem 35 ezer lak\u00e1sb\u00f3l 2109 van az \u00f6nkorm\u00e1nyzat tulajdon\u00e1ban, viszont ezek k\u00f6z\u00fcl csak 1820 sz\u00e1m\u00edt lakottnak. A lak\u00e1sok 43,2 sz\u00e1zal\u00e9k\u00e1t adt\u00e1k ki szoci\u00e1lis alapon.<br \/>\n\u2013 A XVI. ker\u00fclet kijel\u00f6lt egy ter\u00fcletet, ahol b\u00e9rlak\u00e1sokat lehet \u00e9p\u00edteni, de erre nincs komoly sz\u00e1nd\u00e9k, csak \u201enem z\u00e1rj\u00e1k ki\u201d a lehet\u0151s\u00e9get. Az \u00f6nkorm\u00e1nyzatnak a koncepci\u00f3 k\u00e9sz\u00edt\u00e9sekor 278 lak\u00e1sa volt, ebb\u0151l 175 szoci\u00e1lis b\u00e9rlak\u00e1s.<br \/>\n\u2013 A XVII. ker\u00fclet lak\u00e1srendelet\u00e9b\u0151l nem olvashat\u00f3k ki adatok, a p\u00e1ly\u00e1zatok k\u00f6z\u00f6tt nincs ingatlan elad\u00e1sra vagy b\u00e9rletre vonatkoz\u00f3 felh\u00edv\u00e1s, el\u00e9rhet\u0151 viszont egy 10 milli\u00f3s \u00f6ssz\u00e9rt\u00e9k\u0171 fel\u00faj\u00edt\u00e1si keret.<br \/>\n\u2013 A XVIII. ker\u00fcletben majdnem 1300 lak\u00e1s van \u00f6nkorm\u00e1nyzati tulajdonban. Jelenleg nincs meghirdetett lak\u00e1s, csak \u00fczlethelyis\u00e9g \u00e9s rakt\u00e1r.<br \/>\n\u2013 A XIX. ker\u00fclet mind\u00f6ssze 60 lak\u00e1ssal gazd\u00e1lkodhat, mik\u00f6zben egy nemr\u00e9g elhangzott besz\u00e1mol\u00f3 szerint 50-60 csal\u00e1d billeg a hajl\u00e9ktalans\u00e1g sz\u00e9l\u00e9n.<br \/>\n\u2013 A XX. ker\u00fcletben 653 \u00f6nkorm\u00e1nyzati b\u00e9rlak\u00e1s van, ezek k\u00f6z\u00fcl 81 komfort n\u00e9lk\u00fcli, 28 pedig sz\u00fcks\u00e9glak\u00e1s, 62 ingatlan \u00e1ll \u00fcresen. Annak ellen\u00e9re t\u00edzszeres a v\u00e1r\u00f3lista, hogy 2017 \u00f3ta csak fel\u00faj\u00edt\u00e1si k\u00f6telezetts\u00e9g v\u00e1llal\u00e1s\u00e1val juthat b\u00e1rki szoci\u00e1lis b\u00e9rlak\u00e1shoz.<br \/>\n\u2013 A XXI. ker\u00fcletben 10 \u00f6nkorm\u00e1nyzati lak\u00e1s piac\u00fa b\u00e9rbead\u00e1s\u00e1r\u00f3l d\u00f6nt\u00f6ttek a k\u00f6zelm\u00faltban, \u00e1tfog\u00f3 koncepci\u00f3t azonban nem tal\u00e1ltunk, \u00e9s az el\u00e9rhet\u0151 lak\u00e1srendelet is majdnem 20 \u00e9ves.<br \/>\n\u2013 A XXII. ker\u00fclet 2015-ben elfogadott lak\u00e1skoncepci\u00f3ja alapj\u00e1n 500 lak\u00e1st akarnak megtartani az akkor az \u00f6nkorm\u00e1nyzat tulajdon\u00e1ban l\u00e9v\u0151 692 lak\u00e1sb\u00f3l, de az \u00e9rt\u00e9kes\u00edt\u00e9s lassan halad. 2018 \u00e1prilis\u00e1ban 622 lak\u00e1sr\u00f3l k\u00e9sz\u00fclt besz\u00e1mol\u00f3.<br \/>\n\u2013 A XXIII. ker\u00fcletnek van tal\u00e1n a legkisebb lak\u00e1svagyona a ker\u00fcletek k\u00f6zt. 2014-ben mind\u00f6ssze 55 ingatlannal gazd\u00e1lkodhattak, r\u00e1ad\u00e1sul ebb\u0151l 9 lak\u00e1sban nem is laktak.<\/p>\n<\/div>\n<p>            <a class=\"slogo\"><br \/>\n                <svg xmlns=\"http:\/\/www.w3.org\/2000\/svg\" width=\"30\" height=\"30\" viewbox=\"0 0 30 30\"><path d=\"M23.858,9.041c-1.868.118-2.456.46-2.456,3.4V22.732H19.6L10.625,11.6v6.758c0,3.072.759,3.179,2.537,3.5v.791H6.971v-.791c1.737-.28,2.46-.28,2.456-3.391V11.65c0-.644-.058-2.127-2.517-2.588V8.25h5.421L20.2,17.988V12.541c0-1.153.321-3.235-2.527-3.5V8.25h6.181Z\"\/><\/svg><\/a>\n\t\t\t<\/div>\n<p>\n<!--noindex--><br \/>\n<a href=\"https:\/\/hirek.oldal.info\/rssclick\/14377753\" rel=\"nofollow\">Source link <\/a><br \/>\n<!--\/noindex--><\/p>\n","protected":false},"excerpt":{"rendered":"<p>A f\u0151v\u00e1rosi ker\u00fcletek ma m\u00e1r a b\u00e9rlak\u00e1saik kevesebb mint fel\u00e9t adj\u00e1k ki szoci\u00e1lis alapon, azaz a val\u00f3ban n\u00e9lk\u00fcl\u00f6z\u0151knek. R\u00e1ad\u00e1sul egyre t\u00f6bbsz\u00f6r milli\u00f3s munk\u00e1kat v\u00e1rnak el t\u0151l\u00fck a szigetel\u00e9st\u0151l a burkolatcser\u00e9ig. M\u00e1r alig van ingatlanvagyonuk a ker\u00fcleteknek, a legt\u00f6bb \u00f6nkorm\u00e1nyzat m\u00e9gis tov\u00e1bbi elad\u00e1sokban gondolkodik. R\u00e1ad\u00e1sul az \u00f3ri\u00e1si v\u00e1r\u00f3list\u00e1k ellen\u00e9re egyre ritk\u00e1bban adj\u00e1k b\u00e9rbe szoci\u00e1lis alapon az [&hellip;]<\/p>\n","protected":false},"author":2,"featured_media":1755,"comment_status":"open","ping_status":"open","sticky":false,"template":"","format":"standard","meta":{"footnotes":""},"categories":[1],"tags":[],"class_list":["post-1754","post","type-post","status-publish","format-standard","has-post-thumbnail","hentry","category-legujabb-penzugyi-hirek"],"yoast_head":"<!-- This site is optimized with the Yoast SEO plugin v27.4 - https:\/\/yoast.com\/product\/yoast-seo-wordpress\/ -->\n<title>csak \u00fagy repkedtek a milli\u00f3k, \u00e9s Semj\u00e9n utat mutatott a vad\u00e1szoknak - Hot News in World<\/title>\n<meta name=\"robots\" content=\"index, follow, max-snippet:-1, max-image-preview:large, max-video-preview:-1\" \/>\n<link rel=\"canonical\" href=\"https:\/\/hotnewsinworld.com\/hu\/csak-ugy-repkedtek-a-milliok-es-semjen-utat-mutatott-a-vadaszoknak\/\" \/>\n<meta property=\"og:locale\" content=\"hu_HU\" \/>\n<meta property=\"og:type\" content=\"article\" \/>\n<meta property=\"og:title\" content=\"csak \u00fagy repkedtek a milli\u00f3k, \u00e9s Semj\u00e9n utat mutatott a vad\u00e1szoknak - Hot News in World\" \/>\n<meta property=\"og:description\" content=\"A f\u0151v\u00e1rosi ker\u00fcletek ma m\u00e1r a b\u00e9rlak\u00e1saik kevesebb mint fel\u00e9t adj\u00e1k ki szoci\u00e1lis alapon, azaz a val\u00f3ban n\u00e9lk\u00fcl\u00f6z\u0151knek. R\u00e1ad\u00e1sul egyre t\u00f6bbsz\u00f6r milli\u00f3s munk\u00e1kat v\u00e1rnak el t\u0151l\u00fck a szigetel\u00e9st\u0151l a burkolatcser\u00e9ig. M\u00e1r alig van ingatlanvagyonuk a ker\u00fcleteknek, a legt\u00f6bb \u00f6nkorm\u00e1nyzat m\u00e9gis tov\u00e1bbi elad\u00e1sokban gondolkodik. R\u00e1ad\u00e1sul az \u00f3ri\u00e1si v\u00e1r\u00f3list\u00e1k ellen\u00e9re egyre ritk\u00e1bban adj\u00e1k b\u00e9rbe szoci\u00e1lis alapon az [&hellip;]\" \/>\n<meta property=\"og:url\" content=\"https:\/\/hotnewsinworld.com\/hu\/csak-ugy-repkedtek-a-milliok-es-semjen-utat-mutatott-a-vadaszoknak\/\" \/>\n<meta property=\"og:site_name\" content=\"Hot News in World\" \/>\n<meta property=\"article:published_time\" content=\"2019-09-07T14:03:45+00:00\" \/>\n<meta property=\"article:modified_time\" content=\"2019-09-07T14:03:46+00:00\" \/>\n<meta property=\"og:image\" content=\"https:\/\/hotnewsinworld.com\/hu\/wp-content\/uploads\/sites\/3\/2019\/09\/csak-\u00fagy-repkedtek-a-milli\u00f3k-\u00e9s-Semj\u00e9n-utat-mutatott-a.png\" \/>\n\t<meta property=\"og:image:width\" content=\"1000\" \/>\n\t<meta property=\"og:image:height\" content=\"600\" \/>\n\t<meta property=\"og:image:type\" content=\"image\/png\" \/>\n<meta name=\"author\" content=\"hotnewsinworld\" \/>\n<meta name=\"twitter:card\" content=\"summary_large_image\" \/>\n<meta name=\"twitter:label1\" content=\"Szerz\u0151:\" \/>\n\t<meta name=\"twitter:data1\" content=\"hotnewsinworld\" \/>\n\t<meta name=\"twitter:label2\" content=\"Becs\u00fclt olvas\u00e1si id\u0151\" \/>\n\t<meta name=\"twitter:data2\" content=\"10 perc\" \/>\n<script type=\"application\/ld+json\" class=\"yoast-schema-graph\">{\"@context\":\"https:\\\/\\\/schema.org\",\"@graph\":[{\"@type\":\"Article\",\"@id\":\"https:\\\/\\\/hotnewsinworld.com\\\/hu\\\/csak-ugy-repkedtek-a-milliok-es-semjen-utat-mutatott-a-vadaszoknak\\\/#article\",\"isPartOf\":{\"@id\":\"https:\\\/\\\/hotnewsinworld.com\\\/hu\\\/csak-ugy-repkedtek-a-milliok-es-semjen-utat-mutatott-a-vadaszoknak\\\/\"},\"author\":{\"name\":\"hotnewsinworld\",\"@id\":\"https:\\\/\\\/hotnewsinworld.com\\\/hu\\\/#\\\/schema\\\/person\\\/fe61448b21c0d59086e75fcc1f9d8f6b\"},\"headline\":\"csak \u00fagy repkedtek a milli\u00f3k, \u00e9s Semj\u00e9n utat mutatott a vad\u00e1szoknak\",\"datePublished\":\"2019-09-07T14:03:45+00:00\",\"dateModified\":\"2019-09-07T14:03:46+00:00\",\"mainEntityOfPage\":{\"@id\":\"https:\\\/\\\/hotnewsinworld.com\\\/hu\\\/csak-ugy-repkedtek-a-milliok-es-semjen-utat-mutatott-a-vadaszoknak\\\/\"},\"wordCount\":1947,\"commentCount\":0,\"image\":{\"@id\":\"https:\\\/\\\/hotnewsinworld.com\\\/hu\\\/csak-ugy-repkedtek-a-milliok-es-semjen-utat-mutatott-a-vadaszoknak\\\/#primaryimage\"},\"thumbnailUrl\":\"https:\\\/\\\/hotnewsinworld.com\\\/hu\\\/wp-content\\\/uploads\\\/sites\\\/3\\\/2019\\\/09\\\/csak-\u00fagy-repkedtek-a-milli\u00f3k-\u00e9s-Semj\u00e9n-utat-mutatott-a.png\",\"articleSection\":[\"LEG\u00daJABB P\u00c9NZ\u00dcGYI H\u00cdREK\"],\"inLanguage\":\"hu\",\"potentialAction\":[{\"@type\":\"CommentAction\",\"name\":\"Comment\",\"target\":[\"https:\\\/\\\/hotnewsinworld.com\\\/hu\\\/csak-ugy-repkedtek-a-milliok-es-semjen-utat-mutatott-a-vadaszoknak\\\/#respond\"]}]},{\"@type\":\"WebPage\",\"@id\":\"https:\\\/\\\/hotnewsinworld.com\\\/hu\\\/csak-ugy-repkedtek-a-milliok-es-semjen-utat-mutatott-a-vadaszoknak\\\/\",\"url\":\"https:\\\/\\\/hotnewsinworld.com\\\/hu\\\/csak-ugy-repkedtek-a-milliok-es-semjen-utat-mutatott-a-vadaszoknak\\\/\",\"name\":\"csak \u00fagy repkedtek a milli\u00f3k, \u00e9s Semj\u00e9n utat mutatott a vad\u00e1szoknak - Hot News in World\",\"isPartOf\":{\"@id\":\"https:\\\/\\\/hotnewsinworld.com\\\/hu\\\/#website\"},\"primaryImageOfPage\":{\"@id\":\"https:\\\/\\\/hotnewsinworld.com\\\/hu\\\/csak-ugy-repkedtek-a-milliok-es-semjen-utat-mutatott-a-vadaszoknak\\\/#primaryimage\"},\"image\":{\"@id\":\"https:\\\/\\\/hotnewsinworld.com\\\/hu\\\/csak-ugy-repkedtek-a-milliok-es-semjen-utat-mutatott-a-vadaszoknak\\\/#primaryimage\"},\"thumbnailUrl\":\"https:\\\/\\\/hotnewsinworld.com\\\/hu\\\/wp-content\\\/uploads\\\/sites\\\/3\\\/2019\\\/09\\\/csak-\u00fagy-repkedtek-a-milli\u00f3k-\u00e9s-Semj\u00e9n-utat-mutatott-a.png\",\"datePublished\":\"2019-09-07T14:03:45+00:00\",\"dateModified\":\"2019-09-07T14:03:46+00:00\",\"author\":{\"@id\":\"https:\\\/\\\/hotnewsinworld.com\\\/hu\\\/#\\\/schema\\\/person\\\/fe61448b21c0d59086e75fcc1f9d8f6b\"},\"breadcrumb\":{\"@id\":\"https:\\\/\\\/hotnewsinworld.com\\\/hu\\\/csak-ugy-repkedtek-a-milliok-es-semjen-utat-mutatott-a-vadaszoknak\\\/#breadcrumb\"},\"inLanguage\":\"hu\",\"potentialAction\":[{\"@type\":\"ReadAction\",\"target\":[\"https:\\\/\\\/hotnewsinworld.com\\\/hu\\\/csak-ugy-repkedtek-a-milliok-es-semjen-utat-mutatott-a-vadaszoknak\\\/\"]}]},{\"@type\":\"ImageObject\",\"inLanguage\":\"hu\",\"@id\":\"https:\\\/\\\/hotnewsinworld.com\\\/hu\\\/csak-ugy-repkedtek-a-milliok-es-semjen-utat-mutatott-a-vadaszoknak\\\/#primaryimage\",\"url\":\"https:\\\/\\\/hotnewsinworld.com\\\/hu\\\/wp-content\\\/uploads\\\/sites\\\/3\\\/2019\\\/09\\\/csak-\u00fagy-repkedtek-a-milli\u00f3k-\u00e9s-Semj\u00e9n-utat-mutatott-a.png\",\"contentUrl\":\"https:\\\/\\\/hotnewsinworld.com\\\/hu\\\/wp-content\\\/uploads\\\/sites\\\/3\\\/2019\\\/09\\\/csak-\u00fagy-repkedtek-a-milli\u00f3k-\u00e9s-Semj\u00e9n-utat-mutatott-a.png\",\"width\":1000,\"height\":600,\"caption\":\"csak \u00fagy repkedtek a milli\u00f3k, \u00e9s Semj\u00e9n utat mutatott a vad\u00e1szoknak\"},{\"@type\":\"BreadcrumbList\",\"@id\":\"https:\\\/\\\/hotnewsinworld.com\\\/hu\\\/csak-ugy-repkedtek-a-milliok-es-semjen-utat-mutatott-a-vadaszoknak\\\/#breadcrumb\",\"itemListElement\":[{\"@type\":\"ListItem\",\"position\":1,\"name\":\"\u0413\u043b\u0430\u0432\u043d\u0430\u044f \u0441\u0442\u0440\u0430\u043d\u0438\u0446\u0430\",\"item\":\"https:\\\/\\\/hotnewsinworld.com\\\/hu\\\/\"},{\"@type\":\"ListItem\",\"position\":2,\"name\":\"csak \u00fagy repkedtek a milli\u00f3k, \u00e9s Semj\u00e9n utat mutatott a vad\u00e1szoknak\"}]},{\"@type\":\"WebSite\",\"@id\":\"https:\\\/\\\/hotnewsinworld.com\\\/hu\\\/#website\",\"url\":\"https:\\\/\\\/hotnewsinworld.com\\\/hu\\\/\",\"name\":\"Hot News in World\",\"description\":\"Hot News in World from Hungary\",\"potentialAction\":[{\"@type\":\"SearchAction\",\"target\":{\"@type\":\"EntryPoint\",\"urlTemplate\":\"https:\\\/\\\/hotnewsinworld.com\\\/hu\\\/?s={search_term_string}\"},\"query-input\":{\"@type\":\"PropertyValueSpecification\",\"valueRequired\":true,\"valueName\":\"search_term_string\"}}],\"inLanguage\":\"hu\"},{\"@type\":\"Person\",\"@id\":\"https:\\\/\\\/hotnewsinworld.com\\\/hu\\\/#\\\/schema\\\/person\\\/fe61448b21c0d59086e75fcc1f9d8f6b\",\"name\":\"hotnewsinworld\",\"image\":{\"@type\":\"ImageObject\",\"inLanguage\":\"hu\",\"@id\":\"https:\\\/\\\/secure.gravatar.com\\\/avatar\\\/8a09ac165600ce2e1c38fe593c63928eb1e6e7ba5c5a907d67787c41b3d00c14?s=96&d=mm&r=g\",\"url\":\"https:\\\/\\\/secure.gravatar.com\\\/avatar\\\/8a09ac165600ce2e1c38fe593c63928eb1e6e7ba5c5a907d67787c41b3d00c14?s=96&d=mm&r=g\",\"contentUrl\":\"https:\\\/\\\/secure.gravatar.com\\\/avatar\\\/8a09ac165600ce2e1c38fe593c63928eb1e6e7ba5c5a907d67787c41b3d00c14?s=96&d=mm&r=g\",\"caption\":\"hotnewsinworld\"},\"url\":\"https:\\\/\\\/hotnewsinworld.com\\\/hu\\\/author\\\/pt\\\/\"}]}<\/script>\n<!-- \/ Yoast SEO plugin. -->","yoast_head_json":{"title":"csak \u00fagy repkedtek a milli\u00f3k, \u00e9s Semj\u00e9n utat mutatott a vad\u00e1szoknak - Hot News in World","robots":{"index":"index","follow":"follow","max-snippet":"max-snippet:-1","max-image-preview":"max-image-preview:large","max-video-preview":"max-video-preview:-1"},"canonical":"https:\/\/hotnewsinworld.com\/hu\/csak-ugy-repkedtek-a-milliok-es-semjen-utat-mutatott-a-vadaszoknak\/","og_locale":"hu_HU","og_type":"article","og_title":"csak \u00fagy repkedtek a milli\u00f3k, \u00e9s Semj\u00e9n utat mutatott a vad\u00e1szoknak - Hot News in World","og_description":"A f\u0151v\u00e1rosi ker\u00fcletek ma m\u00e1r a b\u00e9rlak\u00e1saik kevesebb mint fel\u00e9t adj\u00e1k ki szoci\u00e1lis alapon, azaz a val\u00f3ban n\u00e9lk\u00fcl\u00f6z\u0151knek. R\u00e1ad\u00e1sul egyre t\u00f6bbsz\u00f6r milli\u00f3s munk\u00e1kat v\u00e1rnak el t\u0151l\u00fck a szigetel\u00e9st\u0151l a burkolatcser\u00e9ig. M\u00e1r alig van ingatlanvagyonuk a ker\u00fcleteknek, a legt\u00f6bb \u00f6nkorm\u00e1nyzat m\u00e9gis tov\u00e1bbi elad\u00e1sokban gondolkodik. R\u00e1ad\u00e1sul az \u00f3ri\u00e1si v\u00e1r\u00f3list\u00e1k ellen\u00e9re egyre ritk\u00e1bban adj\u00e1k b\u00e9rbe szoci\u00e1lis alapon az [&hellip;]","og_url":"https:\/\/hotnewsinworld.com\/hu\/csak-ugy-repkedtek-a-milliok-es-semjen-utat-mutatott-a-vadaszoknak\/","og_site_name":"Hot News in World","article_published_time":"2019-09-07T14:03:45+00:00","article_modified_time":"2019-09-07T14:03:46+00:00","og_image":[{"width":1000,"height":600,"url":"https:\/\/hotnewsinworld.com\/hu\/wp-content\/uploads\/sites\/3\/2019\/09\/csak-\u00fagy-repkedtek-a-milli\u00f3k-\u00e9s-Semj\u00e9n-utat-mutatott-a.png","type":"image\/png"}],"author":"hotnewsinworld","twitter_card":"summary_large_image","twitter_misc":{"Szerz\u0151:":"hotnewsinworld","Becs\u00fclt olvas\u00e1si id\u0151":"10 perc"},"schema":{"@context":"https:\/\/schema.org","@graph":[{"@type":"Article","@id":"https:\/\/hotnewsinworld.com\/hu\/csak-ugy-repkedtek-a-milliok-es-semjen-utat-mutatott-a-vadaszoknak\/#article","isPartOf":{"@id":"https:\/\/hotnewsinworld.com\/hu\/csak-ugy-repkedtek-a-milliok-es-semjen-utat-mutatott-a-vadaszoknak\/"},"author":{"name":"hotnewsinworld","@id":"https:\/\/hotnewsinworld.com\/hu\/#\/schema\/person\/fe61448b21c0d59086e75fcc1f9d8f6b"},"headline":"csak \u00fagy repkedtek a milli\u00f3k, \u00e9s Semj\u00e9n utat mutatott a vad\u00e1szoknak","datePublished":"2019-09-07T14:03:45+00:00","dateModified":"2019-09-07T14:03:46+00:00","mainEntityOfPage":{"@id":"https:\/\/hotnewsinworld.com\/hu\/csak-ugy-repkedtek-a-milliok-es-semjen-utat-mutatott-a-vadaszoknak\/"},"wordCount":1947,"commentCount":0,"image":{"@id":"https:\/\/hotnewsinworld.com\/hu\/csak-ugy-repkedtek-a-milliok-es-semjen-utat-mutatott-a-vadaszoknak\/#primaryimage"},"thumbnailUrl":"https:\/\/hotnewsinworld.com\/hu\/wp-content\/uploads\/sites\/3\/2019\/09\/csak-\u00fagy-repkedtek-a-milli\u00f3k-\u00e9s-Semj\u00e9n-utat-mutatott-a.png","articleSection":["LEG\u00daJABB P\u00c9NZ\u00dcGYI H\u00cdREK"],"inLanguage":"hu","potentialAction":[{"@type":"CommentAction","name":"Comment","target":["https:\/\/hotnewsinworld.com\/hu\/csak-ugy-repkedtek-a-milliok-es-semjen-utat-mutatott-a-vadaszoknak\/#respond"]}]},{"@type":"WebPage","@id":"https:\/\/hotnewsinworld.com\/hu\/csak-ugy-repkedtek-a-milliok-es-semjen-utat-mutatott-a-vadaszoknak\/","url":"https:\/\/hotnewsinworld.com\/hu\/csak-ugy-repkedtek-a-milliok-es-semjen-utat-mutatott-a-vadaszoknak\/","name":"csak \u00fagy repkedtek a milli\u00f3k, \u00e9s Semj\u00e9n utat mutatott a vad\u00e1szoknak - Hot News in World","isPartOf":{"@id":"https:\/\/hotnewsinworld.com\/hu\/#website"},"primaryImageOfPage":{"@id":"https:\/\/hotnewsinworld.com\/hu\/csak-ugy-repkedtek-a-milliok-es-semjen-utat-mutatott-a-vadaszoknak\/#primaryimage"},"image":{"@id":"https:\/\/hotnewsinworld.com\/hu\/csak-ugy-repkedtek-a-milliok-es-semjen-utat-mutatott-a-vadaszoknak\/#primaryimage"},"thumbnailUrl":"https:\/\/hotnewsinworld.com\/hu\/wp-content\/uploads\/sites\/3\/2019\/09\/csak-\u00fagy-repkedtek-a-milli\u00f3k-\u00e9s-Semj\u00e9n-utat-mutatott-a.png","datePublished":"2019-09-07T14:03:45+00:00","dateModified":"2019-09-07T14:03:46+00:00","author":{"@id":"https:\/\/hotnewsinworld.com\/hu\/#\/schema\/person\/fe61448b21c0d59086e75fcc1f9d8f6b"},"breadcrumb":{"@id":"https:\/\/hotnewsinworld.com\/hu\/csak-ugy-repkedtek-a-milliok-es-semjen-utat-mutatott-a-vadaszoknak\/#breadcrumb"},"inLanguage":"hu","potentialAction":[{"@type":"ReadAction","target":["https:\/\/hotnewsinworld.com\/hu\/csak-ugy-repkedtek-a-milliok-es-semjen-utat-mutatott-a-vadaszoknak\/"]}]},{"@type":"ImageObject","inLanguage":"hu","@id":"https:\/\/hotnewsinworld.com\/hu\/csak-ugy-repkedtek-a-milliok-es-semjen-utat-mutatott-a-vadaszoknak\/#primaryimage","url":"https:\/\/hotnewsinworld.com\/hu\/wp-content\/uploads\/sites\/3\/2019\/09\/csak-\u00fagy-repkedtek-a-milli\u00f3k-\u00e9s-Semj\u00e9n-utat-mutatott-a.png","contentUrl":"https:\/\/hotnewsinworld.com\/hu\/wp-content\/uploads\/sites\/3\/2019\/09\/csak-\u00fagy-repkedtek-a-milli\u00f3k-\u00e9s-Semj\u00e9n-utat-mutatott-a.png","width":1000,"height":600,"caption":"csak \u00fagy repkedtek a milli\u00f3k, \u00e9s Semj\u00e9n utat mutatott a vad\u00e1szoknak"},{"@type":"BreadcrumbList","@id":"https:\/\/hotnewsinworld.com\/hu\/csak-ugy-repkedtek-a-milliok-es-semjen-utat-mutatott-a-vadaszoknak\/#breadcrumb","itemListElement":[{"@type":"ListItem","position":1,"name":"\u0413\u043b\u0430\u0432\u043d\u0430\u044f \u0441\u0442\u0440\u0430\u043d\u0438\u0446\u0430","item":"https:\/\/hotnewsinworld.com\/hu\/"},{"@type":"ListItem","position":2,"name":"csak \u00fagy repkedtek a milli\u00f3k, \u00e9s Semj\u00e9n utat mutatott a vad\u00e1szoknak"}]},{"@type":"WebSite","@id":"https:\/\/hotnewsinworld.com\/hu\/#website","url":"https:\/\/hotnewsinworld.com\/hu\/","name":"Hot News in World","description":"Hot News in World from Hungary","potentialAction":[{"@type":"SearchAction","target":{"@type":"EntryPoint","urlTemplate":"https:\/\/hotnewsinworld.com\/hu\/?s={search_term_string}"},"query-input":{"@type":"PropertyValueSpecification","valueRequired":true,"valueName":"search_term_string"}}],"inLanguage":"hu"},{"@type":"Person","@id":"https:\/\/hotnewsinworld.com\/hu\/#\/schema\/person\/fe61448b21c0d59086e75fcc1f9d8f6b","name":"hotnewsinworld","image":{"@type":"ImageObject","inLanguage":"hu","@id":"https:\/\/secure.gravatar.com\/avatar\/8a09ac165600ce2e1c38fe593c63928eb1e6e7ba5c5a907d67787c41b3d00c14?s=96&d=mm&r=g","url":"https:\/\/secure.gravatar.com\/avatar\/8a09ac165600ce2e1c38fe593c63928eb1e6e7ba5c5a907d67787c41b3d00c14?s=96&d=mm&r=g","contentUrl":"https:\/\/secure.gravatar.com\/avatar\/8a09ac165600ce2e1c38fe593c63928eb1e6e7ba5c5a907d67787c41b3d00c14?s=96&d=mm&r=g","caption":"hotnewsinworld"},"url":"https:\/\/hotnewsinworld.com\/hu\/author\/pt\/"}]}},"_links":{"self":[{"href":"https:\/\/hotnewsinworld.com\/hu\/wp-json\/wp\/v2\/posts\/1754","targetHints":{"allow":["GET"]}}],"collection":[{"href":"https:\/\/hotnewsinworld.com\/hu\/wp-json\/wp\/v2\/posts"}],"about":[{"href":"https:\/\/hotnewsinworld.com\/hu\/wp-json\/wp\/v2\/types\/post"}],"author":[{"embeddable":true,"href":"https:\/\/hotnewsinworld.com\/hu\/wp-json\/wp\/v2\/users\/2"}],"replies":[{"embeddable":true,"href":"https:\/\/hotnewsinworld.com\/hu\/wp-json\/wp\/v2\/comments?post=1754"}],"version-history":[{"count":1,"href":"https:\/\/hotnewsinworld.com\/hu\/wp-json\/wp\/v2\/posts\/1754\/revisions"}],"predecessor-version":[{"id":1756,"href":"https:\/\/hotnewsinworld.com\/hu\/wp-json\/wp\/v2\/posts\/1754\/revisions\/1756"}],"wp:featuredmedia":[{"embeddable":true,"href":"https:\/\/hotnewsinworld.com\/hu\/wp-json\/wp\/v2\/media\/1755"}],"wp:attachment":[{"href":"https:\/\/hotnewsinworld.com\/hu\/wp-json\/wp\/v2\/media?parent=1754"}],"wp:term":[{"taxonomy":"category","embeddable":true,"href":"https:\/\/hotnewsinworld.com\/hu\/wp-json\/wp\/v2\/categories?post=1754"},{"taxonomy":"post_tag","embeddable":true,"href":"https:\/\/hotnewsinworld.com\/hu\/wp-json\/wp\/v2\/tags?post=1754"}],"curies":[{"name":"wp","href":"https:\/\/api.w.org\/{rel}","templated":true}]}}