{"id":1757,"date":"2019-09-07T18:42:47","date_gmt":"2019-09-07T15:42:47","guid":{"rendered":"https:\/\/hotnewsinworld.com\/hu\/nem-egy-hullat-akarok-megmutatni-hanem-egy-tortenetet\/"},"modified":"2019-09-07T18:42:49","modified_gmt":"2019-09-07T15:42:49","slug":"nem-egy-hullat-akarok-megmutatni-hanem-egy-tortenetet","status":"publish","type":"post","link":"https:\/\/hotnewsinworld.com\/hu\/nem-egy-hullat-akarok-megmutatni-hanem-egy-tortenetet\/","title":{"rendered":"Nem egy hull\u00e1t akarok megmutatni, hanem egy t\u00f6rt\u00e9netet"},"content":{"rendered":"<p>\n\t\t\t\t\t\tH\u00fasz\u00e9vesen programoz\u00f3nak k\u00e9sz\u00fclt, G\u00e1rdi Bal\u00e1zs fot\u00f3s Playboy-interj\u00faja hozta meg a kedv\u00e9t a fot\u00f3z\u00e1shoz. A h\u00faga ballag\u00e1s\u00e1n jutott esz\u00e9be el\u0151sz\u00f6r, hogy f\u00e9nyk\u00e9pezzen, 23 \u00e9vesen kezdett el a Pr\u00e1ter utcai fot\u00f3s iskol\u00e1ban tanulni. A N\u00e9pszav\u00e1n\u00e1l dolgozott gyakornokk\u00e9nt, szabad\u00fasz\u00f3k\u00e9nt j\u00e1rt Sz\u00edri\u00e1ban \u00e9s k\u00f6vette a menek\u00fclteket, Hemz\u0151 K\u00e1roly-d\u00edjjal t\u00fcntett\u00e9k ki, az anal\u00f3g k\u00e9peit pedig m\u00e9g mindig a v\u00e9c\u00e9j\u00e9ben h\u00edvja el\u0151. Lapunk fot\u00f3sa, Bielik Istv\u00e1n sz\u00edriai k\u00e9peit a P\u00e1rbesz\u00e9d h\u00e1z\u00e1ban Solym\u00e1r D\u00e1niel k\u00e9peivel egy\u00fctt lehet megtekinteni szeptember 9-ig. A ki\u00e1ll\u00edt\u00e1s aprop\u00f3j\u00e1n besz\u00e9lgett\u00fcnk vele.\t\t\t\t\t<\/p>\n<div>\n<p><em><strong>Mi\u00e9rt akart\u00e1l Alepp\u00f3ban fot\u00f3zni, a sz\u00edriai h\u00e1bor\u00fa k\u00f6zep\u00e9n?<\/strong><\/em><\/p>\n<p>2011-ben egy bar\u00e1tom unokates\u00f3j\u00e1nak az esk\u00fcv\u0151j\u00e9re ment\u00fcnk ki Izraelbe. Aut\u00f3t b\u00e9relt\u00fcnk, eg\u00e9sz Ciszjord\u00e1ni\u00e1t bej\u00e1rtuk. Jerik\u00f3ban g\u00e9pfegyvert fogtak r\u00e1nk hazafel\u00e9, mert nem volt pap\u00edrunk arr\u00f3l, hogy bement\u00fcnk. Amikor elkezd\u0151d\u00f6tt az arab tavasz, \u00fagy \u00e9reztem, megvan az a fot\u00f3s gyakorlat \u00e9s szakmai tud\u00e1s, amivel bele merek v\u00e1gni.<\/p>\n<figure id=\"attachment_2554996\" aria-describedby=\"caption-attachment-2554996\" style=\"width: 1024px\" class=\"wp-caption aligncenter\"><noscript><img decoding=\"async\" src=\"https:\/\/hotnewsinworld.com\/hu\/wp-content\/uploads\/sites\/3\/2019\/09\/Nem-egy-hullat-akarok-megmutatni-hanem-egy-tortenetet.jpg\" alt=\"\" data-width=\"480\" class=\" wp-image-2554996 size-large media-object\"\/><\/noscript><figcaption id=\"caption-attachment-2554996\" class=\"wp-caption-text\">Csat\u00e1t nyert \u00fcnnepl\u0151 t\u00f6meg. F\u00e9lelmetes l\u00e1tv\u00e1ny a katonai ruh\u00e1s, felfegyverzett gyerek. T\u0151l\u00fck a gyermekkorukat vette el a h\u00e1bor\u00fa. Fot\u00f3: Bielik Istv\u00e1n<\/figcaption><\/figure>\n<p>A szervez\u00e9s t\u00f6bb h\u00f3napig tartott. El\u0151sz\u00f6r szabad\u00fasz\u00f3k k\u00e9peit n\u00e9zegettem, egy spanyol \u00fajs\u00e1g\u00edr\u00f3csapatot kezdtem el k\u00f6vetni virtu\u00e1lisan, fiatalok voltak \u00e9s szimpatikusak. K\u00e9s\u0151bb az egyik\u00fck egy Alepp\u00f3r\u00f3l k\u00e9sz\u00edtett k\u00e9ppel Pulitzer-d\u00edjat nyert. Egy vide\u00f3s sr\u00e1cra \u00edrtam r\u00e1, t\u0151le kaptam meg a fixer, a helyi idegenvezet\u0151m el\u00e9rhet\u0151s\u00e9g\u00e9t. \u0150k h\u00f3napokat t\u00f6lt\u00f6ttek Alepp\u00f3ban, b\u00edztam benne, hogy ha \u0151k t\u00fal\u00e9lt\u00e9k, akkor \u00e9n is t\u00fal fogom, a letesztelt emberrel.<\/p>\n<p><em><strong>Ennyi szervez\u00e9s \u00e9s el\u0151k\u00e9sz\u00fclet ut\u00e1n milyen volt meg\u00e9rkezni a helysz\u00ednre?<\/strong><\/em><\/p>\n<p>2013 febru\u00e1rj\u00e1ban indultam, T\u00f6r\u00f6korsz\u00e1gba rep\u00fcltem. A Gaziantep rept\u00e9rr\u0151l Kilishez, a hat\u00e1rv\u00e1roshoz mentem taxival, a h\u00e1tizs\u00e1kommal \u00e1tbattyogtam a hat\u00e1ron, \u00e9s be voltam szarva. Fizetnem kellett sz\u00e1z doll\u00e1rt, kaptam \u00e9rte egy kit\u00e9pett f\u00fczetlapot pecs\u00e9ttel, ez jelezte, hogy bel\u00e9ptem a felkel\u0151k \u00e1ltal ellen\u0151rz\u00f6tt orsz\u00e1gba. A fixeremet nem \u00e9rtem el telefonon, p\u00e1r \u00f3r\u00e1t v\u00e1nom kellett. Leraktam a h\u00e1tizs\u00e1kom, r\u00e1\u00fcltem, matekoztam, hogy hogyan tov\u00e1bb.<\/p>\n<p>Sokat hallottam a k\u00f6rny\u00e9kbeli embercsemp\u00e9szekr\u0151l, terrorcsoportokr\u00f3l. Az Iszl\u00e1m \u00c1llam kalif\u00e1tusa nem l\u00e9tezett m\u00e9g, de voltak sz\u00e9ls\u0151s\u00e9ges csoportok, eur\u00f3paik\u00e9nt pedig lehettem volna t\u00fasz vagy harcos is. Megfordult a fejemben, hogy visszamegyek T\u00f6r\u00f6korsz\u00e1gba, de \u00fagy gondoltam, ha m\u00e1r eljutottam id\u00e1ig, a kapub\u00f3l nem fogok visszafordulni. P\u00e1r \u00f3r\u00e1val k\u00e9s\u0151bb meg\u00e9rkezett a fixerem, odaugrott, \u00e1t\u00f6lelt, azt mondta: Welcome to Syria. Velem egykor\u00fa sr\u00e1c volt, alacsony \u00e9s szak\u00e1llas. R\u00f6gt\u00f6n menteget\u0151z\u00f6tt: p\u00e1r h\u00e9ttel az \u00e9rkez\u00e9sem el\u0151tt volt az esk\u00fcv\u0151je, \u00e9s h\u00e1zasemberk\u00e9nt valami dolga akadt. A kocsiban \u00fclt a feles\u00e9ge is. Akkor m\u00e1r tudtam, hogy nem v\u00e1gtak \u00e1t.<\/p>\n<p>Mint Sz\u00edri\u00e1ban mindenki, \u0151 is volt sorkatona p\u00e1r \u00e9vig. A felkel\u0151k oldal\u00e1n harcolt, miel\u0151tt elkezdett fixerkedni. Csak akkoriban csin\u00e1lta meg a jogsij\u00e1t, amikor \u00e9n kint voltam, eszm\u00e9letlen rosszul vezetett. De megvoltak a kapcsolatai, ismerte a helyeket. A v\u00e1rosba menet az \u00faton l\u00f6v\u00e9seket hallottunk, n\u00e9ha az aut\u00f3 mellett ment el egy goly\u00f3. Mondt\u00e1k, hogy nem kell f\u00e9lni, nagyon messzir\u0151l l\u0151nek, csak hogy ijesztgessenek. Majdnem \u00f6sszeszartam magam.<\/p>\n<p><span class=\"highlight-block-small\">Ut\u00f3lag visszagondolva \u00fagy \u00e9rzem, nagyon nagy szerencs\u00e9m volt. K\u00e9s\u0151bb pont ett\u0151l a sr\u00e1ct\u00f3l, Juszeft\u0151l rabolt\u00e1k el Steven Sotloffot, akit az Iszl\u00e1m \u00c1llam lefejezett.<\/span><\/p>\n<p><em><strong>Hogyan k\u00e9sz\u00fclt\u00e9l az \u00fatra?<\/strong><\/em><\/p>\n<p>Praktikusan egy ilyen \u00fatra nem tudsz k\u00e9sz\u00fclni. Ha sportos vagy \u00e9s tudsz futni az j\u00f3, de nem sokat sz\u00e1m\u00edt. Ink\u00e1bb az \u00f6sszes akkor el\u00e9rhet\u0151 irodalmat elolvastam. Al Ghaoui Hesna <em>H\u00e1bor\u00fak f\u00f6ldj\u00e9n<\/em> c\u00edm\u0171 k\u00f6nyv\u00e9t nagyon szerettem. A Bang Bang Klub filmet megn\u00e9ztem \u00e9s a k\u00f6nyvet is elolvastam. \u00c9s Robert Cap\u00e1r\u00f3l mindent. Ezekb\u0151l kap valami \u00edzel\u00edt\u0151t az ember, hogy mire sz\u00e1m\u00edtson. De nek\u00fcnk nincs kapcsolatunk a h\u00e1bor\u00faval, legut\u00f3bb a nagysz\u00fcleink l\u00e1ttak forradalmat, \u00edgy k\u00e9sz\u00fclni sem lehet r\u00e1.<\/p>\n<p>Folyamatos stressz volt, de \u00f6szt\u00f6n\u00f6sen \u00e9reztem, hogy mit kell csin\u00e1lni, reggelente a bomb\u00e1z\u00e1s el\u0151l p\u00e9ld\u00e1ul az \u00e1gy al\u00e1 b\u00fajtam. A legnagyobb vesz\u00e9ly akkor volt, ha mondjuk felkel\u0151kkel utaztam, \u00e9s korm\u00e1nyp\u00e1rtiak igazoltattak, mert rossz utcasarkon fordultunk be. B\u00edzni kellett a fixeredben ahhoz, hogy ne folyamatosan azon izgulj, t\u00fal\u00e9led-e, hanem tudj dolgozni. Engem, ha elkezdek fot\u00f3zni, ak\u00e1r portr\u00e9n\u00e1l is, elkap a flow, nem foglalkozom m\u00e1ssal. Mindig tudat\u00e1ban voltam annak, hogy h\u00e1bor\u00fas z\u00f3n\u00e1ban vagyok, de soha nem volt olyan \u00e9rz\u00e9sem, hogy itt v\u00e9ge lesz.<\/p>\n<figure id=\"attachment_2555000\" aria-describedby=\"caption-attachment-2555000\" style=\"width: 1024px\" class=\"wp-caption aligncenter\"><img decoding=\"async\" data-lazy-type=\"image\" src=\"https:\/\/hotnewsinworld.com\/hu\/wp-content\/uploads\/sites\/3\/2019\/09\/1567870967_649_Nem-egy-hullat-akarok-megmutatni-hanem-egy-tortenetet.jpg\" alt=\"\" data-width=\"480\" class=\"lazy lazy-hidden  wp-image-2555000 size-large media-object\"\/><noscript><img decoding=\"async\" src=\"https:\/\/hotnewsinworld.com\/hu\/wp-content\/uploads\/sites\/3\/2019\/09\/1567870967_649_Nem-egy-hullat-akarok-megmutatni-hanem-egy-tortenetet.jpg\" alt=\"\" data-width=\"480\" class=\" wp-image-2555000 size-large media-object\"\/><\/noscript><figcaption id=\"caption-attachment-2555000\" class=\"wp-caption-text\">Repeszs\u00e9r\u00fcl\u00e9st szenvedett kisl\u00e1ny az alepp\u00f3i frontk\u00f3rh\u00e1zban. A gyermek az iskol\u00e1b\u00f3l s\u00e9t\u00e1lt haza, amikor a k\u00f6zeli \u00e9p\u00fclet bomb\u00e1z\u00e1s\u00e1b\u00f3l egy repesz a kopony\u00e1j\u00e1ba f\u00far\u00f3dott. A megment\u00e9s\u00e9hez sz\u00fcks\u00e9ges eszk\u00f6z\u00f6k h\u00edj\u00e1n \u00e9desapja taxival pr\u00f3b\u00e1lta a t\u00f6r\u00f6k hat\u00e1rra vinni, h\u00e1tha \u00e1tengedik a hat\u00e1ron, hogy megmenthess\u00e9k az \u00e9let\u00e9t. Fot\u00f3: Bielik Istv\u00e1n<\/figcaption><\/figure>\n<p><!-- CTS - article010 --><\/p>\n<p>Volt, amikor a felkel\u0151k egyik t\u00e1bor\u00e1n\u00e1l voltunk, \u00e9s sz\u00f3ltak, hogy bomb\u00e1z\u00f3k j\u00f6nnek. Padl\u00f3g\u00e1zzal ment\u00fcnk el onnan. De a legnagyobb adrenalinl\u00f6ket az volt, amikor az els\u0151 p\u00e9nteken, a rendszeres ima \u00e9s a t\u00fcntet\u00e9s ut\u00e1n kiment\u00fcnk a frontvonalra. Sisakot vittem magammal, goly\u00f3\u00e1ll\u00f3 mell\u00e9nyt nem. Ut\u00f3lag kider\u00fclt, hogy a mell\u00e9ny nem v\u00e9d meg, ha r\u00e1d l\u0151nek, de a szint\u00e9n hal\u00e1los repeszekt\u0151l igen. A fronton neh\u00e9zt\u00fcz\u00e9rs\u00e9ggel l\u0151tt\u00e9k egym\u00e1st, j\u00e1rm\u0171vekre szerelt g\u00e9pfegyverrel. Durva volt hallani, ahogy f\u00fcty\u00fcltek a goly\u00f3k. Vizu\u00e1lisan viszont kev\u00e9sb\u00e9 volt \u00e9rdekes, sz\u00e1momra sokkal izgalmasabb vet\u00fclete a h\u00e1bor\u00fanak, hogy a civilekre milyen hat\u00e1ssal van.<\/p>\n<p><em><strong>Ez hogy jelenik meg a k\u00e9peiden?<\/strong><\/em><\/p>\n<p>Szerintem fontos k\u00e9p, amelyiken egy kisl\u00e1ny a k\u00f3rh\u00e1zban fekszik, a rajzfilmfigur\u00e1s t\u00e1sk\u00e1ja mellett. Iskol\u00e1b\u00f3l hazafel\u00e9 a tark\u00f3j\u00e1ba f\u00far\u00f3dott egy repesz. A k\u00e9pen egy asztalon fekszik, eszm\u00e9letlen, az apja \u00e1llt mellette. Nek\u00fcnk egy\u00e9rtelm\u0171, hogy egy gyerek iskol\u00e1ba j\u00e1rhat, van lehet\u0151s\u00e9ge tanulni. Ott m\u00e1r abba belehalhat, hogy iskol\u00e1ba megy. Szerintem fontos ezt az ellent\u00e9tet megmutatni.<\/p>\n<p>Egy m\u00e1sik k\u00e9p egy n\u00e9nir\u0151l k\u00e9sz\u00fclt, akit h\u00e1tba l\u0151ttek. Ember n\u00e9lk\u00fcli fot\u00f3kat csin\u00e1ltunk a sz\u00e9tl\u0151tt, le\u00e9gett \u00f3v\u00e1rosban, \u00e9s minden sarkon \u00e1t kellett szaladunk, ahol mesterl\u00f6v\u00e9szek p\u00e1szt\u00e1ztak. Egyszer csak l\u00f6v\u00e9seket hallottunk. Mire oda\u00e9rt\u00fcnk, egy orvos l\u00e1tta el a n\u00e9ni sebeit, hamarosan aut\u00f3ba rakt\u00e1k \u00e9s k\u00f3rh\u00e1zba sz\u00e1ll\u00edtott\u00e1k. M\u00e1snap \u00e9rdekl\u0151dt\u00fcnk, megl\u00e1togathatjuk-e, de addigra belehalt a t\u00fcd\u0151l\u00f6v\u00e9sbe.<\/p>\n<p>Az eg\u00e9szet megpr\u00f3b\u00e1ltam az \u00e9n eur\u00f3pai sz\u0171r\u0151m\u00f6n kereszt\u00fcl n\u00e9zni, a megszokott \u00e9letemhez hasonl\u00edtani. Egy n\u00e9ni, aki a k\u00f6r\u00faton elindul a cekker\u00e9vel v\u00e1s\u00e1rolni, haza fog \u00e9rni. Ezt a n\u00e9nit h\u00e1tba l\u0151tt\u00e9k. A kisl\u00e1nyt az apuk\u00e1ja vitte haza az iskol\u00e1b\u00f3l, \u00e9s val\u00f3sz\u00edn\u0171leg belehal a s\u00e9r\u00fcl\u00e9s\u00e9be.<\/p>\n<p><em><strong>Etikus lefot\u00f3zni egy halottat vagy s\u00e9r\u00fcltet?<\/strong><\/em><\/p>\n<p>A d\u00e9lszl\u00e1v h\u00e1bor\u00faban p\u00e9ld\u00e1ul sok k\u00e9pet csin\u00e1ltak exhum\u00e1l\u00e1sokr\u00f3l, \u00e9s r\u00e9szben emiatt megv\u00e1ltozott a m\u00e9dia. Sz\u00f3val igen. De szerintem sokkal \u00e9rdekesebb k\u00e9p az, amin valakit ell\u00e1tnak. \u00c9n nem egy hull\u00e1t akarok megmutatni, hanem egy emberi t\u00f6rt\u00e9netet.<\/p>\n<figure id=\"attachment_2555003\" aria-describedby=\"caption-attachment-2555003\" style=\"width: 1024px\" class=\"wp-caption aligncenter\"><img decoding=\"async\" data-lazy-type=\"image\" src=\"https:\/\/hotnewsinworld.com\/hu\/wp-content\/uploads\/sites\/3\/2019\/09\/1567870967_61_Nem-egy-hullat-akarok-megmutatni-hanem-egy-tortenetet.jpg\" alt=\"\" data-width=\"480\" class=\"lazy lazy-hidden  wp-image-2555003 size-large media-object\"\/><noscript><img decoding=\"async\" src=\"https:\/\/hotnewsinworld.com\/hu\/wp-content\/uploads\/sites\/3\/2019\/09\/1567870967_61_Nem-egy-hullat-akarok-megmutatni-hanem-egy-tortenetet.jpg\" alt=\"\" data-width=\"480\" class=\" wp-image-2555003 size-large media-object\"\/><\/noscript><figcaption id=\"caption-attachment-2555003\" class=\"wp-caption-text\">A h\u00e1bor\u00fa a civil lakoss\u00e1got is megtizedelte, az id\u0151s n\u0151 keny\u00e9r\u00e9rt s\u00e9t\u00e1lt az utc\u00e1n, amikor egy mesterl\u00f6v\u00e9sz h\u00e1tba l\u0151tte. A h\u00f6lgy m\u00e1snap a k\u00f3rh\u00e1zban belehalt a s\u00e9r\u00fcl\u00e9seibe. Fot\u00f3: Bielik Istv\u00e1n<\/figcaption><\/figure>\n<p>Volt p\u00e9ld\u00e1ul egy nap a frontk\u00f3rh\u00e1zban, amikor egy s\u00e9r\u00fclt kisfi\u00fa ell\u00e1t\u00e1s\u00e1t fot\u00f3ztam, a f\u00e9l arca le volt szakadva. Egy m\u00e1sik fi\u00fa combl\u00f6v\u00e9st kapott. Nem ismertem a t\u00f6rt\u00e9net\u00fcket.<\/p>\n<p><span class=\"highlight-block-small\">Nem akartam egy s\u00e9r\u00fclt gyereket lefot\u00f3zni csak az\u00e9rt, mert \u0151 egy s\u00e9r\u00fclt gyerek. Sz\u00e1momra fontos az, hogy legyen m\u00f6g\u00f6tte sztori.<\/span><\/p>\n<p><em><strong>Mennyire tudt\u00e1l Alepp\u00f3ban besz\u00e9lgetni az emberekkel?<\/strong><\/em><\/p>\n<p>\t\t<!-- CTS - article020 --><\/p>\n<p>B\u00e1rmerre ment\u00fcnk, tudtunk. A frontvonalon a katon\u00e1k te\u00e1val k\u00edn\u00e1ltak, egy\u00fctt cigizt\u00fcnk. Napi 3-4 dobozt sz\u00edvtam el, nem lehetett alkoholhoz jutni, mindenki doh\u00e1nyzott, mert valami rekre\u00e1ci\u00f3 kellett. Est\u00e9nk\u00e9nt \u00fajs\u00e1g\u00edr\u00f3k, fot\u00f3sok \u00f6ssze\u00fclt\u00fcnk. Egy t\u00e1rsash\u00e1zi lak\u00e1sban laktunk. Ott tal\u00e1lkoztam \u00c9douard Elias fot\u00f3ssal is. Nem sokkal k\u00e9s\u0151bb elrabolta az Iszl\u00e1m \u00c1llam \u00e9s t\u00edz h\u00f3napot fogs\u00e1gban t\u00f6lt\u00f6tt. Legk\u00f6zelebb 2015-ben tal\u00e1lkoztunk a WordPress Joop Swart Masterclasson, ahol mindketten jel\u00f6ltek voltunk.<\/p>\n<p>Az egyik kedvenc k\u00e9pem egy f\u00e9lszem\u0171 fi\u00far\u00f3l k\u00e9sz\u00fclt, neki nagyon j\u00f3 t\u00f6rt\u00e9nete van. Otthagyta a csal\u00e1dj\u00e1t, fegyvert ragadott \u00e9s bel\u00e9pett a h\u00e1bor\u00faba. Furcsa \u00e9lm\u00e9ny volt: tin\u00e9dzserk\u00e9nt az iskol\u00e1ban lenne a helye \u00e9s a csajokat k\u00e9ne hajtania, ehelyett v\u00e1rja, hogy mikor mehet bevet\u00e9sre. A r\u00f3la k\u00e9sz\u00fclt k\u00e9p abszol\u00fat be\u00e1ll\u00edtott. El\u0151tte k\u00e1v\u00e9zgattunk, cigizt\u00fcnk. Nem tudott angolul, ford\u00edt\u00e1ssal mes\u00e9lte el, hogyan ker\u00fclt oda, hogy \u00e9l a fronton.<\/p>\n<p>K\u00e9t \u00e9s f\u00e9l hetet t\u00f6lt\u00f6ttem ott. Voltak prekoncepci\u00f3im, el\u0151re elk\u00e9pzeltem, hogy miket szeretn\u00e9k l\u00e1tni. P\u00e9ld\u00e1ul a meg\u00e1rvult csal\u00e1dokban a n\u0151k helyzete nagyon \u00e9rdekelt, de nagyon neh\u00e9z volt a n\u0151k k\u00f6zel\u00e9be jutni, ehhez sokkal t\u00f6bb id\u0151 kellett volna.<\/p>\n<p><em><strong>Visszamenn\u00e9l most Sz\u00edri\u00e1ba?<\/strong><\/em><\/p>\n<p>Igen.<\/p>\n<p><em><strong>\u00c9s milyen volt egy kicsivel k\u00e9s\u0151bb a Sz\u00edri\u00e1b\u00f3l menek\u00fclteket Eur\u00f3p\u00e1ban fot\u00f3zni?<\/strong><\/em><\/p>\n<p>J\u00f3l \u00e9p\u00fclt egym\u00e1sra az eg\u00e9sz. Fontos volt, hogy j\u00e1rtam Sz\u00edri\u00e1ban, \u00e9s l\u00e1ttam, hogy honnan j\u00f6nnek ezek az emberek. A menek\u00fcltekhez is szabad\u00fasz\u00f3k\u00e9nt mentem, azzal \u00e9s akkor tudtam foglalkozni, amivel akartam.<\/p>\n<p><span class=\"highlight-block-small\">De nagyon durva \u00e9rz\u00e9s az, hogy tudod, hogy egy olyan helyen vagy, ami az eg\u00e9sz vil\u00e1got foglalkoztatja. Hogy az egyetemes t\u00f6rt\u00e9nelem egy r\u00e9sze a szemeid el\u0151tt \u00edr\u00f3dik.<\/span><\/p>\n<p><em><strong>Melyik volt nehezebb munka?<\/strong><\/em><\/p>\n<p>A menek\u00fcltv\u00e1ls\u00e1g hosszabb volt, 2015 janu\u00e1rt\u00f3l decemberig dolgoztam. Az eg\u00e9sz \u00e9v ezzel telt. Voltam Calaisban is, az nem volt annyira aktu\u00e1lis, de ott volt egy nagyon aranyos dolog: a d\u0171n\u00e9k k\u00f6z\u00f6tt s\u00e9t\u00e1lva odaj\u00f6tt egy ember \u00e9s meg\u00f6lelt. Mes\u00e9lte, hogy Szabadka k\u00f6rny\u00e9k\u00e9n tal\u00e1lkoztunk kor\u00e1bban.<\/p>\n<figure id=\"attachment_2555004\" aria-describedby=\"caption-attachment-2555004\" style=\"width: 1024px\" class=\"wp-caption aligncenter\"><img decoding=\"async\" data-lazy-type=\"image\" src=\"https:\/\/hotnewsinworld.com\/hu\/wp-content\/uploads\/sites\/3\/2019\/09\/1567870967_947_Nem-egy-hullat-akarok-megmutatni-hanem-egy-tortenetet.jpg\" alt=\"\" data-width=\"480\" class=\"lazy lazy-hidden  wp-image-2555004 size-large media-object\"\/><noscript><img decoding=\"async\" src=\"https:\/\/hotnewsinworld.com\/hu\/wp-content\/uploads\/sites\/3\/2019\/09\/1567870967_947_Nem-egy-hullat-akarok-megmutatni-hanem-egy-tortenetet.jpg\" alt=\"\" data-width=\"480\" class=\" wp-image-2555004 size-large media-object\"\/><\/noscript><figcaption id=\"caption-attachment-2555004\" class=\"wp-caption-text\">A lerombolt \u00f3v\u00e1ros kis utc\u00e1j\u00e1ban elhelyezked\u0151 elmegy\u00f3gyint\u00e9zet csal\u00e1dtalan bentlak\u00f3ir\u00f3l a m\u00e1r csak n\u00e9h\u00e1ny f\u0151s szem\u00e9lyzet gondoskodik. Az orvosok \u00e9s az \u00e1pol\u00f3k elmenek\u00fcltek, \u00edgy szakszer\u0171 ell\u00e1t\u00e1s h\u00edj\u00e1n pr\u00f3b\u00e1lj\u00e1k \u00e9letben tartani a betegeket. Fot\u00f3: Bielik Istv\u00e1n<\/figcaption><\/figure>\n<p><!-- CTS - article030 --><\/p>\n<p>\u00c9n \u00fagy mentem ezekre a helyekre, hogy vittem magammal vizet, kenyeret, baromfip\u00e1rizsit. Tudom, hogy nem az \u00fajs\u00e1g\u00edr\u00f3i etikai k\u00f3dex szerint j\u00e1rtam el, de \u00fagy \u00e9reztem, hogy ez a legkevesebb, amit tehetek. Soha nem \u00fagy mentem oda hozz\u00e1juk, hogy szeretn\u00e9k fot\u00f3zni, el\u0151sz\u00f6r ink\u00e1bb besz\u00e9lgettem vel\u00fck. Lehet, hogy vannak olyan k\u00e9pek, amiknek van hat\u00e1sa, de ha valaki \u00e9hes \u00e9s adok neki kenyeret, annak r\u00f6gt\u00f6n \u00e9s biztosan van. Ezt sokan lesz\u00f3lj\u00e1k, de nem \u00e9rdekel.<\/p>\n<p><em><strong>Mennyire lehet ma hat\u00e1sa egy k\u00e9pnek?<\/strong><\/em><\/p>\n<p>Mostans\u00e1g a m\u00e1lenkij robotot t\u00fal\u00e9lt emberekkel csin\u00e1ltam interj\u00fakat, r\u00f3luk k\u00e9sz\u00edtettem portr\u00e9sorozatot. Itt az volt \u00e9rdekes, ahogy a traum\u00e1t feldolgozt\u00e1k, el tudom k\u00e9pzelni, hogy ezt aktu\u00e1lis probl\u00e9m\u00e1kkal is \u00f6ssze lehet k\u00f6tni, \u00edgy \u00e9rdemes megmutatni \u0151ket.<\/p>\n<p><span class=\"highlight-block-small\">Ha nemcsak lefot\u00f3zol dolgokat, nemcsak tud\u00f3s\u00edtasz, hanem egy kicsit tov\u00e1bbgondolod \u00e9s egy metaforikus, elgondolkodtat\u00f3, ak\u00e1r m\u0171v\u00e9szi \u00e9rt\u00e9k\u0171 k\u00e9pet, sorozatot csin\u00e1lsz, azzal k\u00f6nnyebben el tudsz jutni a k\u00f6z\u00f6ns\u00e9ghez.<\/span><\/p>\n<p>Am\u00fagy csom\u00f3szor b\u00e1rmennyire szeretn\u00e9k elmenni egy-egy konfliktusos helyre, m\u00e1r nincsen r\u00e1 kereslet. Mostans\u00e1g mindenkinek 15 perc h\u00edrn\u00e9v jut. De lehet, hogy egy k\u00e9p hat\u00e1s\u00e1ra egy csal\u00e1d mened\u00e9ket tal\u00e1l. Ma m\u00e1r a fot\u00f3k nem t\u00f6megekre vannak hat\u00e1ssal, de szerintem az is nagy sz\u00e1m, ha egy-egy embert meg lehet menteni, ha lehet seg\u00edteni abban, hogy jobb legyen az \u00e9lete.<\/p>\n<p><em><strong>Itthon hogyan fogadt\u00e1k azokat a k\u00e9peidet, amiket sz\u00edr menek\u00fcltekr\u0151l k\u00e9sz\u00edtett\u00e9l?<\/strong><\/em><\/p>\n<p>Ami miatt fel\u00e9rt\u00e9kel\u0151d\u00f6tt ezeknek a t\u00e9m\u00e1knak a fontoss\u00e1ga, az a 2015-\u00f6s menek\u00fcltv\u00e1ls\u00e1g, illetve az akkor megv\u00e1ltozott k\u00f6zbesz\u00e9d, az emberek hozz\u00e1\u00e1ll\u00e1sa. F\u0151leg a tud\u00e1shi\u00e1ny miatt. Nagyon fontos, hogy \u00e9n ott voltam, \u00e9s ezt l\u00e1ttam. Ezek a k\u00e9pek arr\u00f3l besz\u00e9lnek, hogy az emberek mi\u00e9rt k\u00e9nyszer\u00fcltek r\u00e1 arra, hogy elmenek\u00fcljenek az orsz\u00e1gukb\u00f3l. Ezek az \u0151 szem\u00e9lyes t\u00f6rt\u00e9neteik.<\/p>\n<p><span class=\"highlight-block-small\">Ezek a helyzetek ma is minden nap megt\u00f6rt\u00e9nhetnek, csak egy m\u00e1sik kisgyerek vagy egy m\u00e1sik n\u00e9ni fekszik ott holtan vagy f\u00e9lholtan. Tal\u00e1n \u00edgy is lehet embereket \u00e9rz\u00e9keny\u00edteni, valamif\u00e9le utat tal\u00e1lni fel\u00e9j\u00fck.\u00a0<\/span><\/p>\n<p><em><strong>R\u00e1d milyen hat\u00e1ssal voltak a l\u00e1tottak?<\/strong><\/em><\/p>\n<p>\t\t<!-- CTS - article040 --><\/p>\n<p>A sz\u00edr esem\u00e9nyek is hat\u00e1ssal voltak r\u00e1m, de a menek\u00fcltv\u00e1ls\u00e1g m\u00e9g ink\u00e1bb. Volt ennek egy \u00edve: 27 \u00e9vesen valahogy \u00e1lltam a vil\u00e1ghoz, a kapcsolatokhoz. Most, hogy kezdek feln\u0151ni, csal\u00e1dot alap\u00edtok, m\u00e1shogy l\u00e1tom ugyanezeket. Kem\u00e9ny volt olyan csal\u00e1dokat l\u00e1tni, akik egy eg\u00e9sz \u00e9letet hagytak el egy \u00faj \u00e9let rem\u00e9ny\u00e9ben. Sokat gondolok r\u00e1juk. Nagyon sok mindent ott kellett hagyniuk, nem csak anyagilag, egy kultur\u00e1lis k\u00f6zeget is. Ezt a magam m\u00f3dj\u00e1n, magamban kezeltem. De mindk\u00e9t \u00fat sokat v\u00e1ltoztatott rajtam.<\/p>\n<figure id=\"attachment_2555006\" aria-describedby=\"caption-attachment-2555006\" style=\"width: 1024px\" class=\"wp-caption aligncenter\"><img decoding=\"async\" data-lazy-type=\"image\" src=\"https:\/\/hotnewsinworld.com\/hu\/wp-content\/uploads\/sites\/3\/2019\/09\/1567870967_92_Nem-egy-hullat-akarok-megmutatni-hanem-egy-tortenetet.jpg\" alt=\"\" data-width=\"480\" class=\"lazy lazy-hidden  wp-image-2555006 size-large media-object\"\/><noscript><img decoding=\"async\" src=\"https:\/\/hotnewsinworld.com\/hu\/wp-content\/uploads\/sites\/3\/2019\/09\/1567870967_92_Nem-egy-hullat-akarok-megmutatni-hanem-egy-tortenetet.jpg\" alt=\"\" data-width=\"480\" class=\" wp-image-2555006 size-large media-object\"\/><\/noscript><figcaption id=\"caption-attachment-2555006\" class=\"wp-caption-text\">A h\u00e1bor\u00fa \u00e1trendezte az \u00e9let sz\u00ednter\u00e9t, a szoba egykor egy nappali volt, ahol h\u00e9tv\u00e9genk\u00e9nt egy\u00fctt lehetett a csal\u00e1d, most egy katona \u00e1ll\u00e1sa, ahol a korm\u00e1nyp\u00e1rti katon\u00e1kat k\u00e9mleli. Fot\u00f3: Bielik Istv\u00e1n<\/figcaption><\/figure>\n<p><em><strong>Mi foglalkoztat itthon? Mostans\u00e1g mit csin\u00e1lsz?<\/strong><\/em><\/p>\n<p>Most arra kaptam meg a P\u00e9csi J\u00f3zsef \u00f6szt\u00f6nd\u00edjat, hogy a m\u00e1lenkij robotot t\u00fal\u00e9l\u0151k eml\u00e9keihez kapcsol\u00f3d\u00f3 helyeket, \u00e9rz\u00e9seket fot\u00f3zzak le. Ezt nagy \u00f6r\u00f6mmel csin\u00e1lom. Az foglalkoztatott p\u00e9ld\u00e1ul, hogy az \u00e9hez\u00e9st hogyan lehet vizu\u00e1lisan \u00e1br\u00e1zolni. Mes\u00e9lt\u00e9k, hogy a h\u00e1bor\u00faban elpusztult lovat felolvasztott\u00e1k t\u00e9len, volt, aki d\u00f6gl\u00f6tt madarat evett. Minden riportalanyom nyolcvan \u00e9v felett van, az \u00e9leterej\u00fck \u00e9s az a gyakorlatiass\u00e1g, ami szerintem m\u00e1r nincs meg az emberekben, zseni\u00e1lis. Nagyon j\u00f3 volt meghallgatni a t\u00f6rt\u00e9neteiket.<\/p>\n<p><em>Kiemelt k\u00e9p: A s\u00e9r\u00fclt f\u00e9rfit a szomsz\u00e9d ker\u00fcletben t\u00f6rt\u00e9nt bomb\u00e1z\u00e1s ut\u00e1n sz\u00e1ll\u00edtott\u00e1k k\u00f3rh\u00e1zba, a k\u00f3rh\u00e1z el\u0151tt csak nagyon k\u00f6r\u00fcltekint\u0151en lehetett felv\u00e9teleket k\u00e9sz\u00edteni, nehogy a k\u00e9pek alapj\u00e1n azonos\u00edtani tudj\u00e1k az elhelyezked\u00e9s\u00e9t. N\u00e9h\u00e1ny h\u00f3nappal el\u0151tte a k\u00f6zeli k\u00f3rh\u00e1zat lerombolt\u00e1k a korm\u00e1nyer\u0151k bomb\u00e1z\u00f3i \u2013 az emberek szerint az\u00e9rt, mert t\u00fal sokat szerepelt a k\u00f3rh\u00e1z a m\u00e9di\u00e1ban.\u00a0 Fot\u00f3: Bielik Istv\u00e1n<\/em><\/p>\n<\/p><\/div>\n<p><script>\n\tjQuery(window).load(function() {\n\t\twindow.fbAsyncInit = function () {\n\t\t\tFB.init({\n\t\t\t\tappId: '',\n\t\t\t\txfbml: true,\n\t\t\t\tversion: 'v3.2'\n\t\t\t});<\/p>\n<p>\t\t\tFB.Event.subscribe('xfbml.ready', function (msg) {\n\t\t\t\tif (msg.type === 'video') {\n\t\t\t\t\tif(typeof insertVideoMeasuringCode != \"undefined\"){\n\t\t\t\t\t\tinsertVideoMeasuringCode(msg);\n\t\t\t\t\t}\n\t\t\t\t}\n\t\t\t});\n\t\t};<\/p>\n<p>\t\tfunction initFB()\n\t\t{\n\t\t\t(function (d, s, id) {\n\t\t\t\tvar js, fjs = d.getElementsByTagName(s)[0];\n\t\t\t\tif (d.getElementById(id)) {\n\t\t\t\t\treturn;\n\t\t\t\t}\n\t\t\t\tjs = d.createElement(s);\n\t\t\t\tjs.id = id;\n\t\t\t\tjs.src = \"http:\/\/connect.facebook.net\/hu_HU\/all.js\";\n\t\t\t\tfjs.parentNode.insertBefore(js, fjs);\n\t\t\t}(document, 'script', 'facebook-jssdk'));\n\t\t\tjQuery(window).off('scroll mousemove touchmove', initFB);\n\t\t}<\/p>\n<p>\t\tfunction parseXFBML(e)\n\t\t{\n\t\t\tif (typeof FB !== \"undefined\" && typeof FB.XFBML !== \"undefined\") {\n\t\t\t\te.preventDefault();\n\t\t\t\te.stopPropagation();\n\t\t\t\tFB.XFBML.parse();\n\t\t\t\tjQuery(window).off('scroll mousemove touchmove', parseXFBML);<\/p>\n<p>\t\t\t\tif (typeof catchSocialEvents != \"undefined\" && typeof catchSocialEvents === \"function\") {\n\t\t\t\t\tcatchSocialEvents();\n\t\t\t\t}\n\t\t\t}\n\t\t}<\/p>\n<p>\t\tjQuery(window).on('scroll mousemove touchmove', initFB);\n\t\tjQuery(window).on('scroll mousemove touchmove', parseXFBML);\n\t});\n<\/script><br \/>\n<br \/>\n<!--noindex--><br \/>\n<a href=\"https:\/\/hirek.oldal.info\/rssclick\/14377934\" rel=\"nofollow\">Source link <\/a><br \/>\n<!--\/noindex--><\/p>\n","protected":false},"excerpt":{"rendered":"<p>H\u00fasz\u00e9vesen programoz\u00f3nak k\u00e9sz\u00fclt, G\u00e1rdi Bal\u00e1zs fot\u00f3s Playboy-interj\u00faja hozta meg a kedv\u00e9t a fot\u00f3z\u00e1shoz. A h\u00faga ballag\u00e1s\u00e1n jutott esz\u00e9be el\u0151sz\u00f6r, hogy f\u00e9nyk\u00e9pezzen, 23 \u00e9vesen kezdett el a Pr\u00e1ter utcai fot\u00f3s iskol\u00e1ban tanulni. A N\u00e9pszav\u00e1n\u00e1l dolgozott gyakornokk\u00e9nt, szabad\u00fasz\u00f3k\u00e9nt j\u00e1rt Sz\u00edri\u00e1ban \u00e9s k\u00f6vette a menek\u00fclteket, Hemz\u0151 K\u00e1roly-d\u00edjjal t\u00fcntett\u00e9k ki, az anal\u00f3g k\u00e9peit pedig m\u00e9g mindig a v\u00e9c\u00e9j\u00e9ben h\u00edvja [&hellip;]<\/p>\n","protected":false},"author":2,"featured_media":1758,"comment_status":"open","ping_status":"open","sticky":false,"template":"","format":"standard","meta":{"footnotes":""},"categories":[1],"tags":[],"class_list":["post-1757","post","type-post","status-publish","format-standard","has-post-thumbnail","hentry","category-legujabb-penzugyi-hirek"],"yoast_head":"<!-- This site is optimized with the Yoast SEO plugin v27.4 - https:\/\/yoast.com\/product\/yoast-seo-wordpress\/ -->\n<title>Nem egy hull\u00e1t akarok megmutatni, hanem egy t\u00f6rt\u00e9netet - Hot News in World<\/title>\n<meta name=\"robots\" content=\"index, follow, max-snippet:-1, max-image-preview:large, max-video-preview:-1\" \/>\n<link rel=\"canonical\" href=\"https:\/\/hotnewsinworld.com\/hu\/nem-egy-hullat-akarok-megmutatni-hanem-egy-tortenetet\/\" \/>\n<meta property=\"og:locale\" content=\"hu_HU\" \/>\n<meta property=\"og:type\" content=\"article\" \/>\n<meta property=\"og:title\" content=\"Nem egy hull\u00e1t akarok megmutatni, hanem egy t\u00f6rt\u00e9netet - Hot News in World\" \/>\n<meta property=\"og:description\" content=\"H\u00fasz\u00e9vesen programoz\u00f3nak k\u00e9sz\u00fclt, G\u00e1rdi Bal\u00e1zs fot\u00f3s Playboy-interj\u00faja hozta meg a kedv\u00e9t a fot\u00f3z\u00e1shoz. A h\u00faga ballag\u00e1s\u00e1n jutott esz\u00e9be el\u0151sz\u00f6r, hogy f\u00e9nyk\u00e9pezzen, 23 \u00e9vesen kezdett el a Pr\u00e1ter utcai fot\u00f3s iskol\u00e1ban tanulni. A N\u00e9pszav\u00e1n\u00e1l dolgozott gyakornokk\u00e9nt, szabad\u00fasz\u00f3k\u00e9nt j\u00e1rt Sz\u00edri\u00e1ban \u00e9s k\u00f6vette a menek\u00fclteket, Hemz\u0151 K\u00e1roly-d\u00edjjal t\u00fcntett\u00e9k ki, az anal\u00f3g k\u00e9peit pedig m\u00e9g mindig a v\u00e9c\u00e9j\u00e9ben h\u00edvja [&hellip;]\" \/>\n<meta property=\"og:url\" content=\"https:\/\/hotnewsinworld.com\/hu\/nem-egy-hullat-akarok-megmutatni-hanem-egy-tortenetet\/\" \/>\n<meta property=\"og:site_name\" content=\"Hot News in World\" \/>\n<meta property=\"article:published_time\" content=\"2019-09-07T15:42:47+00:00\" \/>\n<meta property=\"article:modified_time\" content=\"2019-09-07T15:42:49+00:00\" \/>\n<meta property=\"og:image\" content=\"https:\/\/hotnewsinworld.com\/hu\/wp-content\/uploads\/sites\/3\/2019\/09\/Nem-egy-hull\u00e1t-akarok-megmutatni-hanem-egy-t\u00f6rt\u00e9netet.jpg\" \/>\n\t<meta property=\"og:image:width\" content=\"1200\" \/>\n\t<meta property=\"og:image:height\" content=\"800\" \/>\n\t<meta property=\"og:image:type\" content=\"image\/jpeg\" \/>\n<meta name=\"author\" content=\"hotnewsinworld\" \/>\n<meta name=\"twitter:card\" content=\"summary_large_image\" \/>\n<meta name=\"twitter:label1\" content=\"Szerz\u0151:\" \/>\n\t<meta name=\"twitter:data1\" content=\"hotnewsinworld\" \/>\n\t<meta name=\"twitter:label2\" content=\"Becs\u00fclt olvas\u00e1si id\u0151\" \/>\n\t<meta name=\"twitter:data2\" content=\"14 perc\" \/>\n<script type=\"application\/ld+json\" class=\"yoast-schema-graph\">{\"@context\":\"https:\\\/\\\/schema.org\",\"@graph\":[{\"@type\":\"Article\",\"@id\":\"https:\\\/\\\/hotnewsinworld.com\\\/hu\\\/nem-egy-hullat-akarok-megmutatni-hanem-egy-tortenetet\\\/#article\",\"isPartOf\":{\"@id\":\"https:\\\/\\\/hotnewsinworld.com\\\/hu\\\/nem-egy-hullat-akarok-megmutatni-hanem-egy-tortenetet\\\/\"},\"author\":{\"name\":\"hotnewsinworld\",\"@id\":\"https:\\\/\\\/hotnewsinworld.com\\\/hu\\\/#\\\/schema\\\/person\\\/fe61448b21c0d59086e75fcc1f9d8f6b\"},\"headline\":\"Nem egy hull\u00e1t akarok megmutatni, hanem egy t\u00f6rt\u00e9netet\",\"datePublished\":\"2019-09-07T15:42:47+00:00\",\"dateModified\":\"2019-09-07T15:42:49+00:00\",\"mainEntityOfPage\":{\"@id\":\"https:\\\/\\\/hotnewsinworld.com\\\/hu\\\/nem-egy-hullat-akarok-megmutatni-hanem-egy-tortenetet\\\/\"},\"wordCount\":2889,\"commentCount\":0,\"image\":{\"@id\":\"https:\\\/\\\/hotnewsinworld.com\\\/hu\\\/nem-egy-hullat-akarok-megmutatni-hanem-egy-tortenetet\\\/#primaryimage\"},\"thumbnailUrl\":\"https:\\\/\\\/hotnewsinworld.com\\\/hu\\\/wp-content\\\/uploads\\\/sites\\\/3\\\/2019\\\/09\\\/Nem-egy-hull\u00e1t-akarok-megmutatni-hanem-egy-t\u00f6rt\u00e9netet.jpg\",\"articleSection\":[\"LEG\u00daJABB P\u00c9NZ\u00dcGYI H\u00cdREK\"],\"inLanguage\":\"hu\",\"potentialAction\":[{\"@type\":\"CommentAction\",\"name\":\"Comment\",\"target\":[\"https:\\\/\\\/hotnewsinworld.com\\\/hu\\\/nem-egy-hullat-akarok-megmutatni-hanem-egy-tortenetet\\\/#respond\"]}]},{\"@type\":\"WebPage\",\"@id\":\"https:\\\/\\\/hotnewsinworld.com\\\/hu\\\/nem-egy-hullat-akarok-megmutatni-hanem-egy-tortenetet\\\/\",\"url\":\"https:\\\/\\\/hotnewsinworld.com\\\/hu\\\/nem-egy-hullat-akarok-megmutatni-hanem-egy-tortenetet\\\/\",\"name\":\"Nem egy hull\u00e1t akarok megmutatni, hanem egy t\u00f6rt\u00e9netet - Hot News in World\",\"isPartOf\":{\"@id\":\"https:\\\/\\\/hotnewsinworld.com\\\/hu\\\/#website\"},\"primaryImageOfPage\":{\"@id\":\"https:\\\/\\\/hotnewsinworld.com\\\/hu\\\/nem-egy-hullat-akarok-megmutatni-hanem-egy-tortenetet\\\/#primaryimage\"},\"image\":{\"@id\":\"https:\\\/\\\/hotnewsinworld.com\\\/hu\\\/nem-egy-hullat-akarok-megmutatni-hanem-egy-tortenetet\\\/#primaryimage\"},\"thumbnailUrl\":\"https:\\\/\\\/hotnewsinworld.com\\\/hu\\\/wp-content\\\/uploads\\\/sites\\\/3\\\/2019\\\/09\\\/Nem-egy-hull\u00e1t-akarok-megmutatni-hanem-egy-t\u00f6rt\u00e9netet.jpg\",\"datePublished\":\"2019-09-07T15:42:47+00:00\",\"dateModified\":\"2019-09-07T15:42:49+00:00\",\"author\":{\"@id\":\"https:\\\/\\\/hotnewsinworld.com\\\/hu\\\/#\\\/schema\\\/person\\\/fe61448b21c0d59086e75fcc1f9d8f6b\"},\"breadcrumb\":{\"@id\":\"https:\\\/\\\/hotnewsinworld.com\\\/hu\\\/nem-egy-hullat-akarok-megmutatni-hanem-egy-tortenetet\\\/#breadcrumb\"},\"inLanguage\":\"hu\",\"potentialAction\":[{\"@type\":\"ReadAction\",\"target\":[\"https:\\\/\\\/hotnewsinworld.com\\\/hu\\\/nem-egy-hullat-akarok-megmutatni-hanem-egy-tortenetet\\\/\"]}]},{\"@type\":\"ImageObject\",\"inLanguage\":\"hu\",\"@id\":\"https:\\\/\\\/hotnewsinworld.com\\\/hu\\\/nem-egy-hullat-akarok-megmutatni-hanem-egy-tortenetet\\\/#primaryimage\",\"url\":\"https:\\\/\\\/hotnewsinworld.com\\\/hu\\\/wp-content\\\/uploads\\\/sites\\\/3\\\/2019\\\/09\\\/Nem-egy-hull\u00e1t-akarok-megmutatni-hanem-egy-t\u00f6rt\u00e9netet.jpg\",\"contentUrl\":\"https:\\\/\\\/hotnewsinworld.com\\\/hu\\\/wp-content\\\/uploads\\\/sites\\\/3\\\/2019\\\/09\\\/Nem-egy-hull\u00e1t-akarok-megmutatni-hanem-egy-t\u00f6rt\u00e9netet.jpg\",\"width\":1200,\"height\":800,\"caption\":\"Nem egy hull\u00e1t akarok megmutatni, hanem egy t\u00f6rt\u00e9netet\"},{\"@type\":\"BreadcrumbList\",\"@id\":\"https:\\\/\\\/hotnewsinworld.com\\\/hu\\\/nem-egy-hullat-akarok-megmutatni-hanem-egy-tortenetet\\\/#breadcrumb\",\"itemListElement\":[{\"@type\":\"ListItem\",\"position\":1,\"name\":\"\u0413\u043b\u0430\u0432\u043d\u0430\u044f \u0441\u0442\u0440\u0430\u043d\u0438\u0446\u0430\",\"item\":\"https:\\\/\\\/hotnewsinworld.com\\\/hu\\\/\"},{\"@type\":\"ListItem\",\"position\":2,\"name\":\"Nem egy hull\u00e1t akarok megmutatni, hanem egy t\u00f6rt\u00e9netet\"}]},{\"@type\":\"WebSite\",\"@id\":\"https:\\\/\\\/hotnewsinworld.com\\\/hu\\\/#website\",\"url\":\"https:\\\/\\\/hotnewsinworld.com\\\/hu\\\/\",\"name\":\"Hot News in World\",\"description\":\"Hot News in World from Hungary\",\"potentialAction\":[{\"@type\":\"SearchAction\",\"target\":{\"@type\":\"EntryPoint\",\"urlTemplate\":\"https:\\\/\\\/hotnewsinworld.com\\\/hu\\\/?s={search_term_string}\"},\"query-input\":{\"@type\":\"PropertyValueSpecification\",\"valueRequired\":true,\"valueName\":\"search_term_string\"}}],\"inLanguage\":\"hu\"},{\"@type\":\"Person\",\"@id\":\"https:\\\/\\\/hotnewsinworld.com\\\/hu\\\/#\\\/schema\\\/person\\\/fe61448b21c0d59086e75fcc1f9d8f6b\",\"name\":\"hotnewsinworld\",\"image\":{\"@type\":\"ImageObject\",\"inLanguage\":\"hu\",\"@id\":\"https:\\\/\\\/secure.gravatar.com\\\/avatar\\\/8a09ac165600ce2e1c38fe593c63928eb1e6e7ba5c5a907d67787c41b3d00c14?s=96&d=mm&r=g\",\"url\":\"https:\\\/\\\/secure.gravatar.com\\\/avatar\\\/8a09ac165600ce2e1c38fe593c63928eb1e6e7ba5c5a907d67787c41b3d00c14?s=96&d=mm&r=g\",\"contentUrl\":\"https:\\\/\\\/secure.gravatar.com\\\/avatar\\\/8a09ac165600ce2e1c38fe593c63928eb1e6e7ba5c5a907d67787c41b3d00c14?s=96&d=mm&r=g\",\"caption\":\"hotnewsinworld\"},\"url\":\"https:\\\/\\\/hotnewsinworld.com\\\/hu\\\/author\\\/pt\\\/\"}]}<\/script>\n<!-- \/ Yoast SEO plugin. -->","yoast_head_json":{"title":"Nem egy hull\u00e1t akarok megmutatni, hanem egy t\u00f6rt\u00e9netet - Hot News in World","robots":{"index":"index","follow":"follow","max-snippet":"max-snippet:-1","max-image-preview":"max-image-preview:large","max-video-preview":"max-video-preview:-1"},"canonical":"https:\/\/hotnewsinworld.com\/hu\/nem-egy-hullat-akarok-megmutatni-hanem-egy-tortenetet\/","og_locale":"hu_HU","og_type":"article","og_title":"Nem egy hull\u00e1t akarok megmutatni, hanem egy t\u00f6rt\u00e9netet - Hot News in World","og_description":"H\u00fasz\u00e9vesen programoz\u00f3nak k\u00e9sz\u00fclt, G\u00e1rdi Bal\u00e1zs fot\u00f3s Playboy-interj\u00faja hozta meg a kedv\u00e9t a fot\u00f3z\u00e1shoz. A h\u00faga ballag\u00e1s\u00e1n jutott esz\u00e9be el\u0151sz\u00f6r, hogy f\u00e9nyk\u00e9pezzen, 23 \u00e9vesen kezdett el a Pr\u00e1ter utcai fot\u00f3s iskol\u00e1ban tanulni. A N\u00e9pszav\u00e1n\u00e1l dolgozott gyakornokk\u00e9nt, szabad\u00fasz\u00f3k\u00e9nt j\u00e1rt Sz\u00edri\u00e1ban \u00e9s k\u00f6vette a menek\u00fclteket, Hemz\u0151 K\u00e1roly-d\u00edjjal t\u00fcntett\u00e9k ki, az anal\u00f3g k\u00e9peit pedig m\u00e9g mindig a v\u00e9c\u00e9j\u00e9ben h\u00edvja [&hellip;]","og_url":"https:\/\/hotnewsinworld.com\/hu\/nem-egy-hullat-akarok-megmutatni-hanem-egy-tortenetet\/","og_site_name":"Hot News in World","article_published_time":"2019-09-07T15:42:47+00:00","article_modified_time":"2019-09-07T15:42:49+00:00","og_image":[{"width":1200,"height":800,"url":"https:\/\/hotnewsinworld.com\/hu\/wp-content\/uploads\/sites\/3\/2019\/09\/Nem-egy-hull\u00e1t-akarok-megmutatni-hanem-egy-t\u00f6rt\u00e9netet.jpg","type":"image\/jpeg"}],"author":"hotnewsinworld","twitter_card":"summary_large_image","twitter_misc":{"Szerz\u0151:":"hotnewsinworld","Becs\u00fclt olvas\u00e1si id\u0151":"14 perc"},"schema":{"@context":"https:\/\/schema.org","@graph":[{"@type":"Article","@id":"https:\/\/hotnewsinworld.com\/hu\/nem-egy-hullat-akarok-megmutatni-hanem-egy-tortenetet\/#article","isPartOf":{"@id":"https:\/\/hotnewsinworld.com\/hu\/nem-egy-hullat-akarok-megmutatni-hanem-egy-tortenetet\/"},"author":{"name":"hotnewsinworld","@id":"https:\/\/hotnewsinworld.com\/hu\/#\/schema\/person\/fe61448b21c0d59086e75fcc1f9d8f6b"},"headline":"Nem egy hull\u00e1t akarok megmutatni, hanem egy t\u00f6rt\u00e9netet","datePublished":"2019-09-07T15:42:47+00:00","dateModified":"2019-09-07T15:42:49+00:00","mainEntityOfPage":{"@id":"https:\/\/hotnewsinworld.com\/hu\/nem-egy-hullat-akarok-megmutatni-hanem-egy-tortenetet\/"},"wordCount":2889,"commentCount":0,"image":{"@id":"https:\/\/hotnewsinworld.com\/hu\/nem-egy-hullat-akarok-megmutatni-hanem-egy-tortenetet\/#primaryimage"},"thumbnailUrl":"https:\/\/hotnewsinworld.com\/hu\/wp-content\/uploads\/sites\/3\/2019\/09\/Nem-egy-hull\u00e1t-akarok-megmutatni-hanem-egy-t\u00f6rt\u00e9netet.jpg","articleSection":["LEG\u00daJABB P\u00c9NZ\u00dcGYI H\u00cdREK"],"inLanguage":"hu","potentialAction":[{"@type":"CommentAction","name":"Comment","target":["https:\/\/hotnewsinworld.com\/hu\/nem-egy-hullat-akarok-megmutatni-hanem-egy-tortenetet\/#respond"]}]},{"@type":"WebPage","@id":"https:\/\/hotnewsinworld.com\/hu\/nem-egy-hullat-akarok-megmutatni-hanem-egy-tortenetet\/","url":"https:\/\/hotnewsinworld.com\/hu\/nem-egy-hullat-akarok-megmutatni-hanem-egy-tortenetet\/","name":"Nem egy hull\u00e1t akarok megmutatni, hanem egy t\u00f6rt\u00e9netet - Hot News in World","isPartOf":{"@id":"https:\/\/hotnewsinworld.com\/hu\/#website"},"primaryImageOfPage":{"@id":"https:\/\/hotnewsinworld.com\/hu\/nem-egy-hullat-akarok-megmutatni-hanem-egy-tortenetet\/#primaryimage"},"image":{"@id":"https:\/\/hotnewsinworld.com\/hu\/nem-egy-hullat-akarok-megmutatni-hanem-egy-tortenetet\/#primaryimage"},"thumbnailUrl":"https:\/\/hotnewsinworld.com\/hu\/wp-content\/uploads\/sites\/3\/2019\/09\/Nem-egy-hull\u00e1t-akarok-megmutatni-hanem-egy-t\u00f6rt\u00e9netet.jpg","datePublished":"2019-09-07T15:42:47+00:00","dateModified":"2019-09-07T15:42:49+00:00","author":{"@id":"https:\/\/hotnewsinworld.com\/hu\/#\/schema\/person\/fe61448b21c0d59086e75fcc1f9d8f6b"},"breadcrumb":{"@id":"https:\/\/hotnewsinworld.com\/hu\/nem-egy-hullat-akarok-megmutatni-hanem-egy-tortenetet\/#breadcrumb"},"inLanguage":"hu","potentialAction":[{"@type":"ReadAction","target":["https:\/\/hotnewsinworld.com\/hu\/nem-egy-hullat-akarok-megmutatni-hanem-egy-tortenetet\/"]}]},{"@type":"ImageObject","inLanguage":"hu","@id":"https:\/\/hotnewsinworld.com\/hu\/nem-egy-hullat-akarok-megmutatni-hanem-egy-tortenetet\/#primaryimage","url":"https:\/\/hotnewsinworld.com\/hu\/wp-content\/uploads\/sites\/3\/2019\/09\/Nem-egy-hull\u00e1t-akarok-megmutatni-hanem-egy-t\u00f6rt\u00e9netet.jpg","contentUrl":"https:\/\/hotnewsinworld.com\/hu\/wp-content\/uploads\/sites\/3\/2019\/09\/Nem-egy-hull\u00e1t-akarok-megmutatni-hanem-egy-t\u00f6rt\u00e9netet.jpg","width":1200,"height":800,"caption":"Nem egy hull\u00e1t akarok megmutatni, hanem egy t\u00f6rt\u00e9netet"},{"@type":"BreadcrumbList","@id":"https:\/\/hotnewsinworld.com\/hu\/nem-egy-hullat-akarok-megmutatni-hanem-egy-tortenetet\/#breadcrumb","itemListElement":[{"@type":"ListItem","position":1,"name":"\u0413\u043b\u0430\u0432\u043d\u0430\u044f \u0441\u0442\u0440\u0430\u043d\u0438\u0446\u0430","item":"https:\/\/hotnewsinworld.com\/hu\/"},{"@type":"ListItem","position":2,"name":"Nem egy hull\u00e1t akarok megmutatni, hanem egy t\u00f6rt\u00e9netet"}]},{"@type":"WebSite","@id":"https:\/\/hotnewsinworld.com\/hu\/#website","url":"https:\/\/hotnewsinworld.com\/hu\/","name":"Hot News in World","description":"Hot News in World from Hungary","potentialAction":[{"@type":"SearchAction","target":{"@type":"EntryPoint","urlTemplate":"https:\/\/hotnewsinworld.com\/hu\/?s={search_term_string}"},"query-input":{"@type":"PropertyValueSpecification","valueRequired":true,"valueName":"search_term_string"}}],"inLanguage":"hu"},{"@type":"Person","@id":"https:\/\/hotnewsinworld.com\/hu\/#\/schema\/person\/fe61448b21c0d59086e75fcc1f9d8f6b","name":"hotnewsinworld","image":{"@type":"ImageObject","inLanguage":"hu","@id":"https:\/\/secure.gravatar.com\/avatar\/8a09ac165600ce2e1c38fe593c63928eb1e6e7ba5c5a907d67787c41b3d00c14?s=96&d=mm&r=g","url":"https:\/\/secure.gravatar.com\/avatar\/8a09ac165600ce2e1c38fe593c63928eb1e6e7ba5c5a907d67787c41b3d00c14?s=96&d=mm&r=g","contentUrl":"https:\/\/secure.gravatar.com\/avatar\/8a09ac165600ce2e1c38fe593c63928eb1e6e7ba5c5a907d67787c41b3d00c14?s=96&d=mm&r=g","caption":"hotnewsinworld"},"url":"https:\/\/hotnewsinworld.com\/hu\/author\/pt\/"}]}},"_links":{"self":[{"href":"https:\/\/hotnewsinworld.com\/hu\/wp-json\/wp\/v2\/posts\/1757","targetHints":{"allow":["GET"]}}],"collection":[{"href":"https:\/\/hotnewsinworld.com\/hu\/wp-json\/wp\/v2\/posts"}],"about":[{"href":"https:\/\/hotnewsinworld.com\/hu\/wp-json\/wp\/v2\/types\/post"}],"author":[{"embeddable":true,"href":"https:\/\/hotnewsinworld.com\/hu\/wp-json\/wp\/v2\/users\/2"}],"replies":[{"embeddable":true,"href":"https:\/\/hotnewsinworld.com\/hu\/wp-json\/wp\/v2\/comments?post=1757"}],"version-history":[{"count":1,"href":"https:\/\/hotnewsinworld.com\/hu\/wp-json\/wp\/v2\/posts\/1757\/revisions"}],"predecessor-version":[{"id":1759,"href":"https:\/\/hotnewsinworld.com\/hu\/wp-json\/wp\/v2\/posts\/1757\/revisions\/1759"}],"wp:featuredmedia":[{"embeddable":true,"href":"https:\/\/hotnewsinworld.com\/hu\/wp-json\/wp\/v2\/media\/1758"}],"wp:attachment":[{"href":"https:\/\/hotnewsinworld.com\/hu\/wp-json\/wp\/v2\/media?parent=1757"}],"wp:term":[{"taxonomy":"category","embeddable":true,"href":"https:\/\/hotnewsinworld.com\/hu\/wp-json\/wp\/v2\/categories?post=1757"},{"taxonomy":"post_tag","embeddable":true,"href":"https:\/\/hotnewsinworld.com\/hu\/wp-json\/wp\/v2\/tags?post=1757"}],"curies":[{"name":"wp","href":"https:\/\/api.w.org\/{rel}","templated":true}]}}