{"id":1760,"date":"2019-09-07T20:06:16","date_gmt":"2019-09-07T17:06:16","guid":{"rendered":"https:\/\/hotnewsinworld.com\/hu\/magyarorszag-110-szazalekkal-vallalta-tul-az-eu-s-forrasokat\/"},"modified":"2019-09-07T20:06:17","modified_gmt":"2019-09-07T17:06:17","slug":"magyarorszag-110-szazalekkal-vallalta-tul-az-eu-s-forrasokat","status":"publish","type":"post","link":"https:\/\/hotnewsinworld.com\/hu\/magyarorszag-110-szazalekkal-vallalta-tul-az-eu-s-forrasokat\/","title":{"rendered":"Magyarorsz\u00e1g 110 sz\u00e1zal\u00e9kkal v\u00e1llalta t\u00fal az EU-s forr\u00e1sokat"},"content":{"rendered":"<div id=\"\">\n<h2>Rog\u00e1n: Magyarorsz\u00e1g 110 sz\u00e1zal\u00e9kkal v\u00e1llalta t\u00fal az EU-s forr\u00e1sokat<\/h2>\n<p class=\"lead\">A k\u00f6vetkez\u0151 id\u0151szakban a nemzeti f\u00fcggetlens\u00e9g meger\u0151s\u00edt\u00e9s\u00e9re kell koncentr\u00e1lni &#8211; mondta Rog\u00e1n Antal szombaton a Somogy megyei K\u00f6tcs\u00e9n, a Polg\u00e1ri Piknik elnevez\u00e9s\u0171 tal\u00e1lkoz\u00f3 el\u0151tt.<\/p>\n<div class=\"image-wrapper \">\n    \t\t\t\t\t\t<\/div>\n<p>A Minisztereln\u00f6ki Kabinetiroda vezet\u0151je a tal\u00e1lkoz\u00f3nak helyet ad\u00f3 Dobozy k\u00fari\u00e1n\u00e1l tartott sajt\u00f3t\u00e1j\u00e9koztat\u00f3n k\u00f6z\u00f6lte: Orb\u00e1n Viktor minisztereln\u00f6k arr\u00f3l besz\u00e9l majd az \u00f6sszegy\u0171lteknek, hogy &#8222;a 2010 \u00f3ta eltelt 9 \u00e9vben el\u0151sz\u00f6r megteremtett\u00fck a f\u00fcggetlens\u00e9get, majd megv\u00e9dt\u00fck azt; az el\u0151tt\u00fcnk \u00e1ll\u00f3 \u00e9vek legfontosabb feladata a nemzeti f\u00fcggetlens\u00e9g meger\u0151s\u00edt\u00e9se&#8221;.<\/p>\n<p>&#13;<\/p>\n<p>Hozz\u00e1tette: ehhez egy er\u0151s \u00e9s sikeres gazdas\u00e1g kell, ahhoz pedig szuver\u00e9n \u00e9s \u00f6n\u00e1ll\u00f3 gazdas\u00e1gpolitika vezet, amit az elm\u00falt \u00e9vekben is folytattak.<\/p>\n<p>&#13;<\/p>\n<blockquote><p><span class=\"small\" data-mce-mark=\"1\">Felid\u00e9zte, hogy 2010 \u00f3ta vissza kellett fizetni az IMF-t\u0151l \u00e9s a Gyurcs\u00e1ny-, Bajnai-korm\u00e1ny \u00e1ltal az Eur\u00f3pai Uni\u00f3t\u00f3l felvett hitelt. Ezut\u00e1n a nemzeti f\u00fcggetlens\u00e9get t\u00f6bb t\u00e1mad\u00e1s \u00e9rte; p\u00e9nz\u00fcgyi jelleg\u0171 a rezsics\u00f6kkent\u00e9s idej\u00e9n, majd &#8222;2015 \u00e9s 2018 k\u00f6z\u00f6tt t\u00f6bbsz\u00f6r pr\u00f3b\u00e1lt\u00e1k kik\u00e9nyszer\u00edteni, hogy megnyissuk a magyar hat\u00e1rokat a bev\u00e1ndorl\u00f3k el\u0151tt&#8221; &#8211; mondta.<\/span><\/p><\/blockquote>\n<p>&#13;<\/p>\n<p>\u00dagy fogalmazott: &#8222;minden alkalommal sikeresen v\u00e9dt\u00fck meg a nemzeti \u00f6nrendelkez\u00e9s szabads\u00e1g\u00e1t&#8221;.\u00a0<\/p>\n<p>&#13;<\/p>\n<p>A politikus sz\u00f3lt arr\u00f3l, hogy az elm\u00falt \u00e9vekben a magyar gazdas\u00e1g n\u00f6veked\u00e9se nemcsak kiemelked\u0151en magas, hanem az EU-n bel\u00fcl az egyik legmagasabb, \u00e9s a k\u00f6z\u00e9p-eur\u00f3pai t\u00e9rs\u00e9gben is \u00e9lenj\u00e1r\u00f3. Azt a k\u00fcl\u00f6nbs\u00e9get, ami a k\u00f6z\u00e9p-kelet-eur\u00f3pai orsz\u00e1gok n\u00f6veked\u00e9se \u00e9s a magyar gazdas\u00e1g mostani teljes\u00edtm\u00e9nye k\u00f6z\u00f6tt van, a magyar gazdas\u00e1gpolitika, a gazdas\u00e1gv\u00e9delmi akci\u00f3terv tette hozz\u00e1 &#8211; h\u00fazta al\u00e1.<\/p>\n<p>&#13;<\/p>\n<p>A k\u00f6vetkez\u0151 \u00e9vekben minden forr\u00e1st arra koncentr\u00e1lnak, hogy er\u0151s magyar gazdas\u00e1got teremtsenek. Ez a felt\u00e9tele annak, hogy tov\u00e1bbra is t\u00e1mogatni lehessen a csal\u00e1dokat, megv\u00e9dj\u00e9k a nyugd\u00edjak \u00e9rt\u00e9k\u00e1ll\u00f3s\u00e1g\u00e1t &#8211; hangs\u00falyozta.<\/p>\n<p>&#13;<\/p>\n<p>K\u00e9rd\u00e9sre v\u00e1laszolva azt mondta: az \u00f6nkorm\u00e1nyzati v\u00e1laszt\u00e1s nem ideol\u00f3giai, politikai v\u00e1laszt\u00e1s, hanem arr\u00f3l sz\u00f3l, hogy milyen embereket v\u00e1lasztanak a telep\u00fcl\u00e9sek \u00e9l\u00e9re.<\/p>\n<p>&#13;<\/p>\n<p>&#8222;A Fidesz-KDNP-nek rengeteg kipr\u00f3b\u00e1lt, sikeres polg\u00e1rmestere van, akik bizony\u00edtottak az elm\u00falt 9-13 \u00e9vben, \u00e9rdemesek arra, hogy \u0151k vezess\u00e9k a telep\u00fcl\u00e9seiket&#8221; &#8211; f\u0171zte hozz\u00e1.\u00a0<br \/><span data-mce-mark=\"1\"\/><\/p>\n<p>&#13;<\/p>\n<p><span data-mce-mark=\"1\">Rog\u00e1n<\/span>\u00a0Antal szerint a korm\u00e1nyp\u00e1rtok alkalmas embereket k\u00edn\u00e1lnak a v\u00e1laszt\u00f3knak, az ellenz\u00e9k r\u00e9sz\u00e9r\u0151l viszont poz\u00edci\u00f3ra t\u00f6rekv\u0151, alkalmatlan emberek \u00e1llnak szemben a sikeres \u00e9s bizony\u00edtott Fidesz-KDNP-s polg\u00e1rmesterekkel. Erre szerinte a legjobb p\u00e9lda Budapest, amelyet &#8222;Tarl\u00f3s Istv\u00e1n szem\u00e9ly\u00e9ben egy nagy tapasztalattal rendelkez\u0151, 29 \u00e9ve v\u00e1rosvezet\u0151 ir\u00e1ny\u00edt, az ellenz\u00e9ki oldalon h\u00e1rom alkalmatlan jel\u00f6lt \u00e1ll vele szemben&#8221;.<\/p>\n<p>&#13;<\/p>\n<blockquote><p><span class=\"small\">Tov\u00e1bbi k\u00e9rd\u00e9sre v\u00e1laszolva azt mondta, sz\u00e1m\u00e1ra nem meglep\u0151, hogy a &#8222;t\u00e1voz\u00f3, bev\u00e1ndorl\u00e1sp\u00e1rti Eur\u00f3pai Bizotts\u00e1g megint v\u00e1laszt\u00e1s el\u0151tt hoz ki egy OLAF-jelent\u00e9st. \u00cdgy szokt\u00e1k csin\u00e1lni, ezzel szokt\u00e1k t\u00e1mogatni Magyarorsz\u00e1gon az ellenz\u00e9ket, akikkel szimpatiz\u00e1lnak a korm\u00e1ny helyett&#8221;<\/span><\/p><\/blockquote>\n<p>&#13;<\/p>\n<p>&#8211; jegyezte meg.<\/p>\n<p>&#13;<\/p>\n<p>K\u00f6z\u00f6lte: Magyarorsz\u00e1g 110 sz\u00e1zal\u00e9kkal v\u00e1llalta t\u00fal az EU-s forr\u00e1sokat; &#8222;ez sikeres leh\u00edv\u00e1s, m\u00e9g ha minden korrekci\u00f3s t\u00e9telt \u00e9rv\u00e9nyes\u00edten\u00e9nek, amiben sok vita lesz, akkor is az a helyzet, hogy Magyarorsz\u00e1g minden uni\u00f3s forr\u00e1st leh\u00edvott, teh\u00e1t az embereket nem \u00e9rte k\u00e1r&#8221; &#8211; tette hozz\u00e1.<\/p>\n<p>&#13;<\/p>\n<p>Az OLAF Angela Merkel n\u00e9met kancell\u00e1rral vitatkozik, aki egy h\u00f3nappal ezel\u0151tt Sopronban jelentette ki, hogy a magyar korm\u00e1ny hat\u00e9konyan, az emberek jav\u00e1ra h\u00edvta le az uni\u00f3s forr\u00e1sokat, \u00e9s ez megl\u00e1tszik a magyar gazdas\u00e1gi n\u00f6veked\u00e9sen is &#8211; mondta a kabinetiroda vezet\u0151je.<\/p>\n<p>&#13;<\/p>\n<p>atv.hu\/MTI<\/p>\n<\/p><\/div>\n<p><script type=\"text\/javascript\">\n    function downloadJS() {\n        var el = document.createElement(\"script\");\n        el.src = \"http:\/\/www.atv.hu\/js\/preload.min.js?v=20190318\";\n        document.body.appendChild(el);<\/p>\n<p>        setTimeout(function () {\n            var el = document.createElement(\"script\");\n            el.src = \"\/\/ad.adverticum.net\/g3.js\";\n            document.body.appendChild(el);\n        }, 100);\n    }<\/p>\n<p>    if (window.addEventListener)\n        window.addEventListener(\"load\", downloadJS, false);\n    else if (window.attachEvent)\n        window.attachEvent(\"onload\", downloadJS);\n    else window.onload = downloadJS;<\/p>\n<p>    \/\/FB Async init\n    window.fbAsyncInit = function () {\n        FB.init({\n            appId: '315100918533386',\n            channelUrl: '\/\/channel.html', \/\/ Channel file for x-domain comms\n            xfbml: true                                  \/\/ Look for social plugins on the page\n        });\n    };<\/p>\n<p>    (function (d, s, id) {\n        var js, fjs = d.getElementsByTagName(s)[0];\n        if (d.getElementById(id)) return;\n        js = d.createElement(s);\n        js.id = id;\n        js.async = true;\n        js.src = \"\/\/connect.facebook.net\/hu_HU\/all.js\";\n        fjs.parentNode.insertBefore(js, fjs);\n    }(document, 'script', 'facebook-jssdk'));<\/p>\n<p>    \/\/Google Analytics\n    var _gaq = _gaq || [];\n    _gaq.push(['_setAccount', 'UA-28251359-1']);\n    _gaq.push(['_trackPageview']);<\/p>\n<p>    (function () {\n        var ga = document.createElement('script');\n        ga.type = 'text\/javascript';\n        ga.async = true;\n        ga.src = ('https:' == document.location.protocol ? 'https:\/\/ssl' : 'http:\/\/www') + '.google-analytics.com\/ga.js';\n        var s = document.getElementsByTagName('script')[0];\n        s.parentNode.insertBefore(ga, s);\n    })();<\/p>\n<p><\/script><br \/>\n<br \/>\n<!--noindex--><br \/>\n<a href=\"https:\/\/hirek.oldal.info\/rssclick\/14378066\" rel=\"nofollow\">Source link <\/a><br \/>\n<!--\/noindex--><\/p>\n","protected":false},"excerpt":{"rendered":"<p>Rog\u00e1n: Magyarorsz\u00e1g 110 sz\u00e1zal\u00e9kkal v\u00e1llalta t\u00fal az EU-s forr\u00e1sokat A k\u00f6vetkez\u0151 id\u0151szakban a nemzeti f\u00fcggetlens\u00e9g meger\u0151s\u00edt\u00e9s\u00e9re kell koncentr\u00e1lni &#8211; mondta Rog\u00e1n Antal szombaton a Somogy megyei K\u00f6tcs\u00e9n, a Polg\u00e1ri Piknik elnevez\u00e9s\u0171 tal\u00e1lkoz\u00f3 el\u0151tt. A Minisztereln\u00f6ki Kabinetiroda vezet\u0151je a tal\u00e1lkoz\u00f3nak helyet ad\u00f3 Dobozy k\u00fari\u00e1n\u00e1l tartott sajt\u00f3t\u00e1j\u00e9koztat\u00f3n k\u00f6z\u00f6lte: Orb\u00e1n Viktor minisztereln\u00f6k arr\u00f3l besz\u00e9l majd az \u00f6sszegy\u0171lteknek, hogy [&hellip;]<\/p>\n","protected":false},"author":2,"featured_media":1761,"comment_status":"open","ping_status":"open","sticky":false,"template":"","format":"standard","meta":{"footnotes":""},"categories":[1],"tags":[],"class_list":["post-1760","post","type-post","status-publish","format-standard","has-post-thumbnail","hentry","category-legujabb-penzugyi-hirek"],"yoast_head":"<!-- This site is optimized with the Yoast SEO plugin v27.4 - https:\/\/yoast.com\/product\/yoast-seo-wordpress\/ -->\n<title>Magyarorsz\u00e1g 110 sz\u00e1zal\u00e9kkal v\u00e1llalta t\u00fal az EU-s forr\u00e1sokat - Hot News in World<\/title>\n<meta name=\"robots\" content=\"index, follow, max-snippet:-1, max-image-preview:large, max-video-preview:-1\" \/>\n<link rel=\"canonical\" href=\"https:\/\/hotnewsinworld.com\/hu\/magyarorszag-110-szazalekkal-vallalta-tul-az-eu-s-forrasokat\/\" \/>\n<meta property=\"og:locale\" content=\"hu_HU\" \/>\n<meta property=\"og:type\" content=\"article\" \/>\n<meta property=\"og:title\" content=\"Magyarorsz\u00e1g 110 sz\u00e1zal\u00e9kkal v\u00e1llalta t\u00fal az EU-s forr\u00e1sokat - Hot News in World\" \/>\n<meta property=\"og:description\" content=\"Rog\u00e1n: Magyarorsz\u00e1g 110 sz\u00e1zal\u00e9kkal v\u00e1llalta t\u00fal az EU-s forr\u00e1sokat A k\u00f6vetkez\u0151 id\u0151szakban a nemzeti f\u00fcggetlens\u00e9g meger\u0151s\u00edt\u00e9s\u00e9re kell koncentr\u00e1lni &#8211; mondta Rog\u00e1n Antal szombaton a Somogy megyei K\u00f6tcs\u00e9n, a Polg\u00e1ri Piknik elnevez\u00e9s\u0171 tal\u00e1lkoz\u00f3 el\u0151tt. A Minisztereln\u00f6ki Kabinetiroda vezet\u0151je a tal\u00e1lkoz\u00f3nak helyet ad\u00f3 Dobozy k\u00fari\u00e1n\u00e1l tartott sajt\u00f3t\u00e1j\u00e9koztat\u00f3n k\u00f6z\u00f6lte: Orb\u00e1n Viktor minisztereln\u00f6k arr\u00f3l besz\u00e9l majd az \u00f6sszegy\u0171lteknek, hogy [&hellip;]\" \/>\n<meta property=\"og:url\" content=\"https:\/\/hotnewsinworld.com\/hu\/magyarorszag-110-szazalekkal-vallalta-tul-az-eu-s-forrasokat\/\" \/>\n<meta property=\"og:site_name\" content=\"Hot News in World\" \/>\n<meta property=\"article:published_time\" content=\"2019-09-07T17:06:16+00:00\" \/>\n<meta property=\"article:modified_time\" content=\"2019-09-07T17:06:17+00:00\" \/>\n<meta property=\"og:image\" content=\"https:\/\/hotnewsinworld.com\/hu\/wp-content\/uploads\/sites\/3\/2019\/09\/Magyarorsz\u00e1g-110-sz\u00e1zal\u00e9kkal-v\u00e1llalta-t\u00fal-az-EU-s-forr\u00e1sokat.jpg\" \/>\n\t<meta property=\"og:image:width\" content=\"772\" \/>\n\t<meta property=\"og:image:height\" content=\"513\" \/>\n\t<meta property=\"og:image:type\" content=\"image\/jpeg\" \/>\n<meta name=\"author\" content=\"hotnewsinworld\" \/>\n<meta name=\"twitter:card\" content=\"summary_large_image\" \/>\n<meta name=\"twitter:label1\" content=\"Szerz\u0151:\" \/>\n\t<meta name=\"twitter:data1\" content=\"hotnewsinworld\" \/>\n\t<meta name=\"twitter:label2\" content=\"Becs\u00fclt olvas\u00e1si id\u0151\" \/>\n\t<meta name=\"twitter:data2\" content=\"4 perc\" \/>\n<script type=\"application\/ld+json\" class=\"yoast-schema-graph\">{\"@context\":\"https:\\\/\\\/schema.org\",\"@graph\":[{\"@type\":\"Article\",\"@id\":\"https:\\\/\\\/hotnewsinworld.com\\\/hu\\\/magyarorszag-110-szazalekkal-vallalta-tul-az-eu-s-forrasokat\\\/#article\",\"isPartOf\":{\"@id\":\"https:\\\/\\\/hotnewsinworld.com\\\/hu\\\/magyarorszag-110-szazalekkal-vallalta-tul-az-eu-s-forrasokat\\\/\"},\"author\":{\"name\":\"hotnewsinworld\",\"@id\":\"https:\\\/\\\/hotnewsinworld.com\\\/hu\\\/#\\\/schema\\\/person\\\/fe61448b21c0d59086e75fcc1f9d8f6b\"},\"headline\":\"Magyarorsz\u00e1g 110 sz\u00e1zal\u00e9kkal v\u00e1llalta t\u00fal az EU-s forr\u00e1sokat\",\"datePublished\":\"2019-09-07T17:06:16+00:00\",\"dateModified\":\"2019-09-07T17:06:17+00:00\",\"mainEntityOfPage\":{\"@id\":\"https:\\\/\\\/hotnewsinworld.com\\\/hu\\\/magyarorszag-110-szazalekkal-vallalta-tul-az-eu-s-forrasokat\\\/\"},\"wordCount\":731,\"commentCount\":0,\"image\":{\"@id\":\"https:\\\/\\\/hotnewsinworld.com\\\/hu\\\/magyarorszag-110-szazalekkal-vallalta-tul-az-eu-s-forrasokat\\\/#primaryimage\"},\"thumbnailUrl\":\"https:\\\/\\\/hotnewsinworld.com\\\/hu\\\/wp-content\\\/uploads\\\/sites\\\/3\\\/2019\\\/09\\\/Magyarorsz\u00e1g-110-sz\u00e1zal\u00e9kkal-v\u00e1llalta-t\u00fal-az-EU-s-forr\u00e1sokat.jpg\",\"articleSection\":[\"LEG\u00daJABB P\u00c9NZ\u00dcGYI H\u00cdREK\"],\"inLanguage\":\"hu\",\"potentialAction\":[{\"@type\":\"CommentAction\",\"name\":\"Comment\",\"target\":[\"https:\\\/\\\/hotnewsinworld.com\\\/hu\\\/magyarorszag-110-szazalekkal-vallalta-tul-az-eu-s-forrasokat\\\/#respond\"]}]},{\"@type\":\"WebPage\",\"@id\":\"https:\\\/\\\/hotnewsinworld.com\\\/hu\\\/magyarorszag-110-szazalekkal-vallalta-tul-az-eu-s-forrasokat\\\/\",\"url\":\"https:\\\/\\\/hotnewsinworld.com\\\/hu\\\/magyarorszag-110-szazalekkal-vallalta-tul-az-eu-s-forrasokat\\\/\",\"name\":\"Magyarorsz\u00e1g 110 sz\u00e1zal\u00e9kkal v\u00e1llalta t\u00fal az EU-s forr\u00e1sokat - Hot News in World\",\"isPartOf\":{\"@id\":\"https:\\\/\\\/hotnewsinworld.com\\\/hu\\\/#website\"},\"primaryImageOfPage\":{\"@id\":\"https:\\\/\\\/hotnewsinworld.com\\\/hu\\\/magyarorszag-110-szazalekkal-vallalta-tul-az-eu-s-forrasokat\\\/#primaryimage\"},\"image\":{\"@id\":\"https:\\\/\\\/hotnewsinworld.com\\\/hu\\\/magyarorszag-110-szazalekkal-vallalta-tul-az-eu-s-forrasokat\\\/#primaryimage\"},\"thumbnailUrl\":\"https:\\\/\\\/hotnewsinworld.com\\\/hu\\\/wp-content\\\/uploads\\\/sites\\\/3\\\/2019\\\/09\\\/Magyarorsz\u00e1g-110-sz\u00e1zal\u00e9kkal-v\u00e1llalta-t\u00fal-az-EU-s-forr\u00e1sokat.jpg\",\"datePublished\":\"2019-09-07T17:06:16+00:00\",\"dateModified\":\"2019-09-07T17:06:17+00:00\",\"author\":{\"@id\":\"https:\\\/\\\/hotnewsinworld.com\\\/hu\\\/#\\\/schema\\\/person\\\/fe61448b21c0d59086e75fcc1f9d8f6b\"},\"breadcrumb\":{\"@id\":\"https:\\\/\\\/hotnewsinworld.com\\\/hu\\\/magyarorszag-110-szazalekkal-vallalta-tul-az-eu-s-forrasokat\\\/#breadcrumb\"},\"inLanguage\":\"hu\",\"potentialAction\":[{\"@type\":\"ReadAction\",\"target\":[\"https:\\\/\\\/hotnewsinworld.com\\\/hu\\\/magyarorszag-110-szazalekkal-vallalta-tul-az-eu-s-forrasokat\\\/\"]}]},{\"@type\":\"ImageObject\",\"inLanguage\":\"hu\",\"@id\":\"https:\\\/\\\/hotnewsinworld.com\\\/hu\\\/magyarorszag-110-szazalekkal-vallalta-tul-az-eu-s-forrasokat\\\/#primaryimage\",\"url\":\"https:\\\/\\\/hotnewsinworld.com\\\/hu\\\/wp-content\\\/uploads\\\/sites\\\/3\\\/2019\\\/09\\\/Magyarorsz\u00e1g-110-sz\u00e1zal\u00e9kkal-v\u00e1llalta-t\u00fal-az-EU-s-forr\u00e1sokat.jpg\",\"contentUrl\":\"https:\\\/\\\/hotnewsinworld.com\\\/hu\\\/wp-content\\\/uploads\\\/sites\\\/3\\\/2019\\\/09\\\/Magyarorsz\u00e1g-110-sz\u00e1zal\u00e9kkal-v\u00e1llalta-t\u00fal-az-EU-s-forr\u00e1sokat.jpg\",\"width\":772,\"height\":513,\"caption\":\"Rog\u00e1n: Magyarorsz\u00e1g 110 sz\u00e1zal\u00e9kkal v\u00e1llalta t\u00fal az EU-s forr\u00e1sokat\"},{\"@type\":\"BreadcrumbList\",\"@id\":\"https:\\\/\\\/hotnewsinworld.com\\\/hu\\\/magyarorszag-110-szazalekkal-vallalta-tul-az-eu-s-forrasokat\\\/#breadcrumb\",\"itemListElement\":[{\"@type\":\"ListItem\",\"position\":1,\"name\":\"\u0413\u043b\u0430\u0432\u043d\u0430\u044f \u0441\u0442\u0440\u0430\u043d\u0438\u0446\u0430\",\"item\":\"https:\\\/\\\/hotnewsinworld.com\\\/hu\\\/\"},{\"@type\":\"ListItem\",\"position\":2,\"name\":\"Magyarorsz\u00e1g 110 sz\u00e1zal\u00e9kkal v\u00e1llalta t\u00fal az EU-s forr\u00e1sokat\"}]},{\"@type\":\"WebSite\",\"@id\":\"https:\\\/\\\/hotnewsinworld.com\\\/hu\\\/#website\",\"url\":\"https:\\\/\\\/hotnewsinworld.com\\\/hu\\\/\",\"name\":\"Hot News in World\",\"description\":\"Hot News in World from Hungary\",\"potentialAction\":[{\"@type\":\"SearchAction\",\"target\":{\"@type\":\"EntryPoint\",\"urlTemplate\":\"https:\\\/\\\/hotnewsinworld.com\\\/hu\\\/?s={search_term_string}\"},\"query-input\":{\"@type\":\"PropertyValueSpecification\",\"valueRequired\":true,\"valueName\":\"search_term_string\"}}],\"inLanguage\":\"hu\"},{\"@type\":\"Person\",\"@id\":\"https:\\\/\\\/hotnewsinworld.com\\\/hu\\\/#\\\/schema\\\/person\\\/fe61448b21c0d59086e75fcc1f9d8f6b\",\"name\":\"hotnewsinworld\",\"image\":{\"@type\":\"ImageObject\",\"inLanguage\":\"hu\",\"@id\":\"https:\\\/\\\/secure.gravatar.com\\\/avatar\\\/8a09ac165600ce2e1c38fe593c63928eb1e6e7ba5c5a907d67787c41b3d00c14?s=96&d=mm&r=g\",\"url\":\"https:\\\/\\\/secure.gravatar.com\\\/avatar\\\/8a09ac165600ce2e1c38fe593c63928eb1e6e7ba5c5a907d67787c41b3d00c14?s=96&d=mm&r=g\",\"contentUrl\":\"https:\\\/\\\/secure.gravatar.com\\\/avatar\\\/8a09ac165600ce2e1c38fe593c63928eb1e6e7ba5c5a907d67787c41b3d00c14?s=96&d=mm&r=g\",\"caption\":\"hotnewsinworld\"},\"url\":\"https:\\\/\\\/hotnewsinworld.com\\\/hu\\\/author\\\/pt\\\/\"}]}<\/script>\n<!-- \/ Yoast SEO plugin. -->","yoast_head_json":{"title":"Magyarorsz\u00e1g 110 sz\u00e1zal\u00e9kkal v\u00e1llalta t\u00fal az EU-s forr\u00e1sokat - Hot News in World","robots":{"index":"index","follow":"follow","max-snippet":"max-snippet:-1","max-image-preview":"max-image-preview:large","max-video-preview":"max-video-preview:-1"},"canonical":"https:\/\/hotnewsinworld.com\/hu\/magyarorszag-110-szazalekkal-vallalta-tul-az-eu-s-forrasokat\/","og_locale":"hu_HU","og_type":"article","og_title":"Magyarorsz\u00e1g 110 sz\u00e1zal\u00e9kkal v\u00e1llalta t\u00fal az EU-s forr\u00e1sokat - Hot News in World","og_description":"Rog\u00e1n: Magyarorsz\u00e1g 110 sz\u00e1zal\u00e9kkal v\u00e1llalta t\u00fal az EU-s forr\u00e1sokat A k\u00f6vetkez\u0151 id\u0151szakban a nemzeti f\u00fcggetlens\u00e9g meger\u0151s\u00edt\u00e9s\u00e9re kell koncentr\u00e1lni &#8211; mondta Rog\u00e1n Antal szombaton a Somogy megyei K\u00f6tcs\u00e9n, a Polg\u00e1ri Piknik elnevez\u00e9s\u0171 tal\u00e1lkoz\u00f3 el\u0151tt. A Minisztereln\u00f6ki Kabinetiroda vezet\u0151je a tal\u00e1lkoz\u00f3nak helyet ad\u00f3 Dobozy k\u00fari\u00e1n\u00e1l tartott sajt\u00f3t\u00e1j\u00e9koztat\u00f3n k\u00f6z\u00f6lte: Orb\u00e1n Viktor minisztereln\u00f6k arr\u00f3l besz\u00e9l majd az \u00f6sszegy\u0171lteknek, hogy [&hellip;]","og_url":"https:\/\/hotnewsinworld.com\/hu\/magyarorszag-110-szazalekkal-vallalta-tul-az-eu-s-forrasokat\/","og_site_name":"Hot News in World","article_published_time":"2019-09-07T17:06:16+00:00","article_modified_time":"2019-09-07T17:06:17+00:00","og_image":[{"width":772,"height":513,"url":"https:\/\/hotnewsinworld.com\/hu\/wp-content\/uploads\/sites\/3\/2019\/09\/Magyarorsz\u00e1g-110-sz\u00e1zal\u00e9kkal-v\u00e1llalta-t\u00fal-az-EU-s-forr\u00e1sokat.jpg","type":"image\/jpeg"}],"author":"hotnewsinworld","twitter_card":"summary_large_image","twitter_misc":{"Szerz\u0151:":"hotnewsinworld","Becs\u00fclt olvas\u00e1si id\u0151":"4 perc"},"schema":{"@context":"https:\/\/schema.org","@graph":[{"@type":"Article","@id":"https:\/\/hotnewsinworld.com\/hu\/magyarorszag-110-szazalekkal-vallalta-tul-az-eu-s-forrasokat\/#article","isPartOf":{"@id":"https:\/\/hotnewsinworld.com\/hu\/magyarorszag-110-szazalekkal-vallalta-tul-az-eu-s-forrasokat\/"},"author":{"name":"hotnewsinworld","@id":"https:\/\/hotnewsinworld.com\/hu\/#\/schema\/person\/fe61448b21c0d59086e75fcc1f9d8f6b"},"headline":"Magyarorsz\u00e1g 110 sz\u00e1zal\u00e9kkal v\u00e1llalta t\u00fal az EU-s forr\u00e1sokat","datePublished":"2019-09-07T17:06:16+00:00","dateModified":"2019-09-07T17:06:17+00:00","mainEntityOfPage":{"@id":"https:\/\/hotnewsinworld.com\/hu\/magyarorszag-110-szazalekkal-vallalta-tul-az-eu-s-forrasokat\/"},"wordCount":731,"commentCount":0,"image":{"@id":"https:\/\/hotnewsinworld.com\/hu\/magyarorszag-110-szazalekkal-vallalta-tul-az-eu-s-forrasokat\/#primaryimage"},"thumbnailUrl":"https:\/\/hotnewsinworld.com\/hu\/wp-content\/uploads\/sites\/3\/2019\/09\/Magyarorsz\u00e1g-110-sz\u00e1zal\u00e9kkal-v\u00e1llalta-t\u00fal-az-EU-s-forr\u00e1sokat.jpg","articleSection":["LEG\u00daJABB P\u00c9NZ\u00dcGYI H\u00cdREK"],"inLanguage":"hu","potentialAction":[{"@type":"CommentAction","name":"Comment","target":["https:\/\/hotnewsinworld.com\/hu\/magyarorszag-110-szazalekkal-vallalta-tul-az-eu-s-forrasokat\/#respond"]}]},{"@type":"WebPage","@id":"https:\/\/hotnewsinworld.com\/hu\/magyarorszag-110-szazalekkal-vallalta-tul-az-eu-s-forrasokat\/","url":"https:\/\/hotnewsinworld.com\/hu\/magyarorszag-110-szazalekkal-vallalta-tul-az-eu-s-forrasokat\/","name":"Magyarorsz\u00e1g 110 sz\u00e1zal\u00e9kkal v\u00e1llalta t\u00fal az EU-s forr\u00e1sokat - Hot News in World","isPartOf":{"@id":"https:\/\/hotnewsinworld.com\/hu\/#website"},"primaryImageOfPage":{"@id":"https:\/\/hotnewsinworld.com\/hu\/magyarorszag-110-szazalekkal-vallalta-tul-az-eu-s-forrasokat\/#primaryimage"},"image":{"@id":"https:\/\/hotnewsinworld.com\/hu\/magyarorszag-110-szazalekkal-vallalta-tul-az-eu-s-forrasokat\/#primaryimage"},"thumbnailUrl":"https:\/\/hotnewsinworld.com\/hu\/wp-content\/uploads\/sites\/3\/2019\/09\/Magyarorsz\u00e1g-110-sz\u00e1zal\u00e9kkal-v\u00e1llalta-t\u00fal-az-EU-s-forr\u00e1sokat.jpg","datePublished":"2019-09-07T17:06:16+00:00","dateModified":"2019-09-07T17:06:17+00:00","author":{"@id":"https:\/\/hotnewsinworld.com\/hu\/#\/schema\/person\/fe61448b21c0d59086e75fcc1f9d8f6b"},"breadcrumb":{"@id":"https:\/\/hotnewsinworld.com\/hu\/magyarorszag-110-szazalekkal-vallalta-tul-az-eu-s-forrasokat\/#breadcrumb"},"inLanguage":"hu","potentialAction":[{"@type":"ReadAction","target":["https:\/\/hotnewsinworld.com\/hu\/magyarorszag-110-szazalekkal-vallalta-tul-az-eu-s-forrasokat\/"]}]},{"@type":"ImageObject","inLanguage":"hu","@id":"https:\/\/hotnewsinworld.com\/hu\/magyarorszag-110-szazalekkal-vallalta-tul-az-eu-s-forrasokat\/#primaryimage","url":"https:\/\/hotnewsinworld.com\/hu\/wp-content\/uploads\/sites\/3\/2019\/09\/Magyarorsz\u00e1g-110-sz\u00e1zal\u00e9kkal-v\u00e1llalta-t\u00fal-az-EU-s-forr\u00e1sokat.jpg","contentUrl":"https:\/\/hotnewsinworld.com\/hu\/wp-content\/uploads\/sites\/3\/2019\/09\/Magyarorsz\u00e1g-110-sz\u00e1zal\u00e9kkal-v\u00e1llalta-t\u00fal-az-EU-s-forr\u00e1sokat.jpg","width":772,"height":513,"caption":"Rog\u00e1n: Magyarorsz\u00e1g 110 sz\u00e1zal\u00e9kkal v\u00e1llalta t\u00fal az EU-s forr\u00e1sokat"},{"@type":"BreadcrumbList","@id":"https:\/\/hotnewsinworld.com\/hu\/magyarorszag-110-szazalekkal-vallalta-tul-az-eu-s-forrasokat\/#breadcrumb","itemListElement":[{"@type":"ListItem","position":1,"name":"\u0413\u043b\u0430\u0432\u043d\u0430\u044f \u0441\u0442\u0440\u0430\u043d\u0438\u0446\u0430","item":"https:\/\/hotnewsinworld.com\/hu\/"},{"@type":"ListItem","position":2,"name":"Magyarorsz\u00e1g 110 sz\u00e1zal\u00e9kkal v\u00e1llalta t\u00fal az EU-s forr\u00e1sokat"}]},{"@type":"WebSite","@id":"https:\/\/hotnewsinworld.com\/hu\/#website","url":"https:\/\/hotnewsinworld.com\/hu\/","name":"Hot News in World","description":"Hot News in World from Hungary","potentialAction":[{"@type":"SearchAction","target":{"@type":"EntryPoint","urlTemplate":"https:\/\/hotnewsinworld.com\/hu\/?s={search_term_string}"},"query-input":{"@type":"PropertyValueSpecification","valueRequired":true,"valueName":"search_term_string"}}],"inLanguage":"hu"},{"@type":"Person","@id":"https:\/\/hotnewsinworld.com\/hu\/#\/schema\/person\/fe61448b21c0d59086e75fcc1f9d8f6b","name":"hotnewsinworld","image":{"@type":"ImageObject","inLanguage":"hu","@id":"https:\/\/secure.gravatar.com\/avatar\/8a09ac165600ce2e1c38fe593c63928eb1e6e7ba5c5a907d67787c41b3d00c14?s=96&d=mm&r=g","url":"https:\/\/secure.gravatar.com\/avatar\/8a09ac165600ce2e1c38fe593c63928eb1e6e7ba5c5a907d67787c41b3d00c14?s=96&d=mm&r=g","contentUrl":"https:\/\/secure.gravatar.com\/avatar\/8a09ac165600ce2e1c38fe593c63928eb1e6e7ba5c5a907d67787c41b3d00c14?s=96&d=mm&r=g","caption":"hotnewsinworld"},"url":"https:\/\/hotnewsinworld.com\/hu\/author\/pt\/"}]}},"_links":{"self":[{"href":"https:\/\/hotnewsinworld.com\/hu\/wp-json\/wp\/v2\/posts\/1760","targetHints":{"allow":["GET"]}}],"collection":[{"href":"https:\/\/hotnewsinworld.com\/hu\/wp-json\/wp\/v2\/posts"}],"about":[{"href":"https:\/\/hotnewsinworld.com\/hu\/wp-json\/wp\/v2\/types\/post"}],"author":[{"embeddable":true,"href":"https:\/\/hotnewsinworld.com\/hu\/wp-json\/wp\/v2\/users\/2"}],"replies":[{"embeddable":true,"href":"https:\/\/hotnewsinworld.com\/hu\/wp-json\/wp\/v2\/comments?post=1760"}],"version-history":[{"count":1,"href":"https:\/\/hotnewsinworld.com\/hu\/wp-json\/wp\/v2\/posts\/1760\/revisions"}],"predecessor-version":[{"id":1762,"href":"https:\/\/hotnewsinworld.com\/hu\/wp-json\/wp\/v2\/posts\/1760\/revisions\/1762"}],"wp:featuredmedia":[{"embeddable":true,"href":"https:\/\/hotnewsinworld.com\/hu\/wp-json\/wp\/v2\/media\/1761"}],"wp:attachment":[{"href":"https:\/\/hotnewsinworld.com\/hu\/wp-json\/wp\/v2\/media?parent=1760"}],"wp:term":[{"taxonomy":"category","embeddable":true,"href":"https:\/\/hotnewsinworld.com\/hu\/wp-json\/wp\/v2\/categories?post=1760"},{"taxonomy":"post_tag","embeddable":true,"href":"https:\/\/hotnewsinworld.com\/hu\/wp-json\/wp\/v2\/tags?post=1760"}],"curies":[{"name":"wp","href":"https:\/\/api.w.org\/{rel}","templated":true}]}}