{"id":1763,"date":"2019-09-07T21:56:16","date_gmt":"2019-09-07T18:56:16","guid":{"rendered":"https:\/\/hotnewsinworld.com\/hu\/nepszava-most-nem-volt-otos-de-jovo-heten-majd-12-milliardot-nyerunk\/"},"modified":"2019-09-07T21:56:17","modified_gmt":"2019-09-07T18:56:17","slug":"nepszava-most-nem-volt-otos-de-jovo-heten-majd-12-milliardot-nyerunk","status":"publish","type":"post","link":"https:\/\/hotnewsinworld.com\/hu\/nepszava-most-nem-volt-otos-de-jovo-heten-majd-12-milliardot-nyerunk\/","title":{"rendered":"N\u00e9pszava Most nem volt \u00f6t\u00f6s, de j\u00f6v\u0151 h\u00e9ten majd 1,2 milli\u00e1rdot nyer\u00fcnk"},"content":{"rendered":"<div id=\"\">\n<p>A g\u00f3lem \u00e9letre kelt, a szem\u00fcnk el\u0151tt form\u00e1l\u00f3d\u00f3 Liget projekt k\u00f6sz\u00f6n\u0151 viszonyban sincs azzal, amit az \u00e9vtized elej\u00e9n meghirdettek. Az els\u0151 elk\u00e9pzel\u00e9s \u00f6t int\u00e9zm\u00e9nyr\u0151l sz\u00f3lt. Azt\u00e1n hamar kider\u00fclt: a hat\u00e1r a csillagos \u00e9g.<\/p>\n<p>Ha 2011 elej\u00e9n a korm\u00e1nynak lett volna el\u00e9g p\u00e9nze a V\u00e1rkert Baz\u00e1r fel\u00faj\u00edt\u00e1s\u00e1ra, most nem kellene a V\u00e1rosliget be\u00e9p\u00edt\u00e9s\u00e9nek r\u00e9m\u00e9vel hadakoznunk. B\u00e1rmilyen furcs\u00e1n hangzik is, mind\u00f6ssze sz\u0171k 4 milli\u00e1rd forinton m\u00falt: az akkori Orb\u00e1n-korm\u00e1ny ennyi EU-s forr\u00e1st vett el a f\u00f6ld alatti b\u0151v\u00edt\u00e9sre k\u00e9sz\u00fcl\u0151 Sz\u00e9pm\u0171v\u00e9szeti M\u00fazeumt\u00f3l \u2013 \u00e9s ebb\u0151l lett a ma m\u00e1r 230 milli\u00e1rd f\u00f6l\u00f6tt j\u00e1r\u00f3 Liget projekt.<\/p>\n<p>M\u00e1r ott \u00e1lltak a Sz\u00e9pm\u0171v\u00e9szeti mellett a markol\u00f3k, amikor 2011 febru\u00e1rj\u00e1nak els\u0151 napjaiban hirtelen lef\u00fajt\u00e1k a m\u00fazeumi \u00e9p\u00edtkez\u00e9st. A p\u00e9nzt azt\u00e1n bele\u00f6nt\u00f6tt\u00e9k a V\u00e1rkert Baz\u00e1r feneketlen k\u00fatj\u00e1ba, de olyan nincs, hogy egy Orb\u00e1n-korm\u00e1ny ne kifejezetten megv\u00e9den\u00e9 azt, amit \u00e9ppen t\u00f6nkretesz. Egyszer\u0171 kommunik\u00e1ci\u00f3s k\u00e1rment\u00e9snek indult teh\u00e1t a m\u00fazeumnegyed ide\u00e1ja, amit az is mutat, hogy az els\u0151 v\u00e1ltozat, amelyet Sz\u0151cs G\u00e9za akkori \u00e1llamtitk\u00e1r lengetett be, centire akkora k\u00f6lts\u00e9gvet\u00e9ssel kalkul\u00e1lt (3,7 milli\u00e1rd forinttal), amennyit a Sz\u00e9pm\u0171v\u00e9szetit\u0151l elvettek.<\/p>\n<p>Minden, ami az\u00f3ta t\u00f6rt\u00e9nt, innen ered: a g\u00f3lem \u00e9letre kelt, \u00e9s Ba\u00e1n L\u00e1szl\u00f3, a Sz\u00e9pm\u0171v\u00e9szeti f\u0151igazgat\u00f3ja, aki nyolc \u00e9s f\u00e9l \u00e9ve m\u00e9g sz\u00fcrke arccal kontr\u00e1zott Sz\u0151cs G\u00e9z\u00e1nak, ma m\u00e1r &#8211; miniszteri biztosk\u00e9nt &#8211; l\u00e1that\u00f3an hiszi is, hogy a magyar kult\u00far\u00e1t legink\u00e1bb a V\u00e1rosliget tele\u00e9p\u00edt\u00e9se helyezheti \u00faj p\u00e1ly\u00e1ra. Annak ellen\u00e9re, hogy ez a szem\u00fcnk el\u0151tt form\u00e1l\u00f3d\u00f3 projekt k\u00f6sz\u00f6n\u0151 viszonyban sincs azzal, amit az \u00e9vtized elej\u00e9n meghirdettek.<\/p>\n<div class=\"images swiper-container inner\" r=\"5802748\">\n<div class=\"swiper-wrapper\">\n<div class=\"swiper-slide\"><figcaption class=\"box\"\/><\/div>\n<\/div>\n<\/div>\n<p>Azoknak, akik a legels\u0151 sajt\u00f3t\u00e1j\u00e9koztat\u00f3n r\u00e9szt vettek, \u00e9letre sz\u00f3l\u00f3 \u00e9lm\u00e9ny Sz\u0151cs G\u00e9za akkori fant\u00e1zi\u00e1l\u00e1sa a V\u00e1r-Andr\u00e1ssy \u00fat-liget, rep\u00fcl\u0151 h\u00edddal komplett\u00edrozott kultur\u00e1lis tengelyr\u0151l. Komolyan venni azonban csak azt az elk\u00e9pzel\u00e9st volt \u00e9rdemes, amely 2012 nyar\u00e1ra k\u00f6rvonalaz\u00f3dott. Ekkor m\u00e1r a V\u00e1rosligetre \u00f6sszpontosult a tervbe vett beruh\u00e1z\u00e1s \u2013 igaz, m\u00e9g nem a parkra, hanem az egykori felvonul\u00e1si t\u00e9r am\u00fagy is lebetonozott ter\u00fclet\u00e9re \u2013, \u00e9s kimondatott, hogy \u00f6t int\u00e9zm\u00e9nyt kell itt elhelyezni. <\/p>\n<p><b>1.<\/b> Az \u00daj K\u00e9pt\u00e1rat: a koncepci\u00f3 szerint a Sz\u00e9pm\u0171v\u00e9szeti a r\u00e9gi mesterek bemutat\u00f3helye lesz, az \u00fajkori \u00e9s kort\u00e1rs anyag az int\u00e9zm\u00e9nnyel egyes\u00edtett \u00e9s a V\u00e1rb\u00f3l r\u00e9g\u00f3ta kipender\u00edteni tervezett Nemzeti Gal\u00e9ria kincseivel egy\u00fctt az \u00faj \u00e9p\u00fcletben lel otthonra. Ekkor m\u00e9g \u00fagy tervezt\u00e9k, a M\u00fcP\u00e1b\u00f3l a Ludwig M\u00fazeum is \u00e1tker\u00fcl ide.<\/p>\n<p><b>2. <\/b>Az \u00c9p\u00edt\u00e9szeti M\u00fazeumot: a gy\u0171jtem\u00e9ny \u00e9vtizedek \u00f3ta ki\u00e1ll\u00edt\u00f3hely n\u00e9lk\u00fcl m\u0171k\u00f6dik, egy id\u0151ben a P\u00e1risi Nagy\u00e1ruh\u00e1zat szemelt\u00e9k ki sz\u00e1m\u00e1ra, de az \u00e9rt\u00e9kes ingatlan\u00e9rt foly\u00f3 versenyfut\u00e1sban alulmaradt.<\/p>\n<p><b>3.<\/b> A Magyar Fotogr\u00e1fiai M\u00fazeumot, mondv\u00e1n, a fot\u00f3ban Magyarorsz\u00e1g nagyhatalom.<\/p>\n<p><b>4.<\/b> A Magyar Zene H\u00e1z\u00e1t, amelyr\u0151l m\u00e1r a kezdet kezdet\u00e9n sem tudta senki, voltak\u00e9pp micsoda: koncertterem. m\u00fazeum, j\u00e1tsz\u00f3h\u00e1z?<\/p>\n<p><b>5.<\/b> A N\u00e9prajzi M\u00fazeumot: m\u00e1r a legels\u0151 Orb\u00e1n-korm\u00e1ny is vissza akarta foglalni a Kossuth t\u00e9ri K\u00fari\u00e1t az int\u00e9zm\u00e9nyt\u0151l \u2013 csak akkor m\u00e9g a minisztereln\u00f6ks\u00e9g c\u00e9lj\u00e1ra -; ha m\u00fazeumnegyedet \u00e9p\u00edt\u00fcnk, k\u00e9zenfekv\u0151, hogy legyen benne N\u00e9prajzi is, Hand\u00f3 T\u00fcnde pedig k\u00f6lt\u00f6zhessen be a r\u00e9gi igazs\u00e1g\u00fcgyi palot\u00e1ba.<\/p>\n<p>Erre a tervv\u00e1ltozatra m\u00e1r 50-60 milli\u00e1rdot sz\u00e1nt a korm\u00e1ny az Eur\u00f3pai Uni\u00f3 p\u00e9nz\u00e9b\u0151l, \u00e9s azt \u00edg\u00e9rte, 2018. m\u00e1rcius 15-\u00e9n mind az \u00f6t int\u00e9zm\u00e9nyt birtokba veheti a f\u0151v\u00e1ros n\u00e9pe. \u00c9rdekes fejlem\u00e9ny volt azonban, hogy nem a p\u00e1ly\u00e1ztat\u00e1s, illetve az \u00e9p\u00edtkez\u00e9s indult meg ezut\u00e1n, hanem az \u00f6tletel\u00e9s. P\u00e1r h\u00f3napon bel\u00fcl r\u00e9sze lett a projektnek a plusz 40 milli\u00e1rd forintba ker\u00fcl\u0151 \u00e1llatkerti Biod\u00f3m, ami azzal j\u00e1rt, hogy a F\u0151v\u00e1rosi Nagycirkusz \u00e1thelyez\u00e9se is felker\u00fclt a feladatlist\u00e1ra. M\u00e1r 2013-at \u00edrtunk, amikor a Sz\u00e9pm\u0171v\u00e9szeti Rom\u00e1n csarnok\u00e1nak rekonstrukci\u00f3ja \u00e9s a 2007-ben bez\u00e1rt Szabolcs utcai k\u00f3rh\u00e1z m\u00fazeumi restaur\u00e1l\u00e1si \u00e9s rakt\u00e1r-k\u00f6zpontt\u00e1 alak\u00edt\u00e1sa is felbukkant a tervben. Azt\u00e1n hamar kider\u00fclt, hogy a hat\u00e1r a csillagos \u00e9g, illetve a v\u00e9ges emberi fant\u00e1zia: j\u00f6tt a K\u00f6zleked\u00e9si M\u00fazeum tervezett f\u00f6ld alatti b\u0151v\u00edt\u00e9se, a Pet\u0151fi Csarnok hely\u00e9n l\u00e9tes\u00edtend\u0151 tud\u00e1s- \u00e9s \u00e9lm\u00e9nyk\u00f6zpont ide\u00e1ja, a Magyar T\u00e1jak Konyh\u00e1ja munkanev\u0171 gasztrofalu \u00f6tlete. Nagyj\u00e1b\u00f3l ekkor \u00e9rte el a tervezett k\u00f6lts\u00e9gvet\u00e9s a 150 milli\u00e1rd forintot.\u00a0<\/p>\n<p>Ezen a ponton kezdtek komolyabban mozgol\u00f3dni az \u00e9p\u00edt\u00e9szek, a kert\u00e9p\u00edt\u0151k \u00e9s a m\u00fazeumi szakma k\u00e9pvisel\u0151i, kifog\u00e1solva egyr\u00e9szt a liget be\u00e9p\u00edt\u00e9s\u00e9t, m\u00e1sr\u00e9szt azt a gyakorlatot, hogy egy teljes int\u00e9zm\u00e9nyi strukt\u00fara sors\u00e1r\u00f3l \u00e9s elhelyez\u00e9s\u00e9r\u0151l sz\u00fcletnek d\u00f6nt\u00e9sek mindenf\u00e9le szakmai egyeztet\u00e9s n\u00e9lk\u00fcl. M\u00e9g a korm\u00e1nnyal egy\u00e9bk\u00e9nt k\u00f6zismerten j\u00f3 viszonyt \u00e1pol\u00f3 Zoboki G\u00e1bor is jelentkezett egy alternat\u00edv tervvel, jelezve, hogy ha m\u00fazeumokat akarunk elhelyezni, az nemcsak z\u00f6ldter\u00fcleten eszk\u00f6z\u00f6lt z\u00f6ldmez\u0151s beruh\u00e1z\u00e1ssal k\u00e9pzelhet\u0151 el, hanem olyan, ezer \u00e9ve \u00fcresen roml\u00f3 m\u0171eml\u00e9kek meg\u00faj\u00edt\u00e1sa r\u00e9v\u00e9n is, mint az egykori Kili\u00e1n laktanya vagy az Andr\u00e1ssy \u00fati M\u00c1V-sz\u00e9kh\u00e1z. Ezek az \u00e9rvek azonban csak annyi reakci\u00f3t v\u00e1ltottak ki a korm\u00e1nyb\u00f3l, hogy egy alkalmas jogszab\u00e1llyal t\u00f6rv\u00e9nyen k\u00edv\u00fcl helyezt\u00e9k a beruh\u00e1z\u00e1st, megakad\u00e1lyozva b\u00e1rmifajta hat\u00f3s\u00e1g vagy test\u00fclet belesz\u00f3l\u00e1s\u00e1t.<\/p>\n<p>Pedig lassan egyre t\u00f6bben \u00e9bredtek r\u00e1, hogy b\u00e1r a l\u00e1tv\u00e1nyterveken konzekvensen a f\u00e1k \u00e1rny\u00e9k\u00e1ban megb\u00faj\u00f3, plasztikus form\u00e1ikkal a term\u00e9szet r\u00e9sz\u00e9nek l\u00e1tsz\u00f3 \u00e9p\u00fcleteket mutatnak, egy-egy dokumentumb\u00f3l az\u00e9rt kider\u00fcl, hogy itt brut\u00e1lis m\u00e9ret\u0171, 25-40 m\u00e9ter magas, massz\u00edv toronyh\u00e1zakr\u00f3l van sz\u00f3. Amelyek azt\u00e1n vagy olyanok lesznek, mint a rajzon, vagy esetleg nem, l\u00e1sd Duna Ar\u00e9na. S b\u00e1r a korm\u00e1ny el\u0151szeretettel hivatkozik arra, hogy a budapestiek t\u00e1mogatj\u00e1k ezt a beruh\u00e1z\u00e1st, a val\u00f3s\u00e1g enn\u00e9l \u00e1rnyaltabb: sz\u00e1z sz\u00e1zal\u00e9kuk tartja fontosnak a lepukkant park meg\u00faj\u00edt\u00e1s\u00e1t, de n\u00e9gyb\u0151l h\u00e1rman ellenzik az \u00e9p\u00edtkez\u00e9seket. \u00c9s persze a sz\u00e1mok is maguk\u00e9rt besz\u00e9lnek, hiszen a 2017-es tervekben 220 milli\u00e1rdot sz\u00e1ntak vasra-betonra, \u00e9s 15 milli\u00e1rdot f\u0171re-f\u00e1ra-padra-kavicsra.<\/p>\n<p>2015 \u00e1prilis\u00e1ban v\u00e1lt vil\u00e1goss\u00e1, hogy az EU nem fogja finansz\u00edrozni ezt a gigaberuh\u00e1z\u00e1st. A tud\u00e1s- \u00e9s \u00e9lm\u00e9nyk\u00f6zpont \u00f6tlete ekkor elp\u00e1rolgott, de hamarosan j\u00f6tt helyette a V\u00e1rosligeti Sz\u00ednh\u00e1z ism\u00e9telt fel\u00e9p\u00edt\u00e9s\u00e9nek ide\u00e1ja. Beker\u00fclt a tervbe a Vajdahunyad v\u00e1r\u00e1nak fel\u00faj\u00edt\u00e1sa is, de arr\u00f3l m\u00e9lyen hallgatnak, mi lenne benne &#8211; b\u00e1r az nagyj\u00e1b\u00f3l biztos, hogy nem a Mez\u0151gazdas\u00e1gi M\u00fazeum. V\u00e9lhet\u0151en olyasmi sors v\u00e1r r\u00e1, mint ami a r\u00e9gi M\u0171csarnoknak (Olof Palme H\u00e1z) adatott: p\u00e1r \u00e9ve hirtelen az is a program r\u00e9sze lett, eredeti form\u00e1j\u00e1ban fel is \u00faj\u00edtott\u00e1k, lesz benne valami ki\u00e1ll\u00edt\u00e1s, de m\u00e1r vil\u00e1gos, hogy legink\u00e1bb nagyvend\u00e9gl\u0151k\u00e9nt fog m\u0171k\u00f6dni. Enn\u00e9l is abszurdabb a K\u00f6zleked\u00e9si M\u00fazeum esete, amelyet a sok b\u0151v\u00edt\u00e9si tervezget\u00e9s ut\u00e1n egyszer\u0171en lebontottak \u2013 most sohanapjai hat\u00e1rid\u0151vel Magyar Innov\u00e1ci\u00f3 H\u00e1zak\u00e9nt szerepel a tervekben a vissza\u00e9p\u00edt\u00e9se (!), mik\u00f6zben a K\u00f6zleked\u00e9si \u00faj hely\u00e9t K\u0151b\u00e1ny\u00e1n alak\u00edtj\u00e1k ki.<\/p>\n<p>Tal\u00e1n nem t\u00e9ved\u00fcnk nagyot, ha azt gondoljuk: mindazok, akik egy \u00e9vtizede az\u00e9rt tiltakoztak a Sz\u00e9pm\u0171v\u00e9szeti f\u00f6ld alatti b\u0151v\u00edt\u00e9se ellen, mert az \u00faj bej\u00e1ratot belev\u00e1gt\u00e1k volna a f\u0151bej\u00e1rat m\u0171eml\u00e9k l\u00e9pcs\u0151sor\u00e1ba, ma boldogan kiegyezn\u00e9nek ezzel a megold\u00e1ssal. Ha pedig id\u0151ben meg lehetett volna kezdeni azt az \u00e9p\u00edtkez\u00e9st, mindazt, ami az\u00f3ta t\u00f6rt\u00e9nt, alighanem meg\u00fasztuk volna.<\/p>\n<div class=\"card\">\n<h2>A feld\u00edsz\u00edtett b\u00fatorrakt\u00e1r<\/h2>\n<p>N\u00e9gy forint volt egy sima rendezv\u00e9ny-bel\u00e9p\u0151 nyit\u00e1skor a Pet\u0151fi Csarnokba, az \u00e9lvonalbeli magyar egy\u00fcttesek koncertjei\u00e9rt 60-80 forintot kellett fizetni, \u201eegyes k\u00fclf\u00f6ldi zenekarok\u201d eset\u00e9ben pedig \u201evalamivel sz\u00e1z forint f\u00f6l\u00f6tt\u201d volt a kiad\u00e1s. 1985-\u00f6t \u00edrtunk, \u00e9s ha javasolhatom, ne az egyforintos villamosjegyhez, hanem a h\u00e1romezer forint k\u00f6r\u00fcli \u00e1tlagb\u00e9rhez m\u00e9rj\u00e9k ezeket az \u00f6sszegeket: \u00edgy is egy\u00e9rtelm\u0171en l\u00e1tszik a sz\u00e1nd\u00e9k, hogy a KISZ-en kereszt\u00fcl megnyilv\u00e1nul\u00f3 \u00e1llami kult\u00farpolitika mindent megtett a tizen\u00e9ves koroszt\u00e1ly becs\u00e1b\u00edt\u00e1sa \u00e9rdek\u00e9ben.<\/p>\n<p>Nem volt persze k\u00f6nny\u0171 dolguk, mert a bez\u00e1rt Ifipark (l\u00e1sd m\u00e9g: V\u00e1rkertbaz\u00e1r) ut\u00f3dint\u00e9zm\u00e9ny\u00e9t a v\u00e1ros \u00e1telleni v\u00e9g\u00e9n hozt\u00e1k l\u00e9tre. De mit lehet tenni, \u00e9pp itt \u00e1rv\u00e1lkodott az Iparcsarnok hely\u00e9n \u2013 a neve legal\u00e1bbis ezt val\u00f3sz\u00edn\u0171s\u00edti \u2013 1948-ra, a Pet\u0151fi-centen\u00e1riumra felh\u00fazott vasbeton ki\u00e1ll\u00edt\u00e1si \u00e9p\u00fclet, akkor m\u00e1r m\u00e1sf\u00e9l \u00e9vtizede b\u00fatorrakt\u00e1r.<\/p>\n<p>J\u00f6ttek teh\u00e1t az \u00e9p\u00edt\u00e9szek (Tihanyi Judit \u00e9s Halmos Gy\u00f6rgy), megtervezt\u00e9k a szabadt\u00e9ri sz\u00ednpadot, a purit\u00e1n csarnokot pedig kicsit felcsics\u00e1zt\u00e1k a nyolcvanas \u00e9vek m\u00f3dija szerint. Az emeleti t\u00e1rsb\u00e9rl\u0151 K\u00f6zleked\u00e9si M\u00fazeummal nem is volt k\u00fcl\u00f6n\u00f6sebb probl\u00e9ma, a PeCsa eset\u00e9ben azonban okozott n\u00e9mi fejt\u00f6r\u00e9st, hogy a funkci\u00f3kr\u00f3l alig egyeztettek az \u00e9p\u00edtkez\u00e9s el\u0151tt: \u00edgy maradt ki a tervb\u0151l p\u00e9ld\u00e1ul a jegyp\u00e9nzt\u00e1r, \u00e9s \u00edgy ker\u00fcltek magyaros p\u00e1v\u00e1k a k\u0151kem\u00e9ny rockkoncerteket befogadni hivatott nagyterem fal\u00e1ra.<\/p>\n<p>Az 1985. \u00e1prilis 26-\u00e1n tartott hivatalos megnyit\u00f3n K\u00e1d\u00e1r J\u00e1nos is r\u00e9szt vett \u2013 a m\u00e1snap esti Karthago koncerten m\u00e1r nem. A k\u00f6vetkez\u0151 h\u00f3napok pedig bebizony\u00edtott\u00e1k, hogy a val\u00f3s\u00e1g olykor a legszebben kidolgozott elk\u00e9pzel\u00e9seket is fel\u00fcl\u00edrja. Rajong\u00f3i klubokra \u00e9s diszk\u00f3ra p\u00e9ld\u00e1ul sokkal nagyobb ig\u00e9ny mutatkozott, mint vid\u00e9ki futballmeccsek vide\u00f3vet\u00edt\u00e9s\u00e9re, \u00e9s hi\u00e1ba tervezt\u00e9k, hogy befogadj\u00e1k a liget sportol\u00f3it, erre egyszer\u0171en nem volt hely. A \u201etinibutik\u201d megbukott, az \u00e9telb\u00e1r v\u00e1gy\u00e1lom maradt, szinte a semmib\u0151l megsz\u00fcletett viszont a bolhapiac.<\/p>\n<p>Annak ellen\u00e9re, hogy a 2010-es \u00e9vek elej\u00e9n nagy k\u00f6lts\u00e9ggel r\u00e9szben fel\u00faj\u00edtott\u00e1k, a PeCsa a harmincadik sz\u00fclet\u00e9snapja k\u00f6r\u00fcl v\u00e9gleg bez\u00e1rt, k\u00e9t \u00e9vre r\u00e1 pedig a Liget Projektre hivatkozva lebontott\u00e1k. H\u0171lt hely\u00e9n m\u00e9g ma is ott van a k\u00e9t hord\u00f3, amelybe 1987. janu\u00e1r 3-\u00e1n a 14-18 \u00e9ves fiatalok j\u00f6v\u0151nek sz\u00f3l\u00f3 \u00fczeneteit z\u00e1rt\u00e1k. Az id\u0151kapszul\u00e1t 2037-ben fogj\u00e1k majd kinyitni \u2013 tal\u00e1n az addigra m\u00e1r megsz\u00fclet\u0151 \u00daj Nemzeti Gal\u00e9ria mellett.<\/p>\n<\/div>\n<div class=\"card\">\n<h2>Elt\u0171nt a PeCsa, de van m\u00e9lygar\u00e1zs<\/h2>\n<p>Nyolc \u00e9s f\u00e9l \u00e9v, valamint t\u00f6bb t\u00edzmilli\u00e1rd elk\u00f6lt\u00f6tt forint ut\u00e1n, ha \u00f6sszegezni akarjuk az eddigi eredm\u00e9nyeket, a k\u00f6vetkez\u0151kre jutunk. Meg\u00fajult a Sz\u00e9pm\u0171v\u00e9szeti M\u00fazeum, elk\u00e9sz\u00fclt a m\u00fazeumi k\u00f6zpont egy r\u00e9sze, eredeti form\u00e1j\u00e1ban l\u00e1that\u00f3 a r\u00e9gi M\u0171csarnok, \u00e9s felh\u00faztak k\u00e9t \u00e1rus\u00edt\u00f3 pavilont Feszl \u00e9vsz\u00e1zados tervei alapj\u00e1n. K\u00e9sz\u00fcl a Biod\u00f3m (kivitelez\u0151je Garancsi Istv\u00e1n Market Zrt-je), a Zene H\u00e1za (a Magyar \u00c9p\u00edt\u0151 nyerte el a megb\u00edz\u00e1st) \u00e9s a N\u00e9prajzi M\u00fazeum (a M\u00e9sz\u00e1ros L\u0151rinc-f\u00e9le Z\u00c1\u00c9V \u00e9p\u00edti), valamint h\u00e1rom m\u00e9lygar\u00e1zs. Elt\u0171nt viszont a ligetb\u0151l a PeCsa \u00e9s a K\u00f6zleked\u00e9si M\u00fazeum.<\/p>\n<\/div>\n<p>            <a class=\"slogo\"><br \/>\n                <svg xmlns=\"http:\/\/www.w3.org\/2000\/svg\" width=\"30\" height=\"30\" viewbox=\"0 0 30 30\"><path d=\"M23.858,9.041c-1.868.118-2.456.46-2.456,3.4V22.732H19.6L10.625,11.6v6.758c0,3.072.759,3.179,2.537,3.5v.791H6.971v-.791c1.737-.28,2.46-.28,2.456-3.391V11.65c0-.644-.058-2.127-2.517-2.588V8.25h5.421L20.2,17.988V12.541c0-1.153.321-3.235-2.527-3.5V8.25h6.181Z\"\/><\/svg><\/a>\n\t\t\t<\/div>\n<p>\n<!--noindex--><br \/>\n<a href=\"https:\/\/hirek.oldal.info\/rssclick\/14378264\" rel=\"nofollow\">Source link <\/a><br \/>\n<!--\/noindex--><\/p>\n","protected":false},"excerpt":{"rendered":"<p>A g\u00f3lem \u00e9letre kelt, a szem\u00fcnk el\u0151tt form\u00e1l\u00f3d\u00f3 Liget projekt k\u00f6sz\u00f6n\u0151 viszonyban sincs azzal, amit az \u00e9vtized elej\u00e9n meghirdettek. Az els\u0151 elk\u00e9pzel\u00e9s \u00f6t int\u00e9zm\u00e9nyr\u0151l sz\u00f3lt. Azt\u00e1n hamar kider\u00fclt: a hat\u00e1r a csillagos \u00e9g. Ha 2011 elej\u00e9n a korm\u00e1nynak lett volna el\u00e9g p\u00e9nze a V\u00e1rkert Baz\u00e1r fel\u00faj\u00edt\u00e1s\u00e1ra, most nem kellene a V\u00e1rosliget be\u00e9p\u00edt\u00e9s\u00e9nek r\u00e9m\u00e9vel hadakoznunk. B\u00e1rmilyen [&hellip;]<\/p>\n","protected":false},"author":2,"featured_media":1764,"comment_status":"open","ping_status":"open","sticky":false,"template":"","format":"standard","meta":{"footnotes":""},"categories":[1],"tags":[],"class_list":["post-1763","post","type-post","status-publish","format-standard","has-post-thumbnail","hentry","category-legujabb-penzugyi-hirek"],"yoast_head":"<!-- This site is optimized with the Yoast SEO plugin v27.4 - https:\/\/yoast.com\/product\/yoast-seo-wordpress\/ -->\n<title>N\u00e9pszava Most nem volt \u00f6t\u00f6s, de j\u00f6v\u0151 h\u00e9ten majd 1,2 milli\u00e1rdot nyer\u00fcnk - Hot News in World<\/title>\n<meta name=\"robots\" content=\"index, follow, max-snippet:-1, max-image-preview:large, max-video-preview:-1\" \/>\n<link rel=\"canonical\" href=\"https:\/\/hotnewsinworld.com\/hu\/nepszava-most-nem-volt-otos-de-jovo-heten-majd-12-milliardot-nyerunk\/\" \/>\n<meta property=\"og:locale\" content=\"hu_HU\" \/>\n<meta property=\"og:type\" content=\"article\" \/>\n<meta property=\"og:title\" content=\"N\u00e9pszava Most nem volt \u00f6t\u00f6s, de j\u00f6v\u0151 h\u00e9ten majd 1,2 milli\u00e1rdot nyer\u00fcnk - Hot News in World\" \/>\n<meta property=\"og:description\" content=\"A g\u00f3lem \u00e9letre kelt, a szem\u00fcnk el\u0151tt form\u00e1l\u00f3d\u00f3 Liget projekt k\u00f6sz\u00f6n\u0151 viszonyban sincs azzal, amit az \u00e9vtized elej\u00e9n meghirdettek. Az els\u0151 elk\u00e9pzel\u00e9s \u00f6t int\u00e9zm\u00e9nyr\u0151l sz\u00f3lt. Azt\u00e1n hamar kider\u00fclt: a hat\u00e1r a csillagos \u00e9g. Ha 2011 elej\u00e9n a korm\u00e1nynak lett volna el\u00e9g p\u00e9nze a V\u00e1rkert Baz\u00e1r fel\u00faj\u00edt\u00e1s\u00e1ra, most nem kellene a V\u00e1rosliget be\u00e9p\u00edt\u00e9s\u00e9nek r\u00e9m\u00e9vel hadakoznunk. B\u00e1rmilyen [&hellip;]\" \/>\n<meta property=\"og:url\" content=\"https:\/\/hotnewsinworld.com\/hu\/nepszava-most-nem-volt-otos-de-jovo-heten-majd-12-milliardot-nyerunk\/\" \/>\n<meta property=\"og:site_name\" content=\"Hot News in World\" \/>\n<meta property=\"article:published_time\" content=\"2019-09-07T18:56:16+00:00\" \/>\n<meta property=\"article:modified_time\" content=\"2019-09-07T18:56:17+00:00\" \/>\n<meta property=\"og:image\" content=\"https:\/\/hotnewsinworld.com\/hu\/wp-content\/uploads\/sites\/3\/2019\/09\/N\u00e9pszava-Most-nem-volt-\u00f6t\u00f6s-de-j\u00f6v\u0151-h\u00e9ten-majd-12.jpg\" \/>\n\t<meta property=\"og:image:width\" content=\"1000\" \/>\n\t<meta property=\"og:image:height\" content=\"698\" \/>\n\t<meta property=\"og:image:type\" content=\"image\/jpeg\" \/>\n<meta name=\"author\" content=\"hotnewsinworld\" \/>\n<meta name=\"twitter:card\" content=\"summary_large_image\" \/>\n<meta name=\"twitter:label1\" content=\"Szerz\u0151:\" \/>\n\t<meta name=\"twitter:data1\" content=\"hotnewsinworld\" \/>\n\t<meta name=\"twitter:label2\" content=\"Becs\u00fclt olvas\u00e1si id\u0151\" \/>\n\t<meta name=\"twitter:data2\" content=\"11 perc\" \/>\n<script type=\"application\/ld+json\" class=\"yoast-schema-graph\">{\"@context\":\"https:\\\/\\\/schema.org\",\"@graph\":[{\"@type\":\"Article\",\"@id\":\"https:\\\/\\\/hotnewsinworld.com\\\/hu\\\/nepszava-most-nem-volt-otos-de-jovo-heten-majd-12-milliardot-nyerunk\\\/#article\",\"isPartOf\":{\"@id\":\"https:\\\/\\\/hotnewsinworld.com\\\/hu\\\/nepszava-most-nem-volt-otos-de-jovo-heten-majd-12-milliardot-nyerunk\\\/\"},\"author\":{\"name\":\"hotnewsinworld\",\"@id\":\"https:\\\/\\\/hotnewsinworld.com\\\/hu\\\/#\\\/schema\\\/person\\\/fe61448b21c0d59086e75fcc1f9d8f6b\"},\"headline\":\"N\u00e9pszava Most nem volt \u00f6t\u00f6s, de j\u00f6v\u0151 h\u00e9ten majd 1,2 milli\u00e1rdot nyer\u00fcnk\",\"datePublished\":\"2019-09-07T18:56:16+00:00\",\"dateModified\":\"2019-09-07T18:56:17+00:00\",\"mainEntityOfPage\":{\"@id\":\"https:\\\/\\\/hotnewsinworld.com\\\/hu\\\/nepszava-most-nem-volt-otos-de-jovo-heten-majd-12-milliardot-nyerunk\\\/\"},\"wordCount\":2252,\"commentCount\":0,\"image\":{\"@id\":\"https:\\\/\\\/hotnewsinworld.com\\\/hu\\\/nepszava-most-nem-volt-otos-de-jovo-heten-majd-12-milliardot-nyerunk\\\/#primaryimage\"},\"thumbnailUrl\":\"https:\\\/\\\/hotnewsinworld.com\\\/hu\\\/wp-content\\\/uploads\\\/sites\\\/3\\\/2019\\\/09\\\/N\u00e9pszava-Most-nem-volt-\u00f6t\u00f6s-de-j\u00f6v\u0151-h\u00e9ten-majd-12.jpg\",\"articleSection\":[\"LEG\u00daJABB P\u00c9NZ\u00dcGYI H\u00cdREK\"],\"inLanguage\":\"hu\",\"potentialAction\":[{\"@type\":\"CommentAction\",\"name\":\"Comment\",\"target\":[\"https:\\\/\\\/hotnewsinworld.com\\\/hu\\\/nepszava-most-nem-volt-otos-de-jovo-heten-majd-12-milliardot-nyerunk\\\/#respond\"]}]},{\"@type\":\"WebPage\",\"@id\":\"https:\\\/\\\/hotnewsinworld.com\\\/hu\\\/nepszava-most-nem-volt-otos-de-jovo-heten-majd-12-milliardot-nyerunk\\\/\",\"url\":\"https:\\\/\\\/hotnewsinworld.com\\\/hu\\\/nepszava-most-nem-volt-otos-de-jovo-heten-majd-12-milliardot-nyerunk\\\/\",\"name\":\"N\u00e9pszava Most nem volt \u00f6t\u00f6s, de j\u00f6v\u0151 h\u00e9ten majd 1,2 milli\u00e1rdot nyer\u00fcnk - Hot News in World\",\"isPartOf\":{\"@id\":\"https:\\\/\\\/hotnewsinworld.com\\\/hu\\\/#website\"},\"primaryImageOfPage\":{\"@id\":\"https:\\\/\\\/hotnewsinworld.com\\\/hu\\\/nepszava-most-nem-volt-otos-de-jovo-heten-majd-12-milliardot-nyerunk\\\/#primaryimage\"},\"image\":{\"@id\":\"https:\\\/\\\/hotnewsinworld.com\\\/hu\\\/nepszava-most-nem-volt-otos-de-jovo-heten-majd-12-milliardot-nyerunk\\\/#primaryimage\"},\"thumbnailUrl\":\"https:\\\/\\\/hotnewsinworld.com\\\/hu\\\/wp-content\\\/uploads\\\/sites\\\/3\\\/2019\\\/09\\\/N\u00e9pszava-Most-nem-volt-\u00f6t\u00f6s-de-j\u00f6v\u0151-h\u00e9ten-majd-12.jpg\",\"datePublished\":\"2019-09-07T18:56:16+00:00\",\"dateModified\":\"2019-09-07T18:56:17+00:00\",\"author\":{\"@id\":\"https:\\\/\\\/hotnewsinworld.com\\\/hu\\\/#\\\/schema\\\/person\\\/fe61448b21c0d59086e75fcc1f9d8f6b\"},\"breadcrumb\":{\"@id\":\"https:\\\/\\\/hotnewsinworld.com\\\/hu\\\/nepszava-most-nem-volt-otos-de-jovo-heten-majd-12-milliardot-nyerunk\\\/#breadcrumb\"},\"inLanguage\":\"hu\",\"potentialAction\":[{\"@type\":\"ReadAction\",\"target\":[\"https:\\\/\\\/hotnewsinworld.com\\\/hu\\\/nepszava-most-nem-volt-otos-de-jovo-heten-majd-12-milliardot-nyerunk\\\/\"]}]},{\"@type\":\"ImageObject\",\"inLanguage\":\"hu\",\"@id\":\"https:\\\/\\\/hotnewsinworld.com\\\/hu\\\/nepszava-most-nem-volt-otos-de-jovo-heten-majd-12-milliardot-nyerunk\\\/#primaryimage\",\"url\":\"https:\\\/\\\/hotnewsinworld.com\\\/hu\\\/wp-content\\\/uploads\\\/sites\\\/3\\\/2019\\\/09\\\/N\u00e9pszava-Most-nem-volt-\u00f6t\u00f6s-de-j\u00f6v\u0151-h\u00e9ten-majd-12.jpg\",\"contentUrl\":\"https:\\\/\\\/hotnewsinworld.com\\\/hu\\\/wp-content\\\/uploads\\\/sites\\\/3\\\/2019\\\/09\\\/N\u00e9pszava-Most-nem-volt-\u00f6t\u00f6s-de-j\u00f6v\u0151-h\u00e9ten-majd-12.jpg\",\"width\":1000,\"height\":698,\"caption\":\"N\u00e9pszava Most nem volt \u00f6t\u00f6s, de j\u00f6v\u0151 h\u00e9ten majd 1,2 milli\u00e1rdot nyer\u00fcnk\"},{\"@type\":\"BreadcrumbList\",\"@id\":\"https:\\\/\\\/hotnewsinworld.com\\\/hu\\\/nepszava-most-nem-volt-otos-de-jovo-heten-majd-12-milliardot-nyerunk\\\/#breadcrumb\",\"itemListElement\":[{\"@type\":\"ListItem\",\"position\":1,\"name\":\"\u0413\u043b\u0430\u0432\u043d\u0430\u044f \u0441\u0442\u0440\u0430\u043d\u0438\u0446\u0430\",\"item\":\"https:\\\/\\\/hotnewsinworld.com\\\/hu\\\/\"},{\"@type\":\"ListItem\",\"position\":2,\"name\":\"N\u00e9pszava Most nem volt \u00f6t\u00f6s, de j\u00f6v\u0151 h\u00e9ten majd 1,2 milli\u00e1rdot nyer\u00fcnk\"}]},{\"@type\":\"WebSite\",\"@id\":\"https:\\\/\\\/hotnewsinworld.com\\\/hu\\\/#website\",\"url\":\"https:\\\/\\\/hotnewsinworld.com\\\/hu\\\/\",\"name\":\"Hot News in World\",\"description\":\"Hot News in World from Hungary\",\"potentialAction\":[{\"@type\":\"SearchAction\",\"target\":{\"@type\":\"EntryPoint\",\"urlTemplate\":\"https:\\\/\\\/hotnewsinworld.com\\\/hu\\\/?s={search_term_string}\"},\"query-input\":{\"@type\":\"PropertyValueSpecification\",\"valueRequired\":true,\"valueName\":\"search_term_string\"}}],\"inLanguage\":\"hu\"},{\"@type\":\"Person\",\"@id\":\"https:\\\/\\\/hotnewsinworld.com\\\/hu\\\/#\\\/schema\\\/person\\\/fe61448b21c0d59086e75fcc1f9d8f6b\",\"name\":\"hotnewsinworld\",\"image\":{\"@type\":\"ImageObject\",\"inLanguage\":\"hu\",\"@id\":\"https:\\\/\\\/secure.gravatar.com\\\/avatar\\\/8a09ac165600ce2e1c38fe593c63928eb1e6e7ba5c5a907d67787c41b3d00c14?s=96&d=mm&r=g\",\"url\":\"https:\\\/\\\/secure.gravatar.com\\\/avatar\\\/8a09ac165600ce2e1c38fe593c63928eb1e6e7ba5c5a907d67787c41b3d00c14?s=96&d=mm&r=g\",\"contentUrl\":\"https:\\\/\\\/secure.gravatar.com\\\/avatar\\\/8a09ac165600ce2e1c38fe593c63928eb1e6e7ba5c5a907d67787c41b3d00c14?s=96&d=mm&r=g\",\"caption\":\"hotnewsinworld\"},\"url\":\"https:\\\/\\\/hotnewsinworld.com\\\/hu\\\/author\\\/pt\\\/\"}]}<\/script>\n<!-- \/ Yoast SEO plugin. -->","yoast_head_json":{"title":"N\u00e9pszava Most nem volt \u00f6t\u00f6s, de j\u00f6v\u0151 h\u00e9ten majd 1,2 milli\u00e1rdot nyer\u00fcnk - Hot News in World","robots":{"index":"index","follow":"follow","max-snippet":"max-snippet:-1","max-image-preview":"max-image-preview:large","max-video-preview":"max-video-preview:-1"},"canonical":"https:\/\/hotnewsinworld.com\/hu\/nepszava-most-nem-volt-otos-de-jovo-heten-majd-12-milliardot-nyerunk\/","og_locale":"hu_HU","og_type":"article","og_title":"N\u00e9pszava Most nem volt \u00f6t\u00f6s, de j\u00f6v\u0151 h\u00e9ten majd 1,2 milli\u00e1rdot nyer\u00fcnk - Hot News in World","og_description":"A g\u00f3lem \u00e9letre kelt, a szem\u00fcnk el\u0151tt form\u00e1l\u00f3d\u00f3 Liget projekt k\u00f6sz\u00f6n\u0151 viszonyban sincs azzal, amit az \u00e9vtized elej\u00e9n meghirdettek. Az els\u0151 elk\u00e9pzel\u00e9s \u00f6t int\u00e9zm\u00e9nyr\u0151l sz\u00f3lt. Azt\u00e1n hamar kider\u00fclt: a hat\u00e1r a csillagos \u00e9g. Ha 2011 elej\u00e9n a korm\u00e1nynak lett volna el\u00e9g p\u00e9nze a V\u00e1rkert Baz\u00e1r fel\u00faj\u00edt\u00e1s\u00e1ra, most nem kellene a V\u00e1rosliget be\u00e9p\u00edt\u00e9s\u00e9nek r\u00e9m\u00e9vel hadakoznunk. B\u00e1rmilyen [&hellip;]","og_url":"https:\/\/hotnewsinworld.com\/hu\/nepszava-most-nem-volt-otos-de-jovo-heten-majd-12-milliardot-nyerunk\/","og_site_name":"Hot News in World","article_published_time":"2019-09-07T18:56:16+00:00","article_modified_time":"2019-09-07T18:56:17+00:00","og_image":[{"width":1000,"height":698,"url":"https:\/\/hotnewsinworld.com\/hu\/wp-content\/uploads\/sites\/3\/2019\/09\/N\u00e9pszava-Most-nem-volt-\u00f6t\u00f6s-de-j\u00f6v\u0151-h\u00e9ten-majd-12.jpg","type":"image\/jpeg"}],"author":"hotnewsinworld","twitter_card":"summary_large_image","twitter_misc":{"Szerz\u0151:":"hotnewsinworld","Becs\u00fclt olvas\u00e1si id\u0151":"11 perc"},"schema":{"@context":"https:\/\/schema.org","@graph":[{"@type":"Article","@id":"https:\/\/hotnewsinworld.com\/hu\/nepszava-most-nem-volt-otos-de-jovo-heten-majd-12-milliardot-nyerunk\/#article","isPartOf":{"@id":"https:\/\/hotnewsinworld.com\/hu\/nepszava-most-nem-volt-otos-de-jovo-heten-majd-12-milliardot-nyerunk\/"},"author":{"name":"hotnewsinworld","@id":"https:\/\/hotnewsinworld.com\/hu\/#\/schema\/person\/fe61448b21c0d59086e75fcc1f9d8f6b"},"headline":"N\u00e9pszava Most nem volt \u00f6t\u00f6s, de j\u00f6v\u0151 h\u00e9ten majd 1,2 milli\u00e1rdot nyer\u00fcnk","datePublished":"2019-09-07T18:56:16+00:00","dateModified":"2019-09-07T18:56:17+00:00","mainEntityOfPage":{"@id":"https:\/\/hotnewsinworld.com\/hu\/nepszava-most-nem-volt-otos-de-jovo-heten-majd-12-milliardot-nyerunk\/"},"wordCount":2252,"commentCount":0,"image":{"@id":"https:\/\/hotnewsinworld.com\/hu\/nepszava-most-nem-volt-otos-de-jovo-heten-majd-12-milliardot-nyerunk\/#primaryimage"},"thumbnailUrl":"https:\/\/hotnewsinworld.com\/hu\/wp-content\/uploads\/sites\/3\/2019\/09\/N\u00e9pszava-Most-nem-volt-\u00f6t\u00f6s-de-j\u00f6v\u0151-h\u00e9ten-majd-12.jpg","articleSection":["LEG\u00daJABB P\u00c9NZ\u00dcGYI H\u00cdREK"],"inLanguage":"hu","potentialAction":[{"@type":"CommentAction","name":"Comment","target":["https:\/\/hotnewsinworld.com\/hu\/nepszava-most-nem-volt-otos-de-jovo-heten-majd-12-milliardot-nyerunk\/#respond"]}]},{"@type":"WebPage","@id":"https:\/\/hotnewsinworld.com\/hu\/nepszava-most-nem-volt-otos-de-jovo-heten-majd-12-milliardot-nyerunk\/","url":"https:\/\/hotnewsinworld.com\/hu\/nepszava-most-nem-volt-otos-de-jovo-heten-majd-12-milliardot-nyerunk\/","name":"N\u00e9pszava Most nem volt \u00f6t\u00f6s, de j\u00f6v\u0151 h\u00e9ten majd 1,2 milli\u00e1rdot nyer\u00fcnk - Hot News in World","isPartOf":{"@id":"https:\/\/hotnewsinworld.com\/hu\/#website"},"primaryImageOfPage":{"@id":"https:\/\/hotnewsinworld.com\/hu\/nepszava-most-nem-volt-otos-de-jovo-heten-majd-12-milliardot-nyerunk\/#primaryimage"},"image":{"@id":"https:\/\/hotnewsinworld.com\/hu\/nepszava-most-nem-volt-otos-de-jovo-heten-majd-12-milliardot-nyerunk\/#primaryimage"},"thumbnailUrl":"https:\/\/hotnewsinworld.com\/hu\/wp-content\/uploads\/sites\/3\/2019\/09\/N\u00e9pszava-Most-nem-volt-\u00f6t\u00f6s-de-j\u00f6v\u0151-h\u00e9ten-majd-12.jpg","datePublished":"2019-09-07T18:56:16+00:00","dateModified":"2019-09-07T18:56:17+00:00","author":{"@id":"https:\/\/hotnewsinworld.com\/hu\/#\/schema\/person\/fe61448b21c0d59086e75fcc1f9d8f6b"},"breadcrumb":{"@id":"https:\/\/hotnewsinworld.com\/hu\/nepszava-most-nem-volt-otos-de-jovo-heten-majd-12-milliardot-nyerunk\/#breadcrumb"},"inLanguage":"hu","potentialAction":[{"@type":"ReadAction","target":["https:\/\/hotnewsinworld.com\/hu\/nepszava-most-nem-volt-otos-de-jovo-heten-majd-12-milliardot-nyerunk\/"]}]},{"@type":"ImageObject","inLanguage":"hu","@id":"https:\/\/hotnewsinworld.com\/hu\/nepszava-most-nem-volt-otos-de-jovo-heten-majd-12-milliardot-nyerunk\/#primaryimage","url":"https:\/\/hotnewsinworld.com\/hu\/wp-content\/uploads\/sites\/3\/2019\/09\/N\u00e9pszava-Most-nem-volt-\u00f6t\u00f6s-de-j\u00f6v\u0151-h\u00e9ten-majd-12.jpg","contentUrl":"https:\/\/hotnewsinworld.com\/hu\/wp-content\/uploads\/sites\/3\/2019\/09\/N\u00e9pszava-Most-nem-volt-\u00f6t\u00f6s-de-j\u00f6v\u0151-h\u00e9ten-majd-12.jpg","width":1000,"height":698,"caption":"N\u00e9pszava Most nem volt \u00f6t\u00f6s, de j\u00f6v\u0151 h\u00e9ten majd 1,2 milli\u00e1rdot nyer\u00fcnk"},{"@type":"BreadcrumbList","@id":"https:\/\/hotnewsinworld.com\/hu\/nepszava-most-nem-volt-otos-de-jovo-heten-majd-12-milliardot-nyerunk\/#breadcrumb","itemListElement":[{"@type":"ListItem","position":1,"name":"\u0413\u043b\u0430\u0432\u043d\u0430\u044f \u0441\u0442\u0440\u0430\u043d\u0438\u0446\u0430","item":"https:\/\/hotnewsinworld.com\/hu\/"},{"@type":"ListItem","position":2,"name":"N\u00e9pszava Most nem volt \u00f6t\u00f6s, de j\u00f6v\u0151 h\u00e9ten majd 1,2 milli\u00e1rdot nyer\u00fcnk"}]},{"@type":"WebSite","@id":"https:\/\/hotnewsinworld.com\/hu\/#website","url":"https:\/\/hotnewsinworld.com\/hu\/","name":"Hot News in World","description":"Hot News in World from Hungary","potentialAction":[{"@type":"SearchAction","target":{"@type":"EntryPoint","urlTemplate":"https:\/\/hotnewsinworld.com\/hu\/?s={search_term_string}"},"query-input":{"@type":"PropertyValueSpecification","valueRequired":true,"valueName":"search_term_string"}}],"inLanguage":"hu"},{"@type":"Person","@id":"https:\/\/hotnewsinworld.com\/hu\/#\/schema\/person\/fe61448b21c0d59086e75fcc1f9d8f6b","name":"hotnewsinworld","image":{"@type":"ImageObject","inLanguage":"hu","@id":"https:\/\/secure.gravatar.com\/avatar\/8a09ac165600ce2e1c38fe593c63928eb1e6e7ba5c5a907d67787c41b3d00c14?s=96&d=mm&r=g","url":"https:\/\/secure.gravatar.com\/avatar\/8a09ac165600ce2e1c38fe593c63928eb1e6e7ba5c5a907d67787c41b3d00c14?s=96&d=mm&r=g","contentUrl":"https:\/\/secure.gravatar.com\/avatar\/8a09ac165600ce2e1c38fe593c63928eb1e6e7ba5c5a907d67787c41b3d00c14?s=96&d=mm&r=g","caption":"hotnewsinworld"},"url":"https:\/\/hotnewsinworld.com\/hu\/author\/pt\/"}]}},"_links":{"self":[{"href":"https:\/\/hotnewsinworld.com\/hu\/wp-json\/wp\/v2\/posts\/1763","targetHints":{"allow":["GET"]}}],"collection":[{"href":"https:\/\/hotnewsinworld.com\/hu\/wp-json\/wp\/v2\/posts"}],"about":[{"href":"https:\/\/hotnewsinworld.com\/hu\/wp-json\/wp\/v2\/types\/post"}],"author":[{"embeddable":true,"href":"https:\/\/hotnewsinworld.com\/hu\/wp-json\/wp\/v2\/users\/2"}],"replies":[{"embeddable":true,"href":"https:\/\/hotnewsinworld.com\/hu\/wp-json\/wp\/v2\/comments?post=1763"}],"version-history":[{"count":1,"href":"https:\/\/hotnewsinworld.com\/hu\/wp-json\/wp\/v2\/posts\/1763\/revisions"}],"predecessor-version":[{"id":1765,"href":"https:\/\/hotnewsinworld.com\/hu\/wp-json\/wp\/v2\/posts\/1763\/revisions\/1765"}],"wp:featuredmedia":[{"embeddable":true,"href":"https:\/\/hotnewsinworld.com\/hu\/wp-json\/wp\/v2\/media\/1764"}],"wp:attachment":[{"href":"https:\/\/hotnewsinworld.com\/hu\/wp-json\/wp\/v2\/media?parent=1763"}],"wp:term":[{"taxonomy":"category","embeddable":true,"href":"https:\/\/hotnewsinworld.com\/hu\/wp-json\/wp\/v2\/categories?post=1763"},{"taxonomy":"post_tag","embeddable":true,"href":"https:\/\/hotnewsinworld.com\/hu\/wp-json\/wp\/v2\/tags?post=1763"}],"curies":[{"name":"wp","href":"https:\/\/api.w.org\/{rel}","templated":true}]}}