{"id":1769,"date":"2019-09-08T01:05:59","date_gmt":"2019-09-07T22:05:59","guid":{"rendered":"https:\/\/hotnewsinworld.com\/hu\/a-budai-varban-tartottak-talalkozot-v4-es-polgarmesterek\/"},"modified":"2019-09-08T01:06:00","modified_gmt":"2019-09-07T22:06:00","slug":"a-budai-varban-tartottak-talalkozot-v4-es-polgarmesterek","status":"publish","type":"post","link":"https:\/\/hotnewsinworld.com\/hu\/a-budai-varban-tartottak-talalkozot-v4-es-polgarmesterek\/","title":{"rendered":"A budai V\u00e1rban tartottak tal\u00e1lkoz\u00f3t V4-es polg\u00e1rmesterek"},"content":{"rendered":"<div>\n<p>A Visegr\u00e1di Orsz\u00e1gok (V4) f\u0151v\u00e1rosi t\u00f6rt\u00e9nelmi v\u00e1rosr\u00e9szeinek k\u00e9pvisel\u0151i tal\u00e1lkoztak a budai V\u00e1rban \u2013 k\u00f6z\u00f6lte a Budav\u00e1ri \u00d6nkorm\u00e1nyzat szombaton az MTI-vel.<\/p>\n<p><em>Nagy G\u00e1bor Tam\u00e1s \u2013 fot\u00f3: MTI\/Mohai Bal\u00e1zs<\/em><\/p>\n<p>A k\u00f6zlem\u00e9ny szerint Budapest, Pr\u00e1ga, Pozsony \u00e9s Vars\u00f3 I. ker\u00fcleteinek polg\u00e1rmesterei kerekasztal-besz\u00e9lget\u00e9sen vitatt\u00e1k meg a telep\u00fcl\u00e9seiket \u00e9rint\u0151 fenntarthat\u00f3s\u00e1gi k\u00e9rd\u00e9seket, illetve a k\u00f6z\u00e9p-eur\u00f3pai egy\u00fcttm\u0171k\u00f6d\u00e9sben \u00e9s k\u00f6z\u00f6s cselekv\u00e9sben rejl\u0151 lehet\u0151s\u00e9geket.<\/p>\n<p>Hozz\u00e1tett\u00e9k, K\u00f6z\u00e9p-Eur\u00f3pa az elk\u00f6vetkez\u0151 \u00e9vtizedekben a kontinens egyik megker\u00fclhetetlen gazdas\u00e1gi \u00e9s politikai k\u00f6zpontj\u00e1v\u00e1 v\u00e1lik, \u00edgy fontos, hogy a v\u00e1rosok megfelel\u0151en felk\u00e9sz\u00fcljenek a j\u00f6v\u0151 kih\u00edv\u00e1saira.<\/p>\n<p>A tal\u00e1lkoz\u00f3 v\u00e9g\u00e9n a V4-es polg\u00e1rmesterek nyilatkozatot \u00edrtak al\u00e1, amely szerint a j\u00f6v\u0151ben is megosztj\u00e1k egym\u00e1ssal tapasztalataikat emellett k\u00f6z\u00f6sen \u00e1polj\u00e1k a m\u00faltban gy\u00f6kerez\u0151 kultur\u00e1lis \u00e9rt\u00e9keiket, hagyom\u00e1nyaikat.<\/p>\n<blockquote><p>&#13;<\/p>\n<p>A tal\u00e1lkoz\u00f3n Miroslav Vr\u00e1bel Pozsony I. ker\u00fclet\u00e9nek alpolg\u00e1rmestere, Pavel Cizinsky Pr\u00e1ga I. ker\u00fclet\u00e9nek polg\u00e1rmestere, Pawel Martofel Vars\u00f3 I. ker\u00fclet\u00e9nek alpolg\u00e1rmestere \u00e9s Nagy G\u00e1bor Tam\u00e1s Budapest I. ker\u00fclet\u00e9nek polg\u00e1rmestere vitatta meg a v\u00e1rosr\u00e9szeket \u00e9rint\u0151 aktu\u00e1lis k\u00e9rd\u00e9seket<\/p>\n<p>&#13;\n<\/p><\/blockquote>\n<p>&#8211; \u00e1ll a k\u00f6zlem\u00e9nyben.<\/p>\n<p>        <!--div style=\"padding:20px;margin-top:20px;border-left: 4px solid #e71000;background:#f6f6f6;\">\n            \n\n<h2>FinTechRadar 2.0 konferencia - van m&aacute;r jegyed?<\/h2>\n\n\n\n            \n\n<p>T&eacute;m&aacute;ink: PSD2\/Mobilfizet&eacute;s, Adatbiztons&aacute;g, UX, Big data, &Aacute;llam &eacute;s fintech, Insurtech.\n            2 nap, 30 el&#337;ad&oacute; &eacute;s v&aacute;laszok a fintech aktu&aacute;lis k&eacute;rd&eacute;seire okt&oacute;ber 17-18-&aacute;n a Sug&aacute;r Moziban.<\/p>\n\n\n\n            <a href=\"http:\/\/fintechradar.hu\/konferencia2?utm_source=propeller.hu&utm_medium=textlink&utm_campaign=FTR_konf2\"\n            class=\"button primary\" target=\"_blank\" style=\"color:#fff;margin-top:15px;background: #e71000;\" rel=\"noopener noreferrer\">Program &eacute;s jegyv&aacute;s&aacute;rl&aacute;s &rarr;<\/a>\n        <\/div-->\n    <\/div>\n<p><script>(function(d, s, id) {\n  var js, fjs = d.getElementsByTagName(s)[0];\n  if (d.getElementById(id)) return;\n  js = d.createElement(s); js.id = id;\n  js.src = \"http:\/\/connect.facebook.net\/hu_HU\/sdk.js#xfbml=1&version=v2.7&appId=247823682023773\";\n  fjs.parentNode.insertBefore(js, fjs);\n}(document, 'script', 'facebook-jssdk'));<\/script><br \/>\n<br \/>\n<!--noindex--><br \/>\n<a href=\"https:\/\/hirek.oldal.info\/rssclick\/14378392\" rel=\"nofollow\">Source link <\/a><br \/>\n<!--\/noindex--><\/p>\n","protected":false},"excerpt":{"rendered":"<p>A Visegr\u00e1di Orsz\u00e1gok (V4) f\u0151v\u00e1rosi t\u00f6rt\u00e9nelmi v\u00e1rosr\u00e9szeinek k\u00e9pvisel\u0151i tal\u00e1lkoztak a budai V\u00e1rban \u2013 k\u00f6z\u00f6lte a Budav\u00e1ri \u00d6nkorm\u00e1nyzat szombaton az MTI-vel. Nagy G\u00e1bor Tam\u00e1s \u2013 fot\u00f3: MTI\/Mohai Bal\u00e1zs A k\u00f6zlem\u00e9ny szerint Budapest, Pr\u00e1ga, Pozsony \u00e9s Vars\u00f3 I. ker\u00fcleteinek polg\u00e1rmesterei kerekasztal-besz\u00e9lget\u00e9sen vitatt\u00e1k meg a telep\u00fcl\u00e9seiket \u00e9rint\u0151 fenntarthat\u00f3s\u00e1gi k\u00e9rd\u00e9seket, illetve a k\u00f6z\u00e9p-eur\u00f3pai egy\u00fcttm\u0171k\u00f6d\u00e9sben \u00e9s k\u00f6z\u00f6s cselekv\u00e9sben rejl\u0151 lehet\u0151s\u00e9geket. [&hellip;]<\/p>\n","protected":false},"author":2,"featured_media":1770,"comment_status":"open","ping_status":"open","sticky":false,"template":"","format":"standard","meta":{"footnotes":""},"categories":[1],"tags":[],"class_list":["post-1769","post","type-post","status-publish","format-standard","has-post-thumbnail","hentry","category-legujabb-penzugyi-hirek"],"yoast_head":"<!-- This site is optimized with the Yoast SEO plugin v27.4 - https:\/\/yoast.com\/product\/yoast-seo-wordpress\/ -->\n<title>A budai V\u00e1rban tartottak tal\u00e1lkoz\u00f3t V4-es polg\u00e1rmesterek - Hot News in World<\/title>\n<meta name=\"robots\" content=\"index, follow, max-snippet:-1, max-image-preview:large, max-video-preview:-1\" \/>\n<link rel=\"canonical\" href=\"https:\/\/hotnewsinworld.com\/hu\/a-budai-varban-tartottak-talalkozot-v4-es-polgarmesterek\/\" \/>\n<meta property=\"og:locale\" content=\"hu_HU\" \/>\n<meta property=\"og:type\" content=\"article\" \/>\n<meta property=\"og:title\" content=\"A budai V\u00e1rban tartottak tal\u00e1lkoz\u00f3t V4-es polg\u00e1rmesterek - Hot News in World\" \/>\n<meta property=\"og:description\" content=\"A Visegr\u00e1di Orsz\u00e1gok (V4) f\u0151v\u00e1rosi t\u00f6rt\u00e9nelmi v\u00e1rosr\u00e9szeinek k\u00e9pvisel\u0151i tal\u00e1lkoztak a budai V\u00e1rban \u2013 k\u00f6z\u00f6lte a Budav\u00e1ri \u00d6nkorm\u00e1nyzat szombaton az MTI-vel. Nagy G\u00e1bor Tam\u00e1s \u2013 fot\u00f3: MTI\/Mohai Bal\u00e1zs A k\u00f6zlem\u00e9ny szerint Budapest, Pr\u00e1ga, Pozsony \u00e9s Vars\u00f3 I. ker\u00fcleteinek polg\u00e1rmesterei kerekasztal-besz\u00e9lget\u00e9sen vitatt\u00e1k meg a telep\u00fcl\u00e9seiket \u00e9rint\u0151 fenntarthat\u00f3s\u00e1gi k\u00e9rd\u00e9seket, illetve a k\u00f6z\u00e9p-eur\u00f3pai egy\u00fcttm\u0171k\u00f6d\u00e9sben \u00e9s k\u00f6z\u00f6s cselekv\u00e9sben rejl\u0151 lehet\u0151s\u00e9geket. [&hellip;]\" \/>\n<meta property=\"og:url\" content=\"https:\/\/hotnewsinworld.com\/hu\/a-budai-varban-tartottak-talalkozot-v4-es-polgarmesterek\/\" \/>\n<meta property=\"og:site_name\" content=\"Hot News in World\" \/>\n<meta property=\"article:published_time\" content=\"2019-09-07T22:05:59+00:00\" \/>\n<meta property=\"article:modified_time\" content=\"2019-09-07T22:06:00+00:00\" \/>\n<meta property=\"og:image\" content=\"https:\/\/hotnewsinworld.com\/hu\/wp-content\/uploads\/sites\/3\/2019\/09\/A-budai-V\u00e1rban-tartottak-tal\u00e1lkoz\u00f3t-V4-es-polg\u00e1rmesterek.jpg\" \/>\n\t<meta property=\"og:image:width\" content=\"800\" \/>\n\t<meta property=\"og:image:height\" content=\"450\" \/>\n\t<meta property=\"og:image:type\" content=\"image\/jpeg\" \/>\n<meta name=\"author\" content=\"hotnewsinworld\" \/>\n<meta name=\"twitter:card\" content=\"summary_large_image\" \/>\n<meta name=\"twitter:label1\" content=\"Szerz\u0151:\" \/>\n\t<meta name=\"twitter:data1\" content=\"hotnewsinworld\" \/>\n\t<meta name=\"twitter:label2\" content=\"Becs\u00fclt olvas\u00e1si id\u0151\" \/>\n\t<meta name=\"twitter:data2\" content=\"1 perc\" \/>\n<script type=\"application\/ld+json\" class=\"yoast-schema-graph\">{\"@context\":\"https:\\\/\\\/schema.org\",\"@graph\":[{\"@type\":\"Article\",\"@id\":\"https:\\\/\\\/hotnewsinworld.com\\\/hu\\\/a-budai-varban-tartottak-talalkozot-v4-es-polgarmesterek\\\/#article\",\"isPartOf\":{\"@id\":\"https:\\\/\\\/hotnewsinworld.com\\\/hu\\\/a-budai-varban-tartottak-talalkozot-v4-es-polgarmesterek\\\/\"},\"author\":{\"name\":\"hotnewsinworld\",\"@id\":\"https:\\\/\\\/hotnewsinworld.com\\\/hu\\\/#\\\/schema\\\/person\\\/fe61448b21c0d59086e75fcc1f9d8f6b\"},\"headline\":\"A budai V\u00e1rban tartottak tal\u00e1lkoz\u00f3t V4-es polg\u00e1rmesterek\",\"datePublished\":\"2019-09-07T22:05:59+00:00\",\"dateModified\":\"2019-09-07T22:06:00+00:00\",\"mainEntityOfPage\":{\"@id\":\"https:\\\/\\\/hotnewsinworld.com\\\/hu\\\/a-budai-varban-tartottak-talalkozot-v4-es-polgarmesterek\\\/\"},\"wordCount\":262,\"commentCount\":0,\"image\":{\"@id\":\"https:\\\/\\\/hotnewsinworld.com\\\/hu\\\/a-budai-varban-tartottak-talalkozot-v4-es-polgarmesterek\\\/#primaryimage\"},\"thumbnailUrl\":\"https:\\\/\\\/hotnewsinworld.com\\\/hu\\\/wp-content\\\/uploads\\\/sites\\\/3\\\/2019\\\/09\\\/A-budai-V\u00e1rban-tartottak-tal\u00e1lkoz\u00f3t-V4-es-polg\u00e1rmesterek.jpg\",\"articleSection\":[\"LEG\u00daJABB P\u00c9NZ\u00dcGYI H\u00cdREK\"],\"inLanguage\":\"hu\",\"potentialAction\":[{\"@type\":\"CommentAction\",\"name\":\"Comment\",\"target\":[\"https:\\\/\\\/hotnewsinworld.com\\\/hu\\\/a-budai-varban-tartottak-talalkozot-v4-es-polgarmesterek\\\/#respond\"]}]},{\"@type\":\"WebPage\",\"@id\":\"https:\\\/\\\/hotnewsinworld.com\\\/hu\\\/a-budai-varban-tartottak-talalkozot-v4-es-polgarmesterek\\\/\",\"url\":\"https:\\\/\\\/hotnewsinworld.com\\\/hu\\\/a-budai-varban-tartottak-talalkozot-v4-es-polgarmesterek\\\/\",\"name\":\"A budai V\u00e1rban tartottak tal\u00e1lkoz\u00f3t V4-es polg\u00e1rmesterek - Hot News in World\",\"isPartOf\":{\"@id\":\"https:\\\/\\\/hotnewsinworld.com\\\/hu\\\/#website\"},\"primaryImageOfPage\":{\"@id\":\"https:\\\/\\\/hotnewsinworld.com\\\/hu\\\/a-budai-varban-tartottak-talalkozot-v4-es-polgarmesterek\\\/#primaryimage\"},\"image\":{\"@id\":\"https:\\\/\\\/hotnewsinworld.com\\\/hu\\\/a-budai-varban-tartottak-talalkozot-v4-es-polgarmesterek\\\/#primaryimage\"},\"thumbnailUrl\":\"https:\\\/\\\/hotnewsinworld.com\\\/hu\\\/wp-content\\\/uploads\\\/sites\\\/3\\\/2019\\\/09\\\/A-budai-V\u00e1rban-tartottak-tal\u00e1lkoz\u00f3t-V4-es-polg\u00e1rmesterek.jpg\",\"datePublished\":\"2019-09-07T22:05:59+00:00\",\"dateModified\":\"2019-09-07T22:06:00+00:00\",\"author\":{\"@id\":\"https:\\\/\\\/hotnewsinworld.com\\\/hu\\\/#\\\/schema\\\/person\\\/fe61448b21c0d59086e75fcc1f9d8f6b\"},\"breadcrumb\":{\"@id\":\"https:\\\/\\\/hotnewsinworld.com\\\/hu\\\/a-budai-varban-tartottak-talalkozot-v4-es-polgarmesterek\\\/#breadcrumb\"},\"inLanguage\":\"hu\",\"potentialAction\":[{\"@type\":\"ReadAction\",\"target\":[\"https:\\\/\\\/hotnewsinworld.com\\\/hu\\\/a-budai-varban-tartottak-talalkozot-v4-es-polgarmesterek\\\/\"]}]},{\"@type\":\"ImageObject\",\"inLanguage\":\"hu\",\"@id\":\"https:\\\/\\\/hotnewsinworld.com\\\/hu\\\/a-budai-varban-tartottak-talalkozot-v4-es-polgarmesterek\\\/#primaryimage\",\"url\":\"https:\\\/\\\/hotnewsinworld.com\\\/hu\\\/wp-content\\\/uploads\\\/sites\\\/3\\\/2019\\\/09\\\/A-budai-V\u00e1rban-tartottak-tal\u00e1lkoz\u00f3t-V4-es-polg\u00e1rmesterek.jpg\",\"contentUrl\":\"https:\\\/\\\/hotnewsinworld.com\\\/hu\\\/wp-content\\\/uploads\\\/sites\\\/3\\\/2019\\\/09\\\/A-budai-V\u00e1rban-tartottak-tal\u00e1lkoz\u00f3t-V4-es-polg\u00e1rmesterek.jpg\",\"width\":800,\"height\":450,\"caption\":\"A budai V\u00e1rban tartottak tal\u00e1lkoz\u00f3t V4-es polg\u00e1rmesterek\"},{\"@type\":\"BreadcrumbList\",\"@id\":\"https:\\\/\\\/hotnewsinworld.com\\\/hu\\\/a-budai-varban-tartottak-talalkozot-v4-es-polgarmesterek\\\/#breadcrumb\",\"itemListElement\":[{\"@type\":\"ListItem\",\"position\":1,\"name\":\"\u0413\u043b\u0430\u0432\u043d\u0430\u044f \u0441\u0442\u0440\u0430\u043d\u0438\u0446\u0430\",\"item\":\"https:\\\/\\\/hotnewsinworld.com\\\/hu\\\/\"},{\"@type\":\"ListItem\",\"position\":2,\"name\":\"A budai V\u00e1rban tartottak tal\u00e1lkoz\u00f3t V4-es polg\u00e1rmesterek\"}]},{\"@type\":\"WebSite\",\"@id\":\"https:\\\/\\\/hotnewsinworld.com\\\/hu\\\/#website\",\"url\":\"https:\\\/\\\/hotnewsinworld.com\\\/hu\\\/\",\"name\":\"Hot News in World\",\"description\":\"Hot News in World from Hungary\",\"potentialAction\":[{\"@type\":\"SearchAction\",\"target\":{\"@type\":\"EntryPoint\",\"urlTemplate\":\"https:\\\/\\\/hotnewsinworld.com\\\/hu\\\/?s={search_term_string}\"},\"query-input\":{\"@type\":\"PropertyValueSpecification\",\"valueRequired\":true,\"valueName\":\"search_term_string\"}}],\"inLanguage\":\"hu\"},{\"@type\":\"Person\",\"@id\":\"https:\\\/\\\/hotnewsinworld.com\\\/hu\\\/#\\\/schema\\\/person\\\/fe61448b21c0d59086e75fcc1f9d8f6b\",\"name\":\"hotnewsinworld\",\"image\":{\"@type\":\"ImageObject\",\"inLanguage\":\"hu\",\"@id\":\"https:\\\/\\\/secure.gravatar.com\\\/avatar\\\/8a09ac165600ce2e1c38fe593c63928eb1e6e7ba5c5a907d67787c41b3d00c14?s=96&d=mm&r=g\",\"url\":\"https:\\\/\\\/secure.gravatar.com\\\/avatar\\\/8a09ac165600ce2e1c38fe593c63928eb1e6e7ba5c5a907d67787c41b3d00c14?s=96&d=mm&r=g\",\"contentUrl\":\"https:\\\/\\\/secure.gravatar.com\\\/avatar\\\/8a09ac165600ce2e1c38fe593c63928eb1e6e7ba5c5a907d67787c41b3d00c14?s=96&d=mm&r=g\",\"caption\":\"hotnewsinworld\"},\"url\":\"https:\\\/\\\/hotnewsinworld.com\\\/hu\\\/author\\\/pt\\\/\"}]}<\/script>\n<!-- \/ Yoast SEO plugin. -->","yoast_head_json":{"title":"A budai V\u00e1rban tartottak tal\u00e1lkoz\u00f3t V4-es polg\u00e1rmesterek - Hot News in World","robots":{"index":"index","follow":"follow","max-snippet":"max-snippet:-1","max-image-preview":"max-image-preview:large","max-video-preview":"max-video-preview:-1"},"canonical":"https:\/\/hotnewsinworld.com\/hu\/a-budai-varban-tartottak-talalkozot-v4-es-polgarmesterek\/","og_locale":"hu_HU","og_type":"article","og_title":"A budai V\u00e1rban tartottak tal\u00e1lkoz\u00f3t V4-es polg\u00e1rmesterek - Hot News in World","og_description":"A Visegr\u00e1di Orsz\u00e1gok (V4) f\u0151v\u00e1rosi t\u00f6rt\u00e9nelmi v\u00e1rosr\u00e9szeinek k\u00e9pvisel\u0151i tal\u00e1lkoztak a budai V\u00e1rban \u2013 k\u00f6z\u00f6lte a Budav\u00e1ri \u00d6nkorm\u00e1nyzat szombaton az MTI-vel. Nagy G\u00e1bor Tam\u00e1s \u2013 fot\u00f3: MTI\/Mohai Bal\u00e1zs A k\u00f6zlem\u00e9ny szerint Budapest, Pr\u00e1ga, Pozsony \u00e9s Vars\u00f3 I. ker\u00fcleteinek polg\u00e1rmesterei kerekasztal-besz\u00e9lget\u00e9sen vitatt\u00e1k meg a telep\u00fcl\u00e9seiket \u00e9rint\u0151 fenntarthat\u00f3s\u00e1gi k\u00e9rd\u00e9seket, illetve a k\u00f6z\u00e9p-eur\u00f3pai egy\u00fcttm\u0171k\u00f6d\u00e9sben \u00e9s k\u00f6z\u00f6s cselekv\u00e9sben rejl\u0151 lehet\u0151s\u00e9geket. [&hellip;]","og_url":"https:\/\/hotnewsinworld.com\/hu\/a-budai-varban-tartottak-talalkozot-v4-es-polgarmesterek\/","og_site_name":"Hot News in World","article_published_time":"2019-09-07T22:05:59+00:00","article_modified_time":"2019-09-07T22:06:00+00:00","og_image":[{"width":800,"height":450,"url":"https:\/\/hotnewsinworld.com\/hu\/wp-content\/uploads\/sites\/3\/2019\/09\/A-budai-V\u00e1rban-tartottak-tal\u00e1lkoz\u00f3t-V4-es-polg\u00e1rmesterek.jpg","type":"image\/jpeg"}],"author":"hotnewsinworld","twitter_card":"summary_large_image","twitter_misc":{"Szerz\u0151:":"hotnewsinworld","Becs\u00fclt olvas\u00e1si id\u0151":"1 perc"},"schema":{"@context":"https:\/\/schema.org","@graph":[{"@type":"Article","@id":"https:\/\/hotnewsinworld.com\/hu\/a-budai-varban-tartottak-talalkozot-v4-es-polgarmesterek\/#article","isPartOf":{"@id":"https:\/\/hotnewsinworld.com\/hu\/a-budai-varban-tartottak-talalkozot-v4-es-polgarmesterek\/"},"author":{"name":"hotnewsinworld","@id":"https:\/\/hotnewsinworld.com\/hu\/#\/schema\/person\/fe61448b21c0d59086e75fcc1f9d8f6b"},"headline":"A budai V\u00e1rban tartottak tal\u00e1lkoz\u00f3t V4-es polg\u00e1rmesterek","datePublished":"2019-09-07T22:05:59+00:00","dateModified":"2019-09-07T22:06:00+00:00","mainEntityOfPage":{"@id":"https:\/\/hotnewsinworld.com\/hu\/a-budai-varban-tartottak-talalkozot-v4-es-polgarmesterek\/"},"wordCount":262,"commentCount":0,"image":{"@id":"https:\/\/hotnewsinworld.com\/hu\/a-budai-varban-tartottak-talalkozot-v4-es-polgarmesterek\/#primaryimage"},"thumbnailUrl":"https:\/\/hotnewsinworld.com\/hu\/wp-content\/uploads\/sites\/3\/2019\/09\/A-budai-V\u00e1rban-tartottak-tal\u00e1lkoz\u00f3t-V4-es-polg\u00e1rmesterek.jpg","articleSection":["LEG\u00daJABB P\u00c9NZ\u00dcGYI H\u00cdREK"],"inLanguage":"hu","potentialAction":[{"@type":"CommentAction","name":"Comment","target":["https:\/\/hotnewsinworld.com\/hu\/a-budai-varban-tartottak-talalkozot-v4-es-polgarmesterek\/#respond"]}]},{"@type":"WebPage","@id":"https:\/\/hotnewsinworld.com\/hu\/a-budai-varban-tartottak-talalkozot-v4-es-polgarmesterek\/","url":"https:\/\/hotnewsinworld.com\/hu\/a-budai-varban-tartottak-talalkozot-v4-es-polgarmesterek\/","name":"A budai V\u00e1rban tartottak tal\u00e1lkoz\u00f3t V4-es polg\u00e1rmesterek - Hot News in World","isPartOf":{"@id":"https:\/\/hotnewsinworld.com\/hu\/#website"},"primaryImageOfPage":{"@id":"https:\/\/hotnewsinworld.com\/hu\/a-budai-varban-tartottak-talalkozot-v4-es-polgarmesterek\/#primaryimage"},"image":{"@id":"https:\/\/hotnewsinworld.com\/hu\/a-budai-varban-tartottak-talalkozot-v4-es-polgarmesterek\/#primaryimage"},"thumbnailUrl":"https:\/\/hotnewsinworld.com\/hu\/wp-content\/uploads\/sites\/3\/2019\/09\/A-budai-V\u00e1rban-tartottak-tal\u00e1lkoz\u00f3t-V4-es-polg\u00e1rmesterek.jpg","datePublished":"2019-09-07T22:05:59+00:00","dateModified":"2019-09-07T22:06:00+00:00","author":{"@id":"https:\/\/hotnewsinworld.com\/hu\/#\/schema\/person\/fe61448b21c0d59086e75fcc1f9d8f6b"},"breadcrumb":{"@id":"https:\/\/hotnewsinworld.com\/hu\/a-budai-varban-tartottak-talalkozot-v4-es-polgarmesterek\/#breadcrumb"},"inLanguage":"hu","potentialAction":[{"@type":"ReadAction","target":["https:\/\/hotnewsinworld.com\/hu\/a-budai-varban-tartottak-talalkozot-v4-es-polgarmesterek\/"]}]},{"@type":"ImageObject","inLanguage":"hu","@id":"https:\/\/hotnewsinworld.com\/hu\/a-budai-varban-tartottak-talalkozot-v4-es-polgarmesterek\/#primaryimage","url":"https:\/\/hotnewsinworld.com\/hu\/wp-content\/uploads\/sites\/3\/2019\/09\/A-budai-V\u00e1rban-tartottak-tal\u00e1lkoz\u00f3t-V4-es-polg\u00e1rmesterek.jpg","contentUrl":"https:\/\/hotnewsinworld.com\/hu\/wp-content\/uploads\/sites\/3\/2019\/09\/A-budai-V\u00e1rban-tartottak-tal\u00e1lkoz\u00f3t-V4-es-polg\u00e1rmesterek.jpg","width":800,"height":450,"caption":"A budai V\u00e1rban tartottak tal\u00e1lkoz\u00f3t V4-es polg\u00e1rmesterek"},{"@type":"BreadcrumbList","@id":"https:\/\/hotnewsinworld.com\/hu\/a-budai-varban-tartottak-talalkozot-v4-es-polgarmesterek\/#breadcrumb","itemListElement":[{"@type":"ListItem","position":1,"name":"\u0413\u043b\u0430\u0432\u043d\u0430\u044f \u0441\u0442\u0440\u0430\u043d\u0438\u0446\u0430","item":"https:\/\/hotnewsinworld.com\/hu\/"},{"@type":"ListItem","position":2,"name":"A budai V\u00e1rban tartottak tal\u00e1lkoz\u00f3t V4-es polg\u00e1rmesterek"}]},{"@type":"WebSite","@id":"https:\/\/hotnewsinworld.com\/hu\/#website","url":"https:\/\/hotnewsinworld.com\/hu\/","name":"Hot News in World","description":"Hot News in World from Hungary","potentialAction":[{"@type":"SearchAction","target":{"@type":"EntryPoint","urlTemplate":"https:\/\/hotnewsinworld.com\/hu\/?s={search_term_string}"},"query-input":{"@type":"PropertyValueSpecification","valueRequired":true,"valueName":"search_term_string"}}],"inLanguage":"hu"},{"@type":"Person","@id":"https:\/\/hotnewsinworld.com\/hu\/#\/schema\/person\/fe61448b21c0d59086e75fcc1f9d8f6b","name":"hotnewsinworld","image":{"@type":"ImageObject","inLanguage":"hu","@id":"https:\/\/secure.gravatar.com\/avatar\/8a09ac165600ce2e1c38fe593c63928eb1e6e7ba5c5a907d67787c41b3d00c14?s=96&d=mm&r=g","url":"https:\/\/secure.gravatar.com\/avatar\/8a09ac165600ce2e1c38fe593c63928eb1e6e7ba5c5a907d67787c41b3d00c14?s=96&d=mm&r=g","contentUrl":"https:\/\/secure.gravatar.com\/avatar\/8a09ac165600ce2e1c38fe593c63928eb1e6e7ba5c5a907d67787c41b3d00c14?s=96&d=mm&r=g","caption":"hotnewsinworld"},"url":"https:\/\/hotnewsinworld.com\/hu\/author\/pt\/"}]}},"_links":{"self":[{"href":"https:\/\/hotnewsinworld.com\/hu\/wp-json\/wp\/v2\/posts\/1769","targetHints":{"allow":["GET"]}}],"collection":[{"href":"https:\/\/hotnewsinworld.com\/hu\/wp-json\/wp\/v2\/posts"}],"about":[{"href":"https:\/\/hotnewsinworld.com\/hu\/wp-json\/wp\/v2\/types\/post"}],"author":[{"embeddable":true,"href":"https:\/\/hotnewsinworld.com\/hu\/wp-json\/wp\/v2\/users\/2"}],"replies":[{"embeddable":true,"href":"https:\/\/hotnewsinworld.com\/hu\/wp-json\/wp\/v2\/comments?post=1769"}],"version-history":[{"count":1,"href":"https:\/\/hotnewsinworld.com\/hu\/wp-json\/wp\/v2\/posts\/1769\/revisions"}],"predecessor-version":[{"id":1771,"href":"https:\/\/hotnewsinworld.com\/hu\/wp-json\/wp\/v2\/posts\/1769\/revisions\/1771"}],"wp:featuredmedia":[{"embeddable":true,"href":"https:\/\/hotnewsinworld.com\/hu\/wp-json\/wp\/v2\/media\/1770"}],"wp:attachment":[{"href":"https:\/\/hotnewsinworld.com\/hu\/wp-json\/wp\/v2\/media?parent=1769"}],"wp:term":[{"taxonomy":"category","embeddable":true,"href":"https:\/\/hotnewsinworld.com\/hu\/wp-json\/wp\/v2\/categories?post=1769"},{"taxonomy":"post_tag","embeddable":true,"href":"https:\/\/hotnewsinworld.com\/hu\/wp-json\/wp\/v2\/tags?post=1769"}],"curies":[{"name":"wp","href":"https:\/\/api.w.org\/{rel}","templated":true}]}}