{"id":1782,"date":"2019-09-08T09:11:56","date_gmt":"2019-09-08T06:11:56","guid":{"rendered":"https:\/\/hotnewsinworld.com\/hu\/polgarorok-versenyeztek-mezoberenyben-a-magyar-rendorseg-hivatalos-honlapja\/"},"modified":"2019-09-08T09:11:57","modified_gmt":"2019-09-08T06:11:57","slug":"polgarorok-versenyeztek-mezoberenyben-a-magyar-rendorseg-hivatalos-honlapja","status":"publish","type":"post","link":"https:\/\/hotnewsinworld.com\/hu\/polgarorok-versenyeztek-mezoberenyben-a-magyar-rendorseg-hivatalos-honlapja\/","title":{"rendered":"Polg\u00e1r\u0151r\u00f6k versenyeztek Mez\u0151ber\u00e9nyben | A Magyar Rend\u0151rs\u00e9g hivatalos honlapja"},"content":{"rendered":"<div>\n<p>Elm\u00e9leti \u00e9s gyakorlati feladatokban m\u00e9rt\u00e9k \u00f6ssze tud\u00e1sukat a polg\u00e1r\u0151r\u00f6k. B\u00e9k\u00e9s megy\u00e9t Pljesovszki J\u00e1nos \u00e9s Sz\u00e1sz P\u00e1l k\u00e9pviselheti az orsz\u00e1gos d\u00f6nt\u0151n.<\/p>\n<\/p><\/div>\n<div>\n<p>A B\u00e9k\u00e9s Megyei Baleset-megel\u0151z\u00e9si Bizotts\u00e1g \u00e9s a B\u00e9k\u00e9si V\u00e1rosi Baleset-megel\u0151z\u00e9si Bizotts\u00e1g 2019. szeptember 7-\u00e9n rendezte meg a XV. Polg\u00e1r\u0151r K\u00f6zleked\u00e9sbiztons\u00e1gi Verseny megyei d\u00f6nt\u0151j\u00e9t Mez\u0151ber\u00e9nyben. A megm\u00e9rettet\u00e9sre a rend\u0151rkapit\u00e1nys\u00e1gok nyolc n\u00e9gyf\u0151s csapatot neveztek be, \u00edgy 32 polg\u00e1r\u0151r teljes\u00edthette az elm\u00e9leti \u00e9s gyakorlati feladatokat. A rendezv\u00e9ny megnyit\u00f3j\u00e1n Jakusovszki Zolt\u00e1n r. alezredes a Mez\u0151ber\u00e9nyi Rend\u0151r\u0151rs parancsnoka k\u00f6sz\u00f6nt\u00f6tte a versenyz\u0151ket. Az elm\u00e9leti feladatok, tesztek kit\u00f6lt\u00e9s\u00e9t a gyakorlati r\u00e9sz k\u00f6vette. Itt \u00fcgyess\u00e9gi p\u00e1ly\u00e1n bizony\u00edthatt\u00e1k r\u00e1termetts\u00e9g\u00fcket, tehett\u00e9k pr\u00f3b\u00e1ra tud\u00e1sukat a polg\u00e1r\u0151r\u00f6k. Az eredm\u00e9nyhirdet\u00e9sen Pelleg J\u00f3zsef r. alezredes, a B\u00e9k\u00e9s Megyei Rend\u0151r-f\u0151kapit\u00e1nys\u00e1g K\u00f6zleked\u00e9srend\u00e9szeti Oszt\u00e1ly\u00e1nak vezet\u0151je k\u00f6sz\u00f6nte meg a polg\u00e1r\u0151r\u00f6k rend\u0151rs\u00e9get seg\u00edt\u0151 munk\u00e1j\u00e1t \u00e9s azt, hogy ilyen sokan r\u00e9szt vettek a versenyen.\u00a0<\/p>\n<p>A legeredm\u00e9nyesebb, a B\u00e9k\u00e9scsabai Rend\u0151rkapit\u00e1nys\u00e1g Kesj\u00e1r M\u00e1ty\u00e1s, Roszik L\u00e1szl\u00f3 R\u00f3bert, Sz\u00e1sz P\u00e1l \u00e9s Sz\u0171cs Viktor \u00f6ssze\u00e1ll\u00edt\u00e1s\u00fa polg\u00e1r\u0151r csapata volt. A m\u00e1sodik helyen a szarvasi polg\u00e1r\u0151r\u00f6k v\u00e9geztek, csapatuk tagjai: Moln\u00e1r Gy\u00f6rgy, Pljesovszki J\u00e1nos, Moln\u00e1r J\u00e1nos \u00e9s Jansik Istv\u00e1n. A harmadik helyezett pedig az Orosh\u00e1zi Rend\u0151rkapit\u00e1nys\u00e1g csapata lett. A versenyz\u0151k: S\u00fct\u0151 \u00c1d\u00e1m, Z\u00e1mbori Tam\u00e1s, B\u00f3ka Attila \u00e9s Makszi J\u00e1nos. Az egy\u00e9ni \u00f6sszetett verseny legjobbja Pljesovszki J\u00e1nos, a Szarvasi Polg\u00e1r\u0151r Egyes\u00fclet tagja lett. A m\u00e1sodik \u00e9s a harmadik helyezett is a B\u00e9k\u00e9scsabai Rend\u0151rkapit\u00e1nys\u00e1g \u00f6ssze\u00e1ll\u00edt\u00e1s\u00e1ban versenyz\u0151 polg\u00e1r\u0151r\u00f6k k\u00f6z\u00fcl ker\u00fclt ki, Sz\u00e1sz P\u00e1l \u00e9s Roszik L\u00e1szl\u00f3 R\u00f3bert szem\u00e9ly\u00e9ben.<\/p>\n<p>A 2019. szeptember 28-\u00e1n, Budapesten megrendez\u00e9sre ker\u00fcl\u0151 XV. Polg\u00e1r\u0151r K\u00f6zleked\u00e9sbiztons\u00e1gi Verseny orsz\u00e1gos d\u00f6nt\u0151j\u00e9n Pljesovszki J\u00e1nos \u00e9s Sz\u00e1sz P\u00e1l k\u00e9pviselheti\u00a0B\u00e9k\u00e9s megy\u00e9t.<\/p>\n<\/p><\/div>\n<p><script>(function(d, s, id) {\n                                                                  var js, fjs = d.getElementsByTagName(s)[0];\n                                                                  if (d.getElementById(id)) return;\n                                                                  js = d.createElement(s); js.id = id;\n                                                                 \t\t js.src = \"http:\/\/connect.facebook.net\/hu_HU\/sdk.js#xfbml=1&version=v2.10\";\t   \t \n                                                                  fjs.parentNode.insertBefore(js, fjs);\n                                                                }(document, 'script', 'facebook-jssdk'));\n                                <\/script><br \/>\n<br \/>\n<!--noindex--><br \/>\n<a href=\"https:\/\/hirek.oldal.info\/rssclick\/14378695\" rel=\"nofollow\">Source link <\/a><br \/>\n<!--\/noindex--><\/p>\n","protected":false},"excerpt":{"rendered":"<p>Elm\u00e9leti \u00e9s gyakorlati feladatokban m\u00e9rt\u00e9k \u00f6ssze tud\u00e1sukat a polg\u00e1r\u0151r\u00f6k. B\u00e9k\u00e9s megy\u00e9t Pljesovszki J\u00e1nos \u00e9s Sz\u00e1sz P\u00e1l k\u00e9pviselheti az orsz\u00e1gos d\u00f6nt\u0151n. A B\u00e9k\u00e9s Megyei Baleset-megel\u0151z\u00e9si Bizotts\u00e1g \u00e9s a B\u00e9k\u00e9si V\u00e1rosi Baleset-megel\u0151z\u00e9si Bizotts\u00e1g 2019. szeptember 7-\u00e9n rendezte meg a XV. Polg\u00e1r\u0151r K\u00f6zleked\u00e9sbiztons\u00e1gi Verseny megyei d\u00f6nt\u0151j\u00e9t Mez\u0151ber\u00e9nyben. A megm\u00e9rettet\u00e9sre a rend\u0151rkapit\u00e1nys\u00e1gok nyolc n\u00e9gyf\u0151s csapatot neveztek be, \u00edgy 32 [&hellip;]<\/p>\n","protected":false},"author":2,"featured_media":1783,"comment_status":"open","ping_status":"open","sticky":false,"template":"","format":"standard","meta":{"footnotes":""},"categories":[1],"tags":[],"class_list":["post-1782","post","type-post","status-publish","format-standard","has-post-thumbnail","hentry","category-legujabb-penzugyi-hirek"],"yoast_head":"<!-- This site is optimized with the Yoast SEO plugin v27.4 - https:\/\/yoast.com\/product\/yoast-seo-wordpress\/ -->\n<title>Polg\u00e1r\u0151r\u00f6k versenyeztek Mez\u0151ber\u00e9nyben | A Magyar Rend\u0151rs\u00e9g hivatalos honlapja - Hot News in World<\/title>\n<meta name=\"robots\" content=\"index, follow, max-snippet:-1, max-image-preview:large, max-video-preview:-1\" \/>\n<link rel=\"canonical\" href=\"https:\/\/hotnewsinworld.com\/hu\/polgarorok-versenyeztek-mezoberenyben-a-magyar-rendorseg-hivatalos-honlapja\/\" \/>\n<meta property=\"og:locale\" content=\"hu_HU\" \/>\n<meta property=\"og:type\" content=\"article\" \/>\n<meta property=\"og:title\" content=\"Polg\u00e1r\u0151r\u00f6k versenyeztek Mez\u0151ber\u00e9nyben | A Magyar Rend\u0151rs\u00e9g hivatalos honlapja - Hot News in World\" \/>\n<meta property=\"og:description\" content=\"Elm\u00e9leti \u00e9s gyakorlati feladatokban m\u00e9rt\u00e9k \u00f6ssze tud\u00e1sukat a polg\u00e1r\u0151r\u00f6k. B\u00e9k\u00e9s megy\u00e9t Pljesovszki J\u00e1nos \u00e9s Sz\u00e1sz P\u00e1l k\u00e9pviselheti az orsz\u00e1gos d\u00f6nt\u0151n. A B\u00e9k\u00e9s Megyei Baleset-megel\u0151z\u00e9si Bizotts\u00e1g \u00e9s a B\u00e9k\u00e9si V\u00e1rosi Baleset-megel\u0151z\u00e9si Bizotts\u00e1g 2019. szeptember 7-\u00e9n rendezte meg a XV. Polg\u00e1r\u0151r K\u00f6zleked\u00e9sbiztons\u00e1gi Verseny megyei d\u00f6nt\u0151j\u00e9t Mez\u0151ber\u00e9nyben. A megm\u00e9rettet\u00e9sre a rend\u0151rkapit\u00e1nys\u00e1gok nyolc n\u00e9gyf\u0151s csapatot neveztek be, \u00edgy 32 [&hellip;]\" \/>\n<meta property=\"og:url\" content=\"https:\/\/hotnewsinworld.com\/hu\/polgarorok-versenyeztek-mezoberenyben-a-magyar-rendorseg-hivatalos-honlapja\/\" \/>\n<meta property=\"og:site_name\" content=\"Hot News in World\" \/>\n<meta property=\"article:published_time\" content=\"2019-09-08T06:11:56+00:00\" \/>\n<meta property=\"article:modified_time\" content=\"2019-09-08T06:11:57+00:00\" \/>\n<meta property=\"og:image\" content=\"https:\/\/hotnewsinworld.com\/hu\/wp-content\/uploads\/sites\/3\/2019\/09\/Polg\u00e1r\u0151r\u00f6k-versenyeztek-Mez\u0151ber\u00e9nyben-A-Magyar-Rend\u0151rs\u00e9g-hivatalos-honlapja.jpg\" \/>\n\t<meta property=\"og:image:width\" content=\"751\" \/>\n\t<meta property=\"og:image:height\" content=\"500\" \/>\n\t<meta property=\"og:image:type\" content=\"image\/jpeg\" \/>\n<meta name=\"author\" content=\"hotnewsinworld\" \/>\n<meta name=\"twitter:card\" content=\"summary_large_image\" \/>\n<meta name=\"twitter:label1\" content=\"Szerz\u0151:\" \/>\n\t<meta name=\"twitter:data1\" content=\"hotnewsinworld\" \/>\n\t<meta name=\"twitter:label2\" content=\"Becs\u00fclt olvas\u00e1si id\u0151\" \/>\n\t<meta name=\"twitter:data2\" content=\"2 perc\" \/>\n<script type=\"application\/ld+json\" class=\"yoast-schema-graph\">{\"@context\":\"https:\\\/\\\/schema.org\",\"@graph\":[{\"@type\":\"Article\",\"@id\":\"https:\\\/\\\/hotnewsinworld.com\\\/hu\\\/polgarorok-versenyeztek-mezoberenyben-a-magyar-rendorseg-hivatalos-honlapja\\\/#article\",\"isPartOf\":{\"@id\":\"https:\\\/\\\/hotnewsinworld.com\\\/hu\\\/polgarorok-versenyeztek-mezoberenyben-a-magyar-rendorseg-hivatalos-honlapja\\\/\"},\"author\":{\"name\":\"hotnewsinworld\",\"@id\":\"https:\\\/\\\/hotnewsinworld.com\\\/hu\\\/#\\\/schema\\\/person\\\/fe61448b21c0d59086e75fcc1f9d8f6b\"},\"headline\":\"Polg\u00e1r\u0151r\u00f6k versenyeztek Mez\u0151ber\u00e9nyben | A Magyar Rend\u0151rs\u00e9g hivatalos honlapja\",\"datePublished\":\"2019-09-08T06:11:56+00:00\",\"dateModified\":\"2019-09-08T06:11:57+00:00\",\"mainEntityOfPage\":{\"@id\":\"https:\\\/\\\/hotnewsinworld.com\\\/hu\\\/polgarorok-versenyeztek-mezoberenyben-a-magyar-rendorseg-hivatalos-honlapja\\\/\"},\"wordCount\":448,\"commentCount\":0,\"image\":{\"@id\":\"https:\\\/\\\/hotnewsinworld.com\\\/hu\\\/polgarorok-versenyeztek-mezoberenyben-a-magyar-rendorseg-hivatalos-honlapja\\\/#primaryimage\"},\"thumbnailUrl\":\"https:\\\/\\\/hotnewsinworld.com\\\/hu\\\/wp-content\\\/uploads\\\/sites\\\/3\\\/2019\\\/09\\\/Polg\u00e1r\u0151r\u00f6k-versenyeztek-Mez\u0151ber\u00e9nyben-A-Magyar-Rend\u0151rs\u00e9g-hivatalos-honlapja.jpg\",\"articleSection\":[\"LEG\u00daJABB P\u00c9NZ\u00dcGYI H\u00cdREK\"],\"inLanguage\":\"hu\",\"potentialAction\":[{\"@type\":\"CommentAction\",\"name\":\"Comment\",\"target\":[\"https:\\\/\\\/hotnewsinworld.com\\\/hu\\\/polgarorok-versenyeztek-mezoberenyben-a-magyar-rendorseg-hivatalos-honlapja\\\/#respond\"]}]},{\"@type\":\"WebPage\",\"@id\":\"https:\\\/\\\/hotnewsinworld.com\\\/hu\\\/polgarorok-versenyeztek-mezoberenyben-a-magyar-rendorseg-hivatalos-honlapja\\\/\",\"url\":\"https:\\\/\\\/hotnewsinworld.com\\\/hu\\\/polgarorok-versenyeztek-mezoberenyben-a-magyar-rendorseg-hivatalos-honlapja\\\/\",\"name\":\"Polg\u00e1r\u0151r\u00f6k versenyeztek Mez\u0151ber\u00e9nyben | A Magyar Rend\u0151rs\u00e9g hivatalos honlapja - Hot News in World\",\"isPartOf\":{\"@id\":\"https:\\\/\\\/hotnewsinworld.com\\\/hu\\\/#website\"},\"primaryImageOfPage\":{\"@id\":\"https:\\\/\\\/hotnewsinworld.com\\\/hu\\\/polgarorok-versenyeztek-mezoberenyben-a-magyar-rendorseg-hivatalos-honlapja\\\/#primaryimage\"},\"image\":{\"@id\":\"https:\\\/\\\/hotnewsinworld.com\\\/hu\\\/polgarorok-versenyeztek-mezoberenyben-a-magyar-rendorseg-hivatalos-honlapja\\\/#primaryimage\"},\"thumbnailUrl\":\"https:\\\/\\\/hotnewsinworld.com\\\/hu\\\/wp-content\\\/uploads\\\/sites\\\/3\\\/2019\\\/09\\\/Polg\u00e1r\u0151r\u00f6k-versenyeztek-Mez\u0151ber\u00e9nyben-A-Magyar-Rend\u0151rs\u00e9g-hivatalos-honlapja.jpg\",\"datePublished\":\"2019-09-08T06:11:56+00:00\",\"dateModified\":\"2019-09-08T06:11:57+00:00\",\"author\":{\"@id\":\"https:\\\/\\\/hotnewsinworld.com\\\/hu\\\/#\\\/schema\\\/person\\\/fe61448b21c0d59086e75fcc1f9d8f6b\"},\"breadcrumb\":{\"@id\":\"https:\\\/\\\/hotnewsinworld.com\\\/hu\\\/polgarorok-versenyeztek-mezoberenyben-a-magyar-rendorseg-hivatalos-honlapja\\\/#breadcrumb\"},\"inLanguage\":\"hu\",\"potentialAction\":[{\"@type\":\"ReadAction\",\"target\":[\"https:\\\/\\\/hotnewsinworld.com\\\/hu\\\/polgarorok-versenyeztek-mezoberenyben-a-magyar-rendorseg-hivatalos-honlapja\\\/\"]}]},{\"@type\":\"ImageObject\",\"inLanguage\":\"hu\",\"@id\":\"https:\\\/\\\/hotnewsinworld.com\\\/hu\\\/polgarorok-versenyeztek-mezoberenyben-a-magyar-rendorseg-hivatalos-honlapja\\\/#primaryimage\",\"url\":\"https:\\\/\\\/hotnewsinworld.com\\\/hu\\\/wp-content\\\/uploads\\\/sites\\\/3\\\/2019\\\/09\\\/Polg\u00e1r\u0151r\u00f6k-versenyeztek-Mez\u0151ber\u00e9nyben-A-Magyar-Rend\u0151rs\u00e9g-hivatalos-honlapja.jpg\",\"contentUrl\":\"https:\\\/\\\/hotnewsinworld.com\\\/hu\\\/wp-content\\\/uploads\\\/sites\\\/3\\\/2019\\\/09\\\/Polg\u00e1r\u0151r\u00f6k-versenyeztek-Mez\u0151ber\u00e9nyben-A-Magyar-Rend\u0151rs\u00e9g-hivatalos-honlapja.jpg\",\"width\":751,\"height\":500,\"caption\":\"Polg\u00e1r\u0151r\u00f6k versenyeztek Mez\u0151ber\u00e9nyben | A Magyar Rend\u0151rs\u00e9g hivatalos honlapja\"},{\"@type\":\"BreadcrumbList\",\"@id\":\"https:\\\/\\\/hotnewsinworld.com\\\/hu\\\/polgarorok-versenyeztek-mezoberenyben-a-magyar-rendorseg-hivatalos-honlapja\\\/#breadcrumb\",\"itemListElement\":[{\"@type\":\"ListItem\",\"position\":1,\"name\":\"\u0413\u043b\u0430\u0432\u043d\u0430\u044f \u0441\u0442\u0440\u0430\u043d\u0438\u0446\u0430\",\"item\":\"https:\\\/\\\/hotnewsinworld.com\\\/hu\\\/\"},{\"@type\":\"ListItem\",\"position\":2,\"name\":\"Polg\u00e1r\u0151r\u00f6k versenyeztek Mez\u0151ber\u00e9nyben | A Magyar Rend\u0151rs\u00e9g hivatalos honlapja\"}]},{\"@type\":\"WebSite\",\"@id\":\"https:\\\/\\\/hotnewsinworld.com\\\/hu\\\/#website\",\"url\":\"https:\\\/\\\/hotnewsinworld.com\\\/hu\\\/\",\"name\":\"Hot News in World\",\"description\":\"Hot News in World from Hungary\",\"potentialAction\":[{\"@type\":\"SearchAction\",\"target\":{\"@type\":\"EntryPoint\",\"urlTemplate\":\"https:\\\/\\\/hotnewsinworld.com\\\/hu\\\/?s={search_term_string}\"},\"query-input\":{\"@type\":\"PropertyValueSpecification\",\"valueRequired\":true,\"valueName\":\"search_term_string\"}}],\"inLanguage\":\"hu\"},{\"@type\":\"Person\",\"@id\":\"https:\\\/\\\/hotnewsinworld.com\\\/hu\\\/#\\\/schema\\\/person\\\/fe61448b21c0d59086e75fcc1f9d8f6b\",\"name\":\"hotnewsinworld\",\"image\":{\"@type\":\"ImageObject\",\"inLanguage\":\"hu\",\"@id\":\"https:\\\/\\\/secure.gravatar.com\\\/avatar\\\/8a09ac165600ce2e1c38fe593c63928eb1e6e7ba5c5a907d67787c41b3d00c14?s=96&d=mm&r=g\",\"url\":\"https:\\\/\\\/secure.gravatar.com\\\/avatar\\\/8a09ac165600ce2e1c38fe593c63928eb1e6e7ba5c5a907d67787c41b3d00c14?s=96&d=mm&r=g\",\"contentUrl\":\"https:\\\/\\\/secure.gravatar.com\\\/avatar\\\/8a09ac165600ce2e1c38fe593c63928eb1e6e7ba5c5a907d67787c41b3d00c14?s=96&d=mm&r=g\",\"caption\":\"hotnewsinworld\"},\"url\":\"https:\\\/\\\/hotnewsinworld.com\\\/hu\\\/author\\\/pt\\\/\"}]}<\/script>\n<!-- \/ Yoast SEO plugin. -->","yoast_head_json":{"title":"Polg\u00e1r\u0151r\u00f6k versenyeztek Mez\u0151ber\u00e9nyben | A Magyar Rend\u0151rs\u00e9g hivatalos honlapja - Hot News in World","robots":{"index":"index","follow":"follow","max-snippet":"max-snippet:-1","max-image-preview":"max-image-preview:large","max-video-preview":"max-video-preview:-1"},"canonical":"https:\/\/hotnewsinworld.com\/hu\/polgarorok-versenyeztek-mezoberenyben-a-magyar-rendorseg-hivatalos-honlapja\/","og_locale":"hu_HU","og_type":"article","og_title":"Polg\u00e1r\u0151r\u00f6k versenyeztek Mez\u0151ber\u00e9nyben | A Magyar Rend\u0151rs\u00e9g hivatalos honlapja - Hot News in World","og_description":"Elm\u00e9leti \u00e9s gyakorlati feladatokban m\u00e9rt\u00e9k \u00f6ssze tud\u00e1sukat a polg\u00e1r\u0151r\u00f6k. B\u00e9k\u00e9s megy\u00e9t Pljesovszki J\u00e1nos \u00e9s Sz\u00e1sz P\u00e1l k\u00e9pviselheti az orsz\u00e1gos d\u00f6nt\u0151n. A B\u00e9k\u00e9s Megyei Baleset-megel\u0151z\u00e9si Bizotts\u00e1g \u00e9s a B\u00e9k\u00e9si V\u00e1rosi Baleset-megel\u0151z\u00e9si Bizotts\u00e1g 2019. szeptember 7-\u00e9n rendezte meg a XV. Polg\u00e1r\u0151r K\u00f6zleked\u00e9sbiztons\u00e1gi Verseny megyei d\u00f6nt\u0151j\u00e9t Mez\u0151ber\u00e9nyben. A megm\u00e9rettet\u00e9sre a rend\u0151rkapit\u00e1nys\u00e1gok nyolc n\u00e9gyf\u0151s csapatot neveztek be, \u00edgy 32 [&hellip;]","og_url":"https:\/\/hotnewsinworld.com\/hu\/polgarorok-versenyeztek-mezoberenyben-a-magyar-rendorseg-hivatalos-honlapja\/","og_site_name":"Hot News in World","article_published_time":"2019-09-08T06:11:56+00:00","article_modified_time":"2019-09-08T06:11:57+00:00","og_image":[{"width":751,"height":500,"url":"https:\/\/hotnewsinworld.com\/hu\/wp-content\/uploads\/sites\/3\/2019\/09\/Polg\u00e1r\u0151r\u00f6k-versenyeztek-Mez\u0151ber\u00e9nyben-A-Magyar-Rend\u0151rs\u00e9g-hivatalos-honlapja.jpg","type":"image\/jpeg"}],"author":"hotnewsinworld","twitter_card":"summary_large_image","twitter_misc":{"Szerz\u0151:":"hotnewsinworld","Becs\u00fclt olvas\u00e1si id\u0151":"2 perc"},"schema":{"@context":"https:\/\/schema.org","@graph":[{"@type":"Article","@id":"https:\/\/hotnewsinworld.com\/hu\/polgarorok-versenyeztek-mezoberenyben-a-magyar-rendorseg-hivatalos-honlapja\/#article","isPartOf":{"@id":"https:\/\/hotnewsinworld.com\/hu\/polgarorok-versenyeztek-mezoberenyben-a-magyar-rendorseg-hivatalos-honlapja\/"},"author":{"name":"hotnewsinworld","@id":"https:\/\/hotnewsinworld.com\/hu\/#\/schema\/person\/fe61448b21c0d59086e75fcc1f9d8f6b"},"headline":"Polg\u00e1r\u0151r\u00f6k versenyeztek Mez\u0151ber\u00e9nyben | A Magyar Rend\u0151rs\u00e9g hivatalos honlapja","datePublished":"2019-09-08T06:11:56+00:00","dateModified":"2019-09-08T06:11:57+00:00","mainEntityOfPage":{"@id":"https:\/\/hotnewsinworld.com\/hu\/polgarorok-versenyeztek-mezoberenyben-a-magyar-rendorseg-hivatalos-honlapja\/"},"wordCount":448,"commentCount":0,"image":{"@id":"https:\/\/hotnewsinworld.com\/hu\/polgarorok-versenyeztek-mezoberenyben-a-magyar-rendorseg-hivatalos-honlapja\/#primaryimage"},"thumbnailUrl":"https:\/\/hotnewsinworld.com\/hu\/wp-content\/uploads\/sites\/3\/2019\/09\/Polg\u00e1r\u0151r\u00f6k-versenyeztek-Mez\u0151ber\u00e9nyben-A-Magyar-Rend\u0151rs\u00e9g-hivatalos-honlapja.jpg","articleSection":["LEG\u00daJABB P\u00c9NZ\u00dcGYI H\u00cdREK"],"inLanguage":"hu","potentialAction":[{"@type":"CommentAction","name":"Comment","target":["https:\/\/hotnewsinworld.com\/hu\/polgarorok-versenyeztek-mezoberenyben-a-magyar-rendorseg-hivatalos-honlapja\/#respond"]}]},{"@type":"WebPage","@id":"https:\/\/hotnewsinworld.com\/hu\/polgarorok-versenyeztek-mezoberenyben-a-magyar-rendorseg-hivatalos-honlapja\/","url":"https:\/\/hotnewsinworld.com\/hu\/polgarorok-versenyeztek-mezoberenyben-a-magyar-rendorseg-hivatalos-honlapja\/","name":"Polg\u00e1r\u0151r\u00f6k versenyeztek Mez\u0151ber\u00e9nyben | A Magyar Rend\u0151rs\u00e9g hivatalos honlapja - Hot News in World","isPartOf":{"@id":"https:\/\/hotnewsinworld.com\/hu\/#website"},"primaryImageOfPage":{"@id":"https:\/\/hotnewsinworld.com\/hu\/polgarorok-versenyeztek-mezoberenyben-a-magyar-rendorseg-hivatalos-honlapja\/#primaryimage"},"image":{"@id":"https:\/\/hotnewsinworld.com\/hu\/polgarorok-versenyeztek-mezoberenyben-a-magyar-rendorseg-hivatalos-honlapja\/#primaryimage"},"thumbnailUrl":"https:\/\/hotnewsinworld.com\/hu\/wp-content\/uploads\/sites\/3\/2019\/09\/Polg\u00e1r\u0151r\u00f6k-versenyeztek-Mez\u0151ber\u00e9nyben-A-Magyar-Rend\u0151rs\u00e9g-hivatalos-honlapja.jpg","datePublished":"2019-09-08T06:11:56+00:00","dateModified":"2019-09-08T06:11:57+00:00","author":{"@id":"https:\/\/hotnewsinworld.com\/hu\/#\/schema\/person\/fe61448b21c0d59086e75fcc1f9d8f6b"},"breadcrumb":{"@id":"https:\/\/hotnewsinworld.com\/hu\/polgarorok-versenyeztek-mezoberenyben-a-magyar-rendorseg-hivatalos-honlapja\/#breadcrumb"},"inLanguage":"hu","potentialAction":[{"@type":"ReadAction","target":["https:\/\/hotnewsinworld.com\/hu\/polgarorok-versenyeztek-mezoberenyben-a-magyar-rendorseg-hivatalos-honlapja\/"]}]},{"@type":"ImageObject","inLanguage":"hu","@id":"https:\/\/hotnewsinworld.com\/hu\/polgarorok-versenyeztek-mezoberenyben-a-magyar-rendorseg-hivatalos-honlapja\/#primaryimage","url":"https:\/\/hotnewsinworld.com\/hu\/wp-content\/uploads\/sites\/3\/2019\/09\/Polg\u00e1r\u0151r\u00f6k-versenyeztek-Mez\u0151ber\u00e9nyben-A-Magyar-Rend\u0151rs\u00e9g-hivatalos-honlapja.jpg","contentUrl":"https:\/\/hotnewsinworld.com\/hu\/wp-content\/uploads\/sites\/3\/2019\/09\/Polg\u00e1r\u0151r\u00f6k-versenyeztek-Mez\u0151ber\u00e9nyben-A-Magyar-Rend\u0151rs\u00e9g-hivatalos-honlapja.jpg","width":751,"height":500,"caption":"Polg\u00e1r\u0151r\u00f6k versenyeztek Mez\u0151ber\u00e9nyben | A Magyar Rend\u0151rs\u00e9g hivatalos honlapja"},{"@type":"BreadcrumbList","@id":"https:\/\/hotnewsinworld.com\/hu\/polgarorok-versenyeztek-mezoberenyben-a-magyar-rendorseg-hivatalos-honlapja\/#breadcrumb","itemListElement":[{"@type":"ListItem","position":1,"name":"\u0413\u043b\u0430\u0432\u043d\u0430\u044f \u0441\u0442\u0440\u0430\u043d\u0438\u0446\u0430","item":"https:\/\/hotnewsinworld.com\/hu\/"},{"@type":"ListItem","position":2,"name":"Polg\u00e1r\u0151r\u00f6k versenyeztek Mez\u0151ber\u00e9nyben | A Magyar Rend\u0151rs\u00e9g hivatalos honlapja"}]},{"@type":"WebSite","@id":"https:\/\/hotnewsinworld.com\/hu\/#website","url":"https:\/\/hotnewsinworld.com\/hu\/","name":"Hot News in World","description":"Hot News in World from Hungary","potentialAction":[{"@type":"SearchAction","target":{"@type":"EntryPoint","urlTemplate":"https:\/\/hotnewsinworld.com\/hu\/?s={search_term_string}"},"query-input":{"@type":"PropertyValueSpecification","valueRequired":true,"valueName":"search_term_string"}}],"inLanguage":"hu"},{"@type":"Person","@id":"https:\/\/hotnewsinworld.com\/hu\/#\/schema\/person\/fe61448b21c0d59086e75fcc1f9d8f6b","name":"hotnewsinworld","image":{"@type":"ImageObject","inLanguage":"hu","@id":"https:\/\/secure.gravatar.com\/avatar\/8a09ac165600ce2e1c38fe593c63928eb1e6e7ba5c5a907d67787c41b3d00c14?s=96&d=mm&r=g","url":"https:\/\/secure.gravatar.com\/avatar\/8a09ac165600ce2e1c38fe593c63928eb1e6e7ba5c5a907d67787c41b3d00c14?s=96&d=mm&r=g","contentUrl":"https:\/\/secure.gravatar.com\/avatar\/8a09ac165600ce2e1c38fe593c63928eb1e6e7ba5c5a907d67787c41b3d00c14?s=96&d=mm&r=g","caption":"hotnewsinworld"},"url":"https:\/\/hotnewsinworld.com\/hu\/author\/pt\/"}]}},"_links":{"self":[{"href":"https:\/\/hotnewsinworld.com\/hu\/wp-json\/wp\/v2\/posts\/1782","targetHints":{"allow":["GET"]}}],"collection":[{"href":"https:\/\/hotnewsinworld.com\/hu\/wp-json\/wp\/v2\/posts"}],"about":[{"href":"https:\/\/hotnewsinworld.com\/hu\/wp-json\/wp\/v2\/types\/post"}],"author":[{"embeddable":true,"href":"https:\/\/hotnewsinworld.com\/hu\/wp-json\/wp\/v2\/users\/2"}],"replies":[{"embeddable":true,"href":"https:\/\/hotnewsinworld.com\/hu\/wp-json\/wp\/v2\/comments?post=1782"}],"version-history":[{"count":1,"href":"https:\/\/hotnewsinworld.com\/hu\/wp-json\/wp\/v2\/posts\/1782\/revisions"}],"predecessor-version":[{"id":1784,"href":"https:\/\/hotnewsinworld.com\/hu\/wp-json\/wp\/v2\/posts\/1782\/revisions\/1784"}],"wp:featuredmedia":[{"embeddable":true,"href":"https:\/\/hotnewsinworld.com\/hu\/wp-json\/wp\/v2\/media\/1783"}],"wp:attachment":[{"href":"https:\/\/hotnewsinworld.com\/hu\/wp-json\/wp\/v2\/media?parent=1782"}],"wp:term":[{"taxonomy":"category","embeddable":true,"href":"https:\/\/hotnewsinworld.com\/hu\/wp-json\/wp\/v2\/categories?post=1782"},{"taxonomy":"post_tag","embeddable":true,"href":"https:\/\/hotnewsinworld.com\/hu\/wp-json\/wp\/v2\/tags?post=1782"}],"curies":[{"name":"wp","href":"https:\/\/api.w.org\/{rel}","templated":true}]}}