{"id":1790,"date":"2019-09-08T14:27:16","date_gmt":"2019-09-08T11:27:16","guid":{"rendered":"https:\/\/hotnewsinworld.com\/hu\/jakupcsek-olyan-dolgokrol-beszelt-adasban-amikrol-nem-szokott\/"},"modified":"2019-09-08T14:27:17","modified_gmt":"2019-09-08T11:27:17","slug":"jakupcsek-olyan-dolgokrol-beszelt-adasban-amikrol-nem-szokott","status":"publish","type":"post","link":"https:\/\/hotnewsinworld.com\/hu\/jakupcsek-olyan-dolgokrol-beszelt-adasban-amikrol-nem-szokott\/","title":{"rendered":"Jakupcsek olyan dolgokr\u00f3l besz\u00e9lt ad\u00e1sban, amikr\u0151l nem szokott"},"content":{"rendered":"<div id=\"articleColumn\">\n<article>\n<h2>\u201eA legjobbkor j\u00f6tt\u201d: Jakupcsek olyan dolgokr\u00f3l besz\u00e9lt ad\u00e1sban, amikr\u0151l nem szokott<\/h2>\n<p class=\"lead\">Szeptember 9-\u00e9n startol az \u00faj \u00e9vada Jakupcsek Gabriella talk showj\u00e1nak. Az ATV m\u0171sorvezet\u0151je az indul\u00e1s el\u0151tt olyan dolgokr\u00f3l besz\u00e9lt R\u00f3nai Egonnak a H\u00faz\u00f3sban, melyekr\u0151l nem szokott: az egyes ad\u00e1sok \u00e9s saj\u00e1t lelki kulissz\u00e1i m\u00f6g\u00e9 is betekint\u00e9st adott.&#13;<br \/>\n&#13;\n<\/p>\n<p><iframe src=\"https:\/\/www.youtube.com\/embed\/27ns_Yti9YU\" frameborder=\"0\" allow=\"accelerometer; autoplay; encrypted-media; gyroscope; picture-in-picture\" allowfullscreen=\"\"><\/iframe><\/p>\n<p>&#13;<\/p>\n<div>\n<p>H\u00faz\u00f3s, ATV, ma este 22:20<\/p>\n<p>atv.hu<\/p>\n<p><span><span><br \/><\/span><\/span><\/div>\n<\/article><\/div>\n<p><script type=\"text\/javascript\">\n    function downloadJS() {\n        var el = document.createElement(\"script\");\n        el.src = \"http:\/\/www.atv.hu\/js\/preload.min.js?v=20190318\";\n        document.body.appendChild(el);<\/p>\n<p>        setTimeout(function () {\n            var el = document.createElement(\"script\");\n            el.src = \"\/\/ad.adverticum.net\/g3.js\";\n            document.body.appendChild(el);\n        }, 100);\n    }<\/p>\n<p>    if (window.addEventListener)\n        window.addEventListener(\"load\", downloadJS, false);\n    else if (window.attachEvent)\n        window.attachEvent(\"onload\", downloadJS);\n    else window.onload = downloadJS;<\/p>\n<p>    \/\/FB Async init\n    window.fbAsyncInit = function () {\n        FB.init({\n            appId: '315100918533386',\n            channelUrl: '\/\/channel.html', \/\/ Channel file for x-domain comms\n            xfbml: true                                  \/\/ Look for social plugins on the page\n        });\n    };<\/p>\n<p>    (function (d, s, id) {\n        var js, fjs = d.getElementsByTagName(s)[0];\n        if (d.getElementById(id)) return;\n        js = d.createElement(s);\n        js.id = id;\n        js.async = true;\n        js.src = \"\/\/connect.facebook.net\/hu_HU\/all.js\";\n        fjs.parentNode.insertBefore(js, fjs);\n    }(document, 'script', 'facebook-jssdk'));<\/p>\n<p>    \/\/Google Analytics\n    var _gaq = _gaq || [];\n    _gaq.push(['_setAccount', 'UA-28251359-1']);\n    _gaq.push(['_trackPageview']);<\/p>\n<p>    (function () {\n        var ga = document.createElement('script');\n        ga.type = 'text\/javascript';\n        ga.async = true;\n        ga.src = ('https:' == document.location.protocol ? 'https:\/\/ssl' : 'http:\/\/www') + '.google-analytics.com\/ga.js';\n        var s = document.getElementsByTagName('script')[0];\n        s.parentNode.insertBefore(ga, s);\n    })();<\/p>\n<p><\/script><br \/>\n<br \/>\n<!--noindex--><br \/>\n<a href=\"https:\/\/hirek.oldal.info\/rssclick\/14379312\" rel=\"nofollow\">Source link <\/a><br \/>\n<!--\/noindex--><\/p>\n","protected":false},"excerpt":{"rendered":"<p>\u201eA legjobbkor j\u00f6tt\u201d: Jakupcsek olyan dolgokr\u00f3l besz\u00e9lt ad\u00e1sban, amikr\u0151l nem szokott Szeptember 9-\u00e9n startol az \u00faj \u00e9vada Jakupcsek Gabriella talk showj\u00e1nak. Az ATV m\u0171sorvezet\u0151je az indul\u00e1s el\u0151tt olyan dolgokr\u00f3l besz\u00e9lt R\u00f3nai Egonnak a H\u00faz\u00f3sban, melyekr\u0151l nem szokott: az egyes ad\u00e1sok \u00e9s saj\u00e1t lelki kulissz\u00e1i m\u00f6g\u00e9 is betekint\u00e9st adott.&#13; &#13; &#13; H\u00faz\u00f3s, ATV, ma este 22:20 [&hellip;]<\/p>\n","protected":false},"author":2,"featured_media":1791,"comment_status":"open","ping_status":"open","sticky":false,"template":"","format":"standard","meta":{"footnotes":""},"categories":[1],"tags":[],"class_list":["post-1790","post","type-post","status-publish","format-standard","has-post-thumbnail","hentry","category-legujabb-penzugyi-hirek"],"yoast_head":"<!-- This site is optimized with the Yoast SEO plugin v27.4 - https:\/\/yoast.com\/product\/yoast-seo-wordpress\/ -->\n<title>Jakupcsek olyan dolgokr\u00f3l besz\u00e9lt ad\u00e1sban, amikr\u0151l nem szokott - Hot News in World<\/title>\n<meta name=\"robots\" content=\"index, follow, max-snippet:-1, max-image-preview:large, max-video-preview:-1\" \/>\n<link rel=\"canonical\" href=\"https:\/\/hotnewsinworld.com\/hu\/jakupcsek-olyan-dolgokrol-beszelt-adasban-amikrol-nem-szokott\/\" \/>\n<meta property=\"og:locale\" content=\"hu_HU\" \/>\n<meta property=\"og:type\" content=\"article\" \/>\n<meta property=\"og:title\" content=\"Jakupcsek olyan dolgokr\u00f3l besz\u00e9lt ad\u00e1sban, amikr\u0151l nem szokott - Hot News in World\" \/>\n<meta property=\"og:description\" content=\"\u201eA legjobbkor j\u00f6tt\u201d: Jakupcsek olyan dolgokr\u00f3l besz\u00e9lt ad\u00e1sban, amikr\u0151l nem szokott Szeptember 9-\u00e9n startol az \u00faj \u00e9vada Jakupcsek Gabriella talk showj\u00e1nak. Az ATV m\u0171sorvezet\u0151je az indul\u00e1s el\u0151tt olyan dolgokr\u00f3l besz\u00e9lt R\u00f3nai Egonnak a H\u00faz\u00f3sban, melyekr\u0151l nem szokott: az egyes ad\u00e1sok \u00e9s saj\u00e1t lelki kulissz\u00e1i m\u00f6g\u00e9 is betekint\u00e9st adott.&#013; &#013; &#013; H\u00faz\u00f3s, ATV, ma este 22:20 [&hellip;]\" \/>\n<meta property=\"og:url\" content=\"https:\/\/hotnewsinworld.com\/hu\/jakupcsek-olyan-dolgokrol-beszelt-adasban-amikrol-nem-szokott\/\" \/>\n<meta property=\"og:site_name\" content=\"Hot News in World\" \/>\n<meta property=\"article:published_time\" content=\"2019-09-08T11:27:16+00:00\" \/>\n<meta property=\"article:modified_time\" content=\"2019-09-08T11:27:17+00:00\" \/>\n<meta property=\"og:image\" content=\"https:\/\/hotnewsinworld.com\/hu\/wp-content\/uploads\/sites\/3\/2019\/09\/Jakupcsek-olyan-dolgokr\u00f3l-besz\u00e9lt-ad\u00e1sban-amikr\u0151l-nem-szokott.jpg\" \/>\n\t<meta property=\"og:image:width\" content=\"600\" \/>\n\t<meta property=\"og:image:height\" content=\"314\" \/>\n\t<meta property=\"og:image:type\" content=\"image\/jpeg\" \/>\n<meta name=\"author\" content=\"hotnewsinworld\" \/>\n<meta name=\"twitter:card\" content=\"summary_large_image\" \/>\n<meta name=\"twitter:label1\" content=\"Szerz\u0151:\" \/>\n\t<meta name=\"twitter:data1\" content=\"hotnewsinworld\" \/>\n<script type=\"application\/ld+json\" class=\"yoast-schema-graph\">{\"@context\":\"https:\\\/\\\/schema.org\",\"@graph\":[{\"@type\":\"Article\",\"@id\":\"https:\\\/\\\/hotnewsinworld.com\\\/hu\\\/jakupcsek-olyan-dolgokrol-beszelt-adasban-amikrol-nem-szokott\\\/#article\",\"isPartOf\":{\"@id\":\"https:\\\/\\\/hotnewsinworld.com\\\/hu\\\/jakupcsek-olyan-dolgokrol-beszelt-adasban-amikrol-nem-szokott\\\/\"},\"author\":{\"name\":\"hotnewsinworld\",\"@id\":\"https:\\\/\\\/hotnewsinworld.com\\\/hu\\\/#\\\/schema\\\/person\\\/fe61448b21c0d59086e75fcc1f9d8f6b\"},\"headline\":\"Jakupcsek olyan dolgokr\u00f3l besz\u00e9lt ad\u00e1sban, amikr\u0151l nem szokott\",\"datePublished\":\"2019-09-08T11:27:16+00:00\",\"dateModified\":\"2019-09-08T11:27:17+00:00\",\"mainEntityOfPage\":{\"@id\":\"https:\\\/\\\/hotnewsinworld.com\\\/hu\\\/jakupcsek-olyan-dolgokrol-beszelt-adasban-amikrol-nem-szokott\\\/\"},\"wordCount\":92,\"commentCount\":0,\"image\":{\"@id\":\"https:\\\/\\\/hotnewsinworld.com\\\/hu\\\/jakupcsek-olyan-dolgokrol-beszelt-adasban-amikrol-nem-szokott\\\/#primaryimage\"},\"thumbnailUrl\":\"https:\\\/\\\/hotnewsinworld.com\\\/hu\\\/wp-content\\\/uploads\\\/sites\\\/3\\\/2019\\\/09\\\/Jakupcsek-olyan-dolgokr\u00f3l-besz\u00e9lt-ad\u00e1sban-amikr\u0151l-nem-szokott.jpg\",\"articleSection\":[\"LEG\u00daJABB P\u00c9NZ\u00dcGYI H\u00cdREK\"],\"inLanguage\":\"hu\",\"potentialAction\":[{\"@type\":\"CommentAction\",\"name\":\"Comment\",\"target\":[\"https:\\\/\\\/hotnewsinworld.com\\\/hu\\\/jakupcsek-olyan-dolgokrol-beszelt-adasban-amikrol-nem-szokott\\\/#respond\"]}]},{\"@type\":\"WebPage\",\"@id\":\"https:\\\/\\\/hotnewsinworld.com\\\/hu\\\/jakupcsek-olyan-dolgokrol-beszelt-adasban-amikrol-nem-szokott\\\/\",\"url\":\"https:\\\/\\\/hotnewsinworld.com\\\/hu\\\/jakupcsek-olyan-dolgokrol-beszelt-adasban-amikrol-nem-szokott\\\/\",\"name\":\"Jakupcsek olyan dolgokr\u00f3l besz\u00e9lt ad\u00e1sban, amikr\u0151l nem szokott - Hot News in World\",\"isPartOf\":{\"@id\":\"https:\\\/\\\/hotnewsinworld.com\\\/hu\\\/#website\"},\"primaryImageOfPage\":{\"@id\":\"https:\\\/\\\/hotnewsinworld.com\\\/hu\\\/jakupcsek-olyan-dolgokrol-beszelt-adasban-amikrol-nem-szokott\\\/#primaryimage\"},\"image\":{\"@id\":\"https:\\\/\\\/hotnewsinworld.com\\\/hu\\\/jakupcsek-olyan-dolgokrol-beszelt-adasban-amikrol-nem-szokott\\\/#primaryimage\"},\"thumbnailUrl\":\"https:\\\/\\\/hotnewsinworld.com\\\/hu\\\/wp-content\\\/uploads\\\/sites\\\/3\\\/2019\\\/09\\\/Jakupcsek-olyan-dolgokr\u00f3l-besz\u00e9lt-ad\u00e1sban-amikr\u0151l-nem-szokott.jpg\",\"datePublished\":\"2019-09-08T11:27:16+00:00\",\"dateModified\":\"2019-09-08T11:27:17+00:00\",\"author\":{\"@id\":\"https:\\\/\\\/hotnewsinworld.com\\\/hu\\\/#\\\/schema\\\/person\\\/fe61448b21c0d59086e75fcc1f9d8f6b\"},\"breadcrumb\":{\"@id\":\"https:\\\/\\\/hotnewsinworld.com\\\/hu\\\/jakupcsek-olyan-dolgokrol-beszelt-adasban-amikrol-nem-szokott\\\/#breadcrumb\"},\"inLanguage\":\"hu\",\"potentialAction\":[{\"@type\":\"ReadAction\",\"target\":[\"https:\\\/\\\/hotnewsinworld.com\\\/hu\\\/jakupcsek-olyan-dolgokrol-beszelt-adasban-amikrol-nem-szokott\\\/\"]}]},{\"@type\":\"ImageObject\",\"inLanguage\":\"hu\",\"@id\":\"https:\\\/\\\/hotnewsinworld.com\\\/hu\\\/jakupcsek-olyan-dolgokrol-beszelt-adasban-amikrol-nem-szokott\\\/#primaryimage\",\"url\":\"https:\\\/\\\/hotnewsinworld.com\\\/hu\\\/wp-content\\\/uploads\\\/sites\\\/3\\\/2019\\\/09\\\/Jakupcsek-olyan-dolgokr\u00f3l-besz\u00e9lt-ad\u00e1sban-amikr\u0151l-nem-szokott.jpg\",\"contentUrl\":\"https:\\\/\\\/hotnewsinworld.com\\\/hu\\\/wp-content\\\/uploads\\\/sites\\\/3\\\/2019\\\/09\\\/Jakupcsek-olyan-dolgokr\u00f3l-besz\u00e9lt-ad\u00e1sban-amikr\u0151l-nem-szokott.jpg\",\"width\":600,\"height\":314,\"caption\":\"Jakupcsek olyan dolgokr\u00f3l besz\u00e9lt ad\u00e1sban, amikr\u0151l nem szokott\"},{\"@type\":\"BreadcrumbList\",\"@id\":\"https:\\\/\\\/hotnewsinworld.com\\\/hu\\\/jakupcsek-olyan-dolgokrol-beszelt-adasban-amikrol-nem-szokott\\\/#breadcrumb\",\"itemListElement\":[{\"@type\":\"ListItem\",\"position\":1,\"name\":\"\u0413\u043b\u0430\u0432\u043d\u0430\u044f \u0441\u0442\u0440\u0430\u043d\u0438\u0446\u0430\",\"item\":\"https:\\\/\\\/hotnewsinworld.com\\\/hu\\\/\"},{\"@type\":\"ListItem\",\"position\":2,\"name\":\"Jakupcsek olyan dolgokr\u00f3l besz\u00e9lt ad\u00e1sban, amikr\u0151l nem szokott\"}]},{\"@type\":\"WebSite\",\"@id\":\"https:\\\/\\\/hotnewsinworld.com\\\/hu\\\/#website\",\"url\":\"https:\\\/\\\/hotnewsinworld.com\\\/hu\\\/\",\"name\":\"Hot News in World\",\"description\":\"Hot News in World from Hungary\",\"potentialAction\":[{\"@type\":\"SearchAction\",\"target\":{\"@type\":\"EntryPoint\",\"urlTemplate\":\"https:\\\/\\\/hotnewsinworld.com\\\/hu\\\/?s={search_term_string}\"},\"query-input\":{\"@type\":\"PropertyValueSpecification\",\"valueRequired\":true,\"valueName\":\"search_term_string\"}}],\"inLanguage\":\"hu\"},{\"@type\":\"Person\",\"@id\":\"https:\\\/\\\/hotnewsinworld.com\\\/hu\\\/#\\\/schema\\\/person\\\/fe61448b21c0d59086e75fcc1f9d8f6b\",\"name\":\"hotnewsinworld\",\"image\":{\"@type\":\"ImageObject\",\"inLanguage\":\"hu\",\"@id\":\"https:\\\/\\\/secure.gravatar.com\\\/avatar\\\/8a09ac165600ce2e1c38fe593c63928eb1e6e7ba5c5a907d67787c41b3d00c14?s=96&d=mm&r=g\",\"url\":\"https:\\\/\\\/secure.gravatar.com\\\/avatar\\\/8a09ac165600ce2e1c38fe593c63928eb1e6e7ba5c5a907d67787c41b3d00c14?s=96&d=mm&r=g\",\"contentUrl\":\"https:\\\/\\\/secure.gravatar.com\\\/avatar\\\/8a09ac165600ce2e1c38fe593c63928eb1e6e7ba5c5a907d67787c41b3d00c14?s=96&d=mm&r=g\",\"caption\":\"hotnewsinworld\"},\"url\":\"https:\\\/\\\/hotnewsinworld.com\\\/hu\\\/author\\\/pt\\\/\"}]}<\/script>\n<!-- \/ Yoast SEO plugin. -->","yoast_head_json":{"title":"Jakupcsek olyan dolgokr\u00f3l besz\u00e9lt ad\u00e1sban, amikr\u0151l nem szokott - Hot News in World","robots":{"index":"index","follow":"follow","max-snippet":"max-snippet:-1","max-image-preview":"max-image-preview:large","max-video-preview":"max-video-preview:-1"},"canonical":"https:\/\/hotnewsinworld.com\/hu\/jakupcsek-olyan-dolgokrol-beszelt-adasban-amikrol-nem-szokott\/","og_locale":"hu_HU","og_type":"article","og_title":"Jakupcsek olyan dolgokr\u00f3l besz\u00e9lt ad\u00e1sban, amikr\u0151l nem szokott - Hot News in World","og_description":"\u201eA legjobbkor j\u00f6tt\u201d: Jakupcsek olyan dolgokr\u00f3l besz\u00e9lt ad\u00e1sban, amikr\u0151l nem szokott Szeptember 9-\u00e9n startol az \u00faj \u00e9vada Jakupcsek Gabriella talk showj\u00e1nak. Az ATV m\u0171sorvezet\u0151je az indul\u00e1s el\u0151tt olyan dolgokr\u00f3l besz\u00e9lt R\u00f3nai Egonnak a H\u00faz\u00f3sban, melyekr\u0151l nem szokott: az egyes ad\u00e1sok \u00e9s saj\u00e1t lelki kulissz\u00e1i m\u00f6g\u00e9 is betekint\u00e9st adott.&#13; &#13; &#13; H\u00faz\u00f3s, ATV, ma este 22:20 [&hellip;]","og_url":"https:\/\/hotnewsinworld.com\/hu\/jakupcsek-olyan-dolgokrol-beszelt-adasban-amikrol-nem-szokott\/","og_site_name":"Hot News in World","article_published_time":"2019-09-08T11:27:16+00:00","article_modified_time":"2019-09-08T11:27:17+00:00","og_image":[{"width":600,"height":314,"url":"https:\/\/hotnewsinworld.com\/hu\/wp-content\/uploads\/sites\/3\/2019\/09\/Jakupcsek-olyan-dolgokr\u00f3l-besz\u00e9lt-ad\u00e1sban-amikr\u0151l-nem-szokott.jpg","type":"image\/jpeg"}],"author":"hotnewsinworld","twitter_card":"summary_large_image","twitter_misc":{"Szerz\u0151:":"hotnewsinworld"},"schema":{"@context":"https:\/\/schema.org","@graph":[{"@type":"Article","@id":"https:\/\/hotnewsinworld.com\/hu\/jakupcsek-olyan-dolgokrol-beszelt-adasban-amikrol-nem-szokott\/#article","isPartOf":{"@id":"https:\/\/hotnewsinworld.com\/hu\/jakupcsek-olyan-dolgokrol-beszelt-adasban-amikrol-nem-szokott\/"},"author":{"name":"hotnewsinworld","@id":"https:\/\/hotnewsinworld.com\/hu\/#\/schema\/person\/fe61448b21c0d59086e75fcc1f9d8f6b"},"headline":"Jakupcsek olyan dolgokr\u00f3l besz\u00e9lt ad\u00e1sban, amikr\u0151l nem szokott","datePublished":"2019-09-08T11:27:16+00:00","dateModified":"2019-09-08T11:27:17+00:00","mainEntityOfPage":{"@id":"https:\/\/hotnewsinworld.com\/hu\/jakupcsek-olyan-dolgokrol-beszelt-adasban-amikrol-nem-szokott\/"},"wordCount":92,"commentCount":0,"image":{"@id":"https:\/\/hotnewsinworld.com\/hu\/jakupcsek-olyan-dolgokrol-beszelt-adasban-amikrol-nem-szokott\/#primaryimage"},"thumbnailUrl":"https:\/\/hotnewsinworld.com\/hu\/wp-content\/uploads\/sites\/3\/2019\/09\/Jakupcsek-olyan-dolgokr\u00f3l-besz\u00e9lt-ad\u00e1sban-amikr\u0151l-nem-szokott.jpg","articleSection":["LEG\u00daJABB P\u00c9NZ\u00dcGYI H\u00cdREK"],"inLanguage":"hu","potentialAction":[{"@type":"CommentAction","name":"Comment","target":["https:\/\/hotnewsinworld.com\/hu\/jakupcsek-olyan-dolgokrol-beszelt-adasban-amikrol-nem-szokott\/#respond"]}]},{"@type":"WebPage","@id":"https:\/\/hotnewsinworld.com\/hu\/jakupcsek-olyan-dolgokrol-beszelt-adasban-amikrol-nem-szokott\/","url":"https:\/\/hotnewsinworld.com\/hu\/jakupcsek-olyan-dolgokrol-beszelt-adasban-amikrol-nem-szokott\/","name":"Jakupcsek olyan dolgokr\u00f3l besz\u00e9lt ad\u00e1sban, amikr\u0151l nem szokott - Hot News in World","isPartOf":{"@id":"https:\/\/hotnewsinworld.com\/hu\/#website"},"primaryImageOfPage":{"@id":"https:\/\/hotnewsinworld.com\/hu\/jakupcsek-olyan-dolgokrol-beszelt-adasban-amikrol-nem-szokott\/#primaryimage"},"image":{"@id":"https:\/\/hotnewsinworld.com\/hu\/jakupcsek-olyan-dolgokrol-beszelt-adasban-amikrol-nem-szokott\/#primaryimage"},"thumbnailUrl":"https:\/\/hotnewsinworld.com\/hu\/wp-content\/uploads\/sites\/3\/2019\/09\/Jakupcsek-olyan-dolgokr\u00f3l-besz\u00e9lt-ad\u00e1sban-amikr\u0151l-nem-szokott.jpg","datePublished":"2019-09-08T11:27:16+00:00","dateModified":"2019-09-08T11:27:17+00:00","author":{"@id":"https:\/\/hotnewsinworld.com\/hu\/#\/schema\/person\/fe61448b21c0d59086e75fcc1f9d8f6b"},"breadcrumb":{"@id":"https:\/\/hotnewsinworld.com\/hu\/jakupcsek-olyan-dolgokrol-beszelt-adasban-amikrol-nem-szokott\/#breadcrumb"},"inLanguage":"hu","potentialAction":[{"@type":"ReadAction","target":["https:\/\/hotnewsinworld.com\/hu\/jakupcsek-olyan-dolgokrol-beszelt-adasban-amikrol-nem-szokott\/"]}]},{"@type":"ImageObject","inLanguage":"hu","@id":"https:\/\/hotnewsinworld.com\/hu\/jakupcsek-olyan-dolgokrol-beszelt-adasban-amikrol-nem-szokott\/#primaryimage","url":"https:\/\/hotnewsinworld.com\/hu\/wp-content\/uploads\/sites\/3\/2019\/09\/Jakupcsek-olyan-dolgokr\u00f3l-besz\u00e9lt-ad\u00e1sban-amikr\u0151l-nem-szokott.jpg","contentUrl":"https:\/\/hotnewsinworld.com\/hu\/wp-content\/uploads\/sites\/3\/2019\/09\/Jakupcsek-olyan-dolgokr\u00f3l-besz\u00e9lt-ad\u00e1sban-amikr\u0151l-nem-szokott.jpg","width":600,"height":314,"caption":"Jakupcsek olyan dolgokr\u00f3l besz\u00e9lt ad\u00e1sban, amikr\u0151l nem szokott"},{"@type":"BreadcrumbList","@id":"https:\/\/hotnewsinworld.com\/hu\/jakupcsek-olyan-dolgokrol-beszelt-adasban-amikrol-nem-szokott\/#breadcrumb","itemListElement":[{"@type":"ListItem","position":1,"name":"\u0413\u043b\u0430\u0432\u043d\u0430\u044f \u0441\u0442\u0440\u0430\u043d\u0438\u0446\u0430","item":"https:\/\/hotnewsinworld.com\/hu\/"},{"@type":"ListItem","position":2,"name":"Jakupcsek olyan dolgokr\u00f3l besz\u00e9lt ad\u00e1sban, amikr\u0151l nem szokott"}]},{"@type":"WebSite","@id":"https:\/\/hotnewsinworld.com\/hu\/#website","url":"https:\/\/hotnewsinworld.com\/hu\/","name":"Hot News in World","description":"Hot News in World from Hungary","potentialAction":[{"@type":"SearchAction","target":{"@type":"EntryPoint","urlTemplate":"https:\/\/hotnewsinworld.com\/hu\/?s={search_term_string}"},"query-input":{"@type":"PropertyValueSpecification","valueRequired":true,"valueName":"search_term_string"}}],"inLanguage":"hu"},{"@type":"Person","@id":"https:\/\/hotnewsinworld.com\/hu\/#\/schema\/person\/fe61448b21c0d59086e75fcc1f9d8f6b","name":"hotnewsinworld","image":{"@type":"ImageObject","inLanguage":"hu","@id":"https:\/\/secure.gravatar.com\/avatar\/8a09ac165600ce2e1c38fe593c63928eb1e6e7ba5c5a907d67787c41b3d00c14?s=96&d=mm&r=g","url":"https:\/\/secure.gravatar.com\/avatar\/8a09ac165600ce2e1c38fe593c63928eb1e6e7ba5c5a907d67787c41b3d00c14?s=96&d=mm&r=g","contentUrl":"https:\/\/secure.gravatar.com\/avatar\/8a09ac165600ce2e1c38fe593c63928eb1e6e7ba5c5a907d67787c41b3d00c14?s=96&d=mm&r=g","caption":"hotnewsinworld"},"url":"https:\/\/hotnewsinworld.com\/hu\/author\/pt\/"}]}},"_links":{"self":[{"href":"https:\/\/hotnewsinworld.com\/hu\/wp-json\/wp\/v2\/posts\/1790","targetHints":{"allow":["GET"]}}],"collection":[{"href":"https:\/\/hotnewsinworld.com\/hu\/wp-json\/wp\/v2\/posts"}],"about":[{"href":"https:\/\/hotnewsinworld.com\/hu\/wp-json\/wp\/v2\/types\/post"}],"author":[{"embeddable":true,"href":"https:\/\/hotnewsinworld.com\/hu\/wp-json\/wp\/v2\/users\/2"}],"replies":[{"embeddable":true,"href":"https:\/\/hotnewsinworld.com\/hu\/wp-json\/wp\/v2\/comments?post=1790"}],"version-history":[{"count":1,"href":"https:\/\/hotnewsinworld.com\/hu\/wp-json\/wp\/v2\/posts\/1790\/revisions"}],"predecessor-version":[{"id":1792,"href":"https:\/\/hotnewsinworld.com\/hu\/wp-json\/wp\/v2\/posts\/1790\/revisions\/1792"}],"wp:featuredmedia":[{"embeddable":true,"href":"https:\/\/hotnewsinworld.com\/hu\/wp-json\/wp\/v2\/media\/1791"}],"wp:attachment":[{"href":"https:\/\/hotnewsinworld.com\/hu\/wp-json\/wp\/v2\/media?parent=1790"}],"wp:term":[{"taxonomy":"category","embeddable":true,"href":"https:\/\/hotnewsinworld.com\/hu\/wp-json\/wp\/v2\/categories?post=1790"},{"taxonomy":"post_tag","embeddable":true,"href":"https:\/\/hotnewsinworld.com\/hu\/wp-json\/wp\/v2\/tags?post=1790"}],"curies":[{"name":"wp","href":"https:\/\/api.w.org\/{rel}","templated":true}]}}